{"id":28850,"date":"2025-04-02T07:19:31","date_gmt":"2025-04-02T06:19:31","guid":{"rendered":"https:\/\/xqthenews.com\/?p=28850"},"modified":"2025-04-02T07:19:32","modified_gmt":"2025-04-02T06:19:32","slug":"criancas-as-mais-afetadas-pelo-encerramento-da-usaid","status":"publish","type":"post","link":"https:\/\/xqthenews.com\/pt-pt\/criancas-as-mais-afetadas-pelo-encerramento-da-usaid\/","title":{"rendered":"Crian\u00e7as, as mais afetadas pelo encerramento da USAID"},"content":{"rendered":"<p><strong>O encerramento da coopera&ccedil;&atilde;o norte-americana, anunciada pelo presidente dos EUA, Donald Trump, deixa em suspenso a situa&ccedil;&atilde;o de milh&otilde;es de meninas e meninos.<\/strong><\/p>\n\n\n\n<p>De acordo com a organiza&ccedil;&atilde;o Save the Children, uma em cada onze crian&ccedil;as no mundo necessita de assist&ecirc;ncia humanit&aacute;ria vital. Entretanto, os cortes e bloqueios &agrave; ajuda internacional est&atilde;o a aumentar, incluindo o encerramento iminente de programas financiados pela Ag&ecirc;ncia dos Estados Unidos para o Desenvolvimento Internacional (<a class=\"glossaryLink\"  aria-describedby=\"tt\"  data-cmtooltip=\"&lt;div class=glossaryItemTitle&gt;USAID&lt;\/div&gt;&lt;div class=glossaryItemBody&gt;&amp;lt;!-- wp:paragraph {&amp;quot;translatedWithWPMLTM&amp;quot;:&amp;quot;1&amp;quot;} --&amp;gt;L&amp;#039;Agenzia degli Stati Uniti per lo Sviluppo Internazionale &egrave; un&amp;#039;agenzia governativa che fornisce assistenza economica, tecnica e umanitaria per promuovere lo sviluppo globale e l&rsquo;aiuto in situazioni di emergenza.&amp;lt;br\/&amp;gt;&amp;lt;!-- \/wp:paragraph --&amp;gt;&lt;\/div&gt;\"  href=\"https:\/\/xqthenews.com\/pt-pt\/glossary\/usaid\/\"  data-gt-translate-attributes='[{\"attribute\":\"data-cmtooltip\", \"format\":\"html\"}]' tabindex='0' role='link'>USAID<\/a>). Esta situa&ccedil;&atilde;o est&aacute; a p&ocirc;r em risco a vida de milh&otilde;es de crian&ccedil;as em todo o mundo que dependem desta ajuda para fazer face &agrave;s condi&ccedil;&otilde;es prec&aacute;rias em que vivem, seja devido a <a class=\"glossaryLink\"  aria-describedby=\"tt\"  data-cmtooltip=\"&lt;div class=glossaryItemTitle&gt;Guerra&lt;\/div&gt;&lt;div class=glossaryItemBody&gt;Hostilidade, conflito armado entre duas ou mais na&ccedil;&otilde;es livres ou entre fac&ccedil;&otilde;es de um mesmo Estado. Traz a morte e a destrui&ccedil;&atilde;o de recursos e bens e tem por objectivo impor a vontade dos vencedores aos vencidos.&amp;lt;br&amp;gt;Com as guerras, muitos pa&iacute;ses ficaram arruinados e endividados.  &lt;\/div&gt;&lt;div id=&amp;quot;cmtt_related_articles&amp;quot; class=&amp;quot;cmtt_related_articles_wrapper&amp;quot;&gt;&lt;div class=&amp;quot;cmtt_related_title cmtt_related_articles_title&amp;quot;&gt;Related Articles: &lt;\/div&gt;&lt;ul class=&amp;quot;cmtt_related&amp;quot;&gt;&lt;li class=&amp;quot;cmtt_related_item&amp;quot;&gt;&lt;a href=&amp;quot;https:\/\/xqthenews.com\/pt-pt\/plastico-inunda-os-mares-cronica-de-um-novo-ecocidio-na-costa-galega\/&amp;quot;target=&amp;quot;_blank&amp;quot;&gt;Pl&aacute;stico inunda os mares: cr&oacute;nica de um novo ecoc&iacute;dio na costa galega&lt;\/a&gt;&lt;\/li&gt;&lt;li class=&amp;quot;cmtt_related_item&amp;quot;&gt;&lt;a href=&amp;quot;https:\/\/xqthenews.com\/pt-pt\/repowereu-e-a-independencia-energetica-europeia\/&amp;quot;target=&amp;quot;_blank&amp;quot;&gt;RePowerEu e a independ&ecirc;ncia energ&eacute;tica europeia&lt;\/a&gt;&lt;\/li&gt;&lt;li class=&amp;quot;cmtt_related_item&amp;quot;&gt;&lt;a href=&amp;quot;https:\/\/xqthenews.com\/pt-pt\/equidade-de-genero-e-o-impulso-para-a-acao-climatica\/&amp;quot;target=&amp;quot;_blank&amp;quot;&gt;Equidade de G&eacute;nero e o Impulso para a A&ccedil;&atilde;o Clim&aacute;tica&lt;\/a&gt;&lt;\/li&gt;&lt;li class=&amp;quot;cmtt_related_item&amp;quot;&gt;&lt;a href=&amp;quot;https:\/\/xqthenews.com\/pt-pt\/zelenski-a-dignidade-da-ucrania-face-a-putin-e-trump\/&amp;quot;target=&amp;quot;_blank&amp;quot;&gt;Zelenski: A dignidade da Ucr&acirc;nia face a Putin e Trump&lt;\/a&gt;&lt;\/li&gt;&lt;li class=&amp;quot;cmtt_related_item&amp;quot;&gt;&lt;a href=&amp;quot;https:\/\/xqthenews.com\/pt-pt\/as-distopias-tornam-se-realidade-o-mundo-atual-atraves-do-prisma-da-ficcao\/&amp;quot;target=&amp;quot;_blank&amp;quot;&gt;As distopias tornam-se realidade: o mundo atual atrav&eacute;s do prisma da fic&ccedil;&atilde;o&lt;\/a&gt;&lt;\/li&gt;&lt;\/ul&gt;&lt;\/div&gt;\"  href=\"https:\/\/xqthenews.com\/pt-pt\/glossary\/guerra\/\"  data-gt-translate-attributes='[{\"attribute\":\"data-cmtooltip\", \"format\":\"html\"}]' tabindex='0' role='link'>guerra<\/a>, fome, pobreza, <a class=\"glossaryLink\" aria-describedby=\"tt\" data-cmtooltip=\"&lt;div class=glossaryItemTitle&gt;Altera&ccedil;&otilde;es clim&aacute;ticas&lt;\/div&gt;&lt;div class=glossaryItemBody&gt;&amp;lt;!-- wp:paragraph {&amp;quot;translatedWithWPMLTM&amp;quot;:&amp;quot;1&amp;quot;} --&amp;gt;Causadas pelo aquecimento global, as altera&ccedil;&otilde;es clim&aacute;ticas referem-se &agrave;s varia&ccedil;&otilde;es dos padr&otilde;es meteorol&oacute;gicos de longo prazo na Terra, como a temperatura, os n&iacute;veis do mar e a precipita&ccedil;&atilde;o. &amp;lt;br\/&amp;gt;&amp;lt;!-- \/wp:paragraph --&amp;gt;&amp;lt;!-- wp:paragraph {&amp;quot;translatedWithWPMLTM&amp;quot;:&amp;quot;1&amp;quot;} --&amp;gt;A principal causa das altera&ccedil;&otilde;es clim&aacute;ticas &eacute; a combust&atilde;o de combust&iacute;veis f&oacute;sseis como o petr&oacute;leo, o carv&atilde;o e o g&aacute;s natural, que emitem gases com efeito de estufa para a atmosfera. Outras atividades humanas, como a agricultura e a desfloresta&ccedil;&atilde;o, tamb&eacute;m contribuem para a sua prolifera&ccedil;&atilde;o. O problema &eacute; que estes gases captam o calor na atmosfera: &eacute; o chamado efeito de estufa.&amp;lt;br\/&amp;gt;&amp;lt;!-- \/wp:paragraph --&amp;gt;&amp;lt;!-- wp:paragraph {&amp;quot;translatedWithWPMLTM&amp;quot;:&amp;quot;1&amp;quot;} --&amp;gt;(Fonte: European Youth Portal)&amp;lt;br\/&amp;gt;&amp;lt;!-- \/wp:paragraph --&amp;gt;&lt;\/div&gt;&lt;div id=&amp;quot;cmtt_related_articles&amp;quot; class=&amp;quot;cmtt_related_articles_wrapper&amp;quot;&gt;&lt;div class=&amp;quot;cmtt_related_title cmtt_related_articles_title&amp;quot;&gt;Related Articles: &lt;\/div&gt;&lt;ul class=&amp;quot;cmtt_related&amp;quot;&gt;&lt;li class=&amp;quot;cmtt_related_item&amp;quot;&gt;&lt;a href=&amp;quot;https:\/\/xqthenews.com\/pt-pt\/movimentos-de-jovens-na-europa-pelas-respostas-a-crise-climatica\/&amp;quot;target=&amp;quot;_blank&amp;quot;&gt;Movimentos de jovens na Europa pelas respostas &agrave; crise clim&aacute;tica&lt;\/a&gt;&lt;\/li&gt;&lt;li class=&amp;quot;cmtt_related_item&amp;quot;&gt;&lt;a href=&amp;quot;https:\/\/xqthenews.com\/pt-pt\/a-tua-lancheira-de-plastico-esta-a-poluir-o-planeta-e-o-seu-sistema-endocrino\/&amp;quot;target=&amp;quot;_blank&amp;quot;&gt;A tua lancheira de pl&aacute;stico est&aacute; a poluir o planeta e o seu sistema end&oacute;crino.&lt;\/a&gt;&lt;\/li&gt;&lt;li class=&amp;quot;cmtt_related_item&amp;quot;&gt;&lt;a href=&amp;quot;https:\/\/xqthenews.com\/pt-pt\/economia-circular-materia-organica-en-el-pasado-el-presente-y-el-futuro\/&amp;quot;target=&amp;quot;_blank&amp;quot;&gt;A mat&eacute;ria org&acirc;nica no passado, presente e futuro&lt;\/a&gt;&lt;\/li&gt;&lt;li class=&amp;quot;cmtt_related_item&amp;quot;&gt;&lt;a href=&amp;quot;https:\/\/xqthenews.com\/pt-pt\/cimeira-mundial-do-clima-cop-28-no-dubai\/&amp;quot;target=&amp;quot;_blank&amp;quot;&gt;Cimeira Mundial do Clima COP 28 no Dubai&lt;\/a&gt;&lt;\/li&gt;&lt;li class=&amp;quot;cmtt_related_item&amp;quot;&gt;&lt;a href=&amp;quot;https:\/\/xqthenews.com\/pt-pt\/emergencia-climatica-e-os-desafios-para-a-saude\/&amp;quot;target=&amp;quot;_blank&amp;quot;&gt;Emerg&ecirc;ncia clim&aacute;tica e os desafios para a sa&uacute;de&lt;\/a&gt;&lt;\/li&gt;&lt;\/ul&gt;&lt;\/div&gt;\" href=\"https:\/\/xqthenews.com\/pt-pt\/glossary\/alteracoes-climaticas\/\" data-gt-translate-attributes='[{\"attribute\":\"data-cmtooltip\", \"format\":\"html\"}]' tabindex=\"0\" role=\"link\">altera&ccedil;&otilde;es clim&aacute;ticas<\/a>, doen&ccedil;as, entre outras.<\/p>\n\n\n\n<p>A redu&ccedil;&atilde;o dr&aacute;stica do financiamento obrigou muitas organiza&ccedil;&otilde;es humanit&aacute;rias a suspender programas essenciais de alimenta&ccedil;&atilde;o, sa&uacute;de e educa&ccedil;&atilde;o, deixando as crian&ccedil;as extremamente vulner&aacute;veis.<\/p>\n\n\n\n<p>Segundo dados recentes, quase duas centenas de programas de organiza&ccedil;&otilde;es como a Save the Children foram afetados, tendo de ser cancelados total ou parcialmente. E n&atilde;o se trata apenas da redu&ccedil;&atilde;o de apoios; as novas pol&iacute;ticas impedem o acesso aos fornecimentos m&eacute;dicos, alimentos e materiais educativos j&aacute; existentes, que est&atilde;o retidos nas fronteiras e nos armaz&eacute;ns h&aacute; semanas.<\/p>\n\n\n\n<p>Mais de 40 pa&iacute;ses em &Aacute;frica, na &Aacute;sia, na Am&eacute;rica Latina, na Europa e no M&eacute;dio Oriente foram afetados, com mais de 17 milh&otilde;es de artigos de ajuda retidos nos armaz&eacute;ns, nos cami&otilde;es e nos fornecedores. S&atilde;o mais de 14,5 milh&otilde;es de d&oacute;lares de ajuda que n&atilde;o podem ser entregues. Mais de 2 milh&otilde;es de quilos de alimentos para crian&ccedil;as e fam&iacute;lias est&atilde;o a ser retidos, incluindo em zonas onde foram declaradas condi&ccedil;&otilde;es de <a class=\"glossaryLink\" aria-describedby=\"tt\" data-cmtooltip=\"&lt;div class=glossaryItemTitle&gt;Escassez alimentar&lt;\/div&gt;&lt;div class=glossaryItemBody&gt;&amp;lt;!-- wp:paragraph {&amp;quot;translatedWithWPMLTM&amp;quot;:&amp;quot;1&amp;quot;} --&amp;gt;Grave car&ecirc;ncia de alimentos que provoca fome e sofrimento em massa, muitas vezes devida a cat&aacute;strofes naturais, conflitos ou problemas econ&oacute;micos, afetando grandes popula&ccedil;&otilde;es.&amp;lt;br\/&amp;gt;&amp;lt;!-- \/wp:paragraph --&amp;gt;&amp;lt;!-- wp:paragraph --&amp;gt;&amp;lt;br\/&amp;gt;&amp;lt;!-- \/wp:paragraph --&amp;gt;&lt;\/div&gt;\" href=\"https:\/\/xqthenews.com\/pt-pt\/glossary\/escassez-alimentar\/\" data-gt-translate-attributes='[{\"attribute\":\"data-cmtooltip\", \"format\":\"html\"}]' tabindex=\"0\" role=\"link\">escassez alimentar<\/a>.<\/p>\n\n\n\n<p>O mesmo acontece com mais de 300 000 kits e material de higiene, &aacute;gua e saneamento, o que afeta os campos de <a class=\"glossaryLink\" aria-describedby=\"tt\" data-cmtooltip=\"&lt;div class=glossaryItemTitle&gt;Refugiados&lt;\/div&gt;&lt;div class=glossaryItemBody&gt;&amp;lt;!-- wp:paragraph {&amp;quot;translatedWithWPMLTM&amp;quot;:&amp;quot;1&amp;quot;} --&amp;gt;Os refugiados s&atilde;o pessoas que fogem de conflitos ou persegui&ccedil;&otilde;es e procuram prote&ccedil;&atilde;o noutro pa&iacute;s por receio de persegui&ccedil;&atilde;o, guerra ou viol&ecirc;ncia.&amp;lt;br\/&amp;gt;&amp;lt;!-- \/wp:paragraph --&amp;gt;&lt;\/div&gt;&lt;div id=&amp;quot;cmtt_related_articles&amp;quot; class=&amp;quot;cmtt_related_articles_wrapper&amp;quot;&gt;&lt;div class=&amp;quot;cmtt_related_title cmtt_related_articles_title&amp;quot;&gt;Related Articles: &lt;\/div&gt;&lt;ul class=&amp;quot;cmtt_related&amp;quot;&gt;&lt;li class=&amp;quot;cmtt_related_item&amp;quot;&gt;&lt;a href=&amp;quot;https:\/\/xqthenews.com\/pt-pt\/emigrar-para-fora-da-clandestinidade\/&amp;quot;target=&amp;quot;_blank&amp;quot;&gt;Emigrar para fora da clandestinidade&lt;\/a&gt;&lt;\/li&gt;&lt;li class=&amp;quot;cmtt_related_item&amp;quot;&gt;&lt;a href=&amp;quot;https:\/\/xqthenews.com\/pt-pt\/dizem-nos-voltem-para-o-vosso-pais-mas-nos-queremos-trabalhar-a-historia-de-tres-rapazes-que-vivem-numa-carrinha\/&amp;quot;target=&amp;quot;_blank&amp;quot;&gt;&amp;#8220;Dizem-nos &amp;#8216;voltem para o vosso pa&iacute;s&amp;#8217;, mas n&oacute;s queremos trabalhar&amp;#8221;: a hist&oacute;ria de tr&ecirc;s rapazes que vivem numa carrinha.&lt;\/a&gt;&lt;\/li&gt;&lt;\/ul&gt;&lt;\/div&gt;\" href=\"https:\/\/xqthenews.com\/pt-pt\/glossary\/refugiados\/\" data-gt-translate-attributes='[{\"attribute\":\"data-cmtooltip\", \"format\":\"html\"}]' tabindex=\"0\" role=\"link\">refugiados<\/a> com surtos perigosos de doen&ccedil;as como a c&oacute;lera. Mais de 150 000 kits de material escolar, tais como manuais, n&atilde;o est&atilde;o a ser entregues e os centros de recreio tiveram de fechar, perturbando a aprendizagem das crian&ccedil;as e negando-lhes um espa&ccedil;o de vida seguro. N&atilde;o foi poss&iacute;vel entregar treze milh&otilde;es de kits de emerg&ecirc;ncia m&eacute;dica para rec&eacute;m-nascidos e suas m&atilde;es, colocando-os em risco de infe&ccedil;&atilde;o, dor e desnutri&ccedil;&atilde;o.<\/p>\n\n\n\n<h2 class=\"wp-block-heading\"><strong>Agravamento da crise humanit&aacute;ria<\/strong><\/h2>\n\n\n\n<p>O impacto da retirada dos fundos da <a class=\"glossaryLink\"  aria-describedby=\"tt\"  data-cmtooltip=\"&lt;div class=glossaryItemTitle&gt;USAID&lt;\/div&gt;&lt;div class=glossaryItemBody&gt;&amp;lt;!-- wp:paragraph {&amp;quot;translatedWithWPMLTM&amp;quot;:&amp;quot;1&amp;quot;} --&amp;gt;L&amp;#039;Agenzia degli Stati Uniti per lo Sviluppo Internazionale &egrave; un&amp;#039;agenzia governativa che fornisce assistenza economica, tecnica e umanitaria per promuovere lo sviluppo globale e l&rsquo;aiuto in situazioni di emergenza.&amp;lt;br\/&amp;gt;&amp;lt;!-- \/wp:paragraph --&amp;gt;&lt;\/div&gt;\"  href=\"https:\/\/xqthenews.com\/pt-pt\/glossary\/usaid\/\"  data-gt-translate-attributes='[{\"attribute\":\"data-cmtooltip\", \"format\":\"html\"}]' tabindex='0' role='link'>USAID<\/a> &eacute; particularmente alarmante em pa&iacute;ses que dependem fortemente da coopera&ccedil;&atilde;o internacional para garantir a seguran&ccedil;a alimentar e o acesso &agrave; sa&uacute;de. A escassez de recursos est&aacute; a resultar no encerramento de centros de sa&uacute;de e nutri&ccedil;&atilde;o que serviam milhares de crian&ccedil;as com desnutri&ccedil;&atilde;o aguda.<\/p>\n\n\n\n<p>A situa&ccedil;&atilde;o em Gaza &eacute; particularmente preocupante. Mais de 1,1 milh&otilde;es de crian&ccedil;as enfrentam uma inseguran&ccedil;a alimentar extrema. A falta de financiamento impediu a presta&ccedil;&atilde;o de cuidados essenciais, o que resultou no encerramento de centros de cuidados materno-infantis e na interrup&ccedil;&atilde;o de programas de alimenta&ccedil;&atilde;o para crian&ccedil;as em risco de morrer &agrave; fome.<\/p>\n\n\n\n<p>Na Som&aacute;lia, outro pa&iacute;s diretamente afetado por estes cortes, cerca de 4,4 milh&otilde;es de pessoas enfrentam uma grave crise alimentar. A organiza&ccedil;&atilde;o Save the Children foi obrigada a encerrar mais de 120 centros de sa&uacute;de e nutri&ccedil;&atilde;o, deixando mais de 250.000 pessoas, na sua maioria crian&ccedil;as, sem cuidados.<\/p>\n\n\n\n<p>Na mesma linha, no Afeganist&atilde;o, as cl&iacute;nicas m&eacute;dicas apoiadas por ONG internacionais t&ecirc;m sido a &uacute;nica fonte de cuidados de sa&uacute;de para comunidades inteiras. No entanto, a falta de financiamento levou ao encerramento de numerosos centros, com o risco de muitos outros deixarem de funcionar nas pr&oacute;ximas semanas.<\/p>\n\n\n\n<h2 class=\"wp-block-heading\"><strong>A posi&ccedil;&atilde;o das organiza&ccedil;&otilde;es<\/strong><\/h2>\n\n\n\n<p>Perante este cen&aacute;rio sombrio, flutuante e incerto, v&aacute;rias ONG optaram por n&atilde;o emitir declara&ccedil;&otilde;es sobre a quest&atilde;o. Est&atilde;o a concentrar os seus esfor&ccedil;os na continua&ccedil;&atilde;o do seu trabalho para enfrentar e, de alguma forma, resolver os problemas humanit&aacute;rios que mais afligem as comunidades internacionais em risco.<\/p>\n\n\n\n<p>Uma dessas organiza&ccedil;&otilde;es &eacute; a Unicef que, sem fornecer informa&ccedil;&otilde;es sobre o n&uacute;mero de crian&ccedil;as e adolescentes que serve afetados pelo corte da <a class=\"glossaryLink\"  aria-describedby=\"tt\"  data-cmtooltip=\"&lt;div class=glossaryItemTitle&gt;USAID&lt;\/div&gt;&lt;div class=glossaryItemBody&gt;&amp;lt;!-- wp:paragraph {&amp;quot;translatedWithWPMLTM&amp;quot;:&amp;quot;1&amp;quot;} --&amp;gt;L&amp;#039;Agenzia degli Stati Uniti per lo Sviluppo Internazionale &egrave; un&amp;#039;agenzia governativa che fornisce assistenza economica, tecnica e umanitaria per promuovere lo sviluppo globale e l&rsquo;aiuto in situazioni di emergenza.&amp;lt;br\/&amp;gt;&amp;lt;!-- \/wp:paragraph --&amp;gt;&lt;\/div&gt;\"  href=\"https:\/\/xqthenews.com\/pt-pt\/glossary\/usaid\/\"  data-gt-translate-attributes='[{\"attribute\":\"data-cmtooltip\", \"format\":\"html\"}]' tabindex='0' role='link'>USAID<\/a>, alertou, h&aacute; alguns dias, que &ldquo;os cortes de financiamento anunciados e planeados limitar&atilde;o a capacidade da UNICEF de chegar a milh&otilde;es de crian&ccedil;as em extrema necessidade&rdquo;.<\/p>\n\n\n\n<p>No entanto, a mensagem das ag&ecirc;ncias que se pronunciaram &eacute; clara: os cortes na <a class=\"glossaryLink\" aria-describedby=\"tt\" data-cmtooltip=\"&lt;div class=glossaryItemTitle&gt;Ajuda humanit&aacute;ria&lt;\/div&gt;&lt;div class=glossaryItemBody&gt;&amp;lt;!-- wp:paragraph {&amp;quot;translatedWithWPMLTM&amp;quot;:&amp;quot;1&amp;quot;} --&amp;gt;Ajuda humanit&aacute;ria&amp;quot; &eacute; a assist&ecirc;ncia prestada a pessoas afectadas por crises ou cat&aacute;strofes, com o objetivo de aliviar o seu sofrimento e melhorar as condi&ccedil;&otilde;es de vida.&amp;lt;br\/&amp;gt;&amp;lt;!-- \/wp:paragraph --&amp;gt;&lt;\/div&gt;\" href=\"https:\/\/xqthenews.com\/pt-pt\/glossary\/ajuda-humanitaria\/\" data-gt-translate-attributes='[{\"attribute\":\"data-cmtooltip\", \"format\":\"html\"}]' tabindex=\"0\" role=\"link\">ajuda humanit&aacute;ria<\/a> internacional est&atilde;o a ter consequ&ecirc;ncias devastadoras, especialmente para as crian&ccedil;as, e devem ser urgentemente reconsiderados.<\/p>\n\n\n\n<h2 class=\"wp-block-heading\"><strong>Apelo &agrave; a&ccedil;&atilde;o<\/strong><\/h2>\n\n\n\n<p>A Save the Children apelou aos l&iacute;deres mundiais para que d&ecirc;em prioridade ao financiamento humanit&aacute;rio e protejam as crian&ccedil;as mais vulner&aacute;veis. A organiza&ccedil;&atilde;o apela tamb&eacute;m &agrave; sociedade civil para que continue a fazer doa&ccedil;&otilde;es e a apoiar o direito das crian&ccedil;as &agrave; sobreviv&ecirc;ncia, &agrave; prote&ccedil;&atilde;o, ao desenvolvimento e &agrave; participa&ccedil;&atilde;o. Para a organiza&ccedil;&atilde;o, investir nas crian&ccedil;as de hoje &eacute; a chave para garantir um futuro mais est&aacute;vel e seguro para as gera&ccedil;&otilde;es vindouras.<\/p>\n\n\n\n<p>Do mesmo modo, a UNICEF, numa declara&ccedil;&atilde;o emitida em nome de Catherine Russell, a sua diretora executiva, &ldquo;implora a todos os doadores que continuem a financiar programas de ajuda essenciais para as crian&ccedil;as do mundo&rdquo;.<\/p>\n\n\n\n<p>Acabar com a pobreza, fome zero, sa&uacute;de e bem-estar, &aacute;gua pot&aacute;vel e saneamento, cidades e comunidades sustent&aacute;veis s&atilde;o alguns dos 17 objetivos de desenvolvimento sustent&aacute;vel da Agenda 2030, assinados no Pacto Global da <a class=\"glossaryLink\"  aria-describedby=\"tt\"  data-cmtooltip=\"&lt;div class=glossaryItemTitle&gt;ONU&lt;\/div&gt;&lt;div class=glossaryItemBody&gt;&amp;lt;!-- wp:paragraph {&amp;quot;translatedWithWPMLTM&amp;quot;:&amp;quot;1&amp;quot;} --&amp;gt;A ONU (Organiza&ccedil;&atilde;o das Na&ccedil;&otilde;es Unidas) &eacute; uma entidade internacional fundada em 1945 para promover a coopera&ccedil;&atilde;o e a paz a n&iacute;vel mundial, composta por 193 Estados Membros.&amp;lt;br\/&amp;gt;&amp;lt;!-- \/wp:paragraph --&amp;gt;&lt;\/div&gt;&lt;div id=&amp;quot;cmtt_related_articles&amp;quot; class=&amp;quot;cmtt_related_articles_wrapper&amp;quot;&gt;&lt;div class=&amp;quot;cmtt_related_title cmtt_related_articles_title&amp;quot;&gt;Related Articles: &lt;\/div&gt;&lt;ul class=&amp;quot;cmtt_related&amp;quot;&gt;&lt;li class=&amp;quot;cmtt_related_item&amp;quot;&gt;&lt;a href=&amp;quot;https:\/\/xqthenews.com\/pt-pt\/cimeira-mundial-do-clima-cop-28-no-dubai\/&amp;quot;target=&amp;quot;_blank&amp;quot;&gt;Cimeira Mundial do Clima COP 28 no Dubai&lt;\/a&gt;&lt;\/li&gt;&lt;li class=&amp;quot;cmtt_related_item&amp;quot;&gt;&lt;a href=&amp;quot;https:\/\/xqthenews.com\/pt-pt\/emigrar-para-fora-da-clandestinidade\/&amp;quot;target=&amp;quot;_blank&amp;quot;&gt;Emigrar para fora da clandestinidade&lt;\/a&gt;&lt;\/li&gt;&lt;li class=&amp;quot;cmtt_related_item&amp;quot;&gt;&lt;a href=&amp;quot;https:\/\/xqthenews.com\/pt-pt\/el-parlamento-electo-acabara-de-determinar-la-trayectoria-de-la-europa-del-2030\/&amp;quot;target=&amp;quot;_blank&amp;quot;&gt;O Parlamento eleito finalizar&aacute; a trajet&oacute;ria da Europa de 2030&lt;\/a&gt;&lt;\/li&gt;&lt;li class=&amp;quot;cmtt_related_item&amp;quot;&gt;&lt;a href=&amp;quot;https:\/\/xqthenews.com\/pt-pt\/mobilidade-suave-e-inclusiva-para-cidades-verdadeiramente-amigas-do-ambiente\/&amp;quot;target=&amp;quot;_blank&amp;quot;&gt;Mobilidade suave e inclusiva para cidades verdadeiramente amigas do ambiente&lt;\/a&gt;&lt;\/li&gt;&lt;\/ul&gt;&lt;\/div&gt;\"  href=\"https:\/\/xqthenews.com\/pt-pt\/glossary\/onu\/\"  data-gt-translate-attributes='[{\"attribute\":\"data-cmtooltip\", \"format\":\"html\"}]' tabindex='0' role='link'>ONU<\/a>, que est&atilde;o a ser gravemente violados com o corte na <a class=\"glossaryLink\" aria-describedby=\"tt\" data-cmtooltip=\"&lt;div class=glossaryItemTitle&gt;Ajuda humanit&aacute;ria&lt;\/div&gt;&lt;div class=glossaryItemBody&gt;&amp;lt;!-- wp:paragraph {&amp;quot;translatedWithWPMLTM&amp;quot;:&amp;quot;1&amp;quot;} --&amp;gt;Ajuda humanit&aacute;ria&amp;quot; &eacute; a assist&ecirc;ncia prestada a pessoas afectadas por crises ou cat&aacute;strofes, com o objetivo de aliviar o seu sofrimento e melhorar as condi&ccedil;&otilde;es de vida.&amp;lt;br\/&amp;gt;&amp;lt;!-- \/wp:paragraph --&amp;gt;&lt;\/div&gt;\" href=\"https:\/\/xqthenews.com\/pt-pt\/glossary\/ajuda-humanitaria\/\" data-gt-translate-attributes='[{\"attribute\":\"data-cmtooltip\", \"format\":\"html\"}]' tabindex=\"0\" role=\"link\">ajuda humanit&aacute;ria<\/a> internacional. Espera-se que os signat&aacute;rios do pacto tomem uma posi&ccedil;&atilde;o sobre esta quest&atilde;o e ativem protocolos de a&ccedil;&atilde;o que tragam solu&ccedil;&otilde;es eficazes.<\/p>\n\n\n\n<p>Embora seja verdade que o encerramento da <a class=\"glossaryLink\"  aria-describedby=\"tt\"  data-cmtooltip=\"&lt;div class=glossaryItemTitle&gt;USAID&lt;\/div&gt;&lt;div class=glossaryItemBody&gt;&amp;lt;!-- wp:paragraph {&amp;quot;translatedWithWPMLTM&amp;quot;:&amp;quot;1&amp;quot;} --&amp;gt;L&amp;#039;Agenzia degli Stati Uniti per lo Sviluppo Internazionale &egrave; un&amp;#039;agenzia governativa che fornisce assistenza economica, tecnica e umanitaria per promuovere lo sviluppo globale e l&rsquo;aiuto in situazioni di emergenza.&amp;lt;br\/&amp;gt;&amp;lt;!-- \/wp:paragraph --&amp;gt;&lt;\/div&gt;\"  href=\"https:\/\/xqthenews.com\/pt-pt\/glossary\/usaid\/\"  data-gt-translate-attributes='[{\"attribute\":\"data-cmtooltip\", \"format\":\"html\"}]' tabindex='0' role='link'>USAID<\/a> e a redu&ccedil;&atilde;o do financiamento da ajuda colocaram uma press&atilde;o sobre a capacidade de resposta humanit&aacute;ria em todo o mundo, esta pode ser uma oportunidade para a comunidade internacional estar &agrave; altura do desafio de redefinir o seu compromisso para com os mais vulner&aacute;veis, uma vez que milh&otilde;es de crian&ccedil;as sofrem as consequ&ecirc;ncias destas decis&otilde;es. O futuro das crian&ccedil;as est&aacute; em jogo.<\/p>\n\n\n\n<hr class=\"wp-block-separator has-text-color has-vivid-green-cyan-color has-alpha-channel-opacity has-vivid-green-cyan-background-color has-background is-style-wide\">\n\n\n\n<div style=\"height:100px\" aria-hidden=\"true\" class=\"wp-block-spacer\"><\/div>\n\n\n<script type=\"text\/javascript\">\n\/* <![CDATA[ *\/\nvar gform;gform||(document.addEventListener(\"gform_main_scripts_loaded\",function(){gform.scriptsLoaded=!0}),document.addEventListener(\"gform\/theme\/scripts_loaded\",function(){gform.themeScriptsLoaded=!0}),window.addEventListener(\"DOMContentLoaded\",function(){gform.domLoaded=!0}),gform={domLoaded:!1,scriptsLoaded:!1,themeScriptsLoaded:!1,isFormEditor:()=>\"function\"==typeof InitializeEditor,callIfLoaded:function(o){return!(!gform.domLoaded||!gform.scriptsLoaded||!gform.themeScriptsLoaded&&!gform.isFormEditor()||(gform.isFormEditor()&&console.warn(\"The use of gform.initializeOnLoaded() is deprecated in the form editor context and will be removed in Gravity Forms 3.1.\"),o(),0))},initializeOnLoaded:function(o){gform.callIfLoaded(o)||(document.addEventListener(\"gform_main_scripts_loaded\",()=>{gform.scriptsLoaded=!0,gform.callIfLoaded(o)}),document.addEventListener(\"gform\/theme\/scripts_loaded\",()=>{gform.themeScriptsLoaded=!0,gform.callIfLoaded(o)}),window.addEventListener(\"DOMContentLoaded\",()=>{gform.domLoaded=!0,gform.callIfLoaded(o)}))},hooks:{action:{},filter:{}},addAction:function(o,r,e,t){gform.addHook(\"action\",o,r,e,t)},addFilter:function(o,r,e,t){gform.addHook(\"filter\",o,r,e,t)},doAction:function(o){gform.doHook(\"action\",o,arguments)},applyFilters:function(o){return gform.doHook(\"filter\",o,arguments)},removeAction:function(o,r){gform.removeHook(\"action\",o,r)},removeFilter:function(o,r,e){gform.removeHook(\"filter\",o,r,e)},addHook:function(o,r,e,t,n){null==gform.hooks[o][r]&&(gform.hooks[o][r]=[]);var d=gform.hooks[o][r];null==n&&(n=r+\"_\"+d.length),gform.hooks[o][r].push({tag:n,callable:e,priority:t=null==t?10:t})},doHook:function(r,o,e){var t;if(e=Array.prototype.slice.call(e,1),null!=gform.hooks[r][o]&&((o=gform.hooks[r][o]).sort(function(o,r){return o.priority-r.priority}),o.forEach(function(o){\"function\"!=typeof(t=o.callable)&&(t=window[t]),\"action\"==r?t.apply(null,e):e[0]=t.apply(null,e)})),\"filter\"==r)return e[0]},removeHook:function(o,r,t,n){var e;null!=gform.hooks[o][r]&&(e=(e=gform.hooks[o][r]).filter(function(o,r,e){return!!(null!=n&&n!=o.tag||null!=t&&t!=o.priority)}),gform.hooks[o][r]=e)}});\n\/* ]]> *\/\n<\/script>\n\n                <div class=\"gf_browser_gecko gform_wrapper gravity-theme gform-theme--no-framework quiz_wrapper\" data-form-theme=\"gravity-theme\" data-form-index=\"0\" id=\"gform_wrapper_844\"><div id=\"gf_844\" class=\"gform_anchor\" tabindex=\"-1\"><\/div>\n                        <div class=\"gform_heading\">\n                            <h2 class=\"gform_title\">Question&aacute;rio de comprens&atilde;o de leitura. Crian&ccedil;as, as mais afetadas pelo encerramento da USAID<\/h2>\n                            <p class=\"gform_description\"><\/p>\n                        <\/div><form method=\"post\" enctype=\"multipart\/form-data\" id=\"gform_844\" class=\"quiz\" action=\"\/pt-pt\/wp-json\/wp\/v2\/posts\/28850#gf_844\" data-formid=\"844\" novalidate> \r\n <input type=\"hidden\" class=\"gforms-pum\" value='{\"closepopup\":false,\"closedelay\":0,\"openpopup\":false,\"openpopup_id\":0}'>\n        <div id=\"gf_progressbar_wrapper_844\" class=\"gf_progressbar_wrapper\" data-start-at-zero=\"\">\n        \t<p class=\"gf_progressbar_title\">Passo <span class=\"gf_step_current_page\">1<\/span> de <span class=\"gf_step_page_count\">3<\/span><span class=\"gf_step_page_name\"><\/span>\n        \t<\/p>\n            <div class=\"gf_progressbar gf_progressbar_blue\" aria-hidden=\"true\">\n                <div class=\"gf_progressbar_percentage percentbar_blue percentbar_33\" style=\"width:33%;\"><span>33%<\/span><\/div>\n            <\/div><\/div>\n                        <div class=\"gform-body gform_body\"><div id=\"gform_page_844_1\" class=\"gform_page \" data-js=\"page-field-id-0\">\n\t\t\t\t\t<div class=\"gform_page_fields\"><div id=\"gform_fields_844\" class=\"gform_fields top_label form_sublabel_below description_below validation_below\"><fieldset id=\"field_844_1\" class=\"gfield gfield--type-quiz gfield--type-choice gfield--input-type-radio field_sublabel_below gfield--no-description field_description_below field_validation_below gfield_visibility_visible gquiz-field \" data-field-class=\"gquiz-field\"><legend class=\"gfield_label gform-field-label\">Quais s&atilde;o as causas da redu&ccedil;&atilde;o do financiamento da <a class=\"glossaryLink\"  aria-describedby=\"tt\"  data-cmtooltip=\"&lt;div class=glossaryItemTitle&gt;USAID&lt;\/div&gt;&lt;div class=glossaryItemBody&gt;&amp;lt;!-- wp:paragraph {&amp;quot;translatedWithWPMLTM&amp;quot;:&amp;quot;1&amp;quot;} --&amp;gt;L&amp;#039;Agenzia degli Stati Uniti per lo Sviluppo Internazionale &egrave; un&amp;#039;agenzia governativa che fornisce assistenza economica, tecnica e umanitaria per promuovere lo sviluppo globale e l&rsquo;aiuto in situazioni di emergenza.&amp;lt;br\/&amp;gt;&amp;lt;!-- \/wp:paragraph --&amp;gt;&lt;\/div&gt;\"  href=\"https:\/\/xqthenews.com\/pt-pt\/glossary\/usaid\/\"  data-gt-translate-attributes='[{\"attribute\":\"data-cmtooltip\", \"format\":\"html\"}]' tabindex='0' role='link'>USAID<\/a> para os programas humanit&aacute;rios?<\/legend><div class=\"ginput_container ginput_container_radio\"><div class=\"gfield_radio\" id=\"input_844_1\">\n\t\t\t<div class=\"gchoice gchoice_844_1_0\">\n\t\t\t\t\t<input class=\"gfield-choice-input\" name=\"input_1\" type=\"radio\" value=\"gquiz1b2b27084\" id=\"choice_844_1_0\" onchange=\"gformToggleRadioOther( this )\">\n\t\t\t\t\t<label for=\"choice_844_1_0\" id=\"label_844_1_0\" class=\"gform-field-label gform-field-label--type-inline\">Melhorar a coopera&ccedil;&atilde;o internacional.<\/label>\n\t\t\t<\/div>\n\t\t\t<div class=\"gchoice gchoice_844_1_1\">\n\t\t\t\t\t<input class=\"gfield-choice-input\" name=\"input_1\" type=\"radio\" value=\"gquiz12c53da11\" id=\"choice_844_1_1\" onchange=\"gformToggleRadioOther( this )\">\n\t\t\t\t\t<label for=\"choice_844_1_1\" id=\"label_844_1_1\" class=\"gform-field-label gform-field-label--type-inline\">Suspender os programas essenciais, como a alimenta&ccedil;&atilde;o, a sa&uacute;de e a educa&ccedil;&atilde;o.<\/label>\n\t\t\t<\/div>\n\t\t\t<div class=\"gchoice gchoice_844_1_2\">\n\t\t\t\t\t<input class=\"gfield-choice-input\" name=\"input_1\" type=\"radio\" value=\"gquiz1b6725f5d\" id=\"choice_844_1_2\" onchange=\"gformToggleRadioOther( this )\">\n\t\t\t\t\t<label for=\"choice_844_1_2\" id=\"label_844_1_2\" class=\"gform-field-label gform-field-label--type-inline\">Aumentar a <a class=\"glossaryLink\" aria-describedby=\"tt\" data-cmtooltip=\"&lt;div class=glossaryItemTitle&gt;Ajuda humanit&aacute;ria&lt;\/div&gt;&lt;div class=glossaryItemBody&gt;&amp;lt;!-- wp:paragraph {&amp;quot;translatedWithWPMLTM&amp;quot;:&amp;quot;1&amp;quot;} --&amp;gt;Ajuda humanit&aacute;ria&amp;quot; &eacute; a assist&ecirc;ncia prestada a pessoas afectadas por crises ou cat&aacute;strofes, com o objetivo de aliviar o seu sofrimento e melhorar as condi&ccedil;&otilde;es de vida.&amp;lt;br\/&amp;gt;&amp;lt;!-- \/wp:paragraph --&amp;gt;&lt;\/div&gt;\" href=\"https:\/\/xqthenews.com\/pt-pt\/glossary\/ajuda-humanitaria\/\" data-gt-translate-attributes='[{\"attribute\":\"data-cmtooltip\", \"format\":\"html\"}]' tabindex=\"0\" role=\"link\">ajuda humanit&aacute;ria<\/a> nas zonas mais carenciadas.<\/label>\n\t\t\t<\/div><\/div><\/div><\/fieldset><\/div>\n                    <\/div>\n                    <div class=\"gform-page-footer gform_page_footer top_label\">\n                         <input type=\"button\" id=\"gform_next_button_844_5\" class=\"gform_next_button gform-theme-button button\" onclick=\"gform.submission.handleButtonClick(this);\" data-submission-type=\"next\" value=\"Seguinte \"> \n                    <\/div>\n                <\/div>\n                <div id=\"gform_page_844_2\" class=\"gform_page\" data-js=\"page-field-id-5\" style=\"display:none;\">\n                    <div class=\"gform_page_fields\">\n                        <div id=\"gform_fields_844_2\" class=\"gform_fields top_label form_sublabel_below description_below validation_below\"><fieldset id=\"field_844_3\" class=\"gfield gfield--type-quiz gfield--type-choice gfield--input-type-radio gfield--width-full field_sublabel_below gfield--no-description field_description_below field_validation_below gfield_visibility_visible gquiz-field \" data-field-class=\"gquiz-field\"><legend class=\"gfield_label gform-field-label\">Qual dos seguintes pa&iacute;ses est&aacute; a enfrentar uma grave crise alimentar e milhares de pessoas est&atilde;o a sofrer com os cortes na ajuda internacional?<\/legend><div class=\"ginput_container ginput_container_radio\"><div class=\"gfield_radio\" id=\"input_844_3\">\n\t\t\t<div class=\"gchoice gchoice_844_3_0\">\n\t\t\t\t\t<input class=\"gfield-choice-input\" name=\"input_3\" type=\"radio\" value=\"gquiz3394e91f2\" id=\"choice_844_3_0\" onchange=\"gformToggleRadioOther( this )\">\n\t\t\t\t\t<label for=\"choice_844_3_0\" id=\"label_844_3_0\" class=\"gform-field-label gform-field-label--type-inline\">Afeganist&atilde;o.<\/label>\n\t\t\t<\/div>\n\t\t\t<div class=\"gchoice gchoice_844_3_1\">\n\t\t\t\t\t<input class=\"gfield-choice-input\" name=\"input_3\" type=\"radio\" value=\"gquiz3b5aa3d2d\" id=\"choice_844_3_1\" onchange=\"gformToggleRadioOther( this )\">\n\t\t\t\t\t<label for=\"choice_844_3_1\" id=\"label_844_3_1\" class=\"gform-field-label gform-field-label--type-inline\">Som&aacute;lia.<\/label>\n\t\t\t<\/div>\n\t\t\t<div class=\"gchoice gchoice_844_3_2\">\n\t\t\t\t\t<input class=\"gfield-choice-input\" name=\"input_3\" type=\"radio\" value=\"gquiz3d1b23a18\" id=\"choice_844_3_2\" onchange=\"gformToggleRadioOther( this )\">\n\t\t\t\t\t<label for=\"choice_844_3_2\" id=\"label_844_3_2\" class=\"gform-field-label gform-field-label--type-inline\">Uzbequist&atilde;o.<\/label>\n\t\t\t<\/div><\/div><\/div><\/fieldset><\/div>\n                    <\/div>\n                    <div class=\"gform-page-footer gform_page_footer top_label\">\n                        <input type=\"button\" id=\"gform_previous_button_844_6\" class=\"gform_previous_button gform-theme-button gform-theme-button--secondary button\" onclick=\"gform.submission.handleButtonClick(this);\" data-submission-type=\"previous\" value=\"Antigo\"> <input type=\"button\" id=\"gform_next_button_844_6\" class=\"gform_next_button gform-theme-button button\" onclick=\"gform.submission.handleButtonClick(this);\" data-submission-type=\"next\" value=\"Seguinte \"> \n                    <\/div>\n                <\/div>\n                <div id=\"gform_page_844_3\" class=\"gform_page\" data-js=\"page-field-id-6\" style=\"display:none;\">\n                    <div class=\"gform_page_fields\">\n                        <div id=\"gform_fields_844_3\" class=\"gform_fields top_label form_sublabel_below description_below validation_below\"><fieldset id=\"field_844_4\" class=\"gfield gfield--type-quiz gfield--type-choice gfield--input-type-radio gfield--width-full field_sublabel_below gfield--no-description field_description_below field_validation_below gfield_visibility_visible gquiz-field \" data-field-class=\"gquiz-field\"><legend class=\"gfield_label gform-field-label\">Para o que &eacute; que a Unicef alertou relativamente aos cortes de financiamento anunciados pela <a class=\"glossaryLink\"  aria-describedby=\"tt\"  data-cmtooltip=\"&lt;div class=glossaryItemTitle&gt;USAID&lt;\/div&gt;&lt;div class=glossaryItemBody&gt;&amp;lt;!-- wp:paragraph {&amp;quot;translatedWithWPMLTM&amp;quot;:&amp;quot;1&amp;quot;} --&amp;gt;L&amp;#039;Agenzia degli Stati Uniti per lo Sviluppo Internazionale &egrave; un&amp;#039;agenzia governativa che fornisce assistenza economica, tecnica e umanitaria per promuovere lo sviluppo globale e l&rsquo;aiuto in situazioni di emergenza.&amp;lt;br\/&amp;gt;&amp;lt;!-- \/wp:paragraph --&amp;gt;&lt;\/div&gt;\"  href=\"https:\/\/xqthenews.com\/pt-pt\/glossary\/usaid\/\"  data-gt-translate-attributes='[{\"attribute\":\"data-cmtooltip\", \"format\":\"html\"}]' tabindex='0' role='link'>USAID<\/a>?<\/legend><div class=\"ginput_container ginput_container_radio\"><div class=\"gfield_radio\" id=\"input_844_4\">\n\t\t\t<div class=\"gchoice gchoice_844_4_0\">\n\t\t\t\t\t<input class=\"gfield-choice-input\" name=\"input_4\" type=\"radio\" value=\"gquiz46a62d494\" id=\"choice_844_4_0\" onchange=\"gformToggleRadioOther( this )\">\n\t\t\t\t\t<label for=\"choice_844_4_0\" id=\"label_844_4_0\" class=\"gform-field-label gform-field-label--type-inline\">Os cortes n&atilde;o afetar&atilde;o significativamente os seus programas.<\/label>\n\t\t\t<\/div>\n\t\t\t<div class=\"gchoice gchoice_844_4_1\">\n\t\t\t\t\t<input class=\"gfield-choice-input\" name=\"input_4\" type=\"radio\" value=\"gquiz488c89c8f\" id=\"choice_844_4_1\" onchange=\"gformToggleRadioOther( this )\">\n\t\t\t\t\t<label for=\"choice_844_4_1\" id=\"label_844_4_1\" class=\"gform-field-label gform-field-label--type-inline\">Os cortes limitar&atilde;o a sua capacidade de ajudar milh&otilde;es de crian&ccedil;as.<\/label>\n\t\t\t<\/div>\n\t\t\t<div class=\"gchoice gchoice_844_4_2\">\n\t\t\t\t\t<input class=\"gfield-choice-input\" name=\"input_4\" type=\"radio\" value=\"gquiz4054f68d8\" id=\"choice_844_4_2\" onchange=\"gformToggleRadioOther( this )\">\n\t\t\t\t\t<label for=\"choice_844_4_2\" id=\"label_844_4_2\" class=\"gform-field-label gform-field-label--type-inline\">Os cortes permitir&atilde;o uma redistribui&ccedil;&atilde;o mais eficaz da ajuda.<\/label>\n\t\t\t<\/div><\/div><\/div><\/fieldset><\/div><\/div>\n        <div class=\"gform-page-footer gform_page_footer top_label\"><input type=\"submit\" id=\"gform_previous_button_844\" class=\"gform_previous_button gform-theme-button gform-theme-button--secondary button\" onclick=\"gform.submission.handleButtonClick(this);\" data-submission-type=\"previous\" value=\"Antigo\"> <input type=\"submit\" id=\"gform_submit_button_844\" class=\"gform_button button\" onclick=\"gform.submission.handleButtonClick(this);\" data-submission-type=\"submit\" value=\"Enviar\"> \n            <input type=\"hidden\" class=\"gform_hidden\" name=\"gform_submission_method\" data-js=\"gform_submission_method_844\" value=\"postback\">\n            <input type=\"hidden\" class=\"gform_hidden\" name=\"gform_theme\" data-js=\"gform_theme_844\" id=\"gform_theme_844\" value=\"gravity-theme\">\n            <input type=\"hidden\" class=\"gform_hidden\" name=\"gform_style_settings\" data-js=\"gform_style_settings_844\" id=\"gform_style_settings_844\" value='{\"inputPrimaryColor\":\"#204ce5\"}'>\n            <input type=\"hidden\" class=\"gform_hidden\" name=\"is_submit_844\" value=\"1\">\n            <input type=\"hidden\" class=\"gform_hidden\" name=\"gform_submit\" value=\"844\">\n            \n            <input type=\"hidden\" class=\"gform_hidden\" name=\"gform_currency\" data-currency=\"EUR\" value=\"i9uSrVT9KeczYREM\/zmkpYdtw7Onbj+ojT1zgmBqOf\/DsEAdoHOqowxiJeSg5L7+TgZDgExZKUDrd6FYQeSvb6J4yseEH\/AKe3XuZOnWunf1wF0=\">\n            <input type=\"hidden\" class=\"gform_hidden\" name=\"gform_unique_id\" value=\"\">\n            <input type=\"hidden\" class=\"gform_hidden\" name=\"state_844\" value=\"WyJbXSIsIjVlMjNlOGUzOTg5N2RmMzcwZmE1ODRlNDZjZGJmYjNkIl0=\">\n            <input type=\"hidden\" autocomplete=\"off\" class=\"gform_hidden\" name=\"gform_target_page_number_844\" id=\"gform_target_page_number_844\" value=\"2\">\n            <input type=\"hidden\" autocomplete=\"off\" class=\"gform_hidden\" name=\"gform_source_page_number_844\" id=\"gform_source_page_number_844\" value=\"1\">\n            <input type=\"hidden\" name=\"gform_field_values\" value=\"\">\n            \n        <\/div>\n             <\/div><\/div>\n                        <\/form>\n                        <\/div><script type=\"text\/javascript\">\n\/* <![CDATA[ *\/\n gform.initializeOnLoaded( function() {gformInitSpinner( 844, 'https:\/\/xqthenews.com\/wp-content\/plugins\/gravityforms\/images\/spinner.svg', true );jQuery('#gform_ajax_frame_844').on('load',function(){var contents = jQuery(this).contents().find('*').html();var is_postback = contents.indexOf('GF_AJAX_POSTBACK') >= 0;if(!is_postback){return;}var form_content = jQuery(this).contents().find('#gform_wrapper_844');var is_confirmation = jQuery(this).contents().find('#gform_confirmation_wrapper_844').length > 0;var is_redirect = contents.indexOf('gformRedirect(){') >= 0;var is_form = form_content.length > 0 && ! is_redirect && ! is_confirmation;var mt = parseInt(jQuery('html').css('margin-top'), 10) + parseInt(jQuery('body').css('margin-top'), 10) + 100;if(is_form){jQuery('#gform_wrapper_844').html(form_content.html());if(form_content.hasClass('gform_validation_error')){jQuery('#gform_wrapper_844').addClass('gform_validation_error');} else {jQuery('#gform_wrapper_844').removeClass('gform_validation_error');}setTimeout( function() { \/* delay the scroll by 50 milliseconds to fix a bug in chrome *\/ jQuery(document).scrollTop(jQuery('#gform_wrapper_844').offset().top - mt); }, 50 );if(window['gformInitDatepicker']) {gformInitDatepicker();}if(window['gformInitPriceFields']) {gformInitPriceFields();}var current_page = jQuery('#gform_source_page_number_844').val();gformInitSpinner( 844, 'https:\/\/xqthenews.com\/wp-content\/plugins\/gravityforms\/images\/spinner.svg', true );jQuery(document).trigger('gform_page_loaded', [844, current_page]);window['gf_submitting_844'] = false;}else if(!is_redirect){var confirmation_content = jQuery(this).contents().find('.GF_AJAX_POSTBACK').html();if(!confirmation_content){confirmation_content = contents;}jQuery('#gform_wrapper_844').replaceWith(confirmation_content);jQuery(document).scrollTop(jQuery('#gf_844').offset().top - mt);jQuery(document).trigger('gform_confirmation_loaded', [844]);window['gf_submitting_844'] = false;wp.a11y.speak(jQuery('#gform_confirmation_message_844').text());}else{jQuery('#gform_844').append(contents);if(window['gformRedirect']) {gformRedirect();}}jQuery(document).trigger(\"gform_pre_post_render\", [{ formId: \"844\", currentPage: \"current_page\", abort: function() { this.preventDefault(); } }]);        if (event && event.defaultPrevented) {                return;        }        const gformWrapperDiv = document.getElementById( \"gform_wrapper_844\" );        if ( gformWrapperDiv ) {            const visibilitySpan = document.createElement( \"span\" );            visibilitySpan.id = \"gform_visibility_test_844\";            gformWrapperDiv.insertAdjacentElement( \"afterend\", visibilitySpan );        }        const visibilityTestDiv = document.getElementById( \"gform_visibility_test_844\" );        let postRenderFired = false;        function triggerPostRender() {            if ( postRenderFired ) {                return;            }            postRenderFired = true;            gform.core.triggerPostRenderEvents( 844, current_page );            if ( visibilityTestDiv ) {                visibilityTestDiv.parentNode.removeChild( visibilityTestDiv );            }        }        function debounce( func, wait, immediate ) {            var timeout;            return function() {                var context = this, args = arguments;                var later = function() {                    timeout = null;                    if ( !immediate ) func.apply( context, args );                };                var callNow = immediate && !timeout;                clearTimeout( timeout );                timeout = setTimeout( later, wait );                if ( callNow ) func.apply( context, args );            };        }        const debouncedTriggerPostRender = debounce( function() {            triggerPostRender();        }, 200 );        if ( visibilityTestDiv && visibilityTestDiv.offsetParent === null ) {            const observer = new MutationObserver( ( mutations ) => {                mutations.forEach( ( mutation ) => {                    if ( mutation.type === 'attributes' && visibilityTestDiv.offsetParent !== null ) {                        debouncedTriggerPostRender();                        observer.disconnect();                    }                });            });            observer.observe( document.body, {                attributes: true,                childList: false,                subtree: true,                attributeFilter: [ 'style', 'class' ],            });        } else {            triggerPostRender();        }    } );} ); \n\/* ]]> *\/\n<\/script>\n","protected":false},"excerpt":{"rendered":"<p>O encerramento da coopera&ccedil;&atilde;o norte-americana, anunciada pelo presidente dos EUA, Donald Trump, deixa em suspenso a situa&ccedil;&atilde;o de milh&otilde;es de meninas e meninos. De acordo com a organiza&ccedil;&atilde;o Save the Children, uma em cada onze crian&ccedil;as no mundo necessita de assist&ecirc;ncia humanit&aacute;ria vital. Entretanto, os cortes e bloqueios &agrave; ajuda internacional est&atilde;o a aumentar, incluindo<\/p>\n","protected":false},"author":88,"featured_media":28849,"comment_status":"open","ping_status":"open","sticky":false,"template":"","format":"standard","meta":{"_acf_changed":false,"footnotes":""},"categories":[468,338],"tags":[1082],"coauthors":[1080],"class_list":{"0":"post-28850","1":"post","2":"type-post","3":"status-publish","4":"format-standard","5":"has-post-thumbnail","7":"category-politica-global-pt-pt","8":"category-politics-pt-pt-2","9":"tag-infancia-direitos-humanos"},"acf":[],"yoast_head":"<!-- This site is optimized with the Yoast SEO plugin v27.4 - https:\/\/yoast.com\/product\/yoast-seo-wordpress\/ -->\n<title>Crian\u00e7as, as mais afetadas pelo encerramento da USAID - xqthenews<\/title>\n<meta name=\"robots\" content=\"index, follow, max-snippet:-1, max-image-preview:large, max-video-preview:-1\" \/>\n<link rel=\"canonical\" href=\"https:\/\/xqthenews.com\/es\/infancia-la-mas-afectada-con-el-cierre-de-usaid\/\" \/>\n<meta property=\"og:locale\" content=\"pt_PT\" \/>\n<meta property=\"og:type\" content=\"article\" \/>\n<meta property=\"og:title\" content=\"Crian\u00e7as, as mais afetadas pelo encerramento da USAID - xqthenews\" \/>\n<meta property=\"og:description\" content=\"O encerramento da coopera&ccedil;&atilde;o norte-americana, anunciada pelo presidente dos EUA, Donald Trump, deixa em suspenso a situa&ccedil;&atilde;o de milh&otilde;es de meninas e meninos. De acordo com a organiza&ccedil;&atilde;o Save the Children, uma em cada onze crian&ccedil;as no mundo necessita de assist&ecirc;ncia humanit&aacute;ria vital. Entretanto, os cortes e bloqueios &agrave; ajuda internacional est&atilde;o a aumentar, incluindo\" \/>\n<meta property=\"og:url\" content=\"https:\/\/xqthenews.com\/es\/infancia-la-mas-afectada-con-el-cierre-de-usaid\/\" \/>\n<meta property=\"og:site_name\" content=\"xqthenews\" \/>\n<meta property=\"article:published_time\" content=\"2025-04-02T06:19:31+00:00\" \/>\n<meta property=\"article:modified_time\" content=\"2025-04-02T06:19:32+00:00\" \/>\n<meta property=\"og:image\" content=\"https:\/\/xqthenews.com\/wp-content\/uploads\/2025\/03\/Portada-2-1024x683.png\" \/>\n\t<meta property=\"og:image:width\" content=\"1024\" \/>\n\t<meta property=\"og:image:height\" content=\"683\" \/>\n\t<meta property=\"og:image:type\" content=\"image\/png\" \/>\n<meta name=\"author\" content=\"Emilse Gonz\u00e1lez\" \/>\n<meta name=\"twitter:card\" content=\"summary_large_image\" \/>\n<meta name=\"twitter:label1\" content=\"Escrito por\" \/>\n\t<meta name=\"twitter:data1\" content=\"Emilse Gonz\u00e1lez\" \/>\n\t<meta name=\"twitter:label2\" content=\"Tempo estimado de leitura\" \/>\n\t<meta name=\"twitter:data2\" content=\"1 minuto\" \/>\n\t<meta name=\"twitter:label3\" content=\"Written by\" \/>\n\t<meta name=\"twitter:data3\" content=\"Emilse Gonz\u00e1lez\" \/>\n<script type=\"application\/ld+json\" class=\"yoast-schema-graph\">{\"@context\":\"https:\\\/\\\/schema.org\",\"@graph\":[{\"@type\":\"Article\",\"@id\":\"https:\\\/\\\/xqthenews.com\\\/es\\\/infancia-la-mas-afectada-con-el-cierre-de-usaid\\\/#article\",\"isPartOf\":{\"@id\":\"https:\\\/\\\/xqthenews.com\\\/es\\\/infancia-la-mas-afectada-con-el-cierre-de-usaid\\\/\"},\"author\":{\"name\":\"Emilse Gonz\u00e1lez\",\"@id\":\"https:\\\/\\\/xqthenews.com\\\/es\\\/#\\\/schema\\\/person\\\/3d0fa65f5927dc7200034625a42a10f7\"},\"headline\":\"Crian\u00e7as, as mais afetadas pelo encerramento da USAID\",\"datePublished\":\"2025-04-02T06:19:31+00:00\",\"dateModified\":\"2025-04-02T06:19:32+00:00\",\"mainEntityOfPage\":{\"@id\":\"https:\\\/\\\/xqthenews.com\\\/es\\\/infancia-la-mas-afectada-con-el-cierre-de-usaid\\\/\"},\"wordCount\":1083,\"commentCount\":0,\"image\":{\"@id\":\"https:\\\/\\\/xqthenews.com\\\/es\\\/infancia-la-mas-afectada-con-el-cierre-de-usaid\\\/#primaryimage\"},\"thumbnailUrl\":\"https:\\\/\\\/xqthenews.com\\\/wp-content\\\/uploads\\\/2025\\\/03\\\/Portada-2.png\",\"keywords\":[\"#inf\u00e2ncia #direitos humanos\"],\"articleSection\":[\"Pol\u00edtica global\",\"Pol\u00edtics\"],\"inLanguage\":\"pt-PT\",\"potentialAction\":[{\"@type\":\"CommentAction\",\"name\":\"Comment\",\"target\":[\"https:\\\/\\\/xqthenews.com\\\/es\\\/infancia-la-mas-afectada-con-el-cierre-de-usaid\\\/#respond\"]}]},{\"@type\":\"WebPage\",\"@id\":\"https:\\\/\\\/xqthenews.com\\\/es\\\/infancia-la-mas-afectada-con-el-cierre-de-usaid\\\/\",\"url\":\"https:\\\/\\\/xqthenews.com\\\/es\\\/infancia-la-mas-afectada-con-el-cierre-de-usaid\\\/\",\"name\":\"Crian\u00e7as, as mais afetadas pelo encerramento da USAID - xqthenews\",\"isPartOf\":{\"@id\":\"https:\\\/\\\/xqthenews.com\\\/es\\\/#website\"},\"primaryImageOfPage\":{\"@id\":\"https:\\\/\\\/xqthenews.com\\\/es\\\/infancia-la-mas-afectada-con-el-cierre-de-usaid\\\/#primaryimage\"},\"image\":{\"@id\":\"https:\\\/\\\/xqthenews.com\\\/es\\\/infancia-la-mas-afectada-con-el-cierre-de-usaid\\\/#primaryimage\"},\"thumbnailUrl\":\"https:\\\/\\\/xqthenews.com\\\/wp-content\\\/uploads\\\/2025\\\/03\\\/Portada-2.png\",\"datePublished\":\"2025-04-02T06:19:31+00:00\",\"dateModified\":\"2025-04-02T06:19:32+00:00\",\"author\":{\"@id\":\"https:\\\/\\\/xqthenews.com\\\/es\\\/#\\\/schema\\\/person\\\/3d0fa65f5927dc7200034625a42a10f7\"},\"breadcrumb\":{\"@id\":\"https:\\\/\\\/xqthenews.com\\\/es\\\/infancia-la-mas-afectada-con-el-cierre-de-usaid\\\/#breadcrumb\"},\"inLanguage\":\"pt-PT\",\"potentialAction\":[{\"@type\":\"ReadAction\",\"target\":[\"https:\\\/\\\/xqthenews.com\\\/es\\\/infancia-la-mas-afectada-con-el-cierre-de-usaid\\\/\"]}]},{\"@type\":\"ImageObject\",\"inLanguage\":\"pt-PT\",\"@id\":\"https:\\\/\\\/xqthenews.com\\\/es\\\/infancia-la-mas-afectada-con-el-cierre-de-usaid\\\/#primaryimage\",\"url\":\"https:\\\/\\\/xqthenews.com\\\/wp-content\\\/uploads\\\/2025\\\/03\\\/Portada-2.png\",\"contentUrl\":\"https:\\\/\\\/xqthenews.com\\\/wp-content\\\/uploads\\\/2025\\\/03\\\/Portada-2.png\",\"width\":1920,\"height\":1280,\"caption\":\"Fevereiro de 2025, manifestantes em frente \u00e0 sede da USAID | Getty Images - Mandel Ngan\"},{\"@type\":\"BreadcrumbList\",\"@id\":\"https:\\\/\\\/xqthenews.com\\\/es\\\/infancia-la-mas-afectada-con-el-cierre-de-usaid\\\/#breadcrumb\",\"itemListElement\":[{\"@type\":\"ListItem\",\"position\":1,\"name\":\"Portada\",\"item\":\"https:\\\/\\\/xqthenews.com\\\/pt-pt\\\/\"},{\"@type\":\"ListItem\",\"position\":2,\"name\":\"Crian\u00e7as, as mais afetadas pelo encerramento da USAID\"}]},{\"@type\":\"WebSite\",\"@id\":\"https:\\\/\\\/xqthenews.com\\\/es\\\/#website\",\"url\":\"https:\\\/\\\/xqthenews.com\\\/es\\\/\",\"name\":\"xqthenews\",\"description\":\"El porqu\u00e9 de las noticias\",\"potentialAction\":[{\"@type\":\"SearchAction\",\"target\":{\"@type\":\"EntryPoint\",\"urlTemplate\":\"https:\\\/\\\/xqthenews.com\\\/es\\\/?s={search_term_string}\"},\"query-input\":{\"@type\":\"PropertyValueSpecification\",\"valueRequired\":true,\"valueName\":\"search_term_string\"}}],\"inLanguage\":\"pt-PT\"},{\"@type\":\"Person\",\"@id\":\"https:\\\/\\\/xqthenews.com\\\/es\\\/#\\\/schema\\\/person\\\/3d0fa65f5927dc7200034625a42a10f7\",\"name\":\"Emilse Gonz\u00e1lez\",\"image\":{\"@type\":\"ImageObject\",\"inLanguage\":\"pt-PT\",\"@id\":\"https:\\\/\\\/xqthenews.com\\\/wp-content\\\/uploads\\\/2025\\\/03\\\/emilse-gonzalez_avatar-96x96.jpeg74c2d3820154d20bab5ab95e10ae9055\",\"url\":\"https:\\\/\\\/xqthenews.com\\\/wp-content\\\/uploads\\\/2025\\\/03\\\/emilse-gonzalez_avatar-96x96.jpeg\",\"contentUrl\":\"https:\\\/\\\/xqthenews.com\\\/wp-content\\\/uploads\\\/2025\\\/03\\\/emilse-gonzalez_avatar-96x96.jpeg\",\"caption\":\"Emilse Gonz\u00e1lez\"},\"description\":\"Periodista\",\"url\":\"https:\\\/\\\/xqthenews.com\\\/pt-pt\\\/author\\\/emilsegonzalez\\\/\"}]}<\/script>\n<!-- \/ Yoast SEO plugin. -->","yoast_head_json":{"title":"Crian\u00e7as, as mais afetadas pelo encerramento da USAID - xqthenews","robots":{"index":"index","follow":"follow","max-snippet":"max-snippet:-1","max-image-preview":"max-image-preview:large","max-video-preview":"max-video-preview:-1"},"canonical":"https:\/\/xqthenews.com\/es\/infancia-la-mas-afectada-con-el-cierre-de-usaid\/","og_locale":"pt_PT","og_type":"article","og_title":"Crian\u00e7as, as mais afetadas pelo encerramento da USAID - xqthenews","og_description":"O encerramento da coopera&ccedil;&atilde;o norte-americana, anunciada pelo presidente dos EUA, Donald Trump, deixa em suspenso a situa&ccedil;&atilde;o de milh&otilde;es de meninas e meninos. De acordo com a organiza&ccedil;&atilde;o Save the Children, uma em cada onze crian&ccedil;as no mundo necessita de assist&ecirc;ncia humanit&aacute;ria vital. Entretanto, os cortes e bloqueios &agrave; ajuda internacional est&atilde;o a aumentar, incluindo","og_url":"https:\/\/xqthenews.com\/es\/infancia-la-mas-afectada-con-el-cierre-de-usaid\/","og_site_name":"xqthenews","article_published_time":"2025-04-02T06:19:31+00:00","article_modified_time":"2025-04-02T06:19:32+00:00","og_image":[{"width":1024,"height":683,"url":"https:\/\/xqthenews.com\/wp-content\/uploads\/2025\/03\/Portada-2-1024x683.png","type":"image\/png"}],"author":"Emilse Gonz\u00e1lez","twitter_card":"summary_large_image","twitter_misc":{"Escrito por":"Emilse Gonz\u00e1lez","Tempo estimado de leitura":"1 minuto","Written by":"Emilse Gonz\u00e1lez"},"schema":{"@context":"https:\/\/schema.org","@graph":[{"@type":"Article","@id":"https:\/\/xqthenews.com\/es\/infancia-la-mas-afectada-con-el-cierre-de-usaid\/#article","isPartOf":{"@id":"https:\/\/xqthenews.com\/es\/infancia-la-mas-afectada-con-el-cierre-de-usaid\/"},"author":{"name":"Emilse Gonz\u00e1lez","@id":"https:\/\/xqthenews.com\/es\/#\/schema\/person\/3d0fa65f5927dc7200034625a42a10f7"},"headline":"Crian\u00e7as, as mais afetadas pelo encerramento da USAID","datePublished":"2025-04-02T06:19:31+00:00","dateModified":"2025-04-02T06:19:32+00:00","mainEntityOfPage":{"@id":"https:\/\/xqthenews.com\/es\/infancia-la-mas-afectada-con-el-cierre-de-usaid\/"},"wordCount":1083,"commentCount":0,"image":{"@id":"https:\/\/xqthenews.com\/es\/infancia-la-mas-afectada-con-el-cierre-de-usaid\/#primaryimage"},"thumbnailUrl":"https:\/\/xqthenews.com\/wp-content\/uploads\/2025\/03\/Portada-2.png","keywords":["#inf\u00e2ncia #direitos humanos"],"articleSection":["Pol\u00edtica global","Pol\u00edtics"],"inLanguage":"pt-PT","potentialAction":[{"@type":"CommentAction","name":"Comment","target":["https:\/\/xqthenews.com\/es\/infancia-la-mas-afectada-con-el-cierre-de-usaid\/#respond"]}]},{"@type":"WebPage","@id":"https:\/\/xqthenews.com\/es\/infancia-la-mas-afectada-con-el-cierre-de-usaid\/","url":"https:\/\/xqthenews.com\/es\/infancia-la-mas-afectada-con-el-cierre-de-usaid\/","name":"Crian\u00e7as, as mais afetadas pelo encerramento da USAID - xqthenews","isPartOf":{"@id":"https:\/\/xqthenews.com\/es\/#website"},"primaryImageOfPage":{"@id":"https:\/\/xqthenews.com\/es\/infancia-la-mas-afectada-con-el-cierre-de-usaid\/#primaryimage"},"image":{"@id":"https:\/\/xqthenews.com\/es\/infancia-la-mas-afectada-con-el-cierre-de-usaid\/#primaryimage"},"thumbnailUrl":"https:\/\/xqthenews.com\/wp-content\/uploads\/2025\/03\/Portada-2.png","datePublished":"2025-04-02T06:19:31+00:00","dateModified":"2025-04-02T06:19:32+00:00","author":{"@id":"https:\/\/xqthenews.com\/es\/#\/schema\/person\/3d0fa65f5927dc7200034625a42a10f7"},"breadcrumb":{"@id":"https:\/\/xqthenews.com\/es\/infancia-la-mas-afectada-con-el-cierre-de-usaid\/#breadcrumb"},"inLanguage":"pt-PT","potentialAction":[{"@type":"ReadAction","target":["https:\/\/xqthenews.com\/es\/infancia-la-mas-afectada-con-el-cierre-de-usaid\/"]}]},{"@type":"ImageObject","inLanguage":"pt-PT","@id":"https:\/\/xqthenews.com\/es\/infancia-la-mas-afectada-con-el-cierre-de-usaid\/#primaryimage","url":"https:\/\/xqthenews.com\/wp-content\/uploads\/2025\/03\/Portada-2.png","contentUrl":"https:\/\/xqthenews.com\/wp-content\/uploads\/2025\/03\/Portada-2.png","width":1920,"height":1280,"caption":"Fevereiro de 2025, manifestantes em frente \u00e0 sede da USAID | Getty Images - Mandel Ngan"},{"@type":"BreadcrumbList","@id":"https:\/\/xqthenews.com\/es\/infancia-la-mas-afectada-con-el-cierre-de-usaid\/#breadcrumb","itemListElement":[{"@type":"ListItem","position":1,"name":"Portada","item":"https:\/\/xqthenews.com\/pt-pt\/"},{"@type":"ListItem","position":2,"name":"Crian\u00e7as, as mais afetadas pelo encerramento da USAID"}]},{"@type":"WebSite","@id":"https:\/\/xqthenews.com\/es\/#website","url":"https:\/\/xqthenews.com\/es\/","name":"xqthenews","description":"El porqu\u00e9 de las noticias","potentialAction":[{"@type":"SearchAction","target":{"@type":"EntryPoint","urlTemplate":"https:\/\/xqthenews.com\/es\/?s={search_term_string}"},"query-input":{"@type":"PropertyValueSpecification","valueRequired":true,"valueName":"search_term_string"}}],"inLanguage":"pt-PT"},{"@type":"Person","@id":"https:\/\/xqthenews.com\/es\/#\/schema\/person\/3d0fa65f5927dc7200034625a42a10f7","name":"Emilse Gonz\u00e1lez","image":{"@type":"ImageObject","inLanguage":"pt-PT","@id":"https:\/\/xqthenews.com\/wp-content\/uploads\/2025\/03\/emilse-gonzalez_avatar-96x96.jpeg74c2d3820154d20bab5ab95e10ae9055","url":"https:\/\/xqthenews.com\/wp-content\/uploads\/2025\/03\/emilse-gonzalez_avatar-96x96.jpeg","contentUrl":"https:\/\/xqthenews.com\/wp-content\/uploads\/2025\/03\/emilse-gonzalez_avatar-96x96.jpeg","caption":"Emilse Gonz\u00e1lez"},"description":"Periodista","url":"https:\/\/xqthenews.com\/pt-pt\/author\/emilsegonzalez\/"}]}},"_links":{"self":[{"href":"https:\/\/xqthenews.com\/pt-pt\/wp-json\/wp\/v2\/posts\/28850","targetHints":{"allow":["GET"]}}],"collection":[{"href":"https:\/\/xqthenews.com\/pt-pt\/wp-json\/wp\/v2\/posts"}],"about":[{"href":"https:\/\/xqthenews.com\/pt-pt\/wp-json\/wp\/v2\/types\/post"}],"author":[{"embeddable":true,"href":"https:\/\/xqthenews.com\/pt-pt\/wp-json\/wp\/v2\/users\/88"}],"replies":[{"embeddable":true,"href":"https:\/\/xqthenews.com\/pt-pt\/wp-json\/wp\/v2\/comments?post=28850"}],"version-history":[{"count":2,"href":"https:\/\/xqthenews.com\/pt-pt\/wp-json\/wp\/v2\/posts\/28850\/revisions"}],"predecessor-version":[{"id":28861,"href":"https:\/\/xqthenews.com\/pt-pt\/wp-json\/wp\/v2\/posts\/28850\/revisions\/28861"}],"wp:featuredmedia":[{"embeddable":true,"href":"https:\/\/xqthenews.com\/pt-pt\/wp-json\/wp\/v2\/media\/28849"}],"wp:attachment":[{"href":"https:\/\/xqthenews.com\/pt-pt\/wp-json\/wp\/v2\/media?parent=28850"}],"wp:term":[{"taxonomy":"category","embeddable":true,"href":"https:\/\/xqthenews.com\/pt-pt\/wp-json\/wp\/v2\/categories?post=28850"},{"taxonomy":"post_tag","embeddable":true,"href":"https:\/\/xqthenews.com\/pt-pt\/wp-json\/wp\/v2\/tags?post=28850"},{"taxonomy":"author","embeddable":true,"href":"https:\/\/xqthenews.com\/pt-pt\/wp-json\/wp\/v2\/coauthors?post=28850"}],"curies":[{"name":"wp","href":"https:\/\/api.w.org\/{rel}","templated":true}]}}