{"id":21299,"date":"2024-05-02T05:01:56","date_gmt":"2024-05-02T04:01:56","guid":{"rendered":"https:\/\/sad-borg.82-223-8-23.plesk.page\/?p=21299"},"modified":"2024-09-10T23:10:37","modified_gmt":"2024-09-10T22:10:37","slug":"mobilidade-ambientalmente-responsavel-hesitacoes-politicas","status":"publish","type":"post","link":"https:\/\/xqthenews.com\/pt-pt\/mobilidade-ambientalmente-responsavel-hesitacoes-politicas\/","title":{"rendered":"Mobilidade ambientalmente respons\u00e1vel: hesita\u00e7\u00f5es pol\u00edticas"},"content":{"rendered":"<p>Passaram d&eacute;cadas desde a chegada a It&aacute;lia, proveniente da Am&eacute;rica, de um jogo de &ldquo;rua&rdquo; para crian&ccedil;as, o skate, que entretanto se tornou num desporto ol&iacute;mpico nos &uacute;ltimos Jogos Ol&iacute;mpicos (os de T&oacute;quio, que a pandemia fez adiar de 2020 para 2021) e j&aacute; foi confirmado para os pr&oacute;ximos, tanto no pr&oacute;ximo ver&atilde;o em Paris como em 2028 em Los Angeles. O livro que nos recorda isto intitula-se<a href=\"https:\/\/www.agenziaalcatraz.it\/prodotto\/nessuna-regola-40-anni-di-skateboard-in-italia\/\"> <em>Nessuna regola &ndash; 40 anni di skateboard in Italia (Sem regras &ndash; 40 anos de skate em It&aacute;lia<\/em><\/a><em>), foi <\/em>escrito por Lele Lutteri e cont&eacute;m um pormenor particularmente interessante para comunidades como a nossa, que hoje se esfor&ccedil;am por reinventar a <a class=\"glossaryLink\" aria-describedby=\"tt\" data-cmtooltip=\"&lt;div class=glossaryItemTitle&gt;Mobilidade&lt;\/div&gt;&lt;div class=glossaryItemBody&gt;&amp;lt;!-- wp:paragraph {&amp;quot;translatedWithWPMLTM&amp;quot;:&amp;quot;1&amp;quot;} --&amp;gt;Capacidade individual de desloca&ccedil;&atilde;o em fun&ccedil;&atilde;o das necessidades e do interesse em viajar dos indiv&iacute;duos. Os meios de transporte dispon&iacute;veis e a acessibilidade proporcionada pelo sistema de transportes influenciam a mobilidade, bem como as caracter&iacute;sticas individuais e o contexto familiar dos indiv&iacute;duos. &amp;lt;br\/&amp;gt;&amp;lt;!-- \/wp:paragraph --&amp;gt;&amp;lt;!-- wp:paragraph {&amp;quot;translatedWithWPMLTM&amp;quot;:&amp;quot;1&amp;quot;} --&amp;gt;&amp;lt;em&amp;gt;(Fonte&amp;lt;\/em&amp;gt;: &amp;lt;em&amp;gt;Gloss&aacute;rio do Pacote da Mobilidade - IMT - Instituto da Mobilidade e dos Transportes)&amp;lt;\/em&amp;gt;&amp;lt;br\/&amp;gt;&amp;lt;!-- \/wp:paragraph --&amp;gt;&lt;\/div&gt;&lt;div class=&amp;quot;cmtt_related_articles_wrapper&amp;quot;&gt;&lt;div class=&amp;quot;cmtt_related_title cmtt_related_articles_title&amp;quot;&gt;Related Articles: &lt;\/div&gt;&lt;ul class=&amp;quot;cmtt_related&amp;quot;&gt;&lt;li class=&amp;quot;cmtt_related_item&amp;quot;&gt;&lt;a href=&amp;quot;https:\/\/xqthenews.com\/pt-pt\/ainda-vamos-a-tempo-de-salvar-o-planeta\/&amp;quot;target=&amp;quot;_blank&amp;quot;&gt;Ainda vamos a tempo de salvar o Planeta?&lt;\/a&gt;&lt;\/li&gt;&lt;li class=&amp;quot;cmtt_related_item&amp;quot;&gt;&lt;a href=&amp;quot;https:\/\/xqthenews.com\/pt-pt\/repensar-a-mobilidade-para-construir-cidades-adaptadas-ao-futuro\/&amp;quot;target=&amp;quot;_blank&amp;quot;&gt;Repensar a mobilidade para construir cidades adaptadas ao futuro&lt;\/a&gt;&lt;\/li&gt;&lt;li class=&amp;quot;cmtt_related_item&amp;quot;&gt;&lt;a href=&amp;quot;https:\/\/xqthenews.com\/pt-pt\/mobilidade-suave-e-inclusiva-para-cidades-verdadeiramente-amigas-do-ambiente\/&amp;quot;target=&amp;quot;_blank&amp;quot;&gt;Mobilidade suave e inclusiva para cidades verdadeiramente amigas do ambiente&lt;\/a&gt;&lt;\/li&gt;&lt;li class=&amp;quot;cmtt_related_item&amp;quot;&gt;&lt;a href=&amp;quot;https:\/\/xqthenews.com\/pt-pt\/repowereu-e-a-independencia-energetica-europeia\/&amp;quot;target=&amp;quot;_blank&amp;quot;&gt;RePowerEu e a independ&ecirc;ncia energ&eacute;tica europeia&lt;\/a&gt;&lt;\/li&gt;&lt;li class=&amp;quot;cmtt_related_item&amp;quot;&gt;&lt;a href=&amp;quot;https:\/\/xqthenews.com\/pt-pt\/a-pegada-de-carbono-e-ainda-importante-na-luta-contra-a-crise-climatica\/&amp;quot;target=&amp;quot;_blank&amp;quot;&gt;A Pegada de Carbono &eacute; ainda importante na luta contra a crise clim&aacute;tica?&lt;\/a&gt;&lt;\/li&gt;&lt;\/ul&gt;&lt;\/div&gt;\" href=\"https:\/\/xqthenews.com\/pt-pt\/glossary\/mobilidade\/\" data-gt-translate-attributes='[{\"attribute\":\"data-cmtooltip\", \"format\":\"html\"}]' tabindex=\"0\" role=\"link\">mobilidade<\/a> urbana, procurando alternativas ambientalmente respons&aacute;veis aos ve&iacute;culos de quatro rodas. Alternativas que n&atilde;o desprezam as rodas, desde que renunciem aos <a class=\"glossaryLink\" aria-describedby=\"tt\" data-cmtooltip=\"&lt;div class=glossaryItemTitle&gt;Combust&iacute;veis f&oacute;sseis&lt;\/div&gt;&lt;div class=glossaryItemBody&gt;&amp;lt;!-- wp:paragraph {&amp;quot;translatedWithWPMLTM&amp;quot;:&amp;quot;1&amp;quot;} --&amp;gt;Os combust&iacute;veis f&oacute;sseis s&atilde;o recursos energ&eacute;ticos, como o petr&oacute;leo, o carv&atilde;o e o g&aacute;s natural, formados a partir de mat&eacute;ria org&acirc;nica antiga.&amp;lt;br\/&amp;gt;&amp;lt;!-- \/wp:paragraph --&amp;gt;&lt;\/div&gt;&lt;div class=&amp;quot;cmtt_related_articles_wrapper&amp;quot;&gt;&lt;div class=&amp;quot;cmtt_related_title cmtt_related_articles_title&amp;quot;&gt;Related Articles: &lt;\/div&gt;&lt;ul class=&amp;quot;cmtt_related&amp;quot;&gt;&lt;li class=&amp;quot;cmtt_related_item&amp;quot;&gt;&lt;a href=&amp;quot;https:\/\/xqthenews.com\/pt-pt\/a-tua-lancheira-de-plastico-esta-a-poluir-o-planeta-e-o-seu-sistema-endocrino\/&amp;quot;target=&amp;quot;_blank&amp;quot;&gt;A tua lancheira de pl&aacute;stico est&aacute; a poluir o planeta e o seu sistema end&oacute;crino.&lt;\/a&gt;&lt;\/li&gt;&lt;li class=&amp;quot;cmtt_related_item&amp;quot;&gt;&lt;a href=&amp;quot;https:\/\/xqthenews.com\/pt-pt\/cimeira-mundial-do-clima-cop-28-no-dubai\/&amp;quot;target=&amp;quot;_blank&amp;quot;&gt;Cimeira Mundial do Clima COP 28 no Dubai&lt;\/a&gt;&lt;\/li&gt;&lt;li class=&amp;quot;cmtt_related_item&amp;quot;&gt;&lt;a href=&amp;quot;https:\/\/xqthenews.com\/pt-pt\/emergencia-climatica-e-os-desafios-para-a-saude\/&amp;quot;target=&amp;quot;_blank&amp;quot;&gt;Emerg&ecirc;ncia clim&aacute;tica e os desafios para a sa&uacute;de&lt;\/a&gt;&lt;\/li&gt;&lt;li class=&amp;quot;cmtt_related_item&amp;quot;&gt;&lt;a href=&amp;quot;https:\/\/xqthenews.com\/pt-pt\/ainda-vamos-a-tempo-de-salvar-o-planeta\/&amp;quot;target=&amp;quot;_blank&amp;quot;&gt;Ainda vamos a tempo de salvar o Planeta?&lt;\/a&gt;&lt;\/li&gt;&lt;li class=&amp;quot;cmtt_related_item&amp;quot;&gt;&lt;a href=&amp;quot;https:\/\/xqthenews.com\/pt-pt\/repowereu-e-a-independencia-energetica-europeia\/&amp;quot;target=&amp;quot;_blank&amp;quot;&gt;RePowerEu e a independ&ecirc;ncia energ&eacute;tica europeia&lt;\/a&gt;&lt;\/li&gt;&lt;\/ul&gt;&lt;\/div&gt;\" href=\"https:\/\/xqthenews.com\/pt-pt\/glossary\/combustiveis-fosseis\/\" data-gt-translate-attributes='[{\"attribute\":\"data-cmtooltip\", \"format\":\"html\"}]' tabindex=\"0\" role=\"link\">combust&iacute;veis f&oacute;sseis<\/a>.<\/p>\n\n\n\n<p>O pormenor mencionado &eacute; que o skate teve origem na Calif&oacute;rnia como um instrumento basculante que permitia aos surfistas treinar em terra firme na aus&ecirc;ncia de ondas, mas foi a aus&ecirc;ncia de chuva que fez dele o brinquedo preferido de gera&ccedil;&otilde;es inteiras de jovens.<a href=\"https:\/\/www.ansa.it\/canale_lifestyle\/notizie\/teen\/2024\/03\/11\/lo-skateboard-compie-40-anni-in-italia-la-regola-nessuna-regola_dbd21229-b217-4b41-b16d-e91cb794c40e.html\"> 1976<\/a> acabou por ser um ano particularmente seco para a Calif&oacute;rnia e, em Los Angeles, as milhares de piscinas da classe abastada foram esvaziadas, prontas para serem transformadas em pistas de skate. Agora que a evid&ecirc;ncia das <a class=\"glossaryLink\" aria-describedby=\"tt\" data-cmtooltip=\"&lt;div class=glossaryItemTitle&gt;Altera&ccedil;&otilde;es clim&aacute;ticas&lt;\/div&gt;&lt;div class=glossaryItemBody&gt;&amp;lt;!-- wp:paragraph {&amp;quot;translatedWithWPMLTM&amp;quot;:&amp;quot;1&amp;quot;} --&amp;gt;Causadas pelo aquecimento global, as altera&ccedil;&otilde;es clim&aacute;ticas referem-se &agrave;s varia&ccedil;&otilde;es dos padr&otilde;es meteorol&oacute;gicos de longo prazo na Terra, como a temperatura, os n&iacute;veis do mar e a precipita&ccedil;&atilde;o. &amp;lt;br\/&amp;gt;&amp;lt;!-- \/wp:paragraph --&amp;gt;&amp;lt;!-- wp:paragraph {&amp;quot;translatedWithWPMLTM&amp;quot;:&amp;quot;1&amp;quot;} --&amp;gt;A principal causa das altera&ccedil;&otilde;es clim&aacute;ticas &eacute; a combust&atilde;o de combust&iacute;veis f&oacute;sseis como o petr&oacute;leo, o carv&atilde;o e o g&aacute;s natural, que emitem gases com efeito de estufa para a atmosfera. Outras atividades humanas, como a agricultura e a desfloresta&ccedil;&atilde;o, tamb&eacute;m contribuem para a sua prolifera&ccedil;&atilde;o. O problema &eacute; que estes gases captam o calor na atmosfera: &eacute; o chamado efeito de estufa.&amp;lt;br\/&amp;gt;&amp;lt;!-- \/wp:paragraph --&amp;gt;&amp;lt;!-- wp:paragraph {&amp;quot;translatedWithWPMLTM&amp;quot;:&amp;quot;1&amp;quot;} --&amp;gt;(Fonte: European Youth Portal)&amp;lt;br\/&amp;gt;&amp;lt;!-- \/wp:paragraph --&amp;gt;&lt;\/div&gt;&lt;div class=&amp;quot;cmtt_related_articles_wrapper&amp;quot;&gt;&lt;div class=&amp;quot;cmtt_related_title cmtt_related_articles_title&amp;quot;&gt;Related Articles: &lt;\/div&gt;&lt;ul class=&amp;quot;cmtt_related&amp;quot;&gt;&lt;li class=&amp;quot;cmtt_related_item&amp;quot;&gt;&lt;a href=&amp;quot;https:\/\/xqthenews.com\/pt-pt\/movimentos-de-jovens-na-europa-pelas-respostas-a-crise-climatica\/&amp;quot;target=&amp;quot;_blank&amp;quot;&gt;Movimentos de jovens na Europa pelas respostas &agrave; crise clim&aacute;tica&lt;\/a&gt;&lt;\/li&gt;&lt;li class=&amp;quot;cmtt_related_item&amp;quot;&gt;&lt;a href=&amp;quot;https:\/\/xqthenews.com\/pt-pt\/a-tua-lancheira-de-plastico-esta-a-poluir-o-planeta-e-o-seu-sistema-endocrino\/&amp;quot;target=&amp;quot;_blank&amp;quot;&gt;A tua lancheira de pl&aacute;stico est&aacute; a poluir o planeta e o seu sistema end&oacute;crino.&lt;\/a&gt;&lt;\/li&gt;&lt;li class=&amp;quot;cmtt_related_item&amp;quot;&gt;&lt;a href=&amp;quot;https:\/\/xqthenews.com\/pt-pt\/economia-circular-materia-organica-en-el-pasado-el-presente-y-el-futuro\/&amp;quot;target=&amp;quot;_blank&amp;quot;&gt;A mat&eacute;ria org&acirc;nica no passado, presente e futuro&lt;\/a&gt;&lt;\/li&gt;&lt;li class=&amp;quot;cmtt_related_item&amp;quot;&gt;&lt;a href=&amp;quot;https:\/\/xqthenews.com\/pt-pt\/cimeira-mundial-do-clima-cop-28-no-dubai\/&amp;quot;target=&amp;quot;_blank&amp;quot;&gt;Cimeira Mundial do Clima COP 28 no Dubai&lt;\/a&gt;&lt;\/li&gt;&lt;li class=&amp;quot;cmtt_related_item&amp;quot;&gt;&lt;a href=&amp;quot;https:\/\/xqthenews.com\/pt-pt\/emergencia-climatica-e-os-desafios-para-a-saude\/&amp;quot;target=&amp;quot;_blank&amp;quot;&gt;Emerg&ecirc;ncia clim&aacute;tica e os desafios para a sa&uacute;de&lt;\/a&gt;&lt;\/li&gt;&lt;\/ul&gt;&lt;\/div&gt;\" href=\"https:\/\/xqthenews.com\/pt-pt\/glossary\/alteracoes-climaticas\/\" data-gt-translate-attributes='[{\"attribute\":\"data-cmtooltip\", \"format\":\"html\"}]' tabindex=\"0\" role=\"link\">altera&ccedil;&otilde;es clim&aacute;ticas<\/a> &eacute; cada vez mais apoiada pela investiga&ccedil;&atilde;o cient&iacute;fica e que a falta de chuva amea&ccedil;a n&atilde;o s&oacute; as piscinas dos VIPs, mas tamb&eacute;m as colheitas dos agricultores e os duches dos <a class=\"glossaryLink\" aria-describedby=\"tt\" data-cmtooltip=\"&lt;div class=glossaryItemTitle&gt;Cidad&atilde;os&lt;\/div&gt;&lt;div class=glossaryItemBody&gt;&amp;lt;!-- wp:paragraph {&amp;quot;translatedWithWPMLTM&amp;quot;:&amp;quot;1&amp;quot;} --&amp;gt;Conceito que envolve quest&otilde;es relativas a direitos e a deveres, bem como as ideias de igualdade, diversidade e justi&ccedil;a social. N&atilde;o se reportando apenas ao ato de votar, o conceito de cidadania inclui todo um conjunto de a&ccedil;&otilde;es praticadas por cada pessoa, com impacto na vida da comunidade (local, nacional, regional e internacional), indissoci&aacute;veis do espa&ccedil;o p&uacute;blico em cujo contexto as pessoas podem agir em conjunto.&amp;lt;br\/&amp;gt;&amp;lt;!-- \/wp:paragraph --&amp;gt;&amp;lt;!-- wp:paragraph {&amp;quot;translatedWithWPMLTM&amp;quot;:&amp;quot;1&amp;quot;} --&amp;gt;(Fonte: CIG &ndash; Comiss&atilde;o para a Cidadania e Igualde de G&eacute;nero)&amp;lt;br\/&amp;gt;&amp;lt;!-- \/wp:paragraph --&amp;gt;&lt;\/div&gt;&lt;div class=&amp;quot;cmtt_related_articles_wrapper&amp;quot;&gt;&lt;div class=&amp;quot;cmtt_related_title cmtt_related_articles_title&amp;quot;&gt;Related Articles: &lt;\/div&gt;&lt;ul class=&amp;quot;cmtt_related&amp;quot;&gt;&lt;li class=&amp;quot;cmtt_related_item&amp;quot;&gt;&lt;a href=&amp;quot;https:\/\/xqthenews.com\/pt-pt\/movimentos-de-jovens-na-europa-pelas-respostas-a-crise-climatica\/&amp;quot;target=&amp;quot;_blank&amp;quot;&gt;Movimentos de jovens na Europa pelas respostas &agrave; crise clim&aacute;tica&lt;\/a&gt;&lt;\/li&gt;&lt;li class=&amp;quot;cmtt_related_item&amp;quot;&gt;&lt;a href=&amp;quot;https:\/\/xqthenews.com\/pt-pt\/a-tua-lancheira-de-plastico-esta-a-poluir-o-planeta-e-o-seu-sistema-endocrino\/&amp;quot;target=&amp;quot;_blank&amp;quot;&gt;A tua lancheira de pl&aacute;stico est&aacute; a poluir o planeta e o seu sistema end&oacute;crino.&lt;\/a&gt;&lt;\/li&gt;&lt;li class=&amp;quot;cmtt_related_item&amp;quot;&gt;&lt;a href=&amp;quot;https:\/\/xqthenews.com\/pt-pt\/economia-circular-materia-organica-en-el-pasado-el-presente-y-el-futuro\/&amp;quot;target=&amp;quot;_blank&amp;quot;&gt;A mat&eacute;ria org&acirc;nica no passado, presente e futuro&lt;\/a&gt;&lt;\/li&gt;&lt;li class=&amp;quot;cmtt_related_item&amp;quot;&gt;&lt;a href=&amp;quot;https:\/\/xqthenews.com\/pt-pt\/las-tradiciones-navidenas-italianas-entre-lo-sagrado-y-lo-profano\/&amp;quot;target=&amp;quot;_blank&amp;quot;&gt;Tradi&ccedil;&otilde;es natal&iacute;cias italianas, entre o sagrado e o profano&lt;\/a&gt;&lt;\/li&gt;&lt;li class=&amp;quot;cmtt_related_item&amp;quot;&gt;&lt;a href=&amp;quot;https:\/\/xqthenews.com\/en\/homepage\/&amp;quot;target=&amp;quot;_blank&amp;quot;&gt;Homepage&lt;\/a&gt;&lt;\/li&gt;&lt;\/ul&gt;&lt;\/div&gt;\" href=\"https:\/\/xqthenews.com\/pt-pt\/glossary\/cidadania\/\" data-gt-translate-attributes='[{\"attribute\":\"data-cmtooltip\", \"format\":\"html\"}]' tabindex=\"0\" role=\"link\">cidad&atilde;os<\/a> comuns, cada vez mais cidades, grandes e pequenas, procuram outras formas de chegar ao trabalho ou a casa, dos sub&uacute;rbios ao centro e vice-versa, de skate, trotineta ou, sobretudo, de bicicleta. Pode n&atilde;o ser a receita que vai salvar o mundo, porque nunca h&aacute; s&oacute; uma receita, mas &eacute; certamente uma das a&ccedil;&otilde;es necess&aacute;rias para tornar os espa&ccedil;os urbanos mais habit&aacute;veis. No entanto, &eacute; precisamente nas ciclovias que os presidentes de c&acirc;mara apostam atualmente as suas carreiras pol&iacute;ticas e que as maiorias se reduzem a um punhado de votos.<\/p>\n\n\n\n<p class=\"has-text-align-center has-light-green-cyan-color has-text-color has-link-color has-large-font-size wp-elements-541ba204235fd90e207e46d426c423ba\">Em Lisboa, em 2021, o autarca socialista Fernando Medina, contra todas as sondagens,<a href=\"https:\/\/www.dn.pt\/politica\/as-pessoas-fartaram-se-a-frase-favorita-dos-lisboetas-no-day-after-da-queda-de-medina-14166942.html\/\"> perdeu as elei&ccedil;&otilde;es<\/a> aut&aacute;rquicas ao trope&ccedil;ar tamb&eacute;m (alguns dizem mesmo &ldquo;sobretudo&rdquo;) numa controversa ciclovia que, segundo os detratores, reduzia demasiado o espa&ccedil;o para os autom&oacute;veis numa avenida do centro da capital portuguesa. No mesmo ano, em Mil&atilde;o, durante outra campanha eleitoral, uma delega&ccedil;&atilde;o do partido Fratelli d&rsquo;Italia deu uma martelada, ainda que apenas simb&oacute;lica, mas<a href=\"https:\/\/www.milanotoday.it\/video\/martelli-pista-ciclabile-buenos-aires.html\"> filmada<\/a>, na ciclovia da Corso Buenos Aires.<\/p>\n\n\n\n<p>E basta uma simples pesquisa na internet para descobrir que at&eacute; na verdadeira Buenos Aires, l&aacute; na Argentina, as ciclovias parecem ser uma dor de cabe&ccedil;a para o presidente de c&acirc;mara<a href=\"https:\/\/www.infobae.com\/politica\/2024\/03\/03\/el-gobierno-porteno-analiza-eliminar-las-bicisendas-inutiles-hay-30-en-estudio-pero-las-de-libertador-y-cordoba-encabezan-la-lista\/\"> Jorge Macri<\/a>. &ldquo;Com a desculpa da pandemia, muitas foram feitas e sem as planear dentro de um sistema integrado de <a class=\"glossaryLink\" aria-describedby=\"tt\" data-cmtooltip=\"&lt;div class=glossaryItemTitle&gt;Mobilidade&lt;\/div&gt;&lt;div class=glossaryItemBody&gt;&amp;lt;!-- wp:paragraph {&amp;quot;translatedWithWPMLTM&amp;quot;:&amp;quot;1&amp;quot;} --&amp;gt;Capacidade individual de desloca&ccedil;&atilde;o em fun&ccedil;&atilde;o das necessidades e do interesse em viajar dos indiv&iacute;duos. Os meios de transporte dispon&iacute;veis e a acessibilidade proporcionada pelo sistema de transportes influenciam a mobilidade, bem como as caracter&iacute;sticas individuais e o contexto familiar dos indiv&iacute;duos. &amp;lt;br\/&amp;gt;&amp;lt;!-- \/wp:paragraph --&amp;gt;&amp;lt;!-- wp:paragraph {&amp;quot;translatedWithWPMLTM&amp;quot;:&amp;quot;1&amp;quot;} --&amp;gt;&amp;lt;em&amp;gt;(Fonte&amp;lt;\/em&amp;gt;: &amp;lt;em&amp;gt;Gloss&aacute;rio do Pacote da Mobilidade - IMT - Instituto da Mobilidade e dos Transportes)&amp;lt;\/em&amp;gt;&amp;lt;br\/&amp;gt;&amp;lt;!-- \/wp:paragraph --&amp;gt;&lt;\/div&gt;&lt;div class=&amp;quot;cmtt_related_articles_wrapper&amp;quot;&gt;&lt;div class=&amp;quot;cmtt_related_title cmtt_related_articles_title&amp;quot;&gt;Related Articles: &lt;\/div&gt;&lt;ul class=&amp;quot;cmtt_related&amp;quot;&gt;&lt;li class=&amp;quot;cmtt_related_item&amp;quot;&gt;&lt;a href=&amp;quot;https:\/\/xqthenews.com\/pt-pt\/ainda-vamos-a-tempo-de-salvar-o-planeta\/&amp;quot;target=&amp;quot;_blank&amp;quot;&gt;Ainda vamos a tempo de salvar o Planeta?&lt;\/a&gt;&lt;\/li&gt;&lt;li class=&amp;quot;cmtt_related_item&amp;quot;&gt;&lt;a href=&amp;quot;https:\/\/xqthenews.com\/pt-pt\/repensar-a-mobilidade-para-construir-cidades-adaptadas-ao-futuro\/&amp;quot;target=&amp;quot;_blank&amp;quot;&gt;Repensar a mobilidade para construir cidades adaptadas ao futuro&lt;\/a&gt;&lt;\/li&gt;&lt;li class=&amp;quot;cmtt_related_item&amp;quot;&gt;&lt;a href=&amp;quot;https:\/\/xqthenews.com\/pt-pt\/mobilidade-suave-e-inclusiva-para-cidades-verdadeiramente-amigas-do-ambiente\/&amp;quot;target=&amp;quot;_blank&amp;quot;&gt;Mobilidade suave e inclusiva para cidades verdadeiramente amigas do ambiente&lt;\/a&gt;&lt;\/li&gt;&lt;li class=&amp;quot;cmtt_related_item&amp;quot;&gt;&lt;a href=&amp;quot;https:\/\/xqthenews.com\/pt-pt\/repowereu-e-a-independencia-energetica-europeia\/&amp;quot;target=&amp;quot;_blank&amp;quot;&gt;RePowerEu e a independ&ecirc;ncia energ&eacute;tica europeia&lt;\/a&gt;&lt;\/li&gt;&lt;li class=&amp;quot;cmtt_related_item&amp;quot;&gt;&lt;a href=&amp;quot;https:\/\/xqthenews.com\/pt-pt\/a-pegada-de-carbono-e-ainda-importante-na-luta-contra-a-crise-climatica\/&amp;quot;target=&amp;quot;_blank&amp;quot;&gt;A Pegada de Carbono &eacute; ainda importante na luta contra a crise clim&aacute;tica?&lt;\/a&gt;&lt;\/li&gt;&lt;\/ul&gt;&lt;\/div&gt;\" href=\"https:\/\/xqthenews.com\/pt-pt\/glossary\/mobilidade\/\" data-gt-translate-attributes='[{\"attribute\":\"data-cmtooltip\", \"format\":\"html\"}]' tabindex=\"0\" role=\"link\">mobilidade<\/a>&rdquo;, diz o primo de Mauricio Macri, que, de 2015 a 2019, foi Presidente da Rep&uacute;blica.<\/p>\n\n\n\n<p>A Covid fez-nos chorar muito, mas tamb&eacute;m suspirar por um regresso talvez dif&iacute;cil a cidades sem carros. As chamadas &ldquo;covid <em>lanes&rdquo; <\/em>tinham deixado de ser uma emerg&ecirc;ncia e tinham-se tornado vias protegidas, sendo que o dinheiro do <a class=\"glossaryLink\" aria-describedby=\"tt\" data-cmtooltip=\"&lt;div class=glossaryItemTitle&gt;Fundo de recupera&ccedil;&atilde;o&lt;\/div&gt;&lt;div class=glossaryItemBody&gt;&amp;lt;!-- wp:paragraph {&amp;quot;translatedWithWPMLTM&amp;quot;:&amp;quot;1&amp;quot;} --&amp;gt;O Plano de Recupera&ccedil;&atilde;o da Europa (Plano de Recupera&ccedil;&atilde;o e Resili&ecirc;ncia &ndash; PRR) &eacute; um pacote de financiamento substancial destinado a estimular a recupera&ccedil;&atilde;o econ&oacute;mica dos pa&iacute;ses da UE ap&oacute;s a crise causada pela pandemia de Covid-19.&amp;lt;br\/&amp;gt;&amp;lt;!-- \/wp:paragraph --&amp;gt;&lt;\/div&gt;&lt;div class=&amp;quot;cmtt_related_articles_wrapper&amp;quot;&gt;&lt;div class=&amp;quot;cmtt_related_title cmtt_related_articles_title&amp;quot;&gt;Related Articles: &lt;\/div&gt;&lt;ul class=&amp;quot;cmtt_related&amp;quot;&gt;&lt;li class=&amp;quot;cmtt_related_item&amp;quot;&gt;&lt;a href=&amp;quot;https:\/\/xqthenews.com\/pt-pt\/restaurar-a-natureza-exemplos-de-sucesso-na-europa\/&amp;quot;target=&amp;quot;_blank&amp;quot;&gt;Restaurar a Natureza &ndash; Exemplos de sucesso na Europa&lt;\/a&gt;&lt;\/li&gt;&lt;\/ul&gt;&lt;\/div&gt;\" href=\"https:\/\/xqthenews.com\/pt-pt\/glossary\/fundo-de-recuperacao\/\" data-gt-translate-attributes='[{\"attribute\":\"data-cmtooltip\", \"format\":\"html\"}]' tabindex=\"0\" role=\"link\">Fundo de Recupera&ccedil;&atilde;o<\/a> ( Plano de Recupera&ccedil;&atilde;o e <a class=\"glossaryLink\" aria-describedby=\"tt\" data-cmtooltip=\"&lt;div class=glossaryItemTitle&gt;Resili&ecirc;ncia&lt;\/div&gt;&lt;div class=glossaryItemBody&gt;&amp;lt;!-- wp:paragraph {&amp;quot;translatedWithWPMLTM&amp;quot;:&amp;quot;1&amp;quot;} --&amp;gt;A resili&ecirc;ncia &eacute; a capacidade de recuperar perante a adversidade, de se adaptar a situa&ccedil;&otilde;es dif&iacute;ceis e de sair delas mais forte.&amp;lt;br\/&amp;gt;&amp;lt;!-- \/wp:paragraph --&amp;gt;&lt;\/div&gt;&lt;div class=&amp;quot;cmtt_related_articles_wrapper&amp;quot;&gt;&lt;div class=&amp;quot;cmtt_related_title cmtt_related_articles_title&amp;quot;&gt;Related Articles: &lt;\/div&gt;&lt;ul class=&amp;quot;cmtt_related&amp;quot;&gt;&lt;li class=&amp;quot;cmtt_related_item&amp;quot;&gt;&lt;a href=&amp;quot;https:\/\/xqthenews.com\/pt-pt\/movimentos-de-jovens-na-europa-pelas-respostas-a-crise-climatica\/&amp;quot;target=&amp;quot;_blank&amp;quot;&gt;Movimentos de jovens na Europa pelas respostas &agrave; crise clim&aacute;tica&lt;\/a&gt;&lt;\/li&gt;&lt;li class=&amp;quot;cmtt_related_item&amp;quot;&gt;&lt;a href=&amp;quot;https:\/\/xqthenews.com\/pt-pt\/o-impacto-das-alteracoes-climaticas-no-sul-de-italia\/&amp;quot;target=&amp;quot;_blank&amp;quot;&gt;O impacto das altera&ccedil;&otilde;es clim&aacute;ticas no sul de It&aacute;lia&lt;\/a&gt;&lt;\/li&gt;&lt;li class=&amp;quot;cmtt_related_item&amp;quot;&gt;&lt;a href=&amp;quot;https:\/\/xqthenews.com\/pt-pt\/portugal-entre-os-paises-europeus-mais-afetados-por-eventos-climaticos-extremos\/&amp;quot;target=&amp;quot;_blank&amp;quot;&gt;Portugal entre os pa&iacute;ses europeus mais afetados por eventos clim&aacute;ticos extremos&lt;\/a&gt;&lt;\/li&gt;&lt;li class=&amp;quot;cmtt_related_item&amp;quot;&gt;&lt;a href=&amp;quot;https:\/\/xqthenews.com\/pt-pt\/repowereu-e-a-independencia-energetica-europeia\/&amp;quot;target=&amp;quot;_blank&amp;quot;&gt;RePowerEu e a independ&ecirc;ncia energ&eacute;tica europeia&lt;\/a&gt;&lt;\/li&gt;&lt;li class=&amp;quot;cmtt_related_item&amp;quot;&gt;&lt;a href=&amp;quot;https:\/\/xqthenews.com\/pt-pt\/restaurar-a-natureza-exemplos-de-sucesso-na-europa\/&amp;quot;target=&amp;quot;_blank&amp;quot;&gt;Restaurar a Natureza &ndash; Exemplos de sucesso na Europa&lt;\/a&gt;&lt;\/li&gt;&lt;\/ul&gt;&lt;\/div&gt;\" href=\"https:\/\/xqthenews.com\/pt-pt\/glossary\/resiliencia\/\" data-gt-translate-attributes='[{\"attribute\":\"data-cmtooltip\", \"format\":\"html\"}]' tabindex=\"0\" role=\"link\">Resili&ecirc;ncia<\/a> &ndash; PRR) tamb&eacute;m deveria ser utilizado para construir mais destas vias at&eacute; 2026. Em vez disso, os automobilistas protestam porque se sentem cercados; os comerciantes protestam porque n&atilde;o valorizam os efeitos ben&eacute;ficos para o com&eacute;rcio de uma popula&ccedil;&atilde;o que passeia e n&atilde;o acelera de carro; e os pr&oacute;prios ciclistas protestam porque percebem que as cidades concebidas para os ve&iacute;culos de quatro rodas s&atilde;o dif&iacute;ceis de repensar para outros meios de transporte. E uma ciclovia mal pensada ou constru&iacute;da, na <a class=\"glossaryLink\"  aria-describedby=\"tt\"  data-cmtooltip=\"&lt;div class=glossaryItemTitle&gt;Guerra&lt;\/div&gt;&lt;div class=glossaryItemBody&gt;Hostilidade, conflito armado entre duas ou mais na&ccedil;&otilde;es livres ou entre fac&ccedil;&otilde;es de um mesmo Estado. Traz a morte e a destrui&ccedil;&atilde;o de recursos e bens e tem por objectivo impor a vontade dos vencedores aos vencidos.&amp;lt;br&amp;gt;Com as guerras, muitos pa&iacute;ses ficaram arruinados e endividados.  &lt;\/div&gt;&lt;div class=&amp;quot;cmtt_related_articles_wrapper&amp;quot;&gt;&lt;div class=&amp;quot;cmtt_related_title cmtt_related_articles_title&amp;quot;&gt;Related Articles: &lt;\/div&gt;&lt;ul class=&amp;quot;cmtt_related&amp;quot;&gt;&lt;li class=&amp;quot;cmtt_related_item&amp;quot;&gt;&lt;a href=&amp;quot;https:\/\/xqthenews.com\/pt-pt\/plastico-inunda-os-mares-cronica-de-um-novo-ecocidio-na-costa-galega\/&amp;quot;target=&amp;quot;_blank&amp;quot;&gt;Pl&aacute;stico inunda os mares: cr&oacute;nica de um novo ecoc&iacute;dio na costa galega&lt;\/a&gt;&lt;\/li&gt;&lt;li class=&amp;quot;cmtt_related_item&amp;quot;&gt;&lt;a href=&amp;quot;https:\/\/xqthenews.com\/pt-pt\/repowereu-e-a-independencia-energetica-europeia\/&amp;quot;target=&amp;quot;_blank&amp;quot;&gt;RePowerEu e a independ&ecirc;ncia energ&eacute;tica europeia&lt;\/a&gt;&lt;\/li&gt;&lt;li class=&amp;quot;cmtt_related_item&amp;quot;&gt;&lt;a href=&amp;quot;https:\/\/xqthenews.com\/pt-pt\/equidade-de-genero-e-o-impulso-para-a-acao-climatica\/&amp;quot;target=&amp;quot;_blank&amp;quot;&gt;Equidade de G&eacute;nero e o Impulso para a A&ccedil;&atilde;o Clim&aacute;tica&lt;\/a&gt;&lt;\/li&gt;&lt;li class=&amp;quot;cmtt_related_item&amp;quot;&gt;&lt;a href=&amp;quot;https:\/\/xqthenews.com\/pt-pt\/zelenski-a-dignidade-da-ucrania-face-a-putin-e-trump\/&amp;quot;target=&amp;quot;_blank&amp;quot;&gt;Zelenski: A dignidade da Ucr&acirc;nia face a Putin e Trump&lt;\/a&gt;&lt;\/li&gt;&lt;li class=&amp;quot;cmtt_related_item&amp;quot;&gt;&lt;a href=&amp;quot;https:\/\/xqthenews.com\/pt-pt\/as-distopias-tornam-se-realidade-o-mundo-atual-atraves-do-prisma-da-ficcao\/&amp;quot;target=&amp;quot;_blank&amp;quot;&gt;As distopias tornam-se realidade: o mundo atual atrav&eacute;s do prisma da fic&ccedil;&atilde;o&lt;\/a&gt;&lt;\/li&gt;&lt;\/ul&gt;&lt;\/div&gt;\"  href=\"https:\/\/xqthenews.com\/pt-pt\/glossary\/guerra\/\"  data-gt-translate-attributes='[{\"attribute\":\"data-cmtooltip\", \"format\":\"html\"}]' tabindex='0' role='link'>guerra<\/a> di&aacute;ria do tr&acirc;nsito, corre sempre o risco de ser mais perigosa para um ciclista do que para um automobilista. H&aacute; uma grande confus&atilde;o no asfalto e, muitas vezes, essa confus&atilde;o torna-se objeto de raiva ou de s&aacute;tira que se torna viral nas redes sociais, como no caso do cruzamento para bicicletas<a href=\"https:\/\/www.ansa.it\/lombardia\/notizie\/2023\/10\/09\/a-milano-una-pista-ciclabile-da-incubo-e-ironia-sui-social_f45c27f4-2879-4f2f-8165-52359377af3a.html\"> entre o Corso Monforte e a Via Visconti di Modrone<\/a>, tamb&eacute;m em Mil&atilde;o.<\/p>\n\n\n\n<p>No entanto, de acordo com<a href=\"https:\/\/www.europarl.europa.eu\/topics\/it\/article\/20190313STO31218\/emissioni-di-co2-delle-auto-i-numeri-e-i-dati-infografica\"> dados da Ag&ecirc;ncia Europeia do Ambiente<\/a>, o transporte rodovi&aacute;rio &eacute; um dos principais contribuintes para o total de <a class=\"glossaryLink\" aria-describedby=\"tt\" data-cmtooltip=\"&lt;div class=glossaryItemTitle&gt;Emiss&otilde;es&lt;\/div&gt;&lt;div class=glossaryItemBody&gt;&amp;lt;!-- wp:paragraph {&amp;quot;translatedWithWPMLTM&amp;quot;:&amp;quot;1&amp;quot;} --&amp;gt;Liberta&ccedil;&atilde;o de gases com efeito de estufa na atmosfera, provenientes de v&aacute;rias fontes como queima de combust&iacute;veis f&oacute;sseis, produ&ccedil;&atilde;o industrial e agricultura.&amp;lt;br\/&amp;gt;&amp;lt;!-- \/wp:paragraph --&amp;gt;&lt;\/div&gt;&lt;div class=&amp;quot;cmtt_related_articles_wrapper&amp;quot;&gt;&lt;div class=&amp;quot;cmtt_related_title cmtt_related_articles_title&amp;quot;&gt;Related Articles: &lt;\/div&gt;&lt;ul class=&amp;quot;cmtt_related&amp;quot;&gt;&lt;li class=&amp;quot;cmtt_related_item&amp;quot;&gt;&lt;a href=&amp;quot;https:\/\/xqthenews.com\/pt-pt\/a-tua-lancheira-de-plastico-esta-a-poluir-o-planeta-e-o-seu-sistema-endocrino\/&amp;quot;target=&amp;quot;_blank&amp;quot;&gt;A tua lancheira de pl&aacute;stico est&aacute; a poluir o planeta e o seu sistema end&oacute;crino.&lt;\/a&gt;&lt;\/li&gt;&lt;li class=&amp;quot;cmtt_related_item&amp;quot;&gt;&lt;a href=&amp;quot;https:\/\/xqthenews.com\/pt-pt\/cimeira-mundial-do-clima-cop-28-no-dubai\/&amp;quot;target=&amp;quot;_blank&amp;quot;&gt;Cimeira Mundial do Clima COP 28 no Dubai&lt;\/a&gt;&lt;\/li&gt;&lt;li class=&amp;quot;cmtt_related_item&amp;quot;&gt;&lt;a href=&amp;quot;https:\/\/xqthenews.com\/pt-pt\/ainda-vamos-a-tempo-de-salvar-o-planeta\/&amp;quot;target=&amp;quot;_blank&amp;quot;&gt;Ainda vamos a tempo de salvar o Planeta?&lt;\/a&gt;&lt;\/li&gt;&lt;li class=&amp;quot;cmtt_related_item&amp;quot;&gt;&lt;a href=&amp;quot;https:\/\/xqthenews.com\/pt-pt\/a-pegada-de-carbono-e-ainda-importante-na-luta-contra-a-crise-climatica\/&amp;quot;target=&amp;quot;_blank&amp;quot;&gt;A Pegada de Carbono &eacute; ainda importante na luta contra a crise clim&aacute;tica?&lt;\/a&gt;&lt;\/li&gt;&lt;\/ul&gt;&lt;\/div&gt;\" href=\"https:\/\/xqthenews.com\/pt-pt\/glossary\/emissoes\/\" data-gt-translate-attributes='[{\"attribute\":\"data-cmtooltip\", \"format\":\"html\"}]' tabindex=\"0\" role=\"link\">emiss&otilde;es<\/a> de <a class=\"glossaryLink\"  aria-describedby=\"tt\"  data-cmtooltip=\"&lt;div class=glossaryItemTitle&gt;CO2&lt;\/div&gt;&lt;div class=glossaryItemBody&gt;&amp;lt;!-- wp:paragraph {&amp;quot;translatedWithWPMLTM&amp;quot;:&amp;quot;1&amp;quot;} --&amp;gt;F&oacute;rmula que em qu&iacute;mica indica o di&oacute;xido de carbono, que no seu estado gasoso &eacute; considerado pelos cientistas como um dos principais respons&aacute;veis pelo efeito de estufa, ou seja, pelo aquecimento global.&amp;lt;br\/&amp;gt;&amp;lt;!-- \/wp:paragraph --&amp;gt;&lt;\/div&gt;&lt;div class=&amp;quot;cmtt_related_articles_wrapper&amp;quot;&gt;&lt;div class=&amp;quot;cmtt_related_title cmtt_related_articles_title&amp;quot;&gt;Related Articles: &lt;\/div&gt;&lt;ul class=&amp;quot;cmtt_related&amp;quot;&gt;&lt;li class=&amp;quot;cmtt_related_item&amp;quot;&gt;&lt;a href=&amp;quot;https:\/\/xqthenews.com\/pt-pt\/educacao-ambiental-como-novo-paradigma-na-prevencao-dos-incendios-rurais\/&amp;quot;target=&amp;quot;_blank&amp;quot;&gt;Educa&ccedil;&atilde;o Ambiental como novo paradigma na preven&ccedil;&atilde;o dos inc&ecirc;ndios rurais&lt;\/a&gt;&lt;\/li&gt;&lt;li class=&amp;quot;cmtt_related_item&amp;quot;&gt;&lt;a href=&amp;quot;https:\/\/xqthenews.com\/pt-pt\/florestas-a-peca-fundamental-do-jogo-de-xadrez-ambiental\/&amp;quot;target=&amp;quot;_blank&amp;quot;&gt;Florestas &ndash; A pe&ccedil;a fundamental do jogo de xadrez ambiental&lt;\/a&gt;&lt;\/li&gt;&lt;\/ul&gt;&lt;\/div&gt;\"  href=\"https:\/\/xqthenews.com\/pt-pt\/glossary\/co2\/\"  data-gt-translate-attributes='[{\"attribute\":\"data-cmtooltip\", \"format\":\"html\"}]' tabindex='0' role='link'>CO2<\/a> na UE, com os autom&oacute;veis de passageiros, em particular, a gerar 60,6% do total de <a class=\"glossaryLink\" aria-describedby=\"tt\" data-cmtooltip=\"&lt;div class=glossaryItemTitle&gt;Emiss&otilde;es&lt;\/div&gt;&lt;div class=glossaryItemBody&gt;&amp;lt;!-- wp:paragraph {&amp;quot;translatedWithWPMLTM&amp;quot;:&amp;quot;1&amp;quot;} --&amp;gt;Liberta&ccedil;&atilde;o de gases com efeito de estufa na atmosfera, provenientes de v&aacute;rias fontes como queima de combust&iacute;veis f&oacute;sseis, produ&ccedil;&atilde;o industrial e agricultura.&amp;lt;br\/&amp;gt;&amp;lt;!-- \/wp:paragraph --&amp;gt;&lt;\/div&gt;&lt;div class=&amp;quot;cmtt_related_articles_wrapper&amp;quot;&gt;&lt;div class=&amp;quot;cmtt_related_title cmtt_related_articles_title&amp;quot;&gt;Related Articles: &lt;\/div&gt;&lt;ul class=&amp;quot;cmtt_related&amp;quot;&gt;&lt;li class=&amp;quot;cmtt_related_item&amp;quot;&gt;&lt;a href=&amp;quot;https:\/\/xqthenews.com\/pt-pt\/a-tua-lancheira-de-plastico-esta-a-poluir-o-planeta-e-o-seu-sistema-endocrino\/&amp;quot;target=&amp;quot;_blank&amp;quot;&gt;A tua lancheira de pl&aacute;stico est&aacute; a poluir o planeta e o seu sistema end&oacute;crino.&lt;\/a&gt;&lt;\/li&gt;&lt;li class=&amp;quot;cmtt_related_item&amp;quot;&gt;&lt;a href=&amp;quot;https:\/\/xqthenews.com\/pt-pt\/cimeira-mundial-do-clima-cop-28-no-dubai\/&amp;quot;target=&amp;quot;_blank&amp;quot;&gt;Cimeira Mundial do Clima COP 28 no Dubai&lt;\/a&gt;&lt;\/li&gt;&lt;li class=&amp;quot;cmtt_related_item&amp;quot;&gt;&lt;a href=&amp;quot;https:\/\/xqthenews.com\/pt-pt\/ainda-vamos-a-tempo-de-salvar-o-planeta\/&amp;quot;target=&amp;quot;_blank&amp;quot;&gt;Ainda vamos a tempo de salvar o Planeta?&lt;\/a&gt;&lt;\/li&gt;&lt;li class=&amp;quot;cmtt_related_item&amp;quot;&gt;&lt;a href=&amp;quot;https:\/\/xqthenews.com\/pt-pt\/a-pegada-de-carbono-e-ainda-importante-na-luta-contra-a-crise-climatica\/&amp;quot;target=&amp;quot;_blank&amp;quot;&gt;A Pegada de Carbono &eacute; ainda importante na luta contra a crise clim&aacute;tica?&lt;\/a&gt;&lt;\/li&gt;&lt;\/ul&gt;&lt;\/div&gt;\" href=\"https:\/\/xqthenews.com\/pt-pt\/glossary\/emissoes\/\" data-gt-translate-attributes='[{\"attribute\":\"data-cmtooltip\", \"format\":\"html\"}]' tabindex=\"0\" role=\"link\">emiss&otilde;es<\/a>. Um<a href=\"https:\/\/x.ilpost.it\/re?l=D0I5vscjkI1s7gp04I2ITlvb7wne4I5si09w&amp;s=ODFKDFLKJNFBPBFC&amp;req=dmc_cid%3D3683%26cv_id%3D14263\"> relat&oacute;rio<\/a> publicado em 22 de abril pela Organiza&ccedil;&atilde;o Mundial do Clima e pelo servi&ccedil;o <a class=\"glossaryLink\" aria-describedby=\"tt\" data-cmtooltip=\"&lt;div class=glossaryItemTitle&gt;Copernicus&lt;\/div&gt;&lt;div class=glossaryItemBody&gt;&amp;lt;!-- wp:paragraph {&amp;quot;translatedWithWPMLTM&amp;quot;:&amp;quot;1&amp;quot;} --&amp;gt;&Eacute; o Programa de Observa&ccedil;&atilde;o da Terra da Uni&atilde;o Europeia, que analisa o nosso planeta e o seu ambiente em benef&iacute;cio de todos os cidad&atilde;os europeus. Oferece servi&ccedil;os de informa&ccedil;&atilde;o baseados na observa&ccedil;&atilde;o da Terra por sat&eacute;lite e dados in situ (n&atilde;o espaciais).&amp;lt;br\/&amp;gt;&amp;lt;!-- \/wp:paragraph --&amp;gt;&amp;lt;!-- wp:paragraph {&amp;quot;translatedWithWPMLTM&amp;quot;:&amp;quot;1&amp;quot;} --&amp;gt; (Fonte: Copernicus - Programa de Observa&ccedil;&atilde;o da Terra da Uni&atilde;o Europeia)&amp;lt;br\/&amp;gt;&amp;lt;!-- \/wp:paragraph --&amp;gt;&amp;lt;!-- wp:paragraph --&amp;gt;&amp;lt;br\/&amp;gt;&amp;lt;!-- \/wp:paragraph --&amp;gt;&lt;\/div&gt;&lt;div class=&amp;quot;cmtt_related_articles_wrapper&amp;quot;&gt;&lt;div class=&amp;quot;cmtt_related_title cmtt_related_articles_title&amp;quot;&gt;Related Articles: &lt;\/div&gt;&lt;ul class=&amp;quot;cmtt_related&amp;quot;&gt;&lt;li class=&amp;quot;cmtt_related_item&amp;quot;&gt;&lt;a href=&amp;quot;https:\/\/xqthenews.com\/pt-pt\/emergencia-climatica-e-os-desafios-para-a-saude\/&amp;quot;target=&amp;quot;_blank&amp;quot;&gt;Emerg&ecirc;ncia clim&aacute;tica e os desafios para a sa&uacute;de&lt;\/a&gt;&lt;\/li&gt;&lt;li class=&amp;quot;cmtt_related_item&amp;quot;&gt;&lt;a href=&amp;quot;https:\/\/xqthenews.com\/pt-pt\/portugal-entre-os-paises-europeus-mais-afetados-por-eventos-climaticos-extremos\/&amp;quot;target=&amp;quot;_blank&amp;quot;&gt;Portugal entre os pa&iacute;ses europeus mais afetados por eventos clim&aacute;ticos extremos&lt;\/a&gt;&lt;\/li&gt;&lt;\/ul&gt;&lt;\/div&gt;\" href=\"https:\/\/xqthenews.com\/pt-pt\/glossary\/copernicus\/\" data-gt-translate-attributes='[{\"attribute\":\"data-cmtooltip\", \"format\":\"html\"}]' tabindex=\"0\" role=\"link\">Copernicus<\/a> (o sistema de localiza&ccedil;&atilde;o por sat&eacute;lite da Uni&atilde;o Europeia) determinou que 2023 foi um dos anos mais quentes alguma vez registados na Europa. Para al&eacute;m de que uma cidade alternativa e amiga dos transportes aumentaria certamente a sua seguran&ccedil;a e habitabilidade em muitos outros aspetos. Mas quando uma quest&atilde;o &eacute; pol&eacute;mica, torna-se tamb&eacute;m perversamente gananciosa. Quando uma batalha pode arrancar votos ao inimigo, o animal pol&iacute;tico fareja sempre a oportunidade e dispensa de bom grado at&eacute; o bom senso. Veja-se a recente reforma do C&oacute;digo da Estrada por Matteo Salvini, ministro dos Transportes do Governo Meloni. Trata-se de uma medida punitiva para aqueles que optam pela micromobilidade, acusa a oposi&ccedil;&atilde;o.<a href=\"https:\/\/www.wired.it\/article\/codice-della-strada-riforma-novita-limiti-sanzioni\/#r\"> Entre outras coisas<\/a>, Salvini suprime a cl&aacute;usula da legisla&ccedil;&atilde;o europeia que permitia a circula&ccedil;&atilde;o de bicicletas nos dois sentidos, considerada uma das formas mais eficazes de reduzir a velocidade m&eacute;dia nos centros urbanos. Mas, mais estranho ainda, reduz a autonomia dos munic&iacute;pios no que diz respeito &agrave; constru&ccedil;&atilde;o de novas ciclovias, introduzindo, nalguns casos espec&iacute;ficos, um requisito de <a class=\"glossaryLink\" aria-describedby=\"tt\" data-cmtooltip=\"&lt;div class=glossaryItemTitle&gt;Avalia&ccedil;&atilde;o&lt;\/div&gt;&lt;div class=glossaryItemBody&gt;&amp;lt;!-- wp:paragraph {&amp;quot;translatedWithWPMLTM&amp;quot;:&amp;quot;1&amp;quot;} --&amp;gt;A avalia&ccedil;&atilde;o &eacute; a valoriza&ccedil;&atilde;o econ&oacute;mica de um bem, normalmente um im&oacute;vel, efectuada por um perito para determinar o seu pre&ccedil;o de mercado.&amp;lt;br\/&amp;gt;&amp;lt;!-- \/wp:paragraph --&amp;gt;&lt;\/div&gt;&lt;div class=&amp;quot;cmtt_related_articles_wrapper&amp;quot;&gt;&lt;div class=&amp;quot;cmtt_related_title cmtt_related_articles_title&amp;quot;&gt;Related Articles: &lt;\/div&gt;&lt;ul class=&amp;quot;cmtt_related&amp;quot;&gt;&lt;li class=&amp;quot;cmtt_related_item&amp;quot;&gt;&lt;a href=&amp;quot;https:\/\/xqthenews.com\/pt-pt\/a-tua-lancheira-de-plastico-esta-a-poluir-o-planeta-e-o-seu-sistema-endocrino\/&amp;quot;target=&amp;quot;_blank&amp;quot;&gt;A tua lancheira de pl&aacute;stico est&aacute; a poluir o planeta e o seu sistema end&oacute;crino.&lt;\/a&gt;&lt;\/li&gt;&lt;li class=&amp;quot;cmtt_related_item&amp;quot;&gt;&lt;a href=&amp;quot;https:\/\/xqthenews.com\/pt-pt\/qual-e-o-posicionamento-das-empresas-e-da-sociedade-em-relacao-a-economia-circular\/&amp;quot;target=&amp;quot;_blank&amp;quot;&gt;Qual &eacute; o posicionamento das empresas e da sociedade em rela&ccedil;&atilde;o &agrave; economia circular?&lt;\/a&gt;&lt;\/li&gt;&lt;li class=&amp;quot;cmtt_related_item&amp;quot;&gt;&lt;a href=&amp;quot;https:\/\/xqthenews.com\/pt-pt\/tributar-os-ricos-a-iniciativa-de-cidadania-europeia-para-um-imposto-sobre-os-ricos-a-nivel-da-ue\/&amp;quot;target=&amp;quot;_blank&amp;quot;&gt;Tributar os ricos: a Iniciativa de Cidadania Europeia para um imposto sobre os ricos ao n&iacute;vel da UE&lt;\/a&gt;&lt;\/li&gt;&lt;li class=&amp;quot;cmtt_related_item&amp;quot;&gt;&lt;a href=&amp;quot;https:\/\/xqthenews.com\/pt-pt\/restaurar-a-natureza-exemplos-de-sucesso-na-europa\/&amp;quot;target=&amp;quot;_blank&amp;quot;&gt;Restaurar a Natureza &ndash; Exemplos de sucesso na Europa&lt;\/a&gt;&lt;\/li&gt;&lt;\/ul&gt;&lt;\/div&gt;\" href=\"https:\/\/xqthenews.com\/pt-pt\/glossary\/avaliacao\/\" data-gt-translate-attributes='[{\"attribute\":\"data-cmtooltip\", \"format\":\"html\"}]' tabindex=\"0\" role=\"link\">avalia&ccedil;&atilde;o<\/a> ministerial. Uma escolha, no m&iacute;nimo, paradoxal para um pol&iacute;tico oriundo de um partido que, como a Liga, nasceu para reivindicar as virtudes da autonomia local.<\/p>\n","protected":false},"excerpt":{"rendered":"<p>Apesar de os autom&oacute;veis gerarem 60,6% do total de <a class=\"glossaryLink\" aria-describedby=\"tt\" data-cmtooltip=\"&lt;div class=glossaryItemTitle&gt;Emiss&otilde;es&lt;\/div&gt;&lt;div class=glossaryItemBody&gt;&amp;lt;!-- wp:paragraph {&amp;quot;translatedWithWPMLTM&amp;quot;:&amp;quot;1&amp;quot;} --&amp;gt;Liberta&ccedil;&atilde;o de gases com efeito de estufa na atmosfera, provenientes de v&aacute;rias fontes como queima de combust&iacute;veis f&oacute;sseis, produ&ccedil;&atilde;o industrial e agricultura.&amp;lt;br\/&amp;gt;&amp;lt;!-- \/wp:paragraph --&amp;gt;&lt;\/div&gt;&lt;div class=&amp;quot;cmtt_related_articles_wrapper&amp;quot;&gt;&lt;div class=&amp;quot;cmtt_related_title cmtt_related_articles_title&amp;quot;&gt;Related Articles: &lt;\/div&gt;&lt;ul class=&amp;quot;cmtt_related&amp;quot;&gt;&lt;li class=&amp;quot;cmtt_related_item&amp;quot;&gt;&lt;a href=&amp;quot;https:\/\/xqthenews.com\/pt-pt\/a-tua-lancheira-de-plastico-esta-a-poluir-o-planeta-e-o-seu-sistema-endocrino\/&amp;quot;target=&amp;quot;_blank&amp;quot;&gt;A tua lancheira de pl&aacute;stico est&aacute; a poluir o planeta e o seu sistema end&oacute;crino.&lt;\/a&gt;&lt;\/li&gt;&lt;li class=&amp;quot;cmtt_related_item&amp;quot;&gt;&lt;a href=&amp;quot;https:\/\/xqthenews.com\/pt-pt\/cimeira-mundial-do-clima-cop-28-no-dubai\/&amp;quot;target=&amp;quot;_blank&amp;quot;&gt;Cimeira Mundial do Clima COP 28 no Dubai&lt;\/a&gt;&lt;\/li&gt;&lt;li class=&amp;quot;cmtt_related_item&amp;quot;&gt;&lt;a href=&amp;quot;https:\/\/xqthenews.com\/pt-pt\/ainda-vamos-a-tempo-de-salvar-o-planeta\/&amp;quot;target=&amp;quot;_blank&amp;quot;&gt;Ainda vamos a tempo de salvar o Planeta?&lt;\/a&gt;&lt;\/li&gt;&lt;li class=&amp;quot;cmtt_related_item&amp;quot;&gt;&lt;a href=&amp;quot;https:\/\/xqthenews.com\/pt-pt\/a-pegada-de-carbono-e-ainda-importante-na-luta-contra-a-crise-climatica\/&amp;quot;target=&amp;quot;_blank&amp;quot;&gt;A Pegada de Carbono &eacute; ainda importante na luta contra a crise clim&aacute;tica?&lt;\/a&gt;&lt;\/li&gt;&lt;\/ul&gt;&lt;\/div&gt;\" href=\"https:\/\/xqthenews.com\/pt-pt\/glossary\/emissoes\/\" data-gt-translate-attributes='[{\"attribute\":\"data-cmtooltip\", \"format\":\"html\"}]' tabindex=\"0\" role=\"link\">emiss&otilde;es<\/a> de <a class=\"glossaryLink\" aria-describedby=\"tt\" data-cmtooltip=\"&lt;div class=glossaryItemTitle&gt;CO2&lt;\/div&gt;&lt;div class=glossaryItemBody&gt;&amp;lt;!-- wp:paragraph {&amp;quot;translatedWithWPMLTM&amp;quot;:&amp;quot;1&amp;quot;} --&amp;gt;F&oacute;rmula que em qu&iacute;mica indica o di&oacute;xido de carbono, que no seu estado gasoso &eacute; considerado pelos cientistas como um dos principais respons&aacute;veis pelo efeito de estufa, ou seja, pelo aquecimento global.&amp;lt;br\/&amp;gt;&amp;lt;!-- \/wp:paragraph --&amp;gt;&lt;\/div&gt;&lt;div class=&amp;quot;cmtt_related_articles_wrapper&amp;quot;&gt;&lt;div class=&amp;quot;cmtt_related_title cmtt_related_articles_title&amp;quot;&gt;Related Articles: &lt;\/div&gt;&lt;ul class=&amp;quot;cmtt_related&amp;quot;&gt;&lt;li class=&amp;quot;cmtt_related_item&amp;quot;&gt;&lt;a href=&amp;quot;https:\/\/xqthenews.com\/pt-pt\/educacao-ambiental-como-novo-paradigma-na-prevencao-dos-incendios-rurais\/&amp;quot;target=&amp;quot;_blank&amp;quot;&gt;Educa&ccedil;&atilde;o Ambiental como novo paradigma na preven&ccedil;&atilde;o dos inc&ecirc;ndios rurais&lt;\/a&gt;&lt;\/li&gt;&lt;li class=&amp;quot;cmtt_related_item&amp;quot;&gt;&lt;a href=&amp;quot;https:\/\/xqthenews.com\/pt-pt\/florestas-a-peca-fundamental-do-jogo-de-xadrez-ambiental\/&amp;quot;target=&amp;quot;_blank&amp;quot;&gt;Florestas &ndash; A pe&ccedil;a fundamental do jogo de xadrez ambiental&lt;\/a&gt;&lt;\/li&gt;&lt;\/ul&gt;&lt;\/div&gt;\" href=\"https:\/\/xqthenews.com\/pt-pt\/glossary\/co2\/\" data-gt-translate-attributes='[{\"attribute\":\"data-cmtooltip\", \"format\":\"html\"}]' tabindex=\"0\" role=\"link\">CO2<\/a> na Europa, a utiliza&ccedil;&atilde;o de bicicletas, skates e trotinetas continua a ser baixa e, no que diz respeito &agrave; quest&atilde;o das ciclovias, um presidente de c&acirc;mara arrisca-se a perder as elei&ccedil;&otilde;es.<\/p>\n","protected":false},"author":56,"featured_media":21295,"comment_status":"open","ping_status":"open","sticky":false,"template":"","format":"standard","meta":{"_acf_changed":false,"footnotes":""},"categories":[452,486],"tags":[135],"coauthors":[218],"class_list":{"0":"post-21299","1":"post","2":"type-post","3":"status-publish","4":"format-standard","5":"has-post-thumbnail","7":"category-ambiente","8":"category-sustentabilidade","9":"tag-emergencia-climatica-pt-pt"},"acf":[],"yoast_head":"<!-- This site is optimized with the Yoast SEO plugin v27.1.1 - https:\/\/yoast.com\/product\/yoast-seo-wordpress\/ -->\n<title>Mobilidade ambientalmente respons\u00e1vel: hesita\u00e7\u00f5es pol\u00edticas - xqthenews<\/title>\n<meta name=\"robots\" content=\"index, follow, max-snippet:-1, max-image-preview:large, max-video-preview:-1\" \/>\n<link rel=\"canonical\" href=\"https:\/\/xqthenews.com\/pt-pt\/mobilidade-ambientalmente-responsavel-hesitacoes-politicas\/\" \/>\n<meta property=\"og:locale\" content=\"pt_PT\" \/>\n<meta property=\"og:type\" content=\"article\" \/>\n<meta property=\"og:title\" content=\"Mobilidade ambientalmente respons\u00e1vel: hesita\u00e7\u00f5es pol\u00edticas - xqthenews\" \/>\n<meta property=\"og:description\" content=\"Apesar de os autom&oacute;veis gerarem 60,6% do total de emiss&otilde;es de CO2 na Europa, a utiliza&ccedil;&atilde;o de bicicletas, skates e trotinetas continua a ser baixa e, no que diz respeito &agrave; quest&atilde;o das ciclovias, um presidente de c&acirc;mara arrisca-se a perder as elei&ccedil;&otilde;es.\" \/>\n<meta property=\"og:url\" content=\"https:\/\/xqthenews.com\/pt-pt\/mobilidade-ambientalmente-responsavel-hesitacoes-politicas\/\" \/>\n<meta property=\"og:site_name\" content=\"xqthenews\" \/>\n<meta property=\"article:published_time\" content=\"2024-05-02T04:01:56+00:00\" \/>\n<meta property=\"article:modified_time\" content=\"2024-09-10T22:10:37+00:00\" \/>\n<meta property=\"og:image\" content=\"https:\/\/xqthenews.com\/wp-content\/uploads\/2024\/04\/Imagen-portada-3-scaled.jpg\" \/>\n\t<meta property=\"og:image:width\" content=\"2560\" \/>\n\t<meta property=\"og:image:height\" content=\"1479\" \/>\n\t<meta property=\"og:image:type\" content=\"image\/jpeg\" \/>\n<meta name=\"author\" content=\"Marcello Sacco\" \/>\n<meta name=\"twitter:card\" content=\"summary_large_image\" \/>\n<meta name=\"twitter:label1\" content=\"Escrito por\" \/>\n\t<meta name=\"twitter:data1\" content=\"Marcello Sacco\" \/>\n\t<meta name=\"twitter:label2\" content=\"Tempo estimado de leitura\" \/>\n\t<meta name=\"twitter:data2\" content=\"5 minutos\" \/>\n\t<meta name=\"twitter:label3\" content=\"Written by\" \/>\n\t<meta name=\"twitter:data3\" content=\"Marcello Sacco\" \/>\n<script type=\"application\/ld+json\" class=\"yoast-schema-graph\">{\"@context\":\"https:\/\/schema.org\",\"@graph\":[{\"@type\":\"Article\",\"@id\":\"https:\/\/xqthenews.com\/pt-pt\/mobilidade-ambientalmente-responsavel-hesitacoes-politicas\/#article\",\"isPartOf\":{\"@id\":\"https:\/\/xqthenews.com\/pt-pt\/mobilidade-ambientalmente-responsavel-hesitacoes-politicas\/\"},\"author\":{\"name\":\"Marcello Sacco\",\"@id\":\"https:\/\/xqthenews.com\/es\/#\/schema\/person\/fddbd3b74c2c906c1483f97df560fd44\"},\"headline\":\"Mobilidade ambientalmente respons\u00e1vel: hesita\u00e7\u00f5es pol\u00edticas\",\"datePublished\":\"2024-05-02T04:01:56+00:00\",\"dateModified\":\"2024-09-10T22:10:37+00:00\",\"mainEntityOfPage\":{\"@id\":\"https:\/\/xqthenews.com\/pt-pt\/mobilidade-ambientalmente-responsavel-hesitacoes-politicas\/\"},\"wordCount\":1013,\"commentCount\":0,\"image\":{\"@id\":\"https:\/\/xqthenews.com\/pt-pt\/mobilidade-ambientalmente-responsavel-hesitacoes-politicas\/#primaryimage\"},\"thumbnailUrl\":\"https:\/\/xqthenews.com\/wp-content\/uploads\/2024\/04\/Imagen-portada-3-scaled.jpg\",\"keywords\":[\"Emerg\u00eancia clim\u00e1tica\"],\"articleSection\":[\"Ambiente\",\"Sustentabilidade\"],\"inLanguage\":\"pt-PT\",\"potentialAction\":[{\"@type\":\"CommentAction\",\"name\":\"Comment\",\"target\":[\"https:\/\/xqthenews.com\/pt-pt\/mobilidade-ambientalmente-responsavel-hesitacoes-politicas\/#respond\"]}]},{\"@type\":\"WebPage\",\"@id\":\"https:\/\/xqthenews.com\/pt-pt\/mobilidade-ambientalmente-responsavel-hesitacoes-politicas\/\",\"url\":\"https:\/\/xqthenews.com\/pt-pt\/mobilidade-ambientalmente-responsavel-hesitacoes-politicas\/\",\"name\":\"Mobilidade ambientalmente respons\u00e1vel: hesita\u00e7\u00f5es pol\u00edticas - xqthenews\",\"isPartOf\":{\"@id\":\"https:\/\/xqthenews.com\/es\/#website\"},\"primaryImageOfPage\":{\"@id\":\"https:\/\/xqthenews.com\/pt-pt\/mobilidade-ambientalmente-responsavel-hesitacoes-politicas\/#primaryimage\"},\"image\":{\"@id\":\"https:\/\/xqthenews.com\/pt-pt\/mobilidade-ambientalmente-responsavel-hesitacoes-politicas\/#primaryimage\"},\"thumbnailUrl\":\"https:\/\/xqthenews.com\/wp-content\/uploads\/2024\/04\/Imagen-portada-3-scaled.jpg\",\"datePublished\":\"2024-05-02T04:01:56+00:00\",\"dateModified\":\"2024-09-10T22:10:37+00:00\",\"author\":{\"@id\":\"https:\/\/xqthenews.com\/es\/#\/schema\/person\/fddbd3b74c2c906c1483f97df560fd44\"},\"breadcrumb\":{\"@id\":\"https:\/\/xqthenews.com\/pt-pt\/mobilidade-ambientalmente-responsavel-hesitacoes-politicas\/#breadcrumb\"},\"inLanguage\":\"pt-PT\",\"potentialAction\":[{\"@type\":\"ReadAction\",\"target\":[\"https:\/\/xqthenews.com\/pt-pt\/mobilidade-ambientalmente-responsavel-hesitacoes-politicas\/\"]}]},{\"@type\":\"ImageObject\",\"inLanguage\":\"pt-PT\",\"@id\":\"https:\/\/xqthenews.com\/pt-pt\/mobilidade-ambientalmente-responsavel-hesitacoes-politicas\/#primaryimage\",\"url\":\"https:\/\/xqthenews.com\/wp-content\/uploads\/2024\/04\/Imagen-portada-3-scaled.jpg\",\"contentUrl\":\"https:\/\/xqthenews.com\/wp-content\/uploads\/2024\/04\/Imagen-portada-3-scaled.jpg\",\"width\":2560,\"height\":1479,\"caption\":\"Bike lane, road for bicycles (bike, road, sign)\"},{\"@type\":\"BreadcrumbList\",\"@id\":\"https:\/\/xqthenews.com\/pt-pt\/mobilidade-ambientalmente-responsavel-hesitacoes-politicas\/#breadcrumb\",\"itemListElement\":[{\"@type\":\"ListItem\",\"position\":1,\"name\":\"Portada\",\"item\":\"https:\/\/xqthenews.com\/pt-pt\/\"},{\"@type\":\"ListItem\",\"position\":2,\"name\":\"Mobilidade ambientalmente respons\u00e1vel: hesita\u00e7\u00f5es pol\u00edticas\"}]},{\"@type\":\"WebSite\",\"@id\":\"https:\/\/xqthenews.com\/es\/#website\",\"url\":\"https:\/\/xqthenews.com\/es\/\",\"name\":\"xqthenews\",\"description\":\"El porqu\u00e9 de las noticias\",\"potentialAction\":[{\"@type\":\"SearchAction\",\"target\":{\"@type\":\"EntryPoint\",\"urlTemplate\":\"https:\/\/xqthenews.com\/es\/?s={search_term_string}\"},\"query-input\":{\"@type\":\"PropertyValueSpecification\",\"valueRequired\":true,\"valueName\":\"search_term_string\"}}],\"inLanguage\":\"pt-PT\"},{\"@type\":\"Person\",\"@id\":\"https:\/\/xqthenews.com\/es\/#\/schema\/person\/fddbd3b74c2c906c1483f97df560fd44\",\"name\":\"Marcello Sacco\",\"image\":{\"@type\":\"ImageObject\",\"inLanguage\":\"pt-PT\",\"@id\":\"https:\/\/xqthenews.com\/es\/#\/schema\/person\/image\/c6bdc0cf1ec410042ea7cc0a9f03e3c5\",\"url\":\"https:\/\/xqthenews.com\/wp-content\/uploads\/2024\/09\/marcello-sacco_avatar_1-96x96.jpeg\",\"contentUrl\":\"https:\/\/xqthenews.com\/wp-content\/uploads\/2024\/09\/marcello-sacco_avatar_1-96x96.jpeg\",\"caption\":\"Marcello Sacco\"},\"description\":\"Reside en Lisboa desde hace muchos a\u00f1os, donde trabaja como profesor, traductor, periodista freelance y corresponsal de ANSA desde Portugal. Paralelamente a sus estudios musicales, se licenci\u00f3 en Lenguas y Literaturas Extranjeras en la Universidad de Lecce.\",\"url\":\"https:\/\/xqthenews.com\/pt-pt\/author\/marcello-sacco\/\"}]}<\/script>\n<!-- \/ Yoast SEO plugin. -->","yoast_head_json":{"title":"Mobilidade ambientalmente respons\u00e1vel: hesita\u00e7\u00f5es pol\u00edticas - xqthenews","robots":{"index":"index","follow":"follow","max-snippet":"max-snippet:-1","max-image-preview":"max-image-preview:large","max-video-preview":"max-video-preview:-1"},"canonical":"https:\/\/xqthenews.com\/pt-pt\/mobilidade-ambientalmente-responsavel-hesitacoes-politicas\/","og_locale":"pt_PT","og_type":"article","og_title":"Mobilidade ambientalmente respons\u00e1vel: hesita\u00e7\u00f5es pol\u00edticas - xqthenews","og_description":"Apesar de os autom&oacute;veis gerarem 60,6% do total de emiss&otilde;es de CO2 na Europa, a utiliza&ccedil;&atilde;o de bicicletas, skates e trotinetas continua a ser baixa e, no que diz respeito &agrave; quest&atilde;o das ciclovias, um presidente de c&acirc;mara arrisca-se a perder as elei&ccedil;&otilde;es.","og_url":"https:\/\/xqthenews.com\/pt-pt\/mobilidade-ambientalmente-responsavel-hesitacoes-politicas\/","og_site_name":"xqthenews","article_published_time":"2024-05-02T04:01:56+00:00","article_modified_time":"2024-09-10T22:10:37+00:00","og_image":[{"width":2560,"height":1479,"url":"https:\/\/xqthenews.com\/wp-content\/uploads\/2024\/04\/Imagen-portada-3-scaled.jpg","type":"image\/jpeg"}],"author":"Marcello Sacco","twitter_card":"summary_large_image","twitter_misc":{"Escrito por":"Marcello Sacco","Tempo estimado de leitura":"5 minutos","Written by":"Marcello Sacco"},"schema":{"@context":"https:\/\/schema.org","@graph":[{"@type":"Article","@id":"https:\/\/xqthenews.com\/pt-pt\/mobilidade-ambientalmente-responsavel-hesitacoes-politicas\/#article","isPartOf":{"@id":"https:\/\/xqthenews.com\/pt-pt\/mobilidade-ambientalmente-responsavel-hesitacoes-politicas\/"},"author":{"name":"Marcello Sacco","@id":"https:\/\/xqthenews.com\/es\/#\/schema\/person\/fddbd3b74c2c906c1483f97df560fd44"},"headline":"Mobilidade ambientalmente respons\u00e1vel: hesita\u00e7\u00f5es pol\u00edticas","datePublished":"2024-05-02T04:01:56+00:00","dateModified":"2024-09-10T22:10:37+00:00","mainEntityOfPage":{"@id":"https:\/\/xqthenews.com\/pt-pt\/mobilidade-ambientalmente-responsavel-hesitacoes-politicas\/"},"wordCount":1013,"commentCount":0,"image":{"@id":"https:\/\/xqthenews.com\/pt-pt\/mobilidade-ambientalmente-responsavel-hesitacoes-politicas\/#primaryimage"},"thumbnailUrl":"https:\/\/xqthenews.com\/wp-content\/uploads\/2024\/04\/Imagen-portada-3-scaled.jpg","keywords":["Emerg\u00eancia clim\u00e1tica"],"articleSection":["Ambiente","Sustentabilidade"],"inLanguage":"pt-PT","potentialAction":[{"@type":"CommentAction","name":"Comment","target":["https:\/\/xqthenews.com\/pt-pt\/mobilidade-ambientalmente-responsavel-hesitacoes-politicas\/#respond"]}]},{"@type":"WebPage","@id":"https:\/\/xqthenews.com\/pt-pt\/mobilidade-ambientalmente-responsavel-hesitacoes-politicas\/","url":"https:\/\/xqthenews.com\/pt-pt\/mobilidade-ambientalmente-responsavel-hesitacoes-politicas\/","name":"Mobilidade ambientalmente respons\u00e1vel: hesita\u00e7\u00f5es pol\u00edticas - xqthenews","isPartOf":{"@id":"https:\/\/xqthenews.com\/es\/#website"},"primaryImageOfPage":{"@id":"https:\/\/xqthenews.com\/pt-pt\/mobilidade-ambientalmente-responsavel-hesitacoes-politicas\/#primaryimage"},"image":{"@id":"https:\/\/xqthenews.com\/pt-pt\/mobilidade-ambientalmente-responsavel-hesitacoes-politicas\/#primaryimage"},"thumbnailUrl":"https:\/\/xqthenews.com\/wp-content\/uploads\/2024\/04\/Imagen-portada-3-scaled.jpg","datePublished":"2024-05-02T04:01:56+00:00","dateModified":"2024-09-10T22:10:37+00:00","author":{"@id":"https:\/\/xqthenews.com\/es\/#\/schema\/person\/fddbd3b74c2c906c1483f97df560fd44"},"breadcrumb":{"@id":"https:\/\/xqthenews.com\/pt-pt\/mobilidade-ambientalmente-responsavel-hesitacoes-politicas\/#breadcrumb"},"inLanguage":"pt-PT","potentialAction":[{"@type":"ReadAction","target":["https:\/\/xqthenews.com\/pt-pt\/mobilidade-ambientalmente-responsavel-hesitacoes-politicas\/"]}]},{"@type":"ImageObject","inLanguage":"pt-PT","@id":"https:\/\/xqthenews.com\/pt-pt\/mobilidade-ambientalmente-responsavel-hesitacoes-politicas\/#primaryimage","url":"https:\/\/xqthenews.com\/wp-content\/uploads\/2024\/04\/Imagen-portada-3-scaled.jpg","contentUrl":"https:\/\/xqthenews.com\/wp-content\/uploads\/2024\/04\/Imagen-portada-3-scaled.jpg","width":2560,"height":1479,"caption":"Bike lane, road for bicycles (bike, road, sign)"},{"@type":"BreadcrumbList","@id":"https:\/\/xqthenews.com\/pt-pt\/mobilidade-ambientalmente-responsavel-hesitacoes-politicas\/#breadcrumb","itemListElement":[{"@type":"ListItem","position":1,"name":"Portada","item":"https:\/\/xqthenews.com\/pt-pt\/"},{"@type":"ListItem","position":2,"name":"Mobilidade ambientalmente respons\u00e1vel: hesita\u00e7\u00f5es pol\u00edticas"}]},{"@type":"WebSite","@id":"https:\/\/xqthenews.com\/es\/#website","url":"https:\/\/xqthenews.com\/es\/","name":"xqthenews","description":"El porqu\u00e9 de las noticias","potentialAction":[{"@type":"SearchAction","target":{"@type":"EntryPoint","urlTemplate":"https:\/\/xqthenews.com\/es\/?s={search_term_string}"},"query-input":{"@type":"PropertyValueSpecification","valueRequired":true,"valueName":"search_term_string"}}],"inLanguage":"pt-PT"},{"@type":"Person","@id":"https:\/\/xqthenews.com\/es\/#\/schema\/person\/fddbd3b74c2c906c1483f97df560fd44","name":"Marcello Sacco","image":{"@type":"ImageObject","inLanguage":"pt-PT","@id":"https:\/\/xqthenews.com\/es\/#\/schema\/person\/image\/c6bdc0cf1ec410042ea7cc0a9f03e3c5","url":"https:\/\/xqthenews.com\/wp-content\/uploads\/2024\/09\/marcello-sacco_avatar_1-96x96.jpeg","contentUrl":"https:\/\/xqthenews.com\/wp-content\/uploads\/2024\/09\/marcello-sacco_avatar_1-96x96.jpeg","caption":"Marcello Sacco"},"description":"Reside en Lisboa desde hace muchos a\u00f1os, donde trabaja como profesor, traductor, periodista freelance y corresponsal de ANSA desde Portugal. Paralelamente a sus estudios musicales, se licenci\u00f3 en Lenguas y Literaturas Extranjeras en la Universidad de Lecce.","url":"https:\/\/xqthenews.com\/pt-pt\/author\/marcello-sacco\/"}]}},"_links":{"self":[{"href":"https:\/\/xqthenews.com\/pt-pt\/wp-json\/wp\/v2\/posts\/21299","targetHints":{"allow":["GET"]}}],"collection":[{"href":"https:\/\/xqthenews.com\/pt-pt\/wp-json\/wp\/v2\/posts"}],"about":[{"href":"https:\/\/xqthenews.com\/pt-pt\/wp-json\/wp\/v2\/types\/post"}],"author":[{"embeddable":true,"href":"https:\/\/xqthenews.com\/pt-pt\/wp-json\/wp\/v2\/users\/56"}],"replies":[{"embeddable":true,"href":"https:\/\/xqthenews.com\/pt-pt\/wp-json\/wp\/v2\/comments?post=21299"}],"version-history":[{"count":0,"href":"https:\/\/xqthenews.com\/pt-pt\/wp-json\/wp\/v2\/posts\/21299\/revisions"}],"wp:featuredmedia":[{"embeddable":true,"href":"https:\/\/xqthenews.com\/pt-pt\/wp-json\/wp\/v2\/media\/21295"}],"wp:attachment":[{"href":"https:\/\/xqthenews.com\/pt-pt\/wp-json\/wp\/v2\/media?parent=21299"}],"wp:term":[{"taxonomy":"category","embeddable":true,"href":"https:\/\/xqthenews.com\/pt-pt\/wp-json\/wp\/v2\/categories?post=21299"},{"taxonomy":"post_tag","embeddable":true,"href":"https:\/\/xqthenews.com\/pt-pt\/wp-json\/wp\/v2\/tags?post=21299"},{"taxonomy":"author","embeddable":true,"href":"https:\/\/xqthenews.com\/pt-pt\/wp-json\/wp\/v2\/coauthors?post=21299"}],"curies":[{"name":"wp","href":"https:\/\/api.w.org\/{rel}","templated":true}]}}