{"id":19866,"date":"2024-03-20T08:00:23","date_gmt":"2024-03-20T07:00:23","guid":{"rendered":"https:\/\/sad-borg.82-223-8-23.plesk.page\/?p=19866"},"modified":"2024-09-10T23:10:07","modified_gmt":"2024-09-10T22:10:07","slug":"conheca-o-movimento-hora-pelo-planeta-e-descubra-como-participar-neste-apelo-global-pelo-futuro","status":"publish","type":"post","link":"https:\/\/xqthenews.com\/pt-pt\/conheca-o-movimento-hora-pelo-planeta-e-descubra-como-participar-neste-apelo-global-pelo-futuro\/","title":{"rendered":"Conhe\u00e7a o movimento &#8220;Hora Pelo Planeta&#8221; e descubra como participar neste apelo global pelo futuro."},"content":{"rendered":"<p>Organizado pela <a href=\"https:\/\/www.wwf.org.uk\">World Wide Fund for Nature (WWF)<\/a> e os seus parceiros, a Hora do Planeta hoje &eacute; reconhecida como um dos maiores movimentos ambientais do mundo e teve in&iacute;cio em 2007 em Sydney, Austr&aacute;lia. Este movimento &eacute; uma demonstra&ccedil;&atilde;o palp&aacute;vel de preocupa&ccedil;&atilde;o e compromisso com a sa&uacute;de do nosso planeta, transcendendo fronteiras e unindo comunidades ao redor do globo.<\/p>\n\n\n\n<p>Mais do que um simples ato de desligar as luzes por uma hora, a Hora do Planeta representa uma oportunidade para reconectar com a <a class=\"glossaryLink\"  aria-describedby=\"tt\"  data-cmtooltip=\"&lt;div class=glossaryItemTitle&gt;Natureza&lt;\/div&gt;&lt;div class=glossaryItemBody&gt;&amp;lt;!-- wp:paragraph {&amp;quot;translatedWithWPMLTM&amp;quot;:&amp;quot;1&amp;quot;} --&amp;gt;A natureza &eacute; um termo amplo que se refere a tudo o que existe no mundo natural, incluindo todos os seres vivos, plantas, animais, ecossistemas, paisagens, fen&oacute;menos naturais e recursos naturais. &Eacute; o conjunto de elementos que comp&otilde;em o ambiente em que vivemos, incluindo o ar, a &aacute;gua, o solo e a biodiversidade. &amp;lt;br\/&amp;gt;&amp;lt;!-- \/wp:paragraph --&amp;gt;&amp;lt;!-- wp:paragraph {&amp;quot;translatedWithWPMLTM&amp;quot;:&amp;quot;1&amp;quot;} --&amp;gt;(Fonte: S&oacute; Escola)&amp;lt;br\/&amp;gt;&amp;lt;!-- \/wp:paragraph --&amp;gt;&lt;\/div&gt;&lt;div id=&amp;quot;cmtt_related_articles&amp;quot; class=&amp;quot;cmtt_related_articles_wrapper&amp;quot;&gt;&lt;div class=&amp;quot;cmtt_related_title cmtt_related_articles_title&amp;quot;&gt;Related Articles: &lt;\/div&gt;&lt;ul class=&amp;quot;cmtt_related&amp;quot;&gt;&lt;li class=&amp;quot;cmtt_related_item&amp;quot;&gt;&lt;a href=&amp;quot;https:\/\/xqthenews.com\/pt-pt\/economia-circular-materia-organica-en-el-pasado-el-presente-y-el-futuro\/&amp;quot;target=&amp;quot;_blank&amp;quot;&gt;A mat&eacute;ria org&acirc;nica no passado, presente e futuro&lt;\/a&gt;&lt;\/li&gt;&lt;li class=&amp;quot;cmtt_related_item&amp;quot;&gt;&lt;a href=&amp;quot;https:\/\/xqthenews.com\/pt-pt\/o-papel-da-juventude-na-transicao-ecologica\/&amp;quot;target=&amp;quot;_blank&amp;quot;&gt;O papel da juventude na transi&ccedil;&atilde;o ecol&oacute;gica&lt;\/a&gt;&lt;\/li&gt;&lt;li class=&amp;quot;cmtt_related_item&amp;quot;&gt;&lt;a href=&amp;quot;https:\/\/xqthenews.com\/pt-pt\/o-impacto-das-alteracoes-climaticas-no-sul-de-italia\/&amp;quot;target=&amp;quot;_blank&amp;quot;&gt;O impacto das altera&ccedil;&otilde;es clim&aacute;ticas no sul de It&aacute;lia&lt;\/a&gt;&lt;\/li&gt;&lt;li class=&amp;quot;cmtt_related_item&amp;quot;&gt;&lt;a href=&amp;quot;https:\/\/xqthenews.com\/pt-pt\/dana-de-outono-no-mediterraneo-depois-da-tempestade-nao-ha-calma\/&amp;quot;target=&amp;quot;_blank&amp;quot;&gt;DANA de outono no Mediterr&acirc;neo: depois da tempestade, n&atilde;o h&aacute; calma&lt;\/a&gt;&lt;\/li&gt;&lt;li class=&amp;quot;cmtt_related_item&amp;quot;&gt;&lt;a href=&amp;quot;https:\/\/xqthenews.com\/pt-pt\/restaurar-a-natureza-exemplos-de-sucesso-na-europa\/&amp;quot;target=&amp;quot;_blank&amp;quot;&gt;Restaurar a Natureza &ndash; Exemplos de sucesso na Europa&lt;\/a&gt;&lt;\/li&gt;&lt;\/ul&gt;&lt;\/div&gt;\"  href=\"https:\/\/xqthenews.com\/pt-pt\/glossary\/natureza\/\"  data-gt-translate-attributes='[{\"attribute\":\"data-cmtooltip\", \"format\":\"html\"}]' tabindex='0' role='link'>natureza<\/a> e uns com os outros, reafirmando o nosso compromisso coletivo com a conserva&ccedil;&atilde;o ambiental e a luta contra a emerg&ecirc;ncia clim&aacute;tica.&nbsp;<\/p>\n\n\n\n<blockquote class=\"wp-block-quote is-layout-flow wp-block-quote-is-layout-flow\">\n<p class=\"has-text-align-center has-large-font-size\"><mark style=\"background-color:rgba(0, 0, 0, 0)\" class=\"has-inline-color has-light-green-cyan-color\">Este evento anual, marcado para o dia <a href=\"https:\/\/www.earthhour.org\">23 de mar&ccedil;o de 2024<\/a>, das 20h30 &agrave;s 21h30 (em cada hora local), v&ecirc; centenas de milh&otilde;es de pessoas, al&eacute;m de empresas, marcos famosos e comunidades inteiras, participando de atividades que refletem uma crescente consci&ecirc;ncia ambiental.<\/mark><\/p>\n<\/blockquote>\n\n\n\n<p>Em tempos de desafios sem precedentes, a Hora do Planeta tem promovido solu&ccedil;&otilde;es criativas, como foi visto em 2020 no Reino Unido, quando o evento assumiu um formato totalmente digital pela primeira vez. Isso n&atilde;o apenas adaptou o movimento &agrave;s restri&ccedil;&otilde;es impostas pela pandemia, mas tamb&eacute;m expandiu o seu alcance, permitindo a participa&ccedil;&atilde;o global atrav&eacute;s de eventos online e transmiss&otilde;es ao vivo.<\/p>\n\n\n\n<p>Al&eacute;m disso, temos contribui&ccedil;&otilde;es significativas para a conserva&ccedil;&atilde;o ambiental incluindo o lan&ccedil;amento da primeira &ldquo;Floresta da Hora do Planeta&rdquo; no Uganda, que visa restaurar 2.700 hectares de terras degradadas, demonstrando o impacto tang&iacute;vel que o movimento pode ter no combate &agrave; desfloresta&ccedil;&atilde;o.<\/p>\n\n\n\n<p>A relev&acirc;ncia cultural do movimento &eacute; sublinhada pela participa&ccedil;&atilde;o de figuras ic&oacute;nicas, como o Homem-Aranha, que se tornou o primeiro super-her&oacute;i embaixador global da Hora do Planeta em 2014, ilustrando o apelo universal e a influ&ecirc;ncia cultural do evento. Al&eacute;m disso, a astronauta italiana Samantha Cristoforetti levou a mensagem da Hora do Planeta para o espa&ccedil;o em 2015, destacando a import&acirc;ncia da emerg&ecirc;ncia clim&aacute;tica numa escala verdadeiramente global.<\/p>\n\n\n\n<p>Outras inova&ccedil;&otilde;es como as &ldquo;&aacute;rvores solares&rdquo; em Xangai tamb&eacute;m exemplificam como a Hora do Planeta inspira solu&ccedil;&otilde;es verdes e sustent&aacute;veis, permitindo que as pessoas carreguem os seus dispositivos m&oacute;veis atrav&eacute;s da energia renov&aacute;vel. Essas iniciativas refletem o esp&iacute;rito inovador e a dedica&ccedil;&atilde;o ao meio ambiente que o movimento busca fomentar.<\/p>\n\n\n\n<p>O importante &eacute; entender que o movimento incentiva a ado&ccedil;&atilde;o de pr&aacute;ticas sustent&aacute;veis por parte de indiv&iacute;duos, comunidades e na&ccedil;&otilde;es, fomentando a participa&ccedil;&atilde;o em iniciativas de conserva&ccedil;&atilde;o e a advocacia por pol&iacute;ticas ambientais protetivas. Ao evidenciar os resultados positivos da a&ccedil;&atilde;o coletiva, a Hora do Planeta nutre um sentimento de esperan&ccedil;a e motiva o envolvimento cont&iacute;nuo dos <a class=\"glossaryLink\" aria-describedby=\"tt\" data-cmtooltip=\"&lt;div class=glossaryItemTitle&gt;Cidad&atilde;os&lt;\/div&gt;&lt;div class=glossaryItemBody&gt;&amp;lt;!-- wp:paragraph {&amp;quot;translatedWithWPMLTM&amp;quot;:&amp;quot;1&amp;quot;} --&amp;gt;Conceito que envolve quest&otilde;es relativas a direitos e a deveres, bem como as ideias de igualdade, diversidade e justi&ccedil;a social. N&atilde;o se reportando apenas ao ato de votar, o conceito de cidadania inclui todo um conjunto de a&ccedil;&otilde;es praticadas por cada pessoa, com impacto na vida da comunidade (local, nacional, regional e internacional), indissoci&aacute;veis do espa&ccedil;o p&uacute;blico em cujo contexto as pessoas podem agir em conjunto.&amp;lt;br\/&amp;gt;&amp;lt;!-- \/wp:paragraph --&amp;gt;&amp;lt;!-- wp:paragraph {&amp;quot;translatedWithWPMLTM&amp;quot;:&amp;quot;1&amp;quot;} --&amp;gt;(Fonte: CIG &ndash; Comiss&atilde;o para a Cidadania e Igualde de G&eacute;nero)&amp;lt;br\/&amp;gt;&amp;lt;!-- \/wp:paragraph --&amp;gt;&lt;\/div&gt;&lt;div id=&amp;quot;cmtt_related_articles&amp;quot; class=&amp;quot;cmtt_related_articles_wrapper&amp;quot;&gt;&lt;div class=&amp;quot;cmtt_related_title cmtt_related_articles_title&amp;quot;&gt;Related Articles: &lt;\/div&gt;&lt;ul class=&amp;quot;cmtt_related&amp;quot;&gt;&lt;li class=&amp;quot;cmtt_related_item&amp;quot;&gt;&lt;a href=&amp;quot;https:\/\/xqthenews.com\/pt-pt\/movimentos-de-jovens-na-europa-pelas-respostas-a-crise-climatica\/&amp;quot;target=&amp;quot;_blank&amp;quot;&gt;Movimentos de jovens na Europa pelas respostas &agrave; crise clim&aacute;tica&lt;\/a&gt;&lt;\/li&gt;&lt;li class=&amp;quot;cmtt_related_item&amp;quot;&gt;&lt;a href=&amp;quot;https:\/\/xqthenews.com\/pt-pt\/a-tua-lancheira-de-plastico-esta-a-poluir-o-planeta-e-o-seu-sistema-endocrino\/&amp;quot;target=&amp;quot;_blank&amp;quot;&gt;A tua lancheira de pl&aacute;stico est&aacute; a poluir o planeta e o seu sistema end&oacute;crino.&lt;\/a&gt;&lt;\/li&gt;&lt;li class=&amp;quot;cmtt_related_item&amp;quot;&gt;&lt;a href=&amp;quot;https:\/\/xqthenews.com\/pt-pt\/economia-circular-materia-organica-en-el-pasado-el-presente-y-el-futuro\/&amp;quot;target=&amp;quot;_blank&amp;quot;&gt;A mat&eacute;ria org&acirc;nica no passado, presente e futuro&lt;\/a&gt;&lt;\/li&gt;&lt;li class=&amp;quot;cmtt_related_item&amp;quot;&gt;&lt;a href=&amp;quot;https:\/\/xqthenews.com\/pt-pt\/las-tradiciones-navidenas-italianas-entre-lo-sagrado-y-lo-profano\/&amp;quot;target=&amp;quot;_blank&amp;quot;&gt;Tradi&ccedil;&otilde;es natal&iacute;cias italianas, entre o sagrado e o profano&lt;\/a&gt;&lt;\/li&gt;&lt;li class=&amp;quot;cmtt_related_item&amp;quot;&gt;&lt;a href=&amp;quot;https:\/\/xqthenews.com\/en\/homepage\/&amp;quot;target=&amp;quot;_blank&amp;quot;&gt;Homepage&lt;\/a&gt;&lt;\/li&gt;&lt;\/ul&gt;&lt;\/div&gt;\" href=\"https:\/\/xqthenews.com\/pt-pt\/glossary\/cidadania\/\" data-gt-translate-attributes='[{\"attribute\":\"data-cmtooltip\", \"format\":\"html\"}]' tabindex=\"0\" role=\"link\">cidad&atilde;os<\/a> em <a class=\"glossaryLink\" aria-describedby=\"tt\" data-cmtooltip=\"&lt;div class=glossaryItemTitle&gt;defesa do ambiente&lt;\/div&gt;&lt;div class=glossaryItemBody&gt;&amp;lt;!-- wp:paragraph {&amp;quot;translatedWithWPMLTM&amp;quot;:&amp;quot;1&amp;quot;} --&amp;gt;Esfor&ccedil;o para influenciar as pol&iacute;ticas p&uacute;blicas e legisla&ccedil;&otilde;es em favor da prote&ccedil;&atilde;o e conserva&ccedil;&atilde;o do ambiente, geralmente realizado por ONGs, ativistas e organiza&ccedil;&otilde;es civis. &amp;lt;br\/&amp;gt;&amp;lt;!-- \/wp:paragraph --&amp;gt;&lt;\/div&gt;&lt;div id=&amp;quot;cmtt_related_articles&amp;quot; class=&amp;quot;cmtt_related_articles_wrapper&amp;quot;&gt;&lt;div class=&amp;quot;cmtt_related_title cmtt_related_articles_title&amp;quot;&gt;Related Articles: &lt;\/div&gt;&lt;ul class=&amp;quot;cmtt_related&amp;quot;&gt;&lt;li class=&amp;quot;cmtt_related_item&amp;quot;&gt;&lt;a href=&amp;quot;https:\/\/xqthenews.com\/pt-pt\/el-parlamento-electo-acabara-de-determinar-la-trayectoria-de-la-europa-del-2030\/&amp;quot;target=&amp;quot;_blank&amp;quot;&gt;O Parlamento eleito finalizar&aacute; a trajet&oacute;ria da Europa de 2030&lt;\/a&gt;&lt;\/li&gt;&lt;\/ul&gt;&lt;\/div&gt;\" href=\"https:\/\/xqthenews.com\/pt-pt\/glossary\/advocacia-ambiental\/\" data-gt-translate-attributes='[{\"attribute\":\"data-cmtooltip\", \"format\":\"html\"}]' tabindex=\"0\" role=\"link\">defesa do ambiente<\/a>.<strong><\/strong><\/p>\n\n\n\n<p>Al&eacute;m disso, a Hora do Planeta estende o seu convite &agrave; participa&ccedil;&atilde;o para al&eacute;m da tradicional a&ccedil;&atilde;o de apagar as luzes, propondo uma variedade de atividades que promovem a <a class=\"glossaryLink\" aria-describedby=\"tt\" data-cmtooltip=\"&lt;div class=glossaryItemTitle&gt;Sustentabilidade&lt;\/div&gt;&lt;div class=glossaryItemBody&gt;&amp;lt;!-- wp:paragraph {&amp;quot;translatedWithWPMLTM&amp;quot;:&amp;quot;1&amp;quot;} --&amp;gt;&Eacute; a capacidade de um sistema se manter em equil&iacute;brio. A express&atilde;o tem sido usada para designar os equil&iacute;brios que precisam de ser mantidos pelos seres humanos para assegurar as suas condi&ccedil;&otilde;es de vida e garantir a respetiva continuidade no planeta. Neste sentido, o significado de sustentabilidade relaciona-se com a forma como a humanidade deve interagir com os recursos do planeta, de modo a que a resposta &agrave;s necessidades do presente n&atilde;o comprometa o futuro.&amp;lt;br\/&amp;gt;&amp;lt;!-- \/wp:paragraph --&amp;gt;&amp;lt;!-- wp:paragraph {&amp;quot;translatedWithWPMLTM&amp;quot;:&amp;quot;1&amp;quot;} --&amp;gt;Fonte: https:\/\/florestas.pt\/saiba-mais\/qual-o-significado-de-sustentabilidade\/&amp;lt;br\/&amp;gt;&amp;lt;!-- \/wp:paragraph --&amp;gt;&lt;\/div&gt;&lt;div id=&amp;quot;cmtt_related_articles&amp;quot; class=&amp;quot;cmtt_related_articles_wrapper&amp;quot;&gt;&lt;div class=&amp;quot;cmtt_related_title cmtt_related_articles_title&amp;quot;&gt;Related Articles: &lt;\/div&gt;&lt;ul class=&amp;quot;cmtt_related&amp;quot;&gt;&lt;li class=&amp;quot;cmtt_related_item&amp;quot;&gt;&lt;a href=&amp;quot;https:\/\/xqthenews.com\/pt-pt\/movimentos-de-jovens-na-europa-pelas-respostas-a-crise-climatica\/&amp;quot;target=&amp;quot;_blank&amp;quot;&gt;Movimentos de jovens na Europa pelas respostas &agrave; crise clim&aacute;tica&lt;\/a&gt;&lt;\/li&gt;&lt;li class=&amp;quot;cmtt_related_item&amp;quot;&gt;&lt;a href=&amp;quot;https:\/\/xqthenews.com\/pt-pt\/cimeira-mundial-do-clima-cop-28-no-dubai\/&amp;quot;target=&amp;quot;_blank&amp;quot;&gt;Cimeira Mundial do Clima COP 28 no Dubai&lt;\/a&gt;&lt;\/li&gt;&lt;li class=&amp;quot;cmtt_related_item&amp;quot;&gt;&lt;a href=&amp;quot;https:\/\/xqthenews.com\/pt-pt\/qual-e-o-posicionamento-das-empresas-e-da-sociedade-em-relacao-a-economia-circular\/&amp;quot;target=&amp;quot;_blank&amp;quot;&gt;Qual &eacute; o posicionamento das empresas e da sociedade em rela&ccedil;&atilde;o &agrave; economia circular?&lt;\/a&gt;&lt;\/li&gt;&lt;li class=&amp;quot;cmtt_related_item&amp;quot;&gt;&lt;a href=&amp;quot;https:\/\/xqthenews.com\/pt-pt\/el-parlamento-electo-acabara-de-determinar-la-trayectoria-de-la-europa-del-2030\/&amp;quot;target=&amp;quot;_blank&amp;quot;&gt;O Parlamento eleito finalizar&aacute; a trajet&oacute;ria da Europa de 2030&lt;\/a&gt;&lt;\/li&gt;&lt;li class=&amp;quot;cmtt_related_item&amp;quot;&gt;&lt;a href=&amp;quot;https:\/\/xqthenews.com\/pt-pt\/da-tendencia-ao-lixo-a-face-perversa-da-fast-fashion\/&amp;quot;target=&amp;quot;_blank&amp;quot;&gt;Da tend&ecirc;ncia ao lixo: a face perversa da fast fashion&lt;\/a&gt;&lt;\/li&gt;&lt;\/ul&gt;&lt;\/div&gt;\" href=\"https:\/\/xqthenews.com\/pt-pt\/glossary\/sustentabilidade\/\" data-gt-translate-attributes='[{\"attribute\":\"data-cmtooltip\", \"format\":\"html\"}]' tabindex=\"0\" role=\"link\">sustentabilidade<\/a> e o envolvimento ambiental.&nbsp;<\/p>\n\n\n\n<p>Entre as sugest&otilde;es, destaca-se a iniciativa de cozinhar de forma consciente, utilizando produtos de empresas com pr&aacute;ticas amig&aacute;veis ao planeta e alimentos de baixo impacto ambiental, al&eacute;m de incentivar o contato direto com produtores locais em mercados de agricultores. Outras atividades incluem aventuras ao ar livre que visam refor&ccedil;ar a conex&atilde;o com a <a class=\"glossaryLink\"  aria-describedby=\"tt\"  data-cmtooltip=\"&lt;div class=glossaryItemTitle&gt;Natureza&lt;\/div&gt;&lt;div class=glossaryItemBody&gt;&amp;lt;!-- wp:paragraph {&amp;quot;translatedWithWPMLTM&amp;quot;:&amp;quot;1&amp;quot;} --&amp;gt;A natureza &eacute; um termo amplo que se refere a tudo o que existe no mundo natural, incluindo todos os seres vivos, plantas, animais, ecossistemas, paisagens, fen&oacute;menos naturais e recursos naturais. &Eacute; o conjunto de elementos que comp&otilde;em o ambiente em que vivemos, incluindo o ar, a &aacute;gua, o solo e a biodiversidade. &amp;lt;br\/&amp;gt;&amp;lt;!-- \/wp:paragraph --&amp;gt;&amp;lt;!-- wp:paragraph {&amp;quot;translatedWithWPMLTM&amp;quot;:&amp;quot;1&amp;quot;} --&amp;gt;(Fonte: S&oacute; Escola)&amp;lt;br\/&amp;gt;&amp;lt;!-- \/wp:paragraph --&amp;gt;&lt;\/div&gt;&lt;div id=&amp;quot;cmtt_related_articles&amp;quot; class=&amp;quot;cmtt_related_articles_wrapper&amp;quot;&gt;&lt;div class=&amp;quot;cmtt_related_title cmtt_related_articles_title&amp;quot;&gt;Related Articles: &lt;\/div&gt;&lt;ul class=&amp;quot;cmtt_related&amp;quot;&gt;&lt;li class=&amp;quot;cmtt_related_item&amp;quot;&gt;&lt;a href=&amp;quot;https:\/\/xqthenews.com\/pt-pt\/economia-circular-materia-organica-en-el-pasado-el-presente-y-el-futuro\/&amp;quot;target=&amp;quot;_blank&amp;quot;&gt;A mat&eacute;ria org&acirc;nica no passado, presente e futuro&lt;\/a&gt;&lt;\/li&gt;&lt;li class=&amp;quot;cmtt_related_item&amp;quot;&gt;&lt;a href=&amp;quot;https:\/\/xqthenews.com\/pt-pt\/o-papel-da-juventude-na-transicao-ecologica\/&amp;quot;target=&amp;quot;_blank&amp;quot;&gt;O papel da juventude na transi&ccedil;&atilde;o ecol&oacute;gica&lt;\/a&gt;&lt;\/li&gt;&lt;li class=&amp;quot;cmtt_related_item&amp;quot;&gt;&lt;a href=&amp;quot;https:\/\/xqthenews.com\/pt-pt\/o-impacto-das-alteracoes-climaticas-no-sul-de-italia\/&amp;quot;target=&amp;quot;_blank&amp;quot;&gt;O impacto das altera&ccedil;&otilde;es clim&aacute;ticas no sul de It&aacute;lia&lt;\/a&gt;&lt;\/li&gt;&lt;li class=&amp;quot;cmtt_related_item&amp;quot;&gt;&lt;a href=&amp;quot;https:\/\/xqthenews.com\/pt-pt\/dana-de-outono-no-mediterraneo-depois-da-tempestade-nao-ha-calma\/&amp;quot;target=&amp;quot;_blank&amp;quot;&gt;DANA de outono no Mediterr&acirc;neo: depois da tempestade, n&atilde;o h&aacute; calma&lt;\/a&gt;&lt;\/li&gt;&lt;li class=&amp;quot;cmtt_related_item&amp;quot;&gt;&lt;a href=&amp;quot;https:\/\/xqthenews.com\/pt-pt\/restaurar-a-natureza-exemplos-de-sucesso-na-europa\/&amp;quot;target=&amp;quot;_blank&amp;quot;&gt;Restaurar a Natureza &ndash; Exemplos de sucesso na Europa&lt;\/a&gt;&lt;\/li&gt;&lt;\/ul&gt;&lt;\/div&gt;\"  href=\"https:\/\/xqthenews.com\/pt-pt\/glossary\/natureza\/\"  data-gt-translate-attributes='[{\"attribute\":\"data-cmtooltip\", \"format\":\"html\"}]' tabindex='0' role='link'>natureza<\/a>, explorar carreiras em conserva&ccedil;&atilde;o, assistir a document&aacute;rios sobre o ambiente, descobrir a <a class=\"glossaryLink\" aria-describedby=\"tt\" data-cmtooltip=\"&lt;div class=glossaryItemTitle&gt;Biodiversidade&lt;\/div&gt;&lt;div class=glossaryItemBody&gt;&amp;lt;!-- wp:paragraph {&amp;quot;translatedWithWPMLTM&amp;quot;:&amp;quot;1&amp;quot;} --&amp;gt;A biodiversidade, ou diversidade biol&oacute;gica, &eacute; o conjunto de todos os seres vivos existentes, o que inclui todas as plantas, animais e micro-organismos da Terra. E &eacute; justamente essa diversidade e a intera&ccedil;&atilde;o entre estas diferentes esp&eacute;cies que torna nosso planeta t&atilde;o especial.&amp;lt;br\/&amp;gt;&amp;lt;!-- \/wp:paragraph --&amp;gt;&lt;\/div&gt;&lt;div id=&amp;quot;cmtt_related_articles&amp;quot; class=&amp;quot;cmtt_related_articles_wrapper&amp;quot;&gt;&lt;div class=&amp;quot;cmtt_related_title cmtt_related_articles_title&amp;quot;&gt;Related Articles: &lt;\/div&gt;&lt;ul class=&amp;quot;cmtt_related&amp;quot;&gt;&lt;li class=&amp;quot;cmtt_related_item&amp;quot;&gt;&lt;a href=&amp;quot;https:\/\/xqthenews.com\/pt-pt\/movimentos-de-jovens-na-europa-pelas-respostas-a-crise-climatica\/&amp;quot;target=&amp;quot;_blank&amp;quot;&gt;Movimentos de jovens na Europa pelas respostas &agrave; crise clim&aacute;tica&lt;\/a&gt;&lt;\/li&gt;&lt;li class=&amp;quot;cmtt_related_item&amp;quot;&gt;&lt;a href=&amp;quot;https:\/\/xqthenews.com\/pt-pt\/ainda-vamos-a-tempo-de-salvar-o-planeta\/&amp;quot;target=&amp;quot;_blank&amp;quot;&gt;Ainda vamos a tempo de salvar o Planeta?&lt;\/a&gt;&lt;\/li&gt;&lt;li class=&amp;quot;cmtt_related_item&amp;quot;&gt;&lt;a href=&amp;quot;https:\/\/xqthenews.com\/pt-pt\/o-impacto-das-alteracoes-climaticas-no-sul-de-italia\/&amp;quot;target=&amp;quot;_blank&amp;quot;&gt;O impacto das altera&ccedil;&otilde;es clim&aacute;ticas no sul de It&aacute;lia&lt;\/a&gt;&lt;\/li&gt;&lt;li class=&amp;quot;cmtt_related_item&amp;quot;&gt;&lt;a href=&amp;quot;https:\/\/xqthenews.com\/pt-pt\/restaurar-a-natureza-exemplos-de-sucesso-na-europa\/&amp;quot;target=&amp;quot;_blank&amp;quot;&gt;Restaurar a Natureza &ndash; Exemplos de sucesso na Europa&lt;\/a&gt;&lt;\/li&gt;&lt;li class=&amp;quot;cmtt_related_item&amp;quot;&gt;&lt;a href=&amp;quot;https:\/\/xqthenews.com\/pt-pt\/neutralidade-carbonica-florestas-como-guardias-do-equilibrio-climatico\/&amp;quot;target=&amp;quot;_blank&amp;quot;&gt;Neutralidade carb&oacute;nica: florestas como guardi&atilde;s do equil&iacute;brio clim&aacute;tico&lt;\/a&gt;&lt;\/li&gt;&lt;\/ul&gt;&lt;\/div&gt;\" href=\"https:\/\/xqthenews.com\/pt-pt\/glossary\/biodiversidade\/\" data-gt-translate-attributes='[{\"attribute\":\"data-cmtooltip\", \"format\":\"html\"}]' tabindex=\"0\" role=\"link\">biodiversidade<\/a> local e organizar equipas de limpeza da <a class=\"glossaryLink\"  aria-describedby=\"tt\"  data-cmtooltip=\"&lt;div class=glossaryItemTitle&gt;Natureza&lt;\/div&gt;&lt;div class=glossaryItemBody&gt;&amp;lt;!-- wp:paragraph {&amp;quot;translatedWithWPMLTM&amp;quot;:&amp;quot;1&amp;quot;} --&amp;gt;A natureza &eacute; um termo amplo que se refere a tudo o que existe no mundo natural, incluindo todos os seres vivos, plantas, animais, ecossistemas, paisagens, fen&oacute;menos naturais e recursos naturais. &Eacute; o conjunto de elementos que comp&otilde;em o ambiente em que vivemos, incluindo o ar, a &aacute;gua, o solo e a biodiversidade. &amp;lt;br\/&amp;gt;&amp;lt;!-- \/wp:paragraph --&amp;gt;&amp;lt;!-- wp:paragraph {&amp;quot;translatedWithWPMLTM&amp;quot;:&amp;quot;1&amp;quot;} --&amp;gt;(Fonte: S&oacute; Escola)&amp;lt;br\/&amp;gt;&amp;lt;!-- \/wp:paragraph --&amp;gt;&lt;\/div&gt;&lt;div id=&amp;quot;cmtt_related_articles&amp;quot; class=&amp;quot;cmtt_related_articles_wrapper&amp;quot;&gt;&lt;div class=&amp;quot;cmtt_related_title cmtt_related_articles_title&amp;quot;&gt;Related Articles: &lt;\/div&gt;&lt;ul class=&amp;quot;cmtt_related&amp;quot;&gt;&lt;li class=&amp;quot;cmtt_related_item&amp;quot;&gt;&lt;a href=&amp;quot;https:\/\/xqthenews.com\/pt-pt\/economia-circular-materia-organica-en-el-pasado-el-presente-y-el-futuro\/&amp;quot;target=&amp;quot;_blank&amp;quot;&gt;A mat&eacute;ria org&acirc;nica no passado, presente e futuro&lt;\/a&gt;&lt;\/li&gt;&lt;li class=&amp;quot;cmtt_related_item&amp;quot;&gt;&lt;a href=&amp;quot;https:\/\/xqthenews.com\/pt-pt\/o-papel-da-juventude-na-transicao-ecologica\/&amp;quot;target=&amp;quot;_blank&amp;quot;&gt;O papel da juventude na transi&ccedil;&atilde;o ecol&oacute;gica&lt;\/a&gt;&lt;\/li&gt;&lt;li class=&amp;quot;cmtt_related_item&amp;quot;&gt;&lt;a href=&amp;quot;https:\/\/xqthenews.com\/pt-pt\/o-impacto-das-alteracoes-climaticas-no-sul-de-italia\/&amp;quot;target=&amp;quot;_blank&amp;quot;&gt;O impacto das altera&ccedil;&otilde;es clim&aacute;ticas no sul de It&aacute;lia&lt;\/a&gt;&lt;\/li&gt;&lt;li class=&amp;quot;cmtt_related_item&amp;quot;&gt;&lt;a href=&amp;quot;https:\/\/xqthenews.com\/pt-pt\/dana-de-outono-no-mediterraneo-depois-da-tempestade-nao-ha-calma\/&amp;quot;target=&amp;quot;_blank&amp;quot;&gt;DANA de outono no Mediterr&acirc;neo: depois da tempestade, n&atilde;o h&aacute; calma&lt;\/a&gt;&lt;\/li&gt;&lt;li class=&amp;quot;cmtt_related_item&amp;quot;&gt;&lt;a href=&amp;quot;https:\/\/xqthenews.com\/pt-pt\/restaurar-a-natureza-exemplos-de-sucesso-na-europa\/&amp;quot;target=&amp;quot;_blank&amp;quot;&gt;Restaurar a Natureza &ndash; Exemplos de sucesso na Europa&lt;\/a&gt;&lt;\/li&gt;&lt;\/ul&gt;&lt;\/div&gt;\"  href=\"https:\/\/xqthenews.com\/pt-pt\/glossary\/natureza\/\"  data-gt-translate-attributes='[{\"attribute\":\"data-cmtooltip\", \"format\":\"html\"}]' tabindex='0' role='link'>natureza<\/a>, cada uma refletindo o compromisso com a conserva&ccedil;&atilde;o e a <a class=\"glossaryLink\" aria-describedby=\"tt\" data-cmtooltip=\"&lt;div class=glossaryItemTitle&gt;educa&ccedil;&atilde;o ambiental&lt;\/div&gt;&lt;div class=glossaryItemBody&gt;&amp;lt;!-- wp:paragraph {&amp;quot;translatedWithWPMLTM&amp;quot;:&amp;quot;1&amp;quot;} --&amp;gt;Processo educativo que visa a forma&ccedil;&atilde;o de indiv&iacute;duos conscientes sobre quest&otilde;es ambientais, promovendo o conhecimento, valores, habilidades, e motiva&ccedil;&otilde;es necess&aacute;rias para trabalhar individual e coletivamente na resolu&ccedil;&atilde;o dos problemas ambientais atuais e preven&ccedil;&atilde;o dos futuros.&amp;lt;br\/&amp;gt;&amp;lt;!-- \/wp:paragraph --&amp;gt;&lt;\/div&gt;&lt;div id=&amp;quot;cmtt_related_articles&amp;quot; class=&amp;quot;cmtt_related_articles_wrapper&amp;quot;&gt;&lt;div class=&amp;quot;cmtt_related_title cmtt_related_articles_title&amp;quot;&gt;Related Articles: &lt;\/div&gt;&lt;ul class=&amp;quot;cmtt_related&amp;quot;&gt;&lt;li class=&amp;quot;cmtt_related_item&amp;quot;&gt;&lt;a href=&amp;quot;https:\/\/xqthenews.com\/pt-pt\/educacao-ambiental-como-novo-paradigma-na-prevencao-dos-incendios-rurais\/&amp;quot;target=&amp;quot;_blank&amp;quot;&gt;Educa&ccedil;&atilde;o Ambiental como novo paradigma na preven&ccedil;&atilde;o dos inc&ecirc;ndios rurais&lt;\/a&gt;&lt;\/li&gt;&lt;li class=&amp;quot;cmtt_related_item&amp;quot;&gt;&lt;a href=&amp;quot;https:\/\/xqthenews.com\/pt-pt\/movimentos-de-jovens-na-europa-pelas-respostas-a-crise-climatica\/&amp;quot;target=&amp;quot;_blank&amp;quot;&gt;Movimentos de jovens na Europa pelas respostas &agrave; crise clim&aacute;tica&lt;\/a&gt;&lt;\/li&gt;&lt;li class=&amp;quot;cmtt_related_item&amp;quot;&gt;&lt;a href=&amp;quot;https:\/\/xqthenews.com\/pt-pt\/economia-circular-materia-organica-en-el-pasado-el-presente-y-el-futuro\/&amp;quot;target=&amp;quot;_blank&amp;quot;&gt;A mat&eacute;ria org&acirc;nica no passado, presente e futuro&lt;\/a&gt;&lt;\/li&gt;&lt;li class=&amp;quot;cmtt_related_item&amp;quot;&gt;&lt;a href=&amp;quot;https:\/\/xqthenews.com\/pt-pt\/ainda-vamos-a-tempo-de-salvar-o-planeta\/&amp;quot;target=&amp;quot;_blank&amp;quot;&gt;Ainda vamos a tempo de salvar o Planeta?&lt;\/a&gt;&lt;\/li&gt;&lt;\/ul&gt;&lt;\/div&gt;\" href=\"https:\/\/xqthenews.com\/pt-pt\/glossary\/educacao-ambiental\/\" data-gt-translate-attributes='[{\"attribute\":\"data-cmtooltip\", \"format\":\"html\"}]' tabindex=\"0\" role=\"link\">educa&ccedil;&atilde;o ambiental<\/a>.<\/p>\n\n\n\n<p>Contudo, o movimento enfrenta cr&iacute;ticas quanto ao seu impacto efetivo no combate &agrave;s <a class=\"glossaryLink\" aria-describedby=\"tt\" data-cmtooltip=\"&lt;div class=glossaryItemTitle&gt;Altera&ccedil;&otilde;es clim&aacute;ticas&lt;\/div&gt;&lt;div class=glossaryItemBody&gt;&amp;lt;!-- wp:paragraph {&amp;quot;translatedWithWPMLTM&amp;quot;:&amp;quot;1&amp;quot;} --&amp;gt;Causadas pelo aquecimento global, as altera&ccedil;&otilde;es clim&aacute;ticas referem-se &agrave;s varia&ccedil;&otilde;es dos padr&otilde;es meteorol&oacute;gicos de longo prazo na Terra, como a temperatura, os n&iacute;veis do mar e a precipita&ccedil;&atilde;o. &amp;lt;br\/&amp;gt;&amp;lt;!-- \/wp:paragraph --&amp;gt;&amp;lt;!-- wp:paragraph {&amp;quot;translatedWithWPMLTM&amp;quot;:&amp;quot;1&amp;quot;} --&amp;gt;A principal causa das altera&ccedil;&otilde;es clim&aacute;ticas &eacute; a combust&atilde;o de combust&iacute;veis f&oacute;sseis como o petr&oacute;leo, o carv&atilde;o e o g&aacute;s natural, que emitem gases com efeito de estufa para a atmosfera. Outras atividades humanas, como a agricultura e a desfloresta&ccedil;&atilde;o, tamb&eacute;m contribuem para a sua prolifera&ccedil;&atilde;o. O problema &eacute; que estes gases captam o calor na atmosfera: &eacute; o chamado efeito de estufa.&amp;lt;br\/&amp;gt;&amp;lt;!-- \/wp:paragraph --&amp;gt;&amp;lt;!-- wp:paragraph {&amp;quot;translatedWithWPMLTM&amp;quot;:&amp;quot;1&amp;quot;} --&amp;gt;(Fonte: European Youth Portal)&amp;lt;br\/&amp;gt;&amp;lt;!-- \/wp:paragraph --&amp;gt;&lt;\/div&gt;&lt;div id=&amp;quot;cmtt_related_articles&amp;quot; class=&amp;quot;cmtt_related_articles_wrapper&amp;quot;&gt;&lt;div class=&amp;quot;cmtt_related_title cmtt_related_articles_title&amp;quot;&gt;Related Articles: &lt;\/div&gt;&lt;ul class=&amp;quot;cmtt_related&amp;quot;&gt;&lt;li class=&amp;quot;cmtt_related_item&amp;quot;&gt;&lt;a href=&amp;quot;https:\/\/xqthenews.com\/pt-pt\/movimentos-de-jovens-na-europa-pelas-respostas-a-crise-climatica\/&amp;quot;target=&amp;quot;_blank&amp;quot;&gt;Movimentos de jovens na Europa pelas respostas &agrave; crise clim&aacute;tica&lt;\/a&gt;&lt;\/li&gt;&lt;li class=&amp;quot;cmtt_related_item&amp;quot;&gt;&lt;a href=&amp;quot;https:\/\/xqthenews.com\/pt-pt\/a-tua-lancheira-de-plastico-esta-a-poluir-o-planeta-e-o-seu-sistema-endocrino\/&amp;quot;target=&amp;quot;_blank&amp;quot;&gt;A tua lancheira de pl&aacute;stico est&aacute; a poluir o planeta e o seu sistema end&oacute;crino.&lt;\/a&gt;&lt;\/li&gt;&lt;li class=&amp;quot;cmtt_related_item&amp;quot;&gt;&lt;a href=&amp;quot;https:\/\/xqthenews.com\/pt-pt\/economia-circular-materia-organica-en-el-pasado-el-presente-y-el-futuro\/&amp;quot;target=&amp;quot;_blank&amp;quot;&gt;A mat&eacute;ria org&acirc;nica no passado, presente e futuro&lt;\/a&gt;&lt;\/li&gt;&lt;li class=&amp;quot;cmtt_related_item&amp;quot;&gt;&lt;a href=&amp;quot;https:\/\/xqthenews.com\/pt-pt\/cimeira-mundial-do-clima-cop-28-no-dubai\/&amp;quot;target=&amp;quot;_blank&amp;quot;&gt;Cimeira Mundial do Clima COP 28 no Dubai&lt;\/a&gt;&lt;\/li&gt;&lt;li class=&amp;quot;cmtt_related_item&amp;quot;&gt;&lt;a href=&amp;quot;https:\/\/xqthenews.com\/pt-pt\/emergencia-climatica-e-os-desafios-para-a-saude\/&amp;quot;target=&amp;quot;_blank&amp;quot;&gt;Emerg&ecirc;ncia clim&aacute;tica e os desafios para a sa&uacute;de&lt;\/a&gt;&lt;\/li&gt;&lt;\/ul&gt;&lt;\/div&gt;\" href=\"https:\/\/xqthenews.com\/pt-pt\/glossary\/alteracoes-climaticas\/\" data-gt-translate-attributes='[{\"attribute\":\"data-cmtooltip\", \"format\":\"html\"}]' tabindex=\"0\" role=\"link\">altera&ccedil;&otilde;es clim&aacute;ticas<\/a>, com algumas d&uacute;vidas sobre a sua capacidade de induzir mudan&ccedil;as concretas em pol&iacute;ticas ou pr&aacute;ticas ambientais, apontando para um car&aacute;ter predominantemente simb&oacute;lico.<\/p>\n\n\n\n<p>Entretanto, os organizadores destacam a conscientiza&ccedil;&atilde;o e a inspira&ccedil;&atilde;o para a&ccedil;&otilde;es cont&iacute;nuas como objetivos primordiais, transcendendo a observ&acirc;ncia anual de uma hora.<\/p>\n\n\n\n<h2 class=\"wp-block-heading\"><strong>Perspetivas Futuras<\/strong>&nbsp;<\/h2>\n\n\n\n<p>Visando potencializar o seu impacto, a Hora do Planeta est&aacute; transformando-se de um evento anual isolado numa campanha cont&iacute;nua de envolvimento e a&ccedil;&atilde;o ambiental. Por meio de iniciativas educacionais, colabora&ccedil;&otilde;es com governos e o setor privado, e a promo&ccedil;&atilde;o de projetos sustent&aacute;veis, o movimento quer fomentar um compromisso mais s&oacute;lido e duradouro com a preserva&ccedil;&atilde;o ambiental.<\/p>\n\n\n\n<p>Desde a sua conce&ccedil;&atilde;o em 2007, a Hora do Planeta tem elevado a consci&ecirc;ncia sobre quest&otilde;es ambientais cr&iacute;ticas entre milh&otilde;es de pessoas, mas tamb&eacute;m catalisado inova&ccedil;&otilde;es e a&ccedil;&otilde;es pr&aacute;ticas em prol da conserva&ccedil;&atilde;o e da <a class=\"glossaryLink\" aria-describedby=\"tt\" data-cmtooltip=\"&lt;div class=glossaryItemTitle&gt;Sustentabilidade&lt;\/div&gt;&lt;div class=glossaryItemBody&gt;&amp;lt;!-- wp:paragraph {&amp;quot;translatedWithWPMLTM&amp;quot;:&amp;quot;1&amp;quot;} --&amp;gt;&Eacute; a capacidade de um sistema se manter em equil&iacute;brio. A express&atilde;o tem sido usada para designar os equil&iacute;brios que precisam de ser mantidos pelos seres humanos para assegurar as suas condi&ccedil;&otilde;es de vida e garantir a respetiva continuidade no planeta. Neste sentido, o significado de sustentabilidade relaciona-se com a forma como a humanidade deve interagir com os recursos do planeta, de modo a que a resposta &agrave;s necessidades do presente n&atilde;o comprometa o futuro.&amp;lt;br\/&amp;gt;&amp;lt;!-- \/wp:paragraph --&amp;gt;&amp;lt;!-- wp:paragraph {&amp;quot;translatedWithWPMLTM&amp;quot;:&amp;quot;1&amp;quot;} --&amp;gt;Fonte: https:\/\/florestas.pt\/saiba-mais\/qual-o-significado-de-sustentabilidade\/&amp;lt;br\/&amp;gt;&amp;lt;!-- \/wp:paragraph --&amp;gt;&lt;\/div&gt;&lt;div id=&amp;quot;cmtt_related_articles&amp;quot; class=&amp;quot;cmtt_related_articles_wrapper&amp;quot;&gt;&lt;div class=&amp;quot;cmtt_related_title cmtt_related_articles_title&amp;quot;&gt;Related Articles: &lt;\/div&gt;&lt;ul class=&amp;quot;cmtt_related&amp;quot;&gt;&lt;li class=&amp;quot;cmtt_related_item&amp;quot;&gt;&lt;a href=&amp;quot;https:\/\/xqthenews.com\/pt-pt\/movimentos-de-jovens-na-europa-pelas-respostas-a-crise-climatica\/&amp;quot;target=&amp;quot;_blank&amp;quot;&gt;Movimentos de jovens na Europa pelas respostas &agrave; crise clim&aacute;tica&lt;\/a&gt;&lt;\/li&gt;&lt;li class=&amp;quot;cmtt_related_item&amp;quot;&gt;&lt;a href=&amp;quot;https:\/\/xqthenews.com\/pt-pt\/cimeira-mundial-do-clima-cop-28-no-dubai\/&amp;quot;target=&amp;quot;_blank&amp;quot;&gt;Cimeira Mundial do Clima COP 28 no Dubai&lt;\/a&gt;&lt;\/li&gt;&lt;li class=&amp;quot;cmtt_related_item&amp;quot;&gt;&lt;a href=&amp;quot;https:\/\/xqthenews.com\/pt-pt\/qual-e-o-posicionamento-das-empresas-e-da-sociedade-em-relacao-a-economia-circular\/&amp;quot;target=&amp;quot;_blank&amp;quot;&gt;Qual &eacute; o posicionamento das empresas e da sociedade em rela&ccedil;&atilde;o &agrave; economia circular?&lt;\/a&gt;&lt;\/li&gt;&lt;li class=&amp;quot;cmtt_related_item&amp;quot;&gt;&lt;a href=&amp;quot;https:\/\/xqthenews.com\/pt-pt\/el-parlamento-electo-acabara-de-determinar-la-trayectoria-de-la-europa-del-2030\/&amp;quot;target=&amp;quot;_blank&amp;quot;&gt;O Parlamento eleito finalizar&aacute; a trajet&oacute;ria da Europa de 2030&lt;\/a&gt;&lt;\/li&gt;&lt;li class=&amp;quot;cmtt_related_item&amp;quot;&gt;&lt;a href=&amp;quot;https:\/\/xqthenews.com\/pt-pt\/da-tendencia-ao-lixo-a-face-perversa-da-fast-fashion\/&amp;quot;target=&amp;quot;_blank&amp;quot;&gt;Da tend&ecirc;ncia ao lixo: a face perversa da fast fashion&lt;\/a&gt;&lt;\/li&gt;&lt;\/ul&gt;&lt;\/div&gt;\" href=\"https:\/\/xqthenews.com\/pt-pt\/glossary\/sustentabilidade\/\" data-gt-translate-attributes='[{\"attribute\":\"data-cmtooltip\", \"format\":\"html\"}]' tabindex=\"0\" role=\"link\">sustentabilidade<\/a> ambiental. A ades&atilde;o crescente por parte de cidades, empresas e indiv&iacute;duos reflete uma consci&ecirc;ncia ambiental em expans&atilde;o e uma disposi&ccedil;&atilde;o cada vez maior para agir em defesa do planeta.<strong><\/strong><\/p>\n\n\n\n<p>Em suma, &agrave; medida que nos aproximamos da Hora do Planeta de 2024, somos lembrados do poder da a&ccedil;&atilde;o coletiva e da import&acirc;ncia de cada <a class=\"glossaryLink\" aria-describedby=\"tt\" data-cmtooltip=\"&lt;div class=glossaryItemTitle&gt;Contribui&ccedil;&atilde;o&lt;\/div&gt;&lt;div class=glossaryItemBody&gt;&amp;lt;!-- wp:paragraph {&amp;quot;translatedWithWPMLTM&amp;quot;:&amp;quot;1&amp;quot;} --&amp;gt;A contribui&ccedil;&atilde;o &eacute; a contribui&ccedil;&atilde;o econ&oacute;mica que os trabalhadores e as entidades empregadoras fazem para a Seguran&ccedil;a Social. Financia as pens&otilde;es, o subs&iacute;dio de desemprego e outras presta&ccedil;&otilde;es, e &eacute; calculada em fun&ccedil;&atilde;o do sal&aacute;rio e da base de incid&ecirc;ncia. &amp;lt;br\/&amp;gt;&amp;lt;!-- \/wp:paragraph --&amp;gt;&lt;\/div&gt;&lt;div id=&amp;quot;cmtt_related_articles&amp;quot; class=&amp;quot;cmtt_related_articles_wrapper&amp;quot;&gt;&lt;div class=&amp;quot;cmtt_related_title cmtt_related_articles_title&amp;quot;&gt;Related Articles: &lt;\/div&gt;&lt;ul class=&amp;quot;cmtt_related&amp;quot;&gt;&lt;li class=&amp;quot;cmtt_related_item&amp;quot;&gt;&lt;a href=&amp;quot;https:\/\/xqthenews.com\/pt-pt\/jornalismo-e-educacao-o-porque-das-noticias-na-era-da-desinformacao-2\/&amp;quot;target=&amp;quot;_blank&amp;quot;&gt;Jornalismo e educa&ccedil;&atilde;o: o porqu&ecirc; das not&iacute;cias na era da desinforma&ccedil;&atilde;o&lt;\/a&gt;&lt;\/li&gt;&lt;li class=&amp;quot;cmtt_related_item&amp;quot;&gt;&lt;a href=&amp;quot;https:\/\/xqthenews.com\/pt-pt\/a-pegada-de-carbono-e-ainda-importante-na-luta-contra-a-crise-climatica\/&amp;quot;target=&amp;quot;_blank&amp;quot;&gt;A Pegada de Carbono &eacute; ainda importante na luta contra a crise clim&aacute;tica?&lt;\/a&gt;&lt;\/li&gt;&lt;\/ul&gt;&lt;\/div&gt;\" href=\"https:\/\/xqthenews.com\/pt-pt\/glossary\/contribuicao\/\" data-gt-translate-attributes='[{\"attribute\":\"data-cmtooltip\", \"format\":\"html\"}]' tabindex=\"0\" role=\"link\">contribui&ccedil;&atilde;o<\/a> para o bem-estar do nosso planeta. Este evento n&atilde;o &eacute; apenas um momento de solidariedade global; &eacute; um apelo para continuar a luta pela conserva&ccedil;&atilde;o ambiental e pelo futuro ambientalmente cosciente que todos desejamos.<\/p>\n","protected":false},"excerpt":{"rendered":"<p>Lead: Iniciada em 2007 pela WWF em Sydney, a Hora do Planeta tornou-se num movimento global contra as <a class=\"glossaryLink\" aria-describedby=\"tt\" data-cmtooltip=\"&lt;div class=glossaryItemTitle&gt;Altera&ccedil;&otilde;es clim&aacute;ticas&lt;\/div&gt;&lt;div class=glossaryItemBody&gt;&amp;lt;!-- wp:paragraph {&amp;quot;translatedWithWPMLTM&amp;quot;:&amp;quot;1&amp;quot;} --&amp;gt;Causadas pelo aquecimento global, as altera&ccedil;&otilde;es clim&aacute;ticas referem-se &agrave;s varia&ccedil;&otilde;es dos padr&otilde;es meteorol&oacute;gicos de longo prazo na Terra, como a temperatura, os n&iacute;veis do mar e a precipita&ccedil;&atilde;o. &amp;lt;br\/&amp;gt;&amp;lt;!-- \/wp:paragraph --&amp;gt;&amp;lt;!-- wp:paragraph {&amp;quot;translatedWithWPMLTM&amp;quot;:&amp;quot;1&amp;quot;} --&amp;gt;A principal causa das altera&ccedil;&otilde;es clim&aacute;ticas &eacute; a combust&atilde;o de combust&iacute;veis f&oacute;sseis como o petr&oacute;leo, o carv&atilde;o e o g&aacute;s natural, que emitem gases com efeito de estufa para a atmosfera. Outras atividades humanas, como a agricultura e a desfloresta&ccedil;&atilde;o, tamb&eacute;m contribuem para a sua prolifera&ccedil;&atilde;o. O problema &eacute; que estes gases captam o calor na atmosfera: &eacute; o chamado efeito de estufa.&amp;lt;br\/&amp;gt;&amp;lt;!-- \/wp:paragraph --&amp;gt;&amp;lt;!-- wp:paragraph {&amp;quot;translatedWithWPMLTM&amp;quot;:&amp;quot;1&amp;quot;} --&amp;gt;(Fonte: European Youth Portal)&amp;lt;br\/&amp;gt;&amp;lt;!-- \/wp:paragraph --&amp;gt;&lt;\/div&gt;&lt;div id=&amp;quot;cmtt_related_articles&amp;quot; class=&amp;quot;cmtt_related_articles_wrapper&amp;quot;&gt;&lt;div class=&amp;quot;cmtt_related_title cmtt_related_articles_title&amp;quot;&gt;Related Articles: &lt;\/div&gt;&lt;ul class=&amp;quot;cmtt_related&amp;quot;&gt;&lt;li class=&amp;quot;cmtt_related_item&amp;quot;&gt;&lt;a href=&amp;quot;https:\/\/xqthenews.com\/pt-pt\/movimentos-de-jovens-na-europa-pelas-respostas-a-crise-climatica\/&amp;quot;target=&amp;quot;_blank&amp;quot;&gt;Movimentos de jovens na Europa pelas respostas &agrave; crise clim&aacute;tica&lt;\/a&gt;&lt;\/li&gt;&lt;li class=&amp;quot;cmtt_related_item&amp;quot;&gt;&lt;a href=&amp;quot;https:\/\/xqthenews.com\/pt-pt\/a-tua-lancheira-de-plastico-esta-a-poluir-o-planeta-e-o-seu-sistema-endocrino\/&amp;quot;target=&amp;quot;_blank&amp;quot;&gt;A tua lancheira de pl&aacute;stico est&aacute; a poluir o planeta e o seu sistema end&oacute;crino.&lt;\/a&gt;&lt;\/li&gt;&lt;li class=&amp;quot;cmtt_related_item&amp;quot;&gt;&lt;a href=&amp;quot;https:\/\/xqthenews.com\/pt-pt\/economia-circular-materia-organica-en-el-pasado-el-presente-y-el-futuro\/&amp;quot;target=&amp;quot;_blank&amp;quot;&gt;A mat&eacute;ria org&acirc;nica no passado, presente e futuro&lt;\/a&gt;&lt;\/li&gt;&lt;li class=&amp;quot;cmtt_related_item&amp;quot;&gt;&lt;a href=&amp;quot;https:\/\/xqthenews.com\/pt-pt\/cimeira-mundial-do-clima-cop-28-no-dubai\/&amp;quot;target=&amp;quot;_blank&amp;quot;&gt;Cimeira Mundial do Clima COP 28 no Dubai&lt;\/a&gt;&lt;\/li&gt;&lt;li class=&amp;quot;cmtt_related_item&amp;quot;&gt;&lt;a href=&amp;quot;https:\/\/xqthenews.com\/pt-pt\/emergencia-climatica-e-os-desafios-para-a-saude\/&amp;quot;target=&amp;quot;_blank&amp;quot;&gt;Emerg&ecirc;ncia clim&aacute;tica e os desafios para a sa&uacute;de&lt;\/a&gt;&lt;\/li&gt;&lt;\/ul&gt;&lt;\/div&gt;\" href=\"https:\/\/xqthenews.com\/pt-pt\/glossary\/alteracoes-climaticas\/\" data-gt-translate-attributes='[{\"attribute\":\"data-cmtooltip\", \"format\":\"html\"}]' tabindex=\"0\" role=\"link\">altera&ccedil;&otilde;es clim&aacute;ticas<\/a>, envolvendo mais de 190 pa&iacute;ses em a&ccedil;&otilde;es ambientais significativas, como desligar as luzes para destacar a urg&ecirc;ncia de proteger o nosso planeta.<\/p>\n","protected":false},"author":54,"featured_media":19824,"comment_status":"open","ping_status":"open","sticky":false,"template":"","format":"standard","meta":{"_acf_changed":false,"footnotes":""},"categories":[452,486],"tags":[135],"coauthors":[216],"class_list":{"0":"post-19866","1":"post","2":"type-post","3":"status-publish","4":"format-standard","5":"has-post-thumbnail","7":"category-ambiente","8":"category-sustentabilidade","9":"tag-emergencia-climatica-pt-pt"},"acf":[],"yoast_head":"<!-- This site is optimized with the Yoast SEO plugin v27.4 - https:\/\/yoast.com\/product\/yoast-seo-wordpress\/ -->\n<title>Conhe\u00e7a o movimento &quot;Hora Pelo Planeta&quot; e descubra como participar neste apelo global pelo futuro. - xqthenews<\/title>\n<meta name=\"robots\" content=\"index, follow, max-snippet:-1, max-image-preview:large, max-video-preview:-1\" \/>\n<link rel=\"canonical\" href=\"https:\/\/xqthenews.com\/pt-pt\/conheca-o-movimento-hora-pelo-planeta-e-descubra-como-participar-neste-apelo-global-pelo-futuro\/\" \/>\n<meta property=\"og:locale\" content=\"pt_PT\" \/>\n<meta property=\"og:type\" content=\"article\" \/>\n<meta property=\"og:title\" content=\"Conhe\u00e7a o movimento &quot;Hora Pelo Planeta&quot; e descubra como participar neste apelo global pelo futuro. - xqthenews\" \/>\n<meta property=\"og:description\" content=\"Lead: Iniciada em 2007 pela WWF em Sydney, a Hora do Planeta tornou-se num movimento global contra as altera&ccedil;&otilde;es clim&aacute;ticas, envolvendo mais de 190 pa&iacute;ses em a&ccedil;&otilde;es ambientais significativas, como desligar as luzes para destacar a urg&ecirc;ncia de proteger o nosso planeta.\" \/>\n<meta property=\"og:url\" content=\"https:\/\/xqthenews.com\/pt-pt\/conheca-o-movimento-hora-pelo-planeta-e-descubra-como-participar-neste-apelo-global-pelo-futuro\/\" \/>\n<meta property=\"og:site_name\" content=\"xqthenews\" \/>\n<meta property=\"article:published_time\" content=\"2024-03-20T07:00:23+00:00\" \/>\n<meta property=\"article:modified_time\" content=\"2024-09-10T22:10:07+00:00\" \/>\n<meta property=\"og:image\" content=\"https:\/\/xqthenews.com\/wp-content\/uploads\/2024\/03\/Imagen1.png\" \/>\n\t<meta property=\"og:image:width\" content=\"1299\" \/>\n\t<meta property=\"og:image:height\" content=\"682\" \/>\n\t<meta property=\"og:image:type\" content=\"image\/png\" \/>\n<meta name=\"author\" content=\"Daniele Savietto\" \/>\n<meta name=\"twitter:card\" content=\"summary_large_image\" \/>\n<meta name=\"twitter:label1\" content=\"Escrito por\" \/>\n\t<meta name=\"twitter:data1\" content=\"Daniele Savietto\" \/>\n\t<meta name=\"twitter:label2\" content=\"Tempo estimado de leitura\" \/>\n\t<meta name=\"twitter:data2\" content=\"4 minutos\" \/>\n\t<meta name=\"twitter:label3\" content=\"Written by\" \/>\n\t<meta name=\"twitter:data3\" content=\"Daniele Savietto\" \/>\n<script type=\"application\/ld+json\" class=\"yoast-schema-graph\">{\"@context\":\"https:\\\/\\\/schema.org\",\"@graph\":[{\"@type\":\"Article\",\"@id\":\"https:\\\/\\\/xqthenews.com\\\/pt-pt\\\/conheca-o-movimento-hora-pelo-planeta-e-descubra-como-participar-neste-apelo-global-pelo-futuro\\\/#article\",\"isPartOf\":{\"@id\":\"https:\\\/\\\/xqthenews.com\\\/pt-pt\\\/conheca-o-movimento-hora-pelo-planeta-e-descubra-como-participar-neste-apelo-global-pelo-futuro\\\/\"},\"author\":{\"name\":\"Daniele Savietto\",\"@id\":\"https:\\\/\\\/xqthenews.com\\\/es\\\/#\\\/schema\\\/person\\\/74e894b0955677cd08272e92940fad40\"},\"headline\":\"Conhe\u00e7a o movimento &#8220;Hora Pelo Planeta&#8221; e descubra como participar neste apelo global pelo futuro.\",\"datePublished\":\"2024-03-20T07:00:23+00:00\",\"dateModified\":\"2024-09-10T22:10:07+00:00\",\"mainEntityOfPage\":{\"@id\":\"https:\\\/\\\/xqthenews.com\\\/pt-pt\\\/conheca-o-movimento-hora-pelo-planeta-e-descubra-como-participar-neste-apelo-global-pelo-futuro\\\/\"},\"wordCount\":908,\"commentCount\":0,\"image\":{\"@id\":\"https:\\\/\\\/xqthenews.com\\\/pt-pt\\\/conheca-o-movimento-hora-pelo-planeta-e-descubra-como-participar-neste-apelo-global-pelo-futuro\\\/#primaryimage\"},\"thumbnailUrl\":\"https:\\\/\\\/xqthenews.com\\\/wp-content\\\/uploads\\\/2024\\\/03\\\/Imagen1.png\",\"keywords\":[\"Emerg\u00eancia clim\u00e1tica\"],\"articleSection\":[\"Ambiente\",\"Sustentabilidade\"],\"inLanguage\":\"pt-PT\",\"potentialAction\":[{\"@type\":\"CommentAction\",\"name\":\"Comment\",\"target\":[\"https:\\\/\\\/xqthenews.com\\\/pt-pt\\\/conheca-o-movimento-hora-pelo-planeta-e-descubra-como-participar-neste-apelo-global-pelo-futuro\\\/#respond\"]}]},{\"@type\":\"WebPage\",\"@id\":\"https:\\\/\\\/xqthenews.com\\\/pt-pt\\\/conheca-o-movimento-hora-pelo-planeta-e-descubra-como-participar-neste-apelo-global-pelo-futuro\\\/\",\"url\":\"https:\\\/\\\/xqthenews.com\\\/pt-pt\\\/conheca-o-movimento-hora-pelo-planeta-e-descubra-como-participar-neste-apelo-global-pelo-futuro\\\/\",\"name\":\"Conhe\u00e7a o movimento \\\"Hora Pelo Planeta\\\" e descubra como participar neste apelo global pelo futuro. - xqthenews\",\"isPartOf\":{\"@id\":\"https:\\\/\\\/xqthenews.com\\\/es\\\/#website\"},\"primaryImageOfPage\":{\"@id\":\"https:\\\/\\\/xqthenews.com\\\/pt-pt\\\/conheca-o-movimento-hora-pelo-planeta-e-descubra-como-participar-neste-apelo-global-pelo-futuro\\\/#primaryimage\"},\"image\":{\"@id\":\"https:\\\/\\\/xqthenews.com\\\/pt-pt\\\/conheca-o-movimento-hora-pelo-planeta-e-descubra-como-participar-neste-apelo-global-pelo-futuro\\\/#primaryimage\"},\"thumbnailUrl\":\"https:\\\/\\\/xqthenews.com\\\/wp-content\\\/uploads\\\/2024\\\/03\\\/Imagen1.png\",\"datePublished\":\"2024-03-20T07:00:23+00:00\",\"dateModified\":\"2024-09-10T22:10:07+00:00\",\"author\":{\"@id\":\"https:\\\/\\\/xqthenews.com\\\/es\\\/#\\\/schema\\\/person\\\/74e894b0955677cd08272e92940fad40\"},\"breadcrumb\":{\"@id\":\"https:\\\/\\\/xqthenews.com\\\/pt-pt\\\/conheca-o-movimento-hora-pelo-planeta-e-descubra-como-participar-neste-apelo-global-pelo-futuro\\\/#breadcrumb\"},\"inLanguage\":\"pt-PT\",\"potentialAction\":[{\"@type\":\"ReadAction\",\"target\":[\"https:\\\/\\\/xqthenews.com\\\/pt-pt\\\/conheca-o-movimento-hora-pelo-planeta-e-descubra-como-participar-neste-apelo-global-pelo-futuro\\\/\"]}]},{\"@type\":\"ImageObject\",\"inLanguage\":\"pt-PT\",\"@id\":\"https:\\\/\\\/xqthenews.com\\\/pt-pt\\\/conheca-o-movimento-hora-pelo-planeta-e-descubra-como-participar-neste-apelo-global-pelo-futuro\\\/#primaryimage\",\"url\":\"https:\\\/\\\/xqthenews.com\\\/wp-content\\\/uploads\\\/2024\\\/03\\\/Imagen1.png\",\"contentUrl\":\"https:\\\/\\\/xqthenews.com\\\/wp-content\\\/uploads\\\/2024\\\/03\\\/Imagen1.png\",\"width\":1299,\"height\":682},{\"@type\":\"BreadcrumbList\",\"@id\":\"https:\\\/\\\/xqthenews.com\\\/pt-pt\\\/conheca-o-movimento-hora-pelo-planeta-e-descubra-como-participar-neste-apelo-global-pelo-futuro\\\/#breadcrumb\",\"itemListElement\":[{\"@type\":\"ListItem\",\"position\":1,\"name\":\"Portada\",\"item\":\"https:\\\/\\\/xqthenews.com\\\/pt-pt\\\/\"},{\"@type\":\"ListItem\",\"position\":2,\"name\":\"Conhe\u00e7a o movimento &#8220;Hora Pelo Planeta&#8221; e descubra como participar neste apelo global pelo futuro.\"}]},{\"@type\":\"WebSite\",\"@id\":\"https:\\\/\\\/xqthenews.com\\\/es\\\/#website\",\"url\":\"https:\\\/\\\/xqthenews.com\\\/es\\\/\",\"name\":\"xqthenews\",\"description\":\"El porqu\u00e9 de las noticias\",\"potentialAction\":[{\"@type\":\"SearchAction\",\"target\":{\"@type\":\"EntryPoint\",\"urlTemplate\":\"https:\\\/\\\/xqthenews.com\\\/es\\\/?s={search_term_string}\"},\"query-input\":{\"@type\":\"PropertyValueSpecification\",\"valueRequired\":true,\"valueName\":\"search_term_string\"}}],\"inLanguage\":\"pt-PT\"},{\"@type\":\"Person\",\"@id\":\"https:\\\/\\\/xqthenews.com\\\/es\\\/#\\\/schema\\\/person\\\/74e894b0955677cd08272e92940fad40\",\"name\":\"Daniele Savietto\",\"image\":{\"@type\":\"ImageObject\",\"inLanguage\":\"pt-PT\",\"@id\":\"https:\\\/\\\/xqthenews.com\\\/wp-content\\\/uploads\\\/2024\\\/09\\\/daniele-savietto_avatar_1-96x96.jpeg047589b35b85c64ecb9f1f0b01c9d27e\",\"url\":\"https:\\\/\\\/xqthenews.com\\\/wp-content\\\/uploads\\\/2024\\\/09\\\/daniele-savietto_avatar_1-96x96.jpeg\",\"contentUrl\":\"https:\\\/\\\/xqthenews.com\\\/wp-content\\\/uploads\\\/2024\\\/09\\\/daniele-savietto_avatar_1-96x96.jpeg\",\"caption\":\"Daniele Savietto\"},\"description\":\"Es licenciada en Periodismo por la Universidad de Coimbra y doctoranda en Educaci\u00f3n, donde investiga los sistemas de desinformaci\u00f3n y la alfabetizaci\u00f3n medi\u00e1tica. En los \u00faltimos 10 a\u00f1os se ha dedicado a cubrir las conferencias de la ONU sobre el clima (COP) y a producir contenidos sobre derechos humanos, compromiso juvenil y cambio clim\u00e1tico.\",\"url\":\"https:\\\/\\\/xqthenews.com\\\/pt-pt\\\/author\\\/danielesavietto\\\/\"}]}<\/script>\n<!-- \/ Yoast SEO plugin. -->","yoast_head_json":{"title":"Conhe\u00e7a o movimento \"Hora Pelo Planeta\" e descubra como participar neste apelo global pelo futuro. - xqthenews","robots":{"index":"index","follow":"follow","max-snippet":"max-snippet:-1","max-image-preview":"max-image-preview:large","max-video-preview":"max-video-preview:-1"},"canonical":"https:\/\/xqthenews.com\/pt-pt\/conheca-o-movimento-hora-pelo-planeta-e-descubra-como-participar-neste-apelo-global-pelo-futuro\/","og_locale":"pt_PT","og_type":"article","og_title":"Conhe\u00e7a o movimento \"Hora Pelo Planeta\" e descubra como participar neste apelo global pelo futuro. - xqthenews","og_description":"Lead: Iniciada em 2007 pela WWF em Sydney, a Hora do Planeta tornou-se num movimento global contra as altera&ccedil;&otilde;es clim&aacute;ticas, envolvendo mais de 190 pa&iacute;ses em a&ccedil;&otilde;es ambientais significativas, como desligar as luzes para destacar a urg&ecirc;ncia de proteger o nosso planeta.","og_url":"https:\/\/xqthenews.com\/pt-pt\/conheca-o-movimento-hora-pelo-planeta-e-descubra-como-participar-neste-apelo-global-pelo-futuro\/","og_site_name":"xqthenews","article_published_time":"2024-03-20T07:00:23+00:00","article_modified_time":"2024-09-10T22:10:07+00:00","og_image":[{"width":1299,"height":682,"url":"https:\/\/xqthenews.com\/wp-content\/uploads\/2024\/03\/Imagen1.png","type":"image\/png"}],"author":"Daniele Savietto","twitter_card":"summary_large_image","twitter_misc":{"Escrito por":"Daniele Savietto","Tempo estimado de leitura":"4 minutos","Written by":"Daniele Savietto"},"schema":{"@context":"https:\/\/schema.org","@graph":[{"@type":"Article","@id":"https:\/\/xqthenews.com\/pt-pt\/conheca-o-movimento-hora-pelo-planeta-e-descubra-como-participar-neste-apelo-global-pelo-futuro\/#article","isPartOf":{"@id":"https:\/\/xqthenews.com\/pt-pt\/conheca-o-movimento-hora-pelo-planeta-e-descubra-como-participar-neste-apelo-global-pelo-futuro\/"},"author":{"name":"Daniele Savietto","@id":"https:\/\/xqthenews.com\/es\/#\/schema\/person\/74e894b0955677cd08272e92940fad40"},"headline":"Conhe\u00e7a o movimento &#8220;Hora Pelo Planeta&#8221; e descubra como participar neste apelo global pelo futuro.","datePublished":"2024-03-20T07:00:23+00:00","dateModified":"2024-09-10T22:10:07+00:00","mainEntityOfPage":{"@id":"https:\/\/xqthenews.com\/pt-pt\/conheca-o-movimento-hora-pelo-planeta-e-descubra-como-participar-neste-apelo-global-pelo-futuro\/"},"wordCount":908,"commentCount":0,"image":{"@id":"https:\/\/xqthenews.com\/pt-pt\/conheca-o-movimento-hora-pelo-planeta-e-descubra-como-participar-neste-apelo-global-pelo-futuro\/#primaryimage"},"thumbnailUrl":"https:\/\/xqthenews.com\/wp-content\/uploads\/2024\/03\/Imagen1.png","keywords":["Emerg\u00eancia clim\u00e1tica"],"articleSection":["Ambiente","Sustentabilidade"],"inLanguage":"pt-PT","potentialAction":[{"@type":"CommentAction","name":"Comment","target":["https:\/\/xqthenews.com\/pt-pt\/conheca-o-movimento-hora-pelo-planeta-e-descubra-como-participar-neste-apelo-global-pelo-futuro\/#respond"]}]},{"@type":"WebPage","@id":"https:\/\/xqthenews.com\/pt-pt\/conheca-o-movimento-hora-pelo-planeta-e-descubra-como-participar-neste-apelo-global-pelo-futuro\/","url":"https:\/\/xqthenews.com\/pt-pt\/conheca-o-movimento-hora-pelo-planeta-e-descubra-como-participar-neste-apelo-global-pelo-futuro\/","name":"Conhe\u00e7a o movimento \"Hora Pelo Planeta\" e descubra como participar neste apelo global pelo futuro. - xqthenews","isPartOf":{"@id":"https:\/\/xqthenews.com\/es\/#website"},"primaryImageOfPage":{"@id":"https:\/\/xqthenews.com\/pt-pt\/conheca-o-movimento-hora-pelo-planeta-e-descubra-como-participar-neste-apelo-global-pelo-futuro\/#primaryimage"},"image":{"@id":"https:\/\/xqthenews.com\/pt-pt\/conheca-o-movimento-hora-pelo-planeta-e-descubra-como-participar-neste-apelo-global-pelo-futuro\/#primaryimage"},"thumbnailUrl":"https:\/\/xqthenews.com\/wp-content\/uploads\/2024\/03\/Imagen1.png","datePublished":"2024-03-20T07:00:23+00:00","dateModified":"2024-09-10T22:10:07+00:00","author":{"@id":"https:\/\/xqthenews.com\/es\/#\/schema\/person\/74e894b0955677cd08272e92940fad40"},"breadcrumb":{"@id":"https:\/\/xqthenews.com\/pt-pt\/conheca-o-movimento-hora-pelo-planeta-e-descubra-como-participar-neste-apelo-global-pelo-futuro\/#breadcrumb"},"inLanguage":"pt-PT","potentialAction":[{"@type":"ReadAction","target":["https:\/\/xqthenews.com\/pt-pt\/conheca-o-movimento-hora-pelo-planeta-e-descubra-como-participar-neste-apelo-global-pelo-futuro\/"]}]},{"@type":"ImageObject","inLanguage":"pt-PT","@id":"https:\/\/xqthenews.com\/pt-pt\/conheca-o-movimento-hora-pelo-planeta-e-descubra-como-participar-neste-apelo-global-pelo-futuro\/#primaryimage","url":"https:\/\/xqthenews.com\/wp-content\/uploads\/2024\/03\/Imagen1.png","contentUrl":"https:\/\/xqthenews.com\/wp-content\/uploads\/2024\/03\/Imagen1.png","width":1299,"height":682},{"@type":"BreadcrumbList","@id":"https:\/\/xqthenews.com\/pt-pt\/conheca-o-movimento-hora-pelo-planeta-e-descubra-como-participar-neste-apelo-global-pelo-futuro\/#breadcrumb","itemListElement":[{"@type":"ListItem","position":1,"name":"Portada","item":"https:\/\/xqthenews.com\/pt-pt\/"},{"@type":"ListItem","position":2,"name":"Conhe\u00e7a o movimento &#8220;Hora Pelo Planeta&#8221; e descubra como participar neste apelo global pelo futuro."}]},{"@type":"WebSite","@id":"https:\/\/xqthenews.com\/es\/#website","url":"https:\/\/xqthenews.com\/es\/","name":"xqthenews","description":"El porqu\u00e9 de las noticias","potentialAction":[{"@type":"SearchAction","target":{"@type":"EntryPoint","urlTemplate":"https:\/\/xqthenews.com\/es\/?s={search_term_string}"},"query-input":{"@type":"PropertyValueSpecification","valueRequired":true,"valueName":"search_term_string"}}],"inLanguage":"pt-PT"},{"@type":"Person","@id":"https:\/\/xqthenews.com\/es\/#\/schema\/person\/74e894b0955677cd08272e92940fad40","name":"Daniele Savietto","image":{"@type":"ImageObject","inLanguage":"pt-PT","@id":"https:\/\/xqthenews.com\/wp-content\/uploads\/2024\/09\/daniele-savietto_avatar_1-96x96.jpeg047589b35b85c64ecb9f1f0b01c9d27e","url":"https:\/\/xqthenews.com\/wp-content\/uploads\/2024\/09\/daniele-savietto_avatar_1-96x96.jpeg","contentUrl":"https:\/\/xqthenews.com\/wp-content\/uploads\/2024\/09\/daniele-savietto_avatar_1-96x96.jpeg","caption":"Daniele Savietto"},"description":"Es licenciada en Periodismo por la Universidad de Coimbra y doctoranda en Educaci\u00f3n, donde investiga los sistemas de desinformaci\u00f3n y la alfabetizaci\u00f3n medi\u00e1tica. En los \u00faltimos 10 a\u00f1os se ha dedicado a cubrir las conferencias de la ONU sobre el clima (COP) y a producir contenidos sobre derechos humanos, compromiso juvenil y cambio clim\u00e1tico.","url":"https:\/\/xqthenews.com\/pt-pt\/author\/danielesavietto\/"}]}},"_links":{"self":[{"href":"https:\/\/xqthenews.com\/pt-pt\/wp-json\/wp\/v2\/posts\/19866","targetHints":{"allow":["GET"]}}],"collection":[{"href":"https:\/\/xqthenews.com\/pt-pt\/wp-json\/wp\/v2\/posts"}],"about":[{"href":"https:\/\/xqthenews.com\/pt-pt\/wp-json\/wp\/v2\/types\/post"}],"author":[{"embeddable":true,"href":"https:\/\/xqthenews.com\/pt-pt\/wp-json\/wp\/v2\/users\/54"}],"replies":[{"embeddable":true,"href":"https:\/\/xqthenews.com\/pt-pt\/wp-json\/wp\/v2\/comments?post=19866"}],"version-history":[{"count":0,"href":"https:\/\/xqthenews.com\/pt-pt\/wp-json\/wp\/v2\/posts\/19866\/revisions"}],"wp:featuredmedia":[{"embeddable":true,"href":"https:\/\/xqthenews.com\/pt-pt\/wp-json\/wp\/v2\/media\/19824"}],"wp:attachment":[{"href":"https:\/\/xqthenews.com\/pt-pt\/wp-json\/wp\/v2\/media?parent=19866"}],"wp:term":[{"taxonomy":"category","embeddable":true,"href":"https:\/\/xqthenews.com\/pt-pt\/wp-json\/wp\/v2\/categories?post=19866"},{"taxonomy":"post_tag","embeddable":true,"href":"https:\/\/xqthenews.com\/pt-pt\/wp-json\/wp\/v2\/tags?post=19866"},{"taxonomy":"author","embeddable":true,"href":"https:\/\/xqthenews.com\/pt-pt\/wp-json\/wp\/v2\/coauthors?post=19866"}],"curies":[{"name":"wp","href":"https:\/\/api.w.org\/{rel}","templated":true}]}}