{"id":16862,"date":"2024-01-24T09:00:50","date_gmt":"2024-01-24T08:00:50","guid":{"rendered":"https:\/\/sad-borg.82-223-8-23.plesk.page\/?p=16862"},"modified":"2024-09-10T23:10:29","modified_gmt":"2024-09-10T22:10:29","slug":"inquilinos-neo-pobres-quando-o-aluguer-e-superior-ao-salario-minimo","status":"publish","type":"post","link":"https:\/\/xqthenews.com\/pt-pt\/inquilinos-neo-pobres-quando-o-aluguer-e-superior-ao-salario-minimo\/","title":{"rendered":"Inquilinos neo-pobres: quando o aluguer \u00e9 superior ao sal\u00e1rio m\u00ednimo"},"content":{"rendered":"<p style=\"font-style:italic;font-weight:600\">No Idealista, o portal com mais ofertas de apartamentos, foram publicados 2100 apartamentos na cidade de Barcelona no &uacute;ltimo m&ecirc;s &ndash; os n&uacute;meros oscilam muito ligeiramente todos os dias, a m&eacute;dia mant&eacute;m-se igual. Destes apartamentos publicados, a grande maioria, <strong>quase 60%, ultrapassa os 1500 euros<\/strong>. No lado oposto do or&ccedil;amento, encontramos 182 apartamentos por menos de 1.000 euros, ou seja, 8,6% dos apartamentos publicados. No entanto, se formos para a gama superior, os apartamentos por mais de 3.000 euros, h&aacute; 192 no portal, 9,14% do total. A oferta de habita&ccedil;&atilde;o de luxo &eacute; maior do que a de apartamentos moderadamente acess&iacute;veis a quem aufere um <a class=\"glossaryLink\" aria-describedby=\"tt\" data-cmtooltip=\"&lt;div class=glossaryItemTitle&gt;Sal&aacute;rio m&iacute;nimo&lt;\/div&gt;&lt;div class=glossaryItemBody&gt;&amp;lt;!-- wp:paragraph {&amp;quot;translatedWithWPMLTM&amp;quot;:&amp;quot;1&amp;quot;} --&amp;gt;O sal&aacute;rio m&iacute;nimo (SMI) &eacute; a remunera&ccedil;&atilde;o m&iacute;nima legal estabelecida pelo governo para proteger os rendimentos dos trabalhadores.&amp;lt;br\/&amp;gt;&amp;lt;!-- \/wp:paragraph --&amp;gt;&lt;\/div&gt;\" href=\"https:\/\/xqthenews.com\/pt-pt\/glossary\/salario-minimo\/\" data-gt-translate-attributes='[{\"attribute\":\"data-cmtooltip\", \"format\":\"html\"}]' tabindex=\"0\" role=\"link\">sal&aacute;rio m&iacute;nimo<\/a>.<\/p>\n\n\n\n<p>Os &uacute;ltimos<a href=\"https:\/\/habitatge.gencat.cat\/ca\/dades\/indicadors_estadistiques\/estadistiques_de_construccio_i_mercat_immobiliari\/mercat_de_lloguer\/lloguers-barcelona-per-districtes-i-barris\/\"> dados fornecidos pela Incas&ograve;l<\/a> mostram que <strong>o pre&ccedil;o m&eacute;dio anual do aluguer de uma habita&ccedil;&atilde;o em Barcelona era de 1 124,62 euros<\/strong>. Tendo em conta que o <a class=\"glossaryLink\" aria-describedby=\"tt\" data-cmtooltip=\"&lt;div class=glossaryItemTitle&gt;Sal&aacute;rio m&iacute;nimo&lt;\/div&gt;&lt;div class=glossaryItemBody&gt;&amp;lt;!-- wp:paragraph {&amp;quot;translatedWithWPMLTM&amp;quot;:&amp;quot;1&amp;quot;} --&amp;gt;O sal&aacute;rio m&iacute;nimo (SMI) &eacute; a remunera&ccedil;&atilde;o m&iacute;nima legal estabelecida pelo governo para proteger os rendimentos dos trabalhadores.&amp;lt;br\/&amp;gt;&amp;lt;!-- \/wp:paragraph --&amp;gt;&lt;\/div&gt;\" href=\"https:\/\/xqthenews.com\/pt-pt\/glossary\/salario-minimo\/\" data-gt-translate-attributes='[{\"attribute\":\"data-cmtooltip\", \"format\":\"html\"}]' tabindex=\"0\" role=\"link\">sal&aacute;rio m&iacute;nimo<\/a> em Espanha no mesmo ano &eacute; de 1080 euros brutos, a recomenda&ccedil;&atilde;o de atribuir um limite de 30% do rendimento &agrave; habita&ccedil;&atilde;o est&aacute; longe de ser cumprida. O Banco de Espanha alertou no seu<a href=\"https:\/\/www.bde.es\/f\/webbe\/SES\/Secciones\/Publicaciones\/PublicacionesAnuales\/InformesAnuales\/22\/Fich\/InfAnual_2022.pdf\"> relat&oacute;rio anual de 2022<\/a> que &ldquo;<strong>em 2021, 48,9% dos agregados familiares espanh&oacute;is que vivem em habita&ccedil;&otilde;es arrendadas estavam em risco de pobreza <\/strong>ou <a class=\"glossaryLink\" aria-describedby=\"tt\" data-cmtooltip=\"&lt;div class=glossaryItemTitle&gt;Exclus&atilde;o social&lt;\/div&gt;&lt;div class=glossaryItemBody&gt;&amp;lt;!-- wp:paragraph {&amp;quot;translatedWithWPMLTM&amp;quot;:&amp;quot;1&amp;quot;} --&amp;gt;A exclus&atilde;o social &eacute; um processo que marginaliza indiv&iacute;duos ou grupos, negando-lhes a plena participa&ccedil;&atilde;o na sociedade e o acesso a recursos b&aacute;sicos.&amp;lt;br\/&amp;gt;&amp;lt;!-- \/wp:paragraph --&amp;gt;&lt;\/div&gt;&lt;div id=&amp;quot;cmtt_related_articles&amp;quot; class=&amp;quot;cmtt_related_articles_wrapper&amp;quot;&gt;&lt;div class=&amp;quot;cmtt_related_title cmtt_related_articles_title&amp;quot;&gt;Related Articles: &lt;\/div&gt;&lt;ul class=&amp;quot;cmtt_related&amp;quot;&gt;&lt;li class=&amp;quot;cmtt_related_item&amp;quot;&gt;&lt;a href=&amp;quot;https:\/\/xqthenews.com\/pt-pt\/emigrar-para-fora-da-clandestinidade\/&amp;quot;target=&amp;quot;_blank&amp;quot;&gt;Emigrar para fora da clandestinidade&lt;\/a&gt;&lt;\/li&gt;&lt;\/ul&gt;&lt;\/div&gt;\" href=\"https:\/\/xqthenews.com\/pt-pt\/glossary\/exclusao-social\/\" data-gt-translate-attributes='[{\"attribute\":\"data-cmtooltip\", \"format\":\"html\"}]' tabindex=\"0\" role=\"link\">exclus&atilde;o social<\/a> &ndash; a percentagem mais elevada da UE&rdquo;. No mesmo estudo, o banco espanhol analisa que &ldquo;os pre&ccedil;os elevados das rendas, em compara&ccedil;&atilde;o com o rendimento do trabalho, aumentam a propor&ccedil;&atilde;o da popula&ccedil;&atilde;o em risco de <a class=\"glossaryLink\" aria-describedby=\"tt\" data-cmtooltip=\"&lt;div class=glossaryItemTitle&gt;Exclus&atilde;o social&lt;\/div&gt;&lt;div class=glossaryItemBody&gt;&amp;lt;!-- wp:paragraph {&amp;quot;translatedWithWPMLTM&amp;quot;:&amp;quot;1&amp;quot;} --&amp;gt;A exclus&atilde;o social &eacute; um processo que marginaliza indiv&iacute;duos ou grupos, negando-lhes a plena participa&ccedil;&atilde;o na sociedade e o acesso a recursos b&aacute;sicos.&amp;lt;br\/&amp;gt;&amp;lt;!-- \/wp:paragraph --&amp;gt;&lt;\/div&gt;&lt;div id=&amp;quot;cmtt_related_articles&amp;quot; class=&amp;quot;cmtt_related_articles_wrapper&amp;quot;&gt;&lt;div class=&amp;quot;cmtt_related_title cmtt_related_articles_title&amp;quot;&gt;Related Articles: &lt;\/div&gt;&lt;ul class=&amp;quot;cmtt_related&amp;quot;&gt;&lt;li class=&amp;quot;cmtt_related_item&amp;quot;&gt;&lt;a href=&amp;quot;https:\/\/xqthenews.com\/pt-pt\/emigrar-para-fora-da-clandestinidade\/&amp;quot;target=&amp;quot;_blank&amp;quot;&gt;Emigrar para fora da clandestinidade&lt;\/a&gt;&lt;\/li&gt;&lt;\/ul&gt;&lt;\/div&gt;\" href=\"https:\/\/xqthenews.com\/pt-pt\/glossary\/exclusao-social\/\" data-gt-translate-attributes='[{\"attribute\":\"data-cmtooltip\", \"format\":\"html\"}]' tabindex=\"0\" role=\"link\">exclus&atilde;o social<\/a> e das fam&iacute;lias com capacidade de despesa limitada noutros bens e servi&ccedil;os&rdquo;.<\/p>\n\n\n\n<h2 class=\"wp-block-heading\"><strong>Juventude, precariedade perp&eacute;tua<\/strong><\/h2>\n\n\n\n<p>Para os jovens, a situa&ccedil;&atilde;o &eacute; particularmente dif&iacute;cil. No primeiro semestre de 2023, <strong>apenas 16,3% dos jovens conseguiram sair da casa da fam&iacute;lia<\/strong>, quase metade da m&eacute;dia europeia (31,9%), segundo o<a href=\"https:\/\/www.cje.org\/las-personas-jovenes-reclaman-mas-ambicion-frente-a-la-crisis-climatica\/\"> Conselho Espanhol da Juventude<\/a>. Registou tamb&eacute;m a &ldquo;idade m&eacute;dia de <a class=\"glossaryLink\" aria-describedby=\"tt\" data-cmtooltip=\"&lt;div class=glossaryItemTitle&gt;Emancipa&ccedil;&atilde;o&lt;\/div&gt;&lt;div class=glossaryItemBody&gt;&amp;lt;!-- wp:paragraph {&amp;quot;translatedWithWPMLTM&amp;quot;:&amp;quot;1&amp;quot;} --&amp;gt;A emancipa&ccedil;&atilde;o &eacute; o ato de adquirir independ&ecirc;ncia e autonomia, especialmente no contexto da sa&iacute;da da casa da fam&iacute;lia e de uma vida independente.&amp;lt;br\/&amp;gt;&amp;lt;!-- \/wp:paragraph --&amp;gt;&lt;\/div&gt;\" href=\"https:\/\/xqthenews.com\/pt-pt\/glossary\/emancipacao\/\" data-gt-translate-attributes='[{\"attribute\":\"data-cmtooltip\", \"format\":\"html\"}]' tabindex=\"0\" role=\"link\">emancipa&ccedil;&atilde;o<\/a> mais elevada em Espanha nos &uacute;ltimos 20 anos: 30,3 anos&rdquo;.<\/p>\n\n\n\n<p>Quase metade dos jovens espanh&oacute;is ganhou menos de 1.500 euros por m&ecirc;s no ano passado e tr&ecirc;s em cada dez menos de 955 euros, segundo<a href=\"https:\/\/catalunyaplural.cat\/es\/salarios-formacion-y-emancipacion-los-retos-del-mercado-laboral-para-los-jovenes\/\"> o estudo econ&oacute;mico da OCDE sobre a Espanha 2023<\/a>. S&oacute; para arrendar <strong>uma casa<\/strong>, o CJE indica que <strong>um jovem teria de gastar 93,9% do seu sal&aacute;rio l&iacute;quido anual<\/strong>, e o pre&ccedil;o m&eacute;dio do arrendamento em Espanha no primeiro semestre de 2023 &eacute; o mais elevado desde que h&aacute; registos: 944 euros por m&ecirc;s.<\/p>\n\n\n\n<h2 class=\"wp-block-heading\"><strong>Poucos propriet&aacute;rios com muitas casas, o controlo da oferta faz subir os pre&ccedil;os<\/strong><\/h2>\n\n\n\n<p>As metr&oacute;poles concebidas como centros nevr&aacute;lgicos est&atilde;o sujeitas a uma tens&atilde;o causada por v&aacute;rios factores: o desequil&iacute;brio entre a oferta e a procura de habita&ccedil;&atilde;o, que por sua vez gera mudan&ccedil;as demogr&aacute;ficas s&uacute;bitas. Precisamente o paradoxo &eacute; que onde se encontram as habita&ccedil;&otilde;es mais caras &eacute; onde a maior parte das pessoas procura arrendar, exigido pelo centro gravitacional da atividade econ&oacute;mica em que se transformam as grandes cidades. No caso de Barcelona, o turismo tamb&eacute;m desempenha um papel fundamental:<a href=\"https:\/\/www.ine.es\/jaxiT3\/Datos.htm?t=39363#!tabs-tabla\"> segundo dados do INE<\/a>, <strong>em agosto de 2023 havia 7531 habita&ccedil;&otilde;es registadas como alojamento tur&iacute;stico <\/strong>&ndash; sem contar com as que funcionam de forma n&atilde;o regulamentada. Este fen&oacute;meno significa um desvio de apartamentos que n&atilde;o podem ser utilizados como habita&ccedil;&atilde;o permanente, limitando ainda mais a oferta para este fim. O instigador da subida abismal dos pre&ccedil;os &eacute; o parque habitacional, que est&aacute; sujeito a uma tend&ecirc;ncia para a rentabilidade e o lucro e n&atilde;o como um direito: <strong>a concentra&ccedil;&atilde;o da propriedade <\/strong>&eacute; cada vez mais acentuada.<\/p>\n\n\n\n<p>Apesar de um n&uacute;mero muito elevado de propriet&aacute;rios possuir uma casa (84,0%), de<a href=\"https:\/\/www.ohb.cat\/wp-content\/uploads\/2023\/12\/O23010_Lab_Propietat-BCN_2023.pdf\"> acordo com o relat&oacute;rio do Observatori Metropolit&agrave; de l&rsquo;Habitatge a Barcelona<\/a>, os n&uacute;meros alarmantes s&atilde;o os dos propriet&aacute;rios de mais do que uma casa. Extraindo dados do mesmo estudo: os propriet&aacute;rios de 5 ou mais habita&ccedil;&otilde;es representam 2,2% do total de propriet&aacute;rios (11.777) e possuem 23,2% das habita&ccedil;&otilde;es (184.111). Os propriet&aacute;rios de mais de 10 alojamentos representam 0,9% do total de propriet&aacute;rios (4.572) e acumulam 17,2% dos alojamentos (136.324). Os propriet&aacute;rios de mais de 15 alojamentos representam 0,5% do total de propriet&aacute;rios (2.593) e det&ecirc;m 14,0% do parque (111.140). Quanto ao <strong>parque de habita&ccedil;&atilde;o p&uacute;blica, representa apenas 1,8% do total<\/strong>, apesar de ser uma das cidades com mais habita&ccedil;&atilde;o p&uacute;blica em Espanha.<\/p>\n\n\n\n<p>A este esquema juntam-se os bancos que possuem habita&ccedil;&otilde;es, incluindo o &ldquo;banco mau&rdquo; <a class=\"glossaryLink\"  aria-describedby=\"tt\"  data-cmtooltip=\"&lt;div class=glossaryItemTitle&gt;Sareb&lt;\/div&gt;&lt;div class=glossaryItemBody&gt;&amp;lt;!-- wp:paragraph {&amp;quot;translatedWithWPMLTM&amp;quot;:&amp;quot;1&amp;quot;} --&amp;gt;O Sareb, ou &amp;quot;banco mau&amp;quot; de Espanha, &eacute; uma entidade criada para gerir e liquidar os activos t&oacute;xicos das institui&ccedil;&otilde;es financeiras durante a crise.&amp;lt;br\/&amp;gt;&amp;lt;!-- \/wp:paragraph --&amp;gt;&lt;\/div&gt;\"  href=\"https:\/\/xqthenews.com\/pt-pt\/glossary\/sareb\/\"  data-gt-translate-attributes='[{\"attribute\":\"data-cmtooltip\", \"format\":\"html\"}]' tabindex='0' role='link'>Sareb<\/a>, que em meados de 2023 tinha 767 casas em Barcelona. Os fundos de investimento, tamb&eacute;m conhecidos como &ldquo;fundos abutre&rdquo;, <strong>compram frequentemente habita&ccedil;&otilde;es para obterem rendimentos econ&oacute;micos<\/strong>: um caso not&oacute;rio foi o do fundo &ldquo;<a class=\"glossaryLink\" aria-describedby=\"tt\" data-cmtooltip=\"&lt;div class=glossaryItemTitle&gt;Blackstone&lt;\/div&gt;&lt;div class=glossaryItemBody&gt;&amp;lt;!-- wp:paragraph {&amp;quot;translatedWithWPMLTM&amp;quot;:&amp;quot;1&amp;quot;} --&amp;gt;A Blackstone &eacute; uma empresa global de investimento e gest&atilde;o de activos, conhecida pela aquisi&ccedil;&atilde;o de propriedades imobili&aacute;rias de grande escala em todo o mundo.&amp;lt;br\/&amp;gt;&amp;lt;!-- \/wp:paragraph --&amp;gt;&lt;\/div&gt;\" href=\"https:\/\/xqthenews.com\/pt-pt\/glossary\/blackstone\/\" data-gt-translate-attributes='[{\"attribute\":\"data-cmtooltip\", \"format\":\"html\"}]' tabindex=\"0\" role=\"link\">Blackstone<\/a>&rdquo;, que<a href=\"https:\/\/directa.cat\/el-fons-dinversio-blackstone-posseeix-5-550-habitatges-a-306-municipis-de-catalunya\/\"> o meio de comunica&ccedil;&atilde;o La Direta revelou<\/a> numa investiga&ccedil;&atilde;o em 2022, como propriet&aacute;rio de mais de 5550 casas na Catalunha, 891 em Barcelona. Tanto os bancos como os fundos t&ecirc;m apartamentos vazios, facto que favorece uma menor oferta e um aumento for&ccedil;ado dos pre&ccedil;os<a href=\"https:\/\/sindicatdellogateres.org\/es\/mas-de-5-500-viviendas-en-cataluna-estan-en-manos-de-blackstone\/\">, como denunciou o Sindicat de Llogateres em 2022<\/a>, s&oacute; o <a class=\"glossaryLink\" aria-describedby=\"tt\" data-cmtooltip=\"&lt;div class=glossaryItemTitle&gt;Blackstone&lt;\/div&gt;&lt;div class=glossaryItemBody&gt;&amp;lt;!-- wp:paragraph {&amp;quot;translatedWithWPMLTM&amp;quot;:&amp;quot;1&amp;quot;} --&amp;gt;A Blackstone &eacute; uma empresa global de investimento e gest&atilde;o de activos, conhecida pela aquisi&ccedil;&atilde;o de propriedades imobili&aacute;rias de grande escala em todo o mundo.&amp;lt;br\/&amp;gt;&amp;lt;!-- \/wp:paragraph --&amp;gt;&lt;\/div&gt;\" href=\"https:\/\/xqthenews.com\/pt-pt\/glossary\/blackstone\/\" data-gt-translate-attributes='[{\"attribute\":\"data-cmtooltip\", \"format\":\"html\"}]' tabindex=\"0\" role=\"link\">Blackstone<\/a> tinha &ldquo;40% dos seus apartamentos vazios&rdquo;.<\/p>\n\n\n\n<p>A concentra&ccedil;&atilde;o de im&oacute;veis e a gest&atilde;o recorrente das omnipresentes ag&ecirc;ncias imobili&aacute;rias &ndash; s&oacute; em Barcelona, o portal Indomio regista 180 im&oacute;veis &ndash; fazem com que os pre&ccedil;os sejam fixados de acordo com a sua pr&oacute;pria bitola. Para tentar atenuar a situa&ccedil;&atilde;o, a Catalunha ser&aacute; a primeira comunidade a aplicar a Lei da Habita&ccedil;&atilde;o, que estabelece um limite m&aacute;ximo para os pre&ccedil;os das rendas a partir de fevereiro. Barcelona faz parte dos munic&iacute;pios declarados como &ldquo;munic&iacute;pios em crise&rdquo; e o limite m&aacute;ximo das rendas ser&aacute; regido pelo &iacute;ndice de refer&ecirc;ncia fixado.<\/p>\n\n\n\n<figure class=\"wp-block-image size-large\"><img decoding=\"async\" width=\"1024\" height=\"683\" src=\"https:\/\/sad-borg.82-223-8-23.plesk.page\/wp-content\/uploads\/2024\/01\/ALQUILER-1024x683.jpg\" alt=\"\" class=\"wp-image-16848\" srcset=\"https:\/\/xqthenews.com\/wp-content\/uploads\/2024\/01\/ALQUILER-1024x683.jpg 1024w, https:\/\/xqthenews.com\/wp-content\/uploads\/2024\/01\/ALQUILER-300x200.jpg 300w, https:\/\/xqthenews.com\/wp-content\/uploads\/2024\/01\/ALQUILER-768x512.jpg 768w, https:\/\/xqthenews.com\/wp-content\/uploads\/2024\/01\/ALQUILER-1536x1024.jpg 1536w, https:\/\/xqthenews.com\/wp-content\/uploads\/2024\/01\/ALQUILER-2048x1365.jpg 2048w, https:\/\/xqthenews.com\/wp-content\/uploads\/2024\/01\/ALQUILER-1080x720.jpg 1080w, https:\/\/xqthenews.com\/wp-content\/uploads\/2024\/01\/ALQUILER-1280x854.jpg 1280w, https:\/\/xqthenews.com\/wp-content\/uploads\/2024\/01\/ALQUILER-980x653.jpg 980w, https:\/\/xqthenews.com\/wp-content\/uploads\/2024\/01\/ALQUILER-480x320.jpg 480w\" sizes=\"(max-width: 1024px) 100vw, 1024px\"\/><figcaption class=\"wp-element-caption\">Os elevados pre&ccedil;os dos alugueres s&atilde;o um problema nas grandes cidades europeias. Foto de Pixabay.<\/figcaption><\/figure>\n\n\n\n<h2 class=\"wp-block-heading\"><strong>Novo bairro de lata em Portugal<\/strong><\/h2>\n\n\n\n<p>Por outro lado, ag&ecirc;ncias como a Uniplaces, a HousingAnywhere ou a Spotahome, que <strong>oferecem alugueres destinados a estudantes estrangeiros (como a Erasmusu, agora absorvida pela Spotahome) ou tamb&eacute;m aos chamados &ldquo;n&oacute;madas digitais&rdquo;, <\/strong>retiram do mercado habita&ccedil;&otilde;es que poderiam ser alugadas de forma permanente. O sistema, concebido como uma esp&eacute;cie de Airbnb de longa dura&ccedil;&atilde;o, permite alugar apartamentos ou quartos com pouco esfor&ccedil;o, durante os meses escolhidos e com uma visita virtual (n&atilde;o &eacute; poss&iacute;vel ver os apartamentos fisicamente antes de entrar). As plataformas cobram uma comiss&atilde;o e s&oacute; oferecem os apartamentos a t&iacute;tulo tempor&aacute;rio, orientando o seu mercado para as pessoas que est&atilde;o de passagem.<\/p>\n\n\n\n<p>Uma das capitais europeias onde a Uniplaces tem uma grande oferta &eacute; Lisboa, metr&oacute;pole de <strong>um dos pa&iacute;ses que tem o chamado &ldquo;visto de <a class=\"glossaryLink\" aria-describedby=\"tt\" data-cmtooltip=\"&lt;div class=glossaryItemTitle&gt;N&oacute;mada digital&lt;\/div&gt;&lt;div class=glossaryItemBody&gt;&amp;lt;!-- wp:paragraph {&amp;quot;translatedWithWPMLTM&amp;quot;:&amp;quot;1&amp;quot;} --&amp;gt;Um n&oacute;mada digital &eacute; um profissional que utiliza a tecnologia para trabalhar &agrave; dist&acirc;ncia e viajar, mudando frequentemente de local.&amp;lt;br\/&amp;gt;&amp;lt;!-- \/wp:paragraph --&amp;gt;&lt;\/div&gt;\" href=\"https:\/\/xqthenews.com\/pt-pt\/glossary\/nomada-digital\/\" data-gt-translate-attributes='[{\"attribute\":\"data-cmtooltip\", \"format\":\"html\"}]' tabindex=\"0\" role=\"link\">n&oacute;mada digital<\/a><\/strong>&rdquo; &ndash; tal <strong>como Espanha -. <\/strong>No caso dopa&iacute;s luso, um dos requisitos para o obter &eacute; ganhar pelo menos quatro vezes o <a class=\"glossaryLink\" aria-describedby=\"tt\" data-cmtooltip=\"&lt;div class=glossaryItemTitle&gt;Sal&aacute;rio m&iacute;nimo&lt;\/div&gt;&lt;div class=glossaryItemBody&gt;&amp;lt;!-- wp:paragraph {&amp;quot;translatedWithWPMLTM&amp;quot;:&amp;quot;1&amp;quot;} --&amp;gt;O sal&aacute;rio m&iacute;nimo (SMI) &eacute; a remunera&ccedil;&atilde;o m&iacute;nima legal estabelecida pelo governo para proteger os rendimentos dos trabalhadores.&amp;lt;br\/&amp;gt;&amp;lt;!-- \/wp:paragraph --&amp;gt;&lt;\/div&gt;\" href=\"https:\/\/xqthenews.com\/pt-pt\/glossary\/salario-minimo\/\" data-gt-translate-attributes='[{\"attribute\":\"data-cmtooltip\", \"format\":\"html\"}]' tabindex=\"0\" role=\"link\">sal&aacute;rio m&iacute;nimo<\/a> portugu&ecirc;s por m&ecirc;s. Com esta condi&ccedil;&atilde;o, &eacute; de esperar que as ag&ecirc;ncias especializadas em alugueres para estrangeiros inflacionem os pre&ccedil;os e, por sua vez, afectem todo o problema do acesso &agrave; habita&ccedil;&atilde;o. Viver num pa&iacute;s com um n&iacute;vel de vida muito mais baixo por um sal&aacute;rio mais elevado &eacute; uma pechincha, mas n&atilde;o para a popula&ccedil;&atilde;o local.<\/p>\n\n\n\n<p>A pouco mais de meia hora de carro de Lisboa, uma vila atrai turistas com a sua paisagem buc&oacute;lica. &Eacute; a praia de Carcavelos, uma das mais populares da regi&atilde;o, com um &oacute;timo ambiente: bares de praia, m&uacute;sica, boas ondas. &Eacute; Cascais, um concelho que tem todos os ingredientes para se tornar um objeto de especula&ccedil;&atilde;o.<\/p>\n\n\n\n<p>Nos bastidores, a realidade: na Quinta dos Ingleses, um parque local, <strong>est&aacute; a surgir uma col&oacute;nia de tendas como alternativa desesperada aos pre&ccedil;os abusivos<\/strong>.<a href=\"https:\/\/www.properstar.es\/portugal\/cascais\/precio-vivienda\"> Dados dos especialistas imobili&aacute;rios Properstar<\/a> indicam que o aluguer de um apartamento em agosto de 2021, em Cascais, custava 15 euros por metro quadrado. Dois anos mais tarde, em agosto de 2023, o pre&ccedil;o subiu para 25 euros por metro quadrado.<\/p>\n\n\n\n<p>O mais acess&iacute;vel, um apartamento est&uacute;dio sem quartos, tem o menor pre&ccedil;o de aluguer a 1167 euros em m&eacute;dia. Fazendo a m&eacute;dia dos apartamentos em Cascais, os dados do portal imobili&aacute;rio mostram que o pre&ccedil;o m&eacute;dio de um apartamento &eacute; de &euro;1917. <strong>O <a class=\"glossaryLink\" aria-describedby=\"tt\" data-cmtooltip=\"&lt;div class=glossaryItemTitle&gt;Sal&aacute;rio m&iacute;nimo&lt;\/div&gt;&lt;div class=glossaryItemBody&gt;&amp;lt;!-- wp:paragraph {&amp;quot;translatedWithWPMLTM&amp;quot;:&amp;quot;1&amp;quot;} --&amp;gt;O sal&aacute;rio m&iacute;nimo (SMI) &eacute; a remunera&ccedil;&atilde;o m&iacute;nima legal estabelecida pelo governo para proteger os rendimentos dos trabalhadores.&amp;lt;br\/&amp;gt;&amp;lt;!-- \/wp:paragraph --&amp;gt;&lt;\/div&gt;\" href=\"https:\/\/xqthenews.com\/pt-pt\/glossary\/salario-minimo\/\" data-gt-translate-attributes='[{\"attribute\":\"data-cmtooltip\", \"format\":\"html\"}]' tabindex=\"0\" role=\"link\">sal&aacute;rio m&iacute;nimo<\/a> em Portugal em 2023 &eacute; de 886,7 euros <\/strong>&ndash; 63 euros acima do ano anterior. Embora o limite tenha sido aumentado, &eacute; claro que n&atilde;o &eacute; suficiente: alugar um apartamento m&eacute;dio em Cascais custa 116% mais do que o <a class=\"glossaryLink\" aria-describedby=\"tt\" data-cmtooltip=\"&lt;div class=glossaryItemTitle&gt;Sal&aacute;rio m&iacute;nimo&lt;\/div&gt;&lt;div class=glossaryItemBody&gt;&amp;lt;!-- wp:paragraph {&amp;quot;translatedWithWPMLTM&amp;quot;:&amp;quot;1&amp;quot;} --&amp;gt;O sal&aacute;rio m&iacute;nimo (SMI) &eacute; a remunera&ccedil;&atilde;o m&iacute;nima legal estabelecida pelo governo para proteger os rendimentos dos trabalhadores.&amp;lt;br\/&amp;gt;&amp;lt;!-- \/wp:paragraph --&amp;gt;&lt;\/div&gt;\" href=\"https:\/\/xqthenews.com\/pt-pt\/glossary\/salario-minimo\/\" data-gt-translate-attributes='[{\"attribute\":\"data-cmtooltip\", \"format\":\"html\"}]' tabindex=\"0\" role=\"link\">sal&aacute;rio m&iacute;nimo<\/a>.<\/p>\n\n\n\n<p>O<a href=\"https:\/\/www.ine.pt\/xportal\/xmain?xpgid=ine_tema&amp;xpid=INE&amp;tema_cod=1610\"> Instituto Nacional de Estat&iacute;stica<\/a> (INE) refere no seu relat&oacute;rio de setembro de 2023, sobre a <a class=\"glossaryLink\" aria-describedby=\"tt\" data-cmtooltip=\"&lt;div class=glossaryItemTitle&gt;Avalia&ccedil;&atilde;o&lt;\/div&gt;&lt;div class=glossaryItemBody&gt;&amp;lt;!-- wp:paragraph {&amp;quot;translatedWithWPMLTM&amp;quot;:&amp;quot;1&amp;quot;} --&amp;gt;A avalia&ccedil;&atilde;o &eacute; a valoriza&ccedil;&atilde;o econ&oacute;mica de um bem, normalmente um im&oacute;vel, efectuada por um perito para determinar o seu pre&ccedil;o de mercado.&amp;lt;br\/&amp;gt;&amp;lt;!-- \/wp:paragraph --&amp;gt;&lt;\/div&gt;&lt;div id=&amp;quot;cmtt_related_articles&amp;quot; class=&amp;quot;cmtt_related_articles_wrapper&amp;quot;&gt;&lt;div class=&amp;quot;cmtt_related_title cmtt_related_articles_title&amp;quot;&gt;Related Articles: &lt;\/div&gt;&lt;ul class=&amp;quot;cmtt_related&amp;quot;&gt;&lt;li class=&amp;quot;cmtt_related_item&amp;quot;&gt;&lt;a href=&amp;quot;https:\/\/xqthenews.com\/pt-pt\/a-tua-lancheira-de-plastico-esta-a-poluir-o-planeta-e-o-seu-sistema-endocrino\/&amp;quot;target=&amp;quot;_blank&amp;quot;&gt;A tua lancheira de pl&aacute;stico est&aacute; a poluir o planeta e o seu sistema end&oacute;crino.&lt;\/a&gt;&lt;\/li&gt;&lt;li class=&amp;quot;cmtt_related_item&amp;quot;&gt;&lt;a href=&amp;quot;https:\/\/xqthenews.com\/pt-pt\/qual-e-o-posicionamento-das-empresas-e-da-sociedade-em-relacao-a-economia-circular\/&amp;quot;target=&amp;quot;_blank&amp;quot;&gt;Qual &eacute; o posicionamento das empresas e da sociedade em rela&ccedil;&atilde;o &agrave; economia circular?&lt;\/a&gt;&lt;\/li&gt;&lt;li class=&amp;quot;cmtt_related_item&amp;quot;&gt;&lt;a href=&amp;quot;https:\/\/xqthenews.com\/pt-pt\/tributar-os-ricos-a-iniciativa-de-cidadania-europeia-para-um-imposto-sobre-os-ricos-a-nivel-da-ue\/&amp;quot;target=&amp;quot;_blank&amp;quot;&gt;Tributar os ricos: a Iniciativa de Cidadania Europeia para um imposto sobre os ricos ao n&iacute;vel da UE&lt;\/a&gt;&lt;\/li&gt;&lt;li class=&amp;quot;cmtt_related_item&amp;quot;&gt;&lt;a href=&amp;quot;https:\/\/xqthenews.com\/pt-pt\/restaurar-a-natureza-exemplos-de-sucesso-na-europa\/&amp;quot;target=&amp;quot;_blank&amp;quot;&gt;Restaurar a Natureza &ndash; Exemplos de sucesso na Europa&lt;\/a&gt;&lt;\/li&gt;&lt;\/ul&gt;&lt;\/div&gt;\" href=\"https:\/\/xqthenews.com\/pt-pt\/glossary\/avaliacao\/\" data-gt-translate-attributes='[{\"attribute\":\"data-cmtooltip\", \"format\":\"html\"}]' tabindex=\"0\" role=\"link\">avalia&ccedil;&atilde;o<\/a> da habita&ccedil;&atilde;o, que o valor m&eacute;dio das habita&ccedil;&otilde;es foi de &ldquo;<strong>1197 euros\/m2 em agosto de 2023<\/strong>, um aumento de 6,3% face ao m&ecirc;s <a class=\"glossaryLink\" aria-describedby=\"tt\" data-cmtooltip=\"&lt;div class=glossaryItemTitle&gt;Hom&oacute;logo&lt;\/div&gt;&lt;div class=glossaryItemBody&gt;&amp;lt;!-- wp:paragraph {&amp;quot;translatedWithWPMLTM&amp;quot;:&amp;quot;1&amp;quot;} --&amp;gt;Hom&oacute;logo refere-se a algo que &eacute; equivalente ou semelhante em fun&ccedil;&atilde;o ou estrutura em diferentes contextos. Em rela&ccedil;&otilde;es ou posi&ccedil;&otilde;es, &eacute; utilizado para indicar que duas pessoas ocupam posi&ccedil;&otilde;es equivalentes. &amp;lt;br\/&amp;gt;&amp;lt;!-- \/wp:paragraph --&amp;gt;&lt;\/div&gt;\" href=\"https:\/\/xqthenews.com\/pt-pt\/glossary\/homologo\/\" data-gt-translate-attributes='[{\"attribute\":\"data-cmtooltip\", \"format\":\"html\"}]' tabindex=\"0\" role=\"link\">hom&oacute;logo<\/a> do ano anterior&rdquo;. Aponta ainda para duas zonas sob alarmante press&atilde;o econ&oacute;mica: &ldquo;Os valores mais elevados foram observados no Algarve (2178 euros\/m2) e na &Aacute;rea Metropolitana de Lisboa (2059 euros\/m2)&rdquo;.<\/p>\n\n\n\n<p>Cascais &eacute; o retrato da tens&atilde;o insustent&aacute;vel na &Aacute;rea Metropolitana de Lisboa. As barracas surgem como o novo <a class=\"glossaryLink\" aria-describedby=\"tt\" data-cmtooltip=\"&lt;div class=glossaryItemTitle&gt;Bairro de lata&lt;\/div&gt;&lt;div class=glossaryItemBody&gt;&amp;lt;!-- wp:paragraph {&amp;quot;translatedWithWPMLTM&amp;quot;:&amp;quot;1&amp;quot;} --&amp;gt;Bairro de lata &eacute; a forma&ccedil;&atilde;o de assentamentos prec&aacute;rios ou habita&ccedil;&otilde;es prec&aacute;rias, muitas vezes ilegais, com m&aacute;s condi&ccedil;&otilde;es de vida e falta de servi&ccedil;os b&aacute;sicos. &amp;lt;br\/&amp;gt;&amp;lt;!-- \/wp:paragraph --&amp;gt;&lt;\/div&gt;\" href=\"https:\/\/xqthenews.com\/pt-pt\/glossary\/bairro-de-lata\/\" data-gt-translate-attributes='[{\"attribute\":\"data-cmtooltip\", \"format\":\"html\"}]' tabindex=\"0\" role=\"link\">bairro de lata<\/a>, num local de pre&ccedil;os descontrolados. Ao mesmo tempo, <strong>o investimento estrangeiro mostra uma fixa&ccedil;&atilde;o pela localidade<\/strong>:<a href=\"https:\/\/www.idealista.pt\/es\/news\/casas-en-venta-en-portugal\/2022\/08\/08\/5127-las-5-localidades-portuguesas-que-mas-atraen-a-los-extranjeros#Loul%C3%A9++destino+elegido+por+los+compradores+brit%C3%A1nicos\"> segundo dados do Idealista<\/a>, Cascais &eacute; o quarto munic&iacute;pio portugu&ecirc;s mais procurado por estrangeiros. Os norte-americanos lideram a lista, com casas entre os 300 mil e os 600 mil euros a serem 32% procuradas por eles.<\/p>\n\n\n\n<p>O concelho de Loul&eacute;, o mais populoso da regi&atilde;o algarvia, tamb&eacute;m tem atra&iacute;do a aten&ccedil;&atilde;o do dinheiro estrangeiro. Com cerca de 72.000 habitantes &ndash; de acordo com os &uacute;ltimos dados, de 2021 &ndash; atraiu o segundo maior capital estrangeiro &ndash; atr&aacute;s da capital Lisboa &ndash; com os compradores brit&acirc;nicos a liderar o caminho e os norte-americanos e alem&atilde;es em termos de habita&ccedil;&atilde;o de luxo. A situa&ccedil;&atilde;o na regi&atilde;o do Algarve, a regi&atilde;o mais a sul de Portugal, <strong>&eacute; lim&iacute;trofe, uma vez que regista os pre&ccedil;os mais elevados do pa&iacute;s<\/strong>, tal como referido no relat&oacute;rio do Instituto Nacional de Estat&iacute;stica portugu&ecirc;s. A situa&ccedil;&atilde;o em Lisboa e arredores, e portanto em Portugal, &eacute; a hist&oacute;ria de um flagelo partilhado com outras grandes cidades europeias.<\/p>\n","protected":false},"excerpt":{"rendered":"<p>Cidades como Barcelona e Lisboa s&atilde;o exemplos do problema estrutural do acesso &agrave; habita&ccedil;&atilde;o: pre&ccedil;os exorbitantes e oligop&oacute;lios imobili&aacute;rios que deixam a maioria dos inquilinos em risco de pobreza e os jovens condenados &agrave; precariedade.<\/p>\n","protected":false},"author":26,"featured_media":16847,"comment_status":"open","ping_status":"open","sticky":false,"template":"","format":"standard","meta":{"_acf_changed":false,"footnotes":""},"categories":[118],"tags":[138],"coauthors":[143],"class_list":{"0":"post-16862","1":"post","2":"type-post","3":"status-publish","4":"format-standard","5":"has-post-thumbnail","7":"category-sin-categorizar-2","8":"tag-crise"},"acf":[],"yoast_head":"<!-- This site is optimized with the Yoast SEO plugin v27.4 - https:\/\/yoast.com\/product\/yoast-seo-wordpress\/ -->\n<title>Inquilinos neo-pobres: quando o aluguer \u00e9 superior ao sal\u00e1rio m\u00ednimo - xqthenews<\/title>\n<meta name=\"robots\" content=\"index, follow, max-snippet:-1, max-image-preview:large, max-video-preview:-1\" \/>\n<link rel=\"canonical\" href=\"https:\/\/xqthenews.com\/pt-pt\/inquilinos-neo-pobres-quando-o-aluguer-e-superior-ao-salario-minimo\/\" \/>\n<meta property=\"og:locale\" content=\"pt_PT\" \/>\n<meta property=\"og:type\" content=\"article\" \/>\n<meta property=\"og:title\" content=\"Inquilinos neo-pobres: quando o aluguer \u00e9 superior ao sal\u00e1rio m\u00ednimo - xqthenews\" \/>\n<meta property=\"og:description\" content=\"Cidades como Barcelona e Lisboa s&atilde;o exemplos do problema estrutural do acesso &agrave; habita&ccedil;&atilde;o: pre&ccedil;os exorbitantes e oligop&oacute;lios imobili&aacute;rios que deixam a maioria dos inquilinos em risco de pobreza e os jovens condenados &agrave; precariedade.\" \/>\n<meta property=\"og:url\" content=\"https:\/\/xqthenews.com\/pt-pt\/inquilinos-neo-pobres-quando-o-aluguer-e-superior-ao-salario-minimo\/\" \/>\n<meta property=\"og:site_name\" content=\"xqthenews\" \/>\n<meta property=\"article:published_time\" content=\"2024-01-24T08:00:50+00:00\" \/>\n<meta property=\"article:modified_time\" content=\"2024-09-10T22:10:29+00:00\" \/>\n<meta property=\"og:image\" content=\"https:\/\/xqthenews.com\/wp-content\/uploads\/2024\/01\/panoramica-de-la-ciudad-de-barcelona-viviendas-edificios-pisos.jpeg\" \/>\n\t<meta property=\"og:image:width\" content=\"990\" \/>\n\t<meta property=\"og:image:height\" content=\"556\" \/>\n\t<meta property=\"og:image:type\" content=\"image\/jpeg\" \/>\n<meta name=\"author\" content=\"Laura Casamitjana\" \/>\n<meta name=\"twitter:card\" content=\"summary_large_image\" \/>\n<meta name=\"twitter:creator\" content=\"@Casamitjana\" \/>\n<meta name=\"twitter:label1\" content=\"Escrito por\" \/>\n\t<meta name=\"twitter:data1\" content=\"Laura Casamitjana\" \/>\n\t<meta name=\"twitter:label2\" content=\"Tempo estimado de leitura\" \/>\n\t<meta name=\"twitter:data2\" content=\"8 minutos\" \/>\n\t<meta name=\"twitter:label3\" content=\"Written by\" \/>\n\t<meta name=\"twitter:data3\" content=\"Laura Casamitjana\" \/>\n<script type=\"application\/ld+json\" class=\"yoast-schema-graph\">{\"@context\":\"https:\\\/\\\/schema.org\",\"@graph\":[{\"@type\":\"Article\",\"@id\":\"https:\\\/\\\/xqthenews.com\\\/pt-pt\\\/inquilinos-neo-pobres-quando-o-aluguer-e-superior-ao-salario-minimo\\\/#article\",\"isPartOf\":{\"@id\":\"https:\\\/\\\/xqthenews.com\\\/pt-pt\\\/inquilinos-neo-pobres-quando-o-aluguer-e-superior-ao-salario-minimo\\\/\"},\"author\":{\"name\":\"Laura Casamitjana\",\"@id\":\"https:\\\/\\\/xqthenews.com\\\/es\\\/#\\\/schema\\\/person\\\/7c019326fd251f5591a24de1868c7feb\"},\"headline\":\"Inquilinos neo-pobres: quando o aluguer \u00e9 superior ao sal\u00e1rio m\u00ednimo\",\"datePublished\":\"2024-01-24T08:00:50+00:00\",\"dateModified\":\"2024-09-10T22:10:29+00:00\",\"mainEntityOfPage\":{\"@id\":\"https:\\\/\\\/xqthenews.com\\\/pt-pt\\\/inquilinos-neo-pobres-quando-o-aluguer-e-superior-ao-salario-minimo\\\/\"},\"wordCount\":1710,\"commentCount\":0,\"image\":{\"@id\":\"https:\\\/\\\/xqthenews.com\\\/pt-pt\\\/inquilinos-neo-pobres-quando-o-aluguer-e-superior-ao-salario-minimo\\\/#primaryimage\"},\"thumbnailUrl\":\"https:\\\/\\\/xqthenews.com\\\/wp-content\\\/uploads\\\/2024\\\/01\\\/panoramica-de-la-ciudad-de-barcelona-viviendas-edificios-pisos.jpeg\",\"keywords\":[\"Crise\"],\"articleSection\":[\"Sin categorizar\"],\"inLanguage\":\"pt-PT\",\"potentialAction\":[{\"@type\":\"CommentAction\",\"name\":\"Comment\",\"target\":[\"https:\\\/\\\/xqthenews.com\\\/pt-pt\\\/inquilinos-neo-pobres-quando-o-aluguer-e-superior-ao-salario-minimo\\\/#respond\"]}]},{\"@type\":\"WebPage\",\"@id\":\"https:\\\/\\\/xqthenews.com\\\/pt-pt\\\/inquilinos-neo-pobres-quando-o-aluguer-e-superior-ao-salario-minimo\\\/\",\"url\":\"https:\\\/\\\/xqthenews.com\\\/pt-pt\\\/inquilinos-neo-pobres-quando-o-aluguer-e-superior-ao-salario-minimo\\\/\",\"name\":\"Inquilinos neo-pobres: quando o aluguer \u00e9 superior ao sal\u00e1rio m\u00ednimo - xqthenews\",\"isPartOf\":{\"@id\":\"https:\\\/\\\/xqthenews.com\\\/es\\\/#website\"},\"primaryImageOfPage\":{\"@id\":\"https:\\\/\\\/xqthenews.com\\\/pt-pt\\\/inquilinos-neo-pobres-quando-o-aluguer-e-superior-ao-salario-minimo\\\/#primaryimage\"},\"image\":{\"@id\":\"https:\\\/\\\/xqthenews.com\\\/pt-pt\\\/inquilinos-neo-pobres-quando-o-aluguer-e-superior-ao-salario-minimo\\\/#primaryimage\"},\"thumbnailUrl\":\"https:\\\/\\\/xqthenews.com\\\/wp-content\\\/uploads\\\/2024\\\/01\\\/panoramica-de-la-ciudad-de-barcelona-viviendas-edificios-pisos.jpeg\",\"datePublished\":\"2024-01-24T08:00:50+00:00\",\"dateModified\":\"2024-09-10T22:10:29+00:00\",\"author\":{\"@id\":\"https:\\\/\\\/xqthenews.com\\\/es\\\/#\\\/schema\\\/person\\\/7c019326fd251f5591a24de1868c7feb\"},\"breadcrumb\":{\"@id\":\"https:\\\/\\\/xqthenews.com\\\/pt-pt\\\/inquilinos-neo-pobres-quando-o-aluguer-e-superior-ao-salario-minimo\\\/#breadcrumb\"},\"inLanguage\":\"pt-PT\",\"potentialAction\":[{\"@type\":\"ReadAction\",\"target\":[\"https:\\\/\\\/xqthenews.com\\\/pt-pt\\\/inquilinos-neo-pobres-quando-o-aluguer-e-superior-ao-salario-minimo\\\/\"]}]},{\"@type\":\"ImageObject\",\"inLanguage\":\"pt-PT\",\"@id\":\"https:\\\/\\\/xqthenews.com\\\/pt-pt\\\/inquilinos-neo-pobres-quando-o-aluguer-e-superior-ao-salario-minimo\\\/#primaryimage\",\"url\":\"https:\\\/\\\/xqthenews.com\\\/wp-content\\\/uploads\\\/2024\\\/01\\\/panoramica-de-la-ciudad-de-barcelona-viviendas-edificios-pisos.jpeg\",\"contentUrl\":\"https:\\\/\\\/xqthenews.com\\\/wp-content\\\/uploads\\\/2024\\\/01\\\/panoramica-de-la-ciudad-de-barcelona-viviendas-edificios-pisos.jpeg\",\"width\":990,\"height\":556},{\"@type\":\"BreadcrumbList\",\"@id\":\"https:\\\/\\\/xqthenews.com\\\/pt-pt\\\/inquilinos-neo-pobres-quando-o-aluguer-e-superior-ao-salario-minimo\\\/#breadcrumb\",\"itemListElement\":[{\"@type\":\"ListItem\",\"position\":1,\"name\":\"Portada\",\"item\":\"https:\\\/\\\/xqthenews.com\\\/pt-pt\\\/\"},{\"@type\":\"ListItem\",\"position\":2,\"name\":\"Inquilinos neo-pobres: quando o aluguer \u00e9 superior ao sal\u00e1rio m\u00ednimo\"}]},{\"@type\":\"WebSite\",\"@id\":\"https:\\\/\\\/xqthenews.com\\\/es\\\/#website\",\"url\":\"https:\\\/\\\/xqthenews.com\\\/es\\\/\",\"name\":\"xqthenews\",\"description\":\"El porqu\u00e9 de las noticias\",\"potentialAction\":[{\"@type\":\"SearchAction\",\"target\":{\"@type\":\"EntryPoint\",\"urlTemplate\":\"https:\\\/\\\/xqthenews.com\\\/es\\\/?s={search_term_string}\"},\"query-input\":{\"@type\":\"PropertyValueSpecification\",\"valueRequired\":true,\"valueName\":\"search_term_string\"}}],\"inLanguage\":\"pt-PT\"},{\"@type\":\"Person\",\"@id\":\"https:\\\/\\\/xqthenews.com\\\/es\\\/#\\\/schema\\\/person\\\/7c019326fd251f5591a24de1868c7feb\",\"name\":\"Laura Casamitjana\",\"image\":{\"@type\":\"ImageObject\",\"inLanguage\":\"pt-PT\",\"@id\":\"https:\\\/\\\/xqthenews.com\\\/wp-content\\\/uploads\\\/2024\\\/09\\\/laura-casamitjana_avatar_1-96x96.jpg2771612100b03aa6d85fa2461866085b\",\"url\":\"https:\\\/\\\/xqthenews.com\\\/wp-content\\\/uploads\\\/2024\\\/09\\\/laura-casamitjana_avatar_1-96x96.jpg\",\"contentUrl\":\"https:\\\/\\\/xqthenews.com\\\/wp-content\\\/uploads\\\/2024\\\/09\\\/laura-casamitjana_avatar_1-96x96.jpg\",\"caption\":\"Laura Casamitjana\"},\"description\":\"Periodista. M\u00e1ster en Periodismo Literario, Comunicaci\u00f3n y Humanidades de la Universidad Aut\u00f3noma de Barcelona. Codirectora y coguionista del documental \u201cBerracas. Mujeres supervivientes que construyen la paz en Colombia\u201d. Actualmente redactora del medio Catalunya Plural, de la Fundaci\u00f3 Periodisme Plural, y XQ The News, de colaboraci\u00f3n europea.\",\"sameAs\":[\"https:\\\/\\\/x.com\\\/Casamitjana\"],\"url\":\"https:\\\/\\\/xqthenews.com\\\/pt-pt\\\/author\\\/lcasamitjana\\\/\"}]}<\/script>\n<!-- \/ Yoast SEO plugin. -->","yoast_head_json":{"title":"Inquilinos neo-pobres: quando o aluguer \u00e9 superior ao sal\u00e1rio m\u00ednimo - xqthenews","robots":{"index":"index","follow":"follow","max-snippet":"max-snippet:-1","max-image-preview":"max-image-preview:large","max-video-preview":"max-video-preview:-1"},"canonical":"https:\/\/xqthenews.com\/pt-pt\/inquilinos-neo-pobres-quando-o-aluguer-e-superior-ao-salario-minimo\/","og_locale":"pt_PT","og_type":"article","og_title":"Inquilinos neo-pobres: quando o aluguer \u00e9 superior ao sal\u00e1rio m\u00ednimo - xqthenews","og_description":"Cidades como Barcelona e Lisboa s&atilde;o exemplos do problema estrutural do acesso &agrave; habita&ccedil;&atilde;o: pre&ccedil;os exorbitantes e oligop&oacute;lios imobili&aacute;rios que deixam a maioria dos inquilinos em risco de pobreza e os jovens condenados &agrave; precariedade.","og_url":"https:\/\/xqthenews.com\/pt-pt\/inquilinos-neo-pobres-quando-o-aluguer-e-superior-ao-salario-minimo\/","og_site_name":"xqthenews","article_published_time":"2024-01-24T08:00:50+00:00","article_modified_time":"2024-09-10T22:10:29+00:00","og_image":[{"width":990,"height":556,"url":"https:\/\/xqthenews.com\/wp-content\/uploads\/2024\/01\/panoramica-de-la-ciudad-de-barcelona-viviendas-edificios-pisos.jpeg","type":"image\/jpeg"}],"author":"Laura Casamitjana","twitter_card":"summary_large_image","twitter_creator":"@Casamitjana","twitter_misc":{"Escrito por":"Laura Casamitjana","Tempo estimado de leitura":"8 minutos","Written by":"Laura Casamitjana"},"schema":{"@context":"https:\/\/schema.org","@graph":[{"@type":"Article","@id":"https:\/\/xqthenews.com\/pt-pt\/inquilinos-neo-pobres-quando-o-aluguer-e-superior-ao-salario-minimo\/#article","isPartOf":{"@id":"https:\/\/xqthenews.com\/pt-pt\/inquilinos-neo-pobres-quando-o-aluguer-e-superior-ao-salario-minimo\/"},"author":{"name":"Laura Casamitjana","@id":"https:\/\/xqthenews.com\/es\/#\/schema\/person\/7c019326fd251f5591a24de1868c7feb"},"headline":"Inquilinos neo-pobres: quando o aluguer \u00e9 superior ao sal\u00e1rio m\u00ednimo","datePublished":"2024-01-24T08:00:50+00:00","dateModified":"2024-09-10T22:10:29+00:00","mainEntityOfPage":{"@id":"https:\/\/xqthenews.com\/pt-pt\/inquilinos-neo-pobres-quando-o-aluguer-e-superior-ao-salario-minimo\/"},"wordCount":1710,"commentCount":0,"image":{"@id":"https:\/\/xqthenews.com\/pt-pt\/inquilinos-neo-pobres-quando-o-aluguer-e-superior-ao-salario-minimo\/#primaryimage"},"thumbnailUrl":"https:\/\/xqthenews.com\/wp-content\/uploads\/2024\/01\/panoramica-de-la-ciudad-de-barcelona-viviendas-edificios-pisos.jpeg","keywords":["Crise"],"articleSection":["Sin categorizar"],"inLanguage":"pt-PT","potentialAction":[{"@type":"CommentAction","name":"Comment","target":["https:\/\/xqthenews.com\/pt-pt\/inquilinos-neo-pobres-quando-o-aluguer-e-superior-ao-salario-minimo\/#respond"]}]},{"@type":"WebPage","@id":"https:\/\/xqthenews.com\/pt-pt\/inquilinos-neo-pobres-quando-o-aluguer-e-superior-ao-salario-minimo\/","url":"https:\/\/xqthenews.com\/pt-pt\/inquilinos-neo-pobres-quando-o-aluguer-e-superior-ao-salario-minimo\/","name":"Inquilinos neo-pobres: quando o aluguer \u00e9 superior ao sal\u00e1rio m\u00ednimo - xqthenews","isPartOf":{"@id":"https:\/\/xqthenews.com\/es\/#website"},"primaryImageOfPage":{"@id":"https:\/\/xqthenews.com\/pt-pt\/inquilinos-neo-pobres-quando-o-aluguer-e-superior-ao-salario-minimo\/#primaryimage"},"image":{"@id":"https:\/\/xqthenews.com\/pt-pt\/inquilinos-neo-pobres-quando-o-aluguer-e-superior-ao-salario-minimo\/#primaryimage"},"thumbnailUrl":"https:\/\/xqthenews.com\/wp-content\/uploads\/2024\/01\/panoramica-de-la-ciudad-de-barcelona-viviendas-edificios-pisos.jpeg","datePublished":"2024-01-24T08:00:50+00:00","dateModified":"2024-09-10T22:10:29+00:00","author":{"@id":"https:\/\/xqthenews.com\/es\/#\/schema\/person\/7c019326fd251f5591a24de1868c7feb"},"breadcrumb":{"@id":"https:\/\/xqthenews.com\/pt-pt\/inquilinos-neo-pobres-quando-o-aluguer-e-superior-ao-salario-minimo\/#breadcrumb"},"inLanguage":"pt-PT","potentialAction":[{"@type":"ReadAction","target":["https:\/\/xqthenews.com\/pt-pt\/inquilinos-neo-pobres-quando-o-aluguer-e-superior-ao-salario-minimo\/"]}]},{"@type":"ImageObject","inLanguage":"pt-PT","@id":"https:\/\/xqthenews.com\/pt-pt\/inquilinos-neo-pobres-quando-o-aluguer-e-superior-ao-salario-minimo\/#primaryimage","url":"https:\/\/xqthenews.com\/wp-content\/uploads\/2024\/01\/panoramica-de-la-ciudad-de-barcelona-viviendas-edificios-pisos.jpeg","contentUrl":"https:\/\/xqthenews.com\/wp-content\/uploads\/2024\/01\/panoramica-de-la-ciudad-de-barcelona-viviendas-edificios-pisos.jpeg","width":990,"height":556},{"@type":"BreadcrumbList","@id":"https:\/\/xqthenews.com\/pt-pt\/inquilinos-neo-pobres-quando-o-aluguer-e-superior-ao-salario-minimo\/#breadcrumb","itemListElement":[{"@type":"ListItem","position":1,"name":"Portada","item":"https:\/\/xqthenews.com\/pt-pt\/"},{"@type":"ListItem","position":2,"name":"Inquilinos neo-pobres: quando o aluguer \u00e9 superior ao sal\u00e1rio m\u00ednimo"}]},{"@type":"WebSite","@id":"https:\/\/xqthenews.com\/es\/#website","url":"https:\/\/xqthenews.com\/es\/","name":"xqthenews","description":"El porqu\u00e9 de las noticias","potentialAction":[{"@type":"SearchAction","target":{"@type":"EntryPoint","urlTemplate":"https:\/\/xqthenews.com\/es\/?s={search_term_string}"},"query-input":{"@type":"PropertyValueSpecification","valueRequired":true,"valueName":"search_term_string"}}],"inLanguage":"pt-PT"},{"@type":"Person","@id":"https:\/\/xqthenews.com\/es\/#\/schema\/person\/7c019326fd251f5591a24de1868c7feb","name":"Laura Casamitjana","image":{"@type":"ImageObject","inLanguage":"pt-PT","@id":"https:\/\/xqthenews.com\/wp-content\/uploads\/2024\/09\/laura-casamitjana_avatar_1-96x96.jpg2771612100b03aa6d85fa2461866085b","url":"https:\/\/xqthenews.com\/wp-content\/uploads\/2024\/09\/laura-casamitjana_avatar_1-96x96.jpg","contentUrl":"https:\/\/xqthenews.com\/wp-content\/uploads\/2024\/09\/laura-casamitjana_avatar_1-96x96.jpg","caption":"Laura Casamitjana"},"description":"Periodista. M\u00e1ster en Periodismo Literario, Comunicaci\u00f3n y Humanidades de la Universidad Aut\u00f3noma de Barcelona. Codirectora y coguionista del documental \u201cBerracas. Mujeres supervivientes que construyen la paz en Colombia\u201d. Actualmente redactora del medio Catalunya Plural, de la Fundaci\u00f3 Periodisme Plural, y XQ The News, de colaboraci\u00f3n europea.","sameAs":["https:\/\/x.com\/Casamitjana"],"url":"https:\/\/xqthenews.com\/pt-pt\/author\/lcasamitjana\/"}]}},"_links":{"self":[{"href":"https:\/\/xqthenews.com\/pt-pt\/wp-json\/wp\/v2\/posts\/16862","targetHints":{"allow":["GET"]}}],"collection":[{"href":"https:\/\/xqthenews.com\/pt-pt\/wp-json\/wp\/v2\/posts"}],"about":[{"href":"https:\/\/xqthenews.com\/pt-pt\/wp-json\/wp\/v2\/types\/post"}],"author":[{"embeddable":true,"href":"https:\/\/xqthenews.com\/pt-pt\/wp-json\/wp\/v2\/users\/26"}],"replies":[{"embeddable":true,"href":"https:\/\/xqthenews.com\/pt-pt\/wp-json\/wp\/v2\/comments?post=16862"}],"version-history":[{"count":0,"href":"https:\/\/xqthenews.com\/pt-pt\/wp-json\/wp\/v2\/posts\/16862\/revisions"}],"wp:featuredmedia":[{"embeddable":true,"href":"https:\/\/xqthenews.com\/pt-pt\/wp-json\/wp\/v2\/media\/16847"}],"wp:attachment":[{"href":"https:\/\/xqthenews.com\/pt-pt\/wp-json\/wp\/v2\/media?parent=16862"}],"wp:term":[{"taxonomy":"category","embeddable":true,"href":"https:\/\/xqthenews.com\/pt-pt\/wp-json\/wp\/v2\/categories?post=16862"},{"taxonomy":"post_tag","embeddable":true,"href":"https:\/\/xqthenews.com\/pt-pt\/wp-json\/wp\/v2\/tags?post=16862"},{"taxonomy":"author","embeddable":true,"href":"https:\/\/xqthenews.com\/pt-pt\/wp-json\/wp\/v2\/coauthors?post=16862"}],"curies":[{"name":"wp","href":"https:\/\/api.w.org\/{rel}","templated":true}]}}