{"id":15644,"date":"2023-12-20T09:05:28","date_gmt":"2023-12-20T08:05:28","guid":{"rendered":"https:\/\/sad-borg.82-223-8-23.plesk.page\/?p=15644"},"modified":"2025-03-26T10:44:24","modified_gmt":"2025-03-26T09:44:24","slug":"las-tradiciones-navidenas-italianas-entre-lo-sagrado-y-lo-profano","status":"publish","type":"post","link":"https:\/\/xqthenews.com\/pt-pt\/las-tradiciones-navidenas-italianas-entre-lo-sagrado-y-lo-profano\/","title":{"rendered":"Tradi\u00e7\u00f5es natal\u00edcias italianas, entre o sagrado e o profano"},"content":{"rendered":"<p><strong>Apesar da fama mundial do Pai Natal, h&aacute; lugares onde outras tradi&ccedil;&otilde;es e lendas perduram. E o pr&oacute;prio Pai Natal n&atilde;o &eacute; outro sen&atilde;o S&atilde;o Nicolau, nascido na Turquia em 270 e bispo de Mithras<\/strong><\/p>\n\n\n\n<p>O Natal &eacute; o feriado religioso em que todos os crist&atilde;os celebram o nascimento de Jesus, o filho de Deus, a 25 de dezembro. Durante muitas d&eacute;cadas, todo o per&iacute;odo festivo foi vivido pelas fam&iacute;lias como um momento de felicidade generalizada, caracterizado por uma <a class=\"glossaryLink\" aria-describedby=\"tt\" data-cmtooltip=\"&lt;div class=glossaryItemTitle&gt;Atmosfera&lt;\/div&gt;&lt;div class=glossaryItemBody&gt;&amp;lt;!-- wp:paragraph {&amp;quot;translatedWithWPMLTM&amp;quot;:&amp;quot;1&amp;quot;} --&amp;gt;Atmosfera: A atmosfera &eacute; a camada de gases que envolve um corpo celeste, como a Terra, fornecendo ar, regulando o clima e protegendo a vida da radia&ccedil;&atilde;o solar e dos meteoros.&amp;lt;br\/&amp;gt;&amp;lt;!-- \/wp:paragraph --&amp;gt;&lt;\/div&gt;&lt;div id=&amp;quot;cmtt_related_articles&amp;quot; class=&amp;quot;cmtt_related_articles_wrapper&amp;quot;&gt;&lt;div class=&amp;quot;cmtt_related_title cmtt_related_articles_title&amp;quot;&gt;Related Articles: &lt;\/div&gt;&lt;ul class=&amp;quot;cmtt_related&amp;quot;&gt;&lt;li class=&amp;quot;cmtt_related_item&amp;quot;&gt;&lt;a href=&amp;quot;https:\/\/xqthenews.com\/pt-pt\/las-tradiciones-navidenas-italianas-entre-lo-sagrado-y-lo-profano\/&amp;quot;target=&amp;quot;_blank&amp;quot;&gt;Tradi&ccedil;&otilde;es natal&iacute;cias italianas, entre o sagrado e o profano&lt;\/a&gt;&lt;\/li&gt;&lt;li class=&amp;quot;cmtt_related_item&amp;quot;&gt;&lt;a href=&amp;quot;https:\/\/xqthenews.com\/pt-pt\/dana-de-outono-no-mediterraneo-depois-da-tempestade-nao-ha-calma\/&amp;quot;target=&amp;quot;_blank&amp;quot;&gt;DANA de outono no Mediterr&acirc;neo: depois da tempestade, n&atilde;o h&aacute; calma&lt;\/a&gt;&lt;\/li&gt;&lt;li class=&amp;quot;cmtt_related_item&amp;quot;&gt;&lt;a href=&amp;quot;https:\/\/xqthenews.com\/pt-pt\/neutralidade-carbonica-florestas-como-guardias-do-equilibrio-climatico\/&amp;quot;target=&amp;quot;_blank&amp;quot;&gt;Neutralidade carb&oacute;nica: florestas como guardi&atilde;s do equil&iacute;brio clim&aacute;tico&lt;\/a&gt;&lt;\/li&gt;&lt;li class=&amp;quot;cmtt_related_item&amp;quot;&gt;&lt;a href=&amp;quot;https:\/\/xqthenews.com\/pt-pt\/recuperar-as-boas-praticas-agricolas-para-combater-a-bacteria-xylella\/&amp;quot;target=&amp;quot;_blank&amp;quot;&gt;Recuperar as boas pr&aacute;ticas agr&iacute;colas para combater a bact&eacute;ria Xylella&lt;\/a&gt;&lt;\/li&gt;&lt;\/ul&gt;&lt;\/div&gt;\" href=\"https:\/\/xqthenews.com\/pt-pt\/glossary\/atmosfera\/\" data-gt-translate-attributes='[{\"attribute\":\"data-cmtooltip\", \"format\":\"html\"}]' tabindex=\"0\" role=\"link\">atmosfera<\/a> festiva especial, com a magia das decora&ccedil;&otilde;es e das luzes.&nbsp;<\/p>\n\n\n\n<p>As celebra&ccedil;&otilde;es religiosas foram acompanhadas de costumes seculares e, em muitos casos, at&eacute; de fen&oacute;menos de consumismo desenfreado que pouco t&ecirc;m a ver com o esp&iacute;rito original da festa.<\/p>\n\n\n\n<p>&Eacute; preciso dizer, no entanto, que mesmo o Natal dos crist&atilde;os se entrela&ccedil;ou durante s&eacute;culos com tradi&ccedil;&otilde;es e lendas do passado polite&iacute;sta greco-romano e com culturas locais, produzindo os costumes actuais. Como o da espera das cl&aacute;ssicas prendas destinadas a todas as &ldquo;boas crian&ccedil;as&rdquo;. Mas de quem v&ecirc;m essas prendas? Cada lugar tem a sua pr&oacute;pria resposta.&nbsp;<\/p>\n\n\n\n<p>Assim, se em Portugal &eacute; o Pai Natal que vai deixar os presentes debaixo da &aacute;rvore ou, mais tradicionalmente, dentro da meia ou do sapato pendurado na chamin&eacute;, em Espanha s&atilde;o os Reis Magos que entregam os presentes na Epifania.<\/p>\n\n\n\n<p>No entanto, pouco a pouco, as coisas est&atilde;o a mudar e, mesmo em Espanha, o Pai Natal come&ccedil;a a assumir o controlo, pelo que as crian&ccedil;as recebem frequentemente presentes tanto no dia 25 de dezembro como no dia 6 de janeiro, um pouco como a Befana, em It&aacute;lia.<\/p>\n\n\n\n<h2 class=\"wp-block-heading\"><strong>Santa L&uacute;cia, da Sic&iacute;lia ao Veneto<\/strong><\/h2>\n\n\n\n<p>Embora o Pai Natal seja o protagonista, em muitas regi&otilde;es de It&aacute;lia, <a href=\"https:\/\/tg24.sky.it\/cronaca\/approfondimenti\/santa-lucia-storia-bambini\">&eacute; a Santa L&uacute;cia que leva os presentes &agrave;s crian&ccedil;as<\/a> no dia 13 de dezembro.&nbsp;<\/p>\n\n\n\n<p>&Eacute; o que acontece principalmente na Lombardia, no Trentino, no Veneto e na Sic&iacute;lia, mas tamb&eacute;m na Escandin&aacute;via.<\/p>\n\n\n\n<p>L&uacute;cia nasceu em Siracusa, na Sic&iacute;lia, por volta de 282, no seio de uma fam&iacute;lia nobre. Foi assassinada por se ter recusado a casar com um jovem pag&atilde;o que a denunciou &agrave;s autoridades do Imp&eacute;rio Romano como crist&atilde; (religi&atilde;o proibida na altura). Pela sua dedica&ccedil;&atilde;o e obedi&ecirc;ncia a Deus, a Santa &eacute; venerada.<\/p>\n\n\n\n<p>Por exemplo, em Verona, a lenda conta que uma <a class=\"glossaryLink\"  aria-describedby=\"tt\"  data-cmtooltip=\"&lt;div class=glossaryItemTitle&gt;Epidemia&lt;\/div&gt;&lt;div class=glossaryItemBody&gt;&amp;lt;!-- wp:paragraph {&amp;quot;translatedWithWPMLTM&amp;quot;:&amp;quot;1&amp;quot;} --&amp;gt;Uma epidemia &eacute; a propaga&ccedil;&atilde;o r&aacute;pida e generalizada de uma doen&ccedil;a, afetando um grande n&uacute;mero de pessoas numa determinada regi&atilde;o ou comunidade.&amp;lt;br\/&amp;gt;&amp;lt;!-- \/wp:paragraph --&amp;gt;&lt;\/div&gt;&lt;div id=&amp;quot;cmtt_related_articles&amp;quot; class=&amp;quot;cmtt_related_articles_wrapper&amp;quot;&gt;&lt;div class=&amp;quot;cmtt_related_title cmtt_related_articles_title&amp;quot;&gt;Related Articles: &lt;\/div&gt;&lt;ul class=&amp;quot;cmtt_related&amp;quot;&gt;&lt;li class=&amp;quot;cmtt_related_item&amp;quot;&gt;&lt;a href=&amp;quot;https:\/\/xqthenews.com\/pt-pt\/las-tradiciones-navidenas-italianas-entre-lo-sagrado-y-lo-profano\/&amp;quot;target=&amp;quot;_blank&amp;quot;&gt;Tradi&ccedil;&otilde;es natal&iacute;cias italianas, entre o sagrado e o profano&lt;\/a&gt;&lt;\/li&gt;&lt;li class=&amp;quot;cmtt_related_item&amp;quot;&gt;&lt;a href=&amp;quot;https:\/\/xqthenews.com\/pt-pt\/recuperar-as-boas-praticas-agricolas-para-combater-a-bacteria-xylella\/&amp;quot;target=&amp;quot;_blank&amp;quot;&gt;Recuperar as boas pr&aacute;ticas agr&iacute;colas para combater a bact&eacute;ria Xylella&lt;\/a&gt;&lt;\/li&gt;&lt;\/ul&gt;&lt;\/div&gt;\"  href=\"https:\/\/xqthenews.com\/pt-pt\/glossary\/epidemia\/\"  data-gt-translate-attributes='[{\"attribute\":\"data-cmtooltip\", \"format\":\"html\"}]' tabindex='0' role='link'>epidemia<\/a> se propagou por volta de 1200 e afectou as crian&ccedil;as, tornando-as cegas. As m&atilde;es levaram ent&atilde;o os seus filhos em peregrina&ccedil;&atilde;o para pedir miseric&oacute;rdia a Santa L&uacute;cia, padroeira dos cegos, e para convencer os mais pequenos a enfrentar o frio e a fadiga, prometeram-lhes que, no regresso, a santa lhes daria presentes de agradecimento. Assim, desde ent&atilde;o, na noite de 12 para 13 de dezembro, as crian&ccedil;as esperam que Santa L&uacute;cia traga as prendas no lombo do seu burro.<\/p>\n\n\n\n<p>A origem mais prov&aacute;vel desta tradi&ccedil;&atilde;o &eacute; provavelmente ainda mais antiga, dada a coincid&ecirc;ncia da noite de Santa Luzia com a noite mais longa do ano. De facto, antes da introdu&ccedil;&atilde;o do <a class=\"glossaryLink\" aria-describedby=\"tt\" data-cmtooltip=\"&lt;div class=glossaryItemTitle&gt;Calend&aacute;rio gregoriano&lt;\/div&gt;&lt;div class=glossaryItemBody&gt;&amp;lt;!-- wp:paragraph {&amp;quot;translatedWithWPMLTM&amp;quot;:&amp;quot;1&amp;quot;} --&amp;gt;O calend&aacute;rio gregoriano &eacute; o calend&aacute;rio solar oficial adotado por quase todos os pa&iacute;ses do mundo. Foi introduzido pelo Papa Greg&oacute;rio XIII em 1582 como uma corre&ccedil;&atilde;o do anterior calend&aacute;rio juliano (da &eacute;poca romana) para realinhar os solst&iacute;cios e equin&oacute;cios astron&oacute;micos com o calend&aacute;rio.&amp;lt;br\/&amp;gt;&amp;lt;!-- \/wp:paragraph --&amp;gt;&lt;\/div&gt;&lt;div id=&amp;quot;cmtt_related_articles&amp;quot; class=&amp;quot;cmtt_related_articles_wrapper&amp;quot;&gt;&lt;div class=&amp;quot;cmtt_related_title cmtt_related_articles_title&amp;quot;&gt;Related Articles: &lt;\/div&gt;&lt;ul class=&amp;quot;cmtt_related&amp;quot;&gt;&lt;li class=&amp;quot;cmtt_related_item&amp;quot;&gt;&lt;a href=&amp;quot;https:\/\/xqthenews.com\/pt-pt\/las-tradiciones-navidenas-italianas-entre-lo-sagrado-y-lo-profano\/&amp;quot;target=&amp;quot;_blank&amp;quot;&gt;Tradi&ccedil;&otilde;es natal&iacute;cias italianas, entre o sagrado e o profano&lt;\/a&gt;&lt;\/li&gt;&lt;\/ul&gt;&lt;\/div&gt;\" href=\"https:\/\/xqthenews.com\/pt-pt\/glossary\/calendario-gregoriano\/\" data-gt-translate-attributes='[{\"attribute\":\"data-cmtooltip\", \"format\":\"html\"}]' tabindex=\"0\" role=\"link\">calend&aacute;rio gregoriano<\/a>, o solst&iacute;cio de inverno coincidia com estes dias de celebra&ccedil;&atilde;o do regresso da luz e do despertar do ciclo natural e, muitas vezes, no campo, os que tinham tido colheitas mais abundantes doavam uma parte aos que tinham tido uma &eacute;poca menos feliz.<\/p>\n\n\n\n<h2 class=\"wp-block-heading\"><strong>S&atilde;o Nicolau, o &ldquo;verdadeiro&rdquo; Pai Natal<\/strong><\/h2>\n\n\n\n<p>Para descobrir as origens da lenda do Pai Natal, deslocamo-nos &agrave; Ap&uacute;lia, a Bari. De facto, foi <a href=\"https:\/\/www.famigliacristiana.it\/articolo\/san-nicola-da-vescovo-della-carita-a-icona-pop.aspx\">S&atilde;o Nicolau, padroeiro da cidade de Bari<\/a>, que inspirou a figura do mais c&eacute;lebre dos presenteadores.<\/p>\n\n\n\n<p>&Eacute; um dos santos mais amados e venerados do mundo, unindo cat&oacute;licos e ortodoxos, e cujas rel&iacute;quias, conservadas em Bari, s&atilde;o ainda disputadas com a Turquia, que exige a sua devolu&ccedil;&atilde;o depois de terem sido roubadas de Myra em 1087 por alguns marinheiros de Bari. O santo viveu na &Aacute;sia Menor no s&eacute;culo IV e tornou-se bispo de Myra, dedicando toda a sua vida a ajudar as pessoas necessitadas, especialmente as crian&ccedil;as.<\/p>\n\n\n\n<p>Conta a lenda que Nicolau salvou tr&ecirc;s raparigas da prostitui&ccedil;&atilde;o, atirando tr&ecirc;s sacos de ouro por uma janela aberta, como dote para um futuro casamento. Da&iacute; a tradi&ccedil;&atilde;o que v&ecirc; S&atilde;o Nicolau como o portador de presentes.<\/p>\n\n\n\n<p>A rela&ccedil;&atilde;o especial com as crian&ccedil;as explica-se por outra hist&oacute;ria, segundo a qual o bispo ressuscitou tr&ecirc;s crian&ccedil;as que um carniceiro mau e ganancioso tinha cortado e salgado para vender a sua carne. De facto, diz-se que o santo tirou os tr&ecirc;s jovens da salmoura vivos e de boa sa&uacute;de.<\/p>\n\n\n\n<p>Entre os s&eacute;culos VII e VIII, quando bizantinos e &aacute;rabes disputavam a supremacia no mar ao largo da costa onde se encontrava o santu&aacute;rio, Nicolau tornou-se o ponto de refer&ecirc;ncia dos marinheiros bizantinos e o seu protetor, e o seu culto expandiu-se ao longo das rotas mar&iacute;timas do Mediterr&acirc;neo, chegando a Roma, Jerusal&eacute;m, Constantinopla e R&uacute;ssia, difundindo-se tamb&eacute;m na Alemanha e nos pa&iacute;ses do norte da Europa.<\/p>\n\n\n\n<p>Foi assim que o Santo Bispo de Myra se transformou, ao longo dos s&eacute;culos, no Nikolaus ou Samiklaus alem&atilde;o e no Pai Natal dos pa&iacute;ses anglo-sax&oacute;nicos, que hoje oferece presentes &agrave;s crian&ccedil;as no Natal.<\/p>\n\n\n\n<p>No entanto, em algumas regi&otilde;es, as prendas continuam a chegar no dia da festa de S&atilde;o Nicolau, 6 de dezembro. &Eacute; o caso, nomeadamente, do nordeste de Fran&ccedil;a, dos Pa&iacute;ses Baixos, da Alemanha e da &Aacute;ustria, onde a tradi&ccedil;&atilde;o diz que o Santo cavalga acompanhado por aquilo a que em Fran&ccedil;a se chama <a class=\"glossaryLink\" aria-describedby=\"tt\" data-cmtooltip=\"&lt;div class=glossaryItemTitle&gt;P&egrave;re Fouettard&lt;\/div&gt;&lt;div class=glossaryItemBody&gt;&amp;lt;!-- wp:paragraph {&amp;quot;translatedWithWPMLTM&amp;quot;:&amp;quot;1&amp;quot;} --&amp;gt;&amp;lt;strong&amp;gt;P&amp;lt;\/strong&amp;gt;ersonagem imagin&aacute;ria do folclore natal&iacute;cio franc&ecirc;s, nomeadamente da Lorena, que aparece no dia 6 de dezembro como ajudante do portador de presentes S&atilde;o Nicolau. Segundo a tradi&ccedil;&atilde;o, todos os Natais, enquanto S&atilde;o Nicolau distribui presentes &agrave;s crian&ccedil;as boas, o P&egrave;re Fouettard acompanha-o e amea&ccedil;a com um chicote as crian&ccedil;as mal comportadas.&amp;lt;br\/&amp;gt;&amp;lt;!-- \/wp:paragraph --&amp;gt;&lt;\/div&gt;&lt;div id=&amp;quot;cmtt_related_articles&amp;quot; class=&amp;quot;cmtt_related_articles_wrapper&amp;quot;&gt;&lt;div class=&amp;quot;cmtt_related_title cmtt_related_articles_title&amp;quot;&gt;Related Articles: &lt;\/div&gt;&lt;ul class=&amp;quot;cmtt_related&amp;quot;&gt;&lt;li class=&amp;quot;cmtt_related_item&amp;quot;&gt;&lt;a href=&amp;quot;https:\/\/xqthenews.com\/pt-pt\/las-tradiciones-navidenas-italianas-entre-lo-sagrado-y-lo-profano\/&amp;quot;target=&amp;quot;_blank&amp;quot;&gt;Tradi&ccedil;&otilde;es natal&iacute;cias italianas, entre o sagrado e o profano&lt;\/a&gt;&lt;\/li&gt;&lt;\/ul&gt;&lt;\/div&gt;\" href=\"https:\/\/xqthenews.com\/pt-pt\/glossary\/pere-fouettard\/\" data-gt-translate-attributes='[{\"attribute\":\"data-cmtooltip\", \"format\":\"html\"}]' tabindex=\"0\" role=\"link\">P&egrave;re Fouettard<\/a>, uma esp&eacute;cie de dem&oacute;nio com um chicote que castiga as crian&ccedil;as mal comportadas, enquanto as crian&ccedil;as boas encontrar&atilde;o os seus presentes de manh&atilde; dentro dos sapatos vazios deixados debaixo da janela ou junto &agrave; lareira.<\/p>\n\n\n\n<p>E S&atilde;o Nicolau, ou San Nicol&ograve;, continua a ser o protagonista no Tirol do Sul, onde derrota as <a href=\"https:\/\/www.suedtirolerland.it\/it\/cultura-e-territorio\/tradizione-e-cultura\/san-nicolo-e-i-krampus\/\">hordas de Krampus<\/a>, criaturas mal&eacute;ficas que amea&ccedil;am as crian&ccedil;as que n&atilde;o se portaram bem com os seus paus, carregando-os no &ldquo;Kraxn&rdquo;, um grande cesto que transportam aos ombros.<\/p>\n\n\n\n<p>O Krampus &eacute; um dem&oacute;nio mencionado em v&aacute;rias lendas alem&atilde;s, austr&iacute;acas e do norte de It&aacute;lia, que, derrotado por S&atilde;o Nicolau, se torna seu servo, transformando-se, segundo alguns autores, nos conhecidos duendes ao servi&ccedil;o do Pai Natal.<\/p>\n\n\n\n<p>No Tirol do Sul, mas tamb&eacute;m no Friuli e no Trentino, realizam-se festas e desfiles de krampus entre 5 e 8 de dezembro, atraindo turistas e curiosos. Um dos mais famosos &eacute; o de Dobbiaco, que pode chegar a ter mil participantes: sul-tiroleses, su&iacute;&ccedil;os, austr&iacute;acos e alem&atilde;es re&uacute;nem-se, desfilam pela aldeia e pela pra&ccedil;a central num verdadeiro espet&aacute;culo, exibindo as suas m&aacute;scaras e roupas.<\/p>\n\n\n\n<h2 class=\"wp-block-heading\"><strong>O patrim&oacute;nio cultural dos antigos romanos<\/strong><\/h2>\n\n\n\n<p>Para fechar o c&iacute;rculo e a distribui&ccedil;&atilde;o dos presentes, <a href=\"https:\/\/www.romatoday.it\/eventi\/cultura\/befana-roma-origini-epifania.html\">chega a Befana<\/a>. Tradi&ccedil;&atilde;o particularmente sentida nas regi&otilde;es centrais, entre as quais o L&aacute;cio e a Toscana, a Befana tem tamb&eacute;m as suas ra&iacute;zes nas festas e tradi&ccedil;&otilde;es pr&eacute;-crist&atilde;s ligadas ao solst&iacute;cio de inverno, herdadas e depois difundidas durante o Imp&eacute;rio Romano.<\/p>\n\n\n\n<p>A origem da velha que voa num cabo de vassoura pode derivar da cren&ccedil;a de que doze noites ap&oacute;s o <a class=\"glossaryLink\" aria-describedby=\"tt\" data-cmtooltip=\"&lt;div class=glossaryItemTitle&gt;Sol Invictus&lt;\/div&gt;&lt;div class=glossaryItemBody&gt;&amp;lt;!-- wp:paragraph {&amp;quot;translatedWithWPMLTM&amp;quot;:&amp;quot;1&amp;quot;} --&amp;gt;&amp;quot;Sol nunca derrotado&amp;quot;, uma festa presente em muitas civiliza&ccedil;&otilde;es antigas para honrar o Sol que, depois de atingir o ponto mais baixo do seu esplendor no solst&iacute;cio de inverno, parecia renascer, recuperando for&ccedil;a e poder.&amp;lt;br\/&amp;gt;&amp;lt;!-- \/wp:paragraph --&amp;gt;&lt;\/div&gt;&lt;div id=&amp;quot;cmtt_related_articles&amp;quot; class=&amp;quot;cmtt_related_articles_wrapper&amp;quot;&gt;&lt;div class=&amp;quot;cmtt_related_title cmtt_related_articles_title&amp;quot;&gt;Related Articles: &lt;\/div&gt;&lt;ul class=&amp;quot;cmtt_related&amp;quot;&gt;&lt;li class=&amp;quot;cmtt_related_item&amp;quot;&gt;&lt;a href=&amp;quot;https:\/\/xqthenews.com\/pt-pt\/las-tradiciones-navidenas-italianas-entre-lo-sagrado-y-lo-profano\/&amp;quot;target=&amp;quot;_blank&amp;quot;&gt;Tradi&ccedil;&otilde;es natal&iacute;cias italianas, entre o sagrado e o profano&lt;\/a&gt;&lt;\/li&gt;&lt;\/ul&gt;&lt;\/div&gt;\" href=\"https:\/\/xqthenews.com\/pt-pt\/glossary\/sol-invictus\/\" data-gt-translate-attributes='[{\"attribute\":\"data-cmtooltip\", \"format\":\"html\"}]' tabindex=\"0\" role=\"link\">Sol Invictus<\/a> (celebrado entre o solst&iacute;cio de inverno e 25 de dezembro) Diana, a deusa dos ciclos lunares e das colheitas, voava com as suas ninfas sobre os campos para propiciar as colheitas futuras. A entrega de presentes ou de carv&atilde;o &agrave;s crian&ccedil;as poderia, pelo contr&aacute;rio, estar ligada &agrave; divindade romana Estr&eacute;nia, s&iacute;mbolo do Ano Novo, celebrado com a tradicional troca de <a href=\"https:\/\/www.treccani.it\/enciclopedia\/saturnali_%28Enciclopedia-Italiana%29\/\">presentes auspiciosos durante as Saturnais<\/a>, celebradas na mesma altura (17 a 23 de dezembro)<\/p>\n\n\n\n<p>A Epifania &eacute;, de facto, uma festa particularmente sentida em Roma. Ap&oacute;s a unifica&ccedil;&atilde;o da It&aacute;lia, as celebra&ccedil;&otilde;es mudaram-se da Piazza Sant&rsquo;Eustachio para a Piazza Navona, local hist&oacute;rico de um famoso mercado local, onde todos os anos ainda se re&uacute;nem milhares de <a class=\"glossaryLink\" aria-describedby=\"tt\" data-cmtooltip=\"&lt;div class=glossaryItemTitle&gt;Cidad&atilde;os&lt;\/div&gt;&lt;div class=glossaryItemBody&gt;&amp;lt;!-- wp:paragraph {&amp;quot;translatedWithWPMLTM&amp;quot;:&amp;quot;1&amp;quot;} --&amp;gt;Conceito que envolve quest&otilde;es relativas a direitos e a deveres, bem como as ideias de igualdade, diversidade e justi&ccedil;a social. N&atilde;o se reportando apenas ao ato de votar, o conceito de cidadania inclui todo um conjunto de a&ccedil;&otilde;es praticadas por cada pessoa, com impacto na vida da comunidade (local, nacional, regional e internacional), indissoci&aacute;veis do espa&ccedil;o p&uacute;blico em cujo contexto as pessoas podem agir em conjunto.&amp;lt;br\/&amp;gt;&amp;lt;!-- \/wp:paragraph --&amp;gt;&amp;lt;!-- wp:paragraph {&amp;quot;translatedWithWPMLTM&amp;quot;:&amp;quot;1&amp;quot;} --&amp;gt;(Fonte: CIG &ndash; Comiss&atilde;o para a Cidadania e Igualde de G&eacute;nero)&amp;lt;br\/&amp;gt;&amp;lt;!-- \/wp:paragraph --&amp;gt;&lt;\/div&gt;&lt;div id=&amp;quot;cmtt_related_articles&amp;quot; class=&amp;quot;cmtt_related_articles_wrapper&amp;quot;&gt;&lt;div class=&amp;quot;cmtt_related_title cmtt_related_articles_title&amp;quot;&gt;Related Articles: &lt;\/div&gt;&lt;ul class=&amp;quot;cmtt_related&amp;quot;&gt;&lt;li class=&amp;quot;cmtt_related_item&amp;quot;&gt;&lt;a href=&amp;quot;https:\/\/xqthenews.com\/pt-pt\/movimentos-de-jovens-na-europa-pelas-respostas-a-crise-climatica\/&amp;quot;target=&amp;quot;_blank&amp;quot;&gt;Movimentos de jovens na Europa pelas respostas &agrave; crise clim&aacute;tica&lt;\/a&gt;&lt;\/li&gt;&lt;li class=&amp;quot;cmtt_related_item&amp;quot;&gt;&lt;a href=&amp;quot;https:\/\/xqthenews.com\/pt-pt\/a-tua-lancheira-de-plastico-esta-a-poluir-o-planeta-e-o-seu-sistema-endocrino\/&amp;quot;target=&amp;quot;_blank&amp;quot;&gt;A tua lancheira de pl&aacute;stico est&aacute; a poluir o planeta e o seu sistema end&oacute;crino.&lt;\/a&gt;&lt;\/li&gt;&lt;li class=&amp;quot;cmtt_related_item&amp;quot;&gt;&lt;a href=&amp;quot;https:\/\/xqthenews.com\/pt-pt\/economia-circular-materia-organica-en-el-pasado-el-presente-y-el-futuro\/&amp;quot;target=&amp;quot;_blank&amp;quot;&gt;A mat&eacute;ria org&acirc;nica no passado, presente e futuro&lt;\/a&gt;&lt;\/li&gt;&lt;li class=&amp;quot;cmtt_related_item&amp;quot;&gt;&lt;a href=&amp;quot;https:\/\/xqthenews.com\/pt-pt\/las-tradiciones-navidenas-italianas-entre-lo-sagrado-y-lo-profano\/&amp;quot;target=&amp;quot;_blank&amp;quot;&gt;Tradi&ccedil;&otilde;es natal&iacute;cias italianas, entre o sagrado e o profano&lt;\/a&gt;&lt;\/li&gt;&lt;li class=&amp;quot;cmtt_related_item&amp;quot;&gt;&lt;a href=&amp;quot;https:\/\/xqthenews.com\/en\/homepage\/&amp;quot;target=&amp;quot;_blank&amp;quot;&gt;Homepage&lt;\/a&gt;&lt;\/li&gt;&lt;\/ul&gt;&lt;\/div&gt;\" href=\"https:\/\/xqthenews.com\/pt-pt\/glossary\/cidadania\/\" data-gt-translate-attributes='[{\"attribute\":\"data-cmtooltip\", \"format\":\"html\"}]' tabindex=\"0\" role=\"link\">cidad&atilde;os<\/a> e turistas, ansiosos por saborear a <a class=\"glossaryLink\" aria-describedby=\"tt\" data-cmtooltip=\"&lt;div class=glossaryItemTitle&gt;Atmosfera&lt;\/div&gt;&lt;div class=glossaryItemBody&gt;&amp;lt;!-- wp:paragraph {&amp;quot;translatedWithWPMLTM&amp;quot;:&amp;quot;1&amp;quot;} --&amp;gt;Atmosfera: A atmosfera &eacute; a camada de gases que envolve um corpo celeste, como a Terra, fornecendo ar, regulando o clima e protegendo a vida da radia&ccedil;&atilde;o solar e dos meteoros.&amp;lt;br\/&amp;gt;&amp;lt;!-- \/wp:paragraph --&amp;gt;&lt;\/div&gt;&lt;div id=&amp;quot;cmtt_related_articles&amp;quot; class=&amp;quot;cmtt_related_articles_wrapper&amp;quot;&gt;&lt;div class=&amp;quot;cmtt_related_title cmtt_related_articles_title&amp;quot;&gt;Related Articles: &lt;\/div&gt;&lt;ul class=&amp;quot;cmtt_related&amp;quot;&gt;&lt;li class=&amp;quot;cmtt_related_item&amp;quot;&gt;&lt;a href=&amp;quot;https:\/\/xqthenews.com\/pt-pt\/las-tradiciones-navidenas-italianas-entre-lo-sagrado-y-lo-profano\/&amp;quot;target=&amp;quot;_blank&amp;quot;&gt;Tradi&ccedil;&otilde;es natal&iacute;cias italianas, entre o sagrado e o profano&lt;\/a&gt;&lt;\/li&gt;&lt;li class=&amp;quot;cmtt_related_item&amp;quot;&gt;&lt;a href=&amp;quot;https:\/\/xqthenews.com\/pt-pt\/dana-de-outono-no-mediterraneo-depois-da-tempestade-nao-ha-calma\/&amp;quot;target=&amp;quot;_blank&amp;quot;&gt;DANA de outono no Mediterr&acirc;neo: depois da tempestade, n&atilde;o h&aacute; calma&lt;\/a&gt;&lt;\/li&gt;&lt;li class=&amp;quot;cmtt_related_item&amp;quot;&gt;&lt;a href=&amp;quot;https:\/\/xqthenews.com\/pt-pt\/neutralidade-carbonica-florestas-como-guardias-do-equilibrio-climatico\/&amp;quot;target=&amp;quot;_blank&amp;quot;&gt;Neutralidade carb&oacute;nica: florestas como guardi&atilde;s do equil&iacute;brio clim&aacute;tico&lt;\/a&gt;&lt;\/li&gt;&lt;li class=&amp;quot;cmtt_related_item&amp;quot;&gt;&lt;a href=&amp;quot;https:\/\/xqthenews.com\/pt-pt\/recuperar-as-boas-praticas-agricolas-para-combater-a-bacteria-xylella\/&amp;quot;target=&amp;quot;_blank&amp;quot;&gt;Recuperar as boas pr&aacute;ticas agr&iacute;colas para combater a bact&eacute;ria Xylella&lt;\/a&gt;&lt;\/li&gt;&lt;\/ul&gt;&lt;\/div&gt;\" href=\"https:\/\/xqthenews.com\/pt-pt\/glossary\/atmosfera\/\" data-gt-translate-attributes='[{\"attribute\":\"data-cmtooltip\", \"format\":\"html\"}]' tabindex=\"0\" role=\"link\">atmosfera<\/a> alegre da Epifania romana entre bancas cheias de presentes, jogos e doces de Natal.<\/p>\n\n\n\n<p>Finalmente, na Toscana, s&atilde;o famosas as descidas da Befana das torres sineiras ou dos pal&aacute;cios. A mais conhecida &eacute; provavelmente a descida na Piazza del Campo em Siena, mas representa&ccedil;&otilde;es semelhantes t&ecirc;m lugar em Pisa, Pistoia, Livorno e no interior da gruta de Equi Terme.<\/p>\n\n\n<script type=\"text\/javascript\">\n\/* <![CDATA[ *\/\nvar gform;gform||(document.addEventListener(\"gform_main_scripts_loaded\",function(){gform.scriptsLoaded=!0}),document.addEventListener(\"gform\/theme\/scripts_loaded\",function(){gform.themeScriptsLoaded=!0}),window.addEventListener(\"DOMContentLoaded\",function(){gform.domLoaded=!0}),gform={domLoaded:!1,scriptsLoaded:!1,themeScriptsLoaded:!1,isFormEditor:()=>\"function\"==typeof InitializeEditor,callIfLoaded:function(o){return!(!gform.domLoaded||!gform.scriptsLoaded||!gform.themeScriptsLoaded&&!gform.isFormEditor()||(gform.isFormEditor()&&console.warn(\"The use of gform.initializeOnLoaded() is deprecated in the form editor context and will be removed in Gravity Forms 3.1.\"),o(),0))},initializeOnLoaded:function(o){gform.callIfLoaded(o)||(document.addEventListener(\"gform_main_scripts_loaded\",()=>{gform.scriptsLoaded=!0,gform.callIfLoaded(o)}),document.addEventListener(\"gform\/theme\/scripts_loaded\",()=>{gform.themeScriptsLoaded=!0,gform.callIfLoaded(o)}),window.addEventListener(\"DOMContentLoaded\",()=>{gform.domLoaded=!0,gform.callIfLoaded(o)}))},hooks:{action:{},filter:{}},addAction:function(o,r,e,t){gform.addHook(\"action\",o,r,e,t)},addFilter:function(o,r,e,t){gform.addHook(\"filter\",o,r,e,t)},doAction:function(o){gform.doHook(\"action\",o,arguments)},applyFilters:function(o){return gform.doHook(\"filter\",o,arguments)},removeAction:function(o,r){gform.removeHook(\"action\",o,r)},removeFilter:function(o,r,e){gform.removeHook(\"filter\",o,r,e)},addHook:function(o,r,e,t,n){null==gform.hooks[o][r]&&(gform.hooks[o][r]=[]);var d=gform.hooks[o][r];null==n&&(n=r+\"_\"+d.length),gform.hooks[o][r].push({tag:n,callable:e,priority:t=null==t?10:t})},doHook:function(r,o,e){var t;if(e=Array.prototype.slice.call(e,1),null!=gform.hooks[r][o]&&((o=gform.hooks[r][o]).sort(function(o,r){return o.priority-r.priority}),o.forEach(function(o){\"function\"!=typeof(t=o.callable)&&(t=window[t]),\"action\"==r?t.apply(null,e):e[0]=t.apply(null,e)})),\"filter\"==r)return e[0]},removeHook:function(o,r,t,n){var e;null!=gform.hooks[o][r]&&(e=(e=gform.hooks[o][r]).filter(function(o,r,e){return!!(null!=n&&n!=o.tag||null!=t&&t!=o.priority)}),gform.hooks[o][r]=e)}});\n\/* ]]> *\/\n<\/script>\n\n                <div class=\"gf_browser_gecko gform_wrapper gravity-theme gform-theme--no-framework quiz_wrapper\" data-form-theme=\"gravity-theme\" data-form-index=\"0\" id=\"gform_wrapper_583\"><div id=\"gf_583\" class=\"gform_anchor\" tabindex=\"-1\"><\/div>\n                        <div class=\"gform_heading\">\n                            <h2 class=\"gform_title\">Question&aacute;rio de compreens&atilde;o &ndash; Tradi&ccedil;&otilde;es natal&iacute;cias italianas, entre o sagrado e o profano<\/h2>\n                            <p class=\"gform_description\"><\/p>\n                        <\/div><form method=\"post\" enctype=\"multipart\/form-data\" id=\"gform_583\" class=\"quiz\" action=\"\/pt-pt\/wp-json\/wp\/v2\/posts\/15644#gf_583\" data-formid=\"583\" novalidate> \r\n <input type=\"hidden\" class=\"gforms-pum\" value='{\"closepopup\":false,\"closedelay\":0,\"openpopup\":false,\"openpopup_id\":0}'>\n        <div id=\"gf_progressbar_wrapper_583\" class=\"gf_progressbar_wrapper\" data-start-at-zero=\"\">\n        \t<p class=\"gf_progressbar_title\">Passo <span class=\"gf_step_current_page\">1<\/span> de <span class=\"gf_step_page_count\">3<\/span><span class=\"gf_step_page_name\"><\/span>\n        \t<\/p>\n            <div class=\"gf_progressbar gf_progressbar_blue\" aria-hidden=\"true\">\n                <div class=\"gf_progressbar_percentage percentbar_blue percentbar_33\" style=\"width:33%;\"><span>33%<\/span><\/div>\n            <\/div><\/div>\n                        <div class=\"gform-body gform_body\"><div id=\"gform_page_583_1\" class=\"gform_page \" data-js=\"page-field-id-0\">\n\t\t\t\t\t<div class=\"gform_page_fields\"><div id=\"gform_fields_583\" class=\"gform_fields top_label form_sublabel_below description_below validation_below\"><fieldset id=\"field_583_1\" class=\"gfield gfield--type-quiz gfield--type-choice gfield--input-type-radio field_sublabel_below gfield--no-description field_description_below field_validation_below gfield_visibility_visible gquiz-field \" data-field-class=\"gquiz-field\"><legend class=\"gfield_label gform-field-label\">Qual das seguintes afirma&ccedil;&otilde;es sobre o solst&iacute;cio de inverno &eacute; verdadeira?<\/legend><div class=\"ginput_container ginput_container_radio\"><div class=\"gfield_radio\" id=\"input_583_1\">\n\t\t\t<div class=\"gchoice gchoice_583_1_0\">\n\t\t\t\t\t<input class=\"gfield-choice-input\" name=\"input_1\" type=\"radio\" value=\"gquiz1b2b27084\" id=\"choice_583_1_0\" onchange=\"gformToggleRadioOther( this )\">\n\t\t\t\t\t<label for=\"choice_583_1_0\" id=\"label_583_1_0\" class=\"gform-field-label gform-field-label--type-inline\">&Eacute; o dia com o menor n&uacute;mero de horas de luz do ano.<\/label>\n\t\t\t<\/div>\n\t\t\t<div class=\"gchoice gchoice_583_1_1\">\n\t\t\t\t\t<input class=\"gfield-choice-input\" name=\"input_1\" type=\"radio\" value=\"gquiz12c53da11\" id=\"choice_583_1_1\" onchange=\"gformToggleRadioOther( this )\">\n\t\t\t\t\t<label for=\"choice_583_1_1\" id=\"label_583_1_1\" class=\"gform-field-label gform-field-label--type-inline\">&Eacute; o dia com o maior n&uacute;mero de horas de luz do ano.<\/label>\n\t\t\t<\/div>\n\t\t\t<div class=\"gchoice gchoice_583_1_2\">\n\t\t\t\t\t<input class=\"gfield-choice-input\" name=\"input_1\" type=\"radio\" value=\"gquiz1b6725f5d\" id=\"choice_583_1_2\" onchange=\"gformToggleRadioOther( this )\">\n\t\t\t\t\t<label for=\"choice_583_1_2\" id=\"label_583_1_2\" class=\"gform-field-label gform-field-label--type-inline\">&Eacute; o dia em que as horas de luz e escurid&atilde;o s&atilde;o iguais.<\/label>\n\t\t\t<\/div><\/div><\/div><\/fieldset><\/div>\n                    <\/div>\n                    <div class=\"gform-page-footer gform_page_footer top_label\">\n                         <input type=\"button\" id=\"gform_next_button_583_5\" class=\"gform_next_button gform-theme-button button\" onclick=\"gform.submission.handleButtonClick(this);\" data-submission-type=\"next\" value=\"Seguinte \"> \n                    <\/div>\n                <\/div>\n                <div id=\"gform_page_583_2\" class=\"gform_page\" data-js=\"page-field-id-5\" style=\"display:none;\">\n                    <div class=\"gform_page_fields\">\n                        <div id=\"gform_fields_583_2\" class=\"gform_fields top_label form_sublabel_below description_below validation_below\"><fieldset id=\"field_583_3\" class=\"gfield gfield--type-quiz gfield--type-choice gfield--input-type-radio gfield--width-full field_sublabel_below gfield--no-description field_description_below field_validation_below gfield_visibility_visible gquiz-field \" data-field-class=\"gquiz-field\"><legend class=\"gfield_label gform-field-label\">Onde est&atilde;o guardadas as rel&iacute;quias de S&atilde;o Nicolau?<\/legend><div class=\"ginput_container ginput_container_radio\"><div class=\"gfield_radio\" id=\"input_583_3\">\n\t\t\t<div class=\"gchoice gchoice_583_3_0\">\n\t\t\t\t\t<input class=\"gfield-choice-input\" name=\"input_3\" type=\"radio\" value=\"gquiz3394e91f2\" id=\"choice_583_3_0\" onchange=\"gformToggleRadioOther( this )\">\n\t\t\t\t\t<label for=\"choice_583_3_0\" id=\"label_583_3_0\" class=\"gform-field-label gform-field-label--type-inline\">En Constantinopla.<\/label>\n\t\t\t<\/div>\n\t\t\t<div class=\"gchoice gchoice_583_3_1\">\n\t\t\t\t\t<input class=\"gfield-choice-input\" name=\"input_3\" type=\"radio\" value=\"gquiz3b5aa3d2d\" id=\"choice_583_3_1\" onchange=\"gformToggleRadioOther( this )\">\n\t\t\t\t\t<label for=\"choice_583_3_1\" id=\"label_583_3_1\" class=\"gform-field-label gform-field-label--type-inline\">En Myra.<\/label>\n\t\t\t<\/div>\n\t\t\t<div class=\"gchoice gchoice_583_3_2\">\n\t\t\t\t\t<input class=\"gfield-choice-input\" name=\"input_3\" type=\"radio\" value=\"gquiz3d1b23a18\" id=\"choice_583_3_2\" onchange=\"gformToggleRadioOther( this )\">\n\t\t\t\t\t<label for=\"choice_583_3_2\" id=\"label_583_3_2\" class=\"gform-field-label gform-field-label--type-inline\">En Bari.<\/label>\n\t\t\t<\/div><\/div><\/div><\/fieldset><\/div>\n                    <\/div>\n                    <div class=\"gform-page-footer gform_page_footer top_label\">\n                        <input type=\"button\" id=\"gform_previous_button_583_6\" class=\"gform_previous_button gform-theme-button gform-theme-button--secondary button\" onclick=\"gform.submission.handleButtonClick(this);\" data-submission-type=\"previous\" value=\"Antigo\"> <input type=\"button\" id=\"gform_next_button_583_6\" class=\"gform_next_button gform-theme-button button\" onclick=\"gform.submission.handleButtonClick(this);\" data-submission-type=\"next\" value=\"Seguinte \"> \n                    <\/div>\n                <\/div>\n                <div id=\"gform_page_583_3\" class=\"gform_page\" data-js=\"page-field-id-6\" style=\"display:none;\">\n                    <div class=\"gform_page_fields\">\n                        <div id=\"gform_fields_583_3\" class=\"gform_fields top_label form_sublabel_below description_below validation_below\"><fieldset id=\"field_583_4\" class=\"gfield gfield--type-quiz gfield--type-choice gfield--input-type-radio gfield--width-full field_sublabel_below gfield--no-description field_description_below field_validation_below gfield_visibility_visible gquiz-field \" data-field-class=\"gquiz-field\"><legend class=\"gfield_label gform-field-label\">Quando &eacute; que se celebravam as Saturnais na Roma antiga?<\/legend><div class=\"ginput_container ginput_container_radio\"><div class=\"gfield_radio\" id=\"input_583_4\">\n\t\t\t<div class=\"gchoice gchoice_583_4_0\">\n\t\t\t\t\t<input class=\"gfield-choice-input\" name=\"input_4\" type=\"radio\" value=\"gquiz46a62d494\" id=\"choice_583_4_0\" onchange=\"gformToggleRadioOther( this )\">\n\t\t\t\t\t<label for=\"choice_583_4_0\" id=\"label_583_4_0\" class=\"gform-field-label gform-field-label--type-inline\">8 de dezembro.<\/label>\n\t\t\t<\/div>\n\t\t\t<div class=\"gchoice gchoice_583_4_1\">\n\t\t\t\t\t<input class=\"gfield-choice-input\" name=\"input_4\" type=\"radio\" value=\"gquiz488c89c8f\" id=\"choice_583_4_1\" onchange=\"gformToggleRadioOther( this )\">\n\t\t\t\t\t<label for=\"choice_583_4_1\" id=\"label_583_4_1\" class=\"gform-field-label gform-field-label--type-inline\">25 de dezembro.<\/label>\n\t\t\t<\/div>\n\t\t\t<div class=\"gchoice gchoice_583_4_2\">\n\t\t\t\t\t<input class=\"gfield-choice-input\" name=\"input_4\" type=\"radio\" value=\"gquiz4054f68d8\" id=\"choice_583_4_2\" onchange=\"gformToggleRadioOther( this )\">\n\t\t\t\t\t<label for=\"choice_583_4_2\" id=\"label_583_4_2\" class=\"gform-field-label gform-field-label--type-inline\">17 a 23 de dezembro.<\/label>\n\t\t\t<\/div><\/div><\/div><\/fieldset><\/div><\/div>\n        <div class=\"gform-page-footer gform_page_footer top_label\"><input type=\"submit\" id=\"gform_previous_button_583\" class=\"gform_previous_button gform-theme-button gform-theme-button--secondary button\" onclick=\"gform.submission.handleButtonClick(this);\" data-submission-type=\"previous\" value=\"Antigo\"> <input type=\"submit\" id=\"gform_submit_button_583\" class=\"gform_button button\" onclick=\"gform.submission.handleButtonClick(this);\" data-submission-type=\"submit\" value=\"Enviar\"> \n            <input type=\"hidden\" class=\"gform_hidden\" name=\"gform_submission_method\" data-js=\"gform_submission_method_583\" value=\"postback\">\n            <input type=\"hidden\" class=\"gform_hidden\" name=\"gform_theme\" data-js=\"gform_theme_583\" id=\"gform_theme_583\" value=\"gravity-theme\">\n            <input type=\"hidden\" class=\"gform_hidden\" name=\"gform_style_settings\" data-js=\"gform_style_settings_583\" id=\"gform_style_settings_583\" value='{\"inputPrimaryColor\":\"#204ce5\"}'>\n            <input type=\"hidden\" class=\"gform_hidden\" name=\"is_submit_583\" value=\"1\">\n            <input type=\"hidden\" class=\"gform_hidden\" name=\"gform_submit\" value=\"583\">\n            \n            <input type=\"hidden\" class=\"gform_hidden\" name=\"gform_currency\" data-currency=\"EUR\" value=\"9Myzjr7oABejBEg5eFo3rPMbCzRF\/EfSohIl4a4yvDFFRfRvDZPD8CildICOkFAE9dXyh\/ef4w9LgPXiQMit+STfJ4452iAJWE\/odmRpRGOtpwk=\">\n            <input type=\"hidden\" class=\"gform_hidden\" name=\"gform_unique_id\" value=\"\">\n            <input type=\"hidden\" class=\"gform_hidden\" name=\"state_583\" value=\"WyJbXSIsIjVlMjNlOGUzOTg5N2RmMzcwZmE1ODRlNDZjZGJmYjNkIl0=\">\n            <input type=\"hidden\" autocomplete=\"off\" class=\"gform_hidden\" name=\"gform_target_page_number_583\" id=\"gform_target_page_number_583\" value=\"2\">\n            <input type=\"hidden\" autocomplete=\"off\" class=\"gform_hidden\" name=\"gform_source_page_number_583\" id=\"gform_source_page_number_583\" value=\"1\">\n            <input type=\"hidden\" name=\"gform_field_values\" value=\"\">\n            \n        <\/div>\n             <\/div><\/div>\n                        <\/form>\n                        <\/div><script type=\"text\/javascript\">\n\/* <![CDATA[ *\/\n gform.initializeOnLoaded( function() {gformInitSpinner( 583, 'https:\/\/xqthenews.com\/wp-content\/plugins\/gravityforms\/images\/spinner.svg', true );jQuery('#gform_ajax_frame_583').on('load',function(){var contents = jQuery(this).contents().find('*').html();var is_postback = contents.indexOf('GF_AJAX_POSTBACK') >= 0;if(!is_postback){return;}var form_content = jQuery(this).contents().find('#gform_wrapper_583');var is_confirmation = jQuery(this).contents().find('#gform_confirmation_wrapper_583').length > 0;var is_redirect = contents.indexOf('gformRedirect(){') >= 0;var is_form = form_content.length > 0 && ! is_redirect && ! is_confirmation;var mt = parseInt(jQuery('html').css('margin-top'), 10) + parseInt(jQuery('body').css('margin-top'), 10) + 100;if(is_form){jQuery('#gform_wrapper_583').html(form_content.html());if(form_content.hasClass('gform_validation_error')){jQuery('#gform_wrapper_583').addClass('gform_validation_error');} else {jQuery('#gform_wrapper_583').removeClass('gform_validation_error');}setTimeout( function() { \/* delay the scroll by 50 milliseconds to fix a bug in chrome *\/ jQuery(document).scrollTop(jQuery('#gform_wrapper_583').offset().top - mt); }, 50 );if(window['gformInitDatepicker']) {gformInitDatepicker();}if(window['gformInitPriceFields']) {gformInitPriceFields();}var current_page = jQuery('#gform_source_page_number_583').val();gformInitSpinner( 583, 'https:\/\/xqthenews.com\/wp-content\/plugins\/gravityforms\/images\/spinner.svg', true );jQuery(document).trigger('gform_page_loaded', [583, current_page]);window['gf_submitting_583'] = false;}else if(!is_redirect){var confirmation_content = jQuery(this).contents().find('.GF_AJAX_POSTBACK').html();if(!confirmation_content){confirmation_content = contents;}jQuery('#gform_wrapper_583').replaceWith(confirmation_content);jQuery(document).scrollTop(jQuery('#gf_583').offset().top - mt);jQuery(document).trigger('gform_confirmation_loaded', [583]);window['gf_submitting_583'] = false;wp.a11y.speak(jQuery('#gform_confirmation_message_583').text());}else{jQuery('#gform_583').append(contents);if(window['gformRedirect']) {gformRedirect();}}jQuery(document).trigger(\"gform_pre_post_render\", [{ formId: \"583\", currentPage: \"current_page\", abort: function() { this.preventDefault(); } }]);        if (event && event.defaultPrevented) {                return;        }        const gformWrapperDiv = document.getElementById( \"gform_wrapper_583\" );        if ( gformWrapperDiv ) {            const visibilitySpan = document.createElement( \"span\" );            visibilitySpan.id = \"gform_visibility_test_583\";            gformWrapperDiv.insertAdjacentElement( \"afterend\", visibilitySpan );        }        const visibilityTestDiv = document.getElementById( \"gform_visibility_test_583\" );        let postRenderFired = false;        function triggerPostRender() {            if ( postRenderFired ) {                return;            }            postRenderFired = true;            gform.core.triggerPostRenderEvents( 583, current_page );            if ( visibilityTestDiv ) {                visibilityTestDiv.parentNode.removeChild( visibilityTestDiv );            }        }        function debounce( func, wait, immediate ) {            var timeout;            return function() {                var context = this, args = arguments;                var later = function() {                    timeout = null;                    if ( !immediate ) func.apply( context, args );                };                var callNow = immediate && !timeout;                clearTimeout( timeout );                timeout = setTimeout( later, wait );                if ( callNow ) func.apply( context, args );            };        }        const debouncedTriggerPostRender = debounce( function() {            triggerPostRender();        }, 200 );        if ( visibilityTestDiv && visibilityTestDiv.offsetParent === null ) {            const observer = new MutationObserver( ( mutations ) => {                mutations.forEach( ( mutation ) => {                    if ( mutation.type === 'attributes' && visibilityTestDiv.offsetParent !== null ) {                        debouncedTriggerPostRender();                        observer.disconnect();                    }                });            });            observer.observe( document.body, {                attributes: true,                childList: false,                subtree: true,                attributeFilter: [ 'style', 'class' ],            });        } else {            triggerPostRender();        }    } );} ); \n\/* ]]> *\/\n<\/script>\n","protected":false},"excerpt":{"rendered":"<p>Apesar da fama mundial do Pai Natal, h&aacute; lugares onde outras tradi&ccedil;&otilde;es e lendas perduram. E o pr&oacute;prio Pai Natal n&atilde;o &eacute; outro sen&atilde;o S&atilde;o Nicolau, nascido na Turquia em 270 e bispo de Mithras<\/p>\n","protected":false},"author":37,"featured_media":15631,"comment_status":"open","ping_status":"open","sticky":false,"template":"","format":"standard","meta":{"_acf_changed":false,"footnotes":""},"categories":[483,111],"tags":[133],"coauthors":[172],"class_list":{"0":"post-15644","1":"post","2":"type-post","3":"status-publish","4":"format-standard","5":"has-post-thumbnail","7":"category-sociedade-e-cultura","8":"category-vida-pt-pt","9":"tag-memoria-pt-pt"},"acf":[],"yoast_head":"<!-- This site is optimized with the Yoast SEO plugin v27.4 - https:\/\/yoast.com\/product\/yoast-seo-wordpress\/ -->\n<title>Tradi\u00e7\u00f5es natal\u00edcias italianas, entre o sagrado e o profano - xqthenews<\/title>\n<meta name=\"robots\" content=\"index, follow, max-snippet:-1, max-image-preview:large, max-video-preview:-1\" \/>\n<link rel=\"canonical\" href=\"https:\/\/xqthenews.com\/pt-pt\/las-tradiciones-navidenas-italianas-entre-lo-sagrado-y-lo-profano\/\" \/>\n<meta property=\"og:locale\" content=\"pt_PT\" \/>\n<meta property=\"og:type\" content=\"article\" \/>\n<meta property=\"og:title\" content=\"Tradi\u00e7\u00f5es natal\u00edcias italianas, entre o sagrado e o profano - xqthenews\" \/>\n<meta property=\"og:description\" content=\"Apesar da fama mundial do Pai Natal, h&aacute; lugares onde outras tradi&ccedil;&otilde;es e lendas perduram. E o pr&oacute;prio Pai Natal n&atilde;o &eacute; outro sen&atilde;o S&atilde;o Nicolau, nascido na Turquia em 270 e bispo de Mithras\" \/>\n<meta property=\"og:url\" content=\"https:\/\/xqthenews.com\/pt-pt\/las-tradiciones-navidenas-italianas-entre-lo-sagrado-y-lo-profano\/\" \/>\n<meta property=\"og:site_name\" content=\"xqthenews\" \/>\n<meta property=\"article:published_time\" content=\"2023-12-20T08:05:28+00:00\" \/>\n<meta property=\"article:modified_time\" content=\"2025-03-26T09:44:24+00:00\" \/>\n<meta property=\"og:image\" content=\"https:\/\/xqthenews.com\/wp-content\/uploads\/2023\/12\/6-Tradizioni-Natale-La-statua-di-San-Nicola-esposta-nel-centro-storico-di-Bari.jpg\" \/>\n\t<meta property=\"og:image:width\" content=\"1057\" \/>\n\t<meta property=\"og:image:height\" content=\"512\" \/>\n\t<meta property=\"og:image:type\" content=\"image\/jpeg\" \/>\n<meta name=\"author\" content=\"Claudio Carbone\" \/>\n<meta name=\"twitter:card\" content=\"summary_large_image\" \/>\n<meta name=\"twitter:label1\" content=\"Escrito por\" \/>\n\t<meta name=\"twitter:data1\" content=\"Claudio Carbone\" \/>\n\t<meta name=\"twitter:label2\" content=\"Tempo estimado de leitura\" \/>\n\t<meta name=\"twitter:data2\" content=\"7 minutos\" \/>\n\t<meta name=\"twitter:label3\" content=\"Written by\" \/>\n\t<meta name=\"twitter:data3\" content=\"Claudio Carbone\" \/>\n<script type=\"application\/ld+json\" class=\"yoast-schema-graph\">{\"@context\":\"https:\\\/\\\/schema.org\",\"@graph\":[{\"@type\":\"Article\",\"@id\":\"https:\\\/\\\/xqthenews.com\\\/pt-pt\\\/las-tradiciones-navidenas-italianas-entre-lo-sagrado-y-lo-profano\\\/#article\",\"isPartOf\":{\"@id\":\"https:\\\/\\\/xqthenews.com\\\/pt-pt\\\/las-tradiciones-navidenas-italianas-entre-lo-sagrado-y-lo-profano\\\/\"},\"author\":{\"name\":\"Claudio Carbone\",\"@id\":\"https:\\\/\\\/xqthenews.com\\\/es\\\/#\\\/schema\\\/person\\\/57a94f1c568a7a33f602c5e1db39682f\"},\"headline\":\"Tradi\u00e7\u00f5es natal\u00edcias italianas, entre o sagrado e o profano\",\"datePublished\":\"2023-12-20T08:05:28+00:00\",\"dateModified\":\"2025-03-26T09:44:24+00:00\",\"mainEntityOfPage\":{\"@id\":\"https:\\\/\\\/xqthenews.com\\\/pt-pt\\\/las-tradiciones-navidenas-italianas-entre-lo-sagrado-y-lo-profano\\\/\"},\"wordCount\":1475,\"commentCount\":0,\"image\":{\"@id\":\"https:\\\/\\\/xqthenews.com\\\/pt-pt\\\/las-tradiciones-navidenas-italianas-entre-lo-sagrado-y-lo-profano\\\/#primaryimage\"},\"thumbnailUrl\":\"https:\\\/\\\/xqthenews.com\\\/wp-content\\\/uploads\\\/2023\\\/12\\\/6-Tradizioni-Natale-La-statua-di-San-Nicola-esposta-nel-centro-storico-di-Bari.jpg\",\"keywords\":[\"Mem\u00f3ria\"],\"articleSection\":[\"Sociedade e cultura\",\"Vida\"],\"inLanguage\":\"pt-PT\",\"potentialAction\":[{\"@type\":\"CommentAction\",\"name\":\"Comment\",\"target\":[\"https:\\\/\\\/xqthenews.com\\\/pt-pt\\\/las-tradiciones-navidenas-italianas-entre-lo-sagrado-y-lo-profano\\\/#respond\"]}]},{\"@type\":\"WebPage\",\"@id\":\"https:\\\/\\\/xqthenews.com\\\/pt-pt\\\/las-tradiciones-navidenas-italianas-entre-lo-sagrado-y-lo-profano\\\/\",\"url\":\"https:\\\/\\\/xqthenews.com\\\/pt-pt\\\/las-tradiciones-navidenas-italianas-entre-lo-sagrado-y-lo-profano\\\/\",\"name\":\"Tradi\u00e7\u00f5es natal\u00edcias italianas, entre o sagrado e o profano - xqthenews\",\"isPartOf\":{\"@id\":\"https:\\\/\\\/xqthenews.com\\\/es\\\/#website\"},\"primaryImageOfPage\":{\"@id\":\"https:\\\/\\\/xqthenews.com\\\/pt-pt\\\/las-tradiciones-navidenas-italianas-entre-lo-sagrado-y-lo-profano\\\/#primaryimage\"},\"image\":{\"@id\":\"https:\\\/\\\/xqthenews.com\\\/pt-pt\\\/las-tradiciones-navidenas-italianas-entre-lo-sagrado-y-lo-profano\\\/#primaryimage\"},\"thumbnailUrl\":\"https:\\\/\\\/xqthenews.com\\\/wp-content\\\/uploads\\\/2023\\\/12\\\/6-Tradizioni-Natale-La-statua-di-San-Nicola-esposta-nel-centro-storico-di-Bari.jpg\",\"datePublished\":\"2023-12-20T08:05:28+00:00\",\"dateModified\":\"2025-03-26T09:44:24+00:00\",\"author\":{\"@id\":\"https:\\\/\\\/xqthenews.com\\\/es\\\/#\\\/schema\\\/person\\\/57a94f1c568a7a33f602c5e1db39682f\"},\"breadcrumb\":{\"@id\":\"https:\\\/\\\/xqthenews.com\\\/pt-pt\\\/las-tradiciones-navidenas-italianas-entre-lo-sagrado-y-lo-profano\\\/#breadcrumb\"},\"inLanguage\":\"pt-PT\",\"potentialAction\":[{\"@type\":\"ReadAction\",\"target\":[\"https:\\\/\\\/xqthenews.com\\\/pt-pt\\\/las-tradiciones-navidenas-italianas-entre-lo-sagrado-y-lo-profano\\\/\"]}]},{\"@type\":\"ImageObject\",\"inLanguage\":\"pt-PT\",\"@id\":\"https:\\\/\\\/xqthenews.com\\\/pt-pt\\\/las-tradiciones-navidenas-italianas-entre-lo-sagrado-y-lo-profano\\\/#primaryimage\",\"url\":\"https:\\\/\\\/xqthenews.com\\\/wp-content\\\/uploads\\\/2023\\\/12\\\/6-Tradizioni-Natale-La-statua-di-San-Nicola-esposta-nel-centro-storico-di-Bari.jpg\",\"contentUrl\":\"https:\\\/\\\/xqthenews.com\\\/wp-content\\\/uploads\\\/2023\\\/12\\\/6-Tradizioni-Natale-La-statua-di-San-Nicola-esposta-nel-centro-storico-di-Bari.jpg\",\"width\":1057,\"height\":512,\"caption\":\"A est\u00e1tua de S\u00e3o Nicolau em exposi\u00e7\u00e3o no centro hist\u00f3rico de Bari. Propriet\u00e1rio Il Tacco d'Italia\"},{\"@type\":\"BreadcrumbList\",\"@id\":\"https:\\\/\\\/xqthenews.com\\\/pt-pt\\\/las-tradiciones-navidenas-italianas-entre-lo-sagrado-y-lo-profano\\\/#breadcrumb\",\"itemListElement\":[{\"@type\":\"ListItem\",\"position\":1,\"name\":\"Portada\",\"item\":\"https:\\\/\\\/xqthenews.com\\\/pt-pt\\\/\"},{\"@type\":\"ListItem\",\"position\":2,\"name\":\"Tradi\u00e7\u00f5es natal\u00edcias italianas, entre o sagrado e o profano\"}]},{\"@type\":\"WebSite\",\"@id\":\"https:\\\/\\\/xqthenews.com\\\/es\\\/#website\",\"url\":\"https:\\\/\\\/xqthenews.com\\\/es\\\/\",\"name\":\"xqthenews\",\"description\":\"El porqu\u00e9 de las noticias\",\"potentialAction\":[{\"@type\":\"SearchAction\",\"target\":{\"@type\":\"EntryPoint\",\"urlTemplate\":\"https:\\\/\\\/xqthenews.com\\\/es\\\/?s={search_term_string}\"},\"query-input\":{\"@type\":\"PropertyValueSpecification\",\"valueRequired\":true,\"valueName\":\"search_term_string\"}}],\"inLanguage\":\"pt-PT\"},{\"@type\":\"Person\",\"@id\":\"https:\\\/\\\/xqthenews.com\\\/es\\\/#\\\/schema\\\/person\\\/57a94f1c568a7a33f602c5e1db39682f\",\"name\":\"Claudio Carbone\",\"image\":{\"@type\":\"ImageObject\",\"inLanguage\":\"pt-PT\",\"@id\":\"https:\\\/\\\/secure.gravatar.com\\\/avatar\\\/4a935a423f612a4df731c2d59a5007ae3affe6234d686c35be564b1a452b86e6?s=96&d=mm&r=gd2e69ff93d26d5cf442f7c48739fb361\",\"url\":\"https:\\\/\\\/secure.gravatar.com\\\/avatar\\\/4a935a423f612a4df731c2d59a5007ae3affe6234d686c35be564b1a452b86e6?s=96&d=mm&r=g\",\"contentUrl\":\"https:\\\/\\\/secure.gravatar.com\\\/avatar\\\/4a935a423f612a4df731c2d59a5007ae3affe6234d686c35be564b1a452b86e6?s=96&d=mm&r=g\",\"caption\":\"Claudio Carbone\"},\"url\":\"https:\\\/\\\/xqthenews.com\\\/pt-pt\\\/author\\\/claudiocarbone\\\/\"}]}<\/script>\n<!-- \/ Yoast SEO plugin. -->","yoast_head_json":{"title":"Tradi\u00e7\u00f5es natal\u00edcias italianas, entre o sagrado e o profano - xqthenews","robots":{"index":"index","follow":"follow","max-snippet":"max-snippet:-1","max-image-preview":"max-image-preview:large","max-video-preview":"max-video-preview:-1"},"canonical":"https:\/\/xqthenews.com\/pt-pt\/las-tradiciones-navidenas-italianas-entre-lo-sagrado-y-lo-profano\/","og_locale":"pt_PT","og_type":"article","og_title":"Tradi\u00e7\u00f5es natal\u00edcias italianas, entre o sagrado e o profano - xqthenews","og_description":"Apesar da fama mundial do Pai Natal, h&aacute; lugares onde outras tradi&ccedil;&otilde;es e lendas perduram. E o pr&oacute;prio Pai Natal n&atilde;o &eacute; outro sen&atilde;o S&atilde;o Nicolau, nascido na Turquia em 270 e bispo de Mithras","og_url":"https:\/\/xqthenews.com\/pt-pt\/las-tradiciones-navidenas-italianas-entre-lo-sagrado-y-lo-profano\/","og_site_name":"xqthenews","article_published_time":"2023-12-20T08:05:28+00:00","article_modified_time":"2025-03-26T09:44:24+00:00","og_image":[{"width":1057,"height":512,"url":"https:\/\/xqthenews.com\/wp-content\/uploads\/2023\/12\/6-Tradizioni-Natale-La-statua-di-San-Nicola-esposta-nel-centro-storico-di-Bari.jpg","type":"image\/jpeg"}],"author":"Claudio Carbone","twitter_card":"summary_large_image","twitter_misc":{"Escrito por":"Claudio Carbone","Tempo estimado de leitura":"7 minutos","Written by":"Claudio Carbone"},"schema":{"@context":"https:\/\/schema.org","@graph":[{"@type":"Article","@id":"https:\/\/xqthenews.com\/pt-pt\/las-tradiciones-navidenas-italianas-entre-lo-sagrado-y-lo-profano\/#article","isPartOf":{"@id":"https:\/\/xqthenews.com\/pt-pt\/las-tradiciones-navidenas-italianas-entre-lo-sagrado-y-lo-profano\/"},"author":{"name":"Claudio Carbone","@id":"https:\/\/xqthenews.com\/es\/#\/schema\/person\/57a94f1c568a7a33f602c5e1db39682f"},"headline":"Tradi\u00e7\u00f5es natal\u00edcias italianas, entre o sagrado e o profano","datePublished":"2023-12-20T08:05:28+00:00","dateModified":"2025-03-26T09:44:24+00:00","mainEntityOfPage":{"@id":"https:\/\/xqthenews.com\/pt-pt\/las-tradiciones-navidenas-italianas-entre-lo-sagrado-y-lo-profano\/"},"wordCount":1475,"commentCount":0,"image":{"@id":"https:\/\/xqthenews.com\/pt-pt\/las-tradiciones-navidenas-italianas-entre-lo-sagrado-y-lo-profano\/#primaryimage"},"thumbnailUrl":"https:\/\/xqthenews.com\/wp-content\/uploads\/2023\/12\/6-Tradizioni-Natale-La-statua-di-San-Nicola-esposta-nel-centro-storico-di-Bari.jpg","keywords":["Mem\u00f3ria"],"articleSection":["Sociedade e cultura","Vida"],"inLanguage":"pt-PT","potentialAction":[{"@type":"CommentAction","name":"Comment","target":["https:\/\/xqthenews.com\/pt-pt\/las-tradiciones-navidenas-italianas-entre-lo-sagrado-y-lo-profano\/#respond"]}]},{"@type":"WebPage","@id":"https:\/\/xqthenews.com\/pt-pt\/las-tradiciones-navidenas-italianas-entre-lo-sagrado-y-lo-profano\/","url":"https:\/\/xqthenews.com\/pt-pt\/las-tradiciones-navidenas-italianas-entre-lo-sagrado-y-lo-profano\/","name":"Tradi\u00e7\u00f5es natal\u00edcias italianas, entre o sagrado e o profano - xqthenews","isPartOf":{"@id":"https:\/\/xqthenews.com\/es\/#website"},"primaryImageOfPage":{"@id":"https:\/\/xqthenews.com\/pt-pt\/las-tradiciones-navidenas-italianas-entre-lo-sagrado-y-lo-profano\/#primaryimage"},"image":{"@id":"https:\/\/xqthenews.com\/pt-pt\/las-tradiciones-navidenas-italianas-entre-lo-sagrado-y-lo-profano\/#primaryimage"},"thumbnailUrl":"https:\/\/xqthenews.com\/wp-content\/uploads\/2023\/12\/6-Tradizioni-Natale-La-statua-di-San-Nicola-esposta-nel-centro-storico-di-Bari.jpg","datePublished":"2023-12-20T08:05:28+00:00","dateModified":"2025-03-26T09:44:24+00:00","author":{"@id":"https:\/\/xqthenews.com\/es\/#\/schema\/person\/57a94f1c568a7a33f602c5e1db39682f"},"breadcrumb":{"@id":"https:\/\/xqthenews.com\/pt-pt\/las-tradiciones-navidenas-italianas-entre-lo-sagrado-y-lo-profano\/#breadcrumb"},"inLanguage":"pt-PT","potentialAction":[{"@type":"ReadAction","target":["https:\/\/xqthenews.com\/pt-pt\/las-tradiciones-navidenas-italianas-entre-lo-sagrado-y-lo-profano\/"]}]},{"@type":"ImageObject","inLanguage":"pt-PT","@id":"https:\/\/xqthenews.com\/pt-pt\/las-tradiciones-navidenas-italianas-entre-lo-sagrado-y-lo-profano\/#primaryimage","url":"https:\/\/xqthenews.com\/wp-content\/uploads\/2023\/12\/6-Tradizioni-Natale-La-statua-di-San-Nicola-esposta-nel-centro-storico-di-Bari.jpg","contentUrl":"https:\/\/xqthenews.com\/wp-content\/uploads\/2023\/12\/6-Tradizioni-Natale-La-statua-di-San-Nicola-esposta-nel-centro-storico-di-Bari.jpg","width":1057,"height":512,"caption":"A est\u00e1tua de S\u00e3o Nicolau em exposi\u00e7\u00e3o no centro hist\u00f3rico de Bari. Propriet\u00e1rio Il Tacco d'Italia"},{"@type":"BreadcrumbList","@id":"https:\/\/xqthenews.com\/pt-pt\/las-tradiciones-navidenas-italianas-entre-lo-sagrado-y-lo-profano\/#breadcrumb","itemListElement":[{"@type":"ListItem","position":1,"name":"Portada","item":"https:\/\/xqthenews.com\/pt-pt\/"},{"@type":"ListItem","position":2,"name":"Tradi\u00e7\u00f5es natal\u00edcias italianas, entre o sagrado e o profano"}]},{"@type":"WebSite","@id":"https:\/\/xqthenews.com\/es\/#website","url":"https:\/\/xqthenews.com\/es\/","name":"xqthenews","description":"El porqu\u00e9 de las noticias","potentialAction":[{"@type":"SearchAction","target":{"@type":"EntryPoint","urlTemplate":"https:\/\/xqthenews.com\/es\/?s={search_term_string}"},"query-input":{"@type":"PropertyValueSpecification","valueRequired":true,"valueName":"search_term_string"}}],"inLanguage":"pt-PT"},{"@type":"Person","@id":"https:\/\/xqthenews.com\/es\/#\/schema\/person\/57a94f1c568a7a33f602c5e1db39682f","name":"Claudio Carbone","image":{"@type":"ImageObject","inLanguage":"pt-PT","@id":"https:\/\/secure.gravatar.com\/avatar\/4a935a423f612a4df731c2d59a5007ae3affe6234d686c35be564b1a452b86e6?s=96&d=mm&r=gd2e69ff93d26d5cf442f7c48739fb361","url":"https:\/\/secure.gravatar.com\/avatar\/4a935a423f612a4df731c2d59a5007ae3affe6234d686c35be564b1a452b86e6?s=96&d=mm&r=g","contentUrl":"https:\/\/secure.gravatar.com\/avatar\/4a935a423f612a4df731c2d59a5007ae3affe6234d686c35be564b1a452b86e6?s=96&d=mm&r=g","caption":"Claudio Carbone"},"url":"https:\/\/xqthenews.com\/pt-pt\/author\/claudiocarbone\/"}]}},"_links":{"self":[{"href":"https:\/\/xqthenews.com\/pt-pt\/wp-json\/wp\/v2\/posts\/15644","targetHints":{"allow":["GET"]}}],"collection":[{"href":"https:\/\/xqthenews.com\/pt-pt\/wp-json\/wp\/v2\/posts"}],"about":[{"href":"https:\/\/xqthenews.com\/pt-pt\/wp-json\/wp\/v2\/types\/post"}],"author":[{"embeddable":true,"href":"https:\/\/xqthenews.com\/pt-pt\/wp-json\/wp\/v2\/users\/37"}],"replies":[{"embeddable":true,"href":"https:\/\/xqthenews.com\/pt-pt\/wp-json\/wp\/v2\/comments?post=15644"}],"version-history":[{"count":1,"href":"https:\/\/xqthenews.com\/pt-pt\/wp-json\/wp\/v2\/posts\/15644\/revisions"}],"predecessor-version":[{"id":25694,"href":"https:\/\/xqthenews.com\/pt-pt\/wp-json\/wp\/v2\/posts\/15644\/revisions\/25694"}],"wp:featuredmedia":[{"embeddable":true,"href":"https:\/\/xqthenews.com\/pt-pt\/wp-json\/wp\/v2\/media\/15631"}],"wp:attachment":[{"href":"https:\/\/xqthenews.com\/pt-pt\/wp-json\/wp\/v2\/media?parent=15644"}],"wp:term":[{"taxonomy":"category","embeddable":true,"href":"https:\/\/xqthenews.com\/pt-pt\/wp-json\/wp\/v2\/categories?post=15644"},{"taxonomy":"post_tag","embeddable":true,"href":"https:\/\/xqthenews.com\/pt-pt\/wp-json\/wp\/v2\/tags?post=15644"},{"taxonomy":"author","embeddable":true,"href":"https:\/\/xqthenews.com\/pt-pt\/wp-json\/wp\/v2\/coauthors?post=15644"}],"curies":[{"name":"wp","href":"https:\/\/api.w.org\/{rel}","templated":true}]}}