{"id":14972,"date":"2023-12-13T08:05:23","date_gmt":"2023-12-13T07:05:23","guid":{"rendered":"https:\/\/sad-borg.82-223-8-23.plesk.page\/?p=14972"},"modified":"2024-09-10T23:10:17","modified_gmt":"2024-09-10T22:10:17","slug":"curdistao-a-shoah-invisivel","status":"publish","type":"post","link":"https:\/\/xqthenews.com\/pt-pt\/curdistao-a-shoah-invisivel\/","title":{"rendered":"Curdist\u00e3o, a Shoah invis\u00edvel"},"content":{"rendered":"<p>Todos sabemos onde fica a Mesopot&acirc;mia, ap&oacute;s a termos estudado na escola como o ber&ccedil;o da civiliza&ccedil;&atilde;o mediterr&acirc;nica, onde nasceu a escrita: o vasto territ&oacute;rio entre o Tigre e o Eufrates, o crescente f&eacute;rtil, habitado pelos sum&eacute;rios, os medos, os ass&iacute;rio-babil&oacute;nios.<\/p>\n\n\n\n<p>E todos n&oacute;s lemos a hist&oacute;ria de<a href=\"https:\/\/www.europarl.europa.eu\/news\/it\/press-room\/20231013IPR07134\/premio-sacharov-2023-a-jina-mahsa-amini-e-il-movimento-donna-vita-e-liberta\"> Mahsa Amini<\/a>, a jovem iraniana assassinada pela pol&iacute;cia religiosa em Teer&atilde;o, em 2022, porque uma madeixa de cabelo se tinha soltado do seu toucado.<\/p>\n\n\n\n<p>Mas o que &eacute; que eles t&ecirc;m em comum?<\/p>\n\n\n\n<p>Mahsa Amini era curda e a Mesopot&acirc;mia era a terra dos seus antepassados.<\/p>\n\n\n\n<p>Era.<\/p>\n\n\n\n<p>Porque hoje, mais de seis mil anos depois da idade de ouro dessa cultura antiga, os descendentes desses povos n&atilde;o conseguem encontrar o seu lugar no mapa do mundo e s&atilde;o obrigados, h&aacute; mais de um s&eacute;culo, a uma das mais numerosas, dolorosas e duradouras di&aacute;sporas dos &uacute;ltimos cem anos.<\/p>\n\n\n\n<p>O Curdist&atilde;o, a sua terra natal, estende-se por seis Estados do M&eacute;dio Oriente e da &Aacute;sia: Turquia, S&iacute;ria, Ir&atilde;o, Iraque e, em menor escala, Arm&eacute;nia, Azerbaij&atilde;o e Afeganist&atilde;o.<\/p>\n\n\n\n<p>N&atilde;o existem n&uacute;meros exatos sobre a popula&ccedil;&atilde;o curda atual: Estima-se que vivam no Curdist&atilde;o, 80 milh&otilde;es de pessoas, a que se juntam cerca de 35 milh&otilde;es de curdos no resto do mundo e cinco milh&otilde;es na Europa.<\/p>\n\n\n\n<p>S&atilde;o um &ldquo;povo sem Estado&rdquo; e h&aacute; mais de dois s&eacute;culos que perseguem o sonho de se reunirem na terra que pertenceu aos seus pais e m&atilde;es, onde a maioria deles ainda hoje vive. No entanto, a sua terra &eacute; atravessada pelas fronteiras de v&aacute;rias na&ccedil;&otilde;es &ldquo;modernas&rdquo;, mais modernas do que a sua hist&oacute;ria milenar, &agrave;s quais foi imposta a &ldquo;modernidade&rdquo;, e &eacute; por isso que os curdos entraram em conflito com os Estados em que se encontram e est&atilde;o presos a uma coloniza&ccedil;&atilde;o f&eacute;rrea, especialmente por parte da Turquia, que os persegue de v&aacute;rias formas e efetua uma verdadeira <a class=\"glossaryLink\" aria-describedby=\"tt\" data-cmtooltip=\"&lt;div class=glossaryItemTitle&gt;Limpeza &eacute;tnica&lt;\/div&gt;&lt;div class=glossaryItemBody&gt;&amp;lt;!-- wp:paragraph {&amp;quot;translatedWithWPMLTM&amp;quot;:&amp;quot;1&amp;quot;} --&amp;gt;&Eacute; a expuls&atilde;o ou elimina&ccedil;&atilde;o for&ccedil;ada de um grupo &eacute;tnico num territ&oacute;rio, atrav&eacute;s da viol&ecirc;ncia, da deporta&ccedil;&atilde;o ou do genoc&iacute;dio. Tem por objetivo a homogeneidade &eacute;tnica e viola os direitos humanos fundamentais. &amp;lt;br\/&amp;gt;&amp;lt;!-- \/wp:paragraph --&amp;gt;&lt;\/div&gt;\" href=\"https:\/\/xqthenews.com\/pt-pt\/glossary\/limpeza-etnica\/\" data-gt-translate-attributes='[{\"attribute\":\"data-cmtooltip\", \"format\":\"html\"}]' tabindex=\"0\" role=\"link\">limpeza &eacute;tnica<\/a>.<\/p>\n\n\n\n<p>Esta din&acirc;mica faz lembrar, em muitos aspetos, uma outra coloniza&ccedil;&atilde;o muito mais recente: A coloniza&ccedil;&atilde;o da Palestina por Israel.<\/p>\n\n\n\n<h2 class=\"wp-block-heading\"><strong>Persegui&ccedil;&atilde;o dos curdos pela Turquia<\/strong><\/h2>\n\n\n\n<p>Mahsa Amini n&atilde;o se chamava de facto Mahsa Amini: o seu verdadeiro nome era <strong>J&icirc;na Em&icirc;n&icirc;<\/strong>, em curdo (em persa &#1605;&#1607;&#1587;&#1575; &#1575;&#1605;&#1740;&#1606;&#1740; ).<\/p>\n\n\n\n<p>Privar as pessoas da sua identidade, mudando os seus nomes para nomes turcos, faz parte da estrat&eacute;gia de <a class=\"glossaryLink\" aria-describedby=\"tt\" data-cmtooltip=\"&lt;div class=glossaryItemTitle&gt;Limpeza &eacute;tnica&lt;\/div&gt;&lt;div class=glossaryItemBody&gt;&amp;lt;!-- wp:paragraph {&amp;quot;translatedWithWPMLTM&amp;quot;:&amp;quot;1&amp;quot;} --&amp;gt;&Eacute; a expuls&atilde;o ou elimina&ccedil;&atilde;o for&ccedil;ada de um grupo &eacute;tnico num territ&oacute;rio, atrav&eacute;s da viol&ecirc;ncia, da deporta&ccedil;&atilde;o ou do genoc&iacute;dio. Tem por objetivo a homogeneidade &eacute;tnica e viola os direitos humanos fundamentais. &amp;lt;br\/&amp;gt;&amp;lt;!-- \/wp:paragraph --&amp;gt;&lt;\/div&gt;\" href=\"https:\/\/xqthenews.com\/pt-pt\/glossary\/limpeza-etnica\/\" data-gt-translate-attributes='[{\"attribute\":\"data-cmtooltip\", \"format\":\"html\"}]' tabindex=\"0\" role=\"link\">limpeza &eacute;tnica<\/a> da Turquia, que inclui n&atilde;o s&oacute; a mudan&ccedil;a de nomes, mas tamb&eacute;m a proibi&ccedil;&atilde;o de as pessoas falarem na sua l&iacute;ngua materna, a sua persegui&ccedil;&atilde;o por motivos &eacute;tnicos e o bombardeamento das suas terras.<\/p>\n\n\n\n<p>A repress&atilde;o na Turquia intensificou-se em 2016, ap&oacute;s o<a href=\"https:\/\/www.bbc.com\/news\/world-europe-36816045\"> golpe falhado<\/a> que tentou derrubar o governo de Recep Tayyip Erdo&#287;an, que, depois de recuperar o controlo, intensificou a persegui&ccedil;&atilde;o aos curdos, prendendo milhares de pessoas, sobretudo entre as figuras culturais mais brilhantes &ndash; acad&eacute;micos, jornalistas, ativistas, feministas &ndash; e encerrando os seus jornais e perfis sociais.<\/p>\n\n\n\n<h2 class=\"wp-block-heading\"><strong>A guerra na S&iacute;ria<\/strong><\/h2>\n\n\n\n<p>A situa&ccedil;&atilde;o n&atilde;o &eacute; mais simples na S&iacute;ria, onde os curdos, que inicialmente lutaram contra o ex&eacute;rcito do ditador <strong>Bashar al-Assad<\/strong>, foram mais tarde destacados para combater o Isis, o Estado Isl&acirc;mico conhecido no Ocidente por ataques terroristas como o que ocorreu nos escrit&oacute;rios do<a href=\"https:\/\/multimedia.europarl.europa.eu\/it\/video\/attack-on-charlie-hebdo-meps-react_N005-150107-001\"> jornal<\/a> parisiense<a href=\"https:\/\/multimedia.europarl.europa.eu\/it\/video\/attack-on-charlie-hebdo-meps-react_N005-150107-001\"> Charlie Hebdo<\/a>.<\/p>\n\n\n\n<p>De facto, os curdos t&ecirc;m sido um dos opositores mais tenazes, organizados e capazes do ISIS, reconquistando pela for&ccedil;a das armas &aacute;reas estrat&eacute;gicas invadidas pelas mil&iacute;cias do Estado Isl&acirc;mico. Entre elas, Rojava, uma &aacute;rea no nordeste da S&iacute;ria, onde a cidade de Kobane, defendida por mulheres curdas durante um cerco de 134 dias, se tornou o s&iacute;mbolo do movimento de <a class=\"glossaryLink\" aria-describedby=\"tt\" data-cmtooltip=\"&lt;div class=glossaryItemTitle&gt;Independ&ecirc;ncia&lt;\/div&gt;&lt;div class=glossaryItemBody&gt;A condi&ccedil;&atilde;o de autonomia de um Estado ou de uma pessoa, que consiste em ser livre de decidir as suas pr&oacute;prias ac&ccedil;&otilde;es e a sua vida sem a interven&ccedil;&atilde;o de ningu&eacute;m.&amp;lt;br&amp;gt;Os Mambises lutaram corajosamente pela nossa independ&ecirc;ncia.  &amp;lt;br&amp;gt;Tamara sempre agiu de forma muito independente devido &agrave; educa&ccedil;&atilde;o que os seus pais lhe deram.  &lt;\/div&gt;&lt;div class=&amp;quot;cmtt_related_articles_wrapper&amp;quot;&gt;&lt;div class=&amp;quot;cmtt_related_title cmtt_related_articles_title&amp;quot;&gt;Related Articles: &lt;\/div&gt;&lt;ul class=&amp;quot;cmtt_related&amp;quot;&gt;&lt;li class=&amp;quot;cmtt_related_item&amp;quot;&gt;&lt;a href=&amp;quot;https:\/\/xqthenews.com\/pt-pt\/qual-e-o-posicionamento-das-empresas-e-da-sociedade-em-relacao-a-economia-circular\/&amp;quot;target=&amp;quot;_blank&amp;quot;&gt;Qual &eacute; o posicionamento das empresas e da sociedade em rela&ccedil;&atilde;o &agrave; economia circular?&lt;\/a&gt;&lt;\/li&gt;&lt;li class=&amp;quot;cmtt_related_item&amp;quot;&gt;&lt;a href=&amp;quot;https:\/\/xqthenews.com\/pt-pt\/trad-life-uma-escolha-feminista\/&amp;quot;target=&amp;quot;_blank&amp;quot;&gt;Trad-life: uma escolha feminista?.&lt;\/a&gt;&lt;\/li&gt;&lt;li class=&amp;quot;cmtt_related_item&amp;quot;&gt;&lt;a href=&amp;quot;https:\/\/xqthenews.com\/pt-pt\/repowereu-e-a-independencia-energetica-europeia\/&amp;quot;target=&amp;quot;_blank&amp;quot;&gt;RePowerEu e a independ&ecirc;ncia energ&eacute;tica europeia&lt;\/a&gt;&lt;\/li&gt;&lt;\/ul&gt;&lt;\/div&gt;\" href=\"https:\/\/xqthenews.com\/pt-pt\/glossary\/independencia\/\" data-gt-translate-attributes='[{\"attribute\":\"data-cmtooltip\", \"format\":\"html\"}]' tabindex=\"0\" role=\"link\">independ&ecirc;ncia<\/a> curdo.<\/p>\n\n\n\n<p>De facto, foram sobretudo as mulheres que organizaram a resist&ecirc;ncia contra o Isis e lan&ccedil;aram as bases de uma nova organiza&ccedil;&atilde;o chamada &ldquo;Confederalismo Democr&aacute;tico&rdquo;, baseada nos princ&iacute;pios de &ldquo;Mulheres, Vida, Liberdade&rdquo;. Parece-lhe familiar?<\/p>\n\n\n\n<p>&Eacute; isso mesmo: &eacute; o lema do movimento que nasceu no Ir&atilde;o e que se espalhou pelo mundo ap&oacute;s o assassinato de <strong>J&icirc;na Em&icirc;n&icirc;<\/strong>, tamb&eacute;m conhecido por Mahsa Amini.<\/p>\n\n\n\n<p>A origem deste movimento e desta palavra de ordem &ndash; em curdo, Jin, J&icirc;yan, Azad&icirc; &ndash; est&aacute; enraizada na l&iacute;ngua e na cultura curdas e n&atilde;o diz respeito apenas ao Ir&atilde;o e &agrave;s liberdades fundamentais de todos os povos, incluindo as mulheres, mas tamb&eacute;m (ou melhor, sobretudo) &agrave; liberta&ccedil;&atilde;o de toda a opress&atilde;o e coloniza&ccedil;&atilde;o. No entanto, os meios de comunica&ccedil;&atilde;o social ocidentais t&ecirc;m transmitido a ideia de que se trata de um movimento iraniano de liberta&ccedil;&atilde;o das mulheres e n&atilde;o de uma revolu&ccedil;&atilde;o cultural mais vasta que inclui a autodetermina&ccedil;&atilde;o do povo curdo, que &eacute; perseguido em todos os Estados onde est&aacute; enraizado e for&ccedil;ado &agrave; di&aacute;spora.<\/p>\n\n\n\n<h2 class=\"wp-block-heading\"><strong>O que &eacute; que os curdos t&ecirc;m a ver com a guerra na Ucr&acirc;nia?<\/strong><\/h2>\n\n\n\n<p>A experi&ecirc;ncia das lutas das mulheres curdas contra o Isis revigorou o movimento de autodetermina&ccedil;&atilde;o curdo que, seguindo as teorias de Abdullah Ocalan, fundador do Partido dos Trabalhadores do Curdist&atilde;o (<a class=\"glossaryLink\"  aria-describedby=\"tt\"  data-cmtooltip=\"&lt;div class=glossaryItemTitle&gt;PKK&lt;\/div&gt;&lt;div class=glossaryItemBody&gt;&amp;lt;!-- wp:paragraph {&amp;quot;translatedWithWPMLTM&amp;quot;:&amp;quot;1&amp;quot;} --&amp;gt;Partido dos Trabalhadores do Curdist&atilde;o, organiza&ccedil;&atilde;o pol&iacute;tica e paramilitar fundada por Abdullah Ocalan, difundida principalmente entre a popula&ccedil;&atilde;o camponesa curda do planalto do Curdist&atilde;o.&amp;lt;br\/&amp;gt;&amp;lt;!-- \/wp:paragraph --&amp;gt;&lt;\/div&gt;&lt;div class=&amp;quot;cmtt_related_articles_wrapper&amp;quot;&gt;&lt;div class=&amp;quot;cmtt_related_title cmtt_related_articles_title&amp;quot;&gt;Related Articles: &lt;\/div&gt;&lt;ul class=&amp;quot;cmtt_related&amp;quot;&gt;&lt;li class=&amp;quot;cmtt_related_item&amp;quot;&gt;&lt;a href=&amp;quot;https:\/\/xqthenews.com\/pt-pt\/verdade-e-justica-para-os-jornalistas-curdos-assassinados\/&amp;quot;target=&amp;quot;_blank&amp;quot;&gt;Verdade e justi&ccedil;a para os jornalistas curdos assassinados&lt;\/a&gt;&lt;\/li&gt;&lt;\/ul&gt;&lt;\/div&gt;\"  href=\"https:\/\/xqthenews.com\/pt-pt\/glossary\/pkk\/\"  data-gt-translate-attributes='[{\"attribute\":\"data-cmtooltip\", \"format\":\"html\"}]' tabindex='0' role='link'>PKK<\/a>), considerado uma<a href=\"https:\/\/www.mfa.gov.tr\/pkk.en.mfa\"> organiza&ccedil;&atilde;o terrorista<\/a> pela Turquia &ndash; que condenou o seu fundador a <a class=\"glossaryLink\" aria-describedby=\"tt\" data-cmtooltip=\"&lt;div class=glossaryItemTitle&gt;Pris&atilde;o perp&eacute;tua&lt;\/div&gt;&lt;div class=glossaryItemBody&gt;&amp;lt;!-- wp:paragraph {&amp;quot;translatedWithWPMLTM&amp;quot;:&amp;quot;1&amp;quot;} --&amp;gt;No C&oacute;digo Penal italiano, a pris&atilde;o perp&eacute;tua &eacute; a pena m&aacute;xima de pris&atilde;o que pode ser aplicada a uma pessoa que tenha cometido um crime grave. Com esta pena, o arguido permanece na pris&atilde;o durante toda a vida. Esta pena &eacute; aplicada em casos de homic&iacute;dio, incluindo os homic&iacute;dios cometidos pela m&aacute;fia.&amp;lt;br\/&amp;gt;&amp;lt;!-- \/wp:paragraph --&amp;gt;&lt;\/div&gt;&lt;div class=&amp;quot;cmtt_related_articles_wrapper&amp;quot;&gt;&lt;div class=&amp;quot;cmtt_related_title cmtt_related_articles_title&amp;quot;&gt;Related Articles: &lt;\/div&gt;&lt;ul class=&amp;quot;cmtt_related&amp;quot;&gt;&lt;li class=&amp;quot;cmtt_related_item&amp;quot;&gt;&lt;a href=&amp;quot;https:\/\/xqthenews.com\/pt-pt\/emigrar-para-fora-da-clandestinidade\/&amp;quot;target=&amp;quot;_blank&amp;quot;&gt;Emigrar para fora da clandestinidade&lt;\/a&gt;&lt;\/li&gt;&lt;\/ul&gt;&lt;\/div&gt;\" href=\"https:\/\/xqthenews.com\/pt-pt\/glossary\/prisao-perpetua\/\" data-gt-translate-attributes='[{\"attribute\":\"data-cmtooltip\", \"format\":\"html\"}]' tabindex=\"0\" role=\"link\">pris&atilde;o perp&eacute;tua<\/a> &ndash; lan&ccedil;ou o &ldquo;Contrato Social de Rojava&rdquo; em 2014: Trata-se de um verdadeiro pacto entre as regi&otilde;es ou &ldquo;cant&otilde;es&rdquo; do nordeste da S&iacute;ria, que se declararam aut&oacute;nomas e organizaram-se numa confedera&ccedil;&atilde;o.<\/p>\n\n\n\n<p>Este vento de liberdade n&atilde;o agradou &agrave; Turquia, que recome&ccedil;ou a bombardear as regi&otilde;es curdas da S&iacute;ria desde 2019 at&eacute; hoje.<\/p>\n\n\n\n<p>E &eacute; a&iacute; que nos encontramos atualmente: a quest&atilde;o curda &eacute; precisamente o ponto de <a class=\"glossaryLink\" aria-describedby=\"tt\" data-cmtooltip=\"&lt;div class=glossaryItemTitle&gt;Equil&iacute;brio&lt;\/div&gt;&lt;div class=glossaryItemBody&gt;&amp;lt;!-- wp:paragraph {&amp;quot;translatedWithWPMLTM&amp;quot;:&amp;quot;1&amp;quot;} --&amp;gt;O esfor&ccedil;o para encontrar um meio-termo entre viver de acordo com os pr&oacute;prios ideais e adaptar-se &agrave;s press&otilde;es econ&oacute;micas e sociais, apresentado como um desafio central no texto.&amp;lt;br\/&amp;gt;&amp;lt;!-- \/wp:paragraph --&amp;gt;&lt;\/div&gt;&lt;div class=&amp;quot;cmtt_related_articles_wrapper&amp;quot;&gt;&lt;div class=&amp;quot;cmtt_related_title cmtt_related_articles_title&amp;quot;&gt;Related Articles: &lt;\/div&gt;&lt;ul class=&amp;quot;cmtt_related&amp;quot;&gt;&lt;li class=&amp;quot;cmtt_related_item&amp;quot;&gt;&lt;a href=&amp;quot;https:\/\/xqthenews.com\/pt-pt\/ainda-vamos-a-tempo-de-salvar-o-planeta\/&amp;quot;target=&amp;quot;_blank&amp;quot;&gt;Ainda vamos a tempo de salvar o Planeta?&lt;\/a&gt;&lt;\/li&gt;&lt;li class=&amp;quot;cmtt_related_item&amp;quot;&gt;&lt;a href=&amp;quot;https:\/\/xqthenews.com\/pt-pt\/equidade-de-genero-e-o-impulso-para-a-acao-climatica\/&amp;quot;target=&amp;quot;_blank&amp;quot;&gt;Equidade de G&eacute;nero e o Impulso para a A&ccedil;&atilde;o Clim&aacute;tica&lt;\/a&gt;&lt;\/li&gt;&lt;\/ul&gt;&lt;\/div&gt;\" href=\"https:\/\/xqthenews.com\/pt-pt\/glossary\/equilibrio\/\" data-gt-translate-attributes='[{\"attribute\":\"data-cmtooltip\", \"format\":\"html\"}]' tabindex=\"0\" role=\"link\">equil&iacute;brio<\/a> entre os Estados Unidos e a R&uacute;ssia. De facto, &agrave; mesa das negocia&ccedil;&otilde;es sobre o alargamento da <a class=\"glossaryLink\"  aria-describedby=\"tt\"  data-cmtooltip=\"&lt;div class=glossaryItemTitle&gt;NATO&lt;\/div&gt;&lt;div class=glossaryItemBody&gt;&amp;lt;!-- wp:paragraph {&amp;quot;translatedWithWPMLTM&amp;quot;:&amp;quot;1&amp;quot;} --&amp;gt;Uma alian&ccedil;a pol&iacute;tico-militar denominada Organiza&ccedil;&atilde;o do Tratado do Atl&acirc;ntico Norte, fundada ap&oacute;s a Segunda Guerra Mundial em 1949 como uma organiza&ccedil;&atilde;o anti-sovi&eacute;tica. Tem 31 Estados-membros. Qualquer Estado europeu capaz de respeitar os princ&iacute;pios deste tratado e de contribuir para a seguran&ccedil;a da zona do Atl&acirc;ntico Norte pode tornar-se membro da NATO. As decis&otilde;es devem ser tomadas por unanimidade, mas cada membro tem direito de veto.&amp;lt;br\/&amp;gt;&amp;lt;!-- \/wp:paragraph --&amp;gt;&lt;\/div&gt;\"  href=\"https:\/\/xqthenews.com\/pt-pt\/glossary\/nato\/\"  data-gt-translate-attributes='[{\"attribute\":\"data-cmtooltip\", \"format\":\"html\"}]' tabindex='0' role='link'>NATO<\/a> &agrave; Su&eacute;cia e &agrave; Finl&acirc;ndia, o primeiro-ministro turco Erdogan manifestou a sua oposi&ccedil;&atilde;o &agrave; ideia, colocando como condi&ccedil;&atilde;o a cessa&ccedil;&atilde;o do fornecimento de armas aos combatentes curdos na S&iacute;ria e a extradi&ccedil;&atilde;o de alguns ativistas curdos do <a class=\"glossaryLink\"  aria-describedby=\"tt\"  data-cmtooltip=\"&lt;div class=glossaryItemTitle&gt;PKK&lt;\/div&gt;&lt;div class=glossaryItemBody&gt;&amp;lt;!-- wp:paragraph {&amp;quot;translatedWithWPMLTM&amp;quot;:&amp;quot;1&amp;quot;} --&amp;gt;Partido dos Trabalhadores do Curdist&atilde;o, organiza&ccedil;&atilde;o pol&iacute;tica e paramilitar fundada por Abdullah Ocalan, difundida principalmente entre a popula&ccedil;&atilde;o camponesa curda do planalto do Curdist&atilde;o.&amp;lt;br\/&amp;gt;&amp;lt;!-- \/wp:paragraph --&amp;gt;&lt;\/div&gt;&lt;div class=&amp;quot;cmtt_related_articles_wrapper&amp;quot;&gt;&lt;div class=&amp;quot;cmtt_related_title cmtt_related_articles_title&amp;quot;&gt;Related Articles: &lt;\/div&gt;&lt;ul class=&amp;quot;cmtt_related&amp;quot;&gt;&lt;li class=&amp;quot;cmtt_related_item&amp;quot;&gt;&lt;a href=&amp;quot;https:\/\/xqthenews.com\/pt-pt\/verdade-e-justica-para-os-jornalistas-curdos-assassinados\/&amp;quot;target=&amp;quot;_blank&amp;quot;&gt;Verdade e justi&ccedil;a para os jornalistas curdos assassinados&lt;\/a&gt;&lt;\/li&gt;&lt;\/ul&gt;&lt;\/div&gt;\"  href=\"https:\/\/xqthenews.com\/pt-pt\/glossary\/pkk\/\"  data-gt-translate-attributes='[{\"attribute\":\"data-cmtooltip\", \"format\":\"html\"}]' tabindex='0' role='link'>PKK<\/a> que tinham fugido &agrave; persegui&ccedil;&atilde;o turca e tinham sido aceites pelos pa&iacute;ses escandinavos como <a class=\"glossaryLink\" aria-describedby=\"tt\" data-cmtooltip=\"&lt;div class=glossaryItemTitle&gt;Refugiados&lt;\/div&gt;&lt;div class=glossaryItemBody&gt;&amp;lt;!-- wp:paragraph {&amp;quot;translatedWithWPMLTM&amp;quot;:&amp;quot;1&amp;quot;} --&amp;gt;Os refugiados s&atilde;o pessoas que fogem de conflitos ou persegui&ccedil;&otilde;es e procuram prote&ccedil;&atilde;o noutro pa&iacute;s por receio de persegui&ccedil;&atilde;o, guerra ou viol&ecirc;ncia.&amp;lt;br\/&amp;gt;&amp;lt;!-- \/wp:paragraph --&amp;gt;&lt;\/div&gt;&lt;div class=&amp;quot;cmtt_related_articles_wrapper&amp;quot;&gt;&lt;div class=&amp;quot;cmtt_related_title cmtt_related_articles_title&amp;quot;&gt;Related Articles: &lt;\/div&gt;&lt;ul class=&amp;quot;cmtt_related&amp;quot;&gt;&lt;li class=&amp;quot;cmtt_related_item&amp;quot;&gt;&lt;a href=&amp;quot;https:\/\/xqthenews.com\/pt-pt\/emigrar-para-fora-da-clandestinidade\/&amp;quot;target=&amp;quot;_blank&amp;quot;&gt;Emigrar para fora da clandestinidade&lt;\/a&gt;&lt;\/li&gt;&lt;li class=&amp;quot;cmtt_related_item&amp;quot;&gt;&lt;a href=&amp;quot;https:\/\/xqthenews.com\/pt-pt\/dizem-nos-voltem-para-o-vosso-pais-mas-nos-queremos-trabalhar-a-historia-de-tres-rapazes-que-vivem-numa-carrinha\/&amp;quot;target=&amp;quot;_blank&amp;quot;&gt;&amp;#8220;Dizem-nos &amp;#8216;voltem para o vosso pa&iacute;s&amp;#8217;, mas n&oacute;s queremos trabalhar&amp;#8221;: a hist&oacute;ria de tr&ecirc;s rapazes que vivem numa carrinha.&lt;\/a&gt;&lt;\/li&gt;&lt;\/ul&gt;&lt;\/div&gt;\" href=\"https:\/\/xqthenews.com\/pt-pt\/glossary\/refugiados\/\" data-gt-translate-attributes='[{\"attribute\":\"data-cmtooltip\", \"format\":\"html\"}]' tabindex=\"0\" role=\"link\">refugiados<\/a> pol&iacute;ticos. As exig&ecirc;ncias de Erdogan foram aceites e, assim, a Turquia retirou o seu <a class=\"glossaryLink\"  aria-describedby=\"tt\"  data-cmtooltip=\"&lt;div class=glossaryItemTitle&gt;Veto&lt;\/div&gt;&lt;div class=glossaryItemBody&gt;&amp;lt;!-- wp:paragraph {&amp;quot;translatedWithWPMLTM&amp;quot;:&amp;quot;1&amp;quot;} --&amp;gt;poder concedido a um membro de um &oacute;rg&atilde;o deliberativo para bloquear uma decis&atilde;o.&amp;lt;br\/&amp;gt;&amp;lt;!-- \/wp:paragraph --&amp;gt;&lt;\/div&gt;\"  href=\"https:\/\/xqthenews.com\/pt-pt\/glossary\/veto\/\"  data-gt-translate-attributes='[{\"attribute\":\"data-cmtooltip\", \"format\":\"html\"}]' tabindex='0' role='link'>veto<\/a>, tornando-se a agulha na balan&ccedil;a da <a class=\"glossaryLink\" aria-describedby=\"tt\" data-cmtooltip=\"&lt;div class=glossaryItemTitle&gt;Guerra Fria&lt;\/div&gt;&lt;div class=glossaryItemBody&gt;&amp;lt;!-- wp:paragraph {&amp;quot;translatedWithWPMLTM&amp;quot;:&amp;quot;1&amp;quot;} --&amp;gt;De 1947 a 1991, houve um conflito ideol&oacute;gico, pol&iacute;tico e econ&oacute;mico entre os EUA e a Uni&atilde;o Sovi&eacute;tica, sem confrontos diretos mas com guerras por procura&ccedil;&atilde;o. O mundo estava dividido em dois blocos: o capitalista (liderado pelos EUA e pela NATO) e o comunista (liderado pela URSS e pelo Pacto de Vars&oacute;via). Caracterizou-se por uma corrida ao armamento, pela amea&ccedil;a nuclear e pela competi&ccedil;&atilde;o espacial. Os principais acontecimentos foram a crise de Cuba (1962), o Muro de Berlim (1961-1989) e a invas&atilde;o sovi&eacute;tica do Afeganist&atilde;o. Terminou com o colapso da URSS em 1991.    &amp;lt;br\/&amp;gt;&amp;lt;!-- \/wp:paragraph --&amp;gt;&lt;\/div&gt;\" href=\"https:\/\/xqthenews.com\/pt-pt\/glossary\/guerra-fria\/\" data-gt-translate-attributes='[{\"attribute\":\"data-cmtooltip\", \"format\":\"html\"}]' tabindex=\"0\" role=\"link\">guerra fria<\/a> entre os EUA e a R&uacute;ssia, uma vez que a Su&eacute;cia e a Finl&acirc;ndia poder&atilde;o agora aderir &agrave; <a class=\"glossaryLink\"  aria-describedby=\"tt\"  data-cmtooltip=\"&lt;div class=glossaryItemTitle&gt;NATO&lt;\/div&gt;&lt;div class=glossaryItemBody&gt;&amp;lt;!-- wp:paragraph {&amp;quot;translatedWithWPMLTM&amp;quot;:&amp;quot;1&amp;quot;} --&amp;gt;Uma alian&ccedil;a pol&iacute;tico-militar denominada Organiza&ccedil;&atilde;o do Tratado do Atl&acirc;ntico Norte, fundada ap&oacute;s a Segunda Guerra Mundial em 1949 como uma organiza&ccedil;&atilde;o anti-sovi&eacute;tica. Tem 31 Estados-membros. Qualquer Estado europeu capaz de respeitar os princ&iacute;pios deste tratado e de contribuir para a seguran&ccedil;a da zona do Atl&acirc;ntico Norte pode tornar-se membro da NATO. As decis&otilde;es devem ser tomadas por unanimidade, mas cada membro tem direito de veto.&amp;lt;br\/&amp;gt;&amp;lt;!-- \/wp:paragraph --&amp;gt;&lt;\/div&gt;\"  href=\"https:\/\/xqthenews.com\/pt-pt\/glossary\/nato\/\"  data-gt-translate-attributes='[{\"attribute\":\"data-cmtooltip\", \"format\":\"html\"}]' tabindex='0' role='link'>NATO<\/a>, que estender&aacute; as suas fronteiras &agrave; R&uacute;ssia no norte da Europa, enquanto no sul estar&aacute; a Turquia, que atuar&aacute; como mediadora da paz entre a R&uacute;ssia e a Ucr&acirc;nia, por um lado, e da paz entre Israel e o <a class=\"glossaryLink\"  aria-describedby=\"tt\"  data-cmtooltip=\"&lt;div class=glossaryItemTitle&gt;Hamas&lt;\/div&gt;&lt;div class=glossaryItemBody&gt;&amp;lt;!-- wp:paragraph {&amp;quot;translatedWithWPMLTM&amp;quot;:&amp;quot;1&amp;quot;} --&amp;gt;Organiza&ccedil;&atilde;o palestiniana considerada por v&aacute;rios pa&iacute;ses como um grupo terrorista, que opera na Faixa de Gaza e na Cisjord&acirc;nia, centrada pol&iacute;tica e militarmente na luta pela autodetermina&ccedil;&atilde;o dos palestinianos.&amp;lt;br\/&amp;gt;&amp;lt;!-- \/wp:paragraph --&amp;gt;&lt;\/div&gt;\"  href=\"https:\/\/xqthenews.com\/pt-pt\/glossary\/hamas\/\"  data-gt-translate-attributes='[{\"attribute\":\"data-cmtooltip\", \"format\":\"html\"}]' tabindex='0' role='link'>Hamas<\/a> (os terroristas na Palestina), por outro, refor&ccedil;ando assim o seu poder e esmagando os curdos. Estes s&atilde;o cada vez mais oprimidos perante o sil&ecirc;ncio do Ocidente.<\/p>\n","protected":false},"excerpt":{"rendered":"<p>Todos sabemos onde fica a Mesopot&acirc;mia, ap&oacute;s a termos estudado na escola como o ber&ccedil;o da civiliza&ccedil;&atilde;o mediterr&acirc;nica, onde nasceu a escrita: o vasto territ&oacute;rio entre o Tigre e o Eufrates, o crescente f&eacute;rtil, habitado pelos sum&eacute;rios, os medos, os ass&iacute;rio-babil&oacute;nios. E todos n&oacute;s lemos a hist&oacute;ria de Mahsa Amini, a jovem iraniana assassinada pela<\/p>\n","protected":false},"author":31,"featured_media":14964,"comment_status":"open","ping_status":"open","sticky":false,"template":"","format":"standard","meta":{"_acf_changed":false,"footnotes":""},"categories":[459],"tags":[],"coauthors":[153],"class_list":{"0":"post-14972","1":"post","2":"type-post","3":"status-publish","4":"format-standard","5":"has-post-thumbnail","7":"category-migracao"},"acf":[],"yoast_head":"<!-- This site is optimized with the Yoast SEO plugin v27.1.1 - https:\/\/yoast.com\/product\/yoast-seo-wordpress\/ -->\n<title>Curdist\u00e3o, a Shoah invis\u00edvel - xqthenews<\/title>\n<meta name=\"robots\" content=\"index, follow, max-snippet:-1, max-image-preview:large, max-video-preview:-1\" \/>\n<link rel=\"canonical\" href=\"https:\/\/xqthenews.com\/pt-pt\/curdistao-a-shoah-invisivel\/\" \/>\n<meta property=\"og:locale\" content=\"pt_PT\" \/>\n<meta property=\"og:type\" content=\"article\" \/>\n<meta property=\"og:title\" content=\"Curdist\u00e3o, a Shoah invis\u00edvel - xqthenews\" \/>\n<meta property=\"og:description\" content=\"Todos sabemos onde fica a Mesopot&acirc;mia, ap&oacute;s a termos estudado na escola como o ber&ccedil;o da civiliza&ccedil;&atilde;o mediterr&acirc;nica, onde nasceu a escrita: o vasto territ&oacute;rio entre o Tigre e o Eufrates, o crescente f&eacute;rtil, habitado pelos sum&eacute;rios, os medos, os ass&iacute;rio-babil&oacute;nios. E todos n&oacute;s lemos a hist&oacute;ria de Mahsa Amini, a jovem iraniana assassinada pela\" \/>\n<meta property=\"og:url\" content=\"https:\/\/xqthenews.com\/pt-pt\/curdistao-a-shoah-invisivel\/\" \/>\n<meta property=\"og:site_name\" content=\"xqthenews\" \/>\n<meta property=\"article:published_time\" content=\"2023-12-13T07:05:23+00:00\" \/>\n<meta property=\"article:modified_time\" content=\"2024-09-10T22:10:17+00:00\" \/>\n<meta property=\"og:image\" content=\"https:\/\/xqthenews.com\/wp-content\/uploads\/2023\/12\/IDEA_Kurdistan-MAP-.jpg\" \/>\n\t<meta property=\"og:image:width\" content=\"2000\" \/>\n\t<meta property=\"og:image:height\" content=\"1336\" \/>\n\t<meta property=\"og:image:type\" content=\"image\/jpeg\" \/>\n<meta name=\"author\" content=\"Maril\u00f9 Mastrogiovanni\" \/>\n<meta name=\"twitter:card\" content=\"summary_large_image\" \/>\n<meta name=\"twitter:label1\" content=\"Escrito por\" \/>\n\t<meta name=\"twitter:data1\" content=\"Maril\u00f9 Mastrogiovanni\" \/>\n\t<meta name=\"twitter:label2\" content=\"Tempo estimado de leitura\" \/>\n\t<meta name=\"twitter:data2\" content=\"6 minutos\" \/>\n\t<meta name=\"twitter:label3\" content=\"Written by\" \/>\n\t<meta name=\"twitter:data3\" content=\"Maril\u00f9 Mastrogiovanni\" \/>\n<script type=\"application\/ld+json\" class=\"yoast-schema-graph\">{\"@context\":\"https:\/\/schema.org\",\"@graph\":[{\"@type\":\"Article\",\"@id\":\"https:\/\/xqthenews.com\/pt-pt\/curdistao-a-shoah-invisivel\/#article\",\"isPartOf\":{\"@id\":\"https:\/\/xqthenews.com\/pt-pt\/curdistao-a-shoah-invisivel\/\"},\"author\":{\"name\":\"Maril\u00f9 Mastrogiovanni\",\"@id\":\"https:\/\/xqthenews.com\/es\/#\/schema\/person\/1a9dd706712efd7d5dcbe690a039c3b0\"},\"headline\":\"Curdist\u00e3o, a Shoah invis\u00edvel\",\"datePublished\":\"2023-12-13T07:05:23+00:00\",\"dateModified\":\"2024-09-10T22:10:17+00:00\",\"mainEntityOfPage\":{\"@id\":\"https:\/\/xqthenews.com\/pt-pt\/curdistao-a-shoah-invisivel\/\"},\"wordCount\":1185,\"commentCount\":0,\"image\":{\"@id\":\"https:\/\/xqthenews.com\/pt-pt\/curdistao-a-shoah-invisivel\/#primaryimage\"},\"thumbnailUrl\":\"https:\/\/xqthenews.com\/wp-content\/uploads\/2023\/12\/IDEA_Kurdistan-MAP-.jpg\",\"articleSection\":[\"Migra\u00e7\u00e3o\"],\"inLanguage\":\"pt-PT\",\"potentialAction\":[{\"@type\":\"CommentAction\",\"name\":\"Comment\",\"target\":[\"https:\/\/xqthenews.com\/pt-pt\/curdistao-a-shoah-invisivel\/#respond\"]}]},{\"@type\":\"WebPage\",\"@id\":\"https:\/\/xqthenews.com\/pt-pt\/curdistao-a-shoah-invisivel\/\",\"url\":\"https:\/\/xqthenews.com\/pt-pt\/curdistao-a-shoah-invisivel\/\",\"name\":\"Curdist\u00e3o, a Shoah invis\u00edvel - xqthenews\",\"isPartOf\":{\"@id\":\"https:\/\/xqthenews.com\/es\/#website\"},\"primaryImageOfPage\":{\"@id\":\"https:\/\/xqthenews.com\/pt-pt\/curdistao-a-shoah-invisivel\/#primaryimage\"},\"image\":{\"@id\":\"https:\/\/xqthenews.com\/pt-pt\/curdistao-a-shoah-invisivel\/#primaryimage\"},\"thumbnailUrl\":\"https:\/\/xqthenews.com\/wp-content\/uploads\/2023\/12\/IDEA_Kurdistan-MAP-.jpg\",\"datePublished\":\"2023-12-13T07:05:23+00:00\",\"dateModified\":\"2024-09-10T22:10:17+00:00\",\"author\":{\"@id\":\"https:\/\/xqthenews.com\/es\/#\/schema\/person\/1a9dd706712efd7d5dcbe690a039c3b0\"},\"breadcrumb\":{\"@id\":\"https:\/\/xqthenews.com\/pt-pt\/curdistao-a-shoah-invisivel\/#breadcrumb\"},\"inLanguage\":\"pt-PT\",\"potentialAction\":[{\"@type\":\"ReadAction\",\"target\":[\"https:\/\/xqthenews.com\/pt-pt\/curdistao-a-shoah-invisivel\/\"]}]},{\"@type\":\"ImageObject\",\"inLanguage\":\"pt-PT\",\"@id\":\"https:\/\/xqthenews.com\/pt-pt\/curdistao-a-shoah-invisivel\/#primaryimage\",\"url\":\"https:\/\/xqthenews.com\/wp-content\/uploads\/2023\/12\/IDEA_Kurdistan-MAP-.jpg\",\"contentUrl\":\"https:\/\/xqthenews.com\/wp-content\/uploads\/2023\/12\/IDEA_Kurdistan-MAP-.jpg\",\"width\":2000,\"height\":1336},{\"@type\":\"BreadcrumbList\",\"@id\":\"https:\/\/xqthenews.com\/pt-pt\/curdistao-a-shoah-invisivel\/#breadcrumb\",\"itemListElement\":[{\"@type\":\"ListItem\",\"position\":1,\"name\":\"Portada\",\"item\":\"https:\/\/xqthenews.com\/pt-pt\/\"},{\"@type\":\"ListItem\",\"position\":2,\"name\":\"Curdist\u00e3o, a Shoah invis\u00edvel\"}]},{\"@type\":\"WebSite\",\"@id\":\"https:\/\/xqthenews.com\/es\/#website\",\"url\":\"https:\/\/xqthenews.com\/es\/\",\"name\":\"xqthenews\",\"description\":\"El porqu\u00e9 de las noticias\",\"potentialAction\":[{\"@type\":\"SearchAction\",\"target\":{\"@type\":\"EntryPoint\",\"urlTemplate\":\"https:\/\/xqthenews.com\/es\/?s={search_term_string}\"},\"query-input\":{\"@type\":\"PropertyValueSpecification\",\"valueRequired\":true,\"valueName\":\"search_term_string\"}}],\"inLanguage\":\"pt-PT\"},{\"@type\":\"Person\",\"@id\":\"https:\/\/xqthenews.com\/es\/#\/schema\/person\/1a9dd706712efd7d5dcbe690a039c3b0\",\"name\":\"Maril\u00f9 Mastrogiovanni\",\"image\":{\"@type\":\"ImageObject\",\"inLanguage\":\"pt-PT\",\"@id\":\"https:\/\/xqthenews.com\/es\/#\/schema\/person\/image\/91a9bf5dbf45877521ca7c39e367c2c4\",\"url\":\"https:\/\/xqthenews.com\/wp-content\/uploads\/2024\/09\/marilu-mastrogiovanni_avatar_1-96x96.jpeg\",\"contentUrl\":\"https:\/\/xqthenews.com\/wp-content\/uploads\/2024\/09\/marilu-mastrogiovanni_avatar_1-96x96.jpeg\",\"caption\":\"Maril\u00f9 Mastrogiovanni\"},\"description\":\"Periodista de investigaci\u00f3n, semi\u00f3loga, experta en lenguaje de g\u00e9nero. Profesor adjunto en la Universidad de Bari. Ex Presidenta del Jurado del Premio UNESCO de Libertad de Prensa. Creadora del Foro de Mujeres Periodistas del Mediterr\u00e1neo. Redactora jefe de varios peri\u00f3dicos.\",\"url\":\"https:\/\/xqthenews.com\/pt-pt\/author\/mmastrogiovanni\/\"}]}<\/script>\n<!-- \/ Yoast SEO plugin. -->","yoast_head_json":{"title":"Curdist\u00e3o, a Shoah invis\u00edvel - xqthenews","robots":{"index":"index","follow":"follow","max-snippet":"max-snippet:-1","max-image-preview":"max-image-preview:large","max-video-preview":"max-video-preview:-1"},"canonical":"https:\/\/xqthenews.com\/pt-pt\/curdistao-a-shoah-invisivel\/","og_locale":"pt_PT","og_type":"article","og_title":"Curdist\u00e3o, a Shoah invis\u00edvel - xqthenews","og_description":"Todos sabemos onde fica a Mesopot&acirc;mia, ap&oacute;s a termos estudado na escola como o ber&ccedil;o da civiliza&ccedil;&atilde;o mediterr&acirc;nica, onde nasceu a escrita: o vasto territ&oacute;rio entre o Tigre e o Eufrates, o crescente f&eacute;rtil, habitado pelos sum&eacute;rios, os medos, os ass&iacute;rio-babil&oacute;nios. E todos n&oacute;s lemos a hist&oacute;ria de Mahsa Amini, a jovem iraniana assassinada pela","og_url":"https:\/\/xqthenews.com\/pt-pt\/curdistao-a-shoah-invisivel\/","og_site_name":"xqthenews","article_published_time":"2023-12-13T07:05:23+00:00","article_modified_time":"2024-09-10T22:10:17+00:00","og_image":[{"width":2000,"height":1336,"url":"https:\/\/xqthenews.com\/wp-content\/uploads\/2023\/12\/IDEA_Kurdistan-MAP-.jpg","type":"image\/jpeg"}],"author":"Maril\u00f9 Mastrogiovanni","twitter_card":"summary_large_image","twitter_misc":{"Escrito por":"Maril\u00f9 Mastrogiovanni","Tempo estimado de leitura":"6 minutos","Written by":"Maril\u00f9 Mastrogiovanni"},"schema":{"@context":"https:\/\/schema.org","@graph":[{"@type":"Article","@id":"https:\/\/xqthenews.com\/pt-pt\/curdistao-a-shoah-invisivel\/#article","isPartOf":{"@id":"https:\/\/xqthenews.com\/pt-pt\/curdistao-a-shoah-invisivel\/"},"author":{"name":"Maril\u00f9 Mastrogiovanni","@id":"https:\/\/xqthenews.com\/es\/#\/schema\/person\/1a9dd706712efd7d5dcbe690a039c3b0"},"headline":"Curdist\u00e3o, a Shoah invis\u00edvel","datePublished":"2023-12-13T07:05:23+00:00","dateModified":"2024-09-10T22:10:17+00:00","mainEntityOfPage":{"@id":"https:\/\/xqthenews.com\/pt-pt\/curdistao-a-shoah-invisivel\/"},"wordCount":1185,"commentCount":0,"image":{"@id":"https:\/\/xqthenews.com\/pt-pt\/curdistao-a-shoah-invisivel\/#primaryimage"},"thumbnailUrl":"https:\/\/xqthenews.com\/wp-content\/uploads\/2023\/12\/IDEA_Kurdistan-MAP-.jpg","articleSection":["Migra\u00e7\u00e3o"],"inLanguage":"pt-PT","potentialAction":[{"@type":"CommentAction","name":"Comment","target":["https:\/\/xqthenews.com\/pt-pt\/curdistao-a-shoah-invisivel\/#respond"]}]},{"@type":"WebPage","@id":"https:\/\/xqthenews.com\/pt-pt\/curdistao-a-shoah-invisivel\/","url":"https:\/\/xqthenews.com\/pt-pt\/curdistao-a-shoah-invisivel\/","name":"Curdist\u00e3o, a Shoah invis\u00edvel - xqthenews","isPartOf":{"@id":"https:\/\/xqthenews.com\/es\/#website"},"primaryImageOfPage":{"@id":"https:\/\/xqthenews.com\/pt-pt\/curdistao-a-shoah-invisivel\/#primaryimage"},"image":{"@id":"https:\/\/xqthenews.com\/pt-pt\/curdistao-a-shoah-invisivel\/#primaryimage"},"thumbnailUrl":"https:\/\/xqthenews.com\/wp-content\/uploads\/2023\/12\/IDEA_Kurdistan-MAP-.jpg","datePublished":"2023-12-13T07:05:23+00:00","dateModified":"2024-09-10T22:10:17+00:00","author":{"@id":"https:\/\/xqthenews.com\/es\/#\/schema\/person\/1a9dd706712efd7d5dcbe690a039c3b0"},"breadcrumb":{"@id":"https:\/\/xqthenews.com\/pt-pt\/curdistao-a-shoah-invisivel\/#breadcrumb"},"inLanguage":"pt-PT","potentialAction":[{"@type":"ReadAction","target":["https:\/\/xqthenews.com\/pt-pt\/curdistao-a-shoah-invisivel\/"]}]},{"@type":"ImageObject","inLanguage":"pt-PT","@id":"https:\/\/xqthenews.com\/pt-pt\/curdistao-a-shoah-invisivel\/#primaryimage","url":"https:\/\/xqthenews.com\/wp-content\/uploads\/2023\/12\/IDEA_Kurdistan-MAP-.jpg","contentUrl":"https:\/\/xqthenews.com\/wp-content\/uploads\/2023\/12\/IDEA_Kurdistan-MAP-.jpg","width":2000,"height":1336},{"@type":"BreadcrumbList","@id":"https:\/\/xqthenews.com\/pt-pt\/curdistao-a-shoah-invisivel\/#breadcrumb","itemListElement":[{"@type":"ListItem","position":1,"name":"Portada","item":"https:\/\/xqthenews.com\/pt-pt\/"},{"@type":"ListItem","position":2,"name":"Curdist\u00e3o, a Shoah invis\u00edvel"}]},{"@type":"WebSite","@id":"https:\/\/xqthenews.com\/es\/#website","url":"https:\/\/xqthenews.com\/es\/","name":"xqthenews","description":"El porqu\u00e9 de las noticias","potentialAction":[{"@type":"SearchAction","target":{"@type":"EntryPoint","urlTemplate":"https:\/\/xqthenews.com\/es\/?s={search_term_string}"},"query-input":{"@type":"PropertyValueSpecification","valueRequired":true,"valueName":"search_term_string"}}],"inLanguage":"pt-PT"},{"@type":"Person","@id":"https:\/\/xqthenews.com\/es\/#\/schema\/person\/1a9dd706712efd7d5dcbe690a039c3b0","name":"Maril\u00f9 Mastrogiovanni","image":{"@type":"ImageObject","inLanguage":"pt-PT","@id":"https:\/\/xqthenews.com\/es\/#\/schema\/person\/image\/91a9bf5dbf45877521ca7c39e367c2c4","url":"https:\/\/xqthenews.com\/wp-content\/uploads\/2024\/09\/marilu-mastrogiovanni_avatar_1-96x96.jpeg","contentUrl":"https:\/\/xqthenews.com\/wp-content\/uploads\/2024\/09\/marilu-mastrogiovanni_avatar_1-96x96.jpeg","caption":"Maril\u00f9 Mastrogiovanni"},"description":"Periodista de investigaci\u00f3n, semi\u00f3loga, experta en lenguaje de g\u00e9nero. Profesor adjunto en la Universidad de Bari. Ex Presidenta del Jurado del Premio UNESCO de Libertad de Prensa. Creadora del Foro de Mujeres Periodistas del Mediterr\u00e1neo. Redactora jefe de varios peri\u00f3dicos.","url":"https:\/\/xqthenews.com\/pt-pt\/author\/mmastrogiovanni\/"}]}},"_links":{"self":[{"href":"https:\/\/xqthenews.com\/pt-pt\/wp-json\/wp\/v2\/posts\/14972","targetHints":{"allow":["GET"]}}],"collection":[{"href":"https:\/\/xqthenews.com\/pt-pt\/wp-json\/wp\/v2\/posts"}],"about":[{"href":"https:\/\/xqthenews.com\/pt-pt\/wp-json\/wp\/v2\/types\/post"}],"author":[{"embeddable":true,"href":"https:\/\/xqthenews.com\/pt-pt\/wp-json\/wp\/v2\/users\/31"}],"replies":[{"embeddable":true,"href":"https:\/\/xqthenews.com\/pt-pt\/wp-json\/wp\/v2\/comments?post=14972"}],"version-history":[{"count":0,"href":"https:\/\/xqthenews.com\/pt-pt\/wp-json\/wp\/v2\/posts\/14972\/revisions"}],"wp:featuredmedia":[{"embeddable":true,"href":"https:\/\/xqthenews.com\/pt-pt\/wp-json\/wp\/v2\/media\/14964"}],"wp:attachment":[{"href":"https:\/\/xqthenews.com\/pt-pt\/wp-json\/wp\/v2\/media?parent=14972"}],"wp:term":[{"taxonomy":"category","embeddable":true,"href":"https:\/\/xqthenews.com\/pt-pt\/wp-json\/wp\/v2\/categories?post=14972"},{"taxonomy":"post_tag","embeddable":true,"href":"https:\/\/xqthenews.com\/pt-pt\/wp-json\/wp\/v2\/tags?post=14972"},{"taxonomy":"author","embeddable":true,"href":"https:\/\/xqthenews.com\/pt-pt\/wp-json\/wp\/v2\/coauthors?post=14972"}],"curies":[{"name":"wp","href":"https:\/\/api.w.org\/{rel}","templated":true}]}}