{"id":13716,"date":"2023-11-22T08:03:16","date_gmt":"2023-11-22T07:03:16","guid":{"rendered":"https:\/\/sad-borg.82-223-8-23.plesk.page\/?p=13716"},"modified":"2024-09-10T23:10:31","modified_gmt":"2024-09-10T22:10:31","slug":"israel-uma-potencia-militarista-e-testada-em-combate","status":"publish","type":"post","link":"https:\/\/xqthenews.com\/pt-pt\/israel-uma-potencia-militarista-e-testada-em-combate\/","title":{"rendered":"Israel, uma pot\u00eancia militarista e \u201ctestada em combate\u201d"},"content":{"rendered":"<p>O <em>Global Fire Power<\/em> 2023 coloca Israel entre os 20 pa&iacute;ses com maior potencial militar. Embora a classifica&ccedil;&atilde;o seja mais uma vez encabe&ccedil;ada pelos Estados Unidos e por grandes pot&ecirc;ncias como a R&uacute;ssia e a China, &eacute; surpreendente que um pa&iacute;s com apenas 9,5 milh&otilde;es de habitantes ocupe uma posi&ccedil;&atilde;o t&atilde;o proeminente.<\/p>\n\n\n\n<p>Os n&uacute;meros finais do Instituto Internacional de Investiga&ccedil;&atilde;o para a Paz de Estocolmo (Sipri) para 2022 apontam para uma despesa militar de Israel de 23,406 mil milh&otilde;es de d&oacute;lares, ou seja, 4,5% do PIB do pa&iacute;s.&nbsp; Numa base <em>per capita<\/em>, a despesa militar foi de 2.623 d&oacute;lares. Este valor &eacute; muito superior &agrave; m&eacute;dia de algumas das principais pot&ecirc;ncias: A despesa militar <em>per capita<\/em> da R&uacute;ssia foi de cerca de 600 d&oacute;lares e a da China de 200 d&oacute;lares.<\/p>\n\n\n\n<p>Mesmo antes da cria&ccedil;&atilde;o do Estado judaico, em 1948, o movimento sionista caracterizava-se por um elevado grau de organiza&ccedil;&atilde;o <a class=\"glossaryLink\" aria-describedby=\"tt\" data-cmtooltip=\"&lt;div class=glossaryItemTitle&gt;Paramilitar&lt;\/div&gt;&lt;div class=glossaryItemBody&gt;&amp;lt;!-- wp:paragraph {&amp;quot;translatedWithWPMLTM&amp;quot;:&amp;quot;1&amp;quot;} --&amp;gt;&amp;quot;Paramilitar&amp;quot; refere-se a grupos ou for&ccedil;as armadas n&atilde;o oficiais, muitas vezes apoiadas por um governo, que atuam de forma semelhante &agrave;s for&ccedil;as militares regulares.&amp;lt;br\/&amp;gt;&amp;lt;!-- \/wp:paragraph --&amp;gt;&lt;\/div&gt;\" href=\"https:\/\/xqthenews.com\/pt-pt\/glossary\/paramilitar\/\" data-gt-translate-attributes='[{\"attribute\":\"data-cmtooltip\", \"format\":\"html\"}]' tabindex=\"0\" role=\"link\">paramilitar<\/a>. Por exemplo, ap&oacute;s as revoltas &aacute;rabes dos anos 30, a sociedade judaica mantinha cerca de 15.000 pessoas treinadas na disciplina militar. A assimetria entre a for&ccedil;a das for&ccedil;as de defesa israelitas e palestinianas tornou-se cada vez mais evidente, como se viu nas intifadas &ndash; pedras contra tanques &ndash; e como se v&ecirc; hoje.<\/p>\n\n\n\n<h2 class=\"wp-block-heading\"><strong>Um Silicon Valley militar no M&eacute;dio Oriente<\/strong><\/h2>\n\n\n\n<p>Tr&ecirc;s empresas do Estado judaico ocupam as 34 primeiras posi&ccedil;&otilde;es na lista das 100 empresas de armamento mais importantes do mundo, publicada pela Defense News. Se h&aacute; algo que distingue as armas israelitas, &eacute; o facto de ostentarem uma marca que garante a sua macabra efic&aacute;cia: &ldquo;testadas em combate&rdquo;. A mais-valia assenta no sangue, porque, ao longo dos anos do conflito &aacute;rabe-judaico, os palestinianos t&ecirc;m sido o tubo de ensaio para o desenvolvimento e a inova&ccedil;&atilde;o de m&aacute;quinas de morte. Israel &eacute; conhecido como o Silicon Valley militar do M&eacute;dio Oriente.<\/p>\n\n\n\n<p>Uma das mais poderosas empresas de armamento israelitas &eacute; a Rafael Advanced Defense Systems Ltd., fundada em 1948, no mesmo ano do Estado judaico. Foi respons&aacute;vel pela constru&ccedil;&atilde;o do &ldquo;Iron Dome&rdquo;, um sistema de macrodefesa capaz de intercetar ataques a&eacute;reos. A infraestrutura &eacute; composta por um radar sofisticado que mapeia e rastreia as amea&ccedil;as e por um sistema de comando e controlo constitu&iacute;do por operadores que podem decidir se devem ou n&atilde;o disparar intercetores para neutralizar os ataques. O equipamento mais vis&iacute;vel s&atilde;o os intercetores e os lan&ccedil;adores m&oacute;veis, constitu&iacute;dos por artilharia com sistemas de orienta&ccedil;&atilde;o avan&ccedil;ados.<\/p>\n\n\n\n<p>Com esta c&uacute;pula de defesa l&iacute;der mundial, Israel est&aacute; a demonstrar a sua tecnologia dominante, mais uma vez comprovada em conflito. O custo do sistema correspondeu &agrave;s expectativas: s&oacute; os Estados Unidos investiram &ldquo;mais de 200 milh&otilde;es de d&oacute;lares para ajudar Israel a pagar o sistema&rdquo;, segundo a BBC.<\/p>\n\n\n\n<p>Os Estados Unidos, a primeira pot&ecirc;ncia militar do mundo, s&atilde;o um colaborador convicto de Israel. S&oacute; em 2020, injetou 3,8 mil milh&otilde;es de d&oacute;lares no Estado do M&eacute;dio Oriente. Este dinheiro faz parte de um pacote aprovado pela administra&ccedil;&atilde;o Obama para a d&eacute;cada de 2017-2028, que inclui um montante financeiro de 38 bilh&otilde;es de d&oacute;lares para ajuda militar a Israel.<\/p>\n\n\n\n<p>Embora o Iron Dome seja um testemunho da disposi&ccedil;&atilde;o belicosa de Israel, o seu basti&atilde;o de &ldquo;90 por cento de efic&aacute;cia&rdquo;, algo correu mal com a ofensiva do <a class=\"glossaryLink\"  aria-describedby=\"tt\"  data-cmtooltip=\"&lt;div class=glossaryItemTitle&gt;Hamas&lt;\/div&gt;&lt;div class=glossaryItemBody&gt;&amp;lt;!-- wp:paragraph {&amp;quot;translatedWithWPMLTM&amp;quot;:&amp;quot;1&amp;quot;} --&amp;gt;Organiza&ccedil;&atilde;o palestiniana considerada por v&aacute;rios pa&iacute;ses como um grupo terrorista, que opera na Faixa de Gaza e na Cisjord&acirc;nia, centrada pol&iacute;tica e militarmente na luta pela autodetermina&ccedil;&atilde;o dos palestinianos.&amp;lt;br\/&amp;gt;&amp;lt;!-- \/wp:paragraph --&amp;gt;&lt;\/div&gt;\"  href=\"https:\/\/xqthenews.com\/pt-pt\/glossary\/hamas\/\"  data-gt-translate-attributes='[{\"attribute\":\"data-cmtooltip\", \"format\":\"html\"}]' tabindex='0' role='link'>Hamas<\/a> em 7 de outubro. A surpresa e a intensidade do ataque &ndash; apesar dos seus meios muito mais rudimentares &ndash; significou que uma IDF confiante n&atilde;o foi capaz de responder com a sua macroinfraestrutura.<\/p>\n\n\n\n<p>A <a class=\"glossaryLink\"  aria-describedby=\"tt\"  data-cmtooltip=\"&lt;div class=glossaryItemTitle&gt;Guerra&lt;\/div&gt;&lt;div class=glossaryItemBody&gt;Hostilidade, conflito armado entre duas ou mais na&ccedil;&otilde;es livres ou entre fac&ccedil;&otilde;es de um mesmo Estado. Traz a morte e a destrui&ccedil;&atilde;o de recursos e bens e tem por objectivo impor a vontade dos vencedores aos vencidos.&amp;lt;br&amp;gt;Com as guerras, muitos pa&iacute;ses ficaram arruinados e endividados.  &lt;\/div&gt;&lt;div class=&amp;quot;cmtt_related_articles_wrapper&amp;quot;&gt;&lt;div class=&amp;quot;cmtt_related_title cmtt_related_articles_title&amp;quot;&gt;Related Articles: &lt;\/div&gt;&lt;ul class=&amp;quot;cmtt_related&amp;quot;&gt;&lt;li class=&amp;quot;cmtt_related_item&amp;quot;&gt;&lt;a href=&amp;quot;https:\/\/xqthenews.com\/pt-pt\/plastico-inunda-os-mares-cronica-de-um-novo-ecocidio-na-costa-galega\/&amp;quot;target=&amp;quot;_blank&amp;quot;&gt;Pl&aacute;stico inunda os mares: cr&oacute;nica de um novo ecoc&iacute;dio na costa galega&lt;\/a&gt;&lt;\/li&gt;&lt;li class=&amp;quot;cmtt_related_item&amp;quot;&gt;&lt;a href=&amp;quot;https:\/\/xqthenews.com\/pt-pt\/repowereu-e-a-independencia-energetica-europeia\/&amp;quot;target=&amp;quot;_blank&amp;quot;&gt;RePowerEu e a independ&ecirc;ncia energ&eacute;tica europeia&lt;\/a&gt;&lt;\/li&gt;&lt;li class=&amp;quot;cmtt_related_item&amp;quot;&gt;&lt;a href=&amp;quot;https:\/\/xqthenews.com\/pt-pt\/equidade-de-genero-e-o-impulso-para-a-acao-climatica\/&amp;quot;target=&amp;quot;_blank&amp;quot;&gt;Equidade de G&eacute;nero e o Impulso para a A&ccedil;&atilde;o Clim&aacute;tica&lt;\/a&gt;&lt;\/li&gt;&lt;li class=&amp;quot;cmtt_related_item&amp;quot;&gt;&lt;a href=&amp;quot;https:\/\/xqthenews.com\/pt-pt\/zelenski-a-dignidade-da-ucrania-face-a-putin-e-trump\/&amp;quot;target=&amp;quot;_blank&amp;quot;&gt;Zelenski: A dignidade da Ucr&acirc;nia face a Putin e Trump&lt;\/a&gt;&lt;\/li&gt;&lt;li class=&amp;quot;cmtt_related_item&amp;quot;&gt;&lt;a href=&amp;quot;https:\/\/xqthenews.com\/pt-pt\/as-distopias-tornam-se-realidade-o-mundo-atual-atraves-do-prisma-da-ficcao\/&amp;quot;target=&amp;quot;_blank&amp;quot;&gt;As distopias tornam-se realidade: o mundo atual atrav&eacute;s do prisma da fic&ccedil;&atilde;o&lt;\/a&gt;&lt;\/li&gt;&lt;\/ul&gt;&lt;\/div&gt;\"  href=\"https:\/\/xqthenews.com\/pt-pt\/glossary\/guerra\/\"  data-gt-translate-attributes='[{\"attribute\":\"data-cmtooltip\", \"format\":\"html\"}]' tabindex='0' role='link'>guerra<\/a> em Gaza &eacute; a prova deste desequil&iacute;brio: Israel disp&otilde;e de armamento de &uacute;ltima gera&ccedil;&atilde;o; a Palestina n&atilde;o tem um ex&eacute;rcito regular. Enquanto Israel se estabeleceu como um Estado independente em 1948, reconhecido pela comunidade internacional, e criou as suas For&ccedil;as de Defesa de Israel (IDF) &ndash; al&eacute;m de ter iniciado a corrida ao armamento com a cria&ccedil;&atilde;o da Rafael <em>Advanced Defence Systems Ltd<\/em> &ndash; a Palestina estava dividida e n&atilde;o chegou a ser um Estado. Na d&eacute;cada de 1990, com a assinatura dos Acordos de Oslo, foram criadas estruturas de seguran&ccedil;a palestinianas, mas o desenrolar do conflito e a divis&atilde;o geogr&aacute;fica &ndash; controlada por diferentes fa&ccedil;&otilde;es e governos &ndash; nunca conduziram a uma organiza&ccedil;&atilde;o militar unificada para a Palestina.<\/p>\n\n\n\n<h2 class=\"wp-block-heading\"><strong>Viol&ecirc;ncia para al&eacute;m da artilharia<\/strong><\/h2>\n\n\n\n<p>A militariza&ccedil;&atilde;o vai para al&eacute;m das armas habituais, soldados, tanques, m&iacute;sseis. A militariza&ccedil;&atilde;o est&aacute; tamb&eacute;m no conceito de puni&ccedil;&atilde;o e na cultura do p&acirc;nico. Em v&aacute;rias ocasi&otilde;es, Israel utilizou outros tipos de armas, como no caso da <a class=\"glossaryLink\"  aria-describedby=\"tt\"  data-cmtooltip=\"&lt;div class=glossaryItemTitle&gt;Guerra&lt;\/div&gt;&lt;div class=glossaryItemBody&gt;Hostilidade, conflito armado entre duas ou mais na&ccedil;&otilde;es livres ou entre fac&ccedil;&otilde;es de um mesmo Estado. Traz a morte e a destrui&ccedil;&atilde;o de recursos e bens e tem por objectivo impor a vontade dos vencedores aos vencidos.&amp;lt;br&amp;gt;Com as guerras, muitos pa&iacute;ses ficaram arruinados e endividados.  &lt;\/div&gt;&lt;div class=&amp;quot;cmtt_related_articles_wrapper&amp;quot;&gt;&lt;div class=&amp;quot;cmtt_related_title cmtt_related_articles_title&amp;quot;&gt;Related Articles: &lt;\/div&gt;&lt;ul class=&amp;quot;cmtt_related&amp;quot;&gt;&lt;li class=&amp;quot;cmtt_related_item&amp;quot;&gt;&lt;a href=&amp;quot;https:\/\/xqthenews.com\/pt-pt\/plastico-inunda-os-mares-cronica-de-um-novo-ecocidio-na-costa-galega\/&amp;quot;target=&amp;quot;_blank&amp;quot;&gt;Pl&aacute;stico inunda os mares: cr&oacute;nica de um novo ecoc&iacute;dio na costa galega&lt;\/a&gt;&lt;\/li&gt;&lt;li class=&amp;quot;cmtt_related_item&amp;quot;&gt;&lt;a href=&amp;quot;https:\/\/xqthenews.com\/pt-pt\/repowereu-e-a-independencia-energetica-europeia\/&amp;quot;target=&amp;quot;_blank&amp;quot;&gt;RePowerEu e a independ&ecirc;ncia energ&eacute;tica europeia&lt;\/a&gt;&lt;\/li&gt;&lt;li class=&amp;quot;cmtt_related_item&amp;quot;&gt;&lt;a href=&amp;quot;https:\/\/xqthenews.com\/pt-pt\/equidade-de-genero-e-o-impulso-para-a-acao-climatica\/&amp;quot;target=&amp;quot;_blank&amp;quot;&gt;Equidade de G&eacute;nero e o Impulso para a A&ccedil;&atilde;o Clim&aacute;tica&lt;\/a&gt;&lt;\/li&gt;&lt;li class=&amp;quot;cmtt_related_item&amp;quot;&gt;&lt;a href=&amp;quot;https:\/\/xqthenews.com\/pt-pt\/zelenski-a-dignidade-da-ucrania-face-a-putin-e-trump\/&amp;quot;target=&amp;quot;_blank&amp;quot;&gt;Zelenski: A dignidade da Ucr&acirc;nia face a Putin e Trump&lt;\/a&gt;&lt;\/li&gt;&lt;li class=&amp;quot;cmtt_related_item&amp;quot;&gt;&lt;a href=&amp;quot;https:\/\/xqthenews.com\/pt-pt\/as-distopias-tornam-se-realidade-o-mundo-atual-atraves-do-prisma-da-ficcao\/&amp;quot;target=&amp;quot;_blank&amp;quot;&gt;As distopias tornam-se realidade: o mundo atual atrav&eacute;s do prisma da fic&ccedil;&atilde;o&lt;\/a&gt;&lt;\/li&gt;&lt;\/ul&gt;&lt;\/div&gt;\"  href=\"https:\/\/xqthenews.com\/pt-pt\/glossary\/guerra\/\"  data-gt-translate-attributes='[{\"attribute\":\"data-cmtooltip\", \"format\":\"html\"}]' tabindex='0' role='link'>guerra<\/a> de 2008 em Gaza: o ex&eacute;rcito utilizou f&oacute;sforo branco, um produto qu&iacute;mico altamente nocivo que viola o direito humanit&aacute;rio. Outra forma de viol&ecirc;ncia &eacute; a chamada &ldquo;<em>skunk water<\/em>&ldquo;, uma combina&ccedil;&atilde;o de qu&iacute;micos que emitem um odor extremamente desagrad&aacute;vel. Segundo testemunhos recolhidos pela <em>Al-Jazeera<\/em> junto de pessoas sujeitas a esta pr&aacute;tica coerciva, a <em>Skunk Water<\/em> emite algo como &ldquo;o cheiro de esgoto misturado com cad&aacute;veres em decomposi&ccedil;&atilde;o&rdquo;.<\/p>\n\n\n\n<p>O l&iacute;quido, desenvolvido pela empresa israelita <em>Odortec<\/em>, &eacute; supostamente n&atilde;o letal e &eacute; utilizado para &ldquo;dissuas&atilde;o de multid&otilde;es&rdquo;. No entanto, a exposi&ccedil;&atilde;o &agrave; &aacute;gua de gamb&aacute; provoca v&oacute;mitos graves, respira&ccedil;&atilde;o anormal, dores de est&ocirc;mago e nos olhos, irrita&ccedil;&atilde;o da pele e at&eacute; queda de cabelo. A sua suposta n&atilde;o letalidade e os danos permanentes que pode causar s&atilde;o debatidos, tal como denunciado pela escritora e analista palestiniana Yara Hawari, que, juntamente com v&aacute;rias vozes palestinianas, salienta que a &aacute;gua de gamb&aacute; tamb&eacute;m tem sido utilizada para tentar for&ccedil;ar as fam&iacute;lias palestinianas a abandonar as suas casas.<\/p>\n\n\n\n<p>Para obrigar os palestinianos a mudarem-se e assim aumentar os colonatos judeus, Israel imp&otilde;e a destrui&ccedil;&atilde;o das casas. O sistema serve como &ldquo;castigo exemplar&rdquo; e como mecanismo para confiscar mais terras. Esta pr&aacute;tica, a &ldquo;pol&iacute;tica de demoli&ccedil;&atilde;o de casas&rdquo;, n&atilde;o s&oacute; &ldquo;amea&ccedil;a a exist&ecirc;ncia do povo palestiniano&rdquo; como &eacute; &ldquo;um castigo coletivo que viola o direito humanit&aacute;rio&rdquo;, condena a <a class=\"glossaryLink\"  aria-describedby=\"tt\"  data-cmtooltip=\"&lt;div class=glossaryItemTitle&gt;ONU&lt;\/div&gt;&lt;div class=glossaryItemBody&gt;&amp;lt;!-- wp:paragraph {&amp;quot;translatedWithWPMLTM&amp;quot;:&amp;quot;1&amp;quot;} --&amp;gt;A ONU (Organiza&ccedil;&atilde;o das Na&ccedil;&otilde;es Unidas) &eacute; uma entidade internacional fundada em 1945 para promover a coopera&ccedil;&atilde;o e a paz a n&iacute;vel mundial, composta por 193 Estados Membros.&amp;lt;br\/&amp;gt;&amp;lt;!-- \/wp:paragraph --&amp;gt;&lt;\/div&gt;&lt;div class=&amp;quot;cmtt_related_articles_wrapper&amp;quot;&gt;&lt;div class=&amp;quot;cmtt_related_title cmtt_related_articles_title&amp;quot;&gt;Related Articles: &lt;\/div&gt;&lt;ul class=&amp;quot;cmtt_related&amp;quot;&gt;&lt;li class=&amp;quot;cmtt_related_item&amp;quot;&gt;&lt;a href=&amp;quot;https:\/\/xqthenews.com\/pt-pt\/cimeira-mundial-do-clima-cop-28-no-dubai\/&amp;quot;target=&amp;quot;_blank&amp;quot;&gt;Cimeira Mundial do Clima COP 28 no Dubai&lt;\/a&gt;&lt;\/li&gt;&lt;li class=&amp;quot;cmtt_related_item&amp;quot;&gt;&lt;a href=&amp;quot;https:\/\/xqthenews.com\/pt-pt\/emigrar-para-fora-da-clandestinidade\/&amp;quot;target=&amp;quot;_blank&amp;quot;&gt;Emigrar para fora da clandestinidade&lt;\/a&gt;&lt;\/li&gt;&lt;li class=&amp;quot;cmtt_related_item&amp;quot;&gt;&lt;a href=&amp;quot;https:\/\/xqthenews.com\/pt-pt\/el-parlamento-electo-acabara-de-determinar-la-trayectoria-de-la-europa-del-2030\/&amp;quot;target=&amp;quot;_blank&amp;quot;&gt;O Parlamento eleito finalizar&aacute; a trajet&oacute;ria da Europa de 2030&lt;\/a&gt;&lt;\/li&gt;&lt;li class=&amp;quot;cmtt_related_item&amp;quot;&gt;&lt;a href=&amp;quot;https:\/\/xqthenews.com\/pt-pt\/mobilidade-suave-e-inclusiva-para-cidades-verdadeiramente-amigas-do-ambiente\/&amp;quot;target=&amp;quot;_blank&amp;quot;&gt;Mobilidade suave e inclusiva para cidades verdadeiramente amigas do ambiente&lt;\/a&gt;&lt;\/li&gt;&lt;\/ul&gt;&lt;\/div&gt;\"  href=\"https:\/\/xqthenews.com\/pt-pt\/glossary\/onu\/\"  data-gt-translate-attributes='[{\"attribute\":\"data-cmtooltip\", \"format\":\"html\"}]' tabindex='0' role='link'>ONU<\/a>. S&oacute; em janeiro de 2023, &ldquo;Israel demoliu 132 estruturas na Cisjord&acirc;nia ocupada, 34 das quais eram casas palestinianas&rdquo;, refere o relat&oacute;rio da <a class=\"glossaryLink\"  aria-describedby=\"tt\"  data-cmtooltip=\"&lt;div class=glossaryItemTitle&gt;ONU&lt;\/div&gt;&lt;div class=glossaryItemBody&gt;&amp;lt;!-- wp:paragraph {&amp;quot;translatedWithWPMLTM&amp;quot;:&amp;quot;1&amp;quot;} --&amp;gt;A ONU (Organiza&ccedil;&atilde;o das Na&ccedil;&otilde;es Unidas) &eacute; uma entidade internacional fundada em 1945 para promover a coopera&ccedil;&atilde;o e a paz a n&iacute;vel mundial, composta por 193 Estados Membros.&amp;lt;br\/&amp;gt;&amp;lt;!-- \/wp:paragraph --&amp;gt;&lt;\/div&gt;&lt;div class=&amp;quot;cmtt_related_articles_wrapper&amp;quot;&gt;&lt;div class=&amp;quot;cmtt_related_title cmtt_related_articles_title&amp;quot;&gt;Related Articles: &lt;\/div&gt;&lt;ul class=&amp;quot;cmtt_related&amp;quot;&gt;&lt;li class=&amp;quot;cmtt_related_item&amp;quot;&gt;&lt;a href=&amp;quot;https:\/\/xqthenews.com\/pt-pt\/cimeira-mundial-do-clima-cop-28-no-dubai\/&amp;quot;target=&amp;quot;_blank&amp;quot;&gt;Cimeira Mundial do Clima COP 28 no Dubai&lt;\/a&gt;&lt;\/li&gt;&lt;li class=&amp;quot;cmtt_related_item&amp;quot;&gt;&lt;a href=&amp;quot;https:\/\/xqthenews.com\/pt-pt\/emigrar-para-fora-da-clandestinidade\/&amp;quot;target=&amp;quot;_blank&amp;quot;&gt;Emigrar para fora da clandestinidade&lt;\/a&gt;&lt;\/li&gt;&lt;li class=&amp;quot;cmtt_related_item&amp;quot;&gt;&lt;a href=&amp;quot;https:\/\/xqthenews.com\/pt-pt\/el-parlamento-electo-acabara-de-determinar-la-trayectoria-de-la-europa-del-2030\/&amp;quot;target=&amp;quot;_blank&amp;quot;&gt;O Parlamento eleito finalizar&aacute; a trajet&oacute;ria da Europa de 2030&lt;\/a&gt;&lt;\/li&gt;&lt;li class=&amp;quot;cmtt_related_item&amp;quot;&gt;&lt;a href=&amp;quot;https:\/\/xqthenews.com\/pt-pt\/mobilidade-suave-e-inclusiva-para-cidades-verdadeiramente-amigas-do-ambiente\/&amp;quot;target=&amp;quot;_blank&amp;quot;&gt;Mobilidade suave e inclusiva para cidades verdadeiramente amigas do ambiente&lt;\/a&gt;&lt;\/li&gt;&lt;\/ul&gt;&lt;\/div&gt;\"  href=\"https:\/\/xqthenews.com\/pt-pt\/glossary\/onu\/\"  data-gt-translate-attributes='[{\"attribute\":\"data-cmtooltip\", \"format\":\"html\"}]' tabindex='0' role='link'>ONU<\/a>. Entre 2009 e 2019, &ldquo;Israel demoliu mais de 1.100 estruturas s&oacute; no territ&oacute;rio ocupado de Jerusal&eacute;m Oriental&rdquo;, diz a <a class=\"glossaryLink\" aria-describedby=\"tt\" data-cmtooltip=\"&lt;div class=glossaryItemTitle&gt;Amnistia Internacional&lt;\/div&gt;&lt;div class=glossaryItemBody&gt;&amp;lt;!-- wp:paragraph {&amp;quot;translatedWithWPMLTM&amp;quot;:&amp;quot;1&amp;quot;} --&amp;gt;&amp;lt;strong&amp;gt; &amp;lt;\/strong&amp;gt;A Amnistia Internacional &eacute; um movimento global de pessoas, baseado na ades&atilde;o volunt&aacute;ria&amp;lt;strong&amp;gt;,&amp;lt;\/strong&amp;gt; uma organiza&ccedil;&atilde;o internacional n&atilde;o governamental empenhada na defesa dos direitos humanos.&amp;lt;br\/&amp;gt;&amp;lt;!-- \/wp:paragraph --&amp;gt;&lt;\/div&gt;&lt;div class=&amp;quot;cmtt_related_articles_wrapper&amp;quot;&gt;&lt;div class=&amp;quot;cmtt_related_title cmtt_related_articles_title&amp;quot;&gt;Related Articles: &lt;\/div&gt;&lt;ul class=&amp;quot;cmtt_related&amp;quot;&gt;&lt;li class=&amp;quot;cmtt_related_item&amp;quot;&gt;&lt;a href=&amp;quot;https:\/\/xqthenews.com\/pt-pt\/dizem-nos-voltem-para-o-vosso-pais-mas-nos-queremos-trabalhar-a-historia-de-tres-rapazes-que-vivem-numa-carrinha\/&amp;quot;target=&amp;quot;_blank&amp;quot;&gt;&amp;#8220;Dizem-nos &amp;#8216;voltem para o vosso pa&iacute;s&amp;#8217;, mas n&oacute;s queremos trabalhar&amp;#8221;: a hist&oacute;ria de tr&ecirc;s rapazes que vivem numa carrinha.&lt;\/a&gt;&lt;\/li&gt;&lt;li class=&amp;quot;cmtt_related_item&amp;quot;&gt;&lt;a href=&amp;quot;https:\/\/xqthenews.com\/pt-pt\/tiktok-os-perigos-do-algoritmo\/&amp;quot;target=&amp;quot;_blank&amp;quot;&gt;TikTok, os perigos do algoritmo&lt;\/a&gt;&lt;\/li&gt;&lt;\/ul&gt;&lt;\/div&gt;\" href=\"https:\/\/xqthenews.com\/pt-pt\/glossary\/amnistia-internacional\/\" data-gt-translate-attributes='[{\"attribute\":\"data-cmtooltip\", \"format\":\"html\"}]' tabindex=\"0\" role=\"link\">Amnistia Internacional<\/a>, citando dados do Gabinete de Coordena&ccedil;&atilde;o dos Assuntos Humanit&aacute;rios da <a class=\"glossaryLink\"  aria-describedby=\"tt\"  data-cmtooltip=\"&lt;div class=glossaryItemTitle&gt;ONU&lt;\/div&gt;&lt;div class=glossaryItemBody&gt;&amp;lt;!-- wp:paragraph {&amp;quot;translatedWithWPMLTM&amp;quot;:&amp;quot;1&amp;quot;} --&amp;gt;A ONU (Organiza&ccedil;&atilde;o das Na&ccedil;&otilde;es Unidas) &eacute; uma entidade internacional fundada em 1945 para promover a coopera&ccedil;&atilde;o e a paz a n&iacute;vel mundial, composta por 193 Estados Membros.&amp;lt;br\/&amp;gt;&amp;lt;!-- \/wp:paragraph --&amp;gt;&lt;\/div&gt;&lt;div class=&amp;quot;cmtt_related_articles_wrapper&amp;quot;&gt;&lt;div class=&amp;quot;cmtt_related_title cmtt_related_articles_title&amp;quot;&gt;Related Articles: &lt;\/div&gt;&lt;ul class=&amp;quot;cmtt_related&amp;quot;&gt;&lt;li class=&amp;quot;cmtt_related_item&amp;quot;&gt;&lt;a href=&amp;quot;https:\/\/xqthenews.com\/pt-pt\/cimeira-mundial-do-clima-cop-28-no-dubai\/&amp;quot;target=&amp;quot;_blank&amp;quot;&gt;Cimeira Mundial do Clima COP 28 no Dubai&lt;\/a&gt;&lt;\/li&gt;&lt;li class=&amp;quot;cmtt_related_item&amp;quot;&gt;&lt;a href=&amp;quot;https:\/\/xqthenews.com\/pt-pt\/emigrar-para-fora-da-clandestinidade\/&amp;quot;target=&amp;quot;_blank&amp;quot;&gt;Emigrar para fora da clandestinidade&lt;\/a&gt;&lt;\/li&gt;&lt;li class=&amp;quot;cmtt_related_item&amp;quot;&gt;&lt;a href=&amp;quot;https:\/\/xqthenews.com\/pt-pt\/el-parlamento-electo-acabara-de-determinar-la-trayectoria-de-la-europa-del-2030\/&amp;quot;target=&amp;quot;_blank&amp;quot;&gt;O Parlamento eleito finalizar&aacute; a trajet&oacute;ria da Europa de 2030&lt;\/a&gt;&lt;\/li&gt;&lt;li class=&amp;quot;cmtt_related_item&amp;quot;&gt;&lt;a href=&amp;quot;https:\/\/xqthenews.com\/pt-pt\/mobilidade-suave-e-inclusiva-para-cidades-verdadeiramente-amigas-do-ambiente\/&amp;quot;target=&amp;quot;_blank&amp;quot;&gt;Mobilidade suave e inclusiva para cidades verdadeiramente amigas do ambiente&lt;\/a&gt;&lt;\/li&gt;&lt;\/ul&gt;&lt;\/div&gt;\"  href=\"https:\/\/xqthenews.com\/pt-pt\/glossary\/onu\/\"  data-gt-translate-attributes='[{\"attribute\":\"data-cmtooltip\", \"format\":\"html\"}]' tabindex='0' role='link'>ONU<\/a>. Esta pol&iacute;tica, que Israel disfar&ccedil;a com a premissa de &ldquo;desmantelar c&eacute;lulas terroristas&rdquo;, &eacute; na realidade uma resposta a uma din&acirc;mica de destrui&ccedil;&atilde;o maci&ccedil;a. Para a Amnistia, &ldquo;as autoridades israelitas t&ecirc;m usado medidas arbitr&aacute;rias e desproporcionadas em nome da seguran&ccedil;a para alargar o seu controlo sobre o territ&oacute;rio palestiniano e para expulsar a popula&ccedil;&atilde;o palestiniana de &aacute;reas que consideram estrat&eacute;gicas&rdquo;.<\/p>\n\n\n\n<p><\/p>\n","protected":false},"excerpt":{"rendered":"<p>Com despesas militares crescentes e tecnologia de ponta, Israel destaca-se num contexto de for&ccedil;as assim&eacute;tricas no conflito &aacute;rabe-judaico. Para al&eacute;m do seu armamento &quot;testado em combate&quot;, o seu investimento em defesa recebe um impulso significativo de aliados como os Estados Unidos. O Estado palestiniano desenvolveu v&aacute;rias t&aacute;ticas de <a class=\"glossaryLink\" aria-describedby=\"tt\" data-cmtooltip=\"&lt;div class=glossaryItemTitle&gt;Guerra&lt;\/div&gt;&lt;div class=glossaryItemBody&gt;Hostilidade, conflito armado entre duas ou mais na&ccedil;&otilde;es livres ou entre fac&ccedil;&otilde;es de um mesmo Estado. Traz a morte e a destrui&ccedil;&atilde;o de recursos e bens e tem por objectivo impor a vontade dos vencedores aos vencidos.&amp;lt;br&amp;gt;Com as guerras, muitos pa&iacute;ses ficaram arruinados e endividados.  &lt;\/div&gt;&lt;div class=&amp;quot;cmtt_related_articles_wrapper&amp;quot;&gt;&lt;div class=&amp;quot;cmtt_related_title cmtt_related_articles_title&amp;quot;&gt;Related Articles: &lt;\/div&gt;&lt;ul class=&amp;quot;cmtt_related&amp;quot;&gt;&lt;li class=&amp;quot;cmtt_related_item&amp;quot;&gt;&lt;a href=&amp;quot;https:\/\/xqthenews.com\/pt-pt\/plastico-inunda-os-mares-cronica-de-um-novo-ecocidio-na-costa-galega\/&amp;quot;target=&amp;quot;_blank&amp;quot;&gt;Pl&aacute;stico inunda os mares: cr&oacute;nica de um novo ecoc&iacute;dio na costa galega&lt;\/a&gt;&lt;\/li&gt;&lt;li class=&amp;quot;cmtt_related_item&amp;quot;&gt;&lt;a href=&amp;quot;https:\/\/xqthenews.com\/pt-pt\/repowereu-e-a-independencia-energetica-europeia\/&amp;quot;target=&amp;quot;_blank&amp;quot;&gt;RePowerEu e a independ&ecirc;ncia energ&eacute;tica europeia&lt;\/a&gt;&lt;\/li&gt;&lt;li class=&amp;quot;cmtt_related_item&amp;quot;&gt;&lt;a href=&amp;quot;https:\/\/xqthenews.com\/pt-pt\/equidade-de-genero-e-o-impulso-para-a-acao-climatica\/&amp;quot;target=&amp;quot;_blank&amp;quot;&gt;Equidade de G&eacute;nero e o Impulso para a A&ccedil;&atilde;o Clim&aacute;tica&lt;\/a&gt;&lt;\/li&gt;&lt;li class=&amp;quot;cmtt_related_item&amp;quot;&gt;&lt;a href=&amp;quot;https:\/\/xqthenews.com\/pt-pt\/zelenski-a-dignidade-da-ucrania-face-a-putin-e-trump\/&amp;quot;target=&amp;quot;_blank&amp;quot;&gt;Zelenski: A dignidade da Ucr&acirc;nia face a Putin e Trump&lt;\/a&gt;&lt;\/li&gt;&lt;li class=&amp;quot;cmtt_related_item&amp;quot;&gt;&lt;a href=&amp;quot;https:\/\/xqthenews.com\/pt-pt\/as-distopias-tornam-se-realidade-o-mundo-atual-atraves-do-prisma-da-ficcao\/&amp;quot;target=&amp;quot;_blank&amp;quot;&gt;As distopias tornam-se realidade: o mundo atual atrav&eacute;s do prisma da fic&ccedil;&atilde;o&lt;\/a&gt;&lt;\/li&gt;&lt;\/ul&gt;&lt;\/div&gt;\" href=\"https:\/\/xqthenews.com\/pt-pt\/glossary\/guerra\/\" data-gt-translate-attributes='[{\"attribute\":\"data-cmtooltip\", \"format\":\"html\"}]' tabindex=\"0\" role=\"link\">guerra<\/a> que v&atilde;o para al&eacute;m da artilharia.<\/p>\n","protected":false},"author":26,"featured_media":13604,"comment_status":"open","ping_status":"open","sticky":false,"template":"","format":"standard","meta":{"_acf_changed":false,"footnotes":""},"categories":[317,352,338],"tags":[165,169],"coauthors":[143],"class_list":{"0":"post-13716","1":"post","2":"type-post","3":"status-publish","4":"format-standard","5":"has-post-thumbnail","7":"category-politica","8":"category-politica-global","9":"category-politics-pt-pt-2","10":"tag-derechos-humanos-pt-pt","11":"tag-direitos-humanos-pt-pt"},"acf":[],"yoast_head":"<!-- This site is optimized with the Yoast SEO plugin v27.1.1 - https:\/\/yoast.com\/product\/yoast-seo-wordpress\/ -->\n<title>Israel, uma pot\u00eancia militarista e \u201ctestada em combate\u201d - xqthenews<\/title>\n<meta name=\"robots\" content=\"index, follow, max-snippet:-1, max-image-preview:large, max-video-preview:-1\" \/>\n<link rel=\"canonical\" href=\"https:\/\/xqthenews.com\/pt-pt\/israel-uma-potencia-militarista-e-testada-em-combate\/\" \/>\n<meta property=\"og:locale\" content=\"pt_PT\" \/>\n<meta property=\"og:type\" content=\"article\" \/>\n<meta property=\"og:title\" content=\"Israel, uma pot\u00eancia militarista e \u201ctestada em combate\u201d - xqthenews\" \/>\n<meta property=\"og:description\" content=\"Com despesas militares crescentes e tecnologia de ponta, Israel destaca-se num contexto de for&ccedil;as assim&eacute;tricas no conflito &aacute;rabe-judaico. Para al&eacute;m do seu armamento &quot;testado em combate&quot;, o seu investimento em defesa recebe um impulso significativo de aliados como os Estados Unidos. O Estado palestiniano desenvolveu v&aacute;rias t&aacute;ticas de guerra que v&atilde;o para al&eacute;m da artilharia.\" \/>\n<meta property=\"og:url\" content=\"https:\/\/xqthenews.com\/pt-pt\/israel-uma-potencia-militarista-e-testada-em-combate\/\" \/>\n<meta property=\"og:site_name\" content=\"xqthenews\" \/>\n<meta property=\"article:published_time\" content=\"2023-11-22T07:03:16+00:00\" \/>\n<meta property=\"article:modified_time\" content=\"2024-09-10T22:10:31+00:00\" \/>\n<meta property=\"og:image\" content=\"https:\/\/xqthenews.com\/wp-content\/uploads\/2023\/11\/SoI-War_23-10-29_IDF_01-11-1.jpg\" \/>\n\t<meta property=\"og:image:width\" content=\"1280\" \/>\n\t<meta property=\"og:image:height\" content=\"854\" \/>\n\t<meta property=\"og:image:type\" content=\"image\/jpeg\" \/>\n<meta name=\"author\" content=\"Laura Casamitjana\" \/>\n<meta name=\"twitter:card\" content=\"summary_large_image\" \/>\n<meta name=\"twitter:creator\" content=\"@Casamitjana\" \/>\n<meta name=\"twitter:label1\" content=\"Escrito por\" \/>\n\t<meta name=\"twitter:data1\" content=\"Laura Casamitjana\" \/>\n\t<meta name=\"twitter:label2\" content=\"Tempo estimado de leitura\" \/>\n\t<meta name=\"twitter:data2\" content=\"6 minutos\" \/>\n\t<meta name=\"twitter:label3\" content=\"Written by\" \/>\n\t<meta name=\"twitter:data3\" content=\"Laura Casamitjana\" \/>\n<script type=\"application\/ld+json\" class=\"yoast-schema-graph\">{\"@context\":\"https:\/\/schema.org\",\"@graph\":[{\"@type\":\"Article\",\"@id\":\"https:\/\/xqthenews.com\/pt-pt\/israel-uma-potencia-militarista-e-testada-em-combate\/#article\",\"isPartOf\":{\"@id\":\"https:\/\/xqthenews.com\/pt-pt\/israel-uma-potencia-militarista-e-testada-em-combate\/\"},\"author\":{\"name\":\"Laura Casamitjana\",\"@id\":\"https:\/\/xqthenews.com\/es\/#\/schema\/person\/7c019326fd251f5591a24de1868c7feb\"},\"headline\":\"Israel, uma pot\u00eancia militarista e \u201ctestada em combate\u201d\",\"datePublished\":\"2023-11-22T07:03:16+00:00\",\"dateModified\":\"2024-09-10T22:10:31+00:00\",\"mainEntityOfPage\":{\"@id\":\"https:\/\/xqthenews.com\/pt-pt\/israel-uma-potencia-militarista-e-testada-em-combate\/\"},\"wordCount\":1179,\"commentCount\":0,\"image\":{\"@id\":\"https:\/\/xqthenews.com\/pt-pt\/israel-uma-potencia-militarista-e-testada-em-combate\/#primaryimage\"},\"thumbnailUrl\":\"https:\/\/xqthenews.com\/wp-content\/uploads\/2023\/11\/SoI-War_23-10-29_IDF_01-11-1.jpg\",\"keywords\":[\"Derechos humanos\",\"Direitos humanos\"],\"articleSection\":[\"Pol\u00edtica\",\"Pol\u00edtica global\",\"Pol\u00edtics\"],\"inLanguage\":\"pt-PT\",\"potentialAction\":[{\"@type\":\"CommentAction\",\"name\":\"Comment\",\"target\":[\"https:\/\/xqthenews.com\/pt-pt\/israel-uma-potencia-militarista-e-testada-em-combate\/#respond\"]}]},{\"@type\":\"WebPage\",\"@id\":\"https:\/\/xqthenews.com\/pt-pt\/israel-uma-potencia-militarista-e-testada-em-combate\/\",\"url\":\"https:\/\/xqthenews.com\/pt-pt\/israel-uma-potencia-militarista-e-testada-em-combate\/\",\"name\":\"Israel, uma pot\u00eancia militarista e \u201ctestada em combate\u201d - xqthenews\",\"isPartOf\":{\"@id\":\"https:\/\/xqthenews.com\/es\/#website\"},\"primaryImageOfPage\":{\"@id\":\"https:\/\/xqthenews.com\/pt-pt\/israel-uma-potencia-militarista-e-testada-em-combate\/#primaryimage\"},\"image\":{\"@id\":\"https:\/\/xqthenews.com\/pt-pt\/israel-uma-potencia-militarista-e-testada-em-combate\/#primaryimage\"},\"thumbnailUrl\":\"https:\/\/xqthenews.com\/wp-content\/uploads\/2023\/11\/SoI-War_23-10-29_IDF_01-11-1.jpg\",\"datePublished\":\"2023-11-22T07:03:16+00:00\",\"dateModified\":\"2024-09-10T22:10:31+00:00\",\"author\":{\"@id\":\"https:\/\/xqthenews.com\/es\/#\/schema\/person\/7c019326fd251f5591a24de1868c7feb\"},\"breadcrumb\":{\"@id\":\"https:\/\/xqthenews.com\/pt-pt\/israel-uma-potencia-militarista-e-testada-em-combate\/#breadcrumb\"},\"inLanguage\":\"pt-PT\",\"potentialAction\":[{\"@type\":\"ReadAction\",\"target\":[\"https:\/\/xqthenews.com\/pt-pt\/israel-uma-potencia-militarista-e-testada-em-combate\/\"]}]},{\"@type\":\"ImageObject\",\"inLanguage\":\"pt-PT\",\"@id\":\"https:\/\/xqthenews.com\/pt-pt\/israel-uma-potencia-militarista-e-testada-em-combate\/#primaryimage\",\"url\":\"https:\/\/xqthenews.com\/wp-content\/uploads\/2023\/11\/SoI-War_23-10-29_IDF_01-11-1.jpg\",\"contentUrl\":\"https:\/\/xqthenews.com\/wp-content\/uploads\/2023\/11\/SoI-War_23-10-29_IDF_01-11-1.jpg\",\"width\":1280,\"height\":854},{\"@type\":\"BreadcrumbList\",\"@id\":\"https:\/\/xqthenews.com\/pt-pt\/israel-uma-potencia-militarista-e-testada-em-combate\/#breadcrumb\",\"itemListElement\":[{\"@type\":\"ListItem\",\"position\":1,\"name\":\"Portada\",\"item\":\"https:\/\/xqthenews.com\/pt-pt\/\"},{\"@type\":\"ListItem\",\"position\":2,\"name\":\"Israel, uma pot\u00eancia militarista e \u201ctestada em combate\u201d\"}]},{\"@type\":\"WebSite\",\"@id\":\"https:\/\/xqthenews.com\/es\/#website\",\"url\":\"https:\/\/xqthenews.com\/es\/\",\"name\":\"xqthenews\",\"description\":\"El porqu\u00e9 de las noticias\",\"potentialAction\":[{\"@type\":\"SearchAction\",\"target\":{\"@type\":\"EntryPoint\",\"urlTemplate\":\"https:\/\/xqthenews.com\/es\/?s={search_term_string}\"},\"query-input\":{\"@type\":\"PropertyValueSpecification\",\"valueRequired\":true,\"valueName\":\"search_term_string\"}}],\"inLanguage\":\"pt-PT\"},{\"@type\":\"Person\",\"@id\":\"https:\/\/xqthenews.com\/es\/#\/schema\/person\/7c019326fd251f5591a24de1868c7feb\",\"name\":\"Laura Casamitjana\",\"image\":{\"@type\":\"ImageObject\",\"inLanguage\":\"pt-PT\",\"@id\":\"https:\/\/xqthenews.com\/es\/#\/schema\/person\/image\/2771612100b03aa6d85fa2461866085b\",\"url\":\"https:\/\/xqthenews.com\/wp-content\/uploads\/2024\/09\/laura-casamitjana_avatar_1-96x96.jpg\",\"contentUrl\":\"https:\/\/xqthenews.com\/wp-content\/uploads\/2024\/09\/laura-casamitjana_avatar_1-96x96.jpg\",\"caption\":\"Laura Casamitjana\"},\"description\":\"Periodista. M\u00e1ster en Periodismo Literario, Comunicaci\u00f3n y Humanidades de la Universidad Aut\u00f3noma de Barcelona. Codirectora y coguionista del documental \u201cBerracas. Mujeres supervivientes que construyen la paz en Colombia\u201d. Actualmente redactora del medio Catalunya Plural, de la Fundaci\u00f3 Periodisme Plural, y XQ The News, de colaboraci\u00f3n europea.\",\"sameAs\":[\"https:\/\/x.com\/Casamitjana\"],\"url\":\"https:\/\/xqthenews.com\/pt-pt\/author\/lcasamitjana\/\"}]}<\/script>\n<!-- \/ Yoast SEO plugin. -->","yoast_head_json":{"title":"Israel, uma pot\u00eancia militarista e \u201ctestada em combate\u201d - xqthenews","robots":{"index":"index","follow":"follow","max-snippet":"max-snippet:-1","max-image-preview":"max-image-preview:large","max-video-preview":"max-video-preview:-1"},"canonical":"https:\/\/xqthenews.com\/pt-pt\/israel-uma-potencia-militarista-e-testada-em-combate\/","og_locale":"pt_PT","og_type":"article","og_title":"Israel, uma pot\u00eancia militarista e \u201ctestada em combate\u201d - xqthenews","og_description":"Com despesas militares crescentes e tecnologia de ponta, Israel destaca-se num contexto de for&ccedil;as assim&eacute;tricas no conflito &aacute;rabe-judaico. Para al&eacute;m do seu armamento &quot;testado em combate&quot;, o seu investimento em defesa recebe um impulso significativo de aliados como os Estados Unidos. O Estado palestiniano desenvolveu v&aacute;rias t&aacute;ticas de guerra que v&atilde;o para al&eacute;m da artilharia.","og_url":"https:\/\/xqthenews.com\/pt-pt\/israel-uma-potencia-militarista-e-testada-em-combate\/","og_site_name":"xqthenews","article_published_time":"2023-11-22T07:03:16+00:00","article_modified_time":"2024-09-10T22:10:31+00:00","og_image":[{"width":1280,"height":854,"url":"https:\/\/xqthenews.com\/wp-content\/uploads\/2023\/11\/SoI-War_23-10-29_IDF_01-11-1.jpg","type":"image\/jpeg"}],"author":"Laura Casamitjana","twitter_card":"summary_large_image","twitter_creator":"@Casamitjana","twitter_misc":{"Escrito por":"Laura Casamitjana","Tempo estimado de leitura":"6 minutos","Written by":"Laura Casamitjana"},"schema":{"@context":"https:\/\/schema.org","@graph":[{"@type":"Article","@id":"https:\/\/xqthenews.com\/pt-pt\/israel-uma-potencia-militarista-e-testada-em-combate\/#article","isPartOf":{"@id":"https:\/\/xqthenews.com\/pt-pt\/israel-uma-potencia-militarista-e-testada-em-combate\/"},"author":{"name":"Laura Casamitjana","@id":"https:\/\/xqthenews.com\/es\/#\/schema\/person\/7c019326fd251f5591a24de1868c7feb"},"headline":"Israel, uma pot\u00eancia militarista e \u201ctestada em combate\u201d","datePublished":"2023-11-22T07:03:16+00:00","dateModified":"2024-09-10T22:10:31+00:00","mainEntityOfPage":{"@id":"https:\/\/xqthenews.com\/pt-pt\/israel-uma-potencia-militarista-e-testada-em-combate\/"},"wordCount":1179,"commentCount":0,"image":{"@id":"https:\/\/xqthenews.com\/pt-pt\/israel-uma-potencia-militarista-e-testada-em-combate\/#primaryimage"},"thumbnailUrl":"https:\/\/xqthenews.com\/wp-content\/uploads\/2023\/11\/SoI-War_23-10-29_IDF_01-11-1.jpg","keywords":["Derechos humanos","Direitos humanos"],"articleSection":["Pol\u00edtica","Pol\u00edtica global","Pol\u00edtics"],"inLanguage":"pt-PT","potentialAction":[{"@type":"CommentAction","name":"Comment","target":["https:\/\/xqthenews.com\/pt-pt\/israel-uma-potencia-militarista-e-testada-em-combate\/#respond"]}]},{"@type":"WebPage","@id":"https:\/\/xqthenews.com\/pt-pt\/israel-uma-potencia-militarista-e-testada-em-combate\/","url":"https:\/\/xqthenews.com\/pt-pt\/israel-uma-potencia-militarista-e-testada-em-combate\/","name":"Israel, uma pot\u00eancia militarista e \u201ctestada em combate\u201d - xqthenews","isPartOf":{"@id":"https:\/\/xqthenews.com\/es\/#website"},"primaryImageOfPage":{"@id":"https:\/\/xqthenews.com\/pt-pt\/israel-uma-potencia-militarista-e-testada-em-combate\/#primaryimage"},"image":{"@id":"https:\/\/xqthenews.com\/pt-pt\/israel-uma-potencia-militarista-e-testada-em-combate\/#primaryimage"},"thumbnailUrl":"https:\/\/xqthenews.com\/wp-content\/uploads\/2023\/11\/SoI-War_23-10-29_IDF_01-11-1.jpg","datePublished":"2023-11-22T07:03:16+00:00","dateModified":"2024-09-10T22:10:31+00:00","author":{"@id":"https:\/\/xqthenews.com\/es\/#\/schema\/person\/7c019326fd251f5591a24de1868c7feb"},"breadcrumb":{"@id":"https:\/\/xqthenews.com\/pt-pt\/israel-uma-potencia-militarista-e-testada-em-combate\/#breadcrumb"},"inLanguage":"pt-PT","potentialAction":[{"@type":"ReadAction","target":["https:\/\/xqthenews.com\/pt-pt\/israel-uma-potencia-militarista-e-testada-em-combate\/"]}]},{"@type":"ImageObject","inLanguage":"pt-PT","@id":"https:\/\/xqthenews.com\/pt-pt\/israel-uma-potencia-militarista-e-testada-em-combate\/#primaryimage","url":"https:\/\/xqthenews.com\/wp-content\/uploads\/2023\/11\/SoI-War_23-10-29_IDF_01-11-1.jpg","contentUrl":"https:\/\/xqthenews.com\/wp-content\/uploads\/2023\/11\/SoI-War_23-10-29_IDF_01-11-1.jpg","width":1280,"height":854},{"@type":"BreadcrumbList","@id":"https:\/\/xqthenews.com\/pt-pt\/israel-uma-potencia-militarista-e-testada-em-combate\/#breadcrumb","itemListElement":[{"@type":"ListItem","position":1,"name":"Portada","item":"https:\/\/xqthenews.com\/pt-pt\/"},{"@type":"ListItem","position":2,"name":"Israel, uma pot\u00eancia militarista e \u201ctestada em combate\u201d"}]},{"@type":"WebSite","@id":"https:\/\/xqthenews.com\/es\/#website","url":"https:\/\/xqthenews.com\/es\/","name":"xqthenews","description":"El porqu\u00e9 de las noticias","potentialAction":[{"@type":"SearchAction","target":{"@type":"EntryPoint","urlTemplate":"https:\/\/xqthenews.com\/es\/?s={search_term_string}"},"query-input":{"@type":"PropertyValueSpecification","valueRequired":true,"valueName":"search_term_string"}}],"inLanguage":"pt-PT"},{"@type":"Person","@id":"https:\/\/xqthenews.com\/es\/#\/schema\/person\/7c019326fd251f5591a24de1868c7feb","name":"Laura Casamitjana","image":{"@type":"ImageObject","inLanguage":"pt-PT","@id":"https:\/\/xqthenews.com\/es\/#\/schema\/person\/image\/2771612100b03aa6d85fa2461866085b","url":"https:\/\/xqthenews.com\/wp-content\/uploads\/2024\/09\/laura-casamitjana_avatar_1-96x96.jpg","contentUrl":"https:\/\/xqthenews.com\/wp-content\/uploads\/2024\/09\/laura-casamitjana_avatar_1-96x96.jpg","caption":"Laura Casamitjana"},"description":"Periodista. M\u00e1ster en Periodismo Literario, Comunicaci\u00f3n y Humanidades de la Universidad Aut\u00f3noma de Barcelona. Codirectora y coguionista del documental \u201cBerracas. Mujeres supervivientes que construyen la paz en Colombia\u201d. Actualmente redactora del medio Catalunya Plural, de la Fundaci\u00f3 Periodisme Plural, y XQ The News, de colaboraci\u00f3n europea.","sameAs":["https:\/\/x.com\/Casamitjana"],"url":"https:\/\/xqthenews.com\/pt-pt\/author\/lcasamitjana\/"}]}},"_links":{"self":[{"href":"https:\/\/xqthenews.com\/pt-pt\/wp-json\/wp\/v2\/posts\/13716","targetHints":{"allow":["GET"]}}],"collection":[{"href":"https:\/\/xqthenews.com\/pt-pt\/wp-json\/wp\/v2\/posts"}],"about":[{"href":"https:\/\/xqthenews.com\/pt-pt\/wp-json\/wp\/v2\/types\/post"}],"author":[{"embeddable":true,"href":"https:\/\/xqthenews.com\/pt-pt\/wp-json\/wp\/v2\/users\/26"}],"replies":[{"embeddable":true,"href":"https:\/\/xqthenews.com\/pt-pt\/wp-json\/wp\/v2\/comments?post=13716"}],"version-history":[{"count":0,"href":"https:\/\/xqthenews.com\/pt-pt\/wp-json\/wp\/v2\/posts\/13716\/revisions"}],"wp:featuredmedia":[{"embeddable":true,"href":"https:\/\/xqthenews.com\/pt-pt\/wp-json\/wp\/v2\/media\/13604"}],"wp:attachment":[{"href":"https:\/\/xqthenews.com\/pt-pt\/wp-json\/wp\/v2\/media?parent=13716"}],"wp:term":[{"taxonomy":"category","embeddable":true,"href":"https:\/\/xqthenews.com\/pt-pt\/wp-json\/wp\/v2\/categories?post=13716"},{"taxonomy":"post_tag","embeddable":true,"href":"https:\/\/xqthenews.com\/pt-pt\/wp-json\/wp\/v2\/tags?post=13716"},{"taxonomy":"author","embeddable":true,"href":"https:\/\/xqthenews.com\/pt-pt\/wp-json\/wp\/v2\/coauthors?post=13716"}],"curies":[{"name":"wp","href":"https:\/\/api.w.org\/{rel}","templated":true}]}}