{"id":26565,"date":"2024-12-11T08:34:23","date_gmt":"2024-12-11T07:34:23","guid":{"rendered":"https:\/\/xqthenews.com\/?p=26565"},"modified":"2024-12-16T10:49:08","modified_gmt":"2024-12-16T09:49:08","slug":"maria-calado-i-disturbi-alimentari-iniziano-prima-e-colpiscono-piu-ragazze","status":"publish","type":"post","link":"https:\/\/xqthenews.com\/it\/maria-calado-i-disturbi-alimentari-iniziano-prima-e-colpiscono-piu-ragazze\/","title":{"rendered":"Mar\u00eda Calado: &#8220;I disturbi alimentari iniziano prima e colpiscono pi\u00f9 ragazze&#8221;"},"content":{"rendered":"<p><strong>Abbiamo intervistato Mar&iacute;a Calado sulla situazione delle donne in relazione ai disturbi alimentari, il peso dei <a class=\"glossaryLink\" aria-describedby=\"tt\" data-cmtooltip=\"&lt;div class=glossaryItemTitle&gt;Social network&lt;\/div&gt;&lt;div class=glossaryItemBody&gt;&amp;lt;!-- wp:paragraph {&amp;quot;translatedWithWPMLTM&amp;quot;:&amp;quot;1&amp;quot;} --&amp;gt;Il termine deriva dall&amp;#039;inglese social networking service o social networking site che significa servizio di rete sociale o sito di rete sociale. Si tratta di un servizio internet per la gestione di rapporti e reti sociali, fruibile attraverso browser o applicazioni (App) che permette consente la comunicazione e la condivisione di testi, audio, immagini e video.&amp;lt;br\/&amp;gt;&amp;lt;!-- \/wp:paragraph --&amp;gt;&lt;\/div&gt;&lt;div class=&amp;quot;cmtt_related_articles_wrapper&amp;quot;&gt;&lt;div class=&amp;quot;cmtt_related_title cmtt_related_articles_title&amp;quot;&gt;Related Articles: &lt;\/div&gt;&lt;ul class=&amp;quot;cmtt_related&amp;quot;&gt;&lt;li class=&amp;quot;cmtt_related_item&amp;quot;&gt;&lt;a href=&amp;quot;https:\/\/xqthenews.com\/it\/non-mi-piace-che-mia-madre-pubblichi-foto-di-me-sui-social-media\/&amp;quot;target=&amp;quot;_blank&amp;quot;&gt;&amp;#8220;Non mi piace che mia madre pubblichi foto di me sui social media&amp;#8221;.&lt;\/a&gt;&lt;\/li&gt;&lt;li class=&amp;quot;cmtt_related_item&amp;quot;&gt;&lt;a href=&amp;quot;https:\/\/xqthenews.com\/it\/avvicinare-i-giovani-al-processo-decisionale-politico-una-sfida-urgente\/&amp;quot;target=&amp;quot;_blank&amp;quot;&gt;Avvicinare i giovani al processo decisionale politico: una sfida urgente&lt;\/a&gt;&lt;\/li&gt;&lt;li class=&amp;quot;cmtt_related_item&amp;quot;&gt;&lt;a href=&amp;quot;https:\/\/xqthenews.com\/it\/sephora-kids-unapologia-virale-della-cosmetorexia-precoce\/&amp;quot;target=&amp;quot;_blank&amp;quot;&gt;Sephora Kids, un&amp;#8217;apologia virale della cosmeticoressia precoce&lt;\/a&gt;&lt;\/li&gt;&lt;li class=&amp;quot;cmtt_related_item&amp;quot;&gt;&lt;a href=&amp;quot;https:\/\/xqthenews.com\/it\/il-parlamento-determinera-la-traiettoria-delleuropa-del-2030\/&amp;quot;target=&amp;quot;_blank&amp;quot;&gt;Il Parlamento determiner&agrave; la traiettoria dell&rsquo;Europa del 2030&lt;\/a&gt;&lt;\/li&gt;&lt;li class=&amp;quot;cmtt_related_item&amp;quot;&gt;&lt;a href=&amp;quot;https:\/\/xqthenews.com\/it\/xq-video-podcast-gli-impatti-dei-social-media-dalla-radicalizzazione-politica-alla-salute-mentale\/&amp;quot;target=&amp;quot;_blank&amp;quot;&gt;XQ Video-Podcast. Gli impatti dei social media: dalla radicalizzazione politica alla salute mentale&lt;\/a&gt;&lt;\/li&gt;&lt;\/ul&gt;&lt;\/div&gt;\" href=\"https:\/\/xqthenews.com\/it\/glossary\/social-network\/\" data-gt-translate-attributes='[{\"attribute\":\"data-cmtooltip\", \"format\":\"html\"}]' tabindex=\"0\" role=\"link\">social network<\/a>, dei media, della famiglia, della scuola e del sistema sanitario nel perpetuare concezioni errate come confondere la magrezza con la salute<\/strong><\/p>\n\n\n\n<p>Mar&iacute;a Calado &egrave; autrice di un recente studio intitolato <em>Informe sobre mujeres j&oacute;venes y trastornos de la conducta alimentaria: impacto de los roles y estereotipos de g&eacute;nero<\/em> (Rapporto su giovani donne e disturbi alimentari: l&rsquo;impatto dei ruoli e degli <a class=\"glossaryLink\" aria-describedby=\"tt\" data-cmtooltip=\"&lt;div class=glossaryItemTitle&gt;Stereotipi di Genere&lt;\/div&gt;&lt;div class=glossaryItemBody&gt;&amp;lt;!-- wp:paragraph {&amp;quot;translatedWithWPMLTM&amp;quot;:&amp;quot;1&amp;quot;} --&amp;gt;Riguardano la visione generalizzata e i preconcetti su specifici attributi, caratteristiche intrinseche e ruoli immodificabili che sono o dovrebbero essere posseduti o svolti dalle donne. Lo stereotipo di genere &egrave; sempre dannoso in quanto limita la capacit&agrave;, sia delle donne che degli uomini, di sviluppare le proprie capacit&agrave; personali, perseguire la propria carriera professionale e, pi&ugrave; in generale, compiere scelte libere e consapevoli sulla propria vita. &amp;lt;br\/&amp;gt;&amp;lt;!-- \/wp:paragraph --&amp;gt;&lt;\/div&gt;&lt;div class=&amp;quot;cmtt_related_articles_wrapper&amp;quot;&gt;&lt;div class=&amp;quot;cmtt_related_title cmtt_related_articles_title&amp;quot;&gt;Related Articles: &lt;\/div&gt;&lt;ul class=&amp;quot;cmtt_related&amp;quot;&gt;&lt;li class=&amp;quot;cmtt_related_item&amp;quot;&gt;&lt;a href=&amp;quot;https:\/\/xqthenews.com\/it\/maria-calado-i-disturbi-alimentari-iniziano-prima-e-colpiscono-piu-ragazze\/&amp;quot;target=&amp;quot;_blank&amp;quot;&gt;Mar&iacute;a Calado: &amp;#8220;I disturbi alimentari iniziano prima e colpiscono pi&ugrave; ragazze&amp;#8221;&lt;\/a&gt;&lt;\/li&gt;&lt;\/ul&gt;&lt;\/div&gt;\" href=\"https:\/\/xqthenews.com\/it\/glossary\/stereotipi-di-genere\/\" data-gt-translate-attributes='[{\"attribute\":\"data-cmtooltip\", \"format\":\"html\"}]' tabindex=\"0\" role=\"link\">stereotipi di genere<\/a>), commissionato dall&rsquo;Istituto delle Donne.<br>&nbsp;Con una laurea in psicologia e un dottorato in psicopedagogia, Calado &egrave; esperta di genere e ricercatrice presso l&rsquo;Universit&agrave; Internazionale di La Rioja. Gran parte del suo lavoro si concentra sui disturbi alimentari da una prospettiva di genere, a partire dalla sua tesi sul ruolo dei media nel loro sviluppo.<br>&nbsp;Abbiamo parlato con lei del suo ultimo rapporto, della violenza istituzionale contro le donne in sovrappeso nel sistema educativo e sanitario, e della comune confusione tra magrezza e salute. &ldquo;&Egrave; un fattore di rischio, ma non c&rsquo;&egrave; un legame causale diretto&rdquo;, spiega la ricercatrice.<\/p>\n\n\n\n<h4 class=\"wp-block-heading\"><strong>Qual &egrave; la situazione delle giovani donne e delle adolescenti in relazione al loro corpo?<\/strong><\/h4>\n\n\n\n<p>Molto preoccupante. Anche se non ci sono ricerche epidemiologiche che forniscano dati reali sulla <a class=\"glossaryLink\" aria-describedby=\"tt\" data-cmtooltip=\"&lt;div class=glossaryItemTitle&gt;Prevalenza&lt;\/div&gt;&lt;div class=glossaryItemBody&gt;&amp;lt;!-- wp:paragraph {&amp;quot;translatedWithWPMLTM&amp;quot;:&amp;quot;1&amp;quot;} --&amp;gt;Si riferisce alla proporzione di individui che presentano una caratteristica specifica in una popolazione in un dato momento.&amp;lt;br\/&amp;gt;&amp;lt;!-- \/wp:paragraph --&amp;gt;&lt;\/div&gt;&lt;div class=&amp;quot;cmtt_related_articles_wrapper&amp;quot;&gt;&lt;div class=&amp;quot;cmtt_related_title cmtt_related_articles_title&amp;quot;&gt;Related Articles: &lt;\/div&gt;&lt;ul class=&amp;quot;cmtt_related&amp;quot;&gt;&lt;li class=&amp;quot;cmtt_related_item&amp;quot;&gt;&lt;a href=&amp;quot;https:\/\/xqthenews.com\/it\/maria-calado-i-disturbi-alimentari-iniziano-prima-e-colpiscono-piu-ragazze\/&amp;quot;target=&amp;quot;_blank&amp;quot;&gt;Mar&iacute;a Calado: &amp;#8220;I disturbi alimentari iniziano prima e colpiscono pi&ugrave; ragazze&amp;#8221;&lt;\/a&gt;&lt;\/li&gt;&lt;\/ul&gt;&lt;\/div&gt;\" href=\"https:\/\/xqthenews.com\/it\/glossary\/prevalenza\/\" data-gt-translate-attributes='[{\"attribute\":\"data-cmtooltip\", \"format\":\"html\"}]' tabindex=\"0\" role=\"link\">prevalenza<\/a> dei disturbi alimentari nel nostro paese, ci sono dati, ad esempio, sui ricoveri ospedalieri. L&rsquo;Istituto delle Donne ha pubblicato alcune infografiche che mostrano come, dalla pandemia di Covid-19, il numero di casi di disturbi alimentari sia aumentato vertiginosamente.<br>&nbsp;Questo non rappresenta l&rsquo;intera situazione, ma &egrave; un indicatore. Inoltre, negli ospedali, nelle unit&agrave; specifiche per i disturbi alimentari, si riscontra che l&rsquo;insorgenza dei disturbi avviene sempre pi&ugrave; precocemente e coinvolge un numero crescente di bambine. &Egrave; davvero allarmante.<\/p>\n\n\n\n<p>Il Covid-19 &egrave; stato un punto di svolta. Molte ragazze hanno passato pi&ugrave; tempo davanti agli schermi, con lo svantaggio di accedere a contenuti molto dannosi. Prima, quando ero giovane, i contenuti dannosi si trovavano nelle riviste che oggettivavano le donne, ma ci&ograve; accadeva solo una volta alla settimana; oppure in un certo programma televisivo o video musicale. Ora, invece, sono continuamente esposte, avendo accesso costante tramite tablet, telefoni o altri dispositivi a questi messaggi nocivi sull&rsquo;immagine corporea.<\/p>\n\n\n\n<h4 class=\"wp-block-heading\"><strong>Nel suo rapporto, si evidenzia il ruolo dei media e dei social network. Come pensa che gli algoritmi influenzino le ragazze?<\/strong><\/h4>\n\n\n\n<p>Non so esattamente come funzionano, ma so cosa dicono gli esperti. Le adolescenti sono preoccupate per l&rsquo;immagine corporea, e ci&ograve; alimenta molti interessi economici. Gli algoritmi mostrano contenuti da marchi, video musicali, <a class=\"glossaryLink\" aria-describedby=\"tt\" data-cmtooltip=\"&lt;div class=glossaryItemTitle&gt;Influencer&lt;\/div&gt;&lt;div class=glossaryItemBody&gt;&amp;lt;!-- wp:paragraph {&amp;quot;translatedWithWPMLTM&amp;quot;:&amp;quot;1&amp;quot;} --&amp;gt;L&amp;#039;influencer &egrave; una persona molto popolare sui social network che, attraverso i post, sia sotto forma di testi, che di video, &egrave; un grado di influire sulle scelte e sulle opinioni di una determinata categoria di pubblico (i suoi follower).&amp;lt;br\/&amp;gt;&amp;lt;!-- \/wp:paragraph --&amp;gt;&lt;\/div&gt;&lt;div class=&amp;quot;cmtt_related_articles_wrapper&amp;quot;&gt;&lt;div class=&amp;quot;cmtt_related_title cmtt_related_articles_title&amp;quot;&gt;Related Articles: &lt;\/div&gt;&lt;ul class=&amp;quot;cmtt_related&amp;quot;&gt;&lt;li class=&amp;quot;cmtt_related_item&amp;quot;&gt;&lt;a href=&amp;quot;https:\/\/xqthenews.com\/it\/la-plastica-invade-i-mari-cronaca-di-un-nuovo-ecocidio-al-largo-della-costa-galiziana\/&amp;quot;target=&amp;quot;_blank&amp;quot;&gt;La plastica invade i mari: cronaca di un nuovo ecocidio al largo della costa galiziana&lt;\/a&gt;&lt;\/li&gt;&lt;li class=&amp;quot;cmtt_related_item&amp;quot;&gt;&lt;a href=&amp;quot;https:\/\/xqthenews.com\/it\/sephora-kids-unapologia-virale-della-cosmetorexia-precoce\/&amp;quot;target=&amp;quot;_blank&amp;quot;&gt;Sephora Kids, un&amp;#8217;apologia virale della cosmeticoressia precoce&lt;\/a&gt;&lt;\/li&gt;&lt;li class=&amp;quot;cmtt_related_item&amp;quot;&gt;&lt;a href=&amp;quot;https:\/\/xqthenews.com\/it\/xq-video-podcast-gli-impatti-dei-social-media-dalla-radicalizzazione-politica-alla-salute-mentale\/&amp;quot;target=&amp;quot;_blank&amp;quot;&gt;XQ Video-Podcast. Gli impatti dei social media: dalla radicalizzazione politica alla salute mentale&lt;\/a&gt;&lt;\/li&gt;&lt;li class=&amp;quot;cmtt_related_item&amp;quot;&gt;&lt;a href=&amp;quot;https:\/\/xqthenews.com\/it\/trad-life-una-scelta-femminista\/&amp;quot;target=&amp;quot;_blank&amp;quot;&gt;Trad-life: una scelta femminista?&lt;\/a&gt;&lt;\/li&gt;&lt;li class=&amp;quot;cmtt_related_item&amp;quot;&gt;&lt;a href=&amp;quot;https:\/\/xqthenews.com\/it\/maria-calado-i-disturbi-alimentari-iniziano-prima-e-colpiscono-piu-ragazze\/&amp;quot;target=&amp;quot;_blank&amp;quot;&gt;Mar&iacute;a Calado: &amp;#8220;I disturbi alimentari iniziano prima e colpiscono pi&ugrave; ragazze&amp;#8221;&lt;\/a&gt;&lt;\/li&gt;&lt;\/ul&gt;&lt;\/div&gt;\" href=\"https:\/\/xqthenews.com\/it\/glossary\/influencer\/\" data-gt-translate-attributes='[{\"attribute\":\"data-cmtooltip\", \"format\":\"html\"}]' tabindex=\"0\" role=\"link\">influencer<\/a> che si ritiene abbiano un impatto economico. E questi contenuti sono spesso legati a una visione tradizionale della donna.<br>&nbsp;Ad esempio, c&rsquo;&egrave; il caso di Roro, una &ldquo;<a class=\"glossaryLink\" aria-describedby=\"tt\" data-cmtooltip=\"&lt;div class=glossaryItemTitle&gt;Tradwife&lt;\/div&gt;&lt;div class=glossaryItemBody&gt;&amp;lt;!-- wp:paragraph {&amp;quot;translatedWithWPMLTM&amp;quot;:&amp;quot;1&amp;quot;} --&amp;gt;Tradwife &egrave; un termine usato per descrivere le donne che scelgono un ruolo tradizionale di moglie, centrato sulla casa e la famiglia, spesso idealizzando valori conservatori. &Egrave; controverso per la sua associazione con il femminismo. &amp;lt;br\/&amp;gt;&amp;lt;!-- \/wp:paragraph --&amp;gt;&lt;\/div&gt;&lt;div class=&amp;quot;cmtt_related_articles_wrapper&amp;quot;&gt;&lt;div class=&amp;quot;cmtt_related_title cmtt_related_articles_title&amp;quot;&gt;Related Articles: &lt;\/div&gt;&lt;ul class=&amp;quot;cmtt_related&amp;quot;&gt;&lt;li class=&amp;quot;cmtt_related_item&amp;quot;&gt;&lt;a href=&amp;quot;https:\/\/xqthenews.com\/it\/trad-life-una-scelta-femminista\/&amp;quot;target=&amp;quot;_blank&amp;quot;&gt;Trad-life: una scelta femminista?&lt;\/a&gt;&lt;\/li&gt;&lt;li class=&amp;quot;cmtt_related_item&amp;quot;&gt;&lt;a href=&amp;quot;https:\/\/xqthenews.com\/it\/maria-calado-i-disturbi-alimentari-iniziano-prima-e-colpiscono-piu-ragazze\/&amp;quot;target=&amp;quot;_blank&amp;quot;&gt;Mar&iacute;a Calado: &amp;#8220;I disturbi alimentari iniziano prima e colpiscono pi&ugrave; ragazze&amp;#8221;&lt;\/a&gt;&lt;\/li&gt;&lt;\/ul&gt;&lt;\/div&gt;\" href=\"https:\/\/xqthenews.com\/it\/glossary\/tradwife\/\" data-gt-translate-attributes='[{\"attribute\":\"data-cmtooltip\", \"format\":\"html\"}]' tabindex=\"0\" role=\"link\">tradwife<\/a>&rdquo; <a class=\"glossaryLink\" aria-describedby=\"tt\" data-cmtooltip=\"&lt;div class=glossaryItemTitle&gt;Influencer&lt;\/div&gt;&lt;div class=glossaryItemBody&gt;&amp;lt;!-- wp:paragraph {&amp;quot;translatedWithWPMLTM&amp;quot;:&amp;quot;1&amp;quot;} --&amp;gt;L&amp;#039;influencer &egrave; una persona molto popolare sui social network che, attraverso i post, sia sotto forma di testi, che di video, &egrave; un grado di influire sulle scelte e sulle opinioni di una determinata categoria di pubblico (i suoi follower).&amp;lt;br\/&amp;gt;&amp;lt;!-- \/wp:paragraph --&amp;gt;&lt;\/div&gt;&lt;div class=&amp;quot;cmtt_related_articles_wrapper&amp;quot;&gt;&lt;div class=&amp;quot;cmtt_related_title cmtt_related_articles_title&amp;quot;&gt;Related Articles: &lt;\/div&gt;&lt;ul class=&amp;quot;cmtt_related&amp;quot;&gt;&lt;li class=&amp;quot;cmtt_related_item&amp;quot;&gt;&lt;a href=&amp;quot;https:\/\/xqthenews.com\/it\/la-plastica-invade-i-mari-cronaca-di-un-nuovo-ecocidio-al-largo-della-costa-galiziana\/&amp;quot;target=&amp;quot;_blank&amp;quot;&gt;La plastica invade i mari: cronaca di un nuovo ecocidio al largo della costa galiziana&lt;\/a&gt;&lt;\/li&gt;&lt;li class=&amp;quot;cmtt_related_item&amp;quot;&gt;&lt;a href=&amp;quot;https:\/\/xqthenews.com\/it\/sephora-kids-unapologia-virale-della-cosmetorexia-precoce\/&amp;quot;target=&amp;quot;_blank&amp;quot;&gt;Sephora Kids, un&amp;#8217;apologia virale della cosmeticoressia precoce&lt;\/a&gt;&lt;\/li&gt;&lt;li class=&amp;quot;cmtt_related_item&amp;quot;&gt;&lt;a href=&amp;quot;https:\/\/xqthenews.com\/it\/xq-video-podcast-gli-impatti-dei-social-media-dalla-radicalizzazione-politica-alla-salute-mentale\/&amp;quot;target=&amp;quot;_blank&amp;quot;&gt;XQ Video-Podcast. Gli impatti dei social media: dalla radicalizzazione politica alla salute mentale&lt;\/a&gt;&lt;\/li&gt;&lt;li class=&amp;quot;cmtt_related_item&amp;quot;&gt;&lt;a href=&amp;quot;https:\/\/xqthenews.com\/it\/trad-life-una-scelta-femminista\/&amp;quot;target=&amp;quot;_blank&amp;quot;&gt;Trad-life: una scelta femminista?&lt;\/a&gt;&lt;\/li&gt;&lt;li class=&amp;quot;cmtt_related_item&amp;quot;&gt;&lt;a href=&amp;quot;https:\/\/xqthenews.com\/it\/maria-calado-i-disturbi-alimentari-iniziano-prima-e-colpiscono-piu-ragazze\/&amp;quot;target=&amp;quot;_blank&amp;quot;&gt;Mar&iacute;a Calado: &amp;#8220;I disturbi alimentari iniziano prima e colpiscono pi&ugrave; ragazze&amp;#8221;&lt;\/a&gt;&lt;\/li&gt;&lt;\/ul&gt;&lt;\/div&gt;\" href=\"https:\/\/xqthenews.com\/it\/glossary\/influencer\/\" data-gt-translate-attributes='[{\"attribute\":\"data-cmtooltip\", \"format\":\"html\"}]' tabindex=\"0\" role=\"link\">influencer<\/a> che promuove uno stile di vita apparentemente tradizionale mentre guadagna denaro. C&rsquo;&egrave; una dissonanza, ma le ragazze che la seguono probabilmente non se ne accorgono e non comprendono quanto il suo messaggio sia contraddittorio rispetto alle sue azioni reali.<br>&nbsp;Esiste un enorme business in varie industrie &mdash; alimentare, lifestyle, moda, farmaceutica &mdash; che sfrutta le preoccupazioni delle donne riguardo al corpo e all&rsquo;immagine corporea.<\/p>\n\n\n\n<h4 class=\"wp-block-heading\"><strong>Gli algoritmi dovrebbero essere regolati per proteggere la salute mentale delle giovani donne?<\/strong><\/h4>\n\n\n\n<p>Non sono un&rsquo;esperta, ma penso che ci sia gi&agrave; una legislazione in vigore, anche se sembra non venga applicata. Con le nuove tecnologie, non solo i <a class=\"glossaryLink\" aria-describedby=\"tt\" data-cmtooltip=\"&lt;div class=glossaryItemTitle&gt;Social network&lt;\/div&gt;&lt;div class=glossaryItemBody&gt;&amp;lt;!-- wp:paragraph {&amp;quot;translatedWithWPMLTM&amp;quot;:&amp;quot;1&amp;quot;} --&amp;gt;Il termine deriva dall&amp;#039;inglese social networking service o social networking site che significa servizio di rete sociale o sito di rete sociale. Si tratta di un servizio internet per la gestione di rapporti e reti sociali, fruibile attraverso browser o applicazioni (App) che permette consente la comunicazione e la condivisione di testi, audio, immagini e video.&amp;lt;br\/&amp;gt;&amp;lt;!-- \/wp:paragraph --&amp;gt;&lt;\/div&gt;&lt;div class=&amp;quot;cmtt_related_articles_wrapper&amp;quot;&gt;&lt;div class=&amp;quot;cmtt_related_title cmtt_related_articles_title&amp;quot;&gt;Related Articles: &lt;\/div&gt;&lt;ul class=&amp;quot;cmtt_related&amp;quot;&gt;&lt;li class=&amp;quot;cmtt_related_item&amp;quot;&gt;&lt;a href=&amp;quot;https:\/\/xqthenews.com\/it\/non-mi-piace-che-mia-madre-pubblichi-foto-di-me-sui-social-media\/&amp;quot;target=&amp;quot;_blank&amp;quot;&gt;&amp;#8220;Non mi piace che mia madre pubblichi foto di me sui social media&amp;#8221;.&lt;\/a&gt;&lt;\/li&gt;&lt;li class=&amp;quot;cmtt_related_item&amp;quot;&gt;&lt;a href=&amp;quot;https:\/\/xqthenews.com\/it\/avvicinare-i-giovani-al-processo-decisionale-politico-una-sfida-urgente\/&amp;quot;target=&amp;quot;_blank&amp;quot;&gt;Avvicinare i giovani al processo decisionale politico: una sfida urgente&lt;\/a&gt;&lt;\/li&gt;&lt;li class=&amp;quot;cmtt_related_item&amp;quot;&gt;&lt;a href=&amp;quot;https:\/\/xqthenews.com\/it\/sephora-kids-unapologia-virale-della-cosmetorexia-precoce\/&amp;quot;target=&amp;quot;_blank&amp;quot;&gt;Sephora Kids, un&amp;#8217;apologia virale della cosmeticoressia precoce&lt;\/a&gt;&lt;\/li&gt;&lt;li class=&amp;quot;cmtt_related_item&amp;quot;&gt;&lt;a href=&amp;quot;https:\/\/xqthenews.com\/it\/il-parlamento-determinera-la-traiettoria-delleuropa-del-2030\/&amp;quot;target=&amp;quot;_blank&amp;quot;&gt;Il Parlamento determiner&agrave; la traiettoria dell&rsquo;Europa del 2030&lt;\/a&gt;&lt;\/li&gt;&lt;li class=&amp;quot;cmtt_related_item&amp;quot;&gt;&lt;a href=&amp;quot;https:\/\/xqthenews.com\/it\/xq-video-podcast-gli-impatti-dei-social-media-dalla-radicalizzazione-politica-alla-salute-mentale\/&amp;quot;target=&amp;quot;_blank&amp;quot;&gt;XQ Video-Podcast. Gli impatti dei social media: dalla radicalizzazione politica alla salute mentale&lt;\/a&gt;&lt;\/li&gt;&lt;\/ul&gt;&lt;\/div&gt;\" href=\"https:\/\/xqthenews.com\/it\/glossary\/social-network\/\" data-gt-translate-attributes='[{\"attribute\":\"data-cmtooltip\", \"format\":\"html\"}]' tabindex=\"0\" role=\"link\">social network<\/a>, affrontiamo molti problemi inediti. Ad esempio, non solo per quanto riguarda i disturbi alimentari, ma anche i discorsi di odio.<br>&nbsp;Penso sia necessario regolare alcune questioni, come la pornografia, dove violenza, <a class=\"glossaryLink\" aria-describedby=\"tt\" data-cmtooltip=\"&lt;div class=glossaryItemTitle&gt;Oggettificazione&lt;\/div&gt;&lt;div class=glossaryItemBody&gt;&amp;lt;!-- wp:paragraph {&amp;quot;translatedWithWPMLTM&amp;quot;:&amp;quot;1&amp;quot;} --&amp;gt;L&amp;#039;oggettificazione &egrave; il trattamento di una persona come un oggetto, negandone l&amp;#039;autonomia, la dignit&agrave; o l&amp;#039;umanit&agrave;. Spesso utilizzato in contesti di genere, disumanizzazione o sfruttamento, riduce l&amp;#039;individuo alla sua utilit&agrave;. &amp;lt;br\/&amp;gt;&amp;lt;!-- \/wp:paragraph --&amp;gt;&lt;\/div&gt;&lt;div class=&amp;quot;cmtt_related_articles_wrapper&amp;quot;&gt;&lt;div class=&amp;quot;cmtt_related_title cmtt_related_articles_title&amp;quot;&gt;Related Articles: &lt;\/div&gt;&lt;ul class=&amp;quot;cmtt_related&amp;quot;&gt;&lt;li class=&amp;quot;cmtt_related_item&amp;quot;&gt;&lt;a href=&amp;quot;https:\/\/xqthenews.com\/it\/maria-calado-i-disturbi-alimentari-iniziano-prima-e-colpiscono-piu-ragazze\/&amp;quot;target=&amp;quot;_blank&amp;quot;&gt;Mar&iacute;a Calado: &amp;#8220;I disturbi alimentari iniziano prima e colpiscono pi&ugrave; ragazze&amp;#8221;&lt;\/a&gt;&lt;\/li&gt;&lt;\/ul&gt;&lt;\/div&gt;\" href=\"https:\/\/xqthenews.com\/it\/glossary\/oggettificazione\/\" data-gt-translate-attributes='[{\"attribute\":\"data-cmtooltip\", \"format\":\"html\"}]' tabindex=\"0\" role=\"link\">oggettificazione<\/a>, disumanizzazione e ipersessualizzazione delle donne raggiungono livelli estremi.<\/p>\n\n\n\n<p>Anche l&rsquo;intelligenza artificiale (AI) necessita di regolamentazione, poich&eacute; spesso crea situazioni degradanti per le donne. Ad esempio, quando una donna &egrave; esposta sui social, i commenti che riceve sono spesso legati al suo aspetto fisico.<br>&nbsp;Stiamo assistendo a situazioni di molestie che in passato erano limitate all&rsquo;ambiente scolastico. Ora, invece, questi episodi continuano sui social anche quando i ragazzi tornano a casa. Per le donne, il tipo di molestie ricevute &egrave; frequentemente legato all&rsquo;apparenza fisica.<\/p>\n\n\n\n<p>&Egrave; necessario rivedere la legislazione esistente e regolarla nuovamente. Un esempio &egrave; la normativa sul <a class=\"glossaryLink\" aria-describedby=\"tt\" data-cmtooltip=\"&lt;div class=glossaryItemTitle&gt;Sessismo&lt;\/div&gt;&lt;div class=glossaryItemBody&gt;&amp;lt;!-- wp:paragraph {&amp;quot;translatedWithWPMLTM&amp;quot;:&amp;quot;1&amp;quot;} --&amp;gt;La convinzione della superiorit&agrave; degli uomini sulle donne, che perpetua i ruoli e gli stereotipi di genere, limitano l&amp;#039;uguaglianza e favoriscono discriminazione e disuguaglianza.&amp;lt;br\/&amp;gt;&amp;lt;!-- \/wp:paragraph --&amp;gt;&lt;\/div&gt;&lt;div class=&amp;quot;cmtt_related_articles_wrapper&amp;quot;&gt;&lt;div class=&amp;quot;cmtt_related_title cmtt_related_articles_title&amp;quot;&gt;Related Articles: &lt;\/div&gt;&lt;ul class=&amp;quot;cmtt_related&amp;quot;&gt;&lt;li class=&amp;quot;cmtt_related_item&amp;quot;&gt;&lt;a href=&amp;quot;https:\/\/xqthenews.com\/it\/maria-calado-i-disturbi-alimentari-iniziano-prima-e-colpiscono-piu-ragazze\/&amp;quot;target=&amp;quot;_blank&amp;quot;&gt;Mar&iacute;a Calado: &amp;#8220;I disturbi alimentari iniziano prima e colpiscono pi&ugrave; ragazze&amp;#8221;&lt;\/a&gt;&lt;\/li&gt;&lt;\/ul&gt;&lt;\/div&gt;\" href=\"https:\/\/xqthenews.com\/it\/glossary\/machismo\/\" data-gt-translate-attributes='[{\"attribute\":\"data-cmtooltip\", \"format\":\"html\"}]' tabindex=\"0\" role=\"link\">sessismo<\/a> nella pubblicit&agrave;. Basta camminare per strada, accendere la televisione o navigare sui social per vedere immagini sessiste e degradanti delle donne. Sembra che le questioni regolamentate da anni non stiano funzionando.<\/p>\n\n\n\n<h4 class=\"wp-block-heading\"><strong>Nel suo rapporto ha parlato anche della famiglia. Sembra necessario lavorare con i famigliari in modo specifico, poich&eacute; rappresentano spesso il punto di partenza delle pressioni sociali per associare la magrezza alla salute. Come dovrebbe essere questo lavoro?<\/strong><\/h4>\n\n\n\n<p>Qualche giorno fa ho lanciato una piccola campagna di sensibilizzazione attraverso l&rsquo;<em>Observatorio de Violencias Institucionales Machistas<\/em> (Osservatorio delle violenze istituzionali contro le donne). Mi sono concentrata su due aspetti del rapporto: salute ed educazione. Una collega, sui social, mi ha detto: &ldquo;E le famiglie, Mar&iacute;a? Se leggi il rapporto, specialmente ci&ograve; che dicono le donne con corpi non normativi, come le ragazze con corpi grandi, scoprirai che tutte hanno vissuto situazioni molto umilianti nelle loro famiglie.<\/p>\n\n\n\n<p>E se analizziamo il sondaggio online, emerge lo stesso. Scopriamo che l&rsquo;80% delle donne dichiara di aver ricevuto, in qualche momento, commenti da parte della famiglia riguardo al proprio corpo, al proprio aspetto, a ci&ograve; che mangiano o all&rsquo;esercizio fisico che fanno.<br>&nbsp;I <a class=\"glossaryLink\" aria-describedby=\"tt\" data-cmtooltip=\"&lt;div class=glossaryItemTitle&gt;Social network&lt;\/div&gt;&lt;div class=glossaryItemBody&gt;&amp;lt;!-- wp:paragraph {&amp;quot;translatedWithWPMLTM&amp;quot;:&amp;quot;1&amp;quot;} --&amp;gt;Il termine deriva dall&amp;#039;inglese social networking service o social networking site che significa servizio di rete sociale o sito di rete sociale. Si tratta di un servizio internet per la gestione di rapporti e reti sociali, fruibile attraverso browser o applicazioni (App) che permette consente la comunicazione e la condivisione di testi, audio, immagini e video.&amp;lt;br\/&amp;gt;&amp;lt;!-- \/wp:paragraph --&amp;gt;&lt;\/div&gt;&lt;div class=&amp;quot;cmtt_related_articles_wrapper&amp;quot;&gt;&lt;div class=&amp;quot;cmtt_related_title cmtt_related_articles_title&amp;quot;&gt;Related Articles: &lt;\/div&gt;&lt;ul class=&amp;quot;cmtt_related&amp;quot;&gt;&lt;li class=&amp;quot;cmtt_related_item&amp;quot;&gt;&lt;a href=&amp;quot;https:\/\/xqthenews.com\/it\/non-mi-piace-che-mia-madre-pubblichi-foto-di-me-sui-social-media\/&amp;quot;target=&amp;quot;_blank&amp;quot;&gt;&amp;#8220;Non mi piace che mia madre pubblichi foto di me sui social media&amp;#8221;.&lt;\/a&gt;&lt;\/li&gt;&lt;li class=&amp;quot;cmtt_related_item&amp;quot;&gt;&lt;a href=&amp;quot;https:\/\/xqthenews.com\/it\/avvicinare-i-giovani-al-processo-decisionale-politico-una-sfida-urgente\/&amp;quot;target=&amp;quot;_blank&amp;quot;&gt;Avvicinare i giovani al processo decisionale politico: una sfida urgente&lt;\/a&gt;&lt;\/li&gt;&lt;li class=&amp;quot;cmtt_related_item&amp;quot;&gt;&lt;a href=&amp;quot;https:\/\/xqthenews.com\/it\/sephora-kids-unapologia-virale-della-cosmetorexia-precoce\/&amp;quot;target=&amp;quot;_blank&amp;quot;&gt;Sephora Kids, un&amp;#8217;apologia virale della cosmeticoressia precoce&lt;\/a&gt;&lt;\/li&gt;&lt;li class=&amp;quot;cmtt_related_item&amp;quot;&gt;&lt;a href=&amp;quot;https:\/\/xqthenews.com\/it\/il-parlamento-determinera-la-traiettoria-delleuropa-del-2030\/&amp;quot;target=&amp;quot;_blank&amp;quot;&gt;Il Parlamento determiner&agrave; la traiettoria dell&rsquo;Europa del 2030&lt;\/a&gt;&lt;\/li&gt;&lt;li class=&amp;quot;cmtt_related_item&amp;quot;&gt;&lt;a href=&amp;quot;https:\/\/xqthenews.com\/it\/xq-video-podcast-gli-impatti-dei-social-media-dalla-radicalizzazione-politica-alla-salute-mentale\/&amp;quot;target=&amp;quot;_blank&amp;quot;&gt;XQ Video-Podcast. Gli impatti dei social media: dalla radicalizzazione politica alla salute mentale&lt;\/a&gt;&lt;\/li&gt;&lt;\/ul&gt;&lt;\/div&gt;\" href=\"https:\/\/xqthenews.com\/it\/glossary\/social-network\/\" data-gt-translate-attributes='[{\"attribute\":\"data-cmtooltip\", \"format\":\"html\"}]' tabindex=\"0\" role=\"link\">social network<\/a>, cos&igrave; come in passato i media, inviano messaggi che oggettivano le donne e che sono alla radice dei disturbi alimentari. Per questo, questi disturbi stanno diventando sempre pi&ugrave; comuni tra le donne nelle societ&agrave; occidentali. Tuttavia, &egrave; vero anche che i media e i <a class=\"glossaryLink\" aria-describedby=\"tt\" data-cmtooltip=\"&lt;div class=glossaryItemTitle&gt;Social network&lt;\/div&gt;&lt;div class=glossaryItemBody&gt;&amp;lt;!-- wp:paragraph {&amp;quot;translatedWithWPMLTM&amp;quot;:&amp;quot;1&amp;quot;} --&amp;gt;Il termine deriva dall&amp;#039;inglese social networking service o social networking site che significa servizio di rete sociale o sito di rete sociale. Si tratta di un servizio internet per la gestione di rapporti e reti sociali, fruibile attraverso browser o applicazioni (App) che permette consente la comunicazione e la condivisione di testi, audio, immagini e video.&amp;lt;br\/&amp;gt;&amp;lt;!-- \/wp:paragraph --&amp;gt;&lt;\/div&gt;&lt;div class=&amp;quot;cmtt_related_articles_wrapper&amp;quot;&gt;&lt;div class=&amp;quot;cmtt_related_title cmtt_related_articles_title&amp;quot;&gt;Related Articles: &lt;\/div&gt;&lt;ul class=&amp;quot;cmtt_related&amp;quot;&gt;&lt;li class=&amp;quot;cmtt_related_item&amp;quot;&gt;&lt;a href=&amp;quot;https:\/\/xqthenews.com\/it\/non-mi-piace-che-mia-madre-pubblichi-foto-di-me-sui-social-media\/&amp;quot;target=&amp;quot;_blank&amp;quot;&gt;&amp;#8220;Non mi piace che mia madre pubblichi foto di me sui social media&amp;#8221;.&lt;\/a&gt;&lt;\/li&gt;&lt;li class=&amp;quot;cmtt_related_item&amp;quot;&gt;&lt;a href=&amp;quot;https:\/\/xqthenews.com\/it\/avvicinare-i-giovani-al-processo-decisionale-politico-una-sfida-urgente\/&amp;quot;target=&amp;quot;_blank&amp;quot;&gt;Avvicinare i giovani al processo decisionale politico: una sfida urgente&lt;\/a&gt;&lt;\/li&gt;&lt;li class=&amp;quot;cmtt_related_item&amp;quot;&gt;&lt;a href=&amp;quot;https:\/\/xqthenews.com\/it\/sephora-kids-unapologia-virale-della-cosmetorexia-precoce\/&amp;quot;target=&amp;quot;_blank&amp;quot;&gt;Sephora Kids, un&amp;#8217;apologia virale della cosmeticoressia precoce&lt;\/a&gt;&lt;\/li&gt;&lt;li class=&amp;quot;cmtt_related_item&amp;quot;&gt;&lt;a href=&amp;quot;https:\/\/xqthenews.com\/it\/il-parlamento-determinera-la-traiettoria-delleuropa-del-2030\/&amp;quot;target=&amp;quot;_blank&amp;quot;&gt;Il Parlamento determiner&agrave; la traiettoria dell&rsquo;Europa del 2030&lt;\/a&gt;&lt;\/li&gt;&lt;li class=&amp;quot;cmtt_related_item&amp;quot;&gt;&lt;a href=&amp;quot;https:\/\/xqthenews.com\/it\/xq-video-podcast-gli-impatti-dei-social-media-dalla-radicalizzazione-politica-alla-salute-mentale\/&amp;quot;target=&amp;quot;_blank&amp;quot;&gt;XQ Video-Podcast. Gli impatti dei social media: dalla radicalizzazione politica alla salute mentale&lt;\/a&gt;&lt;\/li&gt;&lt;\/ul&gt;&lt;\/div&gt;\" href=\"https:\/\/xqthenews.com\/it\/glossary\/social-network\/\" data-gt-translate-attributes='[{\"attribute\":\"data-cmtooltip\", \"format\":\"html\"}]' tabindex=\"0\" role=\"link\">social network<\/a> riproducono i messaggi che le donne incontrano quotidianamente nelle loro famiglie, con i compagni di scuola e con le amiche.<\/p>\n\n\n\n<h2 class=\"wp-block-heading has-vivid-green-cyan-color has-text-color has-link-color wp-elements-c5a9d52073b7b6c914aa92909f16d3c4\"><em>&ldquo;Viviamo in una societ&agrave; in cui &egrave; normalizzato parlare dei corpi delle donne&rdquo;<\/em><\/h2>\n\n\n\n<p>Viviamo in una societ&agrave; in cui &egrave; normalizzato parlare dei corpi delle donne. Una societ&agrave; in cui &egrave; interiorizzato che, se non hai un corpo magro e normativo, &egrave; perch&eacute; non stai facendo le cose giuste: non mangi bene, non fai l&rsquo;esercizio fisico necessario.<br>&nbsp;Dimentichiamo tutti i fattori legati alla salute e alla malattia che non hanno nulla a che vedere con ci&ograve; che possiamo fare. Ad esempio, il codice postale: viviamo in un quartiere dove possiamo permetterci un&rsquo;alimentazione pi&ugrave; sana oppure no? Perch&eacute; i prodotti pi&ugrave; economici sono spesso gli ultra-processati. Oppure, la tua famiglia ha il tempo di cucinare? O no, perch&eacute; sono fuori casa tutto il giorno? Non hanno tempo per fare la spesa, pensare a cosa acquistare e cucinare. Non hanno tempo per mangiare insieme.<\/p>\n\n\n\n<p>Ci sono moltissimi fattori legati alle abitudini, a ci&ograve; che dovrebbe essere &ldquo;sano&rdquo;, e all&rsquo;immagine corporea, su cui possiamo e dobbiamo lavorare con le famiglie.<\/p>\n\n\n\n<p>Il lavoro che si sta facendo nelle scuole con bambini e giovani &egrave; del tutto malsano, collegando salute e peso e stigmatizzando certe persone.<\/p>\n\n\n\n<h4 class=\"wp-block-heading\"><strong>Parliamo della magrezza come sinonimo di salute e delle pressioni anche nelle scuole, quando si tratta di alimentazione sana. Il focus &egrave; sulla magrezza, cosa che succede anche nelle famiglie, vero?<\/strong><\/h4>\n\n\n\n<p>Dal mio punto di vista, il lavoro fatto nelle scuole con i bambini e i giovani &egrave; del tutto malsano. Da un lato, non si presenta un quadro realistico di cosa siano salute o malattia in relazione al peso. La salute e la malattia possono esistere in tutte le forme e dimensioni del corpo. Si stigmatizzano quei bambini o giovani che, in un dato momento, poich&eacute; diversi o con un corpo grande, probabilmente hanno gi&agrave; alte probabilit&agrave; di essere vittime di <a class=\"glossaryLink\" aria-describedby=\"tt\" data-cmtooltip=\"&lt;div class=glossaryItemTitle&gt;Bullismo&lt;\/div&gt;&lt;div class=glossaryItemBody&gt;&amp;lt;!-- wp:paragraph {&amp;quot;translatedWithWPMLTM&amp;quot;:&amp;quot;1&amp;quot;} --&amp;gt;Il bullismo &egrave; una forma di violenza verbale, fisica e psicologica ripetuta e nel tempo e perpetuata in modo intenzionale da una o pi&ugrave; persone nei confronti di una vittima pi&ugrave; debole e incapace di difendersi.&amp;lt;br\/&amp;gt;&amp;lt;!-- \/wp:paragraph --&amp;gt;&lt;\/div&gt;&lt;div class=&amp;quot;cmtt_related_articles_wrapper&amp;quot;&gt;&lt;div class=&amp;quot;cmtt_related_title cmtt_related_articles_title&amp;quot;&gt;Related Articles: &lt;\/div&gt;&lt;ul class=&amp;quot;cmtt_related&amp;quot;&gt;&lt;li class=&amp;quot;cmtt_related_item&amp;quot;&gt;&lt;a href=&amp;quot;https:\/\/xqthenews.com\/it\/non-mi-piace-che-mia-madre-pubblichi-foto-di-me-sui-social-media\/&amp;quot;target=&amp;quot;_blank&amp;quot;&gt;&amp;#8220;Non mi piace che mia madre pubblichi foto di me sui social media&amp;#8221;.&lt;\/a&gt;&lt;\/li&gt;&lt;li class=&amp;quot;cmtt_related_item&amp;quot;&gt;&lt;a href=&amp;quot;https:\/\/xqthenews.com\/it\/tiktok-i-pericoli-dellalgoritmo\/&amp;quot;target=&amp;quot;_blank&amp;quot;&gt;TikTok, i pericoli dell&rsquo;algoritmo.&lt;\/a&gt;&lt;\/li&gt;&lt;li class=&amp;quot;cmtt_related_item&amp;quot;&gt;&lt;a href=&amp;quot;https:\/\/xqthenews.com\/it\/in-crescita-i-rapporti-sessuali-a-rischio-tra-adolescenti\/&amp;quot;target=&amp;quot;_blank&amp;quot;&gt;In crescita i rapporti sessuali a rischio tra adolescenti.&lt;\/a&gt;&lt;\/li&gt;&lt;li class=&amp;quot;cmtt_related_item&amp;quot;&gt;&lt;a href=&amp;quot;https:\/\/xqthenews.com\/it\/maria-calado-i-disturbi-alimentari-iniziano-prima-e-colpiscono-piu-ragazze\/&amp;quot;target=&amp;quot;_blank&amp;quot;&gt;Mar&iacute;a Calado: &amp;#8220;I disturbi alimentari iniziano prima e colpiscono pi&ugrave; ragazze&amp;#8221;&lt;\/a&gt;&lt;\/li&gt;&lt;li class=&amp;quot;cmtt_related_item&amp;quot;&gt;&lt;a href=&amp;quot;https:\/\/xqthenews.com\/it\/la-diversa-prospettiva-dellautismo\/&amp;quot;target=&amp;quot;_blank&amp;quot;&gt;La diversa prospettiva dell&amp;#8217;autismo&lt;\/a&gt;&lt;\/li&gt;&lt;\/ul&gt;&lt;\/div&gt;\" href=\"https:\/\/xqthenews.com\/it\/glossary\/bullismo\/\" data-gt-translate-attributes='[{\"attribute\":\"data-cmtooltip\", \"format\":\"html\"}]' tabindex=\"0\" role=\"link\">bullismo<\/a>.<br>&nbsp;Dall&rsquo;altro lato, si dice che tutto dipenda dal controllo, da ci&ograve; che facciamo a casa. Si ignorano questioni biologiche. Non &egrave; solo una questione di potere d&rsquo;acquisto, status socioeconomico o tempo disponibile, ma anche di biologia.<\/p>\n\n\n\n<p>Nei gruppi di discussione ho intervistato una paziente con un corpo non normativo in base al peso, che mi ha detto: &ldquo;Avevo anoressia restrittiva, ma l&rsquo;unico criterio che non soddisfacevo era il peso. Eppure ero molto restrittiva, soffrivo di menorragia, ero compulsiva nell&rsquo;esercizio fisico. La mia vita ruotava attorno a questo, al punto da voler morire. E non sono stata considerata dai professionisti della salute, perch&eacute; non avevo quel corpo estremamente magro che &egrave; nei criteri attuali del <a class=\"glossaryLink\"  aria-describedby=\"tt\"  data-cmtooltip=\"&lt;div class=glossaryItemTitle&gt;DSM&lt;\/div&gt;&lt;div class=glossaryItemBody&gt;&amp;lt;!-- wp:paragraph {&amp;quot;translatedWithWPMLTM&amp;quot;:&amp;quot;1&amp;quot;} --&amp;gt;Il DSM (Manuale Diagnostico e Statistico dei Disturbi Mentali) &egrave; una guida dell&amp;#039;APA utilizzata a livello mondiale per classificare e diagnosticare i disturbi mentali in base a criteri standardizzati.&amp;lt;br\/&amp;gt;&amp;lt;!-- \/wp:paragraph --&amp;gt;&lt;\/div&gt;&lt;div class=&amp;quot;cmtt_related_articles_wrapper&amp;quot;&gt;&lt;div class=&amp;quot;cmtt_related_title cmtt_related_articles_title&amp;quot;&gt;Related Articles: &lt;\/div&gt;&lt;ul class=&amp;quot;cmtt_related&amp;quot;&gt;&lt;li class=&amp;quot;cmtt_related_item&amp;quot;&gt;&lt;a href=&amp;quot;https:\/\/xqthenews.com\/it\/maria-calado-i-disturbi-alimentari-iniziano-prima-e-colpiscono-piu-ragazze\/&amp;quot;target=&amp;quot;_blank&amp;quot;&gt;Mar&iacute;a Calado: &amp;#8220;I disturbi alimentari iniziano prima e colpiscono pi&ugrave; ragazze&amp;#8221;&lt;\/a&gt;&lt;\/li&gt;&lt;\/ul&gt;&lt;\/div&gt;\"  href=\"https:\/\/xqthenews.com\/it\/glossary\/dsm\/\"  data-gt-translate-attributes='[{\"attribute\":\"data-cmtooltip\", \"format\":\"html\"}]' tabindex='0' role='link'>DSM<\/a>. Questo ha implicazioni per il trattamento&rdquo;.<\/p>\n\n\n\n<h4 class=\"wp-block-heading\"><strong>Come si esercita la violenza istituzionale di cui parla nelle scuole? Oltre ai programmi su alimentazione sana e salute.<\/strong><\/h4>\n\n\n\n<p>&Egrave; legata a casi paradigmatici che riguardano le <a class=\"glossaryLink\" aria-describedby=\"tt\" data-cmtooltip=\"&lt;div class=glossaryItemTitle&gt;Disuguaglianze&lt;\/div&gt;&lt;div class=glossaryItemBody&gt;&amp;lt;!-- wp:paragraph {&amp;quot;translatedWithWPMLTM&amp;quot;:&amp;quot;1&amp;quot;} --&amp;gt;La parola &amp;quot;disuguaglianza&rdquo; indica un tipo di differenza sociale nell&rsquo;accesso a risorse di varia natura da cui possono scaturire opportunit&agrave; di vita per ciascun individuo.&amp;lt;br\/&amp;gt;&amp;lt;!-- \/wp:paragraph --&amp;gt;&lt;\/div&gt;&lt;div class=&amp;quot;cmtt_related_articles_wrapper&amp;quot;&gt;&lt;div class=&amp;quot;cmtt_related_title cmtt_related_articles_title&amp;quot;&gt;Related Articles: &lt;\/div&gt;&lt;ul class=&amp;quot;cmtt_related&amp;quot;&gt;&lt;li class=&amp;quot;cmtt_related_item&amp;quot;&gt;&lt;a href=&amp;quot;https:\/\/xqthenews.com\/it\/ce-ancora-tempo-per-salvare-il-pianeta\/&amp;quot;target=&amp;quot;_blank&amp;quot;&gt;C&amp;#8217;&egrave; ancora tempo per salvare il pianeta?&lt;\/a&gt;&lt;\/li&gt;&lt;li class=&amp;quot;cmtt_related_item&amp;quot;&gt;&lt;a href=&amp;quot;https:\/\/xqthenews.com\/it\/il-parlamento-determinera-la-traiettoria-delleuropa-del-2030\/&amp;quot;target=&amp;quot;_blank&amp;quot;&gt;Il Parlamento determiner&agrave; la traiettoria dell&rsquo;Europa del 2030&lt;\/a&gt;&lt;\/li&gt;&lt;li class=&amp;quot;cmtt_related_item&amp;quot;&gt;&lt;a href=&amp;quot;https:\/\/xqthenews.com\/it\/giornalismo-ed-educazione-il-perche-delle-notizie-nellera-della-disinformazione\/&amp;quot;target=&amp;quot;_blank&amp;quot;&gt;Giornalismo ed educazione: il perch&eacute; delle notizie nell&amp;#8217;era della disinformazione&nbsp;&lt;\/a&gt;&lt;\/li&gt;&lt;li class=&amp;quot;cmtt_related_item&amp;quot;&gt;&lt;a href=&amp;quot;https:\/\/xqthenews.com\/it\/il-ruolo-dei-giovani-nella-transizione-ecologica\/&amp;quot;target=&amp;quot;_blank&amp;quot;&gt;Il ruolo dei giovani nella transizione ecologica&lt;\/a&gt;&lt;\/li&gt;&lt;li class=&amp;quot;cmtt_related_item&amp;quot;&gt;&lt;a href=&amp;quot;https:\/\/xqthenews.com\/it\/tassare-i-ricchi-liniziativa-dei-cittadini-europei-per-una-tassa-sui-ricchi-in-tutta-lue\/&amp;quot;target=&amp;quot;_blank&amp;quot;&gt;Tassare i ricchi: l&rsquo;Iniziativa dei Cittadini Europei per una tassa sui ricchi in tutta l&rsquo;UE&lt;\/a&gt;&lt;\/li&gt;&lt;\/ul&gt;&lt;\/div&gt;\" href=\"https:\/\/xqthenews.com\/it\/glossary\/disuguaglianze\/\" data-gt-translate-attributes='[{\"attribute\":\"data-cmtooltip\", \"format\":\"html\"}]' tabindex=\"0\" role=\"link\">disuguaglianze<\/a> trattate nella coeducazione.<\/p>\n\n\n\n<p>In molte scuole del nostro paese, nei cortili, c&rsquo;&egrave; spesso solo un campo da gioco, dedicato al calcio. Sono i ragazzi a giocare, mentre le ragazze rimangono ai margini, senza spazio per giocare o muoversi. Camminando nella mia citt&agrave;, noto che persino i giochi dove noi ragazze avevamo un ruolo attivo e praticavamo attivit&agrave; fisica sono scomparsi. Tutti quei giochi non ci sono pi&ugrave;.<\/p>\n\n\n\n<p>Ai miei tempi, arrivavamo a scuola stanche per le attivit&agrave; fisiche. Vedo che mia figlia non vive la stessa esperienza. Nella sua scuola sono riuscita a far creare un piano per le pause, introducendo una rotazione del cortile: una settimana dedicata a un&rsquo;attivit&agrave;, la successiva a un&rsquo;altra. Ma quando &egrave; arrivata al liceo, nonostante le mie richieste al dipartimento di orientamento, &egrave; stato impossibile. Mi hanno risposto che il calcio era intoccabile, che se lo toccavo avrebbero avuto problemi con tutti.<\/p>\n\n\n\n<h4 class=\"wp-block-heading\"><strong>Un altro caso paradigmatico e trasversale riguarda i libri di testo scolastici.<\/strong><\/h4>\n\n\n\n<p>Non ci sono esempi di donne. Quando mia figlia studiava la preistoria, veniva sempre presentata da una prospettiva maschile o neutra maschile. Per esempio, leggendo delle pitture rupestri, si dice che probabilmente sono state realizzate da donne, in base alle caratteristiche fisiologiche delle impronte digitali. Com&rsquo;&egrave; possibile che queste informazioni non siano nei libri di testo? La ricerca specifica esiste, ma la visione rimane completamente patriarcale e <a class=\"glossaryLink\" aria-describedby=\"tt\" data-cmtooltip=\"&lt;div class=glossaryItemTitle&gt;Sessista&lt;\/div&gt;&lt;div class=glossaryItemBody&gt;&amp;lt;!-- wp:paragraph {&amp;quot;translatedWithWPMLTM&amp;quot;:&amp;quot;1&amp;quot;} --&amp;gt;Il termine descrive atteggiamenti e azioni che sottovalutano o discriminano le persone in base al loro sesso, favorendo ruoli e privilegi maschili.&amp;lt;br\/&amp;gt;&amp;lt;!-- \/wp:paragraph --&amp;gt;&lt;\/div&gt;&lt;div class=&amp;quot;cmtt_related_articles_wrapper&amp;quot;&gt;&lt;div class=&amp;quot;cmtt_related_title cmtt_related_articles_title&amp;quot;&gt;Related Articles: &lt;\/div&gt;&lt;ul class=&amp;quot;cmtt_related&amp;quot;&gt;&lt;li class=&amp;quot;cmtt_related_item&amp;quot;&gt;&lt;a href=&amp;quot;https:\/\/xqthenews.com\/it\/maria-calado-i-disturbi-alimentari-iniziano-prima-e-colpiscono-piu-ragazze\/&amp;quot;target=&amp;quot;_blank&amp;quot;&gt;Mar&iacute;a Calado: &amp;#8220;I disturbi alimentari iniziano prima e colpiscono pi&ugrave; ragazze&amp;#8221;&lt;\/a&gt;&lt;\/li&gt;&lt;\/ul&gt;&lt;\/div&gt;\" href=\"https:\/\/xqthenews.com\/it\/glossary\/sessista\/\" data-gt-translate-attributes='[{\"attribute\":\"data-cmtooltip\", \"format\":\"html\"}]' tabindex=\"0\" role=\"link\">sessista<\/a>.<\/p>\n\n\n\n<p>Lo stesso accade in molte materie. In filosofia, non ci sono autrici. Ora si parla di <a class=\"glossaryLink\" aria-describedby=\"tt\" data-cmtooltip=\"&lt;div class=glossaryItemTitle&gt;Simone de Beauvoir&lt;\/div&gt;&lt;div class=glossaryItemBody&gt;&amp;lt;!-- wp:paragraph {&amp;quot;translatedWithWPMLTM&amp;quot;:&amp;quot;1&amp;quot;} --&amp;gt;Simone de Beauvoir (1908-1986) &egrave; stata una filosofa, scrittrice e femminista francese. La sua opera fondamentale, &amp;lt;em&amp;gt;Il secondo sesso&amp;lt;\/em&amp;gt;, discute l&amp;#039;oppressione delle donne e il concetto di genere come costrutto sociale. &amp;lt;br\/&amp;gt;&amp;lt;!-- \/wp:paragraph --&amp;gt;&lt;\/div&gt;&lt;div class=&amp;quot;cmtt_related_articles_wrapper&amp;quot;&gt;&lt;div class=&amp;quot;cmtt_related_title cmtt_related_articles_title&amp;quot;&gt;Related Articles: &lt;\/div&gt;&lt;ul class=&amp;quot;cmtt_related&amp;quot;&gt;&lt;li class=&amp;quot;cmtt_related_item&amp;quot;&gt;&lt;a href=&amp;quot;https:\/\/xqthenews.com\/it\/maria-calado-i-disturbi-alimentari-iniziano-prima-e-colpiscono-piu-ragazze\/&amp;quot;target=&amp;quot;_blank&amp;quot;&gt;Mar&iacute;a Calado: &amp;#8220;I disturbi alimentari iniziano prima e colpiscono pi&ugrave; ragazze&amp;#8221;&lt;\/a&gt;&lt;\/li&gt;&lt;\/ul&gt;&lt;\/div&gt;\" href=\"https:\/\/xqthenews.com\/it\/glossary\/simone-de-beauvoir\/\" data-gt-translate-attributes='[{\"attribute\":\"data-cmtooltip\", \"format\":\"html\"}]' tabindex=\"0\" role=\"link\">Simone de Beauvoir<\/a> e <a class=\"glossaryLink\" aria-describedby=\"tt\" data-cmtooltip=\"&lt;div class=glossaryItemTitle&gt;Hannah Arendt&lt;\/div&gt;&lt;div class=glossaryItemBody&gt;&amp;lt;!-- wp:paragraph {&amp;quot;translatedWithWPMLTM&amp;quot;:&amp;quot;1&amp;quot;} --&amp;gt;&Eacute; stata una filosofa politica tedesca-ebrea, nota per la sua analisi della banalit&agrave; del male e dell&amp;#039;azione politica nel XX secolo&amp;lt;br\/&amp;gt;&amp;lt;!-- \/wp:paragraph --&amp;gt;&lt;\/div&gt;&lt;div class=&amp;quot;cmtt_related_articles_wrapper&amp;quot;&gt;&lt;div class=&amp;quot;cmtt_related_title cmtt_related_articles_title&amp;quot;&gt;Related Articles: &lt;\/div&gt;&lt;ul class=&amp;quot;cmtt_related&amp;quot;&gt;&lt;li class=&amp;quot;cmtt_related_item&amp;quot;&gt;&lt;a href=&amp;quot;https:\/\/xqthenews.com\/it\/maria-calado-i-disturbi-alimentari-iniziano-prima-e-colpiscono-piu-ragazze\/&amp;quot;target=&amp;quot;_blank&amp;quot;&gt;Mar&iacute;a Calado: &amp;#8220;I disturbi alimentari iniziano prima e colpiscono pi&ugrave; ragazze&amp;#8221;&lt;\/a&gt;&lt;\/li&gt;&lt;\/ul&gt;&lt;\/div&gt;\" href=\"https:\/\/xqthenews.com\/it\/glossary\/hannah-arendt\/\" data-gt-translate-attributes='[{\"attribute\":\"data-cmtooltip\", \"format\":\"html\"}]' tabindex=\"0\" role=\"link\">Hannah Arendt<\/a>, ma fino a poco tempo fa non c&rsquo;erano donne. Che le donne non pensino? Certo che pensiamo, ma &egrave; diverso quando ci&ograve; che pensiamo viene reso visibile, insieme ai nostri problemi.<\/p>\n\n\n\n<p>Nelle classi di &ldquo;valori&rdquo;, dove si potrebbero affrontare dinamiche come il <a class=\"glossaryLink\" aria-describedby=\"tt\" data-cmtooltip=\"&lt;div class=glossaryItemTitle&gt;Bullismo&lt;\/div&gt;&lt;div class=glossaryItemBody&gt;&amp;lt;!-- wp:paragraph {&amp;quot;translatedWithWPMLTM&amp;quot;:&amp;quot;1&amp;quot;} --&amp;gt;Il bullismo &egrave; una forma di violenza verbale, fisica e psicologica ripetuta e nel tempo e perpetuata in modo intenzionale da una o pi&ugrave; persone nei confronti di una vittima pi&ugrave; debole e incapace di difendersi.&amp;lt;br\/&amp;gt;&amp;lt;!-- \/wp:paragraph --&amp;gt;&lt;\/div&gt;&lt;div class=&amp;quot;cmtt_related_articles_wrapper&amp;quot;&gt;&lt;div class=&amp;quot;cmtt_related_title cmtt_related_articles_title&amp;quot;&gt;Related Articles: &lt;\/div&gt;&lt;ul class=&amp;quot;cmtt_related&amp;quot;&gt;&lt;li class=&amp;quot;cmtt_related_item&amp;quot;&gt;&lt;a href=&amp;quot;https:\/\/xqthenews.com\/it\/non-mi-piace-che-mia-madre-pubblichi-foto-di-me-sui-social-media\/&amp;quot;target=&amp;quot;_blank&amp;quot;&gt;&amp;#8220;Non mi piace che mia madre pubblichi foto di me sui social media&amp;#8221;.&lt;\/a&gt;&lt;\/li&gt;&lt;li class=&amp;quot;cmtt_related_item&amp;quot;&gt;&lt;a href=&amp;quot;https:\/\/xqthenews.com\/it\/tiktok-i-pericoli-dellalgoritmo\/&amp;quot;target=&amp;quot;_blank&amp;quot;&gt;TikTok, i pericoli dell&rsquo;algoritmo.&lt;\/a&gt;&lt;\/li&gt;&lt;li class=&amp;quot;cmtt_related_item&amp;quot;&gt;&lt;a href=&amp;quot;https:\/\/xqthenews.com\/it\/in-crescita-i-rapporti-sessuali-a-rischio-tra-adolescenti\/&amp;quot;target=&amp;quot;_blank&amp;quot;&gt;In crescita i rapporti sessuali a rischio tra adolescenti.&lt;\/a&gt;&lt;\/li&gt;&lt;li class=&amp;quot;cmtt_related_item&amp;quot;&gt;&lt;a href=&amp;quot;https:\/\/xqthenews.com\/it\/maria-calado-i-disturbi-alimentari-iniziano-prima-e-colpiscono-piu-ragazze\/&amp;quot;target=&amp;quot;_blank&amp;quot;&gt;Mar&iacute;a Calado: &amp;#8220;I disturbi alimentari iniziano prima e colpiscono pi&ugrave; ragazze&amp;#8221;&lt;\/a&gt;&lt;\/li&gt;&lt;li class=&amp;quot;cmtt_related_item&amp;quot;&gt;&lt;a href=&amp;quot;https:\/\/xqthenews.com\/it\/la-diversa-prospettiva-dellautismo\/&amp;quot;target=&amp;quot;_blank&amp;quot;&gt;La diversa prospettiva dell&amp;#8217;autismo&lt;\/a&gt;&lt;\/li&gt;&lt;\/ul&gt;&lt;\/div&gt;\" href=\"https:\/\/xqthenews.com\/it\/glossary\/bullismo\/\" data-gt-translate-attributes='[{\"attribute\":\"data-cmtooltip\", \"format\":\"html\"}]' tabindex=\"0\" role=\"link\">bullismo<\/a> o la parit&agrave; di genere, si limitano a dare concetti teorici. Non c&rsquo;&egrave; formazione per gli insegnanti in queste materie, che sarebbero invece un&rsquo;ottima opportunit&agrave; di lavoro educativo.<\/p>\n\n\n\n<h2 class=\"wp-block-heading has-vivid-green-cyan-color has-text-color has-link-color wp-elements-9f03dfc2e98ff3606376523df9a2e39f\"><em>&ldquo;Le campagne per la prevenzione dell&rsquo;obesit&agrave; sono terribili&rdquo;<\/em><\/h2>\n\n\n\n<p>Nel progetto di competenze, c&rsquo;&egrave; un&rsquo;insegnante di biologia con una prospettiva totalmente egocentrica, e il modo in cui insegna la materia pu&ograve; essere dannoso per la salute mentale degli studenti. Perch&eacute;, se ci sono ragazze a rischio o vulnerabili, stai fornendo loro gli strumenti per sviluppare un disturbo alimentare, anche se non ci avessero mai pensato prima. Come puoi vedere, &egrave; un problema molto trasversale, che tocca sia i temi e i contenuti che questioni pi&ugrave; specifiche legate alla prospettiva centrata sul peso. Le campagne per la prevenzione dell&rsquo;obesit&agrave; sono terribili.<\/p>\n\n\n\n<h4 class=\"wp-block-heading\"><strong>Nel report evidenzia che molte delle donne intervistate avevano paura di andare dal medico per non sentirsi giudicate. Vorrei parlare un po&rsquo; di queste situazioni, in cui donne che non rientrano nei canoni della magrezza, che sono robuste o grasse, arrivano al punto di non voler andare dal medico per paura di essere giudicate.<\/strong><\/h4>\n\n\n\n<p>Per quanto riguarda le ragazze con corpi non normativi, lasciami spiegare. Le ragazze attiviste, e nel report, ad esempio, le ex-pazienti erano tutte attiviste, mi hanno detto: <em>&ldquo;Maria, difendo la parola &lsquo;grassa&rsquo; perch&eacute; &egrave; un aggettivo. Dopo di che, tutti gli stereotipi che esistono sono sociali e non hanno nulla a che fare con un aggettivo qualificativo come &lsquo;alta&rsquo; o &lsquo;bassa&rsquo;&rdquo;.<br><\/em>&nbsp;Quando ho intervistato ragazze con disturbi alimentari che avevano corpi non normativi, mi hanno detto: <em>&ldquo;Non mi sento a mio agio con me stessa. Quando le persone mi chiamano &lsquo;grassa&rsquo;, mi sento molto a disagio&rdquo;.<\/em> Ecco perch&eacute; molti professionisti oggi usano il termine &lsquo;robusta&rsquo; invece di &lsquo;grassa&rsquo;. &Egrave; vero che le attiviste lo richiedono, e penso sia fantastico, ma ci sono donne che mi hanno detto: <em>&ldquo;Mi ricordo di situazioni in cui ho ricevuto questo tipo di commenti a scuola, e mi sembra di riviverle e mi sento molto male&rdquo;.<\/em> Dobbiamo rispettare ogni persona e chiamarla nel modo in cui si sente a proprio agio.<\/p>\n\n\n\n<h2 class=\"wp-block-heading has-vivid-green-cyan-color has-text-color has-link-color wp-elements-971e8e9df687192c0514e2cb41c9b914\"><em>&ldquo;Se hai un corpo con certe caratteristiche, la prima cosa che fanno prima di chiederti il motivo della tua visita dal medico &egrave; pesarti.&rdquo;<\/em><\/h2>\n\n\n\n<p>Per quanto riguarda il medico, gli attivisti contro la grassofobia raccontano storie molto dure, non solo sul piano emotivo e della salute mentale. &Egrave; terribile come ti senti durante una visita; e se hai un corpo di un certo tipo, prima ancora di chiederti il motivo della visita, ti pesano e probabilmente ti dicono che i tuoi disturbi sono legati al peso e che devi dimagrire. Queste persone non vengono trattate allo stesso livello o con la stessa dignit&agrave; di qualcuno che non ha il loro peso.<br><br>&nbsp;Nell&rsquo;intervista che Eli ha fatto con me nel suo podcast, ha parlato di un caso molto significativo di due pazienti, una con un corpo grande e una con un corpo magro. Due ragazze con un disturbo alimentare e una lesione simile. La ragazza magra ha fatto un sacco di esami, tutto ci&ograve; che esiste, mentre alla ragazza grassa hanno detto: <em>&ldquo;Dimagrisci e ne riparliamo&rdquo;.<\/em> &Egrave; discriminatorio, &egrave; violento, &egrave; tutto ci&ograve; che non dovrebbe esserci in una visita medica.<br><br>&nbsp;Queste situazioni possono influire sulla salute mentale e sulla volont&agrave; di andare dal medico. Una delle donne che ho intervistato mi ha detto: <em>&ldquo;Ho dolori di stomaco, mi sento male e ho una storia familiare di cancro allo stomaco, ma rimando il pi&ugrave; possibile la visita perch&eacute; ho il panico per quello che mi diranno sul mio peso&rdquo;.<br><br><\/em>&nbsp;Significa anche che, se non ti prendono sul serio e non ti fanno i giusti esami, il risultato pu&ograve; essere fatale. Parliamo di qualcosa di molto sensibile come la salute delle persone, sia fisica che mentale. Ci possono essere tumori non diagnosticati, o malattie che impiegano pi&ugrave; tempo a guarire perch&eacute; non viene data la giusta terapia, o donne che si trovano in uno stadio avanzato della malattia perch&eacute; ritardano il pi&ugrave; possibile la visita per tutte queste situazioni di violenza. Il trattamento che ricevono nei centri sanitari le priva della loro salute.<\/p>\n\n\n\n<h4 class=\"wp-block-heading\"><strong>Non c&rsquo;&egrave; sempre una relazione causale tra peso e salute, quindi cosa c&rsquo;&egrave; che non va? Perch&eacute; i professionisti della salute confondono una cosa con l&rsquo;altra?<\/strong><\/h4>\n\n\n\n<p>Da un lato, la mancanza di pensiero critico e di formazione dei professionisti sanitari al di fuori degli schemi tradizionali. Voglio dire, mi dicono che esiste un protocollo basato sull&rsquo;IMC, ma non leggono l&rsquo;articolo del 2023 in cui i professionisti medici smentiscono completamente l&rsquo;indice di massa corporea come indicatore&hellip; Oppure mi dicono che esiste una relazione di causa-effetto tra peso e malattia, la chiamano obesit&agrave; e ne parlano incessantemente senza considerare che non si tratta di una relazione causa-effetto, ma di un fattore di rischio.<br>&nbsp;Uso sempre lo stesso esempio. Sono molto chiara di carnagione e ho problemi con i nei; la mia biologia significa che potrei essere predisposta a sviluppare il cancro della pelle. Immagina di andare dal medico e che la prima cosa che dice sia: &ldquo;Ah, questa &egrave; una ragazza chiara&rdquo;, cio&egrave; inventano una parola per qualcosa che &egrave; un fattore di rischio, ma non significa che io sia malata. Non esiste una relazione causale. &Egrave; solo un altro fattore di rischio, insieme ad altri, per determinate malattie.<br><\/p>\n\n\n\n<h4 class=\"wp-block-heading\"><strong>Qual &egrave; il problema che abbiamo come societ&agrave; con l&rsquo;obesit&agrave;?<\/strong><\/h4>\n\n\n\n<p>Torno al capitalismo. Ci&ograve; che le donne hanno avuto in comune nel corso della storia &egrave; stato l&rsquo;essere oggettificate, il considerare importante che avessero corpi belli, il vederle come oggetti. Quello che &egrave; cambiato nel tempo sono i corpi, attraverso le epoche e le culture. C&rsquo;&egrave; stato un periodo in cui erano di moda corpi pi&ugrave; robusti, o un certo colore della pelle.<br><br>&nbsp;Dal 1970, l&rsquo;ideale femminile non &egrave; stato solo essere magre, ma eccessivamente magre. Potrebbero essere di moda labbra carnose o sottili, un incarnato pallido o scuro, in un determinato momento storico. Perch&eacute;? Perch&eacute; &egrave; qualcosa di operabile, e puoi vendere prodotti a una donna ossessionata con l&rsquo;estetica. La magrezza &egrave; qualcosa di cui essere ossessionati. Non solo la moda, ma molte industrie prosperano sulle insicurezze e le preoccupazioni delle donne.<\/p>\n\n\n\n<h4 class=\"wp-block-heading\"><strong>Lo standard &egrave; diventato la donna eccessivamente magra. Perch&eacute;?<\/strong><\/h4>\n\n\n\n<p>Perch&eacute; le donne sicure di s&eacute; sono potenziali acquirenti di molti prodotti. Dall&rsquo;industria della moda a quella farmaceutica fino a quella estetica. E non si dovrebbe toccare questo tema perch&eacute; &egrave; la gallina dalle uova d&rsquo;oro.<\/p>\n\n\n\n<h4 class=\"wp-block-heading\"><strong>Cosa possiamo fare al riguardo?<\/strong><\/h4>\n\n\n\n<p>La chiave &egrave; iniziare un serio lavoro di sensibilizzazione e consapevolezza nella societ&agrave;. Ho scritto la mia tesi sui media e i disturbi alimentari nel 2008, e nel 2011 ho pubblicato un libro intitolato <em>Liberarse de las apariencias, g&eacute;nero e imagen corporal<\/em> (Liberarsi dalle apparenze, genere e immagine corporea).<br>&nbsp;Riguardava tutte queste cose. Cosa &egrave; successo? All&rsquo;epoca mi chiamavano &ldquo;la pazza di Maria&rdquo;, non mi davano spazio, non mi facevano interviste. Qualcosa &egrave; cambiato. Quando andavo ai congressi e ne parlavo con i miei colleghi, non mi dicevano che era un clich&eacute;, che non sarebbe cambiato, che c&rsquo;erano troppi interessi in gioco.<br>&nbsp;Noi professionisti sappiamo quello che sto dicendo da decenni. Le ricerche sui fattori di rischio, quelli su cui dobbiamo intervenire, le conosciamo da decenni, sono state pubblicate. Ora stiamo rivendicando, e c&rsquo;&egrave; una bolla che dice che dobbiamo cambiare. Ci sono molti attivisti nel <a class=\"glossaryLink\" aria-describedby=\"tt\" data-cmtooltip=\"&lt;div class=glossaryItemTitle&gt;Femminismo&lt;\/div&gt;&lt;div class=glossaryItemBody&gt;&amp;lt;!-- wp:paragraph {&amp;quot;translatedWithWPMLTM&amp;quot;:&amp;quot;1&amp;quot;} --&amp;gt;Movimento sociale e politico che lotta per l&rsquo;uguaglianza di diritti tra uomini e donne, opponendosi alle discriminazioni basate sul genere.&amp;lt;br\/&amp;gt;&amp;lt;!-- \/wp:paragraph --&amp;gt;&amp;lt;!-- wp:paragraph --&amp;gt;&amp;lt;br\/&amp;gt;&amp;lt;!-- \/wp:paragraph --&amp;gt;&lt;\/div&gt;&lt;div class=&amp;quot;cmtt_related_articles_wrapper&amp;quot;&gt;&lt;div class=&amp;quot;cmtt_related_title cmtt_related_articles_title&amp;quot;&gt;Related Articles: &lt;\/div&gt;&lt;ul class=&amp;quot;cmtt_related&amp;quot;&gt;&lt;li class=&amp;quot;cmtt_related_item&amp;quot;&gt;&lt;a href=&amp;quot;https:\/\/xqthenews.com\/it\/trad-life-una-scelta-femminista\/&amp;quot;target=&amp;quot;_blank&amp;quot;&gt;Trad-life: una scelta femminista?&lt;\/a&gt;&lt;\/li&gt;&lt;li class=&amp;quot;cmtt_related_item&amp;quot;&gt;&lt;a href=&amp;quot;https:\/\/xqthenews.com\/it\/8-m-denuncia-la-discriminazione-invisibile-delle-caregiver\/&amp;quot;target=&amp;quot;_blank&amp;quot;&gt;8-M denuncia la discriminazione invisibile delle caregiver&lt;\/a&gt;&lt;\/li&gt;&lt;\/ul&gt;&lt;\/div&gt;\" href=\"https:\/\/xqthenews.com\/it\/glossary\/femminismo\/\" data-gt-translate-attributes='[{\"attribute\":\"data-cmtooltip\", \"format\":\"html\"}]' tabindex=\"0\" role=\"link\">femminismo<\/a> e nel mondo dell&rsquo;antifobia verso il grasso che vogliono questo cambiamento.<\/p>\n\n\n\n<p>Quando studiavo psicologia negli anni &rsquo;90, avevo un professore che si occupava di tabagismo e facevamo dibattiti in classe. Dicevamo: &ldquo;E per quanto riguarda il lavoro sulla promozione della salute, il cambiamento della societ&agrave;, la realizzazione di campagne di sensibilizzazione e legislazione?&rdquo;. E lui ci rispondeva che non sarebbe successo, perch&eacute; l&rsquo;industria del tabacco muoveva molti milioni. Eppure &egrave; successo.<br>&nbsp;&Egrave; chiaro che si tratta di un cambiamento della mentalit&agrave; sociale che non coinvolger&agrave; solo i <a class=\"glossaryLink\" aria-describedby=\"tt\" data-cmtooltip=\"&lt;div class=glossaryItemTitle&gt;Social network&lt;\/div&gt;&lt;div class=glossaryItemBody&gt;&amp;lt;!-- wp:paragraph {&amp;quot;translatedWithWPMLTM&amp;quot;:&amp;quot;1&amp;quot;} --&amp;gt;Il termine deriva dall&amp;#039;inglese social networking service o social networking site che significa servizio di rete sociale o sito di rete sociale. Si tratta di un servizio internet per la gestione di rapporti e reti sociali, fruibile attraverso browser o applicazioni (App) che permette consente la comunicazione e la condivisione di testi, audio, immagini e video.&amp;lt;br\/&amp;gt;&amp;lt;!-- \/wp:paragraph --&amp;gt;&lt;\/div&gt;&lt;div class=&amp;quot;cmtt_related_articles_wrapper&amp;quot;&gt;&lt;div class=&amp;quot;cmtt_related_title cmtt_related_articles_title&amp;quot;&gt;Related Articles: &lt;\/div&gt;&lt;ul class=&amp;quot;cmtt_related&amp;quot;&gt;&lt;li class=&amp;quot;cmtt_related_item&amp;quot;&gt;&lt;a href=&amp;quot;https:\/\/xqthenews.com\/it\/non-mi-piace-che-mia-madre-pubblichi-foto-di-me-sui-social-media\/&amp;quot;target=&amp;quot;_blank&amp;quot;&gt;&amp;#8220;Non mi piace che mia madre pubblichi foto di me sui social media&amp;#8221;.&lt;\/a&gt;&lt;\/li&gt;&lt;li class=&amp;quot;cmtt_related_item&amp;quot;&gt;&lt;a href=&amp;quot;https:\/\/xqthenews.com\/it\/avvicinare-i-giovani-al-processo-decisionale-politico-una-sfida-urgente\/&amp;quot;target=&amp;quot;_blank&amp;quot;&gt;Avvicinare i giovani al processo decisionale politico: una sfida urgente&lt;\/a&gt;&lt;\/li&gt;&lt;li class=&amp;quot;cmtt_related_item&amp;quot;&gt;&lt;a href=&amp;quot;https:\/\/xqthenews.com\/it\/sephora-kids-unapologia-virale-della-cosmetorexia-precoce\/&amp;quot;target=&amp;quot;_blank&amp;quot;&gt;Sephora Kids, un&amp;#8217;apologia virale della cosmeticoressia precoce&lt;\/a&gt;&lt;\/li&gt;&lt;li class=&amp;quot;cmtt_related_item&amp;quot;&gt;&lt;a href=&amp;quot;https:\/\/xqthenews.com\/it\/il-parlamento-determinera-la-traiettoria-delleuropa-del-2030\/&amp;quot;target=&amp;quot;_blank&amp;quot;&gt;Il Parlamento determiner&agrave; la traiettoria dell&rsquo;Europa del 2030&lt;\/a&gt;&lt;\/li&gt;&lt;li class=&amp;quot;cmtt_related_item&amp;quot;&gt;&lt;a href=&amp;quot;https:\/\/xqthenews.com\/it\/xq-video-podcast-gli-impatti-dei-social-media-dalla-radicalizzazione-politica-alla-salute-mentale\/&amp;quot;target=&amp;quot;_blank&amp;quot;&gt;XQ Video-Podcast. Gli impatti dei social media: dalla radicalizzazione politica alla salute mentale&lt;\/a&gt;&lt;\/li&gt;&lt;\/ul&gt;&lt;\/div&gt;\" href=\"https:\/\/xqthenews.com\/it\/glossary\/social-network\/\" data-gt-translate-attributes='[{\"attribute\":\"data-cmtooltip\", \"format\":\"html\"}]' tabindex=\"0\" role=\"link\">social network<\/a>. Pubblicheranno ci&ograve; che vende e ci&ograve; che &egrave; il discorso dominante per strada, n&eacute; pi&ugrave; n&eacute; meno. Bisogna iniziare sensibilizzando e aumentando la consapevolezza nella societ&agrave;. E se sai che ci sono punti chiave, come la salute e l&rsquo;educazione, come menziono nel rapporto, che bisogna toccare, allora vanno affrontati, anche prima dei <a class=\"glossaryLink\" aria-describedby=\"tt\" data-cmtooltip=\"&lt;div class=glossaryItemTitle&gt;Social network&lt;\/div&gt;&lt;div class=glossaryItemBody&gt;&amp;lt;!-- wp:paragraph {&amp;quot;translatedWithWPMLTM&amp;quot;:&amp;quot;1&amp;quot;} --&amp;gt;Il termine deriva dall&amp;#039;inglese social networking service o social networking site che significa servizio di rete sociale o sito di rete sociale. Si tratta di un servizio internet per la gestione di rapporti e reti sociali, fruibile attraverso browser o applicazioni (App) che permette consente la comunicazione e la condivisione di testi, audio, immagini e video.&amp;lt;br\/&amp;gt;&amp;lt;!-- \/wp:paragraph --&amp;gt;&lt;\/div&gt;&lt;div class=&amp;quot;cmtt_related_articles_wrapper&amp;quot;&gt;&lt;div class=&amp;quot;cmtt_related_title cmtt_related_articles_title&amp;quot;&gt;Related Articles: &lt;\/div&gt;&lt;ul class=&amp;quot;cmtt_related&amp;quot;&gt;&lt;li class=&amp;quot;cmtt_related_item&amp;quot;&gt;&lt;a href=&amp;quot;https:\/\/xqthenews.com\/it\/non-mi-piace-che-mia-madre-pubblichi-foto-di-me-sui-social-media\/&amp;quot;target=&amp;quot;_blank&amp;quot;&gt;&amp;#8220;Non mi piace che mia madre pubblichi foto di me sui social media&amp;#8221;.&lt;\/a&gt;&lt;\/li&gt;&lt;li class=&amp;quot;cmtt_related_item&amp;quot;&gt;&lt;a href=&amp;quot;https:\/\/xqthenews.com\/it\/avvicinare-i-giovani-al-processo-decisionale-politico-una-sfida-urgente\/&amp;quot;target=&amp;quot;_blank&amp;quot;&gt;Avvicinare i giovani al processo decisionale politico: una sfida urgente&lt;\/a&gt;&lt;\/li&gt;&lt;li class=&amp;quot;cmtt_related_item&amp;quot;&gt;&lt;a href=&amp;quot;https:\/\/xqthenews.com\/it\/sephora-kids-unapologia-virale-della-cosmetorexia-precoce\/&amp;quot;target=&amp;quot;_blank&amp;quot;&gt;Sephora Kids, un&amp;#8217;apologia virale della cosmeticoressia precoce&lt;\/a&gt;&lt;\/li&gt;&lt;li class=&amp;quot;cmtt_related_item&amp;quot;&gt;&lt;a href=&amp;quot;https:\/\/xqthenews.com\/it\/il-parlamento-determinera-la-traiettoria-delleuropa-del-2030\/&amp;quot;target=&amp;quot;_blank&amp;quot;&gt;Il Parlamento determiner&agrave; la traiettoria dell&rsquo;Europa del 2030&lt;\/a&gt;&lt;\/li&gt;&lt;li class=&amp;quot;cmtt_related_item&amp;quot;&gt;&lt;a href=&amp;quot;https:\/\/xqthenews.com\/it\/xq-video-podcast-gli-impatti-dei-social-media-dalla-radicalizzazione-politica-alla-salute-mentale\/&amp;quot;target=&amp;quot;_blank&amp;quot;&gt;XQ Video-Podcast. Gli impatti dei social media: dalla radicalizzazione politica alla salute mentale&lt;\/a&gt;&lt;\/li&gt;&lt;\/ul&gt;&lt;\/div&gt;\" href=\"https:\/\/xqthenews.com\/it\/glossary\/social-network\/\" data-gt-translate-attributes='[{\"attribute\":\"data-cmtooltip\", \"format\":\"html\"}]' tabindex=\"0\" role=\"link\">social network<\/a>. Se vedono che c&rsquo;&egrave; un discorso contrario a ci&ograve; che vendono, cercheranno di continuare a vendere e si adegueranno al discorso dominante.<br>&nbsp;Il problema &egrave; che il discorso dominante ora &egrave; centrato sul peso. E le donne continuano a essere oggettificate, personalizzate e disumanizzate, per esempio con musiche degradanti. I testi del reggaeton sono una traduzione di ci&ograve; che vedono nella pornografia e da cui traggono la loro educazione sessuale.<\/p>\n\n\n\n<p>S&igrave;, &egrave; chiaro che le cause sono ovunque nello stesso momento, ed &egrave; per questo che sembra cos&igrave; complicato.<br>&nbsp;Per questo ho fatto l&rsquo;esempio del tabagismo: &egrave; lo stesso che &egrave; stato fatto con il fumo, la guida in stato di ebbrezza e l&rsquo;uso del preservativo tra gli adolescenti ai miei tempi. Dobbiamo utilizzare le stesse strategie di promozione della salute e politiche pubbliche che sappiamo funzionare se vogliamo un vero cambiamento.<\/p>\n\n\n\n<h4 class=\"wp-block-heading\"><strong>Parla di sensibilizzazione nella societ&agrave;: come dovrebbero essere queste campagne di sensibilizzazione?<\/strong><\/h4>\n\n\n\n<p>La prima cosa che dobbiamo chiarire &egrave; che le donne non sono un oggetto, ma un soggetto. Non dobbiamo solo parlare di peso, ma anche di altri aspetti legati alle donne. Inoltre, non si dovrebbe parlare dei corpi delle donne. Espressioni sul peso che una donna guadagna dopo il parto, ad esempio, dovrebbero scomparire. Siamo oggettificate in tutte queste cose. Quando cammini per strada dopo Natale, ti dici che devi tornare in palestra. Quando ero a Madrid, al Congresso sui Disturbi Alimentari, sono entrata in una caffetteria e ho chiesto una Coca-Cola. Puoi crederci che mi hanno detto che non solo non ne avevano, ma non vendevano nemmeno cibi ultra-processati e altro ancora? Ero sbalordita. Come pu&ograve; succedere? Questo &egrave; puro e semplice fascismo. Poi mi hanno dato un menu in cui la cosa pi&ugrave; economica costava quasi 6 euro. I prodotti che mi hanno offerto per sostituire la Coca-Cola. Perch&eacute; sta succedendo? Perch&eacute; la Coca-Cola costa circa 3 euro nel posto pi&ugrave; costoso, e qui vogliono farmi pagare 6 euro per quello che ordino. Capisci come funziona?<br>&nbsp;Quello che dobbiamo fare &egrave; cambiare e prendere consapevolezza che l&rsquo;obesit&agrave; o il corpo e la forma che una persona pu&ograve; avere non significano necessariamente salute. Dobbiamo lavorare su abitudini salutari, ma senza colpevolizzare la persona, tenendo conto che ci sono molti altri fattori.<\/p>\n\n\n\n<h2 class=\"wp-block-heading has-vivid-green-cyan-color has-text-color has-link-color wp-elements-4a5d0a4eb4a421fa46e1c10b6759958f\"><em>&ldquo;Molti disturbi alimentari delle donne sono legati all&rsquo;insoddisfazione corporea associata alla magrezza e all&rsquo;oggettificazione delle donne.&rdquo;<\/em><\/h2>\n\n\n\n<h4 class=\"wp-block-heading\"><strong>Cita la necessit&agrave; di una prospettiva di genere nell&rsquo;assistenza sanitaria alle donne. Potrebbe approfondire questa idea rispetto a un&rsquo;altra frase che hai usato pi&ugrave; volte: &ldquo;Non si parla dei corpi delle donne&rdquo;?<\/strong><\/h4>\n\n\n\n<p><strong><br><\/strong>&nbsp;Spiegher&ograve; questo con un esempio tratto dai focus group. Ho chiesto a pazienti con corpi normativi e non normativi: &ldquo;Cosa ti ha aiutato a uscire dal tuo disturbo alimentare?&rdquo;. Gli attivisti mi hanno risposto: &ldquo;L&rsquo;attivismo grasso, il rendermi conto che non sono un oggetto&rdquo;, in altre parole, la prospettiva di genere femminista.<br>&nbsp;Parliamo del fatto che la chiave, nella maggior parte dei casi di donne che iniziano con un disturbo alimentare, ha a che fare con l&rsquo;insoddisfazione corporea. Insoddisfazione legata alla magrezza, al genere e all&rsquo;<a class=\"glossaryLink\" aria-describedby=\"tt\" data-cmtooltip=\"&lt;div class=glossaryItemTitle&gt;Oggettificazione&lt;\/div&gt;&lt;div class=glossaryItemBody&gt;&amp;lt;!-- wp:paragraph {&amp;quot;translatedWithWPMLTM&amp;quot;:&amp;quot;1&amp;quot;} --&amp;gt;L&amp;#039;oggettificazione &egrave; il trattamento di una persona come un oggetto, negandone l&amp;#039;autonomia, la dignit&agrave; o l&amp;#039;umanit&agrave;. Spesso utilizzato in contesti di genere, disumanizzazione o sfruttamento, riduce l&amp;#039;individuo alla sua utilit&agrave;. &amp;lt;br\/&amp;gt;&amp;lt;!-- \/wp:paragraph --&amp;gt;&lt;\/div&gt;&lt;div class=&amp;quot;cmtt_related_articles_wrapper&amp;quot;&gt;&lt;div class=&amp;quot;cmtt_related_title cmtt_related_articles_title&amp;quot;&gt;Related Articles: &lt;\/div&gt;&lt;ul class=&amp;quot;cmtt_related&amp;quot;&gt;&lt;li class=&amp;quot;cmtt_related_item&amp;quot;&gt;&lt;a href=&amp;quot;https:\/\/xqthenews.com\/it\/maria-calado-i-disturbi-alimentari-iniziano-prima-e-colpiscono-piu-ragazze\/&amp;quot;target=&amp;quot;_blank&amp;quot;&gt;Mar&iacute;a Calado: &amp;#8220;I disturbi alimentari iniziano prima e colpiscono pi&ugrave; ragazze&amp;#8221;&lt;\/a&gt;&lt;\/li&gt;&lt;\/ul&gt;&lt;\/div&gt;\" href=\"https:\/\/xqthenews.com\/it\/glossary\/oggettificazione\/\" data-gt-translate-attributes='[{\"attribute\":\"data-cmtooltip\", \"format\":\"html\"}]' tabindex=\"0\" role=\"link\">oggettificazione<\/a> delle donne. Se elimini questo, se dici che le donne sono molto pi&ugrave; di questo e che devono aspirare a qualcosa di pi&ugrave; nella loro vita per sentirsi realizzate, allora togli una base fondamentale.<\/p>\n\n\n\n<h4 class=\"wp-block-heading\"><strong>Quanto &egrave; importante per gli operatori sanitari avere una certa prospettiva femminista?<\/strong><\/h4>\n\n\n\n<p>&nbsp;Molto, e qui mi riferisco ad autrici donne del nostro paese, come Eli Cousteau o Conchi Fern&aacute;ndez di <em>Mi Dieta es m&iacute;a<\/em> (La mia dieta &egrave; mia), che hanno partecipato allo studio e che ti dicono, come professioniste (Eli &egrave; una psicologa e Conchi &egrave; una nutrizionista) e come pazienti stesse, che molte cose devono cambiare nei trattamenti e nei protocolli per i disturbi alimentari. Sia dal punto di vista di genere che normativo.<br><br>&nbsp;Le ragazze sottopeso nei gruppi di discussione sui disturbi alimentari hanno usato una frase che mi ha colpito: &ldquo;Abbiamo avuto la sensazione che i professionisti avessero paura che passassimo dall&rsquo;altra parte, che iniziassimo a ingozzarci o a ingrassare anche se mangiavamo normalmente&rdquo;. Cos&igrave; hanno dato loro linee guida molto rigide. Una di loro mi ha detto che, nel mezzo del trattamento per l&rsquo;anoressia nervosa, un giorno &egrave; uscita dall&rsquo;ospedale ed &egrave; andata al cinema, e ha detto: &ldquo;I popcorn mi erano vietati, era un cibo proibito per me. Cos&igrave; sono andata dal medico molto felice perch&eacute; avevo mangiato il mio sacchetto di popcorn mentre guardavo il film, ero contenta perch&eacute; avevo rotto con un cibo proibito, non mi sentivo male. Poi ho detto al mio medico che avevo mangiato i popcorn e, ovviamente, non avevo fatto merenda dopo perch&eacute; avevo lo stomaco in disordine. E mi hanno sgridata perch&eacute; non avevo mangiato lo spuntino prescritto; mi hanno detto che avrei dovuto evitare i popcorn e mangiare lo spuntino prescritto&rdquo;.<br><br>&nbsp;Eli e Conchi mi hanno detto che pensavano che i protocolli dovessero cambiare in termini di feedback e prospettiva di genere di coloro che si occupano di disturbi alimentari.<\/p>\n\n\n\n<hr class=\"wp-block-separator has-text-color has-vivid-green-cyan-color has-alpha-channel-opacity has-vivid-green-cyan-background-color has-background is-style-wide\">\n\n\n\n<div style=\"height:100px\" aria-hidden=\"true\" class=\"wp-block-spacer\"><\/div>\n\n\n<script type=\"text\/javascript\">\n\/* <![CDATA[ *\/\nvar gform;gform||(document.addEventListener(\"gform_main_scripts_loaded\",function(){gform.scriptsLoaded=!0}),document.addEventListener(\"gform\/theme\/scripts_loaded\",function(){gform.themeScriptsLoaded=!0}),window.addEventListener(\"DOMContentLoaded\",function(){gform.domLoaded=!0}),gform={domLoaded:!1,scriptsLoaded:!1,themeScriptsLoaded:!1,isFormEditor:()=>\"function\"==typeof InitializeEditor,callIfLoaded:function(o){return!(!gform.domLoaded||!gform.scriptsLoaded||!gform.themeScriptsLoaded&&!gform.isFormEditor()||(gform.isFormEditor()&&console.warn(\"The use of gform.initializeOnLoaded() is deprecated in the form editor context and will be removed in Gravity Forms 3.1.\"),o(),0))},initializeOnLoaded:function(o){gform.callIfLoaded(o)||(document.addEventListener(\"gform_main_scripts_loaded\",()=>{gform.scriptsLoaded=!0,gform.callIfLoaded(o)}),document.addEventListener(\"gform\/theme\/scripts_loaded\",()=>{gform.themeScriptsLoaded=!0,gform.callIfLoaded(o)}),window.addEventListener(\"DOMContentLoaded\",()=>{gform.domLoaded=!0,gform.callIfLoaded(o)}))},hooks:{action:{},filter:{}},addAction:function(o,r,e,t){gform.addHook(\"action\",o,r,e,t)},addFilter:function(o,r,e,t){gform.addHook(\"filter\",o,r,e,t)},doAction:function(o){gform.doHook(\"action\",o,arguments)},applyFilters:function(o){return gform.doHook(\"filter\",o,arguments)},removeAction:function(o,r){gform.removeHook(\"action\",o,r)},removeFilter:function(o,r,e){gform.removeHook(\"filter\",o,r,e)},addHook:function(o,r,e,t,n){null==gform.hooks[o][r]&&(gform.hooks[o][r]=[]);var d=gform.hooks[o][r];null==n&&(n=r+\"_\"+d.length),gform.hooks[o][r].push({tag:n,callable:e,priority:t=null==t?10:t})},doHook:function(r,o,e){var t;if(e=Array.prototype.slice.call(e,1),null!=gform.hooks[r][o]&&((o=gform.hooks[r][o]).sort(function(o,r){return o.priority-r.priority}),o.forEach(function(o){\"function\"!=typeof(t=o.callable)&&(t=window[t]),\"action\"==r?t.apply(null,e):e[0]=t.apply(null,e)})),\"filter\"==r)return e[0]},removeHook:function(o,r,t,n){var e;null!=gform.hooks[o][r]&&(e=(e=gform.hooks[o][r]).filter(function(o,r,e){return!!(null!=n&&n!=o.tag||null!=t&&t!=o.priority)}),gform.hooks[o][r]=e)}});\n\/* ]]> *\/\n<\/script>\n\n                <div class=\"gf_browser_gecko gform_wrapper gravity-theme gform-theme--no-framework quiz_wrapper\" data-form-theme=\"gravity-theme\" data-form-index=\"0\" id=\"gform_wrapper_803\"><div id=\"gf_803\" class=\"gform_anchor\" tabindex=\"-1\"><\/div>\n                        <div class=\"gform_heading\">\n                            <h2 class=\"gform_title\">Quiz sulla comprensione della lettura. I disturbi alimentari iniziano prima e colpiscono pi&ugrave; ragazze.<\/h2>\n                            <p class=\"gform_description\"><\/p>\n                        <\/div><form method=\"post\" enctype=\"multipart\/form-data\" id=\"gform_803\" class=\"quiz\" action=\"\/it\/wp-json\/wp\/v2\/posts\/26565#gf_803\" data-formid=\"803\" novalidate> \r\n <input type=\"hidden\" class=\"gforms-pum\" value='{\"closepopup\":false,\"closedelay\":0,\"openpopup\":false,\"openpopup_id\":0}'>\n        <div id=\"gf_progressbar_wrapper_803\" class=\"gf_progressbar_wrapper\" data-start-at-zero=\"\">\n        \t<p class=\"gf_progressbar_title\">Passo <span class=\"gf_step_current_page\">1<\/span> di <span class=\"gf_step_page_count\">3<\/span><span class=\"gf_step_page_name\"><\/span>\n        \t<\/p>\n            <div class=\"gf_progressbar gf_progressbar_blue\" aria-hidden=\"true\">\n                <div class=\"gf_progressbar_percentage percentbar_blue percentbar_33\" style=\"width:33%;\"><span>33%<\/span><\/div>\n            <\/div><\/div>\n                        <div class=\"gform-body gform_body\"><div id=\"gform_page_803_1\" class=\"gform_page \" data-js=\"page-field-id-0\">\n\t\t\t\t\t<div class=\"gform_page_fields\"><div id=\"gform_fields_803\" class=\"gform_fields top_label form_sublabel_below description_below validation_below\"><fieldset id=\"field_803_1\" class=\"gfield gfield--type-quiz gfield--type-choice gfield--input-type-radio field_sublabel_below gfield--no-description field_description_below field_validation_below gfield_visibility_visible gquiz-field \" data-field-class=\"gquiz-field\"><legend class=\"gfield_label gform-field-label\">Quali problemi menziona Calado riguardo all'assistenza medica per le donne con corpi grandi?&lt;br&gt;<\/legend><div class=\"ginput_container ginput_container_radio\"><div class=\"gfield_radio\" id=\"input_803_1\">\n\t\t\t<div class=\"gchoice gchoice_803_1_0\">\n\t\t\t\t\t<input class=\"gfield-choice-input\" name=\"input_1\" type=\"radio\" value=\"gquiz1b2b27084\" id=\"choice_803_1_0\" onchange=\"gformToggleRadioOther( this )\">\n\t\t\t\t\t<label for=\"choice_803_1_0\" id=\"label_803_1_0\" class=\"gform-field-label gform-field-label--type-inline\">I medici non fanno mai diagnosi.<\/label>\n\t\t\t<\/div>\n\t\t\t<div class=\"gchoice gchoice_803_1_1\">\n\t\t\t\t\t<input class=\"gfield-choice-input\" name=\"input_1\" type=\"radio\" value=\"gquiz12c53da11\" id=\"choice_803_1_1\" onchange=\"gformToggleRadioOther( this )\">\n\t\t\t\t\t<label for=\"choice_803_1_1\" id=\"label_803_1_1\" class=\"gform-field-label gform-field-label--type-inline\">Le donne vengono giudicate e i loro problemi di salute sono automaticamente legati al peso.<\/label>\n\t\t\t<\/div>\n\t\t\t<div class=\"gchoice gchoice_803_1_2\">\n\t\t\t\t\t<input class=\"gfield-choice-input\" name=\"input_1\" type=\"radio\" value=\"gquiz1b6725f5d\" id=\"choice_803_1_2\" onchange=\"gformToggleRadioOther( this )\">\n\t\t\t\t\t<label for=\"choice_803_1_2\" id=\"label_803_1_2\" class=\"gform-field-label gform-field-label--type-inline\">Vengono offerti trattamenti pi&ugrave; costosi ma efficaci.<\/label>\n\t\t\t<\/div><\/div><\/div><\/fieldset><\/div>\n                    <\/div>\n                    <div class=\"gform-page-footer gform_page_footer top_label\">\n                         <input type=\"button\" id=\"gform_next_button_803_5\" class=\"gform_next_button gform-theme-button button\" onclick=\"gform.submission.handleButtonClick(this);\" data-submission-type=\"next\" value=\"Avanti \"> \n                    <\/div>\n                <\/div>\n                <div id=\"gform_page_803_2\" class=\"gform_page\" data-js=\"page-field-id-5\" style=\"display:none;\">\n                    <div class=\"gform_page_fields\">\n                        <div id=\"gform_fields_803_2\" class=\"gform_fields top_label form_sublabel_below description_below validation_below\"><fieldset id=\"field_803_3\" class=\"gfield gfield--type-quiz gfield--type-choice gfield--input-type-radio gfield--width-full field_sublabel_below gfield--no-description field_description_below field_validation_below gfield_visibility_visible gquiz-field \" data-field-class=\"gquiz-field\"><legend class=\"gfield_label gform-field-label\">Secondo il testo, quale ruolo giocano le famiglie nell'immagine corporea delle giovani donne?<\/legend><div class=\"ginput_container ginput_container_radio\"><div class=\"gfield_radio\" id=\"input_803_3\">\n\t\t\t<div class=\"gchoice gchoice_803_3_0\">\n\t\t\t\t\t<input class=\"gfield-choice-input\" name=\"input_3\" type=\"radio\" value=\"gquiz3394e91f2\" id=\"choice_803_3_0\" onchange=\"gformToggleRadioOther( this )\">\n\t\t\t\t\t<label for=\"choice_803_3_0\" id=\"label_803_3_0\" class=\"gform-field-label gform-field-label--type-inline\">Le famiglie rinforzano spesso la pressione sociale per essere magre come sinonimo di salute.<\/label>\n\t\t\t<\/div>\n\t\t\t<div class=\"gchoice gchoice_803_3_1\">\n\t\t\t\t\t<input class=\"gfield-choice-input\" name=\"input_3\" type=\"radio\" value=\"gquiz3b5aa3d2d\" id=\"choice_803_3_1\" onchange=\"gformToggleRadioOther( this )\">\n\t\t\t\t\t<label for=\"choice_803_3_1\" id=\"label_803_3_1\" class=\"gform-field-label gform-field-label--type-inline\">Le famiglie sono uno spazio libero da commenti sul corpo.<\/label>\n\t\t\t<\/div>\n\t\t\t<div class=\"gchoice gchoice_803_3_2\">\n\t\t\t\t\t<input class=\"gfield-choice-input\" name=\"input_3\" type=\"radio\" value=\"gquiz3d1b23a18\" id=\"choice_803_3_2\" onchange=\"gformToggleRadioOther( this )\">\n\t\t\t\t\t<label for=\"choice_803_3_2\" id=\"label_803_3_2\" class=\"gform-field-label gform-field-label--type-inline\">Solo le scuole sono responsabili del rafforzamento degli stereotipi.<\/label>\n\t\t\t<\/div><\/div><\/div><\/fieldset><\/div>\n                    <\/div>\n                    <div class=\"gform-page-footer gform_page_footer top_label\">\n                        <input type=\"button\" id=\"gform_previous_button_803_6\" class=\"gform_previous_button gform-theme-button gform-theme-button--secondary button\" onclick=\"gform.submission.handleButtonClick(this);\" data-submission-type=\"previous\" value=\"Precedente\"> <input type=\"button\" id=\"gform_next_button_803_6\" class=\"gform_next_button gform-theme-button button\" onclick=\"gform.submission.handleButtonClick(this);\" data-submission-type=\"next\" value=\"Avanti \"> \n                    <\/div>\n                <\/div>\n                <div id=\"gform_page_803_3\" class=\"gform_page\" data-js=\"page-field-id-6\" style=\"display:none;\">\n                    <div class=\"gform_page_fields\">\n                        <div id=\"gform_fields_803_3\" class=\"gform_fields top_label form_sublabel_below description_below validation_below\"><fieldset id=\"field_803_4\" class=\"gfield gfield--type-quiz gfield--type-choice gfield--input-type-radio gfield--width-full field_sublabel_below gfield--no-description field_description_below field_validation_below gfield_visibility_visible gquiz-field \" data-field-class=\"gquiz-field\"><legend class=\"gfield_label gform-field-label\">Cosa dice Calado riguardo all'approccio delle scuole al peso e alla salute?<\/legend><div class=\"ginput_container ginput_container_radio\"><div class=\"gfield_radio\" id=\"input_803_4\">\n\t\t\t<div class=\"gchoice gchoice_803_4_0\">\n\t\t\t\t\t<input class=\"gfield-choice-input\" name=\"input_4\" type=\"radio\" value=\"gquiz46a62d494\" id=\"choice_803_4_0\" onchange=\"gformToggleRadioOther( this )\">\n\t\t\t\t\t<label for=\"choice_803_4_0\" id=\"label_803_4_0\" class=\"gform-field-label gform-field-label--type-inline\">Insegnano che tutti i corpi sono ugualmente sani.<\/label>\n\t\t\t<\/div>\n\t\t\t<div class=\"gchoice gchoice_803_4_1\">\n\t\t\t\t\t<input class=\"gfield-choice-input\" name=\"input_4\" type=\"radio\" value=\"gquiz488c89c8f\" id=\"choice_803_4_1\" onchange=\"gformToggleRadioOther( this )\">\n\t\t\t\t\t<label for=\"choice_803_4_1\" id=\"label_803_4_1\" class=\"gform-field-label gform-field-label--type-inline\">Rinforzano le idee sbagliate che stigmatizzano i bambini con corpi pi&ugrave; grandi.<\/label>\n\t\t\t<\/div>\n\t\t\t<div class=\"gchoice gchoice_803_4_2\">\n\t\t\t\t\t<input class=\"gfield-choice-input\" name=\"input_4\" type=\"radio\" value=\"gquiz4054f68d8\" id=\"choice_803_4_2\" onchange=\"gformToggleRadioOther( this )\">\n\t\t\t\t\t<label for=\"choice_803_4_2\" id=\"label_803_4_2\" class=\"gform-field-label gform-field-label--type-inline\">Evitano di collegare la magrezza alla salute nei loro programmi educativi.<\/label>\n\t\t\t<\/div><\/div><\/div><\/fieldset><\/div><\/div>\n        <div class=\"gform-page-footer gform_page_footer top_label\"><input type=\"submit\" id=\"gform_previous_button_803\" class=\"gform_previous_button gform-theme-button gform-theme-button--secondary button\" onclick=\"gform.submission.handleButtonClick(this);\" data-submission-type=\"previous\" value=\"Precedente\"> <input type=\"submit\" id=\"gform_submit_button_803\" class=\"gform_button button\" onclick=\"gform.submission.handleButtonClick(this);\" data-submission-type=\"submit\" value=\"Inviare\"> \n            <input type=\"hidden\" class=\"gform_hidden\" name=\"gform_submission_method\" data-js=\"gform_submission_method_803\" value=\"postback\">\n            <input type=\"hidden\" class=\"gform_hidden\" name=\"gform_theme\" data-js=\"gform_theme_803\" id=\"gform_theme_803\" value=\"gravity-theme\">\n            <input type=\"hidden\" class=\"gform_hidden\" name=\"gform_style_settings\" data-js=\"gform_style_settings_803\" id=\"gform_style_settings_803\" value='{\"inputPrimaryColor\":\"#204ce5\"}'>\n            <input type=\"hidden\" class=\"gform_hidden\" name=\"is_submit_803\" value=\"1\">\n            <input type=\"hidden\" class=\"gform_hidden\" name=\"gform_submit\" value=\"803\">\n            \n            <input type=\"hidden\" class=\"gform_hidden\" name=\"gform_currency\" data-currency=\"EUR\" value=\"y93Wvj2v07SpzcHEZOTVHjwHV5LfRF5TRUu\/97TLUD2bzfAQr5YHHadCbZYJcp7uHfGu2V7272yxK53p0wDQJqyXA1DDgFdbxLSFgGAsqXzxh5M=\">\n            <input type=\"hidden\" class=\"gform_hidden\" name=\"gform_unique_id\" value=\"\">\n            <input type=\"hidden\" class=\"gform_hidden\" name=\"state_803\" value=\"WyJbXSIsIjVlMjNlOGUzOTg5N2RmMzcwZmE1ODRlNDZjZGJmYjNkIl0=\">\n            <input type=\"hidden\" autocomplete=\"off\" class=\"gform_hidden\" name=\"gform_target_page_number_803\" id=\"gform_target_page_number_803\" value=\"2\">\n            <input type=\"hidden\" autocomplete=\"off\" class=\"gform_hidden\" name=\"gform_source_page_number_803\" id=\"gform_source_page_number_803\" value=\"1\">\n            <input type=\"hidden\" name=\"gform_field_values\" value=\"\">\n            \n        <\/div>\n             <\/div><\/div>\n                        <\/form>\n                        <\/div><script type=\"text\/javascript\">\n\/* <![CDATA[ *\/\n gform.initializeOnLoaded( function() {gformInitSpinner( 803, 'https:\/\/xqthenews.com\/wp-content\/plugins\/gravityforms\/images\/spinner.svg', true );jQuery('#gform_ajax_frame_803').on('load',function(){var contents = jQuery(this).contents().find('*').html();var is_postback = contents.indexOf('GF_AJAX_POSTBACK') >= 0;if(!is_postback){return;}var form_content = jQuery(this).contents().find('#gform_wrapper_803');var is_confirmation = jQuery(this).contents().find('#gform_confirmation_wrapper_803').length > 0;var is_redirect = contents.indexOf('gformRedirect(){') >= 0;var is_form = form_content.length > 0 && ! is_redirect && ! is_confirmation;var mt = parseInt(jQuery('html').css('margin-top'), 10) + parseInt(jQuery('body').css('margin-top'), 10) + 100;if(is_form){jQuery('#gform_wrapper_803').html(form_content.html());if(form_content.hasClass('gform_validation_error')){jQuery('#gform_wrapper_803').addClass('gform_validation_error');} else {jQuery('#gform_wrapper_803').removeClass('gform_validation_error');}setTimeout( function() { \/* delay the scroll by 50 milliseconds to fix a bug in chrome *\/ jQuery(document).scrollTop(jQuery('#gform_wrapper_803').offset().top - mt); }, 50 );if(window['gformInitDatepicker']) {gformInitDatepicker();}if(window['gformInitPriceFields']) {gformInitPriceFields();}var current_page = jQuery('#gform_source_page_number_803').val();gformInitSpinner( 803, 'https:\/\/xqthenews.com\/wp-content\/plugins\/gravityforms\/images\/spinner.svg', true );jQuery(document).trigger('gform_page_loaded', [803, current_page]);window['gf_submitting_803'] = false;}else if(!is_redirect){var confirmation_content = jQuery(this).contents().find('.GF_AJAX_POSTBACK').html();if(!confirmation_content){confirmation_content = contents;}jQuery('#gform_wrapper_803').replaceWith(confirmation_content);jQuery(document).scrollTop(jQuery('#gf_803').offset().top - mt);jQuery(document).trigger('gform_confirmation_loaded', [803]);window['gf_submitting_803'] = false;wp.a11y.speak(jQuery('#gform_confirmation_message_803').text());}else{jQuery('#gform_803').append(contents);if(window['gformRedirect']) {gformRedirect();}}jQuery(document).trigger(\"gform_pre_post_render\", [{ formId: \"803\", currentPage: \"current_page\", abort: function() { this.preventDefault(); } }]);        if (event && event.defaultPrevented) {                return;        }        const gformWrapperDiv = document.getElementById( \"gform_wrapper_803\" );        if ( gformWrapperDiv ) {            const visibilitySpan = document.createElement( \"span\" );            visibilitySpan.id = \"gform_visibility_test_803\";            gformWrapperDiv.insertAdjacentElement( \"afterend\", visibilitySpan );        }        const visibilityTestDiv = document.getElementById( \"gform_visibility_test_803\" );        let postRenderFired = false;        function triggerPostRender() {            if ( postRenderFired ) {                return;            }            postRenderFired = true;            gform.core.triggerPostRenderEvents( 803, current_page );            if ( visibilityTestDiv ) {                visibilityTestDiv.parentNode.removeChild( visibilityTestDiv );            }        }        function debounce( func, wait, immediate ) {            var timeout;            return function() {                var context = this, args = arguments;                var later = function() {                    timeout = null;                    if ( !immediate ) func.apply( context, args );                };                var callNow = immediate && !timeout;                clearTimeout( timeout );                timeout = setTimeout( later, wait );                if ( callNow ) func.apply( context, args );            };        }        const debouncedTriggerPostRender = debounce( function() {            triggerPostRender();        }, 200 );        if ( visibilityTestDiv && visibilityTestDiv.offsetParent === null ) {            const observer = new MutationObserver( ( mutations ) => {                mutations.forEach( ( mutation ) => {                    if ( mutation.type === 'attributes' && visibilityTestDiv.offsetParent !== null ) {                        debouncedTriggerPostRender();                        observer.disconnect();                    }                });            });            observer.observe( document.body, {                attributes: true,                childList: false,                subtree: true,                attributeFilter: [ 'style', 'class' ],            });        } else {            triggerPostRender();        }    } );} ); \n\/* ]]> *\/\n<\/script>\n","protected":false},"excerpt":{"rendered":"<p>Abbiamo intervistato Mar&iacute;a Calado sulla situazione delle donne in relazione ai disturbi alimentari, il peso dei <a class=\"glossaryLink\" aria-describedby=\"tt\" data-cmtooltip=\"&lt;div class=glossaryItemTitle&gt;Social network&lt;\/div&gt;&lt;div class=glossaryItemBody&gt;&amp;lt;!-- wp:paragraph {&amp;quot;translatedWithWPMLTM&amp;quot;:&amp;quot;1&amp;quot;} --&amp;gt;Il termine deriva dall&amp;#039;inglese social networking service o social networking site che significa servizio di rete sociale o sito di rete sociale. Si tratta di un servizio internet per la gestione di rapporti e reti sociali, fruibile attraverso browser o applicazioni (App) che permette consente la comunicazione e la condivisione di testi, audio, immagini e video.&amp;lt;br\/&amp;gt;&amp;lt;!-- \/wp:paragraph --&amp;gt;&lt;\/div&gt;&lt;div class=&amp;quot;cmtt_related_articles_wrapper&amp;quot;&gt;&lt;div class=&amp;quot;cmtt_related_title cmtt_related_articles_title&amp;quot;&gt;Related Articles: &lt;\/div&gt;&lt;ul class=&amp;quot;cmtt_related&amp;quot;&gt;&lt;li class=&amp;quot;cmtt_related_item&amp;quot;&gt;&lt;a href=&amp;quot;https:\/\/xqthenews.com\/it\/non-mi-piace-che-mia-madre-pubblichi-foto-di-me-sui-social-media\/&amp;quot;target=&amp;quot;_blank&amp;quot;&gt;&amp;#8220;Non mi piace che mia madre pubblichi foto di me sui social media&amp;#8221;.&lt;\/a&gt;&lt;\/li&gt;&lt;li class=&amp;quot;cmtt_related_item&amp;quot;&gt;&lt;a href=&amp;quot;https:\/\/xqthenews.com\/it\/avvicinare-i-giovani-al-processo-decisionale-politico-una-sfida-urgente\/&amp;quot;target=&amp;quot;_blank&amp;quot;&gt;Avvicinare i giovani al processo decisionale politico: una sfida urgente&lt;\/a&gt;&lt;\/li&gt;&lt;li class=&amp;quot;cmtt_related_item&amp;quot;&gt;&lt;a href=&amp;quot;https:\/\/xqthenews.com\/it\/sephora-kids-unapologia-virale-della-cosmetorexia-precoce\/&amp;quot;target=&amp;quot;_blank&amp;quot;&gt;Sephora Kids, un&amp;#8217;apologia virale della cosmeticoressia precoce&lt;\/a&gt;&lt;\/li&gt;&lt;li class=&amp;quot;cmtt_related_item&amp;quot;&gt;&lt;a href=&amp;quot;https:\/\/xqthenews.com\/it\/il-parlamento-determinera-la-traiettoria-delleuropa-del-2030\/&amp;quot;target=&amp;quot;_blank&amp;quot;&gt;Il Parlamento determiner&agrave; la traiettoria dell&rsquo;Europa del 2030&lt;\/a&gt;&lt;\/li&gt;&lt;li class=&amp;quot;cmtt_related_item&amp;quot;&gt;&lt;a href=&amp;quot;https:\/\/xqthenews.com\/it\/xq-video-podcast-gli-impatti-dei-social-media-dalla-radicalizzazione-politica-alla-salute-mentale\/&amp;quot;target=&amp;quot;_blank&amp;quot;&gt;XQ Video-Podcast. Gli impatti dei social media: dalla radicalizzazione politica alla salute mentale&lt;\/a&gt;&lt;\/li&gt;&lt;\/ul&gt;&lt;\/div&gt;\" href=\"https:\/\/xqthenews.com\/it\/glossary\/social-network\/\" data-gt-translate-attributes='[{\"attribute\":\"data-cmtooltip\", \"format\":\"html\"}]' tabindex=\"0\" role=\"link\">social network<\/a>, dei media, della famiglia, della scuola e del sistema sanitario nel perpetuare concezioni errate come confondere la magrezza con la salute Mar&iacute;a Calado &egrave; autrice di un recente studio intitolato Informe sobre mujeres j&oacute;venes y trastornos de<\/p>\n","protected":false},"author":70,"featured_media":26591,"comment_status":"open","ping_status":"open","sticky":false,"template":"","format":"standard","meta":{"_acf_changed":false,"footnotes":""},"categories":[479],"tags":[741],"coauthors":[593],"class_list":{"0":"post-26565","1":"post","2":"type-post","3":"status-publish","4":"format-standard","5":"has-post-thumbnail","7":"category-salute-mentale","8":"tag-tca-ed-childhooded-it"},"acf":[],"yoast_head":"<!-- This site is optimized with the Yoast SEO plugin v27.1.1 - https:\/\/yoast.com\/product\/yoast-seo-wordpress\/ -->\n<title>Mar\u00eda Calado: &quot;I disturbi alimentari iniziano prima e colpiscono pi\u00f9 ragazze&quot; - xqthenews<\/title>\n<meta name=\"robots\" content=\"index, follow, max-snippet:-1, max-image-preview:large, max-video-preview:-1\" \/>\n<link rel=\"canonical\" href=\"https:\/\/xqthenews.com\/it\/maria-calado-i-disturbi-alimentari-iniziano-prima-e-colpiscono-piu-ragazze\/\" \/>\n<meta property=\"og:locale\" content=\"it_IT\" \/>\n<meta property=\"og:type\" content=\"article\" \/>\n<meta property=\"og:title\" content=\"Mar\u00eda Calado: &quot;I disturbi alimentari iniziano prima e colpiscono pi\u00f9 ragazze&quot; - xqthenews\" \/>\n<meta property=\"og:description\" content=\"Abbiamo intervistato Mar&iacute;a Calado sulla situazione delle donne in relazione ai disturbi alimentari, il peso dei social network, dei media, della famiglia, della scuola e del sistema sanitario nel perpetuare concezioni errate come confondere la magrezza con la salute Mar&iacute;a Calado &egrave; autrice di un recente studio intitolato Informe sobre mujeres j&oacute;venes y trastornos de\" \/>\n<meta property=\"og:url\" content=\"https:\/\/xqthenews.com\/it\/maria-calado-i-disturbi-alimentari-iniziano-prima-e-colpiscono-piu-ragazze\/\" \/>\n<meta property=\"og:site_name\" content=\"xqthenews\" \/>\n<meta property=\"article:published_time\" content=\"2024-12-11T07:34:23+00:00\" \/>\n<meta property=\"article:modified_time\" content=\"2024-12-16T09:49:08+00:00\" \/>\n<meta property=\"og:image\" content=\"https:\/\/xqthenews.com\/wp-content\/uploads\/2024\/12\/Portada-2.jpeg\" \/>\n\t<meta property=\"og:image:width\" content=\"832\" \/>\n\t<meta property=\"og:image:height\" content=\"526\" \/>\n\t<meta property=\"og:image:type\" content=\"image\/jpeg\" \/>\n<meta name=\"author\" content=\"Pablo Guti\u00e9rrez del \u00c1lamo\" \/>\n<meta name=\"twitter:card\" content=\"summary_large_image\" \/>\n<meta name=\"twitter:label1\" content=\"Scritto da\" \/>\n\t<meta name=\"twitter:data1\" content=\"Pablo Guti\u00e9rrez del \u00c1lamo\" \/>\n\t<meta name=\"twitter:label2\" content=\"Tempo di lettura stimato\" \/>\n\t<meta name=\"twitter:data2\" content=\"18 minuti\" \/>\n<script type=\"application\/ld+json\" class=\"yoast-schema-graph\">{\"@context\":\"https:\/\/schema.org\",\"@graph\":[{\"@type\":\"Article\",\"@id\":\"https:\/\/xqthenews.com\/it\/maria-calado-i-disturbi-alimentari-iniziano-prima-e-colpiscono-piu-ragazze\/#article\",\"isPartOf\":{\"@id\":\"https:\/\/xqthenews.com\/it\/maria-calado-i-disturbi-alimentari-iniziano-prima-e-colpiscono-piu-ragazze\/\"},\"author\":{\"name\":\"Pablo Guti\u00e9rrez del \u00c1lamo\",\"@id\":\"https:\/\/xqthenews.com\/es\/#\/schema\/person\/92be777889e635919a45427ae059ca8b\"},\"headline\":\"Mar\u00eda Calado: &#8220;I disturbi alimentari iniziano prima e colpiscono pi\u00f9 ragazze&#8221;\",\"datePublished\":\"2024-12-11T07:34:23+00:00\",\"dateModified\":\"2024-12-16T09:49:08+00:00\",\"mainEntityOfPage\":{\"@id\":\"https:\/\/xqthenews.com\/it\/maria-calado-i-disturbi-alimentari-iniziano-prima-e-colpiscono-piu-ragazze\/\"},\"wordCount\":3901,\"commentCount\":0,\"image\":{\"@id\":\"https:\/\/xqthenews.com\/it\/maria-calado-i-disturbi-alimentari-iniziano-prima-e-colpiscono-piu-ragazze\/#primaryimage\"},\"thumbnailUrl\":\"https:\/\/xqthenews.com\/wp-content\/uploads\/2024\/12\/Portada-2.jpeg\",\"keywords\":[\"#TCA #ED #ChildhoodED\"],\"articleSection\":[\"Salute mentale\"],\"inLanguage\":\"it-IT\",\"potentialAction\":[{\"@type\":\"CommentAction\",\"name\":\"Comment\",\"target\":[\"https:\/\/xqthenews.com\/it\/maria-calado-i-disturbi-alimentari-iniziano-prima-e-colpiscono-piu-ragazze\/#respond\"]}]},{\"@type\":\"WebPage\",\"@id\":\"https:\/\/xqthenews.com\/it\/maria-calado-i-disturbi-alimentari-iniziano-prima-e-colpiscono-piu-ragazze\/\",\"url\":\"https:\/\/xqthenews.com\/it\/maria-calado-i-disturbi-alimentari-iniziano-prima-e-colpiscono-piu-ragazze\/\",\"name\":\"Mar\u00eda Calado: \\\"I disturbi alimentari iniziano prima e colpiscono pi\u00f9 ragazze\\\" - xqthenews\",\"isPartOf\":{\"@id\":\"https:\/\/xqthenews.com\/es\/#website\"},\"primaryImageOfPage\":{\"@id\":\"https:\/\/xqthenews.com\/it\/maria-calado-i-disturbi-alimentari-iniziano-prima-e-colpiscono-piu-ragazze\/#primaryimage\"},\"image\":{\"@id\":\"https:\/\/xqthenews.com\/it\/maria-calado-i-disturbi-alimentari-iniziano-prima-e-colpiscono-piu-ragazze\/#primaryimage\"},\"thumbnailUrl\":\"https:\/\/xqthenews.com\/wp-content\/uploads\/2024\/12\/Portada-2.jpeg\",\"datePublished\":\"2024-12-11T07:34:23+00:00\",\"dateModified\":\"2024-12-16T09:49:08+00:00\",\"author\":{\"@id\":\"https:\/\/xqthenews.com\/es\/#\/schema\/person\/92be777889e635919a45427ae059ca8b\"},\"breadcrumb\":{\"@id\":\"https:\/\/xqthenews.com\/it\/maria-calado-i-disturbi-alimentari-iniziano-prima-e-colpiscono-piu-ragazze\/#breadcrumb\"},\"inLanguage\":\"it-IT\",\"potentialAction\":[{\"@type\":\"ReadAction\",\"target\":[\"https:\/\/xqthenews.com\/it\/maria-calado-i-disturbi-alimentari-iniziano-prima-e-colpiscono-piu-ragazze\/\"]}]},{\"@type\":\"ImageObject\",\"inLanguage\":\"it-IT\",\"@id\":\"https:\/\/xqthenews.com\/it\/maria-calado-i-disturbi-alimentari-iniziano-prima-e-colpiscono-piu-ragazze\/#primaryimage\",\"url\":\"https:\/\/xqthenews.com\/wp-content\/uploads\/2024\/12\/Portada-2.jpeg\",\"contentUrl\":\"https:\/\/xqthenews.com\/wp-content\/uploads\/2024\/12\/Portada-2.jpeg\",\"width\":832,\"height\":526,\"caption\":\"Mar\u00eda Calado. Per gentile concessione\"},{\"@type\":\"BreadcrumbList\",\"@id\":\"https:\/\/xqthenews.com\/it\/maria-calado-i-disturbi-alimentari-iniziano-prima-e-colpiscono-piu-ragazze\/#breadcrumb\",\"itemListElement\":[{\"@type\":\"ListItem\",\"position\":1,\"name\":\"Portada\",\"item\":\"https:\/\/xqthenews.com\/it\/\"},{\"@type\":\"ListItem\",\"position\":2,\"name\":\"Mar\u00eda Calado: \u00abI disturbi alimentari iniziano prima e colpiscono pi\u00f9 ragazze\u00bb\"}]},{\"@type\":\"WebSite\",\"@id\":\"https:\/\/xqthenews.com\/es\/#website\",\"url\":\"https:\/\/xqthenews.com\/es\/\",\"name\":\"xqthenews\",\"description\":\"El porqu\u00e9 de las noticias\",\"potentialAction\":[{\"@type\":\"SearchAction\",\"target\":{\"@type\":\"EntryPoint\",\"urlTemplate\":\"https:\/\/xqthenews.com\/es\/?s={search_term_string}\"},\"query-input\":{\"@type\":\"PropertyValueSpecification\",\"valueRequired\":true,\"valueName\":\"search_term_string\"}}],\"inLanguage\":\"it-IT\"},{\"@type\":\"Person\",\"@id\":\"https:\/\/xqthenews.com\/es\/#\/schema\/person\/92be777889e635919a45427ae059ca8b\",\"name\":\"Pablo Guti\u00e9rrez del \u00c1lamo\",\"image\":{\"@type\":\"ImageObject\",\"inLanguage\":\"it-IT\",\"@id\":\"https:\/\/xqthenews.com\/es\/#\/schema\/person\/image\/f676032948786a002a82f3ddab712c1f\",\"url\":\"https:\/\/xqthenews.com\/wp-content\/uploads\/2024\/10\/pablo-gutierrez-del-Alamo_avatar-96x96.jpg\",\"contentUrl\":\"https:\/\/xqthenews.com\/wp-content\/uploads\/2024\/10\/pablo-gutierrez-del-Alamo_avatar-96x96.jpg\",\"caption\":\"Pablo Guti\u00e9rrez del \u00c1lamo\"},\"description\":\"Pablo Guti\u00e9rrez del \u00c1lamo. Periodista especializado en educaci\u00f3n. Director de El Diario de la Educaci\u00f3n. Antes en Peri\u00f3dico Escuela\",\"url\":\"https:\/\/xqthenews.com\/it\/author\/pablogutierrezdelalamo\/\"}]}<\/script>\n<!-- \/ Yoast SEO plugin. -->","yoast_head_json":{"title":"Mar\u00eda Calado: \"I disturbi alimentari iniziano prima e colpiscono pi\u00f9 ragazze\" - xqthenews","robots":{"index":"index","follow":"follow","max-snippet":"max-snippet:-1","max-image-preview":"max-image-preview:large","max-video-preview":"max-video-preview:-1"},"canonical":"https:\/\/xqthenews.com\/it\/maria-calado-i-disturbi-alimentari-iniziano-prima-e-colpiscono-piu-ragazze\/","og_locale":"it_IT","og_type":"article","og_title":"Mar\u00eda Calado: \"I disturbi alimentari iniziano prima e colpiscono pi\u00f9 ragazze\" - xqthenews","og_description":"Abbiamo intervistato Mar&iacute;a Calado sulla situazione delle donne in relazione ai disturbi alimentari, il peso dei social network, dei media, della famiglia, della scuola e del sistema sanitario nel perpetuare concezioni errate come confondere la magrezza con la salute Mar&iacute;a Calado &egrave; autrice di un recente studio intitolato Informe sobre mujeres j&oacute;venes y trastornos de","og_url":"https:\/\/xqthenews.com\/it\/maria-calado-i-disturbi-alimentari-iniziano-prima-e-colpiscono-piu-ragazze\/","og_site_name":"xqthenews","article_published_time":"2024-12-11T07:34:23+00:00","article_modified_time":"2024-12-16T09:49:08+00:00","og_image":[{"width":832,"height":526,"url":"https:\/\/xqthenews.com\/wp-content\/uploads\/2024\/12\/Portada-2.jpeg","type":"image\/jpeg"}],"author":"Pablo Guti\u00e9rrez del \u00c1lamo","twitter_card":"summary_large_image","twitter_misc":{"Scritto da":"Pablo Guti\u00e9rrez del \u00c1lamo","Tempo di lettura stimato":"18 minuti"},"schema":{"@context":"https:\/\/schema.org","@graph":[{"@type":"Article","@id":"https:\/\/xqthenews.com\/it\/maria-calado-i-disturbi-alimentari-iniziano-prima-e-colpiscono-piu-ragazze\/#article","isPartOf":{"@id":"https:\/\/xqthenews.com\/it\/maria-calado-i-disturbi-alimentari-iniziano-prima-e-colpiscono-piu-ragazze\/"},"author":{"name":"Pablo Guti\u00e9rrez del \u00c1lamo","@id":"https:\/\/xqthenews.com\/es\/#\/schema\/person\/92be777889e635919a45427ae059ca8b"},"headline":"Mar\u00eda Calado: &#8220;I disturbi alimentari iniziano prima e colpiscono pi\u00f9 ragazze&#8221;","datePublished":"2024-12-11T07:34:23+00:00","dateModified":"2024-12-16T09:49:08+00:00","mainEntityOfPage":{"@id":"https:\/\/xqthenews.com\/it\/maria-calado-i-disturbi-alimentari-iniziano-prima-e-colpiscono-piu-ragazze\/"},"wordCount":3901,"commentCount":0,"image":{"@id":"https:\/\/xqthenews.com\/it\/maria-calado-i-disturbi-alimentari-iniziano-prima-e-colpiscono-piu-ragazze\/#primaryimage"},"thumbnailUrl":"https:\/\/xqthenews.com\/wp-content\/uploads\/2024\/12\/Portada-2.jpeg","keywords":["#TCA #ED #ChildhoodED"],"articleSection":["Salute mentale"],"inLanguage":"it-IT","potentialAction":[{"@type":"CommentAction","name":"Comment","target":["https:\/\/xqthenews.com\/it\/maria-calado-i-disturbi-alimentari-iniziano-prima-e-colpiscono-piu-ragazze\/#respond"]}]},{"@type":"WebPage","@id":"https:\/\/xqthenews.com\/it\/maria-calado-i-disturbi-alimentari-iniziano-prima-e-colpiscono-piu-ragazze\/","url":"https:\/\/xqthenews.com\/it\/maria-calado-i-disturbi-alimentari-iniziano-prima-e-colpiscono-piu-ragazze\/","name":"Mar\u00eda Calado: \"I disturbi alimentari iniziano prima e colpiscono pi\u00f9 ragazze\" - xqthenews","isPartOf":{"@id":"https:\/\/xqthenews.com\/es\/#website"},"primaryImageOfPage":{"@id":"https:\/\/xqthenews.com\/it\/maria-calado-i-disturbi-alimentari-iniziano-prima-e-colpiscono-piu-ragazze\/#primaryimage"},"image":{"@id":"https:\/\/xqthenews.com\/it\/maria-calado-i-disturbi-alimentari-iniziano-prima-e-colpiscono-piu-ragazze\/#primaryimage"},"thumbnailUrl":"https:\/\/xqthenews.com\/wp-content\/uploads\/2024\/12\/Portada-2.jpeg","datePublished":"2024-12-11T07:34:23+00:00","dateModified":"2024-12-16T09:49:08+00:00","author":{"@id":"https:\/\/xqthenews.com\/es\/#\/schema\/person\/92be777889e635919a45427ae059ca8b"},"breadcrumb":{"@id":"https:\/\/xqthenews.com\/it\/maria-calado-i-disturbi-alimentari-iniziano-prima-e-colpiscono-piu-ragazze\/#breadcrumb"},"inLanguage":"it-IT","potentialAction":[{"@type":"ReadAction","target":["https:\/\/xqthenews.com\/it\/maria-calado-i-disturbi-alimentari-iniziano-prima-e-colpiscono-piu-ragazze\/"]}]},{"@type":"ImageObject","inLanguage":"it-IT","@id":"https:\/\/xqthenews.com\/it\/maria-calado-i-disturbi-alimentari-iniziano-prima-e-colpiscono-piu-ragazze\/#primaryimage","url":"https:\/\/xqthenews.com\/wp-content\/uploads\/2024\/12\/Portada-2.jpeg","contentUrl":"https:\/\/xqthenews.com\/wp-content\/uploads\/2024\/12\/Portada-2.jpeg","width":832,"height":526,"caption":"Mar\u00eda Calado. Per gentile concessione"},{"@type":"BreadcrumbList","@id":"https:\/\/xqthenews.com\/it\/maria-calado-i-disturbi-alimentari-iniziano-prima-e-colpiscono-piu-ragazze\/#breadcrumb","itemListElement":[{"@type":"ListItem","position":1,"name":"Portada","item":"https:\/\/xqthenews.com\/it\/"},{"@type":"ListItem","position":2,"name":"Mar\u00eda Calado: \u00abI disturbi alimentari iniziano prima e colpiscono pi\u00f9 ragazze\u00bb"}]},{"@type":"WebSite","@id":"https:\/\/xqthenews.com\/es\/#website","url":"https:\/\/xqthenews.com\/es\/","name":"xqthenews","description":"El porqu\u00e9 de las noticias","potentialAction":[{"@type":"SearchAction","target":{"@type":"EntryPoint","urlTemplate":"https:\/\/xqthenews.com\/es\/?s={search_term_string}"},"query-input":{"@type":"PropertyValueSpecification","valueRequired":true,"valueName":"search_term_string"}}],"inLanguage":"it-IT"},{"@type":"Person","@id":"https:\/\/xqthenews.com\/es\/#\/schema\/person\/92be777889e635919a45427ae059ca8b","name":"Pablo Guti\u00e9rrez del \u00c1lamo","image":{"@type":"ImageObject","inLanguage":"it-IT","@id":"https:\/\/xqthenews.com\/es\/#\/schema\/person\/image\/f676032948786a002a82f3ddab712c1f","url":"https:\/\/xqthenews.com\/wp-content\/uploads\/2024\/10\/pablo-gutierrez-del-Alamo_avatar-96x96.jpg","contentUrl":"https:\/\/xqthenews.com\/wp-content\/uploads\/2024\/10\/pablo-gutierrez-del-Alamo_avatar-96x96.jpg","caption":"Pablo Guti\u00e9rrez del \u00c1lamo"},"description":"Pablo Guti\u00e9rrez del \u00c1lamo. Periodista especializado en educaci\u00f3n. Director de El Diario de la Educaci\u00f3n. Antes en Peri\u00f3dico Escuela","url":"https:\/\/xqthenews.com\/it\/author\/pablogutierrezdelalamo\/"}]}},"_links":{"self":[{"href":"https:\/\/xqthenews.com\/it\/wp-json\/wp\/v2\/posts\/26565","targetHints":{"allow":["GET"]}}],"collection":[{"href":"https:\/\/xqthenews.com\/it\/wp-json\/wp\/v2\/posts"}],"about":[{"href":"https:\/\/xqthenews.com\/it\/wp-json\/wp\/v2\/types\/post"}],"author":[{"embeddable":true,"href":"https:\/\/xqthenews.com\/it\/wp-json\/wp\/v2\/users\/70"}],"replies":[{"embeddable":true,"href":"https:\/\/xqthenews.com\/it\/wp-json\/wp\/v2\/comments?post=26565"}],"version-history":[{"count":2,"href":"https:\/\/xqthenews.com\/it\/wp-json\/wp\/v2\/posts\/26565\/revisions"}],"predecessor-version":[{"id":26580,"href":"https:\/\/xqthenews.com\/it\/wp-json\/wp\/v2\/posts\/26565\/revisions\/26580"}],"wp:featuredmedia":[{"embeddable":true,"href":"https:\/\/xqthenews.com\/it\/wp-json\/wp\/v2\/media\/26591"}],"wp:attachment":[{"href":"https:\/\/xqthenews.com\/it\/wp-json\/wp\/v2\/media?parent=26565"}],"wp:term":[{"taxonomy":"category","embeddable":true,"href":"https:\/\/xqthenews.com\/it\/wp-json\/wp\/v2\/categories?post=26565"},{"taxonomy":"post_tag","embeddable":true,"href":"https:\/\/xqthenews.com\/it\/wp-json\/wp\/v2\/tags?post=26565"},{"taxonomy":"author","embeddable":true,"href":"https:\/\/xqthenews.com\/it\/wp-json\/wp\/v2\/coauthors?post=26565"}],"curies":[{"name":"wp","href":"https:\/\/api.w.org\/{rel}","templated":true}]}}