{"id":26036,"date":"2024-11-27T08:12:03","date_gmt":"2024-11-27T07:12:03","guid":{"rendered":"https:\/\/xqthenews.com\/?p=26036"},"modified":"2024-11-27T09:48:32","modified_gmt":"2024-11-27T08:48:32","slug":"ambizione-silenziosa-la-risposta-dei-giovani-a-un-mercato-del-lavoro-precario","status":"publish","type":"post","link":"https:\/\/xqthenews.com\/it\/ambizione-silenziosa-la-risposta-dei-giovani-a-un-mercato-del-lavoro-precario\/","title":{"rendered":"Ambizione silenziosa: la risposta dei giovani a un mercato del lavoro precario"},"content":{"rendered":"<p><strong>La Gen Z trasforma il paradigma lavorativo, privilegiando salute mentale e tempo libero rispetto alla mancanza di prospettive professionali.<\/strong><\/p>\n\n<p>L&rsquo;arrivo della <a class=\"glossaryLink\" aria-describedby=\"tt\" data-cmtooltip=\"&lt;div class=glossaryItemTitle&gt;Generazione Z&lt;\/div&gt;&lt;div class=glossaryItemBody&gt;&amp;lt;!-- wp:paragraph {&amp;quot;translatedWithWPMLTM&amp;quot;:&amp;quot;1&amp;quot;} --&amp;gt;Questo gruppo di persone &egrave; caratterizzato dalla generazione Internet.&amp;lt;br\/&amp;gt;&amp;lt;!-- \/wp:paragraph --&amp;gt;&amp;lt;!-- wp:paragraph {&amp;quot;translatedWithWPMLTM&amp;quot;:&amp;quot;1&amp;quot;} --&amp;gt;La loro padronanza della tecnologia li rende meno attenti alle relazioni interpersonali, anche se sono i pi&ugrave; attenti alle questioni sociali su Internet. Amano avere tutto ci&ograve; che desiderano immediatamente, conseguenza del mondo digitale in cui sono immersi. Il loro stile di vita &egrave; influenzato anche dagli &amp;lt;em&amp;gt;YouTubers&amp;lt;\/em&amp;gt;.&amp;lt;br\/&amp;gt;&amp;lt;!-- \/wp:paragraph --&amp;gt;&amp;lt;!-- wp:paragraph {&amp;quot;translatedWithWPMLTM&amp;quot;:&amp;quot;1&amp;quot;} --&amp;gt;Sono multi-tasking, ma la loro soglia di attenzione &egrave; molto breve. Sono anche consumatori indipendenti ed esigenti e ricopriranno posti di lavoro che attualmente non esistono.&amp;lt;br\/&amp;gt;&amp;lt;!-- \/wp:paragraph --&amp;gt;&amp;lt;!-- wp:paragraph --&amp;gt;(Fuente: Iberdrola)&amp;lt;br\/&amp;gt;&amp;lt;!-- \/wp:paragraph --&amp;gt;&lt;\/div&gt;&lt;div id=&amp;quot;cmtt_related_articles&amp;quot; class=&amp;quot;cmtt_related_articles_wrapper&amp;quot;&gt;&lt;div class=&amp;quot;cmtt_related_title cmtt_related_articles_title&amp;quot;&gt;Related Articles: &lt;\/div&gt;&lt;ul class=&amp;quot;cmtt_related&amp;quot;&gt;&lt;li class=&amp;quot;cmtt_related_item&amp;quot;&gt;&lt;a href=&amp;quot;https:\/\/xqthenews.com\/it\/inu-oh-rock-giapponese-tra-intersezionalta-gender-fluid-e-decolonialita\/&amp;quot;target=&amp;quot;_blank&amp;quot;&gt;Inu-Oh: rock giapponese tra intersezionalt&agrave;, gender fluid e decolonialit&agrave;.&lt;\/a&gt;&lt;\/li&gt;&lt;\/ul&gt;&lt;\/div&gt;\" href=\"https:\/\/xqthenews.com\/it\/glossary\/generazione-z\/\" data-gt-translate-attributes='[{\"attribute\":\"data-cmtooltip\", \"format\":\"html\"}]' tabindex=\"0\" role=\"link\">Generazione Z<\/a> nel mercato del lavoro ha trasformato l&rsquo;idea di &ldquo;successo&rdquo;. La precariet&agrave; detta le condizioni lavorative per i pi&ugrave; giovani, specialmente dalla crisi della bolla immobiliare spagnola. Secondo l&rsquo;Istituto Nazionale di Statistica (INE), il tasso di disoccupazione tra i minori di 25 anni in Spagna &egrave; attorno al 26,9%. Tra i disoccupati, il 19% ha meno di 25 anni, e un disoccupato di lunga durata su tre &ndash; ovvero chi &egrave; senza lavoro da pi&ugrave; di un anno &ndash; appartiene alla generazione dei Millennial.   <\/p>\n\n<p>La Spagna <em>non &egrave; un paese per giovani<\/em>. I dati dell&rsquo;<a class=\"glossaryLink\"  aria-describedby=\"tt\"  data-cmtooltip=\"&lt;div class=glossaryItemTitle&gt;OCSE&lt;\/div&gt;&lt;div class=glossaryItemBody&gt;&amp;lt;!-- wp:paragraph {&amp;quot;translatedWithWPMLTM&amp;quot;:&amp;quot;1&amp;quot;} --&amp;gt;L&amp;#039;OCSE (Organizzazione per la Cooperazione e lo Sviluppo Economico) &egrave; un organismo internazionale che promuove politiche per migliorare il benessere economico, sociale e ambientale nei 38 Paesi membri.&amp;lt;br\/&amp;gt;&amp;lt;!-- \/wp:paragraph --&amp;gt;&lt;\/div&gt;\"  href=\"https:\/\/xqthenews.com\/it\/glossary\/ocse\/\"  data-gt-translate-attributes='[{\"attribute\":\"data-cmtooltip\", \"format\":\"html\"}]' tabindex='0' role='link'>OCSE<\/a> (Organizzazione per la Cooperazione e lo Sviluppo Economico), della Banca di Spagna e dell&rsquo;INE riferiscono che &ldquo;i giovani spagnoli si trovano in uno stato di vulnerabilit&agrave; senza precedenti&rdquo;. Nonostante la recente riforma del lavoro, che chiede la riduzione del lavoro temporaneo nel mercato spagnolo al 17,08% entro il 2023, i giovani rimangono i pi&ugrave; colpiti, con un tasso di impiego temporaneo del 45,2%, spesso senza averlo scelto. <\/p>\n\n<p>I salari rappresentano il terzo vertice del triangolo della precariet&agrave;. I giovani sotto i 30 anni guadagnano il 35% in meno della media. La loro crescita salariale &egrave; inferiore a quella delle generazioni precedenti. Le persone nate nel 1955 hanno raggiunto la base media di <a class=\"glossaryLink\" aria-describedby=\"tt\" data-cmtooltip=\"&lt;div class=glossaryItemTitle&gt;Contributi&lt;\/div&gt;&lt;div class=glossaryItemBody&gt;&amp;lt;!-- wp:paragraph {&amp;quot;translatedWithWPMLTM&amp;quot;:&amp;quot;1&amp;quot;} --&amp;gt;I contributi sono imposte economiche che i lavoratori e i datori di lavoro versano alla Sicurezza Sociale spagnola. Servono a finanziare le pensioni, la disoccupazione e altre prestazioni. Sono calcolati in base al salario e alla base normativa. &amp;lt;br\/&amp;gt;&amp;lt;!-- \/wp:paragraph --&amp;gt;&lt;\/div&gt;\" href=\"https:\/\/xqthenews.com\/it\/glossary\/contributi\/\" data-gt-translate-attributes='[{\"attribute\":\"data-cmtooltip\", \"format\":\"html\"}]' tabindex=\"0\" role=\"link\">contributi<\/a> versati alla Sicurezza Sociale a 27 anni, mentre quelle nate nel 1985 vi sono arrivate solo a 34 anni. Inoltre, secondo l&rsquo;Indagine spagnola sulle Finanze Familiari (EFF), il reddito e la ricchezza familiare sono diminuiti del 37% tra il 2011 e il 2022. Un giovane su tre, al di sotto dei 29 anni, &egrave; a rischio povert&agrave;.   <\/p>\n\n<p>Paula &egrave; uno di migliaia di casi in cui il mercato del lavoro si &egrave; rivelato un abisso di disperazione. Giornalista sotto i 30 anni, ha svolto lavori precari fin dall&rsquo;et&agrave; di 18 anni: commessa in un negozio di cioccolato e cameriera in ristoranti e hotel di lusso. Ha ottenuto il suo primo lavoro qualificato a 23 anni, con un contratto part-time non voluto. &ldquo;Quando ho iniziato, guadagnavo meno di 700 euro con un contratto part-time. Dovevo lavorare oltre l&rsquo;orario stabilito, inclusi i fine settimana, e mi veniva costantemente chiesto di svolgere compiti al di fuori dell&rsquo;orario concordato. Cercavo di accontentare per paura di perdere il lavoro e per le promesse di miglioramenti, ma quattro anni dopo, sono ancora bloccata con un contratto part-time imposto e uno stipendio miserabile&rdquo;, spiega. La situazione ha influenzato anche la sua salute mentale: &ldquo;Ho sprecato molto tempo in terapia &ndash; che ho pagato io, ovviamente &ndash; per imparare a stabilire dei limiti sul lavoro. Ho compromesso la mia salute mentale; le ambizioni professionali mi logorano e le mie relazioni personali ne hanno risentito&rdquo;, conclude.     <\/p>\n\n<p>I dati smentiscono il sospetto che la precariet&agrave; dei giovani possa dipendere da una bassa qualificazione. La Spagna, insieme alla Grecia, si distingue per la <a class=\"glossaryLink\" aria-describedby=\"tt\" data-cmtooltip=\"&lt;div class=glossaryItemTitle&gt;Sovraqualificazione&lt;\/div&gt;&lt;div class=glossaryItemBody&gt;&amp;lt;!-- wp:paragraph {&amp;quot;translatedWithWPMLTM&amp;quot;:&amp;quot;1&amp;quot;} --&amp;gt;La sovraqualificazione si verifica quando una persona ha una formazione o delle capacit&agrave; professionali superiori a quelle richieste per il suo lavoro, il che potrebbe generare insoddisfazione lavorativa e spreco di talento.&amp;lt;br\/&amp;gt;&amp;lt;!-- \/wp:paragraph --&amp;gt;&amp;lt;!-- wp:paragraph --&amp;gt;&amp;lt;br\/&amp;gt;&amp;lt;!-- \/wp:paragraph --&amp;gt;&lt;\/div&gt;\" href=\"https:\/\/xqthenews.com\/it\/glossary\/sovraqualificazione\/\" data-gt-translate-attributes='[{\"attribute\":\"data-cmtooltip\", \"format\":\"html\"}]' tabindex=\"0\" role=\"link\">sovraqualificazione<\/a> della sua popolazione giovane tra i 20 e i 34 anni. Secondo <a class=\"glossaryLink\" aria-describedby=\"tt\" data-cmtooltip=\"&lt;div class=glossaryItemTitle&gt;Eurostat&lt;\/div&gt;&lt;div class=glossaryItemBody&gt;&amp;lt;!-- wp:paragraph {&amp;quot;translatedWithWPMLTM&amp;quot;:&amp;quot;1&amp;quot;} --&amp;gt;&Eacute; l&amp;#039;Ufficio statistico dell&amp;#039;Unione europea, incaricato dell&rsquo;elaborazione di rilevazioni che consentono di analizzare l&rsquo;andamento di diversi fenomeni economico-sociali e di effettuare confronti fra paesi e regioni. Eurostat elabora le statistiche ufficiali europee, in collaborazione con le autorit&agrave; statistiche nazionali.&amp;lt;br\/&amp;gt;&amp;lt;!-- \/wp:paragraph --&amp;gt;&lt;\/div&gt;&lt;div id=&amp;quot;cmtt_related_articles&amp;quot; class=&amp;quot;cmtt_related_articles_wrapper&amp;quot;&gt;&lt;div class=&amp;quot;cmtt_related_title cmtt_related_articles_title&amp;quot;&gt;Related Articles: &lt;\/div&gt;&lt;ul class=&amp;quot;cmtt_related&amp;quot;&gt;&lt;li class=&amp;quot;cmtt_related_item&amp;quot;&gt;&lt;a href=&amp;quot;https:\/\/xqthenews.com\/it\/qual-e-la-posizione-delle-aziende-e-della-societa-nei-confronti-delleconomia-circolare\/&amp;quot;target=&amp;quot;_blank&amp;quot;&gt;Qual &egrave; la posizione delle aziende e della societ&agrave; nei confronti dell&amp;#8217;economia circolare?&lt;\/a&gt;&lt;\/li&gt;&lt;\/ul&gt;&lt;\/div&gt;\" href=\"https:\/\/xqthenews.com\/it\/glossary\/eurostat\/\" data-gt-translate-attributes='[{\"attribute\":\"data-cmtooltip\", \"format\":\"html\"}]' tabindex=\"0\" role=\"link\">Eurostat<\/a>, il 35% ha un livello di istruzione superiore rispetto a quello richiesto per il lavoro che svolge, mentre la media europea si attesta al 22%.  <\/p>\n\n<h2 class=\"wp-block-heading\"><strong>Una ridefinizione del successo<\/strong><\/h2>\n\n<p>La frustrazione per un mercato del lavoro che soffoca i giovani con lunghe ore di lavoro, occupazioni multiple e salari bassi ha portato a un significativo cambiamento nella visione del lavoro. I giovani hanno reso popolare un nuovo concetto, quello di &ldquo;ambizione silenziosa&rdquo;, una sfida ai critici che li definiscono la &ldquo;generazione di vetro&rdquo;. Per la mancanza di prospettive professionali, il lavoro non &egrave; pi&ugrave; un mezzo di realizzazione personale. Il termine non implica che i giovani non abbiano ambizioni, ma che diano priorit&agrave; ad altri aspetti come la salute mentale, il tempo libero e la vita sociale e personale, rispetto a lunghe ore di lavoro che non sembrano mai tradursi in salari pi&ugrave; alti. Si rivendica il diritto di avere tempo per svagarsi, stare con la famiglia, fare sport o viaggiare senza subire sovraccarichi emotivi e mentali. L&rsquo;aspirazione &egrave; lavorare meno per avere pi&ugrave; tempo libero. La pressione di sindacati e lavoratori per ridurre le ore lavorative &egrave; in aumento, e i giovani sono tra i principali sostenitori.       <\/p>\n\n<p>I <a class=\"glossaryLink\" aria-describedby=\"tt\" data-cmtooltip=\"&lt;div class=glossaryItemTitle&gt;Millennials&lt;\/div&gt;&lt;div class=glossaryItemBody&gt;&amp;lt;!-- wp:paragraph {&amp;quot;translatedWithWPMLTM&amp;quot;:&amp;quot;1&amp;quot;} --&amp;gt;&amp;lt;em&amp;gt;noti anche come Generazione Y&amp;lt;\/em&amp;gt;,sono la generazione di persone nate tra il 1982 e il 1994.&amp;lt;br\/&amp;gt;&amp;lt;!-- \/wp:paragraph --&amp;gt;&amp;lt;!-- wp:paragraph {&amp;quot;translatedWithWPMLTM&amp;quot;:&amp;quot;1&amp;quot;} --&amp;gt;Questa generazione ha vissuto nell&amp;#039;era analogica ed &egrave; migrata nel mondo digitale. La tecnologia fa parte della loro vita quotidiana, anche se non sono nati nell&amp;#039;era tecnologica.&amp;lt;br\/&amp;gt;&amp;lt;!-- \/wp:paragraph --&amp;gt;&amp;lt;!-- wp:paragraph {&amp;quot;translatedWithWPMLTM&amp;quot;:&amp;quot;1&amp;quot;} --&amp;gt;&Egrave; una generazione che si considera superconnessa a Internet, socialmente e ambientalmente responsabile, abituata alla brevit&agrave; delle cose.&amp;lt;br\/&amp;gt;&amp;lt;!-- \/wp:paragraph --&amp;gt;&amp;lt;!-- wp:paragraph --&amp;gt;(Fuente: Iberdrola)&amp;lt;br\/&amp;gt;&amp;lt;!-- \/wp:paragraph --&amp;gt;&lt;\/div&gt;\" href=\"https:\/\/xqthenews.com\/it\/glossary\/millennials\/\" data-gt-translate-attributes='[{\"attribute\":\"data-cmtooltip\", \"format\":\"html\"}]' tabindex=\"0\" role=\"link\">Millennials<\/a> hanno dovuto accettare un cambiamento nei valori legati al lavoro, <a class=\"glossaryLink\"  aria-describedby=\"tt\"  data-cmtooltip=\"&lt;div class=glossaryItemTitle&gt;NATO&lt;\/div&gt;&lt;div class=glossaryItemBody&gt;&amp;lt;!-- wp:paragraph {&amp;quot;translatedWithWPMLTM&amp;quot;:&amp;quot;1&amp;quot;} --&amp;gt;E&rsquo; un&rsquo;alleanza politico-militare denominata &amp;quot;Organizzazione del trattato nord atlantico&rdquo;, fondata dopo la Seconda Guerra mondiale nel 1949, in chiave anti sovietica. Ne fanno parte 31 Paesi. Pu&ograve; diventare membro della NATO &amp;quot;qualsiasi altro Stato europeo in condizione di soddisfare i principi di questo trattato e di contribuire alla sicurezza dell&rsquo;area nord-atlantica. Le decisioni devono essere prese all&rsquo;unanimit&agrave; ma ogni membro ha il diritto di veto.&amp;lt;br\/&amp;gt;&amp;lt;!-- \/wp:paragraph --&amp;gt;&lt;\/div&gt;&lt;div id=&amp;quot;cmtt_related_articles&amp;quot; class=&amp;quot;cmtt_related_articles_wrapper&amp;quot;&gt;&lt;div class=&amp;quot;cmtt_related_title cmtt_related_articles_title&amp;quot;&gt;Related Articles: &lt;\/div&gt;&lt;ul class=&amp;quot;cmtt_related&amp;quot;&gt;&lt;li class=&amp;quot;cmtt_related_item&amp;quot;&gt;&lt;a href=&amp;quot;https:\/\/xqthenews.com\/it\/le-tradizioni-natalizie-italiane-tra-sacro-e-profano\/&amp;quot;target=&amp;quot;_blank&amp;quot;&gt;Le tradizioni natalizie italiane, tra sacro e profano&lt;\/a&gt;&lt;\/li&gt;&lt;li class=&amp;quot;cmtt_related_item&amp;quot;&gt;&lt;a href=&amp;quot;https:\/\/xqthenews.com\/it\/cervelli-in-fuga-vanno-vengono-a-volte-ritornano\/&amp;quot;target=&amp;quot;_blank&amp;quot;&gt;Cervelli in fuga: vanno, vengono, a volte ritornano&lt;\/a&gt;&lt;\/li&gt;&lt;li class=&amp;quot;cmtt_related_item&amp;quot;&gt;&lt;a href=&amp;quot;https:\/\/xqthenews.com\/it\/ci-dicono-torna-al-tuo-paese-ma-vogliamo-lavorare-la-storia-di-tre-giovani-che-vivono-in-un-furgone\/&amp;quot;target=&amp;quot;_blank&amp;quot;&gt;&amp;#8220;Ci dicono &amp;#8216;torna al tuo Paese&rdquo;, ma vogliamo lavorare&amp;#8221;: la storia di tre giovani che vivono in un furgone.&lt;\/a&gt;&lt;\/li&gt;&lt;li class=&amp;quot;cmtt_related_item&amp;quot;&gt;&lt;a href=&amp;quot;https:\/\/xqthenews.com\/it\/verita-e-giustizia-per-le-giornaliste-curde-assassinate\/&amp;quot;target=&amp;quot;_blank&amp;quot;&gt;Verit&agrave; e giustizia per le giornaliste curde assassinate.&lt;\/a&gt;&lt;\/li&gt;&lt;li class=&amp;quot;cmtt_related_item&amp;quot;&gt;&lt;a href=&amp;quot;https:\/\/xqthenews.com\/it\/il-ruolo-dei-giovani-nella-transizione-ecologica\/&amp;quot;target=&amp;quot;_blank&amp;quot;&gt;Il ruolo dei giovani nella transizione ecologica&lt;\/a&gt;&lt;\/li&gt;&lt;\/ul&gt;&lt;\/div&gt;\"  href=\"https:\/\/xqthenews.com\/it\/glossary\/nato\/\"  data-gt-translate-attributes='[{\"attribute\":\"data-cmtooltip\", \"format\":\"html\"}]' tabindex='0' role='link'>nato<\/a> dalla crisi e dalla precariet&agrave;. Hanno smesso di considerare il lavoro come il centro della loro vita. Prima &egrave; arrivata la Grande Recessione del 2008, seguita dalla crisi del COVID. La sensazione che l&rsquo;impegno non porti sempre a prospettive di carriera stabili ha alimentato un diffuso senso di disaffezione. Le crisi hanno imposto un cambio di mentalit&agrave;, rendendo la precariet&agrave; la nuova normalit&agrave;. Questo contesto ha portato a vedere il lavoro come una risorsa per vivere, dove la vocazione ha perso importanza. Ora le priorit&agrave; sono cambiate, orientandosi verso il tempo libero, gli affetti e il <a class=\"glossaryLink\" aria-describedby=\"tt\" data-cmtooltip=\"&lt;div class=glossaryItemTitle&gt;Benessere mentale&lt;\/div&gt;&lt;div class=glossaryItemBody&gt;&amp;lt;!-- wp:paragraph {&amp;quot;translatedWithWPMLTM&amp;quot;:&amp;quot;1&amp;quot;} --&amp;gt;Stato di equilibrio psicologico ed emotivo che permette di affrontare le sfide quotidiane senza stress eccessivo. Un uso eccessivo dei social pu&ograve; influenzarlo negativamente. &amp;lt;br\/&amp;gt;&amp;lt;!-- \/wp:paragraph --&amp;gt;&lt;\/div&gt;\" href=\"https:\/\/xqthenews.com\/it\/glossary\/benessere-mentale\/\" data-gt-translate-attributes='[{\"attribute\":\"data-cmtooltip\", \"format\":\"html\"}]' tabindex=\"0\" role=\"link\">benessere mentale<\/a>.     <\/p>\n\n<p>L&rsquo;<em>ambizione silenziosa<\/em> sta mettendo le aziende sotto pressione. Secondo <a href=\"https:\/\/www.visier.com\/blog\/new-research-individual-contributors-shun-management\/\">una ricerca di Visier<\/a> condotta negli Stati Uniti, solo il 37% dei giovani lavoratori &egrave; interessato ad avere il posto del proprio capo in futuro. Il 67% d&agrave; priorit&agrave; al tempo da trascorrere con familiari e amici; il 64% alla salute mentale e fisica, mentre il 58% al viaggiare. I giovani hanno dato un nuovo significato alla parola &ldquo;ambizione&rdquo;. Rifiutano le possibili associazioni con stress, richieste lavorative smisurate ed esaurimento. Hanno anche ridefinito il concetto in termini pi&ugrave; sani, cercando un <a class=\"glossaryLink\" aria-describedby=\"tt\" data-cmtooltip=\"&lt;div class=glossaryItemTitle&gt;Equilibrio&lt;\/div&gt;&lt;div class=glossaryItemBody&gt;&amp;lt;!-- wp:paragraph {&amp;quot;translatedWithWPMLTM&amp;quot;:&amp;quot;1&amp;quot;} --&amp;gt;Lo sforzo di trovare un bilanciamento tra vivere secondo i propri ideali e adattarsi alle pressioni economiche e sociali, presentato come una sfida centrale nel testo.&amp;lt;br\/&amp;gt;&amp;lt;!-- \/wp:paragraph --&amp;gt;&lt;\/div&gt;&lt;div id=&amp;quot;cmtt_related_articles&amp;quot; class=&amp;quot;cmtt_related_articles_wrapper&amp;quot;&gt;&lt;div class=&amp;quot;cmtt_related_title cmtt_related_articles_title&amp;quot;&gt;Related Articles: &lt;\/div&gt;&lt;ul class=&amp;quot;cmtt_related&amp;quot;&gt;&lt;li class=&amp;quot;cmtt_related_item&amp;quot;&gt;&lt;a href=&amp;quot;https:\/\/xqthenews.com\/it\/ce-ancora-tempo-per-salvare-il-pianeta\/&amp;quot;target=&amp;quot;_blank&amp;quot;&gt;C&amp;#8217;&egrave; ancora tempo per salvare il pianeta?&lt;\/a&gt;&lt;\/li&gt;&lt;li class=&amp;quot;cmtt_related_item&amp;quot;&gt;&lt;a href=&amp;quot;https:\/\/xqthenews.com\/it\/parita-di-genere-e-rafforzamento-dellazione-per-il-clima\/&amp;quot;target=&amp;quot;_blank&amp;quot;&gt;Parit&agrave; di genere e rafforzamento dell&amp;#8217;azione per il clima&lt;\/a&gt;&lt;\/li&gt;&lt;\/ul&gt;&lt;\/div&gt;\" href=\"https:\/\/xqthenews.com\/it\/glossary\/equilibrio\/\" data-gt-translate-attributes='[{\"attribute\":\"data-cmtooltip\", \"format\":\"html\"}]' tabindex=\"0\" role=\"link\">equilibrio<\/a> tra lavoro e vita personale, oltre a un ambiente lavorativo pi&ugrave; rilassato e flessibile.    <\/p>\n\n<hr class=\"wp-block-separator has-text-color has-vivid-green-cyan-color has-alpha-channel-opacity has-vivid-green-cyan-background-color has-background is-style-wide\">\n\n<div style=\"height:100px\" aria-hidden=\"true\" class=\"wp-block-spacer\"><\/div>\n<script type=\"text\/javascript\">\n\/* <![CDATA[ *\/\nvar gform;gform||(document.addEventListener(\"gform_main_scripts_loaded\",function(){gform.scriptsLoaded=!0}),document.addEventListener(\"gform\/theme\/scripts_loaded\",function(){gform.themeScriptsLoaded=!0}),window.addEventListener(\"DOMContentLoaded\",function(){gform.domLoaded=!0}),gform={domLoaded:!1,scriptsLoaded:!1,themeScriptsLoaded:!1,isFormEditor:()=>\"function\"==typeof InitializeEditor,callIfLoaded:function(o){return!(!gform.domLoaded||!gform.scriptsLoaded||!gform.themeScriptsLoaded&&!gform.isFormEditor()||(gform.isFormEditor()&&console.warn(\"The use of gform.initializeOnLoaded() is deprecated in the form editor context and will be removed in Gravity Forms 3.1.\"),o(),0))},initializeOnLoaded:function(o){gform.callIfLoaded(o)||(document.addEventListener(\"gform_main_scripts_loaded\",()=>{gform.scriptsLoaded=!0,gform.callIfLoaded(o)}),document.addEventListener(\"gform\/theme\/scripts_loaded\",()=>{gform.themeScriptsLoaded=!0,gform.callIfLoaded(o)}),window.addEventListener(\"DOMContentLoaded\",()=>{gform.domLoaded=!0,gform.callIfLoaded(o)}))},hooks:{action:{},filter:{}},addAction:function(o,r,e,t){gform.addHook(\"action\",o,r,e,t)},addFilter:function(o,r,e,t){gform.addHook(\"filter\",o,r,e,t)},doAction:function(o){gform.doHook(\"action\",o,arguments)},applyFilters:function(o){return gform.doHook(\"filter\",o,arguments)},removeAction:function(o,r){gform.removeHook(\"action\",o,r)},removeFilter:function(o,r,e){gform.removeHook(\"filter\",o,r,e)},addHook:function(o,r,e,t,n){null==gform.hooks[o][r]&&(gform.hooks[o][r]=[]);var d=gform.hooks[o][r];null==n&&(n=r+\"_\"+d.length),gform.hooks[o][r].push({tag:n,callable:e,priority:t=null==t?10:t})},doHook:function(r,o,e){var t;if(e=Array.prototype.slice.call(e,1),null!=gform.hooks[r][o]&&((o=gform.hooks[r][o]).sort(function(o,r){return o.priority-r.priority}),o.forEach(function(o){\"function\"!=typeof(t=o.callable)&&(t=window[t]),\"action\"==r?t.apply(null,e):e[0]=t.apply(null,e)})),\"filter\"==r)return e[0]},removeHook:function(o,r,t,n){var e;null!=gform.hooks[o][r]&&(e=(e=gform.hooks[o][r]).filter(function(o,r,e){return!!(null!=n&&n!=o.tag||null!=t&&t!=o.priority)}),gform.hooks[o][r]=e)}});\n\/* ]]> *\/\n<\/script>\n\n                <div class=\"gf_browser_gecko gform_wrapper gravity-theme gform-theme--no-framework quiz_wrapper\" data-form-theme=\"gravity-theme\" data-form-index=\"0\" id=\"gform_wrapper_794\"><div id=\"gf_794\" class=\"gform_anchor\" tabindex=\"-1\"><\/div>\n                        <div class=\"gform_heading\">\n                            <h2 class=\"gform_title\">Quiz sulla comprensione della lettura. Ambizione silenziosa: la risposta dei giovani a un mercato del lavoro precario<\/h2>\n                            <p class=\"gform_description\"><\/p>\n                        <\/div><form method=\"post\" enctype=\"multipart\/form-data\" id=\"gform_794\" class=\"quiz\" action=\"\/it\/wp-json\/wp\/v2\/posts\/26036#gf_794\" data-formid=\"794\" novalidate> \r\n <input type=\"hidden\" class=\"gforms-pum\" value='{\"closepopup\":false,\"closedelay\":0,\"openpopup\":false,\"openpopup_id\":0}'>\n        <div id=\"gf_progressbar_wrapper_794\" class=\"gf_progressbar_wrapper\" data-start-at-zero=\"\">\n        \t<p class=\"gf_progressbar_title\">Passo <span class=\"gf_step_current_page\">1<\/span> di <span class=\"gf_step_page_count\">3<\/span><span class=\"gf_step_page_name\"><\/span>\n        \t<\/p>\n            <div class=\"gf_progressbar gf_progressbar_blue\" aria-hidden=\"true\">\n                <div class=\"gf_progressbar_percentage percentbar_blue percentbar_33\" style=\"width:33%;\"><span>33%<\/span><\/div>\n            <\/div><\/div>\n                        <div class=\"gform-body gform_body\"><div id=\"gform_page_794_1\" class=\"gform_page \" data-js=\"page-field-id-0\">\n\t\t\t\t\t<div class=\"gform_page_fields\"><div id=\"gform_fields_794\" class=\"gform_fields top_label form_sublabel_below description_below validation_below\"><fieldset id=\"field_794_1\" class=\"gfield gfield--type-quiz gfield--type-choice gfield--input-type-radio field_sublabel_below gfield--no-description field_description_below field_validation_below gfield_visibility_visible gquiz-field \" data-field-class=\"gquiz-field\"><legend class=\"gfield_label gform-field-label\">Quanto &egrave; cambiata la visione del lavoro da parte dei giovani?<\/legend><div class=\"ginput_container ginput_container_radio\"><div class=\"gfield_radio\" id=\"input_794_1\">\n\t\t\t<div class=\"gchoice gchoice_794_1_0\">\n\t\t\t\t\t<input class=\"gfield-choice-input\" name=\"input_1\" type=\"radio\" value=\"gquiz1b2b27084\" id=\"choice_794_1_0\" onchange=\"gformToggleRadioOther( this )\">\n\t\t\t\t\t<label for=\"choice_794_1_0\" id=\"label_794_1_0\" class=\"gform-field-label gform-field-label--type-inline\">Lo vedono come la fonte principale per raggiungere il successo personale.<\/label>\n\t\t\t<\/div>\n\t\t\t<div class=\"gchoice gchoice_794_1_1\">\n\t\t\t\t\t<input class=\"gfield-choice-input\" name=\"input_1\" type=\"radio\" value=\"gquiz12c53da11\" id=\"choice_794_1_1\" onchange=\"gformToggleRadioOther( this )\">\n\t\t\t\t\t<label for=\"choice_794_1_1\" id=\"label_794_1_1\" class=\"gform-field-label gform-field-label--type-inline\">Lo considerano solo un modo per guadagnare denaro senza rilevanza emotiva.<\/label>\n\t\t\t<\/div>\n\t\t\t<div class=\"gchoice gchoice_794_1_2\">\n\t\t\t\t\t<input class=\"gfield-choice-input\" name=\"input_1\" type=\"radio\" value=\"gquiz1b6725f5d\" id=\"choice_794_1_2\" onchange=\"gformToggleRadioOther( this )\">\n\t\t\t\t\t<label for=\"choice_794_1_2\" id=\"label_794_1_2\" class=\"gform-field-label gform-field-label--type-inline\">Hanno smesso di considerarlo un obiettivo principale della loro vita.<\/label>\n\t\t\t<\/div><\/div><\/div><\/fieldset><\/div>\n                    <\/div>\n                    <div class=\"gform-page-footer gform_page_footer top_label\">\n                         <input type=\"button\" id=\"gform_next_button_794_5\" class=\"gform_next_button gform-theme-button button\" onclick=\"gform.submission.handleButtonClick(this);\" data-submission-type=\"next\" value=\"Avanti \"> \n                    <\/div>\n                <\/div>\n                <div id=\"gform_page_794_2\" class=\"gform_page\" data-js=\"page-field-id-5\" style=\"display:none;\">\n                    <div class=\"gform_page_fields\">\n                        <div id=\"gform_fields_794_2\" class=\"gform_fields top_label form_sublabel_below description_below validation_below\"><fieldset id=\"field_794_3\" class=\"gfield gfield--type-quiz gfield--type-choice gfield--input-type-radio gfield--width-full field_sublabel_below gfield--no-description field_description_below field_validation_below gfield_visibility_visible gquiz-field \" data-field-class=\"gquiz-field\"><legend class=\"gfield_label gform-field-label\">Che cosa significa &ldquo;ambizione tranquilla&rdquo; secondo il testo?<\/legend><div class=\"ginput_container ginput_container_radio\"><div class=\"gfield_radio\" id=\"input_794_3\">\n\t\t\t<div class=\"gchoice gchoice_794_3_0\">\n\t\t\t\t\t<input class=\"gfield-choice-input\" name=\"input_3\" type=\"radio\" value=\"gquiz3394e91f2\" id=\"choice_794_3_0\" onchange=\"gformToggleRadioOther( this )\">\n\t\t\t\t\t<label for=\"choice_794_3_0\" id=\"label_794_3_0\" class=\"gform-field-label gform-field-label--type-inline\">Avere obiettivi professionali elevati.<\/label>\n\t\t\t<\/div>\n\t\t\t<div class=\"gchoice gchoice_794_3_1\">\n\t\t\t\t\t<input class=\"gfield-choice-input\" name=\"input_3\" type=\"radio\" value=\"gquiz3b5aa3d2d\" id=\"choice_794_3_1\" onchange=\"gformToggleRadioOther( this )\">\n\t\t\t\t\t<label for=\"choice_794_3_1\" id=\"label_794_3_1\" class=\"gform-field-label gform-field-label--type-inline\">Lavorare di pi&ugrave; per ottenere un reddito pi&ugrave; elevato.<\/label>\n\t\t\t<\/div>\n\t\t\t<div class=\"gchoice gchoice_794_3_2\">\n\t\t\t\t\t<input class=\"gfield-choice-input\" name=\"input_3\" type=\"radio\" value=\"gquiz3d1b23a18\" id=\"choice_794_3_2\" onchange=\"gformToggleRadioOther( this )\">\n\t\t\t\t\t<label for=\"choice_794_3_2\" id=\"label_794_3_2\" class=\"gform-field-label gform-field-label--type-inline\">Dare priorit&agrave; alla salute mentale, al tempo libero e allo svago rispetto al lavoro.<\/label>\n\t\t\t<\/div><\/div><\/div><\/fieldset><\/div>\n                    <\/div>\n                    <div class=\"gform-page-footer gform_page_footer top_label\">\n                        <input type=\"button\" id=\"gform_previous_button_794_6\" class=\"gform_previous_button gform-theme-button gform-theme-button--secondary button\" onclick=\"gform.submission.handleButtonClick(this);\" data-submission-type=\"previous\" value=\"Precedente\"> <input type=\"button\" id=\"gform_next_button_794_6\" class=\"gform_next_button gform-theme-button button\" onclick=\"gform.submission.handleButtonClick(this);\" data-submission-type=\"next\" value=\"Avanti \"> \n                    <\/div>\n                <\/div>\n                <div id=\"gform_page_794_3\" class=\"gform_page\" data-js=\"page-field-id-6\" style=\"display:none;\">\n                    <div class=\"gform_page_fields\">\n                        <div id=\"gform_fields_794_3\" class=\"gform_fields top_label form_sublabel_below description_below validation_below\"><fieldset id=\"field_794_4\" class=\"gfield gfield--type-quiz gfield--type-choice gfield--input-type-radio gfield--width-full field_sublabel_below gfield--no-description field_description_below field_validation_below gfield_visibility_visible gquiz-field \" data-field-class=\"gquiz-field\"><legend class=\"gfield_label gform-field-label\">Secondo <a class=\"glossaryLink\" aria-describedby=\"tt\" data-cmtooltip=\"&lt;div class=glossaryItemTitle&gt;Eurostat&lt;\/div&gt;&lt;div class=glossaryItemBody&gt;&amp;lt;!-- wp:paragraph {&amp;quot;translatedWithWPMLTM&amp;quot;:&amp;quot;1&amp;quot;} --&amp;gt;&Eacute; l&amp;#039;Ufficio statistico dell&amp;#039;Unione europea, incaricato dell&rsquo;elaborazione di rilevazioni che consentono di analizzare l&rsquo;andamento di diversi fenomeni economico-sociali e di effettuare confronti fra paesi e regioni. Eurostat elabora le statistiche ufficiali europee, in collaborazione con le autorit&agrave; statistiche nazionali.&amp;lt;br\/&amp;gt;&amp;lt;!-- \/wp:paragraph --&amp;gt;&lt;\/div&gt;&lt;div id=&amp;quot;cmtt_related_articles&amp;quot; class=&amp;quot;cmtt_related_articles_wrapper&amp;quot;&gt;&lt;div class=&amp;quot;cmtt_related_title cmtt_related_articles_title&amp;quot;&gt;Related Articles: &lt;\/div&gt;&lt;ul class=&amp;quot;cmtt_related&amp;quot;&gt;&lt;li class=&amp;quot;cmtt_related_item&amp;quot;&gt;&lt;a href=&amp;quot;https:\/\/xqthenews.com\/it\/qual-e-la-posizione-delle-aziende-e-della-societa-nei-confronti-delleconomia-circolare\/&amp;quot;target=&amp;quot;_blank&amp;quot;&gt;Qual &egrave; la posizione delle aziende e della societ&agrave; nei confronti dell&amp;#8217;economia circolare?&lt;\/a&gt;&lt;\/li&gt;&lt;\/ul&gt;&lt;\/div&gt;\" href=\"https:\/\/xqthenews.com\/it\/glossary\/eurostat\/\" data-gt-translate-attributes='[{\"attribute\":\"data-cmtooltip\", \"format\":\"html\"}]' tabindex=\"0\" role=\"link\">Eurostat<\/a>, quale percentuale di giovani tra i 20 e i 34 anni in Spagna ha pi&ugrave; studi di quelli necessari per il proprio lavoro?<\/legend><div class=\"ginput_container ginput_container_radio\"><div class=\"gfield_radio\" id=\"input_794_4\">\n\t\t\t<div class=\"gchoice gchoice_794_4_0\">\n\t\t\t\t\t<input class=\"gfield-choice-input\" name=\"input_4\" type=\"radio\" value=\"gquiz46a62d494\" id=\"choice_794_4_0\" onchange=\"gformToggleRadioOther( this )\">\n\t\t\t\t\t<label for=\"choice_794_4_0\" id=\"label_794_4_0\" class=\"gform-field-label gform-field-label--type-inline\">22%<\/label>\n\t\t\t<\/div>\n\t\t\t<div class=\"gchoice gchoice_794_4_1\">\n\t\t\t\t\t<input class=\"gfield-choice-input\" name=\"input_4\" type=\"radio\" value=\"gquiz488c89c8f\" id=\"choice_794_4_1\" onchange=\"gformToggleRadioOther( this )\">\n\t\t\t\t\t<label for=\"choice_794_4_1\" id=\"label_794_4_1\" class=\"gform-field-label gform-field-label--type-inline\">35%<\/label>\n\t\t\t<\/div>\n\t\t\t<div class=\"gchoice gchoice_794_4_2\">\n\t\t\t\t\t<input class=\"gfield-choice-input\" name=\"input_4\" type=\"radio\" value=\"gquiz4054f68d8\" id=\"choice_794_4_2\" onchange=\"gformToggleRadioOther( this )\">\n\t\t\t\t\t<label for=\"choice_794_4_2\" id=\"label_794_4_2\" class=\"gform-field-label gform-field-label--type-inline\">40%<\/label>\n\t\t\t<\/div><\/div><\/div><\/fieldset><\/div><\/div>\n        <div class=\"gform-page-footer gform_page_footer top_label\"><input type=\"submit\" id=\"gform_previous_button_794\" class=\"gform_previous_button gform-theme-button gform-theme-button--secondary button\" onclick=\"gform.submission.handleButtonClick(this);\" data-submission-type=\"previous\" value=\"Precedente\"> <input type=\"submit\" id=\"gform_submit_button_794\" class=\"gform_button button\" onclick=\"gform.submission.handleButtonClick(this);\" data-submission-type=\"submit\" value=\"Inviare\"> \n            <input type=\"hidden\" class=\"gform_hidden\" name=\"gform_submission_method\" data-js=\"gform_submission_method_794\" value=\"postback\">\n            <input type=\"hidden\" class=\"gform_hidden\" name=\"gform_theme\" data-js=\"gform_theme_794\" id=\"gform_theme_794\" value=\"gravity-theme\">\n            <input type=\"hidden\" class=\"gform_hidden\" name=\"gform_style_settings\" data-js=\"gform_style_settings_794\" id=\"gform_style_settings_794\" value='{\"inputPrimaryColor\":\"#204ce5\"}'>\n            <input type=\"hidden\" class=\"gform_hidden\" name=\"is_submit_794\" value=\"1\">\n            <input type=\"hidden\" class=\"gform_hidden\" name=\"gform_submit\" value=\"794\">\n            \n            <input type=\"hidden\" class=\"gform_hidden\" name=\"gform_currency\" data-currency=\"EUR\" value=\"k4U3ihK7BPWorMdm3AedpR9qwj2o74I19Pb8MfgAIOa5FP+5\/91r+N982Ihsge1W5FWsFq+5k+1rtqI3ur\/iGdPOfXAOzQbjxcfh+HRDAXuj5AE=\">\n            <input type=\"hidden\" class=\"gform_hidden\" name=\"gform_unique_id\" value=\"\">\n            <input type=\"hidden\" class=\"gform_hidden\" name=\"state_794\" value=\"WyJbXSIsIjVlMjNlOGUzOTg5N2RmMzcwZmE1ODRlNDZjZGJmYjNkIl0=\">\n            <input type=\"hidden\" autocomplete=\"off\" class=\"gform_hidden\" name=\"gform_target_page_number_794\" id=\"gform_target_page_number_794\" value=\"2\">\n            <input type=\"hidden\" autocomplete=\"off\" class=\"gform_hidden\" name=\"gform_source_page_number_794\" id=\"gform_source_page_number_794\" value=\"1\">\n            <input type=\"hidden\" name=\"gform_field_values\" value=\"\">\n            \n        <\/div>\n             <\/div><\/div>\n                        <\/form>\n                        <\/div><script type=\"text\/javascript\">\n\/* <![CDATA[ *\/\n gform.initializeOnLoaded( function() {gformInitSpinner( 794, 'https:\/\/xqthenews.com\/wp-content\/plugins\/gravityforms\/images\/spinner.svg', true );jQuery('#gform_ajax_frame_794').on('load',function(){var contents = jQuery(this).contents().find('*').html();var is_postback = contents.indexOf('GF_AJAX_POSTBACK') >= 0;if(!is_postback){return;}var form_content = jQuery(this).contents().find('#gform_wrapper_794');var is_confirmation = jQuery(this).contents().find('#gform_confirmation_wrapper_794').length > 0;var is_redirect = contents.indexOf('gformRedirect(){') >= 0;var is_form = form_content.length > 0 && ! is_redirect && ! is_confirmation;var mt = parseInt(jQuery('html').css('margin-top'), 10) + parseInt(jQuery('body').css('margin-top'), 10) + 100;if(is_form){jQuery('#gform_wrapper_794').html(form_content.html());if(form_content.hasClass('gform_validation_error')){jQuery('#gform_wrapper_794').addClass('gform_validation_error');} else {jQuery('#gform_wrapper_794').removeClass('gform_validation_error');}setTimeout( function() { \/* delay the scroll by 50 milliseconds to fix a bug in chrome *\/ jQuery(document).scrollTop(jQuery('#gform_wrapper_794').offset().top - mt); }, 50 );if(window['gformInitDatepicker']) {gformInitDatepicker();}if(window['gformInitPriceFields']) {gformInitPriceFields();}var current_page = jQuery('#gform_source_page_number_794').val();gformInitSpinner( 794, 'https:\/\/xqthenews.com\/wp-content\/plugins\/gravityforms\/images\/spinner.svg', true );jQuery(document).trigger('gform_page_loaded', [794, current_page]);window['gf_submitting_794'] = false;}else if(!is_redirect){var confirmation_content = jQuery(this).contents().find('.GF_AJAX_POSTBACK').html();if(!confirmation_content){confirmation_content = contents;}jQuery('#gform_wrapper_794').replaceWith(confirmation_content);jQuery(document).scrollTop(jQuery('#gf_794').offset().top - mt);jQuery(document).trigger('gform_confirmation_loaded', [794]);window['gf_submitting_794'] = false;wp.a11y.speak(jQuery('#gform_confirmation_message_794').text());}else{jQuery('#gform_794').append(contents);if(window['gformRedirect']) {gformRedirect();}}jQuery(document).trigger(\"gform_pre_post_render\", [{ formId: \"794\", currentPage: \"current_page\", abort: function() { this.preventDefault(); } }]);        if (event && event.defaultPrevented) {                return;        }        const gformWrapperDiv = document.getElementById( \"gform_wrapper_794\" );        if ( gformWrapperDiv ) {            const visibilitySpan = document.createElement( \"span\" );            visibilitySpan.id = \"gform_visibility_test_794\";            gformWrapperDiv.insertAdjacentElement( \"afterend\", visibilitySpan );        }        const visibilityTestDiv = document.getElementById( \"gform_visibility_test_794\" );        let postRenderFired = false;        function triggerPostRender() {            if ( postRenderFired ) {                return;            }            postRenderFired = true;            gform.core.triggerPostRenderEvents( 794, current_page );            if ( visibilityTestDiv ) {                visibilityTestDiv.parentNode.removeChild( visibilityTestDiv );            }        }        function debounce( func, wait, immediate ) {            var timeout;            return function() {                var context = this, args = arguments;                var later = function() {                    timeout = null;                    if ( !immediate ) func.apply( context, args );                };                var callNow = immediate && !timeout;                clearTimeout( timeout );                timeout = setTimeout( later, wait );                if ( callNow ) func.apply( context, args );            };        }        const debouncedTriggerPostRender = debounce( function() {            triggerPostRender();        }, 200 );        if ( visibilityTestDiv && visibilityTestDiv.offsetParent === null ) {            const observer = new MutationObserver( ( mutations ) => {                mutations.forEach( ( mutation ) => {                    if ( mutation.type === 'attributes' && visibilityTestDiv.offsetParent !== null ) {                        debouncedTriggerPostRender();                        observer.disconnect();                    }                });            });            observer.observe( document.body, {                attributes: true,                childList: false,                subtree: true,                attributeFilter: [ 'style', 'class' ],            });        } else {            triggerPostRender();        }    } );} ); \n\/* ]]> *\/\n<\/script>\n","protected":false},"excerpt":{"rendered":"<p>La Gen Z trasforma il paradigma lavorativo, privilegiando salute mentale e tempo libero rispetto alla mancanza di prospettive professionali. L&rsquo;arrivo della <a class=\"glossaryLink\" aria-describedby=\"tt\" data-cmtooltip=\"&lt;div class=glossaryItemTitle&gt;Generazione Z&lt;\/div&gt;&lt;div class=glossaryItemBody&gt;&amp;lt;!-- wp:paragraph {&amp;quot;translatedWithWPMLTM&amp;quot;:&amp;quot;1&amp;quot;} --&amp;gt;Questo gruppo di persone &egrave; caratterizzato dalla generazione Internet.&amp;lt;br\/&amp;gt;&amp;lt;!-- \/wp:paragraph --&amp;gt;&amp;lt;!-- wp:paragraph {&amp;quot;translatedWithWPMLTM&amp;quot;:&amp;quot;1&amp;quot;} --&amp;gt;La loro padronanza della tecnologia li rende meno attenti alle relazioni interpersonali, anche se sono i pi&ugrave; attenti alle questioni sociali su Internet. Amano avere tutto ci&ograve; che desiderano immediatamente, conseguenza del mondo digitale in cui sono immersi. Il loro stile di vita &egrave; influenzato anche dagli &amp;lt;em&amp;gt;YouTubers&amp;lt;\/em&amp;gt;.&amp;lt;br\/&amp;gt;&amp;lt;!-- \/wp:paragraph --&amp;gt;&amp;lt;!-- wp:paragraph {&amp;quot;translatedWithWPMLTM&amp;quot;:&amp;quot;1&amp;quot;} --&amp;gt;Sono multi-tasking, ma la loro soglia di attenzione &egrave; molto breve. Sono anche consumatori indipendenti ed esigenti e ricopriranno posti di lavoro che attualmente non esistono.&amp;lt;br\/&amp;gt;&amp;lt;!-- \/wp:paragraph --&amp;gt;&amp;lt;!-- wp:paragraph --&amp;gt;(Fuente: Iberdrola)&amp;lt;br\/&amp;gt;&amp;lt;!-- \/wp:paragraph --&amp;gt;&lt;\/div&gt;&lt;div id=&amp;quot;cmtt_related_articles&amp;quot; class=&amp;quot;cmtt_related_articles_wrapper&amp;quot;&gt;&lt;div class=&amp;quot;cmtt_related_title cmtt_related_articles_title&amp;quot;&gt;Related Articles: &lt;\/div&gt;&lt;ul class=&amp;quot;cmtt_related&amp;quot;&gt;&lt;li class=&amp;quot;cmtt_related_item&amp;quot;&gt;&lt;a href=&amp;quot;https:\/\/xqthenews.com\/it\/inu-oh-rock-giapponese-tra-intersezionalta-gender-fluid-e-decolonialita\/&amp;quot;target=&amp;quot;_blank&amp;quot;&gt;Inu-Oh: rock giapponese tra intersezionalt&agrave;, gender fluid e decolonialit&agrave;.&lt;\/a&gt;&lt;\/li&gt;&lt;\/ul&gt;&lt;\/div&gt;\" href=\"https:\/\/xqthenews.com\/it\/glossary\/generazione-z\/\" data-gt-translate-attributes='[{\"attribute\":\"data-cmtooltip\", \"format\":\"html\"}]' tabindex=\"0\" role=\"link\">Generazione Z<\/a> nel mercato del lavoro ha trasformato l&rsquo;idea di &ldquo;successo&rdquo;. La precariet&agrave; detta le condizioni lavorative per i pi&ugrave; giovani, specialmente dalla crisi della bolla immobiliare spagnola. Secondo l&rsquo;Istituto Nazionale di Statistica (INE),<\/p>\n","protected":false},"author":71,"featured_media":26013,"comment_status":"open","ping_status":"open","sticky":false,"template":"","format":"standard","meta":{"_acf_changed":false,"footnotes":""},"categories":[28],"tags":[],"coauthors":[614],"class_list":{"0":"post-26036","1":"post","2":"type-post","3":"status-publish","4":"format-standard","5":"has-post-thumbnail","7":"category-non-categorizzato"},"acf":[],"yoast_head":"<!-- This site is optimized with the Yoast SEO plugin v27.4 - https:\/\/yoast.com\/product\/yoast-seo-wordpress\/ -->\n<title>Ambizione silenziosa: la risposta dei giovani a un mercato del lavoro precario - xqthenews<\/title>\n<meta name=\"robots\" content=\"index, follow, max-snippet:-1, max-image-preview:large, max-video-preview:-1\" \/>\n<link rel=\"canonical\" href=\"https:\/\/xqthenews.com\/it\/ambizione-silenziosa-la-risposta-dei-giovani-a-un-mercato-del-lavoro-precario\/\" \/>\n<meta property=\"og:locale\" content=\"it_IT\" \/>\n<meta property=\"og:type\" content=\"article\" \/>\n<meta property=\"og:title\" content=\"Ambizione silenziosa: la risposta dei giovani a un mercato del lavoro precario - xqthenews\" \/>\n<meta property=\"og:description\" content=\"La Gen Z trasforma il paradigma lavorativo, privilegiando salute mentale e tempo libero rispetto alla mancanza di prospettive professionali. L&rsquo;arrivo della Generazione Z nel mercato del lavoro ha trasformato l&rsquo;idea di &ldquo;successo&rdquo;. La precariet&agrave; detta le condizioni lavorative per i pi&ugrave; giovani, specialmente dalla crisi della bolla immobiliare spagnola. Secondo l&rsquo;Istituto Nazionale di Statistica (INE),\" \/>\n<meta property=\"og:url\" content=\"https:\/\/xqthenews.com\/it\/ambizione-silenziosa-la-risposta-dei-giovani-a-un-mercato-del-lavoro-precario\/\" \/>\n<meta property=\"og:site_name\" content=\"xqthenews\" \/>\n<meta property=\"article:published_time\" content=\"2024-11-27T07:12:03+00:00\" \/>\n<meta property=\"article:modified_time\" content=\"2024-11-27T08:48:32+00:00\" \/>\n<meta property=\"og:image\" content=\"https:\/\/xqthenews.com\/wp-content\/uploads\/2024\/11\/Portada.jpeg\" \/>\n\t<meta property=\"og:image:width\" content=\"1024\" \/>\n\t<meta property=\"og:image:height\" content=\"614\" \/>\n\t<meta property=\"og:image:type\" content=\"image\/jpeg\" \/>\n<meta name=\"author\" content=\"Joan Cascante Agudo\" \/>\n<meta name=\"twitter:card\" content=\"summary_large_image\" \/>\n<meta name=\"twitter:label1\" content=\"Scritto da\" \/>\n\t<meta name=\"twitter:data1\" content=\"Joan Cascante Agudo\" \/>\n\t<meta name=\"twitter:label2\" content=\"Tempo di lettura stimato\" \/>\n\t<meta name=\"twitter:data2\" content=\"4 minuti\" \/>\n<script type=\"application\/ld+json\" class=\"yoast-schema-graph\">{\"@context\":\"https:\\\/\\\/schema.org\",\"@graph\":[{\"@type\":\"Article\",\"@id\":\"https:\\\/\\\/xqthenews.com\\\/it\\\/ambizione-silenziosa-la-risposta-dei-giovani-a-un-mercato-del-lavoro-precario\\\/#article\",\"isPartOf\":{\"@id\":\"https:\\\/\\\/xqthenews.com\\\/it\\\/ambizione-silenziosa-la-risposta-dei-giovani-a-un-mercato-del-lavoro-precario\\\/\"},\"author\":{\"name\":\"Joan Cascante Agudo\",\"@id\":\"https:\\\/\\\/xqthenews.com\\\/es\\\/#\\\/schema\\\/person\\\/29741c9fa92f8d1f51a224bdef079b50\"},\"headline\":\"Ambizione silenziosa: la risposta dei giovani a un mercato del lavoro precario\",\"datePublished\":\"2024-11-27T07:12:03+00:00\",\"dateModified\":\"2024-11-27T08:48:32+00:00\",\"mainEntityOfPage\":{\"@id\":\"https:\\\/\\\/xqthenews.com\\\/it\\\/ambizione-silenziosa-la-risposta-dei-giovani-a-un-mercato-del-lavoro-precario\\\/\"},\"wordCount\":902,\"commentCount\":0,\"image\":{\"@id\":\"https:\\\/\\\/xqthenews.com\\\/it\\\/ambizione-silenziosa-la-risposta-dei-giovani-a-un-mercato-del-lavoro-precario\\\/#primaryimage\"},\"thumbnailUrl\":\"https:\\\/\\\/xqthenews.com\\\/wp-content\\\/uploads\\\/2024\\\/11\\\/Portada.jpeg\",\"articleSection\":[\"Non categorizzato\"],\"inLanguage\":\"it-IT\",\"potentialAction\":[{\"@type\":\"CommentAction\",\"name\":\"Comment\",\"target\":[\"https:\\\/\\\/xqthenews.com\\\/it\\\/ambizione-silenziosa-la-risposta-dei-giovani-a-un-mercato-del-lavoro-precario\\\/#respond\"]}]},{\"@type\":\"WebPage\",\"@id\":\"https:\\\/\\\/xqthenews.com\\\/it\\\/ambizione-silenziosa-la-risposta-dei-giovani-a-un-mercato-del-lavoro-precario\\\/\",\"url\":\"https:\\\/\\\/xqthenews.com\\\/it\\\/ambizione-silenziosa-la-risposta-dei-giovani-a-un-mercato-del-lavoro-precario\\\/\",\"name\":\"Ambizione silenziosa: la risposta dei giovani a un mercato del lavoro precario - xqthenews\",\"isPartOf\":{\"@id\":\"https:\\\/\\\/xqthenews.com\\\/es\\\/#website\"},\"primaryImageOfPage\":{\"@id\":\"https:\\\/\\\/xqthenews.com\\\/it\\\/ambizione-silenziosa-la-risposta-dei-giovani-a-un-mercato-del-lavoro-precario\\\/#primaryimage\"},\"image\":{\"@id\":\"https:\\\/\\\/xqthenews.com\\\/it\\\/ambizione-silenziosa-la-risposta-dei-giovani-a-un-mercato-del-lavoro-precario\\\/#primaryimage\"},\"thumbnailUrl\":\"https:\\\/\\\/xqthenews.com\\\/wp-content\\\/uploads\\\/2024\\\/11\\\/Portada.jpeg\",\"datePublished\":\"2024-11-27T07:12:03+00:00\",\"dateModified\":\"2024-11-27T08:48:32+00:00\",\"author\":{\"@id\":\"https:\\\/\\\/xqthenews.com\\\/es\\\/#\\\/schema\\\/person\\\/29741c9fa92f8d1f51a224bdef079b50\"},\"breadcrumb\":{\"@id\":\"https:\\\/\\\/xqthenews.com\\\/it\\\/ambizione-silenziosa-la-risposta-dei-giovani-a-un-mercato-del-lavoro-precario\\\/#breadcrumb\"},\"inLanguage\":\"it-IT\",\"potentialAction\":[{\"@type\":\"ReadAction\",\"target\":[\"https:\\\/\\\/xqthenews.com\\\/it\\\/ambizione-silenziosa-la-risposta-dei-giovani-a-un-mercato-del-lavoro-precario\\\/\"]}]},{\"@type\":\"ImageObject\",\"inLanguage\":\"it-IT\",\"@id\":\"https:\\\/\\\/xqthenews.com\\\/it\\\/ambizione-silenziosa-la-risposta-dei-giovani-a-un-mercato-del-lavoro-precario\\\/#primaryimage\",\"url\":\"https:\\\/\\\/xqthenews.com\\\/wp-content\\\/uploads\\\/2024\\\/11\\\/Portada.jpeg\",\"contentUrl\":\"https:\\\/\\\/xqthenews.com\\\/wp-content\\\/uploads\\\/2024\\\/11\\\/Portada.jpeg\",\"width\":1024,\"height\":614,\"caption\":\"\u201cNo Future\u201d di Banksy, un grido visivo contro la disuguaglianza e la mancanza di speranza nel futuro delle nuove generazioni. | Flickr\"},{\"@type\":\"BreadcrumbList\",\"@id\":\"https:\\\/\\\/xqthenews.com\\\/it\\\/ambizione-silenziosa-la-risposta-dei-giovani-a-un-mercato-del-lavoro-precario\\\/#breadcrumb\",\"itemListElement\":[{\"@type\":\"ListItem\",\"position\":1,\"name\":\"Portada\",\"item\":\"https:\\\/\\\/xqthenews.com\\\/it\\\/\"},{\"@type\":\"ListItem\",\"position\":2,\"name\":\"Ambizione silenziosa: la risposta dei giovani a un mercato del lavoro precario\"}]},{\"@type\":\"WebSite\",\"@id\":\"https:\\\/\\\/xqthenews.com\\\/es\\\/#website\",\"url\":\"https:\\\/\\\/xqthenews.com\\\/es\\\/\",\"name\":\"xqthenews\",\"description\":\"El porqu\u00e9 de las noticias\",\"potentialAction\":[{\"@type\":\"SearchAction\",\"target\":{\"@type\":\"EntryPoint\",\"urlTemplate\":\"https:\\\/\\\/xqthenews.com\\\/es\\\/?s={search_term_string}\"},\"query-input\":{\"@type\":\"PropertyValueSpecification\",\"valueRequired\":true,\"valueName\":\"search_term_string\"}}],\"inLanguage\":\"it-IT\"},{\"@type\":\"Person\",\"@id\":\"https:\\\/\\\/xqthenews.com\\\/es\\\/#\\\/schema\\\/person\\\/29741c9fa92f8d1f51a224bdef079b50\",\"name\":\"Joan Cascante Agudo\",\"image\":{\"@type\":\"ImageObject\",\"inLanguage\":\"it-IT\",\"@id\":\"https:\\\/\\\/xqthenews.com\\\/wp-content\\\/uploads\\\/2024\\\/10\\\/joan-cascante-agudo_avatar-96x96.png70cef3dbebf07806a3f75f091aa8caa4\",\"url\":\"https:\\\/\\\/xqthenews.com\\\/wp-content\\\/uploads\\\/2024\\\/10\\\/joan-cascante-agudo_avatar-96x96.png\",\"contentUrl\":\"https:\\\/\\\/xqthenews.com\\\/wp-content\\\/uploads\\\/2024\\\/10\\\/joan-cascante-agudo_avatar-96x96.png\",\"caption\":\"Joan Cascante Agudo\"},\"description\":\"Graduado en Periodismo por la Universidad Aut\u00f3noma de Barcelona y M\u00e1ster en Comunicaci\u00f3n Pol\u00edtica por la UPF-BSM. Especializado en pol\u00edtica y econom\u00eda.\",\"url\":\"https:\\\/\\\/xqthenews.com\\\/it\\\/author\\\/joancascanteagudo\\\/\"}]}<\/script>\n<!-- \/ Yoast SEO plugin. -->","yoast_head_json":{"title":"Ambizione silenziosa: la risposta dei giovani a un mercato del lavoro precario - xqthenews","robots":{"index":"index","follow":"follow","max-snippet":"max-snippet:-1","max-image-preview":"max-image-preview:large","max-video-preview":"max-video-preview:-1"},"canonical":"https:\/\/xqthenews.com\/it\/ambizione-silenziosa-la-risposta-dei-giovani-a-un-mercato-del-lavoro-precario\/","og_locale":"it_IT","og_type":"article","og_title":"Ambizione silenziosa: la risposta dei giovani a un mercato del lavoro precario - xqthenews","og_description":"La Gen Z trasforma il paradigma lavorativo, privilegiando salute mentale e tempo libero rispetto alla mancanza di prospettive professionali. L&rsquo;arrivo della Generazione Z nel mercato del lavoro ha trasformato l&rsquo;idea di &ldquo;successo&rdquo;. La precariet&agrave; detta le condizioni lavorative per i pi&ugrave; giovani, specialmente dalla crisi della bolla immobiliare spagnola. Secondo l&rsquo;Istituto Nazionale di Statistica (INE),","og_url":"https:\/\/xqthenews.com\/it\/ambizione-silenziosa-la-risposta-dei-giovani-a-un-mercato-del-lavoro-precario\/","og_site_name":"xqthenews","article_published_time":"2024-11-27T07:12:03+00:00","article_modified_time":"2024-11-27T08:48:32+00:00","og_image":[{"width":1024,"height":614,"url":"https:\/\/xqthenews.com\/wp-content\/uploads\/2024\/11\/Portada.jpeg","type":"image\/jpeg"}],"author":"Joan Cascante Agudo","twitter_card":"summary_large_image","twitter_misc":{"Scritto da":"Joan Cascante Agudo","Tempo di lettura stimato":"4 minuti"},"schema":{"@context":"https:\/\/schema.org","@graph":[{"@type":"Article","@id":"https:\/\/xqthenews.com\/it\/ambizione-silenziosa-la-risposta-dei-giovani-a-un-mercato-del-lavoro-precario\/#article","isPartOf":{"@id":"https:\/\/xqthenews.com\/it\/ambizione-silenziosa-la-risposta-dei-giovani-a-un-mercato-del-lavoro-precario\/"},"author":{"name":"Joan Cascante Agudo","@id":"https:\/\/xqthenews.com\/es\/#\/schema\/person\/29741c9fa92f8d1f51a224bdef079b50"},"headline":"Ambizione silenziosa: la risposta dei giovani a un mercato del lavoro precario","datePublished":"2024-11-27T07:12:03+00:00","dateModified":"2024-11-27T08:48:32+00:00","mainEntityOfPage":{"@id":"https:\/\/xqthenews.com\/it\/ambizione-silenziosa-la-risposta-dei-giovani-a-un-mercato-del-lavoro-precario\/"},"wordCount":902,"commentCount":0,"image":{"@id":"https:\/\/xqthenews.com\/it\/ambizione-silenziosa-la-risposta-dei-giovani-a-un-mercato-del-lavoro-precario\/#primaryimage"},"thumbnailUrl":"https:\/\/xqthenews.com\/wp-content\/uploads\/2024\/11\/Portada.jpeg","articleSection":["Non categorizzato"],"inLanguage":"it-IT","potentialAction":[{"@type":"CommentAction","name":"Comment","target":["https:\/\/xqthenews.com\/it\/ambizione-silenziosa-la-risposta-dei-giovani-a-un-mercato-del-lavoro-precario\/#respond"]}]},{"@type":"WebPage","@id":"https:\/\/xqthenews.com\/it\/ambizione-silenziosa-la-risposta-dei-giovani-a-un-mercato-del-lavoro-precario\/","url":"https:\/\/xqthenews.com\/it\/ambizione-silenziosa-la-risposta-dei-giovani-a-un-mercato-del-lavoro-precario\/","name":"Ambizione silenziosa: la risposta dei giovani a un mercato del lavoro precario - xqthenews","isPartOf":{"@id":"https:\/\/xqthenews.com\/es\/#website"},"primaryImageOfPage":{"@id":"https:\/\/xqthenews.com\/it\/ambizione-silenziosa-la-risposta-dei-giovani-a-un-mercato-del-lavoro-precario\/#primaryimage"},"image":{"@id":"https:\/\/xqthenews.com\/it\/ambizione-silenziosa-la-risposta-dei-giovani-a-un-mercato-del-lavoro-precario\/#primaryimage"},"thumbnailUrl":"https:\/\/xqthenews.com\/wp-content\/uploads\/2024\/11\/Portada.jpeg","datePublished":"2024-11-27T07:12:03+00:00","dateModified":"2024-11-27T08:48:32+00:00","author":{"@id":"https:\/\/xqthenews.com\/es\/#\/schema\/person\/29741c9fa92f8d1f51a224bdef079b50"},"breadcrumb":{"@id":"https:\/\/xqthenews.com\/it\/ambizione-silenziosa-la-risposta-dei-giovani-a-un-mercato-del-lavoro-precario\/#breadcrumb"},"inLanguage":"it-IT","potentialAction":[{"@type":"ReadAction","target":["https:\/\/xqthenews.com\/it\/ambizione-silenziosa-la-risposta-dei-giovani-a-un-mercato-del-lavoro-precario\/"]}]},{"@type":"ImageObject","inLanguage":"it-IT","@id":"https:\/\/xqthenews.com\/it\/ambizione-silenziosa-la-risposta-dei-giovani-a-un-mercato-del-lavoro-precario\/#primaryimage","url":"https:\/\/xqthenews.com\/wp-content\/uploads\/2024\/11\/Portada.jpeg","contentUrl":"https:\/\/xqthenews.com\/wp-content\/uploads\/2024\/11\/Portada.jpeg","width":1024,"height":614,"caption":"\u201cNo Future\u201d di Banksy, un grido visivo contro la disuguaglianza e la mancanza di speranza nel futuro delle nuove generazioni. | Flickr"},{"@type":"BreadcrumbList","@id":"https:\/\/xqthenews.com\/it\/ambizione-silenziosa-la-risposta-dei-giovani-a-un-mercato-del-lavoro-precario\/#breadcrumb","itemListElement":[{"@type":"ListItem","position":1,"name":"Portada","item":"https:\/\/xqthenews.com\/it\/"},{"@type":"ListItem","position":2,"name":"Ambizione silenziosa: la risposta dei giovani a un mercato del lavoro precario"}]},{"@type":"WebSite","@id":"https:\/\/xqthenews.com\/es\/#website","url":"https:\/\/xqthenews.com\/es\/","name":"xqthenews","description":"El porqu\u00e9 de las noticias","potentialAction":[{"@type":"SearchAction","target":{"@type":"EntryPoint","urlTemplate":"https:\/\/xqthenews.com\/es\/?s={search_term_string}"},"query-input":{"@type":"PropertyValueSpecification","valueRequired":true,"valueName":"search_term_string"}}],"inLanguage":"it-IT"},{"@type":"Person","@id":"https:\/\/xqthenews.com\/es\/#\/schema\/person\/29741c9fa92f8d1f51a224bdef079b50","name":"Joan Cascante Agudo","image":{"@type":"ImageObject","inLanguage":"it-IT","@id":"https:\/\/xqthenews.com\/wp-content\/uploads\/2024\/10\/joan-cascante-agudo_avatar-96x96.png70cef3dbebf07806a3f75f091aa8caa4","url":"https:\/\/xqthenews.com\/wp-content\/uploads\/2024\/10\/joan-cascante-agudo_avatar-96x96.png","contentUrl":"https:\/\/xqthenews.com\/wp-content\/uploads\/2024\/10\/joan-cascante-agudo_avatar-96x96.png","caption":"Joan Cascante Agudo"},"description":"Graduado en Periodismo por la Universidad Aut\u00f3noma de Barcelona y M\u00e1ster en Comunicaci\u00f3n Pol\u00edtica por la UPF-BSM. Especializado en pol\u00edtica y econom\u00eda.","url":"https:\/\/xqthenews.com\/it\/author\/joancascanteagudo\/"}]}},"_links":{"self":[{"href":"https:\/\/xqthenews.com\/it\/wp-json\/wp\/v2\/posts\/26036","targetHints":{"allow":["GET"]}}],"collection":[{"href":"https:\/\/xqthenews.com\/it\/wp-json\/wp\/v2\/posts"}],"about":[{"href":"https:\/\/xqthenews.com\/it\/wp-json\/wp\/v2\/types\/post"}],"author":[{"embeddable":true,"href":"https:\/\/xqthenews.com\/it\/wp-json\/wp\/v2\/users\/71"}],"replies":[{"embeddable":true,"href":"https:\/\/xqthenews.com\/it\/wp-json\/wp\/v2\/comments?post=26036"}],"version-history":[{"count":1,"href":"https:\/\/xqthenews.com\/it\/wp-json\/wp\/v2\/posts\/26036\/revisions"}],"predecessor-version":[{"id":26037,"href":"https:\/\/xqthenews.com\/it\/wp-json\/wp\/v2\/posts\/26036\/revisions\/26037"}],"wp:featuredmedia":[{"embeddable":true,"href":"https:\/\/xqthenews.com\/it\/wp-json\/wp\/v2\/media\/26013"}],"wp:attachment":[{"href":"https:\/\/xqthenews.com\/it\/wp-json\/wp\/v2\/media?parent=26036"}],"wp:term":[{"taxonomy":"category","embeddable":true,"href":"https:\/\/xqthenews.com\/it\/wp-json\/wp\/v2\/categories?post=26036"},{"taxonomy":"post_tag","embeddable":true,"href":"https:\/\/xqthenews.com\/it\/wp-json\/wp\/v2\/tags?post=26036"},{"taxonomy":"author","embeddable":true,"href":"https:\/\/xqthenews.com\/it\/wp-json\/wp\/v2\/coauthors?post=26036"}],"curies":[{"name":"wp","href":"https:\/\/api.w.org\/{rel}","templated":true}]}}