{"id":19372,"date":"2024-03-06T08:00:27","date_gmt":"2024-03-06T07:00:27","guid":{"rendered":"https:\/\/sad-borg.82-223-8-23.plesk.page\/?p=19372"},"modified":"2024-09-10T23:05:15","modified_gmt":"2024-09-10T22:05:15","slug":"anche-il-mercato-del-lavoro-e-influenzato-dalla-transizione-ecologica","status":"publish","type":"post","link":"https:\/\/xqthenews.com\/it\/anche-il-mercato-del-lavoro-e-influenzato-dalla-transizione-ecologica\/","title":{"rendered":"Anche il mercato del lavoro \u00e8 influenzato dalla transizione ecologica?"},"content":{"rendered":"<p>Al fine di garantire una transizione ecologica giusta e inclusiva, il Consiglio d&rsquo;Europa ha adottato nel giugno 2022 una raccomandazione per assicurare una transizione equa verso la <a class=\"glossaryLink\" aria-describedby=\"tt\" data-cmtooltip=\"&lt;div class=glossaryItemTitle&gt;Neutralit&agrave; climatica&lt;\/div&gt;&lt;div class=glossaryItemBody&gt;&amp;lt;!-- wp:paragraph {&amp;quot;translatedWithWPMLTM&amp;quot;:&amp;quot;1&amp;quot;} --&amp;gt;Questo termine, noto anche come neutralit&agrave; carbonica, si riferisce all&rsquo;equilibrio tra le emissioni prodotte da un&rsquo;organizzazione e la quantit&agrave; che essa rimuove dall&rsquo;atmosfera.&amp;lt;br\/&amp;gt;&amp;lt;!-- \/wp:paragraph --&amp;gt;&amp;lt;!-- wp:paragraph {&amp;quot;translatedWithWPMLTM&amp;quot;:&amp;quot;1&amp;quot;} --&amp;gt;Questo &egrave; un obiettivo importante perch&eacute; le emissioni di carbonio sono una delle principali cause del riscaldamento globale e dei cambiamenti climatici.&amp;lt;br\/&amp;gt;&amp;lt;!-- \/wp:paragraph --&amp;gt;&amp;lt;!-- wp:paragraph {&amp;quot;translatedWithWPMLTM&amp;quot;:&amp;quot;1&amp;quot;} --&amp;gt;(Fonte: DW &ndash; Made for minds e Multi Washer)&amp;lt;br\/&amp;gt;&amp;lt;!-- \/wp:paragraph --&amp;gt;&lt;\/div&gt;&lt;div id=&amp;quot;cmtt_related_articles&amp;quot; class=&amp;quot;cmtt_related_articles_wrapper&amp;quot;&gt;&lt;div class=&amp;quot;cmtt_related_title cmtt_related_articles_title&amp;quot;&gt;Related Articles: &lt;\/div&gt;&lt;ul class=&amp;quot;cmtt_related&amp;quot;&gt;&lt;li class=&amp;quot;cmtt_related_item&amp;quot;&gt;&lt;a href=&amp;quot;https:\/\/xqthenews.com\/it\/a-dubai-il-vertice-mondiale-sul-clima-cop-28\/&amp;quot;target=&amp;quot;_blank&amp;quot;&gt;A Dubai il vertice mondiale sul clima COP 28&lt;\/a&gt;&lt;\/li&gt;&lt;li class=&amp;quot;cmtt_related_item&amp;quot;&gt;&lt;a href=&amp;quot;https:\/\/xqthenews.com\/it\/neutralita-carbonica-le-foreste-come-guardiane-dellequilibrio-climatico\/&amp;quot;target=&amp;quot;_blank&amp;quot;&gt;Neutralit&agrave; carbonica: le foreste come guardiane dell&rsquo;equilibrio climatico&lt;\/a&gt;&lt;\/li&gt;&lt;\/ul&gt;&lt;\/div&gt;\" href=\"https:\/\/xqthenews.com\/it\/glossary\/neutralita-climatica\/\" data-gt-translate-attributes='[{\"attribute\":\"data-cmtooltip\", \"format\":\"html\"}]' tabindex=\"0\" role=\"link\">neutralit&agrave; climatica<\/a>. Gli Stati membri sono invitati ad adottare misure che affrontino gli aspetti sociali e occupazionali delle politiche climatiche, energetiche e ambientali. La raccomandazione incoraggia determinate azioni volte a sostenere coloro che sono pi&ugrave; colpiti dalla transizione verde, ad esempio stimolando la creazione di posti di lavoro di qualit&agrave; e facilitando l&rsquo;accesso a condizioni di lavoro sicure che proteggono la salute e la sicurezza nel contesto della transizione verde. Enfatizza misure nel campo dell&rsquo;istruzione e della formazione e invita gli Stati membri ad integrare gli aspetti sociali e occupazionali della transizione verde nello sviluppo e nell&rsquo;attuazione delle strategie nazionali pertinenti. Altre misure si concentrano su sistemi fiscali e di protezione sociale equi e sull&rsquo;assicurare l&rsquo;accesso a servizi essenziali e alloggi accessibili per coloro che sono pi&ugrave; colpiti dalla transizione verde.<\/p>\n\n\n\n<h2 class=\"wp-block-heading\"><strong>Il ruolo dei &ldquo;green jobs&rdquo; nel mercato del lavoro<\/strong><\/h2>\n\n\n\n<p>&Egrave; in questo contesto che sorge il termine &ldquo;green jobs&rdquo;, che, secondo l&rsquo;Organizzazione Internazionale del Lavoro (OIL), sono quelli che contribuiscono a preservare o ripristinare l&rsquo;ambiente, sia nei settori tradizionali, come manifatturiero e costruzione, sia in nuovi settori emergenti verdi come le energie rinnovabili e l&rsquo;<a class=\"glossaryLink\" aria-describedby=\"tt\" data-cmtooltip=\"&lt;div class=glossaryItemTitle&gt;Efficienza energetica&lt;\/div&gt;&lt;div class=glossaryItemBody&gt;&amp;lt;!-- wp:paragraph {&amp;quot;translatedWithWPMLTM&amp;quot;:&amp;quot;1&amp;quot;} --&amp;gt;L&rsquo;efficienza energetica &egrave; l&rsquo;ottimizzazione del consumo energetico attraverso l&rsquo;uso di vari meccanismi di risparmio energetico, che consentono di mantenere il livello di comfort e la qualit&agrave; della vita e di evitare gli sprechi.&amp;lt;br\/&amp;gt;&amp;lt;!-- \/wp:paragraph --&amp;gt;&amp;lt;!-- wp:paragraph {&amp;quot;translatedWithWPMLTM&amp;quot;:&amp;quot;1&amp;quot;} --&amp;gt; (Fonte: Endesa)&amp;lt;br\/&amp;gt;&amp;lt;!-- \/wp:paragraph --&amp;gt;&lt;\/div&gt;&lt;div id=&amp;quot;cmtt_related_articles&amp;quot; class=&amp;quot;cmtt_related_articles_wrapper&amp;quot;&gt;&lt;div class=&amp;quot;cmtt_related_title cmtt_related_articles_title&amp;quot;&gt;Related Articles: &lt;\/div&gt;&lt;ul class=&amp;quot;cmtt_related&amp;quot;&gt;&lt;li class=&amp;quot;cmtt_related_item&amp;quot;&gt;&lt;a href=&amp;quot;https:\/\/xqthenews.com\/it\/a-dubai-il-vertice-mondiale-sul-clima-cop-28\/&amp;quot;target=&amp;quot;_blank&amp;quot;&gt;A Dubai il vertice mondiale sul clima COP 28&lt;\/a&gt;&lt;\/li&gt;&lt;li class=&amp;quot;cmtt_related_item&amp;quot;&gt;&lt;a href=&amp;quot;https:\/\/xqthenews.com\/it\/ce-ancora-tempo-per-salvare-il-pianeta\/&amp;quot;target=&amp;quot;_blank&amp;quot;&gt;C&amp;#8217;&egrave; ancora tempo per salvare il pianeta?&lt;\/a&gt;&lt;\/li&gt;&lt;li class=&amp;quot;cmtt_related_item&amp;quot;&gt;&lt;a href=&amp;quot;https:\/\/xqthenews.com\/it\/neutralita-carbonica-le-foreste-come-guardiane-dellequilibrio-climatico\/&amp;quot;target=&amp;quot;_blank&amp;quot;&gt;Neutralit&agrave; carbonica: le foreste come guardiane dell&rsquo;equilibrio climatico&lt;\/a&gt;&lt;\/li&gt;&lt;li class=&amp;quot;cmtt_related_item&amp;quot;&gt;&lt;a href=&amp;quot;https:\/\/xqthenews.com\/it\/limpronta-di-carbonio-e-ancora-importante-nella-lotta-contro-la-crisi-climatica\/&amp;quot;target=&amp;quot;_blank&amp;quot;&gt;L&amp;#8217;impronta di carbonio &egrave; ancora importante nella lotta contro la crisi climatica?&lt;\/a&gt;&lt;\/li&gt;&lt;\/ul&gt;&lt;\/div&gt;\" href=\"https:\/\/xqthenews.com\/it\/glossary\/efficienza-energetica\/\" data-gt-translate-attributes='[{\"attribute\":\"data-cmtooltip\", \"format\":\"html\"}]' tabindex=\"0\" role=\"link\">efficienza energetica<\/a>. Essi mirano a migliorare l&rsquo;<a class=\"glossaryLink\" aria-describedby=\"tt\" data-cmtooltip=\"&lt;div class=glossaryItemTitle&gt;Efficienza energetica&lt;\/div&gt;&lt;div class=glossaryItemBody&gt;&amp;lt;!-- wp:paragraph {&amp;quot;translatedWithWPMLTM&amp;quot;:&amp;quot;1&amp;quot;} --&amp;gt;L&rsquo;efficienza energetica &egrave; l&rsquo;ottimizzazione del consumo energetico attraverso l&rsquo;uso di vari meccanismi di risparmio energetico, che consentono di mantenere il livello di comfort e la qualit&agrave; della vita e di evitare gli sprechi.&amp;lt;br\/&amp;gt;&amp;lt;!-- \/wp:paragraph --&amp;gt;&amp;lt;!-- wp:paragraph {&amp;quot;translatedWithWPMLTM&amp;quot;:&amp;quot;1&amp;quot;} --&amp;gt; (Fonte: Endesa)&amp;lt;br\/&amp;gt;&amp;lt;!-- \/wp:paragraph --&amp;gt;&lt;\/div&gt;&lt;div id=&amp;quot;cmtt_related_articles&amp;quot; class=&amp;quot;cmtt_related_articles_wrapper&amp;quot;&gt;&lt;div class=&amp;quot;cmtt_related_title cmtt_related_articles_title&amp;quot;&gt;Related Articles: &lt;\/div&gt;&lt;ul class=&amp;quot;cmtt_related&amp;quot;&gt;&lt;li class=&amp;quot;cmtt_related_item&amp;quot;&gt;&lt;a href=&amp;quot;https:\/\/xqthenews.com\/it\/a-dubai-il-vertice-mondiale-sul-clima-cop-28\/&amp;quot;target=&amp;quot;_blank&amp;quot;&gt;A Dubai il vertice mondiale sul clima COP 28&lt;\/a&gt;&lt;\/li&gt;&lt;li class=&amp;quot;cmtt_related_item&amp;quot;&gt;&lt;a href=&amp;quot;https:\/\/xqthenews.com\/it\/ce-ancora-tempo-per-salvare-il-pianeta\/&amp;quot;target=&amp;quot;_blank&amp;quot;&gt;C&amp;#8217;&egrave; ancora tempo per salvare il pianeta?&lt;\/a&gt;&lt;\/li&gt;&lt;li class=&amp;quot;cmtt_related_item&amp;quot;&gt;&lt;a href=&amp;quot;https:\/\/xqthenews.com\/it\/neutralita-carbonica-le-foreste-come-guardiane-dellequilibrio-climatico\/&amp;quot;target=&amp;quot;_blank&amp;quot;&gt;Neutralit&agrave; carbonica: le foreste come guardiane dell&rsquo;equilibrio climatico&lt;\/a&gt;&lt;\/li&gt;&lt;li class=&amp;quot;cmtt_related_item&amp;quot;&gt;&lt;a href=&amp;quot;https:\/\/xqthenews.com\/it\/limpronta-di-carbonio-e-ancora-importante-nella-lotta-contro-la-crisi-climatica\/&amp;quot;target=&amp;quot;_blank&amp;quot;&gt;L&amp;#8217;impronta di carbonio &egrave; ancora importante nella lotta contro la crisi climatica?&lt;\/a&gt;&lt;\/li&gt;&lt;\/ul&gt;&lt;\/div&gt;\" href=\"https:\/\/xqthenews.com\/it\/glossary\/efficienza-energetica\/\" data-gt-translate-attributes='[{\"attribute\":\"data-cmtooltip\", \"format\":\"html\"}]' tabindex=\"0\" role=\"link\">efficienza energetica<\/a> e dei materiali grezzi; limitare le <a class=\"glossaryLink\" aria-describedby=\"tt\" data-cmtooltip=\"&lt;div class=glossaryItemTitle&gt;Emissioni&lt;\/div&gt;&lt;div class=glossaryItemBody&gt;&amp;lt;!-- wp:paragraph {&amp;quot;translatedWithWPMLTM&amp;quot;:&amp;quot;1&amp;quot;} --&amp;gt;Rilascio di gas serra nell&amp;#039;atmosfera da varie fonti, come combustione di combustibili fossili, produzione industriale e agricoltura.&amp;lt;br\/&amp;gt;&amp;lt;!-- \/wp:paragraph --&amp;gt;&lt;\/div&gt;&lt;div id=&amp;quot;cmtt_related_articles&amp;quot; class=&amp;quot;cmtt_related_articles_wrapper&amp;quot;&gt;&lt;div class=&amp;quot;cmtt_related_title cmtt_related_articles_title&amp;quot;&gt;Related Articles: &lt;\/div&gt;&lt;ul class=&amp;quot;cmtt_related&amp;quot;&gt;&lt;li class=&amp;quot;cmtt_related_item&amp;quot;&gt;&lt;a href=&amp;quot;https:\/\/xqthenews.com\/it\/il-vostro-cestino-del-pranzo-in-plastica-inquina-il-pianeta-e-il-vostro-sistema-endocrino\/&amp;quot;target=&amp;quot;_blank&amp;quot;&gt;Il vostro cestino del pranzo in plastica inquina il pianeta e il vostro sistema endocrino&lt;\/a&gt;&lt;\/li&gt;&lt;li class=&amp;quot;cmtt_related_item&amp;quot;&gt;&lt;a href=&amp;quot;https:\/\/xqthenews.com\/it\/a-dubai-il-vertice-mondiale-sul-clima-cop-28\/&amp;quot;target=&amp;quot;_blank&amp;quot;&gt;A Dubai il vertice mondiale sul clima COP 28&lt;\/a&gt;&lt;\/li&gt;&lt;li class=&amp;quot;cmtt_related_item&amp;quot;&gt;&lt;a href=&amp;quot;https:\/\/xqthenews.com\/it\/ce-ancora-tempo-per-salvare-il-pianeta\/&amp;quot;target=&amp;quot;_blank&amp;quot;&gt;C&amp;#8217;&egrave; ancora tempo per salvare il pianeta?&lt;\/a&gt;&lt;\/li&gt;&lt;li class=&amp;quot;cmtt_related_item&amp;quot;&gt;&lt;a href=&amp;quot;https:\/\/xqthenews.com\/it\/limpronta-di-carbonio-e-ancora-importante-nella-lotta-contro-la-crisi-climatica\/&amp;quot;target=&amp;quot;_blank&amp;quot;&gt;L&amp;#8217;impronta di carbonio &egrave; ancora importante nella lotta contro la crisi climatica?&lt;\/a&gt;&lt;\/li&gt;&lt;li class=&amp;quot;cmtt_related_item&amp;quot;&gt;&lt;a href=&amp;quot;https:\/\/xqthenews.com\/it\/greencomp-liniziativa-che-puo-trasformare-leducazione-ambientale-dei-giovani\/&amp;quot;target=&amp;quot;_blank&amp;quot;&gt;GreenComp: l&amp;#8217;iniziativa che pu&ograve; trasformare l&amp;#8217;educazione ambientale dei giovani?&lt;\/a&gt;&lt;\/li&gt;&lt;\/ul&gt;&lt;\/div&gt;\" href=\"https:\/\/xqthenews.com\/it\/glossary\/emissioni\/\" data-gt-translate-attributes='[{\"attribute\":\"data-cmtooltip\", \"format\":\"html\"}]' tabindex=\"0\" role=\"link\">emissioni<\/a> di gas serra; minimizzare i rifiuti e l&rsquo;<a class=\"glossaryLink\" aria-describedby=\"tt\" data-cmtooltip=\"&lt;div class=glossaryItemTitle&gt;Inquinamento&lt;\/div&gt;&lt;div class=glossaryItemBody&gt;&amp;lt;!-- wp:paragraph {&amp;quot;translatedWithWPMLTM&amp;quot;:&amp;quot;1&amp;quot;} --&amp;gt; L&amp;#039;inquinamento &egrave; la presenza di sostanze nocive nell&amp;#039;ambiente, come nell&amp;#039;aria, nell&amp;#039;acqua o nel suolo. Queste sostanze possono essere causate da attivit&agrave; umane, come l&amp;#039;uso di prodotti chimici in agricoltura o i rifiuti industriali, e possono danneggiare la salute delle persone e degli ecosistemi. &amp;lt;br\/&amp;gt;&amp;lt;!-- \/wp:paragraph --&amp;gt;&lt;\/div&gt;&lt;div id=&amp;quot;cmtt_related_articles&amp;quot; class=&amp;quot;cmtt_related_articles_wrapper&amp;quot;&gt;&lt;div class=&amp;quot;cmtt_related_title cmtt_related_articles_title&amp;quot;&gt;Related Articles: &lt;\/div&gt;&lt;ul class=&amp;quot;cmtt_related&amp;quot;&gt;&lt;li class=&amp;quot;cmtt_related_item&amp;quot;&gt;&lt;a href=&amp;quot;https:\/\/xqthenews.com\/it\/il-vostro-cestino-del-pranzo-in-plastica-inquina-il-pianeta-e-il-vostro-sistema-endocrino\/&amp;quot;target=&amp;quot;_blank&amp;quot;&gt;Il vostro cestino del pranzo in plastica inquina il pianeta e il vostro sistema endocrino&lt;\/a&gt;&lt;\/li&gt;&lt;li class=&amp;quot;cmtt_related_item&amp;quot;&gt;&lt;a href=&amp;quot;https:\/\/xqthenews.com\/it\/la-plastica-invade-i-mari-cronaca-di-un-nuovo-ecocidio-al-largo-della-costa-galiziana\/&amp;quot;target=&amp;quot;_blank&amp;quot;&gt;La plastica invade i mari: cronaca di un nuovo ecocidio al largo della costa galiziana&lt;\/a&gt;&lt;\/li&gt;&lt;li class=&amp;quot;cmtt_related_item&amp;quot;&gt;&lt;a href=&amp;quot;https:\/\/xqthenews.com\/it\/lemergenza-climatica-e-le-sfide-per-la-salute\/&amp;quot;target=&amp;quot;_blank&amp;quot;&gt;L&rsquo;Emergenza climatica e le sfide per la salute&lt;\/a&gt;&lt;\/li&gt;&lt;li class=&amp;quot;cmtt_related_item&amp;quot;&gt;&lt;a href=&amp;quot;https:\/\/xqthenews.com\/it\/ce-ancora-tempo-per-salvare-il-pianeta\/&amp;quot;target=&amp;quot;_blank&amp;quot;&gt;C&amp;#8217;&egrave; ancora tempo per salvare il pianeta?&lt;\/a&gt;&lt;\/li&gt;&lt;li class=&amp;quot;cmtt_related_item&amp;quot;&gt;&lt;a href=&amp;quot;https:\/\/xqthenews.com\/it\/limpatto-del-cambiamento-climatico-nel-sud-italia\/&amp;quot;target=&amp;quot;_blank&amp;quot;&gt;L&rsquo;impatto del cambiamento climatico nel sud Italia&lt;\/a&gt;&lt;\/li&gt;&lt;\/ul&gt;&lt;\/div&gt;\" href=\"https:\/\/xqthenews.com\/it\/glossary\/inquinamento\/\" data-gt-translate-attributes='[{\"attribute\":\"data-cmtooltip\", \"format\":\"html\"}]' tabindex=\"0\" role=\"link\">inquinamento<\/a>; proteggere e ripristinare gli ecosistemi e sostenere l&rsquo;<a class=\"glossaryLink\" aria-describedby=\"tt\" data-cmtooltip=\"&lt;div class=glossaryItemTitle&gt;Adattamento&lt;\/div&gt;&lt;div class=glossaryItemBody&gt;&amp;lt;!-- wp:paragraph {&amp;quot;translatedWithWPMLTM&amp;quot;:&amp;quot;1&amp;quot;} --&amp;gt;Il processo di adattamento ai cambiamenti climatici attuali o previsti e ai loro impatti. Include misure per ridurre la vulnerabilit&agrave; e aumentare la resilienza dei sistemi umani e naturali.&amp;lt;br\/&amp;gt;&amp;lt;!-- \/wp:paragraph --&amp;gt;&lt;\/div&gt;&lt;div id=&amp;quot;cmtt_related_articles&amp;quot; class=&amp;quot;cmtt_related_articles_wrapper&amp;quot;&gt;&lt;div class=&amp;quot;cmtt_related_title cmtt_related_articles_title&amp;quot;&gt;Related Articles: &lt;\/div&gt;&lt;ul class=&amp;quot;cmtt_related&amp;quot;&gt;&lt;li class=&amp;quot;cmtt_related_item&amp;quot;&gt;&lt;a href=&amp;quot;https:\/\/xqthenews.com\/it\/lemergenza-climatica-e-le-sfide-per-la-salute\/&amp;quot;target=&amp;quot;_blank&amp;quot;&gt;L&rsquo;Emergenza climatica e le sfide per la salute&lt;\/a&gt;&lt;\/li&gt;&lt;li class=&amp;quot;cmtt_related_item&amp;quot;&gt;&lt;a href=&amp;quot;https:\/\/xqthenews.com\/it\/disinformazione-sul-clima-una-minaccia-per-lazione-climatica-e-il-futuro-dei-giovani\/&amp;quot;target=&amp;quot;_blank&amp;quot;&gt;Disinformazione sul clima: una minaccia per l&amp;#8217;azione climatica e il futuro dei giovani&lt;\/a&gt;&lt;\/li&gt;&lt;li class=&amp;quot;cmtt_related_item&amp;quot;&gt;&lt;a href=&amp;quot;https:\/\/xqthenews.com\/it\/il-ruolo-dei-giovani-nella-transizione-ecologica\/&amp;quot;target=&amp;quot;_blank&amp;quot;&gt;Il ruolo dei giovani nella transizione ecologica&lt;\/a&gt;&lt;\/li&gt;&lt;li class=&amp;quot;cmtt_related_item&amp;quot;&gt;&lt;a href=&amp;quot;https:\/\/xqthenews.com\/it\/limpatto-del-cambiamento-climatico-nel-sud-italia\/&amp;quot;target=&amp;quot;_blank&amp;quot;&gt;L&rsquo;impatto del cambiamento climatico nel sud Italia&lt;\/a&gt;&lt;\/li&gt;&lt;li class=&amp;quot;cmtt_related_item&amp;quot;&gt;&lt;a href=&amp;quot;https:\/\/xqthenews.com\/it\/il-portogallo-tra-i-paesi-europei-piu-colpiti-da-eventi-meteorologici-estremi\/&amp;quot;target=&amp;quot;_blank&amp;quot;&gt;Il portogallo tra i paesi europei pi&ugrave; colpiti da eventi meteorologici estremi&lt;\/a&gt;&lt;\/li&gt;&lt;\/ul&gt;&lt;\/div&gt;\" href=\"https:\/\/xqthenews.com\/it\/glossary\/adattamento\/\" data-gt-translate-attributes='[{\"attribute\":\"data-cmtooltip\", \"format\":\"html\"}]' tabindex=\"0\" role=\"link\">adattamento<\/a> agli effetti dei cambiamenti climatici. La verit&agrave; &egrave; che molte persone non sono a conoscenza di questo termine, ma i green jobs sono sempre pi&ugrave; presenti di quanto pensiamo. Tra le altre cose, perch&eacute; tutti i lavori esistenti sono legati all&rsquo;<a class=\"glossaryLink\" aria-describedby=\"tt\" data-cmtooltip=\"&lt;div class=glossaryItemTitle&gt;Equilibrio&lt;\/div&gt;&lt;div class=glossaryItemBody&gt;&amp;lt;!-- wp:paragraph {&amp;quot;translatedWithWPMLTM&amp;quot;:&amp;quot;1&amp;quot;} --&amp;gt;Lo sforzo di trovare un bilanciamento tra vivere secondo i propri ideali e adattarsi alle pressioni economiche e sociali, presentato come una sfida centrale nel testo.&amp;lt;br\/&amp;gt;&amp;lt;!-- \/wp:paragraph --&amp;gt;&lt;\/div&gt;&lt;div id=&amp;quot;cmtt_related_articles&amp;quot; class=&amp;quot;cmtt_related_articles_wrapper&amp;quot;&gt;&lt;div class=&amp;quot;cmtt_related_title cmtt_related_articles_title&amp;quot;&gt;Related Articles: &lt;\/div&gt;&lt;ul class=&amp;quot;cmtt_related&amp;quot;&gt;&lt;li class=&amp;quot;cmtt_related_item&amp;quot;&gt;&lt;a href=&amp;quot;https:\/\/xqthenews.com\/it\/ce-ancora-tempo-per-salvare-il-pianeta\/&amp;quot;target=&amp;quot;_blank&amp;quot;&gt;C&amp;#8217;&egrave; ancora tempo per salvare il pianeta?&lt;\/a&gt;&lt;\/li&gt;&lt;li class=&amp;quot;cmtt_related_item&amp;quot;&gt;&lt;a href=&amp;quot;https:\/\/xqthenews.com\/it\/parita-di-genere-e-rafforzamento-dellazione-per-il-clima\/&amp;quot;target=&amp;quot;_blank&amp;quot;&gt;Parit&agrave; di genere e rafforzamento dell&amp;#8217;azione per il clima&lt;\/a&gt;&lt;\/li&gt;&lt;\/ul&gt;&lt;\/div&gt;\" href=\"https:\/\/xqthenews.com\/it\/glossary\/equilibrio\/\" data-gt-translate-attributes='[{\"attribute\":\"data-cmtooltip\", \"format\":\"html\"}]' tabindex=\"0\" role=\"link\">equilibrio<\/a> ambientale. In molte situazioni, i lavori e la qualit&agrave; del lavoro dipendono dall&rsquo;assenza di rischi ambientali e dal mantenimento della stabilit&agrave; ambientale. Questo &egrave; particolarmente essenziale quando si tratta di lavori nei settori come l&rsquo;agricoltura, l&rsquo;estrazione mineraria e l&rsquo;energia basata sui <a class=\"glossaryLink\" aria-describedby=\"tt\" data-cmtooltip=\"&lt;div class=glossaryItemTitle&gt;Combustibili fossili&lt;\/div&gt;&lt;div class=glossaryItemBody&gt;&amp;lt;!-- wp:paragraph {&amp;quot;translatedWithWPMLTM&amp;quot;:&amp;quot;1&amp;quot;} --&amp;gt;Risorse energetiche come petrolio, carbone e gas naturale formati da antichi resti organici.&amp;lt;br\/&amp;gt;&amp;lt;!-- \/wp:paragraph --&amp;gt;&lt;\/div&gt;&lt;div id=&amp;quot;cmtt_related_articles&amp;quot; class=&amp;quot;cmtt_related_articles_wrapper&amp;quot;&gt;&lt;div class=&amp;quot;cmtt_related_title cmtt_related_articles_title&amp;quot;&gt;Related Articles: &lt;\/div&gt;&lt;ul class=&amp;quot;cmtt_related&amp;quot;&gt;&lt;li class=&amp;quot;cmtt_related_item&amp;quot;&gt;&lt;a href=&amp;quot;https:\/\/xqthenews.com\/it\/il-vostro-cestino-del-pranzo-in-plastica-inquina-il-pianeta-e-il-vostro-sistema-endocrino\/&amp;quot;target=&amp;quot;_blank&amp;quot;&gt;Il vostro cestino del pranzo in plastica inquina il pianeta e il vostro sistema endocrino&lt;\/a&gt;&lt;\/li&gt;&lt;li class=&amp;quot;cmtt_related_item&amp;quot;&gt;&lt;a href=&amp;quot;https:\/\/xqthenews.com\/it\/a-dubai-il-vertice-mondiale-sul-clima-cop-28\/&amp;quot;target=&amp;quot;_blank&amp;quot;&gt;A Dubai il vertice mondiale sul clima COP 28&lt;\/a&gt;&lt;\/li&gt;&lt;li class=&amp;quot;cmtt_related_item&amp;quot;&gt;&lt;a href=&amp;quot;https:\/\/xqthenews.com\/it\/ce-ancora-tempo-per-salvare-il-pianeta\/&amp;quot;target=&amp;quot;_blank&amp;quot;&gt;C&amp;#8217;&egrave; ancora tempo per salvare il pianeta?&lt;\/a&gt;&lt;\/li&gt;&lt;li class=&amp;quot;cmtt_related_item&amp;quot;&gt;&lt;a href=&amp;quot;https:\/\/xqthenews.com\/it\/neutralita-carbonica-le-foreste-come-guardiane-dellequilibrio-climatico\/&amp;quot;target=&amp;quot;_blank&amp;quot;&gt;Neutralit&agrave; carbonica: le foreste come guardiane dell&rsquo;equilibrio climatico&lt;\/a&gt;&lt;\/li&gt;&lt;li class=&amp;quot;cmtt_related_item&amp;quot;&gt;&lt;a href=&amp;quot;https:\/\/xqthenews.com\/it\/limpronta-di-carbonio-e-ancora-importante-nella-lotta-contro-la-crisi-climatica\/&amp;quot;target=&amp;quot;_blank&amp;quot;&gt;L&amp;#8217;impronta di carbonio &egrave; ancora importante nella lotta contro la crisi climatica?&lt;\/a&gt;&lt;\/li&gt;&lt;\/ul&gt;&lt;\/div&gt;\" href=\"https:\/\/xqthenews.com\/it\/glossary\/combustibili-fossili\/\" data-gt-translate-attributes='[{\"attribute\":\"data-cmtooltip\", \"format\":\"html\"}]' tabindex=\"0\" role=\"link\">combustibili fossili<\/a>, che dipendono direttamente dalle <a class=\"glossaryLink\" aria-describedby=\"tt\" data-cmtooltip=\"&lt;div class=glossaryItemTitle&gt;Risorse naturali&lt;\/div&gt;&lt;div class=glossaryItemBody&gt;&amp;lt;!-- wp:paragraph {&amp;quot;translatedWithWPMLTM&amp;quot;:&amp;quot;1&amp;quot;} --&amp;gt;Materiali e componenti naturali, come acqua, terra e biodiversit&agrave;, essenziali per la sopravvivenza e il benessere umano.&amp;lt;br\/&amp;gt;&amp;lt;!-- \/wp:paragraph --&amp;gt;&lt;\/div&gt;&lt;div id=&amp;quot;cmtt_related_articles&amp;quot; class=&amp;quot;cmtt_related_articles_wrapper&amp;quot;&gt;&lt;div class=&amp;quot;cmtt_related_title cmtt_related_articles_title&amp;quot;&gt;Related Articles: &lt;\/div&gt;&lt;ul class=&amp;quot;cmtt_related&amp;quot;&gt;&lt;li class=&amp;quot;cmtt_related_item&amp;quot;&gt;&lt;a href=&amp;quot;https:\/\/xqthenews.com\/it\/ce-ancora-tempo-per-salvare-il-pianeta\/&amp;quot;target=&amp;quot;_blank&amp;quot;&gt;C&amp;#8217;&egrave; ancora tempo per salvare il pianeta?&lt;\/a&gt;&lt;\/li&gt;&lt;li class=&amp;quot;cmtt_related_item&amp;quot;&gt;&lt;a href=&amp;quot;https:\/\/xqthenews.com\/it\/parita-di-genere-e-rafforzamento-dellazione-per-il-clima\/&amp;quot;target=&amp;quot;_blank&amp;quot;&gt;Parit&agrave; di genere e rafforzamento dell&amp;#8217;azione per il clima&lt;\/a&gt;&lt;\/li&gt;&lt;\/ul&gt;&lt;\/div&gt;\" href=\"https:\/\/xqthenews.com\/it\/glossary\/risorse-naturali\/\" data-gt-translate-attributes='[{\"attribute\":\"data-cmtooltip\", \"format\":\"html\"}]' tabindex=\"0\" role=\"link\">risorse naturali<\/a> e dalle <a class=\"glossaryLink\" aria-describedby=\"tt\" data-cmtooltip=\"&lt;div class=glossaryItemTitle&gt;Emissioni&lt;\/div&gt;&lt;div class=glossaryItemBody&gt;&amp;lt;!-- wp:paragraph {&amp;quot;translatedWithWPMLTM&amp;quot;:&amp;quot;1&amp;quot;} --&amp;gt;Rilascio di gas serra nell&amp;#039;atmosfera da varie fonti, come combustione di combustibili fossili, produzione industriale e agricoltura.&amp;lt;br\/&amp;gt;&amp;lt;!-- \/wp:paragraph --&amp;gt;&lt;\/div&gt;&lt;div id=&amp;quot;cmtt_related_articles&amp;quot; class=&amp;quot;cmtt_related_articles_wrapper&amp;quot;&gt;&lt;div class=&amp;quot;cmtt_related_title cmtt_related_articles_title&amp;quot;&gt;Related Articles: &lt;\/div&gt;&lt;ul class=&amp;quot;cmtt_related&amp;quot;&gt;&lt;li class=&amp;quot;cmtt_related_item&amp;quot;&gt;&lt;a href=&amp;quot;https:\/\/xqthenews.com\/it\/il-vostro-cestino-del-pranzo-in-plastica-inquina-il-pianeta-e-il-vostro-sistema-endocrino\/&amp;quot;target=&amp;quot;_blank&amp;quot;&gt;Il vostro cestino del pranzo in plastica inquina il pianeta e il vostro sistema endocrino&lt;\/a&gt;&lt;\/li&gt;&lt;li class=&amp;quot;cmtt_related_item&amp;quot;&gt;&lt;a href=&amp;quot;https:\/\/xqthenews.com\/it\/a-dubai-il-vertice-mondiale-sul-clima-cop-28\/&amp;quot;target=&amp;quot;_blank&amp;quot;&gt;A Dubai il vertice mondiale sul clima COP 28&lt;\/a&gt;&lt;\/li&gt;&lt;li class=&amp;quot;cmtt_related_item&amp;quot;&gt;&lt;a href=&amp;quot;https:\/\/xqthenews.com\/it\/ce-ancora-tempo-per-salvare-il-pianeta\/&amp;quot;target=&amp;quot;_blank&amp;quot;&gt;C&amp;#8217;&egrave; ancora tempo per salvare il pianeta?&lt;\/a&gt;&lt;\/li&gt;&lt;li class=&amp;quot;cmtt_related_item&amp;quot;&gt;&lt;a href=&amp;quot;https:\/\/xqthenews.com\/it\/limpronta-di-carbonio-e-ancora-importante-nella-lotta-contro-la-crisi-climatica\/&amp;quot;target=&amp;quot;_blank&amp;quot;&gt;L&amp;#8217;impronta di carbonio &egrave; ancora importante nella lotta contro la crisi climatica?&lt;\/a&gt;&lt;\/li&gt;&lt;li class=&amp;quot;cmtt_related_item&amp;quot;&gt;&lt;a href=&amp;quot;https:\/\/xqthenews.com\/it\/greencomp-liniziativa-che-puo-trasformare-leducazione-ambientale-dei-giovani\/&amp;quot;target=&amp;quot;_blank&amp;quot;&gt;GreenComp: l&amp;#8217;iniziativa che pu&ograve; trasformare l&amp;#8217;educazione ambientale dei giovani?&lt;\/a&gt;&lt;\/li&gt;&lt;\/ul&gt;&lt;\/div&gt;\" href=\"https:\/\/xqthenews.com\/it\/glossary\/emissioni\/\" data-gt-translate-attributes='[{\"attribute\":\"data-cmtooltip\", \"format\":\"html\"}]' tabindex=\"0\" role=\"link\">emissioni<\/a> di gas serra. Inoltre, ci sono anche lavori che dipendono dai servizi forniti gratuitamente dagli ecosistemi, come i lavori nell&rsquo;agricoltura, nella pesca, nella silvicoltura e nel turismo.<\/p>\n\n\n\n<h2 class=\"wp-block-heading\"><strong>Il 2023 proclamato Anno Europeo delle Competenze<\/strong><\/h2>\n\n\n\n<p>Nel suo discorso sullo stato dell&rsquo;Unione 2022, la presidente della <a class=\"glossaryLink\" aria-describedby=\"tt\" data-cmtooltip=\"&lt;div class=glossaryItemTitle&gt;Commissione europea&lt;\/div&gt;&lt;div class=glossaryItemBody&gt;&amp;lt;!-- wp:paragraph {&amp;quot;translatedWithWPMLTM&amp;quot;:&amp;quot;1&amp;quot;} --&amp;gt;&Egrave; l&amp;#039;organo esecutivo dell&amp;#039;Unione Europea, responsabile della proposta legislativa e della gestione delle politiche per conto dell&amp;#039;UE.&amp;lt;br\/&amp;gt;&amp;lt;!-- \/wp:paragraph --&amp;gt;&lt;\/div&gt;&lt;div id=&amp;quot;cmtt_related_articles&amp;quot; class=&amp;quot;cmtt_related_articles_wrapper&amp;quot;&gt;&lt;div class=&amp;quot;cmtt_related_title cmtt_related_articles_title&amp;quot;&gt;Related Articles: &lt;\/div&gt;&lt;ul class=&amp;quot;cmtt_related&amp;quot;&gt;&lt;li class=&amp;quot;cmtt_related_item&amp;quot;&gt;&lt;a href=&amp;quot;https:\/\/xqthenews.com\/it\/il-vostro-cestino-del-pranzo-in-plastica-inquina-il-pianeta-e-il-vostro-sistema-endocrino\/&amp;quot;target=&amp;quot;_blank&amp;quot;&gt;Il vostro cestino del pranzo in plastica inquina il pianeta e il vostro sistema endocrino&lt;\/a&gt;&lt;\/li&gt;&lt;li class=&amp;quot;cmtt_related_item&amp;quot;&gt;&lt;a href=&amp;quot;https:\/\/xqthenews.com\/it\/economia-circular-materia-organica-en-el-pasado-el-presente-y-el-futuro\/&amp;quot;target=&amp;quot;_blank&amp;quot;&gt;Economia circolare: la materia organica nel passato, presente e futuro&lt;\/a&gt;&lt;\/li&gt;&lt;li class=&amp;quot;cmtt_related_item&amp;quot;&gt;&lt;a href=&amp;quot;https:\/\/xqthenews.com\/it\/a-dubai-il-vertice-mondiale-sul-clima-cop-28\/&amp;quot;target=&amp;quot;_blank&amp;quot;&gt;A Dubai il vertice mondiale sul clima COP 28&lt;\/a&gt;&lt;\/li&gt;&lt;li class=&amp;quot;cmtt_related_item&amp;quot;&gt;&lt;a href=&amp;quot;https:\/\/xqthenews.com\/it\/la-plastica-invade-i-mari-cronaca-di-un-nuovo-ecocidio-al-largo-della-costa-galiziana\/&amp;quot;target=&amp;quot;_blank&amp;quot;&gt;La plastica invade i mari: cronaca di un nuovo ecocidio al largo della costa galiziana&lt;\/a&gt;&lt;\/li&gt;&lt;li class=&amp;quot;cmtt_related_item&amp;quot;&gt;&lt;a href=&amp;quot;https:\/\/xqthenews.com\/it\/lemergenza-climatica-e-le-sfide-per-la-salute\/&amp;quot;target=&amp;quot;_blank&amp;quot;&gt;L&rsquo;Emergenza climatica e le sfide per la salute&lt;\/a&gt;&lt;\/li&gt;&lt;\/ul&gt;&lt;\/div&gt;\" href=\"https:\/\/xqthenews.com\/it\/glossary\/commissione-europea\/\" data-gt-translate-attributes='[{\"attribute\":\"data-cmtooltip\", \"format\":\"html\"}]' tabindex=\"0\" role=\"link\">Commissione Europea<\/a> <a class=\"glossaryLink\" aria-describedby=\"tt\" data-cmtooltip=\"&lt;div class=glossaryItemTitle&gt;Ursula Von Der Leyen&lt;\/div&gt;&lt;div class=glossaryItemBody&gt;&amp;lt;!-- wp:paragraph {&amp;quot;translatedWithWPMLTM&amp;quot;:&amp;quot;1&amp;quot;} --&amp;gt;Ursula Gertrud Albrecht (von der Leyen &egrave; il cognome del marito) &egrave; una politica tedesca della CDU (partito di centrodestra di ispirazione cristiana), dal 1&ordm; dicembre 2019 presidente della Commissione europea e riconfermata per un secondo mandato, fino al 31 ottobre 2029. Laureata in medicina e chirurgia, &egrave; madre di sette figli ed &egrave; luterana &amp;lt;br\/&amp;gt;&amp;lt;!-- \/wp:paragraph --&amp;gt;&lt;\/div&gt;&lt;div id=&amp;quot;cmtt_related_articles&amp;quot; class=&amp;quot;cmtt_related_articles_wrapper&amp;quot;&gt;&lt;div class=&amp;quot;cmtt_related_title cmtt_related_articles_title&amp;quot;&gt;Related Articles: &lt;\/div&gt;&lt;ul class=&amp;quot;cmtt_related&amp;quot;&gt;&lt;li class=&amp;quot;cmtt_related_item&amp;quot;&gt;&lt;a href=&amp;quot;https:\/\/xqthenews.com\/it\/a-dubai-il-vertice-mondiale-sul-clima-cop-28\/&amp;quot;target=&amp;quot;_blank&amp;quot;&gt;A Dubai il vertice mondiale sul clima COP 28&lt;\/a&gt;&lt;\/li&gt;&lt;li class=&amp;quot;cmtt_related_item&amp;quot;&gt;&lt;a href=&amp;quot;https:\/\/xqthenews.com\/it\/luguaglianza-e-ancora-una-priorita-per-la-commissione-europea\/&amp;quot;target=&amp;quot;_blank&amp;quot;&gt;L&rsquo;Uguaglianza &egrave; ancora una priorit&agrave; per la Commissione Europea?&lt;\/a&gt;&lt;\/li&gt;&lt;\/ul&gt;&lt;\/div&gt;\" href=\"https:\/\/xqthenews.com\/it\/glossary\/ursula-von-der-leyen\/\" data-gt-translate-attributes='[{\"attribute\":\"data-cmtooltip\", \"format\":\"html\"}]' tabindex=\"0\" role=\"link\">Ursula von der Leyen<\/a> ha proposto di designare l&rsquo;anno scorso come Anno Europeo delle Competenze. E cos&igrave;, dopo diverse negoziazioni, l&rsquo;Anno Europeo delle Competenze sar&agrave; celebrato dal 9 maggio 2023 e terminer&agrave; a maggio 2024. &ldquo;Avere le competenze necessarie consente alle persone di far fronte con successo ai cambiamenti nel mercato del lavoro e di partecipare pienamente alla societ&agrave; e alla democrazia. Ci&ograve; garantir&agrave; che nessuno venga lasciato indietro e che il recupero economico, cos&igrave; come le transizioni ecologiche e digitali, siano socialmente giusti ed equi. Una forza lavoro con le competenze richieste dal mercato contribuisce anche a una crescita responsabile dal punto di vista ambientale e socialmente giusta, favorisce una maggiore innovazione e migliora la competitivit&agrave; delle imprese&rdquo;, ha dichiarato la <a class=\"glossaryLink\" aria-describedby=\"tt\" data-cmtooltip=\"&lt;div class=glossaryItemTitle&gt;Commissione europea&lt;\/div&gt;&lt;div class=glossaryItemBody&gt;&amp;lt;!-- wp:paragraph {&amp;quot;translatedWithWPMLTM&amp;quot;:&amp;quot;1&amp;quot;} --&amp;gt;&Egrave; l&amp;#039;organo esecutivo dell&amp;#039;Unione Europea, responsabile della proposta legislativa e della gestione delle politiche per conto dell&amp;#039;UE.&amp;lt;br\/&amp;gt;&amp;lt;!-- \/wp:paragraph --&amp;gt;&lt;\/div&gt;&lt;div id=&amp;quot;cmtt_related_articles&amp;quot; class=&amp;quot;cmtt_related_articles_wrapper&amp;quot;&gt;&lt;div class=&amp;quot;cmtt_related_title cmtt_related_articles_title&amp;quot;&gt;Related Articles: &lt;\/div&gt;&lt;ul class=&amp;quot;cmtt_related&amp;quot;&gt;&lt;li class=&amp;quot;cmtt_related_item&amp;quot;&gt;&lt;a href=&amp;quot;https:\/\/xqthenews.com\/it\/il-vostro-cestino-del-pranzo-in-plastica-inquina-il-pianeta-e-il-vostro-sistema-endocrino\/&amp;quot;target=&amp;quot;_blank&amp;quot;&gt;Il vostro cestino del pranzo in plastica inquina il pianeta e il vostro sistema endocrino&lt;\/a&gt;&lt;\/li&gt;&lt;li class=&amp;quot;cmtt_related_item&amp;quot;&gt;&lt;a href=&amp;quot;https:\/\/xqthenews.com\/it\/economia-circular-materia-organica-en-el-pasado-el-presente-y-el-futuro\/&amp;quot;target=&amp;quot;_blank&amp;quot;&gt;Economia circolare: la materia organica nel passato, presente e futuro&lt;\/a&gt;&lt;\/li&gt;&lt;li class=&amp;quot;cmtt_related_item&amp;quot;&gt;&lt;a href=&amp;quot;https:\/\/xqthenews.com\/it\/a-dubai-il-vertice-mondiale-sul-clima-cop-28\/&amp;quot;target=&amp;quot;_blank&amp;quot;&gt;A Dubai il vertice mondiale sul clima COP 28&lt;\/a&gt;&lt;\/li&gt;&lt;li class=&amp;quot;cmtt_related_item&amp;quot;&gt;&lt;a href=&amp;quot;https:\/\/xqthenews.com\/it\/la-plastica-invade-i-mari-cronaca-di-un-nuovo-ecocidio-al-largo-della-costa-galiziana\/&amp;quot;target=&amp;quot;_blank&amp;quot;&gt;La plastica invade i mari: cronaca di un nuovo ecocidio al largo della costa galiziana&lt;\/a&gt;&lt;\/li&gt;&lt;li class=&amp;quot;cmtt_related_item&amp;quot;&gt;&lt;a href=&amp;quot;https:\/\/xqthenews.com\/it\/lemergenza-climatica-e-le-sfide-per-la-salute\/&amp;quot;target=&amp;quot;_blank&amp;quot;&gt;L&rsquo;Emergenza climatica e le sfide per la salute&lt;\/a&gt;&lt;\/li&gt;&lt;\/ul&gt;&lt;\/div&gt;\" href=\"https:\/\/xqthenews.com\/it\/glossary\/commissione-europea\/\" data-gt-translate-attributes='[{\"attribute\":\"data-cmtooltip\", \"format\":\"html\"}]' tabindex=\"0\" role=\"link\">Commissione Europea<\/a> in un comunicato stampa, lanciando il lavoro sull&rsquo;Anno Europeo delle Competenze.<br>&nbsp;Attraverso l&rsquo;Anno Europeo delle Competenze, in collaborazione con il Parlamento Europeo, gli Stati membri, i partner sociali, i servizi pubblici e privati per l&rsquo;impiego, le camere di commercio e industria, i fornitori di istruzione e formazione, i lavoratori e le imprese, la Commissione propone di dare un nuovo impulso all&rsquo;apprendimento permanente attraverso le seguenti misure:<\/p>\n\n\n\n<p>&#9679; Promuovere maggiori, pi&ugrave; efficaci e inclusive investimenti nella formazione e nello sviluppo delle competenze per realizzare pienamente il potenziale della forza lavoro europea e sostenere le persone nella transizione da un lavoro all&rsquo;altro.<\/p>\n\n\n\n<p>&#9679; Assicurare che le competenze siano pertinenti alle esigenze del mercato del lavoro, anche in collaborazione con i partner sociali e le imprese.<\/p>\n\n\n\n<p>&#9679; Abbinare le aspirazioni e le competenze delle persone alle opportunit&agrave; del mercato del lavoro, specialmente riguardo alle transizioni verdi e digitali e al recupero economico. Sar&agrave; prestata particolare attenzione all&rsquo;attivazione di pi&ugrave; persone per il mercato del lavoro, con un&rsquo;enfasi sulle donne e i giovani, specialmente coloro che non sono occupati, non studiano o non sono in formazione.<\/p>\n\n\n\n<p>&#9679; Attrarre persone da paesi terzi con le competenze di cui l&rsquo;UE ha bisogno, in particolare migliorando le opportunit&agrave; di apprendimento e <a class=\"glossaryLink\" aria-describedby=\"tt\" data-cmtooltip=\"&lt;div class=glossaryItemTitle&gt;Mobilit&agrave;&lt;\/div&gt;&lt;div class=glossaryItemBody&gt;&amp;lt;!-- wp:paragraph {&amp;quot;translatedWithWPMLTM&amp;quot;:&amp;quot;1&amp;quot;} --&amp;gt;Capacit&agrave; individuale di spostarsi in base alle esigenze e agli interessi di viaggio delle persone. I mezzi di trasporto disponibili e l&amp;#039;accessibilit&agrave; offerta dal sistema di trasporto influenzano la mobilit&agrave;, cos&igrave; come le caratteristiche individuali delle persone e l&amp;#039;ambiente familiare. &amp;lt;br\/&amp;gt;&amp;lt;!-- \/wp:paragraph --&amp;gt;&amp;lt;!-- wp:paragraph {&amp;quot;translatedWithWPMLTM&amp;quot;:&amp;quot;1&amp;quot;} --&amp;gt;&amp;lt;em&amp;gt;(Fonte:&amp;lt;\/em&amp;gt; &amp;lt;em&amp;gt;Gloss&aacute;rio do Pacote da Mobilidade - IMT - Instituto da Mobilidade e dos Transportes)&amp;lt;\/em&amp;gt;&amp;lt;br\/&amp;gt;&amp;lt;!-- \/wp:paragraph --&amp;gt;&lt;\/div&gt;&lt;div id=&amp;quot;cmtt_related_articles&amp;quot; class=&amp;quot;cmtt_related_articles_wrapper&amp;quot;&gt;&lt;div class=&amp;quot;cmtt_related_title cmtt_related_articles_title&amp;quot;&gt;Related Articles: &lt;\/div&gt;&lt;ul class=&amp;quot;cmtt_related&amp;quot;&gt;&lt;li class=&amp;quot;cmtt_related_item&amp;quot;&gt;&lt;a href=&amp;quot;https:\/\/xqthenews.com\/it\/ce-ancora-tempo-per-salvare-il-pianeta\/&amp;quot;target=&amp;quot;_blank&amp;quot;&gt;C&amp;#8217;&egrave; ancora tempo per salvare il pianeta?&lt;\/a&gt;&lt;\/li&gt;&lt;li class=&amp;quot;cmtt_related_item&amp;quot;&gt;&lt;a href=&amp;quot;https:\/\/xqthenews.com\/it\/ripensare-la-mobilita-per-costruire-le-citta-del-futuro\/&amp;quot;target=&amp;quot;_blank&amp;quot;&gt;Ripensare la mobilit&agrave; per costruire le citt&agrave; del futuro&lt;\/a&gt;&lt;\/li&gt;&lt;li class=&amp;quot;cmtt_related_item&amp;quot;&gt;&lt;a href=&amp;quot;https:\/\/xqthenews.com\/it\/mobilita-soft-e-inclusiva-per-citta-veramente-ecologiche\/&amp;quot;target=&amp;quot;_blank&amp;quot;&gt;Mobilit&agrave; soft e inclusiva: per citt&agrave; veramente ecologiche&lt;\/a&gt;&lt;\/li&gt;&lt;li class=&amp;quot;cmtt_related_item&amp;quot;&gt;&lt;a href=&amp;quot;https:\/\/xqthenews.com\/it\/limpronta-di-carbonio-e-ancora-importante-nella-lotta-contro-la-crisi-climatica\/&amp;quot;target=&amp;quot;_blank&amp;quot;&gt;L&amp;#8217;impronta di carbonio &egrave; ancora importante nella lotta contro la crisi climatica?&lt;\/a&gt;&lt;\/li&gt;&lt;li class=&amp;quot;cmtt_related_item&amp;quot;&gt;&lt;a href=&amp;quot;https:\/\/xqthenews.com\/it\/parita-di-genere-e-rafforzamento-dellazione-per-il-clima\/&amp;quot;target=&amp;quot;_blank&amp;quot;&gt;Parit&agrave; di genere e rafforzamento dell&amp;#8217;azione per il clima&lt;\/a&gt;&lt;\/li&gt;&lt;\/ul&gt;&lt;\/div&gt;\" href=\"https:\/\/xqthenews.com\/it\/glossary\/mobilita\/\" data-gt-translate-attributes='[{\"attribute\":\"data-cmtooltip\", \"format\":\"html\"}]' tabindex=\"0\" role=\"link\">mobilit&agrave;<\/a> e facilitando il riconoscimento delle qualifiche.<\/p>\n\n\n\n<p>Nicolas Schmit, Commissario europeo per l&rsquo;Occupazione e i Diritti Sociali, rivela che &ldquo;stiamo parlando di milioni di persone che devono cambiare o semplicemente migliorare le proprie competenze. Questo &egrave; quindi un importante incontro che l&rsquo;Europa ha con il suo futuro economico, con le grandi trasformazioni in corso, che siano digitali o ecologiche&rdquo;. La <a class=\"glossaryLink\" aria-describedby=\"tt\" data-cmtooltip=\"&lt;div class=glossaryItemTitle&gt;Commissione europea&lt;\/div&gt;&lt;div class=glossaryItemBody&gt;&amp;lt;!-- wp:paragraph {&amp;quot;translatedWithWPMLTM&amp;quot;:&amp;quot;1&amp;quot;} --&amp;gt;&Egrave; l&amp;#039;organo esecutivo dell&amp;#039;Unione Europea, responsabile della proposta legislativa e della gestione delle politiche per conto dell&amp;#039;UE.&amp;lt;br\/&amp;gt;&amp;lt;!-- \/wp:paragraph --&amp;gt;&lt;\/div&gt;&lt;div id=&amp;quot;cmtt_related_articles&amp;quot; class=&amp;quot;cmtt_related_articles_wrapper&amp;quot;&gt;&lt;div class=&amp;quot;cmtt_related_title cmtt_related_articles_title&amp;quot;&gt;Related Articles: &lt;\/div&gt;&lt;ul class=&amp;quot;cmtt_related&amp;quot;&gt;&lt;li class=&amp;quot;cmtt_related_item&amp;quot;&gt;&lt;a href=&amp;quot;https:\/\/xqthenews.com\/it\/il-vostro-cestino-del-pranzo-in-plastica-inquina-il-pianeta-e-il-vostro-sistema-endocrino\/&amp;quot;target=&amp;quot;_blank&amp;quot;&gt;Il vostro cestino del pranzo in plastica inquina il pianeta e il vostro sistema endocrino&lt;\/a&gt;&lt;\/li&gt;&lt;li class=&amp;quot;cmtt_related_item&amp;quot;&gt;&lt;a href=&amp;quot;https:\/\/xqthenews.com\/it\/economia-circular-materia-organica-en-el-pasado-el-presente-y-el-futuro\/&amp;quot;target=&amp;quot;_blank&amp;quot;&gt;Economia circolare: la materia organica nel passato, presente e futuro&lt;\/a&gt;&lt;\/li&gt;&lt;li class=&amp;quot;cmtt_related_item&amp;quot;&gt;&lt;a href=&amp;quot;https:\/\/xqthenews.com\/it\/a-dubai-il-vertice-mondiale-sul-clima-cop-28\/&amp;quot;target=&amp;quot;_blank&amp;quot;&gt;A Dubai il vertice mondiale sul clima COP 28&lt;\/a&gt;&lt;\/li&gt;&lt;li class=&amp;quot;cmtt_related_item&amp;quot;&gt;&lt;a href=&amp;quot;https:\/\/xqthenews.com\/it\/la-plastica-invade-i-mari-cronaca-di-un-nuovo-ecocidio-al-largo-della-costa-galiziana\/&amp;quot;target=&amp;quot;_blank&amp;quot;&gt;La plastica invade i mari: cronaca di un nuovo ecocidio al largo della costa galiziana&lt;\/a&gt;&lt;\/li&gt;&lt;li class=&amp;quot;cmtt_related_item&amp;quot;&gt;&lt;a href=&amp;quot;https:\/\/xqthenews.com\/it\/lemergenza-climatica-e-le-sfide-per-la-salute\/&amp;quot;target=&amp;quot;_blank&amp;quot;&gt;L&rsquo;Emergenza climatica e le sfide per la salute&lt;\/a&gt;&lt;\/li&gt;&lt;\/ul&gt;&lt;\/div&gt;\" href=\"https:\/\/xqthenews.com\/it\/glossary\/commissione-europea\/\" data-gt-translate-attributes='[{\"attribute\":\"data-cmtooltip\", \"format\":\"html\"}]' tabindex=\"0\" role=\"link\">Commissione europea<\/a> sta concentrando un approccio mirato per risolvere la crescente sfida delle carenze di manodopera. Senza una forza lavoro qualificata, l&rsquo;Europa avr&agrave; difficolt&agrave; a raggiungere i suoi obiettivi chiave di trasformazione climatica e digitale per i prossimi decenni. <\/p>\n\n\n\n<blockquote class=\"wp-block-quote is-layout-flow wp-block-quote-is-layout-flow\">\n<p class=\"has-text-align-center has-large-font-size\"><mark style=\"background-color:rgba(0, 0, 0, 0)\" class=\"has-inline-color has-light-green-cyan-color\">L&rsquo;Anno Europeo delle Competenze &egrave; quindi la strategia per stimolare l&rsquo;innovazione, promuovere l&rsquo;istruzione e dare potere alle persone per migliorare le proprie competenze.<\/mark><\/p>\n<\/blockquote>\n\n\n\n<p>Il Comitato Economico e Sociale Europeo considera essenziale collegare le iniziative e le politiche adottate in questo contesto al tema della transizione ecologica e agli Obiettivi 2030 e alle sfide che tutti affrontiamo in un mondo in rapido cambiamento. Diventa quindi sempre pi&ugrave; chiaro che tutti &ndash; imprese, istituzioni e la societ&agrave; nel suo complesso &ndash; devono considerare la transizione verso un paradigma verde in cui viene prioritario un modo molto pi&ugrave; responsabile per procedere.<\/p>\n\n\n\n<p><strong>Documenti di supporto:<\/strong><\/p>\n\n\n\n<ul class=\"wp-block-list\">\n<li><a href=\"https:\/\/sad-borg.82-223-8-23.plesk.page\/wp-content\/uploads\/2024\/03\/1.-Comissao-da-inicio-aos-trabalhos-sobre-o-Ano-Europeu-das-Competencias.pdf\">La Commissione avvia i lavori per l&rsquo;Anno europeo delle competenze.<\/a><\/li>\n\n\n\n<li><a href=\"https:\/\/sad-borg.82-223-8-23.plesk.page\/wp-content\/uploads\/2024\/03\/2.-leaflet-work-with-us_en.pdf\">Fai la differenza Unisciti alla Commissione europea!<\/a><\/li>\n\n\n\n<li><a href=\"https:\/\/sad-borg.82-223-8-23.plesk.page\/wp-content\/uploads\/2024\/03\/3.-DECISAO-UE-2023-936-DO-PARLAMENTO-EUROPEU-E-DO-CONSELHO-de-10-de-maio-de-2023-sobre-o-Ano-Europeu-das-Competencias.pdf\">Decisione (UE) 2023\/936 del Parlamento europeo e del Consiglio, del 10 maggio 2023, relativa all&rsquo;Anno europeo delle competenze.<\/a><\/li>\n<\/ul>\n\n\n\n<p> <strong>Links:<\/strong><\/p>\n\n\n\n<ul class=\"wp-block-list\">\n<li><a href=\"https:\/\/commission.europa.eu\/strategy-and-policy\/priorities-2019-2024\/european-green-deal\/delivering-european-green-deal\/fit-55-delivering-proposals_pt\">https:\/\/commission.europa.eu\/strategy-and-policy\/priorities-2019-2024\/european-green-deal\/delivering-european-green-deal\/fit-55-delivering-proposals_pt<\/a><\/li>\n\n\n\n<li><a href=\"https:\/\/commission.europa.eu\/strategy-and-policy\/priorities-2019-2024\/european-green-deal\/delivering-european-green-deal_pt\">https:\/\/commission.europa.eu\/strategy-and-policy\/priorities-2019-2024\/european-green-deal\/delivering-european-green-deal_pt<\/a><\/li>\n\n\n\n<li><a href=\"https:\/\/www.consilium.europa.eu\/pt\/european-council\/president\/news\/2023\/06\/23\/20230622-op-ed-on-green-transition\/\">&ldquo;Uma transi&ccedil;&atilde;o ecol&oacute;gica que n&atilde;o deixe ningu&eacute;m para tr&aacute;s&rdquo;: dirigentes mundiais divulgam carta aberta &ndash; Consilium (europa.eu)<\/a><\/li>\n<\/ul>\n","protected":false},"excerpt":{"rendered":"<p>Per l&rsquo;Unione Europea, la transizione verso un mercato del lavoro pi&ugrave; verde &egrave; anche la chiave per una societ&agrave; pi&ugrave; responsabile dal punto di vista ambientale e socialmente equa.<\/p>\n","protected":false},"author":51,"featured_media":19333,"comment_status":"open","ping_status":"open","sticky":false,"template":"","format":"standard","meta":{"_acf_changed":false,"footnotes":""},"categories":[452,485],"tags":[124],"coauthors":[207],"class_list":{"0":"post-19372","1":"post","2":"type-post","3":"status-publish","4":"format-standard","5":"has-post-thumbnail","7":"category-ambiente","8":"category-sostenibilita","9":"tag-emergenza-climatica"},"acf":[],"yoast_head":"<!-- This site is optimized with the Yoast SEO plugin v27.4 - https:\/\/yoast.com\/product\/yoast-seo-wordpress\/ -->\n<title>Anche il mercato del lavoro \u00e8 influenzato dalla transizione ecologica? - xqthenews<\/title>\n<meta name=\"robots\" content=\"index, follow, max-snippet:-1, max-image-preview:large, max-video-preview:-1\" \/>\n<link rel=\"canonical\" href=\"https:\/\/xqthenews.com\/it\/anche-il-mercato-del-lavoro-e-influenzato-dalla-transizione-ecologica\/\" \/>\n<meta property=\"og:locale\" content=\"it_IT\" \/>\n<meta property=\"og:type\" content=\"article\" \/>\n<meta property=\"og:title\" content=\"Anche il mercato del lavoro \u00e8 influenzato dalla transizione ecologica? - xqthenews\" \/>\n<meta property=\"og:description\" content=\"Per l&#039;Unione Europea, la transizione verso un mercato del lavoro pi&ugrave; verde &egrave; anche la chiave per una societ&agrave; pi&ugrave; responsabile dal punto di vista ambientale e socialmente equa.\" \/>\n<meta property=\"og:url\" content=\"https:\/\/xqthenews.com\/it\/anche-il-mercato-del-lavoro-e-influenzato-dalla-transizione-ecologica\/\" \/>\n<meta property=\"og:site_name\" content=\"xqthenews\" \/>\n<meta property=\"article:published_time\" content=\"2024-03-06T07:00:27+00:00\" \/>\n<meta property=\"article:modified_time\" content=\"2024-09-10T22:05:15+00:00\" \/>\n<meta property=\"og:image\" content=\"https:\/\/xqthenews.com\/wp-content\/uploads\/2024\/03\/Imagen-portada-2-scaled.jpg\" \/>\n\t<meta property=\"og:image:width\" content=\"2560\" \/>\n\t<meta property=\"og:image:height\" content=\"1707\" \/>\n\t<meta property=\"og:image:type\" content=\"image\/jpeg\" \/>\n<meta name=\"author\" content=\"In\u00e9s Pereira\" \/>\n<meta name=\"twitter:card\" content=\"summary_large_image\" \/>\n<meta name=\"twitter:label1\" content=\"Scritto da\" \/>\n\t<meta name=\"twitter:data1\" content=\"In\u00e9s Pereira\" \/>\n\t<meta name=\"twitter:label2\" content=\"Tempo di lettura stimato\" \/>\n\t<meta name=\"twitter:data2\" content=\"5 minuti\" \/>\n<script type=\"application\/ld+json\" class=\"yoast-schema-graph\">{\"@context\":\"https:\\\/\\\/schema.org\",\"@graph\":[{\"@type\":\"Article\",\"@id\":\"https:\\\/\\\/xqthenews.com\\\/it\\\/anche-il-mercato-del-lavoro-e-influenzato-dalla-transizione-ecologica\\\/#article\",\"isPartOf\":{\"@id\":\"https:\\\/\\\/xqthenews.com\\\/it\\\/anche-il-mercato-del-lavoro-e-influenzato-dalla-transizione-ecologica\\\/\"},\"author\":{\"name\":\"In\u00e9s Pereira\",\"@id\":\"https:\\\/\\\/xqthenews.com\\\/es\\\/#\\\/schema\\\/person\\\/a49a2b08d70fa97dc7fa72261ccb0067\"},\"headline\":\"Anche il mercato del lavoro \u00e8 influenzato dalla transizione ecologica?\",\"datePublished\":\"2024-03-06T07:00:27+00:00\",\"dateModified\":\"2024-09-10T22:05:15+00:00\",\"mainEntityOfPage\":{\"@id\":\"https:\\\/\\\/xqthenews.com\\\/it\\\/anche-il-mercato-del-lavoro-e-influenzato-dalla-transizione-ecologica\\\/\"},\"wordCount\":1019,\"commentCount\":0,\"image\":{\"@id\":\"https:\\\/\\\/xqthenews.com\\\/it\\\/anche-il-mercato-del-lavoro-e-influenzato-dalla-transizione-ecologica\\\/#primaryimage\"},\"thumbnailUrl\":\"https:\\\/\\\/xqthenews.com\\\/wp-content\\\/uploads\\\/2024\\\/03\\\/Imagen-portada-2-scaled.jpg\",\"keywords\":[\"Emergenza climatica\"],\"articleSection\":[\"Ambiente\",\"Sostenibilit\u00e0\"],\"inLanguage\":\"it-IT\",\"potentialAction\":[{\"@type\":\"CommentAction\",\"name\":\"Comment\",\"target\":[\"https:\\\/\\\/xqthenews.com\\\/it\\\/anche-il-mercato-del-lavoro-e-influenzato-dalla-transizione-ecologica\\\/#respond\"]}]},{\"@type\":\"WebPage\",\"@id\":\"https:\\\/\\\/xqthenews.com\\\/it\\\/anche-il-mercato-del-lavoro-e-influenzato-dalla-transizione-ecologica\\\/\",\"url\":\"https:\\\/\\\/xqthenews.com\\\/it\\\/anche-il-mercato-del-lavoro-e-influenzato-dalla-transizione-ecologica\\\/\",\"name\":\"Anche il mercato del lavoro \u00e8 influenzato dalla transizione ecologica? - xqthenews\",\"isPartOf\":{\"@id\":\"https:\\\/\\\/xqthenews.com\\\/es\\\/#website\"},\"primaryImageOfPage\":{\"@id\":\"https:\\\/\\\/xqthenews.com\\\/it\\\/anche-il-mercato-del-lavoro-e-influenzato-dalla-transizione-ecologica\\\/#primaryimage\"},\"image\":{\"@id\":\"https:\\\/\\\/xqthenews.com\\\/it\\\/anche-il-mercato-del-lavoro-e-influenzato-dalla-transizione-ecologica\\\/#primaryimage\"},\"thumbnailUrl\":\"https:\\\/\\\/xqthenews.com\\\/wp-content\\\/uploads\\\/2024\\\/03\\\/Imagen-portada-2-scaled.jpg\",\"datePublished\":\"2024-03-06T07:00:27+00:00\",\"dateModified\":\"2024-09-10T22:05:15+00:00\",\"author\":{\"@id\":\"https:\\\/\\\/xqthenews.com\\\/es\\\/#\\\/schema\\\/person\\\/a49a2b08d70fa97dc7fa72261ccb0067\"},\"breadcrumb\":{\"@id\":\"https:\\\/\\\/xqthenews.com\\\/it\\\/anche-il-mercato-del-lavoro-e-influenzato-dalla-transizione-ecologica\\\/#breadcrumb\"},\"inLanguage\":\"it-IT\",\"potentialAction\":[{\"@type\":\"ReadAction\",\"target\":[\"https:\\\/\\\/xqthenews.com\\\/it\\\/anche-il-mercato-del-lavoro-e-influenzato-dalla-transizione-ecologica\\\/\"]}]},{\"@type\":\"ImageObject\",\"inLanguage\":\"it-IT\",\"@id\":\"https:\\\/\\\/xqthenews.com\\\/it\\\/anche-il-mercato-del-lavoro-e-influenzato-dalla-transizione-ecologica\\\/#primaryimage\",\"url\":\"https:\\\/\\\/xqthenews.com\\\/wp-content\\\/uploads\\\/2024\\\/03\\\/Imagen-portada-2-scaled.jpg\",\"contentUrl\":\"https:\\\/\\\/xqthenews.com\\\/wp-content\\\/uploads\\\/2024\\\/03\\\/Imagen-portada-2-scaled.jpg\",\"width\":2560,\"height\":1707},{\"@type\":\"BreadcrumbList\",\"@id\":\"https:\\\/\\\/xqthenews.com\\\/it\\\/anche-il-mercato-del-lavoro-e-influenzato-dalla-transizione-ecologica\\\/#breadcrumb\",\"itemListElement\":[{\"@type\":\"ListItem\",\"position\":1,\"name\":\"Portada\",\"item\":\"https:\\\/\\\/xqthenews.com\\\/it\\\/\"},{\"@type\":\"ListItem\",\"position\":2,\"name\":\"Anche il mercato del lavoro \u00e8 influenzato dalla transizione ecologica?\"}]},{\"@type\":\"WebSite\",\"@id\":\"https:\\\/\\\/xqthenews.com\\\/es\\\/#website\",\"url\":\"https:\\\/\\\/xqthenews.com\\\/es\\\/\",\"name\":\"xqthenews\",\"description\":\"El porqu\u00e9 de las noticias\",\"potentialAction\":[{\"@type\":\"SearchAction\",\"target\":{\"@type\":\"EntryPoint\",\"urlTemplate\":\"https:\\\/\\\/xqthenews.com\\\/es\\\/?s={search_term_string}\"},\"query-input\":{\"@type\":\"PropertyValueSpecification\",\"valueRequired\":true,\"valueName\":\"search_term_string\"}}],\"inLanguage\":\"it-IT\"},{\"@type\":\"Person\",\"@id\":\"https:\\\/\\\/xqthenews.com\\\/es\\\/#\\\/schema\\\/person\\\/a49a2b08d70fa97dc7fa72261ccb0067\",\"name\":\"In\u00e9s Pereira\",\"image\":{\"@type\":\"ImageObject\",\"inLanguage\":\"it-IT\",\"@id\":\"https:\\\/\\\/xqthenews.com\\\/wp-content\\\/uploads\\\/2024\\\/09\\\/ines-pereira_avatar-96x96.jpg6f5309d40f7e029de56ec87d9c193aad\",\"url\":\"https:\\\/\\\/xqthenews.com\\\/wp-content\\\/uploads\\\/2024\\\/09\\\/ines-pereira_avatar-96x96.jpg\",\"contentUrl\":\"https:\\\/\\\/xqthenews.com\\\/wp-content\\\/uploads\\\/2024\\\/09\\\/ines-pereira_avatar-96x96.jpg\",\"caption\":\"In\u00e9s Pereira\"},\"description\":\"Es licenciada en Ciencias de la Comunicaci\u00f3n y tiene un posgrado en Marketing y Estrategia. Es Asesora de Comunicaci\u00f3n en Ess\u00eancia - Comunica\u00e7\u00e3o Completa, donde forma parte del equipo del Departamento de Comunicaci\u00f3n y Educaci\u00f3n Ambiental - Ess\u00eancia do Ambiente - que utiliza las herramientas de comunicaci\u00f3n como aliadas en el proceso de sensibilizaci\u00f3n y educaci\u00f3n ambiental.\",\"url\":\"https:\\\/\\\/xqthenews.com\\\/it\\\/author\\\/inespereira\\\/\"}]}<\/script>\n<!-- \/ Yoast SEO plugin. -->","yoast_head_json":{"title":"Anche il mercato del lavoro \u00e8 influenzato dalla transizione ecologica? - xqthenews","robots":{"index":"index","follow":"follow","max-snippet":"max-snippet:-1","max-image-preview":"max-image-preview:large","max-video-preview":"max-video-preview:-1"},"canonical":"https:\/\/xqthenews.com\/it\/anche-il-mercato-del-lavoro-e-influenzato-dalla-transizione-ecologica\/","og_locale":"it_IT","og_type":"article","og_title":"Anche il mercato del lavoro \u00e8 influenzato dalla transizione ecologica? - xqthenews","og_description":"Per l'Unione Europea, la transizione verso un mercato del lavoro pi&ugrave; verde &egrave; anche la chiave per una societ&agrave; pi&ugrave; responsabile dal punto di vista ambientale e socialmente equa.","og_url":"https:\/\/xqthenews.com\/it\/anche-il-mercato-del-lavoro-e-influenzato-dalla-transizione-ecologica\/","og_site_name":"xqthenews","article_published_time":"2024-03-06T07:00:27+00:00","article_modified_time":"2024-09-10T22:05:15+00:00","og_image":[{"width":2560,"height":1707,"url":"https:\/\/xqthenews.com\/wp-content\/uploads\/2024\/03\/Imagen-portada-2-scaled.jpg","type":"image\/jpeg"}],"author":"In\u00e9s Pereira","twitter_card":"summary_large_image","twitter_misc":{"Scritto da":"In\u00e9s Pereira","Tempo di lettura stimato":"5 minuti"},"schema":{"@context":"https:\/\/schema.org","@graph":[{"@type":"Article","@id":"https:\/\/xqthenews.com\/it\/anche-il-mercato-del-lavoro-e-influenzato-dalla-transizione-ecologica\/#article","isPartOf":{"@id":"https:\/\/xqthenews.com\/it\/anche-il-mercato-del-lavoro-e-influenzato-dalla-transizione-ecologica\/"},"author":{"name":"In\u00e9s Pereira","@id":"https:\/\/xqthenews.com\/es\/#\/schema\/person\/a49a2b08d70fa97dc7fa72261ccb0067"},"headline":"Anche il mercato del lavoro \u00e8 influenzato dalla transizione ecologica?","datePublished":"2024-03-06T07:00:27+00:00","dateModified":"2024-09-10T22:05:15+00:00","mainEntityOfPage":{"@id":"https:\/\/xqthenews.com\/it\/anche-il-mercato-del-lavoro-e-influenzato-dalla-transizione-ecologica\/"},"wordCount":1019,"commentCount":0,"image":{"@id":"https:\/\/xqthenews.com\/it\/anche-il-mercato-del-lavoro-e-influenzato-dalla-transizione-ecologica\/#primaryimage"},"thumbnailUrl":"https:\/\/xqthenews.com\/wp-content\/uploads\/2024\/03\/Imagen-portada-2-scaled.jpg","keywords":["Emergenza climatica"],"articleSection":["Ambiente","Sostenibilit\u00e0"],"inLanguage":"it-IT","potentialAction":[{"@type":"CommentAction","name":"Comment","target":["https:\/\/xqthenews.com\/it\/anche-il-mercato-del-lavoro-e-influenzato-dalla-transizione-ecologica\/#respond"]}]},{"@type":"WebPage","@id":"https:\/\/xqthenews.com\/it\/anche-il-mercato-del-lavoro-e-influenzato-dalla-transizione-ecologica\/","url":"https:\/\/xqthenews.com\/it\/anche-il-mercato-del-lavoro-e-influenzato-dalla-transizione-ecologica\/","name":"Anche il mercato del lavoro \u00e8 influenzato dalla transizione ecologica? - xqthenews","isPartOf":{"@id":"https:\/\/xqthenews.com\/es\/#website"},"primaryImageOfPage":{"@id":"https:\/\/xqthenews.com\/it\/anche-il-mercato-del-lavoro-e-influenzato-dalla-transizione-ecologica\/#primaryimage"},"image":{"@id":"https:\/\/xqthenews.com\/it\/anche-il-mercato-del-lavoro-e-influenzato-dalla-transizione-ecologica\/#primaryimage"},"thumbnailUrl":"https:\/\/xqthenews.com\/wp-content\/uploads\/2024\/03\/Imagen-portada-2-scaled.jpg","datePublished":"2024-03-06T07:00:27+00:00","dateModified":"2024-09-10T22:05:15+00:00","author":{"@id":"https:\/\/xqthenews.com\/es\/#\/schema\/person\/a49a2b08d70fa97dc7fa72261ccb0067"},"breadcrumb":{"@id":"https:\/\/xqthenews.com\/it\/anche-il-mercato-del-lavoro-e-influenzato-dalla-transizione-ecologica\/#breadcrumb"},"inLanguage":"it-IT","potentialAction":[{"@type":"ReadAction","target":["https:\/\/xqthenews.com\/it\/anche-il-mercato-del-lavoro-e-influenzato-dalla-transizione-ecologica\/"]}]},{"@type":"ImageObject","inLanguage":"it-IT","@id":"https:\/\/xqthenews.com\/it\/anche-il-mercato-del-lavoro-e-influenzato-dalla-transizione-ecologica\/#primaryimage","url":"https:\/\/xqthenews.com\/wp-content\/uploads\/2024\/03\/Imagen-portada-2-scaled.jpg","contentUrl":"https:\/\/xqthenews.com\/wp-content\/uploads\/2024\/03\/Imagen-portada-2-scaled.jpg","width":2560,"height":1707},{"@type":"BreadcrumbList","@id":"https:\/\/xqthenews.com\/it\/anche-il-mercato-del-lavoro-e-influenzato-dalla-transizione-ecologica\/#breadcrumb","itemListElement":[{"@type":"ListItem","position":1,"name":"Portada","item":"https:\/\/xqthenews.com\/it\/"},{"@type":"ListItem","position":2,"name":"Anche il mercato del lavoro \u00e8 influenzato dalla transizione ecologica?"}]},{"@type":"WebSite","@id":"https:\/\/xqthenews.com\/es\/#website","url":"https:\/\/xqthenews.com\/es\/","name":"xqthenews","description":"El porqu\u00e9 de las noticias","potentialAction":[{"@type":"SearchAction","target":{"@type":"EntryPoint","urlTemplate":"https:\/\/xqthenews.com\/es\/?s={search_term_string}"},"query-input":{"@type":"PropertyValueSpecification","valueRequired":true,"valueName":"search_term_string"}}],"inLanguage":"it-IT"},{"@type":"Person","@id":"https:\/\/xqthenews.com\/es\/#\/schema\/person\/a49a2b08d70fa97dc7fa72261ccb0067","name":"In\u00e9s Pereira","image":{"@type":"ImageObject","inLanguage":"it-IT","@id":"https:\/\/xqthenews.com\/wp-content\/uploads\/2024\/09\/ines-pereira_avatar-96x96.jpg6f5309d40f7e029de56ec87d9c193aad","url":"https:\/\/xqthenews.com\/wp-content\/uploads\/2024\/09\/ines-pereira_avatar-96x96.jpg","contentUrl":"https:\/\/xqthenews.com\/wp-content\/uploads\/2024\/09\/ines-pereira_avatar-96x96.jpg","caption":"In\u00e9s Pereira"},"description":"Es licenciada en Ciencias de la Comunicaci\u00f3n y tiene un posgrado en Marketing y Estrategia. Es Asesora de Comunicaci\u00f3n en Ess\u00eancia - Comunica\u00e7\u00e3o Completa, donde forma parte del equipo del Departamento de Comunicaci\u00f3n y Educaci\u00f3n Ambiental - Ess\u00eancia do Ambiente - que utiliza las herramientas de comunicaci\u00f3n como aliadas en el proceso de sensibilizaci\u00f3n y educaci\u00f3n ambiental.","url":"https:\/\/xqthenews.com\/it\/author\/inespereira\/"}]}},"_links":{"self":[{"href":"https:\/\/xqthenews.com\/it\/wp-json\/wp\/v2\/posts\/19372","targetHints":{"allow":["GET"]}}],"collection":[{"href":"https:\/\/xqthenews.com\/it\/wp-json\/wp\/v2\/posts"}],"about":[{"href":"https:\/\/xqthenews.com\/it\/wp-json\/wp\/v2\/types\/post"}],"author":[{"embeddable":true,"href":"https:\/\/xqthenews.com\/it\/wp-json\/wp\/v2\/users\/51"}],"replies":[{"embeddable":true,"href":"https:\/\/xqthenews.com\/it\/wp-json\/wp\/v2\/comments?post=19372"}],"version-history":[{"count":0,"href":"https:\/\/xqthenews.com\/it\/wp-json\/wp\/v2\/posts\/19372\/revisions"}],"wp:featuredmedia":[{"embeddable":true,"href":"https:\/\/xqthenews.com\/it\/wp-json\/wp\/v2\/media\/19333"}],"wp:attachment":[{"href":"https:\/\/xqthenews.com\/it\/wp-json\/wp\/v2\/media?parent=19372"}],"wp:term":[{"taxonomy":"category","embeddable":true,"href":"https:\/\/xqthenews.com\/it\/wp-json\/wp\/v2\/categories?post=19372"},{"taxonomy":"post_tag","embeddable":true,"href":"https:\/\/xqthenews.com\/it\/wp-json\/wp\/v2\/tags?post=19372"},{"taxonomy":"author","embeddable":true,"href":"https:\/\/xqthenews.com\/it\/wp-json\/wp\/v2\/coauthors?post=19372"}],"curies":[{"name":"wp","href":"https:\/\/api.w.org\/{rel}","templated":true}]}}