{"id":14970,"date":"2023-12-13T08:05:23","date_gmt":"2023-12-13T07:05:23","guid":{"rendered":"https:\/\/sad-borg.82-223-8-23.plesk.page\/?p=14970"},"modified":"2024-09-10T23:05:38","modified_gmt":"2024-09-10T22:05:38","slug":"kurdistan-la-shoah-invisibile","status":"publish","type":"post","link":"https:\/\/xqthenews.com\/it\/kurdistan-la-shoah-invisibile\/","title":{"rendered":"Kurdistan, la shoah invisibile"},"content":{"rendered":"<p>Tutti noi sappiamo dov&rsquo;&egrave; la Mesopotamia per averla studiata a scuola come la culla della civilt&agrave; mediterranea, dove nacque la scrittura: il vasto territorio tra il Tigri e l&rsquo;Eufrate, la mezzaluna fertile, abitata dai Sumeri, dai Medi, dagli Assiro-Babilonesi.<\/p>\n\n\n\n<p>E sicuramente abbiamo letto la storia di <a href=\"https:\/\/www.europarl.europa.eu\/news\/it\/press-room\/20231013IPR07134\/premio-sacharov-2023-a-jina-mahsa-amini-e-il-movimento-donna-vita-e-liberta\">Mahsa Amini<\/a>, la giovane iraniana uccisa nel 2022 dalla polizia religiosa di Teheran perch&eacute; una ciocca di capelli era sfuggita dal suo copricapo.<\/p>\n\n\n\n<p>Ma cos&rsquo;hanno in comune?<\/p>\n\n\n\n<p>Mahsa Amini era curda e la Mesopotamia era la terra dei suoi antenati.<\/p>\n\n\n\n<p>Era.<\/p>\n\n\n\n<p>Perch&eacute; oggi, dopo oltre seimila anni dall&rsquo;et&agrave; d&rsquo;oro di quell&rsquo;antica cultura, i discendenti di quelle popolazioni non trovano un loro posto sulla mappa del mondo e sono costretti da oltre un secolo ad una diaspora tra le pi&ugrave; numerose, dolorose e durature degli ultimi cento anni.<\/p>\n\n\n\n<p>Il Kurdistan, la loro terra, si estende su sei Stati nell&rsquo;area mediorientale ed asiatica: Turchia, Siria, Iran, Iraq, e in misura minore in Armenia e Azerbaijan.<\/p>\n\n\n\n<p>Non si hanno dati precisi sull&rsquo;attuale popolazione curda: si stima che nel Kurdistan vivano circa 80 milioni di persone a cui si aggiungono circa 35 milioni di curdi che vivono nel resto del mondo e cinque milioni in Europa.<\/p>\n\n\n\n<p>Sono &ldquo;un popolo senza Stato&rdquo; e da oltre due secoli inseguono il sogno di potersi riunificare nella terra che fu delle loro madri e dei loro padri, dove in gran parte abitano ancora oggi. La loro terra per&ograve; &egrave; attraversata dai confini di diverse nazioni &ldquo;moderne&rdquo;, pi&ugrave; moderne della loro storia millenaria su cui la &ldquo;modernit&agrave;&rdquo; si &egrave; imposta, ed &egrave; per questo che i curdi sono entrati in contrasto con gli Stati in cui si trovano e sono stretti tra le tenaglie di una serrata colonizzazione, soprattutto da parte della Turchia, che in vari modi li perseguita attuando una vera e propria <a class=\"glossaryLink\" aria-describedby=\"tt\" data-cmtooltip=\"&lt;div class=glossaryItemTitle&gt;Pulizia etnica&lt;\/div&gt;&lt;div class=glossaryItemBody&gt;&amp;lt;!-- wp:paragraph {&amp;quot;translatedWithWPMLTM&amp;quot;:&amp;quot;1&amp;quot;} --&amp;gt;La pulizia etnica &egrave; la rimozione forzata o l&amp;#039;eliminazione di un gruppo etnico da un territorio attraverso violenza, deportazione o genocidio. Il suo obiettivo &egrave; ottenere l&amp;#039;omogeneit&agrave; etnica e viola i diritti umani fondamentali. &amp;lt;br\/&amp;gt;&amp;lt;!-- \/wp:paragraph --&amp;gt;&lt;\/div&gt;\" href=\"https:\/\/xqthenews.com\/it\/glossary\/pulizia-etnica\/\" data-gt-translate-attributes='[{\"attribute\":\"data-cmtooltip\", \"format\":\"html\"}]' tabindex=\"0\" role=\"link\">pulizia etnica<\/a>.<\/p>\n\n\n\n<p>Una dinamica che ricorda per molti aspetti un&rsquo;altra colonizzazione che fa molto pi&ugrave; notizia: quella di Israele sulla Palestina.<\/p>\n\n\n\n<h2 class=\"wp-block-heading\"><strong>La persecuzione dei curdi da parte della Turchia<\/strong><\/h2>\n\n\n\n<p>Mahsa Amini in verit&agrave; non si chiamava cos&igrave;: il suo vero nome era <strong>J&icirc;na Em&icirc;n&icirc;<\/strong>, in lingua curda (in persiano&nbsp;&#1605;&#1607;&#1587;&#1575; &#1575;&#1605;&#1740;&#1606;&#1740;&nbsp; ).<\/p>\n\n\n\n<p>Privare le persone della propria identit&agrave;, cambiando i loro nomi nei corrispondenti nomi turchi, fa parte della strategia di <a class=\"glossaryLink\" aria-describedby=\"tt\" data-cmtooltip=\"&lt;div class=glossaryItemTitle&gt;Pulizia etnica&lt;\/div&gt;&lt;div class=glossaryItemBody&gt;&amp;lt;!-- wp:paragraph {&amp;quot;translatedWithWPMLTM&amp;quot;:&amp;quot;1&amp;quot;} --&amp;gt;La pulizia etnica &egrave; la rimozione forzata o l&amp;#039;eliminazione di un gruppo etnico da un territorio attraverso violenza, deportazione o genocidio. Il suo obiettivo &egrave; ottenere l&amp;#039;omogeneit&agrave; etnica e viola i diritti umani fondamentali. &amp;lt;br\/&amp;gt;&amp;lt;!-- \/wp:paragraph --&amp;gt;&lt;\/div&gt;\" href=\"https:\/\/xqthenews.com\/it\/glossary\/pulizia-etnica\/\" data-gt-translate-attributes='[{\"attribute\":\"data-cmtooltip\", \"format\":\"html\"}]' tabindex=\"0\" role=\"link\">pulizia etnica<\/a> messa in atto dalla Turchia, che non solo cambia i nomi, ma vieta anche alle persone di parlare nella propria lingua madre, oltre a esercitare persecuzioni su base etnica e ad bombardare le loro terre.<\/p>\n\n\n\n<p>L&rsquo;oppressione della Turchia si &egrave; acuita nel 2016 dopo il <a href=\"https:\/\/www.bbc.com\/news\/world-europe-36816045\">fallimento del colpo di Stato<\/a> che cerc&ograve; di far cadere il Governo di Recep Tayyip Erdo&#287;an il quale, ripreso il controllo, ha intensificato la persecuzione contro i curdi, arrestando migliaia di persone, soprattutto tra i pi&ugrave; brillanti esponenti della cultura &ndash; docenti universitari, giornalisti, attivisti, femministe &ndash; chiudendo i loro giornali e i profili social.<\/p>\n\n\n\n<h2 class=\"wp-block-heading\"><strong>La guerra siriana<\/strong><\/h2>\n\n\n\n<p>La situazione non &egrave; pi&ugrave; semplice in Siria, dove i curdi, in un primo momento arrivati allo scontro con l&rsquo;esercito del dittatore <strong>Bashar al Assad<\/strong>, sono stati poi usati per contrastare l&rsquo;Isis, lo Stato islamico noto in Occidente per attentati terroristici come quello alla redazione del <a href=\"https:\/\/multimedia.europarl.europa.eu\/it\/video\/attack-on-charlie-hebdo-meps-react_N005-150107-001\">giornale parigino Charlie Hebdo<\/a>.<\/p>\n\n\n\n<p>Infatti sono stati proprio i curdi tra i pi&ugrave; tenaci, organizzati e capaci oppositori dell&rsquo;Isis, conquistando con le armi territori strategici che erano stati invasi dalle milizie dello Stato islamico. Tra questi, il Rojava, territorio nel nord-est della Siria, dove la citt&agrave; di Kobane, difesa con le armi dalle donne curde in 134 giorni di assedio, &egrave; diventata il simbolo del movimento per <a class=\"glossaryLink\" aria-describedby=\"tt\" data-cmtooltip=\"&lt;div class=glossaryItemTitle&gt;L&amp;#8217;indipendenza&lt;\/div&gt;&lt;div class=glossaryItemBody&gt;La condizione di autonomia di uno Stato o di una persona, che consiste nell&amp;#039;essere liberi di decidere le proprie azioni e la propria vita senza l&amp;#039;intervento di nessuno.&amp;lt;br&amp;gt;I Mambesi hanno combattuto coraggiosamente per la nostra indipendenza.  &amp;lt;br&amp;gt;Tamara ha sempre agito in modo indipendente grazie all&amp;#039;educazione che le hanno dato i suoi genitori.  &lt;\/div&gt;&lt;div id=&amp;quot;cmtt_related_articles&amp;quot; class=&amp;quot;cmtt_related_articles_wrapper&amp;quot;&gt;&lt;div class=&amp;quot;cmtt_related_title cmtt_related_articles_title&amp;quot;&gt;Related Articles: &lt;\/div&gt;&lt;ul class=&amp;quot;cmtt_related&amp;quot;&gt;&lt;li class=&amp;quot;cmtt_related_item&amp;quot;&gt;&lt;a href=&amp;quot;https:\/\/xqthenews.com\/it\/qual-e-la-posizione-delle-aziende-e-della-societa-nei-confronti-delleconomia-circolare\/&amp;quot;target=&amp;quot;_blank&amp;quot;&gt;Qual &egrave; la posizione delle aziende e della societ&agrave; nei confronti dell&amp;#8217;economia circolare?&lt;\/a&gt;&lt;\/li&gt;&lt;\/ul&gt;&lt;\/div&gt;\" href=\"https:\/\/xqthenews.com\/it\/glossary\/lindipendenza\/\" data-gt-translate-attributes='[{\"attribute\":\"data-cmtooltip\", \"format\":\"html\"}]' tabindex=\"0\" role=\"link\">l&rsquo;indipendenza<\/a> del Kurdistan.<\/p>\n\n\n\n<p>Sono state infatti soprattutto le donne ad organizzare la resistenza contro l&rsquo;Isis e a porre le basi di una nuova organizzazione definita &ldquo;Confederalismo democratico&rdquo;, fondata sui principi di &ldquo;Donna, Vita, libert&agrave;&rdquo;. Vi ricorda qualcosa?<\/p>\n\n\n\n<p>Proprio cos&igrave;: &egrave; lo slogan del movimento <a class=\"glossaryLink\"  aria-describedby=\"tt\"  data-cmtooltip=\"&lt;div class=glossaryItemTitle&gt;NATO&lt;\/div&gt;&lt;div class=glossaryItemBody&gt;&amp;lt;!-- wp:paragraph {&amp;quot;translatedWithWPMLTM&amp;quot;:&amp;quot;1&amp;quot;} --&amp;gt;E&rsquo; un&rsquo;alleanza politico-militare denominata &amp;quot;Organizzazione del trattato nord atlantico&rdquo;, fondata dopo la Seconda Guerra mondiale nel 1949, in chiave anti sovietica. Ne fanno parte 31 Paesi. Pu&ograve; diventare membro della NATO &amp;quot;qualsiasi altro Stato europeo in condizione di soddisfare i principi di questo trattato e di contribuire alla sicurezza dell&rsquo;area nord-atlantica. Le decisioni devono essere prese all&rsquo;unanimit&agrave; ma ogni membro ha il diritto di veto.&amp;lt;br\/&amp;gt;&amp;lt;!-- \/wp:paragraph --&amp;gt;&lt;\/div&gt;&lt;div id=&amp;quot;cmtt_related_articles&amp;quot; class=&amp;quot;cmtt_related_articles_wrapper&amp;quot;&gt;&lt;div class=&amp;quot;cmtt_related_title cmtt_related_articles_title&amp;quot;&gt;Related Articles: &lt;\/div&gt;&lt;ul class=&amp;quot;cmtt_related&amp;quot;&gt;&lt;li class=&amp;quot;cmtt_related_item&amp;quot;&gt;&lt;a href=&amp;quot;https:\/\/xqthenews.com\/it\/le-tradizioni-natalizie-italiane-tra-sacro-e-profano\/&amp;quot;target=&amp;quot;_blank&amp;quot;&gt;Le tradizioni natalizie italiane, tra sacro e profano&lt;\/a&gt;&lt;\/li&gt;&lt;li class=&amp;quot;cmtt_related_item&amp;quot;&gt;&lt;a href=&amp;quot;https:\/\/xqthenews.com\/it\/cervelli-in-fuga-vanno-vengono-a-volte-ritornano\/&amp;quot;target=&amp;quot;_blank&amp;quot;&gt;Cervelli in fuga: vanno, vengono, a volte ritornano&lt;\/a&gt;&lt;\/li&gt;&lt;li class=&amp;quot;cmtt_related_item&amp;quot;&gt;&lt;a href=&amp;quot;https:\/\/xqthenews.com\/it\/ci-dicono-torna-al-tuo-paese-ma-vogliamo-lavorare-la-storia-di-tre-giovani-che-vivono-in-un-furgone\/&amp;quot;target=&amp;quot;_blank&amp;quot;&gt;&amp;#8220;Ci dicono &amp;#8216;torna al tuo Paese&rdquo;, ma vogliamo lavorare&amp;#8221;: la storia di tre giovani che vivono in un furgone.&lt;\/a&gt;&lt;\/li&gt;&lt;li class=&amp;quot;cmtt_related_item&amp;quot;&gt;&lt;a href=&amp;quot;https:\/\/xqthenews.com\/it\/verita-e-giustizia-per-le-giornaliste-curde-assassinate\/&amp;quot;target=&amp;quot;_blank&amp;quot;&gt;Verit&agrave; e giustizia per le giornaliste curde assassinate.&lt;\/a&gt;&lt;\/li&gt;&lt;li class=&amp;quot;cmtt_related_item&amp;quot;&gt;&lt;a href=&amp;quot;https:\/\/xqthenews.com\/it\/il-ruolo-dei-giovani-nella-transizione-ecologica\/&amp;quot;target=&amp;quot;_blank&amp;quot;&gt;Il ruolo dei giovani nella transizione ecologica&lt;\/a&gt;&lt;\/li&gt;&lt;\/ul&gt;&lt;\/div&gt;\"  href=\"https:\/\/xqthenews.com\/it\/glossary\/nato\/\"  data-gt-translate-attributes='[{\"attribute\":\"data-cmtooltip\", \"format\":\"html\"}]' tabindex='0' role='link'>nato<\/a> in Iran e diffuso in tutto il mondo dopo l&rsquo;assassinio di <strong>J&icirc;na Em&icirc;n&icirc;<\/strong> alias Mahsa Amini.<\/p>\n\n\n\n<p>L&rsquo;origine di quel movimento e di quello slogan&nbsp; &ndash; in curdo Jin, J&icirc;yan, Azad&icirc; &ndash; affonda le radici nella lingua e nella cultura curda e non riguarda solo l&rsquo;Iran e le libert&agrave; fondamentali di tutti gli esseri umani, incluse le donne, ma riguarda anche (o meglio, soprattutto), la libert&agrave; da ogni oppressione e da ogni colonizzazione. Tuttavia i media occidentali hanno fatto passare l&rsquo;idea che si tratti di un movimento iraniano per la liberazione delle donne e non una pi&ugrave; vasta rivoluzione culturale che include anche l&rsquo;autodeterminazione del popolo curdo, perseguitato in tutti gli Stati su cui &egrave; radicato e costretto alla diaspora.<\/p>\n\n\n\n<h2 class=\"wp-block-heading\"><strong>Che c&rsquo;entrano i curdi con la guerra in Ucraina?<\/strong><\/h2>\n\n\n\n<p>L&rsquo;esperienza delle lotte delle donne curde contro l&rsquo;Isis ha rinvigorito il movimento per l&rsquo;autodeterminazione dei curdi, che, seguendo le teorizzazioni di Abdullah Ocalan, fondatore del partito dei lavoratori del Kurdistan <a class=\"glossaryLink\"  aria-describedby=\"tt\"  data-cmtooltip=\"&lt;div class=glossaryItemTitle&gt;PKK&lt;\/div&gt;&lt;div class=glossaryItemBody&gt;&amp;lt;!-- wp:paragraph {&amp;quot;translatedWithWPMLTM&amp;quot;:&amp;quot;1&amp;quot;} --&amp;gt;partito dei lavoratori del Kurdistan, &egrave; un&rsquo; organizzazione politica e paramiliatare fondata da Abdullah Ocalan, diffusa soprattutto tra le popolazioni curde contadine dell&rsquo;altopiano del Kurdistan&amp;lt;br\/&amp;gt;&amp;lt;!-- \/wp:paragraph --&amp;gt;&lt;\/div&gt;&lt;div id=&amp;quot;cmtt_related_articles&amp;quot; class=&amp;quot;cmtt_related_articles_wrapper&amp;quot;&gt;&lt;div class=&amp;quot;cmtt_related_title cmtt_related_articles_title&amp;quot;&gt;Related Articles: &lt;\/div&gt;&lt;ul class=&amp;quot;cmtt_related&amp;quot;&gt;&lt;li class=&amp;quot;cmtt_related_item&amp;quot;&gt;&lt;a href=&amp;quot;https:\/\/xqthenews.com\/it\/verita-e-giustizia-per-le-giornaliste-curde-assassinate\/&amp;quot;target=&amp;quot;_blank&amp;quot;&gt;Verit&agrave; e giustizia per le giornaliste curde assassinate.&lt;\/a&gt;&lt;\/li&gt;&lt;\/ul&gt;&lt;\/div&gt;\"  href=\"https:\/\/xqthenews.com\/it\/glossary\/pkk\/\"  data-gt-translate-attributes='[{\"attribute\":\"data-cmtooltip\", \"format\":\"html\"}]' tabindex='0' role='link'>PKK<\/a>, bollato dalla Turchia &ndash; che ha condannato all&rsquo;<a class=\"glossaryLink\" aria-describedby=\"tt\" data-cmtooltip=\"&lt;div class=glossaryItemTitle&gt;Ergastolo&lt;\/div&gt;&lt;div class=glossaryItemBody&gt;&amp;lt;!-- wp:paragraph {&amp;quot;translatedWithWPMLTM&amp;quot;:&amp;quot;1&amp;quot;} --&amp;gt;Nel Codice penale italiano l&amp;#039;ergastolo &egrave; la massima pena detentiva che &egrave; possibile comminare a chi ha commesso un delitto grave. Con questa condanna, l&amp;#039;imputato resta in carcere per tutta la vita. La condanna &egrave; prevista per i casi di omicidi, tra i quali quelli di stampo mafioso.&amp;lt;br\/&amp;gt;&amp;lt;!-- \/wp:paragraph --&amp;gt;&lt;\/div&gt;\" href=\"https:\/\/xqthenews.com\/it\/glossary\/ergastolo\/\" data-gt-translate-attributes='[{\"attribute\":\"data-cmtooltip\", \"format\":\"html\"}]' tabindex=\"0\" role=\"link\">ergastolo<\/a> il suo fondatore- come <a href=\"https:\/\/www.mfa.gov.tr\/pkk.en.mfa\">organizzazione terroristica<\/a>, hanno promulgato nel 2014 il &ldquo;Contratto sociale del Rojava&rdquo;: si tratta di un vero e proprio patto tra le regioni o &ldquo;cantoni&rdquo; del nord-est della Siria, proclamatasi autonome e organizzate in Confederazione.<\/p>\n\n\n\n<p>Questo vento di libert&agrave; non ha fatto piacere alla Turchia, che ha ripreso dal 2019 fino ai nostri giorni, a bombardare le regioni curde della Siria.<\/p>\n\n\n\n<p>Questo accade tutt&rsquo;ora nel silenzio dell&rsquo;Occidente, dell&rsquo;Europa e degli USA.<\/p>\n\n\n\n<p>E siamo arrivati ad oggi: proprio sulla questione curda &egrave; appeso l&rsquo;<a class=\"glossaryLink\" aria-describedby=\"tt\" data-cmtooltip=\"&lt;div class=glossaryItemTitle&gt;Equilibrio&lt;\/div&gt;&lt;div class=glossaryItemBody&gt;&amp;lt;!-- wp:paragraph {&amp;quot;translatedWithWPMLTM&amp;quot;:&amp;quot;1&amp;quot;} --&amp;gt;Lo sforzo di trovare un bilanciamento tra vivere secondo i propri ideali e adattarsi alle pressioni economiche e sociali, presentato come una sfida centrale nel testo.&amp;lt;br\/&amp;gt;&amp;lt;!-- \/wp:paragraph --&amp;gt;&lt;\/div&gt;&lt;div id=&amp;quot;cmtt_related_articles&amp;quot; class=&amp;quot;cmtt_related_articles_wrapper&amp;quot;&gt;&lt;div class=&amp;quot;cmtt_related_title cmtt_related_articles_title&amp;quot;&gt;Related Articles: &lt;\/div&gt;&lt;ul class=&amp;quot;cmtt_related&amp;quot;&gt;&lt;li class=&amp;quot;cmtt_related_item&amp;quot;&gt;&lt;a href=&amp;quot;https:\/\/xqthenews.com\/it\/ce-ancora-tempo-per-salvare-il-pianeta\/&amp;quot;target=&amp;quot;_blank&amp;quot;&gt;C&amp;#8217;&egrave; ancora tempo per salvare il pianeta?&lt;\/a&gt;&lt;\/li&gt;&lt;li class=&amp;quot;cmtt_related_item&amp;quot;&gt;&lt;a href=&amp;quot;https:\/\/xqthenews.com\/it\/parita-di-genere-e-rafforzamento-dellazione-per-il-clima\/&amp;quot;target=&amp;quot;_blank&amp;quot;&gt;Parit&agrave; di genere e rafforzamento dell&amp;#8217;azione per il clima&lt;\/a&gt;&lt;\/li&gt;&lt;\/ul&gt;&lt;\/div&gt;\" href=\"https:\/\/xqthenews.com\/it\/glossary\/equilibrio\/\" data-gt-translate-attributes='[{\"attribute\":\"data-cmtooltip\", \"format\":\"html\"}]' tabindex=\"0\" role=\"link\">equilibrio<\/a> tra USA e Russia. Infatti sui tavoli delle trattative per allargare la <a class=\"glossaryLink\"  aria-describedby=\"tt\"  data-cmtooltip=\"&lt;div class=glossaryItemTitle&gt;NATO&lt;\/div&gt;&lt;div class=glossaryItemBody&gt;&amp;lt;!-- wp:paragraph {&amp;quot;translatedWithWPMLTM&amp;quot;:&amp;quot;1&amp;quot;} --&amp;gt;E&rsquo; un&rsquo;alleanza politico-militare denominata &amp;quot;Organizzazione del trattato nord atlantico&rdquo;, fondata dopo la Seconda Guerra mondiale nel 1949, in chiave anti sovietica. Ne fanno parte 31 Paesi. Pu&ograve; diventare membro della NATO &amp;quot;qualsiasi altro Stato europeo in condizione di soddisfare i principi di questo trattato e di contribuire alla sicurezza dell&rsquo;area nord-atlantica. Le decisioni devono essere prese all&rsquo;unanimit&agrave; ma ogni membro ha il diritto di veto.&amp;lt;br\/&amp;gt;&amp;lt;!-- \/wp:paragraph --&amp;gt;&lt;\/div&gt;&lt;div id=&amp;quot;cmtt_related_articles&amp;quot; class=&amp;quot;cmtt_related_articles_wrapper&amp;quot;&gt;&lt;div class=&amp;quot;cmtt_related_title cmtt_related_articles_title&amp;quot;&gt;Related Articles: &lt;\/div&gt;&lt;ul class=&amp;quot;cmtt_related&amp;quot;&gt;&lt;li class=&amp;quot;cmtt_related_item&amp;quot;&gt;&lt;a href=&amp;quot;https:\/\/xqthenews.com\/it\/le-tradizioni-natalizie-italiane-tra-sacro-e-profano\/&amp;quot;target=&amp;quot;_blank&amp;quot;&gt;Le tradizioni natalizie italiane, tra sacro e profano&lt;\/a&gt;&lt;\/li&gt;&lt;li class=&amp;quot;cmtt_related_item&amp;quot;&gt;&lt;a href=&amp;quot;https:\/\/xqthenews.com\/it\/cervelli-in-fuga-vanno-vengono-a-volte-ritornano\/&amp;quot;target=&amp;quot;_blank&amp;quot;&gt;Cervelli in fuga: vanno, vengono, a volte ritornano&lt;\/a&gt;&lt;\/li&gt;&lt;li class=&amp;quot;cmtt_related_item&amp;quot;&gt;&lt;a href=&amp;quot;https:\/\/xqthenews.com\/it\/ci-dicono-torna-al-tuo-paese-ma-vogliamo-lavorare-la-storia-di-tre-giovani-che-vivono-in-un-furgone\/&amp;quot;target=&amp;quot;_blank&amp;quot;&gt;&amp;#8220;Ci dicono &amp;#8216;torna al tuo Paese&rdquo;, ma vogliamo lavorare&amp;#8221;: la storia di tre giovani che vivono in un furgone.&lt;\/a&gt;&lt;\/li&gt;&lt;li class=&amp;quot;cmtt_related_item&amp;quot;&gt;&lt;a href=&amp;quot;https:\/\/xqthenews.com\/it\/verita-e-giustizia-per-le-giornaliste-curde-assassinate\/&amp;quot;target=&amp;quot;_blank&amp;quot;&gt;Verit&agrave; e giustizia per le giornaliste curde assassinate.&lt;\/a&gt;&lt;\/li&gt;&lt;li class=&amp;quot;cmtt_related_item&amp;quot;&gt;&lt;a href=&amp;quot;https:\/\/xqthenews.com\/it\/il-ruolo-dei-giovani-nella-transizione-ecologica\/&amp;quot;target=&amp;quot;_blank&amp;quot;&gt;Il ruolo dei giovani nella transizione ecologica&lt;\/a&gt;&lt;\/li&gt;&lt;\/ul&gt;&lt;\/div&gt;\"  href=\"https:\/\/xqthenews.com\/it\/glossary\/nato\/\"  data-gt-translate-attributes='[{\"attribute\":\"data-cmtooltip\", \"format\":\"html\"}]' tabindex='0' role='link'>NATO<\/a> a Svezia e Finlandia, Erdogan, il primo ministro turco, ha espresso parere negativo, ponendo come condizione la fine delle forniture di armi alle combattenti curde in Siria e l&rsquo;estradizione di alcuni attivisti curdi del <a class=\"glossaryLink\"  aria-describedby=\"tt\"  data-cmtooltip=\"&lt;div class=glossaryItemTitle&gt;PKK&lt;\/div&gt;&lt;div class=glossaryItemBody&gt;&amp;lt;!-- wp:paragraph {&amp;quot;translatedWithWPMLTM&amp;quot;:&amp;quot;1&amp;quot;} --&amp;gt;partito dei lavoratori del Kurdistan, &egrave; un&rsquo; organizzazione politica e paramiliatare fondata da Abdullah Ocalan, diffusa soprattutto tra le popolazioni curde contadine dell&rsquo;altopiano del Kurdistan&amp;lt;br\/&amp;gt;&amp;lt;!-- \/wp:paragraph --&amp;gt;&lt;\/div&gt;&lt;div id=&amp;quot;cmtt_related_articles&amp;quot; class=&amp;quot;cmtt_related_articles_wrapper&amp;quot;&gt;&lt;div class=&amp;quot;cmtt_related_title cmtt_related_articles_title&amp;quot;&gt;Related Articles: &lt;\/div&gt;&lt;ul class=&amp;quot;cmtt_related&amp;quot;&gt;&lt;li class=&amp;quot;cmtt_related_item&amp;quot;&gt;&lt;a href=&amp;quot;https:\/\/xqthenews.com\/it\/verita-e-giustizia-per-le-giornaliste-curde-assassinate\/&amp;quot;target=&amp;quot;_blank&amp;quot;&gt;Verit&agrave; e giustizia per le giornaliste curde assassinate.&lt;\/a&gt;&lt;\/li&gt;&lt;\/ul&gt;&lt;\/div&gt;\"  href=\"https:\/\/xqthenews.com\/it\/glossary\/pkk\/\"  data-gt-translate-attributes='[{\"attribute\":\"data-cmtooltip\", \"format\":\"html\"}]' tabindex='0' role='link'>PKK<\/a>, sfuggiti dalle persecuzioni turche e accolti come <a class=\"glossaryLink\" aria-describedby=\"tt\" data-cmtooltip=\"&lt;div class=glossaryItemTitle&gt;Rifugiati&lt;\/div&gt;&lt;div class=glossaryItemBody&gt;&amp;lt;!-- wp:paragraph {&amp;quot;translatedWithWPMLTM&amp;quot;:&amp;quot;1&amp;quot;} --&amp;gt;I rifugiati sono persone che fuggono da conflitti o persecuzioni e cercano protezione in un altro Paese&amp;lt;br\/&amp;gt;&amp;lt;!-- \/wp:paragraph --&amp;gt;&lt;\/div&gt;&lt;div id=&amp;quot;cmtt_related_articles&amp;quot; class=&amp;quot;cmtt_related_articles_wrapper&amp;quot;&gt;&lt;div class=&amp;quot;cmtt_related_title cmtt_related_articles_title&amp;quot;&gt;Related Articles: &lt;\/div&gt;&lt;ul class=&amp;quot;cmtt_related&amp;quot;&gt;&lt;li class=&amp;quot;cmtt_related_item&amp;quot;&gt;&lt;a href=&amp;quot;https:\/\/xqthenews.com\/it\/emigrare-per-smettere-di-nascondersi\/&amp;quot;target=&amp;quot;_blank&amp;quot;&gt;Emigrare per smettere di nascondersi&lt;\/a&gt;&lt;\/li&gt;&lt;li class=&amp;quot;cmtt_related_item&amp;quot;&gt;&lt;a href=&amp;quot;https:\/\/xqthenews.com\/it\/ci-dicono-torna-al-tuo-paese-ma-vogliamo-lavorare-la-storia-di-tre-giovani-che-vivono-in-un-furgone\/&amp;quot;target=&amp;quot;_blank&amp;quot;&gt;&amp;#8220;Ci dicono &amp;#8216;torna al tuo Paese&rdquo;, ma vogliamo lavorare&amp;#8221;: la storia di tre giovani che vivono in un furgone.&lt;\/a&gt;&lt;\/li&gt;&lt;\/ul&gt;&lt;\/div&gt;\" href=\"https:\/\/xqthenews.com\/it\/glossary\/rifugiati\/\" data-gt-translate-attributes='[{\"attribute\":\"data-cmtooltip\", \"format\":\"html\"}]' tabindex=\"0\" role=\"link\">rifugiati<\/a> politici dai paesi scandinavi. Le richieste di Erdogan sono state accolte e cos&igrave; la Turchia ha ritirato il suo <a class=\"glossaryLink\"  aria-describedby=\"tt\"  data-cmtooltip=\"&lt;div class=glossaryItemTitle&gt;Veto&lt;\/div&gt;&lt;div class=glossaryItemBody&gt;&amp;lt;!-- wp:paragraph {&amp;quot;translatedWithWPMLTM&amp;quot;:&amp;quot;1&amp;quot;} --&amp;gt;potere riconosciuto al membro di un organo deliberante di bloccarne una decisione.&amp;lt;br\/&amp;gt;&amp;lt;!-- \/wp:paragraph --&amp;gt;&lt;\/div&gt;\"  href=\"https:\/\/xqthenews.com\/it\/glossary\/veto\/\"  data-gt-translate-attributes='[{\"attribute\":\"data-cmtooltip\", \"format\":\"html\"}]' tabindex='0' role='link'>veto<\/a>, diventando l&rsquo;ago della bilancia nella <a class=\"glossaryLink\" aria-describedby=\"tt\" data-cmtooltip=\"&lt;div class=glossaryItemTitle&gt;Guerra Fredda&lt;\/div&gt;&lt;div class=glossaryItemBody&gt;&amp;lt;!-- wp:paragraph {&amp;quot;translatedWithWPMLTM&amp;quot;:&amp;quot;1&amp;quot;} --&amp;gt;Dal 1947 al 1991 si &egrave; consumato un conflitto ideologico, politico ed economico tra Stati Uniti e Unione Sovietica, senza scontri diretti ma con guerre per procura. Il mondo si divise in due blocchi: il capitalista (guidato dagli USA e dalla NATO) e il comunista (guidato dall&amp;#039;URSS e dal Patto di Varsavia). Fu caratterizzata da una corsa agli armamenti, la minaccia nucleare e la competizione spaziale. Eventi chiave furono la crisi di Cuba (1962), il muro di Berlino (1961-1989) e l&amp;#039;invasione sovietica dell&amp;#039;Afghanistan. Termin&ograve; con il crollo dell&amp;#039;URSS nel 1991.    &amp;lt;br\/&amp;gt;&amp;lt;!-- \/wp:paragraph --&amp;gt;&lt;\/div&gt;\" href=\"https:\/\/xqthenews.com\/it\/glossary\/guerra-fredda\/\" data-gt-translate-attributes='[{\"attribute\":\"data-cmtooltip\", \"format\":\"html\"}]' tabindex=\"0\" role=\"link\">guerra fredda<\/a> tra Usa e Russia, in quanto Svezia e Finlandia ora potranno aderire alla <a class=\"glossaryLink\"  aria-describedby=\"tt\"  data-cmtooltip=\"&lt;div class=glossaryItemTitle&gt;NATO&lt;\/div&gt;&lt;div class=glossaryItemBody&gt;&amp;lt;!-- wp:paragraph {&amp;quot;translatedWithWPMLTM&amp;quot;:&amp;quot;1&amp;quot;} --&amp;gt;E&rsquo; un&rsquo;alleanza politico-militare denominata &amp;quot;Organizzazione del trattato nord atlantico&rdquo;, fondata dopo la Seconda Guerra mondiale nel 1949, in chiave anti sovietica. Ne fanno parte 31 Paesi. Pu&ograve; diventare membro della NATO &amp;quot;qualsiasi altro Stato europeo in condizione di soddisfare i principi di questo trattato e di contribuire alla sicurezza dell&rsquo;area nord-atlantica. Le decisioni devono essere prese all&rsquo;unanimit&agrave; ma ogni membro ha il diritto di veto.&amp;lt;br\/&amp;gt;&amp;lt;!-- \/wp:paragraph --&amp;gt;&lt;\/div&gt;&lt;div id=&amp;quot;cmtt_related_articles&amp;quot; class=&amp;quot;cmtt_related_articles_wrapper&amp;quot;&gt;&lt;div class=&amp;quot;cmtt_related_title cmtt_related_articles_title&amp;quot;&gt;Related Articles: &lt;\/div&gt;&lt;ul class=&amp;quot;cmtt_related&amp;quot;&gt;&lt;li class=&amp;quot;cmtt_related_item&amp;quot;&gt;&lt;a href=&amp;quot;https:\/\/xqthenews.com\/it\/le-tradizioni-natalizie-italiane-tra-sacro-e-profano\/&amp;quot;target=&amp;quot;_blank&amp;quot;&gt;Le tradizioni natalizie italiane, tra sacro e profano&lt;\/a&gt;&lt;\/li&gt;&lt;li class=&amp;quot;cmtt_related_item&amp;quot;&gt;&lt;a href=&amp;quot;https:\/\/xqthenews.com\/it\/cervelli-in-fuga-vanno-vengono-a-volte-ritornano\/&amp;quot;target=&amp;quot;_blank&amp;quot;&gt;Cervelli in fuga: vanno, vengono, a volte ritornano&lt;\/a&gt;&lt;\/li&gt;&lt;li class=&amp;quot;cmtt_related_item&amp;quot;&gt;&lt;a href=&amp;quot;https:\/\/xqthenews.com\/it\/ci-dicono-torna-al-tuo-paese-ma-vogliamo-lavorare-la-storia-di-tre-giovani-che-vivono-in-un-furgone\/&amp;quot;target=&amp;quot;_blank&amp;quot;&gt;&amp;#8220;Ci dicono &amp;#8216;torna al tuo Paese&rdquo;, ma vogliamo lavorare&amp;#8221;: la storia di tre giovani che vivono in un furgone.&lt;\/a&gt;&lt;\/li&gt;&lt;li class=&amp;quot;cmtt_related_item&amp;quot;&gt;&lt;a href=&amp;quot;https:\/\/xqthenews.com\/it\/verita-e-giustizia-per-le-giornaliste-curde-assassinate\/&amp;quot;target=&amp;quot;_blank&amp;quot;&gt;Verit&agrave; e giustizia per le giornaliste curde assassinate.&lt;\/a&gt;&lt;\/li&gt;&lt;li class=&amp;quot;cmtt_related_item&amp;quot;&gt;&lt;a href=&amp;quot;https:\/\/xqthenews.com\/it\/il-ruolo-dei-giovani-nella-transizione-ecologica\/&amp;quot;target=&amp;quot;_blank&amp;quot;&gt;Il ruolo dei giovani nella transizione ecologica&lt;\/a&gt;&lt;\/li&gt;&lt;\/ul&gt;&lt;\/div&gt;\"  href=\"https:\/\/xqthenews.com\/it\/glossary\/nato\/\"  data-gt-translate-attributes='[{\"attribute\":\"data-cmtooltip\", \"format\":\"html\"}]' tabindex='0' role='link'>Nato<\/a>, che nel Nord Europa estender&agrave; i suoi confini fino alla Russia mentre a Sud avr&agrave; proprio la Turchia, che si propone come mediatrice, da una parte, per la pace tra Russia e Ucraina e, dall&rsquo;altra, per la pace tra Israele e <a class=\"glossaryLink\"  aria-describedby=\"tt\"  data-cmtooltip=\"&lt;div class=glossaryItemTitle&gt;Hamas&lt;\/div&gt;&lt;div class=glossaryItemBody&gt;&amp;lt;!-- wp:paragraph {&amp;quot;translatedWithWPMLTM&amp;quot;:&amp;quot;1&amp;quot;} --&amp;gt;Organizzazione palestinese considerata da diversi Paesi come un gruppo terroristico, operante nella Striscia di Gaza e in Cisgiordania, incentrata politicamente e militarmente sulla lotta per l&amp;#039;autodeterminazione palestinese.&amp;lt;br\/&amp;gt;&amp;lt;!-- \/wp:paragraph --&amp;gt;&lt;\/div&gt;\"  href=\"https:\/\/xqthenews.com\/it\/glossary\/hamas\/\"  data-gt-translate-attributes='[{\"attribute\":\"data-cmtooltip\", \"format\":\"html\"}]' tabindex='0' role='link'>Hamas<\/a> (i terroristi con base in Palestina), rafforzando cos&igrave; il suo potere e schiacciando i curdi. Sempre pi&ugrave; oppressi, nel silenzio dell&rsquo;Occidente.<\/p>\n","protected":false},"excerpt":{"rendered":"<p>Tutti noi sappiamo dov&rsquo;&egrave; la Mesopotamia per averla studiata a scuola come la culla della civilt&agrave; mediterranea, dove nacque la scrittura: il vasto territorio tra il Tigri e l&rsquo;Eufrate, la mezzaluna fertile, abitata dai Sumeri, dai Medi, dagli Assiro-Babilonesi. E sicuramente abbiamo letto la storia di Mahsa Amini, la giovane iraniana uccisa nel 2022 dalla<\/p>\n","protected":false},"author":31,"featured_media":14963,"comment_status":"open","ping_status":"open","sticky":false,"template":"","format":"standard","meta":{"_acf_changed":false,"footnotes":""},"categories":[407,458],"tags":[],"coauthors":[153],"class_list":{"0":"post-14970","1":"post","2":"type-post","3":"status-publish","4":"format-standard","5":"has-post-thumbnail","7":"category-diritti-umani","8":"category-migrazione"},"acf":[],"yoast_head":"<!-- This site is optimized with the Yoast SEO plugin v27.4 - https:\/\/yoast.com\/product\/yoast-seo-wordpress\/ -->\n<title>Kurdistan, la shoah invisibile - xqthenews<\/title>\n<meta name=\"robots\" content=\"index, follow, max-snippet:-1, max-image-preview:large, max-video-preview:-1\" \/>\n<link rel=\"canonical\" href=\"https:\/\/xqthenews.com\/it\/kurdistan-la-shoah-invisibile\/\" \/>\n<meta property=\"og:locale\" content=\"it_IT\" \/>\n<meta property=\"og:type\" content=\"article\" \/>\n<meta property=\"og:title\" content=\"Kurdistan, la shoah invisibile - xqthenews\" \/>\n<meta property=\"og:description\" content=\"Tutti noi sappiamo dov&rsquo;&egrave; la Mesopotamia per averla studiata a scuola come la culla della civilt&agrave; mediterranea, dove nacque la scrittura: il vasto territorio tra il Tigri e l&rsquo;Eufrate, la mezzaluna fertile, abitata dai Sumeri, dai Medi, dagli Assiro-Babilonesi. E sicuramente abbiamo letto la storia di Mahsa Amini, la giovane iraniana uccisa nel 2022 dalla\" \/>\n<meta property=\"og:url\" content=\"https:\/\/xqthenews.com\/it\/kurdistan-la-shoah-invisibile\/\" \/>\n<meta property=\"og:site_name\" content=\"xqthenews\" \/>\n<meta property=\"article:published_time\" content=\"2023-12-13T07:05:23+00:00\" \/>\n<meta property=\"article:modified_time\" content=\"2024-09-10T22:05:38+00:00\" \/>\n<meta property=\"og:image\" content=\"https:\/\/xqthenews.com\/wp-content\/uploads\/2023\/12\/IDEA_Kurdistan-MAP-.jpg\" \/>\n\t<meta property=\"og:image:width\" content=\"2000\" \/>\n\t<meta property=\"og:image:height\" content=\"1336\" \/>\n\t<meta property=\"og:image:type\" content=\"image\/jpeg\" \/>\n<meta name=\"author\" content=\"Maril\u00f9 Mastrogiovanni\" \/>\n<meta name=\"twitter:card\" content=\"summary_large_image\" \/>\n<meta name=\"twitter:label1\" content=\"Scritto da\" \/>\n\t<meta name=\"twitter:data1\" content=\"Maril\u00f9 Mastrogiovanni\" \/>\n\t<meta name=\"twitter:label2\" content=\"Tempo di lettura stimato\" \/>\n\t<meta name=\"twitter:data2\" content=\"5 minuti\" \/>\n<script type=\"application\/ld+json\" class=\"yoast-schema-graph\">{\"@context\":\"https:\\\/\\\/schema.org\",\"@graph\":[{\"@type\":\"Article\",\"@id\":\"https:\\\/\\\/xqthenews.com\\\/it\\\/kurdistan-la-shoah-invisibile\\\/#article\",\"isPartOf\":{\"@id\":\"https:\\\/\\\/xqthenews.com\\\/it\\\/kurdistan-la-shoah-invisibile\\\/\"},\"author\":{\"name\":\"Maril\u00f9 Mastrogiovanni\",\"@id\":\"https:\\\/\\\/xqthenews.com\\\/es\\\/#\\\/schema\\\/person\\\/1a9dd706712efd7d5dcbe690a039c3b0\"},\"headline\":\"Kurdistan, la shoah invisibile\",\"datePublished\":\"2023-12-13T07:05:23+00:00\",\"dateModified\":\"2024-09-10T22:05:38+00:00\",\"mainEntityOfPage\":{\"@id\":\"https:\\\/\\\/xqthenews.com\\\/it\\\/kurdistan-la-shoah-invisibile\\\/\"},\"wordCount\":1073,\"commentCount\":0,\"image\":{\"@id\":\"https:\\\/\\\/xqthenews.com\\\/it\\\/kurdistan-la-shoah-invisibile\\\/#primaryimage\"},\"thumbnailUrl\":\"https:\\\/\\\/xqthenews.com\\\/wp-content\\\/uploads\\\/2023\\\/12\\\/IDEA_Kurdistan-MAP-.jpg\",\"articleSection\":[\"Diritti umani\",\"Migrazione\"],\"inLanguage\":\"it-IT\",\"potentialAction\":[{\"@type\":\"CommentAction\",\"name\":\"Comment\",\"target\":[\"https:\\\/\\\/xqthenews.com\\\/it\\\/kurdistan-la-shoah-invisibile\\\/#respond\"]}]},{\"@type\":\"WebPage\",\"@id\":\"https:\\\/\\\/xqthenews.com\\\/it\\\/kurdistan-la-shoah-invisibile\\\/\",\"url\":\"https:\\\/\\\/xqthenews.com\\\/it\\\/kurdistan-la-shoah-invisibile\\\/\",\"name\":\"Kurdistan, la shoah invisibile - xqthenews\",\"isPartOf\":{\"@id\":\"https:\\\/\\\/xqthenews.com\\\/es\\\/#website\"},\"primaryImageOfPage\":{\"@id\":\"https:\\\/\\\/xqthenews.com\\\/it\\\/kurdistan-la-shoah-invisibile\\\/#primaryimage\"},\"image\":{\"@id\":\"https:\\\/\\\/xqthenews.com\\\/it\\\/kurdistan-la-shoah-invisibile\\\/#primaryimage\"},\"thumbnailUrl\":\"https:\\\/\\\/xqthenews.com\\\/wp-content\\\/uploads\\\/2023\\\/12\\\/IDEA_Kurdistan-MAP-.jpg\",\"datePublished\":\"2023-12-13T07:05:23+00:00\",\"dateModified\":\"2024-09-10T22:05:38+00:00\",\"author\":{\"@id\":\"https:\\\/\\\/xqthenews.com\\\/es\\\/#\\\/schema\\\/person\\\/1a9dd706712efd7d5dcbe690a039c3b0\"},\"breadcrumb\":{\"@id\":\"https:\\\/\\\/xqthenews.com\\\/it\\\/kurdistan-la-shoah-invisibile\\\/#breadcrumb\"},\"inLanguage\":\"it-IT\",\"potentialAction\":[{\"@type\":\"ReadAction\",\"target\":[\"https:\\\/\\\/xqthenews.com\\\/it\\\/kurdistan-la-shoah-invisibile\\\/\"]}]},{\"@type\":\"ImageObject\",\"inLanguage\":\"it-IT\",\"@id\":\"https:\\\/\\\/xqthenews.com\\\/it\\\/kurdistan-la-shoah-invisibile\\\/#primaryimage\",\"url\":\"https:\\\/\\\/xqthenews.com\\\/wp-content\\\/uploads\\\/2023\\\/12\\\/IDEA_Kurdistan-MAP-.jpg\",\"contentUrl\":\"https:\\\/\\\/xqthenews.com\\\/wp-content\\\/uploads\\\/2023\\\/12\\\/IDEA_Kurdistan-MAP-.jpg\",\"width\":2000,\"height\":1336},{\"@type\":\"BreadcrumbList\",\"@id\":\"https:\\\/\\\/xqthenews.com\\\/it\\\/kurdistan-la-shoah-invisibile\\\/#breadcrumb\",\"itemListElement\":[{\"@type\":\"ListItem\",\"position\":1,\"name\":\"Portada\",\"item\":\"https:\\\/\\\/xqthenews.com\\\/it\\\/\"},{\"@type\":\"ListItem\",\"position\":2,\"name\":\"Kurdistan, la shoah invisibile\"}]},{\"@type\":\"WebSite\",\"@id\":\"https:\\\/\\\/xqthenews.com\\\/es\\\/#website\",\"url\":\"https:\\\/\\\/xqthenews.com\\\/es\\\/\",\"name\":\"xqthenews\",\"description\":\"El porqu\u00e9 de las noticias\",\"potentialAction\":[{\"@type\":\"SearchAction\",\"target\":{\"@type\":\"EntryPoint\",\"urlTemplate\":\"https:\\\/\\\/xqthenews.com\\\/es\\\/?s={search_term_string}\"},\"query-input\":{\"@type\":\"PropertyValueSpecification\",\"valueRequired\":true,\"valueName\":\"search_term_string\"}}],\"inLanguage\":\"it-IT\"},{\"@type\":\"Person\",\"@id\":\"https:\\\/\\\/xqthenews.com\\\/es\\\/#\\\/schema\\\/person\\\/1a9dd706712efd7d5dcbe690a039c3b0\",\"name\":\"Maril\u00f9 Mastrogiovanni\",\"image\":{\"@type\":\"ImageObject\",\"inLanguage\":\"it-IT\",\"@id\":\"https:\\\/\\\/xqthenews.com\\\/wp-content\\\/uploads\\\/2024\\\/09\\\/marilu-mastrogiovanni_avatar_1-96x96.jpeg91a9bf5dbf45877521ca7c39e367c2c4\",\"url\":\"https:\\\/\\\/xqthenews.com\\\/wp-content\\\/uploads\\\/2024\\\/09\\\/marilu-mastrogiovanni_avatar_1-96x96.jpeg\",\"contentUrl\":\"https:\\\/\\\/xqthenews.com\\\/wp-content\\\/uploads\\\/2024\\\/09\\\/marilu-mastrogiovanni_avatar_1-96x96.jpeg\",\"caption\":\"Maril\u00f9 Mastrogiovanni\"},\"description\":\"Periodista de investigaci\u00f3n, semi\u00f3loga, experta en lenguaje de g\u00e9nero. Profesor adjunto en la Universidad de Bari. Ex Presidenta del Jurado del Premio UNESCO de Libertad de Prensa. Creadora del Foro de Mujeres Periodistas del Mediterr\u00e1neo. Redactora jefe de varios peri\u00f3dicos.\",\"url\":\"https:\\\/\\\/xqthenews.com\\\/it\\\/author\\\/mmastrogiovanni\\\/\"}]}<\/script>\n<!-- \/ Yoast SEO plugin. -->","yoast_head_json":{"title":"Kurdistan, la shoah invisibile - xqthenews","robots":{"index":"index","follow":"follow","max-snippet":"max-snippet:-1","max-image-preview":"max-image-preview:large","max-video-preview":"max-video-preview:-1"},"canonical":"https:\/\/xqthenews.com\/it\/kurdistan-la-shoah-invisibile\/","og_locale":"it_IT","og_type":"article","og_title":"Kurdistan, la shoah invisibile - xqthenews","og_description":"Tutti noi sappiamo dov&rsquo;&egrave; la Mesopotamia per averla studiata a scuola come la culla della civilt&agrave; mediterranea, dove nacque la scrittura: il vasto territorio tra il Tigri e l&rsquo;Eufrate, la mezzaluna fertile, abitata dai Sumeri, dai Medi, dagli Assiro-Babilonesi. E sicuramente abbiamo letto la storia di Mahsa Amini, la giovane iraniana uccisa nel 2022 dalla","og_url":"https:\/\/xqthenews.com\/it\/kurdistan-la-shoah-invisibile\/","og_site_name":"xqthenews","article_published_time":"2023-12-13T07:05:23+00:00","article_modified_time":"2024-09-10T22:05:38+00:00","og_image":[{"width":2000,"height":1336,"url":"https:\/\/xqthenews.com\/wp-content\/uploads\/2023\/12\/IDEA_Kurdistan-MAP-.jpg","type":"image\/jpeg"}],"author":"Maril\u00f9 Mastrogiovanni","twitter_card":"summary_large_image","twitter_misc":{"Scritto da":"Maril\u00f9 Mastrogiovanni","Tempo di lettura stimato":"5 minuti"},"schema":{"@context":"https:\/\/schema.org","@graph":[{"@type":"Article","@id":"https:\/\/xqthenews.com\/it\/kurdistan-la-shoah-invisibile\/#article","isPartOf":{"@id":"https:\/\/xqthenews.com\/it\/kurdistan-la-shoah-invisibile\/"},"author":{"name":"Maril\u00f9 Mastrogiovanni","@id":"https:\/\/xqthenews.com\/es\/#\/schema\/person\/1a9dd706712efd7d5dcbe690a039c3b0"},"headline":"Kurdistan, la shoah invisibile","datePublished":"2023-12-13T07:05:23+00:00","dateModified":"2024-09-10T22:05:38+00:00","mainEntityOfPage":{"@id":"https:\/\/xqthenews.com\/it\/kurdistan-la-shoah-invisibile\/"},"wordCount":1073,"commentCount":0,"image":{"@id":"https:\/\/xqthenews.com\/it\/kurdistan-la-shoah-invisibile\/#primaryimage"},"thumbnailUrl":"https:\/\/xqthenews.com\/wp-content\/uploads\/2023\/12\/IDEA_Kurdistan-MAP-.jpg","articleSection":["Diritti umani","Migrazione"],"inLanguage":"it-IT","potentialAction":[{"@type":"CommentAction","name":"Comment","target":["https:\/\/xqthenews.com\/it\/kurdistan-la-shoah-invisibile\/#respond"]}]},{"@type":"WebPage","@id":"https:\/\/xqthenews.com\/it\/kurdistan-la-shoah-invisibile\/","url":"https:\/\/xqthenews.com\/it\/kurdistan-la-shoah-invisibile\/","name":"Kurdistan, la shoah invisibile - xqthenews","isPartOf":{"@id":"https:\/\/xqthenews.com\/es\/#website"},"primaryImageOfPage":{"@id":"https:\/\/xqthenews.com\/it\/kurdistan-la-shoah-invisibile\/#primaryimage"},"image":{"@id":"https:\/\/xqthenews.com\/it\/kurdistan-la-shoah-invisibile\/#primaryimage"},"thumbnailUrl":"https:\/\/xqthenews.com\/wp-content\/uploads\/2023\/12\/IDEA_Kurdistan-MAP-.jpg","datePublished":"2023-12-13T07:05:23+00:00","dateModified":"2024-09-10T22:05:38+00:00","author":{"@id":"https:\/\/xqthenews.com\/es\/#\/schema\/person\/1a9dd706712efd7d5dcbe690a039c3b0"},"breadcrumb":{"@id":"https:\/\/xqthenews.com\/it\/kurdistan-la-shoah-invisibile\/#breadcrumb"},"inLanguage":"it-IT","potentialAction":[{"@type":"ReadAction","target":["https:\/\/xqthenews.com\/it\/kurdistan-la-shoah-invisibile\/"]}]},{"@type":"ImageObject","inLanguage":"it-IT","@id":"https:\/\/xqthenews.com\/it\/kurdistan-la-shoah-invisibile\/#primaryimage","url":"https:\/\/xqthenews.com\/wp-content\/uploads\/2023\/12\/IDEA_Kurdistan-MAP-.jpg","contentUrl":"https:\/\/xqthenews.com\/wp-content\/uploads\/2023\/12\/IDEA_Kurdistan-MAP-.jpg","width":2000,"height":1336},{"@type":"BreadcrumbList","@id":"https:\/\/xqthenews.com\/it\/kurdistan-la-shoah-invisibile\/#breadcrumb","itemListElement":[{"@type":"ListItem","position":1,"name":"Portada","item":"https:\/\/xqthenews.com\/it\/"},{"@type":"ListItem","position":2,"name":"Kurdistan, la shoah invisibile"}]},{"@type":"WebSite","@id":"https:\/\/xqthenews.com\/es\/#website","url":"https:\/\/xqthenews.com\/es\/","name":"xqthenews","description":"El porqu\u00e9 de las noticias","potentialAction":[{"@type":"SearchAction","target":{"@type":"EntryPoint","urlTemplate":"https:\/\/xqthenews.com\/es\/?s={search_term_string}"},"query-input":{"@type":"PropertyValueSpecification","valueRequired":true,"valueName":"search_term_string"}}],"inLanguage":"it-IT"},{"@type":"Person","@id":"https:\/\/xqthenews.com\/es\/#\/schema\/person\/1a9dd706712efd7d5dcbe690a039c3b0","name":"Maril\u00f9 Mastrogiovanni","image":{"@type":"ImageObject","inLanguage":"it-IT","@id":"https:\/\/xqthenews.com\/wp-content\/uploads\/2024\/09\/marilu-mastrogiovanni_avatar_1-96x96.jpeg91a9bf5dbf45877521ca7c39e367c2c4","url":"https:\/\/xqthenews.com\/wp-content\/uploads\/2024\/09\/marilu-mastrogiovanni_avatar_1-96x96.jpeg","contentUrl":"https:\/\/xqthenews.com\/wp-content\/uploads\/2024\/09\/marilu-mastrogiovanni_avatar_1-96x96.jpeg","caption":"Maril\u00f9 Mastrogiovanni"},"description":"Periodista de investigaci\u00f3n, semi\u00f3loga, experta en lenguaje de g\u00e9nero. Profesor adjunto en la Universidad de Bari. Ex Presidenta del Jurado del Premio UNESCO de Libertad de Prensa. Creadora del Foro de Mujeres Periodistas del Mediterr\u00e1neo. Redactora jefe de varios peri\u00f3dicos.","url":"https:\/\/xqthenews.com\/it\/author\/mmastrogiovanni\/"}]}},"_links":{"self":[{"href":"https:\/\/xqthenews.com\/it\/wp-json\/wp\/v2\/posts\/14970","targetHints":{"allow":["GET"]}}],"collection":[{"href":"https:\/\/xqthenews.com\/it\/wp-json\/wp\/v2\/posts"}],"about":[{"href":"https:\/\/xqthenews.com\/it\/wp-json\/wp\/v2\/types\/post"}],"author":[{"embeddable":true,"href":"https:\/\/xqthenews.com\/it\/wp-json\/wp\/v2\/users\/31"}],"replies":[{"embeddable":true,"href":"https:\/\/xqthenews.com\/it\/wp-json\/wp\/v2\/comments?post=14970"}],"version-history":[{"count":0,"href":"https:\/\/xqthenews.com\/it\/wp-json\/wp\/v2\/posts\/14970\/revisions"}],"wp:featuredmedia":[{"embeddable":true,"href":"https:\/\/xqthenews.com\/it\/wp-json\/wp\/v2\/media\/14963"}],"wp:attachment":[{"href":"https:\/\/xqthenews.com\/it\/wp-json\/wp\/v2\/media?parent=14970"}],"wp:term":[{"taxonomy":"category","embeddable":true,"href":"https:\/\/xqthenews.com\/it\/wp-json\/wp\/v2\/categories?post=14970"},{"taxonomy":"post_tag","embeddable":true,"href":"https:\/\/xqthenews.com\/it\/wp-json\/wp\/v2\/tags?post=14970"},{"taxonomy":"author","embeddable":true,"href":"https:\/\/xqthenews.com\/it\/wp-json\/wp\/v2\/coauthors?post=14970"}],"curies":[{"name":"wp","href":"https:\/\/api.w.org\/{rel}","templated":true}]}}