{"id":29433,"date":"2025-05-07T07:22:00","date_gmt":"2025-05-07T06:22:00","guid":{"rendered":"https:\/\/xqthenews.com\/?p=29433"},"modified":"2025-05-07T07:22:00","modified_gmt":"2025-05-07T06:22:00","slug":"el-gran-apagon-en-espana","status":"publish","type":"post","link":"https:\/\/xqthenews.com\/es\/el-gran-apagon-en-espana\/","title":{"rendered":"El gran apag\u00f3n en Espa\u00f1a"},"content":{"rendered":"<p><strong>La normalidad volvi&oacute; poco a poco tras la emergencia. Queda la inc&oacute;gnita sobre qu&eacute; provoc&oacute; que, de repente, se perdieran 15.000 <a class=\"glossaryLink\"  aria-describedby=\"tt\"  data-cmtooltip=\"&lt;div class=glossaryItemTitle&gt;MW&lt;\/div&gt;&lt;div class=glossaryItemBody&gt;&amp;lt;!-- wp:paragraph --&amp;gt;MW significa megavatio, una unidad de potencia equivalente a un mill&oacute;n de vatios. Se usa para medir la producci&oacute;n o consumo de energ&iacute;a a gran escala, como en centrales el&eacute;ctricas o redes el&eacute;ctricas.&amp;lt;br\/&amp;gt;&amp;lt;!-- \/wp:paragraph --&amp;gt;&amp;lt;!-- wp:paragraph --&amp;gt;&amp;lt;br\/&amp;gt;&amp;lt;!-- \/wp:paragraph --&amp;gt;&lt;\/div&gt;&lt;div id=&amp;quot;cmtt_related_articles&amp;quot; class=&amp;quot;cmtt_related_articles_wrapper&amp;quot;&gt;&lt;div class=&amp;quot;cmtt_related_title cmtt_related_articles_title&amp;quot;&gt;Related Articles: &lt;\/div&gt;&lt;ul class=&amp;quot;cmtt_related&amp;quot;&gt;&lt;li class=&amp;quot;cmtt_related_item&amp;quot;&gt;&lt;a href=&amp;quot;https:\/\/xqthenews.com\/es\/el-gran-apagon-en-espana\/&amp;quot;target=&amp;quot;_blank&amp;quot;&gt;El gran apag&oacute;n en Espa&ntilde;a&lt;\/a&gt;&lt;\/li&gt;&lt;\/ul&gt;&lt;\/div&gt;\"  href=\"https:\/\/xqthenews.com\/es\/glossary\/mw\/\"  data-gt-translate-attributes='[{\"attribute\":\"data-cmtooltip\", \"format\":\"html\"}]' tabindex='0' role='link'>MW<\/a> de la energ&iacute;a que se estaba produciendo, el 60% del total. En la memoria personal y colectiva quedar&aacute;n esas horas que mostraron hasta qu&eacute; punto la electricidad est&aacute; presente en nuestras vidas<\/strong>.<\/p>\n\n\n\n<p>Todos los espa&ntilde;oles recordar&aacute;n d&oacute;nde estaban el lunes 28 de abril a las 12:33 del mediod&iacute;a. En el instante del &lsquo;gran apag&oacute;n&rsquo;, una ca&iacute;da del suministro el&eacute;ctrico de dimensiones hist&oacute;ricas. Nunca hab&iacute;a sucedido. De golpe nos quedamos sin conexiones, sin neveras, sin trenes, sin metro, sin sem&aacute;foros, sin pantallas, sin GPS, sin dat&aacute;fonos&hellip; Durante unas horas interminables, la vida dio un salto al pasado. Y cada uno de nosotros tiene su propia historia de esas horas. En algunos casos una historia traum&aacute;tica, como la de los cientos de personas que quedaron atrapadas en ascensores o los miles bloqueados en metros y trenes.<\/p>\n\n\n\n<p>Una vez m&aacute;s, el comportamiento c&iacute;vico de los <a class=\"glossaryLink\" aria-describedby=\"tt\" data-cmtooltip=\"&lt;div class=glossaryItemTitle&gt;Ciudadanos&lt;\/div&gt;&lt;div class=glossaryItemBody&gt;&amp;lt;!-- wp:paragraph --&amp;gt;Un concepto que implica cuestiones relacionadas con los derechos y los deberes, as&iacute; como con las ideas de igualdad, diversidad y justicia social. No s&oacute;lo referido al acto de votar, el concepto de ciudadan&iacute;a incluye todo un conjunto de acciones practicadas por cada persona, con impacto en la vida de la comunidad (local, nacional, regional e internacional), inseparable del espacio p&uacute;blico en el que las personas pueden actuar juntas.&amp;lt;br\/&amp;gt;&amp;lt;!-- \/wp:paragraph --&amp;gt;&amp;lt;!-- wp:paragraph --&amp;gt;(Fuente: CIG &ndash; Comiss&atilde;o para a Cidadania e Igualde de G&eacute;nero)&amp;lt;br\/&amp;gt;&amp;lt;!-- \/wp:paragraph --&amp;gt;&lt;\/div&gt;&lt;div id=&amp;quot;cmtt_related_articles&amp;quot; class=&amp;quot;cmtt_related_articles_wrapper&amp;quot;&gt;&lt;div class=&amp;quot;cmtt_related_title cmtt_related_articles_title&amp;quot;&gt;Related Articles: &lt;\/div&gt;&lt;ul class=&amp;quot;cmtt_related&amp;quot;&gt;&lt;li class=&amp;quot;cmtt_related_item&amp;quot;&gt;&lt;a href=&amp;quot;https:\/\/xqthenews.com\/es\/que-es-el-fascismo\/&amp;quot;target=&amp;quot;_blank&amp;quot;&gt;&iquest;Qu&eacute; es el fascismo?&lt;\/a&gt;&lt;\/li&gt;&lt;li class=&amp;quot;cmtt_related_item&amp;quot;&gt;&lt;a href=&amp;quot;https:\/\/xqthenews.com\/es\/por-que-el-futbol-es-un-fenomeno-global\/&amp;quot;target=&amp;quot;_blank&amp;quot;&gt;&iquest;Por qu&eacute; el f&uacute;tbol es un fen&oacute;meno global?&lt;\/a&gt;&lt;\/li&gt;&lt;li class=&amp;quot;cmtt_related_item&amp;quot;&gt;&lt;a href=&amp;quot;https:\/\/xqthenews.com\/es\/mensaje-en-una-botella-o-los-plasticos-que-nunca-desaparecen\/&amp;quot;target=&amp;quot;_blank&amp;quot;&gt;Mensaje en una botella, o los pl&aacute;sticos que nunca desaparecen&lt;\/a&gt;&lt;\/li&gt;&lt;li class=&amp;quot;cmtt_related_item&amp;quot;&gt;&lt;a href=&amp;quot;https:\/\/xqthenews.com\/es\/apartheid-en-palestina-las-raices-profundas-de-la-guerra\/&amp;quot;target=&amp;quot;_blank&amp;quot;&gt;Apartheid en Palestina, las ra&iacute;ces profundas de la guerra&lt;\/a&gt;&lt;\/li&gt;&lt;li class=&amp;quot;cmtt_related_item&amp;quot;&gt;&lt;a href=&amp;quot;https:\/\/xqthenews.com\/es\/luchar-contra-el-cambio-climatico-tambien-es-combatir-la-desinformacion\/&amp;quot;target=&amp;quot;_blank&amp;quot;&gt;Luchar contra el cambio clim&aacute;tico tambi&eacute;n es combatir la desinformaci&oacute;n&lt;\/a&gt;&lt;\/li&gt;&lt;\/ul&gt;&lt;\/div&gt;\" href=\"https:\/\/xqthenews.com\/es\/glossary\/ciudadania\/\" data-gt-translate-attributes='[{\"attribute\":\"data-cmtooltip\", \"format\":\"html\"}]' tabindex=\"0\" role=\"link\">ciudadanos<\/a> y el buen funcionamiento de los servicios p&uacute;blicos &mdash;desde los bomberos hasta los centros sanitarios, pasando por las escuelas y la protecci&oacute;n civil&mdash; mitigaron el impacto de la emergencia. La radio, en forma de los transistores de toda la vida, volvi&oacute; a demostrar que es un medio de comunicaci&oacute;n esencial en momentos de crisis, cuando todos los dem&aacute;s medios se quedan a oscuras.<\/p>\n\n\n\n<p>En la madrugada del martes 29 de abril, Red El&eacute;ctrica, la empresa p&uacute;blica que gestiona la red de suministro, anunciaba que se hab&iacute;a recuperado m&aacute;s del 90% del servicio. En Catalu&ntilde;a, empez&oacute; a volver a partir de media tarde, como una mancha de aceite desde las comarcas del norte. La recuperaci&oacute;n m&aacute;s lenta es la del servicio ferroviario, la infraestructura m&aacute;s afectada por el gran apag&oacute;n. Miles de viajeros han pasado la noche en las estaciones.<\/p>\n\n\n\n<p>El servicio ferroviario en Barcelona sigue sufriendo muchas incidencias debido a la tensi&oacute;n en la red el&eacute;ctrica. Tras el apag&oacute;n el&eacute;ctrico de ayer lunes, Renfe ten&iacute;a previsto operar hoy con el 60% del servicio de Cercan&iacute;as, aunque con retrasos en algunas l&iacute;neas.<\/p>\n\n\n\n<p>En la ma&ntilde;ana del martes, el gran enigma segu&iacute;a siendo la causa del apag&oacute;n. El presidente del Gobierno, Pedro S&aacute;nchez, admiti&oacute; en las comparecencias tras el corte que a&uacute;n no se conocen las causas exactas de la ca&iacute;da del suministro e insisti&oacute; en que &ldquo;todas las hip&oacute;tesis siguen abiertas&rdquo;. S&aacute;nchez invit&oacute; a la ciudadan&iacute;a &ldquo;a no especular&rdquo;. Por el momento, lo que se sabe es que &ldquo;el apag&oacute;n comenz&oacute; tras una oscilaci&oacute;n muy fuerte en los flujos de potencia&rdquo;, seg&uacute;n explic&oacute; el presidente. Durante cinco segundos desaparecieron de repente 15.000 <a class=\"glossaryLink\"  aria-describedby=\"tt\"  data-cmtooltip=\"&lt;div class=glossaryItemTitle&gt;MW&lt;\/div&gt;&lt;div class=glossaryItemBody&gt;&amp;lt;!-- wp:paragraph --&amp;gt;MW significa megavatio, una unidad de potencia equivalente a un mill&oacute;n de vatios. Se usa para medir la producci&oacute;n o consumo de energ&iacute;a a gran escala, como en centrales el&eacute;ctricas o redes el&eacute;ctricas.&amp;lt;br\/&amp;gt;&amp;lt;!-- \/wp:paragraph --&amp;gt;&amp;lt;!-- wp:paragraph --&amp;gt;&amp;lt;br\/&amp;gt;&amp;lt;!-- \/wp:paragraph --&amp;gt;&lt;\/div&gt;&lt;div id=&amp;quot;cmtt_related_articles&amp;quot; class=&amp;quot;cmtt_related_articles_wrapper&amp;quot;&gt;&lt;div class=&amp;quot;cmtt_related_title cmtt_related_articles_title&amp;quot;&gt;Related Articles: &lt;\/div&gt;&lt;ul class=&amp;quot;cmtt_related&amp;quot;&gt;&lt;li class=&amp;quot;cmtt_related_item&amp;quot;&gt;&lt;a href=&amp;quot;https:\/\/xqthenews.com\/es\/el-gran-apagon-en-espana\/&amp;quot;target=&amp;quot;_blank&amp;quot;&gt;El gran apag&oacute;n en Espa&ntilde;a&lt;\/a&gt;&lt;\/li&gt;&lt;\/ul&gt;&lt;\/div&gt;\"  href=\"https:\/\/xqthenews.com\/es\/glossary\/mw\/\"  data-gt-translate-attributes='[{\"attribute\":\"data-cmtooltip\", \"format\":\"html\"}]' tabindex='0' role='link'>MW<\/a> de la energ&iacute;a que se estaba produciendo, lo que equivale al 60% de la electricidad que se estaba consumiendo en ese momento, seg&uacute;n fuentes de Red El&eacute;ctrica. Esta descomunal p&eacute;rdida de generaci&oacute;n el&eacute;ctrica provoc&oacute; el colapso.<\/p>\n\n\n\n<p>En cuanto a la organizaci&oacute;n de la jornada laboral del martes, el Gobierno recuerda que &ldquo;las personas que no puedan acudir a su centro de trabajo por dificultades en los desplazamientos (por recomendaciones de las autoridades o por la limitaci&oacute;n de cualquier tipo de transporte p&uacute;blico o privado) tienen permisos y derechos garantizados y reconocidos en el Estatuto de los Trabajadores&rdquo;.<\/p>\n\n\n\n<p>El &lsquo;gran apag&oacute;n&rsquo; nos deja una experiencia personal imborrable y una reflexi&oacute;n sobre hasta qu&eacute; punto nuestra vida depende de la electricidad. Los mapas en papel, el dinero en efectivo, los transistores, los tel&eacute;fonos fijos, las linternas&hellip; recuperaron, de golpe, un valor que pens&aacute;bamos que hab&iacute;an perdido. Pero, por encima de todo, la emergencia demostr&oacute; hasta qu&eacute; punto es importante contar con unos servicios p&uacute;blicos eficientes en los momentos dif&iacute;ciles.<\/p>\n\n\n\n<hr class=\"wp-block-separator has-text-color has-vivid-green-cyan-color has-alpha-channel-opacity has-vivid-green-cyan-background-color has-background is-style-wide\">\n\n\n\n<div style=\"height:100px\" aria-hidden=\"true\" class=\"wp-block-spacer\"><\/div>\n\n\n<script type=\"text\/javascript\">\n\/* <![CDATA[ *\/\nvar gform;gform||(document.addEventListener(\"gform_main_scripts_loaded\",function(){gform.scriptsLoaded=!0}),document.addEventListener(\"gform\/theme\/scripts_loaded\",function(){gform.themeScriptsLoaded=!0}),window.addEventListener(\"DOMContentLoaded\",function(){gform.domLoaded=!0}),gform={domLoaded:!1,scriptsLoaded:!1,themeScriptsLoaded:!1,isFormEditor:()=>\"function\"==typeof InitializeEditor,callIfLoaded:function(o){return!(!gform.domLoaded||!gform.scriptsLoaded||!gform.themeScriptsLoaded&&!gform.isFormEditor()||(gform.isFormEditor()&&console.warn(\"The use of gform.initializeOnLoaded() is deprecated in the form editor context and will be removed in Gravity Forms 3.1.\"),o(),0))},initializeOnLoaded:function(o){gform.callIfLoaded(o)||(document.addEventListener(\"gform_main_scripts_loaded\",()=>{gform.scriptsLoaded=!0,gform.callIfLoaded(o)}),document.addEventListener(\"gform\/theme\/scripts_loaded\",()=>{gform.themeScriptsLoaded=!0,gform.callIfLoaded(o)}),window.addEventListener(\"DOMContentLoaded\",()=>{gform.domLoaded=!0,gform.callIfLoaded(o)}))},hooks:{action:{},filter:{}},addAction:function(o,r,e,t){gform.addHook(\"action\",o,r,e,t)},addFilter:function(o,r,e,t){gform.addHook(\"filter\",o,r,e,t)},doAction:function(o){gform.doHook(\"action\",o,arguments)},applyFilters:function(o){return gform.doHook(\"filter\",o,arguments)},removeAction:function(o,r){gform.removeHook(\"action\",o,r)},removeFilter:function(o,r,e){gform.removeHook(\"filter\",o,r,e)},addHook:function(o,r,e,t,n){null==gform.hooks[o][r]&&(gform.hooks[o][r]=[]);var d=gform.hooks[o][r];null==n&&(n=r+\"_\"+d.length),gform.hooks[o][r].push({tag:n,callable:e,priority:t=null==t?10:t})},doHook:function(r,o,e){var t;if(e=Array.prototype.slice.call(e,1),null!=gform.hooks[r][o]&&((o=gform.hooks[r][o]).sort(function(o,r){return o.priority-r.priority}),o.forEach(function(o){\"function\"!=typeof(t=o.callable)&&(t=window[t]),\"action\"==r?t.apply(null,e):e[0]=t.apply(null,e)})),\"filter\"==r)return e[0]},removeHook:function(o,r,t,n){var e;null!=gform.hooks[o][r]&&(e=(e=gform.hooks[o][r]).filter(function(o,r,e){return!!(null!=n&&n!=o.tag||null!=t&&t!=o.priority)}),gform.hooks[o][r]=e)}});\n\/* ]]> *\/\n<\/script>\n\n                <div class=\"gf_browser_gecko gform_wrapper gravity-theme gform-theme--no-framework quiz_wrapper\" data-form-theme=\"gravity-theme\" data-form-index=\"0\" id=\"gform_wrapper_854\"><div id=\"gf_854\" class=\"gform_anchor\" tabindex=\"-1\"><\/div>\n                        <div class=\"gform_heading\">\n                            <h2 class=\"gform_title\">Cuestionario de comprensi&oacute;n lectora. El gran apag&oacute;n en Espa&ntilde;a<\/h2>\n                            <p class=\"gform_description\"><\/p>\n                        <\/div><form method=\"post\" enctype=\"multipart\/form-data\" id=\"gform_854\" class=\"quiz\" action=\"\/es\/wp-json\/wp\/v2\/posts\/29433#gf_854\" data-formid=\"854\" novalidate> \r\n <input type=\"hidden\" class=\"gforms-pum\" value='{\"closepopup\":false,\"closedelay\":0,\"openpopup\":false,\"openpopup_id\":0}'>\n        <div id=\"gf_progressbar_wrapper_854\" class=\"gf_progressbar_wrapper\" data-start-at-zero=\"\">\n        \t<p class=\"gf_progressbar_title\">Paso <span class=\"gf_step_current_page\">1<\/span> de <span class=\"gf_step_page_count\">3<\/span><span class=\"gf_step_page_name\"><\/span>\n        \t<\/p>\n            <div class=\"gf_progressbar gf_progressbar_blue\" aria-hidden=\"true\">\n                <div class=\"gf_progressbar_percentage percentbar_blue percentbar_33\" style=\"width:33%;\"><span>33%<\/span><\/div>\n            <\/div><\/div>\n                        <div class=\"gform-body gform_body\"><div id=\"gform_page_854_1\" class=\"gform_page \" data-js=\"page-field-id-0\">\n\t\t\t\t\t<div class=\"gform_page_fields\"><div id=\"gform_fields_854\" class=\"gform_fields top_label form_sublabel_below description_below validation_below\"><fieldset id=\"field_854_1\" class=\"gfield gfield--type-quiz gfield--type-choice gfield--input-type-radio field_sublabel_below gfield--no-description field_description_below field_validation_below gfield_visibility_visible gquiz-field \" data-field-class=\"gquiz-field\"><legend class=\"gfield_label gform-field-label\">&iquest;Qu&eacute; derechos laborales record&oacute; el Gobierno tras el apag&oacute;n?<\/legend><div class=\"ginput_container ginput_container_radio\"><div class=\"gfield_radio\" id=\"input_854_1\">\n\t\t\t<div class=\"gchoice gchoice_854_1_0\">\n\t\t\t\t\t<input class=\"gfield-choice-input\" name=\"input_1\" type=\"radio\" value=\"gquiz1b2b27084\" id=\"choice_854_1_0\" onchange=\"gformToggleRadioOther( this )\">\n\t\t\t\t\t<label for=\"choice_854_1_0\" id=\"label_854_1_0\" class=\"gform-field-label gform-field-label--type-inline\">El derecho a la baja m&eacute;dica.<\/label>\n\t\t\t<\/div>\n\t\t\t<div class=\"gchoice gchoice_854_1_1\">\n\t\t\t\t\t<input class=\"gfield-choice-input\" name=\"input_1\" type=\"radio\" value=\"gquiz12c53da11\" id=\"choice_854_1_1\" onchange=\"gformToggleRadioOther( this )\">\n\t\t\t\t\t<label for=\"choice_854_1_1\" id=\"label_854_1_1\" class=\"gform-field-label gform-field-label--type-inline\">El derecho a cobrar horas extra.<\/label>\n\t\t\t<\/div>\n\t\t\t<div class=\"gchoice gchoice_854_1_2\">\n\t\t\t\t\t<input class=\"gfield-choice-input\" name=\"input_1\" type=\"radio\" value=\"gquiz1b6725f5d\" id=\"choice_854_1_2\" onchange=\"gformToggleRadioOther( this )\">\n\t\t\t\t\t<label for=\"choice_854_1_2\" id=\"label_854_1_2\" class=\"gform-field-label gform-field-label--type-inline\">El derecho a no acudir al trabajo por falta de transporte.<\/label>\n\t\t\t<\/div><\/div><\/div><\/fieldset><\/div>\n                    <\/div>\n                    <div class=\"gform-page-footer gform_page_footer top_label\">\n                         <input type=\"button\" id=\"gform_next_button_854_5\" class=\"gform_next_button gform-theme-button button\" onclick=\"gform.submission.handleButtonClick(this);\" data-submission-type=\"next\" value=\"Siguiente \"> \n                    <\/div>\n                <\/div>\n                <div id=\"gform_page_854_2\" class=\"gform_page\" data-js=\"page-field-id-5\" style=\"display:none;\">\n                    <div class=\"gform_page_fields\">\n                        <div id=\"gform_fields_854_2\" class=\"gform_fields top_label form_sublabel_below description_below validation_below\"><fieldset id=\"field_854_3\" class=\"gfield gfield--type-quiz gfield--type-choice gfield--input-type-radio gfield--width-full field_sublabel_below gfield--no-description field_description_below field_validation_below gfield_visibility_visible gquiz-field \" data-field-class=\"gquiz-field\"><legend class=\"gfield_label gform-field-label\">&iquest;Qu&eacute; provoc&oacute; el colapso del sistema el&eacute;ctrico, seg&uacute;n Red El&eacute;ctrica?<\/legend><div class=\"ginput_container ginput_container_radio\"><div class=\"gfield_radio\" id=\"input_854_3\">\n\t\t\t<div class=\"gchoice gchoice_854_3_0\">\n\t\t\t\t\t<input class=\"gfield-choice-input\" name=\"input_3\" type=\"radio\" value=\"gquiz3394e91f2\" id=\"choice_854_3_0\" onchange=\"gformToggleRadioOther( this )\">\n\t\t\t\t\t<label for=\"choice_854_3_0\" id=\"label_854_3_0\" class=\"gform-field-label gform-field-label--type-inline\">Una sobrecarga provocada por tormentas.<\/label>\n\t\t\t<\/div>\n\t\t\t<div class=\"gchoice gchoice_854_3_1\">\n\t\t\t\t\t<input class=\"gfield-choice-input\" name=\"input_3\" type=\"radio\" value=\"gquiz3b5aa3d2d\" id=\"choice_854_3_1\" onchange=\"gformToggleRadioOther( this )\">\n\t\t\t\t\t<label for=\"choice_854_3_1\" id=\"label_854_3_1\" class=\"gform-field-label gform-field-label--type-inline\">Una oscilaci&oacute;n que hizo desaparecer de golpe gran parte de la energ&iacute;a.<\/label>\n\t\t\t<\/div>\n\t\t\t<div class=\"gchoice gchoice_854_3_2\">\n\t\t\t\t\t<input class=\"gfield-choice-input\" name=\"input_3\" type=\"radio\" value=\"gquiz3d1b23a18\" id=\"choice_854_3_2\" onchange=\"gformToggleRadioOther( this )\">\n\t\t\t\t\t<label for=\"choice_854_3_2\" id=\"label_854_3_2\" class=\"gform-field-label gform-field-label--type-inline\">Un ciberataque a los servidores de la red.<\/label>\n\t\t\t<\/div><\/div><\/div><\/fieldset><\/div>\n                    <\/div>\n                    <div class=\"gform-page-footer gform_page_footer top_label\">\n                        <input type=\"button\" id=\"gform_previous_button_854_6\" class=\"gform_previous_button gform-theme-button gform-theme-button--secondary button\" onclick=\"gform.submission.handleButtonClick(this);\" data-submission-type=\"previous\" value=\"Anterior\"> <input type=\"button\" id=\"gform_next_button_854_6\" class=\"gform_next_button gform-theme-button button\" onclick=\"gform.submission.handleButtonClick(this);\" data-submission-type=\"next\" value=\"Siguiente \"> \n                    <\/div>\n                <\/div>\n                <div id=\"gform_page_854_3\" class=\"gform_page\" data-js=\"page-field-id-6\" style=\"display:none;\">\n                    <div class=\"gform_page_fields\">\n                        <div id=\"gform_fields_854_3\" class=\"gform_fields top_label form_sublabel_below description_below validation_below\"><fieldset id=\"field_854_4\" class=\"gfield gfield--type-quiz gfield--type-choice gfield--input-type-radio gfield--width-full field_sublabel_below gfield--no-description field_description_below field_validation_below gfield_visibility_visible gquiz-field \" data-field-class=\"gquiz-field\"><legend class=\"gfield_label gform-field-label\">&iquest;Qu&eacute; elementos recuperaron valor durante el apag&oacute;n, seg&uacute;n el texto?<\/legend><div class=\"ginput_container ginput_container_radio\"><div class=\"gfield_radio\" id=\"input_854_4\">\n\t\t\t<div class=\"gchoice gchoice_854_4_0\">\n\t\t\t\t\t<input class=\"gfield-choice-input\" name=\"input_4\" type=\"radio\" value=\"gquiz46a62d494\" id=\"choice_854_4_0\" onchange=\"gformToggleRadioOther( this )\">\n\t\t\t\t\t<label for=\"choice_854_4_0\" id=\"label_854_4_0\" class=\"gform-field-label gform-field-label--type-inline\">Las redes sociales y las plataformas digitales.<\/label>\n\t\t\t<\/div>\n\t\t\t<div class=\"gchoice gchoice_854_4_1\">\n\t\t\t\t\t<input class=\"gfield-choice-input\" name=\"input_4\" type=\"radio\" value=\"gquiz488c89c8f\" id=\"choice_854_4_1\" onchange=\"gformToggleRadioOther( this )\">\n\t\t\t\t\t<label for=\"choice_854_4_1\" id=\"label_854_4_1\" class=\"gform-field-label gform-field-label--type-inline\">Los coches el&eacute;ctricos y los patinetes.<\/label>\n\t\t\t<\/div>\n\t\t\t<div class=\"gchoice gchoice_854_4_2\">\n\t\t\t\t\t<input class=\"gfield-choice-input\" name=\"input_4\" type=\"radio\" value=\"gquiz4054f68d8\" id=\"choice_854_4_2\" onchange=\"gformToggleRadioOther( this )\">\n\t\t\t\t\t<label for=\"choice_854_4_2\" id=\"label_854_4_2\" class=\"gform-field-label gform-field-label--type-inline\">Mapas en papel, dinero en efectivo y tel&eacute;fonos fijos.<\/label>\n\t\t\t<\/div><\/div><\/div><\/fieldset><\/div><\/div>\n        <div class=\"gform-page-footer gform_page_footer top_label\"><input type=\"submit\" id=\"gform_previous_button_854\" class=\"gform_previous_button gform-theme-button gform-theme-button--secondary button\" onclick=\"gform.submission.handleButtonClick(this);\" data-submission-type=\"previous\" value=\"Anterior\"> <input type=\"submit\" id=\"gform_submit_button_854\" class=\"gform_button button\" onclick=\"gform.submission.handleButtonClick(this);\" data-submission-type=\"submit\" value=\"Enviar\"> \n            <input type=\"hidden\" class=\"gform_hidden\" name=\"gform_submission_method\" data-js=\"gform_submission_method_854\" value=\"postback\">\n            <input type=\"hidden\" class=\"gform_hidden\" name=\"gform_theme\" data-js=\"gform_theme_854\" id=\"gform_theme_854\" value=\"gravity-theme\">\n            <input type=\"hidden\" class=\"gform_hidden\" name=\"gform_style_settings\" data-js=\"gform_style_settings_854\" id=\"gform_style_settings_854\" value='{\"inputPrimaryColor\":\"#204ce5\"}'>\n            <input type=\"hidden\" class=\"gform_hidden\" name=\"is_submit_854\" value=\"1\">\n            <input type=\"hidden\" class=\"gform_hidden\" name=\"gform_submit\" value=\"854\">\n            \n            <input type=\"hidden\" class=\"gform_hidden\" name=\"gform_currency\" data-currency=\"EUR\" value=\"9TBx2VanNb4cwARxkwjf2y+e6WP+l7UFLalBAnDebYTMKeTSXaoBRSrwynfHHHruy8DYrG6q6X7jW896yTi1Lkdcyfml2r\/zlUdbijQMUXmEFBA=\">\n            <input type=\"hidden\" class=\"gform_hidden\" name=\"gform_unique_id\" value=\"\">\n            <input type=\"hidden\" class=\"gform_hidden\" name=\"state_854\" value=\"WyJbXSIsIjVlMjNlOGUzOTg5N2RmMzcwZmE1ODRlNDZjZGJmYjNkIl0=\">\n            <input type=\"hidden\" autocomplete=\"off\" class=\"gform_hidden\" name=\"gform_target_page_number_854\" id=\"gform_target_page_number_854\" value=\"2\">\n            <input type=\"hidden\" autocomplete=\"off\" class=\"gform_hidden\" name=\"gform_source_page_number_854\" id=\"gform_source_page_number_854\" value=\"1\">\n            <input type=\"hidden\" name=\"gform_field_values\" value=\"\">\n            \n        <\/div>\n             <\/div><\/div>\n                        <\/form>\n                        <\/div><script type=\"text\/javascript\">\n\/* <![CDATA[ *\/\n gform.initializeOnLoaded( function() {gformInitSpinner( 854, 'https:\/\/xqthenews.com\/wp-content\/plugins\/gravityforms\/images\/spinner.svg', true );jQuery('#gform_ajax_frame_854').on('load',function(){var contents = jQuery(this).contents().find('*').html();var is_postback = contents.indexOf('GF_AJAX_POSTBACK') >= 0;if(!is_postback){return;}var form_content = jQuery(this).contents().find('#gform_wrapper_854');var is_confirmation = jQuery(this).contents().find('#gform_confirmation_wrapper_854').length > 0;var is_redirect = contents.indexOf('gformRedirect(){') >= 0;var is_form = form_content.length > 0 && ! is_redirect && ! is_confirmation;var mt = parseInt(jQuery('html').css('margin-top'), 10) + parseInt(jQuery('body').css('margin-top'), 10) + 100;if(is_form){jQuery('#gform_wrapper_854').html(form_content.html());if(form_content.hasClass('gform_validation_error')){jQuery('#gform_wrapper_854').addClass('gform_validation_error');} else {jQuery('#gform_wrapper_854').removeClass('gform_validation_error');}setTimeout( function() { \/* delay the scroll by 50 milliseconds to fix a bug in chrome *\/ jQuery(document).scrollTop(jQuery('#gform_wrapper_854').offset().top - mt); }, 50 );if(window['gformInitDatepicker']) {gformInitDatepicker();}if(window['gformInitPriceFields']) {gformInitPriceFields();}var current_page = jQuery('#gform_source_page_number_854').val();gformInitSpinner( 854, 'https:\/\/xqthenews.com\/wp-content\/plugins\/gravityforms\/images\/spinner.svg', true );jQuery(document).trigger('gform_page_loaded', [854, current_page]);window['gf_submitting_854'] = false;}else if(!is_redirect){var confirmation_content = jQuery(this).contents().find('.GF_AJAX_POSTBACK').html();if(!confirmation_content){confirmation_content = contents;}jQuery('#gform_wrapper_854').replaceWith(confirmation_content);jQuery(document).scrollTop(jQuery('#gf_854').offset().top - mt);jQuery(document).trigger('gform_confirmation_loaded', [854]);window['gf_submitting_854'] = false;wp.a11y.speak(jQuery('#gform_confirmation_message_854').text());}else{jQuery('#gform_854').append(contents);if(window['gformRedirect']) {gformRedirect();}}jQuery(document).trigger(\"gform_pre_post_render\", [{ formId: \"854\", currentPage: \"current_page\", abort: function() { this.preventDefault(); } }]);        if (event && event.defaultPrevented) {                return;        }        const gformWrapperDiv = document.getElementById( \"gform_wrapper_854\" );        if ( gformWrapperDiv ) {            const visibilitySpan = document.createElement( \"span\" );            visibilitySpan.id = \"gform_visibility_test_854\";            gformWrapperDiv.insertAdjacentElement( \"afterend\", visibilitySpan );        }        const visibilityTestDiv = document.getElementById( \"gform_visibility_test_854\" );        let postRenderFired = false;        function triggerPostRender() {            if ( postRenderFired ) {                return;            }            postRenderFired = true;            gform.core.triggerPostRenderEvents( 854, current_page );            if ( visibilityTestDiv ) {                visibilityTestDiv.parentNode.removeChild( visibilityTestDiv );            }        }        function debounce( func, wait, immediate ) {            var timeout;            return function() {                var context = this, args = arguments;                var later = function() {                    timeout = null;                    if ( !immediate ) func.apply( context, args );                };                var callNow = immediate && !timeout;                clearTimeout( timeout );                timeout = setTimeout( later, wait );                if ( callNow ) func.apply( context, args );            };        }        const debouncedTriggerPostRender = debounce( function() {            triggerPostRender();        }, 200 );        if ( visibilityTestDiv && visibilityTestDiv.offsetParent === null ) {            const observer = new MutationObserver( ( mutations ) => {                mutations.forEach( ( mutation ) => {                    if ( mutation.type === 'attributes' && visibilityTestDiv.offsetParent !== null ) {                        debouncedTriggerPostRender();                        observer.disconnect();                    }                });            });            observer.observe( document.body, {                attributes: true,                childList: false,                subtree: true,                attributeFilter: [ 'style', 'class' ],            });        } else {            triggerPostRender();        }    } );} ); \n\/* ]]> *\/\n<\/script>\n","protected":false},"excerpt":{"rendered":"<p>La normalidad volvi&oacute; poco a poco tras la emergencia. Queda la inc&oacute;gnita sobre qu&eacute; provoc&oacute; que, de repente, se perdieran 15.000 <a class=\"glossaryLink\" aria-describedby=\"tt\" data-cmtooltip=\"&lt;div class=glossaryItemTitle&gt;MW&lt;\/div&gt;&lt;div class=glossaryItemBody&gt;&amp;lt;!-- wp:paragraph --&amp;gt;MW significa megavatio, una unidad de potencia equivalente a un mill&oacute;n de vatios. Se usa para medir la producci&oacute;n o consumo de energ&iacute;a a gran escala, como en centrales el&eacute;ctricas o redes el&eacute;ctricas.&amp;lt;br\/&amp;gt;&amp;lt;!-- \/wp:paragraph --&amp;gt;&amp;lt;!-- wp:paragraph --&amp;gt;&amp;lt;br\/&amp;gt;&amp;lt;!-- \/wp:paragraph --&amp;gt;&lt;\/div&gt;&lt;div id=&amp;quot;cmtt_related_articles&amp;quot; class=&amp;quot;cmtt_related_articles_wrapper&amp;quot;&gt;&lt;div class=&amp;quot;cmtt_related_title cmtt_related_articles_title&amp;quot;&gt;Related Articles: &lt;\/div&gt;&lt;ul class=&amp;quot;cmtt_related&amp;quot;&gt;&lt;li class=&amp;quot;cmtt_related_item&amp;quot;&gt;&lt;a href=&amp;quot;https:\/\/xqthenews.com\/es\/el-gran-apagon-en-espana\/&amp;quot;target=&amp;quot;_blank&amp;quot;&gt;El gran apag&oacute;n en Espa&ntilde;a&lt;\/a&gt;&lt;\/li&gt;&lt;\/ul&gt;&lt;\/div&gt;\" href=\"https:\/\/xqthenews.com\/es\/glossary\/mw\/\" data-gt-translate-attributes='[{\"attribute\":\"data-cmtooltip\", \"format\":\"html\"}]' tabindex=\"0\" role=\"link\">MW<\/a> de la energ&iacute;a que se estaba produciendo, el 60% del total. En la memoria personal y colectiva quedar&aacute;n esas horas que mostraron hasta qu&eacute; punto la electricidad est&aacute; presente en nuestras vidas. Todos<\/p>\n","protected":false},"author":15,"featured_media":29435,"comment_status":"open","ping_status":"open","sticky":false,"template":"","format":"standard","meta":{"_acf_changed":false,"footnotes":""},"categories":[317],"tags":[1184],"coauthors":[72],"class_list":{"0":"post-29433","1":"post","2":"type-post","3":"status-publish","4":"format-standard","5":"has-post-thumbnail","7":"category-politica","8":"tag-apagon-espana"},"acf":[],"yoast_head":"<!-- This site is optimized with the Yoast SEO plugin v27.4 - https:\/\/yoast.com\/product\/yoast-seo-wordpress\/ -->\n<title>El gran apag\u00f3n en Espa\u00f1a - xqthenews<\/title>\n<meta name=\"robots\" content=\"index, follow, max-snippet:-1, max-image-preview:large, max-video-preview:-1\" \/>\n<link rel=\"canonical\" href=\"https:\/\/xqthenews.com\/es\/el-gran-apagon-en-espana\/\" \/>\n<meta property=\"og:locale\" content=\"es_ES\" \/>\n<meta property=\"og:type\" content=\"article\" \/>\n<meta property=\"og:title\" content=\"El gran apag\u00f3n en Espa\u00f1a - xqthenews\" \/>\n<meta property=\"og:description\" content=\"La normalidad volvi&oacute; poco a poco tras la emergencia. Queda la inc&oacute;gnita sobre qu&eacute; provoc&oacute; que, de repente, se perdieran 15.000 MW de la energ&iacute;a que se estaba produciendo, el 60% del total. En la memoria personal y colectiva quedar&aacute;n esas horas que mostraron hasta qu&eacute; punto la electricidad est&aacute; presente en nuestras vidas. Todos\" \/>\n<meta property=\"og:url\" content=\"https:\/\/xqthenews.com\/es\/el-gran-apagon-en-espana\/\" \/>\n<meta property=\"og:site_name\" content=\"xqthenews\" \/>\n<meta property=\"article:published_time\" content=\"2025-05-07T06:22:00+00:00\" \/>\n<meta property=\"og:image\" content=\"https:\/\/xqthenews.com\/wp-content\/uploads\/2025\/05\/Portada.jpg\" \/>\n\t<meta property=\"og:image:width\" content=\"2048\" \/>\n\t<meta property=\"og:image:height\" content=\"1365\" \/>\n\t<meta property=\"og:image:type\" content=\"image\/jpeg\" \/>\n<meta name=\"author\" content=\"Redacci\u00f3n\" \/>\n<meta name=\"twitter:card\" content=\"summary_large_image\" \/>\n<meta name=\"twitter:label1\" content=\"Escrito por\" \/>\n\t<meta name=\"twitter:data1\" content=\"Redacci\u00f3n\" \/>\n\t<meta name=\"twitter:label2\" content=\"Tiempo de lectura\" \/>\n\t<meta name=\"twitter:data2\" content=\"3 minutos\" \/>\n\t<meta name=\"twitter:label3\" content=\"Written by\" \/>\n\t<meta name=\"twitter:data3\" content=\"Redacci\u00f3n\" \/>\n<script type=\"application\/ld+json\" class=\"yoast-schema-graph\">{\"@context\":\"https:\\\/\\\/schema.org\",\"@graph\":[{\"@type\":\"Article\",\"@id\":\"https:\\\/\\\/xqthenews.com\\\/es\\\/el-gran-apagon-en-espana\\\/#article\",\"isPartOf\":{\"@id\":\"https:\\\/\\\/xqthenews.com\\\/es\\\/el-gran-apagon-en-espana\\\/\"},\"author\":{\"name\":\"Redacci\u00f3n\",\"@id\":\"https:\\\/\\\/xqthenews.com\\\/es\\\/#\\\/schema\\\/person\\\/f3be5e6d9c8154bf65749ee40ff13d40\"},\"headline\":\"El gran apag\u00f3n en Espa\u00f1a\",\"datePublished\":\"2025-05-07T06:22:00+00:00\",\"mainEntityOfPage\":{\"@id\":\"https:\\\/\\\/xqthenews.com\\\/es\\\/el-gran-apagon-en-espana\\\/\"},\"wordCount\":667,\"commentCount\":0,\"image\":{\"@id\":\"https:\\\/\\\/xqthenews.com\\\/es\\\/el-gran-apagon-en-espana\\\/#primaryimage\"},\"thumbnailUrl\":\"https:\\\/\\\/xqthenews.com\\\/wp-content\\\/uploads\\\/2025\\\/05\\\/Portada.jpg\",\"keywords\":[\"#apag\u00f3n #espa\u00f1a\"],\"articleSection\":[\"Pol\u00edtica\"],\"inLanguage\":\"es\",\"potentialAction\":[{\"@type\":\"CommentAction\",\"name\":\"Comment\",\"target\":[\"https:\\\/\\\/xqthenews.com\\\/es\\\/el-gran-apagon-en-espana\\\/#respond\"]}]},{\"@type\":\"WebPage\",\"@id\":\"https:\\\/\\\/xqthenews.com\\\/es\\\/el-gran-apagon-en-espana\\\/\",\"url\":\"https:\\\/\\\/xqthenews.com\\\/es\\\/el-gran-apagon-en-espana\\\/\",\"name\":\"El gran apag\u00f3n en Espa\u00f1a - xqthenews\",\"isPartOf\":{\"@id\":\"https:\\\/\\\/xqthenews.com\\\/es\\\/#website\"},\"primaryImageOfPage\":{\"@id\":\"https:\\\/\\\/xqthenews.com\\\/es\\\/el-gran-apagon-en-espana\\\/#primaryimage\"},\"image\":{\"@id\":\"https:\\\/\\\/xqthenews.com\\\/es\\\/el-gran-apagon-en-espana\\\/#primaryimage\"},\"thumbnailUrl\":\"https:\\\/\\\/xqthenews.com\\\/wp-content\\\/uploads\\\/2025\\\/05\\\/Portada.jpg\",\"datePublished\":\"2025-05-07T06:22:00+00:00\",\"author\":{\"@id\":\"https:\\\/\\\/xqthenews.com\\\/es\\\/#\\\/schema\\\/person\\\/f3be5e6d9c8154bf65749ee40ff13d40\"},\"breadcrumb\":{\"@id\":\"https:\\\/\\\/xqthenews.com\\\/es\\\/el-gran-apagon-en-espana\\\/#breadcrumb\"},\"inLanguage\":\"es\",\"potentialAction\":[{\"@type\":\"ReadAction\",\"target\":[\"https:\\\/\\\/xqthenews.com\\\/es\\\/el-gran-apagon-en-espana\\\/\"]}]},{\"@type\":\"ImageObject\",\"inLanguage\":\"es\",\"@id\":\"https:\\\/\\\/xqthenews.com\\\/es\\\/el-gran-apagon-en-espana\\\/#primaryimage\",\"url\":\"https:\\\/\\\/xqthenews.com\\\/wp-content\\\/uploads\\\/2025\\\/05\\\/Portada.jpg\",\"contentUrl\":\"https:\\\/\\\/xqthenews.com\\\/wp-content\\\/uploads\\\/2025\\\/05\\\/Portada.jpg\",\"width\":2048,\"height\":1365,\"caption\":\"Apag\u00f3n general, 28 de abril | Pol Rius\"},{\"@type\":\"BreadcrumbList\",\"@id\":\"https:\\\/\\\/xqthenews.com\\\/es\\\/el-gran-apagon-en-espana\\\/#breadcrumb\",\"itemListElement\":[{\"@type\":\"ListItem\",\"position\":1,\"name\":\"Portada\",\"item\":\"https:\\\/\\\/xqthenews.com\\\/es\\\/\"},{\"@type\":\"ListItem\",\"position\":2,\"name\":\"El gran apag\u00f3n en Espa\u00f1a\"}]},{\"@type\":\"WebSite\",\"@id\":\"https:\\\/\\\/xqthenews.com\\\/es\\\/#website\",\"url\":\"https:\\\/\\\/xqthenews.com\\\/es\\\/\",\"name\":\"xqthenews\",\"description\":\"El porqu\u00e9 de las noticias\",\"potentialAction\":[{\"@type\":\"SearchAction\",\"target\":{\"@type\":\"EntryPoint\",\"urlTemplate\":\"https:\\\/\\\/xqthenews.com\\\/es\\\/?s={search_term_string}\"},\"query-input\":{\"@type\":\"PropertyValueSpecification\",\"valueRequired\":true,\"valueName\":\"search_term_string\"}}],\"inLanguage\":\"es\"},{\"@type\":\"Person\",\"@id\":\"https:\\\/\\\/xqthenews.com\\\/es\\\/#\\\/schema\\\/person\\\/f3be5e6d9c8154bf65749ee40ff13d40\",\"name\":\"Redacci\u00f3n\",\"image\":{\"@type\":\"ImageObject\",\"inLanguage\":\"es\",\"@id\":\"https:\\\/\\\/secure.gravatar.com\\\/avatar\\\/166fa34ade28f01051b021552fbb62c0491752a7b2fb97fc79a7952cb140f2e2?s=96&d=mm&r=gd91ac5233e8cbeeaec8eb828daaa977e\",\"url\":\"https:\\\/\\\/secure.gravatar.com\\\/avatar\\\/166fa34ade28f01051b021552fbb62c0491752a7b2fb97fc79a7952cb140f2e2?s=96&d=mm&r=g\",\"contentUrl\":\"https:\\\/\\\/secure.gravatar.com\\\/avatar\\\/166fa34ade28f01051b021552fbb62c0491752a7b2fb97fc79a7952cb140f2e2?s=96&d=mm&r=g\",\"caption\":\"Redacci\u00f3n\"},\"url\":\"https:\\\/\\\/xqthenews.com\\\/es\\\/author\\\/redaccion\\\/\"}]}<\/script>\n<!-- \/ Yoast SEO plugin. -->","yoast_head_json":{"title":"El gran apag\u00f3n en Espa\u00f1a - xqthenews","robots":{"index":"index","follow":"follow","max-snippet":"max-snippet:-1","max-image-preview":"max-image-preview:large","max-video-preview":"max-video-preview:-1"},"canonical":"https:\/\/xqthenews.com\/es\/el-gran-apagon-en-espana\/","og_locale":"es_ES","og_type":"article","og_title":"El gran apag\u00f3n en Espa\u00f1a - xqthenews","og_description":"La normalidad volvi&oacute; poco a poco tras la emergencia. Queda la inc&oacute;gnita sobre qu&eacute; provoc&oacute; que, de repente, se perdieran 15.000 MW de la energ&iacute;a que se estaba produciendo, el 60% del total. En la memoria personal y colectiva quedar&aacute;n esas horas que mostraron hasta qu&eacute; punto la electricidad est&aacute; presente en nuestras vidas. Todos","og_url":"https:\/\/xqthenews.com\/es\/el-gran-apagon-en-espana\/","og_site_name":"xqthenews","article_published_time":"2025-05-07T06:22:00+00:00","og_image":[{"width":2048,"height":1365,"url":"https:\/\/xqthenews.com\/wp-content\/uploads\/2025\/05\/Portada.jpg","type":"image\/jpeg"}],"author":"Redacci\u00f3n","twitter_card":"summary_large_image","twitter_misc":{"Escrito por":"Redacci\u00f3n","Tiempo de lectura":"3 minutos","Written by":"Redacci\u00f3n"},"schema":{"@context":"https:\/\/schema.org","@graph":[{"@type":"Article","@id":"https:\/\/xqthenews.com\/es\/el-gran-apagon-en-espana\/#article","isPartOf":{"@id":"https:\/\/xqthenews.com\/es\/el-gran-apagon-en-espana\/"},"author":{"name":"Redacci\u00f3n","@id":"https:\/\/xqthenews.com\/es\/#\/schema\/person\/f3be5e6d9c8154bf65749ee40ff13d40"},"headline":"El gran apag\u00f3n en Espa\u00f1a","datePublished":"2025-05-07T06:22:00+00:00","mainEntityOfPage":{"@id":"https:\/\/xqthenews.com\/es\/el-gran-apagon-en-espana\/"},"wordCount":667,"commentCount":0,"image":{"@id":"https:\/\/xqthenews.com\/es\/el-gran-apagon-en-espana\/#primaryimage"},"thumbnailUrl":"https:\/\/xqthenews.com\/wp-content\/uploads\/2025\/05\/Portada.jpg","keywords":["#apag\u00f3n #espa\u00f1a"],"articleSection":["Pol\u00edtica"],"inLanguage":"es","potentialAction":[{"@type":"CommentAction","name":"Comment","target":["https:\/\/xqthenews.com\/es\/el-gran-apagon-en-espana\/#respond"]}]},{"@type":"WebPage","@id":"https:\/\/xqthenews.com\/es\/el-gran-apagon-en-espana\/","url":"https:\/\/xqthenews.com\/es\/el-gran-apagon-en-espana\/","name":"El gran apag\u00f3n en Espa\u00f1a - xqthenews","isPartOf":{"@id":"https:\/\/xqthenews.com\/es\/#website"},"primaryImageOfPage":{"@id":"https:\/\/xqthenews.com\/es\/el-gran-apagon-en-espana\/#primaryimage"},"image":{"@id":"https:\/\/xqthenews.com\/es\/el-gran-apagon-en-espana\/#primaryimage"},"thumbnailUrl":"https:\/\/xqthenews.com\/wp-content\/uploads\/2025\/05\/Portada.jpg","datePublished":"2025-05-07T06:22:00+00:00","author":{"@id":"https:\/\/xqthenews.com\/es\/#\/schema\/person\/f3be5e6d9c8154bf65749ee40ff13d40"},"breadcrumb":{"@id":"https:\/\/xqthenews.com\/es\/el-gran-apagon-en-espana\/#breadcrumb"},"inLanguage":"es","potentialAction":[{"@type":"ReadAction","target":["https:\/\/xqthenews.com\/es\/el-gran-apagon-en-espana\/"]}]},{"@type":"ImageObject","inLanguage":"es","@id":"https:\/\/xqthenews.com\/es\/el-gran-apagon-en-espana\/#primaryimage","url":"https:\/\/xqthenews.com\/wp-content\/uploads\/2025\/05\/Portada.jpg","contentUrl":"https:\/\/xqthenews.com\/wp-content\/uploads\/2025\/05\/Portada.jpg","width":2048,"height":1365,"caption":"Apag\u00f3n general, 28 de abril | Pol Rius"},{"@type":"BreadcrumbList","@id":"https:\/\/xqthenews.com\/es\/el-gran-apagon-en-espana\/#breadcrumb","itemListElement":[{"@type":"ListItem","position":1,"name":"Portada","item":"https:\/\/xqthenews.com\/es\/"},{"@type":"ListItem","position":2,"name":"El gran apag\u00f3n en Espa\u00f1a"}]},{"@type":"WebSite","@id":"https:\/\/xqthenews.com\/es\/#website","url":"https:\/\/xqthenews.com\/es\/","name":"xqthenews","description":"El porqu\u00e9 de las noticias","potentialAction":[{"@type":"SearchAction","target":{"@type":"EntryPoint","urlTemplate":"https:\/\/xqthenews.com\/es\/?s={search_term_string}"},"query-input":{"@type":"PropertyValueSpecification","valueRequired":true,"valueName":"search_term_string"}}],"inLanguage":"es"},{"@type":"Person","@id":"https:\/\/xqthenews.com\/es\/#\/schema\/person\/f3be5e6d9c8154bf65749ee40ff13d40","name":"Redacci\u00f3n","image":{"@type":"ImageObject","inLanguage":"es","@id":"https:\/\/secure.gravatar.com\/avatar\/166fa34ade28f01051b021552fbb62c0491752a7b2fb97fc79a7952cb140f2e2?s=96&d=mm&r=gd91ac5233e8cbeeaec8eb828daaa977e","url":"https:\/\/secure.gravatar.com\/avatar\/166fa34ade28f01051b021552fbb62c0491752a7b2fb97fc79a7952cb140f2e2?s=96&d=mm&r=g","contentUrl":"https:\/\/secure.gravatar.com\/avatar\/166fa34ade28f01051b021552fbb62c0491752a7b2fb97fc79a7952cb140f2e2?s=96&d=mm&r=g","caption":"Redacci\u00f3n"},"url":"https:\/\/xqthenews.com\/es\/author\/redaccion\/"}]}},"_links":{"self":[{"href":"https:\/\/xqthenews.com\/es\/wp-json\/wp\/v2\/posts\/29433","targetHints":{"allow":["GET"]}}],"collection":[{"href":"https:\/\/xqthenews.com\/es\/wp-json\/wp\/v2\/posts"}],"about":[{"href":"https:\/\/xqthenews.com\/es\/wp-json\/wp\/v2\/types\/post"}],"author":[{"embeddable":true,"href":"https:\/\/xqthenews.com\/es\/wp-json\/wp\/v2\/users\/15"}],"replies":[{"embeddable":true,"href":"https:\/\/xqthenews.com\/es\/wp-json\/wp\/v2\/comments?post=29433"}],"version-history":[{"count":1,"href":"https:\/\/xqthenews.com\/es\/wp-json\/wp\/v2\/posts\/29433\/revisions"}],"predecessor-version":[{"id":29434,"href":"https:\/\/xqthenews.com\/es\/wp-json\/wp\/v2\/posts\/29433\/revisions\/29434"}],"wp:featuredmedia":[{"embeddable":true,"href":"https:\/\/xqthenews.com\/es\/wp-json\/wp\/v2\/media\/29435"}],"wp:attachment":[{"href":"https:\/\/xqthenews.com\/es\/wp-json\/wp\/v2\/media?parent=29433"}],"wp:term":[{"taxonomy":"category","embeddable":true,"href":"https:\/\/xqthenews.com\/es\/wp-json\/wp\/v2\/categories?post=29433"},{"taxonomy":"post_tag","embeddable":true,"href":"https:\/\/xqthenews.com\/es\/wp-json\/wp\/v2\/tags?post=29433"},{"taxonomy":"author","embeddable":true,"href":"https:\/\/xqthenews.com\/es\/wp-json\/wp\/v2\/coauthors?post=29433"}],"curies":[{"name":"wp","href":"https:\/\/api.w.org\/{rel}","templated":true}]}}