{"id":29380,"date":"2025-04-30T07:41:05","date_gmt":"2025-04-30T06:41:05","guid":{"rendered":"https:\/\/xqthenews.com\/?p=29380"},"modified":"2025-04-30T07:41:05","modified_gmt":"2025-04-30T06:41:05","slug":"transicion-energetica-y-justicia-social-quien-paga-el-precio","status":"publish","type":"post","link":"https:\/\/xqthenews.com\/es\/transicion-energetica-y-justicia-social-quien-paga-el-precio\/","title":{"rendered":"Transici\u00f3n energ\u00e9tica y justicia social: \u00bfqui\u00e9n paga el precio?"},"content":{"rendered":"<p><strong>La <a class=\"glossaryLink\" aria-describedby=\"tt\" data-cmtooltip=\"&lt;div class=glossaryItemTitle&gt;Transici&oacute;n Energ&eacute;tica&lt;\/div&gt;&lt;div class=glossaryItemBody&gt;&amp;lt;!-- wp:paragraph --&amp;gt;La transici&oacute;n energ&eacute;tica se define como un conjunto de cambios en los modelos de producci&oacute;n, distribuci&oacute;n y consumo de energ&iacute;a para lograr una mayor sostenibilidad. El objetivo de este proceso es transformar el actual sistema energ&eacute;tico basado en los combustibles f&oacute;siles en un modelo el&eacute;ctrico basado en las energ&iacute;as renovables y otras formas de reducci&oacute;n de emisiones.&amp;lt;br\/&amp;gt;&amp;lt;!-- \/wp:paragraph --&amp;gt;&amp;lt;!-- wp:paragraph --&amp;gt;(Fuente: Iberdrola)&amp;lt;br\/&amp;gt;&amp;lt;!-- \/wp:paragraph --&amp;gt;&lt;\/div&gt;&lt;div id=&amp;quot;cmtt_related_articles&amp;quot; class=&amp;quot;cmtt_related_articles_wrapper&amp;quot;&gt;&lt;div class=&amp;quot;cmtt_related_title cmtt_related_articles_title&amp;quot;&gt;Related Articles: &lt;\/div&gt;&lt;ul class=&amp;quot;cmtt_related&amp;quot;&gt;&lt;li class=&amp;quot;cmtt_related_item&amp;quot;&gt;&lt;a href=&amp;quot;https:\/\/xqthenews.com\/es\/cop-28-y-la-participacion-de-los-jovenes-en-el-desafio-climatico\/&amp;quot;target=&amp;quot;_blank&amp;quot;&gt;COP 28 y la participaci&oacute;n de los j&oacute;venes en el desaf&iacute;o clim&agrave;tico&lt;\/a&gt;&lt;\/li&gt;&lt;li class=&amp;quot;cmtt_related_item&amp;quot;&gt;&lt;a href=&amp;quot;https:\/\/xqthenews.com\/es\/estamos-aun-a-tiempo-de-salvar-el-planeta\/&amp;quot;target=&amp;quot;_blank&amp;quot;&gt;&iquest;Estamos a&uacute;n a tiempo de salvar el planeta?&lt;\/a&gt;&lt;\/li&gt;&lt;li class=&amp;quot;cmtt_related_item&amp;quot;&gt;&lt;a href=&amp;quot;https:\/\/xqthenews.com\/es\/justicia-climatica-global-el-papel-de-los-jovenes-en-la-lucha-por-mas-financiacion\/&amp;quot;target=&amp;quot;_blank&amp;quot;&gt;Justicia clim&aacute;tica global: el papel de los j&oacute;venes en la lucha por m&aacute;s financiaci&oacute;n&lt;\/a&gt;&lt;\/li&gt;&lt;li class=&amp;quot;cmtt_related_item&amp;quot;&gt;&lt;a href=&amp;quot;https:\/\/xqthenews.com\/es\/aceleradores-y-riesgos-de-la-transicion-energetica-en-europa\/&amp;quot;target=&amp;quot;_blank&amp;quot;&gt;Aceleradores y riesgos de la transici&oacute;n energ&eacute;tica en Europa&lt;\/a&gt;&lt;\/li&gt;&lt;li class=&amp;quot;cmtt_related_item&amp;quot;&gt;&lt;a href=&amp;quot;https:\/\/xqthenews.com\/es\/glossary\/produccion-descentralizada\/&amp;quot;target=&amp;quot;_blank&amp;quot;&gt;Glossary:  Producci&oacute;n descentralizada&lt;\/a&gt;&lt;\/li&gt;&lt;\/ul&gt;&lt;\/div&gt;\" href=\"https:\/\/xqthenews.com\/es\/glossary\/transicion-energetica\/\" data-gt-translate-attributes='[{\"attribute\":\"data-cmtooltip\", \"format\":\"html\"}]' tabindex=\"0\" role=\"link\">transici&oacute;n energ&eacute;tica<\/a> es esencial para combatir el <a class=\"glossaryLink\" aria-describedby=\"tt\" data-cmtooltip=\"&lt;div class=glossaryItemTitle&gt;Cambio clim&aacute;tico&lt;\/div&gt;&lt;div class=glossaryItemBody&gt;&amp;lt;!-- wp:paragraph --&amp;gt;Causado por el calentamiento global, el cambio clim&aacute;tico se refiere a las variaciones en los patrones clim&aacute;ticos a largo plazo en la Tierra, como la temperatura, el nivel del mar y las precipitaciones.&amp;lt;br\/&amp;gt;&amp;lt;!-- \/wp:paragraph --&amp;gt;&amp;lt;!-- wp:paragraph --&amp;gt;&amp;lt;em&amp;gt;(Fuente: European Youth Portal)&amp;lt;\/em&amp;gt;&amp;lt;br\/&amp;gt;&amp;lt;!-- \/wp:paragraph --&amp;gt;&lt;\/div&gt;&lt;div id=&amp;quot;cmtt_related_articles&amp;quot; class=&amp;quot;cmtt_related_articles_wrapper&amp;quot;&gt;&lt;div class=&amp;quot;cmtt_related_title cmtt_related_articles_title&amp;quot;&gt;Related Articles: &lt;\/div&gt;&lt;ul class=&amp;quot;cmtt_related&amp;quot;&gt;&lt;li class=&amp;quot;cmtt_related_item&amp;quot;&gt;&lt;a href=&amp;quot;https:\/\/xqthenews.com\/es\/economia-circular-materia-organica-en-el-pasado-el-presente-y-el-futuro\/&amp;quot;target=&amp;quot;_blank&amp;quot;&gt;Econom&iacute;a circular: materia org&aacute;nica en el pasado, el presente y el futuro&lt;\/a&gt;&lt;\/li&gt;&lt;li class=&amp;quot;cmtt_related_item&amp;quot;&gt;&lt;a href=&amp;quot;https:\/\/xqthenews.com\/es\/emergencia-climatica-y-retos-sanitarios\/&amp;quot;target=&amp;quot;_blank&amp;quot;&gt;Emergencia clim&aacute;tica y retos sanitarios&lt;\/a&gt;&lt;\/li&gt;&lt;li class=&amp;quot;cmtt_related_item&amp;quot;&gt;&lt;a href=&amp;quot;https:\/\/xqthenews.com\/es\/portugal-entre-los-paises-europeos-mas-afectados-por-los-fenomenos-meteorologicos-extremos\/&amp;quot;target=&amp;quot;_blank&amp;quot;&gt;Portugal entre los pa&iacute;ses europeos m&aacute;s afectados por los fen&oacute;menos meteorol&oacute;gicos extremos&lt;\/a&gt;&lt;\/li&gt;&lt;li class=&amp;quot;cmtt_related_item&amp;quot;&gt;&lt;a href=&amp;quot;https:\/\/xqthenews.com\/es\/ley-de-restauracion-de-la-naturaleza-como-se-propone-restaurar-los-ecosistemas-europeos\/&amp;quot;target=&amp;quot;_blank&amp;quot;&gt;Ley de Restauraci&oacute;n de la Naturaleza: &iquest;C&oacute;mo se propone restaurar los ecosistemas europeos?&lt;\/a&gt;&lt;\/li&gt;&lt;li class=&amp;quot;cmtt_related_item&amp;quot;&gt;&lt;a href=&amp;quot;https:\/\/xqthenews.com\/es\/glossary\/descarbonizacion\/&amp;quot;target=&amp;quot;_blank&amp;quot;&gt;Glossary:  Descarbonizaci&oacute;n&lt;\/a&gt;&lt;\/li&gt;&lt;\/ul&gt;&lt;\/div&gt;\" href=\"https:\/\/xqthenews.com\/es\/glossary\/cambio-climatico\/\" data-gt-translate-attributes='[{\"attribute\":\"data-cmtooltip\", \"format\":\"html\"}]' tabindex=\"0\" role=\"link\">cambio clim&aacute;tico<\/a> y promover un futuro sostenible. Sin embargo, este proceso plantea cuestiones de <a class=\"glossaryLink\" aria-describedby=\"tt\" data-cmtooltip=\"&lt;div class=glossaryItemTitle&gt;Justicia social&lt;\/div&gt;&lt;div class=glossaryItemBody&gt;&amp;lt;!-- wp:paragraph --&amp;gt;El concepto de justicia social surgi&oacute; a mediados del siglo XIX para referirse a la necesidad de lograr una distribuci&oacute;n equitativa de los bienes sociales. En una sociedad donde hay justicia social, se respetan los derechos humanos y las clases sociales m&aacute;s desfavorecidas tienen oportunidades de desarrollo.&amp;lt;br\/&amp;gt;&amp;lt;!-- \/wp:paragraph --&amp;gt;&amp;lt;!-- wp:paragraph --&amp;gt;(Fuente: Conceito.de)&amp;lt;br\/&amp;gt;&amp;lt;!-- \/wp:paragraph --&amp;gt;&lt;\/div&gt;&lt;div id=&amp;quot;cmtt_related_articles&amp;quot; class=&amp;quot;cmtt_related_articles_wrapper&amp;quot;&gt;&lt;div class=&amp;quot;cmtt_related_title cmtt_related_articles_title&amp;quot;&gt;Related Articles: &lt;\/div&gt;&lt;ul class=&amp;quot;cmtt_related&amp;quot;&gt;&lt;li class=&amp;quot;cmtt_related_item&amp;quot;&gt;&lt;a href=&amp;quot;https:\/\/xqthenews.com\/es\/transicion-energetica-y-justicia-social-quien-paga-el-precio\/&amp;quot;target=&amp;quot;_blank&amp;quot;&gt;Transici&oacute;n energ&eacute;tica y justicia social: &iquest;qui&eacute;n paga el precio?&lt;\/a&gt;&lt;\/li&gt;&lt;li class=&amp;quot;cmtt_related_item&amp;quot;&gt;&lt;a href=&amp;quot;https:\/\/xqthenews.com\/es\/mujeres-y-poder-avances-pero-la-igualdad-sigue-siendo-un-objetivo-lejano\/&amp;quot;target=&amp;quot;_blank&amp;quot;&gt;Mujeres y poder: avances, pero la igualdad sigue siendo un objetivo lejano&lt;\/a&gt;&lt;\/li&gt;&lt;\/ul&gt;&lt;\/div&gt;\" href=\"https:\/\/xqthenews.com\/es\/glossary\/justicia-social\/\" data-gt-translate-attributes='[{\"attribute\":\"data-cmtooltip\", \"format\":\"html\"}]' tabindex=\"0\" role=\"link\">justicia social<\/a>, concretamente sobre qui&eacute;n recaen los costes y qui&eacute;n se beneficia de los cambios<\/strong>.<\/p>\n\n\n\n<p>En este art&iacute;culo exploraremos el aumento de la <a class=\"glossaryLink\" aria-describedby=\"tt\" data-cmtooltip=\"&lt;div class=glossaryItemTitle&gt;Pobreza energ&eacute;tica&lt;\/div&gt;&lt;div class=glossaryItemBody&gt;&amp;lt;!-- wp:paragraph --&amp;gt;La definici&oacute;n de Pobreza Energ&eacute;tica no fue consensuada en la UE, ya que varios Estados miembros adoptaron una definici&oacute;n diferente teniendo en cuenta su realidad nacional.&amp;lt;br\/&amp;gt;&amp;lt;!-- \/wp:paragraph --&amp;gt;&amp;lt;!-- wp:paragraph --&amp;gt;Sin embargo, en la Directiva (UE) 2023\/1791 del Parlamento Europeo y del Consejo, de 13 de septiembre, relativa a la eficiencia energ&eacute;tica, se estableci&oacute; por primera vez una definici&oacute;n com&uacute;n de Pobreza Energ&eacute;tica:&amp;lt;br\/&amp;gt;&amp;lt;!-- \/wp:paragraph --&amp;gt;&amp;lt;!-- wp:paragraph --&amp;gt;&laquo;la falta de acceso de un hogar a los servicios energ&eacute;ticos esenciales, cuando dichos servicios proporcionan un nivel de vida y de salud b&aacute;sico y digno, incluidos calefacci&oacute;n, agua caliente, refrigeraci&oacute;n e iluminaci&oacute;n adecuados y la energ&iacute;a necesaria para los electrodom&eacute;sticos, teniendo en cuenta el contexto nacional, la pol&iacute;tica social y otras pol&iacute;ticas nacionales pertinentes, causada por una combinaci&oacute;n de factores, entre los que se incluyen, como m&iacute;nimo, la falta de asequibilidad, una renta disponible insuficiente, un gasto energ&eacute;tico elevado y una escasa eficiencia energ&eacute;tica de las viviendas.&raquo;&amp;lt;br\/&amp;gt;&amp;lt;!-- \/wp:paragraph --&amp;gt;&amp;lt;!-- wp:paragraph --&amp;gt;(Fuente: Dgeg)&amp;lt;br\/&amp;gt;&amp;lt;!-- \/wp:paragraph --&amp;gt;&lt;\/div&gt;&lt;div id=&amp;quot;cmtt_related_articles&amp;quot; class=&amp;quot;cmtt_related_articles_wrapper&amp;quot;&gt;&lt;div class=&amp;quot;cmtt_related_title cmtt_related_articles_title&amp;quot;&gt;Related Articles: &lt;\/div&gt;&lt;ul class=&amp;quot;cmtt_related&amp;quot;&gt;&lt;li class=&amp;quot;cmtt_related_item&amp;quot;&gt;&lt;a href=&amp;quot;https:\/\/xqthenews.com\/es\/transicion-energetica-y-justicia-social-quien-paga-el-precio\/&amp;quot;target=&amp;quot;_blank&amp;quot;&gt;Transici&oacute;n energ&eacute;tica y justicia social: &iquest;qui&eacute;n paga el precio?&lt;\/a&gt;&lt;\/li&gt;&lt;\/ul&gt;&lt;\/div&gt;\" href=\"https:\/\/xqthenews.com\/es\/glossary\/pobreza-energetica\/\" data-gt-translate-attributes='[{\"attribute\":\"data-cmtooltip\", \"format\":\"html\"}]' tabindex=\"0\" role=\"link\">pobreza energ&eacute;tica<\/a> frente a los incentivos a la <a class=\"glossaryLink\" aria-describedby=\"tt\" data-cmtooltip=\"&lt;div class=glossaryItemTitle&gt;Producci&oacute;n descentralizada&lt;\/div&gt;&lt;div class=glossaryItemBody&gt;&amp;lt;!-- wp:paragraph --&amp;gt;La producci&oacute;n descentralizada se refiere a los sistemas de producci&oacute;n que tienen lugar cerca de los lugares de consumo, en lugar de estar centralizados en un &uacute;nico lugar. Esto puede incluir la producci&oacute;n de energ&iacute;a, como la instalaci&oacute;n de sistemas fotovoltaicos en los edificios, donde la energ&iacute;a se genera localmente y se consume en el mismo lugar o en las proximidades.&amp;lt;br\/&amp;gt;&amp;lt;!-- \/wp:paragraph --&amp;gt;&amp;lt;!-- wp:paragraph --&amp;gt;Adem&aacute;s, la producci&oacute;n descentralizada se considera un pilar para la transici&oacute;n energ&eacute;tica, ya que promueve un sistema m&aacute;s sostenible y resistente. Este enfoque tambi&eacute;n puede aplicarse en contextos de fabricaci&oacute;n, donde la producci&oacute;n de piezas se distribuye entre varios lugares.&amp;lt;br\/&amp;gt;&amp;lt;!-- \/wp:paragraph --&amp;gt;&amp;lt;!-- wp:paragraph --&amp;gt;(Fuente: Dgeg)&amp;lt;br\/&amp;gt;&amp;lt;!-- \/wp:paragraph --&amp;gt;&lt;\/div&gt;&lt;div id=&amp;quot;cmtt_related_articles&amp;quot; class=&amp;quot;cmtt_related_articles_wrapper&amp;quot;&gt;&lt;div class=&amp;quot;cmtt_related_title cmtt_related_articles_title&amp;quot;&gt;Related Articles: &lt;\/div&gt;&lt;ul class=&amp;quot;cmtt_related&amp;quot;&gt;&lt;li class=&amp;quot;cmtt_related_item&amp;quot;&gt;&lt;a href=&amp;quot;https:\/\/xqthenews.com\/es\/transicion-energetica-y-justicia-social-quien-paga-el-precio\/&amp;quot;target=&amp;quot;_blank&amp;quot;&gt;Transici&oacute;n energ&eacute;tica y justicia social: &iquest;qui&eacute;n paga el precio?&lt;\/a&gt;&lt;\/li&gt;&lt;\/ul&gt;&lt;\/div&gt;\" href=\"https:\/\/xqthenews.com\/es\/glossary\/produccion-descentralizada\/\" data-gt-translate-attributes='[{\"attribute\":\"data-cmtooltip\", \"format\":\"html\"}]' tabindex=\"0\" role=\"link\">producci&oacute;n descentralizada<\/a>, el papel de las comunidades energ&eacute;ticas y los retos de las desigualdades territoriales, destacando la importancia de la participaci&oacute;n de los j&oacute;venes en la promoci&oacute;n de soluciones justas y sostenibles.<\/p>\n\n\n\n<p>La transici&oacute;n hacia fuentes de energ&iacute;a renovables puede, parad&oacute;jicamente, agravar la <a class=\"glossaryLink\" aria-describedby=\"tt\" data-cmtooltip=\"&lt;div class=glossaryItemTitle&gt;Pobreza energ&eacute;tica&lt;\/div&gt;&lt;div class=glossaryItemBody&gt;&amp;lt;!-- wp:paragraph --&amp;gt;La definici&oacute;n de Pobreza Energ&eacute;tica no fue consensuada en la UE, ya que varios Estados miembros adoptaron una definici&oacute;n diferente teniendo en cuenta su realidad nacional.&amp;lt;br\/&amp;gt;&amp;lt;!-- \/wp:paragraph --&amp;gt;&amp;lt;!-- wp:paragraph --&amp;gt;Sin embargo, en la Directiva (UE) 2023\/1791 del Parlamento Europeo y del Consejo, de 13 de septiembre, relativa a la eficiencia energ&eacute;tica, se estableci&oacute; por primera vez una definici&oacute;n com&uacute;n de Pobreza Energ&eacute;tica:&amp;lt;br\/&amp;gt;&amp;lt;!-- \/wp:paragraph --&amp;gt;&amp;lt;!-- wp:paragraph --&amp;gt;&laquo;la falta de acceso de un hogar a los servicios energ&eacute;ticos esenciales, cuando dichos servicios proporcionan un nivel de vida y de salud b&aacute;sico y digno, incluidos calefacci&oacute;n, agua caliente, refrigeraci&oacute;n e iluminaci&oacute;n adecuados y la energ&iacute;a necesaria para los electrodom&eacute;sticos, teniendo en cuenta el contexto nacional, la pol&iacute;tica social y otras pol&iacute;ticas nacionales pertinentes, causada por una combinaci&oacute;n de factores, entre los que se incluyen, como m&iacute;nimo, la falta de asequibilidad, una renta disponible insuficiente, un gasto energ&eacute;tico elevado y una escasa eficiencia energ&eacute;tica de las viviendas.&raquo;&amp;lt;br\/&amp;gt;&amp;lt;!-- \/wp:paragraph --&amp;gt;&amp;lt;!-- wp:paragraph --&amp;gt;(Fuente: Dgeg)&amp;lt;br\/&amp;gt;&amp;lt;!-- \/wp:paragraph --&amp;gt;&lt;\/div&gt;&lt;div id=&amp;quot;cmtt_related_articles&amp;quot; class=&amp;quot;cmtt_related_articles_wrapper&amp;quot;&gt;&lt;div class=&amp;quot;cmtt_related_title cmtt_related_articles_title&amp;quot;&gt;Related Articles: &lt;\/div&gt;&lt;ul class=&amp;quot;cmtt_related&amp;quot;&gt;&lt;li class=&amp;quot;cmtt_related_item&amp;quot;&gt;&lt;a href=&amp;quot;https:\/\/xqthenews.com\/es\/transicion-energetica-y-justicia-social-quien-paga-el-precio\/&amp;quot;target=&amp;quot;_blank&amp;quot;&gt;Transici&oacute;n energ&eacute;tica y justicia social: &iquest;qui&eacute;n paga el precio?&lt;\/a&gt;&lt;\/li&gt;&lt;\/ul&gt;&lt;\/div&gt;\" href=\"https:\/\/xqthenews.com\/es\/glossary\/pobreza-energetica\/\" data-gt-translate-attributes='[{\"attribute\":\"data-cmtooltip\", \"format\":\"html\"}]' tabindex=\"0\" role=\"link\">pobreza energ&eacute;tica<\/a> si los costes se repercuten en los consumidores finales, especialmente en los m&aacute;s vulnerables.<\/p>\n\n\n\n<p>La implantaci&oacute;n de tecnolog&iacute;as limpias requiere importantes inversiones y, sin pol&iacute;ticas adecuadas, la carga financiera puede recaer de forma desproporcionada en los hogares con bajos ingresos.<\/p>\n\n\n\n<p>Por otro lado, los incentivos a la <a class=\"glossaryLink\" aria-describedby=\"tt\" data-cmtooltip=\"&lt;div class=glossaryItemTitle&gt;Producci&oacute;n descentralizada&lt;\/div&gt;&lt;div class=glossaryItemBody&gt;&amp;lt;!-- wp:paragraph --&amp;gt;La producci&oacute;n descentralizada se refiere a los sistemas de producci&oacute;n que tienen lugar cerca de los lugares de consumo, en lugar de estar centralizados en un &uacute;nico lugar. Esto puede incluir la producci&oacute;n de energ&iacute;a, como la instalaci&oacute;n de sistemas fotovoltaicos en los edificios, donde la energ&iacute;a se genera localmente y se consume en el mismo lugar o en las proximidades.&amp;lt;br\/&amp;gt;&amp;lt;!-- \/wp:paragraph --&amp;gt;&amp;lt;!-- wp:paragraph --&amp;gt;Adem&aacute;s, la producci&oacute;n descentralizada se considera un pilar para la transici&oacute;n energ&eacute;tica, ya que promueve un sistema m&aacute;s sostenible y resistente. Este enfoque tambi&eacute;n puede aplicarse en contextos de fabricaci&oacute;n, donde la producci&oacute;n de piezas se distribuye entre varios lugares.&amp;lt;br\/&amp;gt;&amp;lt;!-- \/wp:paragraph --&amp;gt;&amp;lt;!-- wp:paragraph --&amp;gt;(Fuente: Dgeg)&amp;lt;br\/&amp;gt;&amp;lt;!-- \/wp:paragraph --&amp;gt;&lt;\/div&gt;&lt;div id=&amp;quot;cmtt_related_articles&amp;quot; class=&amp;quot;cmtt_related_articles_wrapper&amp;quot;&gt;&lt;div class=&amp;quot;cmtt_related_title cmtt_related_articles_title&amp;quot;&gt;Related Articles: &lt;\/div&gt;&lt;ul class=&amp;quot;cmtt_related&amp;quot;&gt;&lt;li class=&amp;quot;cmtt_related_item&amp;quot;&gt;&lt;a href=&amp;quot;https:\/\/xqthenews.com\/es\/transicion-energetica-y-justicia-social-quien-paga-el-precio\/&amp;quot;target=&amp;quot;_blank&amp;quot;&gt;Transici&oacute;n energ&eacute;tica y justicia social: &iquest;qui&eacute;n paga el precio?&lt;\/a&gt;&lt;\/li&gt;&lt;\/ul&gt;&lt;\/div&gt;\" href=\"https:\/\/xqthenews.com\/es\/glossary\/produccion-descentralizada\/\" data-gt-translate-attributes='[{\"attribute\":\"data-cmtooltip\", \"format\":\"html\"}]' tabindex=\"0\" role=\"link\">producci&oacute;n descentralizada<\/a> de energ&iacute;a, como el autoconsumo y las comunidades energ&eacute;ticas, ofrecen oportunidades para reducir costes y aumentar la autonom&iacute;a energ&eacute;tica de los consumidores. En Portugal, el Decreto-Lei n.&ordm; 162\/2019, modificado por el Decreto-Lei n.&ordm; 15\/2022, establece el marco legal para la creaci&oacute;n de comunidades de <a class=\"glossaryLink\" aria-describedby=\"tt\" data-cmtooltip=\"&lt;div class=glossaryItemTitle&gt;Energ&iacute;a renovable&lt;\/div&gt;&lt;div class=glossaryItemBody&gt;&amp;lt;!-- wp:paragraph --&amp;gt;Energ&iacute;a que procede de fuentes naturales inagotables o que tiene la capacidad de regenerarse en poco tiempo y es &amp;quot;respetuosa con el medio ambiente&amp;quot;, como el sol, el viento, el agua, entre otras.&amp;lt;br\/&amp;gt;&amp;lt;!-- \/wp:paragraph --&amp;gt;&lt;\/div&gt;&lt;div id=&amp;quot;cmtt_related_articles&amp;quot; class=&amp;quot;cmtt_related_articles_wrapper&amp;quot;&gt;&lt;div class=&amp;quot;cmtt_related_title cmtt_related_articles_title&amp;quot;&gt;Related Articles: &lt;\/div&gt;&lt;ul class=&amp;quot;cmtt_related&amp;quot;&gt;&lt;li class=&amp;quot;cmtt_related_item&amp;quot;&gt;&lt;a href=&amp;quot;https:\/\/xqthenews.com\/es\/la-cumbre-mundial-del-clima-cop-28-en-dubai\/&amp;quot;target=&amp;quot;_blank&amp;quot;&gt;La Cumbre Mundial del Clima COP 28 en Dub&aacute;i&lt;\/a&gt;&lt;\/li&gt;&lt;li class=&amp;quot;cmtt_related_item&amp;quot;&gt;&lt;a href=&amp;quot;https:\/\/xqthenews.com\/es\/conozca-el-movimiento-la-hora-del-planeta-y-descubra-como-participar-en-este-llamamiento-mundial-por-el-futuro\/&amp;quot;target=&amp;quot;_blank&amp;quot;&gt;Conozca el movimiento &laquo;La hora del planeta&raquo; y descubra c&oacute;mo participar en este llamamiento mundial por el futuro&lt;\/a&gt;&lt;\/li&gt;&lt;li class=&amp;quot;cmtt_related_item&amp;quot;&gt;&lt;a href=&amp;quot;https:\/\/xqthenews.com\/es\/transicion-energetica-y-justicia-social-quien-paga-el-precio\/&amp;quot;target=&amp;quot;_blank&amp;quot;&gt;Transici&oacute;n energ&eacute;tica y justicia social: &iquest;qui&eacute;n paga el precio?&lt;\/a&gt;&lt;\/li&gt;&lt;\/ul&gt;&lt;\/div&gt;\" href=\"https:\/\/xqthenews.com\/es\/glossary\/energia-renovable\/\" data-gt-translate-attributes='[{\"attribute\":\"data-cmtooltip\", \"format\":\"html\"}]' tabindex=\"0\" role=\"link\">energ&iacute;a renovable<\/a> (CER) y proyectos de autoconsumo colectivo (ACC), permitiendo a diferentes actores producir, consumir y compartir <a class=\"glossaryLink\" aria-describedby=\"tt\" data-cmtooltip=\"&lt;div class=glossaryItemTitle&gt;Energ&iacute;a renovable&lt;\/div&gt;&lt;div class=glossaryItemBody&gt;&amp;lt;!-- wp:paragraph --&amp;gt;Energ&iacute;a que procede de fuentes naturales inagotables o que tiene la capacidad de regenerarse en poco tiempo y es &amp;quot;respetuosa con el medio ambiente&amp;quot;, como el sol, el viento, el agua, entre otras.&amp;lt;br\/&amp;gt;&amp;lt;!-- \/wp:paragraph --&amp;gt;&lt;\/div&gt;&lt;div id=&amp;quot;cmtt_related_articles&amp;quot; class=&amp;quot;cmtt_related_articles_wrapper&amp;quot;&gt;&lt;div class=&amp;quot;cmtt_related_title cmtt_related_articles_title&amp;quot;&gt;Related Articles: &lt;\/div&gt;&lt;ul class=&amp;quot;cmtt_related&amp;quot;&gt;&lt;li class=&amp;quot;cmtt_related_item&amp;quot;&gt;&lt;a href=&amp;quot;https:\/\/xqthenews.com\/es\/la-cumbre-mundial-del-clima-cop-28-en-dubai\/&amp;quot;target=&amp;quot;_blank&amp;quot;&gt;La Cumbre Mundial del Clima COP 28 en Dub&aacute;i&lt;\/a&gt;&lt;\/li&gt;&lt;li class=&amp;quot;cmtt_related_item&amp;quot;&gt;&lt;a href=&amp;quot;https:\/\/xqthenews.com\/es\/conozca-el-movimiento-la-hora-del-planeta-y-descubra-como-participar-en-este-llamamiento-mundial-por-el-futuro\/&amp;quot;target=&amp;quot;_blank&amp;quot;&gt;Conozca el movimiento &laquo;La hora del planeta&raquo; y descubra c&oacute;mo participar en este llamamiento mundial por el futuro&lt;\/a&gt;&lt;\/li&gt;&lt;li class=&amp;quot;cmtt_related_item&amp;quot;&gt;&lt;a href=&amp;quot;https:\/\/xqthenews.com\/es\/transicion-energetica-y-justicia-social-quien-paga-el-precio\/&amp;quot;target=&amp;quot;_blank&amp;quot;&gt;Transici&oacute;n energ&eacute;tica y justicia social: &iquest;qui&eacute;n paga el precio?&lt;\/a&gt;&lt;\/li&gt;&lt;\/ul&gt;&lt;\/div&gt;\" href=\"https:\/\/xqthenews.com\/es\/glossary\/energia-renovable\/\" data-gt-translate-attributes='[{\"attribute\":\"data-cmtooltip\", \"format\":\"html\"}]' tabindex=\"0\" role=\"link\">energ&iacute;a renovable<\/a>.<\/p>\n\n\n\n<h2 class=\"wp-block-heading\"><strong><em>Comunidades energ&eacute;ticas y nuevos modelos de producci&oacute;n y consumo<\/em><\/strong><\/h2>\n\n\n\n<p>Las comunidades energ&eacute;ticas se perfilan como una soluci&oacute;n innovadora para democratizar el acceso a la energ&iacute;a limpia. Estas iniciativas permiten a <a class=\"glossaryLink\" aria-describedby=\"tt\" data-cmtooltip=\"&lt;div class=glossaryItemTitle&gt;Ciudadanos&lt;\/div&gt;&lt;div class=glossaryItemBody&gt;&amp;lt;!-- wp:paragraph --&amp;gt;Un concepto que implica cuestiones relacionadas con los derechos y los deberes, as&iacute; como con las ideas de igualdad, diversidad y justicia social. No s&oacute;lo referido al acto de votar, el concepto de ciudadan&iacute;a incluye todo un conjunto de acciones practicadas por cada persona, con impacto en la vida de la comunidad (local, nacional, regional e internacional), inseparable del espacio p&uacute;blico en el que las personas pueden actuar juntas.&amp;lt;br\/&amp;gt;&amp;lt;!-- \/wp:paragraph --&amp;gt;&amp;lt;!-- wp:paragraph --&amp;gt;(Fuente: CIG &ndash; Comiss&atilde;o para a Cidadania e Igualde de G&eacute;nero)&amp;lt;br\/&amp;gt;&amp;lt;!-- \/wp:paragraph --&amp;gt;&lt;\/div&gt;&lt;div id=&amp;quot;cmtt_related_articles&amp;quot; class=&amp;quot;cmtt_related_articles_wrapper&amp;quot;&gt;&lt;div class=&amp;quot;cmtt_related_title cmtt_related_articles_title&amp;quot;&gt;Related Articles: &lt;\/div&gt;&lt;ul class=&amp;quot;cmtt_related&amp;quot;&gt;&lt;li class=&amp;quot;cmtt_related_item&amp;quot;&gt;&lt;a href=&amp;quot;https:\/\/xqthenews.com\/es\/que-es-el-fascismo\/&amp;quot;target=&amp;quot;_blank&amp;quot;&gt;&iquest;Qu&eacute; es el fascismo?&lt;\/a&gt;&lt;\/li&gt;&lt;li class=&amp;quot;cmtt_related_item&amp;quot;&gt;&lt;a href=&amp;quot;https:\/\/xqthenews.com\/es\/por-que-el-futbol-es-un-fenomeno-global\/&amp;quot;target=&amp;quot;_blank&amp;quot;&gt;&iquest;Por qu&eacute; el f&uacute;tbol es un fen&oacute;meno global?&lt;\/a&gt;&lt;\/li&gt;&lt;li class=&amp;quot;cmtt_related_item&amp;quot;&gt;&lt;a href=&amp;quot;https:\/\/xqthenews.com\/es\/mensaje-en-una-botella-o-los-plasticos-que-nunca-desaparecen\/&amp;quot;target=&amp;quot;_blank&amp;quot;&gt;Mensaje en una botella, o los pl&aacute;sticos que nunca desaparecen&lt;\/a&gt;&lt;\/li&gt;&lt;li class=&amp;quot;cmtt_related_item&amp;quot;&gt;&lt;a href=&amp;quot;https:\/\/xqthenews.com\/es\/apartheid-en-palestina-las-raices-profundas-de-la-guerra\/&amp;quot;target=&amp;quot;_blank&amp;quot;&gt;Apartheid en Palestina, las ra&iacute;ces profundas de la guerra&lt;\/a&gt;&lt;\/li&gt;&lt;li class=&amp;quot;cmtt_related_item&amp;quot;&gt;&lt;a href=&amp;quot;https:\/\/xqthenews.com\/es\/luchar-contra-el-cambio-climatico-tambien-es-combatir-la-desinformacion\/&amp;quot;target=&amp;quot;_blank&amp;quot;&gt;Luchar contra el cambio clim&aacute;tico tambi&eacute;n es combatir la desinformaci&oacute;n&lt;\/a&gt;&lt;\/li&gt;&lt;\/ul&gt;&lt;\/div&gt;\" href=\"https:\/\/xqthenews.com\/es\/glossary\/ciudadania\/\" data-gt-translate-attributes='[{\"attribute\":\"data-cmtooltip\", \"format\":\"html\"}]' tabindex=\"0\" role=\"link\">ciudadanos<\/a>, empresas y autoridades locales colaborar en la producci&oacute;n y gesti&oacute;n de energ&iacute;as renovables, fomentando la <a class=\"glossaryLink\" aria-describedby=\"tt\" data-cmtooltip=\"&lt;div class=glossaryItemTitle&gt;Eficiencia Energ&eacute;tica&lt;\/div&gt;&lt;div class=glossaryItemBody&gt;&amp;lt;!-- wp:paragraph --&amp;gt;La Eficiencia Energ&eacute;tica es la optimizaci&oacute;n del consumo de energ&iacute;a mediante la utilizaci&oacute;n de diversos mecanismos de ahorro energ&eacute;tico, que permiten mantener el nivel de confort y calidad de vida y evitar el despilfarro.&amp;lt;br\/&amp;gt;&amp;lt;!-- \/wp:paragraph --&amp;gt;&amp;lt;!-- wp:paragraph --&amp;gt;&amp;amp;nbsp;(Fuente: Endesa)&amp;lt;br\/&amp;gt;&amp;lt;!-- \/wp:paragraph --&amp;gt;&lt;\/div&gt;&lt;div id=&amp;quot;cmtt_related_articles&amp;quot; class=&amp;quot;cmtt_related_articles_wrapper&amp;quot;&gt;&lt;div class=&amp;quot;cmtt_related_title cmtt_related_articles_title&amp;quot;&gt;Related Articles: &lt;\/div&gt;&lt;ul class=&amp;quot;cmtt_related&amp;quot;&gt;&lt;li class=&amp;quot;cmtt_related_item&amp;quot;&gt;&lt;a href=&amp;quot;https:\/\/xqthenews.com\/es\/la-cumbre-mundial-del-clima-cop-28-en-dubai\/&amp;quot;target=&amp;quot;_blank&amp;quot;&gt;La Cumbre Mundial del Clima COP 28 en Dub&aacute;i&lt;\/a&gt;&lt;\/li&gt;&lt;li class=&amp;quot;cmtt_related_item&amp;quot;&gt;&lt;a href=&amp;quot;https:\/\/xqthenews.com\/es\/esta-el-mercado-laboral-tambien-influido-por-la-transicion-ecologica\/&amp;quot;target=&amp;quot;_blank&amp;quot;&gt;&iquest;Est&aacute; el mercado laboral tambi&eacute;n influido por la transici&oacute;n ecol&oacute;gica?&lt;\/a&gt;&lt;\/li&gt;&lt;li class=&amp;quot;cmtt_related_item&amp;quot;&gt;&lt;a href=&amp;quot;https:\/\/xqthenews.com\/es\/mitigar-y-adaptarse-un-analisis-de-el-balance-mundial\/&amp;quot;target=&amp;quot;_blank&amp;quot;&gt;Mitigar y adaptarse. Un an&aacute;lisis de El Balance Mundial&lt;\/a&gt;&lt;\/li&gt;&lt;li class=&amp;quot;cmtt_related_item&amp;quot;&gt;&lt;a href=&amp;quot;https:\/\/xqthenews.com\/es\/repowereu-y-la-independencia-energetica-europea\/&amp;quot;target=&amp;quot;_blank&amp;quot;&gt;REPowerEU y la independencia energ&eacute;tica europea&nbsp;&nbsp;&lt;\/a&gt;&lt;\/li&gt;&lt;li class=&amp;quot;cmtt_related_item&amp;quot;&gt;&lt;a href=&amp;quot;https:\/\/xqthenews.com\/es\/la-neutralidad-de-carbono-los-bosques-como-guardianes-del-equilibrio-climatico\/&amp;quot;target=&amp;quot;_blank&amp;quot;&gt;La neutralidad de carbono: Los bosques como guardianes del equilibrio clim&aacute;tico&lt;\/a&gt;&lt;\/li&gt;&lt;\/ul&gt;&lt;\/div&gt;\" href=\"https:\/\/xqthenews.com\/es\/glossary\/eficiencia-energetica\/\" data-gt-translate-attributes='[{\"attribute\":\"data-cmtooltip\", \"format\":\"html\"}]' tabindex=\"0\" role=\"link\">eficiencia energ&eacute;tica<\/a> y reduciendo la dependencia de los proveedores tradicionales.<\/p>\n\n\n\n<p>En Portugal, ejemplos como la Comunidad de Energ&iacute;as Renovables de Telheiras y la Isla de Culatra demuestran el potencial de estas iniciativas. Estas comunidades no s&oacute;lo contribuyen a la <a class=\"glossaryLink\" aria-describedby=\"tt\" data-cmtooltip=\"&lt;div class=glossaryItemTitle&gt;Sostenibilidad&lt;\/div&gt;&lt;div class=glossaryItemBody&gt;&amp;lt;!-- wp:paragraph --&amp;gt;Capacidad de un sistema para mantenerse en equilibrio. La expresi&oacute;n se ha utilizado para designar los equilibrios que deben mantener los seres humanos para asegurar sus condiciones de vida y garantizar su continuidad en el planeta. En este sentido, el significado de sostenibilidad se refiere a la forma en que la humanidad debe interactuar con los recursos del planeta, de modo que la satisfacci&oacute;n de las necesidades del presente no ponga en peligro el futuro.&amp;lt;br\/&amp;gt;&amp;lt;!-- \/wp:paragraph --&amp;gt;&amp;lt;!-- wp:paragraph --&amp;gt;Fuente: https:\/\/florestas.pt\/saiba-mais\/qual-o-significado-de-sustentabilidade\/&amp;lt;br\/&amp;gt;&amp;lt;!-- \/wp:paragraph --&amp;gt;&lt;\/div&gt;&lt;div id=&amp;quot;cmtt_related_articles&amp;quot; class=&amp;quot;cmtt_related_articles_wrapper&amp;quot;&gt;&lt;div class=&amp;quot;cmtt_related_title cmtt_related_articles_title&amp;quot;&gt;Related Articles: &lt;\/div&gt;&lt;ul class=&amp;quot;cmtt_related&amp;quot;&gt;&lt;li class=&amp;quot;cmtt_related_item&amp;quot;&gt;&lt;a href=&amp;quot;https:\/\/xqthenews.com\/es\/mensaje-en-una-botella-o-los-plasticos-que-nunca-desaparecen\/&amp;quot;target=&amp;quot;_blank&amp;quot;&gt;Mensaje en una botella, o los pl&aacute;sticos que nunca desaparecen&lt;\/a&gt;&lt;\/li&gt;&lt;li class=&amp;quot;cmtt_related_item&amp;quot;&gt;&lt;a href=&amp;quot;https:\/\/xqthenews.com\/es\/luchar-contra-el-cambio-climatico-tambien-es-combatir-la-desinformacion\/&amp;quot;target=&amp;quot;_blank&amp;quot;&gt;Luchar contra el cambio clim&aacute;tico tambi&eacute;n es combatir la desinformaci&oacute;n&lt;\/a&gt;&lt;\/li&gt;&lt;li class=&amp;quot;cmtt_related_item&amp;quot;&gt;&lt;a href=&amp;quot;https:\/\/xqthenews.com\/es\/glossary\/greenwashing\/&amp;quot;target=&amp;quot;_blank&amp;quot;&gt;Glossary:  Greenwashing&lt;\/a&gt;&lt;\/li&gt;&lt;li class=&amp;quot;cmtt_related_item&amp;quot;&gt;&lt;a href=&amp;quot;https:\/\/xqthenews.com\/es\/la-educacion-ambiental-como-paradigma-de-la-prevencion-de-incendios-rurales\/&amp;quot;target=&amp;quot;_blank&amp;quot;&gt;La educaci&oacute;n ambiental como paradigma de la prevenci&oacute;n de incendios rurales&lt;\/a&gt;&lt;\/li&gt;&lt;li class=&amp;quot;cmtt_related_item&amp;quot;&gt;&lt;a href=&amp;quot;https:\/\/xqthenews.com\/es\/movimientos-juveniles-en-europa-en-busca-de-respuestas-a-la-crisis-climatica\/&amp;quot;target=&amp;quot;_blank&amp;quot;&gt;Movimientos juveniles en Europa en busca de respuestas a la crisis clim&aacute;tica&lt;\/a&gt;&lt;\/li&gt;&lt;\/ul&gt;&lt;\/div&gt;\" href=\"https:\/\/xqthenews.com\/es\/glossary\/sostenibilidad\/\" data-gt-translate-attributes='[{\"attribute\":\"data-cmtooltip\", \"format\":\"html\"}]' tabindex=\"0\" role=\"link\">sostenibilidad<\/a> medioambiental, sino que tambi&eacute;n fomentan la cohesi&oacute;n social y econ&oacute;mica al implicar activamente a los <a class=\"glossaryLink\" aria-describedby=\"tt\" data-cmtooltip=\"&lt;div class=glossaryItemTitle&gt;Ciudadanos&lt;\/div&gt;&lt;div class=glossaryItemBody&gt;&amp;lt;!-- wp:paragraph --&amp;gt;Un concepto que implica cuestiones relacionadas con los derechos y los deberes, as&iacute; como con las ideas de igualdad, diversidad y justicia social. No s&oacute;lo referido al acto de votar, el concepto de ciudadan&iacute;a incluye todo un conjunto de acciones practicadas por cada persona, con impacto en la vida de la comunidad (local, nacional, regional e internacional), inseparable del espacio p&uacute;blico en el que las personas pueden actuar juntas.&amp;lt;br\/&amp;gt;&amp;lt;!-- \/wp:paragraph --&amp;gt;&amp;lt;!-- wp:paragraph --&amp;gt;(Fuente: CIG &ndash; Comiss&atilde;o para a Cidadania e Igualde de G&eacute;nero)&amp;lt;br\/&amp;gt;&amp;lt;!-- \/wp:paragraph --&amp;gt;&lt;\/div&gt;&lt;div id=&amp;quot;cmtt_related_articles&amp;quot; class=&amp;quot;cmtt_related_articles_wrapper&amp;quot;&gt;&lt;div class=&amp;quot;cmtt_related_title cmtt_related_articles_title&amp;quot;&gt;Related Articles: &lt;\/div&gt;&lt;ul class=&amp;quot;cmtt_related&amp;quot;&gt;&lt;li class=&amp;quot;cmtt_related_item&amp;quot;&gt;&lt;a href=&amp;quot;https:\/\/xqthenews.com\/es\/que-es-el-fascismo\/&amp;quot;target=&amp;quot;_blank&amp;quot;&gt;&iquest;Qu&eacute; es el fascismo?&lt;\/a&gt;&lt;\/li&gt;&lt;li class=&amp;quot;cmtt_related_item&amp;quot;&gt;&lt;a href=&amp;quot;https:\/\/xqthenews.com\/es\/por-que-el-futbol-es-un-fenomeno-global\/&amp;quot;target=&amp;quot;_blank&amp;quot;&gt;&iquest;Por qu&eacute; el f&uacute;tbol es un fen&oacute;meno global?&lt;\/a&gt;&lt;\/li&gt;&lt;li class=&amp;quot;cmtt_related_item&amp;quot;&gt;&lt;a href=&amp;quot;https:\/\/xqthenews.com\/es\/mensaje-en-una-botella-o-los-plasticos-que-nunca-desaparecen\/&amp;quot;target=&amp;quot;_blank&amp;quot;&gt;Mensaje en una botella, o los pl&aacute;sticos que nunca desaparecen&lt;\/a&gt;&lt;\/li&gt;&lt;li class=&amp;quot;cmtt_related_item&amp;quot;&gt;&lt;a href=&amp;quot;https:\/\/xqthenews.com\/es\/apartheid-en-palestina-las-raices-profundas-de-la-guerra\/&amp;quot;target=&amp;quot;_blank&amp;quot;&gt;Apartheid en Palestina, las ra&iacute;ces profundas de la guerra&lt;\/a&gt;&lt;\/li&gt;&lt;li class=&amp;quot;cmtt_related_item&amp;quot;&gt;&lt;a href=&amp;quot;https:\/\/xqthenews.com\/es\/luchar-contra-el-cambio-climatico-tambien-es-combatir-la-desinformacion\/&amp;quot;target=&amp;quot;_blank&amp;quot;&gt;Luchar contra el cambio clim&aacute;tico tambi&eacute;n es combatir la desinformaci&oacute;n&lt;\/a&gt;&lt;\/li&gt;&lt;\/ul&gt;&lt;\/div&gt;\" href=\"https:\/\/xqthenews.com\/es\/glossary\/ciudadania\/\" data-gt-translate-attributes='[{\"attribute\":\"data-cmtooltip\", \"format\":\"html\"}]' tabindex=\"0\" role=\"link\">ciudadanos<\/a> en la <a class=\"glossaryLink\" aria-describedby=\"tt\" data-cmtooltip=\"&lt;div class=glossaryItemTitle&gt;Transici&oacute;n Energ&eacute;tica&lt;\/div&gt;&lt;div class=glossaryItemBody&gt;&amp;lt;!-- wp:paragraph --&amp;gt;La transici&oacute;n energ&eacute;tica se define como un conjunto de cambios en los modelos de producci&oacute;n, distribuci&oacute;n y consumo de energ&iacute;a para lograr una mayor sostenibilidad. El objetivo de este proceso es transformar el actual sistema energ&eacute;tico basado en los combustibles f&oacute;siles en un modelo el&eacute;ctrico basado en las energ&iacute;as renovables y otras formas de reducci&oacute;n de emisiones.&amp;lt;br\/&amp;gt;&amp;lt;!-- \/wp:paragraph --&amp;gt;&amp;lt;!-- wp:paragraph --&amp;gt;(Fuente: Iberdrola)&amp;lt;br\/&amp;gt;&amp;lt;!-- \/wp:paragraph --&amp;gt;&lt;\/div&gt;&lt;div id=&amp;quot;cmtt_related_articles&amp;quot; class=&amp;quot;cmtt_related_articles_wrapper&amp;quot;&gt;&lt;div class=&amp;quot;cmtt_related_title cmtt_related_articles_title&amp;quot;&gt;Related Articles: &lt;\/div&gt;&lt;ul class=&amp;quot;cmtt_related&amp;quot;&gt;&lt;li class=&amp;quot;cmtt_related_item&amp;quot;&gt;&lt;a href=&amp;quot;https:\/\/xqthenews.com\/es\/cop-28-y-la-participacion-de-los-jovenes-en-el-desafio-climatico\/&amp;quot;target=&amp;quot;_blank&amp;quot;&gt;COP 28 y la participaci&oacute;n de los j&oacute;venes en el desaf&iacute;o clim&agrave;tico&lt;\/a&gt;&lt;\/li&gt;&lt;li class=&amp;quot;cmtt_related_item&amp;quot;&gt;&lt;a href=&amp;quot;https:\/\/xqthenews.com\/es\/estamos-aun-a-tiempo-de-salvar-el-planeta\/&amp;quot;target=&amp;quot;_blank&amp;quot;&gt;&iquest;Estamos a&uacute;n a tiempo de salvar el planeta?&lt;\/a&gt;&lt;\/li&gt;&lt;li class=&amp;quot;cmtt_related_item&amp;quot;&gt;&lt;a href=&amp;quot;https:\/\/xqthenews.com\/es\/justicia-climatica-global-el-papel-de-los-jovenes-en-la-lucha-por-mas-financiacion\/&amp;quot;target=&amp;quot;_blank&amp;quot;&gt;Justicia clim&aacute;tica global: el papel de los j&oacute;venes en la lucha por m&aacute;s financiaci&oacute;n&lt;\/a&gt;&lt;\/li&gt;&lt;li class=&amp;quot;cmtt_related_item&amp;quot;&gt;&lt;a href=&amp;quot;https:\/\/xqthenews.com\/es\/aceleradores-y-riesgos-de-la-transicion-energetica-en-europa\/&amp;quot;target=&amp;quot;_blank&amp;quot;&gt;Aceleradores y riesgos de la transici&oacute;n energ&eacute;tica en Europa&lt;\/a&gt;&lt;\/li&gt;&lt;li class=&amp;quot;cmtt_related_item&amp;quot;&gt;&lt;a href=&amp;quot;https:\/\/xqthenews.com\/es\/glossary\/produccion-descentralizada\/&amp;quot;target=&amp;quot;_blank&amp;quot;&gt;Glossary:  Producci&oacute;n descentralizada&lt;\/a&gt;&lt;\/li&gt;&lt;\/ul&gt;&lt;\/div&gt;\" href=\"https:\/\/xqthenews.com\/es\/glossary\/transicion-energetica\/\" data-gt-translate-attributes='[{\"attribute\":\"data-cmtooltip\", \"format\":\"html\"}]' tabindex=\"0\" role=\"link\">transici&oacute;n energ&eacute;tica<\/a>.<\/p>\n\n\n\n<h2 class=\"wp-block-heading\"><strong><em>Desigualdades territoriales y riesgo de exclusi&oacute;n<\/em><\/strong><\/h2>\n\n\n\n<p>Las diferencias entre las <a class=\"glossaryLink\" aria-describedby=\"tt\" data-cmtooltip=\"&lt;div class=glossaryItemTitle&gt;Zonas rurales&lt;\/div&gt;&lt;div class=glossaryItemBody&gt;&amp;lt;!-- wp:paragraph --&amp;gt;Zonas geogr&aacute;ficas situadas fuera de los grandes centros urbanos, caracterizadas por una baja densidad de poblaci&oacute;n y una econom&iacute;a basada principalmente en la agricultura, la ganader&iacute;a y las actividades relacionadas con la naturaleza. En comparaci&oacute;n con las ciudades, las zonas rurales cuentan con menos infraestructuras y servicios, pero ofrecen un entorno m&aacute;s natural y espacios abiertos.&amp;lt;br\/&amp;gt;&amp;lt;!-- \/wp:paragraph --&amp;gt;&lt;\/div&gt;&lt;div id=&amp;quot;cmtt_related_articles&amp;quot; class=&amp;quot;cmtt_related_articles_wrapper&amp;quot;&gt;&lt;div class=&amp;quot;cmtt_related_title cmtt_related_articles_title&amp;quot;&gt;Related Articles: &lt;\/div&gt;&lt;ul class=&amp;quot;cmtt_related&amp;quot;&gt;&lt;li class=&amp;quot;cmtt_related_item&amp;quot;&gt;&lt;a href=&amp;quot;https:\/\/xqthenews.com\/es\/capital-verde-europea-y-green-leaf-abiertas-las-candidaturas\/&amp;quot;target=&amp;quot;_blank&amp;quot;&gt;Capital Verde Europea y &laquo;Green Leaf&raquo;: abiertas las candidaturas&lt;\/a&gt;&lt;\/li&gt;&lt;li class=&amp;quot;cmtt_related_item&amp;quot;&gt;&lt;a href=&amp;quot;https:\/\/xqthenews.com\/es\/los-derechos-de-las-personas-lgbt-en-europa-se-estan-reduciendo\/&amp;quot;target=&amp;quot;_blank&amp;quot;&gt;Los derechos de las personas LGBT+ en Europa se est&aacute;n reduciendo&lt;\/a&gt;&lt;\/li&gt;&lt;li class=&amp;quot;cmtt_related_item&amp;quot;&gt;&lt;a href=&amp;quot;https:\/\/xqthenews.com\/es\/transicion-energetica-y-justicia-social-quien-paga-el-precio\/&amp;quot;target=&amp;quot;_blank&amp;quot;&gt;Transici&oacute;n energ&eacute;tica y justicia social: &iquest;qui&eacute;n paga el precio?&lt;\/a&gt;&lt;\/li&gt;&lt;\/ul&gt;&lt;\/div&gt;\" href=\"https:\/\/xqthenews.com\/es\/glossary\/zonas-rurales\/\" data-gt-translate-attributes='[{\"attribute\":\"data-cmtooltip\", \"format\":\"html\"}]' tabindex=\"0\" role=\"link\">zonas rurales<\/a> y urbanas representan un reto importante en la <a class=\"glossaryLink\" aria-describedby=\"tt\" data-cmtooltip=\"&lt;div class=glossaryItemTitle&gt;Transici&oacute;n Energ&eacute;tica&lt;\/div&gt;&lt;div class=glossaryItemBody&gt;&amp;lt;!-- wp:paragraph --&amp;gt;La transici&oacute;n energ&eacute;tica se define como un conjunto de cambios en los modelos de producci&oacute;n, distribuci&oacute;n y consumo de energ&iacute;a para lograr una mayor sostenibilidad. El objetivo de este proceso es transformar el actual sistema energ&eacute;tico basado en los combustibles f&oacute;siles en un modelo el&eacute;ctrico basado en las energ&iacute;as renovables y otras formas de reducci&oacute;n de emisiones.&amp;lt;br\/&amp;gt;&amp;lt;!-- \/wp:paragraph --&amp;gt;&amp;lt;!-- wp:paragraph --&amp;gt;(Fuente: Iberdrola)&amp;lt;br\/&amp;gt;&amp;lt;!-- \/wp:paragraph --&amp;gt;&lt;\/div&gt;&lt;div id=&amp;quot;cmtt_related_articles&amp;quot; class=&amp;quot;cmtt_related_articles_wrapper&amp;quot;&gt;&lt;div class=&amp;quot;cmtt_related_title cmtt_related_articles_title&amp;quot;&gt;Related Articles: &lt;\/div&gt;&lt;ul class=&amp;quot;cmtt_related&amp;quot;&gt;&lt;li class=&amp;quot;cmtt_related_item&amp;quot;&gt;&lt;a href=&amp;quot;https:\/\/xqthenews.com\/es\/cop-28-y-la-participacion-de-los-jovenes-en-el-desafio-climatico\/&amp;quot;target=&amp;quot;_blank&amp;quot;&gt;COP 28 y la participaci&oacute;n de los j&oacute;venes en el desaf&iacute;o clim&agrave;tico&lt;\/a&gt;&lt;\/li&gt;&lt;li class=&amp;quot;cmtt_related_item&amp;quot;&gt;&lt;a href=&amp;quot;https:\/\/xqthenews.com\/es\/estamos-aun-a-tiempo-de-salvar-el-planeta\/&amp;quot;target=&amp;quot;_blank&amp;quot;&gt;&iquest;Estamos a&uacute;n a tiempo de salvar el planeta?&lt;\/a&gt;&lt;\/li&gt;&lt;li class=&amp;quot;cmtt_related_item&amp;quot;&gt;&lt;a href=&amp;quot;https:\/\/xqthenews.com\/es\/justicia-climatica-global-el-papel-de-los-jovenes-en-la-lucha-por-mas-financiacion\/&amp;quot;target=&amp;quot;_blank&amp;quot;&gt;Justicia clim&aacute;tica global: el papel de los j&oacute;venes en la lucha por m&aacute;s financiaci&oacute;n&lt;\/a&gt;&lt;\/li&gt;&lt;li class=&amp;quot;cmtt_related_item&amp;quot;&gt;&lt;a href=&amp;quot;https:\/\/xqthenews.com\/es\/aceleradores-y-riesgos-de-la-transicion-energetica-en-europa\/&amp;quot;target=&amp;quot;_blank&amp;quot;&gt;Aceleradores y riesgos de la transici&oacute;n energ&eacute;tica en Europa&lt;\/a&gt;&lt;\/li&gt;&lt;li class=&amp;quot;cmtt_related_item&amp;quot;&gt;&lt;a href=&amp;quot;https:\/\/xqthenews.com\/es\/glossary\/produccion-descentralizada\/&amp;quot;target=&amp;quot;_blank&amp;quot;&gt;Glossary:  Producci&oacute;n descentralizada&lt;\/a&gt;&lt;\/li&gt;&lt;\/ul&gt;&lt;\/div&gt;\" href=\"https:\/\/xqthenews.com\/es\/glossary\/transicion-energetica\/\" data-gt-translate-attributes='[{\"attribute\":\"data-cmtooltip\", \"format\":\"html\"}]' tabindex=\"0\" role=\"link\">transici&oacute;n energ&eacute;tica<\/a>. Las <a class=\"glossaryLink\" aria-describedby=\"tt\" data-cmtooltip=\"&lt;div class=glossaryItemTitle&gt;Zonas rurales&lt;\/div&gt;&lt;div class=glossaryItemBody&gt;&amp;lt;!-- wp:paragraph --&amp;gt;Zonas geogr&aacute;ficas situadas fuera de los grandes centros urbanos, caracterizadas por una baja densidad de poblaci&oacute;n y una econom&iacute;a basada principalmente en la agricultura, la ganader&iacute;a y las actividades relacionadas con la naturaleza. En comparaci&oacute;n con las ciudades, las zonas rurales cuentan con menos infraestructuras y servicios, pero ofrecen un entorno m&aacute;s natural y espacios abiertos.&amp;lt;br\/&amp;gt;&amp;lt;!-- \/wp:paragraph --&amp;gt;&lt;\/div&gt;&lt;div id=&amp;quot;cmtt_related_articles&amp;quot; class=&amp;quot;cmtt_related_articles_wrapper&amp;quot;&gt;&lt;div class=&amp;quot;cmtt_related_title cmtt_related_articles_title&amp;quot;&gt;Related Articles: &lt;\/div&gt;&lt;ul class=&amp;quot;cmtt_related&amp;quot;&gt;&lt;li class=&amp;quot;cmtt_related_item&amp;quot;&gt;&lt;a href=&amp;quot;https:\/\/xqthenews.com\/es\/capital-verde-europea-y-green-leaf-abiertas-las-candidaturas\/&amp;quot;target=&amp;quot;_blank&amp;quot;&gt;Capital Verde Europea y &laquo;Green Leaf&raquo;: abiertas las candidaturas&lt;\/a&gt;&lt;\/li&gt;&lt;li class=&amp;quot;cmtt_related_item&amp;quot;&gt;&lt;a href=&amp;quot;https:\/\/xqthenews.com\/es\/los-derechos-de-las-personas-lgbt-en-europa-se-estan-reduciendo\/&amp;quot;target=&amp;quot;_blank&amp;quot;&gt;Los derechos de las personas LGBT+ en Europa se est&aacute;n reduciendo&lt;\/a&gt;&lt;\/li&gt;&lt;li class=&amp;quot;cmtt_related_item&amp;quot;&gt;&lt;a href=&amp;quot;https:\/\/xqthenews.com\/es\/transicion-energetica-y-justicia-social-quien-paga-el-precio\/&amp;quot;target=&amp;quot;_blank&amp;quot;&gt;Transici&oacute;n energ&eacute;tica y justicia social: &iquest;qui&eacute;n paga el precio?&lt;\/a&gt;&lt;\/li&gt;&lt;\/ul&gt;&lt;\/div&gt;\" href=\"https:\/\/xqthenews.com\/es\/glossary\/zonas-rurales\/\" data-gt-translate-attributes='[{\"attribute\":\"data-cmtooltip\", \"format\":\"html\"}]' tabindex=\"0\" role=\"link\">zonas rurales<\/a>, caracterizadas a menudo por una menor densidad de poblaci&oacute;n y unas infraestructuras menos desarrolladas, pueden tener mayores dificultades para acceder a las tecnolog&iacute;as de energ&iacute;as renovables y a la financiaci&oacute;n de proyectos sostenibles. Un informe de Eurofound destaca que los habitantes de las <a class=\"glossaryLink\" aria-describedby=\"tt\" data-cmtooltip=\"&lt;div class=glossaryItemTitle&gt;Zonas rurales&lt;\/div&gt;&lt;div class=glossaryItemBody&gt;&amp;lt;!-- wp:paragraph --&amp;gt;Zonas geogr&aacute;ficas situadas fuera de los grandes centros urbanos, caracterizadas por una baja densidad de poblaci&oacute;n y una econom&iacute;a basada principalmente en la agricultura, la ganader&iacute;a y las actividades relacionadas con la naturaleza. En comparaci&oacute;n con las ciudades, las zonas rurales cuentan con menos infraestructuras y servicios, pero ofrecen un entorno m&aacute;s natural y espacios abiertos.&amp;lt;br\/&amp;gt;&amp;lt;!-- \/wp:paragraph --&amp;gt;&lt;\/div&gt;&lt;div id=&amp;quot;cmtt_related_articles&amp;quot; class=&amp;quot;cmtt_related_articles_wrapper&amp;quot;&gt;&lt;div class=&amp;quot;cmtt_related_title cmtt_related_articles_title&amp;quot;&gt;Related Articles: &lt;\/div&gt;&lt;ul class=&amp;quot;cmtt_related&amp;quot;&gt;&lt;li class=&amp;quot;cmtt_related_item&amp;quot;&gt;&lt;a href=&amp;quot;https:\/\/xqthenews.com\/es\/capital-verde-europea-y-green-leaf-abiertas-las-candidaturas\/&amp;quot;target=&amp;quot;_blank&amp;quot;&gt;Capital Verde Europea y &laquo;Green Leaf&raquo;: abiertas las candidaturas&lt;\/a&gt;&lt;\/li&gt;&lt;li class=&amp;quot;cmtt_related_item&amp;quot;&gt;&lt;a href=&amp;quot;https:\/\/xqthenews.com\/es\/los-derechos-de-las-personas-lgbt-en-europa-se-estan-reduciendo\/&amp;quot;target=&amp;quot;_blank&amp;quot;&gt;Los derechos de las personas LGBT+ en Europa se est&aacute;n reduciendo&lt;\/a&gt;&lt;\/li&gt;&lt;li class=&amp;quot;cmtt_related_item&amp;quot;&gt;&lt;a href=&amp;quot;https:\/\/xqthenews.com\/es\/transicion-energetica-y-justicia-social-quien-paga-el-precio\/&amp;quot;target=&amp;quot;_blank&amp;quot;&gt;Transici&oacute;n energ&eacute;tica y justicia social: &iquest;qui&eacute;n paga el precio?&lt;\/a&gt;&lt;\/li&gt;&lt;\/ul&gt;&lt;\/div&gt;\" href=\"https:\/\/xqthenews.com\/es\/glossary\/zonas-rurales\/\" data-gt-translate-attributes='[{\"attribute\":\"data-cmtooltip\", \"format\":\"html\"}]' tabindex=\"0\" role=\"link\">zonas rurales<\/a> a menudo se sienten desatendidos por los gobiernos y tienen menores niveles de confianza en las instituciones. Para evitar la exclusi&oacute;n de estas comunidades, es crucial aplicar pol&iacute;ticas que garanticen inversiones adecuadas y promuevan un acceso equitativo a los beneficios de la <a class=\"glossaryLink\" aria-describedby=\"tt\" data-cmtooltip=\"&lt;div class=glossaryItemTitle&gt;Transici&oacute;n Energ&eacute;tica&lt;\/div&gt;&lt;div class=glossaryItemBody&gt;&amp;lt;!-- wp:paragraph --&amp;gt;La transici&oacute;n energ&eacute;tica se define como un conjunto de cambios en los modelos de producci&oacute;n, distribuci&oacute;n y consumo de energ&iacute;a para lograr una mayor sostenibilidad. El objetivo de este proceso es transformar el actual sistema energ&eacute;tico basado en los combustibles f&oacute;siles en un modelo el&eacute;ctrico basado en las energ&iacute;as renovables y otras formas de reducci&oacute;n de emisiones.&amp;lt;br\/&amp;gt;&amp;lt;!-- \/wp:paragraph --&amp;gt;&amp;lt;!-- wp:paragraph --&amp;gt;(Fuente: Iberdrola)&amp;lt;br\/&amp;gt;&amp;lt;!-- \/wp:paragraph --&amp;gt;&lt;\/div&gt;&lt;div id=&amp;quot;cmtt_related_articles&amp;quot; class=&amp;quot;cmtt_related_articles_wrapper&amp;quot;&gt;&lt;div class=&amp;quot;cmtt_related_title cmtt_related_articles_title&amp;quot;&gt;Related Articles: &lt;\/div&gt;&lt;ul class=&amp;quot;cmtt_related&amp;quot;&gt;&lt;li class=&amp;quot;cmtt_related_item&amp;quot;&gt;&lt;a href=&amp;quot;https:\/\/xqthenews.com\/es\/cop-28-y-la-participacion-de-los-jovenes-en-el-desafio-climatico\/&amp;quot;target=&amp;quot;_blank&amp;quot;&gt;COP 28 y la participaci&oacute;n de los j&oacute;venes en el desaf&iacute;o clim&agrave;tico&lt;\/a&gt;&lt;\/li&gt;&lt;li class=&amp;quot;cmtt_related_item&amp;quot;&gt;&lt;a href=&amp;quot;https:\/\/xqthenews.com\/es\/estamos-aun-a-tiempo-de-salvar-el-planeta\/&amp;quot;target=&amp;quot;_blank&amp;quot;&gt;&iquest;Estamos a&uacute;n a tiempo de salvar el planeta?&lt;\/a&gt;&lt;\/li&gt;&lt;li class=&amp;quot;cmtt_related_item&amp;quot;&gt;&lt;a href=&amp;quot;https:\/\/xqthenews.com\/es\/justicia-climatica-global-el-papel-de-los-jovenes-en-la-lucha-por-mas-financiacion\/&amp;quot;target=&amp;quot;_blank&amp;quot;&gt;Justicia clim&aacute;tica global: el papel de los j&oacute;venes en la lucha por m&aacute;s financiaci&oacute;n&lt;\/a&gt;&lt;\/li&gt;&lt;li class=&amp;quot;cmtt_related_item&amp;quot;&gt;&lt;a href=&amp;quot;https:\/\/xqthenews.com\/es\/aceleradores-y-riesgos-de-la-transicion-energetica-en-europa\/&amp;quot;target=&amp;quot;_blank&amp;quot;&gt;Aceleradores y riesgos de la transici&oacute;n energ&eacute;tica en Europa&lt;\/a&gt;&lt;\/li&gt;&lt;li class=&amp;quot;cmtt_related_item&amp;quot;&gt;&lt;a href=&amp;quot;https:\/\/xqthenews.com\/es\/glossary\/produccion-descentralizada\/&amp;quot;target=&amp;quot;_blank&amp;quot;&gt;Glossary:  Producci&oacute;n descentralizada&lt;\/a&gt;&lt;\/li&gt;&lt;\/ul&gt;&lt;\/div&gt;\" href=\"https:\/\/xqthenews.com\/es\/glossary\/transicion-energetica\/\" data-gt-translate-attributes='[{\"attribute\":\"data-cmtooltip\", \"format\":\"html\"}]' tabindex=\"0\" role=\"link\">transici&oacute;n energ&eacute;tica<\/a>.<\/p>\n\n\n\n<h2 class=\"wp-block-heading\"><strong><em>El papel de los j&oacute;venes en la defensa de soluciones justas y sostenibles<\/em><\/strong><\/h2>\n\n\n\n<p>Los j&oacute;venes desempe&ntilde;an un papel fundamental en la promoci&oacute;n de una <a class=\"glossaryLink\" aria-describedby=\"tt\" data-cmtooltip=\"&lt;div class=glossaryItemTitle&gt;Transici&oacute;n Energ&eacute;tica&lt;\/div&gt;&lt;div class=glossaryItemBody&gt;&amp;lt;!-- wp:paragraph --&amp;gt;La transici&oacute;n energ&eacute;tica se define como un conjunto de cambios en los modelos de producci&oacute;n, distribuci&oacute;n y consumo de energ&iacute;a para lograr una mayor sostenibilidad. El objetivo de este proceso es transformar el actual sistema energ&eacute;tico basado en los combustibles f&oacute;siles en un modelo el&eacute;ctrico basado en las energ&iacute;as renovables y otras formas de reducci&oacute;n de emisiones.&amp;lt;br\/&amp;gt;&amp;lt;!-- \/wp:paragraph --&amp;gt;&amp;lt;!-- wp:paragraph --&amp;gt;(Fuente: Iberdrola)&amp;lt;br\/&amp;gt;&amp;lt;!-- \/wp:paragraph --&amp;gt;&lt;\/div&gt;&lt;div id=&amp;quot;cmtt_related_articles&amp;quot; class=&amp;quot;cmtt_related_articles_wrapper&amp;quot;&gt;&lt;div class=&amp;quot;cmtt_related_title cmtt_related_articles_title&amp;quot;&gt;Related Articles: &lt;\/div&gt;&lt;ul class=&amp;quot;cmtt_related&amp;quot;&gt;&lt;li class=&amp;quot;cmtt_related_item&amp;quot;&gt;&lt;a href=&amp;quot;https:\/\/xqthenews.com\/es\/cop-28-y-la-participacion-de-los-jovenes-en-el-desafio-climatico\/&amp;quot;target=&amp;quot;_blank&amp;quot;&gt;COP 28 y la participaci&oacute;n de los j&oacute;venes en el desaf&iacute;o clim&agrave;tico&lt;\/a&gt;&lt;\/li&gt;&lt;li class=&amp;quot;cmtt_related_item&amp;quot;&gt;&lt;a href=&amp;quot;https:\/\/xqthenews.com\/es\/estamos-aun-a-tiempo-de-salvar-el-planeta\/&amp;quot;target=&amp;quot;_blank&amp;quot;&gt;&iquest;Estamos a&uacute;n a tiempo de salvar el planeta?&lt;\/a&gt;&lt;\/li&gt;&lt;li class=&amp;quot;cmtt_related_item&amp;quot;&gt;&lt;a href=&amp;quot;https:\/\/xqthenews.com\/es\/justicia-climatica-global-el-papel-de-los-jovenes-en-la-lucha-por-mas-financiacion\/&amp;quot;target=&amp;quot;_blank&amp;quot;&gt;Justicia clim&aacute;tica global: el papel de los j&oacute;venes en la lucha por m&aacute;s financiaci&oacute;n&lt;\/a&gt;&lt;\/li&gt;&lt;li class=&amp;quot;cmtt_related_item&amp;quot;&gt;&lt;a href=&amp;quot;https:\/\/xqthenews.com\/es\/aceleradores-y-riesgos-de-la-transicion-energetica-en-europa\/&amp;quot;target=&amp;quot;_blank&amp;quot;&gt;Aceleradores y riesgos de la transici&oacute;n energ&eacute;tica en Europa&lt;\/a&gt;&lt;\/li&gt;&lt;li class=&amp;quot;cmtt_related_item&amp;quot;&gt;&lt;a href=&amp;quot;https:\/\/xqthenews.com\/es\/glossary\/produccion-descentralizada\/&amp;quot;target=&amp;quot;_blank&amp;quot;&gt;Glossary:  Producci&oacute;n descentralizada&lt;\/a&gt;&lt;\/li&gt;&lt;\/ul&gt;&lt;\/div&gt;\" href=\"https:\/\/xqthenews.com\/es\/glossary\/transicion-energetica\/\" data-gt-translate-attributes='[{\"attribute\":\"data-cmtooltip\", \"format\":\"html\"}]' tabindex=\"0\" role=\"link\">transici&oacute;n energ&eacute;tica<\/a> justa y sostenible. A trav&eacute;s de los movimientos sociales, las iniciativas comunitarias y la participaci&oacute;n en los procesos de toma de decisiones, han sido agentes activos en la defensa de pol&iacute;ticas que tengan en cuenta no s&oacute;lo la <a class=\"glossaryLink\" aria-describedby=\"tt\" data-cmtooltip=\"&lt;div class=glossaryItemTitle&gt;Sostenibilidad&lt;\/div&gt;&lt;div class=glossaryItemBody&gt;&amp;lt;!-- wp:paragraph --&amp;gt;Capacidad de un sistema para mantenerse en equilibrio. La expresi&oacute;n se ha utilizado para designar los equilibrios que deben mantener los seres humanos para asegurar sus condiciones de vida y garantizar su continuidad en el planeta. En este sentido, el significado de sostenibilidad se refiere a la forma en que la humanidad debe interactuar con los recursos del planeta, de modo que la satisfacci&oacute;n de las necesidades del presente no ponga en peligro el futuro.&amp;lt;br\/&amp;gt;&amp;lt;!-- \/wp:paragraph --&amp;gt;&amp;lt;!-- wp:paragraph --&amp;gt;Fuente: https:\/\/florestas.pt\/saiba-mais\/qual-o-significado-de-sustentabilidade\/&amp;lt;br\/&amp;gt;&amp;lt;!-- \/wp:paragraph --&amp;gt;&lt;\/div&gt;&lt;div id=&amp;quot;cmtt_related_articles&amp;quot; class=&amp;quot;cmtt_related_articles_wrapper&amp;quot;&gt;&lt;div class=&amp;quot;cmtt_related_title cmtt_related_articles_title&amp;quot;&gt;Related Articles: &lt;\/div&gt;&lt;ul class=&amp;quot;cmtt_related&amp;quot;&gt;&lt;li class=&amp;quot;cmtt_related_item&amp;quot;&gt;&lt;a href=&amp;quot;https:\/\/xqthenews.com\/es\/mensaje-en-una-botella-o-los-plasticos-que-nunca-desaparecen\/&amp;quot;target=&amp;quot;_blank&amp;quot;&gt;Mensaje en una botella, o los pl&aacute;sticos que nunca desaparecen&lt;\/a&gt;&lt;\/li&gt;&lt;li class=&amp;quot;cmtt_related_item&amp;quot;&gt;&lt;a href=&amp;quot;https:\/\/xqthenews.com\/es\/luchar-contra-el-cambio-climatico-tambien-es-combatir-la-desinformacion\/&amp;quot;target=&amp;quot;_blank&amp;quot;&gt;Luchar contra el cambio clim&aacute;tico tambi&eacute;n es combatir la desinformaci&oacute;n&lt;\/a&gt;&lt;\/li&gt;&lt;li class=&amp;quot;cmtt_related_item&amp;quot;&gt;&lt;a href=&amp;quot;https:\/\/xqthenews.com\/es\/glossary\/greenwashing\/&amp;quot;target=&amp;quot;_blank&amp;quot;&gt;Glossary:  Greenwashing&lt;\/a&gt;&lt;\/li&gt;&lt;li class=&amp;quot;cmtt_related_item&amp;quot;&gt;&lt;a href=&amp;quot;https:\/\/xqthenews.com\/es\/la-educacion-ambiental-como-paradigma-de-la-prevencion-de-incendios-rurales\/&amp;quot;target=&amp;quot;_blank&amp;quot;&gt;La educaci&oacute;n ambiental como paradigma de la prevenci&oacute;n de incendios rurales&lt;\/a&gt;&lt;\/li&gt;&lt;li class=&amp;quot;cmtt_related_item&amp;quot;&gt;&lt;a href=&amp;quot;https:\/\/xqthenews.com\/es\/movimientos-juveniles-en-europa-en-busca-de-respuestas-a-la-crisis-climatica\/&amp;quot;target=&amp;quot;_blank&amp;quot;&gt;Movimientos juveniles en Europa en busca de respuestas a la crisis clim&aacute;tica&lt;\/a&gt;&lt;\/li&gt;&lt;\/ul&gt;&lt;\/div&gt;\" href=\"https:\/\/xqthenews.com\/es\/glossary\/sostenibilidad\/\" data-gt-translate-attributes='[{\"attribute\":\"data-cmtooltip\", \"format\":\"html\"}]' tabindex=\"0\" role=\"link\">sostenibilidad<\/a> medioambiental, sino tambi&eacute;n la <a class=\"glossaryLink\" aria-describedby=\"tt\" data-cmtooltip=\"&lt;div class=glossaryItemTitle&gt;Equidad&lt;\/div&gt;&lt;div class=glossaryItemBody&gt;&amp;lt;!-- wp:paragraph --&amp;gt;Cualidad de ser justo e imparcial, que promueve la distribuci&oacute;n justa de recursos y oportunidades, respetando las diferencias y necesidades de cada individuo o grupo.&amp;lt;br\/&amp;gt;&amp;lt;!-- \/wp:paragraph --&amp;gt;&lt;\/div&gt;&lt;div id=&amp;quot;cmtt_related_articles&amp;quot; class=&amp;quot;cmtt_related_articles_wrapper&amp;quot;&gt;&lt;div class=&amp;quot;cmtt_related_title cmtt_related_articles_title&amp;quot;&gt;Related Articles: &lt;\/div&gt;&lt;ul class=&amp;quot;cmtt_related&amp;quot;&gt;&lt;li class=&amp;quot;cmtt_related_item&amp;quot;&gt;&lt;a href=&amp;quot;https:\/\/xqthenews.com\/es\/asi-funciona-la-estratificacion-horizontal-en-la-universidad-segun-el-origen-social\/&amp;quot;target=&amp;quot;_blank&amp;quot;&gt;As&iacute; funciona la &laquo;estratificaci&oacute;n horizontal&raquo; en la universidad seg&uacute;n el origen social&lt;\/a&gt;&lt;\/li&gt;&lt;li class=&amp;quot;cmtt_related_item&amp;quot;&gt;&lt;a href=&amp;quot;https:\/\/xqthenews.com\/es\/medicina-de-genero-un-enfoque-innovador-de-la-salud\/&amp;quot;target=&amp;quot;_blank&amp;quot;&gt;Medicina de g&eacute;nero: un enfoque innovador de la salud&lt;\/a&gt;&lt;\/li&gt;&lt;li class=&amp;quot;cmtt_related_item&amp;quot;&gt;&lt;a href=&amp;quot;https:\/\/xqthenews.com\/es\/transicion-energetica-y-justicia-social-quien-paga-el-precio\/&amp;quot;target=&amp;quot;_blank&amp;quot;&gt;Transici&oacute;n energ&eacute;tica y justicia social: &iquest;qui&eacute;n paga el precio?&lt;\/a&gt;&lt;\/li&gt;&lt;\/ul&gt;&lt;\/div&gt;\" href=\"https:\/\/xqthenews.com\/es\/glossary\/equidad\/\" data-gt-translate-attributes='[{\"attribute\":\"data-cmtooltip\", \"format\":\"html\"}]' tabindex=\"0\" role=\"link\">equidad<\/a> social.<\/p>\n\n\n\n<p>Su capacidad de movilizaci&oacute;n e innovaci&oacute;n es esencial para presionar a gobiernos y empresas para que adopten pr&aacute;cticas que garanticen que la <a class=\"glossaryLink\" aria-describedby=\"tt\" data-cmtooltip=\"&lt;div class=glossaryItemTitle&gt;Transici&oacute;n Energ&eacute;tica&lt;\/div&gt;&lt;div class=glossaryItemBody&gt;&amp;lt;!-- wp:paragraph --&amp;gt;La transici&oacute;n energ&eacute;tica se define como un conjunto de cambios en los modelos de producci&oacute;n, distribuci&oacute;n y consumo de energ&iacute;a para lograr una mayor sostenibilidad. El objetivo de este proceso es transformar el actual sistema energ&eacute;tico basado en los combustibles f&oacute;siles en un modelo el&eacute;ctrico basado en las energ&iacute;as renovables y otras formas de reducci&oacute;n de emisiones.&amp;lt;br\/&amp;gt;&amp;lt;!-- \/wp:paragraph --&amp;gt;&amp;lt;!-- wp:paragraph --&amp;gt;(Fuente: Iberdrola)&amp;lt;br\/&amp;gt;&amp;lt;!-- \/wp:paragraph --&amp;gt;&lt;\/div&gt;&lt;div id=&amp;quot;cmtt_related_articles&amp;quot; class=&amp;quot;cmtt_related_articles_wrapper&amp;quot;&gt;&lt;div class=&amp;quot;cmtt_related_title cmtt_related_articles_title&amp;quot;&gt;Related Articles: &lt;\/div&gt;&lt;ul class=&amp;quot;cmtt_related&amp;quot;&gt;&lt;li class=&amp;quot;cmtt_related_item&amp;quot;&gt;&lt;a href=&amp;quot;https:\/\/xqthenews.com\/es\/cop-28-y-la-participacion-de-los-jovenes-en-el-desafio-climatico\/&amp;quot;target=&amp;quot;_blank&amp;quot;&gt;COP 28 y la participaci&oacute;n de los j&oacute;venes en el desaf&iacute;o clim&agrave;tico&lt;\/a&gt;&lt;\/li&gt;&lt;li class=&amp;quot;cmtt_related_item&amp;quot;&gt;&lt;a href=&amp;quot;https:\/\/xqthenews.com\/es\/estamos-aun-a-tiempo-de-salvar-el-planeta\/&amp;quot;target=&amp;quot;_blank&amp;quot;&gt;&iquest;Estamos a&uacute;n a tiempo de salvar el planeta?&lt;\/a&gt;&lt;\/li&gt;&lt;li class=&amp;quot;cmtt_related_item&amp;quot;&gt;&lt;a href=&amp;quot;https:\/\/xqthenews.com\/es\/justicia-climatica-global-el-papel-de-los-jovenes-en-la-lucha-por-mas-financiacion\/&amp;quot;target=&amp;quot;_blank&amp;quot;&gt;Justicia clim&aacute;tica global: el papel de los j&oacute;venes en la lucha por m&aacute;s financiaci&oacute;n&lt;\/a&gt;&lt;\/li&gt;&lt;li class=&amp;quot;cmtt_related_item&amp;quot;&gt;&lt;a href=&amp;quot;https:\/\/xqthenews.com\/es\/aceleradores-y-riesgos-de-la-transicion-energetica-en-europa\/&amp;quot;target=&amp;quot;_blank&amp;quot;&gt;Aceleradores y riesgos de la transici&oacute;n energ&eacute;tica en Europa&lt;\/a&gt;&lt;\/li&gt;&lt;li class=&amp;quot;cmtt_related_item&amp;quot;&gt;&lt;a href=&amp;quot;https:\/\/xqthenews.com\/es\/glossary\/produccion-descentralizada\/&amp;quot;target=&amp;quot;_blank&amp;quot;&gt;Glossary:  Producci&oacute;n descentralizada&lt;\/a&gt;&lt;\/li&gt;&lt;\/ul&gt;&lt;\/div&gt;\" href=\"https:\/\/xqthenews.com\/es\/glossary\/transicion-energetica\/\" data-gt-translate-attributes='[{\"attribute\":\"data-cmtooltip\", \"format\":\"html\"}]' tabindex=\"0\" role=\"link\">transici&oacute;n energ&eacute;tica<\/a> no deja a nadie atr&aacute;s.<\/p>\n\n\n\n<p>La <a class=\"glossaryLink\" aria-describedby=\"tt\" data-cmtooltip=\"&lt;div class=glossaryItemTitle&gt;Transici&oacute;n Energ&eacute;tica&lt;\/div&gt;&lt;div class=glossaryItemBody&gt;&amp;lt;!-- wp:paragraph --&amp;gt;La transici&oacute;n energ&eacute;tica se define como un conjunto de cambios en los modelos de producci&oacute;n, distribuci&oacute;n y consumo de energ&iacute;a para lograr una mayor sostenibilidad. El objetivo de este proceso es transformar el actual sistema energ&eacute;tico basado en los combustibles f&oacute;siles en un modelo el&eacute;ctrico basado en las energ&iacute;as renovables y otras formas de reducci&oacute;n de emisiones.&amp;lt;br\/&amp;gt;&amp;lt;!-- \/wp:paragraph --&amp;gt;&amp;lt;!-- wp:paragraph --&amp;gt;(Fuente: Iberdrola)&amp;lt;br\/&amp;gt;&amp;lt;!-- \/wp:paragraph --&amp;gt;&lt;\/div&gt;&lt;div id=&amp;quot;cmtt_related_articles&amp;quot; class=&amp;quot;cmtt_related_articles_wrapper&amp;quot;&gt;&lt;div class=&amp;quot;cmtt_related_title cmtt_related_articles_title&amp;quot;&gt;Related Articles: &lt;\/div&gt;&lt;ul class=&amp;quot;cmtt_related&amp;quot;&gt;&lt;li class=&amp;quot;cmtt_related_item&amp;quot;&gt;&lt;a href=&amp;quot;https:\/\/xqthenews.com\/es\/cop-28-y-la-participacion-de-los-jovenes-en-el-desafio-climatico\/&amp;quot;target=&amp;quot;_blank&amp;quot;&gt;COP 28 y la participaci&oacute;n de los j&oacute;venes en el desaf&iacute;o clim&agrave;tico&lt;\/a&gt;&lt;\/li&gt;&lt;li class=&amp;quot;cmtt_related_item&amp;quot;&gt;&lt;a href=&amp;quot;https:\/\/xqthenews.com\/es\/estamos-aun-a-tiempo-de-salvar-el-planeta\/&amp;quot;target=&amp;quot;_blank&amp;quot;&gt;&iquest;Estamos a&uacute;n a tiempo de salvar el planeta?&lt;\/a&gt;&lt;\/li&gt;&lt;li class=&amp;quot;cmtt_related_item&amp;quot;&gt;&lt;a href=&amp;quot;https:\/\/xqthenews.com\/es\/justicia-climatica-global-el-papel-de-los-jovenes-en-la-lucha-por-mas-financiacion\/&amp;quot;target=&amp;quot;_blank&amp;quot;&gt;Justicia clim&aacute;tica global: el papel de los j&oacute;venes en la lucha por m&aacute;s financiaci&oacute;n&lt;\/a&gt;&lt;\/li&gt;&lt;li class=&amp;quot;cmtt_related_item&amp;quot;&gt;&lt;a href=&amp;quot;https:\/\/xqthenews.com\/es\/aceleradores-y-riesgos-de-la-transicion-energetica-en-europa\/&amp;quot;target=&amp;quot;_blank&amp;quot;&gt;Aceleradores y riesgos de la transici&oacute;n energ&eacute;tica en Europa&lt;\/a&gt;&lt;\/li&gt;&lt;li class=&amp;quot;cmtt_related_item&amp;quot;&gt;&lt;a href=&amp;quot;https:\/\/xqthenews.com\/es\/glossary\/produccion-descentralizada\/&amp;quot;target=&amp;quot;_blank&amp;quot;&gt;Glossary:  Producci&oacute;n descentralizada&lt;\/a&gt;&lt;\/li&gt;&lt;\/ul&gt;&lt;\/div&gt;\" href=\"https:\/\/xqthenews.com\/es\/glossary\/transicion-energetica\/\" data-gt-translate-attributes='[{\"attribute\":\"data-cmtooltip\", \"format\":\"html\"}]' tabindex=\"0\" role=\"link\">transici&oacute;n energ&eacute;tica<\/a> presenta retos complejos que van m&aacute;s all&aacute; de la simple sustituci&oacute;n de las fuentes de energ&iacute;a. Para ser verdaderamente sostenible, debe integrar consideraciones de <a class=\"glossaryLink\" aria-describedby=\"tt\" data-cmtooltip=\"&lt;div class=glossaryItemTitle&gt;Justicia social&lt;\/div&gt;&lt;div class=glossaryItemBody&gt;&amp;lt;!-- wp:paragraph --&amp;gt;El concepto de justicia social surgi&oacute; a mediados del siglo XIX para referirse a la necesidad de lograr una distribuci&oacute;n equitativa de los bienes sociales. En una sociedad donde hay justicia social, se respetan los derechos humanos y las clases sociales m&aacute;s desfavorecidas tienen oportunidades de desarrollo.&amp;lt;br\/&amp;gt;&amp;lt;!-- \/wp:paragraph --&amp;gt;&amp;lt;!-- wp:paragraph --&amp;gt;(Fuente: Conceito.de)&amp;lt;br\/&amp;gt;&amp;lt;!-- \/wp:paragraph --&amp;gt;&lt;\/div&gt;&lt;div id=&amp;quot;cmtt_related_articles&amp;quot; class=&amp;quot;cmtt_related_articles_wrapper&amp;quot;&gt;&lt;div class=&amp;quot;cmtt_related_title cmtt_related_articles_title&amp;quot;&gt;Related Articles: &lt;\/div&gt;&lt;ul class=&amp;quot;cmtt_related&amp;quot;&gt;&lt;li class=&amp;quot;cmtt_related_item&amp;quot;&gt;&lt;a href=&amp;quot;https:\/\/xqthenews.com\/es\/transicion-energetica-y-justicia-social-quien-paga-el-precio\/&amp;quot;target=&amp;quot;_blank&amp;quot;&gt;Transici&oacute;n energ&eacute;tica y justicia social: &iquest;qui&eacute;n paga el precio?&lt;\/a&gt;&lt;\/li&gt;&lt;li class=&amp;quot;cmtt_related_item&amp;quot;&gt;&lt;a href=&amp;quot;https:\/\/xqthenews.com\/es\/mujeres-y-poder-avances-pero-la-igualdad-sigue-siendo-un-objetivo-lejano\/&amp;quot;target=&amp;quot;_blank&amp;quot;&gt;Mujeres y poder: avances, pero la igualdad sigue siendo un objetivo lejano&lt;\/a&gt;&lt;\/li&gt;&lt;\/ul&gt;&lt;\/div&gt;\" href=\"https:\/\/xqthenews.com\/es\/glossary\/justicia-social\/\" data-gt-translate-attributes='[{\"attribute\":\"data-cmtooltip\", \"format\":\"html\"}]' tabindex=\"0\" role=\"link\">justicia social<\/a>, garantizando que los costes y los beneficios se distribuyan equitativamente. Fomentar la <a class=\"glossaryLink\" aria-describedby=\"tt\" data-cmtooltip=\"&lt;div class=glossaryItemTitle&gt;Producci&oacute;n descentralizada&lt;\/div&gt;&lt;div class=glossaryItemBody&gt;&amp;lt;!-- wp:paragraph --&amp;gt;La producci&oacute;n descentralizada se refiere a los sistemas de producci&oacute;n que tienen lugar cerca de los lugares de consumo, en lugar de estar centralizados en un &uacute;nico lugar. Esto puede incluir la producci&oacute;n de energ&iacute;a, como la instalaci&oacute;n de sistemas fotovoltaicos en los edificios, donde la energ&iacute;a se genera localmente y se consume en el mismo lugar o en las proximidades.&amp;lt;br\/&amp;gt;&amp;lt;!-- \/wp:paragraph --&amp;gt;&amp;lt;!-- wp:paragraph --&amp;gt;Adem&aacute;s, la producci&oacute;n descentralizada se considera un pilar para la transici&oacute;n energ&eacute;tica, ya que promueve un sistema m&aacute;s sostenible y resistente. Este enfoque tambi&eacute;n puede aplicarse en contextos de fabricaci&oacute;n, donde la producci&oacute;n de piezas se distribuye entre varios lugares.&amp;lt;br\/&amp;gt;&amp;lt;!-- \/wp:paragraph --&amp;gt;&amp;lt;!-- wp:paragraph --&amp;gt;(Fuente: Dgeg)&amp;lt;br\/&amp;gt;&amp;lt;!-- \/wp:paragraph --&amp;gt;&lt;\/div&gt;&lt;div id=&amp;quot;cmtt_related_articles&amp;quot; class=&amp;quot;cmtt_related_articles_wrapper&amp;quot;&gt;&lt;div class=&amp;quot;cmtt_related_title cmtt_related_articles_title&amp;quot;&gt;Related Articles: &lt;\/div&gt;&lt;ul class=&amp;quot;cmtt_related&amp;quot;&gt;&lt;li class=&amp;quot;cmtt_related_item&amp;quot;&gt;&lt;a href=&amp;quot;https:\/\/xqthenews.com\/es\/transicion-energetica-y-justicia-social-quien-paga-el-precio\/&amp;quot;target=&amp;quot;_blank&amp;quot;&gt;Transici&oacute;n energ&eacute;tica y justicia social: &iquest;qui&eacute;n paga el precio?&lt;\/a&gt;&lt;\/li&gt;&lt;\/ul&gt;&lt;\/div&gt;\" href=\"https:\/\/xqthenews.com\/es\/glossary\/produccion-descentralizada\/\" data-gt-translate-attributes='[{\"attribute\":\"data-cmtooltip\", \"format\":\"html\"}]' tabindex=\"0\" role=\"link\">producci&oacute;n descentralizada<\/a>, apoyar a las comunidades energ&eacute;ticas, abordar las desigualdades territoriales e implicar activamente a los j&oacute;venes son pasos cruciales para garantizar que la <a class=\"glossaryLink\" aria-describedby=\"tt\" data-cmtooltip=\"&lt;div class=glossaryItemTitle&gt;Transici&oacute;n Energ&eacute;tica&lt;\/div&gt;&lt;div class=glossaryItemBody&gt;&amp;lt;!-- wp:paragraph --&amp;gt;La transici&oacute;n energ&eacute;tica se define como un conjunto de cambios en los modelos de producci&oacute;n, distribuci&oacute;n y consumo de energ&iacute;a para lograr una mayor sostenibilidad. El objetivo de este proceso es transformar el actual sistema energ&eacute;tico basado en los combustibles f&oacute;siles en un modelo el&eacute;ctrico basado en las energ&iacute;as renovables y otras formas de reducci&oacute;n de emisiones.&amp;lt;br\/&amp;gt;&amp;lt;!-- \/wp:paragraph --&amp;gt;&amp;lt;!-- wp:paragraph --&amp;gt;(Fuente: Iberdrola)&amp;lt;br\/&amp;gt;&amp;lt;!-- \/wp:paragraph --&amp;gt;&lt;\/div&gt;&lt;div id=&amp;quot;cmtt_related_articles&amp;quot; class=&amp;quot;cmtt_related_articles_wrapper&amp;quot;&gt;&lt;div class=&amp;quot;cmtt_related_title cmtt_related_articles_title&amp;quot;&gt;Related Articles: &lt;\/div&gt;&lt;ul class=&amp;quot;cmtt_related&amp;quot;&gt;&lt;li class=&amp;quot;cmtt_related_item&amp;quot;&gt;&lt;a href=&amp;quot;https:\/\/xqthenews.com\/es\/cop-28-y-la-participacion-de-los-jovenes-en-el-desafio-climatico\/&amp;quot;target=&amp;quot;_blank&amp;quot;&gt;COP 28 y la participaci&oacute;n de los j&oacute;venes en el desaf&iacute;o clim&agrave;tico&lt;\/a&gt;&lt;\/li&gt;&lt;li class=&amp;quot;cmtt_related_item&amp;quot;&gt;&lt;a href=&amp;quot;https:\/\/xqthenews.com\/es\/estamos-aun-a-tiempo-de-salvar-el-planeta\/&amp;quot;target=&amp;quot;_blank&amp;quot;&gt;&iquest;Estamos a&uacute;n a tiempo de salvar el planeta?&lt;\/a&gt;&lt;\/li&gt;&lt;li class=&amp;quot;cmtt_related_item&amp;quot;&gt;&lt;a href=&amp;quot;https:\/\/xqthenews.com\/es\/justicia-climatica-global-el-papel-de-los-jovenes-en-la-lucha-por-mas-financiacion\/&amp;quot;target=&amp;quot;_blank&amp;quot;&gt;Justicia clim&aacute;tica global: el papel de los j&oacute;venes en la lucha por m&aacute;s financiaci&oacute;n&lt;\/a&gt;&lt;\/li&gt;&lt;li class=&amp;quot;cmtt_related_item&amp;quot;&gt;&lt;a href=&amp;quot;https:\/\/xqthenews.com\/es\/aceleradores-y-riesgos-de-la-transicion-energetica-en-europa\/&amp;quot;target=&amp;quot;_blank&amp;quot;&gt;Aceleradores y riesgos de la transici&oacute;n energ&eacute;tica en Europa&lt;\/a&gt;&lt;\/li&gt;&lt;li class=&amp;quot;cmtt_related_item&amp;quot;&gt;&lt;a href=&amp;quot;https:\/\/xqthenews.com\/es\/glossary\/produccion-descentralizada\/&amp;quot;target=&amp;quot;_blank&amp;quot;&gt;Glossary:  Producci&oacute;n descentralizada&lt;\/a&gt;&lt;\/li&gt;&lt;\/ul&gt;&lt;\/div&gt;\" href=\"https:\/\/xqthenews.com\/es\/glossary\/transicion-energetica\/\" data-gt-translate-attributes='[{\"attribute\":\"data-cmtooltip\", \"format\":\"html\"}]' tabindex=\"0\" role=\"link\">transici&oacute;n energ&eacute;tica<\/a> contribuya a un futuro m&aacute;s justo e integrador.<\/p>\n\n\n\n<h3 class=\"wp-block-heading has-vivid-green-cyan-color has-text-color has-link-color wp-elements-e8a1b029724cdd281a8c37ed1d535346\"><strong>Actividades complementarias<\/strong><\/h3>\n\n\n\n<p><strong>Documentos de apoyo<\/strong><\/p>\n\n\n\n<ul class=\"wp-block-list\">\n<li><a href=\"https:\/\/xqthenews.com\/wp-content\/uploads\/2025\/04\/eu-energy-in-figures-MJAB21001ENN-1.pdf\">La energ&iacute;a en cifras<\/a><\/li>\n<\/ul>\n\n\n\n<p><strong>V&iacute;deos<\/strong><\/p>\n\n\n\n<ul class=\"wp-block-list\">\n<li><a href=\"https:\/\/www.youtube.com\/watch?v=39mghEp6IQI\">#1 Voc&ecirc; sabe o que &eacute; transi&ccedil;&atilde;o energ&eacute;tica com justi&ccedil;a social?<\/a><\/li>\n\n\n\n<li><a href=\"https:\/\/www.bing.com\/videos\/riverview\/relatedvideo?q=TRANSI%C3%87%C3%83O+ENERGETICA+E+JUSTI%C3%87A+SOCIAL&amp;mid=3EF41ED48CFB294E5E593EF41ED48CFB294E5E59&amp;FORM=VIRE\">Bing V&iacute;deos<\/a><\/li>\n<\/ul>\n\n\n\n<p><strong>Links<\/strong><\/p>\n\n\n\n<ul class=\"wp-block-list\">\n<li><a href=\"https:\/\/european-union.europa.eu\/priorities-and-actions\/actions-topic\/energy_pt\">Energia sustent&aacute;vel &ndash; a interven&ccedil;&atilde;o da UE | Uni&atilde;o Europeia<\/a><\/li>\n\n\n\n<li><a href=\"https:\/\/ambienteterritoriosociedade-ics.org\/2023\/11\/29\/a-energia-comunitaria-em-portugal-na-transicao-para-as-renovaveis-uma-caracterizacao-preliminar\/?utm_source=chatgpt.com\">A energia comunit&aacute;ria em Portugal na transi&ccedil;&atilde;o para as renov&aacute;veis: uma caracteriza&ccedil;&atilde;o preliminar &ndash; Blogue SHIFT<\/a><\/li>\n\n\n\n<li><a href=\"https:\/\/www.eurofound.europa.eu\/pt\/publications\/2023\/colmatar-o-fosso-entre-zonas-rurais-e-urbanas-combater-desigualdades-e-capacitar?utm_source=chatgpt.com\">Colmatar o fosso entre as zonas rurais e urbanas: combater as desigualdades e capacitar as comunidades | European Foundation for the Improvement of Living and Working Conditions<\/a><\/li>\n\n\n\n<li><a href=\"https:\/\/expresso.pt\/economia\/2021-11-09-Transicao-energetica-sim-mas-com-atencao-aos-precos-e-justica-social-defendem-eurodeputados-344b9e4c#:~:text=Os%20eurodeputados%20portugueses%20reconhecem%20a%20necessidade%20de%20avan%C3%A7ar,considerando%20o%20impacto%20dos%20pre%C3%A7os%20elevados%20da%20energia.\">Transi&ccedil;&atilde;o energ&eacute;tica sim, mas com aten&ccedil;&atilde;o aos pre&ccedil;os e justi&ccedil;a social, defendem eurodeputados &ndash; Expresso<\/a><br><\/li>\n<\/ul>\n\n\n\n<hr class=\"wp-block-separator has-text-color has-vivid-green-cyan-color has-alpha-channel-opacity has-vivid-green-cyan-background-color has-background is-style-wide\">\n\n\n\n<div style=\"height:100px\" aria-hidden=\"true\" class=\"wp-block-spacer\"><\/div>\n\n\n<script type=\"text\/javascript\">\n\/* <![CDATA[ *\/\nvar gform;gform||(document.addEventListener(\"gform_main_scripts_loaded\",function(){gform.scriptsLoaded=!0}),document.addEventListener(\"gform\/theme\/scripts_loaded\",function(){gform.themeScriptsLoaded=!0}),window.addEventListener(\"DOMContentLoaded\",function(){gform.domLoaded=!0}),gform={domLoaded:!1,scriptsLoaded:!1,themeScriptsLoaded:!1,isFormEditor:()=>\"function\"==typeof InitializeEditor,callIfLoaded:function(o){return!(!gform.domLoaded||!gform.scriptsLoaded||!gform.themeScriptsLoaded&&!gform.isFormEditor()||(gform.isFormEditor()&&console.warn(\"The use of gform.initializeOnLoaded() is deprecated in the form editor context and will be removed in Gravity Forms 3.1.\"),o(),0))},initializeOnLoaded:function(o){gform.callIfLoaded(o)||(document.addEventListener(\"gform_main_scripts_loaded\",()=>{gform.scriptsLoaded=!0,gform.callIfLoaded(o)}),document.addEventListener(\"gform\/theme\/scripts_loaded\",()=>{gform.themeScriptsLoaded=!0,gform.callIfLoaded(o)}),window.addEventListener(\"DOMContentLoaded\",()=>{gform.domLoaded=!0,gform.callIfLoaded(o)}))},hooks:{action:{},filter:{}},addAction:function(o,r,e,t){gform.addHook(\"action\",o,r,e,t)},addFilter:function(o,r,e,t){gform.addHook(\"filter\",o,r,e,t)},doAction:function(o){gform.doHook(\"action\",o,arguments)},applyFilters:function(o){return gform.doHook(\"filter\",o,arguments)},removeAction:function(o,r){gform.removeHook(\"action\",o,r)},removeFilter:function(o,r,e){gform.removeHook(\"filter\",o,r,e)},addHook:function(o,r,e,t,n){null==gform.hooks[o][r]&&(gform.hooks[o][r]=[]);var d=gform.hooks[o][r];null==n&&(n=r+\"_\"+d.length),gform.hooks[o][r].push({tag:n,callable:e,priority:t=null==t?10:t})},doHook:function(r,o,e){var t;if(e=Array.prototype.slice.call(e,1),null!=gform.hooks[r][o]&&((o=gform.hooks[r][o]).sort(function(o,r){return o.priority-r.priority}),o.forEach(function(o){\"function\"!=typeof(t=o.callable)&&(t=window[t]),\"action\"==r?t.apply(null,e):e[0]=t.apply(null,e)})),\"filter\"==r)return e[0]},removeHook:function(o,r,t,n){var e;null!=gform.hooks[o][r]&&(e=(e=gform.hooks[o][r]).filter(function(o,r,e){return!!(null!=n&&n!=o.tag||null!=t&&t!=o.priority)}),gform.hooks[o][r]=e)}});\n\/* ]]> *\/\n<\/script>\n\n                <div class=\"gf_browser_gecko gform_wrapper gravity-theme gform-theme--no-framework quiz_wrapper\" data-form-theme=\"gravity-theme\" data-form-index=\"0\" id=\"gform_wrapper_853\"><div id=\"gf_853\" class=\"gform_anchor\" tabindex=\"-1\"><\/div>\n                        <div class=\"gform_heading\">\n                            <h2 class=\"gform_title\">Cuestionario de comprensi&oacute;n lectora. Transici&oacute;n energ&eacute;tica y justicia social: &iquest;qui&eacute;n paga el precio?<\/h2>\n                            <p class=\"gform_description\"><\/p>\n                        <\/div><form method=\"post\" enctype=\"multipart\/form-data\" id=\"gform_853\" class=\"quiz\" action=\"\/es\/wp-json\/wp\/v2\/posts\/29380#gf_853\" data-formid=\"853\" novalidate> \r\n <input type=\"hidden\" class=\"gforms-pum\" value='{\"closepopup\":false,\"closedelay\":0,\"openpopup\":false,\"openpopup_id\":0}'>\n        <div id=\"gf_progressbar_wrapper_853\" class=\"gf_progressbar_wrapper\" data-start-at-zero=\"\">\n        \t<p class=\"gf_progressbar_title\">Paso <span class=\"gf_step_current_page\">1<\/span> de <span class=\"gf_step_page_count\">5<\/span><span class=\"gf_step_page_name\"><\/span>\n        \t<\/p>\n            <div class=\"gf_progressbar gf_progressbar_blue\" aria-hidden=\"true\">\n                <div class=\"gf_progressbar_percentage percentbar_blue percentbar_20\" style=\"width:20%;\"><span>20%<\/span><\/div>\n            <\/div><\/div>\n                        <div class=\"gform-body gform_body\"><div id=\"gform_page_853_1\" class=\"gform_page \" data-js=\"page-field-id-0\">\n\t\t\t\t\t<div class=\"gform_page_fields\"><div id=\"gform_fields_853\" class=\"gform_fields top_label form_sublabel_below description_below validation_below\"><fieldset id=\"field_853_1\" class=\"gfield gfield--type-quiz gfield--type-choice gfield--input-type-radio field_sublabel_below gfield--no-description field_description_below field_validation_below gfield_visibility_visible gquiz-field \" data-field-class=\"gquiz-field\"><legend class=\"gfield_label gform-field-label\">&iquest;Cu&aacute;l es uno de los principales retos de la <a class=\"glossaryLink\" aria-describedby=\"tt\" data-cmtooltip=\"&lt;div class=glossaryItemTitle&gt;Transici&oacute;n Energ&eacute;tica&lt;\/div&gt;&lt;div class=glossaryItemBody&gt;&amp;lt;!-- wp:paragraph --&amp;gt;La transici&oacute;n energ&eacute;tica se define como un conjunto de cambios en los modelos de producci&oacute;n, distribuci&oacute;n y consumo de energ&iacute;a para lograr una mayor sostenibilidad. El objetivo de este proceso es transformar el actual sistema energ&eacute;tico basado en los combustibles f&oacute;siles en un modelo el&eacute;ctrico basado en las energ&iacute;as renovables y otras formas de reducci&oacute;n de emisiones.&amp;lt;br\/&amp;gt;&amp;lt;!-- \/wp:paragraph --&amp;gt;&amp;lt;!-- wp:paragraph --&amp;gt;(Fuente: Iberdrola)&amp;lt;br\/&amp;gt;&amp;lt;!-- \/wp:paragraph --&amp;gt;&lt;\/div&gt;&lt;div id=&amp;quot;cmtt_related_articles&amp;quot; class=&amp;quot;cmtt_related_articles_wrapper&amp;quot;&gt;&lt;div class=&amp;quot;cmtt_related_title cmtt_related_articles_title&amp;quot;&gt;Related Articles: &lt;\/div&gt;&lt;ul class=&amp;quot;cmtt_related&amp;quot;&gt;&lt;li class=&amp;quot;cmtt_related_item&amp;quot;&gt;&lt;a href=&amp;quot;https:\/\/xqthenews.com\/es\/cop-28-y-la-participacion-de-los-jovenes-en-el-desafio-climatico\/&amp;quot;target=&amp;quot;_blank&amp;quot;&gt;COP 28 y la participaci&oacute;n de los j&oacute;venes en el desaf&iacute;o clim&agrave;tico&lt;\/a&gt;&lt;\/li&gt;&lt;li class=&amp;quot;cmtt_related_item&amp;quot;&gt;&lt;a href=&amp;quot;https:\/\/xqthenews.com\/es\/estamos-aun-a-tiempo-de-salvar-el-planeta\/&amp;quot;target=&amp;quot;_blank&amp;quot;&gt;&iquest;Estamos a&uacute;n a tiempo de salvar el planeta?&lt;\/a&gt;&lt;\/li&gt;&lt;li class=&amp;quot;cmtt_related_item&amp;quot;&gt;&lt;a href=&amp;quot;https:\/\/xqthenews.com\/es\/justicia-climatica-global-el-papel-de-los-jovenes-en-la-lucha-por-mas-financiacion\/&amp;quot;target=&amp;quot;_blank&amp;quot;&gt;Justicia clim&aacute;tica global: el papel de los j&oacute;venes en la lucha por m&aacute;s financiaci&oacute;n&lt;\/a&gt;&lt;\/li&gt;&lt;li class=&amp;quot;cmtt_related_item&amp;quot;&gt;&lt;a href=&amp;quot;https:\/\/xqthenews.com\/es\/aceleradores-y-riesgos-de-la-transicion-energetica-en-europa\/&amp;quot;target=&amp;quot;_blank&amp;quot;&gt;Aceleradores y riesgos de la transici&oacute;n energ&eacute;tica en Europa&lt;\/a&gt;&lt;\/li&gt;&lt;li class=&amp;quot;cmtt_related_item&amp;quot;&gt;&lt;a href=&amp;quot;https:\/\/xqthenews.com\/es\/glossary\/produccion-descentralizada\/&amp;quot;target=&amp;quot;_blank&amp;quot;&gt;Glossary:  Producci&oacute;n descentralizada&lt;\/a&gt;&lt;\/li&gt;&lt;\/ul&gt;&lt;\/div&gt;\" href=\"https:\/\/xqthenews.com\/es\/glossary\/transicion-energetica\/\" data-gt-translate-attributes='[{\"attribute\":\"data-cmtooltip\", \"format\":\"html\"}]' tabindex=\"0\" role=\"link\">transici&oacute;n energ&eacute;tica<\/a> en el contexto social?<\/legend><div class=\"ginput_container ginput_container_radio\"><div class=\"gfield_radio\" id=\"input_853_1\">\n\t\t\t<div class=\"gchoice gchoice_853_1_0\">\n\t\t\t\t\t<input class=\"gfield-choice-input\" name=\"input_1\" type=\"radio\" value=\"gquiz1b2b27084\" id=\"choice_853_1_0\" onchange=\"gformToggleRadioOther( this )\">\n\t\t\t\t\t<label for=\"choice_853_1_0\" id=\"label_853_1_0\" class=\"gform-field-label gform-field-label--type-inline\">La creciente dependencia de los <a class=\"glossaryLink\" aria-describedby=\"tt\" data-cmtooltip=\"&lt;div class=glossaryItemTitle&gt;Combustibles f&oacute;siles&lt;\/div&gt;&lt;div class=glossaryItemBody&gt;&amp;lt;!-- wp:paragraph --&amp;gt;Los combustibles f&oacute;siles son recursos energ&eacute;ticos como petr&oacute;leo, carb&oacute;n y gas natural formados de materia org&aacute;nica antigua.&amp;lt;br\/&amp;gt;&amp;lt;!-- \/wp:paragraph --&amp;gt;&lt;\/div&gt;&lt;div id=&amp;quot;cmtt_related_articles&amp;quot; class=&amp;quot;cmtt_related_articles_wrapper&amp;quot;&gt;&lt;div class=&amp;quot;cmtt_related_title cmtt_related_articles_title&amp;quot;&gt;Related Articles: &lt;\/div&gt;&lt;ul class=&amp;quot;cmtt_related&amp;quot;&gt;&lt;li class=&amp;quot;cmtt_related_item&amp;quot;&gt;&lt;a href=&amp;quot;https:\/\/xqthenews.com\/es\/glossary\/cambio-climatico-2\/&amp;quot;target=&amp;quot;_blank&amp;quot;&gt;Glossary:  Cambios Clim&aacute;ticos&lt;\/a&gt;&lt;\/li&gt;&lt;li class=&amp;quot;cmtt_related_item&amp;quot;&gt;&lt;a href=&amp;quot;https:\/\/xqthenews.com\/es\/glossary\/calentamiento-global\/&amp;quot;target=&amp;quot;_blank&amp;quot;&gt;Glossary:  Calentamiento Global&lt;\/a&gt;&lt;\/li&gt;&lt;li class=&amp;quot;cmtt_related_item&amp;quot;&gt;&lt;a href=&amp;quot;https:\/\/xqthenews.com\/es\/tu-fiambrera-de-plastico-contamina-el-planeta-y-tu-sistema-endocrino\/&amp;quot;target=&amp;quot;_blank&amp;quot;&gt;Tu fiambrera de pl&aacute;stico contamina el planeta y tu sistema endocrino&lt;\/a&gt;&lt;\/li&gt;&lt;li class=&amp;quot;cmtt_related_item&amp;quot;&gt;&lt;a href=&amp;quot;https:\/\/xqthenews.com\/es\/la-conferencia-de-la-onu-sobre-el-clima-se-ensucia-de-petroleo\/&amp;quot;target=&amp;quot;_blank&amp;quot;&gt;La conferencia de la ONU sobre el clima se ensucia de petr&oacute;leo&lt;\/a&gt;&lt;\/li&gt;&lt;li class=&amp;quot;cmtt_related_item&amp;quot;&gt;&lt;a href=&amp;quot;https:\/\/xqthenews.com\/es\/glossary\/phase-out\/&amp;quot;target=&amp;quot;_blank&amp;quot;&gt;Glossary:  Phase out&lt;\/a&gt;&lt;\/li&gt;&lt;\/ul&gt;&lt;\/div&gt;\" href=\"https:\/\/xqthenews.com\/es\/glossary\/combustibles-fosiles\/\" data-gt-translate-attributes='[{\"attribute\":\"data-cmtooltip\", \"format\":\"html\"}]' tabindex=\"0\" role=\"link\">combustibles f&oacute;siles<\/a>.<\/label>\n\t\t\t<\/div>\n\t\t\t<div class=\"gchoice gchoice_853_1_1\">\n\t\t\t\t\t<input class=\"gfield-choice-input\" name=\"input_1\" type=\"radio\" value=\"gquiz12c53da11\" id=\"choice_853_1_1\" onchange=\"gformToggleRadioOther( this )\">\n\t\t\t\t\t<label for=\"choice_853_1_1\" id=\"label_853_1_1\" class=\"gform-field-label gform-field-label--type-inline\">La exclusi&oacute;n de las zonas urbanas del acceso a las energ&iacute;as renovables.<\/label>\n\t\t\t<\/div>\n\t\t\t<div class=\"gchoice gchoice_853_1_2\">\n\t\t\t\t\t<input class=\"gfield-choice-input\" name=\"input_1\" type=\"radio\" value=\"gquiz1b6725f5d\" id=\"choice_853_1_2\" onchange=\"gformToggleRadioOther( this )\">\n\t\t\t\t\t<label for=\"choice_853_1_2\" id=\"label_853_1_2\" class=\"gform-field-label gform-field-label--type-inline\">El aumento de la <a class=\"glossaryLink\" aria-describedby=\"tt\" data-cmtooltip=\"&lt;div class=glossaryItemTitle&gt;Pobreza energ&eacute;tica&lt;\/div&gt;&lt;div class=glossaryItemBody&gt;&amp;lt;!-- wp:paragraph --&amp;gt;La definici&oacute;n de Pobreza Energ&eacute;tica no fue consensuada en la UE, ya que varios Estados miembros adoptaron una definici&oacute;n diferente teniendo en cuenta su realidad nacional.&amp;lt;br\/&amp;gt;&amp;lt;!-- \/wp:paragraph --&amp;gt;&amp;lt;!-- wp:paragraph --&amp;gt;Sin embargo, en la Directiva (UE) 2023\/1791 del Parlamento Europeo y del Consejo, de 13 de septiembre, relativa a la eficiencia energ&eacute;tica, se estableci&oacute; por primera vez una definici&oacute;n com&uacute;n de Pobreza Energ&eacute;tica:&amp;lt;br\/&amp;gt;&amp;lt;!-- \/wp:paragraph --&amp;gt;&amp;lt;!-- wp:paragraph --&amp;gt;&laquo;la falta de acceso de un hogar a los servicios energ&eacute;ticos esenciales, cuando dichos servicios proporcionan un nivel de vida y de salud b&aacute;sico y digno, incluidos calefacci&oacute;n, agua caliente, refrigeraci&oacute;n e iluminaci&oacute;n adecuados y la energ&iacute;a necesaria para los electrodom&eacute;sticos, teniendo en cuenta el contexto nacional, la pol&iacute;tica social y otras pol&iacute;ticas nacionales pertinentes, causada por una combinaci&oacute;n de factores, entre los que se incluyen, como m&iacute;nimo, la falta de asequibilidad, una renta disponible insuficiente, un gasto energ&eacute;tico elevado y una escasa eficiencia energ&eacute;tica de las viviendas.&raquo;&amp;lt;br\/&amp;gt;&amp;lt;!-- \/wp:paragraph --&amp;gt;&amp;lt;!-- wp:paragraph --&amp;gt;(Fuente: Dgeg)&amp;lt;br\/&amp;gt;&amp;lt;!-- \/wp:paragraph --&amp;gt;&lt;\/div&gt;&lt;div id=&amp;quot;cmtt_related_articles&amp;quot; class=&amp;quot;cmtt_related_articles_wrapper&amp;quot;&gt;&lt;div class=&amp;quot;cmtt_related_title cmtt_related_articles_title&amp;quot;&gt;Related Articles: &lt;\/div&gt;&lt;ul class=&amp;quot;cmtt_related&amp;quot;&gt;&lt;li class=&amp;quot;cmtt_related_item&amp;quot;&gt;&lt;a href=&amp;quot;https:\/\/xqthenews.com\/es\/transicion-energetica-y-justicia-social-quien-paga-el-precio\/&amp;quot;target=&amp;quot;_blank&amp;quot;&gt;Transici&oacute;n energ&eacute;tica y justicia social: &iquest;qui&eacute;n paga el precio?&lt;\/a&gt;&lt;\/li&gt;&lt;\/ul&gt;&lt;\/div&gt;\" href=\"https:\/\/xqthenews.com\/es\/glossary\/pobreza-energetica\/\" data-gt-translate-attributes='[{\"attribute\":\"data-cmtooltip\", \"format\":\"html\"}]' tabindex=\"0\" role=\"link\">pobreza energ&eacute;tica<\/a> debido a los altos costes.<\/label>\n\t\t\t<\/div>\n\t\t\t<div class=\"gchoice gchoice_853_1_3\">\n\t\t\t\t\t<input class=\"gfield-choice-input\" name=\"input_1\" type=\"radio\" value=\"gquiz1f881882e\" id=\"choice_853_1_3\" onchange=\"gformToggleRadioOther( this )\">\n\t\t\t\t\t<label for=\"choice_853_1_3\" id=\"label_853_1_3\" class=\"gform-field-label gform-field-label--type-inline\">La falta de inter&eacute;s de los j&oacute;venes por la <a class=\"glossaryLink\" aria-describedby=\"tt\" data-cmtooltip=\"&lt;div class=glossaryItemTitle&gt;Sostenibilidad&lt;\/div&gt;&lt;div class=glossaryItemBody&gt;&amp;lt;!-- wp:paragraph --&amp;gt;Capacidad de un sistema para mantenerse en equilibrio. La expresi&oacute;n se ha utilizado para designar los equilibrios que deben mantener los seres humanos para asegurar sus condiciones de vida y garantizar su continuidad en el planeta. En este sentido, el significado de sostenibilidad se refiere a la forma en que la humanidad debe interactuar con los recursos del planeta, de modo que la satisfacci&oacute;n de las necesidades del presente no ponga en peligro el futuro.&amp;lt;br\/&amp;gt;&amp;lt;!-- \/wp:paragraph --&amp;gt;&amp;lt;!-- wp:paragraph --&amp;gt;Fuente: https:\/\/florestas.pt\/saiba-mais\/qual-o-significado-de-sustentabilidade\/&amp;lt;br\/&amp;gt;&amp;lt;!-- \/wp:paragraph --&amp;gt;&lt;\/div&gt;&lt;div id=&amp;quot;cmtt_related_articles&amp;quot; class=&amp;quot;cmtt_related_articles_wrapper&amp;quot;&gt;&lt;div class=&amp;quot;cmtt_related_title cmtt_related_articles_title&amp;quot;&gt;Related Articles: &lt;\/div&gt;&lt;ul class=&amp;quot;cmtt_related&amp;quot;&gt;&lt;li class=&amp;quot;cmtt_related_item&amp;quot;&gt;&lt;a href=&amp;quot;https:\/\/xqthenews.com\/es\/mensaje-en-una-botella-o-los-plasticos-que-nunca-desaparecen\/&amp;quot;target=&amp;quot;_blank&amp;quot;&gt;Mensaje en una botella, o los pl&aacute;sticos que nunca desaparecen&lt;\/a&gt;&lt;\/li&gt;&lt;li class=&amp;quot;cmtt_related_item&amp;quot;&gt;&lt;a href=&amp;quot;https:\/\/xqthenews.com\/es\/luchar-contra-el-cambio-climatico-tambien-es-combatir-la-desinformacion\/&amp;quot;target=&amp;quot;_blank&amp;quot;&gt;Luchar contra el cambio clim&aacute;tico tambi&eacute;n es combatir la desinformaci&oacute;n&lt;\/a&gt;&lt;\/li&gt;&lt;li class=&amp;quot;cmtt_related_item&amp;quot;&gt;&lt;a href=&amp;quot;https:\/\/xqthenews.com\/es\/glossary\/greenwashing\/&amp;quot;target=&amp;quot;_blank&amp;quot;&gt;Glossary:  Greenwashing&lt;\/a&gt;&lt;\/li&gt;&lt;li class=&amp;quot;cmtt_related_item&amp;quot;&gt;&lt;a href=&amp;quot;https:\/\/xqthenews.com\/es\/la-educacion-ambiental-como-paradigma-de-la-prevencion-de-incendios-rurales\/&amp;quot;target=&amp;quot;_blank&amp;quot;&gt;La educaci&oacute;n ambiental como paradigma de la prevenci&oacute;n de incendios rurales&lt;\/a&gt;&lt;\/li&gt;&lt;li class=&amp;quot;cmtt_related_item&amp;quot;&gt;&lt;a href=&amp;quot;https:\/\/xqthenews.com\/es\/movimientos-juveniles-en-europa-en-busca-de-respuestas-a-la-crisis-climatica\/&amp;quot;target=&amp;quot;_blank&amp;quot;&gt;Movimientos juveniles en Europa en busca de respuestas a la crisis clim&aacute;tica&lt;\/a&gt;&lt;\/li&gt;&lt;\/ul&gt;&lt;\/div&gt;\" href=\"https:\/\/xqthenews.com\/es\/glossary\/sostenibilidad\/\" data-gt-translate-attributes='[{\"attribute\":\"data-cmtooltip\", \"format\":\"html\"}]' tabindex=\"0\" role=\"link\">sostenibilidad<\/a>.<\/label>\n\t\t\t<\/div><\/div><\/div><\/fieldset><\/div>\n                    <\/div>\n                    <div class=\"gform-page-footer gform_page_footer top_label\">\n                         <input type=\"button\" id=\"gform_next_button_853_5\" class=\"gform_next_button gform-theme-button button\" onclick=\"gform.submission.handleButtonClick(this);\" data-submission-type=\"next\" value=\"Siguiente \"> \n                    <\/div>\n                <\/div>\n                <div id=\"gform_page_853_2\" class=\"gform_page\" data-js=\"page-field-id-5\" style=\"display:none;\">\n                    <div class=\"gform_page_fields\">\n                        <div id=\"gform_fields_853_2\" class=\"gform_fields top_label form_sublabel_below description_below validation_below\"><fieldset id=\"field_853_3\" class=\"gfield gfield--type-quiz gfield--type-choice gfield--input-type-radio gfield--width-full field_sublabel_below gfield--no-description field_description_below field_validation_below gfield_visibility_visible gquiz-field \" data-field-class=\"gquiz-field\"><legend class=\"gfield_label gform-field-label\">&iquest;C&oacute;mo ayudan las comunidades energ&eacute;ticas a reducir la <a class=\"glossaryLink\" aria-describedby=\"tt\" data-cmtooltip=\"&lt;div class=glossaryItemTitle&gt;Pobreza energ&eacute;tica&lt;\/div&gt;&lt;div class=glossaryItemBody&gt;&amp;lt;!-- wp:paragraph --&amp;gt;La definici&oacute;n de Pobreza Energ&eacute;tica no fue consensuada en la UE, ya que varios Estados miembros adoptaron una definici&oacute;n diferente teniendo en cuenta su realidad nacional.&amp;lt;br\/&amp;gt;&amp;lt;!-- \/wp:paragraph --&amp;gt;&amp;lt;!-- wp:paragraph --&amp;gt;Sin embargo, en la Directiva (UE) 2023\/1791 del Parlamento Europeo y del Consejo, de 13 de septiembre, relativa a la eficiencia energ&eacute;tica, se estableci&oacute; por primera vez una definici&oacute;n com&uacute;n de Pobreza Energ&eacute;tica:&amp;lt;br\/&amp;gt;&amp;lt;!-- \/wp:paragraph --&amp;gt;&amp;lt;!-- wp:paragraph --&amp;gt;&laquo;la falta de acceso de un hogar a los servicios energ&eacute;ticos esenciales, cuando dichos servicios proporcionan un nivel de vida y de salud b&aacute;sico y digno, incluidos calefacci&oacute;n, agua caliente, refrigeraci&oacute;n e iluminaci&oacute;n adecuados y la energ&iacute;a necesaria para los electrodom&eacute;sticos, teniendo en cuenta el contexto nacional, la pol&iacute;tica social y otras pol&iacute;ticas nacionales pertinentes, causada por una combinaci&oacute;n de factores, entre los que se incluyen, como m&iacute;nimo, la falta de asequibilidad, una renta disponible insuficiente, un gasto energ&eacute;tico elevado y una escasa eficiencia energ&eacute;tica de las viviendas.&raquo;&amp;lt;br\/&amp;gt;&amp;lt;!-- \/wp:paragraph --&amp;gt;&amp;lt;!-- wp:paragraph --&amp;gt;(Fuente: Dgeg)&amp;lt;br\/&amp;gt;&amp;lt;!-- \/wp:paragraph --&amp;gt;&lt;\/div&gt;&lt;div id=&amp;quot;cmtt_related_articles&amp;quot; class=&amp;quot;cmtt_related_articles_wrapper&amp;quot;&gt;&lt;div class=&amp;quot;cmtt_related_title cmtt_related_articles_title&amp;quot;&gt;Related Articles: &lt;\/div&gt;&lt;ul class=&amp;quot;cmtt_related&amp;quot;&gt;&lt;li class=&amp;quot;cmtt_related_item&amp;quot;&gt;&lt;a href=&amp;quot;https:\/\/xqthenews.com\/es\/transicion-energetica-y-justicia-social-quien-paga-el-precio\/&amp;quot;target=&amp;quot;_blank&amp;quot;&gt;Transici&oacute;n energ&eacute;tica y justicia social: &iquest;qui&eacute;n paga el precio?&lt;\/a&gt;&lt;\/li&gt;&lt;\/ul&gt;&lt;\/div&gt;\" href=\"https:\/\/xqthenews.com\/es\/glossary\/pobreza-energetica\/\" data-gt-translate-attributes='[{\"attribute\":\"data-cmtooltip\", \"format\":\"html\"}]' tabindex=\"0\" role=\"link\">pobreza energ&eacute;tica<\/a>?<\/legend><div class=\"ginput_container ginput_container_radio\"><div class=\"gfield_radio\" id=\"input_853_3\">\n\t\t\t<div class=\"gchoice gchoice_853_3_0\">\n\t\t\t\t\t<input class=\"gfield-choice-input\" name=\"input_3\" type=\"radio\" value=\"gquiz3394e91f2\" id=\"choice_853_3_0\" onchange=\"gformToggleRadioOther( this )\">\n\t\t\t\t\t<label for=\"choice_853_3_0\" id=\"label_853_3_0\" class=\"gform-field-label gform-field-label--type-inline\">Aumentando la dependencia de las grandes empresas energ&eacute;ticas.<\/label>\n\t\t\t<\/div>\n\t\t\t<div class=\"gchoice gchoice_853_3_1\">\n\t\t\t\t\t<input class=\"gfield-choice-input\" name=\"input_3\" type=\"radio\" value=\"gquiz3b5aa3d2d\" id=\"choice_853_3_1\" onchange=\"gformToggleRadioOther( this )\">\n\t\t\t\t\t<label for=\"choice_853_3_1\" id=\"label_853_3_1\" class=\"gform-field-label gform-field-label--type-inline\">Permitiendo la producci&oacute;n y el consumo local de electricidad renovable.<\/label>\n\t\t\t<\/div>\n\t\t\t<div class=\"gchoice gchoice_853_3_2\">\n\t\t\t\t\t<input class=\"gfield-choice-input\" name=\"input_3\" type=\"radio\" value=\"gquiz3d1b23a18\" id=\"choice_853_3_2\" onchange=\"gformToggleRadioOther( this )\">\n\t\t\t\t\t<label for=\"choice_853_3_2\" id=\"label_853_3_2\" class=\"gform-field-label gform-field-label--type-inline\">Evitando el autoconsumo de energ&iacute;a solar.<\/label>\n\t\t\t<\/div>\n\t\t\t<div class=\"gchoice gchoice_853_3_3\">\n\t\t\t\t\t<input class=\"gfield-choice-input\" name=\"input_3\" type=\"radio\" value=\"gquiz3b36825f9\" id=\"choice_853_3_3\" onchange=\"gformToggleRadioOther( this )\">\n\t\t\t\t\t<label for=\"choice_853_3_3\" id=\"label_853_3_3\" class=\"gform-field-label gform-field-label--type-inline\">Reduciendo la necesidad de inversi&oacute;n en energ&iacute;as renovables.<\/label>\n\t\t\t<\/div><\/div><\/div><\/fieldset><\/div>\n                    <\/div>\n                    <div class=\"gform-page-footer gform_page_footer top_label\">\n                        <input type=\"button\" id=\"gform_previous_button_853_6\" class=\"gform_previous_button gform-theme-button gform-theme-button--secondary button\" onclick=\"gform.submission.handleButtonClick(this);\" data-submission-type=\"previous\" value=\"Anterior\"> <input type=\"button\" id=\"gform_next_button_853_6\" class=\"gform_next_button gform-theme-button button\" onclick=\"gform.submission.handleButtonClick(this);\" data-submission-type=\"next\" value=\"Siguiente \"> \n                    <\/div>\n                <\/div>\n                <div id=\"gform_page_853_3\" class=\"gform_page\" data-js=\"page-field-id-6\" style=\"display:none;\">\n                    <div class=\"gform_page_fields\">\n                        <div id=\"gform_fields_853_3\" class=\"gform_fields top_label form_sublabel_below description_below validation_below\"><fieldset id=\"field_853_4\" class=\"gfield gfield--type-quiz gfield--type-choice gfield--input-type-radio gfield--width-full field_sublabel_below gfield--no-description field_description_below field_validation_below gfield_visibility_visible gquiz-field \" data-field-class=\"gquiz-field\"><legend class=\"gfield_label gform-field-label\">&iquest;Cu&aacute;l es uno de los principales problemas a los que se enfrentan las <a class=\"glossaryLink\" aria-describedby=\"tt\" data-cmtooltip=\"&lt;div class=glossaryItemTitle&gt;Zonas rurales&lt;\/div&gt;&lt;div class=glossaryItemBody&gt;&amp;lt;!-- wp:paragraph --&amp;gt;Zonas geogr&aacute;ficas situadas fuera de los grandes centros urbanos, caracterizadas por una baja densidad de poblaci&oacute;n y una econom&iacute;a basada principalmente en la agricultura, la ganader&iacute;a y las actividades relacionadas con la naturaleza. En comparaci&oacute;n con las ciudades, las zonas rurales cuentan con menos infraestructuras y servicios, pero ofrecen un entorno m&aacute;s natural y espacios abiertos.&amp;lt;br\/&amp;gt;&amp;lt;!-- \/wp:paragraph --&amp;gt;&lt;\/div&gt;&lt;div id=&amp;quot;cmtt_related_articles&amp;quot; class=&amp;quot;cmtt_related_articles_wrapper&amp;quot;&gt;&lt;div class=&amp;quot;cmtt_related_title cmtt_related_articles_title&amp;quot;&gt;Related Articles: &lt;\/div&gt;&lt;ul class=&amp;quot;cmtt_related&amp;quot;&gt;&lt;li class=&amp;quot;cmtt_related_item&amp;quot;&gt;&lt;a href=&amp;quot;https:\/\/xqthenews.com\/es\/capital-verde-europea-y-green-leaf-abiertas-las-candidaturas\/&amp;quot;target=&amp;quot;_blank&amp;quot;&gt;Capital Verde Europea y &laquo;Green Leaf&raquo;: abiertas las candidaturas&lt;\/a&gt;&lt;\/li&gt;&lt;li class=&amp;quot;cmtt_related_item&amp;quot;&gt;&lt;a href=&amp;quot;https:\/\/xqthenews.com\/es\/los-derechos-de-las-personas-lgbt-en-europa-se-estan-reduciendo\/&amp;quot;target=&amp;quot;_blank&amp;quot;&gt;Los derechos de las personas LGBT+ en Europa se est&aacute;n reduciendo&lt;\/a&gt;&lt;\/li&gt;&lt;li class=&amp;quot;cmtt_related_item&amp;quot;&gt;&lt;a href=&amp;quot;https:\/\/xqthenews.com\/es\/transicion-energetica-y-justicia-social-quien-paga-el-precio\/&amp;quot;target=&amp;quot;_blank&amp;quot;&gt;Transici&oacute;n energ&eacute;tica y justicia social: &iquest;qui&eacute;n paga el precio?&lt;\/a&gt;&lt;\/li&gt;&lt;\/ul&gt;&lt;\/div&gt;\" href=\"https:\/\/xqthenews.com\/es\/glossary\/zonas-rurales\/\" data-gt-translate-attributes='[{\"attribute\":\"data-cmtooltip\", \"format\":\"html\"}]' tabindex=\"0\" role=\"link\">zonas rurales<\/a> en la <a class=\"glossaryLink\" aria-describedby=\"tt\" data-cmtooltip=\"&lt;div class=glossaryItemTitle&gt;Transici&oacute;n Energ&eacute;tica&lt;\/div&gt;&lt;div class=glossaryItemBody&gt;&amp;lt;!-- wp:paragraph --&amp;gt;La transici&oacute;n energ&eacute;tica se define como un conjunto de cambios en los modelos de producci&oacute;n, distribuci&oacute;n y consumo de energ&iacute;a para lograr una mayor sostenibilidad. El objetivo de este proceso es transformar el actual sistema energ&eacute;tico basado en los combustibles f&oacute;siles en un modelo el&eacute;ctrico basado en las energ&iacute;as renovables y otras formas de reducci&oacute;n de emisiones.&amp;lt;br\/&amp;gt;&amp;lt;!-- \/wp:paragraph --&amp;gt;&amp;lt;!-- wp:paragraph --&amp;gt;(Fuente: Iberdrola)&amp;lt;br\/&amp;gt;&amp;lt;!-- \/wp:paragraph --&amp;gt;&lt;\/div&gt;&lt;div id=&amp;quot;cmtt_related_articles&amp;quot; class=&amp;quot;cmtt_related_articles_wrapper&amp;quot;&gt;&lt;div class=&amp;quot;cmtt_related_title cmtt_related_articles_title&amp;quot;&gt;Related Articles: &lt;\/div&gt;&lt;ul class=&amp;quot;cmtt_related&amp;quot;&gt;&lt;li class=&amp;quot;cmtt_related_item&amp;quot;&gt;&lt;a href=&amp;quot;https:\/\/xqthenews.com\/es\/cop-28-y-la-participacion-de-los-jovenes-en-el-desafio-climatico\/&amp;quot;target=&amp;quot;_blank&amp;quot;&gt;COP 28 y la participaci&oacute;n de los j&oacute;venes en el desaf&iacute;o clim&agrave;tico&lt;\/a&gt;&lt;\/li&gt;&lt;li class=&amp;quot;cmtt_related_item&amp;quot;&gt;&lt;a href=&amp;quot;https:\/\/xqthenews.com\/es\/estamos-aun-a-tiempo-de-salvar-el-planeta\/&amp;quot;target=&amp;quot;_blank&amp;quot;&gt;&iquest;Estamos a&uacute;n a tiempo de salvar el planeta?&lt;\/a&gt;&lt;\/li&gt;&lt;li class=&amp;quot;cmtt_related_item&amp;quot;&gt;&lt;a href=&amp;quot;https:\/\/xqthenews.com\/es\/justicia-climatica-global-el-papel-de-los-jovenes-en-la-lucha-por-mas-financiacion\/&amp;quot;target=&amp;quot;_blank&amp;quot;&gt;Justicia clim&aacute;tica global: el papel de los j&oacute;venes en la lucha por m&aacute;s financiaci&oacute;n&lt;\/a&gt;&lt;\/li&gt;&lt;li class=&amp;quot;cmtt_related_item&amp;quot;&gt;&lt;a href=&amp;quot;https:\/\/xqthenews.com\/es\/aceleradores-y-riesgos-de-la-transicion-energetica-en-europa\/&amp;quot;target=&amp;quot;_blank&amp;quot;&gt;Aceleradores y riesgos de la transici&oacute;n energ&eacute;tica en Europa&lt;\/a&gt;&lt;\/li&gt;&lt;li class=&amp;quot;cmtt_related_item&amp;quot;&gt;&lt;a href=&amp;quot;https:\/\/xqthenews.com\/es\/glossary\/produccion-descentralizada\/&amp;quot;target=&amp;quot;_blank&amp;quot;&gt;Glossary:  Producci&oacute;n descentralizada&lt;\/a&gt;&lt;\/li&gt;&lt;\/ul&gt;&lt;\/div&gt;\" href=\"https:\/\/xqthenews.com\/es\/glossary\/transicion-energetica\/\" data-gt-translate-attributes='[{\"attribute\":\"data-cmtooltip\", \"format\":\"html\"}]' tabindex=\"0\" role=\"link\">transici&oacute;n energ&eacute;tica<\/a>?<\/legend><div class=\"ginput_container ginput_container_radio\"><div class=\"gfield_radio\" id=\"input_853_4\">\n\t\t\t<div class=\"gchoice gchoice_853_4_0\">\n\t\t\t\t\t<input class=\"gfield-choice-input\" name=\"input_4\" type=\"radio\" value=\"gquiz46a62d494\" id=\"choice_853_4_0\" onchange=\"gformToggleRadioOther( this )\">\n\t\t\t\t\t<label for=\"choice_853_4_0\" id=\"label_853_4_0\" class=\"gform-field-label gform-field-label--type-inline\">La falta de infraestructuras y apoyo financiero.<\/label>\n\t\t\t<\/div>\n\t\t\t<div class=\"gchoice gchoice_853_4_1\">\n\t\t\t\t\t<input class=\"gfield-choice-input\" name=\"input_4\" type=\"radio\" value=\"gquiz488c89c8f\" id=\"choice_853_4_1\" onchange=\"gformToggleRadioOther( this )\">\n\t\t\t\t\t<label for=\"choice_853_4_1\" id=\"label_853_4_1\" class=\"gform-field-label gform-field-label--type-inline\">La excesiva inversi&oacute;n p&uacute;blica.<\/label>\n\t\t\t<\/div>\n\t\t\t<div class=\"gchoice gchoice_853_4_2\">\n\t\t\t\t\t<input class=\"gfield-choice-input\" name=\"input_4\" type=\"radio\" value=\"gquiz4054f68d8\" id=\"choice_853_4_2\" onchange=\"gformToggleRadioOther( this )\">\n\t\t\t\t\t<label for=\"choice_853_4_2\" id=\"label_853_4_2\" class=\"gform-field-label gform-field-label--type-inline\">La alta concentraci&oacute;n de parques e&oacute;licos en las ciudades.<\/label>\n\t\t\t<\/div>\n\t\t\t<div class=\"gchoice gchoice_853_4_3\">\n\t\t\t\t\t<input class=\"gfield-choice-input\" name=\"input_4\" type=\"radio\" value=\"gquiz4401dac43\" id=\"choice_853_4_3\" onchange=\"gformToggleRadioOther( this )\">\n\t\t\t\t\t<label for=\"choice_853_4_3\" id=\"label_853_4_3\" class=\"gform-field-label gform-field-label--type-inline\">La falta de inter&eacute;s de la poblaci&oacute;n local por las energ&iacute;as renovables.<\/label>\n\t\t\t<\/div><\/div><\/div><\/fieldset><\/div>\n                    <\/div>\n                    <div class=\"gform-page-footer gform_page_footer top_label\">\n                        <input type=\"button\" id=\"gform_previous_button_853_10\" class=\"gform_previous_button gform-theme-button gform-theme-button--secondary button\" onclick=\"gform.submission.handleButtonClick(this);\" data-submission-type=\"previous\" value=\"Anterior\"> <input type=\"button\" id=\"gform_next_button_853_10\" class=\"gform_next_button gform-theme-button button\" onclick=\"gform.submission.handleButtonClick(this);\" data-submission-type=\"next\" value=\"Siguiente \"> \n                    <\/div>\n                <\/div>\n                <div id=\"gform_page_853_4\" class=\"gform_page\" data-js=\"page-field-id-10\" style=\"display:none;\">\n                    <div class=\"gform_page_fields\">\n                        <div id=\"gform_fields_853_4\" class=\"gform_fields top_label form_sublabel_below description_below validation_below\"><fieldset id=\"field_853_8\" class=\"gfield gfield--type-quiz gfield--type-choice gfield--input-type-radio gfield--width-full field_sublabel_below gfield--no-description field_description_below field_validation_below gfield_visibility_visible gquiz-field \" data-field-class=\"gquiz-field\"><legend class=\"gfield_label gform-field-label\">&iquest;C&oacute;mo contribuyen los j&oacute;venes a una <a class=\"glossaryLink\" aria-describedby=\"tt\" data-cmtooltip=\"&lt;div class=glossaryItemTitle&gt;Transici&oacute;n Energ&eacute;tica&lt;\/div&gt;&lt;div class=glossaryItemBody&gt;&amp;lt;!-- wp:paragraph --&amp;gt;La transici&oacute;n energ&eacute;tica se define como un conjunto de cambios en los modelos de producci&oacute;n, distribuci&oacute;n y consumo de energ&iacute;a para lograr una mayor sostenibilidad. El objetivo de este proceso es transformar el actual sistema energ&eacute;tico basado en los combustibles f&oacute;siles en un modelo el&eacute;ctrico basado en las energ&iacute;as renovables y otras formas de reducci&oacute;n de emisiones.&amp;lt;br\/&amp;gt;&amp;lt;!-- \/wp:paragraph --&amp;gt;&amp;lt;!-- wp:paragraph --&amp;gt;(Fuente: Iberdrola)&amp;lt;br\/&amp;gt;&amp;lt;!-- \/wp:paragraph --&amp;gt;&lt;\/div&gt;&lt;div id=&amp;quot;cmtt_related_articles&amp;quot; class=&amp;quot;cmtt_related_articles_wrapper&amp;quot;&gt;&lt;div class=&amp;quot;cmtt_related_title cmtt_related_articles_title&amp;quot;&gt;Related Articles: &lt;\/div&gt;&lt;ul class=&amp;quot;cmtt_related&amp;quot;&gt;&lt;li class=&amp;quot;cmtt_related_item&amp;quot;&gt;&lt;a href=&amp;quot;https:\/\/xqthenews.com\/es\/cop-28-y-la-participacion-de-los-jovenes-en-el-desafio-climatico\/&amp;quot;target=&amp;quot;_blank&amp;quot;&gt;COP 28 y la participaci&oacute;n de los j&oacute;venes en el desaf&iacute;o clim&agrave;tico&lt;\/a&gt;&lt;\/li&gt;&lt;li class=&amp;quot;cmtt_related_item&amp;quot;&gt;&lt;a href=&amp;quot;https:\/\/xqthenews.com\/es\/estamos-aun-a-tiempo-de-salvar-el-planeta\/&amp;quot;target=&amp;quot;_blank&amp;quot;&gt;&iquest;Estamos a&uacute;n a tiempo de salvar el planeta?&lt;\/a&gt;&lt;\/li&gt;&lt;li class=&amp;quot;cmtt_related_item&amp;quot;&gt;&lt;a href=&amp;quot;https:\/\/xqthenews.com\/es\/justicia-climatica-global-el-papel-de-los-jovenes-en-la-lucha-por-mas-financiacion\/&amp;quot;target=&amp;quot;_blank&amp;quot;&gt;Justicia clim&aacute;tica global: el papel de los j&oacute;venes en la lucha por m&aacute;s financiaci&oacute;n&lt;\/a&gt;&lt;\/li&gt;&lt;li class=&amp;quot;cmtt_related_item&amp;quot;&gt;&lt;a href=&amp;quot;https:\/\/xqthenews.com\/es\/aceleradores-y-riesgos-de-la-transicion-energetica-en-europa\/&amp;quot;target=&amp;quot;_blank&amp;quot;&gt;Aceleradores y riesgos de la transici&oacute;n energ&eacute;tica en Europa&lt;\/a&gt;&lt;\/li&gt;&lt;li class=&amp;quot;cmtt_related_item&amp;quot;&gt;&lt;a href=&amp;quot;https:\/\/xqthenews.com\/es\/glossary\/produccion-descentralizada\/&amp;quot;target=&amp;quot;_blank&amp;quot;&gt;Glossary:  Producci&oacute;n descentralizada&lt;\/a&gt;&lt;\/li&gt;&lt;\/ul&gt;&lt;\/div&gt;\" href=\"https:\/\/xqthenews.com\/es\/glossary\/transicion-energetica\/\" data-gt-translate-attributes='[{\"attribute\":\"data-cmtooltip\", \"format\":\"html\"}]' tabindex=\"0\" role=\"link\">transici&oacute;n energ&eacute;tica<\/a> m&aacute;s justa?<\/legend><div class=\"ginput_container ginput_container_radio\"><div class=\"gfield_radio\" id=\"input_853_8\">\n\t\t\t<div class=\"gchoice gchoice_853_8_0\">\n\t\t\t\t\t<input class=\"gfield-choice-input\" name=\"input_8\" type=\"radio\" value=\"gquiz46a62d494\" id=\"choice_853_8_0\" onchange=\"gformToggleRadioOther( this )\">\n\t\t\t\t\t<label for=\"choice_853_8_0\" id=\"label_853_8_0\" class=\"gform-field-label gform-field-label--type-inline\">Ignorando los debates sobre <a class=\"glossaryLink\" aria-describedby=\"tt\" data-cmtooltip=\"&lt;div class=glossaryItemTitle&gt;Sostenibilidad&lt;\/div&gt;&lt;div class=glossaryItemBody&gt;&amp;lt;!-- wp:paragraph --&amp;gt;Capacidad de un sistema para mantenerse en equilibrio. La expresi&oacute;n se ha utilizado para designar los equilibrios que deben mantener los seres humanos para asegurar sus condiciones de vida y garantizar su continuidad en el planeta. En este sentido, el significado de sostenibilidad se refiere a la forma en que la humanidad debe interactuar con los recursos del planeta, de modo que la satisfacci&oacute;n de las necesidades del presente no ponga en peligro el futuro.&amp;lt;br\/&amp;gt;&amp;lt;!-- \/wp:paragraph --&amp;gt;&amp;lt;!-- wp:paragraph --&amp;gt;Fuente: https:\/\/florestas.pt\/saiba-mais\/qual-o-significado-de-sustentabilidade\/&amp;lt;br\/&amp;gt;&amp;lt;!-- \/wp:paragraph --&amp;gt;&lt;\/div&gt;&lt;div id=&amp;quot;cmtt_related_articles&amp;quot; class=&amp;quot;cmtt_related_articles_wrapper&amp;quot;&gt;&lt;div class=&amp;quot;cmtt_related_title cmtt_related_articles_title&amp;quot;&gt;Related Articles: &lt;\/div&gt;&lt;ul class=&amp;quot;cmtt_related&amp;quot;&gt;&lt;li class=&amp;quot;cmtt_related_item&amp;quot;&gt;&lt;a href=&amp;quot;https:\/\/xqthenews.com\/es\/mensaje-en-una-botella-o-los-plasticos-que-nunca-desaparecen\/&amp;quot;target=&amp;quot;_blank&amp;quot;&gt;Mensaje en una botella, o los pl&aacute;sticos que nunca desaparecen&lt;\/a&gt;&lt;\/li&gt;&lt;li class=&amp;quot;cmtt_related_item&amp;quot;&gt;&lt;a href=&amp;quot;https:\/\/xqthenews.com\/es\/luchar-contra-el-cambio-climatico-tambien-es-combatir-la-desinformacion\/&amp;quot;target=&amp;quot;_blank&amp;quot;&gt;Luchar contra el cambio clim&aacute;tico tambi&eacute;n es combatir la desinformaci&oacute;n&lt;\/a&gt;&lt;\/li&gt;&lt;li class=&amp;quot;cmtt_related_item&amp;quot;&gt;&lt;a href=&amp;quot;https:\/\/xqthenews.com\/es\/glossary\/greenwashing\/&amp;quot;target=&amp;quot;_blank&amp;quot;&gt;Glossary:  Greenwashing&lt;\/a&gt;&lt;\/li&gt;&lt;li class=&amp;quot;cmtt_related_item&amp;quot;&gt;&lt;a href=&amp;quot;https:\/\/xqthenews.com\/es\/la-educacion-ambiental-como-paradigma-de-la-prevencion-de-incendios-rurales\/&amp;quot;target=&amp;quot;_blank&amp;quot;&gt;La educaci&oacute;n ambiental como paradigma de la prevenci&oacute;n de incendios rurales&lt;\/a&gt;&lt;\/li&gt;&lt;li class=&amp;quot;cmtt_related_item&amp;quot;&gt;&lt;a href=&amp;quot;https:\/\/xqthenews.com\/es\/movimientos-juveniles-en-europa-en-busca-de-respuestas-a-la-crisis-climatica\/&amp;quot;target=&amp;quot;_blank&amp;quot;&gt;Movimientos juveniles en Europa en busca de respuestas a la crisis clim&aacute;tica&lt;\/a&gt;&lt;\/li&gt;&lt;\/ul&gt;&lt;\/div&gt;\" href=\"https:\/\/xqthenews.com\/es\/glossary\/sostenibilidad\/\" data-gt-translate-attributes='[{\"attribute\":\"data-cmtooltip\", \"format\":\"html\"}]' tabindex=\"0\" role=\"link\">sostenibilidad<\/a>.<\/label>\n\t\t\t<\/div>\n\t\t\t<div class=\"gchoice gchoice_853_8_1\">\n\t\t\t\t\t<input class=\"gfield-choice-input\" name=\"input_8\" type=\"radio\" value=\"gquiz488c89c8f\" id=\"choice_853_8_1\" onchange=\"gformToggleRadioOther( this )\">\n\t\t\t\t\t<label for=\"choice_853_8_1\" id=\"label_853_8_1\" class=\"gform-field-label gform-field-label--type-inline\">Creando movimientos sociales y presionando a los gobiernos.<\/label>\n\t\t\t<\/div>\n\t\t\t<div class=\"gchoice gchoice_853_8_2\">\n\t\t\t\t\t<input class=\"gfield-choice-input\" name=\"input_8\" type=\"radio\" value=\"gquiz4054f68d8\" id=\"choice_853_8_2\" onchange=\"gformToggleRadioOther( this )\">\n\t\t\t\t\t<label for=\"choice_853_8_2\" id=\"label_853_8_2\" class=\"gform-field-label gform-field-label--type-inline\">Apoyando exclusivamente los <a class=\"glossaryLink\" aria-describedby=\"tt\" data-cmtooltip=\"&lt;div class=glossaryItemTitle&gt;Combustibles f&oacute;siles&lt;\/div&gt;&lt;div class=glossaryItemBody&gt;&amp;lt;!-- wp:paragraph --&amp;gt;Los combustibles f&oacute;siles son recursos energ&eacute;ticos como petr&oacute;leo, carb&oacute;n y gas natural formados de materia org&aacute;nica antigua.&amp;lt;br\/&amp;gt;&amp;lt;!-- \/wp:paragraph --&amp;gt;&lt;\/div&gt;&lt;div id=&amp;quot;cmtt_related_articles&amp;quot; class=&amp;quot;cmtt_related_articles_wrapper&amp;quot;&gt;&lt;div class=&amp;quot;cmtt_related_title cmtt_related_articles_title&amp;quot;&gt;Related Articles: &lt;\/div&gt;&lt;ul class=&amp;quot;cmtt_related&amp;quot;&gt;&lt;li class=&amp;quot;cmtt_related_item&amp;quot;&gt;&lt;a href=&amp;quot;https:\/\/xqthenews.com\/es\/glossary\/cambio-climatico-2\/&amp;quot;target=&amp;quot;_blank&amp;quot;&gt;Glossary:  Cambios Clim&aacute;ticos&lt;\/a&gt;&lt;\/li&gt;&lt;li class=&amp;quot;cmtt_related_item&amp;quot;&gt;&lt;a href=&amp;quot;https:\/\/xqthenews.com\/es\/glossary\/calentamiento-global\/&amp;quot;target=&amp;quot;_blank&amp;quot;&gt;Glossary:  Calentamiento Global&lt;\/a&gt;&lt;\/li&gt;&lt;li class=&amp;quot;cmtt_related_item&amp;quot;&gt;&lt;a href=&amp;quot;https:\/\/xqthenews.com\/es\/tu-fiambrera-de-plastico-contamina-el-planeta-y-tu-sistema-endocrino\/&amp;quot;target=&amp;quot;_blank&amp;quot;&gt;Tu fiambrera de pl&aacute;stico contamina el planeta y tu sistema endocrino&lt;\/a&gt;&lt;\/li&gt;&lt;li class=&amp;quot;cmtt_related_item&amp;quot;&gt;&lt;a href=&amp;quot;https:\/\/xqthenews.com\/es\/la-conferencia-de-la-onu-sobre-el-clima-se-ensucia-de-petroleo\/&amp;quot;target=&amp;quot;_blank&amp;quot;&gt;La conferencia de la ONU sobre el clima se ensucia de petr&oacute;leo&lt;\/a&gt;&lt;\/li&gt;&lt;li class=&amp;quot;cmtt_related_item&amp;quot;&gt;&lt;a href=&amp;quot;https:\/\/xqthenews.com\/es\/glossary\/phase-out\/&amp;quot;target=&amp;quot;_blank&amp;quot;&gt;Glossary:  Phase out&lt;\/a&gt;&lt;\/li&gt;&lt;\/ul&gt;&lt;\/div&gt;\" href=\"https:\/\/xqthenews.com\/es\/glossary\/combustibles-fosiles\/\" data-gt-translate-attributes='[{\"attribute\":\"data-cmtooltip\", \"format\":\"html\"}]' tabindex=\"0\" role=\"link\">combustibles f&oacute;siles<\/a>.<\/label>\n\t\t\t<\/div>\n\t\t\t<div class=\"gchoice gchoice_853_8_3\">\n\t\t\t\t\t<input class=\"gfield-choice-input\" name=\"input_8\" type=\"radio\" value=\"gquiz8e04fced7\" id=\"choice_853_8_3\" onchange=\"gformToggleRadioOther( this )\">\n\t\t\t\t\t<label for=\"choice_853_8_3\" id=\"label_853_8_3\" class=\"gform-field-label gform-field-label--type-inline\">Evitando participar en las pol&iacute;ticas energ&eacute;ticas.<\/label>\n\t\t\t<\/div><\/div><\/div><\/fieldset><\/div>\n                    <\/div>\n                    <div class=\"gform-page-footer gform_page_footer top_label\">\n                        <input type=\"button\" id=\"gform_previous_button_853_9\" class=\"gform_previous_button gform-theme-button gform-theme-button--secondary button\" onclick=\"gform.submission.handleButtonClick(this);\" data-submission-type=\"previous\" value=\"Anterior\"> <input type=\"button\" id=\"gform_next_button_853_9\" class=\"gform_next_button gform-theme-button button\" onclick=\"gform.submission.handleButtonClick(this);\" data-submission-type=\"next\" value=\"Siguiente \"> \n                    <\/div>\n                <\/div>\n                <div id=\"gform_page_853_5\" class=\"gform_page\" data-js=\"page-field-id-9\" style=\"display:none;\">\n                    <div class=\"gform_page_fields\">\n                        <div id=\"gform_fields_853_5\" class=\"gform_fields top_label form_sublabel_below description_below validation_below\"><fieldset id=\"field_853_7\" class=\"gfield gfield--type-quiz gfield--type-choice gfield--input-type-radio gfield--width-full field_sublabel_below gfield--no-description field_description_below field_validation_below gfield_visibility_visible gquiz-field \" data-field-class=\"gquiz-field\"><legend class=\"gfield_label gform-field-label\">&iquest;Qu&eacute; hace falta para que la <a class=\"glossaryLink\" aria-describedby=\"tt\" data-cmtooltip=\"&lt;div class=glossaryItemTitle&gt;Transici&oacute;n Energ&eacute;tica&lt;\/div&gt;&lt;div class=glossaryItemBody&gt;&amp;lt;!-- wp:paragraph --&amp;gt;La transici&oacute;n energ&eacute;tica se define como un conjunto de cambios en los modelos de producci&oacute;n, distribuci&oacute;n y consumo de energ&iacute;a para lograr una mayor sostenibilidad. El objetivo de este proceso es transformar el actual sistema energ&eacute;tico basado en los combustibles f&oacute;siles en un modelo el&eacute;ctrico basado en las energ&iacute;as renovables y otras formas de reducci&oacute;n de emisiones.&amp;lt;br\/&amp;gt;&amp;lt;!-- \/wp:paragraph --&amp;gt;&amp;lt;!-- wp:paragraph --&amp;gt;(Fuente: Iberdrola)&amp;lt;br\/&amp;gt;&amp;lt;!-- \/wp:paragraph --&amp;gt;&lt;\/div&gt;&lt;div id=&amp;quot;cmtt_related_articles&amp;quot; class=&amp;quot;cmtt_related_articles_wrapper&amp;quot;&gt;&lt;div class=&amp;quot;cmtt_related_title cmtt_related_articles_title&amp;quot;&gt;Related Articles: &lt;\/div&gt;&lt;ul class=&amp;quot;cmtt_related&amp;quot;&gt;&lt;li class=&amp;quot;cmtt_related_item&amp;quot;&gt;&lt;a href=&amp;quot;https:\/\/xqthenews.com\/es\/cop-28-y-la-participacion-de-los-jovenes-en-el-desafio-climatico\/&amp;quot;target=&amp;quot;_blank&amp;quot;&gt;COP 28 y la participaci&oacute;n de los j&oacute;venes en el desaf&iacute;o clim&agrave;tico&lt;\/a&gt;&lt;\/li&gt;&lt;li class=&amp;quot;cmtt_related_item&amp;quot;&gt;&lt;a href=&amp;quot;https:\/\/xqthenews.com\/es\/estamos-aun-a-tiempo-de-salvar-el-planeta\/&amp;quot;target=&amp;quot;_blank&amp;quot;&gt;&iquest;Estamos a&uacute;n a tiempo de salvar el planeta?&lt;\/a&gt;&lt;\/li&gt;&lt;li class=&amp;quot;cmtt_related_item&amp;quot;&gt;&lt;a href=&amp;quot;https:\/\/xqthenews.com\/es\/justicia-climatica-global-el-papel-de-los-jovenes-en-la-lucha-por-mas-financiacion\/&amp;quot;target=&amp;quot;_blank&amp;quot;&gt;Justicia clim&aacute;tica global: el papel de los j&oacute;venes en la lucha por m&aacute;s financiaci&oacute;n&lt;\/a&gt;&lt;\/li&gt;&lt;li class=&amp;quot;cmtt_related_item&amp;quot;&gt;&lt;a href=&amp;quot;https:\/\/xqthenews.com\/es\/aceleradores-y-riesgos-de-la-transicion-energetica-en-europa\/&amp;quot;target=&amp;quot;_blank&amp;quot;&gt;Aceleradores y riesgos de la transici&oacute;n energ&eacute;tica en Europa&lt;\/a&gt;&lt;\/li&gt;&lt;li class=&amp;quot;cmtt_related_item&amp;quot;&gt;&lt;a href=&amp;quot;https:\/\/xqthenews.com\/es\/glossary\/produccion-descentralizada\/&amp;quot;target=&amp;quot;_blank&amp;quot;&gt;Glossary:  Producci&oacute;n descentralizada&lt;\/a&gt;&lt;\/li&gt;&lt;\/ul&gt;&lt;\/div&gt;\" href=\"https:\/\/xqthenews.com\/es\/glossary\/transicion-energetica\/\" data-gt-translate-attributes='[{\"attribute\":\"data-cmtooltip\", \"format\":\"html\"}]' tabindex=\"0\" role=\"link\">transici&oacute;n energ&eacute;tica<\/a> sea justa para todos?<\/legend><div class=\"ginput_container ginput_container_radio\"><div class=\"gfield_radio\" id=\"input_853_7\">\n\t\t\t<div class=\"gchoice gchoice_853_7_0\">\n\t\t\t\t\t<input class=\"gfield-choice-input\" name=\"input_7\" type=\"radio\" value=\"gquiz46a62d494\" id=\"choice_853_7_0\" onchange=\"gformToggleRadioOther( this )\">\n\t\t\t\t\t<label for=\"choice_853_7_0\" id=\"label_853_7_0\" class=\"gform-field-label gform-field-label--type-inline\">Promover comunidades energ&eacute;ticas, luchar contra las desigualdades territoriales e implicar a los j&oacute;venes.<\/label>\n\t\t\t<\/div>\n\t\t\t<div class=\"gchoice gchoice_853_7_1\">\n\t\t\t\t\t<input class=\"gfield-choice-input\" name=\"input_7\" type=\"radio\" value=\"gquiz488c89c8f\" id=\"choice_853_7_1\" onchange=\"gformToggleRadioOther( this )\">\n\t\t\t\t\t<label for=\"choice_853_7_1\" id=\"label_853_7_1\" class=\"gform-field-label gform-field-label--type-inline\">Incentivar el uso continuado de carb&oacute;n y petr&oacute;leo.<\/label>\n\t\t\t<\/div>\n\t\t\t<div class=\"gchoice gchoice_853_7_2\">\n\t\t\t\t\t<input class=\"gfield-choice-input\" name=\"input_7\" type=\"radio\" value=\"gquiz4054f68d8\" id=\"choice_853_7_2\" onchange=\"gformToggleRadioOther( this )\">\n\t\t\t\t\t<label for=\"choice_853_7_2\" id=\"label_853_7_2\" class=\"gform-field-label gform-field-label--type-inline\">Subir los precios de la electricidad para financiar proyectos renovables.<\/label>\n\t\t\t<\/div>\n\t\t\t<div class=\"gchoice gchoice_853_7_3\">\n\t\t\t\t\t<input class=\"gfield-choice-input\" name=\"input_7\" type=\"radio\" value=\"gquiz7d98e9575\" id=\"choice_853_7_3\" onchange=\"gformToggleRadioOther( this )\">\n\t\t\t\t\t<label for=\"choice_853_7_3\" id=\"label_853_7_3\" class=\"gform-field-label gform-field-label--type-inline\">Concentrar la producci&oacute;n de energ&iacute;as renovables s&oacute;lo en las ciudades.<\/label>\n\t\t\t<\/div><\/div><\/div><\/fieldset><\/div><\/div>\n        <div class=\"gform-page-footer gform_page_footer top_label\"><input type=\"submit\" id=\"gform_previous_button_853\" class=\"gform_previous_button gform-theme-button gform-theme-button--secondary button\" onclick=\"gform.submission.handleButtonClick(this);\" data-submission-type=\"previous\" value=\"Anterior\"> <input type=\"submit\" id=\"gform_submit_button_853\" class=\"gform_button button\" onclick=\"gform.submission.handleButtonClick(this);\" data-submission-type=\"submit\" value=\"Enviar\"> \n            <input type=\"hidden\" class=\"gform_hidden\" name=\"gform_submission_method\" data-js=\"gform_submission_method_853\" value=\"postback\">\n            <input type=\"hidden\" class=\"gform_hidden\" name=\"gform_theme\" data-js=\"gform_theme_853\" id=\"gform_theme_853\" value=\"gravity-theme\">\n            <input type=\"hidden\" class=\"gform_hidden\" name=\"gform_style_settings\" data-js=\"gform_style_settings_853\" id=\"gform_style_settings_853\" value='{\"inputPrimaryColor\":\"#204ce5\"}'>\n            <input type=\"hidden\" class=\"gform_hidden\" name=\"is_submit_853\" value=\"1\">\n            <input type=\"hidden\" class=\"gform_hidden\" name=\"gform_submit\" value=\"853\">\n            \n            <input type=\"hidden\" class=\"gform_hidden\" name=\"gform_currency\" data-currency=\"EUR\" value=\"CloCOEbwL6EFhuZlUVpKxEMrsrdMFG8kdCkDoHcP78fti9P8e\/fmhEHMyVHDKOUzItMm4DfaH8Xds3EySpyHBJ0UoevDKsNjRnpnzEESaxNujBg=\">\n            <input type=\"hidden\" class=\"gform_hidden\" name=\"gform_unique_id\" value=\"\">\n            <input type=\"hidden\" class=\"gform_hidden\" name=\"state_853\" value=\"WyJbXSIsIjVlMjNlOGUzOTg5N2RmMzcwZmE1ODRlNDZjZGJmYjNkIl0=\">\n            <input type=\"hidden\" autocomplete=\"off\" class=\"gform_hidden\" name=\"gform_target_page_number_853\" id=\"gform_target_page_number_853\" value=\"2\">\n            <input type=\"hidden\" autocomplete=\"off\" class=\"gform_hidden\" name=\"gform_source_page_number_853\" id=\"gform_source_page_number_853\" value=\"1\">\n            <input type=\"hidden\" name=\"gform_field_values\" value=\"\">\n            \n        <\/div>\n             <\/div><\/div>\n                        <\/form>\n                        <\/div><script type=\"text\/javascript\">\n\/* <![CDATA[ *\/\n gform.initializeOnLoaded( function() {gformInitSpinner( 853, 'https:\/\/xqthenews.com\/wp-content\/plugins\/gravityforms\/images\/spinner.svg', true );jQuery('#gform_ajax_frame_853').on('load',function(){var contents = jQuery(this).contents().find('*').html();var is_postback = contents.indexOf('GF_AJAX_POSTBACK') >= 0;if(!is_postback){return;}var form_content = jQuery(this).contents().find('#gform_wrapper_853');var is_confirmation = jQuery(this).contents().find('#gform_confirmation_wrapper_853').length > 0;var is_redirect = contents.indexOf('gformRedirect(){') >= 0;var is_form = form_content.length > 0 && ! is_redirect && ! is_confirmation;var mt = parseInt(jQuery('html').css('margin-top'), 10) + parseInt(jQuery('body').css('margin-top'), 10) + 100;if(is_form){jQuery('#gform_wrapper_853').html(form_content.html());if(form_content.hasClass('gform_validation_error')){jQuery('#gform_wrapper_853').addClass('gform_validation_error');} else {jQuery('#gform_wrapper_853').removeClass('gform_validation_error');}setTimeout( function() { \/* delay the scroll by 50 milliseconds to fix a bug in chrome *\/ jQuery(document).scrollTop(jQuery('#gform_wrapper_853').offset().top - mt); }, 50 );if(window['gformInitDatepicker']) {gformInitDatepicker();}if(window['gformInitPriceFields']) {gformInitPriceFields();}var current_page = jQuery('#gform_source_page_number_853').val();gformInitSpinner( 853, 'https:\/\/xqthenews.com\/wp-content\/plugins\/gravityforms\/images\/spinner.svg', true );jQuery(document).trigger('gform_page_loaded', [853, current_page]);window['gf_submitting_853'] = false;}else if(!is_redirect){var confirmation_content = jQuery(this).contents().find('.GF_AJAX_POSTBACK').html();if(!confirmation_content){confirmation_content = contents;}jQuery('#gform_wrapper_853').replaceWith(confirmation_content);jQuery(document).scrollTop(jQuery('#gf_853').offset().top - mt);jQuery(document).trigger('gform_confirmation_loaded', [853]);window['gf_submitting_853'] = false;wp.a11y.speak(jQuery('#gform_confirmation_message_853').text());}else{jQuery('#gform_853').append(contents);if(window['gformRedirect']) {gformRedirect();}}jQuery(document).trigger(\"gform_pre_post_render\", [{ formId: \"853\", currentPage: \"current_page\", abort: function() { this.preventDefault(); } }]);        if (event && event.defaultPrevented) {                return;        }        const gformWrapperDiv = document.getElementById( \"gform_wrapper_853\" );        if ( gformWrapperDiv ) {            const visibilitySpan = document.createElement( \"span\" );            visibilitySpan.id = \"gform_visibility_test_853\";            gformWrapperDiv.insertAdjacentElement( \"afterend\", visibilitySpan );        }        const visibilityTestDiv = document.getElementById( \"gform_visibility_test_853\" );        let postRenderFired = false;        function triggerPostRender() {            if ( postRenderFired ) {                return;            }            postRenderFired = true;            gform.core.triggerPostRenderEvents( 853, current_page );            if ( visibilityTestDiv ) {                visibilityTestDiv.parentNode.removeChild( visibilityTestDiv );            }        }        function debounce( func, wait, immediate ) {            var timeout;            return function() {                var context = this, args = arguments;                var later = function() {                    timeout = null;                    if ( !immediate ) func.apply( context, args );                };                var callNow = immediate && !timeout;                clearTimeout( timeout );                timeout = setTimeout( later, wait );                if ( callNow ) func.apply( context, args );            };        }        const debouncedTriggerPostRender = debounce( function() {            triggerPostRender();        }, 200 );        if ( visibilityTestDiv && visibilityTestDiv.offsetParent === null ) {            const observer = new MutationObserver( ( mutations ) => {                mutations.forEach( ( mutation ) => {                    if ( mutation.type === 'attributes' && visibilityTestDiv.offsetParent !== null ) {                        debouncedTriggerPostRender();                        observer.disconnect();                    }                });            });            observer.observe( document.body, {                attributes: true,                childList: false,                subtree: true,                attributeFilter: [ 'style', 'class' ],            });        } else {            triggerPostRender();        }    } );} ); \n\/* ]]> *\/\n<\/script>\n","protected":false},"excerpt":{"rendered":"<p>La <a class=\"glossaryLink\" aria-describedby=\"tt\" data-cmtooltip=\"&lt;div class=glossaryItemTitle&gt;Transici&oacute;n Energ&eacute;tica&lt;\/div&gt;&lt;div class=glossaryItemBody&gt;&amp;lt;!-- wp:paragraph --&amp;gt;La transici&oacute;n energ&eacute;tica se define como un conjunto de cambios en los modelos de producci&oacute;n, distribuci&oacute;n y consumo de energ&iacute;a para lograr una mayor sostenibilidad. El objetivo de este proceso es transformar el actual sistema energ&eacute;tico basado en los combustibles f&oacute;siles en un modelo el&eacute;ctrico basado en las energ&iacute;as renovables y otras formas de reducci&oacute;n de emisiones.&amp;lt;br\/&amp;gt;&amp;lt;!-- \/wp:paragraph --&amp;gt;&amp;lt;!-- wp:paragraph --&amp;gt;(Fuente: Iberdrola)&amp;lt;br\/&amp;gt;&amp;lt;!-- \/wp:paragraph --&amp;gt;&lt;\/div&gt;&lt;div id=&amp;quot;cmtt_related_articles&amp;quot; class=&amp;quot;cmtt_related_articles_wrapper&amp;quot;&gt;&lt;div class=&amp;quot;cmtt_related_title cmtt_related_articles_title&amp;quot;&gt;Related Articles: &lt;\/div&gt;&lt;ul class=&amp;quot;cmtt_related&amp;quot;&gt;&lt;li class=&amp;quot;cmtt_related_item&amp;quot;&gt;&lt;a href=&amp;quot;https:\/\/xqthenews.com\/es\/cop-28-y-la-participacion-de-los-jovenes-en-el-desafio-climatico\/&amp;quot;target=&amp;quot;_blank&amp;quot;&gt;COP 28 y la participaci&oacute;n de los j&oacute;venes en el desaf&iacute;o clim&agrave;tico&lt;\/a&gt;&lt;\/li&gt;&lt;li class=&amp;quot;cmtt_related_item&amp;quot;&gt;&lt;a href=&amp;quot;https:\/\/xqthenews.com\/es\/estamos-aun-a-tiempo-de-salvar-el-planeta\/&amp;quot;target=&amp;quot;_blank&amp;quot;&gt;&iquest;Estamos a&uacute;n a tiempo de salvar el planeta?&lt;\/a&gt;&lt;\/li&gt;&lt;li class=&amp;quot;cmtt_related_item&amp;quot;&gt;&lt;a href=&amp;quot;https:\/\/xqthenews.com\/es\/justicia-climatica-global-el-papel-de-los-jovenes-en-la-lucha-por-mas-financiacion\/&amp;quot;target=&amp;quot;_blank&amp;quot;&gt;Justicia clim&aacute;tica global: el papel de los j&oacute;venes en la lucha por m&aacute;s financiaci&oacute;n&lt;\/a&gt;&lt;\/li&gt;&lt;li class=&amp;quot;cmtt_related_item&amp;quot;&gt;&lt;a href=&amp;quot;https:\/\/xqthenews.com\/es\/aceleradores-y-riesgos-de-la-transicion-energetica-en-europa\/&amp;quot;target=&amp;quot;_blank&amp;quot;&gt;Aceleradores y riesgos de la transici&oacute;n energ&eacute;tica en Europa&lt;\/a&gt;&lt;\/li&gt;&lt;li class=&amp;quot;cmtt_related_item&amp;quot;&gt;&lt;a href=&amp;quot;https:\/\/xqthenews.com\/es\/glossary\/produccion-descentralizada\/&amp;quot;target=&amp;quot;_blank&amp;quot;&gt;Glossary:  Producci&oacute;n descentralizada&lt;\/a&gt;&lt;\/li&gt;&lt;\/ul&gt;&lt;\/div&gt;\" href=\"https:\/\/xqthenews.com\/es\/glossary\/transicion-energetica\/\" data-gt-translate-attributes='[{\"attribute\":\"data-cmtooltip\", \"format\":\"html\"}]' tabindex=\"0\" role=\"link\">transici&oacute;n energ&eacute;tica<\/a> es esencial para combatir el <a class=\"glossaryLink\" aria-describedby=\"tt\" data-cmtooltip=\"&lt;div class=glossaryItemTitle&gt;Cambio clim&aacute;tico&lt;\/div&gt;&lt;div class=glossaryItemBody&gt;&amp;lt;!-- wp:paragraph --&amp;gt;Causado por el calentamiento global, el cambio clim&aacute;tico se refiere a las variaciones en los patrones clim&aacute;ticos a largo plazo en la Tierra, como la temperatura, el nivel del mar y las precipitaciones.&amp;lt;br\/&amp;gt;&amp;lt;!-- \/wp:paragraph --&amp;gt;&amp;lt;!-- wp:paragraph --&amp;gt;&amp;lt;em&amp;gt;(Fuente: European Youth Portal)&amp;lt;\/em&amp;gt;&amp;lt;br\/&amp;gt;&amp;lt;!-- \/wp:paragraph --&amp;gt;&lt;\/div&gt;&lt;div id=&amp;quot;cmtt_related_articles&amp;quot; class=&amp;quot;cmtt_related_articles_wrapper&amp;quot;&gt;&lt;div class=&amp;quot;cmtt_related_title cmtt_related_articles_title&amp;quot;&gt;Related Articles: &lt;\/div&gt;&lt;ul class=&amp;quot;cmtt_related&amp;quot;&gt;&lt;li class=&amp;quot;cmtt_related_item&amp;quot;&gt;&lt;a href=&amp;quot;https:\/\/xqthenews.com\/es\/economia-circular-materia-organica-en-el-pasado-el-presente-y-el-futuro\/&amp;quot;target=&amp;quot;_blank&amp;quot;&gt;Econom&iacute;a circular: materia org&aacute;nica en el pasado, el presente y el futuro&lt;\/a&gt;&lt;\/li&gt;&lt;li class=&amp;quot;cmtt_related_item&amp;quot;&gt;&lt;a href=&amp;quot;https:\/\/xqthenews.com\/es\/emergencia-climatica-y-retos-sanitarios\/&amp;quot;target=&amp;quot;_blank&amp;quot;&gt;Emergencia clim&aacute;tica y retos sanitarios&lt;\/a&gt;&lt;\/li&gt;&lt;li class=&amp;quot;cmtt_related_item&amp;quot;&gt;&lt;a href=&amp;quot;https:\/\/xqthenews.com\/es\/portugal-entre-los-paises-europeos-mas-afectados-por-los-fenomenos-meteorologicos-extremos\/&amp;quot;target=&amp;quot;_blank&amp;quot;&gt;Portugal entre los pa&iacute;ses europeos m&aacute;s afectados por los fen&oacute;menos meteorol&oacute;gicos extremos&lt;\/a&gt;&lt;\/li&gt;&lt;li class=&amp;quot;cmtt_related_item&amp;quot;&gt;&lt;a href=&amp;quot;https:\/\/xqthenews.com\/es\/ley-de-restauracion-de-la-naturaleza-como-se-propone-restaurar-los-ecosistemas-europeos\/&amp;quot;target=&amp;quot;_blank&amp;quot;&gt;Ley de Restauraci&oacute;n de la Naturaleza: &iquest;C&oacute;mo se propone restaurar los ecosistemas europeos?&lt;\/a&gt;&lt;\/li&gt;&lt;li class=&amp;quot;cmtt_related_item&amp;quot;&gt;&lt;a href=&amp;quot;https:\/\/xqthenews.com\/es\/glossary\/descarbonizacion\/&amp;quot;target=&amp;quot;_blank&amp;quot;&gt;Glossary:  Descarbonizaci&oacute;n&lt;\/a&gt;&lt;\/li&gt;&lt;\/ul&gt;&lt;\/div&gt;\" href=\"https:\/\/xqthenews.com\/es\/glossary\/cambio-climatico\/\" data-gt-translate-attributes='[{\"attribute\":\"data-cmtooltip\", \"format\":\"html\"}]' tabindex=\"0\" role=\"link\">cambio clim&aacute;tico<\/a> y promover un futuro sostenible. Sin embargo, este proceso plantea cuestiones de <a class=\"glossaryLink\" aria-describedby=\"tt\" data-cmtooltip=\"&lt;div class=glossaryItemTitle&gt;Justicia social&lt;\/div&gt;&lt;div class=glossaryItemBody&gt;&amp;lt;!-- wp:paragraph --&amp;gt;El concepto de justicia social surgi&oacute; a mediados del siglo XIX para referirse a la necesidad de lograr una distribuci&oacute;n equitativa de los bienes sociales. En una sociedad donde hay justicia social, se respetan los derechos humanos y las clases sociales m&aacute;s desfavorecidas tienen oportunidades de desarrollo.&amp;lt;br\/&amp;gt;&amp;lt;!-- \/wp:paragraph --&amp;gt;&amp;lt;!-- wp:paragraph --&amp;gt;(Fuente: Conceito.de)&amp;lt;br\/&amp;gt;&amp;lt;!-- \/wp:paragraph --&amp;gt;&lt;\/div&gt;&lt;div id=&amp;quot;cmtt_related_articles&amp;quot; class=&amp;quot;cmtt_related_articles_wrapper&amp;quot;&gt;&lt;div class=&amp;quot;cmtt_related_title cmtt_related_articles_title&amp;quot;&gt;Related Articles: &lt;\/div&gt;&lt;ul class=&amp;quot;cmtt_related&amp;quot;&gt;&lt;li class=&amp;quot;cmtt_related_item&amp;quot;&gt;&lt;a href=&amp;quot;https:\/\/xqthenews.com\/es\/transicion-energetica-y-justicia-social-quien-paga-el-precio\/&amp;quot;target=&amp;quot;_blank&amp;quot;&gt;Transici&oacute;n energ&eacute;tica y justicia social: &iquest;qui&eacute;n paga el precio?&lt;\/a&gt;&lt;\/li&gt;&lt;li class=&amp;quot;cmtt_related_item&amp;quot;&gt;&lt;a href=&amp;quot;https:\/\/xqthenews.com\/es\/mujeres-y-poder-avances-pero-la-igualdad-sigue-siendo-un-objetivo-lejano\/&amp;quot;target=&amp;quot;_blank&amp;quot;&gt;Mujeres y poder: avances, pero la igualdad sigue siendo un objetivo lejano&lt;\/a&gt;&lt;\/li&gt;&lt;\/ul&gt;&lt;\/div&gt;\" href=\"https:\/\/xqthenews.com\/es\/glossary\/justicia-social\/\" data-gt-translate-attributes='[{\"attribute\":\"data-cmtooltip\", \"format\":\"html\"}]' tabindex=\"0\" role=\"link\">justicia social<\/a>, concretamente sobre qui&eacute;n recaen los costes y qui&eacute;n se beneficia de los cambios. En este art&iacute;culo exploraremos el aumento de la <a class=\"glossaryLink\" aria-describedby=\"tt\" data-cmtooltip=\"&lt;div class=glossaryItemTitle&gt;Pobreza energ&eacute;tica&lt;\/div&gt;&lt;div class=glossaryItemBody&gt;&amp;lt;!-- wp:paragraph --&amp;gt;La definici&oacute;n de Pobreza Energ&eacute;tica no fue consensuada en la UE, ya que varios Estados miembros adoptaron una definici&oacute;n diferente teniendo en cuenta su realidad nacional.&amp;lt;br\/&amp;gt;&amp;lt;!-- \/wp:paragraph --&amp;gt;&amp;lt;!-- wp:paragraph --&amp;gt;Sin embargo, en la Directiva (UE) 2023\/1791 del Parlamento Europeo y del Consejo, de 13 de septiembre, relativa a la eficiencia energ&eacute;tica, se estableci&oacute; por primera vez una definici&oacute;n com&uacute;n de Pobreza Energ&eacute;tica:&amp;lt;br\/&amp;gt;&amp;lt;!-- \/wp:paragraph --&amp;gt;&amp;lt;!-- wp:paragraph --&amp;gt;&laquo;la falta de acceso de un hogar a los servicios energ&eacute;ticos esenciales, cuando dichos servicios proporcionan un nivel de vida y de salud b&aacute;sico y digno, incluidos calefacci&oacute;n, agua caliente, refrigeraci&oacute;n e iluminaci&oacute;n adecuados y la energ&iacute;a necesaria para los electrodom&eacute;sticos, teniendo en cuenta el contexto nacional, la pol&iacute;tica social y otras pol&iacute;ticas nacionales pertinentes, causada por una combinaci&oacute;n de factores, entre los que se incluyen, como m&iacute;nimo, la falta de asequibilidad, una renta disponible insuficiente, un gasto energ&eacute;tico elevado y una escasa eficiencia energ&eacute;tica de las viviendas.&raquo;&amp;lt;br\/&amp;gt;&amp;lt;!-- \/wp:paragraph --&amp;gt;&amp;lt;!-- wp:paragraph --&amp;gt;(Fuente: Dgeg)&amp;lt;br\/&amp;gt;&amp;lt;!-- \/wp:paragraph --&amp;gt;&lt;\/div&gt;&lt;div id=&amp;quot;cmtt_related_articles&amp;quot; class=&amp;quot;cmtt_related_articles_wrapper&amp;quot;&gt;&lt;div class=&amp;quot;cmtt_related_title cmtt_related_articles_title&amp;quot;&gt;Related Articles: &lt;\/div&gt;&lt;ul class=&amp;quot;cmtt_related&amp;quot;&gt;&lt;li class=&amp;quot;cmtt_related_item&amp;quot;&gt;&lt;a href=&amp;quot;https:\/\/xqthenews.com\/es\/transicion-energetica-y-justicia-social-quien-paga-el-precio\/&amp;quot;target=&amp;quot;_blank&amp;quot;&gt;Transici&oacute;n energ&eacute;tica y justicia social: &iquest;qui&eacute;n paga el precio?&lt;\/a&gt;&lt;\/li&gt;&lt;\/ul&gt;&lt;\/div&gt;\" href=\"https:\/\/xqthenews.com\/es\/glossary\/pobreza-energetica\/\" data-gt-translate-attributes='[{\"attribute\":\"data-cmtooltip\", \"format\":\"html\"}]' tabindex=\"0\" role=\"link\">pobreza energ&eacute;tica<\/a> frente a los incentivos a la <a class=\"glossaryLink\" aria-describedby=\"tt\" data-cmtooltip=\"&lt;div class=glossaryItemTitle&gt;Producci&oacute;n descentralizada&lt;\/div&gt;&lt;div class=glossaryItemBody&gt;&amp;lt;!-- wp:paragraph --&amp;gt;La producci&oacute;n descentralizada se refiere a los sistemas de producci&oacute;n que tienen lugar cerca de los lugares de consumo, en lugar de estar centralizados en un &uacute;nico lugar. Esto puede incluir la producci&oacute;n de energ&iacute;a, como la instalaci&oacute;n de sistemas fotovoltaicos en los edificios, donde la energ&iacute;a se genera localmente y se consume en el mismo lugar o en las proximidades.&amp;lt;br\/&amp;gt;&amp;lt;!-- \/wp:paragraph --&amp;gt;&amp;lt;!-- wp:paragraph --&amp;gt;Adem&aacute;s, la producci&oacute;n descentralizada se considera un pilar para la transici&oacute;n energ&eacute;tica, ya que promueve un sistema m&aacute;s sostenible y resistente. Este enfoque tambi&eacute;n puede aplicarse en contextos de fabricaci&oacute;n, donde la producci&oacute;n de piezas se distribuye entre varios lugares.&amp;lt;br\/&amp;gt;&amp;lt;!-- \/wp:paragraph --&amp;gt;&amp;lt;!-- wp:paragraph --&amp;gt;(Fuente: Dgeg)&amp;lt;br\/&amp;gt;&amp;lt;!-- \/wp:paragraph --&amp;gt;&lt;\/div&gt;&lt;div id=&amp;quot;cmtt_related_articles&amp;quot; class=&amp;quot;cmtt_related_articles_wrapper&amp;quot;&gt;&lt;div class=&amp;quot;cmtt_related_title cmtt_related_articles_title&amp;quot;&gt;Related Articles: &lt;\/div&gt;&lt;ul class=&amp;quot;cmtt_related&amp;quot;&gt;&lt;li class=&amp;quot;cmtt_related_item&amp;quot;&gt;&lt;a href=&amp;quot;https:\/\/xqthenews.com\/es\/transicion-energetica-y-justicia-social-quien-paga-el-precio\/&amp;quot;target=&amp;quot;_blank&amp;quot;&gt;Transici&oacute;n energ&eacute;tica y justicia social: &iquest;qui&eacute;n paga el precio?&lt;\/a&gt;&lt;\/li&gt;&lt;\/ul&gt;&lt;\/div&gt;\" href=\"https:\/\/xqthenews.com\/es\/glossary\/produccion-descentralizada\/\" data-gt-translate-attributes='[{\"attribute\":\"data-cmtooltip\", \"format\":\"html\"}]' tabindex=\"0\" role=\"link\">producci&oacute;n descentralizada<\/a>,<\/p>\n","protected":false},"author":51,"featured_media":29386,"comment_status":"open","ping_status":"open","sticky":false,"template":"","format":"standard","meta":{"_acf_changed":false,"footnotes":""},"categories":[376,372],"tags":[1139,1140,1138],"coauthors":[207],"class_list":{"0":"post-29380","1":"post","2":"type-post","3":"status-publish","4":"format-standard","5":"has-post-thumbnail","7":"category-energias-renovables","8":"category-medio-ambiente","9":"tag-energiasrenovables","10":"tag-sostenibilidadeuropa","11":"tag-transicionenergetica"},"acf":[],"yoast_head":"<!-- This site is optimized with the Yoast SEO plugin v27.4 - https:\/\/yoast.com\/product\/yoast-seo-wordpress\/ -->\n<title>Transici\u00f3n energ\u00e9tica y justicia social: \u00bfqui\u00e9n paga el precio? - xqthenews<\/title>\n<meta name=\"robots\" content=\"index, follow, max-snippet:-1, max-image-preview:large, max-video-preview:-1\" \/>\n<link rel=\"canonical\" href=\"https:\/\/xqthenews.com\/es\/transicion-energetica-y-justicia-social-quien-paga-el-precio\/\" \/>\n<meta property=\"og:locale\" content=\"es_ES\" \/>\n<meta property=\"og:type\" content=\"article\" \/>\n<meta property=\"og:title\" content=\"Transici\u00f3n energ\u00e9tica y justicia social: \u00bfqui\u00e9n paga el precio? - xqthenews\" \/>\n<meta property=\"og:description\" content=\"La transici&oacute;n energ&eacute;tica es esencial para combatir el cambio clim&aacute;tico y promover un futuro sostenible. Sin embargo, este proceso plantea cuestiones de justicia social, concretamente sobre qui&eacute;n recaen los costes y qui&eacute;n se beneficia de los cambios. En este art&iacute;culo exploraremos el aumento de la pobreza energ&eacute;tica frente a los incentivos a la producci&oacute;n descentralizada,\" \/>\n<meta property=\"og:url\" content=\"https:\/\/xqthenews.com\/es\/transicion-energetica-y-justicia-social-quien-paga-el-precio\/\" \/>\n<meta property=\"og:site_name\" content=\"xqthenews\" \/>\n<meta property=\"article:published_time\" content=\"2025-04-30T06:41:05+00:00\" \/>\n<meta property=\"og:image\" content=\"https:\/\/xqthenews.com\/wp-content\/uploads\/2025\/04\/Portada-7.jpg\" \/>\n\t<meta property=\"og:image:width\" content=\"411\" \/>\n\t<meta property=\"og:image:height\" content=\"404\" \/>\n\t<meta property=\"og:image:type\" content=\"image\/jpeg\" \/>\n<meta name=\"author\" content=\"In\u00e9s Pereira\" \/>\n<meta name=\"twitter:card\" content=\"summary_large_image\" \/>\n<meta name=\"twitter:label1\" content=\"Escrito por\" \/>\n\t<meta name=\"twitter:data1\" content=\"In\u00e9s Pereira\" \/>\n\t<meta name=\"twitter:label2\" content=\"Tiempo de lectura\" \/>\n\t<meta name=\"twitter:data2\" content=\"4 minutos\" \/>\n\t<meta name=\"twitter:label3\" content=\"Written by\" \/>\n\t<meta name=\"twitter:data3\" content=\"In\u00e9s Pereira\" \/>\n<script type=\"application\/ld+json\" class=\"yoast-schema-graph\">{\"@context\":\"https:\\\/\\\/schema.org\",\"@graph\":[{\"@type\":\"Article\",\"@id\":\"https:\\\/\\\/xqthenews.com\\\/es\\\/transicion-energetica-y-justicia-social-quien-paga-el-precio\\\/#article\",\"isPartOf\":{\"@id\":\"https:\\\/\\\/xqthenews.com\\\/es\\\/transicion-energetica-y-justicia-social-quien-paga-el-precio\\\/\"},\"author\":{\"name\":\"In\u00e9s Pereira\",\"@id\":\"https:\\\/\\\/xqthenews.com\\\/es\\\/#\\\/schema\\\/person\\\/a49a2b08d70fa97dc7fa72261ccb0067\"},\"headline\":\"Transici\u00f3n energ\u00e9tica y justicia social: \u00bfqui\u00e9n paga el precio?\",\"datePublished\":\"2025-04-30T06:41:05+00:00\",\"mainEntityOfPage\":{\"@id\":\"https:\\\/\\\/xqthenews.com\\\/es\\\/transicion-energetica-y-justicia-social-quien-paga-el-precio\\\/\"},\"wordCount\":802,\"commentCount\":0,\"image\":{\"@id\":\"https:\\\/\\\/xqthenews.com\\\/es\\\/transicion-energetica-y-justicia-social-quien-paga-el-precio\\\/#primaryimage\"},\"thumbnailUrl\":\"https:\\\/\\\/xqthenews.com\\\/wp-content\\\/uploads\\\/2025\\\/04\\\/Portada-7.jpg\",\"keywords\":[\"#Energ\u00edasRenovables\",\"#SostenibilidadEuropa\",\"#Transici\u00f3nEnerg\u00e9tica\"],\"articleSection\":[\"Energ\u00edas renovables\",\"Medio ambiente\"],\"inLanguage\":\"es\",\"potentialAction\":[{\"@type\":\"CommentAction\",\"name\":\"Comment\",\"target\":[\"https:\\\/\\\/xqthenews.com\\\/es\\\/transicion-energetica-y-justicia-social-quien-paga-el-precio\\\/#respond\"]}]},{\"@type\":\"WebPage\",\"@id\":\"https:\\\/\\\/xqthenews.com\\\/es\\\/transicion-energetica-y-justicia-social-quien-paga-el-precio\\\/\",\"url\":\"https:\\\/\\\/xqthenews.com\\\/es\\\/transicion-energetica-y-justicia-social-quien-paga-el-precio\\\/\",\"name\":\"Transici\u00f3n energ\u00e9tica y justicia social: \u00bfqui\u00e9n paga el precio? - xqthenews\",\"isPartOf\":{\"@id\":\"https:\\\/\\\/xqthenews.com\\\/es\\\/#website\"},\"primaryImageOfPage\":{\"@id\":\"https:\\\/\\\/xqthenews.com\\\/es\\\/transicion-energetica-y-justicia-social-quien-paga-el-precio\\\/#primaryimage\"},\"image\":{\"@id\":\"https:\\\/\\\/xqthenews.com\\\/es\\\/transicion-energetica-y-justicia-social-quien-paga-el-precio\\\/#primaryimage\"},\"thumbnailUrl\":\"https:\\\/\\\/xqthenews.com\\\/wp-content\\\/uploads\\\/2025\\\/04\\\/Portada-7.jpg\",\"datePublished\":\"2025-04-30T06:41:05+00:00\",\"author\":{\"@id\":\"https:\\\/\\\/xqthenews.com\\\/es\\\/#\\\/schema\\\/person\\\/a49a2b08d70fa97dc7fa72261ccb0067\"},\"breadcrumb\":{\"@id\":\"https:\\\/\\\/xqthenews.com\\\/es\\\/transicion-energetica-y-justicia-social-quien-paga-el-precio\\\/#breadcrumb\"},\"inLanguage\":\"es\",\"potentialAction\":[{\"@type\":\"ReadAction\",\"target\":[\"https:\\\/\\\/xqthenews.com\\\/es\\\/transicion-energetica-y-justicia-social-quien-paga-el-precio\\\/\"]}]},{\"@type\":\"ImageObject\",\"inLanguage\":\"es\",\"@id\":\"https:\\\/\\\/xqthenews.com\\\/es\\\/transicion-energetica-y-justicia-social-quien-paga-el-precio\\\/#primaryimage\",\"url\":\"https:\\\/\\\/xqthenews.com\\\/wp-content\\\/uploads\\\/2025\\\/04\\\/Portada-7.jpg\",\"contentUrl\":\"https:\\\/\\\/xqthenews.com\\\/wp-content\\\/uploads\\\/2025\\\/04\\\/Portada-7.jpg\",\"width\":411,\"height\":404},{\"@type\":\"BreadcrumbList\",\"@id\":\"https:\\\/\\\/xqthenews.com\\\/es\\\/transicion-energetica-y-justicia-social-quien-paga-el-precio\\\/#breadcrumb\",\"itemListElement\":[{\"@type\":\"ListItem\",\"position\":1,\"name\":\"Portada\",\"item\":\"https:\\\/\\\/xqthenews.com\\\/es\\\/\"},{\"@type\":\"ListItem\",\"position\":2,\"name\":\"Transici\u00f3n energ\u00e9tica y justicia social: \u00bfqui\u00e9n paga el precio?\"}]},{\"@type\":\"WebSite\",\"@id\":\"https:\\\/\\\/xqthenews.com\\\/es\\\/#website\",\"url\":\"https:\\\/\\\/xqthenews.com\\\/es\\\/\",\"name\":\"xqthenews\",\"description\":\"El porqu\u00e9 de las noticias\",\"potentialAction\":[{\"@type\":\"SearchAction\",\"target\":{\"@type\":\"EntryPoint\",\"urlTemplate\":\"https:\\\/\\\/xqthenews.com\\\/es\\\/?s={search_term_string}\"},\"query-input\":{\"@type\":\"PropertyValueSpecification\",\"valueRequired\":true,\"valueName\":\"search_term_string\"}}],\"inLanguage\":\"es\"},{\"@type\":\"Person\",\"@id\":\"https:\\\/\\\/xqthenews.com\\\/es\\\/#\\\/schema\\\/person\\\/a49a2b08d70fa97dc7fa72261ccb0067\",\"name\":\"In\u00e9s Pereira\",\"image\":{\"@type\":\"ImageObject\",\"inLanguage\":\"es\",\"@id\":\"https:\\\/\\\/xqthenews.com\\\/wp-content\\\/uploads\\\/2024\\\/09\\\/ines-pereira_avatar-96x96.jpg6f5309d40f7e029de56ec87d9c193aad\",\"url\":\"https:\\\/\\\/xqthenews.com\\\/wp-content\\\/uploads\\\/2024\\\/09\\\/ines-pereira_avatar-96x96.jpg\",\"contentUrl\":\"https:\\\/\\\/xqthenews.com\\\/wp-content\\\/uploads\\\/2024\\\/09\\\/ines-pereira_avatar-96x96.jpg\",\"caption\":\"In\u00e9s Pereira\"},\"description\":\"Es licenciada en Ciencias de la Comunicaci\u00f3n y tiene un posgrado en Marketing y Estrategia. Es Asesora de Comunicaci\u00f3n en Ess\u00eancia - Comunica\u00e7\u00e3o Completa, donde forma parte del equipo del Departamento de Comunicaci\u00f3n y Educaci\u00f3n Ambiental - Ess\u00eancia do Ambiente - que utiliza las herramientas de comunicaci\u00f3n como aliadas en el proceso de sensibilizaci\u00f3n y educaci\u00f3n ambiental.\",\"url\":\"https:\\\/\\\/xqthenews.com\\\/es\\\/author\\\/inespereira\\\/\"}]}<\/script>\n<!-- \/ Yoast SEO plugin. -->","yoast_head_json":{"title":"Transici\u00f3n energ\u00e9tica y justicia social: \u00bfqui\u00e9n paga el precio? - xqthenews","robots":{"index":"index","follow":"follow","max-snippet":"max-snippet:-1","max-image-preview":"max-image-preview:large","max-video-preview":"max-video-preview:-1"},"canonical":"https:\/\/xqthenews.com\/es\/transicion-energetica-y-justicia-social-quien-paga-el-precio\/","og_locale":"es_ES","og_type":"article","og_title":"Transici\u00f3n energ\u00e9tica y justicia social: \u00bfqui\u00e9n paga el precio? - xqthenews","og_description":"La transici&oacute;n energ&eacute;tica es esencial para combatir el cambio clim&aacute;tico y promover un futuro sostenible. Sin embargo, este proceso plantea cuestiones de justicia social, concretamente sobre qui&eacute;n recaen los costes y qui&eacute;n se beneficia de los cambios. En este art&iacute;culo exploraremos el aumento de la pobreza energ&eacute;tica frente a los incentivos a la producci&oacute;n descentralizada,","og_url":"https:\/\/xqthenews.com\/es\/transicion-energetica-y-justicia-social-quien-paga-el-precio\/","og_site_name":"xqthenews","article_published_time":"2025-04-30T06:41:05+00:00","og_image":[{"width":411,"height":404,"url":"https:\/\/xqthenews.com\/wp-content\/uploads\/2025\/04\/Portada-7.jpg","type":"image\/jpeg"}],"author":"In\u00e9s Pereira","twitter_card":"summary_large_image","twitter_misc":{"Escrito por":"In\u00e9s Pereira","Tiempo de lectura":"4 minutos","Written by":"In\u00e9s Pereira"},"schema":{"@context":"https:\/\/schema.org","@graph":[{"@type":"Article","@id":"https:\/\/xqthenews.com\/es\/transicion-energetica-y-justicia-social-quien-paga-el-precio\/#article","isPartOf":{"@id":"https:\/\/xqthenews.com\/es\/transicion-energetica-y-justicia-social-quien-paga-el-precio\/"},"author":{"name":"In\u00e9s Pereira","@id":"https:\/\/xqthenews.com\/es\/#\/schema\/person\/a49a2b08d70fa97dc7fa72261ccb0067"},"headline":"Transici\u00f3n energ\u00e9tica y justicia social: \u00bfqui\u00e9n paga el precio?","datePublished":"2025-04-30T06:41:05+00:00","mainEntityOfPage":{"@id":"https:\/\/xqthenews.com\/es\/transicion-energetica-y-justicia-social-quien-paga-el-precio\/"},"wordCount":802,"commentCount":0,"image":{"@id":"https:\/\/xqthenews.com\/es\/transicion-energetica-y-justicia-social-quien-paga-el-precio\/#primaryimage"},"thumbnailUrl":"https:\/\/xqthenews.com\/wp-content\/uploads\/2025\/04\/Portada-7.jpg","keywords":["#Energ\u00edasRenovables","#SostenibilidadEuropa","#Transici\u00f3nEnerg\u00e9tica"],"articleSection":["Energ\u00edas renovables","Medio ambiente"],"inLanguage":"es","potentialAction":[{"@type":"CommentAction","name":"Comment","target":["https:\/\/xqthenews.com\/es\/transicion-energetica-y-justicia-social-quien-paga-el-precio\/#respond"]}]},{"@type":"WebPage","@id":"https:\/\/xqthenews.com\/es\/transicion-energetica-y-justicia-social-quien-paga-el-precio\/","url":"https:\/\/xqthenews.com\/es\/transicion-energetica-y-justicia-social-quien-paga-el-precio\/","name":"Transici\u00f3n energ\u00e9tica y justicia social: \u00bfqui\u00e9n paga el precio? - xqthenews","isPartOf":{"@id":"https:\/\/xqthenews.com\/es\/#website"},"primaryImageOfPage":{"@id":"https:\/\/xqthenews.com\/es\/transicion-energetica-y-justicia-social-quien-paga-el-precio\/#primaryimage"},"image":{"@id":"https:\/\/xqthenews.com\/es\/transicion-energetica-y-justicia-social-quien-paga-el-precio\/#primaryimage"},"thumbnailUrl":"https:\/\/xqthenews.com\/wp-content\/uploads\/2025\/04\/Portada-7.jpg","datePublished":"2025-04-30T06:41:05+00:00","author":{"@id":"https:\/\/xqthenews.com\/es\/#\/schema\/person\/a49a2b08d70fa97dc7fa72261ccb0067"},"breadcrumb":{"@id":"https:\/\/xqthenews.com\/es\/transicion-energetica-y-justicia-social-quien-paga-el-precio\/#breadcrumb"},"inLanguage":"es","potentialAction":[{"@type":"ReadAction","target":["https:\/\/xqthenews.com\/es\/transicion-energetica-y-justicia-social-quien-paga-el-precio\/"]}]},{"@type":"ImageObject","inLanguage":"es","@id":"https:\/\/xqthenews.com\/es\/transicion-energetica-y-justicia-social-quien-paga-el-precio\/#primaryimage","url":"https:\/\/xqthenews.com\/wp-content\/uploads\/2025\/04\/Portada-7.jpg","contentUrl":"https:\/\/xqthenews.com\/wp-content\/uploads\/2025\/04\/Portada-7.jpg","width":411,"height":404},{"@type":"BreadcrumbList","@id":"https:\/\/xqthenews.com\/es\/transicion-energetica-y-justicia-social-quien-paga-el-precio\/#breadcrumb","itemListElement":[{"@type":"ListItem","position":1,"name":"Portada","item":"https:\/\/xqthenews.com\/es\/"},{"@type":"ListItem","position":2,"name":"Transici\u00f3n energ\u00e9tica y justicia social: \u00bfqui\u00e9n paga el precio?"}]},{"@type":"WebSite","@id":"https:\/\/xqthenews.com\/es\/#website","url":"https:\/\/xqthenews.com\/es\/","name":"xqthenews","description":"El porqu\u00e9 de las noticias","potentialAction":[{"@type":"SearchAction","target":{"@type":"EntryPoint","urlTemplate":"https:\/\/xqthenews.com\/es\/?s={search_term_string}"},"query-input":{"@type":"PropertyValueSpecification","valueRequired":true,"valueName":"search_term_string"}}],"inLanguage":"es"},{"@type":"Person","@id":"https:\/\/xqthenews.com\/es\/#\/schema\/person\/a49a2b08d70fa97dc7fa72261ccb0067","name":"In\u00e9s Pereira","image":{"@type":"ImageObject","inLanguage":"es","@id":"https:\/\/xqthenews.com\/wp-content\/uploads\/2024\/09\/ines-pereira_avatar-96x96.jpg6f5309d40f7e029de56ec87d9c193aad","url":"https:\/\/xqthenews.com\/wp-content\/uploads\/2024\/09\/ines-pereira_avatar-96x96.jpg","contentUrl":"https:\/\/xqthenews.com\/wp-content\/uploads\/2024\/09\/ines-pereira_avatar-96x96.jpg","caption":"In\u00e9s Pereira"},"description":"Es licenciada en Ciencias de la Comunicaci\u00f3n y tiene un posgrado en Marketing y Estrategia. Es Asesora de Comunicaci\u00f3n en Ess\u00eancia - Comunica\u00e7\u00e3o Completa, donde forma parte del equipo del Departamento de Comunicaci\u00f3n y Educaci\u00f3n Ambiental - Ess\u00eancia do Ambiente - que utiliza las herramientas de comunicaci\u00f3n como aliadas en el proceso de sensibilizaci\u00f3n y educaci\u00f3n ambiental.","url":"https:\/\/xqthenews.com\/es\/author\/inespereira\/"}]}},"_links":{"self":[{"href":"https:\/\/xqthenews.com\/es\/wp-json\/wp\/v2\/posts\/29380","targetHints":{"allow":["GET"]}}],"collection":[{"href":"https:\/\/xqthenews.com\/es\/wp-json\/wp\/v2\/posts"}],"about":[{"href":"https:\/\/xqthenews.com\/es\/wp-json\/wp\/v2\/types\/post"}],"author":[{"embeddable":true,"href":"https:\/\/xqthenews.com\/es\/wp-json\/wp\/v2\/users\/51"}],"replies":[{"embeddable":true,"href":"https:\/\/xqthenews.com\/es\/wp-json\/wp\/v2\/comments?post=29380"}],"version-history":[{"count":1,"href":"https:\/\/xqthenews.com\/es\/wp-json\/wp\/v2\/posts\/29380\/revisions"}],"predecessor-version":[{"id":29385,"href":"https:\/\/xqthenews.com\/es\/wp-json\/wp\/v2\/posts\/29380\/revisions\/29385"}],"wp:featuredmedia":[{"embeddable":true,"href":"https:\/\/xqthenews.com\/es\/wp-json\/wp\/v2\/media\/29386"}],"wp:attachment":[{"href":"https:\/\/xqthenews.com\/es\/wp-json\/wp\/v2\/media?parent=29380"}],"wp:term":[{"taxonomy":"category","embeddable":true,"href":"https:\/\/xqthenews.com\/es\/wp-json\/wp\/v2\/categories?post=29380"},{"taxonomy":"post_tag","embeddable":true,"href":"https:\/\/xqthenews.com\/es\/wp-json\/wp\/v2\/tags?post=29380"},{"taxonomy":"author","embeddable":true,"href":"https:\/\/xqthenews.com\/es\/wp-json\/wp\/v2\/coauthors?post=29380"}],"curies":[{"name":"wp","href":"https:\/\/api.w.org\/{rel}","templated":true}]}}