{"id":29323,"date":"2025-04-30T07:41:26","date_gmt":"2025-04-30T06:41:26","guid":{"rendered":"https:\/\/xqthenews.com\/?p=29323"},"modified":"2025-04-30T07:41:26","modified_gmt":"2025-04-30T06:41:26","slug":"adolescencia-el-inquietante-relato-de-la-adolescencia-digital","status":"publish","type":"post","link":"https:\/\/xqthenews.com\/es\/adolescencia-el-inquietante-relato-de-la-adolescencia-digital\/","title":{"rendered":"\u00a0\u201cAdolescencia\u201d: el inquietante relato de la adolescencia digital"},"content":{"rendered":"<p><strong>La miniserie brit&aacute;nica Adolescencia, disponible en Netflix, ha suscitado un amplio debate por su cruda y realista representaci&oacute;n de los problemas de la adolescencia en la era digital. Entre los temas tratados destacan el <a class=\"glossaryLink\" aria-describedby=\"tt\" data-cmtooltip=\"&lt;div class=glossaryItemTitle&gt;Discurso del odio&lt;\/div&gt;&lt;div class=glossaryItemBody&gt;&amp;lt;!-- wp:paragraph --&amp;gt;Se refiere a discursos, mensajes o contenidos que incitan al odio o la discriminaci&oacute;n contra personas o grupos por motivos de raza, religi&oacute;n, sexo, orientaci&oacute;n sexual u otras caracter&iacute;sticas personales. Es un lenguaje que fomenta la intolerancia y la violencia.&amp;lt;br\/&amp;gt;&amp;lt;!-- \/wp:paragraph --&amp;gt;&lt;\/div&gt;&lt;div id=&amp;quot;cmtt_related_articles&amp;quot; class=&amp;quot;cmtt_related_articles_wrapper&amp;quot;&gt;&lt;div class=&amp;quot;cmtt_related_title cmtt_related_articles_title&amp;quot;&gt;Related Articles: &lt;\/div&gt;&lt;ul class=&amp;quot;cmtt_related&amp;quot;&gt;&lt;li class=&amp;quot;cmtt_related_item&amp;quot;&gt;&lt;a href=&amp;quot;https:\/\/xqthenews.com\/es\/adolescencia-el-inquietante-relato-de-la-adolescencia-digital\/&amp;quot;target=&amp;quot;_blank&amp;quot;&gt;&nbsp;&amp;quot;Adolescencia&rdquo;: el inquietante relato de la adolescencia digital&lt;\/a&gt;&lt;\/li&gt;&lt;\/ul&gt;&lt;\/div&gt;\" href=\"https:\/\/xqthenews.com\/es\/glossary\/discurso-del-odio\/\" data-gt-translate-attributes='[{\"attribute\":\"data-cmtooltip\", \"format\":\"html\"}]' tabindex=\"0\" role=\"link\">discurso del odio<\/a>, el uso simb&oacute;lico de los emoticonos, las dificultades de los adolescentes contempor&aacute;neos, la teor&iacute;a del 80\/20 y la cultura incel.<\/strong><\/p>\n\n\n\n<h2 class=\"wp-block-heading\"><strong>La trama como pretexto para un an&aacute;lisis social<\/strong><\/h2>\n\n\n\n<p><em>La serie Adolescencia, recientemente estrenada en Netflix, ha escalado en los &uacute;ltimos d&iacute;as las listas de &eacute;xitos, destacando no solo por su atrevida elecci&oacute;n estil&iacute;stica &mdash;cada episodio est&aacute; rodado en un &uacute;nico plano secuencia&mdash;, sino sobre todo por su profundo an&aacute;lisis de los complejos temas que afligen a los adolescentes en la era digital.<\/em><\/p>\n\n\n\n<p>En el centro de la narraci&oacute;n encontramos a Jamie Miller, un chico de trece a&ntilde;os acusado de asesinato.<\/p>\n\n\n\n<p>La escena de la detenci&oacute;n, que abre la serie, es especialmente intensa: las fuerzas del orden irrumpen en la casa de Jamie con una operaci&oacute;n armada, creando un clima de terror y confusi&oacute;n. Esta representaci&oacute;n ha suscitado cr&iacute;ticas por su verosimilitud y por la reflexi&oacute;n que propone sobre el papel de las instituciones en el tratamiento de casos que involucran a menores.<\/p>\n\n\n\n<p>Sin embargo, la serie se aleja del esquema cl&aacute;sico de investigaci&oacute;n y se centra en explorar el contexto social y cultural que ha llevado a un joven a cometer un acto tan extremo. La historia de Jamie se convierte as&iacute; en un pretexto para abordar temas actuales y complejos como el acoso online, la radicalizaci&oacute;n digital y la cultura incel.<\/p>\n\n\n\n<h2 class=\"wp-block-heading\"><strong>El lenguaje oculto de los emojis<\/strong><\/h2>\n\n\n\n<p>Uno de los aspectos m&aacute;s sorprendentes de la serie es la revelaci&oacute;n del significado oculto detr&aacute;s de algunos emojis aparentemente inofensivos. En una escena crucial, el hijo del inspector Luke Bascome se compadece de su padre al ver c&oacute;mo sus investigaciones se centran en aspectos que, como adulto, ignora; le explica a su padre c&oacute;mo s&iacute;mbolos como la p&iacute;ldora roja, la dinamita, el n&uacute;mero &laquo;100&raquo; e incluso las jud&iacute;as se utilizan como c&oacute;digos dentro de la comunidad <em>incel<\/em> para comunicar su pertenencia e ideolog&iacute;as mis&oacute;ginas. Una revelaci&oacute;n que pone de manifiesto la <a class=\"glossaryLink\" aria-describedby=\"tt\" data-cmtooltip=\"&lt;div class=glossaryItemTitle&gt;brecha&lt;\/div&gt;&lt;div class=glossaryItemBody&gt;&amp;lt;!-- wp:paragraph --&amp;gt;diferencia entre dos o m&aacute;s cosas o situaciones. Por ejemplo, puede indicar una disparidad econ&oacute;mica entre grupos sociales, una diferencia de rendimiento entre dos partes o una discrepancia entre las expectativas y la realidad.&amp;lt;br\/&amp;gt;&amp;lt;!-- \/wp:paragraph --&amp;gt;&lt;\/div&gt;&lt;div id=&amp;quot;cmtt_related_articles&amp;quot; class=&amp;quot;cmtt_related_articles_wrapper&amp;quot;&gt;&lt;div class=&amp;quot;cmtt_related_title cmtt_related_articles_title&amp;quot;&gt;Related Articles: &lt;\/div&gt;&lt;ul class=&amp;quot;cmtt_related&amp;quot;&gt;&lt;li class=&amp;quot;cmtt_related_item&amp;quot;&gt;&lt;a href=&amp;quot;https:\/\/xqthenews.com\/es\/metaverso-que-retos-sociales-nos-esperan\/&amp;quot;target=&amp;quot;_blank&amp;quot;&gt;Metaverso, qu&eacute; retos sociales nos esperan&lt;\/a&gt;&lt;\/li&gt;&lt;li class=&amp;quot;cmtt_related_item&amp;quot;&gt;&lt;a href=&amp;quot;https:\/\/xqthenews.com\/es\/cop-28-y-la-participacion-de-los-jovenes-en-el-desafio-climatico\/&amp;quot;target=&amp;quot;_blank&amp;quot;&gt;COP 28 y la participaci&oacute;n de los j&oacute;venes en el desaf&iacute;o clim&agrave;tico&lt;\/a&gt;&lt;\/li&gt;&lt;li class=&amp;quot;cmtt_related_item&amp;quot;&gt;&lt;a href=&amp;quot;https:\/\/xqthenews.com\/es\/discapacidad-mejorar-la-inclusion-y-la-integracion-es-un-imperativo-social\/&amp;quot;target=&amp;quot;_blank&amp;quot;&gt;Discapacidad: mejorar la inclusi&oacute;n y la integraci&oacute;n es un imperativo social&lt;\/a&gt;&lt;\/li&gt;&lt;li class=&amp;quot;cmtt_related_item&amp;quot;&gt;&lt;a href=&amp;quot;https:\/\/xqthenews.com\/es\/somos-lo-que-votamos\/&amp;quot;target=&amp;quot;_blank&amp;quot;&gt;Somos lo que votamos&lt;\/a&gt;&lt;\/li&gt;&lt;li class=&amp;quot;cmtt_related_item&amp;quot;&gt;&lt;a href=&amp;quot;https:\/\/xqthenews.com\/es\/la-lucha-por-un-equilibrio-verde-en-un-mundo-de-facturas\/&amp;quot;target=&amp;quot;_blank&amp;quot;&gt;La lucha por un equilibrio verde en un mundo de facturas&lt;\/a&gt;&lt;\/li&gt;&lt;\/ul&gt;&lt;\/div&gt;\" href=\"https:\/\/xqthenews.com\/es\/glossary\/brecha\/\" data-gt-translate-attributes='[{\"attribute\":\"data-cmtooltip\", \"format\":\"html\"}]' tabindex=\"0\" role=\"link\">brecha<\/a> generacional en la comprensi&oacute;n del lenguaje digital de los j&oacute;venes y la urgente necesidad de educar a los adultos sobre estos nuevos c&oacute;digos comunicativos.<\/p>\n\n\n\n<h2 class=\"wp-block-heading\"><strong>La cultura<em> incel <\/em>y la teor&iacute;a del 80\/20<\/strong><\/h2>\n\n\n\n<p>La serie profundiza en la cultura incel, acr&oacute;nimo de &laquo;involuntary celibate&raquo; (celibato involuntario), que identifica a los hombres que se consideran privados del derecho a las relaciones sexuales y afectivas. Estos individuos suelen desarrollar un profundo resentimiento hacia las mujeres, culp&aacute;ndolas de su condici&oacute;n. Un concepto central en esta ideolog&iacute;a es la &laquo;teor&iacute;a del 80\/20&raquo;, seg&uacute;n la cual el 80 % de las mujeres solo se sentir&iacute;an atra&iacute;das por el 20 % de los hombres, dejando al 80 % restante excluido y frustrado. Esta teor&iacute;a, basada en una distorsi&oacute;n del <a class=\"glossaryLink\" aria-describedby=\"tt\" data-cmtooltip=\"&lt;div class=glossaryItemTitle&gt;Principio de Pareto&lt;\/div&gt;&lt;div class=glossaryItemBody&gt;&amp;lt;!-- wp:paragraph --&amp;gt;Es una teor&iacute;a econ&oacute;mica que afirma que, en muchos casos, aproximadamente el 80 % de los efectos provienen del 20 % de las causas. Por ejemplo, el 20 % de las personas podr&iacute;an poseer el 80 % de la riqueza. En la serie &amp;lt;em&amp;gt;Adolescencia&amp;lt;\/em&amp;gt;, se distorsiona para explicar una visi&oacute;n err&oacute;nea seg&uacute;n la cual solo una peque&ntilde;a parte de los hombres (el 20 %) consigue llamar la atenci&oacute;n de las mujeres, mientras que el resto queda excluido.&amp;lt;br\/&amp;gt;&amp;lt;!-- \/wp:paragraph --&amp;gt;&lt;\/div&gt;&lt;div id=&amp;quot;cmtt_related_articles&amp;quot; class=&amp;quot;cmtt_related_articles_wrapper&amp;quot;&gt;&lt;div class=&amp;quot;cmtt_related_title cmtt_related_articles_title&amp;quot;&gt;Related Articles: &lt;\/div&gt;&lt;ul class=&amp;quot;cmtt_related&amp;quot;&gt;&lt;li class=&amp;quot;cmtt_related_item&amp;quot;&gt;&lt;a href=&amp;quot;https:\/\/xqthenews.com\/es\/adolescencia-el-inquietante-relato-de-la-adolescencia-digital\/&amp;quot;target=&amp;quot;_blank&amp;quot;&gt;&nbsp;&amp;quot;Adolescencia&rdquo;: el inquietante relato de la adolescencia digital&lt;\/a&gt;&lt;\/li&gt;&lt;\/ul&gt;&lt;\/div&gt;\" href=\"https:\/\/xqthenews.com\/es\/glossary\/principio-de-pareto\/\" data-gt-translate-attributes='[{\"attribute\":\"data-cmtooltip\", \"format\":\"html\"}]' tabindex=\"0\" role=\"link\">principio de Pareto<\/a>, alimenta sentimientos de injusticia y odio, contribuyendo a la radicalizaci&oacute;n de j&oacute;venes como Jamie.<\/p>\n\n\n\n<h2 class=\"wp-block-heading\"><strong>El discurso del odio y el silencio de los adolescentes<\/strong><\/h2>\n\n\n\n<p>La serie pone de relieve la amplia difusi&oacute;n del <a class=\"glossaryLink\" aria-describedby=\"tt\" data-cmtooltip=\"&lt;div class=glossaryItemTitle&gt;Discurso del odio&lt;\/div&gt;&lt;div class=glossaryItemBody&gt;&amp;lt;!-- wp:paragraph --&amp;gt;Se refiere a discursos, mensajes o contenidos que incitan al odio o la discriminaci&oacute;n contra personas o grupos por motivos de raza, religi&oacute;n, sexo, orientaci&oacute;n sexual u otras caracter&iacute;sticas personales. Es un lenguaje que fomenta la intolerancia y la violencia.&amp;lt;br\/&amp;gt;&amp;lt;!-- \/wp:paragraph --&amp;gt;&lt;\/div&gt;&lt;div id=&amp;quot;cmtt_related_articles&amp;quot; class=&amp;quot;cmtt_related_articles_wrapper&amp;quot;&gt;&lt;div class=&amp;quot;cmtt_related_title cmtt_related_articles_title&amp;quot;&gt;Related Articles: &lt;\/div&gt;&lt;ul class=&amp;quot;cmtt_related&amp;quot;&gt;&lt;li class=&amp;quot;cmtt_related_item&amp;quot;&gt;&lt;a href=&amp;quot;https:\/\/xqthenews.com\/es\/adolescencia-el-inquietante-relato-de-la-adolescencia-digital\/&amp;quot;target=&amp;quot;_blank&amp;quot;&gt;&nbsp;&amp;quot;Adolescencia&rdquo;: el inquietante relato de la adolescencia digital&lt;\/a&gt;&lt;\/li&gt;&lt;\/ul&gt;&lt;\/div&gt;\" href=\"https:\/\/xqthenews.com\/es\/glossary\/discurso-del-odio\/\" data-gt-translate-attributes='[{\"attribute\":\"data-cmtooltip\", \"format\":\"html\"}]' tabindex=\"0\" role=\"link\">discurso del odio<\/a> entre los j&oacute;venes y su tendencia a no reaccionar ante contenidos ofensivos.<a href=\"https:\/\/www.ilsole24ore.com\/art\/giovani-e-web-58percento-11-17enni-e-passivo-fronte-messaggi-d-odio-AEgUxrqD\"> Seg&uacute;n la investigaci&oacute;n<\/a> EU Kids Online realizada en 2018, el 31 % de los j&oacute;venes de entre 11 y 17 a&ntilde;os ha visto mensajes de odio o comentarios ofensivos de car&aacute;cter racista en Internet, pero el 58 % de ellos no intervino para detener la violencia. Este silencio puede atribuirse a varios factores, entre ellos el miedo a las represalias, la indiferencia o la falta de herramientas adecuadas para hacer frente a estas situaciones. Recientemente, una revisi&oacute;n sistem&aacute;tica publicada en<a href=\"https:\/\/pmc.ncbi.nlm.nih.gov\/articles\/PMC10486144\/?utm_source=chatgpt.com\"> <em>Frontiers in Psychology<\/em><\/a> analiz&oacute; 18 estudios realizados entre 2015 y 2021, centr&aacute;ndose en j&oacute;venes de entre 5 y 21 a&ntilde;os. Los resultados indican que la exposici&oacute;n al <a class=\"glossaryLink\" aria-describedby=\"tt\" data-cmtooltip=\"&lt;div class=glossaryItemTitle&gt;Discurso del odio&lt;\/div&gt;&lt;div class=glossaryItemBody&gt;&amp;lt;!-- wp:paragraph --&amp;gt;Se refiere a discursos, mensajes o contenidos que incitan al odio o la discriminaci&oacute;n contra personas o grupos por motivos de raza, religi&oacute;n, sexo, orientaci&oacute;n sexual u otras caracter&iacute;sticas personales. Es un lenguaje que fomenta la intolerancia y la violencia.&amp;lt;br\/&amp;gt;&amp;lt;!-- \/wp:paragraph --&amp;gt;&lt;\/div&gt;&lt;div id=&amp;quot;cmtt_related_articles&amp;quot; class=&amp;quot;cmtt_related_articles_wrapper&amp;quot;&gt;&lt;div class=&amp;quot;cmtt_related_title cmtt_related_articles_title&amp;quot;&gt;Related Articles: &lt;\/div&gt;&lt;ul class=&amp;quot;cmtt_related&amp;quot;&gt;&lt;li class=&amp;quot;cmtt_related_item&amp;quot;&gt;&lt;a href=&amp;quot;https:\/\/xqthenews.com\/es\/adolescencia-el-inquietante-relato-de-la-adolescencia-digital\/&amp;quot;target=&amp;quot;_blank&amp;quot;&gt;&nbsp;&amp;quot;Adolescencia&rdquo;: el inquietante relato de la adolescencia digital&lt;\/a&gt;&lt;\/li&gt;&lt;\/ul&gt;&lt;\/div&gt;\" href=\"https:\/\/xqthenews.com\/es\/glossary\/discurso-del-odio\/\" data-gt-translate-attributes='[{\"attribute\":\"data-cmtooltip\", \"format\":\"html\"}]' tabindex=\"0\" role=\"link\">discurso del odio<\/a> es m&aacute;s frecuente que la victimizaci&oacute;n o la participaci&oacute;n activa, con tasas de exposici&oacute;n que oscilan entre el 26 % y el 36 % entre los adolescentes en diferentes contextos nacionales.<\/p>\n\n\n\n<h2 class=\"wp-block-heading\"><strong>Las culpas del algoritmo<\/strong><\/h2>\n\n\n\n<p>Varios estudios han puesto de manifiesto que los algoritmos de las redes sociales pueden contribuir a la radicalizaci&oacute;n de los j&oacute;venes.<a href=\"https:\/\/www.ascl.org.uk\/ASCL\/media\/ASCL\/Help%20and%20advice\/Inclusion\/Safer-scrolling.pdf\"> Un informe publicado en Gran Breta&ntilde;a<\/a> ha revelado que los algoritmos amplifican contenidos mis&oacute;ginos, como la <a class=\"glossaryLink\" aria-describedby=\"tt\" data-cmtooltip=\"&lt;div class=glossaryItemTitle&gt;Cosificaci&oacute;n&lt;\/div&gt;&lt;div class=glossaryItemBody&gt;&amp;lt;!-- wp:paragraph --&amp;gt;La cosificaci&oacute;n es tratar a una persona como un objeto, negando su autonom&iacute;a, dignidad o humanidad. Frecuente en contextos de g&eacute;nero, deshumanizaci&oacute;n o explotaci&oacute;n, reduce al individuo a su utilidad.&amp;lt;br\/&amp;gt;&amp;lt;!-- \/wp:paragraph --&amp;gt;&lt;\/div&gt;&lt;div id=&amp;quot;cmtt_related_articles&amp;quot; class=&amp;quot;cmtt_related_articles_wrapper&amp;quot;&gt;&lt;div class=&amp;quot;cmtt_related_title cmtt_related_articles_title&amp;quot;&gt;Related Articles: &lt;\/div&gt;&lt;ul class=&amp;quot;cmtt_related&amp;quot;&gt;&lt;li class=&amp;quot;cmtt_related_item&amp;quot;&gt;&lt;a href=&amp;quot;https:\/\/xqthenews.com\/es\/maria-calado-el-inicio-de-los-trastornos-de-conducta-alimentaria-se-esta-adelantando-hay-mas-casos-de-ninas\/&amp;quot;target=&amp;quot;_blank&amp;quot;&gt;Mar&iacute;a Calado: &amp;quot;El inicio de los trastornos de conducta alimentaria se est&aacute; adelantando; hay m&aacute;s casos de ni&ntilde;as&rdquo;&lt;\/a&gt;&lt;\/li&gt;&lt;li class=&amp;quot;cmtt_related_item&amp;quot;&gt;&lt;a href=&amp;quot;https:\/\/xqthenews.com\/es\/adolescencia-el-inquietante-relato-de-la-adolescencia-digital\/&amp;quot;target=&amp;quot;_blank&amp;quot;&gt;&nbsp;&amp;quot;Adolescencia&rdquo;: el inquietante relato de la adolescencia digital&lt;\/a&gt;&lt;\/li&gt;&lt;\/ul&gt;&lt;\/div&gt;\" href=\"https:\/\/xqthenews.com\/es\/glossary\/cosificacion\/\" data-gt-translate-attributes='[{\"attribute\":\"data-cmtooltip\", \"format\":\"html\"}]' tabindex=\"0\" role=\"link\">cosificaci&oacute;n<\/a> y el descr&eacute;dito de las mujeres, lo que influye negativamente en la salud mental de los adolescentes.<\/p>\n\n\n\n<p>Adem&aacute;s, Kaitlyn Regehr, de <em>UCL-Information Studies<\/em>, ha observado que los procesos algor&iacute;tmicos en plataformas como <em>TikTok<\/em> se aprovechan de las vulnerabilidades de los j&oacute;venes, gamificando contenidos nocivos y normalizando visiones peligrosas entre los adolescentes.<\/p>\n\n\n\n<h2 class=\"wp-block-heading\"><strong>La responsabilidad de los adultos<\/strong><\/h2>\n\n\n\n<p>Jack Thorne, guionista de la serie, destaca que Jamie no es simplemente el producto de la <em><a class=\"glossaryLink\" aria-describedby=\"tt\" data-cmtooltip=\"&lt;div class=glossaryItemTitle&gt;Manosfera&lt;\/div&gt;&lt;div class=glossaryItemBody&gt;&amp;lt;!-- wp:paragraph --&amp;gt;T&eacute;rmino que designa un conjunto de comunidades y contenidos en l&iacute;nea, a menudo presentes en blogs, foros, redes sociales o plataformas de v&iacute;deo, que giran en torno a una visi&oacute;n machista o antifeminista de las relaciones entre hombres y mujeres. Los contenidos de la manosfera pueden variar desde simples desahogos personales hasta discursos de odio mis&oacute;ginos y, en algunos casos, se han relacionado con fen&oacute;menos de radicalizaci&oacute;n en l&iacute;nea.&amp;lt;br\/&amp;gt;&amp;lt;!-- \/wp:paragraph --&amp;gt;&lt;\/div&gt;&lt;div id=&amp;quot;cmtt_related_articles&amp;quot; class=&amp;quot;cmtt_related_articles_wrapper&amp;quot;&gt;&lt;div class=&amp;quot;cmtt_related_title cmtt_related_articles_title&amp;quot;&gt;Related Articles: &lt;\/div&gt;&lt;ul class=&amp;quot;cmtt_related&amp;quot;&gt;&lt;li class=&amp;quot;cmtt_related_item&amp;quot;&gt;&lt;a href=&amp;quot;https:\/\/xqthenews.com\/es\/adolescencia-el-inquietante-relato-de-la-adolescencia-digital\/&amp;quot;target=&amp;quot;_blank&amp;quot;&gt;&nbsp;&amp;quot;Adolescencia&rdquo;: el inquietante relato de la adolescencia digital&lt;\/a&gt;&lt;\/li&gt;&lt;\/ul&gt;&lt;\/div&gt;\" href=\"https:\/\/xqthenews.com\/es\/glossary\/manosfera\/\" data-gt-translate-attributes='[{\"attribute\":\"data-cmtooltip\", \"format\":\"html\"}]' tabindex=\"0\" role=\"link\">manosfera<\/a><\/em>, sino tambi&eacute;n de unos padres ausentes, una escuela desinteresada y una sociedad que no ha sabido intervenir. Este mensaje pone de relieve la importancia de un apoyo social fuerte y presente para prevenir la deriva hacia ideolog&iacute;as peligrosas.<\/p>\n\n\n\n<p>En respuesta a estos fen&oacute;menos, algunos programas escolares est&aacute;n incluyendo m&oacute;dulos de educaci&oacute;n digital y afectiva, con el objetivo de ayudar a los j&oacute;venes a reconocer y combatir el <a class=\"glossaryLink\" aria-describedby=\"tt\" data-cmtooltip=\"&lt;div class=glossaryItemTitle&gt;Discurso del odio&lt;\/div&gt;&lt;div class=glossaryItemBody&gt;&amp;lt;!-- wp:paragraph --&amp;gt;Se refiere a discursos, mensajes o contenidos que incitan al odio o la discriminaci&oacute;n contra personas o grupos por motivos de raza, religi&oacute;n, sexo, orientaci&oacute;n sexual u otras caracter&iacute;sticas personales. Es un lenguaje que fomenta la intolerancia y la violencia.&amp;lt;br\/&amp;gt;&amp;lt;!-- \/wp:paragraph --&amp;gt;&lt;\/div&gt;&lt;div id=&amp;quot;cmtt_related_articles&amp;quot; class=&amp;quot;cmtt_related_articles_wrapper&amp;quot;&gt;&lt;div class=&amp;quot;cmtt_related_title cmtt_related_articles_title&amp;quot;&gt;Related Articles: &lt;\/div&gt;&lt;ul class=&amp;quot;cmtt_related&amp;quot;&gt;&lt;li class=&amp;quot;cmtt_related_item&amp;quot;&gt;&lt;a href=&amp;quot;https:\/\/xqthenews.com\/es\/adolescencia-el-inquietante-relato-de-la-adolescencia-digital\/&amp;quot;target=&amp;quot;_blank&amp;quot;&gt;&nbsp;&amp;quot;Adolescencia&rdquo;: el inquietante relato de la adolescencia digital&lt;\/a&gt;&lt;\/li&gt;&lt;\/ul&gt;&lt;\/div&gt;\" href=\"https:\/\/xqthenews.com\/es\/glossary\/discurso-del-odio\/\" data-gt-translate-attributes='[{\"attribute\":\"data-cmtooltip\", \"format\":\"html\"}]' tabindex=\"0\" role=\"link\">discurso del odio<\/a>. En Noruega, por ejemplo, se ha introducido un curso obligatorio sobre &laquo;habilidades de ciudadan&iacute;a digital&raquo;, que aborda temas como la responsabilidad en l&iacute;nea, el respeto a la diversidad y la deconstrucci&oacute;n de los <a class=\"glossaryLink\" aria-describedby=\"tt\" data-cmtooltip=\"&lt;div class=glossaryItemTitle&gt;Estereotipos de g&eacute;nero&lt;\/div&gt;&lt;div class=glossaryItemBody&gt;&amp;lt;!-- wp:paragraph --&amp;gt;&Eacute;stos se refieren a la visi&oacute;n generalizada y a las nociones preconcebidas sobre ciertos atributos, caracter&iacute;sticas intr&iacute;nsecas, y roles inmutables que las mujeres tiene que o deben poseer o cumplir. Los estereotipos de g&eacute;nero son siempre da&ntilde;inos porque limitan la habilidad tanto de mujeres como de hombres para desarrollar sus habilidades personales, perseguir sus carreras profesionales y, generalmente, tomar decisiones libres e informadas sobre sus vidas.&amp;lt;br\/&amp;gt;&amp;lt;!-- \/wp:paragraph --&amp;gt;&lt;\/div&gt;&lt;div id=&amp;quot;cmtt_related_articles&amp;quot; class=&amp;quot;cmtt_related_articles_wrapper&amp;quot;&gt;&lt;div class=&amp;quot;cmtt_related_title cmtt_related_articles_title&amp;quot;&gt;Related Articles: &lt;\/div&gt;&lt;ul class=&amp;quot;cmtt_related&amp;quot;&gt;&lt;li class=&amp;quot;cmtt_related_item&amp;quot;&gt;&lt;a href=&amp;quot;https:\/\/xqthenews.com\/es\/glossary\/foro-de-mujeres-periodistas-del-mediterraneo\/&amp;quot;target=&amp;quot;_blank&amp;quot;&gt;Glossary:  Foro de Mujeres Periodistas del Mediterr&aacute;neo&lt;\/a&gt;&lt;\/li&gt;&lt;li class=&amp;quot;cmtt_related_item&amp;quot;&gt;&lt;a href=&amp;quot;https:\/\/xqthenews.com\/es\/arranca-en-apulia-el-9o-foro-de-mujeres-periodistas-del-mediterraneo\/&amp;quot;target=&amp;quot;_blank&amp;quot;&gt;Arranca en Apulia el 9&ordm; Foro de Mujeres Periodistas del Mediterr&aacute;neo&lt;\/a&gt;&lt;\/li&gt;&lt;li class=&amp;quot;cmtt_related_item&amp;quot;&gt;&lt;a href=&amp;quot;https:\/\/xqthenews.com\/es\/maria-calado-el-inicio-de-los-trastornos-de-conducta-alimentaria-se-esta-adelantando-hay-mas-casos-de-ninas\/&amp;quot;target=&amp;quot;_blank&amp;quot;&gt;Mar&iacute;a Calado: &amp;quot;El inicio de los trastornos de conducta alimentaria se est&aacute; adelantando; hay m&aacute;s casos de ni&ntilde;as&rdquo;&lt;\/a&gt;&lt;\/li&gt;&lt;li class=&amp;quot;cmtt_related_item&amp;quot;&gt;&lt;a href=&amp;quot;https:\/\/xqthenews.com\/es\/conoce-a-las-mujeres-que-estan-salvando-el-oceano-un-proyecto-inspirador-en-cada-ocasion\/&amp;quot;target=&amp;quot;_blank&amp;quot;&gt;Conoce a las mujeres que est&aacute;n salvando el oc&eacute;ano: un proyecto inspirador en cada ocasi&oacute;n&lt;\/a&gt;&lt;\/li&gt;&lt;li class=&amp;quot;cmtt_related_item&amp;quot;&gt;&lt;a href=&amp;quot;https:\/\/xqthenews.com\/es\/adolescencia-el-inquietante-relato-de-la-adolescencia-digital\/&amp;quot;target=&amp;quot;_blank&amp;quot;&gt;&nbsp;&amp;quot;Adolescencia&rdquo;: el inquietante relato de la adolescencia digital&lt;\/a&gt;&lt;\/li&gt;&lt;\/ul&gt;&lt;\/div&gt;\" href=\"https:\/\/xqthenews.com\/es\/glossary\/estereotipos-de-genero\/\" data-gt-translate-attributes='[{\"attribute\":\"data-cmtooltip\", \"format\":\"html\"}]' tabindex=\"0\" role=\"link\">estereotipos de g&eacute;nero<\/a>.<\/p>\n\n\n\n<p>Sin embargo, Noruega es uno de los pocos pa&iacute;ses europeos que eval&uacute;a las competencias digitales de los estudiantes en todos los niveles de la educaci&oacute;n. En particular, en la escuela primaria, la competencia digital se considera una materia interdisciplinaria, mientras que en la escuela secundaria inferior y superior, los estudiantes noruegos son evaluados tanto con pruebas espec&iacute;ficas de tecnolog&iacute;a como a trav&eacute;s de preguntas incluidas en las pruebas de matem&aacute;ticas y ciencias.<\/p>\n\n\n\n<p><a href=\"https:\/\/www.unesco.org\/en\/digital-education?utm_source=chatgpt.com\">La UNESCO tambi&eacute;n promueve<\/a> directrices globales para una educaci&oacute;n digital responsable, recomendando la inclusi&oacute;n de la alfabetizaci&oacute;n medi&aacute;tica en los planes de estudios desde la escuela primaria.<\/p>\n\n\n\n<p><em>La serie Adolescencia se inscribe en un contexto cultural en el que la narraci&oacute;n puede ser una herramienta poderosa para sensibilizar sobre temas complejos como el <a class=\"glossaryLink\" aria-describedby=\"tt\" data-cmtooltip=\"&lt;div class=glossaryItemTitle&gt;Discurso del odio&lt;\/div&gt;&lt;div class=glossaryItemBody&gt;&amp;lt;!-- wp:paragraph --&amp;gt;Se refiere a discursos, mensajes o contenidos que incitan al odio o la discriminaci&oacute;n contra personas o grupos por motivos de raza, religi&oacute;n, sexo, orientaci&oacute;n sexual u otras caracter&iacute;sticas personales. Es un lenguaje que fomenta la intolerancia y la violencia.&amp;lt;br\/&amp;gt;&amp;lt;!-- \/wp:paragraph --&amp;gt;&lt;\/div&gt;&lt;div id=&amp;quot;cmtt_related_articles&amp;quot; class=&amp;quot;cmtt_related_articles_wrapper&amp;quot;&gt;&lt;div class=&amp;quot;cmtt_related_title cmtt_related_articles_title&amp;quot;&gt;Related Articles: &lt;\/div&gt;&lt;ul class=&amp;quot;cmtt_related&amp;quot;&gt;&lt;li class=&amp;quot;cmtt_related_item&amp;quot;&gt;&lt;a href=&amp;quot;https:\/\/xqthenews.com\/es\/adolescencia-el-inquietante-relato-de-la-adolescencia-digital\/&amp;quot;target=&amp;quot;_blank&amp;quot;&gt;&nbsp;&amp;quot;Adolescencia&rdquo;: el inquietante relato de la adolescencia digital&lt;\/a&gt;&lt;\/li&gt;&lt;\/ul&gt;&lt;\/div&gt;\" href=\"https:\/\/xqthenews.com\/es\/glossary\/discurso-del-odio\/\" data-gt-translate-attributes='[{\"attribute\":\"data-cmtooltip\", \"format\":\"html\"}]' tabindex=\"0\" role=\"link\">discurso del odio<\/a> y la radicalizaci&oacute;n juvenil. <\/em>A trav&eacute;s de una narraci&oacute;n intensa y envolvente, la serie nos invita a mirar m&aacute;s all&aacute; de las apariencias, a comprender las se&ntilde;ales ocultas y a intervenir a tiempo para apoyar a los j&oacute;venes en su camino hacia la madurez.<\/p>\n\n\n\n<hr class=\"wp-block-separator has-text-color has-vivid-green-cyan-color has-alpha-channel-opacity has-vivid-green-cyan-background-color has-background is-style-wide\">\n\n\n\n<div style=\"height:100px\" aria-hidden=\"true\" class=\"wp-block-spacer\"><\/div>\n\n\n<script type=\"text\/javascript\">\n\/* <![CDATA[ *\/\nvar gform;gform||(document.addEventListener(\"gform_main_scripts_loaded\",function(){gform.scriptsLoaded=!0}),document.addEventListener(\"gform\/theme\/scripts_loaded\",function(){gform.themeScriptsLoaded=!0}),window.addEventListener(\"DOMContentLoaded\",function(){gform.domLoaded=!0}),gform={domLoaded:!1,scriptsLoaded:!1,themeScriptsLoaded:!1,isFormEditor:()=>\"function\"==typeof InitializeEditor,callIfLoaded:function(o){return!(!gform.domLoaded||!gform.scriptsLoaded||!gform.themeScriptsLoaded&&!gform.isFormEditor()||(gform.isFormEditor()&&console.warn(\"The use of gform.initializeOnLoaded() is deprecated in the form editor context and will be removed in Gravity Forms 3.1.\"),o(),0))},initializeOnLoaded:function(o){gform.callIfLoaded(o)||(document.addEventListener(\"gform_main_scripts_loaded\",()=>{gform.scriptsLoaded=!0,gform.callIfLoaded(o)}),document.addEventListener(\"gform\/theme\/scripts_loaded\",()=>{gform.themeScriptsLoaded=!0,gform.callIfLoaded(o)}),window.addEventListener(\"DOMContentLoaded\",()=>{gform.domLoaded=!0,gform.callIfLoaded(o)}))},hooks:{action:{},filter:{}},addAction:function(o,r,e,t){gform.addHook(\"action\",o,r,e,t)},addFilter:function(o,r,e,t){gform.addHook(\"filter\",o,r,e,t)},doAction:function(o){gform.doHook(\"action\",o,arguments)},applyFilters:function(o){return gform.doHook(\"filter\",o,arguments)},removeAction:function(o,r){gform.removeHook(\"action\",o,r)},removeFilter:function(o,r,e){gform.removeHook(\"filter\",o,r,e)},addHook:function(o,r,e,t,n){null==gform.hooks[o][r]&&(gform.hooks[o][r]=[]);var d=gform.hooks[o][r];null==n&&(n=r+\"_\"+d.length),gform.hooks[o][r].push({tag:n,callable:e,priority:t=null==t?10:t})},doHook:function(r,o,e){var t;if(e=Array.prototype.slice.call(e,1),null!=gform.hooks[r][o]&&((o=gform.hooks[r][o]).sort(function(o,r){return o.priority-r.priority}),o.forEach(function(o){\"function\"!=typeof(t=o.callable)&&(t=window[t]),\"action\"==r?t.apply(null,e):e[0]=t.apply(null,e)})),\"filter\"==r)return e[0]},removeHook:function(o,r,t,n){var e;null!=gform.hooks[o][r]&&(e=(e=gform.hooks[o][r]).filter(function(o,r,e){return!!(null!=n&&n!=o.tag||null!=t&&t!=o.priority)}),gform.hooks[o][r]=e)}});\n\/* ]]> *\/\n<\/script>\n\n                <div class=\"gf_browser_gecko gform_wrapper gravity-theme gform-theme--no-framework quiz_wrapper\" data-form-theme=\"gravity-theme\" data-form-index=\"0\" id=\"gform_wrapper_852\"><div id=\"gf_852\" class=\"gform_anchor\" tabindex=\"-1\"><\/div>\n                        <div class=\"gform_heading\">\n                            <h2 class=\"gform_title\">Cuestionario de comprensi&oacute;n lectora. &ldquo;Adolescencia&rdquo;: el inquietante relato de la adolescencia digital<\/h2>\n                            <p class=\"gform_description\"><\/p>\n                        <\/div><form method=\"post\" enctype=\"multipart\/form-data\" id=\"gform_852\" class=\"quiz\" action=\"\/es\/wp-json\/wp\/v2\/posts\/29323#gf_852\" data-formid=\"852\" novalidate> \r\n <input type=\"hidden\" class=\"gforms-pum\" value='{\"closepopup\":false,\"closedelay\":0,\"openpopup\":false,\"openpopup_id\":0}'>\n        <div id=\"gf_progressbar_wrapper_852\" class=\"gf_progressbar_wrapper\" data-start-at-zero=\"\">\n        \t<p class=\"gf_progressbar_title\">Paso <span class=\"gf_step_current_page\">1<\/span> de <span class=\"gf_step_page_count\">3<\/span><span class=\"gf_step_page_name\"><\/span>\n        \t<\/p>\n            <div class=\"gf_progressbar gf_progressbar_blue\" aria-hidden=\"true\">\n                <div class=\"gf_progressbar_percentage percentbar_blue percentbar_33\" style=\"width:33%;\"><span>33%<\/span><\/div>\n            <\/div><\/div>\n                        <div class=\"gform-body gform_body\"><div id=\"gform_page_852_1\" class=\"gform_page \" data-js=\"page-field-id-0\">\n\t\t\t\t\t<div class=\"gform_page_fields\"><div id=\"gform_fields_852\" class=\"gform_fields top_label form_sublabel_below description_below validation_below\"><fieldset id=\"field_852_1\" class=\"gfield gfield--type-quiz gfield--type-choice gfield--input-type-radio field_sublabel_below gfield--no-description field_description_below field_validation_below gfield_visibility_visible gquiz-field \" data-field-class=\"gquiz-field\"><legend class=\"gfield_label gform-field-label\">&iquest;Cu&aacute;l es el tema principal de la serie Adolescencia?<\/legend><div class=\"ginput_container ginput_container_radio\"><div class=\"gfield_radio\" id=\"input_852_1\">\n\t\t\t<div class=\"gchoice gchoice_852_1_0\">\n\t\t\t\t\t<input class=\"gfield-choice-input\" name=\"input_1\" type=\"radio\" value=\"gquiz1b2b27084\" id=\"choice_852_1_0\" onchange=\"gformToggleRadioOther( this )\">\n\t\t\t\t\t<label for=\"choice_852_1_0\" id=\"label_852_1_0\" class=\"gform-field-label gform-field-label--type-inline\">La vida de un adolescente que gana un concurso.<\/label>\n\t\t\t<\/div>\n\t\t\t<div class=\"gchoice gchoice_852_1_1\">\n\t\t\t\t\t<input class=\"gfield-choice-input\" name=\"input_1\" type=\"radio\" value=\"gquiz12c53da11\" id=\"choice_852_1_1\" onchange=\"gformToggleRadioOther( this )\">\n\t\t\t\t\t<label for=\"choice_852_1_1\" id=\"label_852_1_1\" class=\"gform-field-label gform-field-label--type-inline\">Los problemas a los que se enfrentan los adolescentes en la era digital, como el acoso online y la radicalizaci&oacute;n.<\/label>\n\t\t\t<\/div>\n\t\t\t<div class=\"gchoice gchoice_852_1_2\">\n\t\t\t\t\t<input class=\"gfield-choice-input\" name=\"input_1\" type=\"radio\" value=\"gquiz1b6725f5d\" id=\"choice_852_1_2\" onchange=\"gformToggleRadioOther( this )\">\n\t\t\t\t\t<label for=\"choice_852_1_2\" id=\"label_852_1_2\" class=\"gform-field-label gform-field-label--type-inline\">La historia de un adolescente que se hace famoso en las redes sociales.<\/label>\n\t\t\t<\/div><\/div><\/div><\/fieldset><\/div>\n                    <\/div>\n                    <div class=\"gform-page-footer gform_page_footer top_label\">\n                         <input type=\"button\" id=\"gform_next_button_852_5\" class=\"gform_next_button gform-theme-button button\" onclick=\"gform.submission.handleButtonClick(this);\" data-submission-type=\"next\" value=\"Siguiente \"> \n                    <\/div>\n                <\/div>\n                <div id=\"gform_page_852_2\" class=\"gform_page\" data-js=\"page-field-id-5\" style=\"display:none;\">\n                    <div class=\"gform_page_fields\">\n                        <div id=\"gform_fields_852_2\" class=\"gform_fields top_label form_sublabel_below description_below validation_below\"><fieldset id=\"field_852_3\" class=\"gfield gfield--type-quiz gfield--type-choice gfield--input-type-radio gfield--width-full field_sublabel_below gfield--no-description field_description_below field_validation_below gfield_visibility_visible gquiz-field \" data-field-class=\"gquiz-field\"><legend class=\"gfield_label gform-field-label\">&iquest;Qu&eacute; representan algunos emojis de la serie adolescencia?<\/legend><div class=\"ginput_container ginput_container_radio\"><div class=\"gfield_radio\" id=\"input_852_3\">\n\t\t\t<div class=\"gchoice gchoice_852_3_0\">\n\t\t\t\t\t<input class=\"gfield-choice-input\" name=\"input_3\" type=\"radio\" value=\"gquiz3394e91f2\" id=\"choice_852_3_0\" onchange=\"gformToggleRadioOther( this )\">\n\t\t\t\t\t<label for=\"choice_852_3_0\" id=\"label_852_3_0\" class=\"gform-field-label gform-field-label--type-inline\">Formas de expresar felicidad y diversi&oacute;n.<\/label>\n\t\t\t<\/div>\n\t\t\t<div class=\"gchoice gchoice_852_3_1\">\n\t\t\t\t\t<input class=\"gfield-choice-input\" name=\"input_3\" type=\"radio\" value=\"gquiz3b5aa3d2d\" id=\"choice_852_3_1\" onchange=\"gformToggleRadioOther( this )\">\n\t\t\t\t\t<label for=\"choice_852_3_1\" id=\"label_852_3_1\" class=\"gform-field-label gform-field-label--type-inline\">C&oacute;digos utilizados por grupos online para expresar su pertenencia a ideolog&iacute;as peligrosas como la cultura incel.<\/label>\n\t\t\t<\/div>\n\t\t\t<div class=\"gchoice gchoice_852_3_2\">\n\t\t\t\t\t<input class=\"gfield-choice-input\" name=\"input_3\" type=\"radio\" value=\"gquiz3d1b23a18\" id=\"choice_852_3_2\" onchange=\"gformToggleRadioOther( this )\">\n\t\t\t\t\t<label for=\"choice_852_3_2\" id=\"label_852_3_2\" class=\"gform-field-label gform-field-label--type-inline\">S&iacute;mbolos de paz y respeto entre las personas.<\/label>\n\t\t\t<\/div><\/div><\/div><\/fieldset><\/div>\n                    <\/div>\n                    <div class=\"gform-page-footer gform_page_footer top_label\">\n                        <input type=\"button\" id=\"gform_previous_button_852_6\" class=\"gform_previous_button gform-theme-button gform-theme-button--secondary button\" onclick=\"gform.submission.handleButtonClick(this);\" data-submission-type=\"previous\" value=\"Anterior\"> <input type=\"button\" id=\"gform_next_button_852_6\" class=\"gform_next_button gform-theme-button button\" onclick=\"gform.submission.handleButtonClick(this);\" data-submission-type=\"next\" value=\"Siguiente \"> \n                    <\/div>\n                <\/div>\n                <div id=\"gform_page_852_3\" class=\"gform_page\" data-js=\"page-field-id-6\" style=\"display:none;\">\n                    <div class=\"gform_page_fields\">\n                        <div id=\"gform_fields_852_3\" class=\"gform_fields top_label form_sublabel_below description_below validation_below\"><fieldset id=\"field_852_4\" class=\"gfield gfield--type-quiz gfield--type-choice gfield--input-type-radio gfield--width-full field_sublabel_below gfield--no-description field_description_below field_validation_below gfield_visibility_visible gquiz-field \" data-field-class=\"gquiz-field\"><legend class=\"gfield_label gform-field-label\">&iquest;Qu&eacute; puede ayudar a combatir los problemas descritos en Adolescence?<\/legend><div class=\"ginput_container ginput_container_radio\"><div class=\"gfield_radio\" id=\"input_852_4\">\n\t\t\t<div class=\"gchoice gchoice_852_4_0\">\n\t\t\t\t\t<input class=\"gfield-choice-input\" name=\"input_4\" type=\"radio\" value=\"gquiz46a62d494\" id=\"choice_852_4_0\" onchange=\"gformToggleRadioOther( this )\">\n\t\t\t\t\t<label for=\"choice_852_4_0\" id=\"label_852_4_0\" class=\"gform-field-label gform-field-label--type-inline\">Ignorar las se&ntilde;ales y esperar que los problemas desaparezcan por s&iacute; solos.<\/label>\n\t\t\t<\/div>\n\t\t\t<div class=\"gchoice gchoice_852_4_1\">\n\t\t\t\t\t<input class=\"gfield-choice-input\" name=\"input_4\" type=\"radio\" value=\"gquiz488c89c8f\" id=\"choice_852_4_1\" onchange=\"gformToggleRadioOther( this )\">\n\t\t\t\t\t<label for=\"choice_852_4_1\" id=\"label_852_4_1\" class=\"gform-field-label gform-field-label--type-inline\">Ofrecer un apoyo firme por parte de los padres, las escuelas y la sociedad para educar a los j&oacute;venes sobre el comportamiento responsable en Internet.<\/label>\n\t\t\t<\/div>\n\t\t\t<div class=\"gchoice gchoice_852_4_2\">\n\t\t\t\t\t<input class=\"gfield-choice-input\" name=\"input_4\" type=\"radio\" value=\"gquiz4054f68d8\" id=\"choice_852_4_2\" onchange=\"gformToggleRadioOther( this )\">\n\t\t\t\t\t<label for=\"choice_852_4_2\" id=\"label_852_4_2\" class=\"gform-field-label gform-field-label--type-inline\">Culpar solo a las redes sociales sin tener en cuenta otros factores.<\/label>\n\t\t\t<\/div><\/div><\/div><\/fieldset><\/div><\/div>\n        <div class=\"gform-page-footer gform_page_footer top_label\"><input type=\"submit\" id=\"gform_previous_button_852\" class=\"gform_previous_button gform-theme-button gform-theme-button--secondary button\" onclick=\"gform.submission.handleButtonClick(this);\" data-submission-type=\"previous\" value=\"Anterior\"> <input type=\"submit\" id=\"gform_submit_button_852\" class=\"gform_button button\" onclick=\"gform.submission.handleButtonClick(this);\" data-submission-type=\"submit\" value=\"Enviar\"> \n            <input type=\"hidden\" class=\"gform_hidden\" name=\"gform_submission_method\" data-js=\"gform_submission_method_852\" value=\"postback\">\n            <input type=\"hidden\" class=\"gform_hidden\" name=\"gform_theme\" data-js=\"gform_theme_852\" id=\"gform_theme_852\" value=\"gravity-theme\">\n            <input type=\"hidden\" class=\"gform_hidden\" name=\"gform_style_settings\" data-js=\"gform_style_settings_852\" id=\"gform_style_settings_852\" value='{\"inputPrimaryColor\":\"#204ce5\"}'>\n            <input type=\"hidden\" class=\"gform_hidden\" name=\"is_submit_852\" value=\"1\">\n            <input type=\"hidden\" class=\"gform_hidden\" name=\"gform_submit\" value=\"852\">\n            \n            <input type=\"hidden\" class=\"gform_hidden\" name=\"gform_currency\" data-currency=\"EUR\" value=\"+lOiuAO\/JolaiL4l3KeR+NtUV+YJn4EzheMCJb2rnJTUGovbN5Xf1WKJDWS1oehF\/0Hm5qv1968cMKkNkQXfl1EUJfXTW5X9Sate0sw2fPMDcvc=\">\n            <input type=\"hidden\" class=\"gform_hidden\" name=\"gform_unique_id\" value=\"\">\n            <input type=\"hidden\" class=\"gform_hidden\" name=\"state_852\" value=\"WyJbXSIsIjVlMjNlOGUzOTg5N2RmMzcwZmE1ODRlNDZjZGJmYjNkIl0=\">\n            <input type=\"hidden\" autocomplete=\"off\" class=\"gform_hidden\" name=\"gform_target_page_number_852\" id=\"gform_target_page_number_852\" value=\"2\">\n            <input type=\"hidden\" autocomplete=\"off\" class=\"gform_hidden\" name=\"gform_source_page_number_852\" id=\"gform_source_page_number_852\" value=\"1\">\n            <input type=\"hidden\" name=\"gform_field_values\" value=\"\">\n            \n        <\/div>\n             <\/div><\/div>\n                        <\/form>\n                        <\/div><script type=\"text\/javascript\">\n\/* <![CDATA[ *\/\n gform.initializeOnLoaded( function() {gformInitSpinner( 852, 'https:\/\/xqthenews.com\/wp-content\/plugins\/gravityforms\/images\/spinner.svg', true );jQuery('#gform_ajax_frame_852').on('load',function(){var contents = jQuery(this).contents().find('*').html();var is_postback = contents.indexOf('GF_AJAX_POSTBACK') >= 0;if(!is_postback){return;}var form_content = jQuery(this).contents().find('#gform_wrapper_852');var is_confirmation = jQuery(this).contents().find('#gform_confirmation_wrapper_852').length > 0;var is_redirect = contents.indexOf('gformRedirect(){') >= 0;var is_form = form_content.length > 0 && ! is_redirect && ! is_confirmation;var mt = parseInt(jQuery('html').css('margin-top'), 10) + parseInt(jQuery('body').css('margin-top'), 10) + 100;if(is_form){jQuery('#gform_wrapper_852').html(form_content.html());if(form_content.hasClass('gform_validation_error')){jQuery('#gform_wrapper_852').addClass('gform_validation_error');} else {jQuery('#gform_wrapper_852').removeClass('gform_validation_error');}setTimeout( function() { \/* delay the scroll by 50 milliseconds to fix a bug in chrome *\/ jQuery(document).scrollTop(jQuery('#gform_wrapper_852').offset().top - mt); }, 50 );if(window['gformInitDatepicker']) {gformInitDatepicker();}if(window['gformInitPriceFields']) {gformInitPriceFields();}var current_page = jQuery('#gform_source_page_number_852').val();gformInitSpinner( 852, 'https:\/\/xqthenews.com\/wp-content\/plugins\/gravityforms\/images\/spinner.svg', true );jQuery(document).trigger('gform_page_loaded', [852, current_page]);window['gf_submitting_852'] = false;}else if(!is_redirect){var confirmation_content = jQuery(this).contents().find('.GF_AJAX_POSTBACK').html();if(!confirmation_content){confirmation_content = contents;}jQuery('#gform_wrapper_852').replaceWith(confirmation_content);jQuery(document).scrollTop(jQuery('#gf_852').offset().top - mt);jQuery(document).trigger('gform_confirmation_loaded', [852]);window['gf_submitting_852'] = false;wp.a11y.speak(jQuery('#gform_confirmation_message_852').text());}else{jQuery('#gform_852').append(contents);if(window['gformRedirect']) {gformRedirect();}}jQuery(document).trigger(\"gform_pre_post_render\", [{ formId: \"852\", currentPage: \"current_page\", abort: function() { this.preventDefault(); } }]);        if (event && event.defaultPrevented) {                return;        }        const gformWrapperDiv = document.getElementById( \"gform_wrapper_852\" );        if ( gformWrapperDiv ) {            const visibilitySpan = document.createElement( \"span\" );            visibilitySpan.id = \"gform_visibility_test_852\";            gformWrapperDiv.insertAdjacentElement( \"afterend\", visibilitySpan );        }        const visibilityTestDiv = document.getElementById( \"gform_visibility_test_852\" );        let postRenderFired = false;        function triggerPostRender() {            if ( postRenderFired ) {                return;            }            postRenderFired = true;            gform.core.triggerPostRenderEvents( 852, current_page );            if ( visibilityTestDiv ) {                visibilityTestDiv.parentNode.removeChild( visibilityTestDiv );            }        }        function debounce( func, wait, immediate ) {            var timeout;            return function() {                var context = this, args = arguments;                var later = function() {                    timeout = null;                    if ( !immediate ) func.apply( context, args );                };                var callNow = immediate && !timeout;                clearTimeout( timeout );                timeout = setTimeout( later, wait );                if ( callNow ) func.apply( context, args );            };        }        const debouncedTriggerPostRender = debounce( function() {            triggerPostRender();        }, 200 );        if ( visibilityTestDiv && visibilityTestDiv.offsetParent === null ) {            const observer = new MutationObserver( ( mutations ) => {                mutations.forEach( ( mutation ) => {                    if ( mutation.type === 'attributes' && visibilityTestDiv.offsetParent !== null ) {                        debouncedTriggerPostRender();                        observer.disconnect();                    }                });            });            observer.observe( document.body, {                attributes: true,                childList: false,                subtree: true,                attributeFilter: [ 'style', 'class' ],            });        } else {            triggerPostRender();        }    } );} ); \n\/* ]]> *\/\n<\/script>\n","protected":false},"excerpt":{"rendered":"<p>La miniserie brit&aacute;nica Adolescencia, disponible en Netflix, ha suscitado un amplio debate por su cruda y realista representaci&oacute;n de los problemas de la adolescencia en la era digital. Entre los temas tratados destacan el <a class=\"glossaryLink\" aria-describedby=\"tt\" data-cmtooltip=\"&lt;div class=glossaryItemTitle&gt;Discurso del odio&lt;\/div&gt;&lt;div class=glossaryItemBody&gt;&amp;lt;!-- wp:paragraph --&amp;gt;Se refiere a discursos, mensajes o contenidos que incitan al odio o la discriminaci&oacute;n contra personas o grupos por motivos de raza, religi&oacute;n, sexo, orientaci&oacute;n sexual u otras caracter&iacute;sticas personales. Es un lenguaje que fomenta la intolerancia y la violencia.&amp;lt;br\/&amp;gt;&amp;lt;!-- \/wp:paragraph --&amp;gt;&lt;\/div&gt;&lt;div id=&amp;quot;cmtt_related_articles&amp;quot; class=&amp;quot;cmtt_related_articles_wrapper&amp;quot;&gt;&lt;div class=&amp;quot;cmtt_related_title cmtt_related_articles_title&amp;quot;&gt;Related Articles: &lt;\/div&gt;&lt;ul class=&amp;quot;cmtt_related&amp;quot;&gt;&lt;li class=&amp;quot;cmtt_related_item&amp;quot;&gt;&lt;a href=&amp;quot;https:\/\/xqthenews.com\/es\/adolescencia-el-inquietante-relato-de-la-adolescencia-digital\/&amp;quot;target=&amp;quot;_blank&amp;quot;&gt;&nbsp;&amp;quot;Adolescencia&rdquo;: el inquietante relato de la adolescencia digital&lt;\/a&gt;&lt;\/li&gt;&lt;\/ul&gt;&lt;\/div&gt;\" href=\"https:\/\/xqthenews.com\/es\/glossary\/discurso-del-odio\/\" data-gt-translate-attributes='[{\"attribute\":\"data-cmtooltip\", \"format\":\"html\"}]' tabindex=\"0\" role=\"link\">discurso del odio<\/a>, el uso simb&oacute;lico de los emoticonos, las dificultades de los adolescentes contempor&aacute;neos, la teor&iacute;a del 80\/20 y la<\/p>\n","protected":false},"author":55,"featured_media":29324,"comment_status":"open","ping_status":"open","sticky":false,"template":"","format":"standard","meta":{"_acf_changed":false,"footnotes":""},"categories":[498],"tags":[1168,1170,1169,1171],"coauthors":[217],"class_list":{"0":"post-29323","1":"post","2":"type-post","3":"status-publish","4":"format-standard","5":"has-post-thumbnail","7":"category-cine","8":"tag-adolescencia","9":"tag-cultura-incel","10":"tag-discurso-de-odio","11":"tag-sociedad"},"acf":[],"yoast_head":"<!-- This site is optimized with the Yoast SEO plugin v27.4 - https:\/\/yoast.com\/product\/yoast-seo-wordpress\/ -->\n<title>\u00a0\u201cAdolescencia\u201d: el inquietante relato de la adolescencia digital - xqthenews<\/title>\n<meta name=\"robots\" content=\"index, follow, max-snippet:-1, max-image-preview:large, max-video-preview:-1\" \/>\n<link rel=\"canonical\" href=\"https:\/\/xqthenews.com\/es\/adolescencia-el-inquietante-relato-de-la-adolescencia-digital\/\" \/>\n<meta property=\"og:locale\" content=\"es_ES\" \/>\n<meta property=\"og:type\" content=\"article\" \/>\n<meta property=\"og:title\" content=\"\u00a0\u201cAdolescencia\u201d: el inquietante relato de la adolescencia digital - xqthenews\" \/>\n<meta property=\"og:description\" content=\"La miniserie brit&aacute;nica Adolescencia, disponible en Netflix, ha suscitado un amplio debate por su cruda y realista representaci&oacute;n de los problemas de la adolescencia en la era digital. Entre los temas tratados destacan el discurso del odio, el uso simb&oacute;lico de los emoticonos, las dificultades de los adolescentes contempor&aacute;neos, la teor&iacute;a del 80\/20 y la\" \/>\n<meta property=\"og:url\" content=\"https:\/\/xqthenews.com\/es\/adolescencia-el-inquietante-relato-de-la-adolescencia-digital\/\" \/>\n<meta property=\"og:site_name\" content=\"xqthenews\" \/>\n<meta property=\"article:published_time\" content=\"2025-04-30T06:41:26+00:00\" \/>\n<meta property=\"og:image\" content=\"https:\/\/xqthenews.com\/wp-content\/uploads\/2025\/04\/Portada-6.jpg\" \/>\n\t<meta property=\"og:image:width\" content=\"1960\" \/>\n\t<meta property=\"og:image:height\" content=\"1034\" \/>\n\t<meta property=\"og:image:type\" content=\"image\/jpeg\" \/>\n<meta name=\"author\" content=\"Valentina Isernia\" \/>\n<meta name=\"twitter:card\" content=\"summary_large_image\" \/>\n<meta name=\"twitter:label1\" content=\"Escrito por\" \/>\n\t<meta name=\"twitter:data1\" content=\"Valentina Isernia\" \/>\n\t<meta name=\"twitter:label2\" content=\"Tiempo de lectura\" \/>\n\t<meta name=\"twitter:data2\" content=\"6 minutos\" \/>\n\t<meta name=\"twitter:label3\" content=\"Written by\" \/>\n\t<meta name=\"twitter:data3\" content=\"Valentina Isernia\" \/>\n<script type=\"application\/ld+json\" class=\"yoast-schema-graph\">{\"@context\":\"https:\\\/\\\/schema.org\",\"@graph\":[{\"@type\":\"Article\",\"@id\":\"https:\\\/\\\/xqthenews.com\\\/es\\\/adolescencia-el-inquietante-relato-de-la-adolescencia-digital\\\/#article\",\"isPartOf\":{\"@id\":\"https:\\\/\\\/xqthenews.com\\\/es\\\/adolescencia-el-inquietante-relato-de-la-adolescencia-digital\\\/\"},\"author\":{\"name\":\"Valentina Isernia\",\"@id\":\"https:\\\/\\\/xqthenews.com\\\/es\\\/#\\\/schema\\\/person\\\/a4acc80e0ac8a376ae6d9e223a081d5d\"},\"headline\":\"\u00a0\u201cAdolescencia\u201d: el inquietante relato de la adolescencia digital\",\"datePublished\":\"2025-04-30T06:41:26+00:00\",\"mainEntityOfPage\":{\"@id\":\"https:\\\/\\\/xqthenews.com\\\/es\\\/adolescencia-el-inquietante-relato-de-la-adolescencia-digital\\\/\"},\"wordCount\":1153,\"commentCount\":0,\"image\":{\"@id\":\"https:\\\/\\\/xqthenews.com\\\/es\\\/adolescencia-el-inquietante-relato-de-la-adolescencia-digital\\\/#primaryimage\"},\"thumbnailUrl\":\"https:\\\/\\\/xqthenews.com\\\/wp-content\\\/uploads\\\/2025\\\/04\\\/Portada-6.jpg\",\"keywords\":[\"Adolescencia\",\"Cultura incel\",\"Discurso de odio\",\"sociedad\"],\"articleSection\":[\"Cine\"],\"inLanguage\":\"es\",\"potentialAction\":[{\"@type\":\"CommentAction\",\"name\":\"Comment\",\"target\":[\"https:\\\/\\\/xqthenews.com\\\/es\\\/adolescencia-el-inquietante-relato-de-la-adolescencia-digital\\\/#respond\"]}]},{\"@type\":\"WebPage\",\"@id\":\"https:\\\/\\\/xqthenews.com\\\/es\\\/adolescencia-el-inquietante-relato-de-la-adolescencia-digital\\\/\",\"url\":\"https:\\\/\\\/xqthenews.com\\\/es\\\/adolescencia-el-inquietante-relato-de-la-adolescencia-digital\\\/\",\"name\":\"\u00a0\u201cAdolescencia\u201d: el inquietante relato de la adolescencia digital - xqthenews\",\"isPartOf\":{\"@id\":\"https:\\\/\\\/xqthenews.com\\\/es\\\/#website\"},\"primaryImageOfPage\":{\"@id\":\"https:\\\/\\\/xqthenews.com\\\/es\\\/adolescencia-el-inquietante-relato-de-la-adolescencia-digital\\\/#primaryimage\"},\"image\":{\"@id\":\"https:\\\/\\\/xqthenews.com\\\/es\\\/adolescencia-el-inquietante-relato-de-la-adolescencia-digital\\\/#primaryimage\"},\"thumbnailUrl\":\"https:\\\/\\\/xqthenews.com\\\/wp-content\\\/uploads\\\/2025\\\/04\\\/Portada-6.jpg\",\"datePublished\":\"2025-04-30T06:41:26+00:00\",\"author\":{\"@id\":\"https:\\\/\\\/xqthenews.com\\\/es\\\/#\\\/schema\\\/person\\\/a4acc80e0ac8a376ae6d9e223a081d5d\"},\"breadcrumb\":{\"@id\":\"https:\\\/\\\/xqthenews.com\\\/es\\\/adolescencia-el-inquietante-relato-de-la-adolescencia-digital\\\/#breadcrumb\"},\"inLanguage\":\"es\",\"potentialAction\":[{\"@type\":\"ReadAction\",\"target\":[\"https:\\\/\\\/xqthenews.com\\\/es\\\/adolescencia-el-inquietante-relato-de-la-adolescencia-digital\\\/\"]}]},{\"@type\":\"ImageObject\",\"inLanguage\":\"es\",\"@id\":\"https:\\\/\\\/xqthenews.com\\\/es\\\/adolescencia-el-inquietante-relato-de-la-adolescencia-digital\\\/#primaryimage\",\"url\":\"https:\\\/\\\/xqthenews.com\\\/wp-content\\\/uploads\\\/2025\\\/04\\\/Portada-6.jpg\",\"contentUrl\":\"https:\\\/\\\/xqthenews.com\\\/wp-content\\\/uploads\\\/2025\\\/04\\\/Portada-6.jpg\",\"width\":1960,\"height\":1034,\"caption\":\"Foto promocional de la serie Adolescencia. Fuente: Netflix.\"},{\"@type\":\"BreadcrumbList\",\"@id\":\"https:\\\/\\\/xqthenews.com\\\/es\\\/adolescencia-el-inquietante-relato-de-la-adolescencia-digital\\\/#breadcrumb\",\"itemListElement\":[{\"@type\":\"ListItem\",\"position\":1,\"name\":\"Portada\",\"item\":\"https:\\\/\\\/xqthenews.com\\\/es\\\/\"},{\"@type\":\"ListItem\",\"position\":2,\"name\":\"\u00a0\u201cAdolescencia\u201d: el inquietante relato de la adolescencia digital\"}]},{\"@type\":\"WebSite\",\"@id\":\"https:\\\/\\\/xqthenews.com\\\/es\\\/#website\",\"url\":\"https:\\\/\\\/xqthenews.com\\\/es\\\/\",\"name\":\"xqthenews\",\"description\":\"El porqu\u00e9 de las noticias\",\"potentialAction\":[{\"@type\":\"SearchAction\",\"target\":{\"@type\":\"EntryPoint\",\"urlTemplate\":\"https:\\\/\\\/xqthenews.com\\\/es\\\/?s={search_term_string}\"},\"query-input\":{\"@type\":\"PropertyValueSpecification\",\"valueRequired\":true,\"valueName\":\"search_term_string\"}}],\"inLanguage\":\"es\"},{\"@type\":\"Person\",\"@id\":\"https:\\\/\\\/xqthenews.com\\\/es\\\/#\\\/schema\\\/person\\\/a4acc80e0ac8a376ae6d9e223a081d5d\",\"name\":\"Valentina Isernia\",\"image\":{\"@type\":\"ImageObject\",\"inLanguage\":\"es\",\"@id\":\"https:\\\/\\\/xqthenews.com\\\/wp-content\\\/uploads\\\/2024\\\/09\\\/valentina-isernia_avatar_1-96x96.jpg0b33b4124730ea5ac8a5dcb54c77abac\",\"url\":\"https:\\\/\\\/xqthenews.com\\\/wp-content\\\/uploads\\\/2024\\\/09\\\/valentina-isernia_avatar_1-96x96.jpg\",\"contentUrl\":\"https:\\\/\\\/xqthenews.com\\\/wp-content\\\/uploads\\\/2024\\\/09\\\/valentina-isernia_avatar_1-96x96.jpg\",\"caption\":\"Valentina Isernia\"},\"description\":\"Valentina Isernia es periodista, gestora de redes sociales y analista de contenidos de radio y televisi\u00f3n. Tras una larga experiencia en la redacci\u00f3n de \\\"Il Tacco d'Italia\\\", se gradu\u00f3 con las m\u00e1ximas calificaciones en la Universidad \\\"La Sapienza\\\" de Roma en el M\u00e1ster de Industria Cultural y Comunicaci\u00f3n Digital con una tesis sobre fantas\u00eda. En 2020 fund\u00f3 la revista semestral Fantasy Era, publicada por IdeaDinamica Scarl.\",\"url\":\"https:\\\/\\\/xqthenews.com\\\/es\\\/author\\\/valetinaisernia\\\/\"}]}<\/script>\n<!-- \/ Yoast SEO plugin. -->","yoast_head_json":{"title":"\u00a0\u201cAdolescencia\u201d: el inquietante relato de la adolescencia digital - xqthenews","robots":{"index":"index","follow":"follow","max-snippet":"max-snippet:-1","max-image-preview":"max-image-preview:large","max-video-preview":"max-video-preview:-1"},"canonical":"https:\/\/xqthenews.com\/es\/adolescencia-el-inquietante-relato-de-la-adolescencia-digital\/","og_locale":"es_ES","og_type":"article","og_title":"\u00a0\u201cAdolescencia\u201d: el inquietante relato de la adolescencia digital - xqthenews","og_description":"La miniserie brit&aacute;nica Adolescencia, disponible en Netflix, ha suscitado un amplio debate por su cruda y realista representaci&oacute;n de los problemas de la adolescencia en la era digital. Entre los temas tratados destacan el discurso del odio, el uso simb&oacute;lico de los emoticonos, las dificultades de los adolescentes contempor&aacute;neos, la teor&iacute;a del 80\/20 y la","og_url":"https:\/\/xqthenews.com\/es\/adolescencia-el-inquietante-relato-de-la-adolescencia-digital\/","og_site_name":"xqthenews","article_published_time":"2025-04-30T06:41:26+00:00","og_image":[{"width":1960,"height":1034,"url":"https:\/\/xqthenews.com\/wp-content\/uploads\/2025\/04\/Portada-6.jpg","type":"image\/jpeg"}],"author":"Valentina Isernia","twitter_card":"summary_large_image","twitter_misc":{"Escrito por":"Valentina Isernia","Tiempo de lectura":"6 minutos","Written by":"Valentina Isernia"},"schema":{"@context":"https:\/\/schema.org","@graph":[{"@type":"Article","@id":"https:\/\/xqthenews.com\/es\/adolescencia-el-inquietante-relato-de-la-adolescencia-digital\/#article","isPartOf":{"@id":"https:\/\/xqthenews.com\/es\/adolescencia-el-inquietante-relato-de-la-adolescencia-digital\/"},"author":{"name":"Valentina Isernia","@id":"https:\/\/xqthenews.com\/es\/#\/schema\/person\/a4acc80e0ac8a376ae6d9e223a081d5d"},"headline":"\u00a0\u201cAdolescencia\u201d: el inquietante relato de la adolescencia digital","datePublished":"2025-04-30T06:41:26+00:00","mainEntityOfPage":{"@id":"https:\/\/xqthenews.com\/es\/adolescencia-el-inquietante-relato-de-la-adolescencia-digital\/"},"wordCount":1153,"commentCount":0,"image":{"@id":"https:\/\/xqthenews.com\/es\/adolescencia-el-inquietante-relato-de-la-adolescencia-digital\/#primaryimage"},"thumbnailUrl":"https:\/\/xqthenews.com\/wp-content\/uploads\/2025\/04\/Portada-6.jpg","keywords":["Adolescencia","Cultura incel","Discurso de odio","sociedad"],"articleSection":["Cine"],"inLanguage":"es","potentialAction":[{"@type":"CommentAction","name":"Comment","target":["https:\/\/xqthenews.com\/es\/adolescencia-el-inquietante-relato-de-la-adolescencia-digital\/#respond"]}]},{"@type":"WebPage","@id":"https:\/\/xqthenews.com\/es\/adolescencia-el-inquietante-relato-de-la-adolescencia-digital\/","url":"https:\/\/xqthenews.com\/es\/adolescencia-el-inquietante-relato-de-la-adolescencia-digital\/","name":"\u00a0\u201cAdolescencia\u201d: el inquietante relato de la adolescencia digital - xqthenews","isPartOf":{"@id":"https:\/\/xqthenews.com\/es\/#website"},"primaryImageOfPage":{"@id":"https:\/\/xqthenews.com\/es\/adolescencia-el-inquietante-relato-de-la-adolescencia-digital\/#primaryimage"},"image":{"@id":"https:\/\/xqthenews.com\/es\/adolescencia-el-inquietante-relato-de-la-adolescencia-digital\/#primaryimage"},"thumbnailUrl":"https:\/\/xqthenews.com\/wp-content\/uploads\/2025\/04\/Portada-6.jpg","datePublished":"2025-04-30T06:41:26+00:00","author":{"@id":"https:\/\/xqthenews.com\/es\/#\/schema\/person\/a4acc80e0ac8a376ae6d9e223a081d5d"},"breadcrumb":{"@id":"https:\/\/xqthenews.com\/es\/adolescencia-el-inquietante-relato-de-la-adolescencia-digital\/#breadcrumb"},"inLanguage":"es","potentialAction":[{"@type":"ReadAction","target":["https:\/\/xqthenews.com\/es\/adolescencia-el-inquietante-relato-de-la-adolescencia-digital\/"]}]},{"@type":"ImageObject","inLanguage":"es","@id":"https:\/\/xqthenews.com\/es\/adolescencia-el-inquietante-relato-de-la-adolescencia-digital\/#primaryimage","url":"https:\/\/xqthenews.com\/wp-content\/uploads\/2025\/04\/Portada-6.jpg","contentUrl":"https:\/\/xqthenews.com\/wp-content\/uploads\/2025\/04\/Portada-6.jpg","width":1960,"height":1034,"caption":"Foto promocional de la serie Adolescencia. Fuente: Netflix."},{"@type":"BreadcrumbList","@id":"https:\/\/xqthenews.com\/es\/adolescencia-el-inquietante-relato-de-la-adolescencia-digital\/#breadcrumb","itemListElement":[{"@type":"ListItem","position":1,"name":"Portada","item":"https:\/\/xqthenews.com\/es\/"},{"@type":"ListItem","position":2,"name":"\u00a0\u201cAdolescencia\u201d: el inquietante relato de la adolescencia digital"}]},{"@type":"WebSite","@id":"https:\/\/xqthenews.com\/es\/#website","url":"https:\/\/xqthenews.com\/es\/","name":"xqthenews","description":"El porqu\u00e9 de las noticias","potentialAction":[{"@type":"SearchAction","target":{"@type":"EntryPoint","urlTemplate":"https:\/\/xqthenews.com\/es\/?s={search_term_string}"},"query-input":{"@type":"PropertyValueSpecification","valueRequired":true,"valueName":"search_term_string"}}],"inLanguage":"es"},{"@type":"Person","@id":"https:\/\/xqthenews.com\/es\/#\/schema\/person\/a4acc80e0ac8a376ae6d9e223a081d5d","name":"Valentina Isernia","image":{"@type":"ImageObject","inLanguage":"es","@id":"https:\/\/xqthenews.com\/wp-content\/uploads\/2024\/09\/valentina-isernia_avatar_1-96x96.jpg0b33b4124730ea5ac8a5dcb54c77abac","url":"https:\/\/xqthenews.com\/wp-content\/uploads\/2024\/09\/valentina-isernia_avatar_1-96x96.jpg","contentUrl":"https:\/\/xqthenews.com\/wp-content\/uploads\/2024\/09\/valentina-isernia_avatar_1-96x96.jpg","caption":"Valentina Isernia"},"description":"Valentina Isernia es periodista, gestora de redes sociales y analista de contenidos de radio y televisi\u00f3n. Tras una larga experiencia en la redacci\u00f3n de \"Il Tacco d'Italia\", se gradu\u00f3 con las m\u00e1ximas calificaciones en la Universidad \"La Sapienza\" de Roma en el M\u00e1ster de Industria Cultural y Comunicaci\u00f3n Digital con una tesis sobre fantas\u00eda. En 2020 fund\u00f3 la revista semestral Fantasy Era, publicada por IdeaDinamica Scarl.","url":"https:\/\/xqthenews.com\/es\/author\/valetinaisernia\/"}]}},"_links":{"self":[{"href":"https:\/\/xqthenews.com\/es\/wp-json\/wp\/v2\/posts\/29323","targetHints":{"allow":["GET"]}}],"collection":[{"href":"https:\/\/xqthenews.com\/es\/wp-json\/wp\/v2\/posts"}],"about":[{"href":"https:\/\/xqthenews.com\/es\/wp-json\/wp\/v2\/types\/post"}],"author":[{"embeddable":true,"href":"https:\/\/xqthenews.com\/es\/wp-json\/wp\/v2\/users\/55"}],"replies":[{"embeddable":true,"href":"https:\/\/xqthenews.com\/es\/wp-json\/wp\/v2\/comments?post=29323"}],"version-history":[{"count":2,"href":"https:\/\/xqthenews.com\/es\/wp-json\/wp\/v2\/posts\/29323\/revisions"}],"predecessor-version":[{"id":29341,"href":"https:\/\/xqthenews.com\/es\/wp-json\/wp\/v2\/posts\/29323\/revisions\/29341"}],"wp:featuredmedia":[{"embeddable":true,"href":"https:\/\/xqthenews.com\/es\/wp-json\/wp\/v2\/media\/29324"}],"wp:attachment":[{"href":"https:\/\/xqthenews.com\/es\/wp-json\/wp\/v2\/media?parent=29323"}],"wp:term":[{"taxonomy":"category","embeddable":true,"href":"https:\/\/xqthenews.com\/es\/wp-json\/wp\/v2\/categories?post=29323"},{"taxonomy":"post_tag","embeddable":true,"href":"https:\/\/xqthenews.com\/es\/wp-json\/wp\/v2\/tags?post=29323"},{"taxonomy":"author","embeddable":true,"href":"https:\/\/xqthenews.com\/es\/wp-json\/wp\/v2\/coauthors?post=29323"}],"curies":[{"name":"wp","href":"https:\/\/api.w.org\/{rel}","templated":true}]}}