{"id":28475,"date":"2025-03-19T09:05:26","date_gmt":"2025-03-19T08:05:26","guid":{"rendered":"https:\/\/xqthenews.com\/?p=28475"},"modified":"2025-03-19T09:27:33","modified_gmt":"2025-03-19T08:27:33","slug":"el-8-m-denuncia-la-discriminacion-invisible-de-los-cuidados","status":"publish","type":"post","link":"https:\/\/xqthenews.com\/es\/el-8-m-denuncia-la-discriminacion-invisible-de-los-cuidados\/","title":{"rendered":"El 8-M denuncia la discriminaci\u00f3n invisible de los cuidados"},"content":{"rendered":"<p><strong>En medio de la ola reaccionaria que sufre el mundo, este a&ntilde;o las convocantes de las manifestaciones del 8-M han querido poner en evidencia que los cuidados de los hijos, los familiares dependientes y las personas vulnerables recaen en las mujeres y condicionan sus vidas personales y profesionales. La denuncia del neofascismo y el <a class=\"glossaryLink\" aria-describedby=\"tt\" data-cmtooltip=\"&lt;div class=glossaryItemTitle&gt;Racismo&lt;\/div&gt;&lt;div class=glossaryItemBody&gt;&amp;lt;!-- wp:paragraph --&amp;gt;Actitud o ideolog&iacute;a donde una raza o grupo &eacute;tnico se considera superior a otra&amp;lt;br\/&amp;gt;&amp;lt;!-- \/wp:paragraph --&amp;gt;&lt;\/div&gt;&lt;div id=&amp;quot;cmtt_related_articles&amp;quot; class=&amp;quot;cmtt_related_articles_wrapper&amp;quot;&gt;&lt;div class=&amp;quot;cmtt_related_title cmtt_related_articles_title&amp;quot;&gt;Related Articles: &lt;\/div&gt;&lt;ul class=&amp;quot;cmtt_related&amp;quot;&gt;&lt;li class=&amp;quot;cmtt_related_item&amp;quot;&gt;&lt;a href=&amp;quot;https:\/\/xqthenews.com\/es\/como-se-produce-un-genocidio\/&amp;quot;target=&amp;quot;_blank&amp;quot;&gt;&iquest;C&oacute;mo se produce un genocidio?&lt;\/a&gt;&lt;\/li&gt;&lt;li class=&amp;quot;cmtt_related_item&amp;quot;&gt;&lt;a href=&amp;quot;https:\/\/xqthenews.com\/es\/metaverso-que-retos-sociales-nos-esperan\/&amp;quot;target=&amp;quot;_blank&amp;quot;&gt;Metaverso, qu&eacute; retos sociales nos esperan&lt;\/a&gt;&lt;\/li&gt;&lt;li class=&amp;quot;cmtt_related_item&amp;quot;&gt;&lt;a href=&amp;quot;https:\/\/xqthenews.com\/es\/glossary\/agencia-de-los-derechos-fundamentales-de-la-union-europea-fra\/&amp;quot;target=&amp;quot;_blank&amp;quot;&gt;Glossary:  Agencia de los Derechos Fundamentales de la Uni&oacute;n Europea (FRA),&lt;\/a&gt;&lt;\/li&gt;&lt;li class=&amp;quot;cmtt_related_item&amp;quot;&gt;&lt;a href=&amp;quot;https:\/\/xqthenews.com\/es\/el-auge-global-de-la-extrema-derecha-y-su-presencia-en-europa\/&amp;quot;target=&amp;quot;_blank&amp;quot;&gt;El auge global de la extrema derecha y su presencia en Europa&lt;\/a&gt;&lt;\/li&gt;&lt;li class=&amp;quot;cmtt_related_item&amp;quot;&gt;&lt;a href=&amp;quot;https:\/\/xqthenews.com\/es\/glossary\/racismo-medioambiental\/&amp;quot;target=&amp;quot;_blank&amp;quot;&gt;Glossary:  Racismo medioambiental&lt;\/a&gt;&lt;\/li&gt;&lt;\/ul&gt;&lt;\/div&gt;\" href=\"https:\/\/xqthenews.com\/es\/glossary\/racismo\/\" data-gt-translate-attributes='[{\"attribute\":\"data-cmtooltip\", \"format\":\"html\"}]' tabindex=\"0\" role=\"link\">racismo<\/a> ha sido un denominador com&uacute;n de las protestas<\/strong>.<\/p>\n\n\n\n<p>El 8-M de 2025 se ha celebrado en un contexto pol&iacute;tico y social marcado por los terremotos reaccionarios con epicentro en la Casa Blanca de Estados Unidos. El reci&eacute;n estrenado mandato Donald Trump impulsa a la extrema derecha en todo el mundo, que tiene como uno de sus principales objetivos combatir las conquistas feministas. Este marco oscuro ha estado muy presente en la manifestaci&oacute;n de miles y miles de personas en todo el Estado, en muchas ciudades desafiando la lluvia. Las proclamas contra el riesgo del neofascismo y contra el <a class=\"glossaryLink\" aria-describedby=\"tt\" data-cmtooltip=\"&lt;div class=glossaryItemTitle&gt;Racismo&lt;\/div&gt;&lt;div class=glossaryItemBody&gt;&amp;lt;!-- wp:paragraph --&amp;gt;Actitud o ideolog&iacute;a donde una raza o grupo &eacute;tnico se considera superior a otra&amp;lt;br\/&amp;gt;&amp;lt;!-- \/wp:paragraph --&amp;gt;&lt;\/div&gt;&lt;div id=&amp;quot;cmtt_related_articles&amp;quot; class=&amp;quot;cmtt_related_articles_wrapper&amp;quot;&gt;&lt;div class=&amp;quot;cmtt_related_title cmtt_related_articles_title&amp;quot;&gt;Related Articles: &lt;\/div&gt;&lt;ul class=&amp;quot;cmtt_related&amp;quot;&gt;&lt;li class=&amp;quot;cmtt_related_item&amp;quot;&gt;&lt;a href=&amp;quot;https:\/\/xqthenews.com\/es\/como-se-produce-un-genocidio\/&amp;quot;target=&amp;quot;_blank&amp;quot;&gt;&iquest;C&oacute;mo se produce un genocidio?&lt;\/a&gt;&lt;\/li&gt;&lt;li class=&amp;quot;cmtt_related_item&amp;quot;&gt;&lt;a href=&amp;quot;https:\/\/xqthenews.com\/es\/metaverso-que-retos-sociales-nos-esperan\/&amp;quot;target=&amp;quot;_blank&amp;quot;&gt;Metaverso, qu&eacute; retos sociales nos esperan&lt;\/a&gt;&lt;\/li&gt;&lt;li class=&amp;quot;cmtt_related_item&amp;quot;&gt;&lt;a href=&amp;quot;https:\/\/xqthenews.com\/es\/glossary\/agencia-de-los-derechos-fundamentales-de-la-union-europea-fra\/&amp;quot;target=&amp;quot;_blank&amp;quot;&gt;Glossary:  Agencia de los Derechos Fundamentales de la Uni&oacute;n Europea (FRA),&lt;\/a&gt;&lt;\/li&gt;&lt;li class=&amp;quot;cmtt_related_item&amp;quot;&gt;&lt;a href=&amp;quot;https:\/\/xqthenews.com\/es\/el-auge-global-de-la-extrema-derecha-y-su-presencia-en-europa\/&amp;quot;target=&amp;quot;_blank&amp;quot;&gt;El auge global de la extrema derecha y su presencia en Europa&lt;\/a&gt;&lt;\/li&gt;&lt;li class=&amp;quot;cmtt_related_item&amp;quot;&gt;&lt;a href=&amp;quot;https:\/\/xqthenews.com\/es\/glossary\/racismo-medioambiental\/&amp;quot;target=&amp;quot;_blank&amp;quot;&gt;Glossary:  Racismo medioambiental&lt;\/a&gt;&lt;\/li&gt;&lt;\/ul&gt;&lt;\/div&gt;\" href=\"https:\/\/xqthenews.com\/es\/glossary\/racismo\/\" data-gt-translate-attributes='[{\"attribute\":\"data-cmtooltip\", \"format\":\"html\"}]' tabindex=\"0\" role=\"link\">racismo<\/a> ha sido un punto denominador en todas las protestas.<\/p>\n\n\n\n<figure class=\"wp-block-image size-large\"><img loading=\"lazy\" decoding=\"async\" width=\"1024\" height=\"683\" src=\"https:\/\/xqthenews.com\/wp-content\/uploads\/2025\/03\/imagen-1-1024x683.jpeg\" alt=\"\" class=\"wp-image-28476\" srcset=\"https:\/\/xqthenews.com\/wp-content\/uploads\/2025\/03\/imagen-1-1024x683.jpeg 1024w, https:\/\/xqthenews.com\/wp-content\/uploads\/2025\/03\/imagen-1-300x200.jpeg 300w, https:\/\/xqthenews.com\/wp-content\/uploads\/2025\/03\/imagen-1-768x512.jpeg 768w, https:\/\/xqthenews.com\/wp-content\/uploads\/2025\/03\/imagen-1-1536x1024.jpeg 1536w, https:\/\/xqthenews.com\/wp-content\/uploads\/2025\/03\/imagen-1-150x100.jpeg 150w, https:\/\/xqthenews.com\/wp-content\/uploads\/2025\/03\/imagen-1-450x300.jpeg 450w, https:\/\/xqthenews.com\/wp-content\/uploads\/2025\/03\/imagen-1-1200x800.jpeg 1200w, https:\/\/xqthenews.com\/wp-content\/uploads\/2025\/03\/imagen-1.jpeg 2048w\" sizes=\"(max-width: 1024px) 100vw, 1024px\"\/><\/figure>\n\n\n\n<p>En Barcelona, la manifestaci&oacute;n mayoritaria estaba encabezada por una pancarta que proclamaba &ldquo;les cures sostenen la vida&rdquo;. El manifiesto de las convocantes pon&iacute;a el acento en que los cuidados recaen en las mujeres y condicionan sus vidas. Por eso &ldquo;exigimos corresponsabilidad por parte de los hombres, de las administraciones y del conjunto de la sociedad, porque los cuidados son un derecho colectivo y una <a class=\"glossaryLink\" aria-describedby=\"tt\" data-cmtooltip=\"&lt;div class=glossaryItemTitle&gt;Responsabilidad social&lt;\/div&gt;&lt;div class=glossaryItemBody&gt;&amp;lt;!-- wp:paragraph --&amp;gt;La responsabilidad social de un personaje referente implica su influencia positiva en la sociedad, promoviendo valores, causas sociales y ejemplificando conductas &eacute;ticas y responsables.&amp;lt;br\/&amp;gt;&amp;lt;!-- \/wp:paragraph --&amp;gt;&lt;\/div&gt;&lt;div id=&amp;quot;cmtt_related_articles&amp;quot; class=&amp;quot;cmtt_related_articles_wrapper&amp;quot;&gt;&lt;div class=&amp;quot;cmtt_related_title cmtt_related_articles_title&amp;quot;&gt;Related Articles: &lt;\/div&gt;&lt;ul class=&amp;quot;cmtt_related&amp;quot;&gt;&lt;li class=&amp;quot;cmtt_related_item&amp;quot;&gt;&lt;a href=&amp;quot;https:\/\/xqthenews.com\/es\/las-dos-victorias-de-las-campeonas-del-mundo\/&amp;quot;target=&amp;quot;_blank&amp;quot;&gt;Las dos victorias de las campeonas del mundo&lt;\/a&gt;&lt;\/li&gt;&lt;li class=&amp;quot;cmtt_related_item&amp;quot;&gt;&lt;a href=&amp;quot;https:\/\/xqthenews.com\/es\/glossary\/millennials\/&amp;quot;target=&amp;quot;_blank&amp;quot;&gt;Glossary:  Millennials&lt;\/a&gt;&lt;\/li&gt;&lt;li class=&amp;quot;cmtt_related_item&amp;quot;&gt;&lt;a href=&amp;quot;https:\/\/xqthenews.com\/es\/el-8-m-denuncia-la-discriminacion-invisible-de-los-cuidados\/&amp;quot;target=&amp;quot;_blank&amp;quot;&gt;El 8-M denuncia la discriminaci&oacute;n invisible de los cuidados&lt;\/a&gt;&lt;\/li&gt;&lt;\/ul&gt;&lt;\/div&gt;\" href=\"https:\/\/xqthenews.com\/es\/glossary\/responsabilidad-social\/\" data-gt-translate-attributes='[{\"attribute\":\"data-cmtooltip\", \"format\":\"html\"}]' tabindex=\"0\" role=\"link\">responsabilidad social<\/a> y no el trabajo individual exigido a las mujeres&rdquo;. Todos los datos indican que las mujeres tienen m&aacute;s probabilidades que los hombres de estar en paro, trabajar a media jornada o de tomarse excedencias no remuneradas para cuidar de familiares vulnerables, de los hijos y especialmente de las personas mayores o que padecen enfermedades.<\/p>\n\n\n\n<figure class=\"wp-block-image size-large\"><img loading=\"lazy\" decoding=\"async\" width=\"1024\" height=\"683\" src=\"https:\/\/xqthenews.com\/wp-content\/uploads\/2025\/03\/imagen-2-1024x683.jpeg\" alt=\"\" class=\"wp-image-28480\" srcset=\"https:\/\/xqthenews.com\/wp-content\/uploads\/2025\/03\/imagen-2-1024x683.jpeg 1024w, https:\/\/xqthenews.com\/wp-content\/uploads\/2025\/03\/imagen-2-300x200.jpeg 300w, https:\/\/xqthenews.com\/wp-content\/uploads\/2025\/03\/imagen-2-768x512.jpeg 768w, https:\/\/xqthenews.com\/wp-content\/uploads\/2025\/03\/imagen-2-1536x1024.jpeg 1536w, https:\/\/xqthenews.com\/wp-content\/uploads\/2025\/03\/imagen-2-150x100.jpeg 150w, https:\/\/xqthenews.com\/wp-content\/uploads\/2025\/03\/imagen-2-450x300.jpeg 450w, https:\/\/xqthenews.com\/wp-content\/uploads\/2025\/03\/imagen-2-1200x800.jpeg 1200w, https:\/\/xqthenews.com\/wp-content\/uploads\/2025\/03\/imagen-2.jpeg 2048w\" sizes=\"(max-width: 1024px) 100vw, 1024px\"\/><\/figure>\n\n\n\n<p>En el manifiesto, se argumenta que &ldquo;el conjunto de las opresiones que el sistema genera en el &aacute;mbito de los cuidados es una estrategia de control social que nos quiere mantener sujetos a una organizaci&oacute;n que beneficia al mercado y al capital por encima de la vida, de todas las vidas&rdquo;. Por eso se reivindica &ldquo;un sistema p&uacute;blico de cuidados blindado por ley y con una financiaci&oacute;n suficiente que garantice el derecho a tenerlas de todas las personas&rdquo;. Y se concluye: &ldquo;los cuidados no son una cuesti&oacute;n individual o privada sino una problem&aacute;tica estructural que sostiene al conjunto de la sociedad&rdquo;.<\/p>\n\n\n\n<figure class=\"wp-block-image size-large\"><img loading=\"lazy\" decoding=\"async\" width=\"1024\" height=\"683\" src=\"https:\/\/xqthenews.com\/wp-content\/uploads\/2025\/03\/Imagen-3-1024x683.jpg\" alt=\"\" class=\"wp-image-28484\" srcset=\"https:\/\/xqthenews.com\/wp-content\/uploads\/2025\/03\/Imagen-3-1024x683.jpg 1024w, https:\/\/xqthenews.com\/wp-content\/uploads\/2025\/03\/Imagen-3-300x200.jpg 300w, https:\/\/xqthenews.com\/wp-content\/uploads\/2025\/03\/Imagen-3-768x512.jpg 768w, https:\/\/xqthenews.com\/wp-content\/uploads\/2025\/03\/Imagen-3-1536x1024.jpg 1536w, https:\/\/xqthenews.com\/wp-content\/uploads\/2025\/03\/Imagen-3-150x100.jpg 150w, https:\/\/xqthenews.com\/wp-content\/uploads\/2025\/03\/Imagen-3-450x300.jpg 450w, https:\/\/xqthenews.com\/wp-content\/uploads\/2025\/03\/Imagen-3-1200x800.jpg 1200w, https:\/\/xqthenews.com\/wp-content\/uploads\/2025\/03\/Imagen-3.jpg 2048w\" sizes=\"(max-width: 1024px) 100vw, 1024px\"\/><\/figure>\n\n\n\n<p>En el marco de la distribuci&oacute;n injusta de las tareas de los cuidados, el manifiesto recuerda &ldquo;la explotaci&oacute;n feroz de las migradas dedicadas al trabajo del hogar y de los cuidados, especialmente de aquellos a los que la administraci&oacute;n niega papeles, a las &ldquo;internas&rdquo;, en condiciones de esclavitud. Camareras de hotel, trabajadoras del SAD (<a class=\"glossaryLink\" aria-describedby=\"tt\" data-cmtooltip=\"&lt;div class=glossaryItemTitle&gt;Servicio de Atenci&oacute;n Domiciliaria&lt;\/div&gt;&lt;div class=glossaryItemBody&gt;&amp;lt;!-- wp:paragraph --&amp;gt;El Servicio de Atenci&oacute;n Domiciliaria (SAD) ofrece apoyo personalizado a personas mayores, dependientes o con necesidades especiales, ayud&aacute;ndolas en tareas diarias y promoviendo su autonom&iacute;a en casa.&amp;lt;br\/&amp;gt;&amp;lt;!-- \/wp:paragraph --&amp;gt;&amp;lt;!-- wp:paragraph --&amp;gt;&amp;lt;br\/&amp;gt;&amp;lt;!-- \/wp:paragraph --&amp;gt;&lt;\/div&gt;&lt;div id=&amp;quot;cmtt_related_articles&amp;quot; class=&amp;quot;cmtt_related_articles_wrapper&amp;quot;&gt;&lt;div class=&amp;quot;cmtt_related_title cmtt_related_articles_title&amp;quot;&gt;Related Articles: &lt;\/div&gt;&lt;ul class=&amp;quot;cmtt_related&amp;quot;&gt;&lt;li class=&amp;quot;cmtt_related_item&amp;quot;&gt;&lt;a href=&amp;quot;https:\/\/xqthenews.com\/es\/el-8-m-denuncia-la-discriminacion-invisible-de-los-cuidados\/&amp;quot;target=&amp;quot;_blank&amp;quot;&gt;El 8-M denuncia la discriminaci&oacute;n invisible de los cuidados&lt;\/a&gt;&lt;\/li&gt;&lt;\/ul&gt;&lt;\/div&gt;\" href=\"https:\/\/xqthenews.com\/es\/glossary\/servicio-de-atencion-domiciliaria\/\" data-gt-translate-attributes='[{\"attribute\":\"data-cmtooltip\", \"format\":\"html\"}]' tabindex=\"0\" role=\"link\">Servicio de Atenci&oacute;n Domiciliaria<\/a>), trabajadoras de las residencias, asistentes personales, auxiliares cl&iacute;nicas, comadronas, enfermeras y todo el resto de trabajadoras de los cuidados&rdquo;. Por todo ello, &ldquo;denunciamos la invisibilizaci&oacute;n de las que cuidan en los m&aacute;rgenes &ndash; madres, amigas, vecinas, parejas- estigmatizadas por la sociedad&rdquo;.<\/p>\n\n\n\n<figure class=\"wp-block-image size-large\"><img loading=\"lazy\" decoding=\"async\" width=\"1024\" height=\"683\" src=\"https:\/\/xqthenews.com\/wp-content\/uploads\/2025\/03\/imagen-4-1024x683.jpeg\" alt=\"\" class=\"wp-image-28488\" srcset=\"https:\/\/xqthenews.com\/wp-content\/uploads\/2025\/03\/imagen-4-1024x683.jpeg 1024w, https:\/\/xqthenews.com\/wp-content\/uploads\/2025\/03\/imagen-4-300x200.jpeg 300w, https:\/\/xqthenews.com\/wp-content\/uploads\/2025\/03\/imagen-4-768x512.jpeg 768w, https:\/\/xqthenews.com\/wp-content\/uploads\/2025\/03\/imagen-4-1536x1024.jpeg 1536w, https:\/\/xqthenews.com\/wp-content\/uploads\/2025\/03\/imagen-4-150x100.jpeg 150w, https:\/\/xqthenews.com\/wp-content\/uploads\/2025\/03\/imagen-4-450x300.jpeg 450w, https:\/\/xqthenews.com\/wp-content\/uploads\/2025\/03\/imagen-4-1200x800.jpeg 1200w, https:\/\/xqthenews.com\/wp-content\/uploads\/2025\/03\/imagen-4.jpeg 2048w\" sizes=\"(max-width: 1024px) 100vw, 1024px\"\/><\/figure>\n\n\n\n<p>La divisi&oacute;n del <a class=\"glossaryLink\" aria-describedby=\"tt\" data-cmtooltip=\"&lt;div class=glossaryItemTitle&gt;Feminismo&lt;\/div&gt;&lt;div class=glossaryItemBody&gt;&amp;lt;!-- wp:paragraph --&amp;gt;Movimiento social y pol&iacute;tico que lucha por la igualdad de derechos entre hombres y mujeres y se opone a la discriminaci&oacute;n por raz&oacute;n de sexo.&amp;lt;br\/&amp;gt;&amp;lt;!-- \/wp:paragraph --&amp;gt;&amp;lt;!-- wp:paragraph --&amp;gt;&amp;lt;br\/&amp;gt;&amp;lt;!-- \/wp:paragraph --&amp;gt;&lt;\/div&gt;&lt;div id=&amp;quot;cmtt_related_articles&amp;quot; class=&amp;quot;cmtt_related_articles_wrapper&amp;quot;&gt;&lt;div class=&amp;quot;cmtt_related_title cmtt_related_articles_title&amp;quot;&gt;Related Articles: &lt;\/div&gt;&lt;ul class=&amp;quot;cmtt_related&amp;quot;&gt;&lt;li class=&amp;quot;cmtt_related_item&amp;quot;&gt;&lt;a href=&amp;quot;https:\/\/xqthenews.com\/es\/accion-empatia-y-responsabilidad-colectiva\/&amp;quot;target=&amp;quot;_blank&amp;quot;&gt;Acci&oacute;n, empat&iacute;a y responsabilidad colectiva&lt;\/a&gt;&lt;\/li&gt;&lt;li class=&amp;quot;cmtt_related_item&amp;quot;&gt;&lt;a href=&amp;quot;https:\/\/xqthenews.com\/es\/glossary\/abolicion\/&amp;quot;target=&amp;quot;_blank&amp;quot;&gt;Glossary:  Abolici&oacute;n&lt;\/a&gt;&lt;\/li&gt;&lt;li class=&amp;quot;cmtt_related_item&amp;quot;&gt;&lt;a href=&amp;quot;https:\/\/xqthenews.com\/es\/el-8-m-denuncia-la-discriminacion-invisible-de-los-cuidados\/&amp;quot;target=&amp;quot;_blank&amp;quot;&gt;El 8-M denuncia la discriminaci&oacute;n invisible de los cuidados&lt;\/a&gt;&lt;\/li&gt;&lt;\/ul&gt;&lt;\/div&gt;\" href=\"https:\/\/xqthenews.com\/es\/glossary\/feminismo\/\" data-gt-translate-attributes='[{\"attribute\":\"data-cmtooltip\", \"format\":\"html\"}]' tabindex=\"0\" role=\"link\">feminismo<\/a> volvi&oacute; a evidenciarse con dos manifestaciones. La mayoritaria, convocada por la Asamblea 8-M sali&oacute; de la plaza Universidad en direcci&oacute;n a la Gran Via, bajando por el paseo de Gr&agrave;cia hasta la ronda Sant Pere para acabar en Arc de Triomf. La manifestaci&oacute;n principal del 8M en Barcelona ha iniciado en la c&eacute;ntrica plaza Universitat este s&aacute;bado por la tarde, minutos despu&eacute;s de las 18:00h. Entre las asistentes se encontraban la viceprimera secretaria del PSC y presidenta de la Diputaci&oacute;n de Barcelona, Llu&iuml;sa Moret; las dirigentes de ERC Elisenda Alamany, Ar&eacute;s Tubau y Diana Riba; la l&iacute;der de los Comuns en el Parlament, J&eacute;ssica Albiach, y la portavoz de la CUP Su Moreno. Tambi&eacute;n participaron l&iacute;deres de los sindicatos mayoritarios.<\/p>\n\n\n\n<figure class=\"wp-block-image size-large\"><img loading=\"lazy\" decoding=\"async\" width=\"1024\" height=\"683\" src=\"https:\/\/xqthenews.com\/wp-content\/uploads\/2025\/03\/Imagen-5-1024x683.jpeg\" alt=\"\" class=\"wp-image-28492\" srcset=\"https:\/\/xqthenews.com\/wp-content\/uploads\/2025\/03\/Imagen-5-1024x683.jpeg 1024w, https:\/\/xqthenews.com\/wp-content\/uploads\/2025\/03\/Imagen-5-300x200.jpeg 300w, https:\/\/xqthenews.com\/wp-content\/uploads\/2025\/03\/Imagen-5-768x512.jpeg 768w, https:\/\/xqthenews.com\/wp-content\/uploads\/2025\/03\/Imagen-5-1536x1024.jpeg 1536w, https:\/\/xqthenews.com\/wp-content\/uploads\/2025\/03\/Imagen-5-150x100.jpeg 150w, https:\/\/xqthenews.com\/wp-content\/uploads\/2025\/03\/Imagen-5-450x300.jpeg 450w, https:\/\/xqthenews.com\/wp-content\/uploads\/2025\/03\/Imagen-5-1200x800.jpeg 1200w, https:\/\/xqthenews.com\/wp-content\/uploads\/2025\/03\/Imagen-5.jpeg 2048w\" sizes=\"(max-width: 1024px) 100vw, 1024px\"\/><\/figure>\n\n\n\n<p>La Coordinadora 8M-Movimiento Feminista, formada por entidades como Feministas de Catalu&ntilde;a o la CNT, que se oponen a la <a class=\"glossaryLink\" aria-describedby=\"tt\" data-cmtooltip=\"&lt;div class=glossaryItemTitle&gt;Ley trans&lt;\/div&gt;&lt;div class=glossaryItemBody&gt;&amp;lt;!-- wp:paragraph --&amp;gt;La ley trans es una normativa que reconoce el derecho a la autodeterminaci&oacute;n de g&eacute;nero, permitiendo cambiar el sexo en documentos sin requisitos m&eacute;dicos y ampliando derechos para personas trans y no binarias.&amp;lt;br\/&amp;gt;&amp;lt;!-- \/wp:paragraph --&amp;gt;&amp;lt;!-- wp:paragraph --&amp;gt;&amp;lt;br\/&amp;gt;&amp;lt;!-- \/wp:paragraph --&amp;gt;&lt;\/div&gt;&lt;div id=&amp;quot;cmtt_related_articles&amp;quot; class=&amp;quot;cmtt_related_articles_wrapper&amp;quot;&gt;&lt;div class=&amp;quot;cmtt_related_title cmtt_related_articles_title&amp;quot;&gt;Related Articles: &lt;\/div&gt;&lt;ul class=&amp;quot;cmtt_related&amp;quot;&gt;&lt;li class=&amp;quot;cmtt_related_item&amp;quot;&gt;&lt;a href=&amp;quot;https:\/\/xqthenews.com\/es\/el-8-m-denuncia-la-discriminacion-invisible-de-los-cuidados\/&amp;quot;target=&amp;quot;_blank&amp;quot;&gt;El 8-M denuncia la discriminaci&oacute;n invisible de los cuidados&lt;\/a&gt;&lt;\/li&gt;&lt;\/ul&gt;&lt;\/div&gt;\" href=\"https:\/\/xqthenews.com\/es\/glossary\/ley-trans\/\" data-gt-translate-attributes='[{\"attribute\":\"data-cmtooltip\", \"format\":\"html\"}]' tabindex=\"0\" role=\"link\">ley trans<\/a> y reclaman la <a class=\"glossaryLink\" aria-describedby=\"tt\" data-cmtooltip=\"&lt;div class=glossaryItemTitle&gt;Abolici&oacute;n&lt;\/div&gt;&lt;div class=glossaryItemBody&gt;&amp;lt;!-- wp:paragraph --&amp;gt;La abolici&oacute;n es la supresi&oacute;n o eliminaci&oacute;n total de una ley, pr&aacute;ctica o sistema. En el feminismo, suele referirse a la eliminaci&oacute;n de la prostituci&oacute;n o de normas que perpet&uacute;an desigualdades y opresiones.&amp;lt;br\/&amp;gt;&amp;lt;!-- \/wp:paragraph --&amp;gt;&lt;\/div&gt;&lt;div id=&amp;quot;cmtt_related_articles&amp;quot; class=&amp;quot;cmtt_related_articles_wrapper&amp;quot;&gt;&lt;div class=&amp;quot;cmtt_related_title cmtt_related_articles_title&amp;quot;&gt;Related Articles: &lt;\/div&gt;&lt;ul class=&amp;quot;cmtt_related&amp;quot;&gt;&lt;li class=&amp;quot;cmtt_related_item&amp;quot;&gt;&lt;a href=&amp;quot;https:\/\/xqthenews.com\/es\/el-8-m-denuncia-la-discriminacion-invisible-de-los-cuidados\/&amp;quot;target=&amp;quot;_blank&amp;quot;&gt;El 8-M denuncia la discriminaci&oacute;n invisible de los cuidados&lt;\/a&gt;&lt;\/li&gt;&lt;\/ul&gt;&lt;\/div&gt;\" href=\"https:\/\/xqthenews.com\/es\/glossary\/abolicion\/\" data-gt-translate-attributes='[{\"attribute\":\"data-cmtooltip\", \"format\":\"html\"}]' tabindex=\"0\" role=\"link\">abolici&oacute;n<\/a> de la prostituci&oacute;n se desmarcaron de la convocatoria oficial, con una manifestaci&oacute;n propia, a la misma hora, bajo el lema &ldquo;Somos mujeres y decimos lo suficiente&rdquo;. En la cabecera se pod&iacute;a leer una pancarta con el siguiente mensaje: &ldquo;Basta someter los derechos de mujeres y ni&ntilde;as a los deseos de los hombres. Acabamos con el <a class=\"glossaryLink\" aria-describedby=\"tt\" data-cmtooltip=\"&lt;div class=glossaryItemTitle&gt;Patriarcado&lt;\/div&gt;&lt;div class=glossaryItemBody&gt;&amp;lt;!-- wp:paragraph --&amp;gt;El patriarcado es un sistema social donde el poder y la autoridad est&aacute;n predominantemente en manos de los hombres, subordinando a las mujeres en diversos aspectos de la vida.&amp;lt;br\/&amp;gt;&amp;lt;!-- \/wp:paragraph --&amp;gt;&lt;\/div&gt;&lt;div id=&amp;quot;cmtt_related_articles&amp;quot; class=&amp;quot;cmtt_related_articles_wrapper&amp;quot;&gt;&lt;div class=&amp;quot;cmtt_related_title cmtt_related_articles_title&amp;quot;&gt;Related Articles: &lt;\/div&gt;&lt;ul class=&amp;quot;cmtt_related&amp;quot;&gt;&lt;li class=&amp;quot;cmtt_related_item&amp;quot;&gt;&lt;a href=&amp;quot;https:\/\/xqthenews.com\/es\/adultocentrismo-el-regimen-del-establishment-adulto\/&amp;quot;target=&amp;quot;_blank&amp;quot;&gt;Adultocentrismo: el r&eacute;gimen del &amp;quot;establishment adulto&rdquo;&lt;\/a&gt;&lt;\/li&gt;&lt;li class=&amp;quot;cmtt_related_item&amp;quot;&gt;&lt;a href=&amp;quot;https:\/\/xqthenews.com\/pt-pt\/adulto-centrismo-o-regime-do-establishment-adulto\/&amp;quot;target=&amp;quot;_blank&amp;quot;&gt;Adulto-centrismo: o regime do &laquo;establishment adulto&raquo;&lt;\/a&gt;&lt;\/li&gt;&lt;li class=&amp;quot;cmtt_related_item&amp;quot;&gt;&lt;a href=&amp;quot;https:\/\/xqthenews.com\/es\/musculos-coches-mindset-millonario-el-fraude-del-hombre-hecho-a-si-mismo\/&amp;quot;target=&amp;quot;_blank&amp;quot;&gt;M&uacute;sculos, coches, &amp;quot;mindset millonario&rdquo;: el fraude del hombre hecho a s&iacute; mismo&lt;\/a&gt;&lt;\/li&gt;&lt;li class=&amp;quot;cmtt_related_item&amp;quot;&gt;&lt;a href=&amp;quot;https:\/\/xqthenews.com\/es\/somos-lo-que-votamos\/&amp;quot;target=&amp;quot;_blank&amp;quot;&gt;Somos lo que votamos&lt;\/a&gt;&lt;\/li&gt;&lt;li class=&amp;quot;cmtt_related_item&amp;quot;&gt;&lt;a href=&amp;quot;https:\/\/xqthenews.com\/es\/glossary\/modelo-antipatriarcal\/&amp;quot;target=&amp;quot;_blank&amp;quot;&gt;Glossary:  Modelo antipatriarcal&lt;\/a&gt;&lt;\/li&gt;&lt;\/ul&gt;&lt;\/div&gt;\" href=\"https:\/\/xqthenews.com\/es\/glossary\/patriarcado\/\" data-gt-translate-attributes='[{\"attribute\":\"data-cmtooltip\", \"format\":\"html\"}]' tabindex=\"0\" role=\"link\">patriarcado<\/a>&rdquo;. Esta marcha arranc&oacute; en la plaza de Catalunya. En la cabecera se pod&iacute;a leer una pancarta con el siguiente mensaje: &ldquo;Basta someter los derechos de mujeres y ni&ntilde;as a los deseos de los hombres. Acabamos con el <a class=\"glossaryLink\" aria-describedby=\"tt\" data-cmtooltip=\"&lt;div class=glossaryItemTitle&gt;Patriarcado&lt;\/div&gt;&lt;div class=glossaryItemBody&gt;&amp;lt;!-- wp:paragraph --&amp;gt;El patriarcado es un sistema social donde el poder y la autoridad est&aacute;n predominantemente en manos de los hombres, subordinando a las mujeres en diversos aspectos de la vida.&amp;lt;br\/&amp;gt;&amp;lt;!-- \/wp:paragraph --&amp;gt;&lt;\/div&gt;&lt;div id=&amp;quot;cmtt_related_articles&amp;quot; class=&amp;quot;cmtt_related_articles_wrapper&amp;quot;&gt;&lt;div class=&amp;quot;cmtt_related_title cmtt_related_articles_title&amp;quot;&gt;Related Articles: &lt;\/div&gt;&lt;ul class=&amp;quot;cmtt_related&amp;quot;&gt;&lt;li class=&amp;quot;cmtt_related_item&amp;quot;&gt;&lt;a href=&amp;quot;https:\/\/xqthenews.com\/es\/adultocentrismo-el-regimen-del-establishment-adulto\/&amp;quot;target=&amp;quot;_blank&amp;quot;&gt;Adultocentrismo: el r&eacute;gimen del &amp;quot;establishment adulto&rdquo;&lt;\/a&gt;&lt;\/li&gt;&lt;li class=&amp;quot;cmtt_related_item&amp;quot;&gt;&lt;a href=&amp;quot;https:\/\/xqthenews.com\/pt-pt\/adulto-centrismo-o-regime-do-establishment-adulto\/&amp;quot;target=&amp;quot;_blank&amp;quot;&gt;Adulto-centrismo: o regime do &laquo;establishment adulto&raquo;&lt;\/a&gt;&lt;\/li&gt;&lt;li class=&amp;quot;cmtt_related_item&amp;quot;&gt;&lt;a href=&amp;quot;https:\/\/xqthenews.com\/es\/musculos-coches-mindset-millonario-el-fraude-del-hombre-hecho-a-si-mismo\/&amp;quot;target=&amp;quot;_blank&amp;quot;&gt;M&uacute;sculos, coches, &amp;quot;mindset millonario&rdquo;: el fraude del hombre hecho a s&iacute; mismo&lt;\/a&gt;&lt;\/li&gt;&lt;li class=&amp;quot;cmtt_related_item&amp;quot;&gt;&lt;a href=&amp;quot;https:\/\/xqthenews.com\/es\/somos-lo-que-votamos\/&amp;quot;target=&amp;quot;_blank&amp;quot;&gt;Somos lo que votamos&lt;\/a&gt;&lt;\/li&gt;&lt;li class=&amp;quot;cmtt_related_item&amp;quot;&gt;&lt;a href=&amp;quot;https:\/\/xqthenews.com\/es\/glossary\/modelo-antipatriarcal\/&amp;quot;target=&amp;quot;_blank&amp;quot;&gt;Glossary:  Modelo antipatriarcal&lt;\/a&gt;&lt;\/li&gt;&lt;\/ul&gt;&lt;\/div&gt;\" href=\"https:\/\/xqthenews.com\/es\/glossary\/patriarcado\/\" data-gt-translate-attributes='[{\"attribute\":\"data-cmtooltip\", \"format\":\"html\"}]' tabindex=\"0\" role=\"link\">patriarcado<\/a>&rdquo;.<\/p>\n\n\n\n<figure class=\"wp-block-gallery has-nested-images columns-1 is-cropped wp-block-gallery-1 is-layout-flex wp-block-gallery-is-layout-flex\">\n<figure class=\"wp-block-image size-large is-style-rounded\"><img loading=\"lazy\" decoding=\"async\" width=\"1024\" height=\"683\" data-id=\"28500\" src=\"https:\/\/xqthenews.com\/wp-content\/uploads\/2025\/03\/Imagen-6-1-1024x683.jpeg\" alt=\"\" class=\"wp-image-28500\" srcset=\"https:\/\/xqthenews.com\/wp-content\/uploads\/2025\/03\/Imagen-6-1-1024x683.jpeg 1024w, https:\/\/xqthenews.com\/wp-content\/uploads\/2025\/03\/Imagen-6-1-300x200.jpeg 300w, https:\/\/xqthenews.com\/wp-content\/uploads\/2025\/03\/Imagen-6-1-768x512.jpeg 768w, https:\/\/xqthenews.com\/wp-content\/uploads\/2025\/03\/Imagen-6-1-150x100.jpeg 150w, https:\/\/xqthenews.com\/wp-content\/uploads\/2025\/03\/Imagen-6-1-450x300.jpeg 450w, https:\/\/xqthenews.com\/wp-content\/uploads\/2025\/03\/Imagen-6-1.jpeg 1200w\" sizes=\"(max-width: 1024px) 100vw, 1024px\"\/><\/figure>\n\n\n\n<figure class=\"wp-block-image size-large is-style-rounded\"><img loading=\"lazy\" decoding=\"async\" width=\"1024\" height=\"683\" data-id=\"28508\" src=\"https:\/\/xqthenews.com\/wp-content\/uploads\/2025\/03\/Imagen-7-1024x683.jpeg\" alt=\"\" class=\"wp-image-28508\" srcset=\"https:\/\/xqthenews.com\/wp-content\/uploads\/2025\/03\/Imagen-7-1024x683.jpeg 1024w, https:\/\/xqthenews.com\/wp-content\/uploads\/2025\/03\/Imagen-7-300x200.jpeg 300w, https:\/\/xqthenews.com\/wp-content\/uploads\/2025\/03\/Imagen-7-768x512.jpeg 768w, https:\/\/xqthenews.com\/wp-content\/uploads\/2025\/03\/Imagen-7-1536x1024.jpeg 1536w, https:\/\/xqthenews.com\/wp-content\/uploads\/2025\/03\/Imagen-7-150x100.jpeg 150w, https:\/\/xqthenews.com\/wp-content\/uploads\/2025\/03\/Imagen-7-450x300.jpeg 450w, https:\/\/xqthenews.com\/wp-content\/uploads\/2025\/03\/Imagen-7-1200x800.jpeg 1200w, https:\/\/xqthenews.com\/wp-content\/uploads\/2025\/03\/Imagen-7.jpeg 2048w\" sizes=\"(max-width: 1024px) 100vw, 1024px\"\/><\/figure>\n\n\n\n<figure class=\"wp-block-image size-large is-style-rounded\"><img loading=\"lazy\" decoding=\"async\" width=\"1024\" height=\"683\" data-id=\"28504\" src=\"https:\/\/xqthenews.com\/wp-content\/uploads\/2025\/03\/Imagen-8-1024x683.jpeg\" alt=\"\" class=\"wp-image-28504\" srcset=\"https:\/\/xqthenews.com\/wp-content\/uploads\/2025\/03\/Imagen-8-1024x683.jpeg 1024w, https:\/\/xqthenews.com\/wp-content\/uploads\/2025\/03\/Imagen-8-300x200.jpeg 300w, https:\/\/xqthenews.com\/wp-content\/uploads\/2025\/03\/Imagen-8-768x512.jpeg 768w, https:\/\/xqthenews.com\/wp-content\/uploads\/2025\/03\/Imagen-8-1536x1024.jpeg 1536w, https:\/\/xqthenews.com\/wp-content\/uploads\/2025\/03\/Imagen-8-150x100.jpeg 150w, https:\/\/xqthenews.com\/wp-content\/uploads\/2025\/03\/Imagen-8-450x300.jpeg 450w, https:\/\/xqthenews.com\/wp-content\/uploads\/2025\/03\/Imagen-8-1200x800.jpeg 1200w, https:\/\/xqthenews.com\/wp-content\/uploads\/2025\/03\/Imagen-8.jpeg 2048w\" sizes=\"(max-width: 1024px) 100vw, 1024px\"\/><\/figure>\n<\/figure>\n\n\n\n<hr class=\"wp-block-separator has-text-color has-vivid-green-cyan-color has-alpha-channel-opacity has-vivid-green-cyan-background-color has-background is-style-wide\">\n\n\n\n<div style=\"height:100px\" aria-hidden=\"true\" class=\"wp-block-spacer\"><\/div>\n\n\n<script type=\"text\/javascript\">\n\/* <![CDATA[ *\/\nvar gform;gform||(document.addEventListener(\"gform_main_scripts_loaded\",function(){gform.scriptsLoaded=!0}),document.addEventListener(\"gform\/theme\/scripts_loaded\",function(){gform.themeScriptsLoaded=!0}),window.addEventListener(\"DOMContentLoaded\",function(){gform.domLoaded=!0}),gform={domLoaded:!1,scriptsLoaded:!1,themeScriptsLoaded:!1,isFormEditor:()=>\"function\"==typeof InitializeEditor,callIfLoaded:function(o){return!(!gform.domLoaded||!gform.scriptsLoaded||!gform.themeScriptsLoaded&&!gform.isFormEditor()||(gform.isFormEditor()&&console.warn(\"The use of gform.initializeOnLoaded() is deprecated in the form editor context and will be removed in Gravity Forms 3.1.\"),o(),0))},initializeOnLoaded:function(o){gform.callIfLoaded(o)||(document.addEventListener(\"gform_main_scripts_loaded\",()=>{gform.scriptsLoaded=!0,gform.callIfLoaded(o)}),document.addEventListener(\"gform\/theme\/scripts_loaded\",()=>{gform.themeScriptsLoaded=!0,gform.callIfLoaded(o)}),window.addEventListener(\"DOMContentLoaded\",()=>{gform.domLoaded=!0,gform.callIfLoaded(o)}))},hooks:{action:{},filter:{}},addAction:function(o,r,e,t){gform.addHook(\"action\",o,r,e,t)},addFilter:function(o,r,e,t){gform.addHook(\"filter\",o,r,e,t)},doAction:function(o){gform.doHook(\"action\",o,arguments)},applyFilters:function(o){return gform.doHook(\"filter\",o,arguments)},removeAction:function(o,r){gform.removeHook(\"action\",o,r)},removeFilter:function(o,r,e){gform.removeHook(\"filter\",o,r,e)},addHook:function(o,r,e,t,n){null==gform.hooks[o][r]&&(gform.hooks[o][r]=[]);var d=gform.hooks[o][r];null==n&&(n=r+\"_\"+d.length),gform.hooks[o][r].push({tag:n,callable:e,priority:t=null==t?10:t})},doHook:function(r,o,e){var t;if(e=Array.prototype.slice.call(e,1),null!=gform.hooks[r][o]&&((o=gform.hooks[r][o]).sort(function(o,r){return o.priority-r.priority}),o.forEach(function(o){\"function\"!=typeof(t=o.callable)&&(t=window[t]),\"action\"==r?t.apply(null,e):e[0]=t.apply(null,e)})),\"filter\"==r)return e[0]},removeHook:function(o,r,t,n){var e;null!=gform.hooks[o][r]&&(e=(e=gform.hooks[o][r]).filter(function(o,r,e){return!!(null!=n&&n!=o.tag||null!=t&&t!=o.priority)}),gform.hooks[o][r]=e)}});\n\/* ]]> *\/\n<\/script>\n\n                <div class=\"gf_browser_gecko gform_wrapper gravity-theme gform-theme--no-framework quiz_wrapper\" data-form-theme=\"gravity-theme\" data-form-index=\"0\" id=\"gform_wrapper_839\"><div id=\"gf_839\" class=\"gform_anchor\" tabindex=\"-1\"><\/div>\n                        <div class=\"gform_heading\">\n                            <h2 class=\"gform_title\">Cuestionario de comprensi&oacute;n lectora. El 8-M denuncia la discriminaci&oacute;n invisible de los cuidados<\/h2>\n                            <p class=\"gform_description\"><\/p>\n                        <\/div><form method=\"post\" enctype=\"multipart\/form-data\" id=\"gform_839\" class=\"quiz\" action=\"\/es\/wp-json\/wp\/v2\/posts\/28475#gf_839\" data-formid=\"839\" novalidate> \r\n <input type=\"hidden\" class=\"gforms-pum\" value='{\"closepopup\":false,\"closedelay\":0,\"openpopup\":false,\"openpopup_id\":0}'>\n        <div id=\"gf_progressbar_wrapper_839\" class=\"gf_progressbar_wrapper\" data-start-at-zero=\"\">\n        \t<p class=\"gf_progressbar_title\">Paso <span class=\"gf_step_current_page\">1<\/span> de <span class=\"gf_step_page_count\">3<\/span><span class=\"gf_step_page_name\"><\/span>\n        \t<\/p>\n            <div class=\"gf_progressbar gf_progressbar_blue\" aria-hidden=\"true\">\n                <div class=\"gf_progressbar_percentage percentbar_blue percentbar_33\" style=\"width:33%;\"><span>33%<\/span><\/div>\n            <\/div><\/div>\n                        <div class=\"gform-body gform_body\"><div id=\"gform_page_839_1\" class=\"gform_page \" data-js=\"page-field-id-0\">\n\t\t\t\t\t<div class=\"gform_page_fields\"><div id=\"gform_fields_839\" class=\"gform_fields top_label form_sublabel_below description_below validation_below\"><fieldset id=\"field_839_1\" class=\"gfield gfield--type-quiz gfield--type-choice gfield--input-type-radio field_sublabel_below gfield--no-description field_description_below field_validation_below gfield_visibility_visible gquiz-field \" data-field-class=\"gquiz-field\"><legend class=\"gfield_label gform-field-label\">&iquest;Cu&aacute;l fue uno de los principales ejes de la manifestaci&oacute;n mayoritaria en Barcelona?<\/legend><div class=\"ginput_container ginput_container_radio\"><div class=\"gfield_radio\" id=\"input_839_1\">\n\t\t\t<div class=\"gchoice gchoice_839_1_0\">\n\t\t\t\t\t<input class=\"gfield-choice-input\" name=\"input_1\" type=\"radio\" value=\"gquiz1b2b27084\" id=\"choice_839_1_0\" onchange=\"gformToggleRadioOther( this )\">\n\t\t\t\t\t<label for=\"choice_839_1_0\" id=\"label_839_1_0\" class=\"gform-field-label gform-field-label--type-inline\">La defensa de la legalizaci&oacute;n de la prostituci&oacute;n.<\/label>\n\t\t\t<\/div>\n\t\t\t<div class=\"gchoice gchoice_839_1_1\">\n\t\t\t\t\t<input class=\"gfield-choice-input\" name=\"input_1\" type=\"radio\" value=\"gquiz12c53da11\" id=\"choice_839_1_1\" onchange=\"gformToggleRadioOther( this )\">\n\t\t\t\t\t<label for=\"choice_839_1_1\" id=\"label_839_1_1\" class=\"gform-field-label gform-field-label--type-inline\">La denuncia de la carga desigual de los cuidados sobre las mujeres.<\/label>\n\t\t\t<\/div>\n\t\t\t<div class=\"gchoice gchoice_839_1_2\">\n\t\t\t\t\t<input class=\"gfield-choice-input\" name=\"input_1\" type=\"radio\" value=\"gquiz1b6725f5d\" id=\"choice_839_1_2\" onchange=\"gformToggleRadioOther( this )\">\n\t\t\t\t\t<label for=\"choice_839_1_2\" id=\"label_839_1_2\" class=\"gform-field-label gform-field-label--type-inline\">La reivindicaci&oacute;n de un <a class=\"glossaryLink\" aria-describedby=\"tt\" data-cmtooltip=\"&lt;div class=glossaryItemTitle&gt;Feminismo&lt;\/div&gt;&lt;div class=glossaryItemBody&gt;&amp;lt;!-- wp:paragraph --&amp;gt;Movimiento social y pol&iacute;tico que lucha por la igualdad de derechos entre hombres y mujeres y se opone a la discriminaci&oacute;n por raz&oacute;n de sexo.&amp;lt;br\/&amp;gt;&amp;lt;!-- \/wp:paragraph --&amp;gt;&amp;lt;!-- wp:paragraph --&amp;gt;&amp;lt;br\/&amp;gt;&amp;lt;!-- \/wp:paragraph --&amp;gt;&lt;\/div&gt;&lt;div id=&amp;quot;cmtt_related_articles&amp;quot; class=&amp;quot;cmtt_related_articles_wrapper&amp;quot;&gt;&lt;div class=&amp;quot;cmtt_related_title cmtt_related_articles_title&amp;quot;&gt;Related Articles: &lt;\/div&gt;&lt;ul class=&amp;quot;cmtt_related&amp;quot;&gt;&lt;li class=&amp;quot;cmtt_related_item&amp;quot;&gt;&lt;a href=&amp;quot;https:\/\/xqthenews.com\/es\/accion-empatia-y-responsabilidad-colectiva\/&amp;quot;target=&amp;quot;_blank&amp;quot;&gt;Acci&oacute;n, empat&iacute;a y responsabilidad colectiva&lt;\/a&gt;&lt;\/li&gt;&lt;li class=&amp;quot;cmtt_related_item&amp;quot;&gt;&lt;a href=&amp;quot;https:\/\/xqthenews.com\/es\/glossary\/abolicion\/&amp;quot;target=&amp;quot;_blank&amp;quot;&gt;Glossary:  Abolici&oacute;n&lt;\/a&gt;&lt;\/li&gt;&lt;li class=&amp;quot;cmtt_related_item&amp;quot;&gt;&lt;a href=&amp;quot;https:\/\/xqthenews.com\/es\/el-8-m-denuncia-la-discriminacion-invisible-de-los-cuidados\/&amp;quot;target=&amp;quot;_blank&amp;quot;&gt;El 8-M denuncia la discriminaci&oacute;n invisible de los cuidados&lt;\/a&gt;&lt;\/li&gt;&lt;\/ul&gt;&lt;\/div&gt;\" href=\"https:\/\/xqthenews.com\/es\/glossary\/feminismo\/\" data-gt-translate-attributes='[{\"attribute\":\"data-cmtooltip\", \"format\":\"html\"}]' tabindex=\"0\" role=\"link\">feminismo<\/a> individualista y liberal.<\/label>\n\t\t\t<\/div><\/div><\/div><\/fieldset><\/div>\n                    <\/div>\n                    <div class=\"gform-page-footer gform_page_footer top_label\">\n                         <input type=\"button\" id=\"gform_next_button_839_5\" class=\"gform_next_button gform-theme-button button\" onclick=\"gform.submission.handleButtonClick(this);\" data-submission-type=\"next\" value=\"Siguiente \"> \n                    <\/div>\n                <\/div>\n                <div id=\"gform_page_839_2\" class=\"gform_page\" data-js=\"page-field-id-5\" style=\"display:none;\">\n                    <div class=\"gform_page_fields\">\n                        <div id=\"gform_fields_839_2\" class=\"gform_fields top_label form_sublabel_below description_below validation_below\"><fieldset id=\"field_839_3\" class=\"gfield gfield--type-quiz gfield--type-choice gfield--input-type-radio gfield--width-full field_sublabel_below gfield--no-description field_description_below field_validation_below gfield_visibility_visible gquiz-field \" data-field-class=\"gquiz-field\"><legend class=\"gfield_label gform-field-label\">&iquest;Qu&eacute; demanda el manifiesto de la Asamblea 8M respecto a los cuidados?<\/legend><div class=\"ginput_container ginput_container_radio\"><div class=\"gfield_radio\" id=\"input_839_3\">\n\t\t\t<div class=\"gchoice gchoice_839_3_0\">\n\t\t\t\t\t<input class=\"gfield-choice-input\" name=\"input_3\" type=\"radio\" value=\"gquiz3394e91f2\" id=\"choice_839_3_0\" onchange=\"gformToggleRadioOther( this )\">\n\t\t\t\t\t<label for=\"choice_839_3_0\" id=\"label_839_3_0\" class=\"gform-field-label gform-field-label--type-inline\">Que sigan siendo responsabilidad principal de las mujeres.<\/label>\n\t\t\t<\/div>\n\t\t\t<div class=\"gchoice gchoice_839_3_1\">\n\t\t\t\t\t<input class=\"gfield-choice-input\" name=\"input_3\" type=\"radio\" value=\"gquiz3b5aa3d2d\" id=\"choice_839_3_1\" onchange=\"gformToggleRadioOther( this )\">\n\t\t\t\t\t<label for=\"choice_839_3_1\" id=\"label_839_3_1\" class=\"gform-field-label gform-field-label--type-inline\">Que se cree un sistema p&uacute;blico de cuidados con financiaci&oacute;n suficiente.<\/label>\n\t\t\t<\/div>\n\t\t\t<div class=\"gchoice gchoice_839_3_2\">\n\t\t\t\t\t<input class=\"gfield-choice-input\" name=\"input_3\" type=\"radio\" value=\"gquiz3d1b23a18\" id=\"choice_839_3_2\" onchange=\"gformToggleRadioOther( this )\">\n\t\t\t\t\t<label for=\"choice_839_3_2\" id=\"label_839_3_2\" class=\"gform-field-label gform-field-label--type-inline\">Que las familias se organicen individualmente sin intervenci&oacute;n estatal.<\/label>\n\t\t\t<\/div><\/div><\/div><\/fieldset><\/div>\n                    <\/div>\n                    <div class=\"gform-page-footer gform_page_footer top_label\">\n                        <input type=\"button\" id=\"gform_previous_button_839_6\" class=\"gform_previous_button gform-theme-button gform-theme-button--secondary button\" onclick=\"gform.submission.handleButtonClick(this);\" data-submission-type=\"previous\" value=\"Anterior\"> <input type=\"button\" id=\"gform_next_button_839_6\" class=\"gform_next_button gform-theme-button button\" onclick=\"gform.submission.handleButtonClick(this);\" data-submission-type=\"next\" value=\"Siguiente \"> \n                    <\/div>\n                <\/div>\n                <div id=\"gform_page_839_3\" class=\"gform_page\" data-js=\"page-field-id-6\" style=\"display:none;\">\n                    <div class=\"gform_page_fields\">\n                        <div id=\"gform_fields_839_3\" class=\"gform_fields top_label form_sublabel_below description_below validation_below\"><fieldset id=\"field_839_4\" class=\"gfield gfield--type-quiz gfield--type-choice gfield--input-type-radio gfield--width-full field_sublabel_below gfield--no-description field_description_below field_validation_below gfield_visibility_visible gquiz-field \" data-field-class=\"gquiz-field\"><legend class=\"gfield_label gform-field-label\">&iquest;Por qu&eacute; la Coordinadora 8M-Movimiento Feminista convoc&oacute; una manifestaci&oacute;n aparte?<\/legend><div class=\"ginput_container ginput_container_radio\"><div class=\"gfield_radio\" id=\"input_839_4\">\n\t\t\t<div class=\"gchoice gchoice_839_4_0\">\n\t\t\t\t\t<input class=\"gfield-choice-input\" name=\"input_4\" type=\"radio\" value=\"gquiz46a62d494\" id=\"choice_839_4_0\" onchange=\"gformToggleRadioOther( this )\">\n\t\t\t\t\t<label for=\"choice_839_4_0\" id=\"label_839_4_0\" class=\"gform-field-label gform-field-label--type-inline\">Porque apoyan la <a class=\"glossaryLink\" aria-describedby=\"tt\" data-cmtooltip=\"&lt;div class=glossaryItemTitle&gt;Ley trans&lt;\/div&gt;&lt;div class=glossaryItemBody&gt;&amp;lt;!-- wp:paragraph --&amp;gt;La ley trans es una normativa que reconoce el derecho a la autodeterminaci&oacute;n de g&eacute;nero, permitiendo cambiar el sexo en documentos sin requisitos m&eacute;dicos y ampliando derechos para personas trans y no binarias.&amp;lt;br\/&amp;gt;&amp;lt;!-- \/wp:paragraph --&amp;gt;&amp;lt;!-- wp:paragraph --&amp;gt;&amp;lt;br\/&amp;gt;&amp;lt;!-- \/wp:paragraph --&amp;gt;&lt;\/div&gt;&lt;div id=&amp;quot;cmtt_related_articles&amp;quot; class=&amp;quot;cmtt_related_articles_wrapper&amp;quot;&gt;&lt;div class=&amp;quot;cmtt_related_title cmtt_related_articles_title&amp;quot;&gt;Related Articles: &lt;\/div&gt;&lt;ul class=&amp;quot;cmtt_related&amp;quot;&gt;&lt;li class=&amp;quot;cmtt_related_item&amp;quot;&gt;&lt;a href=&amp;quot;https:\/\/xqthenews.com\/es\/el-8-m-denuncia-la-discriminacion-invisible-de-los-cuidados\/&amp;quot;target=&amp;quot;_blank&amp;quot;&gt;El 8-M denuncia la discriminaci&oacute;n invisible de los cuidados&lt;\/a&gt;&lt;\/li&gt;&lt;\/ul&gt;&lt;\/div&gt;\" href=\"https:\/\/xqthenews.com\/es\/glossary\/ley-trans\/\" data-gt-translate-attributes='[{\"attribute\":\"data-cmtooltip\", \"format\":\"html\"}]' tabindex=\"0\" role=\"link\">ley trans<\/a> y la regulaci&oacute;n de la prostituci&oacute;n.<\/label>\n\t\t\t<\/div>\n\t\t\t<div class=\"gchoice gchoice_839_4_1\">\n\t\t\t\t\t<input class=\"gfield-choice-input\" name=\"input_4\" type=\"radio\" value=\"gquiz488c89c8f\" id=\"choice_839_4_1\" onchange=\"gformToggleRadioOther( this )\">\n\t\t\t\t\t<label for=\"choice_839_4_1\" id=\"label_839_4_1\" class=\"gform-field-label gform-field-label--type-inline\">Porque se oponen a la <a class=\"glossaryLink\" aria-describedby=\"tt\" data-cmtooltip=\"&lt;div class=glossaryItemTitle&gt;Ley trans&lt;\/div&gt;&lt;div class=glossaryItemBody&gt;&amp;lt;!-- wp:paragraph --&amp;gt;La ley trans es una normativa que reconoce el derecho a la autodeterminaci&oacute;n de g&eacute;nero, permitiendo cambiar el sexo en documentos sin requisitos m&eacute;dicos y ampliando derechos para personas trans y no binarias.&amp;lt;br\/&amp;gt;&amp;lt;!-- \/wp:paragraph --&amp;gt;&amp;lt;!-- wp:paragraph --&amp;gt;&amp;lt;br\/&amp;gt;&amp;lt;!-- \/wp:paragraph --&amp;gt;&lt;\/div&gt;&lt;div id=&amp;quot;cmtt_related_articles&amp;quot; class=&amp;quot;cmtt_related_articles_wrapper&amp;quot;&gt;&lt;div class=&amp;quot;cmtt_related_title cmtt_related_articles_title&amp;quot;&gt;Related Articles: &lt;\/div&gt;&lt;ul class=&amp;quot;cmtt_related&amp;quot;&gt;&lt;li class=&amp;quot;cmtt_related_item&amp;quot;&gt;&lt;a href=&amp;quot;https:\/\/xqthenews.com\/es\/el-8-m-denuncia-la-discriminacion-invisible-de-los-cuidados\/&amp;quot;target=&amp;quot;_blank&amp;quot;&gt;El 8-M denuncia la discriminaci&oacute;n invisible de los cuidados&lt;\/a&gt;&lt;\/li&gt;&lt;\/ul&gt;&lt;\/div&gt;\" href=\"https:\/\/xqthenews.com\/es\/glossary\/ley-trans\/\" data-gt-translate-attributes='[{\"attribute\":\"data-cmtooltip\", \"format\":\"html\"}]' tabindex=\"0\" role=\"link\">ley trans<\/a> y defienden la <a class=\"glossaryLink\" aria-describedby=\"tt\" data-cmtooltip=\"&lt;div class=glossaryItemTitle&gt;Abolici&oacute;n&lt;\/div&gt;&lt;div class=glossaryItemBody&gt;&amp;lt;!-- wp:paragraph --&amp;gt;La abolici&oacute;n es la supresi&oacute;n o eliminaci&oacute;n total de una ley, pr&aacute;ctica o sistema. En el feminismo, suele referirse a la eliminaci&oacute;n de la prostituci&oacute;n o de normas que perpet&uacute;an desigualdades y opresiones.&amp;lt;br\/&amp;gt;&amp;lt;!-- \/wp:paragraph --&amp;gt;&lt;\/div&gt;&lt;div id=&amp;quot;cmtt_related_articles&amp;quot; class=&amp;quot;cmtt_related_articles_wrapper&amp;quot;&gt;&lt;div class=&amp;quot;cmtt_related_title cmtt_related_articles_title&amp;quot;&gt;Related Articles: &lt;\/div&gt;&lt;ul class=&amp;quot;cmtt_related&amp;quot;&gt;&lt;li class=&amp;quot;cmtt_related_item&amp;quot;&gt;&lt;a href=&amp;quot;https:\/\/xqthenews.com\/es\/el-8-m-denuncia-la-discriminacion-invisible-de-los-cuidados\/&amp;quot;target=&amp;quot;_blank&amp;quot;&gt;El 8-M denuncia la discriminaci&oacute;n invisible de los cuidados&lt;\/a&gt;&lt;\/li&gt;&lt;\/ul&gt;&lt;\/div&gt;\" href=\"https:\/\/xqthenews.com\/es\/glossary\/abolicion\/\" data-gt-translate-attributes='[{\"attribute\":\"data-cmtooltip\", \"format\":\"html\"}]' tabindex=\"0\" role=\"link\">abolici&oacute;n<\/a> de la prostituci&oacute;n.<\/label>\n\t\t\t<\/div>\n\t\t\t<div class=\"gchoice gchoice_839_4_2\">\n\t\t\t\t\t<input class=\"gfield-choice-input\" name=\"input_4\" type=\"radio\" value=\"gquiz4054f68d8\" id=\"choice_839_4_2\" onchange=\"gformToggleRadioOther( this )\">\n\t\t\t\t\t<label for=\"choice_839_4_2\" id=\"label_839_4_2\" class=\"gform-field-label gform-field-label--type-inline\">Porque quer&iacute;an centrar el 8M solo en la lucha contra la violencia de g&eacute;nero.<\/label>\n\t\t\t<\/div><\/div><\/div><\/fieldset><\/div><\/div>\n        <div class=\"gform-page-footer gform_page_footer top_label\"><input type=\"submit\" id=\"gform_previous_button_839\" class=\"gform_previous_button gform-theme-button gform-theme-button--secondary button\" onclick=\"gform.submission.handleButtonClick(this);\" data-submission-type=\"previous\" value=\"Anterior\"> <input type=\"submit\" id=\"gform_submit_button_839\" class=\"gform_button button\" onclick=\"gform.submission.handleButtonClick(this);\" data-submission-type=\"submit\" value=\"Enviar\"> \n            <input type=\"hidden\" class=\"gform_hidden\" name=\"gform_submission_method\" data-js=\"gform_submission_method_839\" value=\"postback\">\n            <input type=\"hidden\" class=\"gform_hidden\" name=\"gform_theme\" data-js=\"gform_theme_839\" id=\"gform_theme_839\" value=\"gravity-theme\">\n            <input type=\"hidden\" class=\"gform_hidden\" name=\"gform_style_settings\" data-js=\"gform_style_settings_839\" id=\"gform_style_settings_839\" value='{\"inputPrimaryColor\":\"#204ce5\"}'>\n            <input type=\"hidden\" class=\"gform_hidden\" name=\"is_submit_839\" value=\"1\">\n            <input type=\"hidden\" class=\"gform_hidden\" name=\"gform_submit\" value=\"839\">\n            \n            <input type=\"hidden\" class=\"gform_hidden\" name=\"gform_currency\" data-currency=\"EUR\" value=\"BbrtKUhPS38MRmplTagCqeBztco3H8qEpRmGfmPBCmFeIlMsodoqJOppOfs+aUE0orknyzqD24E3As5m7hsBt6y9EepPGb6nP\/DV7YfQBnbcTW0=\">\n            <input type=\"hidden\" class=\"gform_hidden\" name=\"gform_unique_id\" value=\"\">\n            <input type=\"hidden\" class=\"gform_hidden\" name=\"state_839\" value=\"WyJbXSIsIjVlMjNlOGUzOTg5N2RmMzcwZmE1ODRlNDZjZGJmYjNkIl0=\">\n            <input type=\"hidden\" autocomplete=\"off\" class=\"gform_hidden\" name=\"gform_target_page_number_839\" id=\"gform_target_page_number_839\" value=\"2\">\n            <input type=\"hidden\" autocomplete=\"off\" class=\"gform_hidden\" name=\"gform_source_page_number_839\" id=\"gform_source_page_number_839\" value=\"1\">\n            <input type=\"hidden\" name=\"gform_field_values\" value=\"\">\n            \n        <\/div>\n             <\/div><\/div>\n                        <\/form>\n                        <\/div><script type=\"text\/javascript\">\n\/* <![CDATA[ *\/\n gform.initializeOnLoaded( function() {gformInitSpinner( 839, 'https:\/\/xqthenews.com\/wp-content\/plugins\/gravityforms\/images\/spinner.svg', true );jQuery('#gform_ajax_frame_839').on('load',function(){var contents = jQuery(this).contents().find('*').html();var is_postback = contents.indexOf('GF_AJAX_POSTBACK') >= 0;if(!is_postback){return;}var form_content = jQuery(this).contents().find('#gform_wrapper_839');var is_confirmation = jQuery(this).contents().find('#gform_confirmation_wrapper_839').length > 0;var is_redirect = contents.indexOf('gformRedirect(){') >= 0;var is_form = form_content.length > 0 && ! is_redirect && ! is_confirmation;var mt = parseInt(jQuery('html').css('margin-top'), 10) + parseInt(jQuery('body').css('margin-top'), 10) + 100;if(is_form){jQuery('#gform_wrapper_839').html(form_content.html());if(form_content.hasClass('gform_validation_error')){jQuery('#gform_wrapper_839').addClass('gform_validation_error');} else {jQuery('#gform_wrapper_839').removeClass('gform_validation_error');}setTimeout( function() { \/* delay the scroll by 50 milliseconds to fix a bug in chrome *\/ jQuery(document).scrollTop(jQuery('#gform_wrapper_839').offset().top - mt); }, 50 );if(window['gformInitDatepicker']) {gformInitDatepicker();}if(window['gformInitPriceFields']) {gformInitPriceFields();}var current_page = jQuery('#gform_source_page_number_839').val();gformInitSpinner( 839, 'https:\/\/xqthenews.com\/wp-content\/plugins\/gravityforms\/images\/spinner.svg', true );jQuery(document).trigger('gform_page_loaded', [839, current_page]);window['gf_submitting_839'] = false;}else if(!is_redirect){var confirmation_content = jQuery(this).contents().find('.GF_AJAX_POSTBACK').html();if(!confirmation_content){confirmation_content = contents;}jQuery('#gform_wrapper_839').replaceWith(confirmation_content);jQuery(document).scrollTop(jQuery('#gf_839').offset().top - mt);jQuery(document).trigger('gform_confirmation_loaded', [839]);window['gf_submitting_839'] = false;wp.a11y.speak(jQuery('#gform_confirmation_message_839').text());}else{jQuery('#gform_839').append(contents);if(window['gformRedirect']) {gformRedirect();}}jQuery(document).trigger(\"gform_pre_post_render\", [{ formId: \"839\", currentPage: \"current_page\", abort: function() { this.preventDefault(); } }]);        if (event && event.defaultPrevented) {                return;        }        const gformWrapperDiv = document.getElementById( \"gform_wrapper_839\" );        if ( gformWrapperDiv ) {            const visibilitySpan = document.createElement( \"span\" );            visibilitySpan.id = \"gform_visibility_test_839\";            gformWrapperDiv.insertAdjacentElement( \"afterend\", visibilitySpan );        }        const visibilityTestDiv = document.getElementById( \"gform_visibility_test_839\" );        let postRenderFired = false;        function triggerPostRender() {            if ( postRenderFired ) {                return;            }            postRenderFired = true;            gform.core.triggerPostRenderEvents( 839, current_page );            if ( visibilityTestDiv ) {                visibilityTestDiv.parentNode.removeChild( visibilityTestDiv );            }        }        function debounce( func, wait, immediate ) {            var timeout;            return function() {                var context = this, args = arguments;                var later = function() {                    timeout = null;                    if ( !immediate ) func.apply( context, args );                };                var callNow = immediate && !timeout;                clearTimeout( timeout );                timeout = setTimeout( later, wait );                if ( callNow ) func.apply( context, args );            };        }        const debouncedTriggerPostRender = debounce( function() {            triggerPostRender();        }, 200 );        if ( visibilityTestDiv && visibilityTestDiv.offsetParent === null ) {            const observer = new MutationObserver( ( mutations ) => {                mutations.forEach( ( mutation ) => {                    if ( mutation.type === 'attributes' && visibilityTestDiv.offsetParent !== null ) {                        debouncedTriggerPostRender();                        observer.disconnect();                    }                });            });            observer.observe( document.body, {                attributes: true,                childList: false,                subtree: true,                attributeFilter: [ 'style', 'class' ],            });        } else {            triggerPostRender();        }    } );} ); \n\/* ]]> *\/\n<\/script>\n","protected":false},"excerpt":{"rendered":"<p>En medio de la ola reaccionaria que sufre el mundo, este a&ntilde;o las convocantes de las manifestaciones del 8-M han querido poner en evidencia que los cuidados de los hijos, los familiares dependientes y las personas vulnerables recaen en las mujeres y condicionan sus vidas personales y profesionales. La denuncia del neofascismo y el <a class=\"glossaryLink\" aria-describedby=\"tt\" data-cmtooltip=\"&lt;div class=glossaryItemTitle&gt;Racismo&lt;\/div&gt;&lt;div class=glossaryItemBody&gt;&amp;lt;!-- wp:paragraph --&amp;gt;Actitud o ideolog&iacute;a donde una raza o grupo &eacute;tnico se considera superior a otra&amp;lt;br\/&amp;gt;&amp;lt;!-- \/wp:paragraph --&amp;gt;&lt;\/div&gt;&lt;div id=&amp;quot;cmtt_related_articles&amp;quot; class=&amp;quot;cmtt_related_articles_wrapper&amp;quot;&gt;&lt;div class=&amp;quot;cmtt_related_title cmtt_related_articles_title&amp;quot;&gt;Related Articles: &lt;\/div&gt;&lt;ul class=&amp;quot;cmtt_related&amp;quot;&gt;&lt;li class=&amp;quot;cmtt_related_item&amp;quot;&gt;&lt;a href=&amp;quot;https:\/\/xqthenews.com\/es\/como-se-produce-un-genocidio\/&amp;quot;target=&amp;quot;_blank&amp;quot;&gt;&iquest;C&oacute;mo se produce un genocidio?&lt;\/a&gt;&lt;\/li&gt;&lt;li class=&amp;quot;cmtt_related_item&amp;quot;&gt;&lt;a href=&amp;quot;https:\/\/xqthenews.com\/es\/metaverso-que-retos-sociales-nos-esperan\/&amp;quot;target=&amp;quot;_blank&amp;quot;&gt;Metaverso, qu&eacute; retos sociales nos esperan&lt;\/a&gt;&lt;\/li&gt;&lt;li class=&amp;quot;cmtt_related_item&amp;quot;&gt;&lt;a href=&amp;quot;https:\/\/xqthenews.com\/es\/glossary\/agencia-de-los-derechos-fundamentales-de-la-union-europea-fra\/&amp;quot;target=&amp;quot;_blank&amp;quot;&gt;Glossary:  Agencia de los Derechos Fundamentales de la Uni&oacute;n Europea (FRA),&lt;\/a&gt;&lt;\/li&gt;&lt;li class=&amp;quot;cmtt_related_item&amp;quot;&gt;&lt;a href=&amp;quot;https:\/\/xqthenews.com\/es\/el-auge-global-de-la-extrema-derecha-y-su-presencia-en-europa\/&amp;quot;target=&amp;quot;_blank&amp;quot;&gt;El auge global de la extrema derecha y su presencia en Europa&lt;\/a&gt;&lt;\/li&gt;&lt;li class=&amp;quot;cmtt_related_item&amp;quot;&gt;&lt;a href=&amp;quot;https:\/\/xqthenews.com\/es\/glossary\/racismo-medioambiental\/&amp;quot;target=&amp;quot;_blank&amp;quot;&gt;Glossary:  Racismo medioambiental&lt;\/a&gt;&lt;\/li&gt;&lt;\/ul&gt;&lt;\/div&gt;\" href=\"https:\/\/xqthenews.com\/es\/glossary\/racismo\/\" data-gt-translate-attributes='[{\"attribute\":\"data-cmtooltip\", \"format\":\"html\"}]' tabindex=\"0\" role=\"link\">racismo<\/a><\/p>\n","protected":false},"author":86,"featured_media":28513,"comment_status":"open","ping_status":"open","sticky":false,"template":"","format":"standard","meta":{"_acf_changed":false,"footnotes":""},"categories":[343,229],"tags":[1040],"coauthors":[1039],"class_list":{"0":"post-28475","1":"post","2":"type-post","3":"status-publish","4":"format-standard","5":"has-post-thumbnail","7":"category-derechos-humanos","8":"category-igualdad","9":"tag-8m-feminism"},"acf":[],"yoast_head":"<!-- This site is optimized with the Yoast SEO plugin v27.4 - https:\/\/yoast.com\/product\/yoast-seo-wordpress\/ -->\n<title>El 8-M denuncia la discriminaci\u00f3n invisible de los cuidados - xqthenews<\/title>\n<meta name=\"robots\" content=\"index, follow, max-snippet:-1, max-image-preview:large, max-video-preview:-1\" \/>\n<link rel=\"canonical\" href=\"https:\/\/xqthenews.com\/es\/el-8-m-denuncia-la-discriminacion-invisible-de-los-cuidados\/\" \/>\n<meta property=\"og:locale\" content=\"es_ES\" \/>\n<meta property=\"og:type\" content=\"article\" \/>\n<meta property=\"og:title\" content=\"El 8-M denuncia la discriminaci\u00f3n invisible de los cuidados - xqthenews\" \/>\n<meta property=\"og:description\" content=\"En medio de la ola reaccionaria que sufre el mundo, este a&ntilde;o las convocantes de las manifestaciones del 8-M han querido poner en evidencia que los cuidados de los hijos, los familiares dependientes y las personas vulnerables recaen en las mujeres y condicionan sus vidas personales y profesionales. La denuncia del neofascismo y el racismo\" \/>\n<meta property=\"og:url\" content=\"https:\/\/xqthenews.com\/es\/el-8-m-denuncia-la-discriminacion-invisible-de-los-cuidados\/\" \/>\n<meta property=\"og:site_name\" content=\"xqthenews\" \/>\n<meta property=\"article:published_time\" content=\"2025-03-19T08:05:26+00:00\" \/>\n<meta property=\"article:modified_time\" content=\"2025-03-19T08:27:33+00:00\" \/>\n<meta property=\"og:image\" content=\"https:\/\/xqthenews.com\/wp-content\/uploads\/2025\/03\/Portada-6.jpg\" \/>\n\t<meta property=\"og:image:width\" content=\"2048\" \/>\n\t<meta property=\"og:image:height\" content=\"1365\" \/>\n\t<meta property=\"og:image:type\" content=\"image\/jpeg\" \/>\n<meta name=\"author\" content=\"Catalunya Plural\" \/>\n<meta name=\"twitter:card\" content=\"summary_large_image\" \/>\n<meta name=\"twitter:label1\" content=\"Escrito por\" \/>\n\t<meta name=\"twitter:data1\" content=\"Catalunya Plural\" \/>\n\t<meta name=\"twitter:label2\" content=\"Tiempo de lectura\" \/>\n\t<meta name=\"twitter:data2\" content=\"6 minutos\" \/>\n\t<meta name=\"twitter:label3\" content=\"Written by\" \/>\n\t<meta name=\"twitter:data3\" content=\"Catalunya Plural\" \/>\n<script type=\"application\/ld+json\" class=\"yoast-schema-graph\">{\"@context\":\"https:\\\/\\\/schema.org\",\"@graph\":[{\"@type\":\"Article\",\"@id\":\"https:\\\/\\\/xqthenews.com\\\/es\\\/el-8-m-denuncia-la-discriminacion-invisible-de-los-cuidados\\\/#article\",\"isPartOf\":{\"@id\":\"https:\\\/\\\/xqthenews.com\\\/es\\\/el-8-m-denuncia-la-discriminacion-invisible-de-los-cuidados\\\/\"},\"author\":{\"name\":\"Catalunya Plural\",\"@id\":\"https:\\\/\\\/xqthenews.com\\\/es\\\/#\\\/schema\\\/person\\\/33c4490cfa9e21a7ed3aec5dc3da05f2\"},\"headline\":\"El 8-M denuncia la discriminaci\u00f3n invisible de los cuidados\",\"datePublished\":\"2025-03-19T08:05:26+00:00\",\"dateModified\":\"2025-03-19T08:27:33+00:00\",\"mainEntityOfPage\":{\"@id\":\"https:\\\/\\\/xqthenews.com\\\/es\\\/el-8-m-denuncia-la-discriminacion-invisible-de-los-cuidados\\\/\"},\"wordCount\":776,\"commentCount\":0,\"image\":{\"@id\":\"https:\\\/\\\/xqthenews.com\\\/es\\\/el-8-m-denuncia-la-discriminacion-invisible-de-los-cuidados\\\/#primaryimage\"},\"thumbnailUrl\":\"https:\\\/\\\/xqthenews.com\\\/wp-content\\\/uploads\\\/2025\\\/03\\\/Portada-6.jpg\",\"keywords\":[\"#8M #Feminism\"],\"articleSection\":[\"Derechos humanos\",\"Igualdad\"],\"inLanguage\":\"es\",\"potentialAction\":[{\"@type\":\"CommentAction\",\"name\":\"Comment\",\"target\":[\"https:\\\/\\\/xqthenews.com\\\/es\\\/el-8-m-denuncia-la-discriminacion-invisible-de-los-cuidados\\\/#respond\"]}]},{\"@type\":\"WebPage\",\"@id\":\"https:\\\/\\\/xqthenews.com\\\/es\\\/el-8-m-denuncia-la-discriminacion-invisible-de-los-cuidados\\\/\",\"url\":\"https:\\\/\\\/xqthenews.com\\\/es\\\/el-8-m-denuncia-la-discriminacion-invisible-de-los-cuidados\\\/\",\"name\":\"El 8-M denuncia la discriminaci\u00f3n invisible de los cuidados - xqthenews\",\"isPartOf\":{\"@id\":\"https:\\\/\\\/xqthenews.com\\\/es\\\/#website\"},\"primaryImageOfPage\":{\"@id\":\"https:\\\/\\\/xqthenews.com\\\/es\\\/el-8-m-denuncia-la-discriminacion-invisible-de-los-cuidados\\\/#primaryimage\"},\"image\":{\"@id\":\"https:\\\/\\\/xqthenews.com\\\/es\\\/el-8-m-denuncia-la-discriminacion-invisible-de-los-cuidados\\\/#primaryimage\"},\"thumbnailUrl\":\"https:\\\/\\\/xqthenews.com\\\/wp-content\\\/uploads\\\/2025\\\/03\\\/Portada-6.jpg\",\"datePublished\":\"2025-03-19T08:05:26+00:00\",\"dateModified\":\"2025-03-19T08:27:33+00:00\",\"author\":{\"@id\":\"https:\\\/\\\/xqthenews.com\\\/es\\\/#\\\/schema\\\/person\\\/33c4490cfa9e21a7ed3aec5dc3da05f2\"},\"breadcrumb\":{\"@id\":\"https:\\\/\\\/xqthenews.com\\\/es\\\/el-8-m-denuncia-la-discriminacion-invisible-de-los-cuidados\\\/#breadcrumb\"},\"inLanguage\":\"es\",\"potentialAction\":[{\"@type\":\"ReadAction\",\"target\":[\"https:\\\/\\\/xqthenews.com\\\/es\\\/el-8-m-denuncia-la-discriminacion-invisible-de-los-cuidados\\\/\"]}]},{\"@type\":\"ImageObject\",\"inLanguage\":\"es\",\"@id\":\"https:\\\/\\\/xqthenews.com\\\/es\\\/el-8-m-denuncia-la-discriminacion-invisible-de-los-cuidados\\\/#primaryimage\",\"url\":\"https:\\\/\\\/xqthenews.com\\\/wp-content\\\/uploads\\\/2025\\\/03\\\/Portada-6.jpg\",\"contentUrl\":\"https:\\\/\\\/xqthenews.com\\\/wp-content\\\/uploads\\\/2025\\\/03\\\/Portada-6.jpg\",\"width\":2048,\"height\":1365,\"caption\":\"Imagen de la manifestaci\u00f3n | Pol Rius\"},{\"@type\":\"BreadcrumbList\",\"@id\":\"https:\\\/\\\/xqthenews.com\\\/es\\\/el-8-m-denuncia-la-discriminacion-invisible-de-los-cuidados\\\/#breadcrumb\",\"itemListElement\":[{\"@type\":\"ListItem\",\"position\":1,\"name\":\"Portada\",\"item\":\"https:\\\/\\\/xqthenews.com\\\/es\\\/\"},{\"@type\":\"ListItem\",\"position\":2,\"name\":\"El 8-M denuncia la discriminaci\u00f3n invisible de los cuidados\"}]},{\"@type\":\"WebSite\",\"@id\":\"https:\\\/\\\/xqthenews.com\\\/es\\\/#website\",\"url\":\"https:\\\/\\\/xqthenews.com\\\/es\\\/\",\"name\":\"xqthenews\",\"description\":\"El porqu\u00e9 de las noticias\",\"potentialAction\":[{\"@type\":\"SearchAction\",\"target\":{\"@type\":\"EntryPoint\",\"urlTemplate\":\"https:\\\/\\\/xqthenews.com\\\/es\\\/?s={search_term_string}\"},\"query-input\":{\"@type\":\"PropertyValueSpecification\",\"valueRequired\":true,\"valueName\":\"search_term_string\"}}],\"inLanguage\":\"es\"},{\"@type\":\"Person\",\"@id\":\"https:\\\/\\\/xqthenews.com\\\/es\\\/#\\\/schema\\\/person\\\/33c4490cfa9e21a7ed3aec5dc3da05f2\",\"name\":\"Catalunya Plural\",\"image\":{\"@type\":\"ImageObject\",\"inLanguage\":\"es\",\"@id\":\"https:\\\/\\\/xqthenews.com\\\/wp-content\\\/uploads\\\/2025\\\/03\\\/catalunya-plural_avatar-96x96.jpge0fe9b7635d8b23869738ca3cc8b3a6c\",\"url\":\"https:\\\/\\\/xqthenews.com\\\/wp-content\\\/uploads\\\/2025\\\/03\\\/catalunya-plural_avatar-96x96.jpg\",\"contentUrl\":\"https:\\\/\\\/xqthenews.com\\\/wp-content\\\/uploads\\\/2025\\\/03\\\/catalunya-plural_avatar-96x96.jpg\",\"caption\":\"Catalunya Plural\"},\"description\":\"Catalunya Plural es un medio digital independiente que cubre temas sociales, pol\u00edticos y culturales. Forma parte de la Fundaci\u00f3n Periodismo Plural y apuesta por el periodismo cr\u00edtico y de calidad.\",\"url\":\"https:\\\/\\\/xqthenews.com\\\/es\\\/author\\\/catalunyaplural\\\/\"}]}<\/script>\n<!-- \/ Yoast SEO plugin. -->","yoast_head_json":{"title":"El 8-M denuncia la discriminaci\u00f3n invisible de los cuidados - xqthenews","robots":{"index":"index","follow":"follow","max-snippet":"max-snippet:-1","max-image-preview":"max-image-preview:large","max-video-preview":"max-video-preview:-1"},"canonical":"https:\/\/xqthenews.com\/es\/el-8-m-denuncia-la-discriminacion-invisible-de-los-cuidados\/","og_locale":"es_ES","og_type":"article","og_title":"El 8-M denuncia la discriminaci\u00f3n invisible de los cuidados - xqthenews","og_description":"En medio de la ola reaccionaria que sufre el mundo, este a&ntilde;o las convocantes de las manifestaciones del 8-M han querido poner en evidencia que los cuidados de los hijos, los familiares dependientes y las personas vulnerables recaen en las mujeres y condicionan sus vidas personales y profesionales. La denuncia del neofascismo y el racismo","og_url":"https:\/\/xqthenews.com\/es\/el-8-m-denuncia-la-discriminacion-invisible-de-los-cuidados\/","og_site_name":"xqthenews","article_published_time":"2025-03-19T08:05:26+00:00","article_modified_time":"2025-03-19T08:27:33+00:00","og_image":[{"width":2048,"height":1365,"url":"https:\/\/xqthenews.com\/wp-content\/uploads\/2025\/03\/Portada-6.jpg","type":"image\/jpeg"}],"author":"Catalunya Plural","twitter_card":"summary_large_image","twitter_misc":{"Escrito por":"Catalunya Plural","Tiempo de lectura":"6 minutos","Written by":"Catalunya Plural"},"schema":{"@context":"https:\/\/schema.org","@graph":[{"@type":"Article","@id":"https:\/\/xqthenews.com\/es\/el-8-m-denuncia-la-discriminacion-invisible-de-los-cuidados\/#article","isPartOf":{"@id":"https:\/\/xqthenews.com\/es\/el-8-m-denuncia-la-discriminacion-invisible-de-los-cuidados\/"},"author":{"name":"Catalunya Plural","@id":"https:\/\/xqthenews.com\/es\/#\/schema\/person\/33c4490cfa9e21a7ed3aec5dc3da05f2"},"headline":"El 8-M denuncia la discriminaci\u00f3n invisible de los cuidados","datePublished":"2025-03-19T08:05:26+00:00","dateModified":"2025-03-19T08:27:33+00:00","mainEntityOfPage":{"@id":"https:\/\/xqthenews.com\/es\/el-8-m-denuncia-la-discriminacion-invisible-de-los-cuidados\/"},"wordCount":776,"commentCount":0,"image":{"@id":"https:\/\/xqthenews.com\/es\/el-8-m-denuncia-la-discriminacion-invisible-de-los-cuidados\/#primaryimage"},"thumbnailUrl":"https:\/\/xqthenews.com\/wp-content\/uploads\/2025\/03\/Portada-6.jpg","keywords":["#8M #Feminism"],"articleSection":["Derechos humanos","Igualdad"],"inLanguage":"es","potentialAction":[{"@type":"CommentAction","name":"Comment","target":["https:\/\/xqthenews.com\/es\/el-8-m-denuncia-la-discriminacion-invisible-de-los-cuidados\/#respond"]}]},{"@type":"WebPage","@id":"https:\/\/xqthenews.com\/es\/el-8-m-denuncia-la-discriminacion-invisible-de-los-cuidados\/","url":"https:\/\/xqthenews.com\/es\/el-8-m-denuncia-la-discriminacion-invisible-de-los-cuidados\/","name":"El 8-M denuncia la discriminaci\u00f3n invisible de los cuidados - xqthenews","isPartOf":{"@id":"https:\/\/xqthenews.com\/es\/#website"},"primaryImageOfPage":{"@id":"https:\/\/xqthenews.com\/es\/el-8-m-denuncia-la-discriminacion-invisible-de-los-cuidados\/#primaryimage"},"image":{"@id":"https:\/\/xqthenews.com\/es\/el-8-m-denuncia-la-discriminacion-invisible-de-los-cuidados\/#primaryimage"},"thumbnailUrl":"https:\/\/xqthenews.com\/wp-content\/uploads\/2025\/03\/Portada-6.jpg","datePublished":"2025-03-19T08:05:26+00:00","dateModified":"2025-03-19T08:27:33+00:00","author":{"@id":"https:\/\/xqthenews.com\/es\/#\/schema\/person\/33c4490cfa9e21a7ed3aec5dc3da05f2"},"breadcrumb":{"@id":"https:\/\/xqthenews.com\/es\/el-8-m-denuncia-la-discriminacion-invisible-de-los-cuidados\/#breadcrumb"},"inLanguage":"es","potentialAction":[{"@type":"ReadAction","target":["https:\/\/xqthenews.com\/es\/el-8-m-denuncia-la-discriminacion-invisible-de-los-cuidados\/"]}]},{"@type":"ImageObject","inLanguage":"es","@id":"https:\/\/xqthenews.com\/es\/el-8-m-denuncia-la-discriminacion-invisible-de-los-cuidados\/#primaryimage","url":"https:\/\/xqthenews.com\/wp-content\/uploads\/2025\/03\/Portada-6.jpg","contentUrl":"https:\/\/xqthenews.com\/wp-content\/uploads\/2025\/03\/Portada-6.jpg","width":2048,"height":1365,"caption":"Imagen de la manifestaci\u00f3n | Pol Rius"},{"@type":"BreadcrumbList","@id":"https:\/\/xqthenews.com\/es\/el-8-m-denuncia-la-discriminacion-invisible-de-los-cuidados\/#breadcrumb","itemListElement":[{"@type":"ListItem","position":1,"name":"Portada","item":"https:\/\/xqthenews.com\/es\/"},{"@type":"ListItem","position":2,"name":"El 8-M denuncia la discriminaci\u00f3n invisible de los cuidados"}]},{"@type":"WebSite","@id":"https:\/\/xqthenews.com\/es\/#website","url":"https:\/\/xqthenews.com\/es\/","name":"xqthenews","description":"El porqu\u00e9 de las noticias","potentialAction":[{"@type":"SearchAction","target":{"@type":"EntryPoint","urlTemplate":"https:\/\/xqthenews.com\/es\/?s={search_term_string}"},"query-input":{"@type":"PropertyValueSpecification","valueRequired":true,"valueName":"search_term_string"}}],"inLanguage":"es"},{"@type":"Person","@id":"https:\/\/xqthenews.com\/es\/#\/schema\/person\/33c4490cfa9e21a7ed3aec5dc3da05f2","name":"Catalunya Plural","image":{"@type":"ImageObject","inLanguage":"es","@id":"https:\/\/xqthenews.com\/wp-content\/uploads\/2025\/03\/catalunya-plural_avatar-96x96.jpge0fe9b7635d8b23869738ca3cc8b3a6c","url":"https:\/\/xqthenews.com\/wp-content\/uploads\/2025\/03\/catalunya-plural_avatar-96x96.jpg","contentUrl":"https:\/\/xqthenews.com\/wp-content\/uploads\/2025\/03\/catalunya-plural_avatar-96x96.jpg","caption":"Catalunya Plural"},"description":"Catalunya Plural es un medio digital independiente que cubre temas sociales, pol\u00edticos y culturales. Forma parte de la Fundaci\u00f3n Periodismo Plural y apuesta por el periodismo cr\u00edtico y de calidad.","url":"https:\/\/xqthenews.com\/es\/author\/catalunyaplural\/"}]}},"_links":{"self":[{"href":"https:\/\/xqthenews.com\/es\/wp-json\/wp\/v2\/posts\/28475","targetHints":{"allow":["GET"]}}],"collection":[{"href":"https:\/\/xqthenews.com\/es\/wp-json\/wp\/v2\/posts"}],"about":[{"href":"https:\/\/xqthenews.com\/es\/wp-json\/wp\/v2\/types\/post"}],"author":[{"embeddable":true,"href":"https:\/\/xqthenews.com\/es\/wp-json\/wp\/v2\/users\/86"}],"replies":[{"embeddable":true,"href":"https:\/\/xqthenews.com\/es\/wp-json\/wp\/v2\/comments?post=28475"}],"version-history":[{"count":2,"href":"https:\/\/xqthenews.com\/es\/wp-json\/wp\/v2\/posts\/28475\/revisions"}],"predecessor-version":[{"id":28537,"href":"https:\/\/xqthenews.com\/es\/wp-json\/wp\/v2\/posts\/28475\/revisions\/28537"}],"wp:featuredmedia":[{"embeddable":true,"href":"https:\/\/xqthenews.com\/es\/wp-json\/wp\/v2\/media\/28513"}],"wp:attachment":[{"href":"https:\/\/xqthenews.com\/es\/wp-json\/wp\/v2\/media?parent=28475"}],"wp:term":[{"taxonomy":"category","embeddable":true,"href":"https:\/\/xqthenews.com\/es\/wp-json\/wp\/v2\/categories?post=28475"},{"taxonomy":"post_tag","embeddable":true,"href":"https:\/\/xqthenews.com\/es\/wp-json\/wp\/v2\/tags?post=28475"},{"taxonomy":"author","embeddable":true,"href":"https:\/\/xqthenews.com\/es\/wp-json\/wp\/v2\/coauthors?post=28475"}],"curies":[{"name":"wp","href":"https:\/\/api.w.org\/{rel}","templated":true}]}}