{"id":28258,"date":"2025-03-12T08:45:32","date_gmt":"2025-03-12T07:45:32","guid":{"rendered":"https:\/\/xqthenews.com\/?p=28258"},"modified":"2025-03-12T08:45:32","modified_gmt":"2025-03-12T07:45:32","slug":"las-distopias-se-hacen-realidad-el-mundo-de-hoy-a-traves-del-prisma-de-la-narrativa","status":"publish","type":"post","link":"https:\/\/xqthenews.com\/es\/las-distopias-se-hacen-realidad-el-mundo-de-hoy-a-traves-del-prisma-de-la-narrativa\/","title":{"rendered":"Las distop\u00edas se hacen realidad: el mundo de hoy a trav\u00e9s del prisma de la narrativa"},"content":{"rendered":"<p><strong>&iquest;Por qu&eacute; estas obras siguen teniendo tanta resonancia en el p&uacute;blico contempor&aacute;neo? Y, sobre todo, &iquest;cu&aacute;nta ficci&oacute;n literaria se est&aacute; haciendo realidad en nuestro mundo?<\/strong><\/p>\n\n\n\n<p><em>&nbsp;En los &uacute;ltimos a&ntilde;os, las novelas dist&oacute;picas como El cuento de la criada de Margaret Atwood, 1984 de George Orwell y Fahrenheit 451 de Ray Bradbury han cobrado m&aacute;s relevancia que nunca. Estos libros, escritos en &eacute;pocas diferentes, describen escenarios de opresi&oacute;n, control y manipulaci&oacute;n de la verdad que hoy en d&iacute;a parecen cada vez m&aacute;s cercanos a la realidad.<\/em><\/p>\n\n\n\n<h2 class=\"wp-block-heading\"><strong>La pol&iacute;tica del control: Orwell y la vigilancia global<\/strong><\/h2>\n\n\n\n<p>La novela <em>1984<\/em>, de George Orwell, publicada en 1949, narra una sociedad totalitaria futura en la que el Partido controla todos los aspectos de la vida de los <a class=\"glossaryLink\" aria-describedby=\"tt\" data-cmtooltip=\"&lt;div class=glossaryItemTitle&gt;Ciudadanos&lt;\/div&gt;&lt;div class=glossaryItemBody&gt;&amp;lt;!-- wp:paragraph --&amp;gt;Un concepto que implica cuestiones relacionadas con los derechos y los deberes, as&iacute; como con las ideas de igualdad, diversidad y justicia social. No s&oacute;lo referido al acto de votar, el concepto de ciudadan&iacute;a incluye todo un conjunto de acciones practicadas por cada persona, con impacto en la vida de la comunidad (local, nacional, regional e internacional), inseparable del espacio p&uacute;blico en el que las personas pueden actuar juntas.&amp;lt;br\/&amp;gt;&amp;lt;!-- \/wp:paragraph --&amp;gt;&amp;lt;!-- wp:paragraph --&amp;gt;(Fuente: CIG &ndash; Comiss&atilde;o para a Cidadania e Igualde de G&eacute;nero)&amp;lt;br\/&amp;gt;&amp;lt;!-- \/wp:paragraph --&amp;gt;&lt;\/div&gt;&lt;div id=&amp;quot;cmtt_related_articles&amp;quot; class=&amp;quot;cmtt_related_articles_wrapper&amp;quot;&gt;&lt;div class=&amp;quot;cmtt_related_title cmtt_related_articles_title&amp;quot;&gt;Related Articles: &lt;\/div&gt;&lt;ul class=&amp;quot;cmtt_related&amp;quot;&gt;&lt;li class=&amp;quot;cmtt_related_item&amp;quot;&gt;&lt;a href=&amp;quot;https:\/\/xqthenews.com\/es\/que-es-el-fascismo\/&amp;quot;target=&amp;quot;_blank&amp;quot;&gt;&iquest;Qu&eacute; es el fascismo?&lt;\/a&gt;&lt;\/li&gt;&lt;li class=&amp;quot;cmtt_related_item&amp;quot;&gt;&lt;a href=&amp;quot;https:\/\/xqthenews.com\/es\/por-que-el-futbol-es-un-fenomeno-global\/&amp;quot;target=&amp;quot;_blank&amp;quot;&gt;&iquest;Por qu&eacute; el f&uacute;tbol es un fen&oacute;meno global?&lt;\/a&gt;&lt;\/li&gt;&lt;li class=&amp;quot;cmtt_related_item&amp;quot;&gt;&lt;a href=&amp;quot;https:\/\/xqthenews.com\/es\/mensaje-en-una-botella-o-los-plasticos-que-nunca-desaparecen\/&amp;quot;target=&amp;quot;_blank&amp;quot;&gt;Mensaje en una botella, o los pl&aacute;sticos que nunca desaparecen&lt;\/a&gt;&lt;\/li&gt;&lt;li class=&amp;quot;cmtt_related_item&amp;quot;&gt;&lt;a href=&amp;quot;https:\/\/xqthenews.com\/es\/apartheid-en-palestina-las-raices-profundas-de-la-guerra\/&amp;quot;target=&amp;quot;_blank&amp;quot;&gt;Apartheid en Palestina, las ra&iacute;ces profundas de la guerra&lt;\/a&gt;&lt;\/li&gt;&lt;li class=&amp;quot;cmtt_related_item&amp;quot;&gt;&lt;a href=&amp;quot;https:\/\/xqthenews.com\/es\/luchar-contra-el-cambio-climatico-tambien-es-combatir-la-desinformacion\/&amp;quot;target=&amp;quot;_blank&amp;quot;&gt;Luchar contra el cambio clim&aacute;tico tambi&eacute;n es combatir la desinformaci&oacute;n&lt;\/a&gt;&lt;\/li&gt;&lt;\/ul&gt;&lt;\/div&gt;\" href=\"https:\/\/xqthenews.com\/es\/glossary\/ciudadania\/\" data-gt-translate-attributes='[{\"attribute\":\"data-cmtooltip\", \"format\":\"html\"}]' tabindex=\"0\" role=\"link\">ciudadanos<\/a> mediante una vigilancia omnipresente y una manipulaci&oacute;n constante de la realidad. Frases como &ldquo;La <a class=\"glossaryLink\" aria-describedby=\"tt\" data-cmtooltip=\"&lt;div class=glossaryItemTitle&gt;Guerra&lt;\/div&gt;&lt;div class=glossaryItemBody&gt;Hostilidad, conflicto armado entre dos o m&aacute;s naciones libres o entre facciones de un mismo Estado. Trae consigo muertes y destrucci&oacute;n de recursos y propiedades y su fin es imponer la voluntad de los vencedores sobre los vencidos.&amp;lt;br \/&amp;gt;Con las guerras, muchos pa&iacute;ses quedaron arruinados y endeudados. &lt;\/div&gt;&lt;div id=&amp;quot;cmtt_related_articles&amp;quot; class=&amp;quot;cmtt_related_articles_wrapper&amp;quot;&gt;&lt;div class=&amp;quot;cmtt_related_title cmtt_related_articles_title&amp;quot;&gt;Related Articles: &lt;\/div&gt;&lt;ul class=&amp;quot;cmtt_related&amp;quot;&gt;&lt;li class=&amp;quot;cmtt_related_item&amp;quot;&gt;&lt;a href=&amp;quot;https:\/\/xqthenews.com\/es\/ucrania-la-herida-en-el-corazon-de-europa\/&amp;quot;target=&amp;quot;_blank&amp;quot;&gt;Ucrania, la herida en el coraz&oacute;n de Europa&lt;\/a&gt;&lt;\/li&gt;&lt;li class=&amp;quot;cmtt_related_item&amp;quot;&gt;&lt;a href=&amp;quot;https:\/\/xqthenews.com\/es\/mayo-del-68-cuando-los-jovenes-lograron-sacudir-la-historia\/&amp;quot;target=&amp;quot;_blank&amp;quot;&gt;Mayo del 68, cuando los j&oacute;venes lograron sacudir la historia&lt;\/a&gt;&lt;\/li&gt;&lt;li class=&amp;quot;cmtt_related_item&amp;quot;&gt;&lt;a href=&amp;quot;https:\/\/xqthenews.com\/es\/que-es-el-fascismo\/&amp;quot;target=&amp;quot;_blank&amp;quot;&gt;&iquest;Qu&eacute; es el fascismo?&lt;\/a&gt;&lt;\/li&gt;&lt;li class=&amp;quot;cmtt_related_item&amp;quot;&gt;&lt;a href=&amp;quot;https:\/\/xqthenews.com\/es\/por-que-el-futbol-es-un-fenomeno-global\/&amp;quot;target=&amp;quot;_blank&amp;quot;&gt;&iquest;Por qu&eacute; el f&uacute;tbol es un fen&oacute;meno global?&lt;\/a&gt;&lt;\/li&gt;&lt;li class=&amp;quot;cmtt_related_item&amp;quot;&gt;&lt;a href=&amp;quot;https:\/\/xqthenews.com\/es\/generacion-y-los-primeros-jovenes-que-viviran-peor-que-sus-padres-2\/&amp;quot;target=&amp;quot;_blank&amp;quot;&gt;Generaci&oacute;n Y, los primeros j&oacute;venes que vivir&aacute;n peor que sus padres&lt;\/a&gt;&lt;\/li&gt;&lt;\/ul&gt;&lt;\/div&gt;\" href=\"https:\/\/xqthenews.com\/es\/glossary\/guerra\/\" data-gt-translate-attributes='[{\"attribute\":\"data-cmtooltip\", \"format\":\"html\"}]' tabindex=\"0\" role=\"link\">guerra<\/a> es paz, la libertad es esclavitud, la ignorancia es fuerza&rdquo; se han convertido en s&iacute;mbolos de una sociedad en la que el poder reescribe la realidad para mantenerse en el poder.<\/p>\n\n\n\n<p>Otra novela de Orwell, <em>Rebeli&oacute;n en la granja<\/em>, describe de forma aleg&oacute;rica c&oacute;mo las revoluciones pueden degenerar en nuevas formas de opresi&oacute;n. El libro, concebido inicialmente como una cr&iacute;tica al totalitarismo sovi&eacute;tico, adquiere hoy una nueva dimensi&oacute;n en el contexto de la din&aacute;mica pol&iacute;tica global, donde los movimientos populistas prometen cambios radicales con los que consolidar su poder una vez alcanzan el gobierno.<\/p>\n\n\n\n<p>En la actualidad, vivimos en una &eacute;poca marcada por una invasi&oacute;n de la privacidad sin precedentes. Los gobiernos y las empresas recopilan una cantidad masiva de datos personales a trav&eacute;s de las redes sociales, los dispositivos conectados y la tecnolog&iacute;a de reconocimiento facial. La vigilancia masiva, a menudo justificada por motivos de seguridad, suscita preocupaciones sobre el grado de libertad real de los <a class=\"glossaryLink\" aria-describedby=\"tt\" data-cmtooltip=\"&lt;div class=glossaryItemTitle&gt;Ciudadanos&lt;\/div&gt;&lt;div class=glossaryItemBody&gt;&amp;lt;!-- wp:paragraph --&amp;gt;Un concepto que implica cuestiones relacionadas con los derechos y los deberes, as&iacute; como con las ideas de igualdad, diversidad y justicia social. No s&oacute;lo referido al acto de votar, el concepto de ciudadan&iacute;a incluye todo un conjunto de acciones practicadas por cada persona, con impacto en la vida de la comunidad (local, nacional, regional e internacional), inseparable del espacio p&uacute;blico en el que las personas pueden actuar juntas.&amp;lt;br\/&amp;gt;&amp;lt;!-- \/wp:paragraph --&amp;gt;&amp;lt;!-- wp:paragraph --&amp;gt;(Fuente: CIG &ndash; Comiss&atilde;o para a Cidadania e Igualde de G&eacute;nero)&amp;lt;br\/&amp;gt;&amp;lt;!-- \/wp:paragraph --&amp;gt;&lt;\/div&gt;&lt;div id=&amp;quot;cmtt_related_articles&amp;quot; class=&amp;quot;cmtt_related_articles_wrapper&amp;quot;&gt;&lt;div class=&amp;quot;cmtt_related_title cmtt_related_articles_title&amp;quot;&gt;Related Articles: &lt;\/div&gt;&lt;ul class=&amp;quot;cmtt_related&amp;quot;&gt;&lt;li class=&amp;quot;cmtt_related_item&amp;quot;&gt;&lt;a href=&amp;quot;https:\/\/xqthenews.com\/es\/que-es-el-fascismo\/&amp;quot;target=&amp;quot;_blank&amp;quot;&gt;&iquest;Qu&eacute; es el fascismo?&lt;\/a&gt;&lt;\/li&gt;&lt;li class=&amp;quot;cmtt_related_item&amp;quot;&gt;&lt;a href=&amp;quot;https:\/\/xqthenews.com\/es\/por-que-el-futbol-es-un-fenomeno-global\/&amp;quot;target=&amp;quot;_blank&amp;quot;&gt;&iquest;Por qu&eacute; el f&uacute;tbol es un fen&oacute;meno global?&lt;\/a&gt;&lt;\/li&gt;&lt;li class=&amp;quot;cmtt_related_item&amp;quot;&gt;&lt;a href=&amp;quot;https:\/\/xqthenews.com\/es\/mensaje-en-una-botella-o-los-plasticos-que-nunca-desaparecen\/&amp;quot;target=&amp;quot;_blank&amp;quot;&gt;Mensaje en una botella, o los pl&aacute;sticos que nunca desaparecen&lt;\/a&gt;&lt;\/li&gt;&lt;li class=&amp;quot;cmtt_related_item&amp;quot;&gt;&lt;a href=&amp;quot;https:\/\/xqthenews.com\/es\/apartheid-en-palestina-las-raices-profundas-de-la-guerra\/&amp;quot;target=&amp;quot;_blank&amp;quot;&gt;Apartheid en Palestina, las ra&iacute;ces profundas de la guerra&lt;\/a&gt;&lt;\/li&gt;&lt;li class=&amp;quot;cmtt_related_item&amp;quot;&gt;&lt;a href=&amp;quot;https:\/\/xqthenews.com\/es\/luchar-contra-el-cambio-climatico-tambien-es-combatir-la-desinformacion\/&amp;quot;target=&amp;quot;_blank&amp;quot;&gt;Luchar contra el cambio clim&aacute;tico tambi&eacute;n es combatir la desinformaci&oacute;n&lt;\/a&gt;&lt;\/li&gt;&lt;\/ul&gt;&lt;\/div&gt;\" href=\"https:\/\/xqthenews.com\/es\/glossary\/ciudadania\/\" data-gt-translate-attributes='[{\"attribute\":\"data-cmtooltip\", \"format\":\"html\"}]' tabindex=\"0\" role=\"link\">ciudadanos<\/a>. Este escenario recuerda a las estrategias del &ldquo;Ministerio de la Verdad&rdquo; de Orwell, donde la narrativa se reescribe para servir a la autoridad. Un ejemplo reciente es el regreso de Donald Trump a la escena pol&iacute;tica estadounidense, con una narrativa que cuestiona el resultado de las elecciones y alimenta un clima de desinformaci&oacute;n. Su uso de plataformas como <em>Truth Social<\/em> demuestra c&oacute;mo la tecnolog&iacute;a puede convertirse en un arma para crear burbujas informativas paralelas, en las que la verdad es relativa y manipulada seg&uacute;n los intereses del poder.<br><\/p>\n\n\n\n<figure class=\"wp-block-image size-large\"><img decoding=\"async\" width=\"768\" height=\"1024\" src=\"https:\/\/xqthenews.com\/wp-content\/uploads\/2025\/03\/Imagen-no-1-768x1024.jpg\" alt=\"\" class=\"wp-image-28259\" srcset=\"https:\/\/xqthenews.com\/wp-content\/uploads\/2025\/03\/Imagen-no-1-768x1024.jpg 768w, https:\/\/xqthenews.com\/wp-content\/uploads\/2025\/03\/Imagen-no-1-225x300.jpg 225w, https:\/\/xqthenews.com\/wp-content\/uploads\/2025\/03\/Imagen-no-1-1152x1536.jpg 1152w, https:\/\/xqthenews.com\/wp-content\/uploads\/2025\/03\/Imagen-no-1-150x200.jpg 150w, https:\/\/xqthenews.com\/wp-content\/uploads\/2025\/03\/Imagen-no-1-450x600.jpg 450w, https:\/\/xqthenews.com\/wp-content\/uploads\/2025\/03\/Imagen-no-1-1200x1600.jpg 1200w, https:\/\/xqthenews.com\/wp-content\/uploads\/2025\/03\/Imagen-no-1.jpg 1536w\" sizes=\"(max-width: 768px) 100vw, 768px\"\/><figcaption class=\"wp-element-caption\"><em>Foto publicada por la librer&iacute;a sin &aacute;nimo de lucro<\/em><a href=\"https:\/\/www.facebook.com\/tailsofabookworm\/\"><em> Tails of a Bookworm<\/em><\/a><em>, que se ha hecho viral en las redes sociales en los &uacute;ltimos d&iacute;as.<\/em><\/figcaption><\/figure>\n\n\n\n<h2 class=\"wp-block-heading\"><strong>Desigualdades, crisis medioambientales, mujeres en peligro: &ldquo;El cuento de la criada&rdquo; y &ldquo;La par&aacute;bola del sembrador&rdquo;<\/strong><\/h2>\n\n\n\n<p>En su novela <em>El cuento de la criada<\/em>, Margaret Atwood imagina un futuro en el que Estados Unidos se convierte en la teocracia totalitaria de Gilead, un r&eacute;gimen que ha institucionalizado la violencia f&iacute;sica y psicol&oacute;gica contra las mujeres, a las que priva de sus derechos y reduce a meras herramientas de reproducci&oacute;n. El relato trasciende las fronteras del g&eacute;nero y se convierte en un an&aacute;lisis l&uacute;cido de las din&aacute;micas de poder y opresi&oacute;n.<\/p>\n\n\n\n<p>La escritora sit&uacute;a el origen de la novela en el Berl&iacute;n Oriental de 1984, demostrando que las distop&iacute;as m&aacute;s eficaces no nacen de fantas&iacute;as puras, sino de la observaci&oacute;n de la realidad hist&oacute;rica que, por desgracia, no ha servido de nada a la sociedad actual.<\/p>\n\n\n\n<p>Desde los fundamentalismos hasta las pol&iacute;ticas restrictivas que han limitado los derechos reproductivos de las mujeres en pa&iacute;ses como Estados Unidos, Polonia y Afganist&aacute;n, todo parece acercarse cada vez m&aacute;s a la historia de Difred, la esclava. La revocaci&oacute;n de la sentencia<a href=\"https:\/\/tile.loc.gov\/storage-services\/service\/ll\/usrep\/usrep410\/usrep410113\/usrep410113.pdf\"> Roe v. Wade<\/a> en 2022 redujo dr&aacute;sticamente el derecho al aborto en muchas partes de Estados Unidos, mientras que en Afganist&aacute;n las mujeres fueron progresivamente excluidas de la vida p&uacute;blica bajo el r&eacute;gimen talib&aacute;n. Las similitudes entre la realidad y el mundo dist&oacute;pico de Atwood son alarmantes, lo que pone de manifiesto que la libertad de las mujeres sigue siendo fr&aacute;gil y est&aacute; amenazada.<\/p>\n\n\n\n<p>Otra obra igualmente relevante es <em>La par&aacute;bola del sembrador<\/em>, de Octavia E. Butler, que explora el declive de la sociedad estadounidense en un contexto de creciente desigualdad, crisis medioambientales y fanatismo religioso. Butler imagina un mundo en el que la supervivencia se convierte en una lucha individual y la estructura social se desmorona, una idea que hoy encuentra su reflejo en las crecientes desigualdades econ&oacute;micas, la crisis clim&aacute;tica y la radicalizaci&oacute;n pol&iacute;tica.<\/p>\n\n\n\n<h2 class=\"wp-block-heading\"><strong>Censura y manipulaci&oacute;n de la informaci&oacute;n: &ldquo;Fahrenheit 451&rdquo; y la guerra contra la cultura<\/strong><\/h2>\n\n\n\n<p>En su obra <em>Fahrenheit 451<\/em>, de 1953, Ray Bradbury describe una sociedad en la que los libros est&aacute;n prohibidos y son quemados por los &laquo;bomberos&raquo; para evitar que la gente piense de forma cr&iacute;tica. La <a class=\"glossaryLink\" aria-describedby=\"tt\" data-cmtooltip=\"&lt;div class=glossaryItemTitle&gt;Censura&lt;\/div&gt;&lt;div class=glossaryItemBody&gt;Intervenciones que los poderes pol&iacute;ticos realizan sobre el material a publicar porque consideran que no se ajustan a unos criterios &eacute;ticos, morales o pol&iacute;ticos adecuados. Tambi&eacute;n puede implicar la prohibici&oacute;n completa del material a publicar.&lt;\/div&gt;&lt;div id=&amp;quot;cmtt_related_articles&amp;quot; class=&amp;quot;cmtt_related_articles_wrapper&amp;quot;&gt;&lt;div class=&amp;quot;cmtt_related_title cmtt_related_articles_title&amp;quot;&gt;Related Articles: &lt;\/div&gt;&lt;ul class=&amp;quot;cmtt_related&amp;quot;&gt;&lt;li class=&amp;quot;cmtt_related_item&amp;quot;&gt;&lt;a href=&amp;quot;https:\/\/xqthenews.com\/es\/juventud-activismo-digital-y-la-era-de-la-conectividad\/&amp;quot;target=&amp;quot;_blank&amp;quot;&gt;Juventud, activismo digital y la era de la conectividad&lt;\/a&gt;&lt;\/li&gt;&lt;li class=&amp;quot;cmtt_related_item&amp;quot;&gt;&lt;a href=&amp;quot;https:\/\/xqthenews.com\/es\/periodismo-ciudadano-informar-sobre-emergencias-sociales-y-ecologicas\/&amp;quot;target=&amp;quot;_blank&amp;quot;&gt;Periodismo ciudadano: informar sobre emergencias sociales y ecol&oacute;gicas&lt;\/a&gt;&lt;\/li&gt;&lt;li class=&amp;quot;cmtt_related_item&amp;quot;&gt;&lt;a href=&amp;quot;https:\/\/xqthenews.com\/es\/victoria-de-la-derecha-en-portugal-una-tendencia-europea\/&amp;quot;target=&amp;quot;_blank&amp;quot;&gt;Victoria de la derecha en Portugal: &iquest;una tendencia europea?&lt;\/a&gt;&lt;\/li&gt;&lt;li class=&amp;quot;cmtt_related_item&amp;quot;&gt;&lt;a href=&amp;quot;https:\/\/xqthenews.com\/es\/videojuegos-y-aprendizaje-una-sinergia-virtuosa\/&amp;quot;target=&amp;quot;_blank&amp;quot;&gt;Videojuegos y aprendizaje: una sinergia virtuosa&lt;\/a&gt;&lt;\/li&gt;&lt;li class=&amp;quot;cmtt_related_item&amp;quot;&gt;&lt;a href=&amp;quot;https:\/\/xqthenews.com\/es\/glossary\/libertad-de-expresion\/&amp;quot;target=&amp;quot;_blank&amp;quot;&gt;Glossary:  Libertad de expresi&oacute;n&lt;\/a&gt;&lt;\/li&gt;&lt;\/ul&gt;&lt;\/div&gt;\" href=\"https:\/\/xqthenews.com\/es\/glossary\/censura\/\" data-gt-translate-attributes='[{\"attribute\":\"data-cmtooltip\", \"format\":\"html\"}]' tabindex=\"0\" role=\"link\">censura<\/a> es una herramienta clave para mantener el control de la poblaci&oacute;n, que se distrae con una incesante oleada de entretenimiento superficial.<\/p>\n\n\n\n<p>Incluso hoy en d&iacute;a, la <a class=\"glossaryLink\" aria-describedby=\"tt\" data-cmtooltip=\"&lt;div class=glossaryItemTitle&gt;Censura&lt;\/div&gt;&lt;div class=glossaryItemBody&gt;Intervenciones que los poderes pol&iacute;ticos realizan sobre el material a publicar porque consideran que no se ajustan a unos criterios &eacute;ticos, morales o pol&iacute;ticos adecuados. Tambi&eacute;n puede implicar la prohibici&oacute;n completa del material a publicar.&lt;\/div&gt;&lt;div id=&amp;quot;cmtt_related_articles&amp;quot; class=&amp;quot;cmtt_related_articles_wrapper&amp;quot;&gt;&lt;div class=&amp;quot;cmtt_related_title cmtt_related_articles_title&amp;quot;&gt;Related Articles: &lt;\/div&gt;&lt;ul class=&amp;quot;cmtt_related&amp;quot;&gt;&lt;li class=&amp;quot;cmtt_related_item&amp;quot;&gt;&lt;a href=&amp;quot;https:\/\/xqthenews.com\/es\/juventud-activismo-digital-y-la-era-de-la-conectividad\/&amp;quot;target=&amp;quot;_blank&amp;quot;&gt;Juventud, activismo digital y la era de la conectividad&lt;\/a&gt;&lt;\/li&gt;&lt;li class=&amp;quot;cmtt_related_item&amp;quot;&gt;&lt;a href=&amp;quot;https:\/\/xqthenews.com\/es\/periodismo-ciudadano-informar-sobre-emergencias-sociales-y-ecologicas\/&amp;quot;target=&amp;quot;_blank&amp;quot;&gt;Periodismo ciudadano: informar sobre emergencias sociales y ecol&oacute;gicas&lt;\/a&gt;&lt;\/li&gt;&lt;li class=&amp;quot;cmtt_related_item&amp;quot;&gt;&lt;a href=&amp;quot;https:\/\/xqthenews.com\/es\/victoria-de-la-derecha-en-portugal-una-tendencia-europea\/&amp;quot;target=&amp;quot;_blank&amp;quot;&gt;Victoria de la derecha en Portugal: &iquest;una tendencia europea?&lt;\/a&gt;&lt;\/li&gt;&lt;li class=&amp;quot;cmtt_related_item&amp;quot;&gt;&lt;a href=&amp;quot;https:\/\/xqthenews.com\/es\/videojuegos-y-aprendizaje-una-sinergia-virtuosa\/&amp;quot;target=&amp;quot;_blank&amp;quot;&gt;Videojuegos y aprendizaje: una sinergia virtuosa&lt;\/a&gt;&lt;\/li&gt;&lt;li class=&amp;quot;cmtt_related_item&amp;quot;&gt;&lt;a href=&amp;quot;https:\/\/xqthenews.com\/es\/glossary\/libertad-de-expresion\/&amp;quot;target=&amp;quot;_blank&amp;quot;&gt;Glossary:  Libertad de expresi&oacute;n&lt;\/a&gt;&lt;\/li&gt;&lt;\/ul&gt;&lt;\/div&gt;\" href=\"https:\/\/xqthenews.com\/es\/glossary\/censura\/\" data-gt-translate-attributes='[{\"attribute\":\"data-cmtooltip\", \"format\":\"html\"}]' tabindex=\"0\" role=\"link\">censura<\/a> y el control de la informaci&oacute;n son realidades cada vez m&aacute;s extendidas. En varios pa&iacute;ses, los gobiernos limitan el acceso a Internet y a contenidos considerados subversivos. Rusia y China, por ejemplo, ejercen una fuerte <a class=\"glossaryLink\" aria-describedby=\"tt\" data-cmtooltip=\"&lt;div class=glossaryItemTitle&gt;Censura&lt;\/div&gt;&lt;div class=glossaryItemBody&gt;Intervenciones que los poderes pol&iacute;ticos realizan sobre el material a publicar porque consideran que no se ajustan a unos criterios &eacute;ticos, morales o pol&iacute;ticos adecuados. Tambi&eacute;n puede implicar la prohibici&oacute;n completa del material a publicar.&lt;\/div&gt;&lt;div id=&amp;quot;cmtt_related_articles&amp;quot; class=&amp;quot;cmtt_related_articles_wrapper&amp;quot;&gt;&lt;div class=&amp;quot;cmtt_related_title cmtt_related_articles_title&amp;quot;&gt;Related Articles: &lt;\/div&gt;&lt;ul class=&amp;quot;cmtt_related&amp;quot;&gt;&lt;li class=&amp;quot;cmtt_related_item&amp;quot;&gt;&lt;a href=&amp;quot;https:\/\/xqthenews.com\/es\/juventud-activismo-digital-y-la-era-de-la-conectividad\/&amp;quot;target=&amp;quot;_blank&amp;quot;&gt;Juventud, activismo digital y la era de la conectividad&lt;\/a&gt;&lt;\/li&gt;&lt;li class=&amp;quot;cmtt_related_item&amp;quot;&gt;&lt;a href=&amp;quot;https:\/\/xqthenews.com\/es\/periodismo-ciudadano-informar-sobre-emergencias-sociales-y-ecologicas\/&amp;quot;target=&amp;quot;_blank&amp;quot;&gt;Periodismo ciudadano: informar sobre emergencias sociales y ecol&oacute;gicas&lt;\/a&gt;&lt;\/li&gt;&lt;li class=&amp;quot;cmtt_related_item&amp;quot;&gt;&lt;a href=&amp;quot;https:\/\/xqthenews.com\/es\/victoria-de-la-derecha-en-portugal-una-tendencia-europea\/&amp;quot;target=&amp;quot;_blank&amp;quot;&gt;Victoria de la derecha en Portugal: &iquest;una tendencia europea?&lt;\/a&gt;&lt;\/li&gt;&lt;li class=&amp;quot;cmtt_related_item&amp;quot;&gt;&lt;a href=&amp;quot;https:\/\/xqthenews.com\/es\/videojuegos-y-aprendizaje-una-sinergia-virtuosa\/&amp;quot;target=&amp;quot;_blank&amp;quot;&gt;Videojuegos y aprendizaje: una sinergia virtuosa&lt;\/a&gt;&lt;\/li&gt;&lt;li class=&amp;quot;cmtt_related_item&amp;quot;&gt;&lt;a href=&amp;quot;https:\/\/xqthenews.com\/es\/glossary\/libertad-de-expresion\/&amp;quot;target=&amp;quot;_blank&amp;quot;&gt;Glossary:  Libertad de expresi&oacute;n&lt;\/a&gt;&lt;\/li&gt;&lt;\/ul&gt;&lt;\/div&gt;\" href=\"https:\/\/xqthenews.com\/es\/glossary\/censura\/\" data-gt-translate-attributes='[{\"attribute\":\"data-cmtooltip\", \"format\":\"html\"}]' tabindex=\"0\" role=\"link\">censura<\/a> sobre los medios de comunicaci&oacute;n y las redes sociales, impidiendo la difusi&oacute;n de opiniones contrarias al r&eacute;gimen. En Estados Unidos y Europa, el debate sobre la <a class=\"glossaryLink\" aria-describedby=\"tt\" data-cmtooltip=\"&lt;div class=glossaryItemTitle&gt;Libertad de expresi&oacute;n&lt;\/div&gt;&lt;div class=glossaryItemBody&gt;&amp;lt;!-- wp:paragraph --&amp;gt;Derecho reconocido como fundamental en muchas democracias, a expresar libremente las propias opiniones e ideas sin censura ni represi&oacute;n.&amp;lt;br\/&amp;gt;&amp;lt;!-- \/wp:paragraph --&amp;gt;&lt;\/div&gt;&lt;div id=&amp;quot;cmtt_related_articles&amp;quot; class=&amp;quot;cmtt_related_articles_wrapper&amp;quot;&gt;&lt;div class=&amp;quot;cmtt_related_title cmtt_related_articles_title&amp;quot;&gt;Related Articles: &lt;\/div&gt;&lt;ul class=&amp;quot;cmtt_related&amp;quot;&gt;&lt;li class=&amp;quot;cmtt_related_item&amp;quot;&gt;&lt;a href=&amp;quot;https:\/\/xqthenews.com\/es\/accion-empatia-y-responsabilidad-colectiva\/&amp;quot;target=&amp;quot;_blank&amp;quot;&gt;Acci&oacute;n, empat&iacute;a y responsabilidad colectiva&lt;\/a&gt;&lt;\/li&gt;&lt;li class=&amp;quot;cmtt_related_item&amp;quot;&gt;&lt;a href=&amp;quot;https:\/\/xqthenews.com\/es\/glossary\/democracia-liberal-representativa\/&amp;quot;target=&amp;quot;_blank&amp;quot;&gt;Glossary:  Democracia liberal representativa&lt;\/a&gt;&lt;\/li&gt;&lt;li class=&amp;quot;cmtt_related_item&amp;quot;&gt;&lt;a href=&amp;quot;https:\/\/xqthenews.com\/es\/el-juego-del-calamar-y-el-juego-de-la-democracia\/&amp;quot;target=&amp;quot;_blank&amp;quot;&gt;El juego del calamar y el juego de la democracia&lt;\/a&gt;&lt;\/li&gt;&lt;li class=&amp;quot;cmtt_related_item&amp;quot;&gt;&lt;a href=&amp;quot;https:\/\/xqthenews.com\/es\/los-nuevos-senores-feudales-tecnologia-poder-y-politica-en-la-era-trump\/&amp;quot;target=&amp;quot;_blank&amp;quot;&gt;Los nuevos se&ntilde;ores feudales: tecnolog&iacute;a, poder y pol&iacute;tica en la era Trump&lt;\/a&gt;&lt;\/li&gt;&lt;li class=&amp;quot;cmtt_related_item&amp;quot;&gt;&lt;a href=&amp;quot;https:\/\/xqthenews.com\/es\/las-distopias-se-hacen-realidad-el-mundo-de-hoy-a-traves-del-prisma-de-la-narrativa\/&amp;quot;target=&amp;quot;_blank&amp;quot;&gt;Las distop&iacute;as se hacen realidad: el mundo de hoy a trav&eacute;s del prisma de la narrativa&lt;\/a&gt;&lt;\/li&gt;&lt;\/ul&gt;&lt;\/div&gt;\" href=\"https:\/\/xqthenews.com\/es\/glossary\/libertad-de-expresion\/\" data-gt-translate-attributes='[{\"attribute\":\"data-cmtooltip\", \"format\":\"html\"}]' tabindex=\"0\" role=\"link\">libertad de expresi&oacute;n<\/a> se ha intensificado tras los episodios de &ldquo;desplataformaci&oacute;n&rdquo; de figuras controvertidas por parte de las grandes empresas tecnol&oacute;gicas. El riesgo es que la <a class=\"glossaryLink\" aria-describedby=\"tt\" data-cmtooltip=\"&lt;div class=glossaryItemTitle&gt;Censura&lt;\/div&gt;&lt;div class=glossaryItemBody&gt;Intervenciones que los poderes pol&iacute;ticos realizan sobre el material a publicar porque consideran que no se ajustan a unos criterios &eacute;ticos, morales o pol&iacute;ticos adecuados. Tambi&eacute;n puede implicar la prohibici&oacute;n completa del material a publicar.&lt;\/div&gt;&lt;div id=&amp;quot;cmtt_related_articles&amp;quot; class=&amp;quot;cmtt_related_articles_wrapper&amp;quot;&gt;&lt;div class=&amp;quot;cmtt_related_title cmtt_related_articles_title&amp;quot;&gt;Related Articles: &lt;\/div&gt;&lt;ul class=&amp;quot;cmtt_related&amp;quot;&gt;&lt;li class=&amp;quot;cmtt_related_item&amp;quot;&gt;&lt;a href=&amp;quot;https:\/\/xqthenews.com\/es\/juventud-activismo-digital-y-la-era-de-la-conectividad\/&amp;quot;target=&amp;quot;_blank&amp;quot;&gt;Juventud, activismo digital y la era de la conectividad&lt;\/a&gt;&lt;\/li&gt;&lt;li class=&amp;quot;cmtt_related_item&amp;quot;&gt;&lt;a href=&amp;quot;https:\/\/xqthenews.com\/es\/periodismo-ciudadano-informar-sobre-emergencias-sociales-y-ecologicas\/&amp;quot;target=&amp;quot;_blank&amp;quot;&gt;Periodismo ciudadano: informar sobre emergencias sociales y ecol&oacute;gicas&lt;\/a&gt;&lt;\/li&gt;&lt;li class=&amp;quot;cmtt_related_item&amp;quot;&gt;&lt;a href=&amp;quot;https:\/\/xqthenews.com\/es\/victoria-de-la-derecha-en-portugal-una-tendencia-europea\/&amp;quot;target=&amp;quot;_blank&amp;quot;&gt;Victoria de la derecha en Portugal: &iquest;una tendencia europea?&lt;\/a&gt;&lt;\/li&gt;&lt;li class=&amp;quot;cmtt_related_item&amp;quot;&gt;&lt;a href=&amp;quot;https:\/\/xqthenews.com\/es\/videojuegos-y-aprendizaje-una-sinergia-virtuosa\/&amp;quot;target=&amp;quot;_blank&amp;quot;&gt;Videojuegos y aprendizaje: una sinergia virtuosa&lt;\/a&gt;&lt;\/li&gt;&lt;li class=&amp;quot;cmtt_related_item&amp;quot;&gt;&lt;a href=&amp;quot;https:\/\/xqthenews.com\/es\/glossary\/libertad-de-expresion\/&amp;quot;target=&amp;quot;_blank&amp;quot;&gt;Glossary:  Libertad de expresi&oacute;n&lt;\/a&gt;&lt;\/li&gt;&lt;\/ul&gt;&lt;\/div&gt;\" href=\"https:\/\/xqthenews.com\/es\/glossary\/censura\/\" data-gt-translate-attributes='[{\"attribute\":\"data-cmtooltip\", \"format\":\"html\"}]' tabindex=\"0\" role=\"link\">censura<\/a>, aunque est&eacute; motivada por razones de seguridad o de correcci&oacute;n pol&iacute;tica, pueda convertirse en un arma peligrosa contra la diversidad de pensamiento.<\/p>\n\n\n\n<p>Un caso emblem&aacute;tico es el de Elon Musk, que tras comprar Twitter (ahora X) promovi&oacute; una pol&iacute;tica de &laquo;<a class=\"glossaryLink\" aria-describedby=\"tt\" data-cmtooltip=\"&lt;div class=glossaryItemTitle&gt;Libertad de expresi&oacute;n&lt;\/div&gt;&lt;div class=glossaryItemBody&gt;&amp;lt;!-- wp:paragraph --&amp;gt;Derecho reconocido como fundamental en muchas democracias, a expresar libremente las propias opiniones e ideas sin censura ni represi&oacute;n.&amp;lt;br\/&amp;gt;&amp;lt;!-- \/wp:paragraph --&amp;gt;&lt;\/div&gt;&lt;div id=&amp;quot;cmtt_related_articles&amp;quot; class=&amp;quot;cmtt_related_articles_wrapper&amp;quot;&gt;&lt;div class=&amp;quot;cmtt_related_title cmtt_related_articles_title&amp;quot;&gt;Related Articles: &lt;\/div&gt;&lt;ul class=&amp;quot;cmtt_related&amp;quot;&gt;&lt;li class=&amp;quot;cmtt_related_item&amp;quot;&gt;&lt;a href=&amp;quot;https:\/\/xqthenews.com\/es\/accion-empatia-y-responsabilidad-colectiva\/&amp;quot;target=&amp;quot;_blank&amp;quot;&gt;Acci&oacute;n, empat&iacute;a y responsabilidad colectiva&lt;\/a&gt;&lt;\/li&gt;&lt;li class=&amp;quot;cmtt_related_item&amp;quot;&gt;&lt;a href=&amp;quot;https:\/\/xqthenews.com\/es\/glossary\/democracia-liberal-representativa\/&amp;quot;target=&amp;quot;_blank&amp;quot;&gt;Glossary:  Democracia liberal representativa&lt;\/a&gt;&lt;\/li&gt;&lt;li class=&amp;quot;cmtt_related_item&amp;quot;&gt;&lt;a href=&amp;quot;https:\/\/xqthenews.com\/es\/el-juego-del-calamar-y-el-juego-de-la-democracia\/&amp;quot;target=&amp;quot;_blank&amp;quot;&gt;El juego del calamar y el juego de la democracia&lt;\/a&gt;&lt;\/li&gt;&lt;li class=&amp;quot;cmtt_related_item&amp;quot;&gt;&lt;a href=&amp;quot;https:\/\/xqthenews.com\/es\/los-nuevos-senores-feudales-tecnologia-poder-y-politica-en-la-era-trump\/&amp;quot;target=&amp;quot;_blank&amp;quot;&gt;Los nuevos se&ntilde;ores feudales: tecnolog&iacute;a, poder y pol&iacute;tica en la era Trump&lt;\/a&gt;&lt;\/li&gt;&lt;li class=&amp;quot;cmtt_related_item&amp;quot;&gt;&lt;a href=&amp;quot;https:\/\/xqthenews.com\/es\/las-distopias-se-hacen-realidad-el-mundo-de-hoy-a-traves-del-prisma-de-la-narrativa\/&amp;quot;target=&amp;quot;_blank&amp;quot;&gt;Las distop&iacute;as se hacen realidad: el mundo de hoy a trav&eacute;s del prisma de la narrativa&lt;\/a&gt;&lt;\/li&gt;&lt;\/ul&gt;&lt;\/div&gt;\" href=\"https:\/\/xqthenews.com\/es\/glossary\/libertad-de-expresion\/\" data-gt-translate-attributes='[{\"attribute\":\"data-cmtooltip\", \"format\":\"html\"}]' tabindex=\"0\" role=\"link\">libertad de expresi&oacute;n<\/a> absoluta&raquo;, permitiendo el regreso a la plataforma de personas previamente vetadas. Esto ha suscitado debates sobre la delgada l&iacute;nea que separa la <a class=\"glossaryLink\" aria-describedby=\"tt\" data-cmtooltip=\"&lt;div class=glossaryItemTitle&gt;Libertad de expresi&oacute;n&lt;\/div&gt;&lt;div class=glossaryItemBody&gt;&amp;lt;!-- wp:paragraph --&amp;gt;Derecho reconocido como fundamental en muchas democracias, a expresar libremente las propias opiniones e ideas sin censura ni represi&oacute;n.&amp;lt;br\/&amp;gt;&amp;lt;!-- \/wp:paragraph --&amp;gt;&lt;\/div&gt;&lt;div id=&amp;quot;cmtt_related_articles&amp;quot; class=&amp;quot;cmtt_related_articles_wrapper&amp;quot;&gt;&lt;div class=&amp;quot;cmtt_related_title cmtt_related_articles_title&amp;quot;&gt;Related Articles: &lt;\/div&gt;&lt;ul class=&amp;quot;cmtt_related&amp;quot;&gt;&lt;li class=&amp;quot;cmtt_related_item&amp;quot;&gt;&lt;a href=&amp;quot;https:\/\/xqthenews.com\/es\/accion-empatia-y-responsabilidad-colectiva\/&amp;quot;target=&amp;quot;_blank&amp;quot;&gt;Acci&oacute;n, empat&iacute;a y responsabilidad colectiva&lt;\/a&gt;&lt;\/li&gt;&lt;li class=&amp;quot;cmtt_related_item&amp;quot;&gt;&lt;a href=&amp;quot;https:\/\/xqthenews.com\/es\/glossary\/democracia-liberal-representativa\/&amp;quot;target=&amp;quot;_blank&amp;quot;&gt;Glossary:  Democracia liberal representativa&lt;\/a&gt;&lt;\/li&gt;&lt;li class=&amp;quot;cmtt_related_item&amp;quot;&gt;&lt;a href=&amp;quot;https:\/\/xqthenews.com\/es\/el-juego-del-calamar-y-el-juego-de-la-democracia\/&amp;quot;target=&amp;quot;_blank&amp;quot;&gt;El juego del calamar y el juego de la democracia&lt;\/a&gt;&lt;\/li&gt;&lt;li class=&amp;quot;cmtt_related_item&amp;quot;&gt;&lt;a href=&amp;quot;https:\/\/xqthenews.com\/es\/los-nuevos-senores-feudales-tecnologia-poder-y-politica-en-la-era-trump\/&amp;quot;target=&amp;quot;_blank&amp;quot;&gt;Los nuevos se&ntilde;ores feudales: tecnolog&iacute;a, poder y pol&iacute;tica en la era Trump&lt;\/a&gt;&lt;\/li&gt;&lt;li class=&amp;quot;cmtt_related_item&amp;quot;&gt;&lt;a href=&amp;quot;https:\/\/xqthenews.com\/es\/las-distopias-se-hacen-realidad-el-mundo-de-hoy-a-traves-del-prisma-de-la-narrativa\/&amp;quot;target=&amp;quot;_blank&amp;quot;&gt;Las distop&iacute;as se hacen realidad: el mundo de hoy a trav&eacute;s del prisma de la narrativa&lt;\/a&gt;&lt;\/li&gt;&lt;\/ul&gt;&lt;\/div&gt;\" href=\"https:\/\/xqthenews.com\/es\/glossary\/libertad-de-expresion\/\" data-gt-translate-attributes='[{\"attribute\":\"data-cmtooltip\", \"format\":\"html\"}]' tabindex=\"0\" role=\"link\">libertad de expresi&oacute;n<\/a> de la difusi&oacute;n de desinformaci&oacute;n. El propio Musk ha acusado a gobiernos y empresas de ejercer un control ideol&oacute;gico sobre las redes sociales, mientras que otros le acusan de favorecer la polarizaci&oacute;n y el odio en Internet, creando una realidad cada vez m&aacute;s parecida a la descrita por Bradbury.<\/p>\n\n\n\n<h2 class=\"wp-block-heading\"><strong>&iquest;Est&aacute; aqu&iacute; ya la distop&iacute;a del futuro?<\/strong><\/h2>\n\n\n\n<p>Las similitudes entre estas novelas dist&oacute;picas y el mundo actual son inquietantes. Las din&aacute;micas que se narran ya no son ficci&oacute;n. El control, la represi&oacute;n de los derechos, la manipulaci&oacute;n de la informaci&oacute;n y la <a class=\"glossaryLink\" aria-describedby=\"tt\" data-cmtooltip=\"&lt;div class=glossaryItemTitle&gt;Propaganda&lt;\/div&gt;&lt;div class=glossaryItemBody&gt;&amp;lt;!-- wp:paragraph --&amp;gt;Difusi&oacute;n de informaci&oacute;n, a menudo manipulada o parcial, con el fin de influir en las opiniones y el comportamiento de la poblaci&oacute;n a favor de una ideolog&iacute;a o un gobierno.&amp;lt;br\/&amp;gt;&amp;lt;!-- \/wp:paragraph --&amp;gt;&lt;\/div&gt;&lt;div id=&amp;quot;cmtt_related_articles&amp;quot; class=&amp;quot;cmtt_related_articles_wrapper&amp;quot;&gt;&lt;div class=&amp;quot;cmtt_related_title cmtt_related_articles_title&amp;quot;&gt;Related Articles: &lt;\/div&gt;&lt;ul class=&amp;quot;cmtt_related&amp;quot;&gt;&lt;li class=&amp;quot;cmtt_related_item&amp;quot;&gt;&lt;a href=&amp;quot;https:\/\/xqthenews.com\/es\/zelenski-la-dignidad-de-ucrania-frente-a-putin-y-trump\/&amp;quot;target=&amp;quot;_blank&amp;quot;&gt;Zelenski: la dignidad de Ucrania frente a Putin y Trump&lt;\/a&gt;&lt;\/li&gt;&lt;li class=&amp;quot;cmtt_related_item&amp;quot;&gt;&lt;a href=&amp;quot;https:\/\/xqthenews.com\/es\/las-distopias-se-hacen-realidad-el-mundo-de-hoy-a-traves-del-prisma-de-la-narrativa\/&amp;quot;target=&amp;quot;_blank&amp;quot;&gt;Las distop&iacute;as se hacen realidad: el mundo de hoy a trav&eacute;s del prisma de la narrativa&lt;\/a&gt;&lt;\/li&gt;&lt;\/ul&gt;&lt;\/div&gt;\" href=\"https:\/\/xqthenews.com\/es\/glossary\/propaganda\/\" data-gt-translate-attributes='[{\"attribute\":\"data-cmtooltip\", \"format\":\"html\"}]' tabindex=\"0\" role=\"link\">propaganda<\/a> est&aacute;n moldeando el presente.<\/p>\n\n\n\n<p>La lecci&oacute;n que podemos extraer de estas novelas es clara: la libertad y los derechos no est&aacute;n garantizados para siempre, sino que deben defenderse activamente. La narrativa dist&oacute;pica no es solo entretenimiento, sino una advertencia sobre las derivas autoritarias que pueden adoptar las sociedades. Reconocer las se&ntilde;ales del pasado y del presente puede ayudarnos a construir un futuro en el que estas historias sigan siendo solo obras de ficci&oacute;n y no la cr&oacute;nica de nuestro tiempo.<\/p>\n\n\n\n<h4 class=\"wp-block-heading has-vivid-green-cyan-color has-text-color has-link-color wp-elements-4c6f036fb2a78d0392e5641ed79888a3\"><strong>Actividades complementarias<\/strong><\/h4>\n\n\n\n<p>Ver la serie <em>The Handmaid&rsquo;s Tale<\/em> (El cuento de la criada)<\/p>\n\n\n\n<hr class=\"wp-block-separator has-text-color has-vivid-green-cyan-color has-alpha-channel-opacity has-vivid-green-cyan-background-color has-background is-style-wide\">\n\n\n\n<div style=\"height:100px\" aria-hidden=\"true\" class=\"wp-block-spacer\"><\/div>\n\n\n<script type=\"text\/javascript\">\n\/* <![CDATA[ *\/\nvar gform;gform||(document.addEventListener(\"gform_main_scripts_loaded\",function(){gform.scriptsLoaded=!0}),document.addEventListener(\"gform\/theme\/scripts_loaded\",function(){gform.themeScriptsLoaded=!0}),window.addEventListener(\"DOMContentLoaded\",function(){gform.domLoaded=!0}),gform={domLoaded:!1,scriptsLoaded:!1,themeScriptsLoaded:!1,isFormEditor:()=>\"function\"==typeof InitializeEditor,callIfLoaded:function(o){return!(!gform.domLoaded||!gform.scriptsLoaded||!gform.themeScriptsLoaded&&!gform.isFormEditor()||(gform.isFormEditor()&&console.warn(\"The use of gform.initializeOnLoaded() is deprecated in the form editor context and will be removed in Gravity Forms 3.1.\"),o(),0))},initializeOnLoaded:function(o){gform.callIfLoaded(o)||(document.addEventListener(\"gform_main_scripts_loaded\",()=>{gform.scriptsLoaded=!0,gform.callIfLoaded(o)}),document.addEventListener(\"gform\/theme\/scripts_loaded\",()=>{gform.themeScriptsLoaded=!0,gform.callIfLoaded(o)}),window.addEventListener(\"DOMContentLoaded\",()=>{gform.domLoaded=!0,gform.callIfLoaded(o)}))},hooks:{action:{},filter:{}},addAction:function(o,r,e,t){gform.addHook(\"action\",o,r,e,t)},addFilter:function(o,r,e,t){gform.addHook(\"filter\",o,r,e,t)},doAction:function(o){gform.doHook(\"action\",o,arguments)},applyFilters:function(o){return gform.doHook(\"filter\",o,arguments)},removeAction:function(o,r){gform.removeHook(\"action\",o,r)},removeFilter:function(o,r,e){gform.removeHook(\"filter\",o,r,e)},addHook:function(o,r,e,t,n){null==gform.hooks[o][r]&&(gform.hooks[o][r]=[]);var d=gform.hooks[o][r];null==n&&(n=r+\"_\"+d.length),gform.hooks[o][r].push({tag:n,callable:e,priority:t=null==t?10:t})},doHook:function(r,o,e){var t;if(e=Array.prototype.slice.call(e,1),null!=gform.hooks[r][o]&&((o=gform.hooks[r][o]).sort(function(o,r){return o.priority-r.priority}),o.forEach(function(o){\"function\"!=typeof(t=o.callable)&&(t=window[t]),\"action\"==r?t.apply(null,e):e[0]=t.apply(null,e)})),\"filter\"==r)return e[0]},removeHook:function(o,r,t,n){var e;null!=gform.hooks[o][r]&&(e=(e=gform.hooks[o][r]).filter(function(o,r,e){return!!(null!=n&&n!=o.tag||null!=t&&t!=o.priority)}),gform.hooks[o][r]=e)}});\n\/* ]]> *\/\n<\/script>\n\n                <div class=\"gf_browser_gecko gform_wrapper gravity-theme gform-theme--no-framework quiz_wrapper\" data-form-theme=\"gravity-theme\" data-form-index=\"0\" id=\"gform_wrapper_834\"><div id=\"gf_834\" class=\"gform_anchor\" tabindex=\"-1\"><\/div>\n                        <div class=\"gform_heading\">\n                            <h2 class=\"gform_title\">Cuestionario de comprensi&oacute;n lectora. Las distop&iacute;as se hacen realidad: el mundo de hoy a trav&eacute;s del prisma de la narrativa<\/h2>\n                            <p class=\"gform_description\"><\/p>\n                        <\/div><form method=\"post\" enctype=\"multipart\/form-data\" id=\"gform_834\" class=\"quiz\" action=\"\/es\/wp-json\/wp\/v2\/posts\/28258#gf_834\" data-formid=\"834\" novalidate> \r\n <input type=\"hidden\" class=\"gforms-pum\" value='{\"closepopup\":false,\"closedelay\":0,\"openpopup\":false,\"openpopup_id\":0}'>\n        <div id=\"gf_progressbar_wrapper_834\" class=\"gf_progressbar_wrapper\" data-start-at-zero=\"\">\n        \t<p class=\"gf_progressbar_title\">Paso <span class=\"gf_step_current_page\">1<\/span> de <span class=\"gf_step_page_count\">3<\/span><span class=\"gf_step_page_name\"><\/span>\n        \t<\/p>\n            <div class=\"gf_progressbar gf_progressbar_blue\" aria-hidden=\"true\">\n                <div class=\"gf_progressbar_percentage percentbar_blue percentbar_33\" style=\"width:33%;\"><span>33%<\/span><\/div>\n            <\/div><\/div>\n                        <div class=\"gform-body gform_body\"><div id=\"gform_page_834_1\" class=\"gform_page \" data-js=\"page-field-id-0\">\n\t\t\t\t\t<div class=\"gform_page_fields\"><div id=\"gform_fields_834\" class=\"gform_fields top_label form_sublabel_below description_below validation_below\"><fieldset id=\"field_834_1\" class=\"gfield gfield--type-quiz gfield--type-choice gfield--input-type-radio field_sublabel_below gfield--no-description field_description_below field_validation_below gfield_visibility_visible gquiz-field \" data-field-class=\"gquiz-field\"><legend class=\"gfield_label gform-field-label\">&iquest;Cu&aacute;l es la principal caracter&iacute;stica de una distop&iacute;a?<\/legend><div class=\"ginput_container ginput_container_radio\"><div class=\"gfield_radio\" id=\"input_834_1\">\n\t\t\t<div class=\"gchoice gchoice_834_1_0\">\n\t\t\t\t\t<input class=\"gfield-choice-input\" name=\"input_1\" type=\"radio\" value=\"gquiz1b2b27084\" id=\"choice_834_1_0\" onchange=\"gformToggleRadioOther( this )\">\n\t\t\t\t\t<label for=\"choice_834_1_0\" id=\"label_834_1_0\" class=\"gform-field-label gform-field-label--type-inline\">Una sociedad perfecta y armoniosa.<\/label>\n\t\t\t<\/div>\n\t\t\t<div class=\"gchoice gchoice_834_1_1\">\n\t\t\t\t\t<input class=\"gfield-choice-input\" name=\"input_1\" type=\"radio\" value=\"gquiz12c53da11\" id=\"choice_834_1_1\" onchange=\"gformToggleRadioOther( this )\">\n\t\t\t\t\t<label for=\"choice_834_1_1\" id=\"label_834_1_1\" class=\"gform-field-label gform-field-label--type-inline\">Un mundo caracterizado por la opresi&oacute;n y las condiciones extremas.<\/label>\n\t\t\t<\/div>\n\t\t\t<div class=\"gchoice gchoice_834_1_2\">\n\t\t\t\t\t<input class=\"gfield-choice-input\" name=\"input_1\" type=\"radio\" value=\"gquiz1b6725f5d\" id=\"choice_834_1_2\" onchange=\"gformToggleRadioOther( this )\">\n\t\t\t\t\t<label for=\"choice_834_1_2\" id=\"label_834_1_2\" class=\"gform-field-label gform-field-label--type-inline\">Un lugar m&aacute;gico y fant&aacute;stico.<\/label>\n\t\t\t<\/div>\n\t\t\t<div class=\"gchoice gchoice_834_1_3\">\n\t\t\t\t\t<input class=\"gfield-choice-input\" name=\"input_1\" type=\"radio\" value=\"gquiz17bc269e0\" id=\"choice_834_1_3\" onchange=\"gformToggleRadioOther( this )\">\n\t\t\t\t\t<label for=\"choice_834_1_3\" id=\"label_834_1_3\" class=\"gform-field-label gform-field-label--type-inline\">Un futuro sin tecnolog&iacute;a.<\/label>\n\t\t\t<\/div><\/div><\/div><\/fieldset><\/div>\n                    <\/div>\n                    <div class=\"gform-page-footer gform_page_footer top_label\">\n                         <input type=\"button\" id=\"gform_next_button_834_5\" class=\"gform_next_button gform-theme-button button\" onclick=\"gform.submission.handleButtonClick(this);\" data-submission-type=\"next\" value=\"Siguiente \"> \n                    <\/div>\n                <\/div>\n                <div id=\"gform_page_834_2\" class=\"gform_page\" data-js=\"page-field-id-5\" style=\"display:none;\">\n                    <div class=\"gform_page_fields\">\n                        <div id=\"gform_fields_834_2\" class=\"gform_fields top_label form_sublabel_below description_below validation_below\"><fieldset id=\"field_834_3\" class=\"gfield gfield--type-quiz gfield--type-choice gfield--input-type-radio gfield--width-full field_sublabel_below gfield--no-description field_description_below field_validation_below gfield_visibility_visible gquiz-field \" data-field-class=\"gquiz-field\"><legend class=\"gfield_label gform-field-label\">&iquest;Qu&eacute; tema de 1984 de Orwell encuentra una paralelismo en la sociedad actual?<\/legend><div class=\"ginput_container ginput_container_radio\"><div class=\"gfield_radio\" id=\"input_834_3\">\n\t\t\t<div class=\"gchoice gchoice_834_3_0\">\n\t\t\t\t\t<input class=\"gfield-choice-input\" name=\"input_3\" type=\"radio\" value=\"gquiz3394e91f2\" id=\"choice_834_3_0\" onchange=\"gformToggleRadioOther( this )\">\n\t\t\t\t\t<label for=\"choice_834_3_0\" id=\"label_834_3_0\" class=\"gform-field-label gform-field-label--type-inline\">La lucha contra las m&aacute;quinas rebeldes.<\/label>\n\t\t\t<\/div>\n\t\t\t<div class=\"gchoice gchoice_834_3_1\">\n\t\t\t\t\t<input class=\"gfield-choice-input\" name=\"input_3\" type=\"radio\" value=\"gquiz3b5aa3d2d\" id=\"choice_834_3_1\" onchange=\"gformToggleRadioOther( this )\">\n\t\t\t\t\t<label for=\"choice_834_3_1\" id=\"label_834_3_1\" class=\"gform-field-label gform-field-label--type-inline\">El control total de la privacidad y la manipulaci&oacute;n de la informaci&oacute;n.<\/label>\n\t\t\t<\/div>\n\t\t\t<div class=\"gchoice gchoice_834_3_2\">\n\t\t\t\t\t<input class=\"gfield-choice-input\" name=\"input_3\" type=\"radio\" value=\"gquiz3d1b23a18\" id=\"choice_834_3_2\" onchange=\"gformToggleRadioOther( this )\">\n\t\t\t\t\t<label for=\"choice_834_3_2\" id=\"label_834_3_2\" class=\"gform-field-label gform-field-label--type-inline\">Un mundo sin gobiernos ni autoridades.<\/label>\n\t\t\t<\/div>\n\t\t\t<div class=\"gchoice gchoice_834_3_3\">\n\t\t\t\t\t<input class=\"gfield-choice-input\" name=\"input_3\" type=\"radio\" value=\"gquiz37b77f88e\" id=\"choice_834_3_3\" onchange=\"gformToggleRadioOther( this )\">\n\t\t\t\t\t<label for=\"choice_834_3_3\" id=\"label_834_3_3\" class=\"gform-field-label gform-field-label--type-inline\">La <a class=\"glossaryLink\" aria-describedby=\"tt\" data-cmtooltip=\"&lt;div class=glossaryItemTitle&gt;Abolici&oacute;n&lt;\/div&gt;&lt;div class=glossaryItemBody&gt;&amp;lt;!-- wp:paragraph --&amp;gt;La abolici&oacute;n es la supresi&oacute;n o eliminaci&oacute;n total de una ley, pr&aacute;ctica o sistema. En el feminismo, suele referirse a la eliminaci&oacute;n de la prostituci&oacute;n o de normas que perpet&uacute;an desigualdades y opresiones.&amp;lt;br\/&amp;gt;&amp;lt;!-- \/wp:paragraph --&amp;gt;&lt;\/div&gt;&lt;div id=&amp;quot;cmtt_related_articles&amp;quot; class=&amp;quot;cmtt_related_articles_wrapper&amp;quot;&gt;&lt;div class=&amp;quot;cmtt_related_title cmtt_related_articles_title&amp;quot;&gt;Related Articles: &lt;\/div&gt;&lt;ul class=&amp;quot;cmtt_related&amp;quot;&gt;&lt;li class=&amp;quot;cmtt_related_item&amp;quot;&gt;&lt;a href=&amp;quot;https:\/\/xqthenews.com\/es\/el-8-m-denuncia-la-discriminacion-invisible-de-los-cuidados\/&amp;quot;target=&amp;quot;_blank&amp;quot;&gt;El 8-M denuncia la discriminaci&oacute;n invisible de los cuidados&lt;\/a&gt;&lt;\/li&gt;&lt;\/ul&gt;&lt;\/div&gt;\" href=\"https:\/\/xqthenews.com\/es\/glossary\/abolicion\/\" data-gt-translate-attributes='[{\"attribute\":\"data-cmtooltip\", \"format\":\"html\"}]' tabindex=\"0\" role=\"link\">abolici&oacute;n<\/a> del dinero.<\/label>\n\t\t\t<\/div><\/div><\/div><\/fieldset><\/div>\n                    <\/div>\n                    <div class=\"gform-page-footer gform_page_footer top_label\">\n                        <input type=\"button\" id=\"gform_previous_button_834_6\" class=\"gform_previous_button gform-theme-button gform-theme-button--secondary button\" onclick=\"gform.submission.handleButtonClick(this);\" data-submission-type=\"previous\" value=\"Anterior\"> <input type=\"button\" id=\"gform_next_button_834_6\" class=\"gform_next_button gform-theme-button button\" onclick=\"gform.submission.handleButtonClick(this);\" data-submission-type=\"next\" value=\"Siguiente \"> \n                    <\/div>\n                <\/div>\n                <div id=\"gform_page_834_3\" class=\"gform_page\" data-js=\"page-field-id-6\" style=\"display:none;\">\n                    <div class=\"gform_page_fields\">\n                        <div id=\"gform_fields_834_3\" class=\"gform_fields top_label form_sublabel_below description_below validation_below\"><fieldset id=\"field_834_4\" class=\"gfield gfield--type-quiz gfield--type-choice gfield--input-type-radio gfield--width-full field_sublabel_below gfield--no-description field_description_below field_validation_below gfield_visibility_visible gquiz-field \" data-field-class=\"gquiz-field\"><legend class=\"gfield_label gform-field-label\">&iquest;Qu&eacute; acontecimiento reciente recuerda la din&aacute;mica de El cuento de la criada?<\/legend><div class=\"ginput_container ginput_container_radio\"><div class=\"gfield_radio\" id=\"input_834_4\">\n\t\t\t<div class=\"gchoice gchoice_834_4_0\">\n\t\t\t\t\t<input class=\"gfield-choice-input\" name=\"input_4\" type=\"radio\" value=\"gquiz46a62d494\" id=\"choice_834_4_0\" onchange=\"gformToggleRadioOther( this )\">\n\t\t\t\t\t<label for=\"choice_834_4_0\" id=\"label_834_4_0\" class=\"gform-field-label gform-field-label--type-inline\">La difusi&oacute;n de la tecnolog&iacute;a 5G.<\/label>\n\t\t\t<\/div>\n\t\t\t<div class=\"gchoice gchoice_834_4_1\">\n\t\t\t\t\t<input class=\"gfield-choice-input\" name=\"input_4\" type=\"radio\" value=\"gquiz488c89c8f\" id=\"choice_834_4_1\" onchange=\"gformToggleRadioOther( this )\">\n\t\t\t\t\t<label for=\"choice_834_4_1\" id=\"label_834_4_1\" class=\"gform-field-label gform-field-label--type-inline\">El regreso de la <a class=\"glossaryLink\" aria-describedby=\"tt\" data-cmtooltip=\"&lt;div class=glossaryItemTitle&gt;Guerra Fr&iacute;a&lt;\/div&gt;&lt;div class=glossaryItemBody&gt;&amp;lt;!-- wp:paragraph --&amp;gt;De 1947 a 1991 se produjo un conflicto ideol&oacute;gico, pol&iacute;tico y econ&oacute;mico entre Estados Unidos y la Uni&oacute;n Sovi&eacute;tica, sin enfrentamientos directos pero con guerras por poder. El mundo se dividi&oacute; en dos bloques: el capitalista (liderado por EE. UU. y la OTAN) y el comunista (liderado por la URSS y el Pacto de Varsovia). Se caracteriz&oacute; por una carrera armament&iacute;stica, la amenaza nuclear y la competencia espacial. Los acontecimientos clave fueron la crisis de Cuba (1962), el muro de Berl&iacute;n (1961-1989) y la invasi&oacute;n sovi&eacute;tica de Afganist&aacute;n. Termin&oacute; con el colapso de la URSS en 1991.&amp;lt;br\/&amp;gt;&amp;lt;!-- \/wp:paragraph --&amp;gt;&lt;\/div&gt;&lt;div id=&amp;quot;cmtt_related_articles&amp;quot; class=&amp;quot;cmtt_related_articles_wrapper&amp;quot;&gt;&lt;div class=&amp;quot;cmtt_related_title cmtt_related_articles_title&amp;quot;&gt;Related Articles: &lt;\/div&gt;&lt;ul class=&amp;quot;cmtt_related&amp;quot;&gt;&lt;li class=&amp;quot;cmtt_related_item&amp;quot;&gt;&lt;a href=&amp;quot;https:\/\/xqthenews.com\/es\/la-guerra-ha-provocado-una-carrera-armamentistica-en-europa\/&amp;quot;target=&amp;quot;_blank&amp;quot;&gt;La guerra ha provocado una carrera armament&iacute;stica en Europa&lt;\/a&gt;&lt;\/li&gt;&lt;\/ul&gt;&lt;\/div&gt;\" href=\"https:\/\/xqthenews.com\/es\/glossary\/guerra-fria\/\" data-gt-translate-attributes='[{\"attribute\":\"data-cmtooltip\", \"format\":\"html\"}]' tabindex=\"0\" role=\"link\">Guerra Fr&iacute;a<\/a> entre Rusia y EE. UU.<\/label>\n\t\t\t<\/div>\n\t\t\t<div class=\"gchoice gchoice_834_4_2\">\n\t\t\t\t\t<input class=\"gfield-choice-input\" name=\"input_4\" type=\"radio\" value=\"gquiz4054f68d8\" id=\"choice_834_4_2\" onchange=\"gformToggleRadioOther( this )\">\n\t\t\t\t\t<label for=\"choice_834_4_2\" id=\"label_834_4_2\" class=\"gform-field-label gform-field-label--type-inline\">La revocaci&oacute;n de la sentencia Roe contra Wade y la restricci&oacute;n de los derechos de las mujeres.<\/label>\n\t\t\t<\/div>\n\t\t\t<div class=\"gchoice gchoice_834_4_3\">\n\t\t\t\t\t<input class=\"gfield-choice-input\" name=\"input_4\" type=\"radio\" value=\"gquiz45e9cfdf1\" id=\"choice_834_4_3\" onchange=\"gformToggleRadioOther( this )\">\n\t\t\t\t\t<label for=\"choice_834_4_3\" id=\"label_834_4_3\" class=\"gform-field-label gform-field-label--type-inline\">El crecimiento del mercado de los coches el&eacute;ctricos.<\/label>\n\t\t\t<\/div><\/div><\/div><\/fieldset><\/div><\/div>\n        <div class=\"gform-page-footer gform_page_footer top_label\"><input type=\"submit\" id=\"gform_previous_button_834\" class=\"gform_previous_button gform-theme-button gform-theme-button--secondary button\" onclick=\"gform.submission.handleButtonClick(this);\" data-submission-type=\"previous\" value=\"Anterior\"> <input type=\"submit\" id=\"gform_submit_button_834\" class=\"gform_button button\" onclick=\"gform.submission.handleButtonClick(this);\" data-submission-type=\"submit\" value=\"Enviar\"> \n            <input type=\"hidden\" class=\"gform_hidden\" name=\"gform_submission_method\" data-js=\"gform_submission_method_834\" value=\"postback\">\n            <input type=\"hidden\" class=\"gform_hidden\" name=\"gform_theme\" data-js=\"gform_theme_834\" id=\"gform_theme_834\" value=\"gravity-theme\">\n            <input type=\"hidden\" class=\"gform_hidden\" name=\"gform_style_settings\" data-js=\"gform_style_settings_834\" id=\"gform_style_settings_834\" value='{\"inputPrimaryColor\":\"#204ce5\"}'>\n            <input type=\"hidden\" class=\"gform_hidden\" name=\"is_submit_834\" value=\"1\">\n            <input type=\"hidden\" class=\"gform_hidden\" name=\"gform_submit\" value=\"834\">\n            \n            <input type=\"hidden\" class=\"gform_hidden\" name=\"gform_currency\" data-currency=\"EUR\" value=\"X2em\/N5XNJ3bPWOMnzqYM3BIUcwotsuzKwlR9VHX56TvuPPWvs7L3qGcspw20+bLR4rG93yibykhXB\/k0cTlWuvgxmY55r2Hptt3OkXSkKjjDC0=\">\n            <input type=\"hidden\" class=\"gform_hidden\" name=\"gform_unique_id\" value=\"\">\n            <input type=\"hidden\" class=\"gform_hidden\" name=\"state_834\" value=\"WyJbXSIsIjVlMjNlOGUzOTg5N2RmMzcwZmE1ODRlNDZjZGJmYjNkIl0=\">\n            <input type=\"hidden\" autocomplete=\"off\" class=\"gform_hidden\" name=\"gform_target_page_number_834\" id=\"gform_target_page_number_834\" value=\"2\">\n            <input type=\"hidden\" autocomplete=\"off\" class=\"gform_hidden\" name=\"gform_source_page_number_834\" id=\"gform_source_page_number_834\" value=\"1\">\n            <input type=\"hidden\" name=\"gform_field_values\" value=\"\">\n            \n        <\/div>\n             <\/div><\/div>\n                        <\/form>\n                        <\/div><script type=\"text\/javascript\">\n\/* <![CDATA[ *\/\n gform.initializeOnLoaded( function() {gformInitSpinner( 834, 'https:\/\/xqthenews.com\/wp-content\/plugins\/gravityforms\/images\/spinner.svg', true );jQuery('#gform_ajax_frame_834').on('load',function(){var contents = jQuery(this).contents().find('*').html();var is_postback = contents.indexOf('GF_AJAX_POSTBACK') >= 0;if(!is_postback){return;}var form_content = jQuery(this).contents().find('#gform_wrapper_834');var is_confirmation = jQuery(this).contents().find('#gform_confirmation_wrapper_834').length > 0;var is_redirect = contents.indexOf('gformRedirect(){') >= 0;var is_form = form_content.length > 0 && ! is_redirect && ! is_confirmation;var mt = parseInt(jQuery('html').css('margin-top'), 10) + parseInt(jQuery('body').css('margin-top'), 10) + 100;if(is_form){jQuery('#gform_wrapper_834').html(form_content.html());if(form_content.hasClass('gform_validation_error')){jQuery('#gform_wrapper_834').addClass('gform_validation_error');} else {jQuery('#gform_wrapper_834').removeClass('gform_validation_error');}setTimeout( function() { \/* delay the scroll by 50 milliseconds to fix a bug in chrome *\/ jQuery(document).scrollTop(jQuery('#gform_wrapper_834').offset().top - mt); }, 50 );if(window['gformInitDatepicker']) {gformInitDatepicker();}if(window['gformInitPriceFields']) {gformInitPriceFields();}var current_page = jQuery('#gform_source_page_number_834').val();gformInitSpinner( 834, 'https:\/\/xqthenews.com\/wp-content\/plugins\/gravityforms\/images\/spinner.svg', true );jQuery(document).trigger('gform_page_loaded', [834, current_page]);window['gf_submitting_834'] = false;}else if(!is_redirect){var confirmation_content = jQuery(this).contents().find('.GF_AJAX_POSTBACK').html();if(!confirmation_content){confirmation_content = contents;}jQuery('#gform_wrapper_834').replaceWith(confirmation_content);jQuery(document).scrollTop(jQuery('#gf_834').offset().top - mt);jQuery(document).trigger('gform_confirmation_loaded', [834]);window['gf_submitting_834'] = false;wp.a11y.speak(jQuery('#gform_confirmation_message_834').text());}else{jQuery('#gform_834').append(contents);if(window['gformRedirect']) {gformRedirect();}}jQuery(document).trigger(\"gform_pre_post_render\", [{ formId: \"834\", currentPage: \"current_page\", abort: function() { this.preventDefault(); } }]);        if (event && event.defaultPrevented) {                return;        }        const gformWrapperDiv = document.getElementById( \"gform_wrapper_834\" );        if ( gformWrapperDiv ) {            const visibilitySpan = document.createElement( \"span\" );            visibilitySpan.id = \"gform_visibility_test_834\";            gformWrapperDiv.insertAdjacentElement( \"afterend\", visibilitySpan );        }        const visibilityTestDiv = document.getElementById( \"gform_visibility_test_834\" );        let postRenderFired = false;        function triggerPostRender() {            if ( postRenderFired ) {                return;            }            postRenderFired = true;            gform.core.triggerPostRenderEvents( 834, current_page );            if ( visibilityTestDiv ) {                visibilityTestDiv.parentNode.removeChild( visibilityTestDiv );            }        }        function debounce( func, wait, immediate ) {            var timeout;            return function() {                var context = this, args = arguments;                var later = function() {                    timeout = null;                    if ( !immediate ) func.apply( context, args );                };                var callNow = immediate && !timeout;                clearTimeout( timeout );                timeout = setTimeout( later, wait );                if ( callNow ) func.apply( context, args );            };        }        const debouncedTriggerPostRender = debounce( function() {            triggerPostRender();        }, 200 );        if ( visibilityTestDiv && visibilityTestDiv.offsetParent === null ) {            const observer = new MutationObserver( ( mutations ) => {                mutations.forEach( ( mutation ) => {                    if ( mutation.type === 'attributes' && visibilityTestDiv.offsetParent !== null ) {                        debouncedTriggerPostRender();                        observer.disconnect();                    }                });            });            observer.observe( document.body, {                attributes: true,                childList: false,                subtree: true,                attributeFilter: [ 'style', 'class' ],            });        } else {            triggerPostRender();        }    } );} ); \n\/* ]]> *\/\n<\/script>\n","protected":false},"excerpt":{"rendered":"<p>&iquest;Por qu&eacute; estas obras siguen teniendo tanta resonancia en el p&uacute;blico contempor&aacute;neo? Y, sobre todo, &iquest;cu&aacute;nta ficci&oacute;n literaria se est&aacute; haciendo realidad en nuestro mundo? &nbsp;En los &uacute;ltimos a&ntilde;os, las novelas dist&oacute;picas como El cuento de la criada de Margaret Atwood, 1984 de George Orwell y Fahrenheit 451 de Ray Bradbury han cobrado m&aacute;s relevancia<\/p>\n","protected":false},"author":55,"featured_media":28263,"comment_status":"open","ping_status":"open","sticky":false,"template":"","format":"standard","meta":{"_acf_changed":false,"footnotes":""},"categories":[362,361],"tags":[1015,1014,1013],"coauthors":[217],"class_list":{"0":"post-28258","1":"post","2":"type-post","3":"status-publish","4":"format-standard","5":"has-post-thumbnail","7":"category-arte-y-literatura","8":"category-sociedad-y-cultura","9":"tag-control","10":"tag-derechos","11":"tag-distopia"},"acf":[],"yoast_head":"<!-- This site is optimized with the Yoast SEO plugin v27.4 - https:\/\/yoast.com\/product\/yoast-seo-wordpress\/ -->\n<title>Las distop\u00edas se hacen realidad: el mundo de hoy a trav\u00e9s del prisma de la narrativa - xqthenews<\/title>\n<meta name=\"robots\" content=\"index, follow, max-snippet:-1, max-image-preview:large, max-video-preview:-1\" \/>\n<link rel=\"canonical\" href=\"https:\/\/xqthenews.com\/es\/las-distopias-se-hacen-realidad-el-mundo-de-hoy-a-traves-del-prisma-de-la-narrativa\/\" \/>\n<meta property=\"og:locale\" content=\"es_ES\" \/>\n<meta property=\"og:type\" content=\"article\" \/>\n<meta property=\"og:title\" content=\"Las distop\u00edas se hacen realidad: el mundo de hoy a trav\u00e9s del prisma de la narrativa - xqthenews\" \/>\n<meta property=\"og:description\" content=\"&iquest;Por qu&eacute; estas obras siguen teniendo tanta resonancia en el p&uacute;blico contempor&aacute;neo? Y, sobre todo, &iquest;cu&aacute;nta ficci&oacute;n literaria se est&aacute; haciendo realidad en nuestro mundo? &nbsp;En los &uacute;ltimos a&ntilde;os, las novelas dist&oacute;picas como El cuento de la criada de Margaret Atwood, 1984 de George Orwell y Fahrenheit 451 de Ray Bradbury han cobrado m&aacute;s relevancia\" \/>\n<meta property=\"og:url\" content=\"https:\/\/xqthenews.com\/es\/las-distopias-se-hacen-realidad-el-mundo-de-hoy-a-traves-del-prisma-de-la-narrativa\/\" \/>\n<meta property=\"og:site_name\" content=\"xqthenews\" \/>\n<meta property=\"article:published_time\" content=\"2025-03-12T07:45:32+00:00\" \/>\n<meta property=\"og:image\" content=\"https:\/\/xqthenews.com\/wp-content\/uploads\/2025\/03\/Portada-2.jpg\" \/>\n\t<meta property=\"og:image:width\" content=\"2000\" \/>\n\t<meta property=\"og:image:height\" content=\"1333\" \/>\n\t<meta property=\"og:image:type\" content=\"image\/jpeg\" \/>\n<meta name=\"author\" content=\"Valentina Isernia\" \/>\n<meta name=\"twitter:card\" content=\"summary_large_image\" \/>\n<meta name=\"twitter:label1\" content=\"Escrito por\" \/>\n\t<meta name=\"twitter:data1\" content=\"Valentina Isernia\" \/>\n\t<meta name=\"twitter:label2\" content=\"Tiempo de lectura\" \/>\n\t<meta name=\"twitter:data2\" content=\"6 minutos\" \/>\n\t<meta name=\"twitter:label3\" content=\"Written by\" \/>\n\t<meta name=\"twitter:data3\" content=\"Valentina Isernia\" \/>\n<script type=\"application\/ld+json\" class=\"yoast-schema-graph\">{\"@context\":\"https:\\\/\\\/schema.org\",\"@graph\":[{\"@type\":\"Article\",\"@id\":\"https:\\\/\\\/xqthenews.com\\\/es\\\/las-distopias-se-hacen-realidad-el-mundo-de-hoy-a-traves-del-prisma-de-la-narrativa\\\/#article\",\"isPartOf\":{\"@id\":\"https:\\\/\\\/xqthenews.com\\\/es\\\/las-distopias-se-hacen-realidad-el-mundo-de-hoy-a-traves-del-prisma-de-la-narrativa\\\/\"},\"author\":{\"name\":\"Valentina Isernia\",\"@id\":\"https:\\\/\\\/xqthenews.com\\\/es\\\/#\\\/schema\\\/person\\\/a4acc80e0ac8a376ae6d9e223a081d5d\"},\"headline\":\"Las distop\u00edas se hacen realidad: el mundo de hoy a trav\u00e9s del prisma de la narrativa\",\"datePublished\":\"2025-03-12T07:45:32+00:00\",\"mainEntityOfPage\":{\"@id\":\"https:\\\/\\\/xqthenews.com\\\/es\\\/las-distopias-se-hacen-realidad-el-mundo-de-hoy-a-traves-del-prisma-de-la-narrativa\\\/\"},\"wordCount\":1261,\"commentCount\":0,\"image\":{\"@id\":\"https:\\\/\\\/xqthenews.com\\\/es\\\/las-distopias-se-hacen-realidad-el-mundo-de-hoy-a-traves-del-prisma-de-la-narrativa\\\/#primaryimage\"},\"thumbnailUrl\":\"https:\\\/\\\/xqthenews.com\\\/wp-content\\\/uploads\\\/2025\\\/03\\\/Portada-2.jpg\",\"keywords\":[\"control.\",\"derechos\",\"Distop\u00eda\"],\"articleSection\":[\"Arte y literatura\",\"Sociedad y cultura\"],\"inLanguage\":\"es\",\"potentialAction\":[{\"@type\":\"CommentAction\",\"name\":\"Comment\",\"target\":[\"https:\\\/\\\/xqthenews.com\\\/es\\\/las-distopias-se-hacen-realidad-el-mundo-de-hoy-a-traves-del-prisma-de-la-narrativa\\\/#respond\"]}]},{\"@type\":\"WebPage\",\"@id\":\"https:\\\/\\\/xqthenews.com\\\/es\\\/las-distopias-se-hacen-realidad-el-mundo-de-hoy-a-traves-del-prisma-de-la-narrativa\\\/\",\"url\":\"https:\\\/\\\/xqthenews.com\\\/es\\\/las-distopias-se-hacen-realidad-el-mundo-de-hoy-a-traves-del-prisma-de-la-narrativa\\\/\",\"name\":\"Las distop\u00edas se hacen realidad: el mundo de hoy a trav\u00e9s del prisma de la narrativa - xqthenews\",\"isPartOf\":{\"@id\":\"https:\\\/\\\/xqthenews.com\\\/es\\\/#website\"},\"primaryImageOfPage\":{\"@id\":\"https:\\\/\\\/xqthenews.com\\\/es\\\/las-distopias-se-hacen-realidad-el-mundo-de-hoy-a-traves-del-prisma-de-la-narrativa\\\/#primaryimage\"},\"image\":{\"@id\":\"https:\\\/\\\/xqthenews.com\\\/es\\\/las-distopias-se-hacen-realidad-el-mundo-de-hoy-a-traves-del-prisma-de-la-narrativa\\\/#primaryimage\"},\"thumbnailUrl\":\"https:\\\/\\\/xqthenews.com\\\/wp-content\\\/uploads\\\/2025\\\/03\\\/Portada-2.jpg\",\"datePublished\":\"2025-03-12T07:45:32+00:00\",\"author\":{\"@id\":\"https:\\\/\\\/xqthenews.com\\\/es\\\/#\\\/schema\\\/person\\\/a4acc80e0ac8a376ae6d9e223a081d5d\"},\"breadcrumb\":{\"@id\":\"https:\\\/\\\/xqthenews.com\\\/es\\\/las-distopias-se-hacen-realidad-el-mundo-de-hoy-a-traves-del-prisma-de-la-narrativa\\\/#breadcrumb\"},\"inLanguage\":\"es\",\"potentialAction\":[{\"@type\":\"ReadAction\",\"target\":[\"https:\\\/\\\/xqthenews.com\\\/es\\\/las-distopias-se-hacen-realidad-el-mundo-de-hoy-a-traves-del-prisma-de-la-narrativa\\\/\"]}]},{\"@type\":\"ImageObject\",\"inLanguage\":\"es\",\"@id\":\"https:\\\/\\\/xqthenews.com\\\/es\\\/las-distopias-se-hacen-realidad-el-mundo-de-hoy-a-traves-del-prisma-de-la-narrativa\\\/#primaryimage\",\"url\":\"https:\\\/\\\/xqthenews.com\\\/wp-content\\\/uploads\\\/2025\\\/03\\\/Portada-2.jpg\",\"contentUrl\":\"https:\\\/\\\/xqthenews.com\\\/wp-content\\\/uploads\\\/2025\\\/03\\\/Portada-2.jpg\",\"width\":2000,\"height\":1333,\"caption\":\"El lenguaje y la iconograf\u00eda del Cuento de la criada han sido adoptados por muchas manifestantes en todo el mundo. El ic\u00f3nico manto rojo y el gorro blanco de las criadas simbolizan la lucha contra las restricciones a la libertad de las mujeres | Depositphotos.com\"},{\"@type\":\"BreadcrumbList\",\"@id\":\"https:\\\/\\\/xqthenews.com\\\/es\\\/las-distopias-se-hacen-realidad-el-mundo-de-hoy-a-traves-del-prisma-de-la-narrativa\\\/#breadcrumb\",\"itemListElement\":[{\"@type\":\"ListItem\",\"position\":1,\"name\":\"Portada\",\"item\":\"https:\\\/\\\/xqthenews.com\\\/es\\\/\"},{\"@type\":\"ListItem\",\"position\":2,\"name\":\"Las distop\u00edas se hacen realidad: el mundo de hoy a trav\u00e9s del prisma de la narrativa\"}]},{\"@type\":\"WebSite\",\"@id\":\"https:\\\/\\\/xqthenews.com\\\/es\\\/#website\",\"url\":\"https:\\\/\\\/xqthenews.com\\\/es\\\/\",\"name\":\"xqthenews\",\"description\":\"El porqu\u00e9 de las noticias\",\"potentialAction\":[{\"@type\":\"SearchAction\",\"target\":{\"@type\":\"EntryPoint\",\"urlTemplate\":\"https:\\\/\\\/xqthenews.com\\\/es\\\/?s={search_term_string}\"},\"query-input\":{\"@type\":\"PropertyValueSpecification\",\"valueRequired\":true,\"valueName\":\"search_term_string\"}}],\"inLanguage\":\"es\"},{\"@type\":\"Person\",\"@id\":\"https:\\\/\\\/xqthenews.com\\\/es\\\/#\\\/schema\\\/person\\\/a4acc80e0ac8a376ae6d9e223a081d5d\",\"name\":\"Valentina Isernia\",\"image\":{\"@type\":\"ImageObject\",\"inLanguage\":\"es\",\"@id\":\"https:\\\/\\\/xqthenews.com\\\/wp-content\\\/uploads\\\/2024\\\/09\\\/valentina-isernia_avatar_1-96x96.jpg0b33b4124730ea5ac8a5dcb54c77abac\",\"url\":\"https:\\\/\\\/xqthenews.com\\\/wp-content\\\/uploads\\\/2024\\\/09\\\/valentina-isernia_avatar_1-96x96.jpg\",\"contentUrl\":\"https:\\\/\\\/xqthenews.com\\\/wp-content\\\/uploads\\\/2024\\\/09\\\/valentina-isernia_avatar_1-96x96.jpg\",\"caption\":\"Valentina Isernia\"},\"description\":\"Valentina Isernia es periodista, gestora de redes sociales y analista de contenidos de radio y televisi\u00f3n. Tras una larga experiencia en la redacci\u00f3n de \\\"Il Tacco d'Italia\\\", se gradu\u00f3 con las m\u00e1ximas calificaciones en la Universidad \\\"La Sapienza\\\" de Roma en el M\u00e1ster de Industria Cultural y Comunicaci\u00f3n Digital con una tesis sobre fantas\u00eda. En 2020 fund\u00f3 la revista semestral Fantasy Era, publicada por IdeaDinamica Scarl.\",\"url\":\"https:\\\/\\\/xqthenews.com\\\/es\\\/author\\\/valetinaisernia\\\/\"}]}<\/script>\n<!-- \/ Yoast SEO plugin. -->","yoast_head_json":{"title":"Las distop\u00edas se hacen realidad: el mundo de hoy a trav\u00e9s del prisma de la narrativa - xqthenews","robots":{"index":"index","follow":"follow","max-snippet":"max-snippet:-1","max-image-preview":"max-image-preview:large","max-video-preview":"max-video-preview:-1"},"canonical":"https:\/\/xqthenews.com\/es\/las-distopias-se-hacen-realidad-el-mundo-de-hoy-a-traves-del-prisma-de-la-narrativa\/","og_locale":"es_ES","og_type":"article","og_title":"Las distop\u00edas se hacen realidad: el mundo de hoy a trav\u00e9s del prisma de la narrativa - xqthenews","og_description":"&iquest;Por qu&eacute; estas obras siguen teniendo tanta resonancia en el p&uacute;blico contempor&aacute;neo? Y, sobre todo, &iquest;cu&aacute;nta ficci&oacute;n literaria se est&aacute; haciendo realidad en nuestro mundo? &nbsp;En los &uacute;ltimos a&ntilde;os, las novelas dist&oacute;picas como El cuento de la criada de Margaret Atwood, 1984 de George Orwell y Fahrenheit 451 de Ray Bradbury han cobrado m&aacute;s relevancia","og_url":"https:\/\/xqthenews.com\/es\/las-distopias-se-hacen-realidad-el-mundo-de-hoy-a-traves-del-prisma-de-la-narrativa\/","og_site_name":"xqthenews","article_published_time":"2025-03-12T07:45:32+00:00","og_image":[{"width":2000,"height":1333,"url":"https:\/\/xqthenews.com\/wp-content\/uploads\/2025\/03\/Portada-2.jpg","type":"image\/jpeg"}],"author":"Valentina Isernia","twitter_card":"summary_large_image","twitter_misc":{"Escrito por":"Valentina Isernia","Tiempo de lectura":"6 minutos","Written by":"Valentina Isernia"},"schema":{"@context":"https:\/\/schema.org","@graph":[{"@type":"Article","@id":"https:\/\/xqthenews.com\/es\/las-distopias-se-hacen-realidad-el-mundo-de-hoy-a-traves-del-prisma-de-la-narrativa\/#article","isPartOf":{"@id":"https:\/\/xqthenews.com\/es\/las-distopias-se-hacen-realidad-el-mundo-de-hoy-a-traves-del-prisma-de-la-narrativa\/"},"author":{"name":"Valentina Isernia","@id":"https:\/\/xqthenews.com\/es\/#\/schema\/person\/a4acc80e0ac8a376ae6d9e223a081d5d"},"headline":"Las distop\u00edas se hacen realidad: el mundo de hoy a trav\u00e9s del prisma de la narrativa","datePublished":"2025-03-12T07:45:32+00:00","mainEntityOfPage":{"@id":"https:\/\/xqthenews.com\/es\/las-distopias-se-hacen-realidad-el-mundo-de-hoy-a-traves-del-prisma-de-la-narrativa\/"},"wordCount":1261,"commentCount":0,"image":{"@id":"https:\/\/xqthenews.com\/es\/las-distopias-se-hacen-realidad-el-mundo-de-hoy-a-traves-del-prisma-de-la-narrativa\/#primaryimage"},"thumbnailUrl":"https:\/\/xqthenews.com\/wp-content\/uploads\/2025\/03\/Portada-2.jpg","keywords":["control.","derechos","Distop\u00eda"],"articleSection":["Arte y literatura","Sociedad y cultura"],"inLanguage":"es","potentialAction":[{"@type":"CommentAction","name":"Comment","target":["https:\/\/xqthenews.com\/es\/las-distopias-se-hacen-realidad-el-mundo-de-hoy-a-traves-del-prisma-de-la-narrativa\/#respond"]}]},{"@type":"WebPage","@id":"https:\/\/xqthenews.com\/es\/las-distopias-se-hacen-realidad-el-mundo-de-hoy-a-traves-del-prisma-de-la-narrativa\/","url":"https:\/\/xqthenews.com\/es\/las-distopias-se-hacen-realidad-el-mundo-de-hoy-a-traves-del-prisma-de-la-narrativa\/","name":"Las distop\u00edas se hacen realidad: el mundo de hoy a trav\u00e9s del prisma de la narrativa - xqthenews","isPartOf":{"@id":"https:\/\/xqthenews.com\/es\/#website"},"primaryImageOfPage":{"@id":"https:\/\/xqthenews.com\/es\/las-distopias-se-hacen-realidad-el-mundo-de-hoy-a-traves-del-prisma-de-la-narrativa\/#primaryimage"},"image":{"@id":"https:\/\/xqthenews.com\/es\/las-distopias-se-hacen-realidad-el-mundo-de-hoy-a-traves-del-prisma-de-la-narrativa\/#primaryimage"},"thumbnailUrl":"https:\/\/xqthenews.com\/wp-content\/uploads\/2025\/03\/Portada-2.jpg","datePublished":"2025-03-12T07:45:32+00:00","author":{"@id":"https:\/\/xqthenews.com\/es\/#\/schema\/person\/a4acc80e0ac8a376ae6d9e223a081d5d"},"breadcrumb":{"@id":"https:\/\/xqthenews.com\/es\/las-distopias-se-hacen-realidad-el-mundo-de-hoy-a-traves-del-prisma-de-la-narrativa\/#breadcrumb"},"inLanguage":"es","potentialAction":[{"@type":"ReadAction","target":["https:\/\/xqthenews.com\/es\/las-distopias-se-hacen-realidad-el-mundo-de-hoy-a-traves-del-prisma-de-la-narrativa\/"]}]},{"@type":"ImageObject","inLanguage":"es","@id":"https:\/\/xqthenews.com\/es\/las-distopias-se-hacen-realidad-el-mundo-de-hoy-a-traves-del-prisma-de-la-narrativa\/#primaryimage","url":"https:\/\/xqthenews.com\/wp-content\/uploads\/2025\/03\/Portada-2.jpg","contentUrl":"https:\/\/xqthenews.com\/wp-content\/uploads\/2025\/03\/Portada-2.jpg","width":2000,"height":1333,"caption":"El lenguaje y la iconograf\u00eda del Cuento de la criada han sido adoptados por muchas manifestantes en todo el mundo. El ic\u00f3nico manto rojo y el gorro blanco de las criadas simbolizan la lucha contra las restricciones a la libertad de las mujeres | Depositphotos.com"},{"@type":"BreadcrumbList","@id":"https:\/\/xqthenews.com\/es\/las-distopias-se-hacen-realidad-el-mundo-de-hoy-a-traves-del-prisma-de-la-narrativa\/#breadcrumb","itemListElement":[{"@type":"ListItem","position":1,"name":"Portada","item":"https:\/\/xqthenews.com\/es\/"},{"@type":"ListItem","position":2,"name":"Las distop\u00edas se hacen realidad: el mundo de hoy a trav\u00e9s del prisma de la narrativa"}]},{"@type":"WebSite","@id":"https:\/\/xqthenews.com\/es\/#website","url":"https:\/\/xqthenews.com\/es\/","name":"xqthenews","description":"El porqu\u00e9 de las noticias","potentialAction":[{"@type":"SearchAction","target":{"@type":"EntryPoint","urlTemplate":"https:\/\/xqthenews.com\/es\/?s={search_term_string}"},"query-input":{"@type":"PropertyValueSpecification","valueRequired":true,"valueName":"search_term_string"}}],"inLanguage":"es"},{"@type":"Person","@id":"https:\/\/xqthenews.com\/es\/#\/schema\/person\/a4acc80e0ac8a376ae6d9e223a081d5d","name":"Valentina Isernia","image":{"@type":"ImageObject","inLanguage":"es","@id":"https:\/\/xqthenews.com\/wp-content\/uploads\/2024\/09\/valentina-isernia_avatar_1-96x96.jpg0b33b4124730ea5ac8a5dcb54c77abac","url":"https:\/\/xqthenews.com\/wp-content\/uploads\/2024\/09\/valentina-isernia_avatar_1-96x96.jpg","contentUrl":"https:\/\/xqthenews.com\/wp-content\/uploads\/2024\/09\/valentina-isernia_avatar_1-96x96.jpg","caption":"Valentina Isernia"},"description":"Valentina Isernia es periodista, gestora de redes sociales y analista de contenidos de radio y televisi\u00f3n. Tras una larga experiencia en la redacci\u00f3n de \"Il Tacco d'Italia\", se gradu\u00f3 con las m\u00e1ximas calificaciones en la Universidad \"La Sapienza\" de Roma en el M\u00e1ster de Industria Cultural y Comunicaci\u00f3n Digital con una tesis sobre fantas\u00eda. En 2020 fund\u00f3 la revista semestral Fantasy Era, publicada por IdeaDinamica Scarl.","url":"https:\/\/xqthenews.com\/es\/author\/valetinaisernia\/"}]}},"_links":{"self":[{"href":"https:\/\/xqthenews.com\/es\/wp-json\/wp\/v2\/posts\/28258","targetHints":{"allow":["GET"]}}],"collection":[{"href":"https:\/\/xqthenews.com\/es\/wp-json\/wp\/v2\/posts"}],"about":[{"href":"https:\/\/xqthenews.com\/es\/wp-json\/wp\/v2\/types\/post"}],"author":[{"embeddable":true,"href":"https:\/\/xqthenews.com\/es\/wp-json\/wp\/v2\/users\/55"}],"replies":[{"embeddable":true,"href":"https:\/\/xqthenews.com\/es\/wp-json\/wp\/v2\/comments?post=28258"}],"version-history":[{"count":1,"href":"https:\/\/xqthenews.com\/es\/wp-json\/wp\/v2\/posts\/28258\/revisions"}],"predecessor-version":[{"id":28267,"href":"https:\/\/xqthenews.com\/es\/wp-json\/wp\/v2\/posts\/28258\/revisions\/28267"}],"wp:featuredmedia":[{"embeddable":true,"href":"https:\/\/xqthenews.com\/es\/wp-json\/wp\/v2\/media\/28263"}],"wp:attachment":[{"href":"https:\/\/xqthenews.com\/es\/wp-json\/wp\/v2\/media?parent=28258"}],"wp:term":[{"taxonomy":"category","embeddable":true,"href":"https:\/\/xqthenews.com\/es\/wp-json\/wp\/v2\/categories?post=28258"},{"taxonomy":"post_tag","embeddable":true,"href":"https:\/\/xqthenews.com\/es\/wp-json\/wp\/v2\/tags?post=28258"},{"taxonomy":"author","embeddable":true,"href":"https:\/\/xqthenews.com\/es\/wp-json\/wp\/v2\/coauthors?post=28258"}],"curies":[{"name":"wp","href":"https:\/\/api.w.org\/{rel}","templated":true}]}}