{"id":28044,"date":"2025-03-05T09:26:03","date_gmt":"2025-03-05T08:26:03","guid":{"rendered":"https:\/\/xqthenews.com\/?p=28044"},"modified":"2025-03-05T09:26:03","modified_gmt":"2025-03-05T08:26:03","slug":"la-guerra-ha-provocado-una-carrera-armamentistica-en-europa","status":"publish","type":"post","link":"https:\/\/xqthenews.com\/es\/la-guerra-ha-provocado-una-carrera-armamentistica-en-europa\/","title":{"rendered":"La guerra ha provocado una carrera armament\u00edstica en Europa"},"content":{"rendered":"<p><strong>Tras la invasi&oacute;n rusa de Ucrania, la seguridad en Europa ha cambiado radicalmente. Los pa&iacute;ses de la <a class=\"glossaryLink\"  aria-describedby=\"tt\"  data-cmtooltip=\"&lt;div class=glossaryItemTitle&gt;OTAN&lt;\/div&gt;&lt;div class=glossaryItemBody&gt;&amp;lt;!-- wp:paragraph --&amp;gt;Es una alianza pol&iacute;tico-militar denominada &amp;quot;Organizaci&oacute;n del Tratado del Atl&aacute;ntico Norte&amp;quot;, fundada tras la Segunda Guerra Mundial en 1949, en clave antisovi&eacute;tica. Cuenta con 31 pa&iacute;ses miembros. Cualquier Estado europeo que est&eacute; en condiciones de cumplir los principios de este tratado y de contribuir a la seguridad de la zona del Atl&aacute;ntico Norte puede convertirse en miembro de la OTAN. Las decisiones deben tomarse por unanimidad, pero cada miembro tiene derecho de veto.&amp;lt;br\/&amp;gt;&amp;lt;!-- \/wp:paragraph --&amp;gt;&lt;\/div&gt;&lt;div id=&amp;quot;cmtt_related_articles&amp;quot; class=&amp;quot;cmtt_related_articles_wrapper&amp;quot;&gt;&lt;div class=&amp;quot;cmtt_related_title cmtt_related_articles_title&amp;quot;&gt;Related Articles: &lt;\/div&gt;&lt;ul class=&amp;quot;cmtt_related&amp;quot;&gt;&lt;li class=&amp;quot;cmtt_related_item&amp;quot;&gt;&lt;a href=&amp;quot;https:\/\/xqthenews.com\/es\/ucrania-la-herida-en-el-corazon-de-europa\/&amp;quot;target=&amp;quot;_blank&amp;quot;&gt;Ucrania, la herida en el coraz&oacute;n de Europa&lt;\/a&gt;&lt;\/li&gt;&lt;li class=&amp;quot;cmtt_related_item&amp;quot;&gt;&lt;a href=&amp;quot;https:\/\/xqthenews.com\/es\/kurdistan-la-shoah-invisible\/&amp;quot;target=&amp;quot;_blank&amp;quot;&gt;Kurdist&aacute;n, la Shoah invisible&lt;\/a&gt;&lt;\/li&gt;&lt;li class=&amp;quot;cmtt_related_item&amp;quot;&gt;&lt;a href=&amp;quot;https:\/\/xqthenews.com\/es\/glossary\/guerra-fria\/&amp;quot;target=&amp;quot;_blank&amp;quot;&gt;Glossary:  Guerra Fr&iacute;a&lt;\/a&gt;&lt;\/li&gt;&lt;li class=&amp;quot;cmtt_related_item&amp;quot;&gt;&lt;a href=&amp;quot;https:\/\/xqthenews.com\/es\/la-guerra-ha-provocado-una-carrera-armamentistica-en-europa\/&amp;quot;target=&amp;quot;_blank&amp;quot;&gt;La guerra ha provocado una carrera armament&iacute;stica en Europa&lt;\/a&gt;&lt;\/li&gt;&lt;li class=&amp;quot;cmtt_related_item&amp;quot;&gt;&lt;a href=&amp;quot;https:\/\/xqthenews.com\/es\/glossary\/articulo-5-de-la-otan\/&amp;quot;target=&amp;quot;_blank&amp;quot;&gt;Glossary:  Art&iacute;culo 5 de la OTAN&lt;\/a&gt;&lt;\/li&gt;&lt;\/ul&gt;&lt;\/div&gt;\"  href=\"https:\/\/xqthenews.com\/es\/glossary\/otan\/\"  data-gt-translate-attributes='[{\"attribute\":\"data-cmtooltip\", \"format\":\"html\"}]' tabindex='0' role='link'>OTAN<\/a> est&aacute;n aumentando el gasto militar y algunos est&aacute;n considerando la posibilidad de volver a la conscripci&oacute;n obligatoria. As&iacute; es c&oacute;mo est&aacute; evolucionando la carrera armament&iacute;stica en el continente<\/strong>.<\/p>\n\n\n\n<p>La invasi&oacute;n rusa de Ucrania, que comenz&oacute; el 24 de febrero de 2022, marc&oacute; un punto de inflexi&oacute;n en la seguridad europea, redefiniendo las prioridades estrat&eacute;gicas y militares de la <a class=\"glossaryLink\"  aria-describedby=\"tt\"  data-cmtooltip=\"&lt;div class=glossaryItemTitle&gt;OTAN&lt;\/div&gt;&lt;div class=glossaryItemBody&gt;&amp;lt;!-- wp:paragraph --&amp;gt;Es una alianza pol&iacute;tico-militar denominada &amp;quot;Organizaci&oacute;n del Tratado del Atl&aacute;ntico Norte&amp;quot;, fundada tras la Segunda Guerra Mundial en 1949, en clave antisovi&eacute;tica. Cuenta con 31 pa&iacute;ses miembros. Cualquier Estado europeo que est&eacute; en condiciones de cumplir los principios de este tratado y de contribuir a la seguridad de la zona del Atl&aacute;ntico Norte puede convertirse en miembro de la OTAN. Las decisiones deben tomarse por unanimidad, pero cada miembro tiene derecho de veto.&amp;lt;br\/&amp;gt;&amp;lt;!-- \/wp:paragraph --&amp;gt;&lt;\/div&gt;&lt;div id=&amp;quot;cmtt_related_articles&amp;quot; class=&amp;quot;cmtt_related_articles_wrapper&amp;quot;&gt;&lt;div class=&amp;quot;cmtt_related_title cmtt_related_articles_title&amp;quot;&gt;Related Articles: &lt;\/div&gt;&lt;ul class=&amp;quot;cmtt_related&amp;quot;&gt;&lt;li class=&amp;quot;cmtt_related_item&amp;quot;&gt;&lt;a href=&amp;quot;https:\/\/xqthenews.com\/es\/ucrania-la-herida-en-el-corazon-de-europa\/&amp;quot;target=&amp;quot;_blank&amp;quot;&gt;Ucrania, la herida en el coraz&oacute;n de Europa&lt;\/a&gt;&lt;\/li&gt;&lt;li class=&amp;quot;cmtt_related_item&amp;quot;&gt;&lt;a href=&amp;quot;https:\/\/xqthenews.com\/es\/kurdistan-la-shoah-invisible\/&amp;quot;target=&amp;quot;_blank&amp;quot;&gt;Kurdist&aacute;n, la Shoah invisible&lt;\/a&gt;&lt;\/li&gt;&lt;li class=&amp;quot;cmtt_related_item&amp;quot;&gt;&lt;a href=&amp;quot;https:\/\/xqthenews.com\/es\/glossary\/guerra-fria\/&amp;quot;target=&amp;quot;_blank&amp;quot;&gt;Glossary:  Guerra Fr&iacute;a&lt;\/a&gt;&lt;\/li&gt;&lt;li class=&amp;quot;cmtt_related_item&amp;quot;&gt;&lt;a href=&amp;quot;https:\/\/xqthenews.com\/es\/la-guerra-ha-provocado-una-carrera-armamentistica-en-europa\/&amp;quot;target=&amp;quot;_blank&amp;quot;&gt;La guerra ha provocado una carrera armament&iacute;stica en Europa&lt;\/a&gt;&lt;\/li&gt;&lt;li class=&amp;quot;cmtt_related_item&amp;quot;&gt;&lt;a href=&amp;quot;https:\/\/xqthenews.com\/es\/glossary\/articulo-5-de-la-otan\/&amp;quot;target=&amp;quot;_blank&amp;quot;&gt;Glossary:  Art&iacute;culo 5 de la OTAN&lt;\/a&gt;&lt;\/li&gt;&lt;\/ul&gt;&lt;\/div&gt;\"  href=\"https:\/\/xqthenews.com\/es\/glossary\/otan\/\"  data-gt-translate-attributes='[{\"attribute\":\"data-cmtooltip\", \"format\":\"html\"}]' tabindex='0' role='link'>OTAN<\/a>. Desde su constituci&oacute;n en 1949 hasta la actualidad, los presupuestos militares europeos siempre hab&iacute;an sido inferiores al l&iacute;mite del 2 % del PIB, el nivel m&iacute;nimo recomendado por la Alianza Atl&aacute;ntica. Sin embargo, el conflicto en Ucrania cambi&oacute; r&aacute;pidamente la situaci&oacute;n de muchos pa&iacute;ses. Veamos algunos ejemplos.<\/p>\n\n\n\n<p>Un hecho sorprendente ha sido que Finlandia y Suecia han abandonado su hist&oacute;rica neutralidad para entrar en la <a class=\"glossaryLink\"  aria-describedby=\"tt\"  data-cmtooltip=\"&lt;div class=glossaryItemTitle&gt;OTAN&lt;\/div&gt;&lt;div class=glossaryItemBody&gt;&amp;lt;!-- wp:paragraph --&amp;gt;Es una alianza pol&iacute;tico-militar denominada &amp;quot;Organizaci&oacute;n del Tratado del Atl&aacute;ntico Norte&amp;quot;, fundada tras la Segunda Guerra Mundial en 1949, en clave antisovi&eacute;tica. Cuenta con 31 pa&iacute;ses miembros. Cualquier Estado europeo que est&eacute; en condiciones de cumplir los principios de este tratado y de contribuir a la seguridad de la zona del Atl&aacute;ntico Norte puede convertirse en miembro de la OTAN. Las decisiones deben tomarse por unanimidad, pero cada miembro tiene derecho de veto.&amp;lt;br\/&amp;gt;&amp;lt;!-- \/wp:paragraph --&amp;gt;&lt;\/div&gt;&lt;div id=&amp;quot;cmtt_related_articles&amp;quot; class=&amp;quot;cmtt_related_articles_wrapper&amp;quot;&gt;&lt;div class=&amp;quot;cmtt_related_title cmtt_related_articles_title&amp;quot;&gt;Related Articles: &lt;\/div&gt;&lt;ul class=&amp;quot;cmtt_related&amp;quot;&gt;&lt;li class=&amp;quot;cmtt_related_item&amp;quot;&gt;&lt;a href=&amp;quot;https:\/\/xqthenews.com\/es\/ucrania-la-herida-en-el-corazon-de-europa\/&amp;quot;target=&amp;quot;_blank&amp;quot;&gt;Ucrania, la herida en el coraz&oacute;n de Europa&lt;\/a&gt;&lt;\/li&gt;&lt;li class=&amp;quot;cmtt_related_item&amp;quot;&gt;&lt;a href=&amp;quot;https:\/\/xqthenews.com\/es\/kurdistan-la-shoah-invisible\/&amp;quot;target=&amp;quot;_blank&amp;quot;&gt;Kurdist&aacute;n, la Shoah invisible&lt;\/a&gt;&lt;\/li&gt;&lt;li class=&amp;quot;cmtt_related_item&amp;quot;&gt;&lt;a href=&amp;quot;https:\/\/xqthenews.com\/es\/glossary\/guerra-fria\/&amp;quot;target=&amp;quot;_blank&amp;quot;&gt;Glossary:  Guerra Fr&iacute;a&lt;\/a&gt;&lt;\/li&gt;&lt;li class=&amp;quot;cmtt_related_item&amp;quot;&gt;&lt;a href=&amp;quot;https:\/\/xqthenews.com\/es\/la-guerra-ha-provocado-una-carrera-armamentistica-en-europa\/&amp;quot;target=&amp;quot;_blank&amp;quot;&gt;La guerra ha provocado una carrera armament&iacute;stica en Europa&lt;\/a&gt;&lt;\/li&gt;&lt;li class=&amp;quot;cmtt_related_item&amp;quot;&gt;&lt;a href=&amp;quot;https:\/\/xqthenews.com\/es\/glossary\/articulo-5-de-la-otan\/&amp;quot;target=&amp;quot;_blank&amp;quot;&gt;Glossary:  Art&iacute;culo 5 de la OTAN&lt;\/a&gt;&lt;\/li&gt;&lt;\/ul&gt;&lt;\/div&gt;\"  href=\"https:\/\/xqthenews.com\/es\/glossary\/otan\/\"  data-gt-translate-attributes='[{\"attribute\":\"data-cmtooltip\", \"format\":\"html\"}]' tabindex='0' role='link'>OTAN<\/a>. Un cambio trascendental que pone a&uacute;n m&aacute;s bajo asedio a la Federaci&oacute;n Rusa, tambi&eacute;n a la luz del fuerte rearme de los pa&iacute;ses b&aacute;lticos y de Europa centro-oriental.<\/p>\n\n\n\n<p>Destaca tambi&eacute;n el caso de Alemania, que ha anunciado un fondo extraordinario de 100.000 millones de euros para modernizar su aparato b&eacute;lico.<\/p>\n\n\n\n<p>El contexto hist&oacute;rico actual pone de manifiesto, por tanto, una transformaci&oacute;n radical de las pol&iacute;ticas de defensa europeas y la ruptura de antiguos tab&uacute;es. La era posterior a la <a class=\"glossaryLink\" aria-describedby=\"tt\" data-cmtooltip=\"&lt;div class=glossaryItemTitle&gt;Guerra Fr&iacute;a&lt;\/div&gt;&lt;div class=glossaryItemBody&gt;&amp;lt;!-- wp:paragraph --&amp;gt;De 1947 a 1991 se produjo un conflicto ideol&oacute;gico, pol&iacute;tico y econ&oacute;mico entre Estados Unidos y la Uni&oacute;n Sovi&eacute;tica, sin enfrentamientos directos pero con guerras por poder. El mundo se dividi&oacute; en dos bloques: el capitalista (liderado por EE. UU. y la OTAN) y el comunista (liderado por la URSS y el Pacto de Varsovia). Se caracteriz&oacute; por una carrera armament&iacute;stica, la amenaza nuclear y la competencia espacial. Los acontecimientos clave fueron la crisis de Cuba (1962), el muro de Berl&iacute;n (1961-1989) y la invasi&oacute;n sovi&eacute;tica de Afganist&aacute;n. Termin&oacute; con el colapso de la URSS en 1991.&amp;lt;br\/&amp;gt;&amp;lt;!-- \/wp:paragraph --&amp;gt;&lt;\/div&gt;&lt;div id=&amp;quot;cmtt_related_articles&amp;quot; class=&amp;quot;cmtt_related_articles_wrapper&amp;quot;&gt;&lt;div class=&amp;quot;cmtt_related_title cmtt_related_articles_title&amp;quot;&gt;Related Articles: &lt;\/div&gt;&lt;ul class=&amp;quot;cmtt_related&amp;quot;&gt;&lt;li class=&amp;quot;cmtt_related_item&amp;quot;&gt;&lt;a href=&amp;quot;https:\/\/xqthenews.com\/es\/la-guerra-ha-provocado-una-carrera-armamentistica-en-europa\/&amp;quot;target=&amp;quot;_blank&amp;quot;&gt;La guerra ha provocado una carrera armament&iacute;stica en Europa&lt;\/a&gt;&lt;\/li&gt;&lt;\/ul&gt;&lt;\/div&gt;\" href=\"https:\/\/xqthenews.com\/es\/glossary\/guerra-fria\/\" data-gt-translate-attributes='[{\"attribute\":\"data-cmtooltip\", \"format\":\"html\"}]' tabindex=\"0\" role=\"link\">Guerra Fr&iacute;a<\/a> ha llegado definitivamente a su fin, sustituida por una nueva fase de rearme y confrontaci&oacute;n entre bloques. Con la espada de Damocles adicional de la inestabilidad resultante de las pol&iacute;ticas negociadoras del presidente estadounidense Donald Trump, m&aacute;ximo exponente de la imprevisibilidad en pol&iacute;tica exterior.<\/p>\n\n\n\n<h2 class=\"wp-block-heading\"><strong>Las cifras de la carrera armamentista en Europa<\/strong><\/h2>\n\n\n\n<p><a href=\"https:\/\/unipd-centrodirittiumani.it\/it\/temi\/la-spesa-in-armamenti-nel-mondo-2024?utm_source=chatgpt.com\">El gasto militar europeo total en 2024 <\/a>fue de 730.000 millones de d&oacute;lares. Un 58 % m&aacute;s que los 462 000 millones de d&oacute;lares gastados por la Federaci&oacute;n Rusa.<\/p>\n\n\n\n<p>El armamentismo en los pa&iacute;ses de la <a class=\"glossaryLink\"  aria-describedby=\"tt\"  data-cmtooltip=\"&lt;div class=glossaryItemTitle&gt;OTAN&lt;\/div&gt;&lt;div class=glossaryItemBody&gt;&amp;lt;!-- wp:paragraph --&amp;gt;Es una alianza pol&iacute;tico-militar denominada &amp;quot;Organizaci&oacute;n del Tratado del Atl&aacute;ntico Norte&amp;quot;, fundada tras la Segunda Guerra Mundial en 1949, en clave antisovi&eacute;tica. Cuenta con 31 pa&iacute;ses miembros. Cualquier Estado europeo que est&eacute; en condiciones de cumplir los principios de este tratado y de contribuir a la seguridad de la zona del Atl&aacute;ntico Norte puede convertirse en miembro de la OTAN. Las decisiones deben tomarse por unanimidad, pero cada miembro tiene derecho de veto.&amp;lt;br\/&amp;gt;&amp;lt;!-- \/wp:paragraph --&amp;gt;&lt;\/div&gt;&lt;div id=&amp;quot;cmtt_related_articles&amp;quot; class=&amp;quot;cmtt_related_articles_wrapper&amp;quot;&gt;&lt;div class=&amp;quot;cmtt_related_title cmtt_related_articles_title&amp;quot;&gt;Related Articles: &lt;\/div&gt;&lt;ul class=&amp;quot;cmtt_related&amp;quot;&gt;&lt;li class=&amp;quot;cmtt_related_item&amp;quot;&gt;&lt;a href=&amp;quot;https:\/\/xqthenews.com\/es\/ucrania-la-herida-en-el-corazon-de-europa\/&amp;quot;target=&amp;quot;_blank&amp;quot;&gt;Ucrania, la herida en el coraz&oacute;n de Europa&lt;\/a&gt;&lt;\/li&gt;&lt;li class=&amp;quot;cmtt_related_item&amp;quot;&gt;&lt;a href=&amp;quot;https:\/\/xqthenews.com\/es\/kurdistan-la-shoah-invisible\/&amp;quot;target=&amp;quot;_blank&amp;quot;&gt;Kurdist&aacute;n, la Shoah invisible&lt;\/a&gt;&lt;\/li&gt;&lt;li class=&amp;quot;cmtt_related_item&amp;quot;&gt;&lt;a href=&amp;quot;https:\/\/xqthenews.com\/es\/glossary\/guerra-fria\/&amp;quot;target=&amp;quot;_blank&amp;quot;&gt;Glossary:  Guerra Fr&iacute;a&lt;\/a&gt;&lt;\/li&gt;&lt;li class=&amp;quot;cmtt_related_item&amp;quot;&gt;&lt;a href=&amp;quot;https:\/\/xqthenews.com\/es\/la-guerra-ha-provocado-una-carrera-armamentistica-en-europa\/&amp;quot;target=&amp;quot;_blank&amp;quot;&gt;La guerra ha provocado una carrera armament&iacute;stica en Europa&lt;\/a&gt;&lt;\/li&gt;&lt;li class=&amp;quot;cmtt_related_item&amp;quot;&gt;&lt;a href=&amp;quot;https:\/\/xqthenews.com\/es\/glossary\/articulo-5-de-la-otan\/&amp;quot;target=&amp;quot;_blank&amp;quot;&gt;Glossary:  Art&iacute;culo 5 de la OTAN&lt;\/a&gt;&lt;\/li&gt;&lt;\/ul&gt;&lt;\/div&gt;\"  href=\"https:\/\/xqthenews.com\/es\/glossary\/otan\/\"  data-gt-translate-attributes='[{\"attribute\":\"data-cmtooltip\", \"format\":\"html\"}]' tabindex='0' role='link'>OTAN<\/a> est&aacute; creciendo tanto que, de los 32 pa&iacute;ses (excluida Islandia, que no tiene ej&eacute;rcito), 23 han superado el l&iacute;mite del 2 % del PIB.<\/p>\n\n\n\n<p>En Europa, solo &laquo;resisten&raquo; Italia, B&eacute;lgica, Croacia, Luxemburgo, Portugal, Eslovenia y Espa&ntilde;a, a los que se suma Canad&aacute;, con gastos militares muy bajos, equivalentes al 1,37 % del PIB.<\/p>\n\n\n\n<p>El porcentaje m&aacute;s alto entre los miembros de la <a class=\"glossaryLink\"  aria-describedby=\"tt\"  data-cmtooltip=\"&lt;div class=glossaryItemTitle&gt;OTAN&lt;\/div&gt;&lt;div class=glossaryItemBody&gt;&amp;lt;!-- wp:paragraph --&amp;gt;Es una alianza pol&iacute;tico-militar denominada &amp;quot;Organizaci&oacute;n del Tratado del Atl&aacute;ntico Norte&amp;quot;, fundada tras la Segunda Guerra Mundial en 1949, en clave antisovi&eacute;tica. Cuenta con 31 pa&iacute;ses miembros. Cualquier Estado europeo que est&eacute; en condiciones de cumplir los principios de este tratado y de contribuir a la seguridad de la zona del Atl&aacute;ntico Norte puede convertirse en miembro de la OTAN. Las decisiones deben tomarse por unanimidad, pero cada miembro tiene derecho de veto.&amp;lt;br\/&amp;gt;&amp;lt;!-- \/wp:paragraph --&amp;gt;&lt;\/div&gt;&lt;div id=&amp;quot;cmtt_related_articles&amp;quot; class=&amp;quot;cmtt_related_articles_wrapper&amp;quot;&gt;&lt;div class=&amp;quot;cmtt_related_title cmtt_related_articles_title&amp;quot;&gt;Related Articles: &lt;\/div&gt;&lt;ul class=&amp;quot;cmtt_related&amp;quot;&gt;&lt;li class=&amp;quot;cmtt_related_item&amp;quot;&gt;&lt;a href=&amp;quot;https:\/\/xqthenews.com\/es\/ucrania-la-herida-en-el-corazon-de-europa\/&amp;quot;target=&amp;quot;_blank&amp;quot;&gt;Ucrania, la herida en el coraz&oacute;n de Europa&lt;\/a&gt;&lt;\/li&gt;&lt;li class=&amp;quot;cmtt_related_item&amp;quot;&gt;&lt;a href=&amp;quot;https:\/\/xqthenews.com\/es\/kurdistan-la-shoah-invisible\/&amp;quot;target=&amp;quot;_blank&amp;quot;&gt;Kurdist&aacute;n, la Shoah invisible&lt;\/a&gt;&lt;\/li&gt;&lt;li class=&amp;quot;cmtt_related_item&amp;quot;&gt;&lt;a href=&amp;quot;https:\/\/xqthenews.com\/es\/glossary\/guerra-fria\/&amp;quot;target=&amp;quot;_blank&amp;quot;&gt;Glossary:  Guerra Fr&iacute;a&lt;\/a&gt;&lt;\/li&gt;&lt;li class=&amp;quot;cmtt_related_item&amp;quot;&gt;&lt;a href=&amp;quot;https:\/\/xqthenews.com\/es\/la-guerra-ha-provocado-una-carrera-armamentistica-en-europa\/&amp;quot;target=&amp;quot;_blank&amp;quot;&gt;La guerra ha provocado una carrera armament&iacute;stica en Europa&lt;\/a&gt;&lt;\/li&gt;&lt;li class=&amp;quot;cmtt_related_item&amp;quot;&gt;&lt;a href=&amp;quot;https:\/\/xqthenews.com\/es\/glossary\/articulo-5-de-la-otan\/&amp;quot;target=&amp;quot;_blank&amp;quot;&gt;Glossary:  Art&iacute;culo 5 de la OTAN&lt;\/a&gt;&lt;\/li&gt;&lt;\/ul&gt;&lt;\/div&gt;\"  href=\"https:\/\/xqthenews.com\/es\/glossary\/otan\/\"  data-gt-translate-attributes='[{\"attribute\":\"data-cmtooltip\", \"format\":\"html\"}]' tabindex='0' role='link'>OTAN<\/a> corresponde a Polonia, con un 4,12 %, seguida de Estonia, Letonia y Grecia.<\/p>\n\n\n\n<p>Un caso aparte son los Estados Unidos, que, con 916.000 millones de d&oacute;lares en gastos militares (3,38 % en relaci&oacute;n con el PIB), representan el 37 % del gasto militar mundial y el 68 % del de la <a class=\"glossaryLink\"  aria-describedby=\"tt\"  data-cmtooltip=\"&lt;div class=glossaryItemTitle&gt;OTAN&lt;\/div&gt;&lt;div class=glossaryItemBody&gt;&amp;lt;!-- wp:paragraph --&amp;gt;Es una alianza pol&iacute;tico-militar denominada &amp;quot;Organizaci&oacute;n del Tratado del Atl&aacute;ntico Norte&amp;quot;, fundada tras la Segunda Guerra Mundial en 1949, en clave antisovi&eacute;tica. Cuenta con 31 pa&iacute;ses miembros. Cualquier Estado europeo que est&eacute; en condiciones de cumplir los principios de este tratado y de contribuir a la seguridad de la zona del Atl&aacute;ntico Norte puede convertirse en miembro de la OTAN. Las decisiones deben tomarse por unanimidad, pero cada miembro tiene derecho de veto.&amp;lt;br\/&amp;gt;&amp;lt;!-- \/wp:paragraph --&amp;gt;&lt;\/div&gt;&lt;div id=&amp;quot;cmtt_related_articles&amp;quot; class=&amp;quot;cmtt_related_articles_wrapper&amp;quot;&gt;&lt;div class=&amp;quot;cmtt_related_title cmtt_related_articles_title&amp;quot;&gt;Related Articles: &lt;\/div&gt;&lt;ul class=&amp;quot;cmtt_related&amp;quot;&gt;&lt;li class=&amp;quot;cmtt_related_item&amp;quot;&gt;&lt;a href=&amp;quot;https:\/\/xqthenews.com\/es\/ucrania-la-herida-en-el-corazon-de-europa\/&amp;quot;target=&amp;quot;_blank&amp;quot;&gt;Ucrania, la herida en el coraz&oacute;n de Europa&lt;\/a&gt;&lt;\/li&gt;&lt;li class=&amp;quot;cmtt_related_item&amp;quot;&gt;&lt;a href=&amp;quot;https:\/\/xqthenews.com\/es\/kurdistan-la-shoah-invisible\/&amp;quot;target=&amp;quot;_blank&amp;quot;&gt;Kurdist&aacute;n, la Shoah invisible&lt;\/a&gt;&lt;\/li&gt;&lt;li class=&amp;quot;cmtt_related_item&amp;quot;&gt;&lt;a href=&amp;quot;https:\/\/xqthenews.com\/es\/glossary\/guerra-fria\/&amp;quot;target=&amp;quot;_blank&amp;quot;&gt;Glossary:  Guerra Fr&iacute;a&lt;\/a&gt;&lt;\/li&gt;&lt;li class=&amp;quot;cmtt_related_item&amp;quot;&gt;&lt;a href=&amp;quot;https:\/\/xqthenews.com\/es\/la-guerra-ha-provocado-una-carrera-armamentistica-en-europa\/&amp;quot;target=&amp;quot;_blank&amp;quot;&gt;La guerra ha provocado una carrera armament&iacute;stica en Europa&lt;\/a&gt;&lt;\/li&gt;&lt;li class=&amp;quot;cmtt_related_item&amp;quot;&gt;&lt;a href=&amp;quot;https:\/\/xqthenews.com\/es\/glossary\/articulo-5-de-la-otan\/&amp;quot;target=&amp;quot;_blank&amp;quot;&gt;Glossary:  Art&iacute;culo 5 de la OTAN&lt;\/a&gt;&lt;\/li&gt;&lt;\/ul&gt;&lt;\/div&gt;\"  href=\"https:\/\/xqthenews.com\/es\/glossary\/otan\/\"  data-gt-translate-attributes='[{\"attribute\":\"data-cmtooltip\", \"format\":\"html\"}]' tabindex='0' role='link'>OTAN<\/a>. Sin embargo, el gasto estadounidense de 2694 d&oacute;lares por habitante es superado por Israel, que ha alcanzado el gasto per c&aacute;pita m&aacute;s alto del mundo: 2997 d&oacute;lares por habitante.<\/p>\n\n\n\n<p>Para hacer una comparaci&oacute;n con la segunda superpotencia del mundo, la Rep&uacute;blica Popular China gasta 208 d&oacute;lares por habitante.<\/p>\n\n\n\n<h2 class=\"wp-block-heading\"><strong>En Italia<\/strong><\/h2>\n\n\n\n<p>El presupuesto del Ministerio de Defensa muestra un gasto de 29 200 millones de euros para 2024, lo que equivale al 1,58 % seg&uacute;n la evaluaci&oacute;n de la <a class=\"glossaryLink\"  aria-describedby=\"tt\"  data-cmtooltip=\"&lt;div class=glossaryItemTitle&gt;OTAN&lt;\/div&gt;&lt;div class=glossaryItemBody&gt;&amp;lt;!-- wp:paragraph --&amp;gt;Es una alianza pol&iacute;tico-militar denominada &amp;quot;Organizaci&oacute;n del Tratado del Atl&aacute;ntico Norte&amp;quot;, fundada tras la Segunda Guerra Mundial en 1949, en clave antisovi&eacute;tica. Cuenta con 31 pa&iacute;ses miembros. Cualquier Estado europeo que est&eacute; en condiciones de cumplir los principios de este tratado y de contribuir a la seguridad de la zona del Atl&aacute;ntico Norte puede convertirse en miembro de la OTAN. Las decisiones deben tomarse por unanimidad, pero cada miembro tiene derecho de veto.&amp;lt;br\/&amp;gt;&amp;lt;!-- \/wp:paragraph --&amp;gt;&lt;\/div&gt;&lt;div id=&amp;quot;cmtt_related_articles&amp;quot; class=&amp;quot;cmtt_related_articles_wrapper&amp;quot;&gt;&lt;div class=&amp;quot;cmtt_related_title cmtt_related_articles_title&amp;quot;&gt;Related Articles: &lt;\/div&gt;&lt;ul class=&amp;quot;cmtt_related&amp;quot;&gt;&lt;li class=&amp;quot;cmtt_related_item&amp;quot;&gt;&lt;a href=&amp;quot;https:\/\/xqthenews.com\/es\/ucrania-la-herida-en-el-corazon-de-europa\/&amp;quot;target=&amp;quot;_blank&amp;quot;&gt;Ucrania, la herida en el coraz&oacute;n de Europa&lt;\/a&gt;&lt;\/li&gt;&lt;li class=&amp;quot;cmtt_related_item&amp;quot;&gt;&lt;a href=&amp;quot;https:\/\/xqthenews.com\/es\/kurdistan-la-shoah-invisible\/&amp;quot;target=&amp;quot;_blank&amp;quot;&gt;Kurdist&aacute;n, la Shoah invisible&lt;\/a&gt;&lt;\/li&gt;&lt;li class=&amp;quot;cmtt_related_item&amp;quot;&gt;&lt;a href=&amp;quot;https:\/\/xqthenews.com\/es\/glossary\/guerra-fria\/&amp;quot;target=&amp;quot;_blank&amp;quot;&gt;Glossary:  Guerra Fr&iacute;a&lt;\/a&gt;&lt;\/li&gt;&lt;li class=&amp;quot;cmtt_related_item&amp;quot;&gt;&lt;a href=&amp;quot;https:\/\/xqthenews.com\/es\/la-guerra-ha-provocado-una-carrera-armamentistica-en-europa\/&amp;quot;target=&amp;quot;_blank&amp;quot;&gt;La guerra ha provocado una carrera armament&iacute;stica en Europa&lt;\/a&gt;&lt;\/li&gt;&lt;li class=&amp;quot;cmtt_related_item&amp;quot;&gt;&lt;a href=&amp;quot;https:\/\/xqthenews.com\/es\/glossary\/articulo-5-de-la-otan\/&amp;quot;target=&amp;quot;_blank&amp;quot;&gt;Glossary:  Art&iacute;culo 5 de la OTAN&lt;\/a&gt;&lt;\/li&gt;&lt;\/ul&gt;&lt;\/div&gt;\"  href=\"https:\/\/xqthenews.com\/es\/glossary\/otan\/\"  data-gt-translate-attributes='[{\"attribute\":\"data-cmtooltip\", \"format\":\"html\"}]' tabindex='0' role='link'>OTAN<\/a>. Los gastos de personal militar ascendieron a 11 700 millones de euros, repartidos entre el Ej&eacute;rcito (5950 millones), la Marina (230 millones), la Fuerza A&eacute;rea (287 millones) y los Carabinieri en misiones en el extranjero (590 millones). Las inversiones en armamento, por su parte, ascendieron a 9700 millones de euros. La cuota de las misiones militares en el extranjero ascendi&oacute; a 1210 millones de euros. El resto del gasto se debe a la organizaci&oacute;n general y a las pensiones. En conjunto, 2024 marca un fuerte crecimiento del gasto militar, en l&iacute;nea con la tendencia de los &uacute;ltimos a&ntilde;os y con los compromisos asumidos en el marco de la <a class=\"glossaryLink\"  aria-describedby=\"tt\"  data-cmtooltip=\"&lt;div class=glossaryItemTitle&gt;OTAN&lt;\/div&gt;&lt;div class=glossaryItemBody&gt;&amp;lt;!-- wp:paragraph --&amp;gt;Es una alianza pol&iacute;tico-militar denominada &amp;quot;Organizaci&oacute;n del Tratado del Atl&aacute;ntico Norte&amp;quot;, fundada tras la Segunda Guerra Mundial en 1949, en clave antisovi&eacute;tica. Cuenta con 31 pa&iacute;ses miembros. Cualquier Estado europeo que est&eacute; en condiciones de cumplir los principios de este tratado y de contribuir a la seguridad de la zona del Atl&aacute;ntico Norte puede convertirse en miembro de la OTAN. Las decisiones deben tomarse por unanimidad, pero cada miembro tiene derecho de veto.&amp;lt;br\/&amp;gt;&amp;lt;!-- \/wp:paragraph --&amp;gt;&lt;\/div&gt;&lt;div id=&amp;quot;cmtt_related_articles&amp;quot; class=&amp;quot;cmtt_related_articles_wrapper&amp;quot;&gt;&lt;div class=&amp;quot;cmtt_related_title cmtt_related_articles_title&amp;quot;&gt;Related Articles: &lt;\/div&gt;&lt;ul class=&amp;quot;cmtt_related&amp;quot;&gt;&lt;li class=&amp;quot;cmtt_related_item&amp;quot;&gt;&lt;a href=&amp;quot;https:\/\/xqthenews.com\/es\/ucrania-la-herida-en-el-corazon-de-europa\/&amp;quot;target=&amp;quot;_blank&amp;quot;&gt;Ucrania, la herida en el coraz&oacute;n de Europa&lt;\/a&gt;&lt;\/li&gt;&lt;li class=&amp;quot;cmtt_related_item&amp;quot;&gt;&lt;a href=&amp;quot;https:\/\/xqthenews.com\/es\/kurdistan-la-shoah-invisible\/&amp;quot;target=&amp;quot;_blank&amp;quot;&gt;Kurdist&aacute;n, la Shoah invisible&lt;\/a&gt;&lt;\/li&gt;&lt;li class=&amp;quot;cmtt_related_item&amp;quot;&gt;&lt;a href=&amp;quot;https:\/\/xqthenews.com\/es\/glossary\/guerra-fria\/&amp;quot;target=&amp;quot;_blank&amp;quot;&gt;Glossary:  Guerra Fr&iacute;a&lt;\/a&gt;&lt;\/li&gt;&lt;li class=&amp;quot;cmtt_related_item&amp;quot;&gt;&lt;a href=&amp;quot;https:\/\/xqthenews.com\/es\/la-guerra-ha-provocado-una-carrera-armamentistica-en-europa\/&amp;quot;target=&amp;quot;_blank&amp;quot;&gt;La guerra ha provocado una carrera armament&iacute;stica en Europa&lt;\/a&gt;&lt;\/li&gt;&lt;li class=&amp;quot;cmtt_related_item&amp;quot;&gt;&lt;a href=&amp;quot;https:\/\/xqthenews.com\/es\/glossary\/articulo-5-de-la-otan\/&amp;quot;target=&amp;quot;_blank&amp;quot;&gt;Glossary:  Art&iacute;culo 5 de la OTAN&lt;\/a&gt;&lt;\/li&gt;&lt;\/ul&gt;&lt;\/div&gt;\"  href=\"https:\/\/xqthenews.com\/es\/glossary\/otan\/\"  data-gt-translate-attributes='[{\"attribute\":\"data-cmtooltip\", \"format\":\"html\"}]' tabindex='0' role='link'>OTAN<\/a>. Y para 2025 se prev&eacute; un nuevo aumento de 2.100 millones de euros (+7,31 %), lo que elevar&aacute; el presupuesto de Defensa a 31.300 millones de euros.<\/p>\n\n\n\n<h2 class=\"wp-block-heading\"><strong>En Espa&ntilde;a<\/strong><\/h2>\n\n\n\n<p>Actualmente, Espa&ntilde;a es el pa&iacute;s de la <a class=\"glossaryLink\"  aria-describedby=\"tt\"  data-cmtooltip=\"&lt;div class=glossaryItemTitle&gt;OTAN&lt;\/div&gt;&lt;div class=glossaryItemBody&gt;&amp;lt;!-- wp:paragraph --&amp;gt;Es una alianza pol&iacute;tico-militar denominada &amp;quot;Organizaci&oacute;n del Tratado del Atl&aacute;ntico Norte&amp;quot;, fundada tras la Segunda Guerra Mundial en 1949, en clave antisovi&eacute;tica. Cuenta con 31 pa&iacute;ses miembros. Cualquier Estado europeo que est&eacute; en condiciones de cumplir los principios de este tratado y de contribuir a la seguridad de la zona del Atl&aacute;ntico Norte puede convertirse en miembro de la OTAN. Las decisiones deben tomarse por unanimidad, pero cada miembro tiene derecho de veto.&amp;lt;br\/&amp;gt;&amp;lt;!-- \/wp:paragraph --&amp;gt;&lt;\/div&gt;&lt;div id=&amp;quot;cmtt_related_articles&amp;quot; class=&amp;quot;cmtt_related_articles_wrapper&amp;quot;&gt;&lt;div class=&amp;quot;cmtt_related_title cmtt_related_articles_title&amp;quot;&gt;Related Articles: &lt;\/div&gt;&lt;ul class=&amp;quot;cmtt_related&amp;quot;&gt;&lt;li class=&amp;quot;cmtt_related_item&amp;quot;&gt;&lt;a href=&amp;quot;https:\/\/xqthenews.com\/es\/ucrania-la-herida-en-el-corazon-de-europa\/&amp;quot;target=&amp;quot;_blank&amp;quot;&gt;Ucrania, la herida en el coraz&oacute;n de Europa&lt;\/a&gt;&lt;\/li&gt;&lt;li class=&amp;quot;cmtt_related_item&amp;quot;&gt;&lt;a href=&amp;quot;https:\/\/xqthenews.com\/es\/kurdistan-la-shoah-invisible\/&amp;quot;target=&amp;quot;_blank&amp;quot;&gt;Kurdist&aacute;n, la Shoah invisible&lt;\/a&gt;&lt;\/li&gt;&lt;li class=&amp;quot;cmtt_related_item&amp;quot;&gt;&lt;a href=&amp;quot;https:\/\/xqthenews.com\/es\/glossary\/guerra-fria\/&amp;quot;target=&amp;quot;_blank&amp;quot;&gt;Glossary:  Guerra Fr&iacute;a&lt;\/a&gt;&lt;\/li&gt;&lt;li class=&amp;quot;cmtt_related_item&amp;quot;&gt;&lt;a href=&amp;quot;https:\/\/xqthenews.com\/es\/la-guerra-ha-provocado-una-carrera-armamentistica-en-europa\/&amp;quot;target=&amp;quot;_blank&amp;quot;&gt;La guerra ha provocado una carrera armament&iacute;stica en Europa&lt;\/a&gt;&lt;\/li&gt;&lt;li class=&amp;quot;cmtt_related_item&amp;quot;&gt;&lt;a href=&amp;quot;https:\/\/xqthenews.com\/es\/glossary\/articulo-5-de-la-otan\/&amp;quot;target=&amp;quot;_blank&amp;quot;&gt;Glossary:  Art&iacute;culo 5 de la OTAN&lt;\/a&gt;&lt;\/li&gt;&lt;\/ul&gt;&lt;\/div&gt;\"  href=\"https:\/\/xqthenews.com\/es\/glossary\/otan\/\"  data-gt-translate-attributes='[{\"attribute\":\"data-cmtooltip\", \"format\":\"html\"}]' tabindex='0' role='link'>OTAN<\/a> que destina el porcentaje m&aacute;s bajo de su PIB a defensa, con una inversi&oacute;n del 1,28 %. En el debate sobre el aumento del gasto militar, Espa&ntilde;a est&aacute; bajo presi&oacute;n, pero el Gobierno ha reiterado que prev&eacute; alcanzar el 2 % del PIB solo para 2029. El ministro de Asuntos Exteriores espa&ntilde;ol, Jos&eacute; Manuel Albares, declar&oacute; que un aumento inmediato es &laquo;impensable&raquo; para cualquier pa&iacute;s de la UE y rechaz&oacute; las presiones de Estados Unidos, subrayando que Espa&ntilde;a ya est&aacute; aumentando gradualmente su presupuesto de defensa.<\/p>\n\n\n\n<h2 class=\"wp-block-heading\"><strong>En Portugal<\/strong><\/h2>\n\n\n\n<p>La producci&oacute;n para fines militares en Portugal, a pesar de un pasado m&aacute;s significativo en el sector, sigue siendo muy limitada y hoy se concentra en bienes de mayor valor agregado, con un gasto en defensa del 1,55 % del PIB. Sin embargo, el Gobierno portugu&eacute;s ha anunciado su intenci&oacute;n de alcanzar el 2 % para 2029, con un aumento de al menos 700 millones de euros en el presupuesto del Ministerio de Defensa.<\/p>\n\n\n\n<h2 class=\"wp-block-heading\"><strong>El espectro del servicio militar obligatorio<\/strong><\/h2>\n\n\n\n<p>En Espa&ntilde;a, el <a class=\"glossaryLink\" aria-describedby=\"tt\" data-cmtooltip=\"&lt;div class=glossaryItemTitle&gt;Servicio militar obligatorio&lt;\/div&gt;&lt;div class=glossaryItemBody&gt;&amp;lt;!-- wp:paragraph --&amp;gt;Es la obligaci&oacute;n impuesta a los ciudadanos de prestar servicio en las fuerzas armadas de un pa&iacute;s durante un per&iacute;odo determinado. Hist&oacute;ricamente adoptado en muchos pa&iacute;ses, serv&iacute;a para garantizar un n&uacute;mero suficiente de soldados para la defensa nacional. En muchos pa&iacute;ses se ha suspendido, transformando el ej&eacute;rcito en una fuerza profesional y voluntaria. En otros, como Israel y Corea del Sur, la conscripci&oacute;n sigue vigente.&amp;lt;br\/&amp;gt;&amp;lt;!-- \/wp:paragraph --&amp;gt;&lt;\/div&gt;&lt;div id=&amp;quot;cmtt_related_articles&amp;quot; class=&amp;quot;cmtt_related_articles_wrapper&amp;quot;&gt;&lt;div class=&amp;quot;cmtt_related_title cmtt_related_articles_title&amp;quot;&gt;Related Articles: &lt;\/div&gt;&lt;ul class=&amp;quot;cmtt_related&amp;quot;&gt;&lt;li class=&amp;quot;cmtt_related_item&amp;quot;&gt;&lt;a href=&amp;quot;https:\/\/xqthenews.com\/es\/la-guerra-ha-provocado-una-carrera-armamentistica-en-europa\/&amp;quot;target=&amp;quot;_blank&amp;quot;&gt;La guerra ha provocado una carrera armament&iacute;stica en Europa&lt;\/a&gt;&lt;\/li&gt;&lt;\/ul&gt;&lt;\/div&gt;\" href=\"https:\/\/xqthenews.com\/es\/glossary\/servicio-militar-obligatorio\/\" data-gt-translate-attributes='[{\"attribute\":\"data-cmtooltip\", \"format\":\"html\"}]' tabindex=\"0\" role=\"link\">servicio militar obligatorio<\/a> se aboli&oacute; el 1 de enero de 2002 y, actualmente, no hay iniciativas para reintroducirlo. En Portugal, el presidente de la Rep&uacute;blica declar&oacute; en junio de 2024 que el restablecimiento del <a class=\"glossaryLink\" aria-describedby=\"tt\" data-cmtooltip=\"&lt;div class=glossaryItemTitle&gt;Servicio militar obligatorio&lt;\/div&gt;&lt;div class=glossaryItemBody&gt;&amp;lt;!-- wp:paragraph --&amp;gt;Es la obligaci&oacute;n impuesta a los ciudadanos de prestar servicio en las fuerzas armadas de un pa&iacute;s durante un per&iacute;odo determinado. Hist&oacute;ricamente adoptado en muchos pa&iacute;ses, serv&iacute;a para garantizar un n&uacute;mero suficiente de soldados para la defensa nacional. En muchos pa&iacute;ses se ha suspendido, transformando el ej&eacute;rcito en una fuerza profesional y voluntaria. En otros, como Israel y Corea del Sur, la conscripci&oacute;n sigue vigente.&amp;lt;br\/&amp;gt;&amp;lt;!-- \/wp:paragraph --&amp;gt;&lt;\/div&gt;&lt;div id=&amp;quot;cmtt_related_articles&amp;quot; class=&amp;quot;cmtt_related_articles_wrapper&amp;quot;&gt;&lt;div class=&amp;quot;cmtt_related_title cmtt_related_articles_title&amp;quot;&gt;Related Articles: &lt;\/div&gt;&lt;ul class=&amp;quot;cmtt_related&amp;quot;&gt;&lt;li class=&amp;quot;cmtt_related_item&amp;quot;&gt;&lt;a href=&amp;quot;https:\/\/xqthenews.com\/es\/la-guerra-ha-provocado-una-carrera-armamentistica-en-europa\/&amp;quot;target=&amp;quot;_blank&amp;quot;&gt;La guerra ha provocado una carrera armament&iacute;stica en Europa&lt;\/a&gt;&lt;\/li&gt;&lt;\/ul&gt;&lt;\/div&gt;\" href=\"https:\/\/xqthenews.com\/es\/glossary\/servicio-militar-obligatorio\/\" data-gt-translate-attributes='[{\"attribute\":\"data-cmtooltip\", \"format\":\"html\"}]' tabindex=\"0\" role=\"link\">servicio militar obligatorio<\/a> no es una cuesti&oacute;n prioritaria. Sin embargo, en varios pa&iacute;ses europeos (incluida Italia) se est&aacute;n llevando a cabo debates pol&iacute;ticos sobre la reintroducci&oacute;n del <a class=\"glossaryLink\" aria-describedby=\"tt\" data-cmtooltip=\"&lt;div class=glossaryItemTitle&gt;Servicio militar obligatorio&lt;\/div&gt;&lt;div class=glossaryItemBody&gt;&amp;lt;!-- wp:paragraph --&amp;gt;Es la obligaci&oacute;n impuesta a los ciudadanos de prestar servicio en las fuerzas armadas de un pa&iacute;s durante un per&iacute;odo determinado. Hist&oacute;ricamente adoptado en muchos pa&iacute;ses, serv&iacute;a para garantizar un n&uacute;mero suficiente de soldados para la defensa nacional. En muchos pa&iacute;ses se ha suspendido, transformando el ej&eacute;rcito en una fuerza profesional y voluntaria. En otros, como Israel y Corea del Sur, la conscripci&oacute;n sigue vigente.&amp;lt;br\/&amp;gt;&amp;lt;!-- \/wp:paragraph --&amp;gt;&lt;\/div&gt;&lt;div id=&amp;quot;cmtt_related_articles&amp;quot; class=&amp;quot;cmtt_related_articles_wrapper&amp;quot;&gt;&lt;div class=&amp;quot;cmtt_related_title cmtt_related_articles_title&amp;quot;&gt;Related Articles: &lt;\/div&gt;&lt;ul class=&amp;quot;cmtt_related&amp;quot;&gt;&lt;li class=&amp;quot;cmtt_related_item&amp;quot;&gt;&lt;a href=&amp;quot;https:\/\/xqthenews.com\/es\/la-guerra-ha-provocado-una-carrera-armamentistica-en-europa\/&amp;quot;target=&amp;quot;_blank&amp;quot;&gt;La guerra ha provocado una carrera armament&iacute;stica en Europa&lt;\/a&gt;&lt;\/li&gt;&lt;\/ul&gt;&lt;\/div&gt;\" href=\"https:\/\/xqthenews.com\/es\/glossary\/servicio-militar-obligatorio\/\" data-gt-translate-attributes='[{\"attribute\":\"data-cmtooltip\", \"format\":\"html\"}]' tabindex=\"0\" role=\"link\">servicio militar obligatorio<\/a>. He aqu&iacute; un resumen de las iniciativas m&aacute;s recientes. Letonia, tras abolir el <a class=\"glossaryLink\" aria-describedby=\"tt\" data-cmtooltip=\"&lt;div class=glossaryItemTitle&gt;Servicio militar obligatorio&lt;\/div&gt;&lt;div class=glossaryItemBody&gt;&amp;lt;!-- wp:paragraph --&amp;gt;Es la obligaci&oacute;n impuesta a los ciudadanos de prestar servicio en las fuerzas armadas de un pa&iacute;s durante un per&iacute;odo determinado. Hist&oacute;ricamente adoptado en muchos pa&iacute;ses, serv&iacute;a para garantizar un n&uacute;mero suficiente de soldados para la defensa nacional. En muchos pa&iacute;ses se ha suspendido, transformando el ej&eacute;rcito en una fuerza profesional y voluntaria. En otros, como Israel y Corea del Sur, la conscripci&oacute;n sigue vigente.&amp;lt;br\/&amp;gt;&amp;lt;!-- \/wp:paragraph --&amp;gt;&lt;\/div&gt;&lt;div id=&amp;quot;cmtt_related_articles&amp;quot; class=&amp;quot;cmtt_related_articles_wrapper&amp;quot;&gt;&lt;div class=&amp;quot;cmtt_related_title cmtt_related_articles_title&amp;quot;&gt;Related Articles: &lt;\/div&gt;&lt;ul class=&amp;quot;cmtt_related&amp;quot;&gt;&lt;li class=&amp;quot;cmtt_related_item&amp;quot;&gt;&lt;a href=&amp;quot;https:\/\/xqthenews.com\/es\/la-guerra-ha-provocado-una-carrera-armamentistica-en-europa\/&amp;quot;target=&amp;quot;_blank&amp;quot;&gt;La guerra ha provocado una carrera armament&iacute;stica en Europa&lt;\/a&gt;&lt;\/li&gt;&lt;\/ul&gt;&lt;\/div&gt;\" href=\"https:\/\/xqthenews.com\/es\/glossary\/servicio-militar-obligatorio\/\" data-gt-translate-attributes='[{\"attribute\":\"data-cmtooltip\", \"format\":\"html\"}]' tabindex=\"0\" role=\"link\">servicio militar obligatorio<\/a> en 2007, lo restableci&oacute; en julio de 2023 para todos los <a class=\"glossaryLink\" aria-describedby=\"tt\" data-cmtooltip=\"&lt;div class=glossaryItemTitle&gt;Ciudadanos&lt;\/div&gt;&lt;div class=glossaryItemBody&gt;&amp;lt;!-- wp:paragraph --&amp;gt;Un concepto que implica cuestiones relacionadas con los derechos y los deberes, as&iacute; como con las ideas de igualdad, diversidad y justicia social. No s&oacute;lo referido al acto de votar, el concepto de ciudadan&iacute;a incluye todo un conjunto de acciones practicadas por cada persona, con impacto en la vida de la comunidad (local, nacional, regional e internacional), inseparable del espacio p&uacute;blico en el que las personas pueden actuar juntas.&amp;lt;br\/&amp;gt;&amp;lt;!-- \/wp:paragraph --&amp;gt;&amp;lt;!-- wp:paragraph --&amp;gt;(Fuente: CIG &ndash; Comiss&atilde;o para a Cidadania e Igualde de G&eacute;nero)&amp;lt;br\/&amp;gt;&amp;lt;!-- \/wp:paragraph --&amp;gt;&lt;\/div&gt;&lt;div id=&amp;quot;cmtt_related_articles&amp;quot; class=&amp;quot;cmtt_related_articles_wrapper&amp;quot;&gt;&lt;div class=&amp;quot;cmtt_related_title cmtt_related_articles_title&amp;quot;&gt;Related Articles: &lt;\/div&gt;&lt;ul class=&amp;quot;cmtt_related&amp;quot;&gt;&lt;li class=&amp;quot;cmtt_related_item&amp;quot;&gt;&lt;a href=&amp;quot;https:\/\/xqthenews.com\/es\/que-es-el-fascismo\/&amp;quot;target=&amp;quot;_blank&amp;quot;&gt;&iquest;Qu&eacute; es el fascismo?&lt;\/a&gt;&lt;\/li&gt;&lt;li class=&amp;quot;cmtt_related_item&amp;quot;&gt;&lt;a href=&amp;quot;https:\/\/xqthenews.com\/es\/por-que-el-futbol-es-un-fenomeno-global\/&amp;quot;target=&amp;quot;_blank&amp;quot;&gt;&iquest;Por qu&eacute; el f&uacute;tbol es un fen&oacute;meno global?&lt;\/a&gt;&lt;\/li&gt;&lt;li class=&amp;quot;cmtt_related_item&amp;quot;&gt;&lt;a href=&amp;quot;https:\/\/xqthenews.com\/es\/mensaje-en-una-botella-o-los-plasticos-que-nunca-desaparecen\/&amp;quot;target=&amp;quot;_blank&amp;quot;&gt;Mensaje en una botella, o los pl&aacute;sticos que nunca desaparecen&lt;\/a&gt;&lt;\/li&gt;&lt;li class=&amp;quot;cmtt_related_item&amp;quot;&gt;&lt;a href=&amp;quot;https:\/\/xqthenews.com\/es\/apartheid-en-palestina-las-raices-profundas-de-la-guerra\/&amp;quot;target=&amp;quot;_blank&amp;quot;&gt;Apartheid en Palestina, las ra&iacute;ces profundas de la guerra&lt;\/a&gt;&lt;\/li&gt;&lt;li class=&amp;quot;cmtt_related_item&amp;quot;&gt;&lt;a href=&amp;quot;https:\/\/xqthenews.com\/es\/luchar-contra-el-cambio-climatico-tambien-es-combatir-la-desinformacion\/&amp;quot;target=&amp;quot;_blank&amp;quot;&gt;Luchar contra el cambio clim&aacute;tico tambi&eacute;n es combatir la desinformaci&oacute;n&lt;\/a&gt;&lt;\/li&gt;&lt;\/ul&gt;&lt;\/div&gt;\" href=\"https:\/\/xqthenews.com\/es\/glossary\/ciudadania\/\" data-gt-translate-attributes='[{\"attribute\":\"data-cmtooltip\", \"format\":\"html\"}]' tabindex=\"0\" role=\"link\">ciudadanos<\/a> varones de entre 18 y 27 a&ntilde;os, con un servicio de 11 meses de duraci&oacute;n. Las mujeres pueden participar de forma voluntaria. En 2024, Croacia anunci&oacute; su intenci&oacute;n de restablecer el <a class=\"glossaryLink\" aria-describedby=\"tt\" data-cmtooltip=\"&lt;div class=glossaryItemTitle&gt;Servicio militar obligatorio&lt;\/div&gt;&lt;div class=glossaryItemBody&gt;&amp;lt;!-- wp:paragraph --&amp;gt;Es la obligaci&oacute;n impuesta a los ciudadanos de prestar servicio en las fuerzas armadas de un pa&iacute;s durante un per&iacute;odo determinado. Hist&oacute;ricamente adoptado en muchos pa&iacute;ses, serv&iacute;a para garantizar un n&uacute;mero suficiente de soldados para la defensa nacional. En muchos pa&iacute;ses se ha suspendido, transformando el ej&eacute;rcito en una fuerza profesional y voluntaria. En otros, como Israel y Corea del Sur, la conscripci&oacute;n sigue vigente.&amp;lt;br\/&amp;gt;&amp;lt;!-- \/wp:paragraph --&amp;gt;&lt;\/div&gt;&lt;div id=&amp;quot;cmtt_related_articles&amp;quot; class=&amp;quot;cmtt_related_articles_wrapper&amp;quot;&gt;&lt;div class=&amp;quot;cmtt_related_title cmtt_related_articles_title&amp;quot;&gt;Related Articles: &lt;\/div&gt;&lt;ul class=&amp;quot;cmtt_related&amp;quot;&gt;&lt;li class=&amp;quot;cmtt_related_item&amp;quot;&gt;&lt;a href=&amp;quot;https:\/\/xqthenews.com\/es\/la-guerra-ha-provocado-una-carrera-armamentistica-en-europa\/&amp;quot;target=&amp;quot;_blank&amp;quot;&gt;La guerra ha provocado una carrera armament&iacute;stica en Europa&lt;\/a&gt;&lt;\/li&gt;&lt;\/ul&gt;&lt;\/div&gt;\" href=\"https:\/\/xqthenews.com\/es\/glossary\/servicio-militar-obligatorio\/\" data-gt-translate-attributes='[{\"attribute\":\"data-cmtooltip\", \"format\":\"html\"}]' tabindex=\"0\" role=\"link\">servicio militar obligatorio<\/a> diecisiete a&ntilde;os despu&eacute;s de su <a class=\"glossaryLink\" aria-describedby=\"tt\" data-cmtooltip=\"&lt;div class=glossaryItemTitle&gt;Abolici&oacute;n&lt;\/div&gt;&lt;div class=glossaryItemBody&gt;&amp;lt;!-- wp:paragraph --&amp;gt;La abolici&oacute;n es la supresi&oacute;n o eliminaci&oacute;n total de una ley, pr&aacute;ctica o sistema. En el feminismo, suele referirse a la eliminaci&oacute;n de la prostituci&oacute;n o de normas que perpet&uacute;an desigualdades y opresiones.&amp;lt;br\/&amp;gt;&amp;lt;!-- \/wp:paragraph --&amp;gt;&lt;\/div&gt;&lt;div id=&amp;quot;cmtt_related_articles&amp;quot; class=&amp;quot;cmtt_related_articles_wrapper&amp;quot;&gt;&lt;div class=&amp;quot;cmtt_related_title cmtt_related_articles_title&amp;quot;&gt;Related Articles: &lt;\/div&gt;&lt;ul class=&amp;quot;cmtt_related&amp;quot;&gt;&lt;li class=&amp;quot;cmtt_related_item&amp;quot;&gt;&lt;a href=&amp;quot;https:\/\/xqthenews.com\/es\/el-8-m-denuncia-la-discriminacion-invisible-de-los-cuidados\/&amp;quot;target=&amp;quot;_blank&amp;quot;&gt;El 8-M denuncia la discriminaci&oacute;n invisible de los cuidados&lt;\/a&gt;&lt;\/li&gt;&lt;\/ul&gt;&lt;\/div&gt;\" href=\"https:\/\/xqthenews.com\/es\/glossary\/abolicion\/\" data-gt-translate-attributes='[{\"attribute\":\"data-cmtooltip\", \"format\":\"html\"}]' tabindex=\"0\" role=\"link\">abolici&oacute;n<\/a>. Sin embargo, en diciembre de 2024, el ministro de Defensa comunic&oacute; el aplazamiento de la reintroducci&oacute;n por motivos pol&iacute;ticos. Serbia tambi&eacute;n ha previsto reintroducir el <a class=\"glossaryLink\" aria-describedby=\"tt\" data-cmtooltip=\"&lt;div class=glossaryItemTitle&gt;Servicio militar obligatorio&lt;\/div&gt;&lt;div class=glossaryItemBody&gt;&amp;lt;!-- wp:paragraph --&amp;gt;Es la obligaci&oacute;n impuesta a los ciudadanos de prestar servicio en las fuerzas armadas de un pa&iacute;s durante un per&iacute;odo determinado. Hist&oacute;ricamente adoptado en muchos pa&iacute;ses, serv&iacute;a para garantizar un n&uacute;mero suficiente de soldados para la defensa nacional. En muchos pa&iacute;ses se ha suspendido, transformando el ej&eacute;rcito en una fuerza profesional y voluntaria. En otros, como Israel y Corea del Sur, la conscripci&oacute;n sigue vigente.&amp;lt;br\/&amp;gt;&amp;lt;!-- \/wp:paragraph --&amp;gt;&lt;\/div&gt;&lt;div id=&amp;quot;cmtt_related_articles&amp;quot; class=&amp;quot;cmtt_related_articles_wrapper&amp;quot;&gt;&lt;div class=&amp;quot;cmtt_related_title cmtt_related_articles_title&amp;quot;&gt;Related Articles: &lt;\/div&gt;&lt;ul class=&amp;quot;cmtt_related&amp;quot;&gt;&lt;li class=&amp;quot;cmtt_related_item&amp;quot;&gt;&lt;a href=&amp;quot;https:\/\/xqthenews.com\/es\/la-guerra-ha-provocado-una-carrera-armamentistica-en-europa\/&amp;quot;target=&amp;quot;_blank&amp;quot;&gt;La guerra ha provocado una carrera armament&iacute;stica en Europa&lt;\/a&gt;&lt;\/li&gt;&lt;\/ul&gt;&lt;\/div&gt;\" href=\"https:\/\/xqthenews.com\/es\/glossary\/servicio-militar-obligatorio\/\" data-gt-translate-attributes='[{\"attribute\":\"data-cmtooltip\", \"format\":\"html\"}]' tabindex=\"0\" role=\"link\">servicio militar obligatorio<\/a> a partir de 2025, siguiendo una tendencia observada en otros pa&iacute;ses balc&aacute;nicos. Alemania est&aacute; debatiendo tres opciones para reactivar el servicio militar, entre ellas la reintroducci&oacute;n del <a class=\"glossaryLink\" aria-describedby=\"tt\" data-cmtooltip=\"&lt;div class=glossaryItemTitle&gt;Servicio militar obligatorio&lt;\/div&gt;&lt;div class=glossaryItemBody&gt;&amp;lt;!-- wp:paragraph --&amp;gt;Es la obligaci&oacute;n impuesta a los ciudadanos de prestar servicio en las fuerzas armadas de un pa&iacute;s durante un per&iacute;odo determinado. Hist&oacute;ricamente adoptado en muchos pa&iacute;ses, serv&iacute;a para garantizar un n&uacute;mero suficiente de soldados para la defensa nacional. En muchos pa&iacute;ses se ha suspendido, transformando el ej&eacute;rcito en una fuerza profesional y voluntaria. En otros, como Israel y Corea del Sur, la conscripci&oacute;n sigue vigente.&amp;lt;br\/&amp;gt;&amp;lt;!-- \/wp:paragraph --&amp;gt;&lt;\/div&gt;&lt;div id=&amp;quot;cmtt_related_articles&amp;quot; class=&amp;quot;cmtt_related_articles_wrapper&amp;quot;&gt;&lt;div class=&amp;quot;cmtt_related_title cmtt_related_articles_title&amp;quot;&gt;Related Articles: &lt;\/div&gt;&lt;ul class=&amp;quot;cmtt_related&amp;quot;&gt;&lt;li class=&amp;quot;cmtt_related_item&amp;quot;&gt;&lt;a href=&amp;quot;https:\/\/xqthenews.com\/es\/la-guerra-ha-provocado-una-carrera-armamentistica-en-europa\/&amp;quot;target=&amp;quot;_blank&amp;quot;&gt;La guerra ha provocado una carrera armament&iacute;stica en Europa&lt;\/a&gt;&lt;\/li&gt;&lt;\/ul&gt;&lt;\/div&gt;\" href=\"https:\/\/xqthenews.com\/es\/glossary\/servicio-militar-obligatorio\/\" data-gt-translate-attributes='[{\"attribute\":\"data-cmtooltip\", \"format\":\"html\"}]' tabindex=\"0\" role=\"link\">servicio militar obligatorio<\/a> y el servicio civil para los hombres, manteniendo el servicio voluntario para las mujeres. Grecia ha anunciado una <a class=\"glossaryLink\" aria-describedby=\"tt\" data-cmtooltip=\"&lt;div class=glossaryItemTitle&gt;Adaptaci&oacute;n&lt;\/div&gt;&lt;div class=glossaryItemBody&gt;&amp;lt;!-- wp:paragraph --&amp;gt;Proceso de ajuste al cambio clim&aacute;tico actual o previsto y a sus efectos. Implica tomar medidas para reducir la vulnerabilidad y aumentar la resistencia de los sistemas humanos y naturales.&amp;lt;br\/&amp;gt;&amp;lt;!-- \/wp:paragraph --&amp;gt;&lt;\/div&gt;&lt;div id=&amp;quot;cmtt_related_articles&amp;quot; class=&amp;quot;cmtt_related_articles_wrapper&amp;quot;&gt;&lt;div class=&amp;quot;cmtt_related_title cmtt_related_articles_title&amp;quot;&gt;Related Articles: &lt;\/div&gt;&lt;ul class=&amp;quot;cmtt_related&amp;quot;&gt;&lt;li class=&amp;quot;cmtt_related_item&amp;quot;&gt;&lt;a href=&amp;quot;https:\/\/xqthenews.com\/es\/luchar-contra-el-cambio-climatico-tambien-es-combatir-la-desinformacion\/&amp;quot;target=&amp;quot;_blank&amp;quot;&gt;Luchar contra el cambio clim&aacute;tico tambi&eacute;n es combatir la desinformaci&oacute;n&lt;\/a&gt;&lt;\/li&gt;&lt;li class=&amp;quot;cmtt_related_item&amp;quot;&gt;&lt;a href=&amp;quot;https:\/\/xqthenews.com\/es\/la-inteligencia-artificial-esta-cambiando-la-informacion\/&amp;quot;target=&amp;quot;_blank&amp;quot;&gt;La inteligencia artificial est&aacute; cambiando la informaci&oacute;n&lt;\/a&gt;&lt;\/li&gt;&lt;li class=&amp;quot;cmtt_related_item&amp;quot;&gt;&lt;a href=&amp;quot;https:\/\/xqthenews.com\/es\/cop-28-y-la-participacion-de-los-jovenes-en-el-desafio-climatico\/&amp;quot;target=&amp;quot;_blank&amp;quot;&gt;COP 28 y la participaci&oacute;n de los j&oacute;venes en el desaf&iacute;o clim&agrave;tico&lt;\/a&gt;&lt;\/li&gt;&lt;li class=&amp;quot;cmtt_related_item&amp;quot;&gt;&lt;a href=&amp;quot;https:\/\/xqthenews.com\/es\/se-conocen-y-combaten-las-especies-exoticas-invasoras\/&amp;quot;target=&amp;quot;_blank&amp;quot;&gt;Se conocen y combaten las especies ex&oacute;ticas invasoras&lt;\/a&gt;&lt;\/li&gt;&lt;li class=&amp;quot;cmtt_related_item&amp;quot;&gt;&lt;a href=&amp;quot;https:\/\/xqthenews.com\/es\/la-orfandad-social-un-mal-endemico-de-ucrania-que-la-guerra-ha-hecho-visible\/&amp;quot;target=&amp;quot;_blank&amp;quot;&gt;La &lsquo;orfandad social&rsquo;, un mal end&eacute;mico de Ucrania que la guerra ha hecho visible&lt;\/a&gt;&lt;\/li&gt;&lt;\/ul&gt;&lt;\/div&gt;\" href=\"https:\/\/xqthenews.com\/es\/glossary\/adaptacion\/\" data-gt-translate-attributes='[{\"attribute\":\"data-cmtooltip\", \"format\":\"html\"}]' tabindex=\"0\" role=\"link\">adaptaci&oacute;n<\/a> del sistema de reclutamiento inspirada en el modelo finland&eacute;s, considerando el alistamiento voluntario de las mujeres.<\/p>\n\n\n\n<p>En Italia, el debate ha resurgido, pero no se han tomado decisiones definitivas al respecto.<\/p>\n\n\n\n<p><strong>Actividades complementarias<\/strong><\/p>\n\n\n\n<p>Aqu&iacute; est&aacute;n las URL de las fuentes citadas:<\/p>\n\n\n\n<p>1.<a href=\"https:\/\/www.avvenire.it\/mondo\/pagine\/guerre-e-armi-nel-2023-aumento-record-della-spesa-militare-globale?utm_source=chatgpt.com\"> Avvenire &ndash; Guerras y armas: aumento r&eacute;cord del gasto militar mundial<\/a><\/p>\n\n\n\n<p>2.<a href=\"https:\/\/unipd-centrodirittiumani.it\/it\/temi\/la-spesa-in-armamenti-nel-mondo-2024?utm_source=chatgpt.com\"> Centro Diritti Umani Unipd &ndash; El gasto en armamento en el mundo en 2024<\/a><\/p>\n\n\n\n<p>3.<a href=\"https:\/\/tg24.sky.it\/mondo\/2024\/04\/22\/armi-spesa-militare-mondo-classifica?utm_source=chatgpt.com\"> Sky TG24 &ndash; Armas, el gasto militar en el mundo<\/a> <\/p>\n\n\n\n<p>4.<a href=\"https:\/\/www.tgcom24.mediaset.it\/politica\/spesa-difesa-globale-record-2023-studio_82202591-202402k.shtml?utm_source=chatgpt.com\"> TGCOM24 &ndash; Gasto en defensa mundial r&eacute;cord en 2023<\/a><\/p>\n\n\n\n<hr class=\"wp-block-separator has-text-color has-vivid-green-cyan-color has-alpha-channel-opacity has-vivid-green-cyan-background-color has-background is-style-wide\">\n\n\n\n<div style=\"height:100px\" aria-hidden=\"true\" class=\"wp-block-spacer\"><\/div>\n\n\n<script type=\"text\/javascript\">\n\/* <![CDATA[ *\/\nvar gform;gform||(document.addEventListener(\"gform_main_scripts_loaded\",function(){gform.scriptsLoaded=!0}),document.addEventListener(\"gform\/theme\/scripts_loaded\",function(){gform.themeScriptsLoaded=!0}),window.addEventListener(\"DOMContentLoaded\",function(){gform.domLoaded=!0}),gform={domLoaded:!1,scriptsLoaded:!1,themeScriptsLoaded:!1,isFormEditor:()=>\"function\"==typeof InitializeEditor,callIfLoaded:function(o){return!(!gform.domLoaded||!gform.scriptsLoaded||!gform.themeScriptsLoaded&&!gform.isFormEditor()||(gform.isFormEditor()&&console.warn(\"The use of gform.initializeOnLoaded() is deprecated in the form editor context and will be removed in Gravity Forms 3.1.\"),o(),0))},initializeOnLoaded:function(o){gform.callIfLoaded(o)||(document.addEventListener(\"gform_main_scripts_loaded\",()=>{gform.scriptsLoaded=!0,gform.callIfLoaded(o)}),document.addEventListener(\"gform\/theme\/scripts_loaded\",()=>{gform.themeScriptsLoaded=!0,gform.callIfLoaded(o)}),window.addEventListener(\"DOMContentLoaded\",()=>{gform.domLoaded=!0,gform.callIfLoaded(o)}))},hooks:{action:{},filter:{}},addAction:function(o,r,e,t){gform.addHook(\"action\",o,r,e,t)},addFilter:function(o,r,e,t){gform.addHook(\"filter\",o,r,e,t)},doAction:function(o){gform.doHook(\"action\",o,arguments)},applyFilters:function(o){return gform.doHook(\"filter\",o,arguments)},removeAction:function(o,r){gform.removeHook(\"action\",o,r)},removeFilter:function(o,r,e){gform.removeHook(\"filter\",o,r,e)},addHook:function(o,r,e,t,n){null==gform.hooks[o][r]&&(gform.hooks[o][r]=[]);var d=gform.hooks[o][r];null==n&&(n=r+\"_\"+d.length),gform.hooks[o][r].push({tag:n,callable:e,priority:t=null==t?10:t})},doHook:function(r,o,e){var t;if(e=Array.prototype.slice.call(e,1),null!=gform.hooks[r][o]&&((o=gform.hooks[r][o]).sort(function(o,r){return o.priority-r.priority}),o.forEach(function(o){\"function\"!=typeof(t=o.callable)&&(t=window[t]),\"action\"==r?t.apply(null,e):e[0]=t.apply(null,e)})),\"filter\"==r)return e[0]},removeHook:function(o,r,t,n){var e;null!=gform.hooks[o][r]&&(e=(e=gform.hooks[o][r]).filter(function(o,r,e){return!!(null!=n&&n!=o.tag||null!=t&&t!=o.priority)}),gform.hooks[o][r]=e)}});\n\/* ]]> *\/\n<\/script>\n\n                <div class=\"gf_browser_gecko gform_wrapper gravity-theme gform-theme--no-framework quiz_wrapper\" data-form-theme=\"gravity-theme\" data-form-index=\"0\" id=\"gform_wrapper_832\"><div id=\"gf_832\" class=\"gform_anchor\" tabindex=\"-1\"><\/div>\n                        <div class=\"gform_heading\">\n                            <h2 class=\"gform_title\">Cuestionario de comprensi&oacute;n lectora. La guerra ha provocado una carrera armament&iacute;stica en Europa<\/h2>\n                            <p class=\"gform_description\"><\/p>\n                        <\/div><form method=\"post\" enctype=\"multipart\/form-data\" id=\"gform_832\" class=\"quiz\" action=\"\/es\/wp-json\/wp\/v2\/posts\/28044#gf_832\" data-formid=\"832\" novalidate> \r\n <input type=\"hidden\" class=\"gforms-pum\" value='{\"closepopup\":false,\"closedelay\":0,\"openpopup\":false,\"openpopup_id\":0}'>\n        <div id=\"gf_progressbar_wrapper_832\" class=\"gf_progressbar_wrapper\" data-start-at-zero=\"\">\n        \t<p class=\"gf_progressbar_title\">Paso <span class=\"gf_step_current_page\">1<\/span> de <span class=\"gf_step_page_count\">3<\/span><span class=\"gf_step_page_name\"><\/span>\n        \t<\/p>\n            <div class=\"gf_progressbar gf_progressbar_blue\" aria-hidden=\"true\">\n                <div class=\"gf_progressbar_percentage percentbar_blue percentbar_33\" style=\"width:33%;\"><span>33%<\/span><\/div>\n            <\/div><\/div>\n                        <div class=\"gform-body gform_body\"><div id=\"gform_page_832_1\" class=\"gform_page \" data-js=\"page-field-id-0\">\n\t\t\t\t\t<div class=\"gform_page_fields\"><div id=\"gform_fields_832\" class=\"gform_fields top_label form_sublabel_below description_below validation_below\"><fieldset id=\"field_832_1\" class=\"gfield gfield--type-quiz gfield--type-choice gfield--input-type-radio field_sublabel_below gfield--no-description field_description_below field_validation_below gfield_visibility_visible gquiz-field \" data-field-class=\"gquiz-field\"><legend class=\"gfield_label gform-field-label\">&iquest;Cu&aacute;l es el pa&iacute;s del mundo que m&aacute;s gasta en armamento en comparaci&oacute;n con el n&uacute;mero de habitantes?<\/legend><div class=\"ginput_container ginput_container_radio\"><div class=\"gfield_radio\" id=\"input_832_1\">\n\t\t\t<div class=\"gchoice gchoice_832_1_0\">\n\t\t\t\t\t<input class=\"gfield-choice-input\" name=\"input_1\" type=\"radio\" value=\"gquiz1b2b27084\" id=\"choice_832_1_0\" onchange=\"gformToggleRadioOther( this )\">\n\t\t\t\t\t<label for=\"choice_832_1_0\" id=\"label_832_1_0\" class=\"gform-field-label gform-field-label--type-inline\">Israel.<\/label>\n\t\t\t<\/div>\n\t\t\t<div class=\"gchoice gchoice_832_1_1\">\n\t\t\t\t\t<input class=\"gfield-choice-input\" name=\"input_1\" type=\"radio\" value=\"gquiz12c53da11\" id=\"choice_832_1_1\" onchange=\"gformToggleRadioOther( this )\">\n\t\t\t\t\t<label for=\"choice_832_1_1\" id=\"label_832_1_1\" class=\"gform-field-label gform-field-label--type-inline\">Estados Unidos.<\/label>\n\t\t\t<\/div>\n\t\t\t<div class=\"gchoice gchoice_832_1_2\">\n\t\t\t\t\t<input class=\"gfield-choice-input\" name=\"input_1\" type=\"radio\" value=\"gquiz1b6725f5d\" id=\"choice_832_1_2\" onchange=\"gformToggleRadioOther( this )\">\n\t\t\t\t\t<label for=\"choice_832_1_2\" id=\"label_832_1_2\" class=\"gform-field-label gform-field-label--type-inline\">China.<\/label>\n\t\t\t<\/div>\n\t\t\t<div class=\"gchoice gchoice_832_1_3\">\n\t\t\t\t\t<input class=\"gfield-choice-input\" name=\"input_1\" type=\"radio\" value=\"gquiz1a9c02518\" id=\"choice_832_1_3\" onchange=\"gformToggleRadioOther( this )\">\n\t\t\t\t\t<label for=\"choice_832_1_3\" id=\"label_832_1_3\" class=\"gform-field-label gform-field-label--type-inline\">Alemania.<\/label>\n\t\t\t<\/div><\/div><\/div><\/fieldset><\/div>\n                    <\/div>\n                    <div class=\"gform-page-footer gform_page_footer top_label\">\n                         <input type=\"button\" id=\"gform_next_button_832_5\" class=\"gform_next_button gform-theme-button button\" onclick=\"gform.submission.handleButtonClick(this);\" data-submission-type=\"next\" value=\"Siguiente \"> \n                    <\/div>\n                <\/div>\n                <div id=\"gform_page_832_2\" class=\"gform_page\" data-js=\"page-field-id-5\" style=\"display:none;\">\n                    <div class=\"gform_page_fields\">\n                        <div id=\"gform_fields_832_2\" class=\"gform_fields top_label form_sublabel_below description_below validation_below\"><fieldset id=\"field_832_3\" class=\"gfield gfield--type-quiz gfield--type-choice gfield--input-type-radio gfield--width-full field_sublabel_below gfield--no-description field_description_below field_validation_below gfield_visibility_visible gquiz-field \" data-field-class=\"gquiz-field\"><legend class=\"gfield_label gform-field-label\">&iquest;Qu&eacute; acontecimiento empuj&oacute; a Finlandia y Suecia a entrar en la <a class=\"glossaryLink\"  aria-describedby=\"tt\"  data-cmtooltip=\"&lt;div class=glossaryItemTitle&gt;OTAN&lt;\/div&gt;&lt;div class=glossaryItemBody&gt;&amp;lt;!-- wp:paragraph --&amp;gt;Es una alianza pol&iacute;tico-militar denominada &amp;quot;Organizaci&oacute;n del Tratado del Atl&aacute;ntico Norte&amp;quot;, fundada tras la Segunda Guerra Mundial en 1949, en clave antisovi&eacute;tica. Cuenta con 31 pa&iacute;ses miembros. Cualquier Estado europeo que est&eacute; en condiciones de cumplir los principios de este tratado y de contribuir a la seguridad de la zona del Atl&aacute;ntico Norte puede convertirse en miembro de la OTAN. Las decisiones deben tomarse por unanimidad, pero cada miembro tiene derecho de veto.&amp;lt;br\/&amp;gt;&amp;lt;!-- \/wp:paragraph --&amp;gt;&lt;\/div&gt;&lt;div id=&amp;quot;cmtt_related_articles&amp;quot; class=&amp;quot;cmtt_related_articles_wrapper&amp;quot;&gt;&lt;div class=&amp;quot;cmtt_related_title cmtt_related_articles_title&amp;quot;&gt;Related Articles: &lt;\/div&gt;&lt;ul class=&amp;quot;cmtt_related&amp;quot;&gt;&lt;li class=&amp;quot;cmtt_related_item&amp;quot;&gt;&lt;a href=&amp;quot;https:\/\/xqthenews.com\/es\/ucrania-la-herida-en-el-corazon-de-europa\/&amp;quot;target=&amp;quot;_blank&amp;quot;&gt;Ucrania, la herida en el coraz&oacute;n de Europa&lt;\/a&gt;&lt;\/li&gt;&lt;li class=&amp;quot;cmtt_related_item&amp;quot;&gt;&lt;a href=&amp;quot;https:\/\/xqthenews.com\/es\/kurdistan-la-shoah-invisible\/&amp;quot;target=&amp;quot;_blank&amp;quot;&gt;Kurdist&aacute;n, la Shoah invisible&lt;\/a&gt;&lt;\/li&gt;&lt;li class=&amp;quot;cmtt_related_item&amp;quot;&gt;&lt;a href=&amp;quot;https:\/\/xqthenews.com\/es\/glossary\/guerra-fria\/&amp;quot;target=&amp;quot;_blank&amp;quot;&gt;Glossary:  Guerra Fr&iacute;a&lt;\/a&gt;&lt;\/li&gt;&lt;li class=&amp;quot;cmtt_related_item&amp;quot;&gt;&lt;a href=&amp;quot;https:\/\/xqthenews.com\/es\/la-guerra-ha-provocado-una-carrera-armamentistica-en-europa\/&amp;quot;target=&amp;quot;_blank&amp;quot;&gt;La guerra ha provocado una carrera armament&iacute;stica en Europa&lt;\/a&gt;&lt;\/li&gt;&lt;li class=&amp;quot;cmtt_related_item&amp;quot;&gt;&lt;a href=&amp;quot;https:\/\/xqthenews.com\/es\/glossary\/articulo-5-de-la-otan\/&amp;quot;target=&amp;quot;_blank&amp;quot;&gt;Glossary:  Art&iacute;culo 5 de la OTAN&lt;\/a&gt;&lt;\/li&gt;&lt;\/ul&gt;&lt;\/div&gt;\"  href=\"https:\/\/xqthenews.com\/es\/glossary\/otan\/\"  data-gt-translate-attributes='[{\"attribute\":\"data-cmtooltip\", \"format\":\"html\"}]' tabindex='0' role='link'>OTAN<\/a>?<\/legend><div class=\"ginput_container ginput_container_radio\"><div class=\"gfield_radio\" id=\"input_832_3\">\n\t\t\t<div class=\"gchoice gchoice_832_3_0\">\n\t\t\t\t\t<input class=\"gfield-choice-input\" name=\"input_3\" type=\"radio\" value=\"gquiz3394e91f2\" id=\"choice_832_3_0\" onchange=\"gformToggleRadioOther( this )\">\n\t\t\t\t\t<label for=\"choice_832_3_0\" id=\"label_832_3_0\" class=\"gform-field-label gform-field-label--type-inline\">La crisis econ&oacute;mica de 2008.<\/label>\n\t\t\t<\/div>\n\t\t\t<div class=\"gchoice gchoice_832_3_1\">\n\t\t\t\t\t<input class=\"gfield-choice-input\" name=\"input_3\" type=\"radio\" value=\"gquiz3b5aa3d2d\" id=\"choice_832_3_1\" onchange=\"gformToggleRadioOther( this )\">\n\t\t\t\t\t<label for=\"choice_832_3_1\" id=\"label_832_3_1\" class=\"gform-field-label gform-field-label--type-inline\">La invasi&oacute;n rusa de Ucrania en 2022.<\/label>\n\t\t\t<\/div>\n\t\t\t<div class=\"gchoice gchoice_832_3_2\">\n\t\t\t\t\t<input class=\"gfield-choice-input\" name=\"input_3\" type=\"radio\" value=\"gquiz3d1b23a18\" id=\"choice_832_3_2\" onchange=\"gformToggleRadioOther( this )\">\n\t\t\t\t\t<label for=\"choice_832_3_2\" id=\"label_832_3_2\" class=\"gform-field-label gform-field-label--type-inline\">El Brexit.<\/label>\n\t\t\t<\/div>\n\t\t\t<div class=\"gchoice gchoice_832_3_3\">\n\t\t\t\t\t<input class=\"gfield-choice-input\" name=\"input_3\" type=\"radio\" value=\"gquiz3a39b3d27\" id=\"choice_832_3_3\" onchange=\"gformToggleRadioOther( this )\">\n\t\t\t\t\t<label for=\"choice_832_3_3\" id=\"label_832_3_3\" class=\"gform-field-label gform-field-label--type-inline\">La <a class=\"glossaryLink\" aria-describedby=\"tt\" data-cmtooltip=\"&lt;div class=glossaryItemTitle&gt;Guerra&lt;\/div&gt;&lt;div class=glossaryItemBody&gt;Hostilidad, conflicto armado entre dos o m&aacute;s naciones libres o entre facciones de un mismo Estado. Trae consigo muertes y destrucci&oacute;n de recursos y propiedades y su fin es imponer la voluntad de los vencedores sobre los vencidos.&amp;lt;br \/&amp;gt;Con las guerras, muchos pa&iacute;ses quedaron arruinados y endeudados. &lt;\/div&gt;&lt;div id=&amp;quot;cmtt_related_articles&amp;quot; class=&amp;quot;cmtt_related_articles_wrapper&amp;quot;&gt;&lt;div class=&amp;quot;cmtt_related_title cmtt_related_articles_title&amp;quot;&gt;Related Articles: &lt;\/div&gt;&lt;ul class=&amp;quot;cmtt_related&amp;quot;&gt;&lt;li class=&amp;quot;cmtt_related_item&amp;quot;&gt;&lt;a href=&amp;quot;https:\/\/xqthenews.com\/es\/ucrania-la-herida-en-el-corazon-de-europa\/&amp;quot;target=&amp;quot;_blank&amp;quot;&gt;Ucrania, la herida en el coraz&oacute;n de Europa&lt;\/a&gt;&lt;\/li&gt;&lt;li class=&amp;quot;cmtt_related_item&amp;quot;&gt;&lt;a href=&amp;quot;https:\/\/xqthenews.com\/es\/mayo-del-68-cuando-los-jovenes-lograron-sacudir-la-historia\/&amp;quot;target=&amp;quot;_blank&amp;quot;&gt;Mayo del 68, cuando los j&oacute;venes lograron sacudir la historia&lt;\/a&gt;&lt;\/li&gt;&lt;li class=&amp;quot;cmtt_related_item&amp;quot;&gt;&lt;a href=&amp;quot;https:\/\/xqthenews.com\/es\/que-es-el-fascismo\/&amp;quot;target=&amp;quot;_blank&amp;quot;&gt;&iquest;Qu&eacute; es el fascismo?&lt;\/a&gt;&lt;\/li&gt;&lt;li class=&amp;quot;cmtt_related_item&amp;quot;&gt;&lt;a href=&amp;quot;https:\/\/xqthenews.com\/es\/por-que-el-futbol-es-un-fenomeno-global\/&amp;quot;target=&amp;quot;_blank&amp;quot;&gt;&iquest;Por qu&eacute; el f&uacute;tbol es un fen&oacute;meno global?&lt;\/a&gt;&lt;\/li&gt;&lt;li class=&amp;quot;cmtt_related_item&amp;quot;&gt;&lt;a href=&amp;quot;https:\/\/xqthenews.com\/es\/generacion-y-los-primeros-jovenes-que-viviran-peor-que-sus-padres-2\/&amp;quot;target=&amp;quot;_blank&amp;quot;&gt;Generaci&oacute;n Y, los primeros j&oacute;venes que vivir&aacute;n peor que sus padres&lt;\/a&gt;&lt;\/li&gt;&lt;\/ul&gt;&lt;\/div&gt;\" href=\"https:\/\/xqthenews.com\/es\/glossary\/guerra\/\" data-gt-translate-attributes='[{\"attribute\":\"data-cmtooltip\", \"format\":\"html\"}]' tabindex=\"0\" role=\"link\">guerra<\/a> en Siria.<\/label>\n\t\t\t<\/div><\/div><\/div><\/fieldset><\/div>\n                    <\/div>\n                    <div class=\"gform-page-footer gform_page_footer top_label\">\n                        <input type=\"button\" id=\"gform_previous_button_832_6\" class=\"gform_previous_button gform-theme-button gform-theme-button--secondary button\" onclick=\"gform.submission.handleButtonClick(this);\" data-submission-type=\"previous\" value=\"Anterior\"> <input type=\"button\" id=\"gform_next_button_832_6\" class=\"gform_next_button gform-theme-button button\" onclick=\"gform.submission.handleButtonClick(this);\" data-submission-type=\"next\" value=\"Siguiente \"> \n                    <\/div>\n                <\/div>\n                <div id=\"gform_page_832_3\" class=\"gform_page\" data-js=\"page-field-id-6\" style=\"display:none;\">\n                    <div class=\"gform_page_fields\">\n                        <div id=\"gform_fields_832_3\" class=\"gform_fields top_label form_sublabel_below description_below validation_below\"><fieldset id=\"field_832_4\" class=\"gfield gfield--type-quiz gfield--type-choice gfield--input-type-radio gfield--width-full field_sublabel_below gfield--no-description field_description_below field_validation_below gfield_visibility_visible gquiz-field \" data-field-class=\"gquiz-field\"><legend class=\"gfield_label gform-field-label\">&iquest;Qu&eacute; pa&iacute;s ha planeado reintroducir el <a class=\"glossaryLink\" aria-describedby=\"tt\" data-cmtooltip=\"&lt;div class=glossaryItemTitle&gt;Servicio militar obligatorio&lt;\/div&gt;&lt;div class=glossaryItemBody&gt;&amp;lt;!-- wp:paragraph --&amp;gt;Es la obligaci&oacute;n impuesta a los ciudadanos de prestar servicio en las fuerzas armadas de un pa&iacute;s durante un per&iacute;odo determinado. Hist&oacute;ricamente adoptado en muchos pa&iacute;ses, serv&iacute;a para garantizar un n&uacute;mero suficiente de soldados para la defensa nacional. En muchos pa&iacute;ses se ha suspendido, transformando el ej&eacute;rcito en una fuerza profesional y voluntaria. En otros, como Israel y Corea del Sur, la conscripci&oacute;n sigue vigente.&amp;lt;br\/&amp;gt;&amp;lt;!-- \/wp:paragraph --&amp;gt;&lt;\/div&gt;&lt;div id=&amp;quot;cmtt_related_articles&amp;quot; class=&amp;quot;cmtt_related_articles_wrapper&amp;quot;&gt;&lt;div class=&amp;quot;cmtt_related_title cmtt_related_articles_title&amp;quot;&gt;Related Articles: &lt;\/div&gt;&lt;ul class=&amp;quot;cmtt_related&amp;quot;&gt;&lt;li class=&amp;quot;cmtt_related_item&amp;quot;&gt;&lt;a href=&amp;quot;https:\/\/xqthenews.com\/es\/la-guerra-ha-provocado-una-carrera-armamentistica-en-europa\/&amp;quot;target=&amp;quot;_blank&amp;quot;&gt;La guerra ha provocado una carrera armament&iacute;stica en Europa&lt;\/a&gt;&lt;\/li&gt;&lt;\/ul&gt;&lt;\/div&gt;\" href=\"https:\/\/xqthenews.com\/es\/glossary\/servicio-militar-obligatorio\/\" data-gt-translate-attributes='[{\"attribute\":\"data-cmtooltip\", \"format\":\"html\"}]' tabindex=\"0\" role=\"link\">servicio militar obligatorio<\/a> en 2025?<\/legend><div class=\"ginput_container ginput_container_radio\"><div class=\"gfield_radio\" id=\"input_832_4\">\n\t\t\t<div class=\"gchoice gchoice_832_4_0\">\n\t\t\t\t\t<input class=\"gfield-choice-input\" name=\"input_4\" type=\"radio\" value=\"gquiz46a62d494\" id=\"choice_832_4_0\" onchange=\"gformToggleRadioOther( this )\">\n\t\t\t\t\t<label for=\"choice_832_4_0\" id=\"label_832_4_0\" class=\"gform-field-label gform-field-label--type-inline\">Croacia.<\/label>\n\t\t\t<\/div>\n\t\t\t<div class=\"gchoice gchoice_832_4_1\">\n\t\t\t\t\t<input class=\"gfield-choice-input\" name=\"input_4\" type=\"radio\" value=\"gquiz488c89c8f\" id=\"choice_832_4_1\" onchange=\"gformToggleRadioOther( this )\">\n\t\t\t\t\t<label for=\"choice_832_4_1\" id=\"label_832_4_1\" class=\"gform-field-label gform-field-label--type-inline\">Serbia.<\/label>\n\t\t\t<\/div>\n\t\t\t<div class=\"gchoice gchoice_832_4_2\">\n\t\t\t\t\t<input class=\"gfield-choice-input\" name=\"input_4\" type=\"radio\" value=\"gquiz4054f68d8\" id=\"choice_832_4_2\" onchange=\"gformToggleRadioOther( this )\">\n\t\t\t\t\t<label for=\"choice_832_4_2\" id=\"label_832_4_2\" class=\"gform-field-label gform-field-label--type-inline\">Italia.<\/label>\n\t\t\t<\/div>\n\t\t\t<div class=\"gchoice gchoice_832_4_3\">\n\t\t\t\t\t<input class=\"gfield-choice-input\" name=\"input_4\" type=\"radio\" value=\"gquiz401e5c0b2\" id=\"choice_832_4_3\" onchange=\"gformToggleRadioOther( this )\">\n\t\t\t\t\t<label for=\"choice_832_4_3\" id=\"label_832_4_3\" class=\"gform-field-label gform-field-label--type-inline\">Grecia.<\/label>\n\t\t\t<\/div><\/div><\/div><\/fieldset><\/div><\/div>\n        <div class=\"gform-page-footer gform_page_footer top_label\"><input type=\"submit\" id=\"gform_previous_button_832\" class=\"gform_previous_button gform-theme-button gform-theme-button--secondary button\" onclick=\"gform.submission.handleButtonClick(this);\" data-submission-type=\"previous\" value=\"Anterior\"> <input type=\"submit\" id=\"gform_submit_button_832\" class=\"gform_button button\" onclick=\"gform.submission.handleButtonClick(this);\" data-submission-type=\"submit\" value=\"Enviar\"> \n            <input type=\"hidden\" class=\"gform_hidden\" name=\"gform_submission_method\" data-js=\"gform_submission_method_832\" value=\"postback\">\n            <input type=\"hidden\" class=\"gform_hidden\" name=\"gform_theme\" data-js=\"gform_theme_832\" id=\"gform_theme_832\" value=\"gravity-theme\">\n            <input type=\"hidden\" class=\"gform_hidden\" name=\"gform_style_settings\" data-js=\"gform_style_settings_832\" id=\"gform_style_settings_832\" value='{\"inputPrimaryColor\":\"#204ce5\"}'>\n            <input type=\"hidden\" class=\"gform_hidden\" name=\"is_submit_832\" value=\"1\">\n            <input type=\"hidden\" class=\"gform_hidden\" name=\"gform_submit\" value=\"832\">\n            \n            <input type=\"hidden\" class=\"gform_hidden\" name=\"gform_currency\" data-currency=\"EUR\" value=\"crOSZ\/9tmxoytVO\/S2As5epZcErRW4xYrTsF9GA4i4NoIdFkhIm1Eiwo13tjqqFejjdQSVgxvV9PuIDWe\/8XNHO5MqYRylN1saymiZINQ2QJ58A=\">\n            <input type=\"hidden\" class=\"gform_hidden\" name=\"gform_unique_id\" value=\"\">\n            <input type=\"hidden\" class=\"gform_hidden\" name=\"state_832\" value=\"WyJbXSIsIjVlMjNlOGUzOTg5N2RmMzcwZmE1ODRlNDZjZGJmYjNkIl0=\">\n            <input type=\"hidden\" autocomplete=\"off\" class=\"gform_hidden\" name=\"gform_target_page_number_832\" id=\"gform_target_page_number_832\" value=\"2\">\n            <input type=\"hidden\" autocomplete=\"off\" class=\"gform_hidden\" name=\"gform_source_page_number_832\" id=\"gform_source_page_number_832\" value=\"1\">\n            <input type=\"hidden\" name=\"gform_field_values\" value=\"\">\n            \n        <\/div>\n             <\/div><\/div>\n                        <\/form>\n                        <\/div><script type=\"text\/javascript\">\n\/* <![CDATA[ *\/\n gform.initializeOnLoaded( function() {gformInitSpinner( 832, 'https:\/\/xqthenews.com\/wp-content\/plugins\/gravityforms\/images\/spinner.svg', true );jQuery('#gform_ajax_frame_832').on('load',function(){var contents = jQuery(this).contents().find('*').html();var is_postback = contents.indexOf('GF_AJAX_POSTBACK') >= 0;if(!is_postback){return;}var form_content = jQuery(this).contents().find('#gform_wrapper_832');var is_confirmation = jQuery(this).contents().find('#gform_confirmation_wrapper_832').length > 0;var is_redirect = contents.indexOf('gformRedirect(){') >= 0;var is_form = form_content.length > 0 && ! is_redirect && ! is_confirmation;var mt = parseInt(jQuery('html').css('margin-top'), 10) + parseInt(jQuery('body').css('margin-top'), 10) + 100;if(is_form){jQuery('#gform_wrapper_832').html(form_content.html());if(form_content.hasClass('gform_validation_error')){jQuery('#gform_wrapper_832').addClass('gform_validation_error');} else {jQuery('#gform_wrapper_832').removeClass('gform_validation_error');}setTimeout( function() { \/* delay the scroll by 50 milliseconds to fix a bug in chrome *\/ jQuery(document).scrollTop(jQuery('#gform_wrapper_832').offset().top - mt); }, 50 );if(window['gformInitDatepicker']) {gformInitDatepicker();}if(window['gformInitPriceFields']) {gformInitPriceFields();}var current_page = jQuery('#gform_source_page_number_832').val();gformInitSpinner( 832, 'https:\/\/xqthenews.com\/wp-content\/plugins\/gravityforms\/images\/spinner.svg', true );jQuery(document).trigger('gform_page_loaded', [832, current_page]);window['gf_submitting_832'] = false;}else if(!is_redirect){var confirmation_content = jQuery(this).contents().find('.GF_AJAX_POSTBACK').html();if(!confirmation_content){confirmation_content = contents;}jQuery('#gform_wrapper_832').replaceWith(confirmation_content);jQuery(document).scrollTop(jQuery('#gf_832').offset().top - mt);jQuery(document).trigger('gform_confirmation_loaded', [832]);window['gf_submitting_832'] = false;wp.a11y.speak(jQuery('#gform_confirmation_message_832').text());}else{jQuery('#gform_832').append(contents);if(window['gformRedirect']) {gformRedirect();}}jQuery(document).trigger(\"gform_pre_post_render\", [{ formId: \"832\", currentPage: \"current_page\", abort: function() { this.preventDefault(); } }]);        if (event && event.defaultPrevented) {                return;        }        const gformWrapperDiv = document.getElementById( \"gform_wrapper_832\" );        if ( gformWrapperDiv ) {            const visibilitySpan = document.createElement( \"span\" );            visibilitySpan.id = \"gform_visibility_test_832\";            gformWrapperDiv.insertAdjacentElement( \"afterend\", visibilitySpan );        }        const visibilityTestDiv = document.getElementById( \"gform_visibility_test_832\" );        let postRenderFired = false;        function triggerPostRender() {            if ( postRenderFired ) {                return;            }            postRenderFired = true;            gform.core.triggerPostRenderEvents( 832, current_page );            if ( visibilityTestDiv ) {                visibilityTestDiv.parentNode.removeChild( visibilityTestDiv );            }        }        function debounce( func, wait, immediate ) {            var timeout;            return function() {                var context = this, args = arguments;                var later = function() {                    timeout = null;                    if ( !immediate ) func.apply( context, args );                };                var callNow = immediate && !timeout;                clearTimeout( timeout );                timeout = setTimeout( later, wait );                if ( callNow ) func.apply( context, args );            };        }        const debouncedTriggerPostRender = debounce( function() {            triggerPostRender();        }, 200 );        if ( visibilityTestDiv && visibilityTestDiv.offsetParent === null ) {            const observer = new MutationObserver( ( mutations ) => {                mutations.forEach( ( mutation ) => {                    if ( mutation.type === 'attributes' && visibilityTestDiv.offsetParent !== null ) {                        debouncedTriggerPostRender();                        observer.disconnect();                    }                });            });            observer.observe( document.body, {                attributes: true,                childList: false,                subtree: true,                attributeFilter: [ 'style', 'class' ],            });        } else {            triggerPostRender();        }    } );} ); \n\/* ]]> *\/\n<\/script>\n","protected":false},"excerpt":{"rendered":"<p>Tras la invasi&oacute;n rusa de Ucrania, la seguridad en Europa ha cambiado radicalmente. Los pa&iacute;ses de la <a class=\"glossaryLink\" aria-describedby=\"tt\" data-cmtooltip=\"&lt;div class=glossaryItemTitle&gt;OTAN&lt;\/div&gt;&lt;div class=glossaryItemBody&gt;&amp;lt;!-- wp:paragraph --&amp;gt;Es una alianza pol&iacute;tico-militar denominada &amp;quot;Organizaci&oacute;n del Tratado del Atl&aacute;ntico Norte&amp;quot;, fundada tras la Segunda Guerra Mundial en 1949, en clave antisovi&eacute;tica. Cuenta con 31 pa&iacute;ses miembros. Cualquier Estado europeo que est&eacute; en condiciones de cumplir los principios de este tratado y de contribuir a la seguridad de la zona del Atl&aacute;ntico Norte puede convertirse en miembro de la OTAN. Las decisiones deben tomarse por unanimidad, pero cada miembro tiene derecho de veto.&amp;lt;br\/&amp;gt;&amp;lt;!-- \/wp:paragraph --&amp;gt;&lt;\/div&gt;&lt;div id=&amp;quot;cmtt_related_articles&amp;quot; class=&amp;quot;cmtt_related_articles_wrapper&amp;quot;&gt;&lt;div class=&amp;quot;cmtt_related_title cmtt_related_articles_title&amp;quot;&gt;Related Articles: &lt;\/div&gt;&lt;ul class=&amp;quot;cmtt_related&amp;quot;&gt;&lt;li class=&amp;quot;cmtt_related_item&amp;quot;&gt;&lt;a href=&amp;quot;https:\/\/xqthenews.com\/es\/ucrania-la-herida-en-el-corazon-de-europa\/&amp;quot;target=&amp;quot;_blank&amp;quot;&gt;Ucrania, la herida en el coraz&oacute;n de Europa&lt;\/a&gt;&lt;\/li&gt;&lt;li class=&amp;quot;cmtt_related_item&amp;quot;&gt;&lt;a href=&amp;quot;https:\/\/xqthenews.com\/es\/kurdistan-la-shoah-invisible\/&amp;quot;target=&amp;quot;_blank&amp;quot;&gt;Kurdist&aacute;n, la Shoah invisible&lt;\/a&gt;&lt;\/li&gt;&lt;li class=&amp;quot;cmtt_related_item&amp;quot;&gt;&lt;a href=&amp;quot;https:\/\/xqthenews.com\/es\/glossary\/guerra-fria\/&amp;quot;target=&amp;quot;_blank&amp;quot;&gt;Glossary:  Guerra Fr&iacute;a&lt;\/a&gt;&lt;\/li&gt;&lt;li class=&amp;quot;cmtt_related_item&amp;quot;&gt;&lt;a href=&amp;quot;https:\/\/xqthenews.com\/es\/la-guerra-ha-provocado-una-carrera-armamentistica-en-europa\/&amp;quot;target=&amp;quot;_blank&amp;quot;&gt;La guerra ha provocado una carrera armament&iacute;stica en Europa&lt;\/a&gt;&lt;\/li&gt;&lt;li class=&amp;quot;cmtt_related_item&amp;quot;&gt;&lt;a href=&amp;quot;https:\/\/xqthenews.com\/es\/glossary\/articulo-5-de-la-otan\/&amp;quot;target=&amp;quot;_blank&amp;quot;&gt;Glossary:  Art&iacute;culo 5 de la OTAN&lt;\/a&gt;&lt;\/li&gt;&lt;\/ul&gt;&lt;\/div&gt;\" href=\"https:\/\/xqthenews.com\/es\/glossary\/otan\/\" data-gt-translate-attributes='[{\"attribute\":\"data-cmtooltip\", \"format\":\"html\"}]' tabindex=\"0\" role=\"link\">OTAN<\/a> est&aacute;n aumentando el gasto militar y algunos est&aacute;n considerando la posibilidad de volver a la conscripci&oacute;n obligatoria. As&iacute; es c&oacute;mo est&aacute; evolucionando la carrera armament&iacute;stica en el continente. La invasi&oacute;n rusa de Ucrania, que comenz&oacute; el 24<\/p>\n","protected":false},"author":36,"featured_media":28046,"comment_status":"open","ping_status":"open","sticky":false,"template":"","format":"standard","meta":{"_acf_changed":false,"footnotes":""},"categories":[349,343],"tags":[1003,1001,1002],"coauthors":[170],"class_list":{"0":"post-28044","1":"post","2":"type-post","3":"status-publish","4":"format-standard","5":"has-post-thumbnail","7":"category-conflictos-de-guerra","8":"category-derechos-humanos","9":"tag-armamentos","10":"tag-defensa","11":"tag-geopolitica"},"acf":[],"yoast_head":"<!-- This site is optimized with the Yoast SEO plugin v27.4 - https:\/\/yoast.com\/product\/yoast-seo-wordpress\/ -->\n<title>La guerra ha provocado una carrera armament\u00edstica en Europa - xqthenews<\/title>\n<meta name=\"robots\" content=\"index, follow, max-snippet:-1, max-image-preview:large, max-video-preview:-1\" \/>\n<link rel=\"canonical\" href=\"https:\/\/xqthenews.com\/es\/la-guerra-ha-provocado-una-carrera-armamentistica-en-europa\/\" \/>\n<meta property=\"og:locale\" content=\"es_ES\" \/>\n<meta property=\"og:type\" content=\"article\" \/>\n<meta property=\"og:title\" content=\"La guerra ha provocado una carrera armament\u00edstica en Europa - xqthenews\" \/>\n<meta property=\"og:description\" content=\"Tras la invasi&oacute;n rusa de Ucrania, la seguridad en Europa ha cambiado radicalmente. Los pa&iacute;ses de la OTAN est&aacute;n aumentando el gasto militar y algunos est&aacute;n considerando la posibilidad de volver a la conscripci&oacute;n obligatoria. As&iacute; es c&oacute;mo est&aacute; evolucionando la carrera armament&iacute;stica en el continente. La invasi&oacute;n rusa de Ucrania, que comenz&oacute; el 24\" \/>\n<meta property=\"og:url\" content=\"https:\/\/xqthenews.com\/es\/la-guerra-ha-provocado-una-carrera-armamentistica-en-europa\/\" \/>\n<meta property=\"og:site_name\" content=\"xqthenews\" \/>\n<meta property=\"article:published_time\" content=\"2025-03-05T08:26:03+00:00\" \/>\n<meta property=\"og:image\" content=\"https:\/\/xqthenews.com\/wp-content\/uploads\/2025\/03\/Portada.jpg\" \/>\n\t<meta property=\"og:image:width\" content=\"2000\" \/>\n\t<meta property=\"og:image:height\" content=\"1125\" \/>\n\t<meta property=\"og:image:type\" content=\"image\/jpeg\" \/>\n<meta name=\"author\" content=\"Mario Maffei - IdeaDinamica\" \/>\n<meta name=\"twitter:card\" content=\"summary_large_image\" \/>\n<meta name=\"twitter:label1\" content=\"Escrito por\" \/>\n\t<meta name=\"twitter:data1\" content=\"Mario Maffei - IdeaDinamica\" \/>\n\t<meta name=\"twitter:label2\" content=\"Tiempo de lectura\" \/>\n\t<meta name=\"twitter:data2\" content=\"6 minutos\" \/>\n\t<meta name=\"twitter:label3\" content=\"Written by\" \/>\n\t<meta name=\"twitter:data3\" content=\"Mario Maffei - IdeaDinamica\" \/>\n<script type=\"application\/ld+json\" class=\"yoast-schema-graph\">{\"@context\":\"https:\\\/\\\/schema.org\",\"@graph\":[{\"@type\":\"Article\",\"@id\":\"https:\\\/\\\/xqthenews.com\\\/es\\\/la-guerra-ha-provocado-una-carrera-armamentistica-en-europa\\\/#article\",\"isPartOf\":{\"@id\":\"https:\\\/\\\/xqthenews.com\\\/es\\\/la-guerra-ha-provocado-una-carrera-armamentistica-en-europa\\\/\"},\"author\":{\"name\":\"Mario Maffei - IdeaDinamica\",\"@id\":\"https:\\\/\\\/xqthenews.com\\\/es\\\/#\\\/schema\\\/person\\\/c6c5bb632a7244afc68b863ad29e17e7\"},\"headline\":\"La guerra ha provocado una carrera armament\u00edstica en Europa\",\"datePublished\":\"2025-03-05T08:26:03+00:00\",\"mainEntityOfPage\":{\"@id\":\"https:\\\/\\\/xqthenews.com\\\/es\\\/la-guerra-ha-provocado-una-carrera-armamentistica-en-europa\\\/\"},\"wordCount\":1157,\"commentCount\":0,\"image\":{\"@id\":\"https:\\\/\\\/xqthenews.com\\\/es\\\/la-guerra-ha-provocado-una-carrera-armamentistica-en-europa\\\/#primaryimage\"},\"thumbnailUrl\":\"https:\\\/\\\/xqthenews.com\\\/wp-content\\\/uploads\\\/2025\\\/03\\\/Portada.jpg\",\"keywords\":[\"armamentos.\",\"Defensa\",\"geopol\u00edtica\"],\"articleSection\":[\"Conflictos de guerra\",\"Derechos humanos\"],\"inLanguage\":\"es\",\"potentialAction\":[{\"@type\":\"CommentAction\",\"name\":\"Comment\",\"target\":[\"https:\\\/\\\/xqthenews.com\\\/es\\\/la-guerra-ha-provocado-una-carrera-armamentistica-en-europa\\\/#respond\"]}]},{\"@type\":\"WebPage\",\"@id\":\"https:\\\/\\\/xqthenews.com\\\/es\\\/la-guerra-ha-provocado-una-carrera-armamentistica-en-europa\\\/\",\"url\":\"https:\\\/\\\/xqthenews.com\\\/es\\\/la-guerra-ha-provocado-una-carrera-armamentistica-en-europa\\\/\",\"name\":\"La guerra ha provocado una carrera armament\u00edstica en Europa - xqthenews\",\"isPartOf\":{\"@id\":\"https:\\\/\\\/xqthenews.com\\\/es\\\/#website\"},\"primaryImageOfPage\":{\"@id\":\"https:\\\/\\\/xqthenews.com\\\/es\\\/la-guerra-ha-provocado-una-carrera-armamentistica-en-europa\\\/#primaryimage\"},\"image\":{\"@id\":\"https:\\\/\\\/xqthenews.com\\\/es\\\/la-guerra-ha-provocado-una-carrera-armamentistica-en-europa\\\/#primaryimage\"},\"thumbnailUrl\":\"https:\\\/\\\/xqthenews.com\\\/wp-content\\\/uploads\\\/2025\\\/03\\\/Portada.jpg\",\"datePublished\":\"2025-03-05T08:26:03+00:00\",\"author\":{\"@id\":\"https:\\\/\\\/xqthenews.com\\\/es\\\/#\\\/schema\\\/person\\\/c6c5bb632a7244afc68b863ad29e17e7\"},\"breadcrumb\":{\"@id\":\"https:\\\/\\\/xqthenews.com\\\/es\\\/la-guerra-ha-provocado-una-carrera-armamentistica-en-europa\\\/#breadcrumb\"},\"inLanguage\":\"es\",\"potentialAction\":[{\"@type\":\"ReadAction\",\"target\":[\"https:\\\/\\\/xqthenews.com\\\/es\\\/la-guerra-ha-provocado-una-carrera-armamentistica-en-europa\\\/\"]}]},{\"@type\":\"ImageObject\",\"inLanguage\":\"es\",\"@id\":\"https:\\\/\\\/xqthenews.com\\\/es\\\/la-guerra-ha-provocado-una-carrera-armamentistica-en-europa\\\/#primaryimage\",\"url\":\"https:\\\/\\\/xqthenews.com\\\/wp-content\\\/uploads\\\/2025\\\/03\\\/Portada.jpg\",\"contentUrl\":\"https:\\\/\\\/xqthenews.com\\\/wp-content\\\/uploads\\\/2025\\\/03\\\/Portada.jpg\",\"width\":2000,\"height\":1125,\"caption\":\"Fuente: Depositphotos.com\"},{\"@type\":\"BreadcrumbList\",\"@id\":\"https:\\\/\\\/xqthenews.com\\\/es\\\/la-guerra-ha-provocado-una-carrera-armamentistica-en-europa\\\/#breadcrumb\",\"itemListElement\":[{\"@type\":\"ListItem\",\"position\":1,\"name\":\"Portada\",\"item\":\"https:\\\/\\\/xqthenews.com\\\/es\\\/\"},{\"@type\":\"ListItem\",\"position\":2,\"name\":\"La guerra ha provocado una carrera armament\u00edstica en Europa\"}]},{\"@type\":\"WebSite\",\"@id\":\"https:\\\/\\\/xqthenews.com\\\/es\\\/#website\",\"url\":\"https:\\\/\\\/xqthenews.com\\\/es\\\/\",\"name\":\"xqthenews\",\"description\":\"El porqu\u00e9 de las noticias\",\"potentialAction\":[{\"@type\":\"SearchAction\",\"target\":{\"@type\":\"EntryPoint\",\"urlTemplate\":\"https:\\\/\\\/xqthenews.com\\\/es\\\/?s={search_term_string}\"},\"query-input\":{\"@type\":\"PropertyValueSpecification\",\"valueRequired\":true,\"valueName\":\"search_term_string\"}}],\"inLanguage\":\"es\"},{\"@type\":\"Person\",\"@id\":\"https:\\\/\\\/xqthenews.com\\\/es\\\/#\\\/schema\\\/person\\\/c6c5bb632a7244afc68b863ad29e17e7\",\"name\":\"Mario Maffei - IdeaDinamica\",\"image\":{\"@type\":\"ImageObject\",\"inLanguage\":\"es\",\"@id\":\"https:\\\/\\\/xqthenews.com\\\/wp-content\\\/uploads\\\/2024\\\/09\\\/mario-maffei-ideadinamica_avatar_1-96x96.jpegb2f7dc39aa6185cedad3b6ffa9e1b565\",\"url\":\"https:\\\/\\\/xqthenews.com\\\/wp-content\\\/uploads\\\/2024\\\/09\\\/mario-maffei-ideadinamica_avatar_1-96x96.jpeg\",\"contentUrl\":\"https:\\\/\\\/xqthenews.com\\\/wp-content\\\/uploads\\\/2024\\\/09\\\/mario-maffei-ideadinamica_avatar_1-96x96.jpeg\",\"caption\":\"Mario Maffei - IdeaDinamica\"},\"description\":\"Periodista profesional y divulgador m\u00e9dico-cient\u00edfico, licenciado en Econom\u00eda por la Universidad Bocconi de Mil\u00e1n con especializaci\u00f3n en marketing sanitario. Profesor en cursos de grado y posgrado. Consejero delegado de la cooperativa IdeaDinamica.\",\"url\":\"https:\\\/\\\/xqthenews.com\\\/es\\\/author\\\/mario-maffei-ideadinamica\\\/\"}]}<\/script>\n<!-- \/ Yoast SEO plugin. -->","yoast_head_json":{"title":"La guerra ha provocado una carrera armament\u00edstica en Europa - xqthenews","robots":{"index":"index","follow":"follow","max-snippet":"max-snippet:-1","max-image-preview":"max-image-preview:large","max-video-preview":"max-video-preview:-1"},"canonical":"https:\/\/xqthenews.com\/es\/la-guerra-ha-provocado-una-carrera-armamentistica-en-europa\/","og_locale":"es_ES","og_type":"article","og_title":"La guerra ha provocado una carrera armament\u00edstica en Europa - xqthenews","og_description":"Tras la invasi&oacute;n rusa de Ucrania, la seguridad en Europa ha cambiado radicalmente. Los pa&iacute;ses de la OTAN est&aacute;n aumentando el gasto militar y algunos est&aacute;n considerando la posibilidad de volver a la conscripci&oacute;n obligatoria. As&iacute; es c&oacute;mo est&aacute; evolucionando la carrera armament&iacute;stica en el continente. La invasi&oacute;n rusa de Ucrania, que comenz&oacute; el 24","og_url":"https:\/\/xqthenews.com\/es\/la-guerra-ha-provocado-una-carrera-armamentistica-en-europa\/","og_site_name":"xqthenews","article_published_time":"2025-03-05T08:26:03+00:00","og_image":[{"width":2000,"height":1125,"url":"https:\/\/xqthenews.com\/wp-content\/uploads\/2025\/03\/Portada.jpg","type":"image\/jpeg"}],"author":"Mario Maffei - IdeaDinamica","twitter_card":"summary_large_image","twitter_misc":{"Escrito por":"Mario Maffei - IdeaDinamica","Tiempo de lectura":"6 minutos","Written by":"Mario Maffei - IdeaDinamica"},"schema":{"@context":"https:\/\/schema.org","@graph":[{"@type":"Article","@id":"https:\/\/xqthenews.com\/es\/la-guerra-ha-provocado-una-carrera-armamentistica-en-europa\/#article","isPartOf":{"@id":"https:\/\/xqthenews.com\/es\/la-guerra-ha-provocado-una-carrera-armamentistica-en-europa\/"},"author":{"name":"Mario Maffei - IdeaDinamica","@id":"https:\/\/xqthenews.com\/es\/#\/schema\/person\/c6c5bb632a7244afc68b863ad29e17e7"},"headline":"La guerra ha provocado una carrera armament\u00edstica en Europa","datePublished":"2025-03-05T08:26:03+00:00","mainEntityOfPage":{"@id":"https:\/\/xqthenews.com\/es\/la-guerra-ha-provocado-una-carrera-armamentistica-en-europa\/"},"wordCount":1157,"commentCount":0,"image":{"@id":"https:\/\/xqthenews.com\/es\/la-guerra-ha-provocado-una-carrera-armamentistica-en-europa\/#primaryimage"},"thumbnailUrl":"https:\/\/xqthenews.com\/wp-content\/uploads\/2025\/03\/Portada.jpg","keywords":["armamentos.","Defensa","geopol\u00edtica"],"articleSection":["Conflictos de guerra","Derechos humanos"],"inLanguage":"es","potentialAction":[{"@type":"CommentAction","name":"Comment","target":["https:\/\/xqthenews.com\/es\/la-guerra-ha-provocado-una-carrera-armamentistica-en-europa\/#respond"]}]},{"@type":"WebPage","@id":"https:\/\/xqthenews.com\/es\/la-guerra-ha-provocado-una-carrera-armamentistica-en-europa\/","url":"https:\/\/xqthenews.com\/es\/la-guerra-ha-provocado-una-carrera-armamentistica-en-europa\/","name":"La guerra ha provocado una carrera armament\u00edstica en Europa - xqthenews","isPartOf":{"@id":"https:\/\/xqthenews.com\/es\/#website"},"primaryImageOfPage":{"@id":"https:\/\/xqthenews.com\/es\/la-guerra-ha-provocado-una-carrera-armamentistica-en-europa\/#primaryimage"},"image":{"@id":"https:\/\/xqthenews.com\/es\/la-guerra-ha-provocado-una-carrera-armamentistica-en-europa\/#primaryimage"},"thumbnailUrl":"https:\/\/xqthenews.com\/wp-content\/uploads\/2025\/03\/Portada.jpg","datePublished":"2025-03-05T08:26:03+00:00","author":{"@id":"https:\/\/xqthenews.com\/es\/#\/schema\/person\/c6c5bb632a7244afc68b863ad29e17e7"},"breadcrumb":{"@id":"https:\/\/xqthenews.com\/es\/la-guerra-ha-provocado-una-carrera-armamentistica-en-europa\/#breadcrumb"},"inLanguage":"es","potentialAction":[{"@type":"ReadAction","target":["https:\/\/xqthenews.com\/es\/la-guerra-ha-provocado-una-carrera-armamentistica-en-europa\/"]}]},{"@type":"ImageObject","inLanguage":"es","@id":"https:\/\/xqthenews.com\/es\/la-guerra-ha-provocado-una-carrera-armamentistica-en-europa\/#primaryimage","url":"https:\/\/xqthenews.com\/wp-content\/uploads\/2025\/03\/Portada.jpg","contentUrl":"https:\/\/xqthenews.com\/wp-content\/uploads\/2025\/03\/Portada.jpg","width":2000,"height":1125,"caption":"Fuente: Depositphotos.com"},{"@type":"BreadcrumbList","@id":"https:\/\/xqthenews.com\/es\/la-guerra-ha-provocado-una-carrera-armamentistica-en-europa\/#breadcrumb","itemListElement":[{"@type":"ListItem","position":1,"name":"Portada","item":"https:\/\/xqthenews.com\/es\/"},{"@type":"ListItem","position":2,"name":"La guerra ha provocado una carrera armament\u00edstica en Europa"}]},{"@type":"WebSite","@id":"https:\/\/xqthenews.com\/es\/#website","url":"https:\/\/xqthenews.com\/es\/","name":"xqthenews","description":"El porqu\u00e9 de las noticias","potentialAction":[{"@type":"SearchAction","target":{"@type":"EntryPoint","urlTemplate":"https:\/\/xqthenews.com\/es\/?s={search_term_string}"},"query-input":{"@type":"PropertyValueSpecification","valueRequired":true,"valueName":"search_term_string"}}],"inLanguage":"es"},{"@type":"Person","@id":"https:\/\/xqthenews.com\/es\/#\/schema\/person\/c6c5bb632a7244afc68b863ad29e17e7","name":"Mario Maffei - IdeaDinamica","image":{"@type":"ImageObject","inLanguage":"es","@id":"https:\/\/xqthenews.com\/wp-content\/uploads\/2024\/09\/mario-maffei-ideadinamica_avatar_1-96x96.jpegb2f7dc39aa6185cedad3b6ffa9e1b565","url":"https:\/\/xqthenews.com\/wp-content\/uploads\/2024\/09\/mario-maffei-ideadinamica_avatar_1-96x96.jpeg","contentUrl":"https:\/\/xqthenews.com\/wp-content\/uploads\/2024\/09\/mario-maffei-ideadinamica_avatar_1-96x96.jpeg","caption":"Mario Maffei - IdeaDinamica"},"description":"Periodista profesional y divulgador m\u00e9dico-cient\u00edfico, licenciado en Econom\u00eda por la Universidad Bocconi de Mil\u00e1n con especializaci\u00f3n en marketing sanitario. Profesor en cursos de grado y posgrado. Consejero delegado de la cooperativa IdeaDinamica.","url":"https:\/\/xqthenews.com\/es\/author\/mario-maffei-ideadinamica\/"}]}},"_links":{"self":[{"href":"https:\/\/xqthenews.com\/es\/wp-json\/wp\/v2\/posts\/28044","targetHints":{"allow":["GET"]}}],"collection":[{"href":"https:\/\/xqthenews.com\/es\/wp-json\/wp\/v2\/posts"}],"about":[{"href":"https:\/\/xqthenews.com\/es\/wp-json\/wp\/v2\/types\/post"}],"author":[{"embeddable":true,"href":"https:\/\/xqthenews.com\/es\/wp-json\/wp\/v2\/users\/36"}],"replies":[{"embeddable":true,"href":"https:\/\/xqthenews.com\/es\/wp-json\/wp\/v2\/comments?post=28044"}],"version-history":[{"count":1,"href":"https:\/\/xqthenews.com\/es\/wp-json\/wp\/v2\/posts\/28044\/revisions"}],"predecessor-version":[{"id":28045,"href":"https:\/\/xqthenews.com\/es\/wp-json\/wp\/v2\/posts\/28044\/revisions\/28045"}],"wp:featuredmedia":[{"embeddable":true,"href":"https:\/\/xqthenews.com\/es\/wp-json\/wp\/v2\/media\/28046"}],"wp:attachment":[{"href":"https:\/\/xqthenews.com\/es\/wp-json\/wp\/v2\/media?parent=28044"}],"wp:term":[{"taxonomy":"category","embeddable":true,"href":"https:\/\/xqthenews.com\/es\/wp-json\/wp\/v2\/categories?post=28044"},{"taxonomy":"post_tag","embeddable":true,"href":"https:\/\/xqthenews.com\/es\/wp-json\/wp\/v2\/tags?post=28044"},{"taxonomy":"author","embeddable":true,"href":"https:\/\/xqthenews.com\/es\/wp-json\/wp\/v2\/coauthors?post=28044"}],"curies":[{"name":"wp","href":"https:\/\/api.w.org\/{rel}","templated":true}]}}