{"id":27255,"date":"2025-01-29T08:13:09","date_gmt":"2025-01-29T07:13:09","guid":{"rendered":"https:\/\/xqthenews.com\/?p=27255"},"modified":"2025-01-29T08:13:09","modified_gmt":"2025-01-29T07:13:09","slug":"los-nuevos-senores-feudales-tecnologia-poder-y-politica-en-la-era-trump","status":"publish","type":"post","link":"https:\/\/xqthenews.com\/es\/los-nuevos-senores-feudales-tecnologia-poder-y-politica-en-la-era-trump\/","title":{"rendered":"Los nuevos se\u00f1ores feudales: tecnolog\u00eda, poder y pol\u00edtica en la era Trump"},"content":{"rendered":"<p><strong>Bajo Trump, la pol&iacute;tica de EE. UU. evoluciona hacia el <a class=\"glossaryLink\" aria-describedby=\"tt\" data-cmtooltip=\"&lt;div class=glossaryItemTitle&gt;Tecnofeudalismo&lt;\/div&gt;&lt;div class=glossaryItemBody&gt;&amp;lt;!-- wp:paragraph --&amp;gt; El tecnofeudalismo es un sistema donde grandes plataformas tecnol&oacute;gicas concentran poder pol&iacute;tico y econ&oacute;mico, reemplazando estructuras tradicionales y controlando recursos, datos y din&aacute;micas sociales.&amp;lt;br\/&amp;gt;&amp;lt;!-- \/wp:paragraph --&amp;gt;&lt;\/div&gt;&lt;div id=&amp;quot;cmtt_related_articles&amp;quot; class=&amp;quot;cmtt_related_articles_wrapper&amp;quot;&gt;&lt;div class=&amp;quot;cmtt_related_title cmtt_related_articles_title&amp;quot;&gt;Related Articles: &lt;\/div&gt;&lt;ul class=&amp;quot;cmtt_related&amp;quot;&gt;&lt;li class=&amp;quot;cmtt_related_item&amp;quot;&gt;&lt;a href=&amp;quot;https:\/\/xqthenews.com\/es\/los-nuevos-senores-feudales-tecnologia-poder-y-politica-en-la-era-trump\/&amp;quot;target=&amp;quot;_blank&amp;quot;&gt;Los nuevos se&ntilde;ores feudales: tecnolog&iacute;a, poder y pol&iacute;tica en la era Trump&lt;\/a&gt;&lt;\/li&gt;&lt;\/ul&gt;&lt;\/div&gt;\" href=\"https:\/\/xqthenews.com\/es\/glossary\/tecnofeudalismo\/\" data-gt-translate-attributes='[{\"attribute\":\"data-cmtooltip\", \"format\":\"html\"}]' tabindex=\"0\" role=\"link\">tecnofeudalismo<\/a>. <a class=\"glossaryLink\" aria-describedby=\"tt\" data-cmtooltip=\"&lt;div class=glossaryItemTitle&gt;Silicon Valley&lt;\/div&gt;&lt;div class=glossaryItemBody&gt;&amp;lt;!-- wp:paragraph --&amp;gt;&amp;quot;Silicon Valley&amp;quot; es una regi&oacute;n en California, famosa por su concentraci&oacute;n de empresas tecnol&oacute;gicas y startups, l&iacute;der en innovaci&oacute;n y desarrollo tecnol&oacute;gico.&amp;lt;br\/&amp;gt;&amp;lt;!-- \/wp:paragraph --&amp;gt;&lt;\/div&gt;&lt;div id=&amp;quot;cmtt_related_articles&amp;quot; class=&amp;quot;cmtt_related_articles_wrapper&amp;quot;&gt;&lt;div class=&amp;quot;cmtt_related_title cmtt_related_articles_title&amp;quot;&gt;Related Articles: &lt;\/div&gt;&lt;ul class=&amp;quot;cmtt_related&amp;quot;&gt;&lt;li class=&amp;quot;cmtt_related_item&amp;quot;&gt;&lt;a href=&amp;quot;https:\/\/xqthenews.com\/es\/israel-una-potencia-militarista-y-probada-en-combate\/&amp;quot;target=&amp;quot;_blank&amp;quot;&gt;Israel, una potencia militarista y &amp;quot;probada en combate&rdquo;&lt;\/a&gt;&lt;\/li&gt;&lt;li class=&amp;quot;cmtt_related_item&amp;quot;&gt;&lt;a href=&amp;quot;https:\/\/xqthenews.com\/es\/los-nuevos-senores-feudales-tecnologia-poder-y-politica-en-la-era-trump\/&amp;quot;target=&amp;quot;_blank&amp;quot;&gt;Los nuevos se&ntilde;ores feudales: tecnolog&iacute;a, poder y pol&iacute;tica en la era Trump&lt;\/a&gt;&lt;\/li&gt;&lt;li class=&amp;quot;cmtt_related_item&amp;quot;&gt;&lt;a href=&amp;quot;https:\/\/xqthenews.com\/es\/la-prevalencia-del-tdah-en-europa-y-su-impacto-en-ninos-y-adultos\/&amp;quot;target=&amp;quot;_blank&amp;quot;&gt;La prevalencia del TDAH en Europa y su impacto en ni&ntilde;os y adultos&lt;\/a&gt;&lt;\/li&gt;&lt;\/ul&gt;&lt;\/div&gt;\" href=\"https:\/\/xqthenews.com\/es\/glossary\/silicon-valley\/\" data-gt-translate-attributes='[{\"attribute\":\"data-cmtooltip\", \"format\":\"html\"}]' tabindex=\"0\" role=\"link\">Silicon Valley<\/a> redefine el poder, con figuras como Musk liderando cambios radicales. Ni neoliberales ni neoconservadores, esta nueva era marca un realineamiento pol&iacute;tico clave.<\/strong><\/p>\n\n\n\n<p>En los &uacute;ltimos a&ntilde;os, estamos viendo c&oacute;mo el panorama pol&iacute;tico de Estados Unidos se transforma hacia un nuevo paradigma, al que Yanis Varoufakis denomina &ldquo;<a class=\"glossaryLink\" aria-describedby=\"tt\" data-cmtooltip=\"&lt;div class=glossaryItemTitle&gt;Tecnofeudalismo&lt;\/div&gt;&lt;div class=glossaryItemBody&gt;&amp;lt;!-- wp:paragraph --&amp;gt; El tecnofeudalismo es un sistema donde grandes plataformas tecnol&oacute;gicas concentran poder pol&iacute;tico y econ&oacute;mico, reemplazando estructuras tradicionales y controlando recursos, datos y din&aacute;micas sociales.&amp;lt;br\/&amp;gt;&amp;lt;!-- \/wp:paragraph --&amp;gt;&lt;\/div&gt;&lt;div id=&amp;quot;cmtt_related_articles&amp;quot; class=&amp;quot;cmtt_related_articles_wrapper&amp;quot;&gt;&lt;div class=&amp;quot;cmtt_related_title cmtt_related_articles_title&amp;quot;&gt;Related Articles: &lt;\/div&gt;&lt;ul class=&amp;quot;cmtt_related&amp;quot;&gt;&lt;li class=&amp;quot;cmtt_related_item&amp;quot;&gt;&lt;a href=&amp;quot;https:\/\/xqthenews.com\/es\/los-nuevos-senores-feudales-tecnologia-poder-y-politica-en-la-era-trump\/&amp;quot;target=&amp;quot;_blank&amp;quot;&gt;Los nuevos se&ntilde;ores feudales: tecnolog&iacute;a, poder y pol&iacute;tica en la era Trump&lt;\/a&gt;&lt;\/li&gt;&lt;\/ul&gt;&lt;\/div&gt;\" href=\"https:\/\/xqthenews.com\/es\/glossary\/tecnofeudalismo\/\" data-gt-translate-attributes='[{\"attribute\":\"data-cmtooltip\", \"format\":\"html\"}]' tabindex=\"0\" role=\"link\">tecnofeudalismo<\/a>&rdquo;. Este concepto describe una din&aacute;mica donde las grandes plataformas tecnol&oacute;gicas act&uacute;an como nuevos centros de poder, alterando las estructuras tradicionales. Con la administraci&oacute;n Trump, estas empresas tecnol&oacute;gicas han encontrado un terreno f&eacute;rtil para expandir su influencia, redefiniendo las din&aacute;micas del poder pol&iacute;tico y econ&oacute;mico. La nueva administraci&oacute;n no ser&aacute; ni estrictamente neoliberal ni neoconservadora, sino tecnofeudal.<\/p>\n\n\n\n<h2 class=\"wp-block-heading\"><strong>Los nuevos se&ntilde;ores feudales<\/strong><\/h2>\n\n\n\n<p>Ya sabemos que Elon Musk, hombre m&aacute;s rico del mundo y actual mano derecha de Trump, liderar&aacute; el nuevo Departamento de Eficiencia Gubernamental con el empresario Vivek Ramaswamy, cuyo objetivo ser&aacute; el gasto federal y optimizar las operaciones gubernamentales. Pero no es solamente &eacute;l.<\/p>\n\n\n\n<p>Mark Zuckerberg, en su reciente entrevista en el podcast de Joe Rogan (seguramente el m&aacute;s influyente que exististe en estos momentos) tambi&eacute;n refleja este cambio, adapt&aacute;ndose a las pol&iacute;ticas menos intervencionistas en el control de contenidos argumentando la necesidad de proteger la <a class=\"glossaryLink\" aria-describedby=\"tt\" data-cmtooltip=\"&lt;div class=glossaryItemTitle&gt;Libertad de expresi&oacute;n&lt;\/div&gt;&lt;div class=glossaryItemBody&gt;&amp;lt;!-- wp:paragraph --&amp;gt;Derecho reconocido como fundamental en muchas democracias, a expresar libremente las propias opiniones e ideas sin censura ni represi&oacute;n.&amp;lt;br\/&amp;gt;&amp;lt;!-- \/wp:paragraph --&amp;gt;&lt;\/div&gt;&lt;div id=&amp;quot;cmtt_related_articles&amp;quot; class=&amp;quot;cmtt_related_articles_wrapper&amp;quot;&gt;&lt;div class=&amp;quot;cmtt_related_title cmtt_related_articles_title&amp;quot;&gt;Related Articles: &lt;\/div&gt;&lt;ul class=&amp;quot;cmtt_related&amp;quot;&gt;&lt;li class=&amp;quot;cmtt_related_item&amp;quot;&gt;&lt;a href=&amp;quot;https:\/\/xqthenews.com\/es\/accion-empatia-y-responsabilidad-colectiva\/&amp;quot;target=&amp;quot;_blank&amp;quot;&gt;Acci&oacute;n, empat&iacute;a y responsabilidad colectiva&lt;\/a&gt;&lt;\/li&gt;&lt;li class=&amp;quot;cmtt_related_item&amp;quot;&gt;&lt;a href=&amp;quot;https:\/\/xqthenews.com\/es\/glossary\/democracia-liberal-representativa\/&amp;quot;target=&amp;quot;_blank&amp;quot;&gt;Glossary:  Democracia liberal representativa&lt;\/a&gt;&lt;\/li&gt;&lt;li class=&amp;quot;cmtt_related_item&amp;quot;&gt;&lt;a href=&amp;quot;https:\/\/xqthenews.com\/es\/el-juego-del-calamar-y-el-juego-de-la-democracia\/&amp;quot;target=&amp;quot;_blank&amp;quot;&gt;El juego del calamar y el juego de la democracia&lt;\/a&gt;&lt;\/li&gt;&lt;li class=&amp;quot;cmtt_related_item&amp;quot;&gt;&lt;a href=&amp;quot;https:\/\/xqthenews.com\/es\/los-nuevos-senores-feudales-tecnologia-poder-y-politica-en-la-era-trump\/&amp;quot;target=&amp;quot;_blank&amp;quot;&gt;Los nuevos se&ntilde;ores feudales: tecnolog&iacute;a, poder y pol&iacute;tica en la era Trump&lt;\/a&gt;&lt;\/li&gt;&lt;li class=&amp;quot;cmtt_related_item&amp;quot;&gt;&lt;a href=&amp;quot;https:\/\/xqthenews.com\/es\/las-distopias-se-hacen-realidad-el-mundo-de-hoy-a-traves-del-prisma-de-la-narrativa\/&amp;quot;target=&amp;quot;_blank&amp;quot;&gt;Las distop&iacute;as se hacen realidad: el mundo de hoy a trav&eacute;s del prisma de la narrativa&lt;\/a&gt;&lt;\/li&gt;&lt;\/ul&gt;&lt;\/div&gt;\" href=\"https:\/\/xqthenews.com\/es\/glossary\/libertad-de-expresion\/\" data-gt-translate-attributes='[{\"attribute\":\"data-cmtooltip\", \"format\":\"html\"}]' tabindex=\"0\" role=\"link\">libertad de expresi&oacute;n<\/a> y, al tanto con eso, de que las empresas adopten m&aacute;s &ldquo;energ&iacute;a masculina&rdquo;. Meta, la empresa de Zuckerberg, ha suavizado sus pol&iacute;ticas sobre la moderaci&oacute;n de <a class=\"glossaryLink\" aria-describedby=\"tt\" data-cmtooltip=\"&lt;div class=glossaryItemTitle&gt;Fake news&lt;\/div&gt;&lt;div class=glossaryItemBody&gt;&amp;lt;!-- wp:paragraph --&amp;gt;T&eacute;rmino ingl&eacute;s que, traducido, significa literalmente &laquo;noticias falsas&raquo;. Se refiere a las noticias puestas en circulaci&oacute;n que son parcial o totalmente falsas.&amp;lt;br\/&amp;gt;&amp;lt;!-- \/wp:paragraph --&amp;gt;&lt;\/div&gt;&lt;div id=&amp;quot;cmtt_related_articles&amp;quot; class=&amp;quot;cmtt_related_articles_wrapper&amp;quot;&gt;&lt;div class=&amp;quot;cmtt_related_title cmtt_related_articles_title&amp;quot;&gt;Related Articles: &lt;\/div&gt;&lt;ul class=&amp;quot;cmtt_related&amp;quot;&gt;&lt;li class=&amp;quot;cmtt_related_item&amp;quot;&gt;&lt;a href=&amp;quot;https:\/\/xqthenews.com\/es\/periodismo-y-educacion-el-por-que-de-las-noticias-en-la-era-de-la-desinformacion\/&amp;quot;target=&amp;quot;_blank&amp;quot;&gt;Periodismo y educaci&oacute;n: el por qu&eacute; de las noticias en la era de la desinformaci&oacute;n&nbsp;&lt;\/a&gt;&lt;\/li&gt;&lt;li class=&amp;quot;cmtt_related_item&amp;quot;&gt;&lt;a href=&amp;quot;https:\/\/xqthenews.com\/es\/arranca-en-apulia-el-9o-foro-de-mujeres-periodistas-del-mediterraneo\/&amp;quot;target=&amp;quot;_blank&amp;quot;&gt;Arranca en Apulia el 9&ordm; Foro de Mujeres Periodistas del Mediterr&aacute;neo&lt;\/a&gt;&lt;\/li&gt;&lt;li class=&amp;quot;cmtt_related_item&amp;quot;&gt;&lt;a href=&amp;quot;https:\/\/xqthenews.com\/es\/periodismo-y-educacion-el-porque-de-las-noticias-en-la-era-de-la-desinformacion\/&amp;quot;target=&amp;quot;_blank&amp;quot;&gt;Periodismo y educaci&oacute;n: el porqu&eacute; de las noticias en la era de la desinformaci&oacute;n&lt;\/a&gt;&lt;\/li&gt;&lt;li class=&amp;quot;cmtt_related_item&amp;quot;&gt;&lt;a href=&amp;quot;https:\/\/xqthenews.com\/en\/journalism-and-education-the-purpose-of-reason-for-news-in-the-age-of-disinformation\/&amp;quot;target=&amp;quot;_blank&amp;quot;&gt;Journalism and Education: The purpose of News in the Age of Disinformation&lt;\/a&gt;&lt;\/li&gt;&lt;li class=&amp;quot;cmtt_related_item&amp;quot;&gt;&lt;a href=&amp;quot;https:\/\/xqthenews.com\/es\/journalism-and-education-the-purpose-of-news-in-the-age-of-disinformation\/&amp;quot;target=&amp;quot;_blank&amp;quot;&gt;Journalism and Education: The purpose of News in the Age of Disinformation&lt;\/a&gt;&lt;\/li&gt;&lt;\/ul&gt;&lt;\/div&gt;\" href=\"https:\/\/xqthenews.com\/es\/glossary\/fake-news\/\" data-gt-translate-attributes='[{\"attribute\":\"data-cmtooltip\", \"format\":\"html\"}]' tabindex=\"0\" role=\"link\">fake news<\/a>, siguiendo una l&iacute;nea similar a lo que Elon Musk implement&oacute; en Twitter.<\/p>\n\n\n\n<p>Y Peter Thiel, antiguo CEO de Paypal, quien en un art&iacute;culo reciente en el Financial Times titulado <a href=\"https:\/\/www.ft.com\/content\/a46cb128-1f74-4621-ab0b-242a76583105\">&ldquo;Un tiempo para la reconciliaci&oacute;n&rdquo;<\/a> abog&oacute; por un replanteamiento de las alianzas pol&iacute;ticas, impulsado por el poder de <a class=\"glossaryLink\" aria-describedby=\"tt\" data-cmtooltip=\"&lt;div class=glossaryItemTitle&gt;Silicon Valley&lt;\/div&gt;&lt;div class=glossaryItemBody&gt;&amp;lt;!-- wp:paragraph --&amp;gt;&amp;quot;Silicon Valley&amp;quot; es una regi&oacute;n en California, famosa por su concentraci&oacute;n de empresas tecnol&oacute;gicas y startups, l&iacute;der en innovaci&oacute;n y desarrollo tecnol&oacute;gico.&amp;lt;br\/&amp;gt;&amp;lt;!-- \/wp:paragraph --&amp;gt;&lt;\/div&gt;&lt;div id=&amp;quot;cmtt_related_articles&amp;quot; class=&amp;quot;cmtt_related_articles_wrapper&amp;quot;&gt;&lt;div class=&amp;quot;cmtt_related_title cmtt_related_articles_title&amp;quot;&gt;Related Articles: &lt;\/div&gt;&lt;ul class=&amp;quot;cmtt_related&amp;quot;&gt;&lt;li class=&amp;quot;cmtt_related_item&amp;quot;&gt;&lt;a href=&amp;quot;https:\/\/xqthenews.com\/es\/israel-una-potencia-militarista-y-probada-en-combate\/&amp;quot;target=&amp;quot;_blank&amp;quot;&gt;Israel, una potencia militarista y &amp;quot;probada en combate&rdquo;&lt;\/a&gt;&lt;\/li&gt;&lt;li class=&amp;quot;cmtt_related_item&amp;quot;&gt;&lt;a href=&amp;quot;https:\/\/xqthenews.com\/es\/los-nuevos-senores-feudales-tecnologia-poder-y-politica-en-la-era-trump\/&amp;quot;target=&amp;quot;_blank&amp;quot;&gt;Los nuevos se&ntilde;ores feudales: tecnolog&iacute;a, poder y pol&iacute;tica en la era Trump&lt;\/a&gt;&lt;\/li&gt;&lt;li class=&amp;quot;cmtt_related_item&amp;quot;&gt;&lt;a href=&amp;quot;https:\/\/xqthenews.com\/es\/la-prevalencia-del-tdah-en-europa-y-su-impacto-en-ninos-y-adultos\/&amp;quot;target=&amp;quot;_blank&amp;quot;&gt;La prevalencia del TDAH en Europa y su impacto en ni&ntilde;os y adultos&lt;\/a&gt;&lt;\/li&gt;&lt;\/ul&gt;&lt;\/div&gt;\" href=\"https:\/\/xqthenews.com\/es\/glossary\/silicon-valley\/\" data-gt-translate-attributes='[{\"attribute\":\"data-cmtooltip\", \"format\":\"html\"}]' tabindex=\"0\" role=\"link\">Silicon Valley<\/a>. &ldquo;Estamos viendo c&oacute;mo el sector tecnol&oacute;gico redefine las reglas del juego pol&iacute;tico&rdquo;, se&ntilde;ala Thiel en su art&iacute;culo. Estas decisiones, lejos de ser puramente t&eacute;cnicas, evidencian un acercamiento estrat&eacute;gico al enfoque pol&iacute;tico de Trump.<\/p>\n\n\n\n<p>Estos planes no solo representan una reestructuraci&oacute;n radical del aparato estatal, sino que tambi&eacute;n <a href=\"https:\/\/catalunyaplural.cat\/es\/que-es-el-aceleracionismo-la-ideologia-de-silicon-valley\/\">pueden interpretarse como una victoria de las tesis aceleracionistas<\/a>. Este enfoque, que propone utilizar las propias din&aacute;micas del capitalismo para alcanzar un punto de colapso o transformaci&oacute;n total, se refleja en la estrategia del Departamento de Eficiencia Gubernamental. Al desmantelar parte de la <a class=\"glossaryLink\" aria-describedby=\"tt\" data-cmtooltip=\"&lt;div class=glossaryItemTitle&gt;Burocracia&lt;\/div&gt;&lt;div class=glossaryItemBody&gt;&amp;lt;!-- wp:paragraph --&amp;gt;La burocracia es un sistema de administraci&oacute;n en el que el poder se organiza en jerarqu&iacute;as y normas estrictas. Busca eficiencia, pero puede generar lentitud y exceso de tr&aacute;mites en organizaciones p&uacute;blicas o privadas.&amp;lt;br\/&amp;gt;&amp;lt;!-- \/wp:paragraph --&amp;gt;&lt;\/div&gt;&lt;div id=&amp;quot;cmtt_related_articles&amp;quot; class=&amp;quot;cmtt_related_articles_wrapper&amp;quot;&gt;&lt;div class=&amp;quot;cmtt_related_title cmtt_related_articles_title&amp;quot;&gt;Related Articles: &lt;\/div&gt;&lt;ul class=&amp;quot;cmtt_related&amp;quot;&gt;&lt;li class=&amp;quot;cmtt_related_item&amp;quot;&gt;&lt;a href=&amp;quot;https:\/\/xqthenews.com\/es\/trump-y-el-fin-del-sueno-americano\/&amp;quot;target=&amp;quot;_blank&amp;quot;&gt;Trump y el fin del sue&ntilde;o americano&lt;\/a&gt;&lt;\/li&gt;&lt;li class=&amp;quot;cmtt_related_item&amp;quot;&gt;&lt;a href=&amp;quot;https:\/\/xqthenews.com\/pt-pt\/trump-e-o-fim-do-sonho-americano\/&amp;quot;target=&amp;quot;_blank&amp;quot;&gt;Trump e o fim do sonho americano&lt;\/a&gt;&lt;\/li&gt;&lt;li class=&amp;quot;cmtt_related_item&amp;quot;&gt;&lt;a href=&amp;quot;https:\/\/xqthenews.com\/es\/los-nuevos-senores-feudales-tecnologia-poder-y-politica-en-la-era-trump\/&amp;quot;target=&amp;quot;_blank&amp;quot;&gt;Los nuevos se&ntilde;ores feudales: tecnolog&iacute;a, poder y pol&iacute;tica en la era Trump&lt;\/a&gt;&lt;\/li&gt;&lt;\/ul&gt;&lt;\/div&gt;\" href=\"https:\/\/xqthenews.com\/es\/glossary\/burocracia\/\" data-gt-translate-attributes='[{\"attribute\":\"data-cmtooltip\", \"format\":\"html\"}]' tabindex=\"0\" role=\"link\">burocracia<\/a> tradicional y fomentar la desregulaci&oacute;n, las figuras clave detr&aacute;s de este proyecto, como Elon Musk y Vivek Ramaswamy, est&aacute;n implementando un modelo que busca acelerar los procesos tecnol&oacute;gicos y econ&oacute;micos, aunque esto implique un debilitamiento de las estructuras p&uacute;blicas tradicionales. El desarme de las instituciones cl&aacute;sicas se ampara bajo el mantra de que <em>solamente el progreso tecnol&oacute;gico nos har&aacute; libres<\/em>. Aunque la realidad, al menos la inmediata, es otra de bien distinta: vuelven los se&ntilde;ores feudales.<\/p>\n\n\n\n<h2 class=\"wp-block-heading\"><strong>Ni estrictamente neoliberales<\/strong><\/h2>\n\n\n\n<p>El distanciamiento de la administraci&oacute;n Trump del <a class=\"glossaryLink\" aria-describedby=\"tt\" data-cmtooltip=\"&lt;div class=glossaryItemTitle&gt;Neoliberalismo&lt;\/div&gt;&lt;div class=glossaryItemBody&gt;&amp;lt;!-- wp:paragraph --&amp;gt;Teor&iacute;a econ&oacute;mica que promueve la reducci&oacute;n de la intervenci&oacute;n estatal en la econom&iacute;a, la privatizaci&oacute;n de servicios p&uacute;blicos y una mayor libertad del mercado.&amp;lt;br\/&amp;gt;&amp;lt;!-- \/wp:paragraph --&amp;gt;&lt;\/div&gt;\" href=\"https:\/\/xqthenews.com\/es\/glossary\/neoliberalismo\/\" data-gt-translate-attributes='[{\"attribute\":\"data-cmtooltip\", \"format\":\"html\"}]' tabindex=\"0\" role=\"link\">neoliberalismo<\/a> es particularmente evidente en su pol&iacute;tica econ&oacute;mica y comercial. A diferencia de sus predecesores, Trump no ha defendido los principios cl&aacute;sicos de libre comercio, sino que ha adoptado una postura proteccionista, imponiendo aranceles a productos de pa&iacute;ses como China. Stephen Miran, miembro del Consejo de Asesores Econ&oacute;micos de Trump, ha respaldado estas medidas, argumentando que protegen los intereses nacionales frente a una <a class=\"glossaryLink\" aria-describedby=\"tt\" data-cmtooltip=\"&lt;div class=glossaryItemTitle&gt;Globalizaci&oacute;n&lt;\/div&gt;&lt;div class=glossaryItemBody&gt;&amp;lt;!-- wp:paragraph --&amp;gt;La globalizaci&oacute;n es el proceso de integraci&oacute;n mundial en econom&iacute;a, cultura, pol&iacute;tica y tecnolog&iacute;a, que conecta pa&iacute;ses a trav&eacute;s del comercio, la comunicaci&oacute;n y la interdependencia global de mercados y sociedades.&amp;lt;br\/&amp;gt;&amp;lt;!-- \/wp:paragraph --&amp;gt;&lt;\/div&gt;&lt;div id=&amp;quot;cmtt_related_articles&amp;quot; class=&amp;quot;cmtt_related_articles_wrapper&amp;quot;&gt;&lt;div class=&amp;quot;cmtt_related_title cmtt_related_articles_title&amp;quot;&gt;Related Articles: &lt;\/div&gt;&lt;ul class=&amp;quot;cmtt_related&amp;quot;&gt;&lt;li class=&amp;quot;cmtt_related_item&amp;quot;&gt;&lt;a href=&amp;quot;https:\/\/xqthenews.com\/es\/los-nuevos-senores-feudales-tecnologia-poder-y-politica-en-la-era-trump\/&amp;quot;target=&amp;quot;_blank&amp;quot;&gt;Los nuevos se&ntilde;ores feudales: tecnolog&iacute;a, poder y pol&iacute;tica en la era Trump&lt;\/a&gt;&lt;\/li&gt;&lt;li class=&amp;quot;cmtt_related_item&amp;quot;&gt;&lt;a href=&amp;quot;https:\/\/xqthenews.com\/es\/zelenski-la-dignidad-de-ucrania-frente-a-putin-y-trump\/&amp;quot;target=&amp;quot;_blank&amp;quot;&gt;Zelenski: la dignidad de Ucrania frente a Putin y Trump&lt;\/a&gt;&lt;\/li&gt;&lt;li class=&amp;quot;cmtt_related_item&amp;quot;&gt;&lt;a href=&amp;quot;https:\/\/xqthenews.com\/es\/glossary\/capitalismo-tardio\/&amp;quot;target=&amp;quot;_blank&amp;quot;&gt;Glossary:  Capitalismo tard&iacute;o&lt;\/a&gt;&lt;\/li&gt;&lt;\/ul&gt;&lt;\/div&gt;\" href=\"https:\/\/xqthenews.com\/es\/glossary\/globalizacion\/\" data-gt-translate-attributes='[{\"attribute\":\"data-cmtooltip\", \"format\":\"html\"}]' tabindex=\"0\" role=\"link\">globalizaci&oacute;n<\/a> descontrolada. Tambi&eacute;n Jan Hatzius, Jefe de Inversiones de <a class=\"glossaryLink\" aria-describedby=\"tt\" data-cmtooltip=\"&lt;div class=glossaryItemTitle&gt;Goldman Sachs&lt;\/div&gt;&lt;div class=glossaryItemBody&gt;&amp;lt;!-- wp:paragraph --&amp;gt;Goldman Sachs es un banco de inversi&oacute;n global con sede en EE. UU., l&iacute;der en servicios financieros como gesti&oacute;n de activos, banca de inversi&oacute;n, mercados de capital y asesor&iacute;a estrat&eacute;gica a gobiernos y empresas.&amp;lt;br\/&amp;gt;&amp;lt;!-- \/wp:paragraph --&amp;gt;&lt;\/div&gt;&lt;div id=&amp;quot;cmtt_related_articles&amp;quot; class=&amp;quot;cmtt_related_articles_wrapper&amp;quot;&gt;&lt;div class=&amp;quot;cmtt_related_title cmtt_related_articles_title&amp;quot;&gt;Related Articles: &lt;\/div&gt;&lt;ul class=&amp;quot;cmtt_related&amp;quot;&gt;&lt;li class=&amp;quot;cmtt_related_item&amp;quot;&gt;&lt;a href=&amp;quot;https:\/\/xqthenews.com\/es\/los-nuevos-senores-feudales-tecnologia-poder-y-politica-en-la-era-trump\/&amp;quot;target=&amp;quot;_blank&amp;quot;&gt;Los nuevos se&ntilde;ores feudales: tecnolog&iacute;a, poder y pol&iacute;tica en la era Trump&lt;\/a&gt;&lt;\/li&gt;&lt;\/ul&gt;&lt;\/div&gt;\" href=\"https:\/\/xqthenews.com\/es\/glossary\/goldman-sachs\/\" data-gt-translate-attributes='[{\"attribute\":\"data-cmtooltip\", \"format\":\"html\"}]' tabindex=\"0\" role=\"link\">Goldman Sachs<\/a>, ha se&ntilde;alado que las promesas de Trump de reducir d&eacute;ficits presupuestarios no se han cumplido, lo que tambi&eacute;n se aparta de los <a class=\"glossaryLink\" aria-describedby=\"tt\" data-cmtooltip=\"&lt;div class=glossaryItemTitle&gt;Ideales&lt;\/div&gt;&lt;div class=glossaryItemBody&gt;&amp;lt;!-- wp:paragraph --&amp;gt;Principios y valores personales que gu&iacute;an las acciones, mencionados como la fuerza motriz de las iniciativas de los protagonistas, que tratan de equilibrarlos con las exigencias del mundo real.&amp;lt;br\/&amp;gt;&amp;lt;!-- \/wp:paragraph --&amp;gt;&lt;\/div&gt;&lt;div id=&amp;quot;cmtt_related_articles&amp;quot; class=&amp;quot;cmtt_related_articles_wrapper&amp;quot;&gt;&lt;div class=&amp;quot;cmtt_related_title cmtt_related_articles_title&amp;quot;&gt;Related Articles: &lt;\/div&gt;&lt;ul class=&amp;quot;cmtt_related&amp;quot;&gt;&lt;li class=&amp;quot;cmtt_related_item&amp;quot;&gt;&lt;a href=&amp;quot;https:\/\/xqthenews.com\/es\/glossary\/equilibrio\/&amp;quot;target=&amp;quot;_blank&amp;quot;&gt;Glossary:  Equilibrio&lt;\/a&gt;&lt;\/li&gt;&lt;li class=&amp;quot;cmtt_related_item&amp;quot;&gt;&lt;a href=&amp;quot;https:\/\/xqthenews.com\/es\/la-lucha-por-un-equilibrio-verde-en-un-mundo-de-facturas\/&amp;quot;target=&amp;quot;_blank&amp;quot;&gt;La lucha por un equilibrio verde en un mundo de facturas&lt;\/a&gt;&lt;\/li&gt;&lt;li class=&amp;quot;cmtt_related_item&amp;quot;&gt;&lt;a href=&amp;quot;https:\/\/xqthenews.com\/es\/los-nuevos-senores-feudales-tecnologia-poder-y-politica-en-la-era-trump\/&amp;quot;target=&amp;quot;_blank&amp;quot;&gt;Los nuevos se&ntilde;ores feudales: tecnolog&iacute;a, poder y pol&iacute;tica en la era Trump&lt;\/a&gt;&lt;\/li&gt;&lt;\/ul&gt;&lt;\/div&gt;\" href=\"https:\/\/xqthenews.com\/es\/glossary\/ideales\/\" data-gt-translate-attributes='[{\"attribute\":\"data-cmtooltip\", \"format\":\"html\"}]' tabindex=\"0\" role=\"link\">ideales<\/a> neoliberales de disciplina fiscal.<\/p>\n\n\n\n<p>Pero si pudieran parecer sospechas las declaraciones de dos personajes claramente vinculadas con la derecha econ&oacute;mica, l&eacute;anse las del premio nobel Joseph Stigliz en la entrevista en ELPA&Iacute;S en la que explica porque Trump rompe con las bases del <a class=\"glossaryLink\" aria-describedby=\"tt\" data-cmtooltip=\"&lt;div class=glossaryItemTitle&gt;Neoliberalismo&lt;\/div&gt;&lt;div class=glossaryItemBody&gt;&amp;lt;!-- wp:paragraph --&amp;gt;Teor&iacute;a econ&oacute;mica que promueve la reducci&oacute;n de la intervenci&oacute;n estatal en la econom&iacute;a, la privatizaci&oacute;n de servicios p&uacute;blicos y una mayor libertad del mercado.&amp;lt;br\/&amp;gt;&amp;lt;!-- \/wp:paragraph --&amp;gt;&lt;\/div&gt;\" href=\"https:\/\/xqthenews.com\/es\/glossary\/neoliberalismo\/\" data-gt-translate-attributes='[{\"attribute\":\"data-cmtooltip\", \"format\":\"html\"}]' tabindex=\"0\" role=\"link\">neoliberalismo<\/a> cl&aacute;sico: &ldquo;Trump, por ejemplo, no es exactamente un neoliberal, sino un nacionalista que ha establecido una <a class=\"glossaryLink\" aria-describedby=\"tt\" data-cmtooltip=\"&lt;div class=glossaryItemTitle&gt;Coalici&oacute;n&lt;\/div&gt;&lt;div class=glossaryItemBody&gt;&amp;lt;!-- wp:paragraph --&amp;gt;Una coalici&oacute;n es la uni&oacute;n de distintos partidos pol&iacute;ticos para formar un gobierno o alcanzar objetivos comunes mediante acuerdos y colaboraci&oacute;n.&amp;lt;br\/&amp;gt;&amp;lt;!-- \/wp:paragraph --&amp;gt;&lt;\/div&gt;&lt;div id=&amp;quot;cmtt_related_articles&amp;quot; class=&amp;quot;cmtt_related_articles_wrapper&amp;quot;&gt;&lt;div class=&amp;quot;cmtt_related_title cmtt_related_articles_title&amp;quot;&gt;Related Articles: &lt;\/div&gt;&lt;ul class=&amp;quot;cmtt_related&amp;quot;&gt;&lt;li class=&amp;quot;cmtt_related_item&amp;quot;&gt;&lt;a href=&amp;quot;https:\/\/xqthenews.com\/es\/ucrania-la-herida-en-el-corazon-de-europa\/&amp;quot;target=&amp;quot;_blank&amp;quot;&gt;Ucrania, la herida en el coraz&oacute;n de Europa&lt;\/a&gt;&lt;\/li&gt;&lt;li class=&amp;quot;cmtt_related_item&amp;quot;&gt;&lt;a href=&amp;quot;https:\/\/xqthenews.com\/es\/la-destruccion-de-gaza-el-ultimo-capitulo-de-cien-anos-de-odio\/&amp;quot;target=&amp;quot;_blank&amp;quot;&gt;La destrucci&oacute;n de Gaza, el &uacute;ltimo cap&iacute;tulo de cien a&ntilde;os de odio&lt;\/a&gt;&lt;\/li&gt;&lt;li class=&amp;quot;cmtt_related_item&amp;quot;&gt;&lt;a href=&amp;quot;https:\/\/xqthenews.com\/es\/el-auge-global-de-la-extrema-derecha-y-su-presencia-en-europa\/&amp;quot;target=&amp;quot;_blank&amp;quot;&gt;El auge global de la extrema derecha y su presencia en Europa&lt;\/a&gt;&lt;\/li&gt;&lt;li class=&amp;quot;cmtt_related_item&amp;quot;&gt;&lt;a href=&amp;quot;https:\/\/xqthenews.com\/es\/victoria-de-la-derecha-en-portugal-una-tendencia-europea\/&amp;quot;target=&amp;quot;_blank&amp;quot;&gt;Victoria de la derecha en Portugal: &iquest;una tendencia europea?&lt;\/a&gt;&lt;\/li&gt;&lt;li class=&amp;quot;cmtt_related_item&amp;quot;&gt;&lt;a href=&amp;quot;https:\/\/xqthenews.com\/es\/la-extrema-derecha-toma-fuerza-a-tres-meses-de-las-elecciones-europeas\/&amp;quot;target=&amp;quot;_blank&amp;quot;&gt;La extrema derecha toma fuerza a tres meses de las elecciones europeas&lt;\/a&gt;&lt;\/li&gt;&lt;\/ul&gt;&lt;\/div&gt;\" href=\"https:\/\/xqthenews.com\/es\/glossary\/coalicion\/\" data-gt-translate-attributes='[{\"attribute\":\"data-cmtooltip\", \"format\":\"html\"}]' tabindex=\"0\" role=\"link\">coalici&oacute;n<\/a> entre quienes sienten desafecto y un grupo importante de empresarios.&rdquo;<\/p>\n\n\n\n<h2 class=\"wp-block-heading\"><strong>Ni estrictamente neoconservadores<\/strong><\/h2>\n\n\n\n<p>La administraci&oacute;n Trump, adem&aacute;s, ha mostrado una relaci&oacute;n ambivalente con el <a class=\"glossaryLink\" aria-describedby=\"tt\" data-cmtooltip=\"&lt;div class=glossaryItemTitle&gt;Neoconservadurismo&lt;\/div&gt;&lt;div class=glossaryItemBody&gt;&amp;lt;!-- wp:paragraph --&amp;gt;El neoconservadurismo es una ideolog&iacute;a pol&iacute;tica surgida en EE. UU. que combina conservadurismo moral con una pol&iacute;tica exterior intervencionista, buscando expandir la democracia y proteger intereses nacionales.&amp;lt;br\/&amp;gt;&amp;lt;!-- \/wp:paragraph --&amp;gt;&amp;lt;!-- wp:paragraph --&amp;gt;&amp;lt;br\/&amp;gt;&amp;lt;!-- \/wp:paragraph --&amp;gt;&lt;\/div&gt;&lt;div id=&amp;quot;cmtt_related_articles&amp;quot; class=&amp;quot;cmtt_related_articles_wrapper&amp;quot;&gt;&lt;div class=&amp;quot;cmtt_related_title cmtt_related_articles_title&amp;quot;&gt;Related Articles: &lt;\/div&gt;&lt;ul class=&amp;quot;cmtt_related&amp;quot;&gt;&lt;li class=&amp;quot;cmtt_related_item&amp;quot;&gt;&lt;a href=&amp;quot;https:\/\/xqthenews.com\/es\/los-nuevos-senores-feudales-tecnologia-poder-y-politica-en-la-era-trump\/&amp;quot;target=&amp;quot;_blank&amp;quot;&gt;Los nuevos se&ntilde;ores feudales: tecnolog&iacute;a, poder y pol&iacute;tica en la era Trump&lt;\/a&gt;&lt;\/li&gt;&lt;\/ul&gt;&lt;\/div&gt;\" href=\"https:\/\/xqthenews.com\/es\/glossary\/neoconservadurismo\/\" data-gt-translate-attributes='[{\"attribute\":\"data-cmtooltip\", \"format\":\"html\"}]' tabindex=\"0\" role=\"link\">neoconservadurismo<\/a>. Aunque figuras relevantes como J.D. Vance, futuro vicepresidente de los Estados Unidos, representa como anillo al dedo los valores conservadores morales cl&aacute;sicos (contrario al derecho al aborto, al matrimonio homosexual, etc) Trump ha dejado claro su desprecio hacia los neoconservadores. Concretamente, el rechazo de Trump se dirige hacia aquellos &ldquo;halcones&rdquo; que han formado parte de la administraci&oacute;n y que forman parte de las agencias de inteligencia que han moldeado la pol&iacute;tica militar del pa&iacute;s en las &uacute;ltimas d&eacute;cadas. En una entrevista a Robert F. Kennedy Jr., futuro jefe del Departamento de Salud (y famoso por sus declaraciones contrarias a la vacunaci&oacute;n contra el COVID), mencion&oacute; expl&iacute;citamente en una conversaci&oacute;n con Jordan Peterson el fuerte rechazo de Trump y de su c&iacute;rculo m&aacute;s pr&oacute;ximo hacia aquellos neoconservadores relacionados con la industria armament&iacute;stica y su agenda internacional <a class=\"glossaryLink\" aria-describedby=\"tt\" data-cmtooltip=\"&lt;div class=glossaryItemTitle&gt;Intervencionista&lt;\/div&gt;&lt;div class=glossaryItemBody&gt;&amp;lt;!-- wp:paragraph --&amp;gt;El intervencionismo pol&iacute;tico es la acci&oacute;n de un pa&iacute;s en los asuntos internos o externos de otro, a menudo usando medios diplom&aacute;ticos o militares, para influir en su econom&iacute;a, pol&iacute;tica o estabilidad.&amp;lt;br\/&amp;gt;&amp;lt;!-- \/wp:paragraph --&amp;gt;&lt;\/div&gt;&lt;div id=&amp;quot;cmtt_related_articles&amp;quot; class=&amp;quot;cmtt_related_articles_wrapper&amp;quot;&gt;&lt;div class=&amp;quot;cmtt_related_title cmtt_related_articles_title&amp;quot;&gt;Related Articles: &lt;\/div&gt;&lt;ul class=&amp;quot;cmtt_related&amp;quot;&gt;&lt;li class=&amp;quot;cmtt_related_item&amp;quot;&gt;&lt;a href=&amp;quot;https:\/\/xqthenews.com\/es\/trump-y-el-fin-del-sueno-americano\/&amp;quot;target=&amp;quot;_blank&amp;quot;&gt;Trump y el fin del sue&ntilde;o americano&lt;\/a&gt;&lt;\/li&gt;&lt;li class=&amp;quot;cmtt_related_item&amp;quot;&gt;&lt;a href=&amp;quot;https:\/\/xqthenews.com\/pt-pt\/trump-e-o-fim-do-sonho-americano\/&amp;quot;target=&amp;quot;_blank&amp;quot;&gt;Trump e o fim do sonho americano&lt;\/a&gt;&lt;\/li&gt;&lt;li class=&amp;quot;cmtt_related_item&amp;quot;&gt;&lt;a href=&amp;quot;https:\/\/xqthenews.com\/es\/glossary\/neoconservadurismo\/&amp;quot;target=&amp;quot;_blank&amp;quot;&gt;Glossary:  Neoconservadurismo&lt;\/a&gt;&lt;\/li&gt;&lt;li class=&amp;quot;cmtt_related_item&amp;quot;&gt;&lt;a href=&amp;quot;https:\/\/xqthenews.com\/es\/los-nuevos-senores-feudales-tecnologia-poder-y-politica-en-la-era-trump\/&amp;quot;target=&amp;quot;_blank&amp;quot;&gt;Los nuevos se&ntilde;ores feudales: tecnolog&iacute;a, poder y pol&iacute;tica en la era Trump&lt;\/a&gt;&lt;\/li&gt;&lt;\/ul&gt;&lt;\/div&gt;\" href=\"https:\/\/xqthenews.com\/es\/glossary\/intervencionista\/\" data-gt-translate-attributes='[{\"attribute\":\"data-cmtooltip\", \"format\":\"html\"}]' tabindex=\"0\" role=\"link\">intervencionista<\/a>.<\/p>\n\n\n\n<p>Esto no significa ni mucho menos que Trump sea un liberal en aspectos morales, sino que su posicionamiento en pol&iacute;tica internacional se presenta como algo menos imperialista y algo m&aacute;s aislacionista de lo que cabr&iacute;a esperar en el l&iacute;der del Partido Republicano. Y aqu&iacute; yace la clave de b&oacute;veda: este realineamiento de posiciones no hubiera sido posible si el Partido Dem&oacute;crata no hubiera dejado de lado a sus bases.<\/p>\n\n\n\n<h2 class=\"wp-block-heading\"><strong>El olvido dem&oacute;crata hacia su electorado<\/strong><\/h2>\n\n\n\n<p>En la <a class=\"glossaryLink\" aria-describedby=\"tt\" data-cmtooltip=\"&lt;div class=glossaryItemTitle&gt;Convenci&oacute;n&lt;\/div&gt;&lt;div class=glossaryItemBody&gt;&amp;lt;!-- wp:paragraph --&amp;gt;Evento o reuni&oacute;n organizada en la que personas con intereses comunes, como los c&oacute;mics, los videojuegos o la cultura pop, se re&uacute;nen para participar en actividades, conferencias y presentaciones.&amp;lt;br\/&amp;gt;&amp;lt;!-- \/wp:paragraph --&amp;gt;&lt;\/div&gt;&lt;div id=&amp;quot;cmtt_related_articles&amp;quot; class=&amp;quot;cmtt_related_articles_wrapper&amp;quot;&gt;&lt;div class=&amp;quot;cmtt_related_title cmtt_related_articles_title&amp;quot;&gt;Related Articles: &lt;\/div&gt;&lt;ul class=&amp;quot;cmtt_related&amp;quot;&gt;&lt;li class=&amp;quot;cmtt_related_item&amp;quot;&gt;&lt;a href=&amp;quot;https:\/\/xqthenews.com\/es\/los-nuevos-senores-feudales-tecnologia-poder-y-politica-en-la-era-trump\/&amp;quot;target=&amp;quot;_blank&amp;quot;&gt;Los nuevos se&ntilde;ores feudales: tecnolog&iacute;a, poder y pol&iacute;tica en la era Trump&lt;\/a&gt;&lt;\/li&gt;&lt;li class=&amp;quot;cmtt_related_item&amp;quot;&gt;&lt;a href=&amp;quot;https:\/\/xqthenews.com\/es\/tdah-en-la-adolescencia-reconocer-y-afrontar-un-trastorno-complejo\/&amp;quot;target=&amp;quot;_blank&amp;quot;&gt;TDAH en la adolescencia: reconocer y afrontar un trastorno complejo&lt;\/a&gt;&lt;\/li&gt;&lt;\/ul&gt;&lt;\/div&gt;\" href=\"https:\/\/xqthenews.com\/es\/glossary\/convencion\/\" data-gt-translate-attributes='[{\"attribute\":\"data-cmtooltip\", \"format\":\"html\"}]' tabindex=\"0\" role=\"link\">convenci&oacute;n<\/a> dem&oacute;crata que confirm&oacute; a <a class=\"glossaryLink\" aria-describedby=\"tt\" data-cmtooltip=\"&lt;div class=glossaryItemTitle&gt;Kamala Harris&lt;\/div&gt;&lt;div class=glossaryItemBody&gt;&amp;lt;!-- wp:paragraph --&amp;gt;Kamala Devi Harris &#8203; es una pol&iacute;tica progresista&#8203; y abogada estadounidense. Miembro del Partido Dem&oacute;crata&amp;lt;br\/&amp;gt;&amp;lt;!-- \/wp:paragraph --&amp;gt;&lt;\/div&gt;&lt;div id=&amp;quot;cmtt_related_articles&amp;quot; class=&amp;quot;cmtt_related_articles_wrapper&amp;quot;&gt;&lt;div class=&amp;quot;cmtt_related_title cmtt_related_articles_title&amp;quot;&gt;Related Articles: &lt;\/div&gt;&lt;ul class=&amp;quot;cmtt_related&amp;quot;&gt;&lt;li class=&amp;quot;cmtt_related_item&amp;quot;&gt;&lt;a href=&amp;quot;https:\/\/xqthenews.com\/es\/trump-y-el-fin-del-sueno-americano\/&amp;quot;target=&amp;quot;_blank&amp;quot;&gt;Trump y el fin del sue&ntilde;o americano&lt;\/a&gt;&lt;\/li&gt;&lt;li class=&amp;quot;cmtt_related_item&amp;quot;&gt;&lt;a href=&amp;quot;https:\/\/xqthenews.com\/en\/trump-and-the-end-of-the-american-dream\/&amp;quot;target=&amp;quot;_blank&amp;quot;&gt;Trump and the end of the American dream&lt;\/a&gt;&lt;\/li&gt;&lt;li class=&amp;quot;cmtt_related_item&amp;quot;&gt;&lt;a href=&amp;quot;https:\/\/xqthenews.com\/it\/trump-e-la-fine-del-sogno-americano\/&amp;quot;target=&amp;quot;_blank&amp;quot;&gt;Trump e la fine del sogno americano&lt;\/a&gt;&lt;\/li&gt;&lt;li class=&amp;quot;cmtt_related_item&amp;quot;&gt;&lt;a href=&amp;quot;https:\/\/xqthenews.com\/pt-pt\/trump-e-o-fim-do-sonho-americano\/&amp;quot;target=&amp;quot;_blank&amp;quot;&gt;Trump e o fim do sonho americano&lt;\/a&gt;&lt;\/li&gt;&lt;li class=&amp;quot;cmtt_related_item&amp;quot;&gt;&lt;a href=&amp;quot;https:\/\/xqthenews.com\/es\/los-nuevos-senores-feudales-tecnologia-poder-y-politica-en-la-era-trump\/&amp;quot;target=&amp;quot;_blank&amp;quot;&gt;Los nuevos se&ntilde;ores feudales: tecnolog&iacute;a, poder y pol&iacute;tica en la era Trump&lt;\/a&gt;&lt;\/li&gt;&lt;\/ul&gt;&lt;\/div&gt;\" href=\"https:\/\/xqthenews.com\/es\/glossary\/kamala-harris\/\" data-gt-translate-attributes='[{\"attribute\":\"data-cmtooltip\", \"format\":\"html\"}]' tabindex=\"0\" role=\"link\">Kamala Harris<\/a> como candidata vicepresidencial, figuras tradicionales del <a class=\"glossaryLink\" aria-describedby=\"tt\" data-cmtooltip=\"&lt;div class=glossaryItemTitle&gt;Neoconservadurismo&lt;\/div&gt;&lt;div class=glossaryItemBody&gt;&amp;lt;!-- wp:paragraph --&amp;gt;El neoconservadurismo es una ideolog&iacute;a pol&iacute;tica surgida en EE. UU. que combina conservadurismo moral con una pol&iacute;tica exterior intervencionista, buscando expandir la democracia y proteger intereses nacionales.&amp;lt;br\/&amp;gt;&amp;lt;!-- \/wp:paragraph --&amp;gt;&amp;lt;!-- wp:paragraph --&amp;gt;&amp;lt;br\/&amp;gt;&amp;lt;!-- \/wp:paragraph --&amp;gt;&lt;\/div&gt;&lt;div id=&amp;quot;cmtt_related_articles&amp;quot; class=&amp;quot;cmtt_related_articles_wrapper&amp;quot;&gt;&lt;div class=&amp;quot;cmtt_related_title cmtt_related_articles_title&amp;quot;&gt;Related Articles: &lt;\/div&gt;&lt;ul class=&amp;quot;cmtt_related&amp;quot;&gt;&lt;li class=&amp;quot;cmtt_related_item&amp;quot;&gt;&lt;a href=&amp;quot;https:\/\/xqthenews.com\/es\/los-nuevos-senores-feudales-tecnologia-poder-y-politica-en-la-era-trump\/&amp;quot;target=&amp;quot;_blank&amp;quot;&gt;Los nuevos se&ntilde;ores feudales: tecnolog&iacute;a, poder y pol&iacute;tica en la era Trump&lt;\/a&gt;&lt;\/li&gt;&lt;\/ul&gt;&lt;\/div&gt;\" href=\"https:\/\/xqthenews.com\/es\/glossary\/neoconservadurismo\/\" data-gt-translate-attributes='[{\"attribute\":\"data-cmtooltip\", \"format\":\"html\"}]' tabindex=\"0\" role=\"link\">neoconservadurismo<\/a> como John Bolton, antiguo jefe de Seguridad Nacional bajo un a&ntilde;o del primer mandato de Trump, o Dick Cheney, vicepresidente bajo la administraci&oacute;n de George Bush, expresaron apoyo hacia la f&oacute;rmula dem&oacute;crata. Este hecho subraya c&oacute;mo los cambios internos de los dos partidos han generado movimientos ideol&oacute;gicos inesperados y alianzas inusuales, en un escenario pol&iacute;tico cada vez m&aacute;s polarizado.<\/p>\n\n\n\n<p>Parte de este giro en el Partido Republicano liderado por Donald Trump, quien recientemente lo describi&oacute; como &ldquo;el partido de los trabajadores&rdquo;, se debe tambi&eacute;n al olvido del Partido Dem&oacute;crata hacia sus bases tradicionales. Durante las &uacute;ltimas d&eacute;cadas, los dem&oacute;cratas han ido alej&aacute;ndose de las preocupaciones econ&oacute;micas y sociales de las clases trabajadoras, particularmente en los estados industriales del &ldquo;<a class=\"glossaryLink\" aria-describedby=\"tt\" data-cmtooltip=\"&lt;div class=glossaryItemTitle&gt;Blue Belt&lt;\/div&gt;&lt;div class=glossaryItemBody&gt;&amp;lt;!-- wp:paragraph --&amp;gt;El Blue Belt se refiere a los estados industriales del medio oeste y noreste de EE. UU., hist&oacute;ricamente bastiones dem&oacute;cratas, marcados por su clase trabajadora, manufactura y sindicatos fuertes.&amp;lt;br\/&amp;gt;&amp;lt;!-- \/wp:paragraph --&amp;gt;&lt;\/div&gt;&lt;div id=&amp;quot;cmtt_related_articles&amp;quot; class=&amp;quot;cmtt_related_articles_wrapper&amp;quot;&gt;&lt;div class=&amp;quot;cmtt_related_title cmtt_related_articles_title&amp;quot;&gt;Related Articles: &lt;\/div&gt;&lt;ul class=&amp;quot;cmtt_related&amp;quot;&gt;&lt;li class=&amp;quot;cmtt_related_item&amp;quot;&gt;&lt;a href=&amp;quot;https:\/\/xqthenews.com\/es\/los-nuevos-senores-feudales-tecnologia-poder-y-politica-en-la-era-trump\/&amp;quot;target=&amp;quot;_blank&amp;quot;&gt;Los nuevos se&ntilde;ores feudales: tecnolog&iacute;a, poder y pol&iacute;tica en la era Trump&lt;\/a&gt;&lt;\/li&gt;&lt;\/ul&gt;&lt;\/div&gt;\" href=\"https:\/\/xqthenews.com\/es\/glossary\/blue-belt\/\" data-gt-translate-attributes='[{\"attribute\":\"data-cmtooltip\", \"format\":\"html\"}]' tabindex=\"0\" role=\"link\">Blue Belt<\/a>&rdquo;, que hist&oacute;ricamente eran bastiones del partido. Este cambio se ha visto agravado por el silenciamiento de voces cr&iacute;ticas dentro del propio partido, como la de Bernie Sanders, quien ha sido un defensor constante de los derechos laborales, la redistribuci&oacute;n econ&oacute;mica y el fortalecimiento del estado del bienestar.<\/p>\n\n\n\n<p>A pesar de su popularidad entre las bases progresistas y los j&oacute;venes votantes, Sanders ha enfrentado un boicot institucional por parte de la direcci&oacute;n del Partido Dem&oacute;crata, especialmente durante las primarias presidenciales de 2016 y 2020. Este desprecio hacia propuestas m&aacute;s radicales y alineadas con las necesidades de las clases trabajadoras ha generado una desconexi&oacute;n entre el partido y sus electores hist&oacute;ricos. En su lugar, los dem&oacute;cratas han priorizado alianzas con sectores urbanos, cosmopolitas y corporativos, lo que ha dejado un vac&iacute;o que el Partido Republicano, bajo el liderazgo de Trump, ha sabido capitalizar.<\/p>\n\n\n\n<p>En definitiva, la administraci&oacute;n Trump, junto con figuras clave del sector tecnol&oacute;gico, ha consolidado un nuevo ciclo pol&iacute;tico que trasciende las tradicionales categor&iacute;as de neoconservador y neoliberal. Este cambio, guiado en parte por el poder emergente de las plataformas tecnol&oacute;gicas y un rechazo estrat&eacute;gico a las pol&iacute;ticas intervencionistas tradicionales, define la nueva era pol&iacute;tica del <a class=\"glossaryLink\" aria-describedby=\"tt\" data-cmtooltip=\"&lt;div class=glossaryItemTitle&gt;Tecnofeudalismo&lt;\/div&gt;&lt;div class=glossaryItemBody&gt;&amp;lt;!-- wp:paragraph --&amp;gt; El tecnofeudalismo es un sistema donde grandes plataformas tecnol&oacute;gicas concentran poder pol&iacute;tico y econ&oacute;mico, reemplazando estructuras tradicionales y controlando recursos, datos y din&aacute;micas sociales.&amp;lt;br\/&amp;gt;&amp;lt;!-- \/wp:paragraph --&amp;gt;&lt;\/div&gt;&lt;div id=&amp;quot;cmtt_related_articles&amp;quot; class=&amp;quot;cmtt_related_articles_wrapper&amp;quot;&gt;&lt;div class=&amp;quot;cmtt_related_title cmtt_related_articles_title&amp;quot;&gt;Related Articles: &lt;\/div&gt;&lt;ul class=&amp;quot;cmtt_related&amp;quot;&gt;&lt;li class=&amp;quot;cmtt_related_item&amp;quot;&gt;&lt;a href=&amp;quot;https:\/\/xqthenews.com\/es\/los-nuevos-senores-feudales-tecnologia-poder-y-politica-en-la-era-trump\/&amp;quot;target=&amp;quot;_blank&amp;quot;&gt;Los nuevos se&ntilde;ores feudales: tecnolog&iacute;a, poder y pol&iacute;tica en la era Trump&lt;\/a&gt;&lt;\/li&gt;&lt;\/ul&gt;&lt;\/div&gt;\" href=\"https:\/\/xqthenews.com\/es\/glossary\/tecnofeudalismo\/\" data-gt-translate-attributes='[{\"attribute\":\"data-cmtooltip\", \"format\":\"html\"}]' tabindex=\"0\" role=\"link\">tecnofeudalismo<\/a>. En este contexto, no solo se redefine la pol&iacute;tica estadounidense, sino tambi&eacute;n las formas de ejercer el poder en el siglo XXI.<\/p>\n\n\n\n<hr class=\"wp-block-separator has-text-color has-vivid-green-cyan-color has-alpha-channel-opacity has-vivid-green-cyan-background-color has-background is-style-wide\">\n\n\n\n<div style=\"height:100px\" aria-hidden=\"true\" class=\"wp-block-spacer\"><\/div>\n\n\n<script type=\"text\/javascript\">\n\/* <![CDATA[ *\/\nvar gform;gform||(document.addEventListener(\"gform_main_scripts_loaded\",function(){gform.scriptsLoaded=!0}),document.addEventListener(\"gform\/theme\/scripts_loaded\",function(){gform.themeScriptsLoaded=!0}),window.addEventListener(\"DOMContentLoaded\",function(){gform.domLoaded=!0}),gform={domLoaded:!1,scriptsLoaded:!1,themeScriptsLoaded:!1,isFormEditor:()=>\"function\"==typeof InitializeEditor,callIfLoaded:function(o){return!(!gform.domLoaded||!gform.scriptsLoaded||!gform.themeScriptsLoaded&&!gform.isFormEditor()||(gform.isFormEditor()&&console.warn(\"The use of gform.initializeOnLoaded() is deprecated in the form editor context and will be removed in Gravity Forms 3.1.\"),o(),0))},initializeOnLoaded:function(o){gform.callIfLoaded(o)||(document.addEventListener(\"gform_main_scripts_loaded\",()=>{gform.scriptsLoaded=!0,gform.callIfLoaded(o)}),document.addEventListener(\"gform\/theme\/scripts_loaded\",()=>{gform.themeScriptsLoaded=!0,gform.callIfLoaded(o)}),window.addEventListener(\"DOMContentLoaded\",()=>{gform.domLoaded=!0,gform.callIfLoaded(o)}))},hooks:{action:{},filter:{}},addAction:function(o,r,e,t){gform.addHook(\"action\",o,r,e,t)},addFilter:function(o,r,e,t){gform.addHook(\"filter\",o,r,e,t)},doAction:function(o){gform.doHook(\"action\",o,arguments)},applyFilters:function(o){return gform.doHook(\"filter\",o,arguments)},removeAction:function(o,r){gform.removeHook(\"action\",o,r)},removeFilter:function(o,r,e){gform.removeHook(\"filter\",o,r,e)},addHook:function(o,r,e,t,n){null==gform.hooks[o][r]&&(gform.hooks[o][r]=[]);var d=gform.hooks[o][r];null==n&&(n=r+\"_\"+d.length),gform.hooks[o][r].push({tag:n,callable:e,priority:t=null==t?10:t})},doHook:function(r,o,e){var t;if(e=Array.prototype.slice.call(e,1),null!=gform.hooks[r][o]&&((o=gform.hooks[r][o]).sort(function(o,r){return o.priority-r.priority}),o.forEach(function(o){\"function\"!=typeof(t=o.callable)&&(t=window[t]),\"action\"==r?t.apply(null,e):e[0]=t.apply(null,e)})),\"filter\"==r)return e[0]},removeHook:function(o,r,t,n){var e;null!=gform.hooks[o][r]&&(e=(e=gform.hooks[o][r]).filter(function(o,r,e){return!!(null!=n&&n!=o.tag||null!=t&&t!=o.priority)}),gform.hooks[o][r]=e)}});\n\/* ]]> *\/\n<\/script>\n\n                <div class=\"gf_browser_gecko gform_wrapper gravity-theme gform-theme--no-framework quiz_wrapper\" data-form-theme=\"gravity-theme\" data-form-index=\"0\" id=\"gform_wrapper_815\"><div id=\"gf_815\" class=\"gform_anchor\" tabindex=\"-1\"><\/div>\n                        <div class=\"gform_heading\">\n                            <h2 class=\"gform_title\">Cuestionario de comprensi&oacute;n lectora. Los nuevos se&ntilde;ores feudales: tecnolog&iacute;a, poder y pol&iacute;tica en la era Trump<\/h2>\n                            <p class=\"gform_description\"><\/p>\n                        <\/div><form method=\"post\" enctype=\"multipart\/form-data\" id=\"gform_815\" class=\"quiz\" action=\"\/es\/wp-json\/wp\/v2\/posts\/27255#gf_815\" data-formid=\"815\" novalidate> \r\n <input type=\"hidden\" class=\"gforms-pum\" value='{\"closepopup\":false,\"closedelay\":0,\"openpopup\":false,\"openpopup_id\":0}'>\n        <div id=\"gf_progressbar_wrapper_815\" class=\"gf_progressbar_wrapper\" data-start-at-zero=\"\">\n        \t<p class=\"gf_progressbar_title\">Paso <span class=\"gf_step_current_page\">1<\/span> de <span class=\"gf_step_page_count\">3<\/span><span class=\"gf_step_page_name\"><\/span>\n        \t<\/p>\n            <div class=\"gf_progressbar gf_progressbar_blue\" aria-hidden=\"true\">\n                <div class=\"gf_progressbar_percentage percentbar_blue percentbar_33\" style=\"width:33%;\"><span>33%<\/span><\/div>\n            <\/div><\/div>\n                        <div class=\"gform-body gform_body\"><div id=\"gform_page_815_1\" class=\"gform_page \" data-js=\"page-field-id-0\">\n\t\t\t\t\t<div class=\"gform_page_fields\"><div id=\"gform_fields_815\" class=\"gform_fields top_label form_sublabel_below description_below validation_below\"><fieldset id=\"field_815_1\" class=\"gfield gfield--type-quiz gfield--type-choice gfield--input-type-radio field_sublabel_below gfield--no-description field_description_below field_validation_below gfield_visibility_visible gquiz-field \" data-field-class=\"gquiz-field\"><legend class=\"gfield_label gform-field-label\">&iquest;Qu&eacute; medida adopt&oacute; Trump respecto al comercio internacional?<\/legend><div class=\"ginput_container ginput_container_radio\"><div class=\"gfield_radio\" id=\"input_815_1\">\n\t\t\t<div class=\"gchoice gchoice_815_1_0\">\n\t\t\t\t\t<input class=\"gfield-choice-input\" name=\"input_1\" type=\"radio\" value=\"gquiz1b2b27084\" id=\"choice_815_1_0\" onchange=\"gformToggleRadioOther( this )\">\n\t\t\t\t\t<label for=\"choice_815_1_0\" id=\"label_815_1_0\" class=\"gform-field-label gform-field-label--type-inline\">Foment&oacute; el libre comercio global.<\/label>\n\t\t\t<\/div>\n\t\t\t<div class=\"gchoice gchoice_815_1_1\">\n\t\t\t\t\t<input class=\"gfield-choice-input\" name=\"input_1\" type=\"radio\" value=\"gquiz12c53da11\" id=\"choice_815_1_1\" onchange=\"gformToggleRadioOther( this )\">\n\t\t\t\t\t<label for=\"choice_815_1_1\" id=\"label_815_1_1\" class=\"gform-field-label gform-field-label--type-inline\">Impuso aranceles y adopt&oacute; una postura proteccionista.<\/label>\n\t\t\t<\/div>\n\t\t\t<div class=\"gchoice gchoice_815_1_2\">\n\t\t\t\t\t<input class=\"gfield-choice-input\" name=\"input_1\" type=\"radio\" value=\"gquiz1b6725f5d\" id=\"choice_815_1_2\" onchange=\"gformToggleRadioOther( this )\">\n\t\t\t\t\t<label for=\"choice_815_1_2\" id=\"label_815_1_2\" class=\"gform-field-label gform-field-label--type-inline\">Abog&oacute; por la integraci&oacute;n econ&oacute;mica con China.<\/label>\n\t\t\t<\/div><\/div><\/div><\/fieldset><\/div>\n                    <\/div>\n                    <div class=\"gform-page-footer gform_page_footer top_label\">\n                         <input type=\"button\" id=\"gform_next_button_815_5\" class=\"gform_next_button gform-theme-button button\" onclick=\"gform.submission.handleButtonClick(this);\" data-submission-type=\"next\" value=\"Siguiente \"> \n                    <\/div>\n                <\/div>\n                <div id=\"gform_page_815_2\" class=\"gform_page\" data-js=\"page-field-id-5\" style=\"display:none;\">\n                    <div class=\"gform_page_fields\">\n                        <div id=\"gform_fields_815_2\" class=\"gform_fields top_label form_sublabel_below description_below validation_below\"><fieldset id=\"field_815_3\" class=\"gfield gfield--type-quiz gfield--type-choice gfield--input-type-radio gfield--width-full field_sublabel_below gfield--no-description field_description_below field_validation_below gfield_visibility_visible gquiz-field \" data-field-class=\"gquiz-field\"><legend class=\"gfield_label gform-field-label\">&iquest;Cu&aacute;l es la principal diferencia entre la pol&iacute;tica exterior de Trump y la de los neoconservadores?<\/legend><div class=\"ginput_container ginput_container_radio\"><div class=\"gfield_radio\" id=\"input_815_3\">\n\t\t\t<div class=\"gchoice gchoice_815_3_0\">\n\t\t\t\t\t<input class=\"gfield-choice-input\" name=\"input_3\" type=\"radio\" value=\"gquiz3394e91f2\" id=\"choice_815_3_0\" onchange=\"gformToggleRadioOther( this )\">\n\t\t\t\t\t<label for=\"choice_815_3_0\" id=\"label_815_3_0\" class=\"gform-field-label gform-field-label--type-inline\">Trump adopt&oacute; una postura <a class=\"glossaryLink\" aria-describedby=\"tt\" data-cmtooltip=\"&lt;div class=glossaryItemTitle&gt;Intervencionista&lt;\/div&gt;&lt;div class=glossaryItemBody&gt;&amp;lt;!-- wp:paragraph --&amp;gt;El intervencionismo pol&iacute;tico es la acci&oacute;n de un pa&iacute;s en los asuntos internos o externos de otro, a menudo usando medios diplom&aacute;ticos o militares, para influir en su econom&iacute;a, pol&iacute;tica o estabilidad.&amp;lt;br\/&amp;gt;&amp;lt;!-- \/wp:paragraph --&amp;gt;&lt;\/div&gt;&lt;div id=&amp;quot;cmtt_related_articles&amp;quot; class=&amp;quot;cmtt_related_articles_wrapper&amp;quot;&gt;&lt;div class=&amp;quot;cmtt_related_title cmtt_related_articles_title&amp;quot;&gt;Related Articles: &lt;\/div&gt;&lt;ul class=&amp;quot;cmtt_related&amp;quot;&gt;&lt;li class=&amp;quot;cmtt_related_item&amp;quot;&gt;&lt;a href=&amp;quot;https:\/\/xqthenews.com\/es\/trump-y-el-fin-del-sueno-americano\/&amp;quot;target=&amp;quot;_blank&amp;quot;&gt;Trump y el fin del sue&ntilde;o americano&lt;\/a&gt;&lt;\/li&gt;&lt;li class=&amp;quot;cmtt_related_item&amp;quot;&gt;&lt;a href=&amp;quot;https:\/\/xqthenews.com\/pt-pt\/trump-e-o-fim-do-sonho-americano\/&amp;quot;target=&amp;quot;_blank&amp;quot;&gt;Trump e o fim do sonho americano&lt;\/a&gt;&lt;\/li&gt;&lt;li class=&amp;quot;cmtt_related_item&amp;quot;&gt;&lt;a href=&amp;quot;https:\/\/xqthenews.com\/es\/glossary\/neoconservadurismo\/&amp;quot;target=&amp;quot;_blank&amp;quot;&gt;Glossary:  Neoconservadurismo&lt;\/a&gt;&lt;\/li&gt;&lt;li class=&amp;quot;cmtt_related_item&amp;quot;&gt;&lt;a href=&amp;quot;https:\/\/xqthenews.com\/es\/los-nuevos-senores-feudales-tecnologia-poder-y-politica-en-la-era-trump\/&amp;quot;target=&amp;quot;_blank&amp;quot;&gt;Los nuevos se&ntilde;ores feudales: tecnolog&iacute;a, poder y pol&iacute;tica en la era Trump&lt;\/a&gt;&lt;\/li&gt;&lt;\/ul&gt;&lt;\/div&gt;\" href=\"https:\/\/xqthenews.com\/es\/glossary\/intervencionista\/\" data-gt-translate-attributes='[{\"attribute\":\"data-cmtooltip\", \"format\":\"html\"}]' tabindex=\"0\" role=\"link\">intervencionista<\/a> m&aacute;s activa.<\/label>\n\t\t\t<\/div>\n\t\t\t<div class=\"gchoice gchoice_815_3_1\">\n\t\t\t\t\t<input class=\"gfield-choice-input\" name=\"input_3\" type=\"radio\" value=\"gquiz3b5aa3d2d\" id=\"choice_815_3_1\" onchange=\"gformToggleRadioOther( this )\">\n\t\t\t\t\t<label for=\"choice_815_3_1\" id=\"label_815_3_1\" class=\"gform-field-label gform-field-label--type-inline\">Trump es m&aacute;s imperialista que los neoconservadores.<\/label>\n\t\t\t<\/div>\n\t\t\t<div class=\"gchoice gchoice_815_3_2\">\n\t\t\t\t\t<input class=\"gfield-choice-input\" name=\"input_3\" type=\"radio\" value=\"gquiz3d1b23a18\" id=\"choice_815_3_2\" onchange=\"gformToggleRadioOther( this )\">\n\t\t\t\t\t<label for=\"choice_815_3_2\" id=\"label_815_3_2\" class=\"gform-field-label gform-field-label--type-inline\">Trump ha sido m&aacute;s aislacionista que los neoconservadores.<\/label>\n\t\t\t<\/div><\/div><\/div><\/fieldset><\/div>\n                    <\/div>\n                    <div class=\"gform-page-footer gform_page_footer top_label\">\n                        <input type=\"button\" id=\"gform_previous_button_815_6\" class=\"gform_previous_button gform-theme-button gform-theme-button--secondary button\" onclick=\"gform.submission.handleButtonClick(this);\" data-submission-type=\"previous\" value=\"Anterior\"> <input type=\"button\" id=\"gform_next_button_815_6\" class=\"gform_next_button gform-theme-button button\" onclick=\"gform.submission.handleButtonClick(this);\" data-submission-type=\"next\" value=\"Siguiente \"> \n                    <\/div>\n                <\/div>\n                <div id=\"gform_page_815_3\" class=\"gform_page\" data-js=\"page-field-id-6\" style=\"display:none;\">\n                    <div class=\"gform_page_fields\">\n                        <div id=\"gform_fields_815_3\" class=\"gform_fields top_label form_sublabel_below description_below validation_below\"><fieldset id=\"field_815_4\" class=\"gfield gfield--type-quiz gfield--type-choice gfield--input-type-radio gfield--width-full field_sublabel_below gfield--no-description field_description_below field_validation_below gfield_visibility_visible gquiz-field \" data-field-class=\"gquiz-field\"><legend class=\"gfield_label gform-field-label\">&iquest;Qu&eacute; factor ha contribuido al giro del Partido Republicano bajo Trump?<\/legend><div class=\"ginput_container ginput_container_radio\"><div class=\"gfield_radio\" id=\"input_815_4\">\n\t\t\t<div class=\"gchoice gchoice_815_4_0\">\n\t\t\t\t\t<input class=\"gfield-choice-input\" name=\"input_4\" type=\"radio\" value=\"gquiz46a62d494\" id=\"choice_815_4_0\" onchange=\"gformToggleRadioOther( this )\">\n\t\t\t\t\t<label for=\"choice_815_4_0\" id=\"label_815_4_0\" class=\"gform-field-label gform-field-label--type-inline\">Un mayor enfoque en pol&iacute;ticas progresistas.<\/label>\n\t\t\t<\/div>\n\t\t\t<div class=\"gchoice gchoice_815_4_1\">\n\t\t\t\t\t<input class=\"gfield-choice-input\" name=\"input_4\" type=\"radio\" value=\"gquiz488c89c8f\" id=\"choice_815_4_1\" onchange=\"gformToggleRadioOther( this )\">\n\t\t\t\t\t<label for=\"choice_815_4_1\" id=\"label_815_4_1\" class=\"gform-field-label gform-field-label--type-inline\">El distanciamiento del Partido Dem&oacute;crata de sus bases tradicionales.<\/label>\n\t\t\t<\/div>\n\t\t\t<div class=\"gchoice gchoice_815_4_2\">\n\t\t\t\t\t<input class=\"gfield-choice-input\" name=\"input_4\" type=\"radio\" value=\"gquiz4054f68d8\" id=\"choice_815_4_2\" onchange=\"gformToggleRadioOther( this )\">\n\t\t\t\t\t<label for=\"choice_815_4_2\" id=\"label_815_4_2\" class=\"gform-field-label gform-field-label--type-inline\">La adopci&oacute;n de pol&iacute;ticas neoliberales en el Partido Republicano.<\/label>\n\t\t\t<\/div><\/div><\/div><\/fieldset><\/div><\/div>\n        <div class=\"gform-page-footer gform_page_footer top_label\"><input type=\"submit\" id=\"gform_previous_button_815\" class=\"gform_previous_button gform-theme-button gform-theme-button--secondary button\" onclick=\"gform.submission.handleButtonClick(this);\" data-submission-type=\"previous\" value=\"Anterior\"> <input type=\"submit\" id=\"gform_submit_button_815\" class=\"gform_button button\" onclick=\"gform.submission.handleButtonClick(this);\" data-submission-type=\"submit\" value=\"Enviar\"> \n            <input type=\"hidden\" class=\"gform_hidden\" name=\"gform_submission_method\" data-js=\"gform_submission_method_815\" value=\"postback\">\n            <input type=\"hidden\" class=\"gform_hidden\" name=\"gform_theme\" data-js=\"gform_theme_815\" id=\"gform_theme_815\" value=\"gravity-theme\">\n            <input type=\"hidden\" class=\"gform_hidden\" name=\"gform_style_settings\" data-js=\"gform_style_settings_815\" id=\"gform_style_settings_815\" value='{\"inputPrimaryColor\":\"#204ce5\"}'>\n            <input type=\"hidden\" class=\"gform_hidden\" name=\"is_submit_815\" value=\"1\">\n            <input type=\"hidden\" class=\"gform_hidden\" name=\"gform_submit\" value=\"815\">\n            \n            <input type=\"hidden\" class=\"gform_hidden\" name=\"gform_currency\" data-currency=\"EUR\" value=\"WKXRlU2yhv81Ad8SWsN2wIspipITXNN4kOFc6KutrOeivcThcFFnGPuUc3t72MY2jC8xlOvD8e5zT1m3MOMa\/QWlb4ObiFdLBv8Fg7+wpp2SMpg=\">\n            <input type=\"hidden\" class=\"gform_hidden\" name=\"gform_unique_id\" value=\"\">\n            <input type=\"hidden\" class=\"gform_hidden\" name=\"state_815\" value=\"WyJbXSIsIjVlMjNlOGUzOTg5N2RmMzcwZmE1ODRlNDZjZGJmYjNkIl0=\">\n            <input type=\"hidden\" autocomplete=\"off\" class=\"gform_hidden\" name=\"gform_target_page_number_815\" id=\"gform_target_page_number_815\" value=\"2\">\n            <input type=\"hidden\" autocomplete=\"off\" class=\"gform_hidden\" name=\"gform_source_page_number_815\" id=\"gform_source_page_number_815\" value=\"1\">\n            <input type=\"hidden\" name=\"gform_field_values\" value=\"\">\n            \n        <\/div>\n             <\/div><\/div>\n                        <\/form>\n                        <\/div><script type=\"text\/javascript\">\n\/* <![CDATA[ *\/\n gform.initializeOnLoaded( function() {gformInitSpinner( 815, 'https:\/\/xqthenews.com\/wp-content\/plugins\/gravityforms\/images\/spinner.svg', true );jQuery('#gform_ajax_frame_815').on('load',function(){var contents = jQuery(this).contents().find('*').html();var is_postback = contents.indexOf('GF_AJAX_POSTBACK') >= 0;if(!is_postback){return;}var form_content = jQuery(this).contents().find('#gform_wrapper_815');var is_confirmation = jQuery(this).contents().find('#gform_confirmation_wrapper_815').length > 0;var is_redirect = contents.indexOf('gformRedirect(){') >= 0;var is_form = form_content.length > 0 && ! is_redirect && ! is_confirmation;var mt = parseInt(jQuery('html').css('margin-top'), 10) + parseInt(jQuery('body').css('margin-top'), 10) + 100;if(is_form){jQuery('#gform_wrapper_815').html(form_content.html());if(form_content.hasClass('gform_validation_error')){jQuery('#gform_wrapper_815').addClass('gform_validation_error');} else {jQuery('#gform_wrapper_815').removeClass('gform_validation_error');}setTimeout( function() { \/* delay the scroll by 50 milliseconds to fix a bug in chrome *\/ jQuery(document).scrollTop(jQuery('#gform_wrapper_815').offset().top - mt); }, 50 );if(window['gformInitDatepicker']) {gformInitDatepicker();}if(window['gformInitPriceFields']) {gformInitPriceFields();}var current_page = jQuery('#gform_source_page_number_815').val();gformInitSpinner( 815, 'https:\/\/xqthenews.com\/wp-content\/plugins\/gravityforms\/images\/spinner.svg', true );jQuery(document).trigger('gform_page_loaded', [815, current_page]);window['gf_submitting_815'] = false;}else if(!is_redirect){var confirmation_content = jQuery(this).contents().find('.GF_AJAX_POSTBACK').html();if(!confirmation_content){confirmation_content = contents;}jQuery('#gform_wrapper_815').replaceWith(confirmation_content);jQuery(document).scrollTop(jQuery('#gf_815').offset().top - mt);jQuery(document).trigger('gform_confirmation_loaded', [815]);window['gf_submitting_815'] = false;wp.a11y.speak(jQuery('#gform_confirmation_message_815').text());}else{jQuery('#gform_815').append(contents);if(window['gformRedirect']) {gformRedirect();}}jQuery(document).trigger(\"gform_pre_post_render\", [{ formId: \"815\", currentPage: \"current_page\", abort: function() { this.preventDefault(); } }]);        if (event && event.defaultPrevented) {                return;        }        const gformWrapperDiv = document.getElementById( \"gform_wrapper_815\" );        if ( gformWrapperDiv ) {            const visibilitySpan = document.createElement( \"span\" );            visibilitySpan.id = \"gform_visibility_test_815\";            gformWrapperDiv.insertAdjacentElement( \"afterend\", visibilitySpan );        }        const visibilityTestDiv = document.getElementById( \"gform_visibility_test_815\" );        let postRenderFired = false;        function triggerPostRender() {            if ( postRenderFired ) {                return;            }            postRenderFired = true;            gform.core.triggerPostRenderEvents( 815, current_page );            if ( visibilityTestDiv ) {                visibilityTestDiv.parentNode.removeChild( visibilityTestDiv );            }        }        function debounce( func, wait, immediate ) {            var timeout;            return function() {                var context = this, args = arguments;                var later = function() {                    timeout = null;                    if ( !immediate ) func.apply( context, args );                };                var callNow = immediate && !timeout;                clearTimeout( timeout );                timeout = setTimeout( later, wait );                if ( callNow ) func.apply( context, args );            };        }        const debouncedTriggerPostRender = debounce( function() {            triggerPostRender();        }, 200 );        if ( visibilityTestDiv && visibilityTestDiv.offsetParent === null ) {            const observer = new MutationObserver( ( mutations ) => {                mutations.forEach( ( mutation ) => {                    if ( mutation.type === 'attributes' && visibilityTestDiv.offsetParent !== null ) {                        debouncedTriggerPostRender();                        observer.disconnect();                    }                });            });            observer.observe( document.body, {                attributes: true,                childList: false,                subtree: true,                attributeFilter: [ 'style', 'class' ],            });        } else {            triggerPostRender();        }    } );} ); \n\/* ]]> *\/\n<\/script>\n","protected":false},"excerpt":{"rendered":"<p>Bajo Trump, la pol&iacute;tica de EE. UU. evoluciona hacia el <a class=\"glossaryLink\" aria-describedby=\"tt\" data-cmtooltip=\"&lt;div class=glossaryItemTitle&gt;Tecnofeudalismo&lt;\/div&gt;&lt;div class=glossaryItemBody&gt;&amp;lt;!-- wp:paragraph --&amp;gt; El tecnofeudalismo es un sistema donde grandes plataformas tecnol&oacute;gicas concentran poder pol&iacute;tico y econ&oacute;mico, reemplazando estructuras tradicionales y controlando recursos, datos y din&aacute;micas sociales.&amp;lt;br\/&amp;gt;&amp;lt;!-- \/wp:paragraph --&amp;gt;&lt;\/div&gt;&lt;div id=&amp;quot;cmtt_related_articles&amp;quot; class=&amp;quot;cmtt_related_articles_wrapper&amp;quot;&gt;&lt;div class=&amp;quot;cmtt_related_title cmtt_related_articles_title&amp;quot;&gt;Related Articles: &lt;\/div&gt;&lt;ul class=&amp;quot;cmtt_related&amp;quot;&gt;&lt;li class=&amp;quot;cmtt_related_item&amp;quot;&gt;&lt;a href=&amp;quot;https:\/\/xqthenews.com\/es\/los-nuevos-senores-feudales-tecnologia-poder-y-politica-en-la-era-trump\/&amp;quot;target=&amp;quot;_blank&amp;quot;&gt;Los nuevos se&ntilde;ores feudales: tecnolog&iacute;a, poder y pol&iacute;tica en la era Trump&lt;\/a&gt;&lt;\/li&gt;&lt;\/ul&gt;&lt;\/div&gt;\" href=\"https:\/\/xqthenews.com\/es\/glossary\/tecnofeudalismo\/\" data-gt-translate-attributes='[{\"attribute\":\"data-cmtooltip\", \"format\":\"html\"}]' tabindex=\"0\" role=\"link\">tecnofeudalismo<\/a>. <a class=\"glossaryLink\" aria-describedby=\"tt\" data-cmtooltip=\"&lt;div class=glossaryItemTitle&gt;Silicon Valley&lt;\/div&gt;&lt;div class=glossaryItemBody&gt;&amp;lt;!-- wp:paragraph --&amp;gt;&amp;quot;Silicon Valley&amp;quot; es una regi&oacute;n en California, famosa por su concentraci&oacute;n de empresas tecnol&oacute;gicas y startups, l&iacute;der en innovaci&oacute;n y desarrollo tecnol&oacute;gico.&amp;lt;br\/&amp;gt;&amp;lt;!-- \/wp:paragraph --&amp;gt;&lt;\/div&gt;&lt;div id=&amp;quot;cmtt_related_articles&amp;quot; class=&amp;quot;cmtt_related_articles_wrapper&amp;quot;&gt;&lt;div class=&amp;quot;cmtt_related_title cmtt_related_articles_title&amp;quot;&gt;Related Articles: &lt;\/div&gt;&lt;ul class=&amp;quot;cmtt_related&amp;quot;&gt;&lt;li class=&amp;quot;cmtt_related_item&amp;quot;&gt;&lt;a href=&amp;quot;https:\/\/xqthenews.com\/es\/israel-una-potencia-militarista-y-probada-en-combate\/&amp;quot;target=&amp;quot;_blank&amp;quot;&gt;Israel, una potencia militarista y &amp;quot;probada en combate&rdquo;&lt;\/a&gt;&lt;\/li&gt;&lt;li class=&amp;quot;cmtt_related_item&amp;quot;&gt;&lt;a href=&amp;quot;https:\/\/xqthenews.com\/es\/los-nuevos-senores-feudales-tecnologia-poder-y-politica-en-la-era-trump\/&amp;quot;target=&amp;quot;_blank&amp;quot;&gt;Los nuevos se&ntilde;ores feudales: tecnolog&iacute;a, poder y pol&iacute;tica en la era Trump&lt;\/a&gt;&lt;\/li&gt;&lt;li class=&amp;quot;cmtt_related_item&amp;quot;&gt;&lt;a href=&amp;quot;https:\/\/xqthenews.com\/es\/la-prevalencia-del-tdah-en-europa-y-su-impacto-en-ninos-y-adultos\/&amp;quot;target=&amp;quot;_blank&amp;quot;&gt;La prevalencia del TDAH en Europa y su impacto en ni&ntilde;os y adultos&lt;\/a&gt;&lt;\/li&gt;&lt;\/ul&gt;&lt;\/div&gt;\" href=\"https:\/\/xqthenews.com\/es\/glossary\/silicon-valley\/\" data-gt-translate-attributes='[{\"attribute\":\"data-cmtooltip\", \"format\":\"html\"}]' tabindex=\"0\" role=\"link\">Silicon Valley<\/a> redefine el poder, con figuras como Musk liderando cambios radicales. Ni neoliberales ni neoconservadores, esta nueva era marca un realineamiento pol&iacute;tico clave. En los &uacute;ltimos a&ntilde;os, estamos viendo c&oacute;mo el panorama pol&iacute;tico de Estados Unidos se transforma hacia un nuevo paradigma, al<\/p>\n","protected":false},"author":74,"featured_media":27257,"comment_status":"open","ping_status":"open","sticky":false,"template":"","format":"standard","meta":{"_acf_changed":false,"footnotes":""},"categories":[317,352],"tags":[877],"coauthors":[727],"class_list":{"0":"post-27255","1":"post","2":"type-post","3":"status-publish","4":"format-standard","5":"has-post-thumbnail","7":"category-politica","8":"category-politica-global","9":"tag-trump-usa"},"acf":[],"yoast_head":"<!-- This site is optimized with the Yoast SEO plugin v27.4 - https:\/\/yoast.com\/product\/yoast-seo-wordpress\/ -->\n<title>Los nuevos se\u00f1ores feudales: tecnolog\u00eda, poder y pol\u00edtica en la era Trump - xqthenews<\/title>\n<meta name=\"robots\" content=\"index, follow, max-snippet:-1, max-image-preview:large, max-video-preview:-1\" \/>\n<link rel=\"canonical\" href=\"https:\/\/xqthenews.com\/es\/los-nuevos-senores-feudales-tecnologia-poder-y-politica-en-la-era-trump\/\" \/>\n<meta property=\"og:locale\" content=\"es_ES\" \/>\n<meta property=\"og:type\" content=\"article\" \/>\n<meta property=\"og:title\" content=\"Los nuevos se\u00f1ores feudales: tecnolog\u00eda, poder y pol\u00edtica en la era Trump - xqthenews\" \/>\n<meta property=\"og:description\" content=\"Bajo Trump, la pol&iacute;tica de EE. UU. evoluciona hacia el tecnofeudalismo. Silicon Valley redefine el poder, con figuras como Musk liderando cambios radicales. Ni neoliberales ni neoconservadores, esta nueva era marca un realineamiento pol&iacute;tico clave. En los &uacute;ltimos a&ntilde;os, estamos viendo c&oacute;mo el panorama pol&iacute;tico de Estados Unidos se transforma hacia un nuevo paradigma, al\" \/>\n<meta property=\"og:url\" content=\"https:\/\/xqthenews.com\/es\/los-nuevos-senores-feudales-tecnologia-poder-y-politica-en-la-era-trump\/\" \/>\n<meta property=\"og:site_name\" content=\"xqthenews\" \/>\n<meta property=\"article:published_time\" content=\"2025-01-29T07:13:09+00:00\" \/>\n<meta property=\"og:image\" content=\"https:\/\/xqthenews.com\/wp-content\/uploads\/2025\/01\/Portadaa.png\" \/>\n\t<meta property=\"og:image:width\" content=\"1280\" \/>\n\t<meta property=\"og:image:height\" content=\"1040\" \/>\n\t<meta property=\"og:image:type\" content=\"image\/png\" \/>\n<meta name=\"author\" content=\"Guillem Pujol\" \/>\n<meta name=\"twitter:card\" content=\"summary_large_image\" \/>\n<meta name=\"twitter:label1\" content=\"Escrito por\" \/>\n\t<meta name=\"twitter:data1\" content=\"Guillem Pujol\" \/>\n\t<meta name=\"twitter:label2\" content=\"Tiempo de lectura\" \/>\n\t<meta name=\"twitter:data2\" content=\"6 minutos\" \/>\n\t<meta name=\"twitter:label3\" content=\"Written by\" \/>\n\t<meta name=\"twitter:data3\" content=\"Guillem Pujol\" \/>\n<script type=\"application\/ld+json\" class=\"yoast-schema-graph\">{\"@context\":\"https:\\\/\\\/schema.org\",\"@graph\":[{\"@type\":\"Article\",\"@id\":\"https:\\\/\\\/xqthenews.com\\\/es\\\/los-nuevos-senores-feudales-tecnologia-poder-y-politica-en-la-era-trump\\\/#article\",\"isPartOf\":{\"@id\":\"https:\\\/\\\/xqthenews.com\\\/es\\\/los-nuevos-senores-feudales-tecnologia-poder-y-politica-en-la-era-trump\\\/\"},\"author\":{\"name\":\"Guillem Pujol\",\"@id\":\"https:\\\/\\\/xqthenews.com\\\/es\\\/#\\\/schema\\\/person\\\/060598cf89f656b40f2057fca8a9c251\"},\"headline\":\"Los nuevos se\u00f1ores feudales: tecnolog\u00eda, poder y pol\u00edtica en la era Trump\",\"datePublished\":\"2025-01-29T07:13:09+00:00\",\"mainEntityOfPage\":{\"@id\":\"https:\\\/\\\/xqthenews.com\\\/es\\\/los-nuevos-senores-feudales-tecnologia-poder-y-politica-en-la-era-trump\\\/\"},\"wordCount\":1353,\"commentCount\":0,\"image\":{\"@id\":\"https:\\\/\\\/xqthenews.com\\\/es\\\/los-nuevos-senores-feudales-tecnologia-poder-y-politica-en-la-era-trump\\\/#primaryimage\"},\"thumbnailUrl\":\"https:\\\/\\\/xqthenews.com\\\/wp-content\\\/uploads\\\/2025\\\/01\\\/Portadaa.png\",\"keywords\":[\"#Trump #USA\"],\"articleSection\":[\"Pol\u00edtica\",\"Pol\u00edtica global\"],\"inLanguage\":\"es\",\"potentialAction\":[{\"@type\":\"CommentAction\",\"name\":\"Comment\",\"target\":[\"https:\\\/\\\/xqthenews.com\\\/es\\\/los-nuevos-senores-feudales-tecnologia-poder-y-politica-en-la-era-trump\\\/#respond\"]}]},{\"@type\":\"WebPage\",\"@id\":\"https:\\\/\\\/xqthenews.com\\\/es\\\/los-nuevos-senores-feudales-tecnologia-poder-y-politica-en-la-era-trump\\\/\",\"url\":\"https:\\\/\\\/xqthenews.com\\\/es\\\/los-nuevos-senores-feudales-tecnologia-poder-y-politica-en-la-era-trump\\\/\",\"name\":\"Los nuevos se\u00f1ores feudales: tecnolog\u00eda, poder y pol\u00edtica en la era Trump - xqthenews\",\"isPartOf\":{\"@id\":\"https:\\\/\\\/xqthenews.com\\\/es\\\/#website\"},\"primaryImageOfPage\":{\"@id\":\"https:\\\/\\\/xqthenews.com\\\/es\\\/los-nuevos-senores-feudales-tecnologia-poder-y-politica-en-la-era-trump\\\/#primaryimage\"},\"image\":{\"@id\":\"https:\\\/\\\/xqthenews.com\\\/es\\\/los-nuevos-senores-feudales-tecnologia-poder-y-politica-en-la-era-trump\\\/#primaryimage\"},\"thumbnailUrl\":\"https:\\\/\\\/xqthenews.com\\\/wp-content\\\/uploads\\\/2025\\\/01\\\/Portadaa.png\",\"datePublished\":\"2025-01-29T07:13:09+00:00\",\"author\":{\"@id\":\"https:\\\/\\\/xqthenews.com\\\/es\\\/#\\\/schema\\\/person\\\/060598cf89f656b40f2057fca8a9c251\"},\"breadcrumb\":{\"@id\":\"https:\\\/\\\/xqthenews.com\\\/es\\\/los-nuevos-senores-feudales-tecnologia-poder-y-politica-en-la-era-trump\\\/#breadcrumb\"},\"inLanguage\":\"es\",\"potentialAction\":[{\"@type\":\"ReadAction\",\"target\":[\"https:\\\/\\\/xqthenews.com\\\/es\\\/los-nuevos-senores-feudales-tecnologia-poder-y-politica-en-la-era-trump\\\/\"]}]},{\"@type\":\"ImageObject\",\"inLanguage\":\"es\",\"@id\":\"https:\\\/\\\/xqthenews.com\\\/es\\\/los-nuevos-senores-feudales-tecnologia-poder-y-politica-en-la-era-trump\\\/#primaryimage\",\"url\":\"https:\\\/\\\/xqthenews.com\\\/wp-content\\\/uploads\\\/2025\\\/01\\\/Portadaa.png\",\"contentUrl\":\"https:\\\/\\\/xqthenews.com\\\/wp-content\\\/uploads\\\/2025\\\/01\\\/Portadaa.png\",\"width\":1280,\"height\":1040,\"caption\":\"Gordon Johnson |Pixabay\"},{\"@type\":\"BreadcrumbList\",\"@id\":\"https:\\\/\\\/xqthenews.com\\\/es\\\/los-nuevos-senores-feudales-tecnologia-poder-y-politica-en-la-era-trump\\\/#breadcrumb\",\"itemListElement\":[{\"@type\":\"ListItem\",\"position\":1,\"name\":\"Portada\",\"item\":\"https:\\\/\\\/xqthenews.com\\\/es\\\/\"},{\"@type\":\"ListItem\",\"position\":2,\"name\":\"Los nuevos se\u00f1ores feudales: tecnolog\u00eda, poder y pol\u00edtica en la era Trump\"}]},{\"@type\":\"WebSite\",\"@id\":\"https:\\\/\\\/xqthenews.com\\\/es\\\/#website\",\"url\":\"https:\\\/\\\/xqthenews.com\\\/es\\\/\",\"name\":\"xqthenews\",\"description\":\"El porqu\u00e9 de las noticias\",\"potentialAction\":[{\"@type\":\"SearchAction\",\"target\":{\"@type\":\"EntryPoint\",\"urlTemplate\":\"https:\\\/\\\/xqthenews.com\\\/es\\\/?s={search_term_string}\"},\"query-input\":{\"@type\":\"PropertyValueSpecification\",\"valueRequired\":true,\"valueName\":\"search_term_string\"}}],\"inLanguage\":\"es\"},{\"@type\":\"Person\",\"@id\":\"https:\\\/\\\/xqthenews.com\\\/es\\\/#\\\/schema\\\/person\\\/060598cf89f656b40f2057fca8a9c251\",\"name\":\"Guillem Pujol\",\"image\":{\"@type\":\"ImageObject\",\"inLanguage\":\"es\",\"@id\":\"https:\\\/\\\/xqthenews.com\\\/wp-content\\\/uploads\\\/2024\\\/12\\\/guillem-pujol_avatar-96x96.png60b607df7af3421c246b5b7694d12ee2\",\"url\":\"https:\\\/\\\/xqthenews.com\\\/wp-content\\\/uploads\\\/2024\\\/12\\\/guillem-pujol_avatar-96x96.png\",\"contentUrl\":\"https:\\\/\\\/xqthenews.com\\\/wp-content\\\/uploads\\\/2024\\\/12\\\/guillem-pujol_avatar-96x96.png\",\"caption\":\"Guillem Pujol\"},\"description\":\"Licenciado en Ciencias Pol\u00edticas (UPF), MSc en European Politics and Policies en la University of London, Birkbeck College, y Doctor en Filosof\u00eda con menci\u00f3n Cum Laude (UAB). Co-autor del libro Cartha on Making Heimat (Ed. Park Books). Director del medio Catalunya Plural.\",\"url\":\"https:\\\/\\\/xqthenews.com\\\/es\\\/author\\\/guillempujol\\\/\"}]}<\/script>\n<!-- \/ Yoast SEO plugin. -->","yoast_head_json":{"title":"Los nuevos se\u00f1ores feudales: tecnolog\u00eda, poder y pol\u00edtica en la era Trump - xqthenews","robots":{"index":"index","follow":"follow","max-snippet":"max-snippet:-1","max-image-preview":"max-image-preview:large","max-video-preview":"max-video-preview:-1"},"canonical":"https:\/\/xqthenews.com\/es\/los-nuevos-senores-feudales-tecnologia-poder-y-politica-en-la-era-trump\/","og_locale":"es_ES","og_type":"article","og_title":"Los nuevos se\u00f1ores feudales: tecnolog\u00eda, poder y pol\u00edtica en la era Trump - xqthenews","og_description":"Bajo Trump, la pol&iacute;tica de EE. UU. evoluciona hacia el tecnofeudalismo. Silicon Valley redefine el poder, con figuras como Musk liderando cambios radicales. Ni neoliberales ni neoconservadores, esta nueva era marca un realineamiento pol&iacute;tico clave. En los &uacute;ltimos a&ntilde;os, estamos viendo c&oacute;mo el panorama pol&iacute;tico de Estados Unidos se transforma hacia un nuevo paradigma, al","og_url":"https:\/\/xqthenews.com\/es\/los-nuevos-senores-feudales-tecnologia-poder-y-politica-en-la-era-trump\/","og_site_name":"xqthenews","article_published_time":"2025-01-29T07:13:09+00:00","og_image":[{"width":1280,"height":1040,"url":"https:\/\/xqthenews.com\/wp-content\/uploads\/2025\/01\/Portadaa.png","type":"image\/png"}],"author":"Guillem Pujol","twitter_card":"summary_large_image","twitter_misc":{"Escrito por":"Guillem Pujol","Tiempo de lectura":"6 minutos","Written by":"Guillem Pujol"},"schema":{"@context":"https:\/\/schema.org","@graph":[{"@type":"Article","@id":"https:\/\/xqthenews.com\/es\/los-nuevos-senores-feudales-tecnologia-poder-y-politica-en-la-era-trump\/#article","isPartOf":{"@id":"https:\/\/xqthenews.com\/es\/los-nuevos-senores-feudales-tecnologia-poder-y-politica-en-la-era-trump\/"},"author":{"name":"Guillem Pujol","@id":"https:\/\/xqthenews.com\/es\/#\/schema\/person\/060598cf89f656b40f2057fca8a9c251"},"headline":"Los nuevos se\u00f1ores feudales: tecnolog\u00eda, poder y pol\u00edtica en la era Trump","datePublished":"2025-01-29T07:13:09+00:00","mainEntityOfPage":{"@id":"https:\/\/xqthenews.com\/es\/los-nuevos-senores-feudales-tecnologia-poder-y-politica-en-la-era-trump\/"},"wordCount":1353,"commentCount":0,"image":{"@id":"https:\/\/xqthenews.com\/es\/los-nuevos-senores-feudales-tecnologia-poder-y-politica-en-la-era-trump\/#primaryimage"},"thumbnailUrl":"https:\/\/xqthenews.com\/wp-content\/uploads\/2025\/01\/Portadaa.png","keywords":["#Trump #USA"],"articleSection":["Pol\u00edtica","Pol\u00edtica global"],"inLanguage":"es","potentialAction":[{"@type":"CommentAction","name":"Comment","target":["https:\/\/xqthenews.com\/es\/los-nuevos-senores-feudales-tecnologia-poder-y-politica-en-la-era-trump\/#respond"]}]},{"@type":"WebPage","@id":"https:\/\/xqthenews.com\/es\/los-nuevos-senores-feudales-tecnologia-poder-y-politica-en-la-era-trump\/","url":"https:\/\/xqthenews.com\/es\/los-nuevos-senores-feudales-tecnologia-poder-y-politica-en-la-era-trump\/","name":"Los nuevos se\u00f1ores feudales: tecnolog\u00eda, poder y pol\u00edtica en la era Trump - xqthenews","isPartOf":{"@id":"https:\/\/xqthenews.com\/es\/#website"},"primaryImageOfPage":{"@id":"https:\/\/xqthenews.com\/es\/los-nuevos-senores-feudales-tecnologia-poder-y-politica-en-la-era-trump\/#primaryimage"},"image":{"@id":"https:\/\/xqthenews.com\/es\/los-nuevos-senores-feudales-tecnologia-poder-y-politica-en-la-era-trump\/#primaryimage"},"thumbnailUrl":"https:\/\/xqthenews.com\/wp-content\/uploads\/2025\/01\/Portadaa.png","datePublished":"2025-01-29T07:13:09+00:00","author":{"@id":"https:\/\/xqthenews.com\/es\/#\/schema\/person\/060598cf89f656b40f2057fca8a9c251"},"breadcrumb":{"@id":"https:\/\/xqthenews.com\/es\/los-nuevos-senores-feudales-tecnologia-poder-y-politica-en-la-era-trump\/#breadcrumb"},"inLanguage":"es","potentialAction":[{"@type":"ReadAction","target":["https:\/\/xqthenews.com\/es\/los-nuevos-senores-feudales-tecnologia-poder-y-politica-en-la-era-trump\/"]}]},{"@type":"ImageObject","inLanguage":"es","@id":"https:\/\/xqthenews.com\/es\/los-nuevos-senores-feudales-tecnologia-poder-y-politica-en-la-era-trump\/#primaryimage","url":"https:\/\/xqthenews.com\/wp-content\/uploads\/2025\/01\/Portadaa.png","contentUrl":"https:\/\/xqthenews.com\/wp-content\/uploads\/2025\/01\/Portadaa.png","width":1280,"height":1040,"caption":"Gordon Johnson |Pixabay"},{"@type":"BreadcrumbList","@id":"https:\/\/xqthenews.com\/es\/los-nuevos-senores-feudales-tecnologia-poder-y-politica-en-la-era-trump\/#breadcrumb","itemListElement":[{"@type":"ListItem","position":1,"name":"Portada","item":"https:\/\/xqthenews.com\/es\/"},{"@type":"ListItem","position":2,"name":"Los nuevos se\u00f1ores feudales: tecnolog\u00eda, poder y pol\u00edtica en la era Trump"}]},{"@type":"WebSite","@id":"https:\/\/xqthenews.com\/es\/#website","url":"https:\/\/xqthenews.com\/es\/","name":"xqthenews","description":"El porqu\u00e9 de las noticias","potentialAction":[{"@type":"SearchAction","target":{"@type":"EntryPoint","urlTemplate":"https:\/\/xqthenews.com\/es\/?s={search_term_string}"},"query-input":{"@type":"PropertyValueSpecification","valueRequired":true,"valueName":"search_term_string"}}],"inLanguage":"es"},{"@type":"Person","@id":"https:\/\/xqthenews.com\/es\/#\/schema\/person\/060598cf89f656b40f2057fca8a9c251","name":"Guillem Pujol","image":{"@type":"ImageObject","inLanguage":"es","@id":"https:\/\/xqthenews.com\/wp-content\/uploads\/2024\/12\/guillem-pujol_avatar-96x96.png60b607df7af3421c246b5b7694d12ee2","url":"https:\/\/xqthenews.com\/wp-content\/uploads\/2024\/12\/guillem-pujol_avatar-96x96.png","contentUrl":"https:\/\/xqthenews.com\/wp-content\/uploads\/2024\/12\/guillem-pujol_avatar-96x96.png","caption":"Guillem Pujol"},"description":"Licenciado en Ciencias Pol\u00edticas (UPF), MSc en European Politics and Policies en la University of London, Birkbeck College, y Doctor en Filosof\u00eda con menci\u00f3n Cum Laude (UAB). Co-autor del libro Cartha on Making Heimat (Ed. Park Books). Director del medio Catalunya Plural.","url":"https:\/\/xqthenews.com\/es\/author\/guillempujol\/"}]}},"_links":{"self":[{"href":"https:\/\/xqthenews.com\/es\/wp-json\/wp\/v2\/posts\/27255","targetHints":{"allow":["GET"]}}],"collection":[{"href":"https:\/\/xqthenews.com\/es\/wp-json\/wp\/v2\/posts"}],"about":[{"href":"https:\/\/xqthenews.com\/es\/wp-json\/wp\/v2\/types\/post"}],"author":[{"embeddable":true,"href":"https:\/\/xqthenews.com\/es\/wp-json\/wp\/v2\/users\/74"}],"replies":[{"embeddable":true,"href":"https:\/\/xqthenews.com\/es\/wp-json\/wp\/v2\/comments?post=27255"}],"version-history":[{"count":1,"href":"https:\/\/xqthenews.com\/es\/wp-json\/wp\/v2\/posts\/27255\/revisions"}],"predecessor-version":[{"id":27256,"href":"https:\/\/xqthenews.com\/es\/wp-json\/wp\/v2\/posts\/27255\/revisions\/27256"}],"wp:featuredmedia":[{"embeddable":true,"href":"https:\/\/xqthenews.com\/es\/wp-json\/wp\/v2\/media\/27257"}],"wp:attachment":[{"href":"https:\/\/xqthenews.com\/es\/wp-json\/wp\/v2\/media?parent=27255"}],"wp:term":[{"taxonomy":"category","embeddable":true,"href":"https:\/\/xqthenews.com\/es\/wp-json\/wp\/v2\/categories?post=27255"},{"taxonomy":"post_tag","embeddable":true,"href":"https:\/\/xqthenews.com\/es\/wp-json\/wp\/v2\/tags?post=27255"},{"taxonomy":"author","embeddable":true,"href":"https:\/\/xqthenews.com\/es\/wp-json\/wp\/v2\/coauthors?post=27255"}],"curies":[{"name":"wp","href":"https:\/\/api.w.org\/{rel}","templated":true}]}}