{"id":27001,"date":"2025-01-08T08:35:08","date_gmt":"2025-01-08T07:35:08","guid":{"rendered":"https:\/\/xqthenews.com\/?p=27001"},"modified":"2025-01-13T13:58:57","modified_gmt":"2025-01-13T12:58:57","slug":"ante-lo-inesperado-cronica-de-la-segunda-jornada-del-foro-de-mujeres-periodistas-del-mediterraneo","status":"publish","type":"post","link":"https:\/\/xqthenews.com\/es\/ante-lo-inesperado-cronica-de-la-segunda-jornada-del-foro-de-mujeres-periodistas-del-mediterraneo\/","title":{"rendered":"Ante lo inesperado: cr\u00f3nica de la segunda jornada del Foro de Mujeres Periodistas del Mediterr\u00e1neo."},"content":{"rendered":"<p><strong>Un grupo de mujeres expertas se re&uacute;ne para debatir sobre los retos actuales y el futuro del periodismo en el <a class=\"glossaryLink\" aria-describedby=\"tt\" data-cmtooltip=\"&lt;div class=glossaryItemTitle&gt;Foro de Mujeres Periodistas del Mediterr&aacute;neo&lt;\/div&gt;&lt;div class=glossaryItemBody&gt;&amp;lt;!-- wp:paragraph --&amp;gt;El Foro de Mujeres Periodistas del Mediterr&aacute;neo (FMWJ) es una iniciativa fundada el 2016 que pretende promocionar un periodismo independiente, &eacute;tico e inclusivo, capaz de dar voz a periodistas investigadoras, corresponsales de zonas conflictivas, investigadoras, y activistas. El evento ocurre anualmente en Apulia para construir puentes culturales entre las orillas del Mediterr&aacute;neo, abordar cuestiones como la libertad de prensa y la justicia social y ambiental, y oponerse al sexismo y a los estereotipos de g&eacute;nero.&amp;amp;nbsp;&amp;lt;br\/&amp;gt;&amp;lt;!-- \/wp:paragraph --&amp;gt;&amp;lt;!-- wp:paragraph --&amp;gt;&amp;lt;br\/&amp;gt;&amp;lt;!-- \/wp:paragraph --&amp;gt;&lt;\/div&gt;&lt;div id=&amp;quot;cmtt_related_articles&amp;quot; class=&amp;quot;cmtt_related_articles_wrapper&amp;quot;&gt;&lt;div class=&amp;quot;cmtt_related_title cmtt_related_articles_title&amp;quot;&gt;Related Articles: &lt;\/div&gt;&lt;ul class=&amp;quot;cmtt_related&amp;quot;&gt;&lt;li class=&amp;quot;cmtt_related_item&amp;quot;&gt;&lt;a href=&amp;quot;https:\/\/xqthenews.com\/es\/arranca-en-apulia-el-9o-foro-de-mujeres-periodistas-del-mediterraneo\/&amp;quot;target=&amp;quot;_blank&amp;quot;&gt;Arranca en Apulia el 9&ordm; Foro de Mujeres Periodistas del Mediterr&aacute;neo&lt;\/a&gt;&lt;\/li&gt;&lt;li class=&amp;quot;cmtt_related_item&amp;quot;&gt;&lt;a href=&amp;quot;https:\/\/xqthenews.com\/es\/accion-empatia-y-responsabilidad-colectiva\/&amp;quot;target=&amp;quot;_blank&amp;quot;&gt;Acci&oacute;n, empat&iacute;a y responsabilidad colectiva&lt;\/a&gt;&lt;\/li&gt;&lt;li class=&amp;quot;cmtt_related_item&amp;quot;&gt;&lt;a href=&amp;quot;https:\/\/xqthenews.com\/es\/ante-lo-inesperado-cronica-de-la-segunda-jornada-del-foro-de-mujeres-periodistas-del-mediterraneo\/&amp;quot;target=&amp;quot;_blank&amp;quot;&gt;Ante lo inesperado: cr&oacute;nica de la segunda jornada del Foro de Mujeres Periodistas del Mediterr&aacute;neo.&lt;\/a&gt;&lt;\/li&gt;&lt;li class=&amp;quot;cmtt_related_item&amp;quot;&gt;&lt;a href=&amp;quot;https:\/\/xqthenews.com\/es\/innovacion-en-la-ensenanza-del-periodismo-gracias-a-los-hologramas\/&amp;quot;target=&amp;quot;_blank&amp;quot;&gt;Innovaci&oacute;n en la ense&ntilde;anza del periodismo gracias a los hologramas&lt;\/a&gt;&lt;\/li&gt;&lt;\/ul&gt;&lt;\/div&gt;\" href=\"https:\/\/xqthenews.com\/es\/glossary\/foro-de-mujeres-periodistas-del-mediterraneo\/\" data-gt-translate-attributes='[{\"attribute\":\"data-cmtooltip\", \"format\":\"html\"}]' tabindex=\"0\" role=\"link\">Foro de Mujeres Periodistas del Mediterr&aacute;neo<\/a> de 2024.<\/strong><\/p>\n\n\n\n<p>Suena un pitido. De repente, aparece una notificaci&oacute;n en la pantalla de mi tel&eacute;fono: &laquo;Su vuelo a Bari est&aacute; embarcando&raquo;. Nunca he estado en Bari. De hecho, es mi primer viaje a Italia desde los tres a&ntilde;os. Han pasado veinte a&ntilde;os desde entonces, y tambi&eacute;n muchos acontecimientos. Desde mi horrible interpretaci&oacute;n de Dorothy en la obra de teatro de mi escuela primaria hasta graduarme como periodista, todo ha sido imprevisible.<\/p>\n\n\n\n<p>Oh, no, pienso de nuevo. La azafata trae un taburete met&aacute;lico para medir el equipaje de cabina. Espero no estar jodido, rezo en silencio. Me cuesta un poco empujar, pero consigo meter mi mochila llena en la caja peque&ntilde;a. Una sensaci&oacute;n de incertidumbre recorre mis venas. Transcurren veinte segundos y la azafata me mira. Parece decepcionada, como si no pudiera cobrarme m&aacute;s. <em>La batalla est&aacute; ganada<\/em>, susurro.<\/p>\n\n\n\n<p>Ahora estoy cruzando el camino hacia el avi&oacute;n, pero sigo con el est&oacute;mago revuelto. Este avi&oacute;n me lleva a lo inesperado: una nueva ciudad, nuevos compa&ntilde;eros y el <a class=\"glossaryLink\" aria-describedby=\"tt\" data-cmtooltip=\"&lt;div class=glossaryItemTitle&gt;Foro de Mujeres Periodistas del Mediterr&aacute;neo&lt;\/div&gt;&lt;div class=glossaryItemBody&gt;&amp;lt;!-- wp:paragraph --&amp;gt;El Foro de Mujeres Periodistas del Mediterr&aacute;neo (FMWJ) es una iniciativa fundada el 2016 que pretende promocionar un periodismo independiente, &eacute;tico e inclusivo, capaz de dar voz a periodistas investigadoras, corresponsales de zonas conflictivas, investigadoras, y activistas. El evento ocurre anualmente en Apulia para construir puentes culturales entre las orillas del Mediterr&aacute;neo, abordar cuestiones como la libertad de prensa y la justicia social y ambiental, y oponerse al sexismo y a los estereotipos de g&eacute;nero.&amp;amp;nbsp;&amp;lt;br\/&amp;gt;&amp;lt;!-- \/wp:paragraph --&amp;gt;&amp;lt;!-- wp:paragraph --&amp;gt;&amp;lt;br\/&amp;gt;&amp;lt;!-- \/wp:paragraph --&amp;gt;&lt;\/div&gt;&lt;div id=&amp;quot;cmtt_related_articles&amp;quot; class=&amp;quot;cmtt_related_articles_wrapper&amp;quot;&gt;&lt;div class=&amp;quot;cmtt_related_title cmtt_related_articles_title&amp;quot;&gt;Related Articles: &lt;\/div&gt;&lt;ul class=&amp;quot;cmtt_related&amp;quot;&gt;&lt;li class=&amp;quot;cmtt_related_item&amp;quot;&gt;&lt;a href=&amp;quot;https:\/\/xqthenews.com\/es\/arranca-en-apulia-el-9o-foro-de-mujeres-periodistas-del-mediterraneo\/&amp;quot;target=&amp;quot;_blank&amp;quot;&gt;Arranca en Apulia el 9&ordm; Foro de Mujeres Periodistas del Mediterr&aacute;neo&lt;\/a&gt;&lt;\/li&gt;&lt;li class=&amp;quot;cmtt_related_item&amp;quot;&gt;&lt;a href=&amp;quot;https:\/\/xqthenews.com\/es\/accion-empatia-y-responsabilidad-colectiva\/&amp;quot;target=&amp;quot;_blank&amp;quot;&gt;Acci&oacute;n, empat&iacute;a y responsabilidad colectiva&lt;\/a&gt;&lt;\/li&gt;&lt;li class=&amp;quot;cmtt_related_item&amp;quot;&gt;&lt;a href=&amp;quot;https:\/\/xqthenews.com\/es\/ante-lo-inesperado-cronica-de-la-segunda-jornada-del-foro-de-mujeres-periodistas-del-mediterraneo\/&amp;quot;target=&amp;quot;_blank&amp;quot;&gt;Ante lo inesperado: cr&oacute;nica de la segunda jornada del Foro de Mujeres Periodistas del Mediterr&aacute;neo.&lt;\/a&gt;&lt;\/li&gt;&lt;li class=&amp;quot;cmtt_related_item&amp;quot;&gt;&lt;a href=&amp;quot;https:\/\/xqthenews.com\/es\/innovacion-en-la-ensenanza-del-periodismo-gracias-a-los-hologramas\/&amp;quot;target=&amp;quot;_blank&amp;quot;&gt;Innovaci&oacute;n en la ense&ntilde;anza del periodismo gracias a los hologramas&lt;\/a&gt;&lt;\/li&gt;&lt;\/ul&gt;&lt;\/div&gt;\" href=\"https:\/\/xqthenews.com\/es\/glossary\/foro-de-mujeres-periodistas-del-mediterraneo\/\" data-gt-translate-attributes='[{\"attribute\":\"data-cmtooltip\", \"format\":\"html\"}]' tabindex=\"0\" role=\"link\">Foro de Mujeres Periodistas del Mediterr&aacute;neo<\/a>.<\/p>\n\n\n\n<h2 class=\"wp-block-heading\"><strong>Periodistas palestinas en medio de un genocidio y de narrativas hegem&oacute;nicas.<\/strong><\/h2>\n\n\n\n<p>Mi avi&oacute;n aterriza de noche en Bari, la capital de Apulia, una regi&oacute;n menos conocida del sur de Italia. Estoy emocionada, pero tambi&eacute;n nerviosa. Al d&iacute;a siguiente, 26 de noviembre, me preparo r&aacute;pidamente para el primer panel al que voy a asistir: &laquo;Palestina, &iquest;un <a class=\"glossaryLink\" aria-describedby=\"tt\" data-cmtooltip=\"&lt;div class=glossaryItemTitle&gt;Genocidio&lt;\/div&gt;&lt;div class=glossaryItemBody&gt;&amp;lt;!-- wp:paragraph --&amp;gt;La destrucci&oacute;n sistem&aacute;tica y deliberada, total o parcial, de un grupo &eacute;tnico, religioso o nacional mediante el asesinato, la violencia, la persecuci&oacute;n u otras formas de ataque deliberado.&amp;lt;br\/&amp;gt;&amp;lt;!-- \/wp:paragraph --&amp;gt;&amp;lt;!-- wp:paragraph --&amp;gt;&amp;lt;br\/&amp;gt;&amp;lt;!-- \/wp:paragraph --&amp;gt;&lt;\/div&gt;&lt;div id=&amp;quot;cmtt_related_articles&amp;quot; class=&amp;quot;cmtt_related_articles_wrapper&amp;quot;&gt;&lt;div class=&amp;quot;cmtt_related_title cmtt_related_articles_title&amp;quot;&gt;Related Articles: &lt;\/div&gt;&lt;ul class=&amp;quot;cmtt_related&amp;quot;&gt;&lt;li class=&amp;quot;cmtt_related_item&amp;quot;&gt;&lt;a href=&amp;quot;https:\/\/xqthenews.com\/es\/ante-lo-inesperado-cronica-de-la-segunda-jornada-del-foro-de-mujeres-periodistas-del-mediterraneo\/&amp;quot;target=&amp;quot;_blank&amp;quot;&gt;Ante lo inesperado: cr&oacute;nica de la segunda jornada del Foro de Mujeres Periodistas del Mediterr&aacute;neo.&lt;\/a&gt;&lt;\/li&gt;&lt;li class=&amp;quot;cmtt_related_item&amp;quot;&gt;&lt;a href=&amp;quot;https:\/\/xqthenews.com\/es\/glossary\/limpieza-etnica\/&amp;quot;target=&amp;quot;_blank&amp;quot;&gt;Glossary:  Limpieza &eacute;tnica&lt;\/a&gt;&lt;\/li&gt;&lt;\/ul&gt;&lt;\/div&gt;\" href=\"https:\/\/xqthenews.com\/es\/glossary\/genocidio\/\" data-gt-translate-attributes='[{\"attribute\":\"data-cmtooltip\", \"format\":\"html\"}]' tabindex=\"0\" role=\"link\">genocidio<\/a> en directo?&raquo;. En &eacute;l participan dos periodistas palestinas: Wessal Yousef, que informa desde Cisjordania, y Jumana Shaheen, desplazada en El Cairo. Para ellas, la masacre que est&aacute; teniendo lugar en la Franja de Gaza es inesperada en todos los sentidos. En palabras de Shaheen, se trata de &laquo;una crisis sin precedentes&raquo;. Durante su ponencia, describen la dura realidad a la que se enfrentan miles de personas inocentes que se han convertido en v&iacute;ctimas de la violencia generalizada. Relatan que han tenido que huir de sus hogares sin previo aviso, a menudo sin saber ad&oacute;nde ir, d&oacute;nde comer o, simplemente, qu&eacute; hacer.<\/p>\n\n\n\n<p>Muchas de las v&iacute;ctimas eran periodistas que, aunque estaban acostumbrados a lidiar con lo inesperado, no estaban preparados para convertirse en uno de los principales objetivos del gobierno israel&iacute;. Seg&uacute;n el <a class=\"glossaryLink\" aria-describedby=\"tt\" data-cmtooltip=\"&lt;div class=glossaryItemTitle&gt;Bar&oacute;metro&lt;\/div&gt;&lt;div class=glossaryItemBody&gt;&amp;lt;!-- wp:paragraph --&amp;gt;Un bar&oacute;metro es una encuesta peri&oacute;dica que mide la evoluci&oacute;n de la opini&oacute;n p&uacute;blica sobre temas espec&iacute;ficos, como pol&iacute;tica, econom&iacute;a o problemas sociales, reflejando tendencias y cambios.&amp;lt;br\/&amp;gt;&amp;lt;!-- \/wp:paragraph --&amp;gt;&lt;\/div&gt;&lt;div id=&amp;quot;cmtt_related_articles&amp;quot; class=&amp;quot;cmtt_related_articles_wrapper&amp;quot;&gt;&lt;div class=&amp;quot;cmtt_related_title cmtt_related_articles_title&amp;quot;&gt;Related Articles: &lt;\/div&gt;&lt;ul class=&amp;quot;cmtt_related&amp;quot;&gt;&lt;li class=&amp;quot;cmtt_related_item&amp;quot;&gt;&lt;a href=&amp;quot;https:\/\/xqthenews.com\/es\/barcelona-protesta-masivamente-por-la-vivienda-digna\/&amp;quot;target=&amp;quot;_blank&amp;quot;&gt;Barcelona protesta masivamente por la vivienda digna&lt;\/a&gt;&lt;\/li&gt;&lt;li class=&amp;quot;cmtt_related_item&amp;quot;&gt;&lt;a href=&amp;quot;https:\/\/xqthenews.com\/es\/ante-lo-inesperado-cronica-de-la-segunda-jornada-del-foro-de-mujeres-periodistas-del-mediterraneo\/&amp;quot;target=&amp;quot;_blank&amp;quot;&gt;Ante lo inesperado: cr&oacute;nica de la segunda jornada del Foro de Mujeres Periodistas del Mediterr&aacute;neo.&lt;\/a&gt;&lt;\/li&gt;&lt;\/ul&gt;&lt;\/div&gt;\" href=\"https:\/\/xqthenews.com\/es\/glossary\/barometro\/\" data-gt-translate-attributes='[{\"attribute\":\"data-cmtooltip\", \"format\":\"html\"}]' tabindex=\"0\" role=\"link\">bar&oacute;metro<\/a> de <em>Reporteros sin Fronteras<\/em> y los datos facilitados por Yousef y Shaheen, m&aacute;s de 130 periodistas han sido asesinados durante el primer a&ntilde;o de este conflicto.<\/p>\n\n\n\n<p>Tal como describen ambas expertas, los palestinos son tratados como <a class=\"glossaryLink\" aria-describedby=\"tt\" data-cmtooltip=\"&lt;div class=glossaryItemTitle&gt;Ciudadanos&lt;\/div&gt;&lt;div class=glossaryItemBody&gt;&amp;lt;!-- wp:paragraph --&amp;gt;Un concepto que implica cuestiones relacionadas con los derechos y los deberes, as&iacute; como con las ideas de igualdad, diversidad y justicia social. No s&oacute;lo referido al acto de votar, el concepto de ciudadan&iacute;a incluye todo un conjunto de acciones practicadas por cada persona, con impacto en la vida de la comunidad (local, nacional, regional e internacional), inseparable del espacio p&uacute;blico en el que las personas pueden actuar juntas.&amp;lt;br\/&amp;gt;&amp;lt;!-- \/wp:paragraph --&amp;gt;&amp;lt;!-- wp:paragraph --&amp;gt;(Fuente: CIG &ndash; Comiss&atilde;o para a Cidadania e Igualde de G&eacute;nero)&amp;lt;br\/&amp;gt;&amp;lt;!-- \/wp:paragraph --&amp;gt;&lt;\/div&gt;&lt;div id=&amp;quot;cmtt_related_articles&amp;quot; class=&amp;quot;cmtt_related_articles_wrapper&amp;quot;&gt;&lt;div class=&amp;quot;cmtt_related_title cmtt_related_articles_title&amp;quot;&gt;Related Articles: &lt;\/div&gt;&lt;ul class=&amp;quot;cmtt_related&amp;quot;&gt;&lt;li class=&amp;quot;cmtt_related_item&amp;quot;&gt;&lt;a href=&amp;quot;https:\/\/xqthenews.com\/es\/que-es-el-fascismo\/&amp;quot;target=&amp;quot;_blank&amp;quot;&gt;&iquest;Qu&eacute; es el fascismo?&lt;\/a&gt;&lt;\/li&gt;&lt;li class=&amp;quot;cmtt_related_item&amp;quot;&gt;&lt;a href=&amp;quot;https:\/\/xqthenews.com\/es\/por-que-el-futbol-es-un-fenomeno-global\/&amp;quot;target=&amp;quot;_blank&amp;quot;&gt;&iquest;Por qu&eacute; el f&uacute;tbol es un fen&oacute;meno global?&lt;\/a&gt;&lt;\/li&gt;&lt;li class=&amp;quot;cmtt_related_item&amp;quot;&gt;&lt;a href=&amp;quot;https:\/\/xqthenews.com\/es\/mensaje-en-una-botella-o-los-plasticos-que-nunca-desaparecen\/&amp;quot;target=&amp;quot;_blank&amp;quot;&gt;Mensaje en una botella, o los pl&aacute;sticos que nunca desaparecen&lt;\/a&gt;&lt;\/li&gt;&lt;li class=&amp;quot;cmtt_related_item&amp;quot;&gt;&lt;a href=&amp;quot;https:\/\/xqthenews.com\/es\/apartheid-en-palestina-las-raices-profundas-de-la-guerra\/&amp;quot;target=&amp;quot;_blank&amp;quot;&gt;Apartheid en Palestina, las ra&iacute;ces profundas de la guerra&lt;\/a&gt;&lt;\/li&gt;&lt;li class=&amp;quot;cmtt_related_item&amp;quot;&gt;&lt;a href=&amp;quot;https:\/\/xqthenews.com\/es\/luchar-contra-el-cambio-climatico-tambien-es-combatir-la-desinformacion\/&amp;quot;target=&amp;quot;_blank&amp;quot;&gt;Luchar contra el cambio clim&aacute;tico tambi&eacute;n es combatir la desinformaci&oacute;n&lt;\/a&gt;&lt;\/li&gt;&lt;\/ul&gt;&lt;\/div&gt;\" href=\"https:\/\/xqthenews.com\/es\/glossary\/ciudadania\/\" data-gt-translate-attributes='[{\"attribute\":\"data-cmtooltip\", \"format\":\"html\"}]' tabindex=\"0\" role=\"link\">ciudadanos<\/a> de segunda clase desde la ocupaci&oacute;n israel&iacute; de 1967. En palabras de Micol Meghnagi, soci&oacute;loga invitada de la Universidad de Bolonia: &laquo;Quienes hablan de coexistencia son unos hip&oacute;critas, porque existe un sistema de facto que hace que las voces palestinas tengan menos valor&raquo;.<\/p>\n\n\n\n<p>Shaheen afirma que se est&aacute; produciendo un <a class=\"glossaryLink\" aria-describedby=\"tt\" data-cmtooltip=\"&lt;div class=glossaryItemTitle&gt;Genocidio&lt;\/div&gt;&lt;div class=glossaryItemBody&gt;&amp;lt;!-- wp:paragraph --&amp;gt;La destrucci&oacute;n sistem&aacute;tica y deliberada, total o parcial, de un grupo &eacute;tnico, religioso o nacional mediante el asesinato, la violencia, la persecuci&oacute;n u otras formas de ataque deliberado.&amp;lt;br\/&amp;gt;&amp;lt;!-- \/wp:paragraph --&amp;gt;&amp;lt;!-- wp:paragraph --&amp;gt;&amp;lt;br\/&amp;gt;&amp;lt;!-- \/wp:paragraph --&amp;gt;&lt;\/div&gt;&lt;div id=&amp;quot;cmtt_related_articles&amp;quot; class=&amp;quot;cmtt_related_articles_wrapper&amp;quot;&gt;&lt;div class=&amp;quot;cmtt_related_title cmtt_related_articles_title&amp;quot;&gt;Related Articles: &lt;\/div&gt;&lt;ul class=&amp;quot;cmtt_related&amp;quot;&gt;&lt;li class=&amp;quot;cmtt_related_item&amp;quot;&gt;&lt;a href=&amp;quot;https:\/\/xqthenews.com\/es\/ante-lo-inesperado-cronica-de-la-segunda-jornada-del-foro-de-mujeres-periodistas-del-mediterraneo\/&amp;quot;target=&amp;quot;_blank&amp;quot;&gt;Ante lo inesperado: cr&oacute;nica de la segunda jornada del Foro de Mujeres Periodistas del Mediterr&aacute;neo.&lt;\/a&gt;&lt;\/li&gt;&lt;li class=&amp;quot;cmtt_related_item&amp;quot;&gt;&lt;a href=&amp;quot;https:\/\/xqthenews.com\/es\/glossary\/limpieza-etnica\/&amp;quot;target=&amp;quot;_blank&amp;quot;&gt;Glossary:  Limpieza &eacute;tnica&lt;\/a&gt;&lt;\/li&gt;&lt;\/ul&gt;&lt;\/div&gt;\" href=\"https:\/\/xqthenews.com\/es\/glossary\/genocidio\/\" data-gt-translate-attributes='[{\"attribute\":\"data-cmtooltip\", \"format\":\"html\"}]' tabindex=\"0\" role=\"link\">genocidio<\/a> y que &laquo;todo el mundo est&aacute; mirando; es humillante&raquo;. Aunque la conexi&oacute;n de la reportera gazat&iacute; es d&eacute;bil, su voz tiembla al pronunciar esas palabras. Da la sensaci&oacute;n de que el mundo considera de segunda categor&iacute;a las historias de los periodistas dentro de Gaza. Por eso, Wessal Yousef declara: &laquo;Ser una periodista palestina implica la responsabilidad de hablar de tu pueblo y de su sufrimiento, de elevar sus voces ante los medios internacionales con las herramientas del periodismo y la memoria colectiva&raquo;. Este sentimiento es compartido por la &uacute;ltima ponente, Cecilia Dalla Negra, responsable de la secci&oacute;n italiana <em>de Orient XXI<\/em>, quien afirma: &laquo;Como periodistas, debemos apoyar y proteger a nuestros colegas palestinos y restaurar nuestra reputaci&oacute;n&raquo;.<\/p>\n\n\n\n<p>Al final de la conferencia se me viene una pregunta a la mente. Cojo mi cuaderno y escribo lo m&aacute;s r&aacute;pido que puedo: &laquo;&iquest;C&oacute;mo podemos, como mujeres periodistas, afrontar el reto de lo inesperado?&raquo; Una charla posterior con Wessal Yousef sobre su experiencia como mujer palestina en el periodismo podr&iacute;a arrojar algo de luz. &laquo;La historia de las mujeres es realmente diferente a la de los hombres. Podemos hablar de lugares e historias marginados con una sensibilidad que no suele llamar mucho la atenci&oacute;n. Por ejemplo, las historias de las mujeres del &Aacute;rea C (el territorio totalmente controlado por Israel en Cisjordania), que tras los ataques del 7 de octubre se vieron privadas de <a class=\"glossaryLink\" aria-describedby=\"tt\" data-cmtooltip=\"&lt;div class=glossaryItemTitle&gt;Ayuda humanitaria&lt;\/div&gt;&lt;div class=glossaryItemBody&gt;&amp;lt;!-- wp:paragraph --&amp;gt;La &amp;quot;Ayuda humanitaria&amp;quot; es asistencia proporcionada a personas afectadas por crisis o desastres, con el objetivo de aliviar su sufrimiento y mejorar las condiciones de vida.&amp;lt;br\/&amp;gt;&amp;lt;!-- \/wp:paragraph --&amp;gt;&lt;\/div&gt;&lt;div id=&amp;quot;cmtt_related_articles&amp;quot; class=&amp;quot;cmtt_related_articles_wrapper&amp;quot;&gt;&lt;div class=&amp;quot;cmtt_related_title cmtt_related_articles_title&amp;quot;&gt;Related Articles: &lt;\/div&gt;&lt;ul class=&amp;quot;cmtt_related&amp;quot;&gt;&lt;li class=&amp;quot;cmtt_related_item&amp;quot;&gt;&lt;a href=&amp;quot;https:\/\/xqthenews.com\/es\/la-oms-denuncia-mas-de-230-ataques-israelies-a-la-atencion-sanitaria-palestina\/&amp;quot;target=&amp;quot;_blank&amp;quot;&gt;La OMS denuncia m&aacute;s de 230 ataques israel&iacute;es a la atenci&oacute;n sanitaria palestina&lt;\/a&gt;&lt;\/li&gt;&lt;li class=&amp;quot;cmtt_related_item&amp;quot;&gt;&lt;a href=&amp;quot;https:\/\/xqthenews.com\/es\/glossary\/onu-organizacion-de-las-naciones-unidas\/&amp;quot;target=&amp;quot;_blank&amp;quot;&gt;Glossary:  ONU &amp;#8211; Organizaci&oacute;n de las Naciones Unidas&lt;\/a&gt;&lt;\/li&gt;&lt;li class=&amp;quot;cmtt_related_item&amp;quot;&gt;&lt;a href=&amp;quot;https:\/\/xqthenews.com\/es\/glossary\/ayuda-humanitaria-2\/&amp;quot;target=&amp;quot;_blank&amp;quot;&gt;Glossary:  Ayuda humanitaria&lt;\/a&gt;&lt;\/li&gt;&lt;li class=&amp;quot;cmtt_related_item&amp;quot;&gt;&lt;a href=&amp;quot;https:\/\/xqthenews.com\/es\/los-dibujos-de-la-guerra-de-ucrania\/&amp;quot;target=&amp;quot;_blank&amp;quot;&gt;Los dibujos de la guerra de Ucrania&lt;\/a&gt;&lt;\/li&gt;&lt;li class=&amp;quot;cmtt_related_item&amp;quot;&gt;&lt;a href=&amp;quot;https:\/\/xqthenews.com\/es\/ante-lo-inesperado-cronica-de-la-segunda-jornada-del-foro-de-mujeres-periodistas-del-mediterraneo\/&amp;quot;target=&amp;quot;_blank&amp;quot;&gt;Ante lo inesperado: cr&oacute;nica de la segunda jornada del Foro de Mujeres Periodistas del Mediterr&aacute;neo.&lt;\/a&gt;&lt;\/li&gt;&lt;\/ul&gt;&lt;\/div&gt;\" href=\"https:\/\/xqthenews.com\/es\/glossary\/ayuda-humanitaria\/\" data-gt-translate-attributes='[{\"attribute\":\"data-cmtooltip\", \"format\":\"html\"}]' tabindex=\"0\" role=\"link\">ayuda humanitaria<\/a> y de atenci&oacute;n sexual y reproductiva&raquo;, afirma. En otras palabras, las rutinas period&iacute;sticas, excesivamente masculinas, tienden a abordar los acontecimientos de forma sistem&aacute;tica y previsible. Por el contrario, la perspectiva femenina ofrece una forma potencial y alternativa de cubrir lo inesperado.<\/p>\n\n\n\n<h2 class=\"wp-block-heading\"><strong>Las mujeres kurdas desaf&iacute;an las narrativas medi&aacute;ticas dominadas por los hombres.<\/strong><\/h2>\n\n\n\n<p>Hacemos una pausa para tomar caf&eacute;; son alrededor de las 11:30. Permanezco sentada, observando c&oacute;mo se comportan las j&oacute;venes estudiantes. Visten de forma diferente, pero en cierto modo tienen mucho en com&uacute;n. Algunas charlan y comentan sus opiniones sobre el primer panel, mientras otros est&aacute;n distra&iacute;dos con las redes sociales. Lo que no esperan es que la segunda charla, que empieza en media hora, sea transformadora. <em><a class=\"glossaryLink\" aria-describedby=\"tt\" data-cmtooltip=\"&lt;div class=glossaryItemTitle&gt;Jineoloj&icirc;&lt;\/div&gt;&lt;div class=glossaryItemBody&gt;&amp;lt;!-- wp:paragraph --&amp;gt;&nbsp;Es la &laquo;ciencia de la mujer&raquo; que considera la liberaci&oacute;n individual de la mujer como condici&oacute;n previa para la liberaci&oacute;n de la sociedad. Teorizada por Abdullah &Ouml;calan, el carism&aacute;tico l&iacute;der del Partido de los Trabajadores del Kurdist&aacute;n (PKK), la jinealog&iacute;a se opone a las normas religiosas y tribales que subyugan a las mujeres en las sociedades de Oriente Pr&oacute;ximo y es un componente sustancial del Confederalismo Democr&aacute;tico, filosof&iacute;a pol&iacute;tica que inspira activamente la gobernanza de la Administraci&oacute;n Aut&oacute;noma del Norte y Este de Siria (tambi&eacute;n conocida como Rojava).&amp;lt;strong&amp;gt;&amp;lt;br&amp;gt;&amp;lt;br&amp;gt;&amp;lt;\/strong&amp;gt;&amp;lt;br\/&amp;gt;&amp;lt;!-- \/wp:paragraph --&amp;gt;&lt;\/div&gt;&lt;div id=&amp;quot;cmtt_related_articles&amp;quot; class=&amp;quot;cmtt_related_articles_wrapper&amp;quot;&gt;&lt;div class=&amp;quot;cmtt_related_title cmtt_related_articles_title&amp;quot;&gt;Related Articles: &lt;\/div&gt;&lt;ul class=&amp;quot;cmtt_related&amp;quot;&gt;&lt;li class=&amp;quot;cmtt_related_item&amp;quot;&gt;&lt;a href=&amp;quot;https:\/\/xqthenews.com\/es\/verdad-y-justicia-para-las-periodistas-kurdas-asesinadas\/&amp;quot;target=&amp;quot;_blank&amp;quot;&gt;Verdad y justicia para las periodistas kurdas asesinadas&lt;\/a&gt;&lt;\/li&gt;&lt;li class=&amp;quot;cmtt_related_item&amp;quot;&gt;&lt;a href=&amp;quot;https:\/\/xqthenews.com\/es\/el-periodismo-femenino-es-fuente-de-vida-declaracion-de-la-9a-fmwj\/&amp;quot;target=&amp;quot;_blank&amp;quot;&gt;El periodismo femenino es fuente de vida: declaraci&oacute;n de la 9&ordf; FMWJ&lt;\/a&gt;&lt;\/li&gt;&lt;li class=&amp;quot;cmtt_related_item&amp;quot;&gt;&lt;a href=&amp;quot;https:\/\/xqthenews.com\/es\/ante-lo-inesperado-cronica-de-la-segunda-jornada-del-foro-de-mujeres-periodistas-del-mediterraneo\/&amp;quot;target=&amp;quot;_blank&amp;quot;&gt;Ante lo inesperado: cr&oacute;nica de la segunda jornada del Foro de Mujeres Periodistas del Mediterr&aacute;neo.&lt;\/a&gt;&lt;\/li&gt;&lt;li class=&amp;quot;cmtt_related_item&amp;quot;&gt;&lt;a href=&amp;quot;https:\/\/xqthenews.com\/es\/innovacion-en-la-ensenanza-del-periodismo-gracias-a-los-hologramas\/&amp;quot;target=&amp;quot;_blank&amp;quot;&gt;Innovaci&oacute;n en la ense&ntilde;anza del periodismo gracias a los hologramas&lt;\/a&gt;&lt;\/li&gt;&lt;\/ul&gt;&lt;\/div&gt;\" href=\"https:\/\/xqthenews.com\/es\/glossary\/jineologi\/\" data-gt-translate-attributes='[{\"attribute\":\"data-cmtooltip\", \"format\":\"html\"}]' tabindex=\"0\" role=\"link\">Jineoloj&icirc;<\/a>: La revoluci&oacute;n de las mujeres en el Kurdist&aacute;n <\/em>cuenta con la participaci&oacute;n de Necibe Qeredaxi, activista de la Academia <a class=\"glossaryLink\" aria-describedby=\"tt\" data-cmtooltip=\"&lt;div class=glossaryItemTitle&gt;Jineoloj&icirc;&lt;\/div&gt;&lt;div class=glossaryItemBody&gt;&amp;lt;!-- wp:paragraph --&amp;gt;&nbsp;Es la &laquo;ciencia de la mujer&raquo; que considera la liberaci&oacute;n individual de la mujer como condici&oacute;n previa para la liberaci&oacute;n de la sociedad. Teorizada por Abdullah &Ouml;calan, el carism&aacute;tico l&iacute;der del Partido de los Trabajadores del Kurdist&aacute;n (PKK), la jinealog&iacute;a se opone a las normas religiosas y tribales que subyugan a las mujeres en las sociedades de Oriente Pr&oacute;ximo y es un componente sustancial del Confederalismo Democr&aacute;tico, filosof&iacute;a pol&iacute;tica que inspira activamente la gobernanza de la Administraci&oacute;n Aut&oacute;noma del Norte y Este de Siria (tambi&eacute;n conocida como Rojava).&amp;lt;strong&amp;gt;&amp;lt;br&amp;gt;&amp;lt;br&amp;gt;&amp;lt;\/strong&amp;gt;&amp;lt;br\/&amp;gt;&amp;lt;!-- \/wp:paragraph --&amp;gt;&lt;\/div&gt;&lt;div id=&amp;quot;cmtt_related_articles&amp;quot; class=&amp;quot;cmtt_related_articles_wrapper&amp;quot;&gt;&lt;div class=&amp;quot;cmtt_related_title cmtt_related_articles_title&amp;quot;&gt;Related Articles: &lt;\/div&gt;&lt;ul class=&amp;quot;cmtt_related&amp;quot;&gt;&lt;li class=&amp;quot;cmtt_related_item&amp;quot;&gt;&lt;a href=&amp;quot;https:\/\/xqthenews.com\/es\/verdad-y-justicia-para-las-periodistas-kurdas-asesinadas\/&amp;quot;target=&amp;quot;_blank&amp;quot;&gt;Verdad y justicia para las periodistas kurdas asesinadas&lt;\/a&gt;&lt;\/li&gt;&lt;li class=&amp;quot;cmtt_related_item&amp;quot;&gt;&lt;a href=&amp;quot;https:\/\/xqthenews.com\/es\/el-periodismo-femenino-es-fuente-de-vida-declaracion-de-la-9a-fmwj\/&amp;quot;target=&amp;quot;_blank&amp;quot;&gt;El periodismo femenino es fuente de vida: declaraci&oacute;n de la 9&ordf; FMWJ&lt;\/a&gt;&lt;\/li&gt;&lt;li class=&amp;quot;cmtt_related_item&amp;quot;&gt;&lt;a href=&amp;quot;https:\/\/xqthenews.com\/es\/ante-lo-inesperado-cronica-de-la-segunda-jornada-del-foro-de-mujeres-periodistas-del-mediterraneo\/&amp;quot;target=&amp;quot;_blank&amp;quot;&gt;Ante lo inesperado: cr&oacute;nica de la segunda jornada del Foro de Mujeres Periodistas del Mediterr&aacute;neo.&lt;\/a&gt;&lt;\/li&gt;&lt;li class=&amp;quot;cmtt_related_item&amp;quot;&gt;&lt;a href=&amp;quot;https:\/\/xqthenews.com\/es\/innovacion-en-la-ensenanza-del-periodismo-gracias-a-los-hologramas\/&amp;quot;target=&amp;quot;_blank&amp;quot;&gt;Innovaci&oacute;n en la ense&ntilde;anza del periodismo gracias a los hologramas&lt;\/a&gt;&lt;\/li&gt;&lt;\/ul&gt;&lt;\/div&gt;\" href=\"https:\/\/xqthenews.com\/es\/glossary\/jineologi\/\" data-gt-translate-attributes='[{\"attribute\":\"data-cmtooltip\", \"format\":\"html\"}]' tabindex=\"0\" role=\"link\">Jineoloj&icirc;<\/a> del Kurdistan&ecirc; iraqu&iacute; (Kurdist&aacute;n iraqu&iacute;), y Gulistan Ike, periodista de <em>Newaya Jin<\/em> en el Kurdistan&ecirc; bakur&ecirc; (Kurdist&aacute;n turco).<\/p>\n\n\n\n<figure class=\"wp-block-image size-full is-resized\"><img decoding=\"async\" width=\"312\" height=\"365\" src=\"https:\/\/xqthenews.com\/wp-content\/uploads\/2024\/12\/Image-no-1.jpg\" alt=\"\" class=\"wp-image-27002\" style=\"width:780px;height:auto\" srcset=\"https:\/\/xqthenews.com\/wp-content\/uploads\/2024\/12\/Image-no-1.jpg 312w, https:\/\/xqthenews.com\/wp-content\/uploads\/2024\/12\/Image-no-1-256x300.jpg 256w, https:\/\/xqthenews.com\/wp-content\/uploads\/2024\/12\/Image-no-1-150x175.jpg 150w\" sizes=\"(max-width: 312px) 100vw, 312px\"\/><\/figure>\n\n\n\n<p>&laquo;El Kurdist&aacute;n es una naci&oacute;n sin Estado&raquo;, afirma Necibe Queredaxi. A lo largo de su historia, el pueblo kurdo ha sufrido cinco ocupaciones principales que han provocado la dispersi&oacute;n de su poblaci&oacute;n por Turqu&iacute;a, Armenia, Siria, Ir&aacute;n e Irak. Bajo las amenazas, se han convertido en una minor&iacute;a perseguida en todos estos Estados, soportando lo que puede describirse como un <a class=\"glossaryLink\" aria-describedby=\"tt\" data-cmtooltip=\"&lt;div class=glossaryItemTitle&gt;Genocidio&lt;\/div&gt;&lt;div class=glossaryItemBody&gt;&amp;lt;!-- wp:paragraph --&amp;gt;La destrucci&oacute;n sistem&aacute;tica y deliberada, total o parcial, de un grupo &eacute;tnico, religioso o nacional mediante el asesinato, la violencia, la persecuci&oacute;n u otras formas de ataque deliberado.&amp;lt;br\/&amp;gt;&amp;lt;!-- \/wp:paragraph --&amp;gt;&amp;lt;!-- wp:paragraph --&amp;gt;&amp;lt;br\/&amp;gt;&amp;lt;!-- \/wp:paragraph --&amp;gt;&lt;\/div&gt;&lt;div id=&amp;quot;cmtt_related_articles&amp;quot; class=&amp;quot;cmtt_related_articles_wrapper&amp;quot;&gt;&lt;div class=&amp;quot;cmtt_related_title cmtt_related_articles_title&amp;quot;&gt;Related Articles: &lt;\/div&gt;&lt;ul class=&amp;quot;cmtt_related&amp;quot;&gt;&lt;li class=&amp;quot;cmtt_related_item&amp;quot;&gt;&lt;a href=&amp;quot;https:\/\/xqthenews.com\/es\/ante-lo-inesperado-cronica-de-la-segunda-jornada-del-foro-de-mujeres-periodistas-del-mediterraneo\/&amp;quot;target=&amp;quot;_blank&amp;quot;&gt;Ante lo inesperado: cr&oacute;nica de la segunda jornada del Foro de Mujeres Periodistas del Mediterr&aacute;neo.&lt;\/a&gt;&lt;\/li&gt;&lt;li class=&amp;quot;cmtt_related_item&amp;quot;&gt;&lt;a href=&amp;quot;https:\/\/xqthenews.com\/es\/glossary\/limpieza-etnica\/&amp;quot;target=&amp;quot;_blank&amp;quot;&gt;Glossary:  Limpieza &eacute;tnica&lt;\/a&gt;&lt;\/li&gt;&lt;\/ul&gt;&lt;\/div&gt;\" href=\"https:\/\/xqthenews.com\/es\/glossary\/genocidio\/\" data-gt-translate-attributes='[{\"attribute\":\"data-cmtooltip\", \"format\":\"html\"}]' tabindex=\"0\" role=\"link\">genocidio<\/a> silencioso. Hace solo dos a&ntilde;os que el movimiento #MeToo inund&oacute; las calles de las principales ciudades del mundo para exigir justicia para J&icirc;na (Mahsa) Amini, una joven kurda de 22 a&ntilde;os que fue asesinada por la polic&iacute;a iran&iacute;, supuestamente por no llevar correctamente su hiyab. El mundo no se lo esperaba, pero para el pueblo kurdo es algo rutinario. Maril&ugrave; Mastrogiovanni, presidenta del panel y organizadora del <a class=\"glossaryLink\" aria-describedby=\"tt\" data-cmtooltip=\"&lt;div class=glossaryItemTitle&gt;Foro de Mujeres Periodistas del Mediterr&aacute;neo&lt;\/div&gt;&lt;div class=glossaryItemBody&gt;&amp;lt;!-- wp:paragraph --&amp;gt;El Foro de Mujeres Periodistas del Mediterr&aacute;neo (FMWJ) es una iniciativa fundada el 2016 que pretende promocionar un periodismo independiente, &eacute;tico e inclusivo, capaz de dar voz a periodistas investigadoras, corresponsales de zonas conflictivas, investigadoras, y activistas. El evento ocurre anualmente en Apulia para construir puentes culturales entre las orillas del Mediterr&aacute;neo, abordar cuestiones como la libertad de prensa y la justicia social y ambiental, y oponerse al sexismo y a los estereotipos de g&eacute;nero.&amp;amp;nbsp;&amp;lt;br\/&amp;gt;&amp;lt;!-- \/wp:paragraph --&amp;gt;&amp;lt;!-- wp:paragraph --&amp;gt;&amp;lt;br\/&amp;gt;&amp;lt;!-- \/wp:paragraph --&amp;gt;&lt;\/div&gt;&lt;div id=&amp;quot;cmtt_related_articles&amp;quot; class=&amp;quot;cmtt_related_articles_wrapper&amp;quot;&gt;&lt;div class=&amp;quot;cmtt_related_title cmtt_related_articles_title&amp;quot;&gt;Related Articles: &lt;\/div&gt;&lt;ul class=&amp;quot;cmtt_related&amp;quot;&gt;&lt;li class=&amp;quot;cmtt_related_item&amp;quot;&gt;&lt;a href=&amp;quot;https:\/\/xqthenews.com\/es\/arranca-en-apulia-el-9o-foro-de-mujeres-periodistas-del-mediterraneo\/&amp;quot;target=&amp;quot;_blank&amp;quot;&gt;Arranca en Apulia el 9&ordm; Foro de Mujeres Periodistas del Mediterr&aacute;neo&lt;\/a&gt;&lt;\/li&gt;&lt;li class=&amp;quot;cmtt_related_item&amp;quot;&gt;&lt;a href=&amp;quot;https:\/\/xqthenews.com\/es\/accion-empatia-y-responsabilidad-colectiva\/&amp;quot;target=&amp;quot;_blank&amp;quot;&gt;Acci&oacute;n, empat&iacute;a y responsabilidad colectiva&lt;\/a&gt;&lt;\/li&gt;&lt;li class=&amp;quot;cmtt_related_item&amp;quot;&gt;&lt;a href=&amp;quot;https:\/\/xqthenews.com\/es\/ante-lo-inesperado-cronica-de-la-segunda-jornada-del-foro-de-mujeres-periodistas-del-mediterraneo\/&amp;quot;target=&amp;quot;_blank&amp;quot;&gt;Ante lo inesperado: cr&oacute;nica de la segunda jornada del Foro de Mujeres Periodistas del Mediterr&aacute;neo.&lt;\/a&gt;&lt;\/li&gt;&lt;li class=&amp;quot;cmtt_related_item&amp;quot;&gt;&lt;a href=&amp;quot;https:\/\/xqthenews.com\/es\/innovacion-en-la-ensenanza-del-periodismo-gracias-a-los-hologramas\/&amp;quot;target=&amp;quot;_blank&amp;quot;&gt;Innovaci&oacute;n en la ense&ntilde;anza del periodismo gracias a los hologramas&lt;\/a&gt;&lt;\/li&gt;&lt;\/ul&gt;&lt;\/div&gt;\" href=\"https:\/\/xqthenews.com\/es\/glossary\/foro-de-mujeres-periodistas-del-mediterraneo\/\" data-gt-translate-attributes='[{\"attribute\":\"data-cmtooltip\", \"format\":\"html\"}]' tabindex=\"0\" role=\"link\">Foro de Mujeres Periodistas del Mediterr&aacute;neo<\/a>, interrumpe brevemente. &laquo;No se llamaba Mahsa Amini, sino J&icirc;na Amini. Ese era su verdadero nombre en kurdo, aunque han intentado borrarlo&raquo;, afirma.<\/p>\n\n\n\n<p>Para Necibe Queredaxi, &laquo;las mujeres son la &uacute;ltima colonizaci&oacute;n de la historia&raquo;. Su conferencia gira en torno al <a class=\"glossaryLink\" aria-describedby=\"tt\" data-cmtooltip=\"&lt;div class=glossaryItemTitle&gt;Jineoloj&icirc;&lt;\/div&gt;&lt;div class=glossaryItemBody&gt;&amp;lt;!-- wp:paragraph --&amp;gt;&nbsp;Es la &laquo;ciencia de la mujer&raquo; que considera la liberaci&oacute;n individual de la mujer como condici&oacute;n previa para la liberaci&oacute;n de la sociedad. Teorizada por Abdullah &Ouml;calan, el carism&aacute;tico l&iacute;der del Partido de los Trabajadores del Kurdist&aacute;n (PKK), la jinealog&iacute;a se opone a las normas religiosas y tribales que subyugan a las mujeres en las sociedades de Oriente Pr&oacute;ximo y es un componente sustancial del Confederalismo Democr&aacute;tico, filosof&iacute;a pol&iacute;tica que inspira activamente la gobernanza de la Administraci&oacute;n Aut&oacute;noma del Norte y Este de Siria (tambi&eacute;n conocida como Rojava).&amp;lt;strong&amp;gt;&amp;lt;br&amp;gt;&amp;lt;br&amp;gt;&amp;lt;\/strong&amp;gt;&amp;lt;br\/&amp;gt;&amp;lt;!-- \/wp:paragraph --&amp;gt;&lt;\/div&gt;&lt;div id=&amp;quot;cmtt_related_articles&amp;quot; class=&amp;quot;cmtt_related_articles_wrapper&amp;quot;&gt;&lt;div class=&amp;quot;cmtt_related_title cmtt_related_articles_title&amp;quot;&gt;Related Articles: &lt;\/div&gt;&lt;ul class=&amp;quot;cmtt_related&amp;quot;&gt;&lt;li class=&amp;quot;cmtt_related_item&amp;quot;&gt;&lt;a href=&amp;quot;https:\/\/xqthenews.com\/es\/verdad-y-justicia-para-las-periodistas-kurdas-asesinadas\/&amp;quot;target=&amp;quot;_blank&amp;quot;&gt;Verdad y justicia para las periodistas kurdas asesinadas&lt;\/a&gt;&lt;\/li&gt;&lt;li class=&amp;quot;cmtt_related_item&amp;quot;&gt;&lt;a href=&amp;quot;https:\/\/xqthenews.com\/es\/el-periodismo-femenino-es-fuente-de-vida-declaracion-de-la-9a-fmwj\/&amp;quot;target=&amp;quot;_blank&amp;quot;&gt;El periodismo femenino es fuente de vida: declaraci&oacute;n de la 9&ordf; FMWJ&lt;\/a&gt;&lt;\/li&gt;&lt;li class=&amp;quot;cmtt_related_item&amp;quot;&gt;&lt;a href=&amp;quot;https:\/\/xqthenews.com\/es\/ante-lo-inesperado-cronica-de-la-segunda-jornada-del-foro-de-mujeres-periodistas-del-mediterraneo\/&amp;quot;target=&amp;quot;_blank&amp;quot;&gt;Ante lo inesperado: cr&oacute;nica de la segunda jornada del Foro de Mujeres Periodistas del Mediterr&aacute;neo.&lt;\/a&gt;&lt;\/li&gt;&lt;li class=&amp;quot;cmtt_related_item&amp;quot;&gt;&lt;a href=&amp;quot;https:\/\/xqthenews.com\/es\/innovacion-en-la-ensenanza-del-periodismo-gracias-a-los-hologramas\/&amp;quot;target=&amp;quot;_blank&amp;quot;&gt;Innovaci&oacute;n en la ense&ntilde;anza del periodismo gracias a los hologramas&lt;\/a&gt;&lt;\/li&gt;&lt;\/ul&gt;&lt;\/div&gt;\" href=\"https:\/\/xqthenews.com\/es\/glossary\/jineologi\/\" data-gt-translate-attributes='[{\"attribute\":\"data-cmtooltip\", \"format\":\"html\"}]' tabindex=\"0\" role=\"link\">jineoloj&icirc;<\/a>, un enfoque hol&iacute;stico que tiende puentes entre la ciencia y la sociedad, centr&aacute;ndose especialmente en las tareas revolucionarias y la sociolog&iacute;a. Seg&uacute;n Queredaxi, el objetivo de esta disciplina es abogar por una vida libre de la influencia del <a class=\"glossaryLink\" aria-describedby=\"tt\" data-cmtooltip=\"&lt;div class=glossaryItemTitle&gt;Patriarcado&lt;\/div&gt;&lt;div class=glossaryItemBody&gt;&amp;lt;!-- wp:paragraph --&amp;gt;El patriarcado es un sistema social donde el poder y la autoridad est&aacute;n predominantemente en manos de los hombres, subordinando a las mujeres en diversos aspectos de la vida.&amp;lt;br\/&amp;gt;&amp;lt;!-- \/wp:paragraph --&amp;gt;&lt;\/div&gt;&lt;div id=&amp;quot;cmtt_related_articles&amp;quot; class=&amp;quot;cmtt_related_articles_wrapper&amp;quot;&gt;&lt;div class=&amp;quot;cmtt_related_title cmtt_related_articles_title&amp;quot;&gt;Related Articles: &lt;\/div&gt;&lt;ul class=&amp;quot;cmtt_related&amp;quot;&gt;&lt;li class=&amp;quot;cmtt_related_item&amp;quot;&gt;&lt;a href=&amp;quot;https:\/\/xqthenews.com\/es\/adultocentrismo-el-regimen-del-establishment-adulto\/&amp;quot;target=&amp;quot;_blank&amp;quot;&gt;Adultocentrismo: el r&eacute;gimen del &amp;quot;establishment adulto&rdquo;&lt;\/a&gt;&lt;\/li&gt;&lt;li class=&amp;quot;cmtt_related_item&amp;quot;&gt;&lt;a href=&amp;quot;https:\/\/xqthenews.com\/pt-pt\/adulto-centrismo-o-regime-do-establishment-adulto\/&amp;quot;target=&amp;quot;_blank&amp;quot;&gt;Adulto-centrismo: o regime do &laquo;establishment adulto&raquo;&lt;\/a&gt;&lt;\/li&gt;&lt;li class=&amp;quot;cmtt_related_item&amp;quot;&gt;&lt;a href=&amp;quot;https:\/\/xqthenews.com\/es\/musculos-coches-mindset-millonario-el-fraude-del-hombre-hecho-a-si-mismo\/&amp;quot;target=&amp;quot;_blank&amp;quot;&gt;M&uacute;sculos, coches, &amp;quot;mindset millonario&rdquo;: el fraude del hombre hecho a s&iacute; mismo&lt;\/a&gt;&lt;\/li&gt;&lt;li class=&amp;quot;cmtt_related_item&amp;quot;&gt;&lt;a href=&amp;quot;https:\/\/xqthenews.com\/es\/somos-lo-que-votamos\/&amp;quot;target=&amp;quot;_blank&amp;quot;&gt;Somos lo que votamos&lt;\/a&gt;&lt;\/li&gt;&lt;li class=&amp;quot;cmtt_related_item&amp;quot;&gt;&lt;a href=&amp;quot;https:\/\/xqthenews.com\/es\/glossary\/modelo-antipatriarcal\/&amp;quot;target=&amp;quot;_blank&amp;quot;&gt;Glossary:  Modelo antipatriarcal&lt;\/a&gt;&lt;\/li&gt;&lt;\/ul&gt;&lt;\/div&gt;\" href=\"https:\/\/xqthenews.com\/es\/glossary\/patriarcado\/\" data-gt-translate-attributes='[{\"attribute\":\"data-cmtooltip\", \"format\":\"html\"}]' tabindex=\"0\" role=\"link\">patriarcado<\/a>, las din&aacute;micas de poder abusivas y el capitalismo. La historia del movimiento se remonta a la fundaci&oacute;n del Partido de los Trabajadores del Kurdist&aacute;n (<a class=\"glossaryLink\"  aria-describedby=\"tt\"  data-cmtooltip=\"&lt;div class=glossaryItemTitle&gt;PKK&lt;\/div&gt;&lt;div class=glossaryItemBody&gt;&amp;lt;!-- wp:paragraph --&amp;gt;Partido de los Trabajadores del Kurdist&aacute;n, es una organizaci&oacute;n pol&iacute;tica y paramilitar fundada por Abdullah Ocalan, extendida principalmente entre la poblaci&oacute;n campesina kurda de la meseta del Kurdist&aacute;n&amp;lt;br\/&amp;gt;&amp;lt;!-- \/wp:paragraph --&amp;gt;&lt;\/div&gt;&lt;div id=&amp;quot;cmtt_related_articles&amp;quot; class=&amp;quot;cmtt_related_articles_wrapper&amp;quot;&gt;&lt;div class=&amp;quot;cmtt_related_title cmtt_related_articles_title&amp;quot;&gt;Related Articles: &lt;\/div&gt;&lt;ul class=&amp;quot;cmtt_related&amp;quot;&gt;&lt;li class=&amp;quot;cmtt_related_item&amp;quot;&gt;&lt;a href=&amp;quot;https:\/\/xqthenews.com\/es\/kurdistan-la-shoah-invisible\/&amp;quot;target=&amp;quot;_blank&amp;quot;&gt;Kurdist&aacute;n, la Shoah invisible&lt;\/a&gt;&lt;\/li&gt;&lt;li class=&amp;quot;cmtt_related_item&amp;quot;&gt;&lt;a href=&amp;quot;https:\/\/xqthenews.com\/es\/glossary\/jineologi\/&amp;quot;target=&amp;quot;_blank&amp;quot;&gt;Glossary:  Jineoloj&icirc;&lt;\/a&gt;&lt;\/li&gt;&lt;li class=&amp;quot;cmtt_related_item&amp;quot;&gt;&lt;a href=&amp;quot;https:\/\/xqthenews.com\/es\/verdad-y-justicia-para-las-periodistas-kurdas-asesinadas\/&amp;quot;target=&amp;quot;_blank&amp;quot;&gt;Verdad y justicia para las periodistas kurdas asesinadas&lt;\/a&gt;&lt;\/li&gt;&lt;li class=&amp;quot;cmtt_related_item&amp;quot;&gt;&lt;a href=&amp;quot;https:\/\/xqthenews.com\/es\/ante-lo-inesperado-cronica-de-la-segunda-jornada-del-foro-de-mujeres-periodistas-del-mediterraneo\/&amp;quot;target=&amp;quot;_blank&amp;quot;&gt;Ante lo inesperado: cr&oacute;nica de la segunda jornada del Foro de Mujeres Periodistas del Mediterr&aacute;neo.&lt;\/a&gt;&lt;\/li&gt;&lt;li class=&amp;quot;cmtt_related_item&amp;quot;&gt;&lt;a href=&amp;quot;https:\/\/xqthenews.com\/es\/glossary\/jineologi-2\/&amp;quot;target=&amp;quot;_blank&amp;quot;&gt;Glossary:  Jineolog&icirc;&lt;\/a&gt;&lt;\/li&gt;&lt;\/ul&gt;&lt;\/div&gt;\"  href=\"https:\/\/xqthenews.com\/es\/glossary\/pkk\/\"  data-gt-translate-attributes='[{\"attribute\":\"data-cmtooltip\", \"format\":\"html\"}]' tabindex='0' role='link'>PKK<\/a>) en la d&eacute;cada de 1970, ya que consideraba la libertad de las mujeres un eje central para la <a class=\"glossaryLink\" aria-describedby=\"tt\" data-cmtooltip=\"&lt;div class=glossaryItemTitle&gt;Emancipaci&oacute;n&lt;\/div&gt;&lt;div class=glossaryItemBody&gt;&amp;lt;!-- wp:paragraph --&amp;gt;La emancipaci&oacute;n es el acto de adquirir independencia y autonom&iacute;a, especialmente en el contexto de dejar el hogar familiar y vivir de manera aut&oacute;noma.&amp;lt;br\/&amp;gt;&amp;lt;!-- \/wp:paragraph --&amp;gt;&lt;\/div&gt;&lt;div id=&amp;quot;cmtt_related_articles&amp;quot; class=&amp;quot;cmtt_related_articles_wrapper&amp;quot;&gt;&lt;div class=&amp;quot;cmtt_related_title cmtt_related_articles_title&amp;quot;&gt;Related Articles: &lt;\/div&gt;&lt;ul class=&amp;quot;cmtt_related&amp;quot;&gt;&lt;li class=&amp;quot;cmtt_related_item&amp;quot;&gt;&lt;a href=&amp;quot;https:\/\/xqthenews.com\/es\/inquilinos-neopobres-cuando-alquilar-esta-por-encima-del-sueldo-minimo\/&amp;quot;target=&amp;quot;_blank&amp;quot;&gt;Inquilinos neopobres: cuando alquilar est&aacute; por encima del sueldo m&iacute;nimo&lt;\/a&gt;&lt;\/li&gt;&lt;li class=&amp;quot;cmtt_related_item&amp;quot;&gt;&lt;a href=&amp;quot;https:\/\/xqthenews.com\/es\/somos-lo-que-votamos\/&amp;quot;target=&amp;quot;_blank&amp;quot;&gt;Somos lo que votamos&lt;\/a&gt;&lt;\/li&gt;&lt;li class=&amp;quot;cmtt_related_item&amp;quot;&gt;&lt;a href=&amp;quot;https:\/\/xqthenews.com\/es\/ante-lo-inesperado-cronica-de-la-segunda-jornada-del-foro-de-mujeres-periodistas-del-mediterraneo\/&amp;quot;target=&amp;quot;_blank&amp;quot;&gt;Ante lo inesperado: cr&oacute;nica de la segunda jornada del Foro de Mujeres Periodistas del Mediterr&aacute;neo.&lt;\/a&gt;&lt;\/li&gt;&lt;\/ul&gt;&lt;\/div&gt;\" href=\"https:\/\/xqthenews.com\/es\/glossary\/emancipacion\/\" data-gt-translate-attributes='[{\"attribute\":\"data-cmtooltip\", \"format\":\"html\"}]' tabindex=\"0\" role=\"link\">emancipaci&oacute;n<\/a> colectiva. Hoy en d&iacute;a, grupos acad&eacute;micos y centros de investigaci&oacute;n sientan las bases del <a class=\"glossaryLink\" aria-describedby=\"tt\" data-cmtooltip=\"&lt;div class=glossaryItemTitle&gt;Jineoloj&icirc;&lt;\/div&gt;&lt;div class=glossaryItemBody&gt;&amp;lt;!-- wp:paragraph --&amp;gt;&nbsp;Es la &laquo;ciencia de la mujer&raquo; que considera la liberaci&oacute;n individual de la mujer como condici&oacute;n previa para la liberaci&oacute;n de la sociedad. Teorizada por Abdullah &Ouml;calan, el carism&aacute;tico l&iacute;der del Partido de los Trabajadores del Kurdist&aacute;n (PKK), la jinealog&iacute;a se opone a las normas religiosas y tribales que subyugan a las mujeres en las sociedades de Oriente Pr&oacute;ximo y es un componente sustancial del Confederalismo Democr&aacute;tico, filosof&iacute;a pol&iacute;tica que inspira activamente la gobernanza de la Administraci&oacute;n Aut&oacute;noma del Norte y Este de Siria (tambi&eacute;n conocida como Rojava).&amp;lt;strong&amp;gt;&amp;lt;br&amp;gt;&amp;lt;br&amp;gt;&amp;lt;\/strong&amp;gt;&amp;lt;br\/&amp;gt;&amp;lt;!-- \/wp:paragraph --&amp;gt;&lt;\/div&gt;&lt;div id=&amp;quot;cmtt_related_articles&amp;quot; class=&amp;quot;cmtt_related_articles_wrapper&amp;quot;&gt;&lt;div class=&amp;quot;cmtt_related_title cmtt_related_articles_title&amp;quot;&gt;Related Articles: &lt;\/div&gt;&lt;ul class=&amp;quot;cmtt_related&amp;quot;&gt;&lt;li class=&amp;quot;cmtt_related_item&amp;quot;&gt;&lt;a href=&amp;quot;https:\/\/xqthenews.com\/es\/verdad-y-justicia-para-las-periodistas-kurdas-asesinadas\/&amp;quot;target=&amp;quot;_blank&amp;quot;&gt;Verdad y justicia para las periodistas kurdas asesinadas&lt;\/a&gt;&lt;\/li&gt;&lt;li class=&amp;quot;cmtt_related_item&amp;quot;&gt;&lt;a href=&amp;quot;https:\/\/xqthenews.com\/es\/el-periodismo-femenino-es-fuente-de-vida-declaracion-de-la-9a-fmwj\/&amp;quot;target=&amp;quot;_blank&amp;quot;&gt;El periodismo femenino es fuente de vida: declaraci&oacute;n de la 9&ordf; FMWJ&lt;\/a&gt;&lt;\/li&gt;&lt;li class=&amp;quot;cmtt_related_item&amp;quot;&gt;&lt;a href=&amp;quot;https:\/\/xqthenews.com\/es\/ante-lo-inesperado-cronica-de-la-segunda-jornada-del-foro-de-mujeres-periodistas-del-mediterraneo\/&amp;quot;target=&amp;quot;_blank&amp;quot;&gt;Ante lo inesperado: cr&oacute;nica de la segunda jornada del Foro de Mujeres Periodistas del Mediterr&aacute;neo.&lt;\/a&gt;&lt;\/li&gt;&lt;li class=&amp;quot;cmtt_related_item&amp;quot;&gt;&lt;a href=&amp;quot;https:\/\/xqthenews.com\/es\/innovacion-en-la-ensenanza-del-periodismo-gracias-a-los-hologramas\/&amp;quot;target=&amp;quot;_blank&amp;quot;&gt;Innovaci&oacute;n en la ense&ntilde;anza del periodismo gracias a los hologramas&lt;\/a&gt;&lt;\/li&gt;&lt;\/ul&gt;&lt;\/div&gt;\" href=\"https:\/\/xqthenews.com\/es\/glossary\/jineologi\/\" data-gt-translate-attributes='[{\"attribute\":\"data-cmtooltip\", \"format\":\"html\"}]' tabindex=\"0\" role=\"link\">jineoloj&icirc;<\/a>, aunque el futuro del movimiento sigue siendo incierto.<\/p>\n\n\n\n<p>Un breve silencio inunda la sala. Como la conferencia se ha presentado en kurdo, el traductor est&aacute; ultimando los &uacute;ltimos detalles con el segundo ponente. Nos estamos quedando sin tiempo, as&iacute; que tienen que ser r&aacute;pidos. Empieza a sonar de fondo una m&uacute;sica suave, es de un v&iacute;deo. En la pantalla se proyectan im&aacute;genes de una mujer, presumiblemente periodista, a lo largo de su vida. Parece ser un v&iacute;deo conmemorativo de Ayfer Serce, una reportera kurda de nacionalidad turca que fue asesinada por las autoridades iran&iacute;es. Gulistan Ike comienza explicando que &laquo;el periodismo del Kurdist&aacute;n es el de la <a class=\"glossaryLink\" aria-describedby=\"tt\" data-cmtooltip=\"&lt;div class=glossaryItemTitle&gt;Guerra&lt;\/div&gt;&lt;div class=glossaryItemBody&gt;Hostilidad, conflicto armado entre dos o m&aacute;s naciones libres o entre facciones de un mismo Estado. Trae consigo muertes y destrucci&oacute;n de recursos y propiedades y su fin es imponer la voluntad de los vencedores sobre los vencidos.&amp;lt;br \/&amp;gt;Con las guerras, muchos pa&iacute;ses quedaron arruinados y endeudados. &lt;\/div&gt;&lt;div id=&amp;quot;cmtt_related_articles&amp;quot; class=&amp;quot;cmtt_related_articles_wrapper&amp;quot;&gt;&lt;div class=&amp;quot;cmtt_related_title cmtt_related_articles_title&amp;quot;&gt;Related Articles: &lt;\/div&gt;&lt;ul class=&amp;quot;cmtt_related&amp;quot;&gt;&lt;li class=&amp;quot;cmtt_related_item&amp;quot;&gt;&lt;a href=&amp;quot;https:\/\/xqthenews.com\/es\/ucrania-la-herida-en-el-corazon-de-europa\/&amp;quot;target=&amp;quot;_blank&amp;quot;&gt;Ucrania, la herida en el coraz&oacute;n de Europa&lt;\/a&gt;&lt;\/li&gt;&lt;li class=&amp;quot;cmtt_related_item&amp;quot;&gt;&lt;a href=&amp;quot;https:\/\/xqthenews.com\/es\/mayo-del-68-cuando-los-jovenes-lograron-sacudir-la-historia\/&amp;quot;target=&amp;quot;_blank&amp;quot;&gt;Mayo del 68, cuando los j&oacute;venes lograron sacudir la historia&lt;\/a&gt;&lt;\/li&gt;&lt;li class=&amp;quot;cmtt_related_item&amp;quot;&gt;&lt;a href=&amp;quot;https:\/\/xqthenews.com\/es\/que-es-el-fascismo\/&amp;quot;target=&amp;quot;_blank&amp;quot;&gt;&iquest;Qu&eacute; es el fascismo?&lt;\/a&gt;&lt;\/li&gt;&lt;li class=&amp;quot;cmtt_related_item&amp;quot;&gt;&lt;a href=&amp;quot;https:\/\/xqthenews.com\/es\/por-que-el-futbol-es-un-fenomeno-global\/&amp;quot;target=&amp;quot;_blank&amp;quot;&gt;&iquest;Por qu&eacute; el f&uacute;tbol es un fen&oacute;meno global?&lt;\/a&gt;&lt;\/li&gt;&lt;li class=&amp;quot;cmtt_related_item&amp;quot;&gt;&lt;a href=&amp;quot;https:\/\/xqthenews.com\/es\/generacion-y-los-primeros-jovenes-que-viviran-peor-que-sus-padres-2\/&amp;quot;target=&amp;quot;_blank&amp;quot;&gt;Generaci&oacute;n Y, los primeros j&oacute;venes que vivir&aacute;n peor que sus padres&lt;\/a&gt;&lt;\/li&gt;&lt;\/ul&gt;&lt;\/div&gt;\" href=\"https:\/\/xqthenews.com\/es\/glossary\/guerra\/\" data-gt-translate-attributes='[{\"attribute\":\"data-cmtooltip\", \"format\":\"html\"}]' tabindex=\"0\" role=\"link\">guerra<\/a>; hemos estado expuestos al <a class=\"glossaryLink\" aria-describedby=\"tt\" data-cmtooltip=\"&lt;div class=glossaryItemTitle&gt;Genocidio&lt;\/div&gt;&lt;div class=glossaryItemBody&gt;&amp;lt;!-- wp:paragraph --&amp;gt;La destrucci&oacute;n sistem&aacute;tica y deliberada, total o parcial, de un grupo &eacute;tnico, religioso o nacional mediante el asesinato, la violencia, la persecuci&oacute;n u otras formas de ataque deliberado.&amp;lt;br\/&amp;gt;&amp;lt;!-- \/wp:paragraph --&amp;gt;&amp;lt;!-- wp:paragraph --&amp;gt;&amp;lt;br\/&amp;gt;&amp;lt;!-- \/wp:paragraph --&amp;gt;&lt;\/div&gt;&lt;div id=&amp;quot;cmtt_related_articles&amp;quot; class=&amp;quot;cmtt_related_articles_wrapper&amp;quot;&gt;&lt;div class=&amp;quot;cmtt_related_title cmtt_related_articles_title&amp;quot;&gt;Related Articles: &lt;\/div&gt;&lt;ul class=&amp;quot;cmtt_related&amp;quot;&gt;&lt;li class=&amp;quot;cmtt_related_item&amp;quot;&gt;&lt;a href=&amp;quot;https:\/\/xqthenews.com\/es\/ante-lo-inesperado-cronica-de-la-segunda-jornada-del-foro-de-mujeres-periodistas-del-mediterraneo\/&amp;quot;target=&amp;quot;_blank&amp;quot;&gt;Ante lo inesperado: cr&oacute;nica de la segunda jornada del Foro de Mujeres Periodistas del Mediterr&aacute;neo.&lt;\/a&gt;&lt;\/li&gt;&lt;li class=&amp;quot;cmtt_related_item&amp;quot;&gt;&lt;a href=&amp;quot;https:\/\/xqthenews.com\/es\/glossary\/limpieza-etnica\/&amp;quot;target=&amp;quot;_blank&amp;quot;&gt;Glossary:  Limpieza &eacute;tnica&lt;\/a&gt;&lt;\/li&gt;&lt;\/ul&gt;&lt;\/div&gt;\" href=\"https:\/\/xqthenews.com\/es\/glossary\/genocidio\/\" data-gt-translate-attributes='[{\"attribute\":\"data-cmtooltip\", \"format\":\"html\"}]' tabindex=\"0\" role=\"link\">genocidio<\/a>, al <a class=\"glossaryLink\" aria-describedby=\"tt\" data-cmtooltip=\"&lt;div class=glossaryItemTitle&gt;Colonialismo&lt;\/div&gt;&lt;div class=glossaryItemBody&gt;&amp;lt;!-- wp:paragraph --&amp;gt;Sistema por el que una naci&oacute;n establece y mantiene su dominio sobre territorios extranjeros, explotando sus recursos e influyendo en su pol&iacute;tica y econom&iacute;a.&amp;lt;br\/&amp;gt;&amp;lt;!-- \/wp:paragraph --&amp;gt;&lt;\/div&gt;&lt;div id=&amp;quot;cmtt_related_articles&amp;quot; class=&amp;quot;cmtt_related_articles_wrapper&amp;quot;&gt;&lt;div class=&amp;quot;cmtt_related_title cmtt_related_articles_title&amp;quot;&gt;Related Articles: &lt;\/div&gt;&lt;ul class=&amp;quot;cmtt_related&amp;quot;&gt;&lt;li class=&amp;quot;cmtt_related_item&amp;quot;&gt;&lt;a href=&amp;quot;https:\/\/xqthenews.com\/es\/el-pasado-colonial-y-los-actuales-privilegios-climaticos-quien-paga-la-factura-de-la-crisis\/&amp;quot;target=&amp;quot;_blank&amp;quot;&gt;El pasado colonial y los actuales privilegios clim&aacute;ticos: &iquest;Qui&eacute;n paga la factura de la crisis?&lt;\/a&gt;&lt;\/li&gt;&lt;\/ul&gt;&lt;\/div&gt;\" href=\"https:\/\/xqthenews.com\/es\/glossary\/colonialismo\/\" data-gt-translate-attributes='[{\"attribute\":\"data-cmtooltip\", \"format\":\"html\"}]' tabindex=\"0\" role=\"link\">colonialismo<\/a> y al <a class=\"glossaryLink\" aria-describedby=\"tt\" data-cmtooltip=\"&lt;div class=glossaryItemTitle&gt;Patriarcado&lt;\/div&gt;&lt;div class=glossaryItemBody&gt;&amp;lt;!-- wp:paragraph --&amp;gt;El patriarcado es un sistema social donde el poder y la autoridad est&aacute;n predominantemente en manos de los hombres, subordinando a las mujeres en diversos aspectos de la vida.&amp;lt;br\/&amp;gt;&amp;lt;!-- \/wp:paragraph --&amp;gt;&lt;\/div&gt;&lt;div id=&amp;quot;cmtt_related_articles&amp;quot; class=&amp;quot;cmtt_related_articles_wrapper&amp;quot;&gt;&lt;div class=&amp;quot;cmtt_related_title cmtt_related_articles_title&amp;quot;&gt;Related Articles: &lt;\/div&gt;&lt;ul class=&amp;quot;cmtt_related&amp;quot;&gt;&lt;li class=&amp;quot;cmtt_related_item&amp;quot;&gt;&lt;a href=&amp;quot;https:\/\/xqthenews.com\/es\/adultocentrismo-el-regimen-del-establishment-adulto\/&amp;quot;target=&amp;quot;_blank&amp;quot;&gt;Adultocentrismo: el r&eacute;gimen del &amp;quot;establishment adulto&rdquo;&lt;\/a&gt;&lt;\/li&gt;&lt;li class=&amp;quot;cmtt_related_item&amp;quot;&gt;&lt;a href=&amp;quot;https:\/\/xqthenews.com\/pt-pt\/adulto-centrismo-o-regime-do-establishment-adulto\/&amp;quot;target=&amp;quot;_blank&amp;quot;&gt;Adulto-centrismo: o regime do &laquo;establishment adulto&raquo;&lt;\/a&gt;&lt;\/li&gt;&lt;li class=&amp;quot;cmtt_related_item&amp;quot;&gt;&lt;a href=&amp;quot;https:\/\/xqthenews.com\/es\/musculos-coches-mindset-millonario-el-fraude-del-hombre-hecho-a-si-mismo\/&amp;quot;target=&amp;quot;_blank&amp;quot;&gt;M&uacute;sculos, coches, &amp;quot;mindset millonario&rdquo;: el fraude del hombre hecho a s&iacute; mismo&lt;\/a&gt;&lt;\/li&gt;&lt;li class=&amp;quot;cmtt_related_item&amp;quot;&gt;&lt;a href=&amp;quot;https:\/\/xqthenews.com\/es\/somos-lo-que-votamos\/&amp;quot;target=&amp;quot;_blank&amp;quot;&gt;Somos lo que votamos&lt;\/a&gt;&lt;\/li&gt;&lt;li class=&amp;quot;cmtt_related_item&amp;quot;&gt;&lt;a href=&amp;quot;https:\/\/xqthenews.com\/es\/glossary\/modelo-antipatriarcal\/&amp;quot;target=&amp;quot;_blank&amp;quot;&gt;Glossary:  Modelo antipatriarcal&lt;\/a&gt;&lt;\/li&gt;&lt;\/ul&gt;&lt;\/div&gt;\" href=\"https:\/\/xqthenews.com\/es\/glossary\/patriarcado\/\" data-gt-translate-attributes='[{\"attribute\":\"data-cmtooltip\", \"format\":\"html\"}]' tabindex=\"0\" role=\"link\">patriarcado<\/a>&raquo;. A&ntilde;ade que Rojava, territorio autodeterminado en el norte de Siria, ha sido atacado en varias ocasiones por drones turcos dirigidos contra periodistas. Gulistan Ike afirma que las desapariciones forzadas de periodistas tambi&eacute;n han sido una pr&aacute;ctica de gobiernos extranjeros para silenciar al pueblo kurdo.<\/p>\n\n\n\n<p>Como periodistas, no estamos preparadas para hacer frente a la <a class=\"glossaryLink\" aria-describedby=\"tt\" data-cmtooltip=\"&lt;div class=glossaryItemTitle&gt;Censura&lt;\/div&gt;&lt;div class=glossaryItemBody&gt;Intervenciones que los poderes pol&iacute;ticos realizan sobre el material a publicar porque consideran que no se ajustan a unos criterios &eacute;ticos, morales o pol&iacute;ticos adecuados. Tambi&eacute;n puede implicar la prohibici&oacute;n completa del material a publicar.&lt;\/div&gt;&lt;div id=&amp;quot;cmtt_related_articles&amp;quot; class=&amp;quot;cmtt_related_articles_wrapper&amp;quot;&gt;&lt;div class=&amp;quot;cmtt_related_title cmtt_related_articles_title&amp;quot;&gt;Related Articles: &lt;\/div&gt;&lt;ul class=&amp;quot;cmtt_related&amp;quot;&gt;&lt;li class=&amp;quot;cmtt_related_item&amp;quot;&gt;&lt;a href=&amp;quot;https:\/\/xqthenews.com\/es\/juventud-activismo-digital-y-la-era-de-la-conectividad\/&amp;quot;target=&amp;quot;_blank&amp;quot;&gt;Juventud, activismo digital y la era de la conectividad&lt;\/a&gt;&lt;\/li&gt;&lt;li class=&amp;quot;cmtt_related_item&amp;quot;&gt;&lt;a href=&amp;quot;https:\/\/xqthenews.com\/es\/periodismo-ciudadano-informar-sobre-emergencias-sociales-y-ecologicas\/&amp;quot;target=&amp;quot;_blank&amp;quot;&gt;Periodismo ciudadano: informar sobre emergencias sociales y ecol&oacute;gicas&lt;\/a&gt;&lt;\/li&gt;&lt;li class=&amp;quot;cmtt_related_item&amp;quot;&gt;&lt;a href=&amp;quot;https:\/\/xqthenews.com\/es\/victoria-de-la-derecha-en-portugal-una-tendencia-europea\/&amp;quot;target=&amp;quot;_blank&amp;quot;&gt;Victoria de la derecha en Portugal: &iquest;una tendencia europea?&lt;\/a&gt;&lt;\/li&gt;&lt;li class=&amp;quot;cmtt_related_item&amp;quot;&gt;&lt;a href=&amp;quot;https:\/\/xqthenews.com\/es\/videojuegos-y-aprendizaje-una-sinergia-virtuosa\/&amp;quot;target=&amp;quot;_blank&amp;quot;&gt;Videojuegos y aprendizaje: una sinergia virtuosa&lt;\/a&gt;&lt;\/li&gt;&lt;li class=&amp;quot;cmtt_related_item&amp;quot;&gt;&lt;a href=&amp;quot;https:\/\/xqthenews.com\/es\/glossary\/libertad-de-expresion\/&amp;quot;target=&amp;quot;_blank&amp;quot;&gt;Glossary:  Libertad de expresi&oacute;n&lt;\/a&gt;&lt;\/li&gt;&lt;\/ul&gt;&lt;\/div&gt;\" href=\"https:\/\/xqthenews.com\/es\/glossary\/censura\/\" data-gt-translate-attributes='[{\"attribute\":\"data-cmtooltip\", \"format\":\"html\"}]' tabindex=\"0\" role=\"link\">censura<\/a> o la opresi&oacute;n, es algo inesperado para nosotros. Se me ocurre otra pregunta y una observaci&oacute;n: &iquest;c&oacute;mo podemos, como mujeres periodistas, hacer frente al control de los medios de comunicaci&oacute;n? Sin embargo, retiro inmediatamente mi pregunta, ya que Ike puede tener una respuesta. Trabaja en un medio de comunicaci&oacute;n propiedad de mujeres, Newaya Jin, cuyos principios son los de <a class=\"glossaryLink\" aria-describedby=\"tt\" data-cmtooltip=\"&lt;div class=glossaryItemTitle&gt;Jineoloj&icirc;&lt;\/div&gt;&lt;div class=glossaryItemBody&gt;&amp;lt;!-- wp:paragraph --&amp;gt;&nbsp;Es la &laquo;ciencia de la mujer&raquo; que considera la liberaci&oacute;n individual de la mujer como condici&oacute;n previa para la liberaci&oacute;n de la sociedad. Teorizada por Abdullah &Ouml;calan, el carism&aacute;tico l&iacute;der del Partido de los Trabajadores del Kurdist&aacute;n (PKK), la jinealog&iacute;a se opone a las normas religiosas y tribales que subyugan a las mujeres en las sociedades de Oriente Pr&oacute;ximo y es un componente sustancial del Confederalismo Democr&aacute;tico, filosof&iacute;a pol&iacute;tica que inspira activamente la gobernanza de la Administraci&oacute;n Aut&oacute;noma del Norte y Este de Siria (tambi&eacute;n conocida como Rojava).&amp;lt;strong&amp;gt;&amp;lt;br&amp;gt;&amp;lt;br&amp;gt;&amp;lt;\/strong&amp;gt;&amp;lt;br\/&amp;gt;&amp;lt;!-- \/wp:paragraph --&amp;gt;&lt;\/div&gt;&lt;div id=&amp;quot;cmtt_related_articles&amp;quot; class=&amp;quot;cmtt_related_articles_wrapper&amp;quot;&gt;&lt;div class=&amp;quot;cmtt_related_title cmtt_related_articles_title&amp;quot;&gt;Related Articles: &lt;\/div&gt;&lt;ul class=&amp;quot;cmtt_related&amp;quot;&gt;&lt;li class=&amp;quot;cmtt_related_item&amp;quot;&gt;&lt;a href=&amp;quot;https:\/\/xqthenews.com\/es\/verdad-y-justicia-para-las-periodistas-kurdas-asesinadas\/&amp;quot;target=&amp;quot;_blank&amp;quot;&gt;Verdad y justicia para las periodistas kurdas asesinadas&lt;\/a&gt;&lt;\/li&gt;&lt;li class=&amp;quot;cmtt_related_item&amp;quot;&gt;&lt;a href=&amp;quot;https:\/\/xqthenews.com\/es\/el-periodismo-femenino-es-fuente-de-vida-declaracion-de-la-9a-fmwj\/&amp;quot;target=&amp;quot;_blank&amp;quot;&gt;El periodismo femenino es fuente de vida: declaraci&oacute;n de la 9&ordf; FMWJ&lt;\/a&gt;&lt;\/li&gt;&lt;li class=&amp;quot;cmtt_related_item&amp;quot;&gt;&lt;a href=&amp;quot;https:\/\/xqthenews.com\/es\/ante-lo-inesperado-cronica-de-la-segunda-jornada-del-foro-de-mujeres-periodistas-del-mediterraneo\/&amp;quot;target=&amp;quot;_blank&amp;quot;&gt;Ante lo inesperado: cr&oacute;nica de la segunda jornada del Foro de Mujeres Periodistas del Mediterr&aacute;neo.&lt;\/a&gt;&lt;\/li&gt;&lt;li class=&amp;quot;cmtt_related_item&amp;quot;&gt;&lt;a href=&amp;quot;https:\/\/xqthenews.com\/es\/innovacion-en-la-ensenanza-del-periodismo-gracias-a-los-hologramas\/&amp;quot;target=&amp;quot;_blank&amp;quot;&gt;Innovaci&oacute;n en la ense&ntilde;anza del periodismo gracias a los hologramas&lt;\/a&gt;&lt;\/li&gt;&lt;\/ul&gt;&lt;\/div&gt;\" href=\"https:\/\/xqthenews.com\/es\/glossary\/jineologi\/\" data-gt-translate-attributes='[{\"attribute\":\"data-cmtooltip\", \"format\":\"html\"}]' tabindex=\"0\" role=\"link\">Jineoloj&icirc;<\/a>: mujeres, ecolog&iacute;a y democracia. Pero lo m&aacute;s importante es la libertad de los medios de comunicaci&oacute;n. Crear un periodismo <a class=\"glossaryLink\" aria-describedby=\"tt\" data-cmtooltip=\"&lt;div class=glossaryItemTitle&gt;Independencia&lt;\/div&gt;&lt;div class=glossaryItemBody&gt;Condici&oacute;n de autonom&iacute;a de un Estado o una persona, consistente en ser libre para decidir su actuaci&oacute;n y su vida sin intervenci&oacute;n de nadie.&amp;lt;br \/&amp;gt;Los mambises pelearon valientemente por nuestra independencia. &amp;lt;br \/&amp;gt;Tamara siempre actu&oacute; con mucha independencia por la educaci&oacute;n que le dieron sus padres. &lt;\/div&gt;&lt;div id=&amp;quot;cmtt_related_articles&amp;quot; class=&amp;quot;cmtt_related_articles_wrapper&amp;quot;&gt;&lt;div class=&amp;quot;cmtt_related_title cmtt_related_articles_title&amp;quot;&gt;Related Articles: &lt;\/div&gt;&lt;ul class=&amp;quot;cmtt_related&amp;quot;&gt;&lt;li class=&amp;quot;cmtt_related_item&amp;quot;&gt;&lt;a href=&amp;quot;https:\/\/xqthenews.com\/es\/ucrania-la-herida-en-el-corazon-de-europa\/&amp;quot;target=&amp;quot;_blank&amp;quot;&gt;Ucrania, la herida en el coraz&oacute;n de Europa&lt;\/a&gt;&lt;\/li&gt;&lt;li class=&amp;quot;cmtt_related_item&amp;quot;&gt;&lt;a href=&amp;quot;https:\/\/xqthenews.com\/es\/glossary\/fatah\/&amp;quot;target=&amp;quot;_blank&amp;quot;&gt;Glossary:  Fatah&lt;\/a&gt;&lt;\/li&gt;&lt;li class=&amp;quot;cmtt_related_item&amp;quot;&gt;&lt;a href=&amp;quot;https:\/\/xqthenews.com\/es\/la-destruccion-de-gaza-el-ultimo-capitulo-de-cien-anos-de-odio\/&amp;quot;target=&amp;quot;_blank&amp;quot;&gt;La destrucci&oacute;n de Gaza, el &uacute;ltimo cap&iacute;tulo de cien a&ntilde;os de odio&lt;\/a&gt;&lt;\/li&gt;&lt;li class=&amp;quot;cmtt_related_item&amp;quot;&gt;&lt;a href=&amp;quot;https:\/\/xqthenews.com\/es\/israel-una-potencia-militarista-y-probada-en-combate\/&amp;quot;target=&amp;quot;_blank&amp;quot;&gt;Israel, una potencia militarista y &amp;quot;probada en combate&rdquo;&lt;\/a&gt;&lt;\/li&gt;&lt;li class=&amp;quot;cmtt_related_item&amp;quot;&gt;&lt;a href=&amp;quot;https:\/\/xqthenews.com\/es\/glossary\/freelance\/&amp;quot;target=&amp;quot;_blank&amp;quot;&gt;Glossary:  Freelance&lt;\/a&gt;&lt;\/li&gt;&lt;\/ul&gt;&lt;\/div&gt;\" href=\"https:\/\/xqthenews.com\/es\/glossary\/independencia\/\" data-gt-translate-attributes='[{\"attribute\":\"data-cmtooltip\", \"format\":\"html\"}]' tabindex=\"0\" role=\"link\">independiente<\/a> y comunitario puede ser la respuesta para hacer frente a lo imprevisto.<\/p>\n\n\n\n<h2 class=\"wp-block-heading\"><strong>La soluci&oacute;n para atraer a los j&oacute;venes pasa por la educaci&oacute;n y los nuevos enfoques.<\/strong><\/h2>\n\n\n\n<p>Es la hora de comer y decido tomar <em>orecchiette all&rsquo;amatriciana<\/em>, un plato b&aacute;sico de Apulia en cuanto a formas de pasta. Hacia las 15:00 horas tiene lugar el siguiente panel, as&iacute; que tengo que darme prisa. Esta vez, el foco de atenci&oacute;n se desplaza del conflicto al potencial del periodismo como herramienta pedag&oacute;gica. La conferencia comienza con Paula Estalayo, coordinadora de proyectos de Octaedro, y con Laura Casamitjana, redactora de <em>XQ The News<\/em>. Presentan su proyecto, <em>XQ The News<\/em>, un diario que pretende ofrecer informaci&oacute;n de calidad sobre la actualidad de forma accesible, incorporando diferentes idiomas, dos niveles de comprensi&oacute;n lectora y otros recursos interactivos.<\/p>\n\n\n\n<p>Sin embargo, su discurso se ve interrumpido. De forma inesperada, el moderador anuncia que Bisan Owda, cineasta que informa desde Gaza y nominada a un Emmy, est&aacute; conectando en directo desde el campo de <a class=\"glossaryLink\" aria-describedby=\"tt\" data-cmtooltip=\"&lt;div class=glossaryItemTitle&gt;Refugiados&lt;\/div&gt;&lt;div class=glossaryItemBody&gt;&amp;lt;!-- wp:paragraph --&amp;gt;Refugiados son personas que huyen de conflictos o persecuci&oacute;n y buscan protecci&oacute;n en otro pa&iacute;s por temor a persecuci&oacute;n, guerra o violencia.&amp;lt;br\/&amp;gt;&amp;lt;!-- \/wp:paragraph --&amp;gt;&lt;\/div&gt;&lt;div id=&amp;quot;cmtt_related_articles&amp;quot; class=&amp;quot;cmtt_related_articles_wrapper&amp;quot;&gt;&lt;div class=&amp;quot;cmtt_related_title cmtt_related_articles_title&amp;quot;&gt;Related Articles: &lt;\/div&gt;&lt;ul class=&amp;quot;cmtt_related&amp;quot;&gt;&lt;li class=&amp;quot;cmtt_related_item&amp;quot;&gt;&lt;a href=&amp;quot;https:\/\/xqthenews.com\/es\/ucrania-la-herida-en-el-corazon-de-europa\/&amp;quot;target=&amp;quot;_blank&amp;quot;&gt;Ucrania, la herida en el coraz&oacute;n de Europa&lt;\/a&gt;&lt;\/li&gt;&lt;li class=&amp;quot;cmtt_related_item&amp;quot;&gt;&lt;a href=&amp;quot;https:\/\/xqthenews.com\/es\/apartheid-en-palestina-las-raices-profundas-de-la-guerra\/&amp;quot;target=&amp;quot;_blank&amp;quot;&gt;Apartheid en Palestina, las ra&iacute;ces profundas de la guerra&lt;\/a&gt;&lt;\/li&gt;&lt;li class=&amp;quot;cmtt_related_item&amp;quot;&gt;&lt;a href=&amp;quot;https:\/\/xqthenews.com\/es\/a-la-caza-de-los-periodistas-en-gaza\/&amp;quot;target=&amp;quot;_blank&amp;quot;&gt;A la caza de los periodistas en Gaza&lt;\/a&gt;&lt;\/li&gt;&lt;li class=&amp;quot;cmtt_related_item&amp;quot;&gt;&lt;a href=&amp;quot;https:\/\/xqthenews.com\/es\/viola-la-inteligencia-artificial-los-derechos-humanos\/&amp;quot;target=&amp;quot;_blank&amp;quot;&gt;&iquest;Viola la inteligencia artificial los derechos humanos?&lt;\/a&gt;&lt;\/li&gt;&lt;li class=&amp;quot;cmtt_related_item&amp;quot;&gt;&lt;a href=&amp;quot;https:\/\/xqthenews.com\/es\/el-auge-global-de-la-extrema-derecha-y-su-presencia-en-europa\/&amp;quot;target=&amp;quot;_blank&amp;quot;&gt;El auge global de la extrema derecha y su presencia en Europa&lt;\/a&gt;&lt;\/li&gt;&lt;\/ul&gt;&lt;\/div&gt;\" href=\"https:\/\/xqthenews.com\/es\/glossary\/refugiados\/\" data-gt-translate-attributes='[{\"attribute\":\"data-cmtooltip\", \"format\":\"html\"}]' tabindex=\"0\" role=\"link\">refugiados<\/a>. Durante su breve intervenci&oacute;n, sostiene que &laquo;la informaci&oacute;n que llega a Occidente no muestra ni siquiera una fracci&oacute;n de la imagen completa&raquo;. Internet y las comunicaciones han sido uno de los principales objetivos de las fuerzas israel&iacute;es, lo que ha dificultado el correcto desarrollo del periodismo. Por eso, Owda aboga por &laquo;hablar de Gaza, ya que es nuestro deber informar con veracidad y debemos proteger a los periodistas&raquo;. A largo plazo, &laquo;tenemos la responsabilidad de educar a la pr&oacute;xima generaci&oacute;n para que puedan analizar la informaci&oacute;n que reciben&raquo;, resume despu&eacute;s Fiona Govan, periodista afincada en Madrid e invitada a este panel.<\/p>\n\n\n\n<p>Aunque el discurso de Owda pueda parecer ajeno al panorama actual, no todo es lo que parece. Su v&iacute;deo de presentaci&oacute;n, &laquo;Soy Bisan, de Gaza, y sigo viva&raquo;, ha calado hondo en la <a class=\"glossaryLink\" aria-describedby=\"tt\" data-cmtooltip=\"&lt;div class=glossaryItemTitle&gt;Generaci&oacute;n Z&lt;\/div&gt;&lt;div class=glossaryItemBody&gt;&amp;lt;!-- wp:paragraph --&amp;gt;Se trata de un grupo de personas marcado por la generaci&oacute;n de Internet.&amp;lt;br\/&amp;gt;&amp;lt;!-- \/wp:paragraph --&amp;gt;&amp;lt;!-- wp:paragraph --&amp;gt;Su dominio de la tecnolog&iacute;a hace que se preocupen menos por sus relaciones interpersonales, aunque son los que m&aacute;s voz dan a las causas sociales en Internet. Les gusta tener todo lo que desean de forma inmediata, una consecuencia del mundo digital en el que est&aacute;n inmersos. Su estilo de vida tambi&eacute;n est&aacute; caracterizado por los &amp;lt;em&amp;gt;YouTubers&amp;lt;\/em&amp;gt;.&amp;lt;br\/&amp;gt;&amp;lt;!-- \/wp:paragraph --&amp;gt;&amp;lt;!-- wp:paragraph --&amp;gt;Son multitarea, pero su capacidad de atenci&oacute;n es muy corta. Tambi&eacute;n son consumidores independientes y exigentes y ocupar&aacute;n puestos que actualmente no existen.&amp;lt;br\/&amp;gt;&amp;lt;!-- \/wp:paragraph --&amp;gt;&amp;lt;!-- wp:paragraph --&amp;gt;(Fuente: Iberdrola)&amp;lt;br\/&amp;gt;&amp;lt;!-- \/wp:paragraph --&amp;gt;&lt;\/div&gt;&lt;div id=&amp;quot;cmtt_related_articles&amp;quot; class=&amp;quot;cmtt_related_articles_wrapper&amp;quot;&gt;&lt;div class=&amp;quot;cmtt_related_title cmtt_related_articles_title&amp;quot;&gt;Related Articles: &lt;\/div&gt;&lt;ul class=&amp;quot;cmtt_related&amp;quot;&gt;&lt;li class=&amp;quot;cmtt_related_item&amp;quot;&gt;&lt;a href=&amp;quot;https:\/\/xqthenews.com\/es\/generacion-y-los-primeros-jovenes-que-viviran-peor-que-sus-padres-2\/&amp;quot;target=&amp;quot;_blank&amp;quot;&gt;Generaci&oacute;n Y, los primeros j&oacute;venes que vivir&aacute;n peor que sus padres&lt;\/a&gt;&lt;\/li&gt;&lt;li class=&amp;quot;cmtt_related_item&amp;quot;&gt;&lt;a href=&amp;quot;https:\/\/xqthenews.com\/es\/inu-oh-rock-japones-entre-la-interseccionalidad-el-genero-fluido-y-la-decolonialidad\/&amp;quot;target=&amp;quot;_blank&amp;quot;&gt;Inu-Oh: rock japon&eacute;s entre la interseccionalidad, el g&eacute;nero fluido y la decolonialidad&lt;\/a&gt;&lt;\/li&gt;&lt;li class=&amp;quot;cmtt_related_item&amp;quot;&gt;&lt;a href=&amp;quot;https:\/\/xqthenews.com\/es\/greenwashing-que-es-el-falso-verde\/&amp;quot;target=&amp;quot;_blank&amp;quot;&gt;Greenwashing: &iquest;qu&eacute; es el falso verde?&lt;\/a&gt;&lt;\/li&gt;&lt;li class=&amp;quot;cmtt_related_item&amp;quot;&gt;&lt;a href=&amp;quot;https:\/\/xqthenews.com\/es\/bad-gyal-un-icono-representativo-de-la-generacion-z\/&amp;quot;target=&amp;quot;_blank&amp;quot;&gt;Bad Gyal, un icono representativo de la generaci&oacute;n Z&lt;\/a&gt;&lt;\/li&gt;&lt;li class=&amp;quot;cmtt_related_item&amp;quot;&gt;&lt;a href=&amp;quot;https:\/\/xqthenews.com\/es\/la-soledad-no-deseada-impacta-contra-los-jovenes\/&amp;quot;target=&amp;quot;_blank&amp;quot;&gt;La soledad no deseada impacta contra los j&oacute;venes&lt;\/a&gt;&lt;\/li&gt;&lt;\/ul&gt;&lt;\/div&gt;\" href=\"https:\/\/xqthenews.com\/es\/glossary\/generacion-z\/\" data-gt-translate-attributes='[{\"attribute\":\"data-cmtooltip\", \"format\":\"html\"}]' tabindex=\"0\" role=\"link\">Generaci&oacute;n Z<\/a>, aline&aacute;ndose con los intereses de este p&uacute;blico milenial. Ha conseguido abordar un tema que los medios tradicionales no supieron predecir: la frustraci&oacute;n de la <a class=\"glossaryLink\" aria-describedby=\"tt\" data-cmtooltip=\"&lt;div class=glossaryItemTitle&gt;Generaci&oacute;n Z&lt;\/div&gt;&lt;div class=glossaryItemBody&gt;&amp;lt;!-- wp:paragraph --&amp;gt;Se trata de un grupo de personas marcado por la generaci&oacute;n de Internet.&amp;lt;br\/&amp;gt;&amp;lt;!-- \/wp:paragraph --&amp;gt;&amp;lt;!-- wp:paragraph --&amp;gt;Su dominio de la tecnolog&iacute;a hace que se preocupen menos por sus relaciones interpersonales, aunque son los que m&aacute;s voz dan a las causas sociales en Internet. Les gusta tener todo lo que desean de forma inmediata, una consecuencia del mundo digital en el que est&aacute;n inmersos. Su estilo de vida tambi&eacute;n est&aacute; caracterizado por los &amp;lt;em&amp;gt;YouTubers&amp;lt;\/em&amp;gt;.&amp;lt;br\/&amp;gt;&amp;lt;!-- \/wp:paragraph --&amp;gt;&amp;lt;!-- wp:paragraph --&amp;gt;Son multitarea, pero su capacidad de atenci&oacute;n es muy corta. Tambi&eacute;n son consumidores independientes y exigentes y ocupar&aacute;n puestos que actualmente no existen.&amp;lt;br\/&amp;gt;&amp;lt;!-- \/wp:paragraph --&amp;gt;&amp;lt;!-- wp:paragraph --&amp;gt;(Fuente: Iberdrola)&amp;lt;br\/&amp;gt;&amp;lt;!-- \/wp:paragraph --&amp;gt;&lt;\/div&gt;&lt;div id=&amp;quot;cmtt_related_articles&amp;quot; class=&amp;quot;cmtt_related_articles_wrapper&amp;quot;&gt;&lt;div class=&amp;quot;cmtt_related_title cmtt_related_articles_title&amp;quot;&gt;Related Articles: &lt;\/div&gt;&lt;ul class=&amp;quot;cmtt_related&amp;quot;&gt;&lt;li class=&amp;quot;cmtt_related_item&amp;quot;&gt;&lt;a href=&amp;quot;https:\/\/xqthenews.com\/es\/generacion-y-los-primeros-jovenes-que-viviran-peor-que-sus-padres-2\/&amp;quot;target=&amp;quot;_blank&amp;quot;&gt;Generaci&oacute;n Y, los primeros j&oacute;venes que vivir&aacute;n peor que sus padres&lt;\/a&gt;&lt;\/li&gt;&lt;li class=&amp;quot;cmtt_related_item&amp;quot;&gt;&lt;a href=&amp;quot;https:\/\/xqthenews.com\/es\/inu-oh-rock-japones-entre-la-interseccionalidad-el-genero-fluido-y-la-decolonialidad\/&amp;quot;target=&amp;quot;_blank&amp;quot;&gt;Inu-Oh: rock japon&eacute;s entre la interseccionalidad, el g&eacute;nero fluido y la decolonialidad&lt;\/a&gt;&lt;\/li&gt;&lt;li class=&amp;quot;cmtt_related_item&amp;quot;&gt;&lt;a href=&amp;quot;https:\/\/xqthenews.com\/es\/greenwashing-que-es-el-falso-verde\/&amp;quot;target=&amp;quot;_blank&amp;quot;&gt;Greenwashing: &iquest;qu&eacute; es el falso verde?&lt;\/a&gt;&lt;\/li&gt;&lt;li class=&amp;quot;cmtt_related_item&amp;quot;&gt;&lt;a href=&amp;quot;https:\/\/xqthenews.com\/es\/bad-gyal-un-icono-representativo-de-la-generacion-z\/&amp;quot;target=&amp;quot;_blank&amp;quot;&gt;Bad Gyal, un icono representativo de la generaci&oacute;n Z&lt;\/a&gt;&lt;\/li&gt;&lt;li class=&amp;quot;cmtt_related_item&amp;quot;&gt;&lt;a href=&amp;quot;https:\/\/xqthenews.com\/es\/la-soledad-no-deseada-impacta-contra-los-jovenes\/&amp;quot;target=&amp;quot;_blank&amp;quot;&gt;La soledad no deseada impacta contra los j&oacute;venes&lt;\/a&gt;&lt;\/li&gt;&lt;\/ul&gt;&lt;\/div&gt;\" href=\"https:\/\/xqthenews.com\/es\/glossary\/generacion-z\/\" data-gt-translate-attributes='[{\"attribute\":\"data-cmtooltip\", \"format\":\"html\"}]' tabindex=\"0\" role=\"link\">Generaci&oacute;n Z<\/a> con las noticias. Este es el tema central de la siguiente ponente, Valentina Isernia, periodista de Idea Din&aacute;mica, que continuar&aacute; el debate.<\/p>\n\n\n\n<p>&laquo;&iquest;C&oacute;mo podemos atraer a los j&oacute;venes?&raquo; anoto en mi bloc de notas. Como explica ella misma, &laquo;los j&oacute;venes est&aacute;n frustrados con las noticias tradicionales porque son extremadamente negativas&raquo;. Adem&aacute;s, &laquo;consumen noticias de forma indirecta&raquo;, sobre todo a trav&eacute;s de las redes sociales. Por eso, el enfoque de Owda &mdash;v&iacute;deos cortos y un tono cercano&mdash; ha sentado un precedente sobre c&oacute;mo atraer a las generaciones m&aacute;s j&oacute;venes.<\/p>\n\n\n\n<figure class=\"wp-block-image size-full is-resized\"><img loading=\"lazy\" decoding=\"async\" width=\"599\" height=\"335\" src=\"https:\/\/xqthenews.com\/wp-content\/uploads\/2024\/12\/Imagen-no-2-1.jpg\" alt=\"\" class=\"wp-image-27006\" style=\"width:780px;height:auto\" srcset=\"https:\/\/xqthenews.com\/wp-content\/uploads\/2024\/12\/Imagen-no-2-1.jpg 599w, https:\/\/xqthenews.com\/wp-content\/uploads\/2024\/12\/Imagen-no-2-1-300x168.jpg 300w, https:\/\/xqthenews.com\/wp-content\/uploads\/2024\/12\/Imagen-no-2-1-150x84.jpg 150w, https:\/\/xqthenews.com\/wp-content\/uploads\/2024\/12\/Imagen-no-2-1-450x252.jpg 450w\" sizes=\"(max-width: 599px) 100vw, 599px\"\/><\/figure>\n\n\n\n<p>Valentina Isernia nos sorprende con otra soluci&oacute;n para atraer a los j&oacute;venes adultos: la <a class=\"glossaryLink\" aria-describedby=\"tt\" data-cmtooltip=\"&lt;div class=glossaryItemTitle&gt;Gamificaci&oacute;n&lt;\/div&gt;&lt;div class=glossaryItemBody&gt;&amp;lt;!-- wp:paragraph --&amp;gt;Es la aplicaci&oacute;n de elementos y mec&aacute;nicas t&iacute;picas de los juegos en contextos no l&uacute;dicos, como la educaci&oacute;n, el trabajo o la salud, con el fin de aumentar el inter&eacute;s, la implicaci&oacute;n y la motivaci&oacute;n de las personas. El objetivo de la gamificaci&oacute;n es fomentar el comportamiento deseado, mejorar el aprendizaje y aumentar la eficacia en la ejecuci&oacute;n de tareas mediante el uso de din&aacute;micas t&iacute;picas de los juegos.&amp;lt;br\/&amp;gt;&amp;lt;!-- \/wp:paragraph --&amp;gt;&lt;\/div&gt;&lt;div id=&amp;quot;cmtt_related_articles&amp;quot; class=&amp;quot;cmtt_related_articles_wrapper&amp;quot;&gt;&lt;div class=&amp;quot;cmtt_related_title cmtt_related_articles_title&amp;quot;&gt;Related Articles: &lt;\/div&gt;&lt;ul class=&amp;quot;cmtt_related&amp;quot;&gt;&lt;li class=&amp;quot;cmtt_related_item&amp;quot;&gt;&lt;a href=&amp;quot;https:\/\/xqthenews.com\/es\/videojuegos-y-aprendizaje-una-sinergia-virtuosa\/&amp;quot;target=&amp;quot;_blank&amp;quot;&gt;Videojuegos y aprendizaje: una sinergia virtuosa&lt;\/a&gt;&lt;\/li&gt;&lt;li class=&amp;quot;cmtt_related_item&amp;quot;&gt;&lt;a href=&amp;quot;https:\/\/xqthenews.com\/es\/ante-lo-inesperado-cronica-de-la-segunda-jornada-del-foro-de-mujeres-periodistas-del-mediterraneo\/&amp;quot;target=&amp;quot;_blank&amp;quot;&gt;Ante lo inesperado: cr&oacute;nica de la segunda jornada del Foro de Mujeres Periodistas del Mediterr&aacute;neo.&lt;\/a&gt;&lt;\/li&gt;&lt;\/ul&gt;&lt;\/div&gt;\" href=\"https:\/\/xqthenews.com\/es\/glossary\/gamificacion\/\" data-gt-translate-attributes='[{\"attribute\":\"data-cmtooltip\", \"format\":\"html\"}]' tabindex=\"0\" role=\"link\">gamificaci&oacute;n<\/a>. Quiz&aacute; los videojuegos puedan traspasar la frontera del periodismo y convertirse en una herramienta &uacute;til para informar. Seg&uacute;n ella, los videojuegos son complementarios y una herramienta &uacute;til para explicar informaci&oacute;n abrumadora. Isernia tambi&eacute;n destaca la importancia de la comunicaci&oacute;n <a class=\"glossaryLink\" aria-describedby=\"tt\" data-cmtooltip=\"&lt;div class=glossaryItemTitle&gt;Transmedia&lt;\/div&gt;&lt;div class=glossaryItemBody&gt;&amp;lt;!-- wp:paragraph --&amp;gt;Se refiere a una estrategia de comunicaci&oacute;n que utiliza diferentes medios y plataformas (como televisi&oacute;n, Internet, redes sociales, libros, juegos, etc.) para contar una historia o difundir un mensaje. Cada plataforma ofrece una contribuci&oacute;n &uacute;nica y complementaria, lo que permite al p&uacute;blico explorar el contenido de una manera m&aacute;s profunda y atractiva, creando una narrativa que se desarrolla a trav&eacute;s de m&uacute;ltiples canales de medios.&amp;lt;br\/&amp;gt;&amp;lt;!-- \/wp:paragraph --&amp;gt;&lt;\/div&gt;&lt;div id=&amp;quot;cmtt_related_articles&amp;quot; class=&amp;quot;cmtt_related_articles_wrapper&amp;quot;&gt;&lt;div class=&amp;quot;cmtt_related_title cmtt_related_articles_title&amp;quot;&gt;Related Articles: &lt;\/div&gt;&lt;ul class=&amp;quot;cmtt_related&amp;quot;&gt;&lt;li class=&amp;quot;cmtt_related_item&amp;quot;&gt;&lt;a href=&amp;quot;https:\/\/xqthenews.com\/es\/ante-lo-inesperado-cronica-de-la-segunda-jornada-del-foro-de-mujeres-periodistas-del-mediterraneo\/&amp;quot;target=&amp;quot;_blank&amp;quot;&gt;Ante lo inesperado: cr&oacute;nica de la segunda jornada del Foro de Mujeres Periodistas del Mediterr&aacute;neo.&lt;\/a&gt;&lt;\/li&gt;&lt;\/ul&gt;&lt;\/div&gt;\" href=\"https:\/\/xqthenews.com\/es\/glossary\/transmedia\/\" data-gt-translate-attributes='[{\"attribute\":\"data-cmtooltip\", \"format\":\"html\"}]' tabindex=\"0\" role=\"link\">transmedia<\/a> con un ejemplo ilustrativo. El a&ntilde;o pasado, un caso de acoso escolar acapar&oacute; los titulares en Italia. A ra&iacute;z de este suceso, la familia de la v&iacute;ctima organiz&oacute; talleres y actividades para concienciar sobre el tema, que finalmente dieron lugar a la producci&oacute;n de una pel&iacute;cula que volvi&oacute; a ser noticia. En su opini&oacute;n, este proceso circular contribuye a ampliar el alcance de los medios de comunicaci&oacute;n.<\/p>\n\n\n\n<p>A medida que el sol se pone, marcando el final del d&iacute;a, una sensaci&oacute;n de urgencia inunda el ambiente. Los asistentes se ponen r&aacute;pidamente los abrigos y recogen sus pertenencias, cada uno en una direcci&oacute;n distinta, sin saber cu&aacute;ndo volver&aacute;n a cruzarse. As&iacute; es el periodismo. A lo largo del d&iacute;a, los panelistas &mdash;cada uno con una formaci&oacute;n &uacute;nica&mdash; compartieron diversas opiniones sobre los retos a los que se enfrenta el periodismo, pero ninguno fue capaz de predecir su futuro. Esta es la realidad a la que nos enfrentamos: trabajamos con el presente y sigue siendo dif&iacute;cil predecir el futuro. En cualquier caso, el <a class=\"glossaryLink\" aria-describedby=\"tt\" data-cmtooltip=\"&lt;div class=glossaryItemTitle&gt;Foro de Mujeres Periodistas del Mediterr&aacute;neo&lt;\/div&gt;&lt;div class=glossaryItemBody&gt;&amp;lt;!-- wp:paragraph --&amp;gt;El Foro de Mujeres Periodistas del Mediterr&aacute;neo (FMWJ) es una iniciativa fundada el 2016 que pretende promocionar un periodismo independiente, &eacute;tico e inclusivo, capaz de dar voz a periodistas investigadoras, corresponsales de zonas conflictivas, investigadoras, y activistas. El evento ocurre anualmente en Apulia para construir puentes culturales entre las orillas del Mediterr&aacute;neo, abordar cuestiones como la libertad de prensa y la justicia social y ambiental, y oponerse al sexismo y a los estereotipos de g&eacute;nero.&amp;amp;nbsp;&amp;lt;br\/&amp;gt;&amp;lt;!-- \/wp:paragraph --&amp;gt;&amp;lt;!-- wp:paragraph --&amp;gt;&amp;lt;br\/&amp;gt;&amp;lt;!-- \/wp:paragraph --&amp;gt;&lt;\/div&gt;&lt;div id=&amp;quot;cmtt_related_articles&amp;quot; class=&amp;quot;cmtt_related_articles_wrapper&amp;quot;&gt;&lt;div class=&amp;quot;cmtt_related_title cmtt_related_articles_title&amp;quot;&gt;Related Articles: &lt;\/div&gt;&lt;ul class=&amp;quot;cmtt_related&amp;quot;&gt;&lt;li class=&amp;quot;cmtt_related_item&amp;quot;&gt;&lt;a href=&amp;quot;https:\/\/xqthenews.com\/es\/arranca-en-apulia-el-9o-foro-de-mujeres-periodistas-del-mediterraneo\/&amp;quot;target=&amp;quot;_blank&amp;quot;&gt;Arranca en Apulia el 9&ordm; Foro de Mujeres Periodistas del Mediterr&aacute;neo&lt;\/a&gt;&lt;\/li&gt;&lt;li class=&amp;quot;cmtt_related_item&amp;quot;&gt;&lt;a href=&amp;quot;https:\/\/xqthenews.com\/es\/accion-empatia-y-responsabilidad-colectiva\/&amp;quot;target=&amp;quot;_blank&amp;quot;&gt;Acci&oacute;n, empat&iacute;a y responsabilidad colectiva&lt;\/a&gt;&lt;\/li&gt;&lt;li class=&amp;quot;cmtt_related_item&amp;quot;&gt;&lt;a href=&amp;quot;https:\/\/xqthenews.com\/es\/ante-lo-inesperado-cronica-de-la-segunda-jornada-del-foro-de-mujeres-periodistas-del-mediterraneo\/&amp;quot;target=&amp;quot;_blank&amp;quot;&gt;Ante lo inesperado: cr&oacute;nica de la segunda jornada del Foro de Mujeres Periodistas del Mediterr&aacute;neo.&lt;\/a&gt;&lt;\/li&gt;&lt;li class=&amp;quot;cmtt_related_item&amp;quot;&gt;&lt;a href=&amp;quot;https:\/\/xqthenews.com\/es\/innovacion-en-la-ensenanza-del-periodismo-gracias-a-los-hologramas\/&amp;quot;target=&amp;quot;_blank&amp;quot;&gt;Innovaci&oacute;n en la ense&ntilde;anza del periodismo gracias a los hologramas&lt;\/a&gt;&lt;\/li&gt;&lt;\/ul&gt;&lt;\/div&gt;\" href=\"https:\/\/xqthenews.com\/es\/glossary\/foro-de-mujeres-periodistas-del-mediterraneo\/\" data-gt-translate-attributes='[{\"attribute\":\"data-cmtooltip\", \"format\":\"html\"}]' tabindex=\"0\" role=\"link\">Foro de Mujeres Periodistas del Mediterr&aacute;neo<\/a> nos ha proporcionado las herramientas para sortear lo inesperado: una perspectiva de g&eacute;nero para desafiar las narrativas dominadas por los hombres, un compromiso con la <a class=\"glossaryLink\" aria-describedby=\"tt\" data-cmtooltip=\"&lt;div class=glossaryItemTitle&gt;Independencia&lt;\/div&gt;&lt;div class=glossaryItemBody&gt;Condici&oacute;n de autonom&iacute;a de un Estado o una persona, consistente en ser libre para decidir su actuaci&oacute;n y su vida sin intervenci&oacute;n de nadie.&amp;lt;br \/&amp;gt;Los mambises pelearon valientemente por nuestra independencia. &amp;lt;br \/&amp;gt;Tamara siempre actu&oacute; con mucha independencia por la educaci&oacute;n que le dieron sus padres. &lt;\/div&gt;&lt;div id=&amp;quot;cmtt_related_articles&amp;quot; class=&amp;quot;cmtt_related_articles_wrapper&amp;quot;&gt;&lt;div class=&amp;quot;cmtt_related_title cmtt_related_articles_title&amp;quot;&gt;Related Articles: &lt;\/div&gt;&lt;ul class=&amp;quot;cmtt_related&amp;quot;&gt;&lt;li class=&amp;quot;cmtt_related_item&amp;quot;&gt;&lt;a href=&amp;quot;https:\/\/xqthenews.com\/es\/ucrania-la-herida-en-el-corazon-de-europa\/&amp;quot;target=&amp;quot;_blank&amp;quot;&gt;Ucrania, la herida en el coraz&oacute;n de Europa&lt;\/a&gt;&lt;\/li&gt;&lt;li class=&amp;quot;cmtt_related_item&amp;quot;&gt;&lt;a href=&amp;quot;https:\/\/xqthenews.com\/es\/glossary\/fatah\/&amp;quot;target=&amp;quot;_blank&amp;quot;&gt;Glossary:  Fatah&lt;\/a&gt;&lt;\/li&gt;&lt;li class=&amp;quot;cmtt_related_item&amp;quot;&gt;&lt;a href=&amp;quot;https:\/\/xqthenews.com\/es\/la-destruccion-de-gaza-el-ultimo-capitulo-de-cien-anos-de-odio\/&amp;quot;target=&amp;quot;_blank&amp;quot;&gt;La destrucci&oacute;n de Gaza, el &uacute;ltimo cap&iacute;tulo de cien a&ntilde;os de odio&lt;\/a&gt;&lt;\/li&gt;&lt;li class=&amp;quot;cmtt_related_item&amp;quot;&gt;&lt;a href=&amp;quot;https:\/\/xqthenews.com\/es\/israel-una-potencia-militarista-y-probada-en-combate\/&amp;quot;target=&amp;quot;_blank&amp;quot;&gt;Israel, una potencia militarista y &amp;quot;probada en combate&rdquo;&lt;\/a&gt;&lt;\/li&gt;&lt;li class=&amp;quot;cmtt_related_item&amp;quot;&gt;&lt;a href=&amp;quot;https:\/\/xqthenews.com\/es\/glossary\/freelance\/&amp;quot;target=&amp;quot;_blank&amp;quot;&gt;Glossary:  Freelance&lt;\/a&gt;&lt;\/li&gt;&lt;\/ul&gt;&lt;\/div&gt;\" href=\"https:\/\/xqthenews.com\/es\/glossary\/independencia\/\" data-gt-translate-attributes='[{\"attribute\":\"data-cmtooltip\", \"format\":\"html\"}]' tabindex=\"0\" role=\"link\">independencia<\/a> de los medios de comunicaci&oacute;n y la dedicaci&oacute;n a incorporar la educaci&oacute;n a nuestra pr&aacute;ctica.<\/p>\n\n\n\n<hr class=\"wp-block-separator has-text-color has-vivid-green-cyan-color has-alpha-channel-opacity has-vivid-green-cyan-background-color has-background is-style-wide\">\n\n\n\n<div style=\"height:100px\" aria-hidden=\"true\" class=\"wp-block-spacer\"><\/div>\n\n\n<script type=\"text\/javascript\">\n\/* <![CDATA[ *\/\nvar gform;gform||(document.addEventListener(\"gform_main_scripts_loaded\",function(){gform.scriptsLoaded=!0}),document.addEventListener(\"gform\/theme\/scripts_loaded\",function(){gform.themeScriptsLoaded=!0}),window.addEventListener(\"DOMContentLoaded\",function(){gform.domLoaded=!0}),gform={domLoaded:!1,scriptsLoaded:!1,themeScriptsLoaded:!1,isFormEditor:()=>\"function\"==typeof InitializeEditor,callIfLoaded:function(o){return!(!gform.domLoaded||!gform.scriptsLoaded||!gform.themeScriptsLoaded&&!gform.isFormEditor()||(gform.isFormEditor()&&console.warn(\"The use of gform.initializeOnLoaded() is deprecated in the form editor context and will be removed in Gravity Forms 3.1.\"),o(),0))},initializeOnLoaded:function(o){gform.callIfLoaded(o)||(document.addEventListener(\"gform_main_scripts_loaded\",()=>{gform.scriptsLoaded=!0,gform.callIfLoaded(o)}),document.addEventListener(\"gform\/theme\/scripts_loaded\",()=>{gform.themeScriptsLoaded=!0,gform.callIfLoaded(o)}),window.addEventListener(\"DOMContentLoaded\",()=>{gform.domLoaded=!0,gform.callIfLoaded(o)}))},hooks:{action:{},filter:{}},addAction:function(o,r,e,t){gform.addHook(\"action\",o,r,e,t)},addFilter:function(o,r,e,t){gform.addHook(\"filter\",o,r,e,t)},doAction:function(o){gform.doHook(\"action\",o,arguments)},applyFilters:function(o){return gform.doHook(\"filter\",o,arguments)},removeAction:function(o,r){gform.removeHook(\"action\",o,r)},removeFilter:function(o,r,e){gform.removeHook(\"filter\",o,r,e)},addHook:function(o,r,e,t,n){null==gform.hooks[o][r]&&(gform.hooks[o][r]=[]);var d=gform.hooks[o][r];null==n&&(n=r+\"_\"+d.length),gform.hooks[o][r].push({tag:n,callable:e,priority:t=null==t?10:t})},doHook:function(r,o,e){var t;if(e=Array.prototype.slice.call(e,1),null!=gform.hooks[r][o]&&((o=gform.hooks[r][o]).sort(function(o,r){return o.priority-r.priority}),o.forEach(function(o){\"function\"!=typeof(t=o.callable)&&(t=window[t]),\"action\"==r?t.apply(null,e):e[0]=t.apply(null,e)})),\"filter\"==r)return e[0]},removeHook:function(o,r,t,n){var e;null!=gform.hooks[o][r]&&(e=(e=gform.hooks[o][r]).filter(function(o,r,e){return!!(null!=n&&n!=o.tag||null!=t&&t!=o.priority)}),gform.hooks[o][r]=e)}});\n\/* ]]> *\/\n<\/script>\n\n                <div class=\"gf_browser_gecko gform_wrapper gravity-theme gform-theme--no-framework quiz_wrapper\" data-form-theme=\"gravity-theme\" data-form-index=\"0\" id=\"gform_wrapper_811\"><div id=\"gf_811\" class=\"gform_anchor\" tabindex=\"-1\"><\/div>\n                        <div class=\"gform_heading\">\n                            <h2 class=\"gform_title\">Cuestionario de comprensi&oacute;n lectora. Ante lo inesperado.<\/h2>\n                            <p class=\"gform_description\"><\/p>\n                        <\/div><form method=\"post\" enctype=\"multipart\/form-data\" id=\"gform_811\" class=\"quiz\" action=\"\/es\/wp-json\/wp\/v2\/posts\/27001#gf_811\" data-formid=\"811\" novalidate> \r\n <input type=\"hidden\" class=\"gforms-pum\" value='{\"closepopup\":false,\"closedelay\":0,\"openpopup\":false,\"openpopup_id\":0}'>\n        <div id=\"gf_progressbar_wrapper_811\" class=\"gf_progressbar_wrapper\" data-start-at-zero=\"\">\n        \t<p class=\"gf_progressbar_title\">Paso <span class=\"gf_step_current_page\">1<\/span> de <span class=\"gf_step_page_count\">3<\/span><span class=\"gf_step_page_name\"><\/span>\n        \t<\/p>\n            <div class=\"gf_progressbar gf_progressbar_blue\" aria-hidden=\"true\">\n                <div class=\"gf_progressbar_percentage percentbar_blue percentbar_33\" style=\"width:33%;\"><span>33%<\/span><\/div>\n            <\/div><\/div>\n                        <div class=\"gform-body gform_body\"><div id=\"gform_page_811_1\" class=\"gform_page \" data-js=\"page-field-id-0\">\n\t\t\t\t\t<div class=\"gform_page_fields\"><div id=\"gform_fields_811\" class=\"gform_fields top_label form_sublabel_below description_below validation_below\"><fieldset id=\"field_811_1\" class=\"gfield gfield--type-quiz gfield--type-choice gfield--input-type-radio field_sublabel_below gfield--no-description field_description_below field_validation_below gfield_visibility_visible gquiz-field \" data-field-class=\"gquiz-field\"><legend class=\"gfield_label gform-field-label\">&iquest;Qu&eacute; significa el t&eacute;rmino &laquo;periodismo <a class=\"glossaryLink\" aria-describedby=\"tt\" data-cmtooltip=\"&lt;div class=glossaryItemTitle&gt;Transmedia&lt;\/div&gt;&lt;div class=glossaryItemBody&gt;&amp;lt;!-- wp:paragraph --&amp;gt;Se refiere a una estrategia de comunicaci&oacute;n que utiliza diferentes medios y plataformas (como televisi&oacute;n, Internet, redes sociales, libros, juegos, etc.) para contar una historia o difundir un mensaje. Cada plataforma ofrece una contribuci&oacute;n &uacute;nica y complementaria, lo que permite al p&uacute;blico explorar el contenido de una manera m&aacute;s profunda y atractiva, creando una narrativa que se desarrolla a trav&eacute;s de m&uacute;ltiples canales de medios.&amp;lt;br\/&amp;gt;&amp;lt;!-- \/wp:paragraph --&amp;gt;&lt;\/div&gt;&lt;div id=&amp;quot;cmtt_related_articles&amp;quot; class=&amp;quot;cmtt_related_articles_wrapper&amp;quot;&gt;&lt;div class=&amp;quot;cmtt_related_title cmtt_related_articles_title&amp;quot;&gt;Related Articles: &lt;\/div&gt;&lt;ul class=&amp;quot;cmtt_related&amp;quot;&gt;&lt;li class=&amp;quot;cmtt_related_item&amp;quot;&gt;&lt;a href=&amp;quot;https:\/\/xqthenews.com\/es\/ante-lo-inesperado-cronica-de-la-segunda-jornada-del-foro-de-mujeres-periodistas-del-mediterraneo\/&amp;quot;target=&amp;quot;_blank&amp;quot;&gt;Ante lo inesperado: cr&oacute;nica de la segunda jornada del Foro de Mujeres Periodistas del Mediterr&aacute;neo.&lt;\/a&gt;&lt;\/li&gt;&lt;\/ul&gt;&lt;\/div&gt;\" href=\"https:\/\/xqthenews.com\/es\/glossary\/transmedia\/\" data-gt-translate-attributes='[{\"attribute\":\"data-cmtooltip\", \"format\":\"html\"}]' tabindex=\"0\" role=\"link\">transmedia<\/a>&raquo;?<\/legend><div class=\"ginput_container ginput_container_radio\"><div class=\"gfield_radio\" id=\"input_811_1\">\n\t\t\t<div class=\"gchoice gchoice_811_1_0\">\n\t\t\t\t\t<input class=\"gfield-choice-input\" name=\"input_1\" type=\"radio\" value=\"gquiz1b2b27084\" id=\"choice_811_1_0\" onchange=\"gformToggleRadioOther( this )\">\n\t\t\t\t\t<label for=\"choice_811_1_0\" id=\"label_811_1_0\" class=\"gform-field-label gform-field-label--type-inline\">La creaci&oacute;n de contenidos que solo pueden distribuirse en una plataforma.<\/label>\n\t\t\t<\/div>\n\t\t\t<div class=\"gchoice gchoice_811_1_1\">\n\t\t\t\t\t<input class=\"gfield-choice-input\" name=\"input_1\" type=\"radio\" value=\"gquiz12c53da11\" id=\"choice_811_1_1\" onchange=\"gformToggleRadioOther( this )\">\n\t\t\t\t\t<label for=\"choice_811_1_1\" id=\"label_811_1_1\" class=\"gform-field-label gform-field-label--type-inline\">La combinaci&oacute;n de diferentes medios para contar una historia de forma m&aacute;s completa y atractiva.<\/label>\n\t\t\t<\/div>\n\t\t\t<div class=\"gchoice gchoice_811_1_2\">\n\t\t\t\t\t<input class=\"gfield-choice-input\" name=\"input_1\" type=\"radio\" value=\"gquiz1b6725f5d\" id=\"choice_811_1_2\" onchange=\"gformToggleRadioOther( this )\">\n\t\t\t\t\t<label for=\"choice_811_1_2\" id=\"label_811_1_2\" class=\"gform-field-label gform-field-label--type-inline\">Utilizar exclusivamente peri&oacute;dicos impresos para difundir noticias.<\/label>\n\t\t\t<\/div>\n\t\t\t<div class=\"gchoice gchoice_811_1_3\">\n\t\t\t\t\t<input class=\"gfield-choice-input\" name=\"input_1\" type=\"radio\" value=\"gquiz10bb1a50e\" id=\"choice_811_1_3\" onchange=\"gformToggleRadioOther( this )\">\n\t\t\t\t\t<label for=\"choice_811_1_3\" id=\"label_811_1_3\" class=\"gform-field-label gform-field-label--type-inline\">El an&aacute;lisis de las noticias desde la perspectiva de un solo medio.<\/label>\n\t\t\t<\/div><\/div><\/div><\/fieldset><\/div>\n                    <\/div>\n                    <div class=\"gform-page-footer gform_page_footer top_label\">\n                         <input type=\"button\" id=\"gform_next_button_811_5\" class=\"gform_next_button gform-theme-button button\" onclick=\"gform.submission.handleButtonClick(this);\" data-submission-type=\"next\" value=\"Siguiente \"> \n                    <\/div>\n                <\/div>\n                <div id=\"gform_page_811_2\" class=\"gform_page\" data-js=\"page-field-id-5\" style=\"display:none;\">\n                    <div class=\"gform_page_fields\">\n                        <div id=\"gform_fields_811_2\" class=\"gform_fields top_label form_sublabel_below description_below validation_below\"><fieldset id=\"field_811_3\" class=\"gfield gfield--type-quiz gfield--type-choice gfield--input-type-radio gfield--width-full field_sublabel_below gfield--no-description field_description_below field_validation_below gfield_visibility_visible gquiz-field \" data-field-class=\"gquiz-field\"><legend class=\"gfield_label gform-field-label\">&iquest;Cu&aacute;l es la principal preocupaci&oacute;n de Wessal Yousef sobre el periodismo palestino?<\/legend><div class=\"ginput_container ginput_container_radio\"><div class=\"gfield_radio\" id=\"input_811_3\">\n\t\t\t<div class=\"gchoice gchoice_811_3_0\">\n\t\t\t\t\t<input class=\"gfield-choice-input\" name=\"input_3\" type=\"radio\" value=\"gquiz3394e91f2\" id=\"choice_811_3_0\" onchange=\"gformToggleRadioOther( this )\">\n\t\t\t\t\t<label for=\"choice_811_3_0\" id=\"label_811_3_0\" class=\"gform-field-label gform-field-label--type-inline\">La falta de recursos a disposici&oacute;n de los periodistas.<\/label>\n\t\t\t<\/div>\n\t\t\t<div class=\"gchoice gchoice_811_3_1\">\n\t\t\t\t\t<input class=\"gfield-choice-input\" name=\"input_3\" type=\"radio\" value=\"gquiz3b5aa3d2d\" id=\"choice_811_3_1\" onchange=\"gformToggleRadioOther( this )\">\n\t\t\t\t\t<label for=\"choice_811_3_1\" id=\"label_811_3_1\" class=\"gform-field-label gform-field-label--type-inline\">La dificultad de contar historias positivas sobre Gaza.<\/label>\n\t\t\t<\/div>\n\t\t\t<div class=\"gchoice gchoice_811_3_2\">\n\t\t\t\t\t<input class=\"gfield-choice-input\" name=\"input_3\" type=\"radio\" value=\"gquiz3d1b23a18\" id=\"choice_811_3_2\" onchange=\"gformToggleRadioOther( this )\">\n\t\t\t\t\t<label for=\"choice_811_3_2\" id=\"label_811_3_2\" class=\"gform-field-label gform-field-label--type-inline\">La responsabilidad de dar voz al sufrimiento de su pueblo y dar a conocer sus historias a la comunidad internacional.<\/label>\n\t\t\t<\/div>\n\t\t\t<div class=\"gchoice gchoice_811_3_3\">\n\t\t\t\t\t<input class=\"gfield-choice-input\" name=\"input_3\" type=\"radio\" value=\"gquiz33983a848\" id=\"choice_811_3_3\" onchange=\"gformToggleRadioOther( this )\">\n\t\t\t\t\t<label for=\"choice_811_3_3\" id=\"label_811_3_3\" class=\"gform-field-label gform-field-label--type-inline\">La falta de noticias sobre la cultura palestina en el mundo occidental.<\/label>\n\t\t\t<\/div><\/div><\/div><\/fieldset><\/div>\n                    <\/div>\n                    <div class=\"gform-page-footer gform_page_footer top_label\">\n                        <input type=\"button\" id=\"gform_previous_button_811_6\" class=\"gform_previous_button gform-theme-button gform-theme-button--secondary button\" onclick=\"gform.submission.handleButtonClick(this);\" data-submission-type=\"previous\" value=\"Anterior\"> <input type=\"button\" id=\"gform_next_button_811_6\" class=\"gform_next_button gform-theme-button button\" onclick=\"gform.submission.handleButtonClick(this);\" data-submission-type=\"next\" value=\"Siguiente \"> \n                    <\/div>\n                <\/div>\n                <div id=\"gform_page_811_3\" class=\"gform_page\" data-js=\"page-field-id-6\" style=\"display:none;\">\n                    <div class=\"gform_page_fields\">\n                        <div id=\"gform_fields_811_3\" class=\"gform_fields top_label form_sublabel_below description_below validation_below\"><fieldset id=\"field_811_4\" class=\"gfield gfield--type-quiz gfield--type-choice gfield--input-type-radio gfield--width-full field_sublabel_below gfield--no-description field_description_below field_validation_below gfield_visibility_visible gquiz-field \" data-field-class=\"gquiz-field\"><legend class=\"gfield_label gform-field-label\">Seg&uacute;n Necibe Qeredaxi, &iquest;cu&aacute;l es el objetivo del movimiento <a class=\"glossaryLink\" aria-describedby=\"tt\" data-cmtooltip=\"&lt;div class=glossaryItemTitle&gt;Jineoloj&icirc;&lt;\/div&gt;&lt;div class=glossaryItemBody&gt;&amp;lt;!-- wp:paragraph --&amp;gt;&nbsp;Es la &laquo;ciencia de la mujer&raquo; que considera la liberaci&oacute;n individual de la mujer como condici&oacute;n previa para la liberaci&oacute;n de la sociedad. Teorizada por Abdullah &Ouml;calan, el carism&aacute;tico l&iacute;der del Partido de los Trabajadores del Kurdist&aacute;n (PKK), la jinealog&iacute;a se opone a las normas religiosas y tribales que subyugan a las mujeres en las sociedades de Oriente Pr&oacute;ximo y es un componente sustancial del Confederalismo Democr&aacute;tico, filosof&iacute;a pol&iacute;tica que inspira activamente la gobernanza de la Administraci&oacute;n Aut&oacute;noma del Norte y Este de Siria (tambi&eacute;n conocida como Rojava).&amp;lt;strong&amp;gt;&amp;lt;br&amp;gt;&amp;lt;br&amp;gt;&amp;lt;\/strong&amp;gt;&amp;lt;br\/&amp;gt;&amp;lt;!-- \/wp:paragraph --&amp;gt;&lt;\/div&gt;&lt;div id=&amp;quot;cmtt_related_articles&amp;quot; class=&amp;quot;cmtt_related_articles_wrapper&amp;quot;&gt;&lt;div class=&amp;quot;cmtt_related_title cmtt_related_articles_title&amp;quot;&gt;Related Articles: &lt;\/div&gt;&lt;ul class=&amp;quot;cmtt_related&amp;quot;&gt;&lt;li class=&amp;quot;cmtt_related_item&amp;quot;&gt;&lt;a href=&amp;quot;https:\/\/xqthenews.com\/es\/verdad-y-justicia-para-las-periodistas-kurdas-asesinadas\/&amp;quot;target=&amp;quot;_blank&amp;quot;&gt;Verdad y justicia para las periodistas kurdas asesinadas&lt;\/a&gt;&lt;\/li&gt;&lt;li class=&amp;quot;cmtt_related_item&amp;quot;&gt;&lt;a href=&amp;quot;https:\/\/xqthenews.com\/es\/el-periodismo-femenino-es-fuente-de-vida-declaracion-de-la-9a-fmwj\/&amp;quot;target=&amp;quot;_blank&amp;quot;&gt;El periodismo femenino es fuente de vida: declaraci&oacute;n de la 9&ordf; FMWJ&lt;\/a&gt;&lt;\/li&gt;&lt;li class=&amp;quot;cmtt_related_item&amp;quot;&gt;&lt;a href=&amp;quot;https:\/\/xqthenews.com\/es\/ante-lo-inesperado-cronica-de-la-segunda-jornada-del-foro-de-mujeres-periodistas-del-mediterraneo\/&amp;quot;target=&amp;quot;_blank&amp;quot;&gt;Ante lo inesperado: cr&oacute;nica de la segunda jornada del Foro de Mujeres Periodistas del Mediterr&aacute;neo.&lt;\/a&gt;&lt;\/li&gt;&lt;li class=&amp;quot;cmtt_related_item&amp;quot;&gt;&lt;a href=&amp;quot;https:\/\/xqthenews.com\/es\/innovacion-en-la-ensenanza-del-periodismo-gracias-a-los-hologramas\/&amp;quot;target=&amp;quot;_blank&amp;quot;&gt;Innovaci&oacute;n en la ense&ntilde;anza del periodismo gracias a los hologramas&lt;\/a&gt;&lt;\/li&gt;&lt;\/ul&gt;&lt;\/div&gt;\" href=\"https:\/\/xqthenews.com\/es\/glossary\/jineologi\/\" data-gt-translate-attributes='[{\"attribute\":\"data-cmtooltip\", \"format\":\"html\"}]' tabindex=\"0\" role=\"link\">Jineoloj&icirc;<\/a>?<\/legend><div class=\"ginput_container ginput_container_radio\"><div class=\"gfield_radio\" id=\"input_811_4\">\n\t\t\t<div class=\"gchoice gchoice_811_4_0\">\n\t\t\t\t\t<input class=\"gfield-choice-input\" name=\"input_4\" type=\"radio\" value=\"gquiz46a62d494\" id=\"choice_811_4_0\" onchange=\"gformToggleRadioOther( this )\">\n\t\t\t\t\t<label for=\"choice_811_4_0\" id=\"label_811_4_0\" class=\"gform-field-label gform-field-label--type-inline\">Promover el <a class=\"glossaryLink\" aria-describedby=\"tt\" data-cmtooltip=\"&lt;div class=glossaryItemTitle&gt;Patriarcado&lt;\/div&gt;&lt;div class=glossaryItemBody&gt;&amp;lt;!-- wp:paragraph --&amp;gt;El patriarcado es un sistema social donde el poder y la autoridad est&aacute;n predominantemente en manos de los hombres, subordinando a las mujeres en diversos aspectos de la vida.&amp;lt;br\/&amp;gt;&amp;lt;!-- \/wp:paragraph --&amp;gt;&lt;\/div&gt;&lt;div id=&amp;quot;cmtt_related_articles&amp;quot; class=&amp;quot;cmtt_related_articles_wrapper&amp;quot;&gt;&lt;div class=&amp;quot;cmtt_related_title cmtt_related_articles_title&amp;quot;&gt;Related Articles: &lt;\/div&gt;&lt;ul class=&amp;quot;cmtt_related&amp;quot;&gt;&lt;li class=&amp;quot;cmtt_related_item&amp;quot;&gt;&lt;a href=&amp;quot;https:\/\/xqthenews.com\/es\/adultocentrismo-el-regimen-del-establishment-adulto\/&amp;quot;target=&amp;quot;_blank&amp;quot;&gt;Adultocentrismo: el r&eacute;gimen del &amp;quot;establishment adulto&rdquo;&lt;\/a&gt;&lt;\/li&gt;&lt;li class=&amp;quot;cmtt_related_item&amp;quot;&gt;&lt;a href=&amp;quot;https:\/\/xqthenews.com\/pt-pt\/adulto-centrismo-o-regime-do-establishment-adulto\/&amp;quot;target=&amp;quot;_blank&amp;quot;&gt;Adulto-centrismo: o regime do &laquo;establishment adulto&raquo;&lt;\/a&gt;&lt;\/li&gt;&lt;li class=&amp;quot;cmtt_related_item&amp;quot;&gt;&lt;a href=&amp;quot;https:\/\/xqthenews.com\/es\/musculos-coches-mindset-millonario-el-fraude-del-hombre-hecho-a-si-mismo\/&amp;quot;target=&amp;quot;_blank&amp;quot;&gt;M&uacute;sculos, coches, &amp;quot;mindset millonario&rdquo;: el fraude del hombre hecho a s&iacute; mismo&lt;\/a&gt;&lt;\/li&gt;&lt;li class=&amp;quot;cmtt_related_item&amp;quot;&gt;&lt;a href=&amp;quot;https:\/\/xqthenews.com\/es\/somos-lo-que-votamos\/&amp;quot;target=&amp;quot;_blank&amp;quot;&gt;Somos lo que votamos&lt;\/a&gt;&lt;\/li&gt;&lt;li class=&amp;quot;cmtt_related_item&amp;quot;&gt;&lt;a href=&amp;quot;https:\/\/xqthenews.com\/es\/glossary\/modelo-antipatriarcal\/&amp;quot;target=&amp;quot;_blank&amp;quot;&gt;Glossary:  Modelo antipatriarcal&lt;\/a&gt;&lt;\/li&gt;&lt;\/ul&gt;&lt;\/div&gt;\" href=\"https:\/\/xqthenews.com\/es\/glossary\/patriarcado\/\" data-gt-translate-attributes='[{\"attribute\":\"data-cmtooltip\", \"format\":\"html\"}]' tabindex=\"0\" role=\"link\">patriarcado<\/a> como base de la sociedad kurda.<\/label>\n\t\t\t<\/div>\n\t\t\t<div class=\"gchoice gchoice_811_4_1\">\n\t\t\t\t\t<input class=\"gfield-choice-input\" name=\"input_4\" type=\"radio\" value=\"gquiz488c89c8f\" id=\"choice_811_4_1\" onchange=\"gformToggleRadioOther( this )\">\n\t\t\t\t\t<label for=\"choice_811_4_1\" id=\"label_811_4_1\" class=\"gform-field-label gform-field-label--type-inline\">Luchar contra la pobreza econ&oacute;mica en el Kurdist&aacute;n.<\/label>\n\t\t\t<\/div>\n\t\t\t<div class=\"gchoice gchoice_811_4_2\">\n\t\t\t\t\t<input class=\"gfield-choice-input\" name=\"input_4\" type=\"radio\" value=\"gquiz4054f68d8\" id=\"choice_811_4_2\" onchange=\"gformToggleRadioOther( this )\">\n\t\t\t\t\t<label for=\"choice_811_4_2\" id=\"label_811_4_2\" class=\"gform-field-label gform-field-label--type-inline\">Crear una vida libre de <a class=\"glossaryLink\" aria-describedby=\"tt\" data-cmtooltip=\"&lt;div class=glossaryItemTitle&gt;Patriarcado&lt;\/div&gt;&lt;div class=glossaryItemBody&gt;&amp;lt;!-- wp:paragraph --&amp;gt;El patriarcado es un sistema social donde el poder y la autoridad est&aacute;n predominantemente en manos de los hombres, subordinando a las mujeres en diversos aspectos de la vida.&amp;lt;br\/&amp;gt;&amp;lt;!-- \/wp:paragraph --&amp;gt;&lt;\/div&gt;&lt;div id=&amp;quot;cmtt_related_articles&amp;quot; class=&amp;quot;cmtt_related_articles_wrapper&amp;quot;&gt;&lt;div class=&amp;quot;cmtt_related_title cmtt_related_articles_title&amp;quot;&gt;Related Articles: &lt;\/div&gt;&lt;ul class=&amp;quot;cmtt_related&amp;quot;&gt;&lt;li class=&amp;quot;cmtt_related_item&amp;quot;&gt;&lt;a href=&amp;quot;https:\/\/xqthenews.com\/es\/adultocentrismo-el-regimen-del-establishment-adulto\/&amp;quot;target=&amp;quot;_blank&amp;quot;&gt;Adultocentrismo: el r&eacute;gimen del &amp;quot;establishment adulto&rdquo;&lt;\/a&gt;&lt;\/li&gt;&lt;li class=&amp;quot;cmtt_related_item&amp;quot;&gt;&lt;a href=&amp;quot;https:\/\/xqthenews.com\/pt-pt\/adulto-centrismo-o-regime-do-establishment-adulto\/&amp;quot;target=&amp;quot;_blank&amp;quot;&gt;Adulto-centrismo: o regime do &laquo;establishment adulto&raquo;&lt;\/a&gt;&lt;\/li&gt;&lt;li class=&amp;quot;cmtt_related_item&amp;quot;&gt;&lt;a href=&amp;quot;https:\/\/xqthenews.com\/es\/musculos-coches-mindset-millonario-el-fraude-del-hombre-hecho-a-si-mismo\/&amp;quot;target=&amp;quot;_blank&amp;quot;&gt;M&uacute;sculos, coches, &amp;quot;mindset millonario&rdquo;: el fraude del hombre hecho a s&iacute; mismo&lt;\/a&gt;&lt;\/li&gt;&lt;li class=&amp;quot;cmtt_related_item&amp;quot;&gt;&lt;a href=&amp;quot;https:\/\/xqthenews.com\/es\/somos-lo-que-votamos\/&amp;quot;target=&amp;quot;_blank&amp;quot;&gt;Somos lo que votamos&lt;\/a&gt;&lt;\/li&gt;&lt;li class=&amp;quot;cmtt_related_item&amp;quot;&gt;&lt;a href=&amp;quot;https:\/\/xqthenews.com\/es\/glossary\/modelo-antipatriarcal\/&amp;quot;target=&amp;quot;_blank&amp;quot;&gt;Glossary:  Modelo antipatriarcal&lt;\/a&gt;&lt;\/li&gt;&lt;\/ul&gt;&lt;\/div&gt;\" href=\"https:\/\/xqthenews.com\/es\/glossary\/patriarcado\/\" data-gt-translate-attributes='[{\"attribute\":\"data-cmtooltip\", \"format\":\"html\"}]' tabindex=\"0\" role=\"link\">patriarcado<\/a>, din&aacute;micas de poder abusivas y capitalismo.<\/label>\n\t\t\t<\/div>\n\t\t\t<div class=\"gchoice gchoice_811_4_3\">\n\t\t\t\t\t<input class=\"gfield-choice-input\" name=\"input_4\" type=\"radio\" value=\"gquiz45593a6e0\" id=\"choice_811_4_3\" onchange=\"gformToggleRadioOther( this )\">\n\t\t\t\t\t<label for=\"choice_811_4_3\" id=\"label_811_4_3\" class=\"gform-field-label gform-field-label--type-inline\">Promover la colonizaci&oacute;n del Kurdist&aacute;n por otras naciones.<\/label>\n\t\t\t<\/div><\/div><\/div><\/fieldset><\/div><\/div>\n        <div class=\"gform-page-footer gform_page_footer top_label\"><input type=\"submit\" id=\"gform_previous_button_811\" class=\"gform_previous_button gform-theme-button gform-theme-button--secondary button\" onclick=\"gform.submission.handleButtonClick(this);\" data-submission-type=\"previous\" value=\"Anterior\"> <input type=\"submit\" id=\"gform_submit_button_811\" class=\"gform_button button\" onclick=\"gform.submission.handleButtonClick(this);\" data-submission-type=\"submit\" value=\"Enviar\"> \n            <input type=\"hidden\" class=\"gform_hidden\" name=\"gform_submission_method\" data-js=\"gform_submission_method_811\" value=\"postback\">\n            <input type=\"hidden\" class=\"gform_hidden\" name=\"gform_theme\" data-js=\"gform_theme_811\" id=\"gform_theme_811\" value=\"gravity-theme\">\n            <input type=\"hidden\" class=\"gform_hidden\" name=\"gform_style_settings\" data-js=\"gform_style_settings_811\" id=\"gform_style_settings_811\" value='{\"inputPrimaryColor\":\"#204ce5\"}'>\n            <input type=\"hidden\" class=\"gform_hidden\" name=\"is_submit_811\" value=\"1\">\n            <input type=\"hidden\" class=\"gform_hidden\" name=\"gform_submit\" value=\"811\">\n            \n            <input type=\"hidden\" class=\"gform_hidden\" name=\"gform_currency\" data-currency=\"EUR\" value=\"RDIvl5BVgNgRuCv99DENRu3qljmyCgUG2hytRyVEluho7i++vxf0vl2xwXnMlypGdmyx3glaZiap97Y7yzswEigFQwpg0MztyxR\/59PRwMTUXKM=\">\n            <input type=\"hidden\" class=\"gform_hidden\" name=\"gform_unique_id\" value=\"\">\n            <input type=\"hidden\" class=\"gform_hidden\" name=\"state_811\" value=\"WyJbXSIsIjVlMjNlOGUzOTg5N2RmMzcwZmE1ODRlNDZjZGJmYjNkIl0=\">\n            <input type=\"hidden\" autocomplete=\"off\" class=\"gform_hidden\" name=\"gform_target_page_number_811\" id=\"gform_target_page_number_811\" value=\"2\">\n            <input type=\"hidden\" autocomplete=\"off\" class=\"gform_hidden\" name=\"gform_source_page_number_811\" id=\"gform_source_page_number_811\" value=\"1\">\n            <input type=\"hidden\" name=\"gform_field_values\" value=\"\">\n            \n        <\/div>\n             <\/div><\/div>\n                        <\/form>\n                        <\/div><script type=\"text\/javascript\">\n\/* <![CDATA[ *\/\n gform.initializeOnLoaded( function() {gformInitSpinner( 811, 'https:\/\/xqthenews.com\/wp-content\/plugins\/gravityforms\/images\/spinner.svg', true );jQuery('#gform_ajax_frame_811').on('load',function(){var contents = jQuery(this).contents().find('*').html();var is_postback = contents.indexOf('GF_AJAX_POSTBACK') >= 0;if(!is_postback){return;}var form_content = jQuery(this).contents().find('#gform_wrapper_811');var is_confirmation = jQuery(this).contents().find('#gform_confirmation_wrapper_811').length > 0;var is_redirect = contents.indexOf('gformRedirect(){') >= 0;var is_form = form_content.length > 0 && ! is_redirect && ! is_confirmation;var mt = parseInt(jQuery('html').css('margin-top'), 10) + parseInt(jQuery('body').css('margin-top'), 10) + 100;if(is_form){jQuery('#gform_wrapper_811').html(form_content.html());if(form_content.hasClass('gform_validation_error')){jQuery('#gform_wrapper_811').addClass('gform_validation_error');} else {jQuery('#gform_wrapper_811').removeClass('gform_validation_error');}setTimeout( function() { \/* delay the scroll by 50 milliseconds to fix a bug in chrome *\/ jQuery(document).scrollTop(jQuery('#gform_wrapper_811').offset().top - mt); }, 50 );if(window['gformInitDatepicker']) {gformInitDatepicker();}if(window['gformInitPriceFields']) {gformInitPriceFields();}var current_page = jQuery('#gform_source_page_number_811').val();gformInitSpinner( 811, 'https:\/\/xqthenews.com\/wp-content\/plugins\/gravityforms\/images\/spinner.svg', true );jQuery(document).trigger('gform_page_loaded', [811, current_page]);window['gf_submitting_811'] = false;}else if(!is_redirect){var confirmation_content = jQuery(this).contents().find('.GF_AJAX_POSTBACK').html();if(!confirmation_content){confirmation_content = contents;}jQuery('#gform_wrapper_811').replaceWith(confirmation_content);jQuery(document).scrollTop(jQuery('#gf_811').offset().top - mt);jQuery(document).trigger('gform_confirmation_loaded', [811]);window['gf_submitting_811'] = false;wp.a11y.speak(jQuery('#gform_confirmation_message_811').text());}else{jQuery('#gform_811').append(contents);if(window['gformRedirect']) {gformRedirect();}}jQuery(document).trigger(\"gform_pre_post_render\", [{ formId: \"811\", currentPage: \"current_page\", abort: function() { this.preventDefault(); } }]);        if (event && event.defaultPrevented) {                return;        }        const gformWrapperDiv = document.getElementById( \"gform_wrapper_811\" );        if ( gformWrapperDiv ) {            const visibilitySpan = document.createElement( \"span\" );            visibilitySpan.id = \"gform_visibility_test_811\";            gformWrapperDiv.insertAdjacentElement( \"afterend\", visibilitySpan );        }        const visibilityTestDiv = document.getElementById( \"gform_visibility_test_811\" );        let postRenderFired = false;        function triggerPostRender() {            if ( postRenderFired ) {                return;            }            postRenderFired = true;            gform.core.triggerPostRenderEvents( 811, current_page );            if ( visibilityTestDiv ) {                visibilityTestDiv.parentNode.removeChild( visibilityTestDiv );            }        }        function debounce( func, wait, immediate ) {            var timeout;            return function() {                var context = this, args = arguments;                var later = function() {                    timeout = null;                    if ( !immediate ) func.apply( context, args );                };                var callNow = immediate && !timeout;                clearTimeout( timeout );                timeout = setTimeout( later, wait );                if ( callNow ) func.apply( context, args );            };        }        const debouncedTriggerPostRender = debounce( function() {            triggerPostRender();        }, 200 );        if ( visibilityTestDiv && visibilityTestDiv.offsetParent === null ) {            const observer = new MutationObserver( ( mutations ) => {                mutations.forEach( ( mutation ) => {                    if ( mutation.type === 'attributes' && visibilityTestDiv.offsetParent !== null ) {                        debouncedTriggerPostRender();                        observer.disconnect();                    }                });            });            observer.observe( document.body, {                attributes: true,                childList: false,                subtree: true,                attributeFilter: [ 'style', 'class' ],            });        } else {            triggerPostRender();        }    } );} ); \n\/* ]]> *\/\n<\/script>\n","protected":false},"excerpt":{"rendered":"<p>Un grupo de mujeres expertas se re&uacute;ne para debatir sobre los retos actuales y el futuro del periodismo en el <a class=\"glossaryLink\" aria-describedby=\"tt\" data-cmtooltip=\"&lt;div class=glossaryItemTitle&gt;Foro de Mujeres Periodistas del Mediterr&aacute;neo&lt;\/div&gt;&lt;div class=glossaryItemBody&gt;&amp;lt;!-- wp:paragraph --&amp;gt;El Foro de Mujeres Periodistas del Mediterr&aacute;neo (FMWJ) es una iniciativa fundada el 2016 que pretende promocionar un periodismo independiente, &eacute;tico e inclusivo, capaz de dar voz a periodistas investigadoras, corresponsales de zonas conflictivas, investigadoras, y activistas. El evento ocurre anualmente en Apulia para construir puentes culturales entre las orillas del Mediterr&aacute;neo, abordar cuestiones como la libertad de prensa y la justicia social y ambiental, y oponerse al sexismo y a los estereotipos de g&eacute;nero.&amp;amp;nbsp;&amp;lt;br\/&amp;gt;&amp;lt;!-- \/wp:paragraph --&amp;gt;&amp;lt;!-- wp:paragraph --&amp;gt;&amp;lt;br\/&amp;gt;&amp;lt;!-- \/wp:paragraph --&amp;gt;&lt;\/div&gt;&lt;div id=&amp;quot;cmtt_related_articles&amp;quot; class=&amp;quot;cmtt_related_articles_wrapper&amp;quot;&gt;&lt;div class=&amp;quot;cmtt_related_title cmtt_related_articles_title&amp;quot;&gt;Related Articles: &lt;\/div&gt;&lt;ul class=&amp;quot;cmtt_related&amp;quot;&gt;&lt;li class=&amp;quot;cmtt_related_item&amp;quot;&gt;&lt;a href=&amp;quot;https:\/\/xqthenews.com\/es\/arranca-en-apulia-el-9o-foro-de-mujeres-periodistas-del-mediterraneo\/&amp;quot;target=&amp;quot;_blank&amp;quot;&gt;Arranca en Apulia el 9&ordm; Foro de Mujeres Periodistas del Mediterr&aacute;neo&lt;\/a&gt;&lt;\/li&gt;&lt;li class=&amp;quot;cmtt_related_item&amp;quot;&gt;&lt;a href=&amp;quot;https:\/\/xqthenews.com\/es\/accion-empatia-y-responsabilidad-colectiva\/&amp;quot;target=&amp;quot;_blank&amp;quot;&gt;Acci&oacute;n, empat&iacute;a y responsabilidad colectiva&lt;\/a&gt;&lt;\/li&gt;&lt;li class=&amp;quot;cmtt_related_item&amp;quot;&gt;&lt;a href=&amp;quot;https:\/\/xqthenews.com\/es\/ante-lo-inesperado-cronica-de-la-segunda-jornada-del-foro-de-mujeres-periodistas-del-mediterraneo\/&amp;quot;target=&amp;quot;_blank&amp;quot;&gt;Ante lo inesperado: cr&oacute;nica de la segunda jornada del Foro de Mujeres Periodistas del Mediterr&aacute;neo.&lt;\/a&gt;&lt;\/li&gt;&lt;li class=&amp;quot;cmtt_related_item&amp;quot;&gt;&lt;a href=&amp;quot;https:\/\/xqthenews.com\/es\/innovacion-en-la-ensenanza-del-periodismo-gracias-a-los-hologramas\/&amp;quot;target=&amp;quot;_blank&amp;quot;&gt;Innovaci&oacute;n en la ense&ntilde;anza del periodismo gracias a los hologramas&lt;\/a&gt;&lt;\/li&gt;&lt;\/ul&gt;&lt;\/div&gt;\" href=\"https:\/\/xqthenews.com\/es\/glossary\/foro-de-mujeres-periodistas-del-mediterraneo\/\" data-gt-translate-attributes='[{\"attribute\":\"data-cmtooltip\", \"format\":\"html\"}]' tabindex=\"0\" role=\"link\">Foro de Mujeres Periodistas del Mediterr&aacute;neo<\/a> de 2024. Suena un pitido. De repente, aparece una notificaci&oacute;n en la pantalla de mi tel&eacute;fono: &laquo;Su vuelo a Bari est&aacute; embarcando&raquo;. Nunca he estado en Bari. De hecho,<\/p>\n","protected":false},"author":81,"featured_media":27010,"comment_status":"open","ping_status":"open","sticky":false,"template":"","format":"standard","meta":{"_acf_changed":false,"footnotes":""},"categories":[349,343],"tags":[821,823,822,814],"coauthors":[809],"class_list":{"0":"post-27001","1":"post","2":"type-post","3":"status-publish","4":"format-standard","5":"has-post-thumbnail","7":"category-conflictos-de-guerra","8":"category-derechos-humanos","9":"tag-conflictos","10":"tag-educacion-en-medios","11":"tag-jovenes","12":"tag-periodismo"},"acf":[],"yoast_head":"<!-- This site is optimized with the Yoast SEO plugin v27.4 - https:\/\/yoast.com\/product\/yoast-seo-wordpress\/ -->\n<title>Ante lo inesperado: cr\u00f3nica de la segunda jornada del Foro de Mujeres Periodistas del Mediterr\u00e1neo. - xqthenews<\/title>\n<meta name=\"robots\" content=\"index, follow, max-snippet:-1, max-image-preview:large, max-video-preview:-1\" \/>\n<link rel=\"canonical\" href=\"https:\/\/xqthenews.com\/es\/ante-lo-inesperado-cronica-de-la-segunda-jornada-del-foro-de-mujeres-periodistas-del-mediterraneo\/\" \/>\n<meta property=\"og:locale\" content=\"es_ES\" \/>\n<meta property=\"og:type\" content=\"article\" \/>\n<meta property=\"og:title\" content=\"Ante lo inesperado: cr\u00f3nica de la segunda jornada del Foro de Mujeres Periodistas del Mediterr\u00e1neo. - xqthenews\" \/>\n<meta property=\"og:description\" content=\"Un grupo de mujeres expertas se re&uacute;ne para debatir sobre los retos actuales y el futuro del periodismo en el Foro de Mujeres Periodistas del Mediterr&aacute;neo de 2024. Suena un pitido. De repente, aparece una notificaci&oacute;n en la pantalla de mi tel&eacute;fono: &laquo;Su vuelo a Bari est&aacute; embarcando&raquo;. Nunca he estado en Bari. De hecho,\" \/>\n<meta property=\"og:url\" content=\"https:\/\/xqthenews.com\/es\/ante-lo-inesperado-cronica-de-la-segunda-jornada-del-foro-de-mujeres-periodistas-del-mediterraneo\/\" \/>\n<meta property=\"og:site_name\" content=\"xqthenews\" \/>\n<meta property=\"article:published_time\" content=\"2025-01-08T07:35:08+00:00\" \/>\n<meta property=\"article:modified_time\" content=\"2025-01-13T12:58:57+00:00\" \/>\n<meta property=\"og:image\" content=\"https:\/\/xqthenews.com\/wp-content\/uploads\/2024\/12\/Portada-6.jpg\" \/>\n\t<meta property=\"og:image:width\" content=\"602\" \/>\n\t<meta property=\"og:image:height\" content=\"415\" \/>\n\t<meta property=\"og:image:type\" content=\"image\/jpeg\" \/>\n<meta name=\"author\" content=\"Jara Mej\u00eda Gonz\u00e1lez\" \/>\n<meta name=\"twitter:card\" content=\"summary_large_image\" \/>\n<meta name=\"twitter:label1\" content=\"Escrito por\" \/>\n\t<meta name=\"twitter:data1\" content=\"Jara Mej\u00eda Gonz\u00e1lez\" \/>\n\t<meta name=\"twitter:label2\" content=\"Tiempo de lectura\" \/>\n\t<meta name=\"twitter:data2\" content=\"11 minutos\" \/>\n\t<meta name=\"twitter:label3\" content=\"Written by\" \/>\n\t<meta name=\"twitter:data3\" content=\"Jara Mej\u00eda Gonz\u00e1lez\" \/>\n<script type=\"application\/ld+json\" class=\"yoast-schema-graph\">{\"@context\":\"https:\\\/\\\/schema.org\",\"@graph\":[{\"@type\":\"Article\",\"@id\":\"https:\\\/\\\/xqthenews.com\\\/es\\\/ante-lo-inesperado-cronica-de-la-segunda-jornada-del-foro-de-mujeres-periodistas-del-mediterraneo\\\/#article\",\"isPartOf\":{\"@id\":\"https:\\\/\\\/xqthenews.com\\\/es\\\/ante-lo-inesperado-cronica-de-la-segunda-jornada-del-foro-de-mujeres-periodistas-del-mediterraneo\\\/\"},\"author\":{\"name\":\"Jara Mej\u00eda Gonz\u00e1lez\",\"@id\":\"https:\\\/\\\/xqthenews.com\\\/es\\\/#\\\/schema\\\/person\\\/569d04efd39f6081a22baca05896e132\"},\"headline\":\"Ante lo inesperado: cr\u00f3nica de la segunda jornada del Foro de Mujeres Periodistas del Mediterr\u00e1neo.\",\"datePublished\":\"2025-01-08T07:35:08+00:00\",\"dateModified\":\"2025-01-13T12:58:57+00:00\",\"mainEntityOfPage\":{\"@id\":\"https:\\\/\\\/xqthenews.com\\\/es\\\/ante-lo-inesperado-cronica-de-la-segunda-jornada-del-foro-de-mujeres-periodistas-del-mediterraneo\\\/\"},\"wordCount\":2258,\"commentCount\":0,\"image\":{\"@id\":\"https:\\\/\\\/xqthenews.com\\\/es\\\/ante-lo-inesperado-cronica-de-la-segunda-jornada-del-foro-de-mujeres-periodistas-del-mediterraneo\\\/#primaryimage\"},\"thumbnailUrl\":\"https:\\\/\\\/xqthenews.com\\\/wp-content\\\/uploads\\\/2024\\\/12\\\/Portada-6.jpg\",\"keywords\":[\"Conflictos\",\"educaci\u00f3n en medios\",\"j\u00f3venes\",\"periodismo.\"],\"articleSection\":[\"Conflictos de guerra\",\"Derechos humanos\"],\"inLanguage\":\"es\",\"potentialAction\":[{\"@type\":\"CommentAction\",\"name\":\"Comment\",\"target\":[\"https:\\\/\\\/xqthenews.com\\\/es\\\/ante-lo-inesperado-cronica-de-la-segunda-jornada-del-foro-de-mujeres-periodistas-del-mediterraneo\\\/#respond\"]}]},{\"@type\":\"WebPage\",\"@id\":\"https:\\\/\\\/xqthenews.com\\\/es\\\/ante-lo-inesperado-cronica-de-la-segunda-jornada-del-foro-de-mujeres-periodistas-del-mediterraneo\\\/\",\"url\":\"https:\\\/\\\/xqthenews.com\\\/es\\\/ante-lo-inesperado-cronica-de-la-segunda-jornada-del-foro-de-mujeres-periodistas-del-mediterraneo\\\/\",\"name\":\"Ante lo inesperado: cr\u00f3nica de la segunda jornada del Foro de Mujeres Periodistas del Mediterr\u00e1neo. - xqthenews\",\"isPartOf\":{\"@id\":\"https:\\\/\\\/xqthenews.com\\\/es\\\/#website\"},\"primaryImageOfPage\":{\"@id\":\"https:\\\/\\\/xqthenews.com\\\/es\\\/ante-lo-inesperado-cronica-de-la-segunda-jornada-del-foro-de-mujeres-periodistas-del-mediterraneo\\\/#primaryimage\"},\"image\":{\"@id\":\"https:\\\/\\\/xqthenews.com\\\/es\\\/ante-lo-inesperado-cronica-de-la-segunda-jornada-del-foro-de-mujeres-periodistas-del-mediterraneo\\\/#primaryimage\"},\"thumbnailUrl\":\"https:\\\/\\\/xqthenews.com\\\/wp-content\\\/uploads\\\/2024\\\/12\\\/Portada-6.jpg\",\"datePublished\":\"2025-01-08T07:35:08+00:00\",\"dateModified\":\"2025-01-13T12:58:57+00:00\",\"author\":{\"@id\":\"https:\\\/\\\/xqthenews.com\\\/es\\\/#\\\/schema\\\/person\\\/569d04efd39f6081a22baca05896e132\"},\"breadcrumb\":{\"@id\":\"https:\\\/\\\/xqthenews.com\\\/es\\\/ante-lo-inesperado-cronica-de-la-segunda-jornada-del-foro-de-mujeres-periodistas-del-mediterraneo\\\/#breadcrumb\"},\"inLanguage\":\"es\",\"potentialAction\":[{\"@type\":\"ReadAction\",\"target\":[\"https:\\\/\\\/xqthenews.com\\\/es\\\/ante-lo-inesperado-cronica-de-la-segunda-jornada-del-foro-de-mujeres-periodistas-del-mediterraneo\\\/\"]}]},{\"@type\":\"ImageObject\",\"inLanguage\":\"es\",\"@id\":\"https:\\\/\\\/xqthenews.com\\\/es\\\/ante-lo-inesperado-cronica-de-la-segunda-jornada-del-foro-de-mujeres-periodistas-del-mediterraneo\\\/#primaryimage\",\"url\":\"https:\\\/\\\/xqthenews.com\\\/wp-content\\\/uploads\\\/2024\\\/12\\\/Portada-6.jpg\",\"contentUrl\":\"https:\\\/\\\/xqthenews.com\\\/wp-content\\\/uploads\\\/2024\\\/12\\\/Portada-6.jpg\",\"width\":602,\"height\":415},{\"@type\":\"BreadcrumbList\",\"@id\":\"https:\\\/\\\/xqthenews.com\\\/es\\\/ante-lo-inesperado-cronica-de-la-segunda-jornada-del-foro-de-mujeres-periodistas-del-mediterraneo\\\/#breadcrumb\",\"itemListElement\":[{\"@type\":\"ListItem\",\"position\":1,\"name\":\"Portada\",\"item\":\"https:\\\/\\\/xqthenews.com\\\/es\\\/\"},{\"@type\":\"ListItem\",\"position\":2,\"name\":\"Ante lo inesperado: cr\u00f3nica de la segunda jornada del Foro de Mujeres Periodistas del Mediterr\u00e1neo.\"}]},{\"@type\":\"WebSite\",\"@id\":\"https:\\\/\\\/xqthenews.com\\\/es\\\/#website\",\"url\":\"https:\\\/\\\/xqthenews.com\\\/es\\\/\",\"name\":\"xqthenews\",\"description\":\"El porqu\u00e9 de las noticias\",\"potentialAction\":[{\"@type\":\"SearchAction\",\"target\":{\"@type\":\"EntryPoint\",\"urlTemplate\":\"https:\\\/\\\/xqthenews.com\\\/es\\\/?s={search_term_string}\"},\"query-input\":{\"@type\":\"PropertyValueSpecification\",\"valueRequired\":true,\"valueName\":\"search_term_string\"}}],\"inLanguage\":\"es\"},{\"@type\":\"Person\",\"@id\":\"https:\\\/\\\/xqthenews.com\\\/es\\\/#\\\/schema\\\/person\\\/569d04efd39f6081a22baca05896e132\",\"name\":\"Jara Mej\u00eda Gonz\u00e1lez\",\"image\":{\"@type\":\"ImageObject\",\"inLanguage\":\"es\",\"@id\":\"https:\\\/\\\/xqthenews.com\\\/wp-content\\\/uploads\\\/2025\\\/01\\\/jara-mejia-gonzalez_avatar-96x96.jpga51f3f6c1234067837a04f7507849e1d\",\"url\":\"https:\\\/\\\/xqthenews.com\\\/wp-content\\\/uploads\\\/2025\\\/01\\\/jara-mejia-gonzalez_avatar-96x96.jpg\",\"contentUrl\":\"https:\\\/\\\/xqthenews.com\\\/wp-content\\\/uploads\\\/2025\\\/01\\\/jara-mejia-gonzalez_avatar-96x96.jpg\",\"caption\":\"Jara Mej\u00eda Gonz\u00e1lez\"},\"description\":\"Licenciada en Periodismo por la Universidad Aut\u00f3noma de Barcelona, \u200b\u200bes periodista freelance, rat\u00f3n de biblioteca y apasionada de la escritura. Sus \u00e1reas de inter\u00e9s incluyen las relaciones internacionales y las cuestiones de g\u00e9nero, que aborda a trav\u00e9s del periodismo narrativo y de soluciones.\",\"url\":\"https:\\\/\\\/xqthenews.com\\\/es\\\/author\\\/jaramejiagonzalez\\\/\"}]}<\/script>\n<!-- \/ Yoast SEO plugin. -->","yoast_head_json":{"title":"Ante lo inesperado: cr\u00f3nica de la segunda jornada del Foro de Mujeres Periodistas del Mediterr\u00e1neo. - xqthenews","robots":{"index":"index","follow":"follow","max-snippet":"max-snippet:-1","max-image-preview":"max-image-preview:large","max-video-preview":"max-video-preview:-1"},"canonical":"https:\/\/xqthenews.com\/es\/ante-lo-inesperado-cronica-de-la-segunda-jornada-del-foro-de-mujeres-periodistas-del-mediterraneo\/","og_locale":"es_ES","og_type":"article","og_title":"Ante lo inesperado: cr\u00f3nica de la segunda jornada del Foro de Mujeres Periodistas del Mediterr\u00e1neo. - xqthenews","og_description":"Un grupo de mujeres expertas se re&uacute;ne para debatir sobre los retos actuales y el futuro del periodismo en el Foro de Mujeres Periodistas del Mediterr&aacute;neo de 2024. Suena un pitido. De repente, aparece una notificaci&oacute;n en la pantalla de mi tel&eacute;fono: &laquo;Su vuelo a Bari est&aacute; embarcando&raquo;. Nunca he estado en Bari. De hecho,","og_url":"https:\/\/xqthenews.com\/es\/ante-lo-inesperado-cronica-de-la-segunda-jornada-del-foro-de-mujeres-periodistas-del-mediterraneo\/","og_site_name":"xqthenews","article_published_time":"2025-01-08T07:35:08+00:00","article_modified_time":"2025-01-13T12:58:57+00:00","og_image":[{"width":602,"height":415,"url":"https:\/\/xqthenews.com\/wp-content\/uploads\/2024\/12\/Portada-6.jpg","type":"image\/jpeg"}],"author":"Jara Mej\u00eda Gonz\u00e1lez","twitter_card":"summary_large_image","twitter_misc":{"Escrito por":"Jara Mej\u00eda Gonz\u00e1lez","Tiempo de lectura":"11 minutos","Written by":"Jara Mej\u00eda Gonz\u00e1lez"},"schema":{"@context":"https:\/\/schema.org","@graph":[{"@type":"Article","@id":"https:\/\/xqthenews.com\/es\/ante-lo-inesperado-cronica-de-la-segunda-jornada-del-foro-de-mujeres-periodistas-del-mediterraneo\/#article","isPartOf":{"@id":"https:\/\/xqthenews.com\/es\/ante-lo-inesperado-cronica-de-la-segunda-jornada-del-foro-de-mujeres-periodistas-del-mediterraneo\/"},"author":{"name":"Jara Mej\u00eda Gonz\u00e1lez","@id":"https:\/\/xqthenews.com\/es\/#\/schema\/person\/569d04efd39f6081a22baca05896e132"},"headline":"Ante lo inesperado: cr\u00f3nica de la segunda jornada del Foro de Mujeres Periodistas del Mediterr\u00e1neo.","datePublished":"2025-01-08T07:35:08+00:00","dateModified":"2025-01-13T12:58:57+00:00","mainEntityOfPage":{"@id":"https:\/\/xqthenews.com\/es\/ante-lo-inesperado-cronica-de-la-segunda-jornada-del-foro-de-mujeres-periodistas-del-mediterraneo\/"},"wordCount":2258,"commentCount":0,"image":{"@id":"https:\/\/xqthenews.com\/es\/ante-lo-inesperado-cronica-de-la-segunda-jornada-del-foro-de-mujeres-periodistas-del-mediterraneo\/#primaryimage"},"thumbnailUrl":"https:\/\/xqthenews.com\/wp-content\/uploads\/2024\/12\/Portada-6.jpg","keywords":["Conflictos","educaci\u00f3n en medios","j\u00f3venes","periodismo."],"articleSection":["Conflictos de guerra","Derechos humanos"],"inLanguage":"es","potentialAction":[{"@type":"CommentAction","name":"Comment","target":["https:\/\/xqthenews.com\/es\/ante-lo-inesperado-cronica-de-la-segunda-jornada-del-foro-de-mujeres-periodistas-del-mediterraneo\/#respond"]}]},{"@type":"WebPage","@id":"https:\/\/xqthenews.com\/es\/ante-lo-inesperado-cronica-de-la-segunda-jornada-del-foro-de-mujeres-periodistas-del-mediterraneo\/","url":"https:\/\/xqthenews.com\/es\/ante-lo-inesperado-cronica-de-la-segunda-jornada-del-foro-de-mujeres-periodistas-del-mediterraneo\/","name":"Ante lo inesperado: cr\u00f3nica de la segunda jornada del Foro de Mujeres Periodistas del Mediterr\u00e1neo. - xqthenews","isPartOf":{"@id":"https:\/\/xqthenews.com\/es\/#website"},"primaryImageOfPage":{"@id":"https:\/\/xqthenews.com\/es\/ante-lo-inesperado-cronica-de-la-segunda-jornada-del-foro-de-mujeres-periodistas-del-mediterraneo\/#primaryimage"},"image":{"@id":"https:\/\/xqthenews.com\/es\/ante-lo-inesperado-cronica-de-la-segunda-jornada-del-foro-de-mujeres-periodistas-del-mediterraneo\/#primaryimage"},"thumbnailUrl":"https:\/\/xqthenews.com\/wp-content\/uploads\/2024\/12\/Portada-6.jpg","datePublished":"2025-01-08T07:35:08+00:00","dateModified":"2025-01-13T12:58:57+00:00","author":{"@id":"https:\/\/xqthenews.com\/es\/#\/schema\/person\/569d04efd39f6081a22baca05896e132"},"breadcrumb":{"@id":"https:\/\/xqthenews.com\/es\/ante-lo-inesperado-cronica-de-la-segunda-jornada-del-foro-de-mujeres-periodistas-del-mediterraneo\/#breadcrumb"},"inLanguage":"es","potentialAction":[{"@type":"ReadAction","target":["https:\/\/xqthenews.com\/es\/ante-lo-inesperado-cronica-de-la-segunda-jornada-del-foro-de-mujeres-periodistas-del-mediterraneo\/"]}]},{"@type":"ImageObject","inLanguage":"es","@id":"https:\/\/xqthenews.com\/es\/ante-lo-inesperado-cronica-de-la-segunda-jornada-del-foro-de-mujeres-periodistas-del-mediterraneo\/#primaryimage","url":"https:\/\/xqthenews.com\/wp-content\/uploads\/2024\/12\/Portada-6.jpg","contentUrl":"https:\/\/xqthenews.com\/wp-content\/uploads\/2024\/12\/Portada-6.jpg","width":602,"height":415},{"@type":"BreadcrumbList","@id":"https:\/\/xqthenews.com\/es\/ante-lo-inesperado-cronica-de-la-segunda-jornada-del-foro-de-mujeres-periodistas-del-mediterraneo\/#breadcrumb","itemListElement":[{"@type":"ListItem","position":1,"name":"Portada","item":"https:\/\/xqthenews.com\/es\/"},{"@type":"ListItem","position":2,"name":"Ante lo inesperado: cr\u00f3nica de la segunda jornada del Foro de Mujeres Periodistas del Mediterr\u00e1neo."}]},{"@type":"WebSite","@id":"https:\/\/xqthenews.com\/es\/#website","url":"https:\/\/xqthenews.com\/es\/","name":"xqthenews","description":"El porqu\u00e9 de las noticias","potentialAction":[{"@type":"SearchAction","target":{"@type":"EntryPoint","urlTemplate":"https:\/\/xqthenews.com\/es\/?s={search_term_string}"},"query-input":{"@type":"PropertyValueSpecification","valueRequired":true,"valueName":"search_term_string"}}],"inLanguage":"es"},{"@type":"Person","@id":"https:\/\/xqthenews.com\/es\/#\/schema\/person\/569d04efd39f6081a22baca05896e132","name":"Jara Mej\u00eda Gonz\u00e1lez","image":{"@type":"ImageObject","inLanguage":"es","@id":"https:\/\/xqthenews.com\/wp-content\/uploads\/2025\/01\/jara-mejia-gonzalez_avatar-96x96.jpga51f3f6c1234067837a04f7507849e1d","url":"https:\/\/xqthenews.com\/wp-content\/uploads\/2025\/01\/jara-mejia-gonzalez_avatar-96x96.jpg","contentUrl":"https:\/\/xqthenews.com\/wp-content\/uploads\/2025\/01\/jara-mejia-gonzalez_avatar-96x96.jpg","caption":"Jara Mej\u00eda Gonz\u00e1lez"},"description":"Licenciada en Periodismo por la Universidad Aut\u00f3noma de Barcelona, \u200b\u200bes periodista freelance, rat\u00f3n de biblioteca y apasionada de la escritura. Sus \u00e1reas de inter\u00e9s incluyen las relaciones internacionales y las cuestiones de g\u00e9nero, que aborda a trav\u00e9s del periodismo narrativo y de soluciones.","url":"https:\/\/xqthenews.com\/es\/author\/jaramejiagonzalez\/"}]}},"_links":{"self":[{"href":"https:\/\/xqthenews.com\/es\/wp-json\/wp\/v2\/posts\/27001","targetHints":{"allow":["GET"]}}],"collection":[{"href":"https:\/\/xqthenews.com\/es\/wp-json\/wp\/v2\/posts"}],"about":[{"href":"https:\/\/xqthenews.com\/es\/wp-json\/wp\/v2\/types\/post"}],"author":[{"embeddable":true,"href":"https:\/\/xqthenews.com\/es\/wp-json\/wp\/v2\/users\/81"}],"replies":[{"embeddable":true,"href":"https:\/\/xqthenews.com\/es\/wp-json\/wp\/v2\/comments?post=27001"}],"version-history":[{"count":4,"href":"https:\/\/xqthenews.com\/es\/wp-json\/wp\/v2\/posts\/27001\/revisions"}],"predecessor-version":[{"id":27023,"href":"https:\/\/xqthenews.com\/es\/wp-json\/wp\/v2\/posts\/27001\/revisions\/27023"}],"wp:featuredmedia":[{"embeddable":true,"href":"https:\/\/xqthenews.com\/es\/wp-json\/wp\/v2\/media\/27010"}],"wp:attachment":[{"href":"https:\/\/xqthenews.com\/es\/wp-json\/wp\/v2\/media?parent=27001"}],"wp:term":[{"taxonomy":"category","embeddable":true,"href":"https:\/\/xqthenews.com\/es\/wp-json\/wp\/v2\/categories?post=27001"},{"taxonomy":"post_tag","embeddable":true,"href":"https:\/\/xqthenews.com\/es\/wp-json\/wp\/v2\/tags?post=27001"},{"taxonomy":"author","embeddable":true,"href":"https:\/\/xqthenews.com\/es\/wp-json\/wp\/v2\/coauthors?post=27001"}],"curies":[{"name":"wp","href":"https:\/\/api.w.org\/{rel}","templated":true}]}}