{"id":25958,"date":"2024-11-20T08:47:00","date_gmt":"2024-11-20T07:47:00","guid":{"rendered":"https:\/\/xqthenews.com\/?p=25958"},"modified":"2024-11-20T08:47:00","modified_gmt":"2024-11-20T07:47:00","slug":"arranca-en-apulia-el-9o-foro-de-mujeres-periodistas-del-mediterraneo","status":"publish","type":"post","link":"https:\/\/xqthenews.com\/es\/arranca-en-apulia-el-9o-foro-de-mujeres-periodistas-del-mediterraneo\/","title":{"rendered":"Arranca en Apulia el 9\u00ba Foro de Mujeres Periodistas del Mediterr\u00e1neo"},"content":{"rendered":"<p><strong>Los d&iacute;as 25, 26 y 27 de noviembre se espera a periodistas, investigadoras y activistas del Kurdist&aacute;n turco, el Kurdist&aacute;n iraqu&iacute; y Rojava, as&iacute; como de Espa&ntilde;a, Grecia, el Reino Unido, B&eacute;lgica, la &Aacute;frica subsahariana, Palestina, Egipto, la Costa de Marfil e Italia.<\/strong><\/p>\n\n\n\n<p>Des de 2016, el Forum delle Giornaliste del Mediterraneo &ndash; <a class=\"glossaryLink\" aria-describedby=\"tt\" data-cmtooltip=\"&lt;div class=glossaryItemTitle&gt;Foro de Mujeres Periodistas del Mediterr&aacute;neo&lt;\/div&gt;&lt;div class=glossaryItemBody&gt;&amp;lt;!-- wp:paragraph --&amp;gt;El Foro de Mujeres Periodistas del Mediterr&aacute;neo (FMWJ) es una iniciativa fundada el 2016 que pretende promocionar un periodismo independiente, &eacute;tico e inclusivo, capaz de dar voz a periodistas investigadoras, corresponsales de zonas conflictivas, investigadoras, y activistas. El evento ocurre anualmente en Apulia para construir puentes culturales entre las orillas del Mediterr&aacute;neo, abordar cuestiones como la libertad de prensa y la justicia social y ambiental, y oponerse al sexismo y a los estereotipos de g&eacute;nero.&amp;amp;nbsp;&amp;lt;br\/&amp;gt;&amp;lt;!-- \/wp:paragraph --&amp;gt;&amp;lt;!-- wp:paragraph --&amp;gt;&amp;lt;br\/&amp;gt;&amp;lt;!-- \/wp:paragraph --&amp;gt;&lt;\/div&gt;&lt;div id=&amp;quot;cmtt_related_articles&amp;quot; class=&amp;quot;cmtt_related_articles_wrapper&amp;quot;&gt;&lt;div class=&amp;quot;cmtt_related_title cmtt_related_articles_title&amp;quot;&gt;Related Articles: &lt;\/div&gt;&lt;ul class=&amp;quot;cmtt_related&amp;quot;&gt;&lt;li class=&amp;quot;cmtt_related_item&amp;quot;&gt;&lt;a href=&amp;quot;https:\/\/xqthenews.com\/es\/arranca-en-apulia-el-9o-foro-de-mujeres-periodistas-del-mediterraneo\/&amp;quot;target=&amp;quot;_blank&amp;quot;&gt;Arranca en Apulia el 9&ordm; Foro de Mujeres Periodistas del Mediterr&aacute;neo&lt;\/a&gt;&lt;\/li&gt;&lt;li class=&amp;quot;cmtt_related_item&amp;quot;&gt;&lt;a href=&amp;quot;https:\/\/xqthenews.com\/es\/accion-empatia-y-responsabilidad-colectiva\/&amp;quot;target=&amp;quot;_blank&amp;quot;&gt;Acci&oacute;n, empat&iacute;a y responsabilidad colectiva&lt;\/a&gt;&lt;\/li&gt;&lt;li class=&amp;quot;cmtt_related_item&amp;quot;&gt;&lt;a href=&amp;quot;https:\/\/xqthenews.com\/es\/ante-lo-inesperado-cronica-de-la-segunda-jornada-del-foro-de-mujeres-periodistas-del-mediterraneo\/&amp;quot;target=&amp;quot;_blank&amp;quot;&gt;Ante lo inesperado: cr&oacute;nica de la segunda jornada del Foro de Mujeres Periodistas del Mediterr&aacute;neo.&lt;\/a&gt;&lt;\/li&gt;&lt;li class=&amp;quot;cmtt_related_item&amp;quot;&gt;&lt;a href=&amp;quot;https:\/\/xqthenews.com\/es\/innovacion-en-la-ensenanza-del-periodismo-gracias-a-los-hologramas\/&amp;quot;target=&amp;quot;_blank&amp;quot;&gt;Innovaci&oacute;n en la ense&ntilde;anza del periodismo gracias a los hologramas&lt;\/a&gt;&lt;\/li&gt;&lt;\/ul&gt;&lt;\/div&gt;\" href=\"https:\/\/xqthenews.com\/es\/glossary\/foro-de-mujeres-periodistas-del-mediterraneo\/\" data-gt-translate-attributes='[{\"attribute\":\"data-cmtooltip\", \"format\":\"html\"}]' tabindex=\"0\" role=\"link\">Foro de Mujeres Periodistas del Mediterr&aacute;neo<\/a> (FMWJ) se celebra cada a&ntilde;o en torno al 25 de noviembre (<a href=\"https:\/\/www.un.org\/en\/observances\/ending-violence-against-women-day\">D&iacute;a Internacional contra la Violencia hacia las Mujeres<\/a>) en Apulia, regi&oacute;n del sur de Italia y encrucijada de culturas milenarias que se extienden hasta el mar Mediterr&aacute;neo.<\/p>\n\n\n\n<p>Fundado por la periodista de investigaci&oacute;n<a href=\"https:\/\/www.giornaliste.org\/speaker\/marilu-mastrogiovanni\/\"> Maril&ugrave; Mastrogiovanni<\/a>, el evento es organizado por la<a href=\"http:\/\/www.ideadinamica.com\/\"> Cooperativa IdeaDinamica<\/a>, que tambi&eacute;n colabora con el<a href=\"https:\/\/xqeujoyproject.eu\/\"> proyecto XQ.EUJOY<\/a>, el cual publica el peri&oacute;dico en l&iacute;nea &laquo;XQ the News&raquo;.<\/p>\n\n\n\n<h2 class=\"wp-block-heading\">Los objetivos del evento<\/h2>\n\n\n\n<p>El<a href=\"http:\/\/www.giornaliste.org\/\"> FMWJ<\/a> pretende &ldquo;construir puentes, destruir barreras: promover la reflexi&oacute;n sobre el periodismo de mujeres periodistas de investigaci&oacute;n, como una guarnici&oacute;n para la democracia, y por lo tanto, la paz&rdquo;, d&aacute;ndole voz a las mujeres corresponsales en zonas de conflicto y a todas esas profesionales, investigadoras, y activistas que ven su trabajo como un compromiso activo en la defensa de los derechos humanos y la lucha contra la desinformaci&oacute;n y las <em><a class=\"glossaryLink\" aria-describedby=\"tt\" data-cmtooltip=\"&lt;div class=glossaryItemTitle&gt;Fake news&lt;\/div&gt;&lt;div class=glossaryItemBody&gt;&amp;lt;!-- wp:paragraph --&amp;gt;T&eacute;rmino ingl&eacute;s que, traducido, significa literalmente &laquo;noticias falsas&raquo;. Se refiere a las noticias puestas en circulaci&oacute;n que son parcial o totalmente falsas.&amp;lt;br\/&amp;gt;&amp;lt;!-- \/wp:paragraph --&amp;gt;&lt;\/div&gt;&lt;div id=&amp;quot;cmtt_related_articles&amp;quot; class=&amp;quot;cmtt_related_articles_wrapper&amp;quot;&gt;&lt;div class=&amp;quot;cmtt_related_title cmtt_related_articles_title&amp;quot;&gt;Related Articles: &lt;\/div&gt;&lt;ul class=&amp;quot;cmtt_related&amp;quot;&gt;&lt;li class=&amp;quot;cmtt_related_item&amp;quot;&gt;&lt;a href=&amp;quot;https:\/\/xqthenews.com\/es\/periodismo-y-educacion-el-por-que-de-las-noticias-en-la-era-de-la-desinformacion\/&amp;quot;target=&amp;quot;_blank&amp;quot;&gt;Periodismo y educaci&oacute;n: el por qu&eacute; de las noticias en la era de la desinformaci&oacute;n&nbsp;&lt;\/a&gt;&lt;\/li&gt;&lt;li class=&amp;quot;cmtt_related_item&amp;quot;&gt;&lt;a href=&amp;quot;https:\/\/xqthenews.com\/es\/arranca-en-apulia-el-9o-foro-de-mujeres-periodistas-del-mediterraneo\/&amp;quot;target=&amp;quot;_blank&amp;quot;&gt;Arranca en Apulia el 9&ordm; Foro de Mujeres Periodistas del Mediterr&aacute;neo&lt;\/a&gt;&lt;\/li&gt;&lt;li class=&amp;quot;cmtt_related_item&amp;quot;&gt;&lt;a href=&amp;quot;https:\/\/xqthenews.com\/es\/periodismo-y-educacion-el-porque-de-las-noticias-en-la-era-de-la-desinformacion\/&amp;quot;target=&amp;quot;_blank&amp;quot;&gt;Periodismo y educaci&oacute;n: el porqu&eacute; de las noticias en la era de la desinformaci&oacute;n&lt;\/a&gt;&lt;\/li&gt;&lt;li class=&amp;quot;cmtt_related_item&amp;quot;&gt;&lt;a href=&amp;quot;https:\/\/xqthenews.com\/en\/journalism-and-education-the-purpose-of-reason-for-news-in-the-age-of-disinformation\/&amp;quot;target=&amp;quot;_blank&amp;quot;&gt;Journalism and Education: The purpose of News in the Age of Disinformation&lt;\/a&gt;&lt;\/li&gt;&lt;li class=&amp;quot;cmtt_related_item&amp;quot;&gt;&lt;a href=&amp;quot;https:\/\/xqthenews.com\/es\/journalism-and-education-the-purpose-of-news-in-the-age-of-disinformation\/&amp;quot;target=&amp;quot;_blank&amp;quot;&gt;Journalism and Education: The purpose of News in the Age of Disinformation&lt;\/a&gt;&lt;\/li&gt;&lt;\/ul&gt;&lt;\/div&gt;\" href=\"https:\/\/xqthenews.com\/es\/glossary\/fake-news\/\" data-gt-translate-attributes='[{\"attribute\":\"data-cmtooltip\", \"format\":\"html\"}]' tabindex=\"0\" role=\"link\">fake news<\/a><\/em>.<\/p>\n\n\n\n<p>Las sesiones se organizan en paneles monotem&aacute;ticos y se retransmiten en directo a trav&eacute;s de<a href=\"https:\/\/www.youtube.com\/channel\/UCNqscaP9NIh3kOB4Y7JuQ3Q\"> YouTube<\/a>,<a href=\"https:\/\/www.facebook.com\/forumgiornaliste\"> Facebook<\/a> and<a href=\"https:\/\/x.com\/Giornaliste\"> X\/Twitter<\/a>: un espacio de reflexi&oacute;n sobre la condici&oacute;n actual de las mujeres, m&aacute;s de 20 a&ntilde;os despu&eacute;s de la Conferencia Mundial sobre la Mujer en Pek&iacute;n, de la que sali&oacute; la declaraci&oacute;n m&aacute;s avanzada sobre los derechos de la mujer, aprobada por 189 pa&iacute;ses pero que qued&oacute; en papel mojado para muchas de ellas.<\/p>\n\n\n\n<p>El evento se caracteriza por su compromiso en la lucha contra los discursos de odio, el sexismo, y los <a class=\"glossaryLink\" aria-describedby=\"tt\" data-cmtooltip=\"&lt;div class=glossaryItemTitle&gt;Estereotipos de g&eacute;nero&lt;\/div&gt;&lt;div class=glossaryItemBody&gt;&amp;lt;!-- wp:paragraph --&amp;gt;&Eacute;stos se refieren a la visi&oacute;n generalizada y a las nociones preconcebidas sobre ciertos atributos, caracter&iacute;sticas intr&iacute;nsecas, y roles inmutables que las mujeres tiene que o deben poseer o cumplir. Los estereotipos de g&eacute;nero son siempre da&ntilde;inos porque limitan la habilidad tanto de mujeres como de hombres para desarrollar sus habilidades personales, perseguir sus carreras profesionales y, generalmente, tomar decisiones libres e informadas sobre sus vidas.&amp;lt;br\/&amp;gt;&amp;lt;!-- \/wp:paragraph --&amp;gt;&lt;\/div&gt;&lt;div id=&amp;quot;cmtt_related_articles&amp;quot; class=&amp;quot;cmtt_related_articles_wrapper&amp;quot;&gt;&lt;div class=&amp;quot;cmtt_related_title cmtt_related_articles_title&amp;quot;&gt;Related Articles: &lt;\/div&gt;&lt;ul class=&amp;quot;cmtt_related&amp;quot;&gt;&lt;li class=&amp;quot;cmtt_related_item&amp;quot;&gt;&lt;a href=&amp;quot;https:\/\/xqthenews.com\/es\/glossary\/foro-de-mujeres-periodistas-del-mediterraneo\/&amp;quot;target=&amp;quot;_blank&amp;quot;&gt;Glossary:  Foro de Mujeres Periodistas del Mediterr&aacute;neo&lt;\/a&gt;&lt;\/li&gt;&lt;li class=&amp;quot;cmtt_related_item&amp;quot;&gt;&lt;a href=&amp;quot;https:\/\/xqthenews.com\/es\/arranca-en-apulia-el-9o-foro-de-mujeres-periodistas-del-mediterraneo\/&amp;quot;target=&amp;quot;_blank&amp;quot;&gt;Arranca en Apulia el 9&ordm; Foro de Mujeres Periodistas del Mediterr&aacute;neo&lt;\/a&gt;&lt;\/li&gt;&lt;li class=&amp;quot;cmtt_related_item&amp;quot;&gt;&lt;a href=&amp;quot;https:\/\/xqthenews.com\/es\/maria-calado-el-inicio-de-los-trastornos-de-conducta-alimentaria-se-esta-adelantando-hay-mas-casos-de-ninas\/&amp;quot;target=&amp;quot;_blank&amp;quot;&gt;Mar&iacute;a Calado: &amp;quot;El inicio de los trastornos de conducta alimentaria se est&aacute; adelantando; hay m&aacute;s casos de ni&ntilde;as&rdquo;&lt;\/a&gt;&lt;\/li&gt;&lt;li class=&amp;quot;cmtt_related_item&amp;quot;&gt;&lt;a href=&amp;quot;https:\/\/xqthenews.com\/es\/conoce-a-las-mujeres-que-estan-salvando-el-oceano-un-proyecto-inspirador-en-cada-ocasion\/&amp;quot;target=&amp;quot;_blank&amp;quot;&gt;Conoce a las mujeres que est&aacute;n salvando el oc&eacute;ano: un proyecto inspirador en cada ocasi&oacute;n&lt;\/a&gt;&lt;\/li&gt;&lt;li class=&amp;quot;cmtt_related_item&amp;quot;&gt;&lt;a href=&amp;quot;https:\/\/xqthenews.com\/es\/adolescencia-el-inquietante-relato-de-la-adolescencia-digital\/&amp;quot;target=&amp;quot;_blank&amp;quot;&gt;&nbsp;&amp;quot;Adolescencia&rdquo;: el inquietante relato de la adolescencia digital&lt;\/a&gt;&lt;\/li&gt;&lt;\/ul&gt;&lt;\/div&gt;\" href=\"https:\/\/xqthenews.com\/es\/glossary\/estereotipos-de-genero\/\" data-gt-translate-attributes='[{\"attribute\":\"data-cmtooltip\", \"format\":\"html\"}]' tabindex=\"0\" role=\"link\">estereotipos de g&eacute;nero<\/a>, cuestiones estrechamente vinculadas a la representaci&oacute;n de las mujeres en los medios de comunicaci&oacute;n, ya que contribuyen a reforzar o crear la cultura patriarcal que subyace a la violencia de g&eacute;nero. El Foro es una gran comunidad educativa en camino hacia un periodismo &eacute;tico e integrador mediante la promoci&oacute;n de un enfoque decolonial e interseccional de la narraci&oacute;n period&iacute;stica.<\/p>\n\n\n\n<p>En nueve a&ntilde;os,<a href=\"https:\/\/www.giornaliste.org\/speakers\/\"> casi 300 expertas<\/a> (la mayor&iacute;a mujeres, con bienvenida presencia masculina) han participado en el #FMWJ como<a href=\"https:\/\/www.giornaliste.org\/speakers\/\"> oradoras<\/a>, incluyendo periodistas, reporteras, activistas, cient&iacute;ficas, e investigadoras universitarias implicadas en los estudios de derechos humanos y de g&eacute;nero, quienes han compartido sus experiencias y testimonios desde las distintas orillas de los pa&iacute;ses euromediterr&aacute;neos, informando sobre sobre las brechas en materia de derechos humanos de las mujeres e identificando acciones concretas para promover el avance de los derechos de las mujeres en los pa&iacute;ses europeos, de Oriente Medio, del Norte de &Aacute;frica, y de los Balcanes.<\/p>\n\n\n\n<h2 class=\"wp-block-heading\">&nbsp;El Programa del 2024<\/h2>\n\n\n\n<p>&ldquo;El cuidado de la prensa, el cuidado de la vida. Liberar la verdad, nutrir la vida&rdquo; es el tema principal de la novena edici&oacute;n. Proteger la libertad de informaci&oacute;n significa defender cada aspecto de la vida democr&aacute;tica: <a class=\"glossaryLink\" aria-describedby=\"tt\" data-cmtooltip=\"&lt;div class=glossaryItemTitle&gt;Derechos civiles&lt;\/div&gt;&lt;div class=glossaryItemBody&gt;&amp;lt;!-- wp:paragraph --&amp;gt;Los derechos civiles son garant&iacute;as fundamentales que protegen las libertades individuales, asegurando igualdad ante la ley, libertad de expresi&oacute;n, derecho a la propiedad y protecci&oacute;n contra la discriminaci&oacute;n.&amp;lt;br\/&amp;gt;&amp;lt;!-- \/wp:paragraph --&amp;gt;&lt;\/div&gt;&lt;div id=&amp;quot;cmtt_related_articles&amp;quot; class=&amp;quot;cmtt_related_articles_wrapper&amp;quot;&gt;&lt;div class=&amp;quot;cmtt_related_title cmtt_related_articles_title&amp;quot;&gt;Related Articles: &lt;\/div&gt;&lt;ul class=&amp;quot;cmtt_related&amp;quot;&gt;&lt;li class=&amp;quot;cmtt_related_item&amp;quot;&gt;&lt;a href=&amp;quot;https:\/\/xqthenews.com\/es\/arranca-en-apulia-el-9o-foro-de-mujeres-periodistas-del-mediterraneo\/&amp;quot;target=&amp;quot;_blank&amp;quot;&gt;Arranca en Apulia el 9&ordm; Foro de Mujeres Periodistas del Mediterr&aacute;neo&lt;\/a&gt;&lt;\/li&gt;&lt;li class=&amp;quot;cmtt_related_item&amp;quot;&gt;&lt;a href=&amp;quot;https:\/\/xqthenews.com\/es\/el-periodismo-femenino-es-fuente-de-vida-declaracion-de-la-9a-fmwj\/&amp;quot;target=&amp;quot;_blank&amp;quot;&gt;El periodismo femenino es fuente de vida: declaraci&oacute;n de la 9&ordf; FMWJ&lt;\/a&gt;&lt;\/li&gt;&lt;li class=&amp;quot;cmtt_related_item&amp;quot;&gt;&lt;a href=&amp;quot;https:\/\/xqthenews.com\/es\/los-derechos-de-las-personas-lgbt-en-europa-se-estan-reduciendo\/&amp;quot;target=&amp;quot;_blank&amp;quot;&gt;Los derechos de las personas LGBT+ en Europa se est&aacute;n reduciendo&lt;\/a&gt;&lt;\/li&gt;&lt;\/ul&gt;&lt;\/div&gt;\" href=\"https:\/\/xqthenews.com\/es\/glossary\/derechos-civiles\/\" data-gt-translate-attributes='[{\"attribute\":\"data-cmtooltip\", \"format\":\"html\"}]' tabindex=\"0\" role=\"link\">derechos civiles<\/a>, derechos humanos y justicia ambiental y ecol&oacute;gica.<\/p>\n\n\n\n<p>El nivel de libertad de prensa mide la <a class=\"glossaryLink\" aria-describedby=\"tt\" data-cmtooltip=\"&lt;div class=glossaryItemTitle&gt;Resiliencia&lt;\/div&gt;&lt;div class=glossaryItemBody&gt;&amp;lt;!-- wp:paragraph --&amp;gt;La resiliencia es la capacidad de recuperarse frente a la adversidad, adaptarse a situaciones dif&iacute;ciles y salir fortalecido de ellas.&amp;lt;br\/&amp;gt;&amp;lt;!-- \/wp:paragraph --&amp;gt;&lt;\/div&gt;&lt;div id=&amp;quot;cmtt_related_articles&amp;quot; class=&amp;quot;cmtt_related_articles_wrapper&amp;quot;&gt;&lt;div class=&amp;quot;cmtt_related_title cmtt_related_articles_title&amp;quot;&gt;Related Articles: &lt;\/div&gt;&lt;ul class=&amp;quot;cmtt_related&amp;quot;&gt;&lt;li class=&amp;quot;cmtt_related_item&amp;quot;&gt;&lt;a href=&amp;quot;https:\/\/xqthenews.com\/es\/luchar-contra-el-cambio-climatico-tambien-es-combatir-la-desinformacion\/&amp;quot;target=&amp;quot;_blank&amp;quot;&gt;Luchar contra el cambio clim&aacute;tico tambi&eacute;n es combatir la desinformaci&oacute;n&lt;\/a&gt;&lt;\/li&gt;&lt;li class=&amp;quot;cmtt_related_item&amp;quot;&gt;&lt;a href=&amp;quot;https:\/\/xqthenews.com\/es\/movimientos-juveniles-en-europa-en-busca-de-respuestas-a-la-crisis-climatica\/&amp;quot;target=&amp;quot;_blank&amp;quot;&gt;Movimientos juveniles en Europa en busca de respuestas a la crisis clim&aacute;tica&lt;\/a&gt;&lt;\/li&gt;&lt;li class=&amp;quot;cmtt_related_item&amp;quot;&gt;&lt;a href=&amp;quot;https:\/\/xqthenews.com\/es\/cop-28-y-la-participacion-de-los-jovenes-en-el-desafio-climatico\/&amp;quot;target=&amp;quot;_blank&amp;quot;&gt;COP 28 y la participaci&oacute;n de los j&oacute;venes en el desaf&iacute;o clim&agrave;tico&lt;\/a&gt;&lt;\/li&gt;&lt;li class=&amp;quot;cmtt_related_item&amp;quot;&gt;&lt;a href=&amp;quot;https:\/\/xqthenews.com\/es\/los-dibujos-de-la-guerra-de-ucrania\/&amp;quot;target=&amp;quot;_blank&amp;quot;&gt;Los dibujos de la guerra de Ucrania&lt;\/a&gt;&lt;\/li&gt;&lt;li class=&amp;quot;cmtt_related_item&amp;quot;&gt;&lt;a href=&amp;quot;https:\/\/xqthenews.com\/es\/mitigar-y-adaptarse-un-analisis-de-el-balance-mundial\/&amp;quot;target=&amp;quot;_blank&amp;quot;&gt;Mitigar y adaptarse. Un an&aacute;lisis de El Balance Mundial&lt;\/a&gt;&lt;\/li&gt;&lt;\/ul&gt;&lt;\/div&gt;\" href=\"https:\/\/xqthenews.com\/es\/glossary\/resiliencia\/\" data-gt-translate-attributes='[{\"attribute\":\"data-cmtooltip\", \"format\":\"html\"}]' tabindex=\"0\" role=\"link\">resiliencia<\/a> del imperio de la ley. En Italia, la inestabilidad del sistema editorial y la precariedad laboral de las periodistas j&oacute;venes no garantizan la rotaci&oacute;n en una profesi&oacute;n cuyas filas no dejan de disminuir.<\/p>\n\n\n\n<p>Mientras las nuevas reformas legislativas socavan el derecho de los <a class=\"glossaryLink\" aria-describedby=\"tt\" data-cmtooltip=\"&lt;div class=glossaryItemTitle&gt;Ciudadanos&lt;\/div&gt;&lt;div class=glossaryItemBody&gt;&amp;lt;!-- wp:paragraph --&amp;gt;Un concepto que implica cuestiones relacionadas con los derechos y los deberes, as&iacute; como con las ideas de igualdad, diversidad y justicia social. No s&oacute;lo referido al acto de votar, el concepto de ciudadan&iacute;a incluye todo un conjunto de acciones practicadas por cada persona, con impacto en la vida de la comunidad (local, nacional, regional e internacional), inseparable del espacio p&uacute;blico en el que las personas pueden actuar juntas.&amp;lt;br\/&amp;gt;&amp;lt;!-- \/wp:paragraph --&amp;gt;&amp;lt;!-- wp:paragraph --&amp;gt;(Fuente: CIG &ndash; Comiss&atilde;o para a Cidadania e Igualde de G&eacute;nero)&amp;lt;br\/&amp;gt;&amp;lt;!-- \/wp:paragraph --&amp;gt;&lt;\/div&gt;&lt;div id=&amp;quot;cmtt_related_articles&amp;quot; class=&amp;quot;cmtt_related_articles_wrapper&amp;quot;&gt;&lt;div class=&amp;quot;cmtt_related_title cmtt_related_articles_title&amp;quot;&gt;Related Articles: &lt;\/div&gt;&lt;ul class=&amp;quot;cmtt_related&amp;quot;&gt;&lt;li class=&amp;quot;cmtt_related_item&amp;quot;&gt;&lt;a href=&amp;quot;https:\/\/xqthenews.com\/es\/que-es-el-fascismo\/&amp;quot;target=&amp;quot;_blank&amp;quot;&gt;&iquest;Qu&eacute; es el fascismo?&lt;\/a&gt;&lt;\/li&gt;&lt;li class=&amp;quot;cmtt_related_item&amp;quot;&gt;&lt;a href=&amp;quot;https:\/\/xqthenews.com\/es\/por-que-el-futbol-es-un-fenomeno-global\/&amp;quot;target=&amp;quot;_blank&amp;quot;&gt;&iquest;Por qu&eacute; el f&uacute;tbol es un fen&oacute;meno global?&lt;\/a&gt;&lt;\/li&gt;&lt;li class=&amp;quot;cmtt_related_item&amp;quot;&gt;&lt;a href=&amp;quot;https:\/\/xqthenews.com\/es\/mensaje-en-una-botella-o-los-plasticos-que-nunca-desaparecen\/&amp;quot;target=&amp;quot;_blank&amp;quot;&gt;Mensaje en una botella, o los pl&aacute;sticos que nunca desaparecen&lt;\/a&gt;&lt;\/li&gt;&lt;li class=&amp;quot;cmtt_related_item&amp;quot;&gt;&lt;a href=&amp;quot;https:\/\/xqthenews.com\/es\/apartheid-en-palestina-las-raices-profundas-de-la-guerra\/&amp;quot;target=&amp;quot;_blank&amp;quot;&gt;Apartheid en Palestina, las ra&iacute;ces profundas de la guerra&lt;\/a&gt;&lt;\/li&gt;&lt;li class=&amp;quot;cmtt_related_item&amp;quot;&gt;&lt;a href=&amp;quot;https:\/\/xqthenews.com\/es\/luchar-contra-el-cambio-climatico-tambien-es-combatir-la-desinformacion\/&amp;quot;target=&amp;quot;_blank&amp;quot;&gt;Luchar contra el cambio clim&aacute;tico tambi&eacute;n es combatir la desinformaci&oacute;n&lt;\/a&gt;&lt;\/li&gt;&lt;\/ul&gt;&lt;\/div&gt;\" href=\"https:\/\/xqthenews.com\/es\/glossary\/ciudadania\/\" data-gt-translate-attributes='[{\"attribute\":\"data-cmtooltip\", \"format\":\"html\"}]' tabindex=\"0\" role=\"link\">ciudadanos<\/a> a ser informados, la Uni&oacute;n Europa da la voz de alarma sobre las reformas de la justicia, la protecci&oacute;n de los periodistas frente a demandas temerarias y la crisis de pluralidad en la radiotelevisi&oacute;n p&uacute;blica.<\/p>\n\n\n\n<p>El<a href=\"https:\/\/www.giornaliste.org\/il-programma\/\"> Programa del Foro de 2024<\/a> tambi&eacute;n abordar&aacute; la maternidad, la salud mental, el liderazgo en el periodismo, y la reproducci&oacute;n social, la cual recae enteramente, sin remuneraci&oacute;n, en los hombros de las mujeres. Tambi&eacute;n se dar&aacute; espacio a la geopol&iacute;tica con la participaci&oacute;n de mujeres periodistas del Kurdist&aacute;n turco e iraqu&iacute;, Rojava (el noreste de Siria), Espa&ntilde;a, Grecia, el Reino Unido, B&eacute;lgica, la Costa de Marfil, la &Aacute;frica subsahariana, Palestina, Egipto e Italia.<\/p>\n\n\n\n<p>Los trabajos se inauguran en la Universidad de Bari el 25 de noviembre, fecha en la que tambi&eacute;n se celebra el <a class=\"glossaryLink\" aria-describedby=\"tt\" data-cmtooltip=\"&lt;div class=glossaryItemTitle&gt;D&iacute;a Internacional de la Eliminaci&oacute;n de la Violencia contra la Mujer&lt;\/div&gt;&lt;div class=glossaryItemBody&gt;&amp;lt;!-- wp:paragraph --&amp;gt;Establecido en 1999 por la Asamblea General de las Naciones Unidas, el D&iacute;a pretende sensibilizar a la opini&oacute;n p&uacute;blica y a los gobiernos nacionales sobre la importancia de combatir la violencia contra las mujeres y promover el respeto de sus derechos. La elecci&oacute;n del 25 de noviembre no es casual, ya que marca el inicio de los &laquo;16 d&iacute;as de activismo contra la violencia de g&eacute;nero&raquo;, una campa&ntilde;a que culmina el 10 de diciembre con el D&iacute;a Mundial de los Derechos Humanos, y que pone de relieve la correlaci&oacute;n entre la violencia de g&eacute;nero y las violaciones de los derechos humanos.&amp;lt;br\/&amp;gt;&amp;lt;!-- \/wp:paragraph --&amp;gt;&lt;\/div&gt;&lt;div id=&amp;quot;cmtt_related_articles&amp;quot; class=&amp;quot;cmtt_related_articles_wrapper&amp;quot;&gt;&lt;div class=&amp;quot;cmtt_related_title cmtt_related_articles_title&amp;quot;&gt;Related Articles: &lt;\/div&gt;&lt;ul class=&amp;quot;cmtt_related&amp;quot;&gt;&lt;li class=&amp;quot;cmtt_related_item&amp;quot;&gt;&lt;a href=&amp;quot;https:\/\/xqthenews.com\/es\/arranca-en-apulia-el-9o-foro-de-mujeres-periodistas-del-mediterraneo\/&amp;quot;target=&amp;quot;_blank&amp;quot;&gt;Arranca en Apulia el 9&ordm; Foro de Mujeres Periodistas del Mediterr&aacute;neo&lt;\/a&gt;&lt;\/li&gt;&lt;\/ul&gt;&lt;\/div&gt;\" href=\"https:\/\/xqthenews.com\/es\/glossary\/dia-internacional-de-la-eliminacion-de-la-violencia-contra-la-mujer\/\" data-gt-translate-attributes='[{\"attribute\":\"data-cmtooltip\", \"format\":\"html\"}]' tabindex=\"0\" role=\"link\">D&iacute;a Internacional de la Eliminaci&oacute;n de la Violencia contra la Mujer<\/a> (instituido por la <a class=\"glossaryLink\"  aria-describedby=\"tt\"  data-cmtooltip=\"&lt;div class=glossaryItemTitle&gt;ONU&lt;\/div&gt;&lt;div class=glossaryItemBody&gt;&amp;lt;!-- wp:paragraph --&amp;gt;La ONU (Organizaci&oacute;n de las Naciones Unidas) es una entidad internacional fundada en 1945 para promover la cooperaci&oacute;n global y la paz, compuesta por 193 estados miembros&amp;lt;br\/&amp;gt;&amp;lt;!-- \/wp:paragraph --&amp;gt;&lt;\/div&gt;&lt;div id=&amp;quot;cmtt_related_articles&amp;quot; class=&amp;quot;cmtt_related_articles_wrapper&amp;quot;&gt;&lt;div class=&amp;quot;cmtt_related_title cmtt_related_articles_title&amp;quot;&gt;Related Articles: &lt;\/div&gt;&lt;ul class=&amp;quot;cmtt_related&amp;quot;&gt;&lt;li class=&amp;quot;cmtt_related_item&amp;quot;&gt;&lt;a href=&amp;quot;https:\/\/xqthenews.com\/es\/mensaje-en-una-botella-o-los-plasticos-que-nunca-desaparecen\/&amp;quot;target=&amp;quot;_blank&amp;quot;&gt;Mensaje en una botella, o los pl&aacute;sticos que nunca desaparecen&lt;\/a&gt;&lt;\/li&gt;&lt;li class=&amp;quot;cmtt_related_item&amp;quot;&gt;&lt;a href=&amp;quot;https:\/\/xqthenews.com\/es\/apartheid-en-palestina-las-raices-profundas-de-la-guerra\/&amp;quot;target=&amp;quot;_blank&amp;quot;&gt;Apartheid en Palestina, las ra&iacute;ces profundas de la guerra&lt;\/a&gt;&lt;\/li&gt;&lt;li class=&amp;quot;cmtt_related_item&amp;quot;&gt;&lt;a href=&amp;quot;https:\/\/xqthenews.com\/es\/la-destruccion-de-gaza-el-ultimo-capitulo-de-cien-anos-de-odio\/&amp;quot;target=&amp;quot;_blank&amp;quot;&gt;La destrucci&oacute;n de Gaza, el &uacute;ltimo cap&iacute;tulo de cien a&ntilde;os de odio&lt;\/a&gt;&lt;\/li&gt;&lt;li class=&amp;quot;cmtt_related_item&amp;quot;&gt;&lt;a href=&amp;quot;https:\/\/xqthenews.com\/es\/israel-una-potencia-militarista-y-probada-en-combate\/&amp;quot;target=&amp;quot;_blank&amp;quot;&gt;Israel, una potencia militarista y &amp;quot;probada en combate&rdquo;&lt;\/a&gt;&lt;\/li&gt;&lt;li class=&amp;quot;cmtt_related_item&amp;quot;&gt;&lt;a href=&amp;quot;https:\/\/xqthenews.com\/es\/la-oms-denuncia-mas-de-230-ataques-israelies-a-la-atencion-sanitaria-palestina\/&amp;quot;target=&amp;quot;_blank&amp;quot;&gt;La OMS denuncia m&aacute;s de 230 ataques israel&iacute;es a la atenci&oacute;n sanitaria palestina&lt;\/a&gt;&lt;\/li&gt;&lt;\/ul&gt;&lt;\/div&gt;\"  href=\"https:\/\/xqthenews.com\/es\/glossary\/onu\/\"  data-gt-translate-attributes='[{\"attribute\":\"data-cmtooltip\", \"format\":\"html\"}]' tabindex='0' role='link'>ONU<\/a> en 1999), con la presencia del rector Stefano Bronzini y la presidenta del Consejo de la Regi&oacute;n de Apulia, Loredana Capone.<\/p>\n\n\n\n<p>El FMWJ es tambi&eacute;n un importante evento gratuito de formaci&oacute;n deontol&oacute;gica para mujeres periodistas. Cada panel se estructura como un aut&eacute;ntico curso de formaci&oacute;n profesional, reconocido con cr&eacute;ditos de formaci&oacute;n deontol&oacute;gica tanto para periodistas como para estudiantes universitarias, ofreciendo as&iacute; una importante oportunidad de crecimiento y actualizaci&oacute;n.<\/p>\n\n\n\n<h2 class=\"wp-block-heading\">Una red internacional de mujeres periodistas<\/h2>\n\n\n\n<p><a href=\"https:\/\/www.giornaliste.org\/partnership\/\">En nueve a&ntilde;os, la organizaci&oacute;n del Foro<\/a> ha recibido contribuciones de Co.Re.Com. Puglia, Amnesty International Italia, FNSI, UsigRai y el Consejo Regional de Igualdad. El evento de 2024 est&aacute; cofinanciado por el Banco Futra de la Regi&oacute;n de Apulia y la Orden Nacional de Periodistas. Adem&aacute;s de las entidades financiadoras, el <a class=\"glossaryLink\" aria-describedby=\"tt\" data-cmtooltip=\"&lt;div class=glossaryItemTitle&gt;Foro de Mujeres Periodistas del Mediterr&aacute;neo&lt;\/div&gt;&lt;div class=glossaryItemBody&gt;&amp;lt;!-- wp:paragraph --&amp;gt;El Foro de Mujeres Periodistas del Mediterr&aacute;neo (FMWJ) es una iniciativa fundada el 2016 que pretende promocionar un periodismo independiente, &eacute;tico e inclusivo, capaz de dar voz a periodistas investigadoras, corresponsales de zonas conflictivas, investigadoras, y activistas. El evento ocurre anualmente en Apulia para construir puentes culturales entre las orillas del Mediterr&aacute;neo, abordar cuestiones como la libertad de prensa y la justicia social y ambiental, y oponerse al sexismo y a los estereotipos de g&eacute;nero.&amp;amp;nbsp;&amp;lt;br\/&amp;gt;&amp;lt;!-- \/wp:paragraph --&amp;gt;&amp;lt;!-- wp:paragraph --&amp;gt;&amp;lt;br\/&amp;gt;&amp;lt;!-- \/wp:paragraph --&amp;gt;&lt;\/div&gt;&lt;div id=&amp;quot;cmtt_related_articles&amp;quot; class=&amp;quot;cmtt_related_articles_wrapper&amp;quot;&gt;&lt;div class=&amp;quot;cmtt_related_title cmtt_related_articles_title&amp;quot;&gt;Related Articles: &lt;\/div&gt;&lt;ul class=&amp;quot;cmtt_related&amp;quot;&gt;&lt;li class=&amp;quot;cmtt_related_item&amp;quot;&gt;&lt;a href=&amp;quot;https:\/\/xqthenews.com\/es\/arranca-en-apulia-el-9o-foro-de-mujeres-periodistas-del-mediterraneo\/&amp;quot;target=&amp;quot;_blank&amp;quot;&gt;Arranca en Apulia el 9&ordm; Foro de Mujeres Periodistas del Mediterr&aacute;neo&lt;\/a&gt;&lt;\/li&gt;&lt;li class=&amp;quot;cmtt_related_item&amp;quot;&gt;&lt;a href=&amp;quot;https:\/\/xqthenews.com\/es\/accion-empatia-y-responsabilidad-colectiva\/&amp;quot;target=&amp;quot;_blank&amp;quot;&gt;Acci&oacute;n, empat&iacute;a y responsabilidad colectiva&lt;\/a&gt;&lt;\/li&gt;&lt;li class=&amp;quot;cmtt_related_item&amp;quot;&gt;&lt;a href=&amp;quot;https:\/\/xqthenews.com\/es\/ante-lo-inesperado-cronica-de-la-segunda-jornada-del-foro-de-mujeres-periodistas-del-mediterraneo\/&amp;quot;target=&amp;quot;_blank&amp;quot;&gt;Ante lo inesperado: cr&oacute;nica de la segunda jornada del Foro de Mujeres Periodistas del Mediterr&aacute;neo.&lt;\/a&gt;&lt;\/li&gt;&lt;li class=&amp;quot;cmtt_related_item&amp;quot;&gt;&lt;a href=&amp;quot;https:\/\/xqthenews.com\/es\/innovacion-en-la-ensenanza-del-periodismo-gracias-a-los-hologramas\/&amp;quot;target=&amp;quot;_blank&amp;quot;&gt;Innovaci&oacute;n en la ense&ntilde;anza del periodismo gracias a los hologramas&lt;\/a&gt;&lt;\/li&gt;&lt;\/ul&gt;&lt;\/div&gt;\" href=\"https:\/\/xqthenews.com\/es\/glossary\/foro-de-mujeres-periodistas-del-mediterraneo\/\" data-gt-translate-attributes='[{\"attribute\":\"data-cmtooltip\", \"format\":\"html\"}]' tabindex=\"0\" role=\"link\">Foro de Mujeres Periodistas del Mediterr&aacute;neo<\/a> ha recibido apoyo de: la UNESCO, la <a class=\"glossaryLink\"  aria-describedby=\"tt\"  data-cmtooltip=\"&lt;div class=glossaryItemTitle&gt;ONU&lt;\/div&gt;&lt;div class=glossaryItemBody&gt;&amp;lt;!-- wp:paragraph --&amp;gt;La ONU (Organizaci&oacute;n de las Naciones Unidas) es una entidad internacional fundada en 1945 para promover la cooperaci&oacute;n global y la paz, compuesta por 193 estados miembros&amp;lt;br\/&amp;gt;&amp;lt;!-- \/wp:paragraph --&amp;gt;&lt;\/div&gt;&lt;div id=&amp;quot;cmtt_related_articles&amp;quot; class=&amp;quot;cmtt_related_articles_wrapper&amp;quot;&gt;&lt;div class=&amp;quot;cmtt_related_title cmtt_related_articles_title&amp;quot;&gt;Related Articles: &lt;\/div&gt;&lt;ul class=&amp;quot;cmtt_related&amp;quot;&gt;&lt;li class=&amp;quot;cmtt_related_item&amp;quot;&gt;&lt;a href=&amp;quot;https:\/\/xqthenews.com\/es\/mensaje-en-una-botella-o-los-plasticos-que-nunca-desaparecen\/&amp;quot;target=&amp;quot;_blank&amp;quot;&gt;Mensaje en una botella, o los pl&aacute;sticos que nunca desaparecen&lt;\/a&gt;&lt;\/li&gt;&lt;li class=&amp;quot;cmtt_related_item&amp;quot;&gt;&lt;a href=&amp;quot;https:\/\/xqthenews.com\/es\/apartheid-en-palestina-las-raices-profundas-de-la-guerra\/&amp;quot;target=&amp;quot;_blank&amp;quot;&gt;Apartheid en Palestina, las ra&iacute;ces profundas de la guerra&lt;\/a&gt;&lt;\/li&gt;&lt;li class=&amp;quot;cmtt_related_item&amp;quot;&gt;&lt;a href=&amp;quot;https:\/\/xqthenews.com\/es\/la-destruccion-de-gaza-el-ultimo-capitulo-de-cien-anos-de-odio\/&amp;quot;target=&amp;quot;_blank&amp;quot;&gt;La destrucci&oacute;n de Gaza, el &uacute;ltimo cap&iacute;tulo de cien a&ntilde;os de odio&lt;\/a&gt;&lt;\/li&gt;&lt;li class=&amp;quot;cmtt_related_item&amp;quot;&gt;&lt;a href=&amp;quot;https:\/\/xqthenews.com\/es\/israel-una-potencia-militarista-y-probada-en-combate\/&amp;quot;target=&amp;quot;_blank&amp;quot;&gt;Israel, una potencia militarista y &amp;quot;probada en combate&rdquo;&lt;\/a&gt;&lt;\/li&gt;&lt;li class=&amp;quot;cmtt_related_item&amp;quot;&gt;&lt;a href=&amp;quot;https:\/\/xqthenews.com\/es\/la-oms-denuncia-mas-de-230-ataques-israelies-a-la-atencion-sanitaria-palestina\/&amp;quot;target=&amp;quot;_blank&amp;quot;&gt;La OMS denuncia m&aacute;s de 230 ataques israel&iacute;es a la atenci&oacute;n sanitaria palestina&lt;\/a&gt;&lt;\/li&gt;&lt;\/ul&gt;&lt;\/div&gt;\"  href=\"https:\/\/xqthenews.com\/es\/glossary\/onu\/\"  data-gt-translate-attributes='[{\"attribute\":\"data-cmtooltip\", \"format\":\"html\"}]' tabindex='0' role='link'>ONU<\/a>, la OSCE, la Fundaci&oacute;n Anna Lindh, ACNUR, la Presidencia de la C&aacute;mara de Diputados, la Accademia Della Crusca, la Asociaci&oacute;n Art&iacute;culo 21, UsigRai, Reporteros sin Fronteras, Ossigeno per l&rsquo;Informazione, el M&aacute;ster en Periodismo de la Universidad de Bari, la Universidad de Malta, la Universidad de Rojava, la Universidad del Salento, la Asociaci&oacute;n de Periodistas Europeos de Bulgaria, el Colegio de Periodistas de Catalu&ntilde;a, el Centro Checo para el <a class=\"glossaryLink\" aria-describedby=\"tt\" data-cmtooltip=\"&lt;div class=glossaryItemTitle&gt;Periodismo de investigaci&oacute;n&lt;\/div&gt;&lt;div class=glossaryItemBody&gt;&amp;lt;!-- wp:paragraph --&amp;gt;Es una pr&aacute;ctica period&iacute;stica que tiene como objetivo descubrir hechos ocultos o desconocidos, a trav&eacute;s de una investigaci&oacute;n exhaustiva y meticulosa. Se caracteriza por su compromiso en la recopilaci&oacute;n de pruebas, la documentaci&oacute;n de situaciones y la entrevista de testigos para revelar verdades inc&oacute;modas. Este tipo de periodismo a menudo aborda temas de inter&eacute;s p&uacute;blico, como la corrupci&oacute;n, el abuso de poder o la injusticia social. El periodismo de investigaci&oacute;n requiere independencia, objetividad, un estricto respeto por la &eacute;tica profesional y una cierta dosis de valent&iacute;a.&amp;lt;br\/&amp;gt;&amp;lt;!-- \/wp:paragraph --&amp;gt;&lt;\/div&gt;&lt;div id=&amp;quot;cmtt_related_articles&amp;quot; class=&amp;quot;cmtt_related_articles_wrapper&amp;quot;&gt;&lt;div class=&amp;quot;cmtt_related_title cmtt_related_articles_title&amp;quot;&gt;Related Articles: &lt;\/div&gt;&lt;ul class=&amp;quot;cmtt_related&amp;quot;&gt;&lt;li class=&amp;quot;cmtt_related_item&amp;quot;&gt;&lt;a href=&amp;quot;https:\/\/xqthenews.com\/es\/la-ciudad-de-bari-protagonista-del-periodismo-europeo-en-2025\/&amp;quot;target=&amp;quot;_blank&amp;quot;&gt;La ciudad de Bari, protagonista del periodismo europeo en 2025&lt;\/a&gt;&lt;\/li&gt;&lt;\/ul&gt;&lt;\/div&gt;\" href=\"https:\/\/xqthenews.com\/es\/glossary\/periodismo-de-investigacion\/\" data-gt-translate-attributes='[{\"attribute\":\"data-cmtooltip\", \"format\":\"html\"}]' tabindex=\"0\" role=\"link\">Periodismo de Investigaci&oacute;n<\/a>, el Centro Europeo de Investigaci&oacute;n para la Innovaci&oacute;n Sostenible, el Foro Uzbeco para los Derechos Humanos de Berl&iacute;n, Radio Radicale, numerosos centros contra la violencia, y otras asociaciones nacionales e internacionales.<\/p>\n\n\n\n<figure class=\"wp-block-image size-full is-resized\"><img decoding=\"async\" width=\"643\" height=\"481\" src=\"https:\/\/xqthenews.com\/wp-content\/uploads\/2024\/11\/Imagen-no-1-1.jpg\" alt=\"\" class=\"wp-image-25959\" style=\"width:780px;height:auto\" srcset=\"https:\/\/xqthenews.com\/wp-content\/uploads\/2024\/11\/Imagen-no-1-1.jpg 643w, https:\/\/xqthenews.com\/wp-content\/uploads\/2024\/11\/Imagen-no-1-1-300x224.jpg 300w, https:\/\/xqthenews.com\/wp-content\/uploads\/2024\/11\/Imagen-no-1-1-150x112.jpg 150w, https:\/\/xqthenews.com\/wp-content\/uploads\/2024\/11\/Imagen-no-1-1-450x337.jpg 450w\" sizes=\"(max-width: 643px) 100vw, 643px\"\/><figcaption class=\"wp-element-caption\"><strong>De izquierda a derecha:&nbsp; Umida Niyazova, Maril&ugrave; Mastrogiovanni, Marcello Carrozzo, Rosaria Talarico.<\/strong><\/figcaption><\/figure>\n\n\n\n<hr class=\"wp-block-separator has-text-color has-vivid-green-cyan-color has-alpha-channel-opacity has-vivid-green-cyan-background-color has-background is-style-wide\">\n\n\n\n<div style=\"height:100px\" aria-hidden=\"true\" class=\"wp-block-spacer\"><\/div>\n\n\n<script type=\"text\/javascript\">\n\/* <![CDATA[ *\/\nvar gform;gform||(document.addEventListener(\"gform_main_scripts_loaded\",function(){gform.scriptsLoaded=!0}),document.addEventListener(\"gform\/theme\/scripts_loaded\",function(){gform.themeScriptsLoaded=!0}),window.addEventListener(\"DOMContentLoaded\",function(){gform.domLoaded=!0}),gform={domLoaded:!1,scriptsLoaded:!1,themeScriptsLoaded:!1,isFormEditor:()=>\"function\"==typeof InitializeEditor,callIfLoaded:function(o){return!(!gform.domLoaded||!gform.scriptsLoaded||!gform.themeScriptsLoaded&&!gform.isFormEditor()||(gform.isFormEditor()&&console.warn(\"The use of gform.initializeOnLoaded() is deprecated in the form editor context and will be removed in Gravity Forms 3.1.\"),o(),0))},initializeOnLoaded:function(o){gform.callIfLoaded(o)||(document.addEventListener(\"gform_main_scripts_loaded\",()=>{gform.scriptsLoaded=!0,gform.callIfLoaded(o)}),document.addEventListener(\"gform\/theme\/scripts_loaded\",()=>{gform.themeScriptsLoaded=!0,gform.callIfLoaded(o)}),window.addEventListener(\"DOMContentLoaded\",()=>{gform.domLoaded=!0,gform.callIfLoaded(o)}))},hooks:{action:{},filter:{}},addAction:function(o,r,e,t){gform.addHook(\"action\",o,r,e,t)},addFilter:function(o,r,e,t){gform.addHook(\"filter\",o,r,e,t)},doAction:function(o){gform.doHook(\"action\",o,arguments)},applyFilters:function(o){return gform.doHook(\"filter\",o,arguments)},removeAction:function(o,r){gform.removeHook(\"action\",o,r)},removeFilter:function(o,r,e){gform.removeHook(\"filter\",o,r,e)},addHook:function(o,r,e,t,n){null==gform.hooks[o][r]&&(gform.hooks[o][r]=[]);var d=gform.hooks[o][r];null==n&&(n=r+\"_\"+d.length),gform.hooks[o][r].push({tag:n,callable:e,priority:t=null==t?10:t})},doHook:function(r,o,e){var t;if(e=Array.prototype.slice.call(e,1),null!=gform.hooks[r][o]&&((o=gform.hooks[r][o]).sort(function(o,r){return o.priority-r.priority}),o.forEach(function(o){\"function\"!=typeof(t=o.callable)&&(t=window[t]),\"action\"==r?t.apply(null,e):e[0]=t.apply(null,e)})),\"filter\"==r)return e[0]},removeHook:function(o,r,t,n){var e;null!=gform.hooks[o][r]&&(e=(e=gform.hooks[o][r]).filter(function(o,r,e){return!!(null!=n&&n!=o.tag||null!=t&&t!=o.priority)}),gform.hooks[o][r]=e)}});\n\/* ]]> *\/\n<\/script>\n\n                <div class=\"gf_browser_gecko gform_wrapper gravity-theme gform-theme--no-framework quiz_wrapper\" data-form-theme=\"gravity-theme\" data-form-index=\"0\" id=\"gform_wrapper_792\"><div id=\"gf_792\" class=\"gform_anchor\" tabindex=\"-1\"><\/div>\n                        <div class=\"gform_heading\">\n                            <h2 class=\"gform_title\">Cuestionario de comprensi&oacute;n lectora. Arranca en Apulia el 9&ordm; Foro de Mujeres Periodistas del Mediterr&aacute;neo<\/h2>\n                            <p class=\"gform_description\"><\/p>\n                        <\/div><form method=\"post\" enctype=\"multipart\/form-data\" id=\"gform_792\" class=\"quiz\" action=\"\/es\/wp-json\/wp\/v2\/posts\/25958#gf_792\" data-formid=\"792\" novalidate> \r\n <input type=\"hidden\" class=\"gforms-pum\" value='{\"closepopup\":false,\"closedelay\":0,\"openpopup\":false,\"openpopup_id\":0}'>\n        <div id=\"gf_progressbar_wrapper_792\" class=\"gf_progressbar_wrapper\" data-start-at-zero=\"\">\n        \t<p class=\"gf_progressbar_title\">Paso <span class=\"gf_step_current_page\">1<\/span> de <span class=\"gf_step_page_count\">3<\/span><span class=\"gf_step_page_name\"><\/span>\n        \t<\/p>\n            <div class=\"gf_progressbar gf_progressbar_blue\" aria-hidden=\"true\">\n                <div class=\"gf_progressbar_percentage percentbar_blue percentbar_33\" style=\"width:33%;\"><span>33%<\/span><\/div>\n            <\/div><\/div>\n                        <div class=\"gform-body gform_body\"><div id=\"gform_page_792_1\" class=\"gform_page \" data-js=\"page-field-id-0\">\n\t\t\t\t\t<div class=\"gform_page_fields\"><div id=\"gform_fields_792\" class=\"gform_fields top_label form_sublabel_below description_below validation_below\"><fieldset id=\"field_792_1\" class=\"gfield gfield--type-quiz gfield--type-choice gfield--input-type-radio field_sublabel_below gfield--no-description field_description_below field_validation_below gfield_visibility_visible gquiz-field \" data-field-class=\"gquiz-field\"><legend class=\"gfield_label gform-field-label\">&iquest;Por qu&eacute; est&aacute;n tan relacionados los discursos de odio, el sexismo y los <a class=\"glossaryLink\" aria-describedby=\"tt\" data-cmtooltip=\"&lt;div class=glossaryItemTitle&gt;Estereotipos de g&eacute;nero&lt;\/div&gt;&lt;div class=glossaryItemBody&gt;&amp;lt;!-- wp:paragraph --&amp;gt;&Eacute;stos se refieren a la visi&oacute;n generalizada y a las nociones preconcebidas sobre ciertos atributos, caracter&iacute;sticas intr&iacute;nsecas, y roles inmutables que las mujeres tiene que o deben poseer o cumplir. Los estereotipos de g&eacute;nero son siempre da&ntilde;inos porque limitan la habilidad tanto de mujeres como de hombres para desarrollar sus habilidades personales, perseguir sus carreras profesionales y, generalmente, tomar decisiones libres e informadas sobre sus vidas.&amp;lt;br\/&amp;gt;&amp;lt;!-- \/wp:paragraph --&amp;gt;&lt;\/div&gt;&lt;div id=&amp;quot;cmtt_related_articles&amp;quot; class=&amp;quot;cmtt_related_articles_wrapper&amp;quot;&gt;&lt;div class=&amp;quot;cmtt_related_title cmtt_related_articles_title&amp;quot;&gt;Related Articles: &lt;\/div&gt;&lt;ul class=&amp;quot;cmtt_related&amp;quot;&gt;&lt;li class=&amp;quot;cmtt_related_item&amp;quot;&gt;&lt;a href=&amp;quot;https:\/\/xqthenews.com\/es\/glossary\/foro-de-mujeres-periodistas-del-mediterraneo\/&amp;quot;target=&amp;quot;_blank&amp;quot;&gt;Glossary:  Foro de Mujeres Periodistas del Mediterr&aacute;neo&lt;\/a&gt;&lt;\/li&gt;&lt;li class=&amp;quot;cmtt_related_item&amp;quot;&gt;&lt;a href=&amp;quot;https:\/\/xqthenews.com\/es\/arranca-en-apulia-el-9o-foro-de-mujeres-periodistas-del-mediterraneo\/&amp;quot;target=&amp;quot;_blank&amp;quot;&gt;Arranca en Apulia el 9&ordm; Foro de Mujeres Periodistas del Mediterr&aacute;neo&lt;\/a&gt;&lt;\/li&gt;&lt;li class=&amp;quot;cmtt_related_item&amp;quot;&gt;&lt;a href=&amp;quot;https:\/\/xqthenews.com\/es\/maria-calado-el-inicio-de-los-trastornos-de-conducta-alimentaria-se-esta-adelantando-hay-mas-casos-de-ninas\/&amp;quot;target=&amp;quot;_blank&amp;quot;&gt;Mar&iacute;a Calado: &amp;quot;El inicio de los trastornos de conducta alimentaria se est&aacute; adelantando; hay m&aacute;s casos de ni&ntilde;as&rdquo;&lt;\/a&gt;&lt;\/li&gt;&lt;li class=&amp;quot;cmtt_related_item&amp;quot;&gt;&lt;a href=&amp;quot;https:\/\/xqthenews.com\/es\/conoce-a-las-mujeres-que-estan-salvando-el-oceano-un-proyecto-inspirador-en-cada-ocasion\/&amp;quot;target=&amp;quot;_blank&amp;quot;&gt;Conoce a las mujeres que est&aacute;n salvando el oc&eacute;ano: un proyecto inspirador en cada ocasi&oacute;n&lt;\/a&gt;&lt;\/li&gt;&lt;li class=&amp;quot;cmtt_related_item&amp;quot;&gt;&lt;a href=&amp;quot;https:\/\/xqthenews.com\/es\/adolescencia-el-inquietante-relato-de-la-adolescencia-digital\/&amp;quot;target=&amp;quot;_blank&amp;quot;&gt;&nbsp;&amp;quot;Adolescencia&rdquo;: el inquietante relato de la adolescencia digital&lt;\/a&gt;&lt;\/li&gt;&lt;\/ul&gt;&lt;\/div&gt;\" href=\"https:\/\/xqthenews.com\/es\/glossary\/estereotipos-de-genero\/\" data-gt-translate-attributes='[{\"attribute\":\"data-cmtooltip\", \"format\":\"html\"}]' tabindex=\"0\" role=\"link\">estereotipos de g&eacute;nero<\/a>?<\/legend><div class=\"ginput_container ginput_container_radio\"><div class=\"gfield_radio\" id=\"input_792_1\">\n\t\t\t<div class=\"gchoice gchoice_792_1_0\">\n\t\t\t\t\t<input class=\"gfield-choice-input\" name=\"input_1\" type=\"radio\" value=\"gquiz1b2b27084\" id=\"choice_792_1_0\" onchange=\"gformToggleRadioOther( this )\">\n\t\t\t\t\t<label for=\"choice_792_1_0\" id=\"label_792_1_0\" class=\"gform-field-label gform-field-label--type-inline\">Porque contribuyen a reforzar la cultura patriarcal que est&aacute; en la ra&iacute;z de la violencia de g&eacute;nero.<\/label>\n\t\t\t<\/div>\n\t\t\t<div class=\"gchoice gchoice_792_1_1\">\n\t\t\t\t\t<input class=\"gfield-choice-input\" name=\"input_1\" type=\"radio\" value=\"gquiz12c53da11\" id=\"choice_792_1_1\" onchange=\"gformToggleRadioOther( this )\">\n\t\t\t\t\t<label for=\"choice_792_1_1\" id=\"label_792_1_1\" class=\"gform-field-label gform-field-label--type-inline\">Porque son temas de inter&eacute;s para todas las mujeres periodistas en los pa&iacute;ses mediterr&aacute;neos.<\/label>\n\t\t\t<\/div>\n\t\t\t<div class=\"gchoice gchoice_792_1_2\">\n\t\t\t\t\t<input class=\"gfield-choice-input\" name=\"input_1\" type=\"radio\" value=\"gquiz1b6725f5d\" id=\"choice_792_1_2\" onchange=\"gformToggleRadioOther( this )\">\n\t\t\t\t\t<label for=\"choice_792_1_2\" id=\"label_792_1_2\" class=\"gform-field-label gform-field-label--type-inline\">Porque son delitos penales.<\/label>\n\t\t\t<\/div>\n\t\t\t<div class=\"gchoice gchoice_792_1_3\">\n\t\t\t\t\t<input class=\"gfield-choice-input\" name=\"input_1\" type=\"radio\" value=\"gquiz1d1609a79\" id=\"choice_792_1_3\" onchange=\"gformToggleRadioOther( this )\">\n\t\t\t\t\t<label for=\"choice_792_1_3\" id=\"label_792_1_3\" class=\"gform-field-label gform-field-label--type-inline\">Porque tienen relevancia en debates televisivos.<\/label>\n\t\t\t<\/div><\/div><\/div><\/fieldset><\/div>\n                    <\/div>\n                    <div class=\"gform-page-footer gform_page_footer top_label\">\n                         <input type=\"button\" id=\"gform_next_button_792_5\" class=\"gform_next_button gform-theme-button button\" onclick=\"gform.submission.handleButtonClick(this);\" data-submission-type=\"next\" value=\"Siguiente \"> \n                    <\/div>\n                <\/div>\n                <div id=\"gform_page_792_2\" class=\"gform_page\" data-js=\"page-field-id-5\" style=\"display:none;\">\n                    <div class=\"gform_page_fields\">\n                        <div id=\"gform_fields_792_2\" class=\"gform_fields top_label form_sublabel_below description_below validation_below\"><fieldset id=\"field_792_3\" class=\"gfield gfield--type-quiz gfield--type-choice gfield--input-type-radio gfield--width-full field_sublabel_below gfield--no-description field_description_below field_validation_below gfield_visibility_visible gquiz-field \" data-field-class=\"gquiz-field\"><legend class=\"gfield_label gform-field-label\">&iquest;Cu&aacute;ntas oradoras ha acogido el Foro en sus nueve a&ntilde;os de actividad?<\/legend><div class=\"ginput_container ginput_container_radio\"><div class=\"gfield_radio\" id=\"input_792_3\">\n\t\t\t<div class=\"gchoice gchoice_792_3_0\">\n\t\t\t\t\t<input class=\"gfield-choice-input\" name=\"input_3\" type=\"radio\" value=\"gquiz3394e91f2\" id=\"choice_792_3_0\" onchange=\"gformToggleRadioOther( this )\">\n\t\t\t\t\t<label for=\"choice_792_3_0\" id=\"label_792_3_0\" class=\"gform-field-label gform-field-label--type-inline\">Unas 20.<\/label>\n\t\t\t<\/div>\n\t\t\t<div class=\"gchoice gchoice_792_3_1\">\n\t\t\t\t\t<input class=\"gfield-choice-input\" name=\"input_3\" type=\"radio\" value=\"gquiz3b5aa3d2d\" id=\"choice_792_3_1\" onchange=\"gformToggleRadioOther( this )\">\n\t\t\t\t\t<label for=\"choice_792_3_1\" id=\"label_792_3_1\" class=\"gform-field-label gform-field-label--type-inline\">Unas 50.<\/label>\n\t\t\t<\/div>\n\t\t\t<div class=\"gchoice gchoice_792_3_2\">\n\t\t\t\t\t<input class=\"gfield-choice-input\" name=\"input_3\" type=\"radio\" value=\"gquiz3d1b23a18\" id=\"choice_792_3_2\" onchange=\"gformToggleRadioOther( this )\">\n\t\t\t\t\t<label for=\"choice_792_3_2\" id=\"label_792_3_2\" class=\"gform-field-label gform-field-label--type-inline\">Unas 100.<\/label>\n\t\t\t<\/div>\n\t\t\t<div class=\"gchoice gchoice_792_3_3\">\n\t\t\t\t\t<input class=\"gfield-choice-input\" name=\"input_3\" type=\"radio\" value=\"gquiz3f1e1c4f7\" id=\"choice_792_3_3\" onchange=\"gformToggleRadioOther( this )\">\n\t\t\t\t\t<label for=\"choice_792_3_3\" id=\"label_792_3_3\" class=\"gform-field-label gform-field-label--type-inline\">Unas 300.<\/label>\n\t\t\t<\/div><\/div><\/div><\/fieldset><\/div>\n                    <\/div>\n                    <div class=\"gform-page-footer gform_page_footer top_label\">\n                        <input type=\"button\" id=\"gform_previous_button_792_6\" class=\"gform_previous_button gform-theme-button gform-theme-button--secondary button\" onclick=\"gform.submission.handleButtonClick(this);\" data-submission-type=\"previous\" value=\"Anterior\"> <input type=\"button\" id=\"gform_next_button_792_6\" class=\"gform_next_button gform-theme-button button\" onclick=\"gform.submission.handleButtonClick(this);\" data-submission-type=\"next\" value=\"Siguiente \"> \n                    <\/div>\n                <\/div>\n                <div id=\"gform_page_792_3\" class=\"gform_page\" data-js=\"page-field-id-6\" style=\"display:none;\">\n                    <div class=\"gform_page_fields\">\n                        <div id=\"gform_fields_792_3\" class=\"gform_fields top_label form_sublabel_below description_below validation_below\"><fieldset id=\"field_792_4\" class=\"gfield gfield--type-quiz gfield--type-choice gfield--input-type-radio gfield--width-full field_sublabel_below gfield--no-description field_description_below field_validation_below gfield_visibility_visible gquiz-field \" data-field-class=\"gquiz-field\"><legend class=\"gfield_label gform-field-label\">Mira el mapa de Europa. &iquest;D&oacute;nde se encuentran la regi&oacute;n italiana de Apulia y las ciudades de Bari y Lecce?<\/legend><div class=\"ginput_container ginput_container_radio\"><div class=\"gfield_radio\" id=\"input_792_4\">\n\t\t\t<div class=\"gchoice gchoice_792_4_0\">\n\t\t\t\t\t<input class=\"gfield-choice-input\" name=\"input_4\" type=\"radio\" value=\"gquiz46a62d494\" id=\"choice_792_4_0\" onchange=\"gformToggleRadioOther( this )\">\n\t\t\t\t\t<label for=\"choice_792_4_0\" id=\"label_792_4_0\" class=\"gform-field-label gform-field-label--type-inline\">En el noreste, en la frontera con Eslovenia.<\/label>\n\t\t\t<\/div>\n\t\t\t<div class=\"gchoice gchoice_792_4_1\">\n\t\t\t\t\t<input class=\"gfield-choice-input\" name=\"input_4\" type=\"radio\" value=\"gquiz488c89c8f\" id=\"choice_792_4_1\" onchange=\"gformToggleRadioOther( this )\">\n\t\t\t\t\t<label for=\"choice_792_4_1\" id=\"label_792_4_1\" class=\"gform-field-label gform-field-label--type-inline\">En el noroeste, en la frontera con Francia .<\/label>\n\t\t\t<\/div>\n\t\t\t<div class=\"gchoice gchoice_792_4_2\">\n\t\t\t\t\t<input class=\"gfield-choice-input\" name=\"input_4\" type=\"radio\" value=\"gquiz4054f68d8\" id=\"choice_792_4_2\" onchange=\"gformToggleRadioOther( this )\">\n\t\t\t\t\t<label for=\"choice_792_4_2\" id=\"label_792_4_2\" class=\"gform-field-label gform-field-label--type-inline\">En el sureste, frente a Albania.<\/label>\n\t\t\t<\/div>\n\t\t\t<div class=\"gchoice gchoice_792_4_3\">\n\t\t\t\t\t<input class=\"gfield-choice-input\" name=\"input_4\" type=\"radio\" value=\"gquiz4bc1d4b64\" id=\"choice_792_4_3\" onchange=\"gformToggleRadioOther( this )\">\n\t\t\t\t\t<label for=\"choice_792_4_3\" id=\"label_792_4_3\" class=\"gform-field-label gform-field-label--type-inline\">En el suroeste, frente a Sicilia.<\/label>\n\t\t\t<\/div><\/div><\/div><\/fieldset><\/div><\/div>\n        <div class=\"gform-page-footer gform_page_footer top_label\"><input type=\"submit\" id=\"gform_previous_button_792\" class=\"gform_previous_button gform-theme-button gform-theme-button--secondary button\" onclick=\"gform.submission.handleButtonClick(this);\" data-submission-type=\"previous\" value=\"Anterior\"> <input type=\"submit\" id=\"gform_submit_button_792\" class=\"gform_button button\" onclick=\"gform.submission.handleButtonClick(this);\" data-submission-type=\"submit\" value=\"Enviar\"> \n            <input type=\"hidden\" class=\"gform_hidden\" name=\"gform_submission_method\" data-js=\"gform_submission_method_792\" value=\"postback\">\n            <input type=\"hidden\" class=\"gform_hidden\" name=\"gform_theme\" data-js=\"gform_theme_792\" id=\"gform_theme_792\" value=\"gravity-theme\">\n            <input type=\"hidden\" class=\"gform_hidden\" name=\"gform_style_settings\" data-js=\"gform_style_settings_792\" id=\"gform_style_settings_792\" value='{\"inputPrimaryColor\":\"#204ce5\"}'>\n            <input type=\"hidden\" class=\"gform_hidden\" name=\"is_submit_792\" value=\"1\">\n            <input type=\"hidden\" class=\"gform_hidden\" name=\"gform_submit\" value=\"792\">\n            \n            <input type=\"hidden\" class=\"gform_hidden\" name=\"gform_currency\" data-currency=\"EUR\" value=\"vh3Cw3LszM+Zm3mU2uk7+RMvMxyQE3tP08XdsC01RbBBCsUT7+IZzQ1ervaSw6w0JsZI+HZH8Un3kw7UNcT78Dx3gpHm+iahn++aEWq4+IdExy4=\">\n            <input type=\"hidden\" class=\"gform_hidden\" name=\"gform_unique_id\" value=\"\">\n            <input type=\"hidden\" class=\"gform_hidden\" name=\"state_792\" value=\"WyJbXSIsIjVlMjNlOGUzOTg5N2RmMzcwZmE1ODRlNDZjZGJmYjNkIl0=\">\n            <input type=\"hidden\" autocomplete=\"off\" class=\"gform_hidden\" name=\"gform_target_page_number_792\" id=\"gform_target_page_number_792\" value=\"2\">\n            <input type=\"hidden\" autocomplete=\"off\" class=\"gform_hidden\" name=\"gform_source_page_number_792\" id=\"gform_source_page_number_792\" value=\"1\">\n            <input type=\"hidden\" name=\"gform_field_values\" value=\"\">\n            \n        <\/div>\n             <\/div><\/div>\n                        <\/form>\n                        <\/div><script type=\"text\/javascript\">\n\/* <![CDATA[ *\/\n gform.initializeOnLoaded( function() {gformInitSpinner( 792, 'https:\/\/xqthenews.com\/wp-content\/plugins\/gravityforms\/images\/spinner.svg', true );jQuery('#gform_ajax_frame_792').on('load',function(){var contents = jQuery(this).contents().find('*').html();var is_postback = contents.indexOf('GF_AJAX_POSTBACK') >= 0;if(!is_postback){return;}var form_content = jQuery(this).contents().find('#gform_wrapper_792');var is_confirmation = jQuery(this).contents().find('#gform_confirmation_wrapper_792').length > 0;var is_redirect = contents.indexOf('gformRedirect(){') >= 0;var is_form = form_content.length > 0 && ! is_redirect && ! is_confirmation;var mt = parseInt(jQuery('html').css('margin-top'), 10) + parseInt(jQuery('body').css('margin-top'), 10) + 100;if(is_form){jQuery('#gform_wrapper_792').html(form_content.html());if(form_content.hasClass('gform_validation_error')){jQuery('#gform_wrapper_792').addClass('gform_validation_error');} else {jQuery('#gform_wrapper_792').removeClass('gform_validation_error');}setTimeout( function() { \/* delay the scroll by 50 milliseconds to fix a bug in chrome *\/ jQuery(document).scrollTop(jQuery('#gform_wrapper_792').offset().top - mt); }, 50 );if(window['gformInitDatepicker']) {gformInitDatepicker();}if(window['gformInitPriceFields']) {gformInitPriceFields();}var current_page = jQuery('#gform_source_page_number_792').val();gformInitSpinner( 792, 'https:\/\/xqthenews.com\/wp-content\/plugins\/gravityforms\/images\/spinner.svg', true );jQuery(document).trigger('gform_page_loaded', [792, current_page]);window['gf_submitting_792'] = false;}else if(!is_redirect){var confirmation_content = jQuery(this).contents().find('.GF_AJAX_POSTBACK').html();if(!confirmation_content){confirmation_content = contents;}jQuery('#gform_wrapper_792').replaceWith(confirmation_content);jQuery(document).scrollTop(jQuery('#gf_792').offset().top - mt);jQuery(document).trigger('gform_confirmation_loaded', [792]);window['gf_submitting_792'] = false;wp.a11y.speak(jQuery('#gform_confirmation_message_792').text());}else{jQuery('#gform_792').append(contents);if(window['gformRedirect']) {gformRedirect();}}jQuery(document).trigger(\"gform_pre_post_render\", [{ formId: \"792\", currentPage: \"current_page\", abort: function() { this.preventDefault(); } }]);        if (event && event.defaultPrevented) {                return;        }        const gformWrapperDiv = document.getElementById( \"gform_wrapper_792\" );        if ( gformWrapperDiv ) {            const visibilitySpan = document.createElement( \"span\" );            visibilitySpan.id = \"gform_visibility_test_792\";            gformWrapperDiv.insertAdjacentElement( \"afterend\", visibilitySpan );        }        const visibilityTestDiv = document.getElementById( \"gform_visibility_test_792\" );        let postRenderFired = false;        function triggerPostRender() {            if ( postRenderFired ) {                return;            }            postRenderFired = true;            gform.core.triggerPostRenderEvents( 792, current_page );            if ( visibilityTestDiv ) {                visibilityTestDiv.parentNode.removeChild( visibilityTestDiv );            }        }        function debounce( func, wait, immediate ) {            var timeout;            return function() {                var context = this, args = arguments;                var later = function() {                    timeout = null;                    if ( !immediate ) func.apply( context, args );                };                var callNow = immediate && !timeout;                clearTimeout( timeout );                timeout = setTimeout( later, wait );                if ( callNow ) func.apply( context, args );            };        }        const debouncedTriggerPostRender = debounce( function() {            triggerPostRender();        }, 200 );        if ( visibilityTestDiv && visibilityTestDiv.offsetParent === null ) {            const observer = new MutationObserver( ( mutations ) => {                mutations.forEach( ( mutation ) => {                    if ( mutation.type === 'attributes' && visibilityTestDiv.offsetParent !== null ) {                        debouncedTriggerPostRender();                        observer.disconnect();                    }                });            });            observer.observe( document.body, {                attributes: true,                childList: false,                subtree: true,                attributeFilter: [ 'style', 'class' ],            });        } else {            triggerPostRender();        }    } );} ); \n\/* ]]> *\/\n<\/script>\n","protected":false},"excerpt":{"rendered":"<p>Los d&iacute;as 25, 26 y 27 de noviembre se espera a periodistas, investigadoras y activistas del Kurdist&aacute;n turco, el Kurdist&aacute;n iraqu&iacute; y Rojava, as&iacute; como de Espa&ntilde;a, Grecia, el Reino Unido, B&eacute;lgica, la &Aacute;frica subsahariana, Palestina, Egipto, la Costa de Marfil e Italia. Des de 2016, el Forum delle Giornaliste del Mediterraneo &ndash; Foro de<\/p>\n","protected":false},"author":36,"featured_media":25963,"comment_status":"open","ping_status":"open","sticky":false,"template":"","format":"standard","meta":{"_acf_changed":false,"footnotes":""},"categories":[356,359],"tags":[693,692,691,694,695],"coauthors":[170],"class_list":{"0":"post-25958","1":"post","2":"type-post","3":"status-publish","4":"format-standard","5":"has-post-thumbnail","7":"category-educacion","8":"category-educacion-civica","9":"tag-feminism","10":"tag-gender-equality","11":"tag-gender-gap","12":"tag-women","13":"tag-equality-2"},"acf":[],"yoast_head":"<!-- This site is optimized with the Yoast SEO plugin v27.4 - https:\/\/yoast.com\/product\/yoast-seo-wordpress\/ -->\n<title>Arranca en Apulia el 9\u00ba Foro de Mujeres Periodistas del Mediterr\u00e1neo - xqthenews<\/title>\n<meta name=\"robots\" content=\"index, follow, max-snippet:-1, max-image-preview:large, max-video-preview:-1\" \/>\n<link rel=\"canonical\" href=\"https:\/\/xqthenews.com\/es\/arranca-en-apulia-el-9o-foro-de-mujeres-periodistas-del-mediterraneo\/\" \/>\n<meta property=\"og:locale\" content=\"es_ES\" \/>\n<meta property=\"og:type\" content=\"article\" \/>\n<meta property=\"og:title\" content=\"Arranca en Apulia el 9\u00ba Foro de Mujeres Periodistas del Mediterr\u00e1neo - xqthenews\" \/>\n<meta property=\"og:description\" content=\"Los d&iacute;as 25, 26 y 27 de noviembre se espera a periodistas, investigadoras y activistas del Kurdist&aacute;n turco, el Kurdist&aacute;n iraqu&iacute; y Rojava, as&iacute; como de Espa&ntilde;a, Grecia, el Reino Unido, B&eacute;lgica, la &Aacute;frica subsahariana, Palestina, Egipto, la Costa de Marfil e Italia. Des de 2016, el Forum delle Giornaliste del Mediterraneo &ndash; Foro de\" \/>\n<meta property=\"og:url\" content=\"https:\/\/xqthenews.com\/es\/arranca-en-apulia-el-9o-foro-de-mujeres-periodistas-del-mediterraneo\/\" \/>\n<meta property=\"og:site_name\" content=\"xqthenews\" \/>\n<meta property=\"article:published_time\" content=\"2024-11-20T07:47:00+00:00\" \/>\n<meta property=\"og:image\" content=\"https:\/\/xqthenews.com\/wp-content\/uploads\/2024\/11\/Portada-4.jpg\" \/>\n\t<meta property=\"og:image:width\" content=\"512\" \/>\n\t<meta property=\"og:image:height\" content=\"269\" \/>\n\t<meta property=\"og:image:type\" content=\"image\/jpeg\" \/>\n<meta name=\"author\" content=\"Mario Maffei - IdeaDinamica\" \/>\n<meta name=\"twitter:card\" content=\"summary_large_image\" \/>\n<meta name=\"twitter:label1\" content=\"Escrito por\" \/>\n\t<meta name=\"twitter:data1\" content=\"Mario Maffei - IdeaDinamica\" \/>\n\t<meta name=\"twitter:label2\" content=\"Tiempo de lectura\" \/>\n\t<meta name=\"twitter:data2\" content=\"5 minutos\" \/>\n\t<meta name=\"twitter:label3\" content=\"Written by\" \/>\n\t<meta name=\"twitter:data3\" content=\"Mario Maffei - IdeaDinamica\" \/>\n<script type=\"application\/ld+json\" class=\"yoast-schema-graph\">{\"@context\":\"https:\\\/\\\/schema.org\",\"@graph\":[{\"@type\":\"Article\",\"@id\":\"https:\\\/\\\/xqthenews.com\\\/es\\\/arranca-en-apulia-el-9o-foro-de-mujeres-periodistas-del-mediterraneo\\\/#article\",\"isPartOf\":{\"@id\":\"https:\\\/\\\/xqthenews.com\\\/es\\\/arranca-en-apulia-el-9o-foro-de-mujeres-periodistas-del-mediterraneo\\\/\"},\"author\":{\"name\":\"Mario Maffei - IdeaDinamica\",\"@id\":\"https:\\\/\\\/xqthenews.com\\\/es\\\/#\\\/schema\\\/person\\\/c6c5bb632a7244afc68b863ad29e17e7\"},\"headline\":\"Arranca en Apulia el 9\u00ba Foro de Mujeres Periodistas del Mediterr\u00e1neo\",\"datePublished\":\"2024-11-20T07:47:00+00:00\",\"mainEntityOfPage\":{\"@id\":\"https:\\\/\\\/xqthenews.com\\\/es\\\/arranca-en-apulia-el-9o-foro-de-mujeres-periodistas-del-mediterraneo\\\/\"},\"wordCount\":1053,\"commentCount\":0,\"image\":{\"@id\":\"https:\\\/\\\/xqthenews.com\\\/es\\\/arranca-en-apulia-el-9o-foro-de-mujeres-periodistas-del-mediterraneo\\\/#primaryimage\"},\"thumbnailUrl\":\"https:\\\/\\\/xqthenews.com\\\/wp-content\\\/uploads\\\/2024\\\/11\\\/Portada-4.jpg\",\"keywords\":[\"#Feminism\",\"#Gender equality\",\"#Gender gap\",\"#Women.\",\"Equality\"],\"articleSection\":[\"Educaci\u00f3n\",\"Educaci\u00f3n c\u00edvica\"],\"inLanguage\":\"es\",\"potentialAction\":[{\"@type\":\"CommentAction\",\"name\":\"Comment\",\"target\":[\"https:\\\/\\\/xqthenews.com\\\/es\\\/arranca-en-apulia-el-9o-foro-de-mujeres-periodistas-del-mediterraneo\\\/#respond\"]}]},{\"@type\":\"WebPage\",\"@id\":\"https:\\\/\\\/xqthenews.com\\\/es\\\/arranca-en-apulia-el-9o-foro-de-mujeres-periodistas-del-mediterraneo\\\/\",\"url\":\"https:\\\/\\\/xqthenews.com\\\/es\\\/arranca-en-apulia-el-9o-foro-de-mujeres-periodistas-del-mediterraneo\\\/\",\"name\":\"Arranca en Apulia el 9\u00ba Foro de Mujeres Periodistas del Mediterr\u00e1neo - xqthenews\",\"isPartOf\":{\"@id\":\"https:\\\/\\\/xqthenews.com\\\/es\\\/#website\"},\"primaryImageOfPage\":{\"@id\":\"https:\\\/\\\/xqthenews.com\\\/es\\\/arranca-en-apulia-el-9o-foro-de-mujeres-periodistas-del-mediterraneo\\\/#primaryimage\"},\"image\":{\"@id\":\"https:\\\/\\\/xqthenews.com\\\/es\\\/arranca-en-apulia-el-9o-foro-de-mujeres-periodistas-del-mediterraneo\\\/#primaryimage\"},\"thumbnailUrl\":\"https:\\\/\\\/xqthenews.com\\\/wp-content\\\/uploads\\\/2024\\\/11\\\/Portada-4.jpg\",\"datePublished\":\"2024-11-20T07:47:00+00:00\",\"author\":{\"@id\":\"https:\\\/\\\/xqthenews.com\\\/es\\\/#\\\/schema\\\/person\\\/c6c5bb632a7244afc68b863ad29e17e7\"},\"breadcrumb\":{\"@id\":\"https:\\\/\\\/xqthenews.com\\\/es\\\/arranca-en-apulia-el-9o-foro-de-mujeres-periodistas-del-mediterraneo\\\/#breadcrumb\"},\"inLanguage\":\"es\",\"potentialAction\":[{\"@type\":\"ReadAction\",\"target\":[\"https:\\\/\\\/xqthenews.com\\\/es\\\/arranca-en-apulia-el-9o-foro-de-mujeres-periodistas-del-mediterraneo\\\/\"]}]},{\"@type\":\"ImageObject\",\"inLanguage\":\"es\",\"@id\":\"https:\\\/\\\/xqthenews.com\\\/es\\\/arranca-en-apulia-el-9o-foro-de-mujeres-periodistas-del-mediterraneo\\\/#primaryimage\",\"url\":\"https:\\\/\\\/xqthenews.com\\\/wp-content\\\/uploads\\\/2024\\\/11\\\/Portada-4.jpg\",\"contentUrl\":\"https:\\\/\\\/xqthenews.com\\\/wp-content\\\/uploads\\\/2024\\\/11\\\/Portada-4.jpg\",\"width\":512,\"height\":269,\"caption\":\"El dise\u00f1o oficial del 9\u00ba Foro de Mujeres Periodistas del Mediterr\u00e1neo.\"},{\"@type\":\"BreadcrumbList\",\"@id\":\"https:\\\/\\\/xqthenews.com\\\/es\\\/arranca-en-apulia-el-9o-foro-de-mujeres-periodistas-del-mediterraneo\\\/#breadcrumb\",\"itemListElement\":[{\"@type\":\"ListItem\",\"position\":1,\"name\":\"Portada\",\"item\":\"https:\\\/\\\/xqthenews.com\\\/es\\\/\"},{\"@type\":\"ListItem\",\"position\":2,\"name\":\"Arranca en Apulia el 9\u00ba Foro de Mujeres Periodistas del Mediterr\u00e1neo\"}]},{\"@type\":\"WebSite\",\"@id\":\"https:\\\/\\\/xqthenews.com\\\/es\\\/#website\",\"url\":\"https:\\\/\\\/xqthenews.com\\\/es\\\/\",\"name\":\"xqthenews\",\"description\":\"El porqu\u00e9 de las noticias\",\"potentialAction\":[{\"@type\":\"SearchAction\",\"target\":{\"@type\":\"EntryPoint\",\"urlTemplate\":\"https:\\\/\\\/xqthenews.com\\\/es\\\/?s={search_term_string}\"},\"query-input\":{\"@type\":\"PropertyValueSpecification\",\"valueRequired\":true,\"valueName\":\"search_term_string\"}}],\"inLanguage\":\"es\"},{\"@type\":\"Person\",\"@id\":\"https:\\\/\\\/xqthenews.com\\\/es\\\/#\\\/schema\\\/person\\\/c6c5bb632a7244afc68b863ad29e17e7\",\"name\":\"Mario Maffei - IdeaDinamica\",\"image\":{\"@type\":\"ImageObject\",\"inLanguage\":\"es\",\"@id\":\"https:\\\/\\\/xqthenews.com\\\/wp-content\\\/uploads\\\/2024\\\/09\\\/mario-maffei-ideadinamica_avatar_1-96x96.jpegb2f7dc39aa6185cedad3b6ffa9e1b565\",\"url\":\"https:\\\/\\\/xqthenews.com\\\/wp-content\\\/uploads\\\/2024\\\/09\\\/mario-maffei-ideadinamica_avatar_1-96x96.jpeg\",\"contentUrl\":\"https:\\\/\\\/xqthenews.com\\\/wp-content\\\/uploads\\\/2024\\\/09\\\/mario-maffei-ideadinamica_avatar_1-96x96.jpeg\",\"caption\":\"Mario Maffei - IdeaDinamica\"},\"description\":\"Periodista profesional y divulgador m\u00e9dico-cient\u00edfico, licenciado en Econom\u00eda por la Universidad Bocconi de Mil\u00e1n con especializaci\u00f3n en marketing sanitario. Profesor en cursos de grado y posgrado. Consejero delegado de la cooperativa IdeaDinamica.\",\"url\":\"https:\\\/\\\/xqthenews.com\\\/es\\\/author\\\/mario-maffei-ideadinamica\\\/\"}]}<\/script>\n<!-- \/ Yoast SEO plugin. -->","yoast_head_json":{"title":"Arranca en Apulia el 9\u00ba Foro de Mujeres Periodistas del Mediterr\u00e1neo - xqthenews","robots":{"index":"index","follow":"follow","max-snippet":"max-snippet:-1","max-image-preview":"max-image-preview:large","max-video-preview":"max-video-preview:-1"},"canonical":"https:\/\/xqthenews.com\/es\/arranca-en-apulia-el-9o-foro-de-mujeres-periodistas-del-mediterraneo\/","og_locale":"es_ES","og_type":"article","og_title":"Arranca en Apulia el 9\u00ba Foro de Mujeres Periodistas del Mediterr\u00e1neo - xqthenews","og_description":"Los d&iacute;as 25, 26 y 27 de noviembre se espera a periodistas, investigadoras y activistas del Kurdist&aacute;n turco, el Kurdist&aacute;n iraqu&iacute; y Rojava, as&iacute; como de Espa&ntilde;a, Grecia, el Reino Unido, B&eacute;lgica, la &Aacute;frica subsahariana, Palestina, Egipto, la Costa de Marfil e Italia. Des de 2016, el Forum delle Giornaliste del Mediterraneo &ndash; Foro de","og_url":"https:\/\/xqthenews.com\/es\/arranca-en-apulia-el-9o-foro-de-mujeres-periodistas-del-mediterraneo\/","og_site_name":"xqthenews","article_published_time":"2024-11-20T07:47:00+00:00","og_image":[{"width":512,"height":269,"url":"https:\/\/xqthenews.com\/wp-content\/uploads\/2024\/11\/Portada-4.jpg","type":"image\/jpeg"}],"author":"Mario Maffei - IdeaDinamica","twitter_card":"summary_large_image","twitter_misc":{"Escrito por":"Mario Maffei - IdeaDinamica","Tiempo de lectura":"5 minutos","Written by":"Mario Maffei - IdeaDinamica"},"schema":{"@context":"https:\/\/schema.org","@graph":[{"@type":"Article","@id":"https:\/\/xqthenews.com\/es\/arranca-en-apulia-el-9o-foro-de-mujeres-periodistas-del-mediterraneo\/#article","isPartOf":{"@id":"https:\/\/xqthenews.com\/es\/arranca-en-apulia-el-9o-foro-de-mujeres-periodistas-del-mediterraneo\/"},"author":{"name":"Mario Maffei - IdeaDinamica","@id":"https:\/\/xqthenews.com\/es\/#\/schema\/person\/c6c5bb632a7244afc68b863ad29e17e7"},"headline":"Arranca en Apulia el 9\u00ba Foro de Mujeres Periodistas del Mediterr\u00e1neo","datePublished":"2024-11-20T07:47:00+00:00","mainEntityOfPage":{"@id":"https:\/\/xqthenews.com\/es\/arranca-en-apulia-el-9o-foro-de-mujeres-periodistas-del-mediterraneo\/"},"wordCount":1053,"commentCount":0,"image":{"@id":"https:\/\/xqthenews.com\/es\/arranca-en-apulia-el-9o-foro-de-mujeres-periodistas-del-mediterraneo\/#primaryimage"},"thumbnailUrl":"https:\/\/xqthenews.com\/wp-content\/uploads\/2024\/11\/Portada-4.jpg","keywords":["#Feminism","#Gender equality","#Gender gap","#Women.","Equality"],"articleSection":["Educaci\u00f3n","Educaci\u00f3n c\u00edvica"],"inLanguage":"es","potentialAction":[{"@type":"CommentAction","name":"Comment","target":["https:\/\/xqthenews.com\/es\/arranca-en-apulia-el-9o-foro-de-mujeres-periodistas-del-mediterraneo\/#respond"]}]},{"@type":"WebPage","@id":"https:\/\/xqthenews.com\/es\/arranca-en-apulia-el-9o-foro-de-mujeres-periodistas-del-mediterraneo\/","url":"https:\/\/xqthenews.com\/es\/arranca-en-apulia-el-9o-foro-de-mujeres-periodistas-del-mediterraneo\/","name":"Arranca en Apulia el 9\u00ba Foro de Mujeres Periodistas del Mediterr\u00e1neo - xqthenews","isPartOf":{"@id":"https:\/\/xqthenews.com\/es\/#website"},"primaryImageOfPage":{"@id":"https:\/\/xqthenews.com\/es\/arranca-en-apulia-el-9o-foro-de-mujeres-periodistas-del-mediterraneo\/#primaryimage"},"image":{"@id":"https:\/\/xqthenews.com\/es\/arranca-en-apulia-el-9o-foro-de-mujeres-periodistas-del-mediterraneo\/#primaryimage"},"thumbnailUrl":"https:\/\/xqthenews.com\/wp-content\/uploads\/2024\/11\/Portada-4.jpg","datePublished":"2024-11-20T07:47:00+00:00","author":{"@id":"https:\/\/xqthenews.com\/es\/#\/schema\/person\/c6c5bb632a7244afc68b863ad29e17e7"},"breadcrumb":{"@id":"https:\/\/xqthenews.com\/es\/arranca-en-apulia-el-9o-foro-de-mujeres-periodistas-del-mediterraneo\/#breadcrumb"},"inLanguage":"es","potentialAction":[{"@type":"ReadAction","target":["https:\/\/xqthenews.com\/es\/arranca-en-apulia-el-9o-foro-de-mujeres-periodistas-del-mediterraneo\/"]}]},{"@type":"ImageObject","inLanguage":"es","@id":"https:\/\/xqthenews.com\/es\/arranca-en-apulia-el-9o-foro-de-mujeres-periodistas-del-mediterraneo\/#primaryimage","url":"https:\/\/xqthenews.com\/wp-content\/uploads\/2024\/11\/Portada-4.jpg","contentUrl":"https:\/\/xqthenews.com\/wp-content\/uploads\/2024\/11\/Portada-4.jpg","width":512,"height":269,"caption":"El dise\u00f1o oficial del 9\u00ba Foro de Mujeres Periodistas del Mediterr\u00e1neo."},{"@type":"BreadcrumbList","@id":"https:\/\/xqthenews.com\/es\/arranca-en-apulia-el-9o-foro-de-mujeres-periodistas-del-mediterraneo\/#breadcrumb","itemListElement":[{"@type":"ListItem","position":1,"name":"Portada","item":"https:\/\/xqthenews.com\/es\/"},{"@type":"ListItem","position":2,"name":"Arranca en Apulia el 9\u00ba Foro de Mujeres Periodistas del Mediterr\u00e1neo"}]},{"@type":"WebSite","@id":"https:\/\/xqthenews.com\/es\/#website","url":"https:\/\/xqthenews.com\/es\/","name":"xqthenews","description":"El porqu\u00e9 de las noticias","potentialAction":[{"@type":"SearchAction","target":{"@type":"EntryPoint","urlTemplate":"https:\/\/xqthenews.com\/es\/?s={search_term_string}"},"query-input":{"@type":"PropertyValueSpecification","valueRequired":true,"valueName":"search_term_string"}}],"inLanguage":"es"},{"@type":"Person","@id":"https:\/\/xqthenews.com\/es\/#\/schema\/person\/c6c5bb632a7244afc68b863ad29e17e7","name":"Mario Maffei - IdeaDinamica","image":{"@type":"ImageObject","inLanguage":"es","@id":"https:\/\/xqthenews.com\/wp-content\/uploads\/2024\/09\/mario-maffei-ideadinamica_avatar_1-96x96.jpegb2f7dc39aa6185cedad3b6ffa9e1b565","url":"https:\/\/xqthenews.com\/wp-content\/uploads\/2024\/09\/mario-maffei-ideadinamica_avatar_1-96x96.jpeg","contentUrl":"https:\/\/xqthenews.com\/wp-content\/uploads\/2024\/09\/mario-maffei-ideadinamica_avatar_1-96x96.jpeg","caption":"Mario Maffei - IdeaDinamica"},"description":"Periodista profesional y divulgador m\u00e9dico-cient\u00edfico, licenciado en Econom\u00eda por la Universidad Bocconi de Mil\u00e1n con especializaci\u00f3n en marketing sanitario. Profesor en cursos de grado y posgrado. Consejero delegado de la cooperativa IdeaDinamica.","url":"https:\/\/xqthenews.com\/es\/author\/mario-maffei-ideadinamica\/"}]}},"_links":{"self":[{"href":"https:\/\/xqthenews.com\/es\/wp-json\/wp\/v2\/posts\/25958","targetHints":{"allow":["GET"]}}],"collection":[{"href":"https:\/\/xqthenews.com\/es\/wp-json\/wp\/v2\/posts"}],"about":[{"href":"https:\/\/xqthenews.com\/es\/wp-json\/wp\/v2\/types\/post"}],"author":[{"embeddable":true,"href":"https:\/\/xqthenews.com\/es\/wp-json\/wp\/v2\/users\/36"}],"replies":[{"embeddable":true,"href":"https:\/\/xqthenews.com\/es\/wp-json\/wp\/v2\/comments?post=25958"}],"version-history":[{"count":3,"href":"https:\/\/xqthenews.com\/es\/wp-json\/wp\/v2\/posts\/25958\/revisions"}],"predecessor-version":[{"id":26000,"href":"https:\/\/xqthenews.com\/es\/wp-json\/wp\/v2\/posts\/25958\/revisions\/26000"}],"wp:featuredmedia":[{"embeddable":true,"href":"https:\/\/xqthenews.com\/es\/wp-json\/wp\/v2\/media\/25963"}],"wp:attachment":[{"href":"https:\/\/xqthenews.com\/es\/wp-json\/wp\/v2\/media?parent=25958"}],"wp:term":[{"taxonomy":"category","embeddable":true,"href":"https:\/\/xqthenews.com\/es\/wp-json\/wp\/v2\/categories?post=25958"},{"taxonomy":"post_tag","embeddable":true,"href":"https:\/\/xqthenews.com\/es\/wp-json\/wp\/v2\/tags?post=25958"},{"taxonomy":"author","embeddable":true,"href":"https:\/\/xqthenews.com\/es\/wp-json\/wp\/v2\/coauthors?post=25958"}],"curies":[{"name":"wp","href":"https:\/\/api.w.org\/{rel}","templated":true}]}}