{"id":23630,"date":"2024-09-11T17:42:54","date_gmt":"2024-09-11T16:42:54","guid":{"rendered":"https:\/\/xqthenews.com\/?p=23327"},"modified":"2024-09-19T11:30:46","modified_gmt":"2024-09-19T10:30:46","slug":"de-tendencia-a-basura-la-cara-perversa-de-la-moda-rapida","status":"publish","type":"post","link":"https:\/\/xqthenews.com\/es\/de-tendencia-a-basura-la-cara-perversa-de-la-moda-rapida\/","title":{"rendered":"De tendencia a basura: la cara perversa de la moda r\u00e1pida"},"content":{"rendered":"<p>Que la moda es uno de los sectores m&aacute;s contaminantes del planeta no es ninguna novedad. Seg&uacute;n<a href=\"https:\/\/unfccc.int\/news\/un-helps-fashion-industry-shift-to-low-carbon\"> un informe de Naciones Unidas de 2018<\/a>, debido a las largas cadenas de suministro y a la producci&oacute;n intensiva en energ&iacute;a, este sector contribuye en torno al 10% de las <a class=\"glossaryLink\" aria-describedby=\"tt\" data-cmtooltip=\"&lt;div class=glossaryItemTitle&gt;Emisiones globales&lt;\/div&gt;&lt;div class=glossaryItemBody&gt;&amp;lt;!-- wp:paragraph --&amp;gt;Cantidad total de gases de efecto invernadero liberados a nivel mundial, contribuyendo al cambio clim&aacute;tico.&amp;lt;br\/&amp;gt;&amp;lt;!-- \/wp:paragraph --&amp;gt;&lt;\/div&gt;&lt;div class=&amp;quot;cmtt_related_articles_wrapper&amp;quot;&gt;&lt;div class=&amp;quot;cmtt_related_title cmtt_related_articles_title&amp;quot;&gt;Related Articles: &lt;\/div&gt;&lt;ul class=&amp;quot;cmtt_related&amp;quot;&gt;&lt;li class=&amp;quot;cmtt_related_item&amp;quot;&gt;&lt;a href=&amp;quot;https:\/\/xqthenews.com\/es\/cop-28-y-la-participacion-de-los-jovenes-en-el-desafio-climatico\/&amp;quot;target=&amp;quot;_blank&amp;quot;&gt;COP 28 y la participaci&oacute;n de los j&oacute;venes en el desaf&iacute;o clim&agrave;tico&lt;\/a&gt;&lt;\/li&gt;&lt;li class=&amp;quot;cmtt_related_item&amp;quot;&gt;&lt;a href=&amp;quot;https:\/\/xqthenews.com\/es\/de-tendencia-a-basura-la-cara-perversa-de-la-moda-rapida\/&amp;quot;target=&amp;quot;_blank&amp;quot;&gt;De tendencia a basura: la cara perversa de la moda r&aacute;pida&lt;\/a&gt;&lt;\/li&gt;&lt;\/ul&gt;&lt;\/div&gt;\" href=\"https:\/\/xqthenews.com\/es\/glossary\/emisiones-globales\/\" data-gt-translate-attributes='[{\"attribute\":\"data-cmtooltip\", \"format\":\"html\"}]' tabindex=\"0\" role=\"link\">emisiones globales<\/a> de <a class=\"glossaryLink\" aria-describedby=\"tt\" data-cmtooltip=\"&lt;div class=glossaryItemTitle&gt;Gases de efecto invernadero&lt;\/div&gt;&lt;div class=glossaryItemBody&gt;&amp;lt;!-- wp:paragraph --&amp;gt;Regulados por el Protocolo de Kioto, son: Di&oacute;xido de Carbono (CO2), Metano (CH4), &Oacute;xido Nitroso (N2O), Hexafluoruro de Azufre (SF6) y dos familias de gases, los Hidrofluorocarbonos (HFC) y los Perfluorocarbonos (PFC).&amp;lt;br\/&amp;gt;&amp;lt;!-- \/wp:paragraph --&amp;gt;&lt;\/div&gt;&lt;div class=&amp;quot;cmtt_related_articles_wrapper&amp;quot;&gt;&lt;div class=&amp;quot;cmtt_related_title cmtt_related_articles_title&amp;quot;&gt;Related Articles: &lt;\/div&gt;&lt;ul class=&amp;quot;cmtt_related&amp;quot;&gt;&lt;li class=&amp;quot;cmtt_related_item&amp;quot;&gt;&lt;a href=&amp;quot;https:\/\/xqthenews.com\/es\/luchar-contra-el-cambio-climatico-tambien-es-combatir-la-desinformacion\/&amp;quot;target=&amp;quot;_blank&amp;quot;&gt;Luchar contra el cambio clim&aacute;tico tambi&eacute;n es combatir la desinformaci&oacute;n&lt;\/a&gt;&lt;\/li&gt;&lt;li class=&amp;quot;cmtt_related_item&amp;quot;&gt;&lt;a href=&amp;quot;https:\/\/xqthenews.com\/es\/glossary\/cambio-climatico-2\/&amp;quot;target=&amp;quot;_blank&amp;quot;&gt;Glossary:  Cambios Clim&aacute;ticos&lt;\/a&gt;&lt;\/li&gt;&lt;li class=&amp;quot;cmtt_related_item&amp;quot;&gt;&lt;a href=&amp;quot;https:\/\/xqthenews.com\/es\/glossary\/calentamiento-global\/&amp;quot;target=&amp;quot;_blank&amp;quot;&gt;Glossary:  Calentamiento Global&lt;\/a&gt;&lt;\/li&gt;&lt;li class=&amp;quot;cmtt_related_item&amp;quot;&gt;&lt;a href=&amp;quot;https:\/\/xqthenews.com\/es\/glossary\/justicia-climatica\/&amp;quot;target=&amp;quot;_blank&amp;quot;&gt;Glossary:  Justicia Clim&aacute;tica&lt;\/a&gt;&lt;\/li&gt;&lt;li class=&amp;quot;cmtt_related_item&amp;quot;&gt;&lt;a href=&amp;quot;https:\/\/xqthenews.com\/es\/movimientos-juveniles-en-europa-en-busca-de-respuestas-a-la-crisis-climatica\/&amp;quot;target=&amp;quot;_blank&amp;quot;&gt;Movimientos juveniles en Europa en busca de respuestas a la crisis clim&aacute;tica&lt;\/a&gt;&lt;\/li&gt;&lt;\/ul&gt;&lt;\/div&gt;\" href=\"https:\/\/xqthenews.com\/es\/glossary\/gases-de-efecto-invernadero\/\" data-gt-translate-attributes='[{\"attribute\":\"data-cmtooltip\", \"format\":\"html\"}]' tabindex=\"0\" role=\"link\">gases de efecto invernadero<\/a>. Y Greenpeace tambi&eacute;n<a href=\"https:\/\/www.greenpeace.org\/international\/story\/62308\/how-fast-fashion-fuels-climate-change-plastic-pollution-and-violence\/\"> se&ntilde;al&oacute; c&oacute;mo<\/a>, solo en la Uni&oacute;n Europea, el consumo textil convierte a la industria de la moda en el cuarto sector en t&eacute;rminos de impacto sobre el medio ambiente y el clima, y el tercero en t&eacute;rminos de consumo de agua y tierra. La organizaci&oacute;n ecologista tambi&eacute;n se&ntilde;al&oacute; que en la UE se tiran unos 5,8 millones de toneladas de productos textiles, lo que equivale a 12 kg por persona. Esos mismos productos, usados o sin vender, acaban en el enorme <a class=\"glossaryLink\" aria-describedby=\"tt\" data-cmtooltip=\"&lt;div class=glossaryItemTitle&gt;Vertedero&lt;\/div&gt;&lt;div class=glossaryItemBody&gt;&amp;lt;!-- wp:paragraph --&amp;gt;Un vertedero es un lugar destinado a la descomposici&oacute;n final de los residuos s&oacute;lidos generados por la actividad humana. Aqu&iacute; se depositan los residuos dom&eacute;sticos, comerciales y de la industria de la construcci&oacute;n, as&iacute; como los residuos s&oacute;lidos retirados de los efluentes (aguas residuales).&amp;lt;br\/&amp;gt;&amp;lt;!-- \/wp:paragraph --&amp;gt;&lt;\/div&gt;&lt;div class=&amp;quot;cmtt_related_articles_wrapper&amp;quot;&gt;&lt;div class=&amp;quot;cmtt_related_title cmtt_related_articles_title&amp;quot;&gt;Related Articles: &lt;\/div&gt;&lt;ul class=&amp;quot;cmtt_related&amp;quot;&gt;&lt;li class=&amp;quot;cmtt_related_item&amp;quot;&gt;&lt;a href=&amp;quot;https:\/\/xqthenews.com\/es\/mensaje-en-una-botella-o-los-plasticos-que-nunca-desaparecen\/&amp;quot;target=&amp;quot;_blank&amp;quot;&gt;Mensaje en una botella, o los pl&aacute;sticos que nunca desaparecen&lt;\/a&gt;&lt;\/li&gt;&lt;li class=&amp;quot;cmtt_related_item&amp;quot;&gt;&lt;a href=&amp;quot;https:\/\/xqthenews.com\/es\/economia-circular-materia-organica-en-el-pasado-el-presente-y-el-futuro\/&amp;quot;target=&amp;quot;_blank&amp;quot;&gt;Econom&iacute;a circular: materia org&aacute;nica en el pasado, el presente y el futuro&lt;\/a&gt;&lt;\/li&gt;&lt;li class=&amp;quot;cmtt_related_item&amp;quot;&gt;&lt;a href=&amp;quot;https:\/\/xqthenews.com\/es\/racismo-medioambiental-y-crisis-ecologicas-en-el-sur-global\/&amp;quot;target=&amp;quot;_blank&amp;quot;&gt;Racismo medioambiental y crisis ecol&oacute;gicas en el Sur Global&lt;\/a&gt;&lt;\/li&gt;&lt;li class=&amp;quot;cmtt_related_item&amp;quot;&gt;&lt;a href=&amp;quot;https:\/\/xqthenews.com\/es\/fast-fashion-la-moda-que-perjudica-a-la-humanidad-y-al-medioambiente\/&amp;quot;target=&amp;quot;_blank&amp;quot;&gt;Fast Fashion, la moda que perjudica a la humanidad y al medioambiente&lt;\/a&gt;&lt;\/li&gt;&lt;li class=&amp;quot;cmtt_related_item&amp;quot;&gt;&lt;a href=&amp;quot;https:\/\/xqthenews.com\/es\/de-tendencia-a-basura-la-cara-perversa-de-la-moda-rapida\/&amp;quot;target=&amp;quot;_blank&amp;quot;&gt;De tendencia a basura: la cara perversa de la moda r&aacute;pida&lt;\/a&gt;&lt;\/li&gt;&lt;\/ul&gt;&lt;\/div&gt;\" href=\"https:\/\/xqthenews.com\/es\/glossary\/vertedero\/\" data-gt-translate-attributes='[{\"attribute\":\"data-cmtooltip\", \"format\":\"html\"}]' tabindex=\"0\" role=\"link\">vertedero<\/a> ilegal del desierto de Atacama, en Chile.<\/p>\n\n\n\n<p>&nbsp;Seg&uacute;n la OIT (Organizaci&oacute;n Internacional del Trabajo)<a href=\"https:\/\/www.ilo.org\/resource\/news\/annual-profits-forced-labour-amount-us-236-billion-ilo-report-finds\">, la industria de la moda es responsable de la explotaci&oacute;n de<\/a> unos 30 millones de personas en todo el mundo, obligadas a vivir en condiciones de semiesclavitud, con jornadas laborales de hasta 14 horas y un salario de unos 2,40 d&oacute;lares al d&iacute;a.<br><br>Estas son s&oacute;lo algunas de las cifras que se esconden tras las etiquetas de las prendas de moda r&aacute;pida.<\/p>\n\n\n\n<p>Lees el precio y te convences de que has conseguido una ganga, pero la realidad es bien distinta: la sociedad acaba de tropezar con el c&iacute;rculo espasm&oacute;dico del consumismo que quita a los pobres para hacer m&aacute;s ricos a los ricos.<\/p>\n\n\n\n<p>Nacida como una reconfiguraci&oacute;n de la identidad de clase con el objetivo de democratizar y extender la igualdad, la moda r&aacute;pida -o m&aacute;s bien <em>desechable-<\/em> ha enga&ntilde;ado a todo el mundo. La promesa de ropa de moda, barata e inclusiva no es m&aacute;s que la alfombra bajo la que la industria esconde toneladas de polvo. Tiempos de producci&oacute;n muy reducidos, renovaci&oacute;n continua de los productos, precios democr&aacute;ticos y dise&ntilde;o inspirado en las tendencias -con un claro problema respecto a la propiedad intelectual- son s&oacute;lo algunos de los esl&oacute;ganes utilizados por los grandes magnates de la moda r&aacute;pida para imprimir en el imaginario p&uacute;blico el <em>gentil prop&oacute;sito de<\/em> su imperio.<\/p>\n\n\n\n<h2 class=\"wp-block-heading\"><strong>El grupo Inditex, representaci&oacute;n pragm&aacute;tica de <\/strong><strong><em>la moda r&aacute;pida<\/em><\/strong><\/h2>\n\n\n\n<p>En el coraz&oacute;n de este modelo se encuentra la empresa espa&ntilde;ola Inditex, cuya marca m&aacute;s famosa, Zara, marc&oacute; la pauta y allan&oacute; el camino a los imitadores.<br>El grupo, propiedad de Amancio Ortega, engloba varias marcas, entre ellas, adem&aacute;s de su hija predilecta, Massimo Dutti, Pull &amp; Bear, Bershka, Stradivarius, Oysho, Uterq&uuml;e y Zara Home.<\/p>\n\n\n\n<p>Ortega es conocido como el Prometeo de la moda, como aquel que rob&oacute; el <em>savoir fair<\/em> en las artes textiles a unos pocos elegidos -dise&ntilde;adores franceses e italianos- y se lo dio a los hombres. Pero, como es conocido, en la mitolog&iacute;a griega Prometeo es condenado por los dioses y acaba encadenado a una roca por toda la eternidad.<\/p>\n\n\n\n<p>Ortega construy&oacute; su imperio desde una peque&ntilde;a tienda en la calle Juan Fl&oacute;rez, en el coraz&oacute;n de Coru&ntilde;a. Era 1975, el a&ntilde;o en que terminaban para Espa&ntilde;a los largos a&ntilde;os de dictadura tras la muerte de Francisco Franco.<\/p>\n\n\n\n<p>El objetivo, tanto entonces como ahora, era crear ropa que pudiera llevar cualquier mujer. Fue a partir de esta intuici&oacute;n que Zara construy&oacute;, movimiento tras movimiento, su &eacute;xito: observando y satisfaciendo los deseos de las mujeres y, m&aacute;s tarde, tambi&eacute;n de los hombres y los ni&ntilde;os.<\/p>\n\n\n\n<p>El plan estrat&eacute;gico era y es sencillo: ni existencias ni almac&eacute;n. Las prendas son transitorias: hoy est&aacute;n, ma&ntilde;ana puede que no. De este modo, el cliente se ve obligado a comprar inmediatamente y siempre quiere m&aacute;s. No hay publicidad. La tienda se hace publicidad a s&iacute; misma. No en vano, Zara es la primera marca de Europa por n&uacute;mero de puntos de venta y la segunda del mundo, tras la estadounidense Gap.<\/p>\n\n\n\n<p>Ortega ha dado, pues, la vuelta al concepto de estacionalidad. Todo gira en torno al entretiempo, a esas prendas que nadie sabe nunca cu&aacute;ndo ponerse y que todos seguimos comprando.<\/p>\n\n\n\n<p>Es con esta extra&ntilde;a e innovadora pol&iacute;tica de <em>colocaci&oacute;n<\/em> con la que el grupo Inditex ha conseguido colarse en los armarios de todo el mundo. Y eso significa todo el mundo. No solo en los de la gente de a pie, sino tambi&eacute;n en los de reinas y supermodelos. En 2018, la modelo Emily Ratajkowski se cas&oacute; con un traje de Zara color mostaza, que se hizo viral y se <em>agot&oacute;<\/em> autom&aacute;ticamente. La princesa consorte Kate Middleton ha sido fotografiada una y otra vez con blazers de Zara.<\/p>\n\n\n\n<p>Si esto puede parecer parad&oacute;jico, al contrario, encaja en un plan estrat&eacute;gico preciso de la marca r&aacute;pida que se siente casi avergonzada de ser percibida como tal.<\/p>\n\n\n\n<p>Un an&aacute;lisis publicado en <em>BoF<\/em> (<em>The Business of Fashion<\/em>) muestra que Ortega est&aacute; considerando un<a href=\"https:\/\/www.businessoffashion.com\/news\/retail\/in-the-background-inditex-heiress-sets-tone-for-zara-revamp\/\"> importante relanzamiento que podr&iacute;a llevar a Zara a&uacute;n m&aacute;s alto.<\/a> En efecto, a trav&eacute;s del programa <em>Join Life<\/em> y de una ligera pero constante subida de precios, la marca intenta reposicionarse en el mercado para ser percibida como sostenible y de lujo. En esta nueva perspectiva, el objetivo es trabajar en las diferentes etapas de la cadena de producci&oacute;n con un enfoque interseccional hol&iacute;stico que va desde la elecci&oacute;n de los materiales hasta la gesti&oacute;n log&iacute;stica de la producci&oacute;n y el almac&eacute;n. Para 2030, Zara pretende reducir las <a class=\"glossaryLink\" aria-describedby=\"tt\" data-cmtooltip=\"&lt;div class=glossaryItemTitle&gt;Emisiones&lt;\/div&gt;&lt;div class=glossaryItemBody&gt;&amp;lt;!-- wp:paragraph --&amp;gt;Liberaci&oacute;n de gases de efecto invernadero a la atm&oacute;sfera a partir de diversas fuentes, como la quema de combustibles f&oacute;siles, la producci&oacute;n industrial y la agricultura.&amp;lt;br\/&amp;gt;&amp;lt;!-- \/wp:paragraph --&amp;gt;&lt;\/div&gt;&lt;div class=&amp;quot;cmtt_related_articles_wrapper&amp;quot;&gt;&lt;div class=&amp;quot;cmtt_related_title cmtt_related_articles_title&amp;quot;&gt;Related Articles: &lt;\/div&gt;&lt;ul class=&amp;quot;cmtt_related&amp;quot;&gt;&lt;li class=&amp;quot;cmtt_related_item&amp;quot;&gt;&lt;a href=&amp;quot;https:\/\/xqthenews.com\/es\/sigue-siendo-importante-la-huella-de-carbono-en-la-lucha-contra-la-crisis-climatica\/&amp;quot;target=&amp;quot;_blank&amp;quot;&gt;&iquest;Sigue siendo importante la huella de carbono en la lucha contra la crisis clim&aacute;tica?&lt;\/a&gt;&lt;\/li&gt;&lt;li class=&amp;quot;cmtt_related_item&amp;quot;&gt;&lt;a href=&amp;quot;https:\/\/xqthenews.com\/es\/contribuyen-las-nuevas-tecnologias-de-inteligencia-artificial-al-cambio-climatico-la-respuesta-esta-en-el-agua-y-en-la-energia\/&amp;quot;target=&amp;quot;_blank&amp;quot;&gt;&iquest;Contribuyen las nuevas tecnolog&iacute;as de inteligencia artificial al cambio clim&aacute;tico?&nbsp; La respuesta est&aacute; en el agua y en la energ&iacute;a&lt;\/a&gt;&lt;\/li&gt;&lt;li class=&amp;quot;cmtt_related_item&amp;quot;&gt;&lt;a href=&amp;quot;https:\/\/xqthenews.com\/es\/glossary\/responsabilidades-comuns-mas-diferenciadas-cbdr\/&amp;quot;target=&amp;quot;_blank&amp;quot;&gt;Glossary:  Responsabilidades Comunes pero Diferenciadas ( en ingl&eacute;s, CBDR)&lt;\/a&gt;&lt;\/li&gt;&lt;li class=&amp;quot;cmtt_related_item&amp;quot;&gt;&lt;a href=&amp;quot;https:\/\/xqthenews.com\/es\/el-pasado-colonial-y-los-actuales-privilegios-climaticos-quien-paga-la-factura-de-la-crisis\/&amp;quot;target=&amp;quot;_blank&amp;quot;&gt;El pasado colonial y los actuales privilegios clim&aacute;ticos: &iquest;Qui&eacute;n paga la factura de la crisis?&lt;\/a&gt;&lt;\/li&gt;&lt;li class=&amp;quot;cmtt_related_item&amp;quot;&gt;&lt;a href=&amp;quot;https:\/\/xqthenews.com\/es\/justicia-climatica-global-el-papel-de-los-jovenes-en-la-lucha-por-mas-financiacion\/&amp;quot;target=&amp;quot;_blank&amp;quot;&gt;Justicia clim&aacute;tica global: el papel de los j&oacute;venes en la lucha por m&aacute;s financiaci&oacute;n&lt;\/a&gt;&lt;\/li&gt;&lt;\/ul&gt;&lt;\/div&gt;\" href=\"https:\/\/xqthenews.com\/es\/glossary\/emisiones\/\" data-gt-translate-attributes='[{\"attribute\":\"data-cmtooltip\", \"format\":\"html\"}]' tabindex=\"0\" role=\"link\">emisiones<\/a> en un 50% y eliminarlas por completo para 2040. La atenci&oacute;n se centra tambi&eacute;n en el uso de materiales textiles reciclados y en la implantaci&oacute;n de servicios de circularidad como el <em>Zara pre-owen<\/em>, que permite a la gente reciclar sus prendas para que tengan una nueva vida. El programa se basa en la posibilidad de tirar la ropa comprada unas temporadas antes y comprar otra nueva en un c&iacute;rculo vicioso continuo.<\/p>\n\n\n\n<p>Es el velo maya de la <a class=\"glossaryLink\" aria-describedby=\"tt\" data-cmtooltip=\"&lt;div class=glossaryItemTitle&gt;Sostenibilidad&lt;\/div&gt;&lt;div class=glossaryItemBody&gt;&amp;lt;!-- wp:paragraph --&amp;gt;Capacidad de un sistema para mantenerse en equilibrio. La expresi&oacute;n se ha utilizado para designar los equilibrios que deben mantener los seres humanos para asegurar sus condiciones de vida y garantizar su continuidad en el planeta. En este sentido, el significado de sostenibilidad se refiere a la forma en que la humanidad debe interactuar con los recursos del planeta, de modo que la satisfacci&oacute;n de las necesidades del presente no ponga en peligro el futuro.&amp;lt;br\/&amp;gt;&amp;lt;!-- \/wp:paragraph --&amp;gt;&amp;lt;!-- wp:paragraph --&amp;gt;Fuente: https:\/\/florestas.pt\/saiba-mais\/qual-o-significado-de-sustentabilidade\/&amp;lt;br\/&amp;gt;&amp;lt;!-- \/wp:paragraph --&amp;gt;&lt;\/div&gt;&lt;div class=&amp;quot;cmtt_related_articles_wrapper&amp;quot;&gt;&lt;div class=&amp;quot;cmtt_related_title cmtt_related_articles_title&amp;quot;&gt;Related Articles: &lt;\/div&gt;&lt;ul class=&amp;quot;cmtt_related&amp;quot;&gt;&lt;li class=&amp;quot;cmtt_related_item&amp;quot;&gt;&lt;a href=&amp;quot;https:\/\/xqthenews.com\/es\/mensaje-en-una-botella-o-los-plasticos-que-nunca-desaparecen\/&amp;quot;target=&amp;quot;_blank&amp;quot;&gt;Mensaje en una botella, o los pl&aacute;sticos que nunca desaparecen&lt;\/a&gt;&lt;\/li&gt;&lt;li class=&amp;quot;cmtt_related_item&amp;quot;&gt;&lt;a href=&amp;quot;https:\/\/xqthenews.com\/es\/luchar-contra-el-cambio-climatico-tambien-es-combatir-la-desinformacion\/&amp;quot;target=&amp;quot;_blank&amp;quot;&gt;Luchar contra el cambio clim&aacute;tico tambi&eacute;n es combatir la desinformaci&oacute;n&lt;\/a&gt;&lt;\/li&gt;&lt;li class=&amp;quot;cmtt_related_item&amp;quot;&gt;&lt;a href=&amp;quot;https:\/\/xqthenews.com\/es\/glossary\/greenwashing\/&amp;quot;target=&amp;quot;_blank&amp;quot;&gt;Glossary:  Greenwashing&lt;\/a&gt;&lt;\/li&gt;&lt;li class=&amp;quot;cmtt_related_item&amp;quot;&gt;&lt;a href=&amp;quot;https:\/\/xqthenews.com\/es\/la-educacion-ambiental-como-paradigma-de-la-prevencion-de-incendios-rurales\/&amp;quot;target=&amp;quot;_blank&amp;quot;&gt;La educaci&oacute;n ambiental como paradigma de la prevenci&oacute;n de incendios rurales&lt;\/a&gt;&lt;\/li&gt;&lt;li class=&amp;quot;cmtt_related_item&amp;quot;&gt;&lt;a href=&amp;quot;https:\/\/xqthenews.com\/es\/movimientos-juveniles-en-europa-en-busca-de-respuestas-a-la-crisis-climatica\/&amp;quot;target=&amp;quot;_blank&amp;quot;&gt;Movimientos juveniles en Europa en busca de respuestas a la crisis clim&aacute;tica&lt;\/a&gt;&lt;\/li&gt;&lt;\/ul&gt;&lt;\/div&gt;\" href=\"https:\/\/xqthenews.com\/es\/glossary\/sostenibilidad\/\" data-gt-translate-attributes='[{\"attribute\":\"data-cmtooltip\", \"format\":\"html\"}]' tabindex=\"0\" role=\"link\">sostenibilidad<\/a> y la innovaci&oacute;n que esconde el deseo de unos pocos poderosos de enriquecerse a costa de las personas y el medio ambiente.<\/p>\n\n\n\n<p>As&iacute;, a pesar de las promesas hechas y las aspiraciones capitalistas ocultas, cada ma&ntilde;ana el consumidor se despierta con el cl&aacute;sico dilema hamletiano: un armario lleno de ropa y nada que ponerse.<\/p>\n\n\n<script type=\"text\/javascript\">\n\/* <![CDATA[ *\/\nvar gform;gform||(document.addEventListener(\"gform_main_scripts_loaded\",function(){gform.scriptsLoaded=!0}),document.addEventListener(\"gform\/theme\/scripts_loaded\",function(){gform.themeScriptsLoaded=!0}),window.addEventListener(\"DOMContentLoaded\",function(){gform.domLoaded=!0}),gform={domLoaded:!1,scriptsLoaded:!1,themeScriptsLoaded:!1,isFormEditor:()=>\"function\"==typeof InitializeEditor,callIfLoaded:function(o){return!(!gform.domLoaded||!gform.scriptsLoaded||!gform.themeScriptsLoaded&&!gform.isFormEditor()||(gform.isFormEditor()&&console.warn(\"The use of gform.initializeOnLoaded() is deprecated in the form editor context and will be removed in Gravity Forms 3.1.\"),o(),0))},initializeOnLoaded:function(o){gform.callIfLoaded(o)||(document.addEventListener(\"gform_main_scripts_loaded\",()=>{gform.scriptsLoaded=!0,gform.callIfLoaded(o)}),document.addEventListener(\"gform\/theme\/scripts_loaded\",()=>{gform.themeScriptsLoaded=!0,gform.callIfLoaded(o)}),window.addEventListener(\"DOMContentLoaded\",()=>{gform.domLoaded=!0,gform.callIfLoaded(o)}))},hooks:{action:{},filter:{}},addAction:function(o,r,e,t){gform.addHook(\"action\",o,r,e,t)},addFilter:function(o,r,e,t){gform.addHook(\"filter\",o,r,e,t)},doAction:function(o){gform.doHook(\"action\",o,arguments)},applyFilters:function(o){return gform.doHook(\"filter\",o,arguments)},removeAction:function(o,r){gform.removeHook(\"action\",o,r)},removeFilter:function(o,r,e){gform.removeHook(\"filter\",o,r,e)},addHook:function(o,r,e,t,n){null==gform.hooks[o][r]&&(gform.hooks[o][r]=[]);var d=gform.hooks[o][r];null==n&&(n=r+\"_\"+d.length),gform.hooks[o][r].push({tag:n,callable:e,priority:t=null==t?10:t})},doHook:function(r,o,e){var t;if(e=Array.prototype.slice.call(e,1),null!=gform.hooks[r][o]&&((o=gform.hooks[r][o]).sort(function(o,r){return o.priority-r.priority}),o.forEach(function(o){\"function\"!=typeof(t=o.callable)&&(t=window[t]),\"action\"==r?t.apply(null,e):e[0]=t.apply(null,e)})),\"filter\"==r)return e[0]},removeHook:function(o,r,t,n){var e;null!=gform.hooks[o][r]&&(e=(e=gform.hooks[o][r]).filter(function(o,r,e){return!!(null!=n&&n!=o.tag||null!=t&&t!=o.priority)}),gform.hooks[o][r]=e)}});\n\/* ]]> *\/\n<\/script>\n\n                <div class=\"gf_browser_gecko gform_wrapper gravity-theme gform-theme--no-framework quiz_wrapper\" data-form-theme=\"gravity-theme\" data-form-index=\"0\" id=\"gform_wrapper_763\"><div id=\"gf_763\" class=\"gform_anchor\" tabindex=\"-1\"><\/div>\n                        <div class=\"gform_heading\">\n                            <h2 class=\"gform_title\">Cuestionario de comprensi&oacute;n lectora. De tendencia a basura: la cara perversa de la moda r&aacute;pida<\/h2>\n                            <p class=\"gform_description\"><\/p>\n                        <\/div><form method=\"post\" enctype=\"multipart\/form-data\" id=\"gform_763\" class=\"quiz\" action=\"\/es\/wp-json\/wp\/v2\/posts\/23630#gf_763\" data-formid=\"763\" novalidate> \r\n <input type=\"hidden\" class=\"gforms-pum\" value='{\"closepopup\":false,\"closedelay\":0,\"openpopup\":false,\"openpopup_id\":0}'>\n        <div id=\"gf_progressbar_wrapper_763\" class=\"gf_progressbar_wrapper\" data-start-at-zero=\"\">\n        \t<p class=\"gf_progressbar_title\">Paso <span class=\"gf_step_current_page\">1<\/span> de <span class=\"gf_step_page_count\">3<\/span><span class=\"gf_step_page_name\"><\/span>\n        \t<\/p>\n            <div class=\"gf_progressbar gf_progressbar_blue\" aria-hidden=\"true\">\n                <div class=\"gf_progressbar_percentage percentbar_blue percentbar_33\" style=\"width:33%;\"><span>33%<\/span><\/div>\n            <\/div><\/div>\n                        <div class=\"gform-body gform_body\"><div id=\"gform_page_763_1\" class=\"gform_page \" data-js=\"page-field-id-0\">\n\t\t\t\t\t<div class=\"gform_page_fields\"><div id=\"gform_fields_763\" class=\"gform_fields top_label form_sublabel_below description_below validation_below\"><fieldset id=\"field_763_1\" class=\"gfield gfield--type-quiz gfield--type-choice gfield--input-type-radio field_sublabel_below gfield--no-description field_description_below field_validation_below gfield_visibility_visible gquiz-field \" data-field-class=\"gquiz-field\"><legend class=\"gfield_label gform-field-label\">&iquest;Qu&eacute; porcentaje de las <a class=\"glossaryLink\" aria-describedby=\"tt\" data-cmtooltip=\"&lt;div class=glossaryItemTitle&gt;Emisiones&lt;\/div&gt;&lt;div class=glossaryItemBody&gt;&amp;lt;!-- wp:paragraph --&amp;gt;Liberaci&oacute;n de gases de efecto invernadero a la atm&oacute;sfera a partir de diversas fuentes, como la quema de combustibles f&oacute;siles, la producci&oacute;n industrial y la agricultura.&amp;lt;br\/&amp;gt;&amp;lt;!-- \/wp:paragraph --&amp;gt;&lt;\/div&gt;&lt;div class=&amp;quot;cmtt_related_articles_wrapper&amp;quot;&gt;&lt;div class=&amp;quot;cmtt_related_title cmtt_related_articles_title&amp;quot;&gt;Related Articles: &lt;\/div&gt;&lt;ul class=&amp;quot;cmtt_related&amp;quot;&gt;&lt;li class=&amp;quot;cmtt_related_item&amp;quot;&gt;&lt;a href=&amp;quot;https:\/\/xqthenews.com\/es\/sigue-siendo-importante-la-huella-de-carbono-en-la-lucha-contra-la-crisis-climatica\/&amp;quot;target=&amp;quot;_blank&amp;quot;&gt;&iquest;Sigue siendo importante la huella de carbono en la lucha contra la crisis clim&aacute;tica?&lt;\/a&gt;&lt;\/li&gt;&lt;li class=&amp;quot;cmtt_related_item&amp;quot;&gt;&lt;a href=&amp;quot;https:\/\/xqthenews.com\/es\/contribuyen-las-nuevas-tecnologias-de-inteligencia-artificial-al-cambio-climatico-la-respuesta-esta-en-el-agua-y-en-la-energia\/&amp;quot;target=&amp;quot;_blank&amp;quot;&gt;&iquest;Contribuyen las nuevas tecnolog&iacute;as de inteligencia artificial al cambio clim&aacute;tico?&nbsp; La respuesta est&aacute; en el agua y en la energ&iacute;a&lt;\/a&gt;&lt;\/li&gt;&lt;li class=&amp;quot;cmtt_related_item&amp;quot;&gt;&lt;a href=&amp;quot;https:\/\/xqthenews.com\/es\/glossary\/responsabilidades-comuns-mas-diferenciadas-cbdr\/&amp;quot;target=&amp;quot;_blank&amp;quot;&gt;Glossary:  Responsabilidades Comunes pero Diferenciadas ( en ingl&eacute;s, CBDR)&lt;\/a&gt;&lt;\/li&gt;&lt;li class=&amp;quot;cmtt_related_item&amp;quot;&gt;&lt;a href=&amp;quot;https:\/\/xqthenews.com\/es\/el-pasado-colonial-y-los-actuales-privilegios-climaticos-quien-paga-la-factura-de-la-crisis\/&amp;quot;target=&amp;quot;_blank&amp;quot;&gt;El pasado colonial y los actuales privilegios clim&aacute;ticos: &iquest;Qui&eacute;n paga la factura de la crisis?&lt;\/a&gt;&lt;\/li&gt;&lt;li class=&amp;quot;cmtt_related_item&amp;quot;&gt;&lt;a href=&amp;quot;https:\/\/xqthenews.com\/es\/justicia-climatica-global-el-papel-de-los-jovenes-en-la-lucha-por-mas-financiacion\/&amp;quot;target=&amp;quot;_blank&amp;quot;&gt;Justicia clim&aacute;tica global: el papel de los j&oacute;venes en la lucha por m&aacute;s financiaci&oacute;n&lt;\/a&gt;&lt;\/li&gt;&lt;\/ul&gt;&lt;\/div&gt;\" href=\"https:\/\/xqthenews.com\/es\/glossary\/emisiones\/\" data-gt-translate-attributes='[{\"attribute\":\"data-cmtooltip\", \"format\":\"html\"}]' tabindex=\"0\" role=\"link\">emisiones<\/a> mundiales de <a class=\"glossaryLink\" aria-describedby=\"tt\" data-cmtooltip=\"&lt;div class=glossaryItemTitle&gt;Gases de efecto invernadero&lt;\/div&gt;&lt;div class=glossaryItemBody&gt;&amp;lt;!-- wp:paragraph --&amp;gt;Regulados por el Protocolo de Kioto, son: Di&oacute;xido de Carbono (CO2), Metano (CH4), &Oacute;xido Nitroso (N2O), Hexafluoruro de Azufre (SF6) y dos familias de gases, los Hidrofluorocarbonos (HFC) y los Perfluorocarbonos (PFC).&amp;lt;br\/&amp;gt;&amp;lt;!-- \/wp:paragraph --&amp;gt;&lt;\/div&gt;&lt;div class=&amp;quot;cmtt_related_articles_wrapper&amp;quot;&gt;&lt;div class=&amp;quot;cmtt_related_title cmtt_related_articles_title&amp;quot;&gt;Related Articles: &lt;\/div&gt;&lt;ul class=&amp;quot;cmtt_related&amp;quot;&gt;&lt;li class=&amp;quot;cmtt_related_item&amp;quot;&gt;&lt;a href=&amp;quot;https:\/\/xqthenews.com\/es\/luchar-contra-el-cambio-climatico-tambien-es-combatir-la-desinformacion\/&amp;quot;target=&amp;quot;_blank&amp;quot;&gt;Luchar contra el cambio clim&aacute;tico tambi&eacute;n es combatir la desinformaci&oacute;n&lt;\/a&gt;&lt;\/li&gt;&lt;li class=&amp;quot;cmtt_related_item&amp;quot;&gt;&lt;a href=&amp;quot;https:\/\/xqthenews.com\/es\/glossary\/cambio-climatico-2\/&amp;quot;target=&amp;quot;_blank&amp;quot;&gt;Glossary:  Cambios Clim&aacute;ticos&lt;\/a&gt;&lt;\/li&gt;&lt;li class=&amp;quot;cmtt_related_item&amp;quot;&gt;&lt;a href=&amp;quot;https:\/\/xqthenews.com\/es\/glossary\/calentamiento-global\/&amp;quot;target=&amp;quot;_blank&amp;quot;&gt;Glossary:  Calentamiento Global&lt;\/a&gt;&lt;\/li&gt;&lt;li class=&amp;quot;cmtt_related_item&amp;quot;&gt;&lt;a href=&amp;quot;https:\/\/xqthenews.com\/es\/glossary\/justicia-climatica\/&amp;quot;target=&amp;quot;_blank&amp;quot;&gt;Glossary:  Justicia Clim&aacute;tica&lt;\/a&gt;&lt;\/li&gt;&lt;li class=&amp;quot;cmtt_related_item&amp;quot;&gt;&lt;a href=&amp;quot;https:\/\/xqthenews.com\/es\/movimientos-juveniles-en-europa-en-busca-de-respuestas-a-la-crisis-climatica\/&amp;quot;target=&amp;quot;_blank&amp;quot;&gt;Movimientos juveniles en Europa en busca de respuestas a la crisis clim&aacute;tica&lt;\/a&gt;&lt;\/li&gt;&lt;\/ul&gt;&lt;\/div&gt;\" href=\"https:\/\/xqthenews.com\/es\/glossary\/gases-de-efecto-invernadero\/\" data-gt-translate-attributes='[{\"attribute\":\"data-cmtooltip\", \"format\":\"html\"}]' tabindex=\"0\" role=\"link\">gases de efecto invernadero<\/a> se atribuye a la industria de la moda?<\/legend><div class=\"ginput_container ginput_container_radio\"><div class=\"gfield_radio\" id=\"input_763_1\">\n\t\t\t<div class=\"gchoice gchoice_763_1_0\">\n\t\t\t\t\t<input class=\"gfield-choice-input\" name=\"input_1\" type=\"radio\" value=\"gquiz1b2b27084\" id=\"choice_763_1_0\" onchange=\"gformToggleRadioOther( this )\">\n\t\t\t\t\t<label for=\"choice_763_1_0\" id=\"label_763_1_0\" class=\"gform-field-label gform-field-label--type-inline\">5%<\/label>\n\t\t\t<\/div>\n\t\t\t<div class=\"gchoice gchoice_763_1_1\">\n\t\t\t\t\t<input class=\"gfield-choice-input\" name=\"input_1\" type=\"radio\" value=\"gquiz12c53da11\" id=\"choice_763_1_1\" onchange=\"gformToggleRadioOther( this )\">\n\t\t\t\t\t<label for=\"choice_763_1_1\" id=\"label_763_1_1\" class=\"gform-field-label gform-field-label--type-inline\">10%<\/label>\n\t\t\t<\/div>\n\t\t\t<div class=\"gchoice gchoice_763_1_2\">\n\t\t\t\t\t<input class=\"gfield-choice-input\" name=\"input_1\" type=\"radio\" value=\"gquiz1b6725f5d\" id=\"choice_763_1_2\" onchange=\"gformToggleRadioOther( this )\">\n\t\t\t\t\t<label for=\"choice_763_1_2\" id=\"label_763_1_2\" class=\"gform-field-label gform-field-label--type-inline\">15%<\/label>\n\t\t\t<\/div><\/div><\/div><\/fieldset><\/div>\n                    <\/div>\n                    <div class=\"gform-page-footer gform_page_footer top_label\">\n                         <input type=\"button\" id=\"gform_next_button_763_5\" class=\"gform_next_button gform-theme-button button\" onclick=\"gform.submission.handleButtonClick(this);\" data-submission-type=\"next\" value=\"Siguiente \"> \n                    <\/div>\n                <\/div>\n                <div id=\"gform_page_763_2\" class=\"gform_page\" data-js=\"page-field-id-5\" style=\"display:none;\">\n                    <div class=\"gform_page_fields\">\n                        <div id=\"gform_fields_763_2\" class=\"gform_fields top_label form_sublabel_below description_below validation_below\"><fieldset id=\"field_763_3\" class=\"gfield gfield--type-quiz gfield--type-choice gfield--input-type-radio gfield--width-full field_sublabel_below gfield--no-description field_description_below field_validation_below gfield_visibility_visible gquiz-field \" data-field-class=\"gquiz-field\"><legend class=\"gfield_label gform-field-label\">&iquest;Qu&eacute; problema se ha puesto de relieve en relaci&oacute;n con el dise&ntilde;o de moda r&aacute;pida?<\/legend><div class=\"ginput_container ginput_container_radio\"><div class=\"gfield_radio\" id=\"input_763_3\">\n\t\t\t<div class=\"gchoice gchoice_763_3_0\">\n\t\t\t\t\t<input class=\"gfield-choice-input\" name=\"input_3\" type=\"radio\" value=\"gquiz3394e91f2\" id=\"choice_763_3_0\" onchange=\"gformToggleRadioOther( this )\">\n\t\t\t\t\t<label for=\"choice_763_3_0\" id=\"label_763_3_0\" class=\"gform-field-label gform-field-label--type-inline\">Escasez de materiales<\/label>\n\t\t\t<\/div>\n\t\t\t<div class=\"gchoice gchoice_763_3_1\">\n\t\t\t\t\t<input class=\"gfield-choice-input\" name=\"input_3\" type=\"radio\" value=\"gquiz3b5aa3d2d\" id=\"choice_763_3_1\" onchange=\"gformToggleRadioOther( this )\">\n\t\t\t\t\t<label for=\"choice_763_3_1\" id=\"label_763_3_1\" class=\"gform-field-label gform-field-label--type-inline\">Problemas de derechos de autor<\/label>\n\t\t\t<\/div>\n\t\t\t<div class=\"gchoice gchoice_763_3_2\">\n\t\t\t\t\t<input class=\"gfield-choice-input\" name=\"input_3\" type=\"radio\" value=\"gquiz3d1b23a18\" id=\"choice_763_3_2\" onchange=\"gformToggleRadioOther( this )\">\n\t\t\t\t\t<label for=\"choice_763_3_2\" id=\"label_763_3_2\" class=\"gform-field-label gform-field-label--type-inline\">Falta de creatividad<\/label>\n\t\t\t<\/div><\/div><\/div><\/fieldset><\/div>\n                    <\/div>\n                    <div class=\"gform-page-footer gform_page_footer top_label\">\n                        <input type=\"button\" id=\"gform_previous_button_763_6\" class=\"gform_previous_button gform-theme-button gform-theme-button--secondary button\" onclick=\"gform.submission.handleButtonClick(this);\" data-submission-type=\"previous\" value=\"Anterior\"> <input type=\"button\" id=\"gform_next_button_763_6\" class=\"gform_next_button gform-theme-button button\" onclick=\"gform.submission.handleButtonClick(this);\" data-submission-type=\"next\" value=\"Siguiente \"> \n                    <\/div>\n                <\/div>\n                <div id=\"gform_page_763_3\" class=\"gform_page\" data-js=\"page-field-id-6\" style=\"display:none;\">\n                    <div class=\"gform_page_fields\">\n                        <div id=\"gform_fields_763_3\" class=\"gform_fields top_label form_sublabel_below description_below validation_below\"><fieldset id=\"field_763_4\" class=\"gfield gfield--type-quiz gfield--type-choice gfield--input-type-radio gfield--width-full field_sublabel_below gfield--no-description field_description_below field_validation_below gfield_visibility_visible gquiz-field \" data-field-class=\"gquiz-field\"><legend class=\"gfield_label gform-field-label\">&iquest;Cu&aacute;l es la estrategia clave de Zara para conseguir que los clientes compren inmediatamente?<\/legend><div class=\"ginput_container ginput_container_radio\"><div class=\"gfield_radio\" id=\"input_763_4\">\n\t\t\t<div class=\"gchoice gchoice_763_4_0\">\n\t\t\t\t\t<input class=\"gfield-choice-input\" name=\"input_4\" type=\"radio\" value=\"gquiz46a62d494\" id=\"choice_763_4_0\" onchange=\"gformToggleRadioOther( this )\">\n\t\t\t\t\t<label for=\"choice_763_4_0\" id=\"label_763_4_0\" class=\"gform-field-label gform-field-label--type-inline\">Descuentos frecuentes<\/label>\n\t\t\t<\/div>\n\t\t\t<div class=\"gchoice gchoice_763_4_1\">\n\t\t\t\t\t<input class=\"gfield-choice-input\" name=\"input_4\" type=\"radio\" value=\"gquiz488c89c8f\" id=\"choice_763_4_1\" onchange=\"gformToggleRadioOther( this )\">\n\t\t\t\t\t<label for=\"choice_763_4_1\" id=\"label_763_4_1\" class=\"gform-field-label gform-field-label--type-inline\">Publicidad agresiva<\/label>\n\t\t\t<\/div>\n\t\t\t<div class=\"gchoice gchoice_763_4_2\">\n\t\t\t\t\t<input class=\"gfield-choice-input\" name=\"input_4\" type=\"radio\" value=\"gquiz4054f68d8\" id=\"choice_763_4_2\" onchange=\"gformToggleRadioOther( this )\">\n\t\t\t\t\t<label for=\"choice_763_4_2\" id=\"label_763_4_2\" class=\"gform-field-label gform-field-label--type-inline\">Prendas temporales sin stock ni almacenes<\/label>\n\t\t\t<\/div><\/div><\/div><\/fieldset><\/div><\/div>\n        <div class=\"gform-page-footer gform_page_footer top_label\"><input type=\"submit\" id=\"gform_previous_button_763\" class=\"gform_previous_button gform-theme-button gform-theme-button--secondary button\" onclick=\"gform.submission.handleButtonClick(this);\" data-submission-type=\"previous\" value=\"Anterior\"> <input type=\"submit\" id=\"gform_submit_button_763\" class=\"gform_button button\" onclick=\"gform.submission.handleButtonClick(this);\" data-submission-type=\"submit\" value=\"Enviar\"> \n            <input type=\"hidden\" class=\"gform_hidden\" name=\"gform_submission_method\" data-js=\"gform_submission_method_763\" value=\"postback\">\n            <input type=\"hidden\" class=\"gform_hidden\" name=\"gform_theme\" data-js=\"gform_theme_763\" id=\"gform_theme_763\" value=\"gravity-theme\">\n            <input type=\"hidden\" class=\"gform_hidden\" name=\"gform_style_settings\" data-js=\"gform_style_settings_763\" id=\"gform_style_settings_763\" value='{\"inputPrimaryColor\":\"#204ce5\"}'>\n            <input type=\"hidden\" class=\"gform_hidden\" name=\"is_submit_763\" value=\"1\">\n            <input type=\"hidden\" class=\"gform_hidden\" name=\"gform_submit\" value=\"763\">\n            \n            <input type=\"hidden\" class=\"gform_hidden\" name=\"gform_currency\" data-currency=\"EUR\" value=\"hHQjbzAoy\/Hu2m2sA8D60bsRfigB23s+mKYU8cR6ilPBORe7ZZ\/Zu6VjfLoMt71a56goMuz6INP\/ov+U4KMoxnQqK2l+qeOzySrwxrwCcqM959Q=\">\n            <input type=\"hidden\" class=\"gform_hidden\" name=\"gform_unique_id\" value=\"\">\n            <input type=\"hidden\" class=\"gform_hidden\" name=\"state_763\" value=\"WyJbXSIsIjVlMjNlOGUzOTg5N2RmMzcwZmE1ODRlNDZjZGJmYjNkIl0=\">\n            <input type=\"hidden\" autocomplete=\"off\" class=\"gform_hidden\" name=\"gform_target_page_number_763\" id=\"gform_target_page_number_763\" value=\"2\">\n            <input type=\"hidden\" autocomplete=\"off\" class=\"gform_hidden\" name=\"gform_source_page_number_763\" id=\"gform_source_page_number_763\" value=\"1\">\n            <input type=\"hidden\" name=\"gform_field_values\" value=\"\">\n            \n        <\/div>\n             <\/div><\/div>\n                        <\/form>\n                        <\/div><script type=\"text\/javascript\">\n\/* <![CDATA[ *\/\n gform.initializeOnLoaded( function() {gformInitSpinner( 763, 'https:\/\/xqthenews.com\/wp-content\/plugins\/gravityforms\/images\/spinner.svg', true );jQuery('#gform_ajax_frame_763').on('load',function(){var contents = jQuery(this).contents().find('*').html();var is_postback = contents.indexOf('GF_AJAX_POSTBACK') >= 0;if(!is_postback){return;}var form_content = jQuery(this).contents().find('#gform_wrapper_763');var is_confirmation = jQuery(this).contents().find('#gform_confirmation_wrapper_763').length > 0;var is_redirect = contents.indexOf('gformRedirect(){') >= 0;var is_form = form_content.length > 0 && ! is_redirect && ! is_confirmation;var mt = parseInt(jQuery('html').css('margin-top'), 10) + parseInt(jQuery('body').css('margin-top'), 10) + 100;if(is_form){jQuery('#gform_wrapper_763').html(form_content.html());if(form_content.hasClass('gform_validation_error')){jQuery('#gform_wrapper_763').addClass('gform_validation_error');} else {jQuery('#gform_wrapper_763').removeClass('gform_validation_error');}setTimeout( function() { \/* delay the scroll by 50 milliseconds to fix a bug in chrome *\/ jQuery(document).scrollTop(jQuery('#gform_wrapper_763').offset().top - mt); }, 50 );if(window['gformInitDatepicker']) {gformInitDatepicker();}if(window['gformInitPriceFields']) {gformInitPriceFields();}var current_page = jQuery('#gform_source_page_number_763').val();gformInitSpinner( 763, 'https:\/\/xqthenews.com\/wp-content\/plugins\/gravityforms\/images\/spinner.svg', true );jQuery(document).trigger('gform_page_loaded', [763, current_page]);window['gf_submitting_763'] = false;}else if(!is_redirect){var confirmation_content = jQuery(this).contents().find('.GF_AJAX_POSTBACK').html();if(!confirmation_content){confirmation_content = contents;}jQuery('#gform_wrapper_763').replaceWith(confirmation_content);jQuery(document).scrollTop(jQuery('#gf_763').offset().top - mt);jQuery(document).trigger('gform_confirmation_loaded', [763]);window['gf_submitting_763'] = false;wp.a11y.speak(jQuery('#gform_confirmation_message_763').text());}else{jQuery('#gform_763').append(contents);if(window['gformRedirect']) {gformRedirect();}}jQuery(document).trigger(\"gform_pre_post_render\", [{ formId: \"763\", currentPage: \"current_page\", abort: function() { this.preventDefault(); } }]);        if (event && event.defaultPrevented) {                return;        }        const gformWrapperDiv = document.getElementById( \"gform_wrapper_763\" );        if ( gformWrapperDiv ) {            const visibilitySpan = document.createElement( \"span\" );            visibilitySpan.id = \"gform_visibility_test_763\";            gformWrapperDiv.insertAdjacentElement( \"afterend\", visibilitySpan );        }        const visibilityTestDiv = document.getElementById( \"gform_visibility_test_763\" );        let postRenderFired = false;        function triggerPostRender() {            if ( postRenderFired ) {                return;            }            postRenderFired = true;            gform.core.triggerPostRenderEvents( 763, current_page );            if ( visibilityTestDiv ) {                visibilityTestDiv.parentNode.removeChild( visibilityTestDiv );            }        }        function debounce( func, wait, immediate ) {            var timeout;            return function() {                var context = this, args = arguments;                var later = function() {                    timeout = null;                    if ( !immediate ) func.apply( context, args );                };                var callNow = immediate && !timeout;                clearTimeout( timeout );                timeout = setTimeout( later, wait );                if ( callNow ) func.apply( context, args );            };        }        const debouncedTriggerPostRender = debounce( function() {            triggerPostRender();        }, 200 );        if ( visibilityTestDiv && visibilityTestDiv.offsetParent === null ) {            const observer = new MutationObserver( ( mutations ) => {                mutations.forEach( ( mutation ) => {                    if ( mutation.type === 'attributes' && visibilityTestDiv.offsetParent !== null ) {                        debouncedTriggerPostRender();                        observer.disconnect();                    }                });            });            observer.observe( document.body, {                attributes: true,                childList: false,                subtree: true,                attributeFilter: [ 'style', 'class' ],            });        } else {            triggerPostRender();        }    } );} ); \n\/* ]]> *\/\n<\/script>\n","protected":false},"excerpt":{"rendered":"<p>&iquest;De d&oacute;nde viene la ropa que compramos? &iquest;Qui&eacute;n las ha confeccionado? &iquest;De d&oacute;nde proceden los tejidos? &iquest;Qu&eacute; vidas han vivido las manos que las han confeccionado? &iquest;Qu&eacute; consecuencias tienen para el planeta? Buscar respuestas a estas preguntas se ha convertido en un imperativo, ya que lo que vestimos ha contribuido a hacer del mundo un lugar peor<\/p>\n","protected":false},"author":65,"featured_media":23681,"comment_status":"open","ping_status":"open","sticky":false,"template":"","format":"standard","meta":{"_acf_changed":false,"footnotes":""},"categories":[343],"tags":[535,536],"coauthors":[534],"class_list":{"0":"post-23630","1":"post","2":"type-post","3":"status-publish","4":"format-standard","5":"has-post-thumbnail","7":"category-derechos-humanos","8":"tag-fast-fashion","9":"tag-inditex"},"acf":[],"yoast_head":"<!-- This site is optimized with the Yoast SEO plugin v27.1.1 - https:\/\/yoast.com\/product\/yoast-seo-wordpress\/ -->\n<title>De tendencia a basura: la cara perversa de la moda r\u00e1pida - xqthenews<\/title>\n<meta name=\"robots\" content=\"index, follow, max-snippet:-1, max-image-preview:large, max-video-preview:-1\" \/>\n<link rel=\"canonical\" href=\"https:\/\/xqthenews.com\/es\/de-tendencia-a-basura-la-cara-perversa-de-la-moda-rapida\/\" \/>\n<meta property=\"og:locale\" content=\"es_ES\" \/>\n<meta property=\"og:type\" content=\"article\" \/>\n<meta property=\"og:title\" content=\"De tendencia a basura: la cara perversa de la moda r\u00e1pida - xqthenews\" \/>\n<meta property=\"og:description\" content=\"&iquest;De d&oacute;nde viene la ropa que compramos? &iquest;Qui&eacute;n las ha confeccionado? &iquest;De d&oacute;nde proceden los tejidos? &iquest;Qu&eacute; vidas han vivido las manos que las han confeccionado? &iquest;Qu&eacute; consecuencias tienen para el planeta? Buscar respuestas a estas preguntas se ha convertido en un imperativo, ya que lo que vestimos ha contribuido a hacer del mundo un lugar peor\" \/>\n<meta property=\"og:url\" content=\"https:\/\/xqthenews.com\/es\/de-tendencia-a-basura-la-cara-perversa-de-la-moda-rapida\/\" \/>\n<meta property=\"og:site_name\" content=\"xqthenews\" \/>\n<meta property=\"article:published_time\" content=\"2024-09-11T16:42:54+00:00\" \/>\n<meta property=\"article:modified_time\" content=\"2024-09-19T10:30:46+00:00\" \/>\n<meta property=\"og:image\" content=\"https:\/\/xqthenews.com\/wp-content\/uploads\/2024\/09\/admin-ajax.webp\" \/>\n\t<meta property=\"og:image:width\" content=\"600\" \/>\n\t<meta property=\"og:image:height\" content=\"393\" \/>\n\t<meta property=\"og:image:type\" content=\"image\/webp\" \/>\n<meta name=\"author\" content=\"Dalila Scagliusi\" \/>\n<meta name=\"twitter:card\" content=\"summary_large_image\" \/>\n<meta name=\"twitter:label1\" content=\"Escrito por\" \/>\n\t<meta name=\"twitter:data1\" content=\"Dalila Scagliusi\" \/>\n\t<meta name=\"twitter:label2\" content=\"Tiempo de lectura\" \/>\n\t<meta name=\"twitter:data2\" content=\"5 minutos\" \/>\n\t<meta name=\"twitter:label3\" content=\"Written by\" \/>\n\t<meta name=\"twitter:data3\" content=\"Dalila Scagliusi\" \/>\n<script type=\"application\/ld+json\" class=\"yoast-schema-graph\">{\"@context\":\"https:\/\/schema.org\",\"@graph\":[{\"@type\":\"Article\",\"@id\":\"https:\/\/xqthenews.com\/es\/de-tendencia-a-basura-la-cara-perversa-de-la-moda-rapida\/#article\",\"isPartOf\":{\"@id\":\"https:\/\/xqthenews.com\/es\/de-tendencia-a-basura-la-cara-perversa-de-la-moda-rapida\/\"},\"author\":{\"name\":\"Dalila Scagliusi\",\"@id\":\"https:\/\/xqthenews.com\/es\/#\/schema\/person\/4e00d8940fbc1217b2f277a7079f1385\"},\"headline\":\"De tendencia a basura: la cara perversa de la moda r\u00e1pida\",\"datePublished\":\"2024-09-11T16:42:54+00:00\",\"dateModified\":\"2024-09-19T10:30:46+00:00\",\"mainEntityOfPage\":{\"@id\":\"https:\/\/xqthenews.com\/es\/de-tendencia-a-basura-la-cara-perversa-de-la-moda-rapida\/\"},\"wordCount\":1118,\"commentCount\":0,\"image\":{\"@id\":\"https:\/\/xqthenews.com\/es\/de-tendencia-a-basura-la-cara-perversa-de-la-moda-rapida\/#primaryimage\"},\"thumbnailUrl\":\"https:\/\/xqthenews.com\/wp-content\/uploads\/2024\/09\/admin-ajax.webp\",\"keywords\":[\"Fast Fashion\",\"Inditex\"],\"articleSection\":[\"Derechos humanos\"],\"inLanguage\":\"es\",\"potentialAction\":[{\"@type\":\"CommentAction\",\"name\":\"Comment\",\"target\":[\"https:\/\/xqthenews.com\/es\/de-tendencia-a-basura-la-cara-perversa-de-la-moda-rapida\/#respond\"]}]},{\"@type\":\"WebPage\",\"@id\":\"https:\/\/xqthenews.com\/es\/de-tendencia-a-basura-la-cara-perversa-de-la-moda-rapida\/\",\"url\":\"https:\/\/xqthenews.com\/es\/de-tendencia-a-basura-la-cara-perversa-de-la-moda-rapida\/\",\"name\":\"De tendencia a basura: la cara perversa de la moda r\u00e1pida - xqthenews\",\"isPartOf\":{\"@id\":\"https:\/\/xqthenews.com\/es\/#website\"},\"primaryImageOfPage\":{\"@id\":\"https:\/\/xqthenews.com\/es\/de-tendencia-a-basura-la-cara-perversa-de-la-moda-rapida\/#primaryimage\"},\"image\":{\"@id\":\"https:\/\/xqthenews.com\/es\/de-tendencia-a-basura-la-cara-perversa-de-la-moda-rapida\/#primaryimage\"},\"thumbnailUrl\":\"https:\/\/xqthenews.com\/wp-content\/uploads\/2024\/09\/admin-ajax.webp\",\"datePublished\":\"2024-09-11T16:42:54+00:00\",\"dateModified\":\"2024-09-19T10:30:46+00:00\",\"author\":{\"@id\":\"https:\/\/xqthenews.com\/es\/#\/schema\/person\/4e00d8940fbc1217b2f277a7079f1385\"},\"breadcrumb\":{\"@id\":\"https:\/\/xqthenews.com\/es\/de-tendencia-a-basura-la-cara-perversa-de-la-moda-rapida\/#breadcrumb\"},\"inLanguage\":\"es\",\"potentialAction\":[{\"@type\":\"ReadAction\",\"target\":[\"https:\/\/xqthenews.com\/es\/de-tendencia-a-basura-la-cara-perversa-de-la-moda-rapida\/\"]}]},{\"@type\":\"ImageObject\",\"inLanguage\":\"es\",\"@id\":\"https:\/\/xqthenews.com\/es\/de-tendencia-a-basura-la-cara-perversa-de-la-moda-rapida\/#primaryimage\",\"url\":\"https:\/\/xqthenews.com\/wp-content\/uploads\/2024\/09\/admin-ajax.webp\",\"contentUrl\":\"https:\/\/xqthenews.com\/wp-content\/uploads\/2024\/09\/admin-ajax.webp\",\"width\":600,\"height\":393},{\"@type\":\"BreadcrumbList\",\"@id\":\"https:\/\/xqthenews.com\/es\/de-tendencia-a-basura-la-cara-perversa-de-la-moda-rapida\/#breadcrumb\",\"itemListElement\":[{\"@type\":\"ListItem\",\"position\":1,\"name\":\"Portada\",\"item\":\"https:\/\/xqthenews.com\/es\/\"},{\"@type\":\"ListItem\",\"position\":2,\"name\":\"De tendencia a basura: la cara perversa de la moda r\u00e1pida\"}]},{\"@type\":\"WebSite\",\"@id\":\"https:\/\/xqthenews.com\/es\/#website\",\"url\":\"https:\/\/xqthenews.com\/es\/\",\"name\":\"xqthenews\",\"description\":\"El porqu\u00e9 de las noticias\",\"potentialAction\":[{\"@type\":\"SearchAction\",\"target\":{\"@type\":\"EntryPoint\",\"urlTemplate\":\"https:\/\/xqthenews.com\/es\/?s={search_term_string}\"},\"query-input\":{\"@type\":\"PropertyValueSpecification\",\"valueRequired\":true,\"valueName\":\"search_term_string\"}}],\"inLanguage\":\"es\"},{\"@type\":\"Person\",\"@id\":\"https:\/\/xqthenews.com\/es\/#\/schema\/person\/4e00d8940fbc1217b2f277a7079f1385\",\"name\":\"Dalila Scagliusi\",\"image\":{\"@type\":\"ImageObject\",\"inLanguage\":\"es\",\"@id\":\"https:\/\/xqthenews.com\/es\/#\/schema\/person\/image\/2dec4b760323abb0bdde56681ee74968\",\"url\":\"https:\/\/xqthenews.com\/wp-content\/uploads\/2024\/09\/dalila-scagliusi_avatar-96x96.jpeg\",\"contentUrl\":\"https:\/\/xqthenews.com\/wp-content\/uploads\/2024\/09\/dalila-scagliusi_avatar-96x96.jpeg\",\"caption\":\"Dalila Scagliusi\"},\"description\":\"Aspirante periodista, se licenci\u00f3 con honores en Jurisprudencia por la Universidad de Bari Aldo Moro con una tesis en derecho penal sobre la gesti\u00f3n de la migraci\u00f3n. Actualmente cursa un master en periodismo. Est\u00e1 interesada en la moda, entendida como un fen\u00f3meno social y cultural interseccional.\",\"url\":\"https:\/\/xqthenews.com\/es\/author\/dalilascagliusi\/\"}]}<\/script>\n<!-- \/ Yoast SEO plugin. -->","yoast_head_json":{"title":"De tendencia a basura: la cara perversa de la moda r\u00e1pida - xqthenews","robots":{"index":"index","follow":"follow","max-snippet":"max-snippet:-1","max-image-preview":"max-image-preview:large","max-video-preview":"max-video-preview:-1"},"canonical":"https:\/\/xqthenews.com\/es\/de-tendencia-a-basura-la-cara-perversa-de-la-moda-rapida\/","og_locale":"es_ES","og_type":"article","og_title":"De tendencia a basura: la cara perversa de la moda r\u00e1pida - xqthenews","og_description":"&iquest;De d&oacute;nde viene la ropa que compramos? &iquest;Qui&eacute;n las ha confeccionado? &iquest;De d&oacute;nde proceden los tejidos? &iquest;Qu&eacute; vidas han vivido las manos que las han confeccionado? &iquest;Qu&eacute; consecuencias tienen para el planeta? Buscar respuestas a estas preguntas se ha convertido en un imperativo, ya que lo que vestimos ha contribuido a hacer del mundo un lugar peor","og_url":"https:\/\/xqthenews.com\/es\/de-tendencia-a-basura-la-cara-perversa-de-la-moda-rapida\/","og_site_name":"xqthenews","article_published_time":"2024-09-11T16:42:54+00:00","article_modified_time":"2024-09-19T10:30:46+00:00","og_image":[{"width":600,"height":393,"url":"https:\/\/xqthenews.com\/wp-content\/uploads\/2024\/09\/admin-ajax.webp","type":"image\/webp"}],"author":"Dalila Scagliusi","twitter_card":"summary_large_image","twitter_misc":{"Escrito por":"Dalila Scagliusi","Tiempo de lectura":"5 minutos","Written by":"Dalila Scagliusi"},"schema":{"@context":"https:\/\/schema.org","@graph":[{"@type":"Article","@id":"https:\/\/xqthenews.com\/es\/de-tendencia-a-basura-la-cara-perversa-de-la-moda-rapida\/#article","isPartOf":{"@id":"https:\/\/xqthenews.com\/es\/de-tendencia-a-basura-la-cara-perversa-de-la-moda-rapida\/"},"author":{"name":"Dalila Scagliusi","@id":"https:\/\/xqthenews.com\/es\/#\/schema\/person\/4e00d8940fbc1217b2f277a7079f1385"},"headline":"De tendencia a basura: la cara perversa de la moda r\u00e1pida","datePublished":"2024-09-11T16:42:54+00:00","dateModified":"2024-09-19T10:30:46+00:00","mainEntityOfPage":{"@id":"https:\/\/xqthenews.com\/es\/de-tendencia-a-basura-la-cara-perversa-de-la-moda-rapida\/"},"wordCount":1118,"commentCount":0,"image":{"@id":"https:\/\/xqthenews.com\/es\/de-tendencia-a-basura-la-cara-perversa-de-la-moda-rapida\/#primaryimage"},"thumbnailUrl":"https:\/\/xqthenews.com\/wp-content\/uploads\/2024\/09\/admin-ajax.webp","keywords":["Fast Fashion","Inditex"],"articleSection":["Derechos humanos"],"inLanguage":"es","potentialAction":[{"@type":"CommentAction","name":"Comment","target":["https:\/\/xqthenews.com\/es\/de-tendencia-a-basura-la-cara-perversa-de-la-moda-rapida\/#respond"]}]},{"@type":"WebPage","@id":"https:\/\/xqthenews.com\/es\/de-tendencia-a-basura-la-cara-perversa-de-la-moda-rapida\/","url":"https:\/\/xqthenews.com\/es\/de-tendencia-a-basura-la-cara-perversa-de-la-moda-rapida\/","name":"De tendencia a basura: la cara perversa de la moda r\u00e1pida - xqthenews","isPartOf":{"@id":"https:\/\/xqthenews.com\/es\/#website"},"primaryImageOfPage":{"@id":"https:\/\/xqthenews.com\/es\/de-tendencia-a-basura-la-cara-perversa-de-la-moda-rapida\/#primaryimage"},"image":{"@id":"https:\/\/xqthenews.com\/es\/de-tendencia-a-basura-la-cara-perversa-de-la-moda-rapida\/#primaryimage"},"thumbnailUrl":"https:\/\/xqthenews.com\/wp-content\/uploads\/2024\/09\/admin-ajax.webp","datePublished":"2024-09-11T16:42:54+00:00","dateModified":"2024-09-19T10:30:46+00:00","author":{"@id":"https:\/\/xqthenews.com\/es\/#\/schema\/person\/4e00d8940fbc1217b2f277a7079f1385"},"breadcrumb":{"@id":"https:\/\/xqthenews.com\/es\/de-tendencia-a-basura-la-cara-perversa-de-la-moda-rapida\/#breadcrumb"},"inLanguage":"es","potentialAction":[{"@type":"ReadAction","target":["https:\/\/xqthenews.com\/es\/de-tendencia-a-basura-la-cara-perversa-de-la-moda-rapida\/"]}]},{"@type":"ImageObject","inLanguage":"es","@id":"https:\/\/xqthenews.com\/es\/de-tendencia-a-basura-la-cara-perversa-de-la-moda-rapida\/#primaryimage","url":"https:\/\/xqthenews.com\/wp-content\/uploads\/2024\/09\/admin-ajax.webp","contentUrl":"https:\/\/xqthenews.com\/wp-content\/uploads\/2024\/09\/admin-ajax.webp","width":600,"height":393},{"@type":"BreadcrumbList","@id":"https:\/\/xqthenews.com\/es\/de-tendencia-a-basura-la-cara-perversa-de-la-moda-rapida\/#breadcrumb","itemListElement":[{"@type":"ListItem","position":1,"name":"Portada","item":"https:\/\/xqthenews.com\/es\/"},{"@type":"ListItem","position":2,"name":"De tendencia a basura: la cara perversa de la moda r\u00e1pida"}]},{"@type":"WebSite","@id":"https:\/\/xqthenews.com\/es\/#website","url":"https:\/\/xqthenews.com\/es\/","name":"xqthenews","description":"El porqu\u00e9 de las noticias","potentialAction":[{"@type":"SearchAction","target":{"@type":"EntryPoint","urlTemplate":"https:\/\/xqthenews.com\/es\/?s={search_term_string}"},"query-input":{"@type":"PropertyValueSpecification","valueRequired":true,"valueName":"search_term_string"}}],"inLanguage":"es"},{"@type":"Person","@id":"https:\/\/xqthenews.com\/es\/#\/schema\/person\/4e00d8940fbc1217b2f277a7079f1385","name":"Dalila Scagliusi","image":{"@type":"ImageObject","inLanguage":"es","@id":"https:\/\/xqthenews.com\/es\/#\/schema\/person\/image\/2dec4b760323abb0bdde56681ee74968","url":"https:\/\/xqthenews.com\/wp-content\/uploads\/2024\/09\/dalila-scagliusi_avatar-96x96.jpeg","contentUrl":"https:\/\/xqthenews.com\/wp-content\/uploads\/2024\/09\/dalila-scagliusi_avatar-96x96.jpeg","caption":"Dalila Scagliusi"},"description":"Aspirante periodista, se licenci\u00f3 con honores en Jurisprudencia por la Universidad de Bari Aldo Moro con una tesis en derecho penal sobre la gesti\u00f3n de la migraci\u00f3n. Actualmente cursa un master en periodismo. Est\u00e1 interesada en la moda, entendida como un fen\u00f3meno social y cultural interseccional.","url":"https:\/\/xqthenews.com\/es\/author\/dalilascagliusi\/"}]}},"_links":{"self":[{"href":"https:\/\/xqthenews.com\/es\/wp-json\/wp\/v2\/posts\/23630","targetHints":{"allow":["GET"]}}],"collection":[{"href":"https:\/\/xqthenews.com\/es\/wp-json\/wp\/v2\/posts"}],"about":[{"href":"https:\/\/xqthenews.com\/es\/wp-json\/wp\/v2\/types\/post"}],"author":[{"embeddable":true,"href":"https:\/\/xqthenews.com\/es\/wp-json\/wp\/v2\/users\/65"}],"replies":[{"embeddable":true,"href":"https:\/\/xqthenews.com\/es\/wp-json\/wp\/v2\/comments?post=23630"}],"version-history":[{"count":0,"href":"https:\/\/xqthenews.com\/es\/wp-json\/wp\/v2\/posts\/23630\/revisions"}],"wp:featuredmedia":[{"embeddable":true,"href":"https:\/\/xqthenews.com\/es\/wp-json\/wp\/v2\/media\/23681"}],"wp:attachment":[{"href":"https:\/\/xqthenews.com\/es\/wp-json\/wp\/v2\/media?parent=23630"}],"wp:term":[{"taxonomy":"category","embeddable":true,"href":"https:\/\/xqthenews.com\/es\/wp-json\/wp\/v2\/categories?post=23630"},{"taxonomy":"post_tag","embeddable":true,"href":"https:\/\/xqthenews.com\/es\/wp-json\/wp\/v2\/tags?post=23630"},{"taxonomy":"author","embeddable":true,"href":"https:\/\/xqthenews.com\/es\/wp-json\/wp\/v2\/coauthors?post=23630"}],"curies":[{"name":"wp","href":"https:\/\/api.w.org\/{rel}","templated":true}]}}