{"id":23033,"date":"2024-06-19T07:10:31","date_gmt":"2024-06-19T06:10:31","guid":{"rendered":"https:\/\/xqthenews.com\/?p=23033"},"modified":"2024-09-11T16:09:51","modified_gmt":"2024-09-11T15:09:51","slug":"el-parlamento-electo-acabara-de-determinar-la-trayectoria-de-la-europa-del-2030","status":"publish","type":"post","link":"https:\/\/xqthenews.com\/es\/el-parlamento-electo-acabara-de-determinar-la-trayectoria-de-la-europa-del-2030\/","title":{"rendered":"El Parlamento electo acabar\u00e1 de determinar la trayectoria de la Europa del 2030"},"content":{"rendered":"<p>Tras las elecciones europeas del 9 de junio, el tablero de juego ha cambiado. La nueva configuraci&oacute;n del Parlamento Europeo anticipa una legislatura complicada, y es que el establecimiento de la extrema derecha se ha materializado, aumentando as&iacute; su influencia en el hemiciclo.<\/p>\n\n\n\n<p>Aunque se presentan fragmentadas, las fuerzas de ultraderecha de Alemania (AfD), Francia (Reagrupamiento Nacional de Marine Le Pen), Italia (Hermanos de Italia de Giorgia Meloni), Espa&ntilde;a (<a class=\"glossaryLink\"  aria-describedby=\"tt\"  data-cmtooltip=\"&lt;div class=glossaryItemTitle&gt;VOX&lt;\/div&gt;&lt;div class=glossaryItemBody&gt;&amp;lt;!-- wp:paragraph --&amp;gt;VOX es un partido pol&iacute;tico espa&ntilde;ol de derecha radical, que se enfoca en inmigraci&oacute;n, unidad nacional y tradici&oacute;n conservadora en valores sociales.&amp;lt;br\/&amp;gt;&amp;lt;!-- \/wp:paragraph --&amp;gt;&lt;\/div&gt;&lt;div id=&amp;quot;cmtt_related_articles&amp;quot; class=&amp;quot;cmtt_related_articles_wrapper&amp;quot;&gt;&lt;div class=&amp;quot;cmtt_related_title cmtt_related_articles_title&amp;quot;&gt;Related Articles: &lt;\/div&gt;&lt;ul class=&amp;quot;cmtt_related&amp;quot;&gt;&lt;li class=&amp;quot;cmtt_related_item&amp;quot;&gt;&lt;a href=&amp;quot;https:\/\/xqthenews.com\/es\/el-auge-global-de-la-extrema-derecha-y-su-presencia-en-europa\/&amp;quot;target=&amp;quot;_blank&amp;quot;&gt;El auge global de la extrema derecha y su presencia en Europa&lt;\/a&gt;&lt;\/li&gt;&lt;li class=&amp;quot;cmtt_related_item&amp;quot;&gt;&lt;a href=&amp;quot;https:\/\/xqthenews.com\/es\/la-extrema-derecha-toma-fuerza-a-tres-meses-de-las-elecciones-europeas\/&amp;quot;target=&amp;quot;_blank&amp;quot;&gt;La extrema derecha toma fuerza a tres meses de las elecciones europeas&lt;\/a&gt;&lt;\/li&gt;&lt;li class=&amp;quot;cmtt_related_item&amp;quot;&gt;&lt;a href=&amp;quot;https:\/\/xqthenews.com\/es\/el-parlamento-electo-acabara-de-determinar-la-trayectoria-de-la-europa-del-2030\/&amp;quot;target=&amp;quot;_blank&amp;quot;&gt;El Parlamento electo acabar&aacute; de determinar la trayectoria de la Europa del 2030&lt;\/a&gt;&lt;\/li&gt;&lt;li class=&amp;quot;cmtt_related_item&amp;quot;&gt;&lt;a href=&amp;quot;https:\/\/xqthenews.com\/es\/los-derechos-de-las-personas-lgbt-en-europa-se-estan-reduciendo\/&amp;quot;target=&amp;quot;_blank&amp;quot;&gt;Los derechos de las personas LGBT+ en Europa se est&aacute;n reduciendo&lt;\/a&gt;&lt;\/li&gt;&lt;\/ul&gt;&lt;\/div&gt;\"  href=\"https:\/\/xqthenews.com\/es\/glossary\/vox\/\"  data-gt-translate-attributes='[{\"attribute\":\"data-cmtooltip\", \"format\":\"html\"}]' tabindex='0' role='link'>VOX<\/a>), Polonia (Ley y Justicia de Jaros&#322;aw Kaczy&#324;ski) y Pa&iacute;ses Bajos (Partido de la Libertad de Geert Wilders) obtendr&aacute;n una representaci&oacute;n significativa, aunque no mayoritaria, en los seis pa&iacute;ses m&aacute;s poblados de la Uni&oacute;n Europea. Los 73 esca&ntilde;os del Grupo de Conservadores y Reformistas Europeos (ECR), que incluyen al partido de Meloni y <a class=\"glossaryLink\"  aria-describedby=\"tt\"  data-cmtooltip=\"&lt;div class=glossaryItemTitle&gt;VOX&lt;\/div&gt;&lt;div class=glossaryItemBody&gt;&amp;lt;!-- wp:paragraph --&amp;gt;VOX es un partido pol&iacute;tico espa&ntilde;ol de derecha radical, que se enfoca en inmigraci&oacute;n, unidad nacional y tradici&oacute;n conservadora en valores sociales.&amp;lt;br\/&amp;gt;&amp;lt;!-- \/wp:paragraph --&amp;gt;&lt;\/div&gt;&lt;div id=&amp;quot;cmtt_related_articles&amp;quot; class=&amp;quot;cmtt_related_articles_wrapper&amp;quot;&gt;&lt;div class=&amp;quot;cmtt_related_title cmtt_related_articles_title&amp;quot;&gt;Related Articles: &lt;\/div&gt;&lt;ul class=&amp;quot;cmtt_related&amp;quot;&gt;&lt;li class=&amp;quot;cmtt_related_item&amp;quot;&gt;&lt;a href=&amp;quot;https:\/\/xqthenews.com\/es\/el-auge-global-de-la-extrema-derecha-y-su-presencia-en-europa\/&amp;quot;target=&amp;quot;_blank&amp;quot;&gt;El auge global de la extrema derecha y su presencia en Europa&lt;\/a&gt;&lt;\/li&gt;&lt;li class=&amp;quot;cmtt_related_item&amp;quot;&gt;&lt;a href=&amp;quot;https:\/\/xqthenews.com\/es\/la-extrema-derecha-toma-fuerza-a-tres-meses-de-las-elecciones-europeas\/&amp;quot;target=&amp;quot;_blank&amp;quot;&gt;La extrema derecha toma fuerza a tres meses de las elecciones europeas&lt;\/a&gt;&lt;\/li&gt;&lt;li class=&amp;quot;cmtt_related_item&amp;quot;&gt;&lt;a href=&amp;quot;https:\/\/xqthenews.com\/es\/el-parlamento-electo-acabara-de-determinar-la-trayectoria-de-la-europa-del-2030\/&amp;quot;target=&amp;quot;_blank&amp;quot;&gt;El Parlamento electo acabar&aacute; de determinar la trayectoria de la Europa del 2030&lt;\/a&gt;&lt;\/li&gt;&lt;li class=&amp;quot;cmtt_related_item&amp;quot;&gt;&lt;a href=&amp;quot;https:\/\/xqthenews.com\/es\/los-derechos-de-las-personas-lgbt-en-europa-se-estan-reduciendo\/&amp;quot;target=&amp;quot;_blank&amp;quot;&gt;Los derechos de las personas LGBT+ en Europa se est&aacute;n reduciendo&lt;\/a&gt;&lt;\/li&gt;&lt;\/ul&gt;&lt;\/div&gt;\"  href=\"https:\/\/xqthenews.com\/es\/glossary\/vox\/\"  data-gt-translate-attributes='[{\"attribute\":\"data-cmtooltip\", \"format\":\"html\"}]' tabindex='0' role='link'>VOX<\/a>, sumados a los 58 esca&ntilde;os del grupo Identidad y Democracia (ID), que cuenta con Le Pen y ha ganado 9 esca&ntilde;os desde 2019, resultan en un total de 131 diputados.<\/p>\n\n\n\n<p>A&ntilde;adiendo otros partidos de extrema derecha que se han presentado sin ir con ECR ni ID, como es el caso de la AfD alemana, la cifra alcanza los 164 diputados de listas de extrema derecha, m&aacute;s de un 22% del total del Parlamento. Pese a no tener una mayor&iacute;a s&oacute;lida, su auge aumenta su capacidad para influir en la agenda, bloquear iniciativas o arrastrar al Partido Popular Europeo hacia posiciones m&aacute;s extremas.<\/p>\n\n\n\n<h2 class=\"wp-block-heading\">Refuerzo del negacionismo ante la crisis clim&aacute;tica<\/h2>\n\n\n\n<p>Las elecciones han sido un golpe en la mesa por parte por los movimientos euroesc&eacute;pticos y reaccionarios. Estas fuerzas han pasado de ser la excepci&oacute;n a convertirse en la norma, ya ven&iacute;an de obtener el poder en el gobierno de varios pa&iacute;ses, como es el caso de Italia, entre otros. Ahora los resultados de los comicios europeos los posicionan como actores con capacidad de negociaci&oacute;n e influencia en el futuro del Parlamento. Este cambio podr&iacute;a amenazar logros fundamentales de la UE, como el espacio Schengen, por el que, en t&eacute;rminos generales, apuestan por hacer m&aacute;s restrictivo siendo esta una de sus m&uacute;ltiples propuestas para blindar fronteras. Asimismo, podr&iacute;a obstaculizar la implementaci&oacute;n de la <a class=\"glossaryLink\" aria-describedby=\"tt\" data-cmtooltip=\"&lt;div class=glossaryItemTitle&gt;Agenda 2030&lt;\/div&gt;&lt;div class=glossaryItemBody&gt;&amp;lt;!-- wp:paragraph --&amp;gt;La Agenda 2030 es el resultado del trabajo conjunto de gobiernos y ciudadanos de todo el mundo para crear un nuevo modelo global que ponga fin a la pobreza, promueva la prosperidad y el bienestar para todos, proteja el medio ambiente y luche contra el cambio clim&aacute;tico. Incluye 17 Objetivos de Desarrollo Sostenible (ODS), sucesores de los 8 Objetivos de Desarrollo del Milenio, que deben ser implementados por todos los pa&iacute;ses y que abarcan &aacute;mbitos tan diversos pero interconectados como: el acceso equitativo a una educaci&oacute;n y unos servicios sanitarios de calidad; la creaci&oacute;n de empleos dignos; la sostenibilidad energ&eacute;tica y medioambiental; la conservaci&oacute;n y gesti&oacute;n de los oc&eacute;anos; la promoci&oacute;n de instituciones eficaces y sociedades estables y la lucha contra la desigualdad a todos los niveles.&amp;lt;br\/&amp;gt;&amp;lt;!-- \/wp:paragraph --&amp;gt;&amp;lt;!-- wp:paragraph --&amp;gt;(Fuente: Instituto Cam&otilde;es)&amp;lt;br\/&amp;gt;&amp;lt;!-- \/wp:paragraph --&amp;gt;&lt;\/div&gt;&lt;div id=&amp;quot;cmtt_related_articles&amp;quot; class=&amp;quot;cmtt_related_articles_wrapper&amp;quot;&gt;&lt;div class=&amp;quot;cmtt_related_title cmtt_related_articles_title&amp;quot;&gt;Related Articles: &lt;\/div&gt;&lt;ul class=&amp;quot;cmtt_related&amp;quot;&gt;&lt;li class=&amp;quot;cmtt_related_item&amp;quot;&gt;&lt;a href=&amp;quot;https:\/\/xqthenews.com\/es\/movimientos-juveniles-en-europa-en-busca-de-respuestas-a-la-crisis-climatica\/&amp;quot;target=&amp;quot;_blank&amp;quot;&gt;Movimientos juveniles en Europa en busca de respuestas a la crisis clim&aacute;tica&lt;\/a&gt;&lt;\/li&gt;&lt;li class=&amp;quot;cmtt_related_item&amp;quot;&gt;&lt;a href=&amp;quot;https:\/\/xqthenews.com\/es\/economia-circular-materia-organica-en-el-pasado-el-presente-y-el-futuro\/&amp;quot;target=&amp;quot;_blank&amp;quot;&gt;Econom&iacute;a circular: materia org&aacute;nica en el pasado, el presente y el futuro&lt;\/a&gt;&lt;\/li&gt;&lt;li class=&amp;quot;cmtt_related_item&amp;quot;&gt;&lt;a href=&amp;quot;https:\/\/xqthenews.com\/es\/aproximar-a-los-jovenes-a-las-decisiones-politicas-un-reto-urgente\/&amp;quot;target=&amp;quot;_blank&amp;quot;&gt;Aproximar a los j&oacute;venes a las decisiones pol&iacute;ticas: un reto urgente&lt;\/a&gt;&lt;\/li&gt;&lt;li class=&amp;quot;cmtt_related_item&amp;quot;&gt;&lt;a href=&amp;quot;https:\/\/xqthenews.com\/es\/el-papel-de-la-transicion-ecologica-en-la-educacion\/&amp;quot;target=&amp;quot;_blank&amp;quot;&gt;El papel de la transici&oacute;n ecol&oacute;gica en la educaci&oacute;n&lt;\/a&gt;&lt;\/li&gt;&lt;li class=&amp;quot;cmtt_related_item&amp;quot;&gt;&lt;a href=&amp;quot;https:\/\/xqthenews.com\/es\/el-parlamento-electo-acabara-de-determinar-la-trayectoria-de-la-europa-del-2030\/&amp;quot;target=&amp;quot;_blank&amp;quot;&gt;El Parlamento electo acabar&aacute; de determinar la trayectoria de la Europa del 2030&lt;\/a&gt;&lt;\/li&gt;&lt;\/ul&gt;&lt;\/div&gt;\" href=\"https:\/\/xqthenews.com\/es\/glossary\/agenda-2030\/\" data-gt-translate-attributes='[{\"attribute\":\"data-cmtooltip\", \"format\":\"html\"}]' tabindex=\"0\" role=\"link\">Agenda 2030<\/a> para el Desarrollo Sostenible, poniendo en peligro objetivos cr&iacute;ticos como la acci&oacute;n clim&aacute;tica, la igualdad de g&eacute;nero y la reducci&oacute;n de las desigualdades.<\/p>\n\n\n\n<p>La mayor presencia del negacionismo va de la mano con el pinchazo de Los Verdes, superados por ECR e ID. La lista ecologista, conocida por su defensa del medioambiente, ha obtenido el segundo peor resultado en comparaci&oacute;n con las elecciones anteriores: han disminuido de 74 a 52 esca&ntilde;os, descendiendo del cuarto al sexto lugar. Todo ello hace denotar cierta tendencia hacia el escepticismo sobre el <a class=\"glossaryLink\" aria-describedby=\"tt\" data-cmtooltip=\"&lt;div class=glossaryItemTitle&gt;Cambio clim&aacute;tico&lt;\/div&gt;&lt;div class=glossaryItemBody&gt;&amp;lt;!-- wp:paragraph --&amp;gt;Causado por el calentamiento global, el cambio clim&aacute;tico se refiere a las variaciones en los patrones clim&aacute;ticos a largo plazo en la Tierra, como la temperatura, el nivel del mar y las precipitaciones.&amp;lt;br\/&amp;gt;&amp;lt;!-- \/wp:paragraph --&amp;gt;&amp;lt;!-- wp:paragraph --&amp;gt;&amp;lt;em&amp;gt;(Fuente: European Youth Portal)&amp;lt;\/em&amp;gt;&amp;lt;br\/&amp;gt;&amp;lt;!-- \/wp:paragraph --&amp;gt;&lt;\/div&gt;&lt;div id=&amp;quot;cmtt_related_articles&amp;quot; class=&amp;quot;cmtt_related_articles_wrapper&amp;quot;&gt;&lt;div class=&amp;quot;cmtt_related_title cmtt_related_articles_title&amp;quot;&gt;Related Articles: &lt;\/div&gt;&lt;ul class=&amp;quot;cmtt_related&amp;quot;&gt;&lt;li class=&amp;quot;cmtt_related_item&amp;quot;&gt;&lt;a href=&amp;quot;https:\/\/xqthenews.com\/es\/economia-circular-materia-organica-en-el-pasado-el-presente-y-el-futuro\/&amp;quot;target=&amp;quot;_blank&amp;quot;&gt;Econom&iacute;a circular: materia org&aacute;nica en el pasado, el presente y el futuro&lt;\/a&gt;&lt;\/li&gt;&lt;li class=&amp;quot;cmtt_related_item&amp;quot;&gt;&lt;a href=&amp;quot;https:\/\/xqthenews.com\/es\/emergencia-climatica-y-retos-sanitarios\/&amp;quot;target=&amp;quot;_blank&amp;quot;&gt;Emergencia clim&aacute;tica y retos sanitarios&lt;\/a&gt;&lt;\/li&gt;&lt;li class=&amp;quot;cmtt_related_item&amp;quot;&gt;&lt;a href=&amp;quot;https:\/\/xqthenews.com\/es\/portugal-entre-los-paises-europeos-mas-afectados-por-los-fenomenos-meteorologicos-extremos\/&amp;quot;target=&amp;quot;_blank&amp;quot;&gt;Portugal entre los pa&iacute;ses europeos m&aacute;s afectados por los fen&oacute;menos meteorol&oacute;gicos extremos&lt;\/a&gt;&lt;\/li&gt;&lt;li class=&amp;quot;cmtt_related_item&amp;quot;&gt;&lt;a href=&amp;quot;https:\/\/xqthenews.com\/es\/ley-de-restauracion-de-la-naturaleza-como-se-propone-restaurar-los-ecosistemas-europeos\/&amp;quot;target=&amp;quot;_blank&amp;quot;&gt;Ley de Restauraci&oacute;n de la Naturaleza: &iquest;C&oacute;mo se propone restaurar los ecosistemas europeos?&lt;\/a&gt;&lt;\/li&gt;&lt;li class=&amp;quot;cmtt_related_item&amp;quot;&gt;&lt;a href=&amp;quot;https:\/\/xqthenews.com\/es\/glossary\/descarbonizacion\/&amp;quot;target=&amp;quot;_blank&amp;quot;&gt;Glossary:  Descarbonizaci&oacute;n&lt;\/a&gt;&lt;\/li&gt;&lt;\/ul&gt;&lt;\/div&gt;\" href=\"https:\/\/xqthenews.com\/es\/glossary\/cambio-climatico\/\" data-gt-translate-attributes='[{\"attribute\":\"data-cmtooltip\", \"format\":\"html\"}]' tabindex=\"0\" role=\"link\">cambio clim&aacute;tico<\/a>, uno de los puntos primordiales de la <a class=\"glossaryLink\" aria-describedby=\"tt\" data-cmtooltip=\"&lt;div class=glossaryItemTitle&gt;Agenda 2030&lt;\/div&gt;&lt;div class=glossaryItemBody&gt;&amp;lt;!-- wp:paragraph --&amp;gt;La Agenda 2030 es el resultado del trabajo conjunto de gobiernos y ciudadanos de todo el mundo para crear un nuevo modelo global que ponga fin a la pobreza, promueva la prosperidad y el bienestar para todos, proteja el medio ambiente y luche contra el cambio clim&aacute;tico. Incluye 17 Objetivos de Desarrollo Sostenible (ODS), sucesores de los 8 Objetivos de Desarrollo del Milenio, que deben ser implementados por todos los pa&iacute;ses y que abarcan &aacute;mbitos tan diversos pero interconectados como: el acceso equitativo a una educaci&oacute;n y unos servicios sanitarios de calidad; la creaci&oacute;n de empleos dignos; la sostenibilidad energ&eacute;tica y medioambiental; la conservaci&oacute;n y gesti&oacute;n de los oc&eacute;anos; la promoci&oacute;n de instituciones eficaces y sociedades estables y la lucha contra la desigualdad a todos los niveles.&amp;lt;br\/&amp;gt;&amp;lt;!-- \/wp:paragraph --&amp;gt;&amp;lt;!-- wp:paragraph --&amp;gt;(Fuente: Instituto Cam&otilde;es)&amp;lt;br\/&amp;gt;&amp;lt;!-- \/wp:paragraph --&amp;gt;&lt;\/div&gt;&lt;div id=&amp;quot;cmtt_related_articles&amp;quot; class=&amp;quot;cmtt_related_articles_wrapper&amp;quot;&gt;&lt;div class=&amp;quot;cmtt_related_title cmtt_related_articles_title&amp;quot;&gt;Related Articles: &lt;\/div&gt;&lt;ul class=&amp;quot;cmtt_related&amp;quot;&gt;&lt;li class=&amp;quot;cmtt_related_item&amp;quot;&gt;&lt;a href=&amp;quot;https:\/\/xqthenews.com\/es\/movimientos-juveniles-en-europa-en-busca-de-respuestas-a-la-crisis-climatica\/&amp;quot;target=&amp;quot;_blank&amp;quot;&gt;Movimientos juveniles en Europa en busca de respuestas a la crisis clim&aacute;tica&lt;\/a&gt;&lt;\/li&gt;&lt;li class=&amp;quot;cmtt_related_item&amp;quot;&gt;&lt;a href=&amp;quot;https:\/\/xqthenews.com\/es\/economia-circular-materia-organica-en-el-pasado-el-presente-y-el-futuro\/&amp;quot;target=&amp;quot;_blank&amp;quot;&gt;Econom&iacute;a circular: materia org&aacute;nica en el pasado, el presente y el futuro&lt;\/a&gt;&lt;\/li&gt;&lt;li class=&amp;quot;cmtt_related_item&amp;quot;&gt;&lt;a href=&amp;quot;https:\/\/xqthenews.com\/es\/aproximar-a-los-jovenes-a-las-decisiones-politicas-un-reto-urgente\/&amp;quot;target=&amp;quot;_blank&amp;quot;&gt;Aproximar a los j&oacute;venes a las decisiones pol&iacute;ticas: un reto urgente&lt;\/a&gt;&lt;\/li&gt;&lt;li class=&amp;quot;cmtt_related_item&amp;quot;&gt;&lt;a href=&amp;quot;https:\/\/xqthenews.com\/es\/el-papel-de-la-transicion-ecologica-en-la-educacion\/&amp;quot;target=&amp;quot;_blank&amp;quot;&gt;El papel de la transici&oacute;n ecol&oacute;gica en la educaci&oacute;n&lt;\/a&gt;&lt;\/li&gt;&lt;li class=&amp;quot;cmtt_related_item&amp;quot;&gt;&lt;a href=&amp;quot;https:\/\/xqthenews.com\/es\/el-parlamento-electo-acabara-de-determinar-la-trayectoria-de-la-europa-del-2030\/&amp;quot;target=&amp;quot;_blank&amp;quot;&gt;El Parlamento electo acabar&aacute; de determinar la trayectoria de la Europa del 2030&lt;\/a&gt;&lt;\/li&gt;&lt;\/ul&gt;&lt;\/div&gt;\" href=\"https:\/\/xqthenews.com\/es\/glossary\/agenda-2030\/\" data-gt-translate-attributes='[{\"attribute\":\"data-cmtooltip\", \"format\":\"html\"}]' tabindex=\"0\" role=\"link\">Agenda 2030<\/a>.<\/p>\n\n\n\n<h2 class=\"wp-block-heading\">2030, el a&ntilde;o que cu&aacute;nto m&aacute;s se acerca, m&aacute;s se aleja<\/h2>\n\n\n\n<p>La supuesta &ldquo;amenaza <em>woke<\/em>&rdquo; que apunta la extrema derecha se dirige hacia los puntos de progreso: <a class=\"glossaryLink\" aria-describedby=\"tt\" data-cmtooltip=\"&lt;div class=glossaryItemTitle&gt;Justicia Clim&aacute;tica&lt;\/div&gt;&lt;div class=glossaryItemBody&gt;&amp;lt;!-- wp:paragraph --&amp;gt;Movimiento que busca equidad en la respuesta al cambio clim&aacute;tico, considerando los impactos desproporcionados y las desiguales responsabilidades hist&oacute;ricas. Reconoce que las consecuencias del calentamiento global y las emisiones de gases de efecto invernadero afectan de manera desigual a las comunidades m&aacute;s vulnerables y marginadas. La justicia clim&aacute;tica requiere acciones para abordar las desigualdades, proteger los derechos humanos y promover sociedades m&aacute;s justas e inclusivas. Esto implica garantizar la participaci&oacute;n de las comunidades afectadas en las decisiones pol&iacute;ticas y econ&oacute;micas, promover transiciones justas hacia una econom&iacute;a baja en carbono y responsabilizar a quienes han contribuido significativamente al cambio clim&aacute;tico.&amp;lt;br\/&amp;gt;&amp;lt;!-- \/wp:paragraph --&amp;gt;&lt;\/div&gt;&lt;div id=&amp;quot;cmtt_related_articles&amp;quot; class=&amp;quot;cmtt_related_articles_wrapper&amp;quot;&gt;&lt;div class=&amp;quot;cmtt_related_title cmtt_related_articles_title&amp;quot;&gt;Related Articles: &lt;\/div&gt;&lt;ul class=&amp;quot;cmtt_related&amp;quot;&gt;&lt;li class=&amp;quot;cmtt_related_item&amp;quot;&gt;&lt;a href=&amp;quot;https:\/\/xqthenews.com\/es\/glossary\/justicia-climatica-2\/&amp;quot;target=&amp;quot;_blank&amp;quot;&gt;Glossary:  Justicia Clim&aacute;tica&lt;\/a&gt;&lt;\/li&gt;&lt;li class=&amp;quot;cmtt_related_item&amp;quot;&gt;&lt;a href=&amp;quot;https:\/\/xqthenews.com\/es\/el-plastico-inunda-los-mares-cronica-de-un-nuevo-ecocidio-en-la-costa-gallega\/&amp;quot;target=&amp;quot;_blank&amp;quot;&gt;El pl&aacute;stico inunda los mares: cr&oacute;nica de un nuevo ecocidio en la costa gallega&lt;\/a&gt;&lt;\/li&gt;&lt;li class=&amp;quot;cmtt_related_item&amp;quot;&gt;&lt;a href=&amp;quot;https:\/\/xqthenews.com\/es\/el-papel-de-la-transicion-ecologica-en-la-educacion\/&amp;quot;target=&amp;quot;_blank&amp;quot;&gt;El papel de la transici&oacute;n ecol&oacute;gica en la educaci&oacute;n&lt;\/a&gt;&lt;\/li&gt;&lt;li class=&amp;quot;cmtt_related_item&amp;quot;&gt;&lt;a href=&amp;quot;https:\/\/xqthenews.com\/es\/el-parlamento-electo-acabara-de-determinar-la-trayectoria-de-la-europa-del-2030\/&amp;quot;target=&amp;quot;_blank&amp;quot;&gt;El Parlamento electo acabar&aacute; de determinar la trayectoria de la Europa del 2030&lt;\/a&gt;&lt;\/li&gt;&lt;li class=&amp;quot;cmtt_related_item&amp;quot;&gt;&lt;a href=&amp;quot;https:\/\/xqthenews.com\/es\/el-papel-de-la-juventud-en-la-transicion-ecologica\/&amp;quot;target=&amp;quot;_blank&amp;quot;&gt;El papel de la juventud en la transici&oacute;n ecol&oacute;gica&lt;\/a&gt;&lt;\/li&gt;&lt;\/ul&gt;&lt;\/div&gt;\" href=\"https:\/\/xqthenews.com\/es\/glossary\/justicia-climatica\/\" data-gt-translate-attributes='[{\"attribute\":\"data-cmtooltip\", \"format\":\"html\"}]' tabindex=\"0\" role=\"link\">justicia clim&aacute;tica<\/a>, g&eacute;nero, <a class=\"glossaryLink\" aria-describedby=\"tt\" data-cmtooltip=\"&lt;div class=glossaryItemTitle&gt;Sostenibilidad&lt;\/div&gt;&lt;div class=glossaryItemBody&gt;&amp;lt;!-- wp:paragraph --&amp;gt;Capacidad de un sistema para mantenerse en equilibrio. La expresi&oacute;n se ha utilizado para designar los equilibrios que deben mantener los seres humanos para asegurar sus condiciones de vida y garantizar su continuidad en el planeta. En este sentido, el significado de sostenibilidad se refiere a la forma en que la humanidad debe interactuar con los recursos del planeta, de modo que la satisfacci&oacute;n de las necesidades del presente no ponga en peligro el futuro.&amp;lt;br\/&amp;gt;&amp;lt;!-- \/wp:paragraph --&amp;gt;&amp;lt;!-- wp:paragraph --&amp;gt;Fuente: https:\/\/florestas.pt\/saiba-mais\/qual-o-significado-de-sustentabilidade\/&amp;lt;br\/&amp;gt;&amp;lt;!-- \/wp:paragraph --&amp;gt;&lt;\/div&gt;&lt;div id=&amp;quot;cmtt_related_articles&amp;quot; class=&amp;quot;cmtt_related_articles_wrapper&amp;quot;&gt;&lt;div class=&amp;quot;cmtt_related_title cmtt_related_articles_title&amp;quot;&gt;Related Articles: &lt;\/div&gt;&lt;ul class=&amp;quot;cmtt_related&amp;quot;&gt;&lt;li class=&amp;quot;cmtt_related_item&amp;quot;&gt;&lt;a href=&amp;quot;https:\/\/xqthenews.com\/es\/mensaje-en-una-botella-o-los-plasticos-que-nunca-desaparecen\/&amp;quot;target=&amp;quot;_blank&amp;quot;&gt;Mensaje en una botella, o los pl&aacute;sticos que nunca desaparecen&lt;\/a&gt;&lt;\/li&gt;&lt;li class=&amp;quot;cmtt_related_item&amp;quot;&gt;&lt;a href=&amp;quot;https:\/\/xqthenews.com\/es\/luchar-contra-el-cambio-climatico-tambien-es-combatir-la-desinformacion\/&amp;quot;target=&amp;quot;_blank&amp;quot;&gt;Luchar contra el cambio clim&aacute;tico tambi&eacute;n es combatir la desinformaci&oacute;n&lt;\/a&gt;&lt;\/li&gt;&lt;li class=&amp;quot;cmtt_related_item&amp;quot;&gt;&lt;a href=&amp;quot;https:\/\/xqthenews.com\/es\/glossary\/greenwashing\/&amp;quot;target=&amp;quot;_blank&amp;quot;&gt;Glossary:  Greenwashing&lt;\/a&gt;&lt;\/li&gt;&lt;li class=&amp;quot;cmtt_related_item&amp;quot;&gt;&lt;a href=&amp;quot;https:\/\/xqthenews.com\/es\/la-educacion-ambiental-como-paradigma-de-la-prevencion-de-incendios-rurales\/&amp;quot;target=&amp;quot;_blank&amp;quot;&gt;La educaci&oacute;n ambiental como paradigma de la prevenci&oacute;n de incendios rurales&lt;\/a&gt;&lt;\/li&gt;&lt;li class=&amp;quot;cmtt_related_item&amp;quot;&gt;&lt;a href=&amp;quot;https:\/\/xqthenews.com\/es\/movimientos-juveniles-en-europa-en-busca-de-respuestas-a-la-crisis-climatica\/&amp;quot;target=&amp;quot;_blank&amp;quot;&gt;Movimientos juveniles en Europa en busca de respuestas a la crisis clim&aacute;tica&lt;\/a&gt;&lt;\/li&gt;&lt;\/ul&gt;&lt;\/div&gt;\" href=\"https:\/\/xqthenews.com\/es\/glossary\/sostenibilidad\/\" data-gt-translate-attributes='[{\"attribute\":\"data-cmtooltip\", \"format\":\"html\"}]' tabindex=\"0\" role=\"link\">sostenibilidad<\/a>&hellip; Si bien las redes sociales son un espacio de divulgaci&oacute;n, lo son tambi&eacute;n de propagaci&oacute;n de desinformaci&oacute;n. Los resultados de las europeas, d&oacute;nde negacionistas y euroesc&eacute;pticos han sacado m&uacute;sculo, muestran los estragos de esa batalla ideol&oacute;gica: principalmente difundidos a trav&eacute;s de las redes sociales, algunos de los bulos han encontrado eco en los grandes medios de comunicaci&oacute;n. Precisamente<a href=\"https:\/\/www.politico.eu\/article\/tiktok-far-right-european-parliament-politics-europe\/\"> un an&aacute;lisis de Politico<\/a> revela que casi el 45% de las cuentas de eurodiputados en TikTok son gestionadas por conservadores, y el 26% est&aacute;n vinculadas a la extrema derecha. Identidad y Democracia, la <a class=\"glossaryLink\" aria-describedby=\"tt\" data-cmtooltip=\"&lt;div class=glossaryItemTitle&gt;Coalici&oacute;n&lt;\/div&gt;&lt;div class=glossaryItemBody&gt;&amp;lt;!-- wp:paragraph --&amp;gt;Una coalici&oacute;n es la uni&oacute;n de distintos partidos pol&iacute;ticos para formar un gobierno o alcanzar objetivos comunes mediante acuerdos y colaboraci&oacute;n.&amp;lt;br\/&amp;gt;&amp;lt;!-- \/wp:paragraph --&amp;gt;&lt;\/div&gt;&lt;div id=&amp;quot;cmtt_related_articles&amp;quot; class=&amp;quot;cmtt_related_articles_wrapper&amp;quot;&gt;&lt;div class=&amp;quot;cmtt_related_title cmtt_related_articles_title&amp;quot;&gt;Related Articles: &lt;\/div&gt;&lt;ul class=&amp;quot;cmtt_related&amp;quot;&gt;&lt;li class=&amp;quot;cmtt_related_item&amp;quot;&gt;&lt;a href=&amp;quot;https:\/\/xqthenews.com\/es\/ucrania-la-herida-en-el-corazon-de-europa\/&amp;quot;target=&amp;quot;_blank&amp;quot;&gt;Ucrania, la herida en el coraz&oacute;n de Europa&lt;\/a&gt;&lt;\/li&gt;&lt;li class=&amp;quot;cmtt_related_item&amp;quot;&gt;&lt;a href=&amp;quot;https:\/\/xqthenews.com\/es\/la-destruccion-de-gaza-el-ultimo-capitulo-de-cien-anos-de-odio\/&amp;quot;target=&amp;quot;_blank&amp;quot;&gt;La destrucci&oacute;n de Gaza, el &uacute;ltimo cap&iacute;tulo de cien a&ntilde;os de odio&lt;\/a&gt;&lt;\/li&gt;&lt;li class=&amp;quot;cmtt_related_item&amp;quot;&gt;&lt;a href=&amp;quot;https:\/\/xqthenews.com\/es\/el-auge-global-de-la-extrema-derecha-y-su-presencia-en-europa\/&amp;quot;target=&amp;quot;_blank&amp;quot;&gt;El auge global de la extrema derecha y su presencia en Europa&lt;\/a&gt;&lt;\/li&gt;&lt;li class=&amp;quot;cmtt_related_item&amp;quot;&gt;&lt;a href=&amp;quot;https:\/\/xqthenews.com\/es\/victoria-de-la-derecha-en-portugal-una-tendencia-europea\/&amp;quot;target=&amp;quot;_blank&amp;quot;&gt;Victoria de la derecha en Portugal: &iquest;una tendencia europea?&lt;\/a&gt;&lt;\/li&gt;&lt;li class=&amp;quot;cmtt_related_item&amp;quot;&gt;&lt;a href=&amp;quot;https:\/\/xqthenews.com\/es\/la-extrema-derecha-toma-fuerza-a-tres-meses-de-las-elecciones-europeas\/&amp;quot;target=&amp;quot;_blank&amp;quot;&gt;La extrema derecha toma fuerza a tres meses de las elecciones europeas&lt;\/a&gt;&lt;\/li&gt;&lt;\/ul&gt;&lt;\/div&gt;\" href=\"https:\/\/xqthenews.com\/es\/glossary\/coalicion\/\" data-gt-translate-attributes='[{\"attribute\":\"data-cmtooltip\", \"format\":\"html\"}]' tabindex=\"0\" role=\"link\">coalici&oacute;n<\/a> que incluye a Le Pen y Salvini, destaca como la m&aacute;s activa en esta plataforma.<\/p>\n\n\n\n<p>La <a class=\"glossaryLink\" aria-describedby=\"tt\" data-cmtooltip=\"&lt;div class=glossaryItemTitle&gt;Agenda 2030&lt;\/div&gt;&lt;div class=glossaryItemBody&gt;&amp;lt;!-- wp:paragraph --&amp;gt;La Agenda 2030 es el resultado del trabajo conjunto de gobiernos y ciudadanos de todo el mundo para crear un nuevo modelo global que ponga fin a la pobreza, promueva la prosperidad y el bienestar para todos, proteja el medio ambiente y luche contra el cambio clim&aacute;tico. Incluye 17 Objetivos de Desarrollo Sostenible (ODS), sucesores de los 8 Objetivos de Desarrollo del Milenio, que deben ser implementados por todos los pa&iacute;ses y que abarcan &aacute;mbitos tan diversos pero interconectados como: el acceso equitativo a una educaci&oacute;n y unos servicios sanitarios de calidad; la creaci&oacute;n de empleos dignos; la sostenibilidad energ&eacute;tica y medioambiental; la conservaci&oacute;n y gesti&oacute;n de los oc&eacute;anos; la promoci&oacute;n de instituciones eficaces y sociedades estables y la lucha contra la desigualdad a todos los niveles.&amp;lt;br\/&amp;gt;&amp;lt;!-- \/wp:paragraph --&amp;gt;&amp;lt;!-- wp:paragraph --&amp;gt;(Fuente: Instituto Cam&otilde;es)&amp;lt;br\/&amp;gt;&amp;lt;!-- \/wp:paragraph --&amp;gt;&lt;\/div&gt;&lt;div id=&amp;quot;cmtt_related_articles&amp;quot; class=&amp;quot;cmtt_related_articles_wrapper&amp;quot;&gt;&lt;div class=&amp;quot;cmtt_related_title cmtt_related_articles_title&amp;quot;&gt;Related Articles: &lt;\/div&gt;&lt;ul class=&amp;quot;cmtt_related&amp;quot;&gt;&lt;li class=&amp;quot;cmtt_related_item&amp;quot;&gt;&lt;a href=&amp;quot;https:\/\/xqthenews.com\/es\/movimientos-juveniles-en-europa-en-busca-de-respuestas-a-la-crisis-climatica\/&amp;quot;target=&amp;quot;_blank&amp;quot;&gt;Movimientos juveniles en Europa en busca de respuestas a la crisis clim&aacute;tica&lt;\/a&gt;&lt;\/li&gt;&lt;li class=&amp;quot;cmtt_related_item&amp;quot;&gt;&lt;a href=&amp;quot;https:\/\/xqthenews.com\/es\/economia-circular-materia-organica-en-el-pasado-el-presente-y-el-futuro\/&amp;quot;target=&amp;quot;_blank&amp;quot;&gt;Econom&iacute;a circular: materia org&aacute;nica en el pasado, el presente y el futuro&lt;\/a&gt;&lt;\/li&gt;&lt;li class=&amp;quot;cmtt_related_item&amp;quot;&gt;&lt;a href=&amp;quot;https:\/\/xqthenews.com\/es\/aproximar-a-los-jovenes-a-las-decisiones-politicas-un-reto-urgente\/&amp;quot;target=&amp;quot;_blank&amp;quot;&gt;Aproximar a los j&oacute;venes a las decisiones pol&iacute;ticas: un reto urgente&lt;\/a&gt;&lt;\/li&gt;&lt;li class=&amp;quot;cmtt_related_item&amp;quot;&gt;&lt;a href=&amp;quot;https:\/\/xqthenews.com\/es\/el-papel-de-la-transicion-ecologica-en-la-educacion\/&amp;quot;target=&amp;quot;_blank&amp;quot;&gt;El papel de la transici&oacute;n ecol&oacute;gica en la educaci&oacute;n&lt;\/a&gt;&lt;\/li&gt;&lt;li class=&amp;quot;cmtt_related_item&amp;quot;&gt;&lt;a href=&amp;quot;https:\/\/xqthenews.com\/es\/el-parlamento-electo-acabara-de-determinar-la-trayectoria-de-la-europa-del-2030\/&amp;quot;target=&amp;quot;_blank&amp;quot;&gt;El Parlamento electo acabar&aacute; de determinar la trayectoria de la Europa del 2030&lt;\/a&gt;&lt;\/li&gt;&lt;\/ul&gt;&lt;\/div&gt;\" href=\"https:\/\/xqthenews.com\/es\/glossary\/agenda-2030\/\" data-gt-translate-attributes='[{\"attribute\":\"data-cmtooltip\", \"format\":\"html\"}]' tabindex=\"0\" role=\"link\">Agenda 2030<\/a> es el blanco, y es que, desde ciertas altas esferas pol&iacute;ticas, se han llevado a cabo campa&ntilde;as que promueven estas ideas, como es el caso de Donald Trump. El expresidente mantiene que la <a class=\"glossaryLink\"  aria-describedby=\"tt\"  data-cmtooltip=\"&lt;div class=glossaryItemTitle&gt;ONU&lt;\/div&gt;&lt;div class=glossaryItemBody&gt;&amp;lt;!-- wp:paragraph --&amp;gt;La ONU (Organizaci&oacute;n de las Naciones Unidas) es una entidad internacional fundada en 1945 para promover la cooperaci&oacute;n global y la paz, compuesta por 193 estados miembros&amp;lt;br\/&amp;gt;&amp;lt;!-- \/wp:paragraph --&amp;gt;&lt;\/div&gt;&lt;div id=&amp;quot;cmtt_related_articles&amp;quot; class=&amp;quot;cmtt_related_articles_wrapper&amp;quot;&gt;&lt;div class=&amp;quot;cmtt_related_title cmtt_related_articles_title&amp;quot;&gt;Related Articles: &lt;\/div&gt;&lt;ul class=&amp;quot;cmtt_related&amp;quot;&gt;&lt;li class=&amp;quot;cmtt_related_item&amp;quot;&gt;&lt;a href=&amp;quot;https:\/\/xqthenews.com\/es\/mensaje-en-una-botella-o-los-plasticos-que-nunca-desaparecen\/&amp;quot;target=&amp;quot;_blank&amp;quot;&gt;Mensaje en una botella, o los pl&aacute;sticos que nunca desaparecen&lt;\/a&gt;&lt;\/li&gt;&lt;li class=&amp;quot;cmtt_related_item&amp;quot;&gt;&lt;a href=&amp;quot;https:\/\/xqthenews.com\/es\/apartheid-en-palestina-las-raices-profundas-de-la-guerra\/&amp;quot;target=&amp;quot;_blank&amp;quot;&gt;Apartheid en Palestina, las ra&iacute;ces profundas de la guerra&lt;\/a&gt;&lt;\/li&gt;&lt;li class=&amp;quot;cmtt_related_item&amp;quot;&gt;&lt;a href=&amp;quot;https:\/\/xqthenews.com\/es\/la-destruccion-de-gaza-el-ultimo-capitulo-de-cien-anos-de-odio\/&amp;quot;target=&amp;quot;_blank&amp;quot;&gt;La destrucci&oacute;n de Gaza, el &uacute;ltimo cap&iacute;tulo de cien a&ntilde;os de odio&lt;\/a&gt;&lt;\/li&gt;&lt;li class=&amp;quot;cmtt_related_item&amp;quot;&gt;&lt;a href=&amp;quot;https:\/\/xqthenews.com\/es\/israel-una-potencia-militarista-y-probada-en-combate\/&amp;quot;target=&amp;quot;_blank&amp;quot;&gt;Israel, una potencia militarista y &amp;quot;probada en combate&rdquo;&lt;\/a&gt;&lt;\/li&gt;&lt;li class=&amp;quot;cmtt_related_item&amp;quot;&gt;&lt;a href=&amp;quot;https:\/\/xqthenews.com\/es\/la-oms-denuncia-mas-de-230-ataques-israelies-a-la-atencion-sanitaria-palestina\/&amp;quot;target=&amp;quot;_blank&amp;quot;&gt;La OMS denuncia m&aacute;s de 230 ataques israel&iacute;es a la atenci&oacute;n sanitaria palestina&lt;\/a&gt;&lt;\/li&gt;&lt;\/ul&gt;&lt;\/div&gt;\"  href=\"https:\/\/xqthenews.com\/es\/glossary\/onu\/\"  data-gt-translate-attributes='[{\"attribute\":\"data-cmtooltip\", \"format\":\"html\"}]' tabindex='0' role='link'>ONU<\/a> busca destruir la econom&iacute;a estadounidense mediante la <a class=\"glossaryLink\" aria-describedby=\"tt\" data-cmtooltip=\"&lt;div class=glossaryItemTitle&gt;Agenda 2030&lt;\/div&gt;&lt;div class=glossaryItemBody&gt;&amp;lt;!-- wp:paragraph --&amp;gt;La Agenda 2030 es el resultado del trabajo conjunto de gobiernos y ciudadanos de todo el mundo para crear un nuevo modelo global que ponga fin a la pobreza, promueva la prosperidad y el bienestar para todos, proteja el medio ambiente y luche contra el cambio clim&aacute;tico. Incluye 17 Objetivos de Desarrollo Sostenible (ODS), sucesores de los 8 Objetivos de Desarrollo del Milenio, que deben ser implementados por todos los pa&iacute;ses y que abarcan &aacute;mbitos tan diversos pero interconectados como: el acceso equitativo a una educaci&oacute;n y unos servicios sanitarios de calidad; la creaci&oacute;n de empleos dignos; la sostenibilidad energ&eacute;tica y medioambiental; la conservaci&oacute;n y gesti&oacute;n de los oc&eacute;anos; la promoci&oacute;n de instituciones eficaces y sociedades estables y la lucha contra la desigualdad a todos los niveles.&amp;lt;br\/&amp;gt;&amp;lt;!-- \/wp:paragraph --&amp;gt;&amp;lt;!-- wp:paragraph --&amp;gt;(Fuente: Instituto Cam&otilde;es)&amp;lt;br\/&amp;gt;&amp;lt;!-- \/wp:paragraph --&amp;gt;&lt;\/div&gt;&lt;div id=&amp;quot;cmtt_related_articles&amp;quot; class=&amp;quot;cmtt_related_articles_wrapper&amp;quot;&gt;&lt;div class=&amp;quot;cmtt_related_title cmtt_related_articles_title&amp;quot;&gt;Related Articles: &lt;\/div&gt;&lt;ul class=&amp;quot;cmtt_related&amp;quot;&gt;&lt;li class=&amp;quot;cmtt_related_item&amp;quot;&gt;&lt;a href=&amp;quot;https:\/\/xqthenews.com\/es\/movimientos-juveniles-en-europa-en-busca-de-respuestas-a-la-crisis-climatica\/&amp;quot;target=&amp;quot;_blank&amp;quot;&gt;Movimientos juveniles en Europa en busca de respuestas a la crisis clim&aacute;tica&lt;\/a&gt;&lt;\/li&gt;&lt;li class=&amp;quot;cmtt_related_item&amp;quot;&gt;&lt;a href=&amp;quot;https:\/\/xqthenews.com\/es\/economia-circular-materia-organica-en-el-pasado-el-presente-y-el-futuro\/&amp;quot;target=&amp;quot;_blank&amp;quot;&gt;Econom&iacute;a circular: materia org&aacute;nica en el pasado, el presente y el futuro&lt;\/a&gt;&lt;\/li&gt;&lt;li class=&amp;quot;cmtt_related_item&amp;quot;&gt;&lt;a href=&amp;quot;https:\/\/xqthenews.com\/es\/aproximar-a-los-jovenes-a-las-decisiones-politicas-un-reto-urgente\/&amp;quot;target=&amp;quot;_blank&amp;quot;&gt;Aproximar a los j&oacute;venes a las decisiones pol&iacute;ticas: un reto urgente&lt;\/a&gt;&lt;\/li&gt;&lt;li class=&amp;quot;cmtt_related_item&amp;quot;&gt;&lt;a href=&amp;quot;https:\/\/xqthenews.com\/es\/el-papel-de-la-transicion-ecologica-en-la-educacion\/&amp;quot;target=&amp;quot;_blank&amp;quot;&gt;El papel de la transici&oacute;n ecol&oacute;gica en la educaci&oacute;n&lt;\/a&gt;&lt;\/li&gt;&lt;li class=&amp;quot;cmtt_related_item&amp;quot;&gt;&lt;a href=&amp;quot;https:\/\/xqthenews.com\/es\/el-parlamento-electo-acabara-de-determinar-la-trayectoria-de-la-europa-del-2030\/&amp;quot;target=&amp;quot;_blank&amp;quot;&gt;El Parlamento electo acabar&aacute; de determinar la trayectoria de la Europa del 2030&lt;\/a&gt;&lt;\/li&gt;&lt;\/ul&gt;&lt;\/div&gt;\" href=\"https:\/\/xqthenews.com\/es\/glossary\/agenda-2030\/\" data-gt-translate-attributes='[{\"attribute\":\"data-cmtooltip\", \"format\":\"html\"}]' tabindex=\"0\" role=\"link\">Agenda 2030<\/a>. Es la misma l&oacute;gica que la mayor&iacute;a de los pol&iacute;ticos de extrema derecha y ultranacionalistas apoyan y propagan, transmitiendo ese mensaje constantemente en sus canales de redes sociales y en medios de comunicaci&oacute;n afines a su ideolog&iacute;a. Para la<a href=\"https:\/\/www.wearewater.org\/es\/insights\/quien-teme-a-la-agenda-2030\/\"> organizaci&oacute;n We Are Water este fen&oacute;meno se debe<\/a> en parte a &ldquo;la falta de acuerdos convincentes en las <a class=\"glossaryLink\"  aria-describedby=\"tt\"  data-cmtooltip=\"&lt;div class=glossaryItemTitle&gt;COP&lt;\/div&gt;&lt;div class=glossaryItemBody&gt;&amp;lt;!-- wp:paragraph --&amp;gt;Significa Conferencia de las Partes. La primera Cumbre de la Tierra tuvo lugar en 1992 en R&iacute;o de Janeiro con el objetivo de empezar a abordar el calentamiento global y definir acciones contra la crisis clim&aacute;tica. La primera COP tuvo lugar en 1995 en Berl&iacute;n. Desde entonces se ha celebrado cada a&ntilde;o. S&oacute;lo se salt&oacute; en 2021 debido a la pandemia del COVID 19.&amp;lt;br\/&amp;gt;&amp;lt;!-- \/wp:paragraph --&amp;gt;&lt;\/div&gt;&lt;div id=&amp;quot;cmtt_related_articles&amp;quot; class=&amp;quot;cmtt_related_articles_wrapper&amp;quot;&gt;&lt;div class=&amp;quot;cmtt_related_title cmtt_related_articles_title&amp;quot;&gt;Related Articles: &lt;\/div&gt;&lt;ul class=&amp;quot;cmtt_related&amp;quot;&gt;&lt;li class=&amp;quot;cmtt_related_item&amp;quot;&gt;&lt;a href=&amp;quot;https:\/\/xqthenews.com\/es\/la-conferencia-de-la-onu-sobre-el-clima-se-ensucia-de-petroleo\/&amp;quot;target=&amp;quot;_blank&amp;quot;&gt;La conferencia de la ONU sobre el clima se ensucia de petr&oacute;leo&lt;\/a&gt;&lt;\/li&gt;&lt;li class=&amp;quot;cmtt_related_item&amp;quot;&gt;&lt;a href=&amp;quot;https:\/\/xqthenews.com\/es\/glossary\/phase-out\/&amp;quot;target=&amp;quot;_blank&amp;quot;&gt;Glossary:  Phase out&lt;\/a&gt;&lt;\/li&gt;&lt;li class=&amp;quot;cmtt_related_item&amp;quot;&gt;&lt;a href=&amp;quot;https:\/\/xqthenews.com\/es\/la-cumbre-mundial-del-clima-cop-28-en-dubai\/&amp;quot;target=&amp;quot;_blank&amp;quot;&gt;La Cumbre Mundial del Clima COP 28 en Dub&aacute;i&lt;\/a&gt;&lt;\/li&gt;&lt;li class=&amp;quot;cmtt_related_item&amp;quot;&gt;&lt;a href=&amp;quot;https:\/\/xqthenews.com\/es\/cop-de-dubai-poco-se-puede-esperar\/&amp;quot;target=&amp;quot;_blank&amp;quot;&gt;COP de Dubai: poco se puede esperar&lt;\/a&gt;&lt;\/li&gt;&lt;li class=&amp;quot;cmtt_related_item&amp;quot;&gt;&lt;a href=&amp;quot;https:\/\/xqthenews.com\/es\/cop28-entre-el-acuerdo-historico-y-el-conflicto-de-intereses\/&amp;quot;target=&amp;quot;_blank&amp;quot;&gt;COP28: entre el acuerdo hist&oacute;rico y el conflicto de intereses&lt;\/a&gt;&lt;\/li&gt;&lt;\/ul&gt;&lt;\/div&gt;\"  href=\"https:\/\/xqthenews.com\/es\/glossary\/cop\/\"  data-gt-translate-attributes='[{\"attribute\":\"data-cmtooltip\", \"format\":\"html\"}]' tabindex='0' role='link'>COP<\/a>&rdquo;, que explican que &ldquo;est&aacute; provocando crecientes s&iacute;ntomas de des&aacute;nimo social que crean el terreno abonado para la diseminaci&oacute;n de mensajes demag&oacute;gicos&rdquo;.<\/p>\n\n\n\n<p>El Parlamento electo ser&aacute; el que tenga el mandato final antes de que llegue el 2030, fecha l&iacute;mite de la Agenda. Ser&aacute; clave en los avances para alcanzar los objetivos. Si bien el Partido Popular Europeo repite su victoria y puede encontrar alianzas fuera de la extrema derecha, que los ultras hayan alcanzado un porcentaje de esca&ntilde;os que sobrepasa el 20% ser&aacute; determinante en el viraje que los Populares decidan tomar: moderar al centro bajo la influencia socialista, acerc&aacute;ndose a la <a class=\"glossaryLink\" aria-describedby=\"tt\" data-cmtooltip=\"&lt;div class=glossaryItemTitle&gt;Agenda 2030&lt;\/div&gt;&lt;div class=glossaryItemBody&gt;&amp;lt;!-- wp:paragraph --&amp;gt;La Agenda 2030 es el resultado del trabajo conjunto de gobiernos y ciudadanos de todo el mundo para crear un nuevo modelo global que ponga fin a la pobreza, promueva la prosperidad y el bienestar para todos, proteja el medio ambiente y luche contra el cambio clim&aacute;tico. Incluye 17 Objetivos de Desarrollo Sostenible (ODS), sucesores de los 8 Objetivos de Desarrollo del Milenio, que deben ser implementados por todos los pa&iacute;ses y que abarcan &aacute;mbitos tan diversos pero interconectados como: el acceso equitativo a una educaci&oacute;n y unos servicios sanitarios de calidad; la creaci&oacute;n de empleos dignos; la sostenibilidad energ&eacute;tica y medioambiental; la conservaci&oacute;n y gesti&oacute;n de los oc&eacute;anos; la promoci&oacute;n de instituciones eficaces y sociedades estables y la lucha contra la desigualdad a todos los niveles.&amp;lt;br\/&amp;gt;&amp;lt;!-- \/wp:paragraph --&amp;gt;&amp;lt;!-- wp:paragraph --&amp;gt;(Fuente: Instituto Cam&otilde;es)&amp;lt;br\/&amp;gt;&amp;lt;!-- \/wp:paragraph --&amp;gt;&lt;\/div&gt;&lt;div id=&amp;quot;cmtt_related_articles&amp;quot; class=&amp;quot;cmtt_related_articles_wrapper&amp;quot;&gt;&lt;div class=&amp;quot;cmtt_related_title cmtt_related_articles_title&amp;quot;&gt;Related Articles: &lt;\/div&gt;&lt;ul class=&amp;quot;cmtt_related&amp;quot;&gt;&lt;li class=&amp;quot;cmtt_related_item&amp;quot;&gt;&lt;a href=&amp;quot;https:\/\/xqthenews.com\/es\/movimientos-juveniles-en-europa-en-busca-de-respuestas-a-la-crisis-climatica\/&amp;quot;target=&amp;quot;_blank&amp;quot;&gt;Movimientos juveniles en Europa en busca de respuestas a la crisis clim&aacute;tica&lt;\/a&gt;&lt;\/li&gt;&lt;li class=&amp;quot;cmtt_related_item&amp;quot;&gt;&lt;a href=&amp;quot;https:\/\/xqthenews.com\/es\/economia-circular-materia-organica-en-el-pasado-el-presente-y-el-futuro\/&amp;quot;target=&amp;quot;_blank&amp;quot;&gt;Econom&iacute;a circular: materia org&aacute;nica en el pasado, el presente y el futuro&lt;\/a&gt;&lt;\/li&gt;&lt;li class=&amp;quot;cmtt_related_item&amp;quot;&gt;&lt;a href=&amp;quot;https:\/\/xqthenews.com\/es\/aproximar-a-los-jovenes-a-las-decisiones-politicas-un-reto-urgente\/&amp;quot;target=&amp;quot;_blank&amp;quot;&gt;Aproximar a los j&oacute;venes a las decisiones pol&iacute;ticas: un reto urgente&lt;\/a&gt;&lt;\/li&gt;&lt;li class=&amp;quot;cmtt_related_item&amp;quot;&gt;&lt;a href=&amp;quot;https:\/\/xqthenews.com\/es\/el-papel-de-la-transicion-ecologica-en-la-educacion\/&amp;quot;target=&amp;quot;_blank&amp;quot;&gt;El papel de la transici&oacute;n ecol&oacute;gica en la educaci&oacute;n&lt;\/a&gt;&lt;\/li&gt;&lt;li class=&amp;quot;cmtt_related_item&amp;quot;&gt;&lt;a href=&amp;quot;https:\/\/xqthenews.com\/es\/el-parlamento-electo-acabara-de-determinar-la-trayectoria-de-la-europa-del-2030\/&amp;quot;target=&amp;quot;_blank&amp;quot;&gt;El Parlamento electo acabar&aacute; de determinar la trayectoria de la Europa del 2030&lt;\/a&gt;&lt;\/li&gt;&lt;\/ul&gt;&lt;\/div&gt;\" href=\"https:\/\/xqthenews.com\/es\/glossary\/agenda-2030\/\" data-gt-translate-attributes='[{\"attribute\":\"data-cmtooltip\", \"format\":\"html\"}]' tabindex=\"0\" role=\"link\">Agenda 2030<\/a>, o bien extremar hacia la derecha, endureciendo su discurso y alejando el 2030 hacia cincuenta a&ntilde;os atr&aacute;s.<\/p>\n\n\n<script type=\"text\/javascript\">\n\/* <![CDATA[ *\/\nvar gform;gform||(document.addEventListener(\"gform_main_scripts_loaded\",function(){gform.scriptsLoaded=!0}),document.addEventListener(\"gform\/theme\/scripts_loaded\",function(){gform.themeScriptsLoaded=!0}),window.addEventListener(\"DOMContentLoaded\",function(){gform.domLoaded=!0}),gform={domLoaded:!1,scriptsLoaded:!1,themeScriptsLoaded:!1,isFormEditor:()=>\"function\"==typeof InitializeEditor,callIfLoaded:function(o){return!(!gform.domLoaded||!gform.scriptsLoaded||!gform.themeScriptsLoaded&&!gform.isFormEditor()||(gform.isFormEditor()&&console.warn(\"The use of gform.initializeOnLoaded() is deprecated in the form editor context and will be removed in Gravity Forms 3.1.\"),o(),0))},initializeOnLoaded:function(o){gform.callIfLoaded(o)||(document.addEventListener(\"gform_main_scripts_loaded\",()=>{gform.scriptsLoaded=!0,gform.callIfLoaded(o)}),document.addEventListener(\"gform\/theme\/scripts_loaded\",()=>{gform.themeScriptsLoaded=!0,gform.callIfLoaded(o)}),window.addEventListener(\"DOMContentLoaded\",()=>{gform.domLoaded=!0,gform.callIfLoaded(o)}))},hooks:{action:{},filter:{}},addAction:function(o,r,e,t){gform.addHook(\"action\",o,r,e,t)},addFilter:function(o,r,e,t){gform.addHook(\"filter\",o,r,e,t)},doAction:function(o){gform.doHook(\"action\",o,arguments)},applyFilters:function(o){return gform.doHook(\"filter\",o,arguments)},removeAction:function(o,r){gform.removeHook(\"action\",o,r)},removeFilter:function(o,r,e){gform.removeHook(\"filter\",o,r,e)},addHook:function(o,r,e,t,n){null==gform.hooks[o][r]&&(gform.hooks[o][r]=[]);var d=gform.hooks[o][r];null==n&&(n=r+\"_\"+d.length),gform.hooks[o][r].push({tag:n,callable:e,priority:t=null==t?10:t})},doHook:function(r,o,e){var t;if(e=Array.prototype.slice.call(e,1),null!=gform.hooks[r][o]&&((o=gform.hooks[r][o]).sort(function(o,r){return o.priority-r.priority}),o.forEach(function(o){\"function\"!=typeof(t=o.callable)&&(t=window[t]),\"action\"==r?t.apply(null,e):e[0]=t.apply(null,e)})),\"filter\"==r)return e[0]},removeHook:function(o,r,t,n){var e;null!=gform.hooks[o][r]&&(e=(e=gform.hooks[o][r]).filter(function(o,r,e){return!!(null!=n&&n!=o.tag||null!=t&&t!=o.priority)}),gform.hooks[o][r]=e)}});\n\/* ]]> *\/\n<\/script>\n\n                <div class=\"gf_browser_gecko gform_wrapper gravity-theme gform-theme--no-framework quiz_wrapper\" data-form-theme=\"gravity-theme\" data-form-index=\"0\" id=\"gform_wrapper_653\"><div id=\"gf_653\" class=\"gform_anchor\" tabindex=\"-1\"><\/div>\n                        <div class=\"gform_heading\">\n                            <h2 class=\"gform_title\">Cuestionario de comprensi&oacute;n lectora. El Parlamento electo acabar&aacute; de determinar la trayectoria de la Europa del 2030<\/h2>\n                            <p class=\"gform_description\"><\/p>\n                        <\/div><form method=\"post\" enctype=\"multipart\/form-data\" id=\"gform_653\" class=\"quiz\" action=\"\/es\/wp-json\/wp\/v2\/posts\/23033#gf_653\" data-formid=\"653\" novalidate> \r\n <input type=\"hidden\" class=\"gforms-pum\" value='{\"closepopup\":false,\"closedelay\":0,\"openpopup\":false,\"openpopup_id\":0}'>\n        <div id=\"gf_progressbar_wrapper_653\" class=\"gf_progressbar_wrapper\" data-start-at-zero=\"\">\n        \t<p class=\"gf_progressbar_title\">Paso <span class=\"gf_step_current_page\">1<\/span> de <span class=\"gf_step_page_count\">3<\/span><span class=\"gf_step_page_name\"><\/span>\n        \t<\/p>\n            <div class=\"gf_progressbar gf_progressbar_blue\" aria-hidden=\"true\">\n                <div class=\"gf_progressbar_percentage percentbar_blue percentbar_33\" style=\"width:33%;\"><span>33%<\/span><\/div>\n            <\/div><\/div>\n                        <div class=\"gform-body gform_body\"><div id=\"gform_page_653_1\" class=\"gform_page \" data-js=\"page-field-id-0\">\n\t\t\t\t\t<div class=\"gform_page_fields\"><div id=\"gform_fields_653\" class=\"gform_fields top_label form_sublabel_below description_below validation_below\"><fieldset id=\"field_653_1\" class=\"gfield gfield--type-quiz gfield--type-choice gfield--input-type-radio field_sublabel_below gfield--no-description field_description_below field_validation_below gfield_visibility_visible gquiz-field \" data-field-class=\"gquiz-field\"><legend class=\"gfield_label gform-field-label\">&iquest;Qu&eacute; porcentaje del Parlamento Europeo representa la extrema derecha seg&uacute;n el texto?<\/legend><div class=\"ginput_container ginput_container_radio\"><div class=\"gfield_radio\" id=\"input_653_1\">\n\t\t\t<div class=\"gchoice gchoice_653_1_0\">\n\t\t\t\t\t<input class=\"gfield-choice-input\" name=\"input_1\" type=\"radio\" value=\"gquiz1b2b27084\" id=\"choice_653_1_0\" onchange=\"gformToggleRadioOther( this )\">\n\t\t\t\t\t<label for=\"choice_653_1_0\" id=\"label_653_1_0\" class=\"gform-field-label gform-field-label--type-inline\">M&aacute;s del 50%.<\/label>\n\t\t\t<\/div>\n\t\t\t<div class=\"gchoice gchoice_653_1_1\">\n\t\t\t\t\t<input class=\"gfield-choice-input\" name=\"input_1\" type=\"radio\" value=\"gquiz12c53da11\" id=\"choice_653_1_1\" onchange=\"gformToggleRadioOther( this )\">\n\t\t\t\t\t<label for=\"choice_653_1_1\" id=\"label_653_1_1\" class=\"gform-field-label gform-field-label--type-inline\">Alrededor del 22%.<\/label>\n\t\t\t<\/div>\n\t\t\t<div class=\"gchoice gchoice_653_1_2\">\n\t\t\t\t\t<input class=\"gfield-choice-input\" name=\"input_1\" type=\"radio\" value=\"gquiz1b6725f5d\" id=\"choice_653_1_2\" onchange=\"gformToggleRadioOther( this )\">\n\t\t\t\t\t<label for=\"choice_653_1_2\" id=\"label_653_1_2\" class=\"gform-field-label gform-field-label--type-inline\">Menos del 10%.<\/label>\n\t\t\t<\/div><\/div><\/div><\/fieldset><\/div>\n                    <\/div>\n                    <div class=\"gform-page-footer gform_page_footer top_label\">\n                         <input type=\"button\" id=\"gform_next_button_653_5\" class=\"gform_next_button gform-theme-button button\" onclick=\"gform.submission.handleButtonClick(this);\" data-submission-type=\"next\" value=\"Siguiente \"> \n                    <\/div>\n                <\/div>\n                <div id=\"gform_page_653_2\" class=\"gform_page\" data-js=\"page-field-id-5\" style=\"display:none;\">\n                    <div class=\"gform_page_fields\">\n                        <div id=\"gform_fields_653_2\" class=\"gform_fields top_label form_sublabel_below description_below validation_below\"><fieldset id=\"field_653_3\" class=\"gfield gfield--type-quiz gfield--type-choice gfield--input-type-radio gfield--width-full field_sublabel_below gfield--no-description field_description_below field_validation_below gfield_visibility_visible gquiz-field \" data-field-class=\"gquiz-field\"><legend class=\"gfield_label gform-field-label\">&iquest;Qu&eacute; propone el texto que podr&iacute;a hacer la extrema derecha en relaci&oacute;n al &uacute;ltimo mandato antes del fin de la <a class=\"glossaryLink\" aria-describedby=\"tt\" data-cmtooltip=\"&lt;div class=glossaryItemTitle&gt;Agenda 2030&lt;\/div&gt;&lt;div class=glossaryItemBody&gt;&amp;lt;!-- wp:paragraph --&amp;gt;La Agenda 2030 es el resultado del trabajo conjunto de gobiernos y ciudadanos de todo el mundo para crear un nuevo modelo global que ponga fin a la pobreza, promueva la prosperidad y el bienestar para todos, proteja el medio ambiente y luche contra el cambio clim&aacute;tico. Incluye 17 Objetivos de Desarrollo Sostenible (ODS), sucesores de los 8 Objetivos de Desarrollo del Milenio, que deben ser implementados por todos los pa&iacute;ses y que abarcan &aacute;mbitos tan diversos pero interconectados como: el acceso equitativo a una educaci&oacute;n y unos servicios sanitarios de calidad; la creaci&oacute;n de empleos dignos; la sostenibilidad energ&eacute;tica y medioambiental; la conservaci&oacute;n y gesti&oacute;n de los oc&eacute;anos; la promoci&oacute;n de instituciones eficaces y sociedades estables y la lucha contra la desigualdad a todos los niveles.&amp;lt;br\/&amp;gt;&amp;lt;!-- \/wp:paragraph --&amp;gt;&amp;lt;!-- wp:paragraph --&amp;gt;(Fuente: Instituto Cam&otilde;es)&amp;lt;br\/&amp;gt;&amp;lt;!-- \/wp:paragraph --&amp;gt;&lt;\/div&gt;&lt;div id=&amp;quot;cmtt_related_articles&amp;quot; class=&amp;quot;cmtt_related_articles_wrapper&amp;quot;&gt;&lt;div class=&amp;quot;cmtt_related_title cmtt_related_articles_title&amp;quot;&gt;Related Articles: &lt;\/div&gt;&lt;ul class=&amp;quot;cmtt_related&amp;quot;&gt;&lt;li class=&amp;quot;cmtt_related_item&amp;quot;&gt;&lt;a href=&amp;quot;https:\/\/xqthenews.com\/es\/movimientos-juveniles-en-europa-en-busca-de-respuestas-a-la-crisis-climatica\/&amp;quot;target=&amp;quot;_blank&amp;quot;&gt;Movimientos juveniles en Europa en busca de respuestas a la crisis clim&aacute;tica&lt;\/a&gt;&lt;\/li&gt;&lt;li class=&amp;quot;cmtt_related_item&amp;quot;&gt;&lt;a href=&amp;quot;https:\/\/xqthenews.com\/es\/economia-circular-materia-organica-en-el-pasado-el-presente-y-el-futuro\/&amp;quot;target=&amp;quot;_blank&amp;quot;&gt;Econom&iacute;a circular: materia org&aacute;nica en el pasado, el presente y el futuro&lt;\/a&gt;&lt;\/li&gt;&lt;li class=&amp;quot;cmtt_related_item&amp;quot;&gt;&lt;a href=&amp;quot;https:\/\/xqthenews.com\/es\/aproximar-a-los-jovenes-a-las-decisiones-politicas-un-reto-urgente\/&amp;quot;target=&amp;quot;_blank&amp;quot;&gt;Aproximar a los j&oacute;venes a las decisiones pol&iacute;ticas: un reto urgente&lt;\/a&gt;&lt;\/li&gt;&lt;li class=&amp;quot;cmtt_related_item&amp;quot;&gt;&lt;a href=&amp;quot;https:\/\/xqthenews.com\/es\/el-papel-de-la-transicion-ecologica-en-la-educacion\/&amp;quot;target=&amp;quot;_blank&amp;quot;&gt;El papel de la transici&oacute;n ecol&oacute;gica en la educaci&oacute;n&lt;\/a&gt;&lt;\/li&gt;&lt;li class=&amp;quot;cmtt_related_item&amp;quot;&gt;&lt;a href=&amp;quot;https:\/\/xqthenews.com\/es\/el-parlamento-electo-acabara-de-determinar-la-trayectoria-de-la-europa-del-2030\/&amp;quot;target=&amp;quot;_blank&amp;quot;&gt;El Parlamento electo acabar&aacute; de determinar la trayectoria de la Europa del 2030&lt;\/a&gt;&lt;\/li&gt;&lt;\/ul&gt;&lt;\/div&gt;\" href=\"https:\/\/xqthenews.com\/es\/glossary\/agenda-2030\/\" data-gt-translate-attributes='[{\"attribute\":\"data-cmtooltip\", \"format\":\"html\"}]' tabindex=\"0\" role=\"link\">Agenda 2030<\/a>?<\/legend><div class=\"ginput_container ginput_container_radio\"><div class=\"gfield_radio\" id=\"input_653_3\">\n\t\t\t<div class=\"gchoice gchoice_653_3_0\">\n\t\t\t\t\t<input class=\"gfield-choice-input\" name=\"input_3\" type=\"radio\" value=\"gquiz3394e91f2\" id=\"choice_653_3_0\" onchange=\"gformToggleRadioOther( this )\">\n\t\t\t\t\t<label for=\"choice_653_3_0\" id=\"label_653_3_0\" class=\"gform-field-label gform-field-label--type-inline\">Impulsar la igualdad de g&eacute;nero.<\/label>\n\t\t\t<\/div>\n\t\t\t<div class=\"gchoice gchoice_653_3_1\">\n\t\t\t\t\t<input class=\"gfield-choice-input\" name=\"input_3\" type=\"radio\" value=\"gquiz3b5aa3d2d\" id=\"choice_653_3_1\" onchange=\"gformToggleRadioOther( this )\">\n\t\t\t\t\t<label for=\"choice_653_3_1\" id=\"label_653_3_1\" class=\"gform-field-label gform-field-label--type-inline\">Obstaculizar la implementaci&oacute;n de la <a class=\"glossaryLink\" aria-describedby=\"tt\" data-cmtooltip=\"&lt;div class=glossaryItemTitle&gt;Agenda 2030&lt;\/div&gt;&lt;div class=glossaryItemBody&gt;&amp;lt;!-- wp:paragraph --&amp;gt;La Agenda 2030 es el resultado del trabajo conjunto de gobiernos y ciudadanos de todo el mundo para crear un nuevo modelo global que ponga fin a la pobreza, promueva la prosperidad y el bienestar para todos, proteja el medio ambiente y luche contra el cambio clim&aacute;tico. Incluye 17 Objetivos de Desarrollo Sostenible (ODS), sucesores de los 8 Objetivos de Desarrollo del Milenio, que deben ser implementados por todos los pa&iacute;ses y que abarcan &aacute;mbitos tan diversos pero interconectados como: el acceso equitativo a una educaci&oacute;n y unos servicios sanitarios de calidad; la creaci&oacute;n de empleos dignos; la sostenibilidad energ&eacute;tica y medioambiental; la conservaci&oacute;n y gesti&oacute;n de los oc&eacute;anos; la promoci&oacute;n de instituciones eficaces y sociedades estables y la lucha contra la desigualdad a todos los niveles.&amp;lt;br\/&amp;gt;&amp;lt;!-- \/wp:paragraph --&amp;gt;&amp;lt;!-- wp:paragraph --&amp;gt;(Fuente: Instituto Cam&otilde;es)&amp;lt;br\/&amp;gt;&amp;lt;!-- \/wp:paragraph --&amp;gt;&lt;\/div&gt;&lt;div id=&amp;quot;cmtt_related_articles&amp;quot; class=&amp;quot;cmtt_related_articles_wrapper&amp;quot;&gt;&lt;div class=&amp;quot;cmtt_related_title cmtt_related_articles_title&amp;quot;&gt;Related Articles: &lt;\/div&gt;&lt;ul class=&amp;quot;cmtt_related&amp;quot;&gt;&lt;li class=&amp;quot;cmtt_related_item&amp;quot;&gt;&lt;a href=&amp;quot;https:\/\/xqthenews.com\/es\/movimientos-juveniles-en-europa-en-busca-de-respuestas-a-la-crisis-climatica\/&amp;quot;target=&amp;quot;_blank&amp;quot;&gt;Movimientos juveniles en Europa en busca de respuestas a la crisis clim&aacute;tica&lt;\/a&gt;&lt;\/li&gt;&lt;li class=&amp;quot;cmtt_related_item&amp;quot;&gt;&lt;a href=&amp;quot;https:\/\/xqthenews.com\/es\/economia-circular-materia-organica-en-el-pasado-el-presente-y-el-futuro\/&amp;quot;target=&amp;quot;_blank&amp;quot;&gt;Econom&iacute;a circular: materia org&aacute;nica en el pasado, el presente y el futuro&lt;\/a&gt;&lt;\/li&gt;&lt;li class=&amp;quot;cmtt_related_item&amp;quot;&gt;&lt;a href=&amp;quot;https:\/\/xqthenews.com\/es\/aproximar-a-los-jovenes-a-las-decisiones-politicas-un-reto-urgente\/&amp;quot;target=&amp;quot;_blank&amp;quot;&gt;Aproximar a los j&oacute;venes a las decisiones pol&iacute;ticas: un reto urgente&lt;\/a&gt;&lt;\/li&gt;&lt;li class=&amp;quot;cmtt_related_item&amp;quot;&gt;&lt;a href=&amp;quot;https:\/\/xqthenews.com\/es\/el-papel-de-la-transicion-ecologica-en-la-educacion\/&amp;quot;target=&amp;quot;_blank&amp;quot;&gt;El papel de la transici&oacute;n ecol&oacute;gica en la educaci&oacute;n&lt;\/a&gt;&lt;\/li&gt;&lt;li class=&amp;quot;cmtt_related_item&amp;quot;&gt;&lt;a href=&amp;quot;https:\/\/xqthenews.com\/es\/el-parlamento-electo-acabara-de-determinar-la-trayectoria-de-la-europa-del-2030\/&amp;quot;target=&amp;quot;_blank&amp;quot;&gt;El Parlamento electo acabar&aacute; de determinar la trayectoria de la Europa del 2030&lt;\/a&gt;&lt;\/li&gt;&lt;\/ul&gt;&lt;\/div&gt;\" href=\"https:\/\/xqthenews.com\/es\/glossary\/agenda-2030\/\" data-gt-translate-attributes='[{\"attribute\":\"data-cmtooltip\", \"format\":\"html\"}]' tabindex=\"0\" role=\"link\">Agenda 2030<\/a>.<\/label>\n\t\t\t<\/div>\n\t\t\t<div class=\"gchoice gchoice_653_3_2\">\n\t\t\t\t\t<input class=\"gfield-choice-input\" name=\"input_3\" type=\"radio\" value=\"gquiz3d1b23a18\" id=\"choice_653_3_2\" onchange=\"gformToggleRadioOther( this )\">\n\t\t\t\t\t<label for=\"choice_653_3_2\" id=\"label_653_3_2\" class=\"gform-field-label gform-field-label--type-inline\">Fortalecer los lazos internacionales.<\/label>\n\t\t\t<\/div><\/div><\/div><\/fieldset><\/div>\n                    <\/div>\n                    <div class=\"gform-page-footer gform_page_footer top_label\">\n                        <input type=\"button\" id=\"gform_previous_button_653_6\" class=\"gform_previous_button gform-theme-button gform-theme-button--secondary button\" onclick=\"gform.submission.handleButtonClick(this);\" data-submission-type=\"previous\" value=\"Anterior\"> <input type=\"button\" id=\"gform_next_button_653_6\" class=\"gform_next_button gform-theme-button button\" onclick=\"gform.submission.handleButtonClick(this);\" data-submission-type=\"next\" value=\"Siguiente \"> \n                    <\/div>\n                <\/div>\n                <div id=\"gform_page_653_3\" class=\"gform_page\" data-js=\"page-field-id-6\" style=\"display:none;\">\n                    <div class=\"gform_page_fields\">\n                        <div id=\"gform_fields_653_3\" class=\"gform_fields top_label form_sublabel_below description_below validation_below\"><fieldset id=\"field_653_4\" class=\"gfield gfield--type-quiz gfield--type-choice gfield--input-type-radio gfield--width-full field_sublabel_below gfield--no-description field_description_below field_validation_below gfield_visibility_visible gquiz-field \" data-field-class=\"gquiz-field\"><legend class=\"gfield_label gform-field-label\">&iquest;Cu&aacute;l es uno de los posibles cambios que podr&iacute;a experimentar el Partido Popular Europeo debido al aumento de la influencia de la extrema derecha?<\/legend><div class=\"ginput_container ginput_container_radio\"><div class=\"gfield_radio\" id=\"input_653_4\">\n\t\t\t<div class=\"gchoice gchoice_653_4_0\">\n\t\t\t\t\t<input class=\"gfield-choice-input\" name=\"input_4\" type=\"radio\" value=\"gquiz46a62d494\" id=\"choice_653_4_0\" onchange=\"gformToggleRadioOther( this )\">\n\t\t\t\t\t<label for=\"choice_653_4_0\" id=\"label_653_4_0\" class=\"gform-field-label gform-field-label--type-inline\">Adoptar una postura m&aacute;s neutral en temas medioambientales.<\/label>\n\t\t\t<\/div>\n\t\t\t<div class=\"gchoice gchoice_653_4_1\">\n\t\t\t\t\t<input class=\"gfield-choice-input\" name=\"input_4\" type=\"radio\" value=\"gquiz488c89c8f\" id=\"choice_653_4_1\" onchange=\"gformToggleRadioOther( this )\">\n\t\t\t\t\t<label for=\"choice_653_4_1\" id=\"label_653_4_1\" class=\"gform-field-label gform-field-label--type-inline\">Endurecer su discurso hac&iacute;a posiciones m&aacute;s extremas.<\/label>\n\t\t\t<\/div>\n\t\t\t<div class=\"gchoice gchoice_653_4_2\">\n\t\t\t\t\t<input class=\"gfield-choice-input\" name=\"input_4\" type=\"radio\" value=\"gquiz4054f68d8\" id=\"choice_653_4_2\" onchange=\"gformToggleRadioOther( this )\">\n\t\t\t\t\t<label for=\"choice_653_4_2\" id=\"label_653_4_2\" class=\"gform-field-label gform-field-label--type-inline\">Reforzar su alianza con Los Verdes.<\/label>\n\t\t\t<\/div><\/div><\/div><\/fieldset><\/div><\/div>\n        <div class=\"gform-page-footer gform_page_footer top_label\"><input type=\"submit\" id=\"gform_previous_button_653\" class=\"gform_previous_button gform-theme-button gform-theme-button--secondary button\" onclick=\"gform.submission.handleButtonClick(this);\" data-submission-type=\"previous\" value=\"Anterior\"> <input type=\"submit\" id=\"gform_submit_button_653\" class=\"gform_button button\" onclick=\"gform.submission.handleButtonClick(this);\" data-submission-type=\"submit\" value=\"Enviar\"> \n            <input type=\"hidden\" class=\"gform_hidden\" name=\"gform_submission_method\" data-js=\"gform_submission_method_653\" value=\"postback\">\n            <input type=\"hidden\" class=\"gform_hidden\" name=\"gform_theme\" data-js=\"gform_theme_653\" id=\"gform_theme_653\" value=\"gravity-theme\">\n            <input type=\"hidden\" class=\"gform_hidden\" name=\"gform_style_settings\" data-js=\"gform_style_settings_653\" id=\"gform_style_settings_653\" value='{\"inputPrimaryColor\":\"#204ce5\"}'>\n            <input type=\"hidden\" class=\"gform_hidden\" name=\"is_submit_653\" value=\"1\">\n            <input type=\"hidden\" class=\"gform_hidden\" name=\"gform_submit\" value=\"653\">\n            \n            <input type=\"hidden\" class=\"gform_hidden\" name=\"gform_currency\" data-currency=\"EUR\" value=\"4yKkfMZMYsKoxPCW93amc0gQ2aOgwGxAOC4b3NuLklbSlsYcAr2xBILInExR2L+XJGe28XhlwR0Lg8EnZwMUjQ+NXBBLMrI+mWndFJ3bSDv4BBg=\">\n            <input type=\"hidden\" class=\"gform_hidden\" name=\"gform_unique_id\" value=\"\">\n            <input type=\"hidden\" class=\"gform_hidden\" name=\"state_653\" value=\"WyJbXSIsIjVlMjNlOGUzOTg5N2RmMzcwZmE1ODRlNDZjZGJmYjNkIl0=\">\n            <input type=\"hidden\" autocomplete=\"off\" class=\"gform_hidden\" name=\"gform_target_page_number_653\" id=\"gform_target_page_number_653\" value=\"2\">\n            <input type=\"hidden\" autocomplete=\"off\" class=\"gform_hidden\" name=\"gform_source_page_number_653\" id=\"gform_source_page_number_653\" value=\"1\">\n            <input type=\"hidden\" name=\"gform_field_values\" value=\"\">\n            \n        <\/div>\n             <\/div><\/div>\n                        <\/form>\n                        <\/div><script type=\"text\/javascript\">\n\/* <![CDATA[ *\/\n gform.initializeOnLoaded( function() {gformInitSpinner( 653, 'https:\/\/xqthenews.com\/wp-content\/plugins\/gravityforms\/images\/spinner.svg', true );jQuery('#gform_ajax_frame_653').on('load',function(){var contents = jQuery(this).contents().find('*').html();var is_postback = contents.indexOf('GF_AJAX_POSTBACK') >= 0;if(!is_postback){return;}var form_content = jQuery(this).contents().find('#gform_wrapper_653');var is_confirmation = jQuery(this).contents().find('#gform_confirmation_wrapper_653').length > 0;var is_redirect = contents.indexOf('gformRedirect(){') >= 0;var is_form = form_content.length > 0 && ! is_redirect && ! is_confirmation;var mt = parseInt(jQuery('html').css('margin-top'), 10) + parseInt(jQuery('body').css('margin-top'), 10) + 100;if(is_form){jQuery('#gform_wrapper_653').html(form_content.html());if(form_content.hasClass('gform_validation_error')){jQuery('#gform_wrapper_653').addClass('gform_validation_error');} else {jQuery('#gform_wrapper_653').removeClass('gform_validation_error');}setTimeout( function() { \/* delay the scroll by 50 milliseconds to fix a bug in chrome *\/ jQuery(document).scrollTop(jQuery('#gform_wrapper_653').offset().top - mt); }, 50 );if(window['gformInitDatepicker']) {gformInitDatepicker();}if(window['gformInitPriceFields']) {gformInitPriceFields();}var current_page = jQuery('#gform_source_page_number_653').val();gformInitSpinner( 653, 'https:\/\/xqthenews.com\/wp-content\/plugins\/gravityforms\/images\/spinner.svg', true );jQuery(document).trigger('gform_page_loaded', [653, current_page]);window['gf_submitting_653'] = false;}else if(!is_redirect){var confirmation_content = jQuery(this).contents().find('.GF_AJAX_POSTBACK').html();if(!confirmation_content){confirmation_content = contents;}jQuery('#gform_wrapper_653').replaceWith(confirmation_content);jQuery(document).scrollTop(jQuery('#gf_653').offset().top - mt);jQuery(document).trigger('gform_confirmation_loaded', [653]);window['gf_submitting_653'] = false;wp.a11y.speak(jQuery('#gform_confirmation_message_653').text());}else{jQuery('#gform_653').append(contents);if(window['gformRedirect']) {gformRedirect();}}jQuery(document).trigger(\"gform_pre_post_render\", [{ formId: \"653\", currentPage: \"current_page\", abort: function() { this.preventDefault(); } }]);        if (event && event.defaultPrevented) {                return;        }        const gformWrapperDiv = document.getElementById( \"gform_wrapper_653\" );        if ( gformWrapperDiv ) {            const visibilitySpan = document.createElement( \"span\" );            visibilitySpan.id = \"gform_visibility_test_653\";            gformWrapperDiv.insertAdjacentElement( \"afterend\", visibilitySpan );        }        const visibilityTestDiv = document.getElementById( \"gform_visibility_test_653\" );        let postRenderFired = false;        function triggerPostRender() {            if ( postRenderFired ) {                return;            }            postRenderFired = true;            gform.core.triggerPostRenderEvents( 653, current_page );            if ( visibilityTestDiv ) {                visibilityTestDiv.parentNode.removeChild( visibilityTestDiv );            }        }        function debounce( func, wait, immediate ) {            var timeout;            return function() {                var context = this, args = arguments;                var later = function() {                    timeout = null;                    if ( !immediate ) func.apply( context, args );                };                var callNow = immediate && !timeout;                clearTimeout( timeout );                timeout = setTimeout( later, wait );                if ( callNow ) func.apply( context, args );            };        }        const debouncedTriggerPostRender = debounce( function() {            triggerPostRender();        }, 200 );        if ( visibilityTestDiv && visibilityTestDiv.offsetParent === null ) {            const observer = new MutationObserver( ( mutations ) => {                mutations.forEach( ( mutation ) => {                    if ( mutation.type === 'attributes' && visibilityTestDiv.offsetParent !== null ) {                        debouncedTriggerPostRender();                        observer.disconnect();                    }                });            });            observer.observe( document.body, {                attributes: true,                childList: false,                subtree: true,                attributeFilter: [ 'style', 'class' ],            });        } else {            triggerPostRender();        }    } );} ); \n\/* ]]> *\/\n<\/script>\n","protected":false},"excerpt":{"rendered":"<p>La nueva configuraci&oacute;n de la Euroc&aacute;mara tras los comicios genera un panorama incierto ante objetivos vitales como la <a class=\"glossaryLink\" aria-describedby=\"tt\" data-cmtooltip=\"&lt;div class=glossaryItemTitle&gt;Agenda 2030&lt;\/div&gt;&lt;div class=glossaryItemBody&gt;&amp;lt;!-- wp:paragraph --&amp;gt;La Agenda 2030 es el resultado del trabajo conjunto de gobiernos y ciudadanos de todo el mundo para crear un nuevo modelo global que ponga fin a la pobreza, promueva la prosperidad y el bienestar para todos, proteja el medio ambiente y luche contra el cambio clim&aacute;tico. Incluye 17 Objetivos de Desarrollo Sostenible (ODS), sucesores de los 8 Objetivos de Desarrollo del Milenio, que deben ser implementados por todos los pa&iacute;ses y que abarcan &aacute;mbitos tan diversos pero interconectados como: el acceso equitativo a una educaci&oacute;n y unos servicios sanitarios de calidad; la creaci&oacute;n de empleos dignos; la sostenibilidad energ&eacute;tica y medioambiental; la conservaci&oacute;n y gesti&oacute;n de los oc&eacute;anos; la promoci&oacute;n de instituciones eficaces y sociedades estables y la lucha contra la desigualdad a todos los niveles.&amp;lt;br\/&amp;gt;&amp;lt;!-- \/wp:paragraph --&amp;gt;&amp;lt;!-- wp:paragraph --&amp;gt;(Fuente: Instituto Cam&otilde;es)&amp;lt;br\/&amp;gt;&amp;lt;!-- \/wp:paragraph --&amp;gt;&lt;\/div&gt;&lt;div id=&amp;quot;cmtt_related_articles&amp;quot; class=&amp;quot;cmtt_related_articles_wrapper&amp;quot;&gt;&lt;div class=&amp;quot;cmtt_related_title cmtt_related_articles_title&amp;quot;&gt;Related Articles: &lt;\/div&gt;&lt;ul class=&amp;quot;cmtt_related&amp;quot;&gt;&lt;li class=&amp;quot;cmtt_related_item&amp;quot;&gt;&lt;a href=&amp;quot;https:\/\/xqthenews.com\/es\/movimientos-juveniles-en-europa-en-busca-de-respuestas-a-la-crisis-climatica\/&amp;quot;target=&amp;quot;_blank&amp;quot;&gt;Movimientos juveniles en Europa en busca de respuestas a la crisis clim&aacute;tica&lt;\/a&gt;&lt;\/li&gt;&lt;li class=&amp;quot;cmtt_related_item&amp;quot;&gt;&lt;a href=&amp;quot;https:\/\/xqthenews.com\/es\/economia-circular-materia-organica-en-el-pasado-el-presente-y-el-futuro\/&amp;quot;target=&amp;quot;_blank&amp;quot;&gt;Econom&iacute;a circular: materia org&aacute;nica en el pasado, el presente y el futuro&lt;\/a&gt;&lt;\/li&gt;&lt;li class=&amp;quot;cmtt_related_item&amp;quot;&gt;&lt;a href=&amp;quot;https:\/\/xqthenews.com\/es\/aproximar-a-los-jovenes-a-las-decisiones-politicas-un-reto-urgente\/&amp;quot;target=&amp;quot;_blank&amp;quot;&gt;Aproximar a los j&oacute;venes a las decisiones pol&iacute;ticas: un reto urgente&lt;\/a&gt;&lt;\/li&gt;&lt;li class=&amp;quot;cmtt_related_item&amp;quot;&gt;&lt;a href=&amp;quot;https:\/\/xqthenews.com\/es\/el-papel-de-la-transicion-ecologica-en-la-educacion\/&amp;quot;target=&amp;quot;_blank&amp;quot;&gt;El papel de la transici&oacute;n ecol&oacute;gica en la educaci&oacute;n&lt;\/a&gt;&lt;\/li&gt;&lt;li class=&amp;quot;cmtt_related_item&amp;quot;&gt;&lt;a href=&amp;quot;https:\/\/xqthenews.com\/es\/el-parlamento-electo-acabara-de-determinar-la-trayectoria-de-la-europa-del-2030\/&amp;quot;target=&amp;quot;_blank&amp;quot;&gt;El Parlamento electo acabar&aacute; de determinar la trayectoria de la Europa del 2030&lt;\/a&gt;&lt;\/li&gt;&lt;\/ul&gt;&lt;\/div&gt;\" href=\"https:\/\/xqthenews.com\/es\/glossary\/agenda-2030\/\" data-gt-translate-attributes='[{\"attribute\":\"data-cmtooltip\", \"format\":\"html\"}]' tabindex=\"0\" role=\"link\">Agenda 2030<\/a>. Euroesc&eacute;pticos, negacionistas y reaccionarios solidifican su posici&oacute;n que, aunque no es mayoritaria, es suficiente para generar condicionantes<\/p>\n","protected":false},"author":26,"featured_media":23034,"comment_status":"open","ping_status":"open","sticky":false,"template":"","format":"standard","meta":{"_acf_changed":false,"footnotes":""},"categories":[317],"tags":[314,315,316],"coauthors":[143],"class_list":{"0":"post-23033","1":"post","2":"type-post","3":"status-publish","4":"format-standard","5":"has-post-thumbnail","7":"category-politica","8":"tag-elections","9":"tag-europe","10":"tag-europeanparlamient"},"acf":[],"yoast_head":"<!-- This site is optimized with the Yoast SEO plugin v27.4 - https:\/\/yoast.com\/product\/yoast-seo-wordpress\/ -->\n<title>El Parlamento electo acabar\u00e1 de determinar la trayectoria de la Europa del 2030 - xqthenews<\/title>\n<meta name=\"robots\" content=\"index, follow, max-snippet:-1, max-image-preview:large, max-video-preview:-1\" \/>\n<link rel=\"canonical\" href=\"https:\/\/xqthenews.com\/es\/el-parlamento-electo-acabara-de-determinar-la-trayectoria-de-la-europa-del-2030\/\" \/>\n<meta property=\"og:locale\" content=\"es_ES\" \/>\n<meta property=\"og:type\" content=\"article\" \/>\n<meta property=\"og:title\" content=\"El Parlamento electo acabar\u00e1 de determinar la trayectoria de la Europa del 2030 - xqthenews\" \/>\n<meta property=\"og:description\" content=\"La nueva configuraci&oacute;n de la Euroc&aacute;mara tras los comicios genera un panorama incierto ante objetivos vitales como la Agenda 2030. Euroesc&eacute;pticos, negacionistas y reaccionarios solidifican su posici&oacute;n que, aunque no es mayoritaria, es suficiente para generar condicionantes\" \/>\n<meta property=\"og:url\" content=\"https:\/\/xqthenews.com\/es\/el-parlamento-electo-acabara-de-determinar-la-trayectoria-de-la-europa-del-2030\/\" \/>\n<meta property=\"og:site_name\" content=\"xqthenews\" \/>\n<meta property=\"article:published_time\" content=\"2024-06-19T06:10:31+00:00\" \/>\n<meta property=\"article:modified_time\" content=\"2024-09-11T15:09:51+00:00\" \/>\n<meta property=\"og:image\" content=\"https:\/\/xqthenews.com\/wp-content\/uploads\/2024\/06\/9J.jpg\" \/>\n\t<meta property=\"og:image:width\" content=\"1152\" \/>\n\t<meta property=\"og:image:height\" content=\"520\" \/>\n\t<meta property=\"og:image:type\" content=\"image\/jpeg\" \/>\n<meta name=\"author\" content=\"Laura Casamitjana\" \/>\n<meta name=\"twitter:card\" content=\"summary_large_image\" \/>\n<meta name=\"twitter:creator\" content=\"@Casamitjana\" \/>\n<meta name=\"twitter:label1\" content=\"Escrito por\" \/>\n\t<meta name=\"twitter:data1\" content=\"Laura Casamitjana\" \/>\n\t<meta name=\"twitter:label2\" content=\"Tiempo de lectura\" \/>\n\t<meta name=\"twitter:data2\" content=\"4 minutos\" \/>\n\t<meta name=\"twitter:label3\" content=\"Written by\" \/>\n\t<meta name=\"twitter:data3\" content=\"Laura Casamitjana\" \/>\n<script type=\"application\/ld+json\" class=\"yoast-schema-graph\">{\"@context\":\"https:\\\/\\\/schema.org\",\"@graph\":[{\"@type\":\"Article\",\"@id\":\"https:\\\/\\\/xqthenews.com\\\/es\\\/el-parlamento-electo-acabara-de-determinar-la-trayectoria-de-la-europa-del-2030\\\/#article\",\"isPartOf\":{\"@id\":\"https:\\\/\\\/xqthenews.com\\\/es\\\/el-parlamento-electo-acabara-de-determinar-la-trayectoria-de-la-europa-del-2030\\\/\"},\"author\":{\"name\":\"Laura Casamitjana\",\"@id\":\"https:\\\/\\\/xqthenews.com\\\/es\\\/#\\\/schema\\\/person\\\/7c019326fd251f5591a24de1868c7feb\"},\"headline\":\"El Parlamento electo acabar\u00e1 de determinar la trayectoria de la Europa del 2030\",\"datePublished\":\"2024-06-19T06:10:31+00:00\",\"dateModified\":\"2024-09-11T15:09:51+00:00\",\"mainEntityOfPage\":{\"@id\":\"https:\\\/\\\/xqthenews.com\\\/es\\\/el-parlamento-electo-acabara-de-determinar-la-trayectoria-de-la-europa-del-2030\\\/\"},\"wordCount\":877,\"commentCount\":0,\"image\":{\"@id\":\"https:\\\/\\\/xqthenews.com\\\/es\\\/el-parlamento-electo-acabara-de-determinar-la-trayectoria-de-la-europa-del-2030\\\/#primaryimage\"},\"thumbnailUrl\":\"https:\\\/\\\/xqthenews.com\\\/wp-content\\\/uploads\\\/2024\\\/06\\\/9J.jpg\",\"keywords\":[\"Elections\",\"Europe\",\"Europeanparlamient\"],\"articleSection\":[\"Pol\u00edtica\"],\"inLanguage\":\"es\",\"potentialAction\":[{\"@type\":\"CommentAction\",\"name\":\"Comment\",\"target\":[\"https:\\\/\\\/xqthenews.com\\\/es\\\/el-parlamento-electo-acabara-de-determinar-la-trayectoria-de-la-europa-del-2030\\\/#respond\"]}]},{\"@type\":\"WebPage\",\"@id\":\"https:\\\/\\\/xqthenews.com\\\/es\\\/el-parlamento-electo-acabara-de-determinar-la-trayectoria-de-la-europa-del-2030\\\/\",\"url\":\"https:\\\/\\\/xqthenews.com\\\/es\\\/el-parlamento-electo-acabara-de-determinar-la-trayectoria-de-la-europa-del-2030\\\/\",\"name\":\"El Parlamento electo acabar\u00e1 de determinar la trayectoria de la Europa del 2030 - xqthenews\",\"isPartOf\":{\"@id\":\"https:\\\/\\\/xqthenews.com\\\/es\\\/#website\"},\"primaryImageOfPage\":{\"@id\":\"https:\\\/\\\/xqthenews.com\\\/es\\\/el-parlamento-electo-acabara-de-determinar-la-trayectoria-de-la-europa-del-2030\\\/#primaryimage\"},\"image\":{\"@id\":\"https:\\\/\\\/xqthenews.com\\\/es\\\/el-parlamento-electo-acabara-de-determinar-la-trayectoria-de-la-europa-del-2030\\\/#primaryimage\"},\"thumbnailUrl\":\"https:\\\/\\\/xqthenews.com\\\/wp-content\\\/uploads\\\/2024\\\/06\\\/9J.jpg\",\"datePublished\":\"2024-06-19T06:10:31+00:00\",\"dateModified\":\"2024-09-11T15:09:51+00:00\",\"author\":{\"@id\":\"https:\\\/\\\/xqthenews.com\\\/es\\\/#\\\/schema\\\/person\\\/7c019326fd251f5591a24de1868c7feb\"},\"breadcrumb\":{\"@id\":\"https:\\\/\\\/xqthenews.com\\\/es\\\/el-parlamento-electo-acabara-de-determinar-la-trayectoria-de-la-europa-del-2030\\\/#breadcrumb\"},\"inLanguage\":\"es\",\"potentialAction\":[{\"@type\":\"ReadAction\",\"target\":[\"https:\\\/\\\/xqthenews.com\\\/es\\\/el-parlamento-electo-acabara-de-determinar-la-trayectoria-de-la-europa-del-2030\\\/\"]}]},{\"@type\":\"ImageObject\",\"inLanguage\":\"es\",\"@id\":\"https:\\\/\\\/xqthenews.com\\\/es\\\/el-parlamento-electo-acabara-de-determinar-la-trayectoria-de-la-europa-del-2030\\\/#primaryimage\",\"url\":\"https:\\\/\\\/xqthenews.com\\\/wp-content\\\/uploads\\\/2024\\\/06\\\/9J.jpg\",\"contentUrl\":\"https:\\\/\\\/xqthenews.com\\\/wp-content\\\/uploads\\\/2024\\\/06\\\/9J.jpg\",\"width\":1152,\"height\":520},{\"@type\":\"BreadcrumbList\",\"@id\":\"https:\\\/\\\/xqthenews.com\\\/es\\\/el-parlamento-electo-acabara-de-determinar-la-trayectoria-de-la-europa-del-2030\\\/#breadcrumb\",\"itemListElement\":[{\"@type\":\"ListItem\",\"position\":1,\"name\":\"Portada\",\"item\":\"https:\\\/\\\/xqthenews.com\\\/es\\\/\"},{\"@type\":\"ListItem\",\"position\":2,\"name\":\"El Parlamento electo acabar\u00e1 de determinar la trayectoria de la Europa del 2030\"}]},{\"@type\":\"WebSite\",\"@id\":\"https:\\\/\\\/xqthenews.com\\\/es\\\/#website\",\"url\":\"https:\\\/\\\/xqthenews.com\\\/es\\\/\",\"name\":\"xqthenews\",\"description\":\"El porqu\u00e9 de las noticias\",\"potentialAction\":[{\"@type\":\"SearchAction\",\"target\":{\"@type\":\"EntryPoint\",\"urlTemplate\":\"https:\\\/\\\/xqthenews.com\\\/es\\\/?s={search_term_string}\"},\"query-input\":{\"@type\":\"PropertyValueSpecification\",\"valueRequired\":true,\"valueName\":\"search_term_string\"}}],\"inLanguage\":\"es\"},{\"@type\":\"Person\",\"@id\":\"https:\\\/\\\/xqthenews.com\\\/es\\\/#\\\/schema\\\/person\\\/7c019326fd251f5591a24de1868c7feb\",\"name\":\"Laura Casamitjana\",\"image\":{\"@type\":\"ImageObject\",\"inLanguage\":\"es\",\"@id\":\"https:\\\/\\\/xqthenews.com\\\/wp-content\\\/uploads\\\/2024\\\/09\\\/laura-casamitjana_avatar_1-96x96.jpg2771612100b03aa6d85fa2461866085b\",\"url\":\"https:\\\/\\\/xqthenews.com\\\/wp-content\\\/uploads\\\/2024\\\/09\\\/laura-casamitjana_avatar_1-96x96.jpg\",\"contentUrl\":\"https:\\\/\\\/xqthenews.com\\\/wp-content\\\/uploads\\\/2024\\\/09\\\/laura-casamitjana_avatar_1-96x96.jpg\",\"caption\":\"Laura Casamitjana\"},\"description\":\"Periodista. M\u00e1ster en Periodismo Literario, Comunicaci\u00f3n y Humanidades de la Universidad Aut\u00f3noma de Barcelona. Codirectora y coguionista del documental \u201cBerracas. Mujeres supervivientes que construyen la paz en Colombia\u201d. Actualmente redactora del medio Catalunya Plural, de la Fundaci\u00f3 Periodisme Plural, y XQ The News, de colaboraci\u00f3n europea.\",\"sameAs\":[\"https:\\\/\\\/x.com\\\/Casamitjana\"],\"url\":\"https:\\\/\\\/xqthenews.com\\\/es\\\/author\\\/lcasamitjana\\\/\"}]}<\/script>\n<!-- \/ Yoast SEO plugin. -->","yoast_head_json":{"title":"El Parlamento electo acabar\u00e1 de determinar la trayectoria de la Europa del 2030 - xqthenews","robots":{"index":"index","follow":"follow","max-snippet":"max-snippet:-1","max-image-preview":"max-image-preview:large","max-video-preview":"max-video-preview:-1"},"canonical":"https:\/\/xqthenews.com\/es\/el-parlamento-electo-acabara-de-determinar-la-trayectoria-de-la-europa-del-2030\/","og_locale":"es_ES","og_type":"article","og_title":"El Parlamento electo acabar\u00e1 de determinar la trayectoria de la Europa del 2030 - xqthenews","og_description":"La nueva configuraci&oacute;n de la Euroc&aacute;mara tras los comicios genera un panorama incierto ante objetivos vitales como la Agenda 2030. Euroesc&eacute;pticos, negacionistas y reaccionarios solidifican su posici&oacute;n que, aunque no es mayoritaria, es suficiente para generar condicionantes","og_url":"https:\/\/xqthenews.com\/es\/el-parlamento-electo-acabara-de-determinar-la-trayectoria-de-la-europa-del-2030\/","og_site_name":"xqthenews","article_published_time":"2024-06-19T06:10:31+00:00","article_modified_time":"2024-09-11T15:09:51+00:00","og_image":[{"width":1152,"height":520,"url":"https:\/\/xqthenews.com\/wp-content\/uploads\/2024\/06\/9J.jpg","type":"image\/jpeg"}],"author":"Laura Casamitjana","twitter_card":"summary_large_image","twitter_creator":"@Casamitjana","twitter_misc":{"Escrito por":"Laura Casamitjana","Tiempo de lectura":"4 minutos","Written by":"Laura Casamitjana"},"schema":{"@context":"https:\/\/schema.org","@graph":[{"@type":"Article","@id":"https:\/\/xqthenews.com\/es\/el-parlamento-electo-acabara-de-determinar-la-trayectoria-de-la-europa-del-2030\/#article","isPartOf":{"@id":"https:\/\/xqthenews.com\/es\/el-parlamento-electo-acabara-de-determinar-la-trayectoria-de-la-europa-del-2030\/"},"author":{"name":"Laura Casamitjana","@id":"https:\/\/xqthenews.com\/es\/#\/schema\/person\/7c019326fd251f5591a24de1868c7feb"},"headline":"El Parlamento electo acabar\u00e1 de determinar la trayectoria de la Europa del 2030","datePublished":"2024-06-19T06:10:31+00:00","dateModified":"2024-09-11T15:09:51+00:00","mainEntityOfPage":{"@id":"https:\/\/xqthenews.com\/es\/el-parlamento-electo-acabara-de-determinar-la-trayectoria-de-la-europa-del-2030\/"},"wordCount":877,"commentCount":0,"image":{"@id":"https:\/\/xqthenews.com\/es\/el-parlamento-electo-acabara-de-determinar-la-trayectoria-de-la-europa-del-2030\/#primaryimage"},"thumbnailUrl":"https:\/\/xqthenews.com\/wp-content\/uploads\/2024\/06\/9J.jpg","keywords":["Elections","Europe","Europeanparlamient"],"articleSection":["Pol\u00edtica"],"inLanguage":"es","potentialAction":[{"@type":"CommentAction","name":"Comment","target":["https:\/\/xqthenews.com\/es\/el-parlamento-electo-acabara-de-determinar-la-trayectoria-de-la-europa-del-2030\/#respond"]}]},{"@type":"WebPage","@id":"https:\/\/xqthenews.com\/es\/el-parlamento-electo-acabara-de-determinar-la-trayectoria-de-la-europa-del-2030\/","url":"https:\/\/xqthenews.com\/es\/el-parlamento-electo-acabara-de-determinar-la-trayectoria-de-la-europa-del-2030\/","name":"El Parlamento electo acabar\u00e1 de determinar la trayectoria de la Europa del 2030 - xqthenews","isPartOf":{"@id":"https:\/\/xqthenews.com\/es\/#website"},"primaryImageOfPage":{"@id":"https:\/\/xqthenews.com\/es\/el-parlamento-electo-acabara-de-determinar-la-trayectoria-de-la-europa-del-2030\/#primaryimage"},"image":{"@id":"https:\/\/xqthenews.com\/es\/el-parlamento-electo-acabara-de-determinar-la-trayectoria-de-la-europa-del-2030\/#primaryimage"},"thumbnailUrl":"https:\/\/xqthenews.com\/wp-content\/uploads\/2024\/06\/9J.jpg","datePublished":"2024-06-19T06:10:31+00:00","dateModified":"2024-09-11T15:09:51+00:00","author":{"@id":"https:\/\/xqthenews.com\/es\/#\/schema\/person\/7c019326fd251f5591a24de1868c7feb"},"breadcrumb":{"@id":"https:\/\/xqthenews.com\/es\/el-parlamento-electo-acabara-de-determinar-la-trayectoria-de-la-europa-del-2030\/#breadcrumb"},"inLanguage":"es","potentialAction":[{"@type":"ReadAction","target":["https:\/\/xqthenews.com\/es\/el-parlamento-electo-acabara-de-determinar-la-trayectoria-de-la-europa-del-2030\/"]}]},{"@type":"ImageObject","inLanguage":"es","@id":"https:\/\/xqthenews.com\/es\/el-parlamento-electo-acabara-de-determinar-la-trayectoria-de-la-europa-del-2030\/#primaryimage","url":"https:\/\/xqthenews.com\/wp-content\/uploads\/2024\/06\/9J.jpg","contentUrl":"https:\/\/xqthenews.com\/wp-content\/uploads\/2024\/06\/9J.jpg","width":1152,"height":520},{"@type":"BreadcrumbList","@id":"https:\/\/xqthenews.com\/es\/el-parlamento-electo-acabara-de-determinar-la-trayectoria-de-la-europa-del-2030\/#breadcrumb","itemListElement":[{"@type":"ListItem","position":1,"name":"Portada","item":"https:\/\/xqthenews.com\/es\/"},{"@type":"ListItem","position":2,"name":"El Parlamento electo acabar\u00e1 de determinar la trayectoria de la Europa del 2030"}]},{"@type":"WebSite","@id":"https:\/\/xqthenews.com\/es\/#website","url":"https:\/\/xqthenews.com\/es\/","name":"xqthenews","description":"El porqu\u00e9 de las noticias","potentialAction":[{"@type":"SearchAction","target":{"@type":"EntryPoint","urlTemplate":"https:\/\/xqthenews.com\/es\/?s={search_term_string}"},"query-input":{"@type":"PropertyValueSpecification","valueRequired":true,"valueName":"search_term_string"}}],"inLanguage":"es"},{"@type":"Person","@id":"https:\/\/xqthenews.com\/es\/#\/schema\/person\/7c019326fd251f5591a24de1868c7feb","name":"Laura Casamitjana","image":{"@type":"ImageObject","inLanguage":"es","@id":"https:\/\/xqthenews.com\/wp-content\/uploads\/2024\/09\/laura-casamitjana_avatar_1-96x96.jpg2771612100b03aa6d85fa2461866085b","url":"https:\/\/xqthenews.com\/wp-content\/uploads\/2024\/09\/laura-casamitjana_avatar_1-96x96.jpg","contentUrl":"https:\/\/xqthenews.com\/wp-content\/uploads\/2024\/09\/laura-casamitjana_avatar_1-96x96.jpg","caption":"Laura Casamitjana"},"description":"Periodista. M\u00e1ster en Periodismo Literario, Comunicaci\u00f3n y Humanidades de la Universidad Aut\u00f3noma de Barcelona. Codirectora y coguionista del documental \u201cBerracas. Mujeres supervivientes que construyen la paz en Colombia\u201d. Actualmente redactora del medio Catalunya Plural, de la Fundaci\u00f3 Periodisme Plural, y XQ The News, de colaboraci\u00f3n europea.","sameAs":["https:\/\/x.com\/Casamitjana"],"url":"https:\/\/xqthenews.com\/es\/author\/lcasamitjana\/"}]}},"_links":{"self":[{"href":"https:\/\/xqthenews.com\/es\/wp-json\/wp\/v2\/posts\/23033","targetHints":{"allow":["GET"]}}],"collection":[{"href":"https:\/\/xqthenews.com\/es\/wp-json\/wp\/v2\/posts"}],"about":[{"href":"https:\/\/xqthenews.com\/es\/wp-json\/wp\/v2\/types\/post"}],"author":[{"embeddable":true,"href":"https:\/\/xqthenews.com\/es\/wp-json\/wp\/v2\/users\/26"}],"replies":[{"embeddable":true,"href":"https:\/\/xqthenews.com\/es\/wp-json\/wp\/v2\/comments?post=23033"}],"version-history":[{"count":0,"href":"https:\/\/xqthenews.com\/es\/wp-json\/wp\/v2\/posts\/23033\/revisions"}],"wp:featuredmedia":[{"embeddable":true,"href":"https:\/\/xqthenews.com\/es\/wp-json\/wp\/v2\/media\/23034"}],"wp:attachment":[{"href":"https:\/\/xqthenews.com\/es\/wp-json\/wp\/v2\/media?parent=23033"}],"wp:term":[{"taxonomy":"category","embeddable":true,"href":"https:\/\/xqthenews.com\/es\/wp-json\/wp\/v2\/categories?post=23033"},{"taxonomy":"post_tag","embeddable":true,"href":"https:\/\/xqthenews.com\/es\/wp-json\/wp\/v2\/tags?post=23033"},{"taxonomy":"author","embeddable":true,"href":"https:\/\/xqthenews.com\/es\/wp-json\/wp\/v2\/coauthors?post=23033"}],"curies":[{"name":"wp","href":"https:\/\/api.w.org\/{rel}","templated":true}]}}