{"id":19929,"date":"2024-03-20T08:02:33","date_gmt":"2024-03-20T07:02:33","guid":{"rendered":"https:\/\/sad-borg.82-223-8-23.plesk.page\/?p=19929"},"modified":"2024-09-10T23:00:06","modified_gmt":"2024-09-10T22:00:06","slug":"la-extrema-derecha-toma-fuerza-a-tres-meses-de-las-elecciones-europeas","status":"publish","type":"post","link":"https:\/\/xqthenews.com\/es\/la-extrema-derecha-toma-fuerza-a-tres-meses-de-las-elecciones-europeas\/","title":{"rendered":"La extrema derecha toma fuerza a tres meses de las elecciones europeas"},"content":{"rendered":"<p>El viraje hacia la derecha que ha tomado Portugal en los comicios del pasado 10 de marzo deja un hecho de especial relevancia: Chega, formaci&oacute;n de extrema derecha, pr&aacute;cticamente triplica sus votos y consigue ubicarse como tercera fuerza. Este fen&oacute;meno se produce entre el espejismo de los resultados electorales en Pa&iacute;ses Bajos hace apenas unos meses, donde el ultraderechista Gert Wildeers, l&iacute;der del Partido de la Libertad (PVV), se llevaba 35 de los 150 esca&ntilde;os, o bien el gobierno Meloni en Italia como referente de extrema derecha que obtiene el poder gubernamental. El auge de la extrema derecha en diversos pa&iacute;ses europeos asoma como auguro ante la llegada de las previsiones para las pr&oacute;ximas elecciones del Parlamento Europeo en junio del 2024.<\/p>\n\n\n\n<h2 class=\"wp-block-heading\"><strong>Las &uacute;ltimas encuestas apuntan para la derecha<\/strong><\/h2>\n\n\n\n<p>A principios de marzo se celebr&oacute; el congreso del Partido Popular Europeo (PPE) en Bucarest, d&oacute;nde la actual presidenta de la <a class=\"glossaryLink\" aria-describedby=\"tt\" data-cmtooltip=\"&lt;div class=glossaryItemTitle&gt;Comisi&oacute;n Europea&lt;\/div&gt;&lt;div class=glossaryItemBody&gt;&amp;lt;!-- wp:paragraph --&amp;gt;La Comisi&oacute;n Europea es el &oacute;rgano ejecutivo de la Uni&oacute;n Europea, responsable de proponer legislaci&oacute;n y gestionar pol&iacute;ticas en nombre de la UE.&amp;lt;br\/&amp;gt;&amp;lt;!-- \/wp:paragraph --&amp;gt;&lt;\/div&gt;&lt;div id=&amp;quot;cmtt_related_articles&amp;quot; class=&amp;quot;cmtt_related_articles_wrapper&amp;quot;&gt;&lt;div class=&amp;quot;cmtt_related_title cmtt_related_articles_title&amp;quot;&gt;Related Articles: &lt;\/div&gt;&lt;ul class=&amp;quot;cmtt_related&amp;quot;&gt;&lt;li class=&amp;quot;cmtt_related_item&amp;quot;&gt;&lt;a href=&amp;quot;https:\/\/xqthenews.com\/es\/luchar-contra-el-cambio-climatico-tambien-es-combatir-la-desinformacion\/&amp;quot;target=&amp;quot;_blank&amp;quot;&gt;Luchar contra el cambio clim&aacute;tico tambi&eacute;n es combatir la desinformaci&oacute;n&lt;\/a&gt;&lt;\/li&gt;&lt;li class=&amp;quot;cmtt_related_item&amp;quot;&gt;&lt;a href=&amp;quot;https:\/\/xqthenews.com\/es\/metaverso-que-retos-sociales-nos-esperan\/&amp;quot;target=&amp;quot;_blank&amp;quot;&gt;Metaverso, qu&eacute; retos sociales nos esperan&lt;\/a&gt;&lt;\/li&gt;&lt;li class=&amp;quot;cmtt_related_item&amp;quot;&gt;&lt;a href=&amp;quot;https:\/\/xqthenews.com\/es\/viola-la-inteligencia-artificial-los-derechos-humanos\/&amp;quot;target=&amp;quot;_blank&amp;quot;&gt;&iquest;Viola la inteligencia artificial los derechos humanos?&lt;\/a&gt;&lt;\/li&gt;&lt;li class=&amp;quot;cmtt_related_item&amp;quot;&gt;&lt;a href=&amp;quot;https:\/\/xqthenews.com\/es\/movimientos-juveniles-en-europa-en-busca-de-respuestas-a-la-crisis-climatica\/&amp;quot;target=&amp;quot;_blank&amp;quot;&gt;Movimientos juveniles en Europa en busca de respuestas a la crisis clim&aacute;tica&lt;\/a&gt;&lt;\/li&gt;&lt;li class=&amp;quot;cmtt_related_item&amp;quot;&gt;&lt;a href=&amp;quot;https:\/\/xqthenews.com\/es\/tu-fiambrera-de-plastico-contamina-el-planeta-y-tu-sistema-endocrino\/&amp;quot;target=&amp;quot;_blank&amp;quot;&gt;Tu fiambrera de pl&aacute;stico contamina el planeta y tu sistema endocrino&lt;\/a&gt;&lt;\/li&gt;&lt;\/ul&gt;&lt;\/div&gt;\" href=\"https:\/\/xqthenews.com\/es\/glossary\/comision-europea\/\" data-gt-translate-attributes='[{\"attribute\":\"data-cmtooltip\", \"format\":\"html\"}]' tabindex=\"0\" role=\"link\">Comisi&oacute;n Europea<\/a>, <a class=\"glossaryLink\" aria-describedby=\"tt\" data-cmtooltip=\"&lt;div class=glossaryItemTitle&gt;Ursula Von Der Leyen&lt;\/div&gt;&lt;div class=glossaryItemBody&gt;&amp;lt;!-- wp:paragraph --&amp;gt;Ursula Gertrud Albrecht (Von der Leyen es el apellido de su marido) es una pol&iacute;tica alemana de la CDU (partido de centro-derecha de inspiraci&oacute;n cristiana), desde el 1 de diciembre de 2019 presidenta de la Comisi&oacute;n Europea y reelegida para un segundo mandato, hasta el 31 de octubre de 2029. Es licenciada en Medicina y Cirug&iacute;a, madre de siete hijos y luterana observante.&amp;lt;br\/&amp;gt;&amp;lt;!-- \/wp:paragraph --&amp;gt;&lt;\/div&gt;&lt;div id=&amp;quot;cmtt_related_articles&amp;quot; class=&amp;quot;cmtt_related_articles_wrapper&amp;quot;&gt;&lt;div class=&amp;quot;cmtt_related_title cmtt_related_articles_title&amp;quot;&gt;Related Articles: &lt;\/div&gt;&lt;ul class=&amp;quot;cmtt_related&amp;quot;&gt;&lt;li class=&amp;quot;cmtt_related_item&amp;quot;&gt;&lt;a href=&amp;quot;https:\/\/xqthenews.com\/es\/sigue-siendo-la-igualdad-una-prioridad-para-la-comision-europea\/&amp;quot;target=&amp;quot;_blank&amp;quot;&gt;&iquest;Sigue siendo la igualdad una prioridad para la Comisi&oacute;n Europea?&lt;\/a&gt;&lt;\/li&gt;&lt;\/ul&gt;&lt;\/div&gt;\" href=\"https:\/\/xqthenews.com\/es\/glossary\/ursula-von-der-leyen\/\" data-gt-translate-attributes='[{\"attribute\":\"data-cmtooltip\", \"format\":\"html\"}]' tabindex=\"0\" role=\"link\">Ursula Von der Leyen<\/a>,<a href=\"https:\/\/euroefe.euractiv.es\/section\/elecciones-europeas\/news\/von-der-leyen-alerta-del-reto-de-los-populismos-y-nacionalismos-para-europa\/\"> habl&oacute; sobre los retos europeos<\/a> ante lo que considera una amenaza: &ldquo;la pac&iacute;fica y unida Europa es desafiada como nunca antes por populistas, nacionalistas y demagogos&rdquo;, se&ntilde;alaba.<\/p>\n\n\n\n<p>La lideresa de los conservadores europeos, que se vuelve a presentar como candidata, apuntaba a este fen&oacute;meno en un contexto convulso a menos de tres meses de los comicios parlamentarios. Y es que las previsiones muestran que no va mal encaminada: seg&uacute;n<a href=\"https:\/\/ecfr.eu\/madrid\/publication\/un-brusco-giro-a-la-derecha-una-prevision-para-las-elecciones-al-parlamento-europeo-de-2024\/\"> el European Council on Foreign Relations<\/a>, es probable que &ldquo;los populistas antieuropeos encabecen las encuestas en nueve pa&iacute;ses miembros (Austria, B&eacute;lgica, Rep&uacute;blica Checa, Francia, Hungr&iacute;a, Italia, Pa&iacute;ses Bajos, Polonia y Eslovaquia)&rdquo;. Con ello, a&ntilde;aden que por primera vez podr&iacute;a alzarse con la mayor&iacute;a &ldquo;una <a class=\"glossaryLink\" aria-describedby=\"tt\" data-cmtooltip=\"&lt;div class=glossaryItemTitle&gt;Coalici&oacute;n&lt;\/div&gt;&lt;div class=glossaryItemBody&gt;&amp;lt;!-- wp:paragraph --&amp;gt;Una coalici&oacute;n es la uni&oacute;n de distintos partidos pol&iacute;ticos para formar un gobierno o alcanzar objetivos comunes mediante acuerdos y colaboraci&oacute;n.&amp;lt;br\/&amp;gt;&amp;lt;!-- \/wp:paragraph --&amp;gt;&lt;\/div&gt;&lt;div id=&amp;quot;cmtt_related_articles&amp;quot; class=&amp;quot;cmtt_related_articles_wrapper&amp;quot;&gt;&lt;div class=&amp;quot;cmtt_related_title cmtt_related_articles_title&amp;quot;&gt;Related Articles: &lt;\/div&gt;&lt;ul class=&amp;quot;cmtt_related&amp;quot;&gt;&lt;li class=&amp;quot;cmtt_related_item&amp;quot;&gt;&lt;a href=&amp;quot;https:\/\/xqthenews.com\/es\/ucrania-la-herida-en-el-corazon-de-europa\/&amp;quot;target=&amp;quot;_blank&amp;quot;&gt;Ucrania, la herida en el coraz&oacute;n de Europa&lt;\/a&gt;&lt;\/li&gt;&lt;li class=&amp;quot;cmtt_related_item&amp;quot;&gt;&lt;a href=&amp;quot;https:\/\/xqthenews.com\/es\/la-destruccion-de-gaza-el-ultimo-capitulo-de-cien-anos-de-odio\/&amp;quot;target=&amp;quot;_blank&amp;quot;&gt;La destrucci&oacute;n de Gaza, el &uacute;ltimo cap&iacute;tulo de cien a&ntilde;os de odio&lt;\/a&gt;&lt;\/li&gt;&lt;li class=&amp;quot;cmtt_related_item&amp;quot;&gt;&lt;a href=&amp;quot;https:\/\/xqthenews.com\/es\/el-auge-global-de-la-extrema-derecha-y-su-presencia-en-europa\/&amp;quot;target=&amp;quot;_blank&amp;quot;&gt;El auge global de la extrema derecha y su presencia en Europa&lt;\/a&gt;&lt;\/li&gt;&lt;li class=&amp;quot;cmtt_related_item&amp;quot;&gt;&lt;a href=&amp;quot;https:\/\/xqthenews.com\/es\/victoria-de-la-derecha-en-portugal-una-tendencia-europea\/&amp;quot;target=&amp;quot;_blank&amp;quot;&gt;Victoria de la derecha en Portugal: &iquest;una tendencia europea?&lt;\/a&gt;&lt;\/li&gt;&lt;li class=&amp;quot;cmtt_related_item&amp;quot;&gt;&lt;a href=&amp;quot;https:\/\/xqthenews.com\/es\/la-extrema-derecha-toma-fuerza-a-tres-meses-de-las-elecciones-europeas\/&amp;quot;target=&amp;quot;_blank&amp;quot;&gt;La extrema derecha toma fuerza a tres meses de las elecciones europeas&lt;\/a&gt;&lt;\/li&gt;&lt;\/ul&gt;&lt;\/div&gt;\" href=\"https:\/\/xqthenews.com\/es\/glossary\/coalicion\/\" data-gt-translate-attributes='[{\"attribute\":\"data-cmtooltip\", \"format\":\"html\"}]' tabindex=\"0\" role=\"link\">coalici&oacute;n<\/a> de derecha <a class=\"glossaryLink\" aria-describedby=\"tt\" data-cmtooltip=\"&lt;div class=glossaryItemTitle&gt;Populista&lt;\/div&gt;&lt;div class=glossaryItemBody&gt;&amp;lt;!-- wp:paragraph --&amp;gt;Pol&iacute;tico que apela a las preocupaciones y deseos del pueblo, a menudo con un enfoque simplista y emocional, para obtener apoyo pol&iacute;tico.&amp;lt;br\/&amp;gt;&amp;lt;!-- \/wp:paragraph --&amp;gt;&lt;\/div&gt;&lt;div id=&amp;quot;cmtt_related_articles&amp;quot; class=&amp;quot;cmtt_related_articles_wrapper&amp;quot;&gt;&lt;div class=&amp;quot;cmtt_related_title cmtt_related_articles_title&amp;quot;&gt;Related Articles: &lt;\/div&gt;&lt;ul class=&amp;quot;cmtt_related&amp;quot;&gt;&lt;li class=&amp;quot;cmtt_related_item&amp;quot;&gt;&lt;a href=&amp;quot;https:\/\/xqthenews.com\/es\/el-auge-global-de-la-extrema-derecha-y-su-presencia-en-europa\/&amp;quot;target=&amp;quot;_blank&amp;quot;&gt;El auge global de la extrema derecha y su presencia en Europa&lt;\/a&gt;&lt;\/li&gt;&lt;li class=&amp;quot;cmtt_related_item&amp;quot;&gt;&lt;a href=&amp;quot;https:\/\/xqthenews.com\/es\/victoria-de-la-derecha-en-portugal-una-tendencia-europea\/&amp;quot;target=&amp;quot;_blank&amp;quot;&gt;Victoria de la derecha en Portugal: &iquest;una tendencia europea?&lt;\/a&gt;&lt;\/li&gt;&lt;li class=&amp;quot;cmtt_related_item&amp;quot;&gt;&lt;a href=&amp;quot;https:\/\/xqthenews.com\/es\/la-extrema-derecha-toma-fuerza-a-tres-meses-de-las-elecciones-europeas\/&amp;quot;target=&amp;quot;_blank&amp;quot;&gt;La extrema derecha toma fuerza a tres meses de las elecciones europeas&lt;\/a&gt;&lt;\/li&gt;&lt;\/ul&gt;&lt;\/div&gt;\" href=\"https:\/\/xqthenews.com\/es\/glossary\/populista\/\" data-gt-translate-attributes='[{\"attribute\":\"data-cmtooltip\", \"format\":\"html\"}]' tabindex=\"0\" role=\"link\">populista<\/a> formada por democratacristianos, conservadores y eurodiputados de la derecha radical&rdquo;.<\/p>\n\n\n\n<p>Las &uacute;ltimas elecciones, celebradas en 2019, dejaban el Partido Popular Europeo ubicado como primera fuerza (178 esca&ntilde;os), seguido del Partido Socialdem&oacute;crata Europeo (SyD), que obtuvo 140. Ese mismo a&ntilde;o se formaba la lista de Identidad y Democracia, que aglutina diversos movimientos de extrema derecha como los liderados por Marine Le Pen (Francia) o el mismo Geert Wilders (Pa&iacute;ses Bajos). La nueva<a href=\"https:\/\/europeelects.eu\/2024\/03\/04\/february-2024\/\"> encuesta de Europe Elects<\/a>, a las puertas de la recta de campa&ntilde;a electoral, marca un aumento de la intenci&oacute;n de voto a los partidos de extrema derecha: &ldquo;El tercer grupo m&aacute;s grande en la proyecci&oacute;n, Identidad y Democracia (ID), tiene 92 esca&ntilde;os este mes, uno m&aacute;s que en el sondeo de enero. El otro partido de derecha, el partido nacional conservador Conservadores y Reformistas Europeos (ECR) &#8213;del que forma parte VOX&#8213;, gana tres esca&ntilde;os y ahora tendr&iacute;a 83&rdquo;.<\/p>\n\n\n\n<p>Teniendo en cuenta que la Euroc&aacute;mara se compone por 705 esca&ntilde;os, si las previsiones se materializan estar&iacute;amos hablando de que las listas de tendencia de ultraderecha supondr&iacute;an casi un 25% de la composici&oacute;n del Parlamento Europeo.<\/p>\n\n\n\n<h2 class=\"wp-block-heading\"><strong>&iquest;C&oacute;mo funciona el Parlamento Europeo?<\/strong><\/h2>\n\n\n\n<p>El Parlamento Europeo tiene la funci&oacute;n legislativa en la UE. Los <a class=\"glossaryLink\" aria-describedby=\"tt\" data-cmtooltip=\"&lt;div class=glossaryItemTitle&gt;Ciudadanos&lt;\/div&gt;&lt;div class=glossaryItemBody&gt;&amp;lt;!-- wp:paragraph --&amp;gt;Un concepto que implica cuestiones relacionadas con los derechos y los deberes, as&iacute; como con las ideas de igualdad, diversidad y justicia social. No s&oacute;lo referido al acto de votar, el concepto de ciudadan&iacute;a incluye todo un conjunto de acciones practicadas por cada persona, con impacto en la vida de la comunidad (local, nacional, regional e internacional), inseparable del espacio p&uacute;blico en el que las personas pueden actuar juntas.&amp;lt;br\/&amp;gt;&amp;lt;!-- \/wp:paragraph --&amp;gt;&amp;lt;!-- wp:paragraph --&amp;gt;(Fuente: CIG &ndash; Comiss&atilde;o para a Cidadania e Igualde de G&eacute;nero)&amp;lt;br\/&amp;gt;&amp;lt;!-- \/wp:paragraph --&amp;gt;&lt;\/div&gt;&lt;div id=&amp;quot;cmtt_related_articles&amp;quot; class=&amp;quot;cmtt_related_articles_wrapper&amp;quot;&gt;&lt;div class=&amp;quot;cmtt_related_title cmtt_related_articles_title&amp;quot;&gt;Related Articles: &lt;\/div&gt;&lt;ul class=&amp;quot;cmtt_related&amp;quot;&gt;&lt;li class=&amp;quot;cmtt_related_item&amp;quot;&gt;&lt;a href=&amp;quot;https:\/\/xqthenews.com\/es\/que-es-el-fascismo\/&amp;quot;target=&amp;quot;_blank&amp;quot;&gt;&iquest;Qu&eacute; es el fascismo?&lt;\/a&gt;&lt;\/li&gt;&lt;li class=&amp;quot;cmtt_related_item&amp;quot;&gt;&lt;a href=&amp;quot;https:\/\/xqthenews.com\/es\/por-que-el-futbol-es-un-fenomeno-global\/&amp;quot;target=&amp;quot;_blank&amp;quot;&gt;&iquest;Por qu&eacute; el f&uacute;tbol es un fen&oacute;meno global?&lt;\/a&gt;&lt;\/li&gt;&lt;li class=&amp;quot;cmtt_related_item&amp;quot;&gt;&lt;a href=&amp;quot;https:\/\/xqthenews.com\/es\/mensaje-en-una-botella-o-los-plasticos-que-nunca-desaparecen\/&amp;quot;target=&amp;quot;_blank&amp;quot;&gt;Mensaje en una botella, o los pl&aacute;sticos que nunca desaparecen&lt;\/a&gt;&lt;\/li&gt;&lt;li class=&amp;quot;cmtt_related_item&amp;quot;&gt;&lt;a href=&amp;quot;https:\/\/xqthenews.com\/es\/apartheid-en-palestina-las-raices-profundas-de-la-guerra\/&amp;quot;target=&amp;quot;_blank&amp;quot;&gt;Apartheid en Palestina, las ra&iacute;ces profundas de la guerra&lt;\/a&gt;&lt;\/li&gt;&lt;li class=&amp;quot;cmtt_related_item&amp;quot;&gt;&lt;a href=&amp;quot;https:\/\/xqthenews.com\/es\/luchar-contra-el-cambio-climatico-tambien-es-combatir-la-desinformacion\/&amp;quot;target=&amp;quot;_blank&amp;quot;&gt;Luchar contra el cambio clim&aacute;tico tambi&eacute;n es combatir la desinformaci&oacute;n&lt;\/a&gt;&lt;\/li&gt;&lt;\/ul&gt;&lt;\/div&gt;\" href=\"https:\/\/xqthenews.com\/es\/glossary\/ciudadania\/\" data-gt-translate-attributes='[{\"attribute\":\"data-cmtooltip\", \"format\":\"html\"}]' tabindex=\"0\" role=\"link\">ciudadanos<\/a> europeos votan y eligen a los representantes cada cinco a&ntilde;os. A partir de las propuestas de la <a class=\"glossaryLink\" aria-describedby=\"tt\" data-cmtooltip=\"&lt;div class=glossaryItemTitle&gt;Comisi&oacute;n Europea&lt;\/div&gt;&lt;div class=glossaryItemBody&gt;&amp;lt;!-- wp:paragraph --&amp;gt;La Comisi&oacute;n Europea es el &oacute;rgano ejecutivo de la Uni&oacute;n Europea, responsable de proponer legislaci&oacute;n y gestionar pol&iacute;ticas en nombre de la UE.&amp;lt;br\/&amp;gt;&amp;lt;!-- \/wp:paragraph --&amp;gt;&lt;\/div&gt;&lt;div id=&amp;quot;cmtt_related_articles&amp;quot; class=&amp;quot;cmtt_related_articles_wrapper&amp;quot;&gt;&lt;div class=&amp;quot;cmtt_related_title cmtt_related_articles_title&amp;quot;&gt;Related Articles: &lt;\/div&gt;&lt;ul class=&amp;quot;cmtt_related&amp;quot;&gt;&lt;li class=&amp;quot;cmtt_related_item&amp;quot;&gt;&lt;a href=&amp;quot;https:\/\/xqthenews.com\/es\/luchar-contra-el-cambio-climatico-tambien-es-combatir-la-desinformacion\/&amp;quot;target=&amp;quot;_blank&amp;quot;&gt;Luchar contra el cambio clim&aacute;tico tambi&eacute;n es combatir la desinformaci&oacute;n&lt;\/a&gt;&lt;\/li&gt;&lt;li class=&amp;quot;cmtt_related_item&amp;quot;&gt;&lt;a href=&amp;quot;https:\/\/xqthenews.com\/es\/metaverso-que-retos-sociales-nos-esperan\/&amp;quot;target=&amp;quot;_blank&amp;quot;&gt;Metaverso, qu&eacute; retos sociales nos esperan&lt;\/a&gt;&lt;\/li&gt;&lt;li class=&amp;quot;cmtt_related_item&amp;quot;&gt;&lt;a href=&amp;quot;https:\/\/xqthenews.com\/es\/viola-la-inteligencia-artificial-los-derechos-humanos\/&amp;quot;target=&amp;quot;_blank&amp;quot;&gt;&iquest;Viola la inteligencia artificial los derechos humanos?&lt;\/a&gt;&lt;\/li&gt;&lt;li class=&amp;quot;cmtt_related_item&amp;quot;&gt;&lt;a href=&amp;quot;https:\/\/xqthenews.com\/es\/movimientos-juveniles-en-europa-en-busca-de-respuestas-a-la-crisis-climatica\/&amp;quot;target=&amp;quot;_blank&amp;quot;&gt;Movimientos juveniles en Europa en busca de respuestas a la crisis clim&aacute;tica&lt;\/a&gt;&lt;\/li&gt;&lt;li class=&amp;quot;cmtt_related_item&amp;quot;&gt;&lt;a href=&amp;quot;https:\/\/xqthenews.com\/es\/tu-fiambrera-de-plastico-contamina-el-planeta-y-tu-sistema-endocrino\/&amp;quot;target=&amp;quot;_blank&amp;quot;&gt;Tu fiambrera de pl&aacute;stico contamina el planeta y tu sistema endocrino&lt;\/a&gt;&lt;\/li&gt;&lt;\/ul&gt;&lt;\/div&gt;\" href=\"https:\/\/xqthenews.com\/es\/glossary\/comision-europea\/\" data-gt-translate-attributes='[{\"attribute\":\"data-cmtooltip\", \"format\":\"html\"}]' tabindex=\"0\" role=\"link\">Comisi&oacute;n Europea<\/a> &#8213;el &oacute;rgano ejecutivo de la UE &#8213;, el Parlamento se encarga de aprobar las propuestas de ley, mantener un control democr&aacute;tico sobre las instituciones europeas o establecer el presupuesto de la UE junto con el Consejo &#8213;adem&aacute;s de aprobar el presupuesto de la UE a largo plazo, es decir, el &ldquo;marco financiero plurianual&rdquo;&#8213;. M&aacute;s all&aacute; del poder legislativo, el Parlamento Europeo tiene la potestad de elegir miembros de la <a class=\"glossaryLink\" aria-describedby=\"tt\" data-cmtooltip=\"&lt;div class=glossaryItemTitle&gt;Comisi&oacute;n Europea&lt;\/div&gt;&lt;div class=glossaryItemBody&gt;&amp;lt;!-- wp:paragraph --&amp;gt;La Comisi&oacute;n Europea es el &oacute;rgano ejecutivo de la Uni&oacute;n Europea, responsable de proponer legislaci&oacute;n y gestionar pol&iacute;ticas en nombre de la UE.&amp;lt;br\/&amp;gt;&amp;lt;!-- \/wp:paragraph --&amp;gt;&lt;\/div&gt;&lt;div id=&amp;quot;cmtt_related_articles&amp;quot; class=&amp;quot;cmtt_related_articles_wrapper&amp;quot;&gt;&lt;div class=&amp;quot;cmtt_related_title cmtt_related_articles_title&amp;quot;&gt;Related Articles: &lt;\/div&gt;&lt;ul class=&amp;quot;cmtt_related&amp;quot;&gt;&lt;li class=&amp;quot;cmtt_related_item&amp;quot;&gt;&lt;a href=&amp;quot;https:\/\/xqthenews.com\/es\/luchar-contra-el-cambio-climatico-tambien-es-combatir-la-desinformacion\/&amp;quot;target=&amp;quot;_blank&amp;quot;&gt;Luchar contra el cambio clim&aacute;tico tambi&eacute;n es combatir la desinformaci&oacute;n&lt;\/a&gt;&lt;\/li&gt;&lt;li class=&amp;quot;cmtt_related_item&amp;quot;&gt;&lt;a href=&amp;quot;https:\/\/xqthenews.com\/es\/metaverso-que-retos-sociales-nos-esperan\/&amp;quot;target=&amp;quot;_blank&amp;quot;&gt;Metaverso, qu&eacute; retos sociales nos esperan&lt;\/a&gt;&lt;\/li&gt;&lt;li class=&amp;quot;cmtt_related_item&amp;quot;&gt;&lt;a href=&amp;quot;https:\/\/xqthenews.com\/es\/viola-la-inteligencia-artificial-los-derechos-humanos\/&amp;quot;target=&amp;quot;_blank&amp;quot;&gt;&iquest;Viola la inteligencia artificial los derechos humanos?&lt;\/a&gt;&lt;\/li&gt;&lt;li class=&amp;quot;cmtt_related_item&amp;quot;&gt;&lt;a href=&amp;quot;https:\/\/xqthenews.com\/es\/movimientos-juveniles-en-europa-en-busca-de-respuestas-a-la-crisis-climatica\/&amp;quot;target=&amp;quot;_blank&amp;quot;&gt;Movimientos juveniles en Europa en busca de respuestas a la crisis clim&aacute;tica&lt;\/a&gt;&lt;\/li&gt;&lt;li class=&amp;quot;cmtt_related_item&amp;quot;&gt;&lt;a href=&amp;quot;https:\/\/xqthenews.com\/es\/tu-fiambrera-de-plastico-contamina-el-planeta-y-tu-sistema-endocrino\/&amp;quot;target=&amp;quot;_blank&amp;quot;&gt;Tu fiambrera de pl&aacute;stico contamina el planeta y tu sistema endocrino&lt;\/a&gt;&lt;\/li&gt;&lt;\/ul&gt;&lt;\/div&gt;\" href=\"https:\/\/xqthenews.com\/es\/glossary\/comision-europea\/\" data-gt-translate-attributes='[{\"attribute\":\"data-cmtooltip\", \"format\":\"html\"}]' tabindex=\"0\" role=\"link\">Comisi&oacute;n Europea<\/a>, entre ellos, la presidenta &#8213;actualmente la miembro de la lista m&aacute;s votada, la conservadora Ursula Von der Leyen&#8213;.<\/p>\n\n\n\n<h2 class=\"wp-block-heading\"><strong>&iquest;C&oacute;mo podr&iacute;a afectar m&aacute;s esca&ntilde;os para la extrema derecha?<\/strong><\/h2>\n\n\n\n<p>La mayor presencia de extrema derecha en el Parlamento podr&iacute;a conllevar la mayor presencia tambi&eacute;n en la Comisi&oacute;n, y todo ello junto, trabas a objetivos comunes con los que la extrema derecha no casa, como podr&iacute;an ser las pol&iacute;ticas feministas o LGBTQIA+.<a href=\"https:\/\/www.oxfamintermon.org\/es\/nota-de-prensa\/progreso-hacia-igualdad-de-genero-amenazado\"> Oxfam Interm&oacute;n en su &uacute;ltimo informe alerta de este hecho<\/a>, sobre los patrones de votaci&oacute;n confirma que:<\/p>\n\n\n\n<blockquote class=\"wp-block-quote is-layout-flow wp-block-quote-is-layout-flow\">\n<p class=\"has-text-align-center has-large-font-size\"><mark style=\"background-color:rgba(0, 0, 0, 0)\" class=\"has-inline-color has-light-green-cyan-color\">&ldquo;Los partidos de extrema derecha son los que, en general, votaron consistentemente en contra de las medidas de igualdad de g&eacute;nero&rdquo;.<\/mark><\/p>\n<\/blockquote>\n\n\n\n<p>Por tanto, mayor capacidad de voto de extrema derecha podr&iacute;a tener una correlaci&oacute;n directa con mayor par&aacute;lisis ante el avance en materias de igualdad y m&aacute;s trabas en las negociaciones &#8213;adem&aacute;s de opacar con su discurso <a class=\"glossaryLink\" aria-describedby=\"tt\" data-cmtooltip=\"&lt;div class=glossaryItemTitle&gt;Reaccionario&lt;\/div&gt;&lt;div class=glossaryItemBody&gt;&amp;lt;!-- wp:paragraph --&amp;gt;El t&eacute;rmino &amp;quot;reaccionario&amp;quot; se refiere a personas o ideolog&iacute;as que se oponen a cambios o reformas sociales, pol&iacute;ticas o econ&oacute;micas, defendiendo un retorno a un estado anterior, a menudo idealizado.&amp;lt;br\/&amp;gt;&amp;lt;!-- \/wp:paragraph --&amp;gt;&lt;\/div&gt;&lt;div id=&amp;quot;cmtt_related_articles&amp;quot; class=&amp;quot;cmtt_related_articles_wrapper&amp;quot;&gt;&lt;div class=&amp;quot;cmtt_related_title cmtt_related_articles_title&amp;quot;&gt;Related Articles: &lt;\/div&gt;&lt;ul class=&amp;quot;cmtt_related&amp;quot;&gt;&lt;li class=&amp;quot;cmtt_related_item&amp;quot;&gt;&lt;a href=&amp;quot;https:\/\/xqthenews.com\/es\/somos-lo-que-votamos\/&amp;quot;target=&amp;quot;_blank&amp;quot;&gt;Somos lo que votamos&lt;\/a&gt;&lt;\/li&gt;&lt;li class=&amp;quot;cmtt_related_item&amp;quot;&gt;&lt;a href=&amp;quot;https:\/\/xqthenews.com\/es\/alemania-en-la-encrucijada-la-extrema-derecha-avanza-y-la-izquierda-busca-su-sitio\/&amp;quot;target=&amp;quot;_blank&amp;quot;&gt;Alemania en la encrucijada: la extrema derecha avanza y la izquierda busca su sitio&lt;\/a&gt;&lt;\/li&gt;&lt;\/ul&gt;&lt;\/div&gt;\" href=\"https:\/\/xqthenews.com\/es\/glossary\/reaccionario\/\" data-gt-translate-attributes='[{\"attribute\":\"data-cmtooltip\", \"format\":\"html\"}]' tabindex=\"0\" role=\"link\">reaccionario<\/a> y obligando al viraje hac&iacute;a la derecha de partidos conservadores&#8213;.<\/p>\n\n\n\n<p>Sobre este hecho Oxfam menciona que esto podr&iacute;a contribuir a presionar a las instituciones de la UE para que sigan los pasos de la &ldquo;reacci&oacute;n antifeminista y anti-LGBTQIA+ y detengan el progreso hacia la igualdad de g&eacute;nero en toda Europa en los pr&oacute;ximos a&ntilde;os&rdquo;. Evelien van Roemburg, directora de la oficina de Oxfam en la UE, recuerda que si bien la <a class=\"glossaryLink\" aria-describedby=\"tt\" data-cmtooltip=\"&lt;div class=glossaryItemTitle&gt;Comisi&oacute;n Europea&lt;\/div&gt;&lt;div class=glossaryItemBody&gt;&amp;lt;!-- wp:paragraph --&amp;gt;La Comisi&oacute;n Europea es el &oacute;rgano ejecutivo de la Uni&oacute;n Europea, responsable de proponer legislaci&oacute;n y gestionar pol&iacute;ticas en nombre de la UE.&amp;lt;br\/&amp;gt;&amp;lt;!-- \/wp:paragraph --&amp;gt;&lt;\/div&gt;&lt;div id=&amp;quot;cmtt_related_articles&amp;quot; class=&amp;quot;cmtt_related_articles_wrapper&amp;quot;&gt;&lt;div class=&amp;quot;cmtt_related_title cmtt_related_articles_title&amp;quot;&gt;Related Articles: &lt;\/div&gt;&lt;ul class=&amp;quot;cmtt_related&amp;quot;&gt;&lt;li class=&amp;quot;cmtt_related_item&amp;quot;&gt;&lt;a href=&amp;quot;https:\/\/xqthenews.com\/es\/luchar-contra-el-cambio-climatico-tambien-es-combatir-la-desinformacion\/&amp;quot;target=&amp;quot;_blank&amp;quot;&gt;Luchar contra el cambio clim&aacute;tico tambi&eacute;n es combatir la desinformaci&oacute;n&lt;\/a&gt;&lt;\/li&gt;&lt;li class=&amp;quot;cmtt_related_item&amp;quot;&gt;&lt;a href=&amp;quot;https:\/\/xqthenews.com\/es\/metaverso-que-retos-sociales-nos-esperan\/&amp;quot;target=&amp;quot;_blank&amp;quot;&gt;Metaverso, qu&eacute; retos sociales nos esperan&lt;\/a&gt;&lt;\/li&gt;&lt;li class=&amp;quot;cmtt_related_item&amp;quot;&gt;&lt;a href=&amp;quot;https:\/\/xqthenews.com\/es\/viola-la-inteligencia-artificial-los-derechos-humanos\/&amp;quot;target=&amp;quot;_blank&amp;quot;&gt;&iquest;Viola la inteligencia artificial los derechos humanos?&lt;\/a&gt;&lt;\/li&gt;&lt;li class=&amp;quot;cmtt_related_item&amp;quot;&gt;&lt;a href=&amp;quot;https:\/\/xqthenews.com\/es\/movimientos-juveniles-en-europa-en-busca-de-respuestas-a-la-crisis-climatica\/&amp;quot;target=&amp;quot;_blank&amp;quot;&gt;Movimientos juveniles en Europa en busca de respuestas a la crisis clim&aacute;tica&lt;\/a&gt;&lt;\/li&gt;&lt;li class=&amp;quot;cmtt_related_item&amp;quot;&gt;&lt;a href=&amp;quot;https:\/\/xqthenews.com\/es\/tu-fiambrera-de-plastico-contamina-el-planeta-y-tu-sistema-endocrino\/&amp;quot;target=&amp;quot;_blank&amp;quot;&gt;Tu fiambrera de pl&aacute;stico contamina el planeta y tu sistema endocrino&lt;\/a&gt;&lt;\/li&gt;&lt;\/ul&gt;&lt;\/div&gt;\" href=\"https:\/\/xqthenews.com\/es\/glossary\/comision-europea\/\" data-gt-translate-attributes='[{\"attribute\":\"data-cmtooltip\", \"format\":\"html\"}]' tabindex=\"0\" role=\"link\">Comisi&oacute;n Europea<\/a> adopt&oacute; su primera &ldquo;Estrategia de Igualdad LGBTQIA+ 2020-2025&rdquo;, algunos estados miembros de la UE como Hungr&iacute;a y Polonia &#8213;precisamente pa&iacute;ses con alta presencia de la extrema derecha&#8213;, no han &ldquo;reconocido ni protegido los derechos de las personas LGBTQIA+&rdquo;.&nbsp; Con la vista en la previsi&oacute;n de las encuestas para el pr&oacute;ximo junio, con el plausible aumento de voto a la extrema derecha, la directora de la oficina de Oxfam en la UE menciona que &ldquo;dado el historial de la extrema derecha, esto es una se&ntilde;al de alerta para la justicia de g&eacute;nero. La ciudadan&iacute;a europea debe votar por los derechos de las mujeres y la igualdad de g&eacute;nero. No podemos dejar que se desvanezcan los logros alcanzados con tanto esfuerzo en materia de igualdad de g&eacute;nero&rdquo;.<\/p>\n","protected":false},"excerpt":{"rendered":"<p>En junio del 2024 se llevar&aacute;n a cabo los comicios del Parlamento Europeo, la &uacute;ltima encuesta de Europe Elects reafirma la tendencia hacia la derecha ultra que se ha ido viendo en las elecciones de diversos pa&iacute;ses europeos.<\/p>\n","protected":false},"author":26,"featured_media":19930,"comment_status":"open","ping_status":"open","sticky":false,"template":"","format":"standard","meta":{"_acf_changed":false,"footnotes":""},"categories":[353,317],"tags":[],"coauthors":[143],"class_list":{"0":"post-19929","1":"post","2":"type-post","3":"status-publish","4":"format-standard","5":"has-post-thumbnail","7":"category-democracia","8":"category-politica"},"acf":[],"yoast_head":"<!-- This site is optimized with the Yoast SEO plugin v27.4 - https:\/\/yoast.com\/product\/yoast-seo-wordpress\/ -->\n<title>La extrema derecha toma fuerza a tres meses de las elecciones europeas - xqthenews<\/title>\n<meta name=\"robots\" content=\"index, follow, max-snippet:-1, max-image-preview:large, max-video-preview:-1\" \/>\n<link rel=\"canonical\" href=\"https:\/\/xqthenews.com\/es\/la-extrema-derecha-toma-fuerza-a-tres-meses-de-las-elecciones-europeas\/\" \/>\n<meta property=\"og:locale\" content=\"es_ES\" \/>\n<meta property=\"og:type\" content=\"article\" \/>\n<meta property=\"og:title\" content=\"La extrema derecha toma fuerza a tres meses de las elecciones europeas - xqthenews\" \/>\n<meta property=\"og:description\" content=\"En junio del 2024 se llevar&aacute;n a cabo los comicios del Parlamento Europeo, la &uacute;ltima encuesta de Europe Elects reafirma la tendencia hacia la derecha ultra que se ha ido viendo en las elecciones de diversos pa&iacute;ses europeos.\" \/>\n<meta property=\"og:url\" content=\"https:\/\/xqthenews.com\/es\/la-extrema-derecha-toma-fuerza-a-tres-meses-de-las-elecciones-europeas\/\" \/>\n<meta property=\"og:site_name\" content=\"xqthenews\" \/>\n<meta property=\"article:published_time\" content=\"2024-03-20T07:02:33+00:00\" \/>\n<meta property=\"article:modified_time\" content=\"2024-09-10T22:00:06+00:00\" \/>\n<meta property=\"og:image\" content=\"https:\/\/xqthenews.com\/wp-content\/uploads\/2024\/03\/IImagen-portada-1-scaled.jpg\" \/>\n\t<meta property=\"og:image:width\" content=\"2560\" \/>\n\t<meta property=\"og:image:height\" content=\"1701\" \/>\n\t<meta property=\"og:image:type\" content=\"image\/jpeg\" \/>\n<meta name=\"author\" content=\"Laura Casamitjana\" \/>\n<meta name=\"twitter:card\" content=\"summary_large_image\" \/>\n<meta name=\"twitter:creator\" content=\"@Casamitjana\" \/>\n<meta name=\"twitter:label1\" content=\"Escrito por\" \/>\n\t<meta name=\"twitter:data1\" content=\"Laura Casamitjana\" \/>\n\t<meta name=\"twitter:label2\" content=\"Tiempo de lectura\" \/>\n\t<meta name=\"twitter:data2\" content=\"5 minutos\" \/>\n\t<meta name=\"twitter:label3\" content=\"Written by\" \/>\n\t<meta name=\"twitter:data3\" content=\"Laura Casamitjana\" \/>\n<script type=\"application\/ld+json\" class=\"yoast-schema-graph\">{\"@context\":\"https:\\\/\\\/schema.org\",\"@graph\":[{\"@type\":\"Article\",\"@id\":\"https:\\\/\\\/xqthenews.com\\\/es\\\/la-extrema-derecha-toma-fuerza-a-tres-meses-de-las-elecciones-europeas\\\/#article\",\"isPartOf\":{\"@id\":\"https:\\\/\\\/xqthenews.com\\\/es\\\/la-extrema-derecha-toma-fuerza-a-tres-meses-de-las-elecciones-europeas\\\/\"},\"author\":{\"name\":\"Laura Casamitjana\",\"@id\":\"https:\\\/\\\/xqthenews.com\\\/es\\\/#\\\/schema\\\/person\\\/7c019326fd251f5591a24de1868c7feb\"},\"headline\":\"La extrema derecha toma fuerza a tres meses de las elecciones europeas\",\"datePublished\":\"2024-03-20T07:02:33+00:00\",\"dateModified\":\"2024-09-10T22:00:06+00:00\",\"mainEntityOfPage\":{\"@id\":\"https:\\\/\\\/xqthenews.com\\\/es\\\/la-extrema-derecha-toma-fuerza-a-tres-meses-de-las-elecciones-europeas\\\/\"},\"wordCount\":990,\"commentCount\":0,\"image\":{\"@id\":\"https:\\\/\\\/xqthenews.com\\\/es\\\/la-extrema-derecha-toma-fuerza-a-tres-meses-de-las-elecciones-europeas\\\/#primaryimage\"},\"thumbnailUrl\":\"https:\\\/\\\/xqthenews.com\\\/wp-content\\\/uploads\\\/2024\\\/03\\\/IImagen-portada-1-scaled.jpg\",\"articleSection\":[\"Democracia\",\"Pol\u00edtica\"],\"inLanguage\":\"es\",\"potentialAction\":[{\"@type\":\"CommentAction\",\"name\":\"Comment\",\"target\":[\"https:\\\/\\\/xqthenews.com\\\/es\\\/la-extrema-derecha-toma-fuerza-a-tres-meses-de-las-elecciones-europeas\\\/#respond\"]}]},{\"@type\":\"WebPage\",\"@id\":\"https:\\\/\\\/xqthenews.com\\\/es\\\/la-extrema-derecha-toma-fuerza-a-tres-meses-de-las-elecciones-europeas\\\/\",\"url\":\"https:\\\/\\\/xqthenews.com\\\/es\\\/la-extrema-derecha-toma-fuerza-a-tres-meses-de-las-elecciones-europeas\\\/\",\"name\":\"La extrema derecha toma fuerza a tres meses de las elecciones europeas - xqthenews\",\"isPartOf\":{\"@id\":\"https:\\\/\\\/xqthenews.com\\\/es\\\/#website\"},\"primaryImageOfPage\":{\"@id\":\"https:\\\/\\\/xqthenews.com\\\/es\\\/la-extrema-derecha-toma-fuerza-a-tres-meses-de-las-elecciones-europeas\\\/#primaryimage\"},\"image\":{\"@id\":\"https:\\\/\\\/xqthenews.com\\\/es\\\/la-extrema-derecha-toma-fuerza-a-tres-meses-de-las-elecciones-europeas\\\/#primaryimage\"},\"thumbnailUrl\":\"https:\\\/\\\/xqthenews.com\\\/wp-content\\\/uploads\\\/2024\\\/03\\\/IImagen-portada-1-scaled.jpg\",\"datePublished\":\"2024-03-20T07:02:33+00:00\",\"dateModified\":\"2024-09-10T22:00:06+00:00\",\"author\":{\"@id\":\"https:\\\/\\\/xqthenews.com\\\/es\\\/#\\\/schema\\\/person\\\/7c019326fd251f5591a24de1868c7feb\"},\"breadcrumb\":{\"@id\":\"https:\\\/\\\/xqthenews.com\\\/es\\\/la-extrema-derecha-toma-fuerza-a-tres-meses-de-las-elecciones-europeas\\\/#breadcrumb\"},\"inLanguage\":\"es\",\"potentialAction\":[{\"@type\":\"ReadAction\",\"target\":[\"https:\\\/\\\/xqthenews.com\\\/es\\\/la-extrema-derecha-toma-fuerza-a-tres-meses-de-las-elecciones-europeas\\\/\"]}]},{\"@type\":\"ImageObject\",\"inLanguage\":\"es\",\"@id\":\"https:\\\/\\\/xqthenews.com\\\/es\\\/la-extrema-derecha-toma-fuerza-a-tres-meses-de-las-elecciones-europeas\\\/#primaryimage\",\"url\":\"https:\\\/\\\/xqthenews.com\\\/wp-content\\\/uploads\\\/2024\\\/03\\\/IImagen-portada-1-scaled.jpg\",\"contentUrl\":\"https:\\\/\\\/xqthenews.com\\\/wp-content\\\/uploads\\\/2024\\\/03\\\/IImagen-portada-1-scaled.jpg\",\"width\":2560,\"height\":1701},{\"@type\":\"BreadcrumbList\",\"@id\":\"https:\\\/\\\/xqthenews.com\\\/es\\\/la-extrema-derecha-toma-fuerza-a-tres-meses-de-las-elecciones-europeas\\\/#breadcrumb\",\"itemListElement\":[{\"@type\":\"ListItem\",\"position\":1,\"name\":\"Portada\",\"item\":\"https:\\\/\\\/xqthenews.com\\\/es\\\/\"},{\"@type\":\"ListItem\",\"position\":2,\"name\":\"La extrema derecha toma fuerza a tres meses de las elecciones europeas\"}]},{\"@type\":\"WebSite\",\"@id\":\"https:\\\/\\\/xqthenews.com\\\/es\\\/#website\",\"url\":\"https:\\\/\\\/xqthenews.com\\\/es\\\/\",\"name\":\"xqthenews\",\"description\":\"El porqu\u00e9 de las noticias\",\"potentialAction\":[{\"@type\":\"SearchAction\",\"target\":{\"@type\":\"EntryPoint\",\"urlTemplate\":\"https:\\\/\\\/xqthenews.com\\\/es\\\/?s={search_term_string}\"},\"query-input\":{\"@type\":\"PropertyValueSpecification\",\"valueRequired\":true,\"valueName\":\"search_term_string\"}}],\"inLanguage\":\"es\"},{\"@type\":\"Person\",\"@id\":\"https:\\\/\\\/xqthenews.com\\\/es\\\/#\\\/schema\\\/person\\\/7c019326fd251f5591a24de1868c7feb\",\"name\":\"Laura Casamitjana\",\"image\":{\"@type\":\"ImageObject\",\"inLanguage\":\"es\",\"@id\":\"https:\\\/\\\/xqthenews.com\\\/wp-content\\\/uploads\\\/2024\\\/09\\\/laura-casamitjana_avatar_1-96x96.jpg2771612100b03aa6d85fa2461866085b\",\"url\":\"https:\\\/\\\/xqthenews.com\\\/wp-content\\\/uploads\\\/2024\\\/09\\\/laura-casamitjana_avatar_1-96x96.jpg\",\"contentUrl\":\"https:\\\/\\\/xqthenews.com\\\/wp-content\\\/uploads\\\/2024\\\/09\\\/laura-casamitjana_avatar_1-96x96.jpg\",\"caption\":\"Laura Casamitjana\"},\"description\":\"Periodista. M\u00e1ster en Periodismo Literario, Comunicaci\u00f3n y Humanidades de la Universidad Aut\u00f3noma de Barcelona. Codirectora y coguionista del documental \u201cBerracas. Mujeres supervivientes que construyen la paz en Colombia\u201d. Actualmente redactora del medio Catalunya Plural, de la Fundaci\u00f3 Periodisme Plural, y XQ The News, de colaboraci\u00f3n europea.\",\"sameAs\":[\"https:\\\/\\\/x.com\\\/Casamitjana\"],\"url\":\"https:\\\/\\\/xqthenews.com\\\/es\\\/author\\\/lcasamitjana\\\/\"}]}<\/script>\n<!-- \/ Yoast SEO plugin. -->","yoast_head_json":{"title":"La extrema derecha toma fuerza a tres meses de las elecciones europeas - xqthenews","robots":{"index":"index","follow":"follow","max-snippet":"max-snippet:-1","max-image-preview":"max-image-preview:large","max-video-preview":"max-video-preview:-1"},"canonical":"https:\/\/xqthenews.com\/es\/la-extrema-derecha-toma-fuerza-a-tres-meses-de-las-elecciones-europeas\/","og_locale":"es_ES","og_type":"article","og_title":"La extrema derecha toma fuerza a tres meses de las elecciones europeas - xqthenews","og_description":"En junio del 2024 se llevar&aacute;n a cabo los comicios del Parlamento Europeo, la &uacute;ltima encuesta de Europe Elects reafirma la tendencia hacia la derecha ultra que se ha ido viendo en las elecciones de diversos pa&iacute;ses europeos.","og_url":"https:\/\/xqthenews.com\/es\/la-extrema-derecha-toma-fuerza-a-tres-meses-de-las-elecciones-europeas\/","og_site_name":"xqthenews","article_published_time":"2024-03-20T07:02:33+00:00","article_modified_time":"2024-09-10T22:00:06+00:00","og_image":[{"width":2560,"height":1701,"url":"https:\/\/xqthenews.com\/wp-content\/uploads\/2024\/03\/IImagen-portada-1-scaled.jpg","type":"image\/jpeg"}],"author":"Laura Casamitjana","twitter_card":"summary_large_image","twitter_creator":"@Casamitjana","twitter_misc":{"Escrito por":"Laura Casamitjana","Tiempo de lectura":"5 minutos","Written by":"Laura Casamitjana"},"schema":{"@context":"https:\/\/schema.org","@graph":[{"@type":"Article","@id":"https:\/\/xqthenews.com\/es\/la-extrema-derecha-toma-fuerza-a-tres-meses-de-las-elecciones-europeas\/#article","isPartOf":{"@id":"https:\/\/xqthenews.com\/es\/la-extrema-derecha-toma-fuerza-a-tres-meses-de-las-elecciones-europeas\/"},"author":{"name":"Laura Casamitjana","@id":"https:\/\/xqthenews.com\/es\/#\/schema\/person\/7c019326fd251f5591a24de1868c7feb"},"headline":"La extrema derecha toma fuerza a tres meses de las elecciones europeas","datePublished":"2024-03-20T07:02:33+00:00","dateModified":"2024-09-10T22:00:06+00:00","mainEntityOfPage":{"@id":"https:\/\/xqthenews.com\/es\/la-extrema-derecha-toma-fuerza-a-tres-meses-de-las-elecciones-europeas\/"},"wordCount":990,"commentCount":0,"image":{"@id":"https:\/\/xqthenews.com\/es\/la-extrema-derecha-toma-fuerza-a-tres-meses-de-las-elecciones-europeas\/#primaryimage"},"thumbnailUrl":"https:\/\/xqthenews.com\/wp-content\/uploads\/2024\/03\/IImagen-portada-1-scaled.jpg","articleSection":["Democracia","Pol\u00edtica"],"inLanguage":"es","potentialAction":[{"@type":"CommentAction","name":"Comment","target":["https:\/\/xqthenews.com\/es\/la-extrema-derecha-toma-fuerza-a-tres-meses-de-las-elecciones-europeas\/#respond"]}]},{"@type":"WebPage","@id":"https:\/\/xqthenews.com\/es\/la-extrema-derecha-toma-fuerza-a-tres-meses-de-las-elecciones-europeas\/","url":"https:\/\/xqthenews.com\/es\/la-extrema-derecha-toma-fuerza-a-tres-meses-de-las-elecciones-europeas\/","name":"La extrema derecha toma fuerza a tres meses de las elecciones europeas - xqthenews","isPartOf":{"@id":"https:\/\/xqthenews.com\/es\/#website"},"primaryImageOfPage":{"@id":"https:\/\/xqthenews.com\/es\/la-extrema-derecha-toma-fuerza-a-tres-meses-de-las-elecciones-europeas\/#primaryimage"},"image":{"@id":"https:\/\/xqthenews.com\/es\/la-extrema-derecha-toma-fuerza-a-tres-meses-de-las-elecciones-europeas\/#primaryimage"},"thumbnailUrl":"https:\/\/xqthenews.com\/wp-content\/uploads\/2024\/03\/IImagen-portada-1-scaled.jpg","datePublished":"2024-03-20T07:02:33+00:00","dateModified":"2024-09-10T22:00:06+00:00","author":{"@id":"https:\/\/xqthenews.com\/es\/#\/schema\/person\/7c019326fd251f5591a24de1868c7feb"},"breadcrumb":{"@id":"https:\/\/xqthenews.com\/es\/la-extrema-derecha-toma-fuerza-a-tres-meses-de-las-elecciones-europeas\/#breadcrumb"},"inLanguage":"es","potentialAction":[{"@type":"ReadAction","target":["https:\/\/xqthenews.com\/es\/la-extrema-derecha-toma-fuerza-a-tres-meses-de-las-elecciones-europeas\/"]}]},{"@type":"ImageObject","inLanguage":"es","@id":"https:\/\/xqthenews.com\/es\/la-extrema-derecha-toma-fuerza-a-tres-meses-de-las-elecciones-europeas\/#primaryimage","url":"https:\/\/xqthenews.com\/wp-content\/uploads\/2024\/03\/IImagen-portada-1-scaled.jpg","contentUrl":"https:\/\/xqthenews.com\/wp-content\/uploads\/2024\/03\/IImagen-portada-1-scaled.jpg","width":2560,"height":1701},{"@type":"BreadcrumbList","@id":"https:\/\/xqthenews.com\/es\/la-extrema-derecha-toma-fuerza-a-tres-meses-de-las-elecciones-europeas\/#breadcrumb","itemListElement":[{"@type":"ListItem","position":1,"name":"Portada","item":"https:\/\/xqthenews.com\/es\/"},{"@type":"ListItem","position":2,"name":"La extrema derecha toma fuerza a tres meses de las elecciones europeas"}]},{"@type":"WebSite","@id":"https:\/\/xqthenews.com\/es\/#website","url":"https:\/\/xqthenews.com\/es\/","name":"xqthenews","description":"El porqu\u00e9 de las noticias","potentialAction":[{"@type":"SearchAction","target":{"@type":"EntryPoint","urlTemplate":"https:\/\/xqthenews.com\/es\/?s={search_term_string}"},"query-input":{"@type":"PropertyValueSpecification","valueRequired":true,"valueName":"search_term_string"}}],"inLanguage":"es"},{"@type":"Person","@id":"https:\/\/xqthenews.com\/es\/#\/schema\/person\/7c019326fd251f5591a24de1868c7feb","name":"Laura Casamitjana","image":{"@type":"ImageObject","inLanguage":"es","@id":"https:\/\/xqthenews.com\/wp-content\/uploads\/2024\/09\/laura-casamitjana_avatar_1-96x96.jpg2771612100b03aa6d85fa2461866085b","url":"https:\/\/xqthenews.com\/wp-content\/uploads\/2024\/09\/laura-casamitjana_avatar_1-96x96.jpg","contentUrl":"https:\/\/xqthenews.com\/wp-content\/uploads\/2024\/09\/laura-casamitjana_avatar_1-96x96.jpg","caption":"Laura Casamitjana"},"description":"Periodista. M\u00e1ster en Periodismo Literario, Comunicaci\u00f3n y Humanidades de la Universidad Aut\u00f3noma de Barcelona. Codirectora y coguionista del documental \u201cBerracas. Mujeres supervivientes que construyen la paz en Colombia\u201d. Actualmente redactora del medio Catalunya Plural, de la Fundaci\u00f3 Periodisme Plural, y XQ The News, de colaboraci\u00f3n europea.","sameAs":["https:\/\/x.com\/Casamitjana"],"url":"https:\/\/xqthenews.com\/es\/author\/lcasamitjana\/"}]}},"_links":{"self":[{"href":"https:\/\/xqthenews.com\/es\/wp-json\/wp\/v2\/posts\/19929","targetHints":{"allow":["GET"]}}],"collection":[{"href":"https:\/\/xqthenews.com\/es\/wp-json\/wp\/v2\/posts"}],"about":[{"href":"https:\/\/xqthenews.com\/es\/wp-json\/wp\/v2\/types\/post"}],"author":[{"embeddable":true,"href":"https:\/\/xqthenews.com\/es\/wp-json\/wp\/v2\/users\/26"}],"replies":[{"embeddable":true,"href":"https:\/\/xqthenews.com\/es\/wp-json\/wp\/v2\/comments?post=19929"}],"version-history":[{"count":0,"href":"https:\/\/xqthenews.com\/es\/wp-json\/wp\/v2\/posts\/19929\/revisions"}],"wp:featuredmedia":[{"embeddable":true,"href":"https:\/\/xqthenews.com\/es\/wp-json\/wp\/v2\/media\/19930"}],"wp:attachment":[{"href":"https:\/\/xqthenews.com\/es\/wp-json\/wp\/v2\/media?parent=19929"}],"wp:term":[{"taxonomy":"category","embeddable":true,"href":"https:\/\/xqthenews.com\/es\/wp-json\/wp\/v2\/categories?post=19929"},{"taxonomy":"post_tag","embeddable":true,"href":"https:\/\/xqthenews.com\/es\/wp-json\/wp\/v2\/tags?post=19929"},{"taxonomy":"author","embeddable":true,"href":"https:\/\/xqthenews.com\/es\/wp-json\/wp\/v2\/coauthors?post=19929"}],"curies":[{"name":"wp","href":"https:\/\/api.w.org\/{rel}","templated":true}]}}