{"id":18050,"date":"2024-02-14T08:00:06","date_gmt":"2024-02-14T07:00:06","guid":{"rendered":"https:\/\/sad-borg.82-223-8-23.plesk.page\/?p=18050"},"modified":"2024-09-10T22:59:02","modified_gmt":"2024-09-10T21:59:02","slug":"tira-la-copa-las-malas-formas-como-acto-politico","status":"publish","type":"post","link":"https:\/\/xqthenews.com\/es\/tira-la-copa-las-malas-formas-como-acto-politico\/","title":{"rendered":"\u00a1Tira la copa! Las malas formas como acto pol\u00edtico"},"content":{"rendered":"<p>Manuela Trasobares eclips&oacute; la televisi&oacute;n valenciana cuando fue invitada por el programa &ldquo;Calle Vost&eacute;, Parle Vost&eacute;&rdquo; en 1996. Durante su intervenci&oacute;n, que dur&oacute; apenas unos minutos, Trasobares, artista <a class=\"glossaryLink\" aria-describedby=\"tt\" data-cmtooltip=\"&lt;div class=glossaryItemTitle&gt;Polifac&eacute;tica&lt;\/div&gt;&lt;div class=glossaryItemBody&gt;&amp;lt;!-- wp:paragraph --&amp;gt;Polifac&eacute;tica significa que tiene m&uacute;ltiples facetas o aspectos distintos, abarcando diversos &aacute;mbitos o dimensiones.&amp;lt;br\/&amp;gt;&amp;lt;!-- \/wp:paragraph --&amp;gt;&lt;\/div&gt;&lt;div id=&amp;quot;cmtt_related_articles&amp;quot; class=&amp;quot;cmtt_related_articles_wrapper&amp;quot;&gt;&lt;div class=&amp;quot;cmtt_related_title cmtt_related_articles_title&amp;quot;&gt;Related Articles: &lt;\/div&gt;&lt;ul class=&amp;quot;cmtt_related&amp;quot;&gt;&lt;li class=&amp;quot;cmtt_related_item&amp;quot;&gt;&lt;a href=&amp;quot;https:\/\/xqthenews.com\/es\/tira-la-copa-las-malas-formas-como-acto-politico\/&amp;quot;target=&amp;quot;_blank&amp;quot;&gt;&iexcl;Tira la copa! Las malas formas como acto pol&iacute;tico&lt;\/a&gt;&lt;\/li&gt;&lt;\/ul&gt;&lt;\/div&gt;\" href=\"https:\/\/xqthenews.com\/es\/glossary\/polifacetica\/\" data-gt-translate-attributes='[{\"attribute\":\"data-cmtooltip\", \"format\":\"html\"}]' tabindex=\"0\" role=\"link\">polifac&eacute;tica<\/a> e icono queer &#8213;que posteriormente se convertir&iacute;a en la primera concejala trans de Espa&ntilde;a&#8213;, desafi&oacute; las convenciones establecidas con su argumentario desquiciado. &ldquo;&iquest;De qu&eacute; me tengo que disfrazar ahora? &iquest;Qu&eacute; no veis que nos tienen marginadas?&rdquo;, exclamaba mientras arrojaba una copa al suelo en un gesto enervado que pasar&iacute;a a la posteridad. Ahora, este gesto ha sido reinterpretado por Nebulossa en el videoclip de &laquo;Zorra&raquo;, la canci&oacute;n seleccionada para representar a Espa&ntilde;a en el pr&oacute;ximo Festival de la Canci&oacute;n de Eurovisi&oacute;n que se celebrar&aacute; en Malm&ouml; (Suecia) en mayo.<\/p>\n\n\n\n<h2 class=\"wp-block-heading\"><strong>Histeria, locura, y otros m&eacute;todos de control<\/strong><\/h2>\n\n\n\n<p>&ldquo;Tenemos que ser fuertes y nos tenemos que unir todas&rdquo;, dec&iacute;a Trasobares a las personas trans que formaban parte de la grader&iacute;a del p&uacute;blico. &ldquo;&iexcl;Tira la copa!&rdquo;, alentaba la artista a otra tertuliana del programa que se uni&oacute; a la catarsis explosiva. Tras la intervenci&oacute;n, el plat&oacute; entr&oacute; en una especie de delirio colectivo. &ldquo;Nadie estaba mostrando ning&uacute;n tipo de comportamiento loco hasta que esa se&ntilde;ora se ha puesto loca&rdquo;, apunta uno de los colaboradores, psic&oacute;logo cl&iacute;nico, &ldquo;se ha salido de sus casillas [&hellip;] es un ejemplo de trastorno <a class=\"glossaryLink\" aria-describedby=\"tt\" data-cmtooltip=\"&lt;div class=glossaryItemTitle&gt;Histri&oacute;nico&lt;\/div&gt;&lt;div class=glossaryItemBody&gt;&amp;lt;!-- wp:paragraph --&amp;gt;Relativo al trastorno histri&oacute;nico de la personalidad, caracterizado por emociones exageradas, b&uacute;squeda de atenci&oacute;n y dramatismo.&amp;lt;br\/&amp;gt;&amp;lt;!-- \/wp:paragraph --&amp;gt;&lt;\/div&gt;&lt;div id=&amp;quot;cmtt_related_articles&amp;quot; class=&amp;quot;cmtt_related_articles_wrapper&amp;quot;&gt;&lt;div class=&amp;quot;cmtt_related_title cmtt_related_articles_title&amp;quot;&gt;Related Articles: &lt;\/div&gt;&lt;ul class=&amp;quot;cmtt_related&amp;quot;&gt;&lt;li class=&amp;quot;cmtt_related_item&amp;quot;&gt;&lt;a href=&amp;quot;https:\/\/xqthenews.com\/es\/tira-la-copa-las-malas-formas-como-acto-politico\/&amp;quot;target=&amp;quot;_blank&amp;quot;&gt;&iexcl;Tira la copa! Las malas formas como acto pol&iacute;tico&lt;\/a&gt;&lt;\/li&gt;&lt;li class=&amp;quot;cmtt_related_item&amp;quot;&gt;&lt;a href=&amp;quot;https:\/\/xqthenews.com\/es\/musculos-coches-mindset-millonario-el-fraude-del-hombre-hecho-a-si-mismo\/&amp;quot;target=&amp;quot;_blank&amp;quot;&gt;M&uacute;sculos, coches, &amp;quot;mindset millonario&rdquo;: el fraude del hombre hecho a s&iacute; mismo&lt;\/a&gt;&lt;\/li&gt;&lt;li class=&amp;quot;cmtt_related_item&amp;quot;&gt;&lt;a href=&amp;quot;https:\/\/xqthenews.com\/es\/glossary\/histrionico-2\/&amp;quot;target=&amp;quot;_blank&amp;quot;&gt;Glossary:  histri&oacute;nico&lt;\/a&gt;&lt;\/li&gt;&lt;\/ul&gt;&lt;\/div&gt;\" href=\"https:\/\/xqthenews.com\/es\/glossary\/histrionico\/\" data-gt-translate-attributes='[{\"attribute\":\"data-cmtooltip\", \"format\":\"html\"}]' tabindex=\"0\" role=\"link\">histri&oacute;nico<\/a>&rdquo;, a&ntilde;ade.<\/p>\n\n\n\n<p>La psiquiatrizaci&oacute;n del comportamiento femenino viene de tiempos intempestivos: ya en la Edad Media se gest&oacute; la <a class=\"glossaryLink\" aria-describedby=\"tt\" data-cmtooltip=\"&lt;div class=glossaryItemTitle&gt;Histeria&lt;\/div&gt;&lt;div class=glossaryItemBody&gt;&amp;lt;!-- wp:paragraph --&amp;gt;Trastorno psicol&oacute;gico hist&oacute;ricamente atribuido a mujeres, marcado por s&iacute;ntomas emocionales exagerados sin causa m&eacute;dica aparente.&amp;lt;br\/&amp;gt;&amp;lt;!-- \/wp:paragraph --&amp;gt;&lt;\/div&gt;&lt;div id=&amp;quot;cmtt_related_articles&amp;quot; class=&amp;quot;cmtt_related_articles_wrapper&amp;quot;&gt;&lt;div class=&amp;quot;cmtt_related_title cmtt_related_articles_title&amp;quot;&gt;Related Articles: &lt;\/div&gt;&lt;ul class=&amp;quot;cmtt_related&amp;quot;&gt;&lt;li class=&amp;quot;cmtt_related_item&amp;quot;&gt;&lt;a href=&amp;quot;https:\/\/xqthenews.com\/es\/tira-la-copa-las-malas-formas-como-acto-politico\/&amp;quot;target=&amp;quot;_blank&amp;quot;&gt;&iexcl;Tira la copa! Las malas formas como acto pol&iacute;tico&lt;\/a&gt;&lt;\/li&gt;&lt;\/ul&gt;&lt;\/div&gt;\" href=\"https:\/\/xqthenews.com\/es\/glossary\/histeria\/\" data-gt-translate-attributes='[{\"attribute\":\"data-cmtooltip\", \"format\":\"html\"}]' tabindex=\"0\" role=\"link\">histeria<\/a> como concepto patol&oacute;gico y criminalizador de cualquier tipo de actitud divergente. A toda aquella que presentaba s&iacute;ntomas como irritabilidad, llanto desenfrenado, ataques de nervios u opresi&oacute;n en el pecho, se le atribu&iacute;a la <a class=\"glossaryLink\" aria-describedby=\"tt\" data-cmtooltip=\"&lt;div class=glossaryItemTitle&gt;Histeria&lt;\/div&gt;&lt;div class=glossaryItemBody&gt;&amp;lt;!-- wp:paragraph --&amp;gt;Trastorno psicol&oacute;gico hist&oacute;ricamente atribuido a mujeres, marcado por s&iacute;ntomas emocionales exagerados sin causa m&eacute;dica aparente.&amp;lt;br\/&amp;gt;&amp;lt;!-- \/wp:paragraph --&amp;gt;&lt;\/div&gt;&lt;div id=&amp;quot;cmtt_related_articles&amp;quot; class=&amp;quot;cmtt_related_articles_wrapper&amp;quot;&gt;&lt;div class=&amp;quot;cmtt_related_title cmtt_related_articles_title&amp;quot;&gt;Related Articles: &lt;\/div&gt;&lt;ul class=&amp;quot;cmtt_related&amp;quot;&gt;&lt;li class=&amp;quot;cmtt_related_item&amp;quot;&gt;&lt;a href=&amp;quot;https:\/\/xqthenews.com\/es\/tira-la-copa-las-malas-formas-como-acto-politico\/&amp;quot;target=&amp;quot;_blank&amp;quot;&gt;&iexcl;Tira la copa! Las malas formas como acto pol&iacute;tico&lt;\/a&gt;&lt;\/li&gt;&lt;\/ul&gt;&lt;\/div&gt;\" href=\"https:\/\/xqthenews.com\/es\/glossary\/histeria\/\" data-gt-translate-attributes='[{\"attribute\":\"data-cmtooltip\", \"format\":\"html\"}]' tabindex=\"0\" role=\"link\">histeria<\/a> como condici&oacute;n m&eacute;dica. Se desarrollaba presuntamente por un desplazamiento del &uacute;tero, cuyo remedio, adem&aacute;s de aromaterapia y metodolog&iacute;as relacionadas con la espiritualidad y la religi&oacute;n, se encontraba en el coito. La instrumentalizaci&oacute;n de la sexualidad es un gran basti&oacute;n para la psiquiatr&iacute;a como dispositivo de control de g&eacute;nero.<\/p>\n\n\n\n<p>A finales del siglo XIX, en la puritana &eacute;poca victoriana, <a class=\"glossaryLink\" aria-describedby=\"tt\" data-cmtooltip=\"&lt;div class=glossaryItemTitle&gt;Sigmund Freud&lt;\/div&gt;&lt;div class=glossaryItemBody&gt;&amp;lt;!-- wp:paragraph --&amp;gt;M&eacute;dico y psicoanalista austriaco, fundador del psicoan&aacute;lisis, cuyas teor&iacute;as influyeron en la psicolog&iacute;a y la cultura del siglo XX.&amp;lt;br\/&amp;gt;&amp;lt;!-- \/wp:paragraph --&amp;gt;&lt;\/div&gt;&lt;div id=&amp;quot;cmtt_related_articles&amp;quot; class=&amp;quot;cmtt_related_articles_wrapper&amp;quot;&gt;&lt;div class=&amp;quot;cmtt_related_title cmtt_related_articles_title&amp;quot;&gt;Related Articles: &lt;\/div&gt;&lt;ul class=&amp;quot;cmtt_related&amp;quot;&gt;&lt;li class=&amp;quot;cmtt_related_item&amp;quot;&gt;&lt;a href=&amp;quot;https:\/\/xqthenews.com\/es\/tira-la-copa-las-malas-formas-como-acto-politico\/&amp;quot;target=&amp;quot;_blank&amp;quot;&gt;&iexcl;Tira la copa! Las malas formas como acto pol&iacute;tico&lt;\/a&gt;&lt;\/li&gt;&lt;\/ul&gt;&lt;\/div&gt;\" href=\"https:\/\/xqthenews.com\/es\/glossary\/sigmund-freud\/\" data-gt-translate-attributes='[{\"attribute\":\"data-cmtooltip\", \"format\":\"html\"}]' tabindex=\"0\" role=\"link\">Sigmund Freud<\/a> apuntaba que la ra&iacute;z de la <a class=\"glossaryLink\" aria-describedby=\"tt\" data-cmtooltip=\"&lt;div class=glossaryItemTitle&gt;Histeria&lt;\/div&gt;&lt;div class=glossaryItemBody&gt;&amp;lt;!-- wp:paragraph --&amp;gt;Trastorno psicol&oacute;gico hist&oacute;ricamente atribuido a mujeres, marcado por s&iacute;ntomas emocionales exagerados sin causa m&eacute;dica aparente.&amp;lt;br\/&amp;gt;&amp;lt;!-- \/wp:paragraph --&amp;gt;&lt;\/div&gt;&lt;div id=&amp;quot;cmtt_related_articles&amp;quot; class=&amp;quot;cmtt_related_articles_wrapper&amp;quot;&gt;&lt;div class=&amp;quot;cmtt_related_title cmtt_related_articles_title&amp;quot;&gt;Related Articles: &lt;\/div&gt;&lt;ul class=&amp;quot;cmtt_related&amp;quot;&gt;&lt;li class=&amp;quot;cmtt_related_item&amp;quot;&gt;&lt;a href=&amp;quot;https:\/\/xqthenews.com\/es\/tira-la-copa-las-malas-formas-como-acto-politico\/&amp;quot;target=&amp;quot;_blank&amp;quot;&gt;&iexcl;Tira la copa! Las malas formas como acto pol&iacute;tico&lt;\/a&gt;&lt;\/li&gt;&lt;\/ul&gt;&lt;\/div&gt;\" href=\"https:\/\/xqthenews.com\/es\/glossary\/histeria\/\" data-gt-translate-attributes='[{\"attribute\":\"data-cmtooltip\", \"format\":\"html\"}]' tabindex=\"0\" role=\"link\">histeria<\/a> femenina radicaba en la represi&oacute;n sexual y eventos traum&aacute;ticos infantiles relacionados tambi&eacute;n con la sexualidad, todo ello alojado en el inconsciente. La sombra de la Edad Media continuaba vagando, y de nuevo se suger&iacute;a la actividad sexual para &ldquo;estabilizar&rdquo; el &uacute;tero. Los tab&uacute;es culturales &#8213;la masturbaci&oacute;n, por ejemplo, se atribu&iacute;a a un desv&iacute;o de la conducta y a patolog&iacute;as como la histeria&#8213; son en realidad los moldeadores de la <em>enfermedad mental<\/em>.<\/p>\n\n\n\n<p>&ldquo;&iquest;Por qu&eacute; la mujer no puede vestirse con toda su lujuria, por qu&eacute; no hablar del sexo, por qu&eacute;? &iquest;Por qu&eacute; nos hemos de reprimir? Durante tantos a&ntilde;os la represi&oacute;n, la m&aacute;scara&hellip; &iquest;De qu&eacute; me tengo que disfrazar ahora?&rdquo;, atizaba Manuela Trasobares en su alegato que ser&iacute;a historia pop subversiva.<\/p>\n\n\n\n<p><\/p>\n\n\n\n<iframe width=\"560\" height=\"315\" src=\"https:\/\/www.youtube.com\/embed\/tkJ5jdmuAIo?si=RQTQNrsLKZH4sri5\" title=\"YouTube video player\" frameborder=\"0\" allow=\"accelerometer; autoplay; clipboard-write; encrypted-media; gyroscope; picture-in-picture; web-share\" allowfullscreen><\/iframe>\n\n\n\n<p><\/p>\n\n\n\n<h2 class=\"wp-block-heading\"><strong>&ldquo;Antes muerta que hacer yoga&rdquo;<\/strong><\/h2>\n\n\n\n<p>Vidas disidentes, comportamientos fuera de las f&eacute;rreas convenciones, todos lanzados al saco del diagn&oacute;stico y la psiquiatrizaci&oacute;n fortificando las normas sociales, generando una categor&iacute;a de diferenciaci&oacute;n para todas aquellas ovejas descarriadas. Son enfermas mentales. Est&aacute;n <em>locas<\/em>, se han <em>salido de sus casillas<\/em>, son <em>histri&oacute;nicas<\/em> porque quieren llamar la atenci&oacute;n con malas formas. La fil&oacute;sofa <a class=\"glossaryLink\" aria-describedby=\"tt\" data-cmtooltip=\"&lt;div class=glossaryItemTitle&gt;Judith Butler&lt;\/div&gt;&lt;div class=glossaryItemBody&gt;&amp;lt;!-- wp:paragraph --&amp;gt;Fil&oacute;sofa y te&oacute;rica feminista estadounidense conocida por su trabajo en estudios de g&eacute;nero y por desarrollar el concepto de performatividad de g&eacute;nero.&amp;lt;br\/&amp;gt;&amp;lt;!-- \/wp:paragraph --&amp;gt;&lt;\/div&gt;&lt;div id=&amp;quot;cmtt_related_articles&amp;quot; class=&amp;quot;cmtt_related_articles_wrapper&amp;quot;&gt;&lt;div class=&amp;quot;cmtt_related_title cmtt_related_articles_title&amp;quot;&gt;Related Articles: &lt;\/div&gt;&lt;ul class=&amp;quot;cmtt_related&amp;quot;&gt;&lt;li class=&amp;quot;cmtt_related_item&amp;quot;&gt;&lt;a href=&amp;quot;https:\/\/xqthenews.com\/es\/tira-la-copa-las-malas-formas-como-acto-politico\/&amp;quot;target=&amp;quot;_blank&amp;quot;&gt;&iexcl;Tira la copa! Las malas formas como acto pol&iacute;tico&lt;\/a&gt;&lt;\/li&gt;&lt;\/ul&gt;&lt;\/div&gt;\" href=\"https:\/\/xqthenews.com\/es\/glossary\/judith-butler\/\" data-gt-translate-attributes='[{\"attribute\":\"data-cmtooltip\", \"format\":\"html\"}]' tabindex=\"0\" role=\"link\">Judith Butler<\/a> considera que las concepciones sobre g&eacute;nero y enfermedad mental se entrelazan en la formaci&oacute;n social del cuerpo y la identidad. La te&oacute;rica feminista reflexiona el papel de la <a class=\"glossaryLink\" aria-describedby=\"tt\" data-cmtooltip=\"&lt;div class=glossaryItemTitle&gt;Histeria&lt;\/div&gt;&lt;div class=glossaryItemBody&gt;&amp;lt;!-- wp:paragraph --&amp;gt;Trastorno psicol&oacute;gico hist&oacute;ricamente atribuido a mujeres, marcado por s&iacute;ntomas emocionales exagerados sin causa m&eacute;dica aparente.&amp;lt;br\/&amp;gt;&amp;lt;!-- \/wp:paragraph --&amp;gt;&lt;\/div&gt;&lt;div id=&amp;quot;cmtt_related_articles&amp;quot; class=&amp;quot;cmtt_related_articles_wrapper&amp;quot;&gt;&lt;div class=&amp;quot;cmtt_related_title cmtt_related_articles_title&amp;quot;&gt;Related Articles: &lt;\/div&gt;&lt;ul class=&amp;quot;cmtt_related&amp;quot;&gt;&lt;li class=&amp;quot;cmtt_related_item&amp;quot;&gt;&lt;a href=&amp;quot;https:\/\/xqthenews.com\/es\/tira-la-copa-las-malas-formas-como-acto-politico\/&amp;quot;target=&amp;quot;_blank&amp;quot;&gt;&iexcl;Tira la copa! Las malas formas como acto pol&iacute;tico&lt;\/a&gt;&lt;\/li&gt;&lt;\/ul&gt;&lt;\/div&gt;\" href=\"https:\/\/xqthenews.com\/es\/glossary\/histeria\/\" data-gt-translate-attributes='[{\"attribute\":\"data-cmtooltip\", \"format\":\"html\"}]' tabindex=\"0\" role=\"link\">histeria<\/a> en el reforzamiento de normativas de g&eacute;nero y el control femenino, y promueve la valoraci&oacute;n del potencial pol&iacute;tico y desafiante de la <a class=\"glossaryLink\" aria-describedby=\"tt\" data-cmtooltip=\"&lt;div class=glossaryItemTitle&gt;Histeria&lt;\/div&gt;&lt;div class=glossaryItemBody&gt;&amp;lt;!-- wp:paragraph --&amp;gt;Trastorno psicol&oacute;gico hist&oacute;ricamente atribuido a mujeres, marcado por s&iacute;ntomas emocionales exagerados sin causa m&eacute;dica aparente.&amp;lt;br\/&amp;gt;&amp;lt;!-- \/wp:paragraph --&amp;gt;&lt;\/div&gt;&lt;div id=&amp;quot;cmtt_related_articles&amp;quot; class=&amp;quot;cmtt_related_articles_wrapper&amp;quot;&gt;&lt;div class=&amp;quot;cmtt_related_title cmtt_related_articles_title&amp;quot;&gt;Related Articles: &lt;\/div&gt;&lt;ul class=&amp;quot;cmtt_related&amp;quot;&gt;&lt;li class=&amp;quot;cmtt_related_item&amp;quot;&gt;&lt;a href=&amp;quot;https:\/\/xqthenews.com\/es\/tira-la-copa-las-malas-formas-como-acto-politico\/&amp;quot;target=&amp;quot;_blank&amp;quot;&gt;&iexcl;Tira la copa! Las malas formas como acto pol&iacute;tico&lt;\/a&gt;&lt;\/li&gt;&lt;\/ul&gt;&lt;\/div&gt;\" href=\"https:\/\/xqthenews.com\/es\/glossary\/histeria\/\" data-gt-translate-attributes='[{\"attribute\":\"data-cmtooltip\", \"format\":\"html\"}]' tabindex=\"0\" role=\"link\">histeria<\/a> como una herramienta de resistencia contra las normas de g&eacute;nero restrictivas.<\/p>\n\n\n\n<p><\/p>\n\n\n\n<figure class=\"wp-block-image size-full is-resized is-style-rounded\"><img decoding=\"async\" width=\"900\" height=\"507\" src=\"https:\/\/sad-borg.82-223-8-23.plesk.page\/wp-content\/uploads\/2024\/02\/Imagen-1.-Nebulossa.jpg\" alt=\"\" class=\"wp-image-18056\" style=\"width:821px;height:auto\" srcset=\"https:\/\/xqthenews.com\/wp-content\/uploads\/2024\/02\/Imagen-1.-Nebulossa.jpg 900w, https:\/\/xqthenews.com\/wp-content\/uploads\/2024\/02\/Imagen-1.-Nebulossa-300x169.jpg 300w, https:\/\/xqthenews.com\/wp-content\/uploads\/2024\/02\/Imagen-1.-Nebulossa-768x433.jpg 768w, https:\/\/xqthenews.com\/wp-content\/uploads\/2024\/02\/Imagen-1.-Nebulossa-480x270.jpg 480w\" sizes=\"(max-width: 900px) 100vw, 900px\"\/><figcaption class=\"wp-element-caption\">Fotograma del videoclip &ldquo;Zorra&rdquo; de Nebulossa, que homenajea a Trasobares<\/figcaption><\/figure>\n\n\n\n<p>Perder los papeles, las formas. Tirar la copa fue, es y ser&aacute; un acto pol&iacute;tico. Porque Manuela Trasobares no es una loca, ni tiene un trastorno <a class=\"glossaryLink\" aria-describedby=\"tt\" data-cmtooltip=\"&lt;div class=glossaryItemTitle&gt;Histri&oacute;nico&lt;\/div&gt;&lt;div class=glossaryItemBody&gt;&amp;lt;!-- wp:paragraph --&amp;gt;Relativo al trastorno histri&oacute;nico de la personalidad, caracterizado por emociones exageradas, b&uacute;squeda de atenci&oacute;n y dramatismo.&amp;lt;br\/&amp;gt;&amp;lt;!-- \/wp:paragraph --&amp;gt;&lt;\/div&gt;&lt;div id=&amp;quot;cmtt_related_articles&amp;quot; class=&amp;quot;cmtt_related_articles_wrapper&amp;quot;&gt;&lt;div class=&amp;quot;cmtt_related_title cmtt_related_articles_title&amp;quot;&gt;Related Articles: &lt;\/div&gt;&lt;ul class=&amp;quot;cmtt_related&amp;quot;&gt;&lt;li class=&amp;quot;cmtt_related_item&amp;quot;&gt;&lt;a href=&amp;quot;https:\/\/xqthenews.com\/es\/tira-la-copa-las-malas-formas-como-acto-politico\/&amp;quot;target=&amp;quot;_blank&amp;quot;&gt;&iexcl;Tira la copa! Las malas formas como acto pol&iacute;tico&lt;\/a&gt;&lt;\/li&gt;&lt;li class=&amp;quot;cmtt_related_item&amp;quot;&gt;&lt;a href=&amp;quot;https:\/\/xqthenews.com\/es\/musculos-coches-mindset-millonario-el-fraude-del-hombre-hecho-a-si-mismo\/&amp;quot;target=&amp;quot;_blank&amp;quot;&gt;M&uacute;sculos, coches, &amp;quot;mindset millonario&rdquo;: el fraude del hombre hecho a s&iacute; mismo&lt;\/a&gt;&lt;\/li&gt;&lt;li class=&amp;quot;cmtt_related_item&amp;quot;&gt;&lt;a href=&amp;quot;https:\/\/xqthenews.com\/es\/glossary\/histrionico-2\/&amp;quot;target=&amp;quot;_blank&amp;quot;&gt;Glossary:  histri&oacute;nico&lt;\/a&gt;&lt;\/li&gt;&lt;\/ul&gt;&lt;\/div&gt;\" href=\"https:\/\/xqthenews.com\/es\/glossary\/histrionico\/\" data-gt-translate-attributes='[{\"attribute\":\"data-cmtooltip\", \"format\":\"html\"}]' tabindex=\"0\" role=\"link\">histri&oacute;nico<\/a>, ni es una hist&eacute;rica: Manuela Trasobares tir&oacute; la copa porque estaba harta &#8213;y probablemente, lo siga estando&#8213;. Porque en realidad, las que tienen que tirar la copa, son siempre las mismas. Como escribe <a class=\"glossaryLink\" aria-describedby=\"tt\" data-cmtooltip=\"&lt;div class=glossaryItemTitle&gt;Virginie Despentes&lt;\/div&gt;&lt;div class=glossaryItemBody&gt;&amp;lt;!-- wp:paragraph --&amp;gt;Escritora, directora y activista francesa conocida por su obra subversiva que aborda temas de g&eacute;nero, sexualidad y poder en la sociedad.&amp;lt;br\/&amp;gt;&amp;lt;!-- \/wp:paragraph --&amp;gt;&lt;\/div&gt;&lt;div id=&amp;quot;cmtt_related_articles&amp;quot; class=&amp;quot;cmtt_related_articles_wrapper&amp;quot;&gt;&lt;div class=&amp;quot;cmtt_related_title cmtt_related_articles_title&amp;quot;&gt;Related Articles: &lt;\/div&gt;&lt;ul class=&amp;quot;cmtt_related&amp;quot;&gt;&lt;li class=&amp;quot;cmtt_related_item&amp;quot;&gt;&lt;a href=&amp;quot;https:\/\/xqthenews.com\/es\/tira-la-copa-las-malas-formas-como-acto-politico\/&amp;quot;target=&amp;quot;_blank&amp;quot;&gt;&iexcl;Tira la copa! Las malas formas como acto pol&iacute;tico&lt;\/a&gt;&lt;\/li&gt;&lt;\/ul&gt;&lt;\/div&gt;\" href=\"https:\/\/xqthenews.com\/es\/glossary\/virginie-despentes\/\" data-gt-translate-attributes='[{\"attribute\":\"data-cmtooltip\", \"format\":\"html\"}]' tabindex=\"0\" role=\"link\">Virginie Despentes<\/a> en Querido Capullo: &ldquo;Tengo ganas de estropear los relojes. Las buenas maneras me cansan. Definitivamente, antes muerta que hacer yoga&rdquo;.<\/p>\n","protected":false},"excerpt":{"rendered":"<p>La canci&oacute;n candidata espa&ntilde;ola para Eurovisi&oacute;n recupera un gesto desquiciado en un programa de televisi&oacute;n que se convirti&oacute; en ic&oacute;nico. M&aacute;s all&aacute; de romper cristales en directo, se rompieron convenciones sociales y la predominancia de la normatividad.<\/p>\n","protected":false},"author":26,"featured_media":18051,"comment_status":"open","ping_status":"open","sticky":false,"template":"","format":"standard","meta":{"_acf_changed":false,"footnotes":""},"categories":[363,361],"tags":[87],"coauthors":[143],"class_list":{"0":"post-18050","1":"post","2":"type-post","3":"status-publish","4":"format-standard","5":"has-post-thumbnail","7":"category-musica-y-actuacion","8":"category-sociedad-y-cultura","9":"tag-igualdad"},"acf":[],"yoast_head":"<!-- This site is optimized with the Yoast SEO plugin v27.4 - https:\/\/yoast.com\/product\/yoast-seo-wordpress\/ -->\n<title>\u00a1Tira la copa! Las malas formas como acto pol\u00edtico - xqthenews<\/title>\n<meta name=\"robots\" content=\"index, follow, max-snippet:-1, max-image-preview:large, max-video-preview:-1\" \/>\n<link rel=\"canonical\" href=\"https:\/\/xqthenews.com\/es\/tira-la-copa-las-malas-formas-como-acto-politico\/\" \/>\n<meta property=\"og:locale\" content=\"es_ES\" \/>\n<meta property=\"og:type\" content=\"article\" \/>\n<meta property=\"og:title\" content=\"\u00a1Tira la copa! Las malas formas como acto pol\u00edtico - xqthenews\" \/>\n<meta property=\"og:description\" content=\"La canci&oacute;n candidata espa&ntilde;ola para Eurovisi&oacute;n recupera un gesto desquiciado en un programa de televisi&oacute;n que se convirti&oacute; en ic&oacute;nico. M&aacute;s all&aacute; de romper cristales en directo, se rompieron convenciones sociales y la predominancia de la normatividad.\" \/>\n<meta property=\"og:url\" content=\"https:\/\/xqthenews.com\/es\/tira-la-copa-las-malas-formas-como-acto-politico\/\" \/>\n<meta property=\"og:site_name\" content=\"xqthenews\" \/>\n<meta property=\"article:published_time\" content=\"2024-02-14T07:00:06+00:00\" \/>\n<meta property=\"article:modified_time\" content=\"2024-09-10T21:59:02+00:00\" \/>\n<meta property=\"og:image\" content=\"https:\/\/xqthenews.com\/wp-content\/uploads\/2024\/02\/Portada-2.jpg\" \/>\n\t<meta property=\"og:image:width\" content=\"1280\" \/>\n\t<meta property=\"og:image:height\" content=\"720\" \/>\n\t<meta property=\"og:image:type\" content=\"image\/jpeg\" \/>\n<meta name=\"author\" content=\"Laura Casamitjana\" \/>\n<meta name=\"twitter:card\" content=\"summary_large_image\" \/>\n<meta name=\"twitter:creator\" content=\"@Casamitjana\" \/>\n<meta name=\"twitter:label1\" content=\"Escrito por\" \/>\n\t<meta name=\"twitter:data1\" content=\"Laura Casamitjana\" \/>\n\t<meta name=\"twitter:label2\" content=\"Tiempo de lectura\" \/>\n\t<meta name=\"twitter:data2\" content=\"4 minutos\" \/>\n\t<meta name=\"twitter:label3\" content=\"Written by\" \/>\n\t<meta name=\"twitter:data3\" content=\"Laura Casamitjana\" \/>\n<script type=\"application\/ld+json\" class=\"yoast-schema-graph\">{\"@context\":\"https:\\\/\\\/schema.org\",\"@graph\":[{\"@type\":\"Article\",\"@id\":\"https:\\\/\\\/xqthenews.com\\\/es\\\/tira-la-copa-las-malas-formas-como-acto-politico\\\/#article\",\"isPartOf\":{\"@id\":\"https:\\\/\\\/xqthenews.com\\\/es\\\/tira-la-copa-las-malas-formas-como-acto-politico\\\/\"},\"author\":{\"name\":\"Laura Casamitjana\",\"@id\":\"https:\\\/\\\/xqthenews.com\\\/es\\\/#\\\/schema\\\/person\\\/7c019326fd251f5591a24de1868c7feb\"},\"headline\":\"\u00a1Tira la copa! Las malas formas como acto pol\u00edtico\",\"datePublished\":\"2024-02-14T07:00:06+00:00\",\"dateModified\":\"2024-09-10T21:59:02+00:00\",\"mainEntityOfPage\":{\"@id\":\"https:\\\/\\\/xqthenews.com\\\/es\\\/tira-la-copa-las-malas-formas-como-acto-politico\\\/\"},\"wordCount\":749,\"commentCount\":0,\"image\":{\"@id\":\"https:\\\/\\\/xqthenews.com\\\/es\\\/tira-la-copa-las-malas-formas-como-acto-politico\\\/#primaryimage\"},\"thumbnailUrl\":\"https:\\\/\\\/xqthenews.com\\\/wp-content\\\/uploads\\\/2024\\\/02\\\/Portada-2.jpg\",\"keywords\":[\"Igualdad\"],\"articleSection\":[\"M\u00fasica y actuaci\u00f3n\",\"Sociedad y cultura\"],\"inLanguage\":\"es\",\"potentialAction\":[{\"@type\":\"CommentAction\",\"name\":\"Comment\",\"target\":[\"https:\\\/\\\/xqthenews.com\\\/es\\\/tira-la-copa-las-malas-formas-como-acto-politico\\\/#respond\"]}]},{\"@type\":\"WebPage\",\"@id\":\"https:\\\/\\\/xqthenews.com\\\/es\\\/tira-la-copa-las-malas-formas-como-acto-politico\\\/\",\"url\":\"https:\\\/\\\/xqthenews.com\\\/es\\\/tira-la-copa-las-malas-formas-como-acto-politico\\\/\",\"name\":\"\u00a1Tira la copa! Las malas formas como acto pol\u00edtico - xqthenews\",\"isPartOf\":{\"@id\":\"https:\\\/\\\/xqthenews.com\\\/es\\\/#website\"},\"primaryImageOfPage\":{\"@id\":\"https:\\\/\\\/xqthenews.com\\\/es\\\/tira-la-copa-las-malas-formas-como-acto-politico\\\/#primaryimage\"},\"image\":{\"@id\":\"https:\\\/\\\/xqthenews.com\\\/es\\\/tira-la-copa-las-malas-formas-como-acto-politico\\\/#primaryimage\"},\"thumbnailUrl\":\"https:\\\/\\\/xqthenews.com\\\/wp-content\\\/uploads\\\/2024\\\/02\\\/Portada-2.jpg\",\"datePublished\":\"2024-02-14T07:00:06+00:00\",\"dateModified\":\"2024-09-10T21:59:02+00:00\",\"author\":{\"@id\":\"https:\\\/\\\/xqthenews.com\\\/es\\\/#\\\/schema\\\/person\\\/7c019326fd251f5591a24de1868c7feb\"},\"breadcrumb\":{\"@id\":\"https:\\\/\\\/xqthenews.com\\\/es\\\/tira-la-copa-las-malas-formas-como-acto-politico\\\/#breadcrumb\"},\"inLanguage\":\"es\",\"potentialAction\":[{\"@type\":\"ReadAction\",\"target\":[\"https:\\\/\\\/xqthenews.com\\\/es\\\/tira-la-copa-las-malas-formas-como-acto-politico\\\/\"]}]},{\"@type\":\"ImageObject\",\"inLanguage\":\"es\",\"@id\":\"https:\\\/\\\/xqthenews.com\\\/es\\\/tira-la-copa-las-malas-formas-como-acto-politico\\\/#primaryimage\",\"url\":\"https:\\\/\\\/xqthenews.com\\\/wp-content\\\/uploads\\\/2024\\\/02\\\/Portada-2.jpg\",\"contentUrl\":\"https:\\\/\\\/xqthenews.com\\\/wp-content\\\/uploads\\\/2024\\\/02\\\/Portada-2.jpg\",\"width\":1280,\"height\":720},{\"@type\":\"BreadcrumbList\",\"@id\":\"https:\\\/\\\/xqthenews.com\\\/es\\\/tira-la-copa-las-malas-formas-como-acto-politico\\\/#breadcrumb\",\"itemListElement\":[{\"@type\":\"ListItem\",\"position\":1,\"name\":\"Portada\",\"item\":\"https:\\\/\\\/xqthenews.com\\\/es\\\/\"},{\"@type\":\"ListItem\",\"position\":2,\"name\":\"\u00a1Tira la copa! Las malas formas como acto pol\u00edtico\"}]},{\"@type\":\"WebSite\",\"@id\":\"https:\\\/\\\/xqthenews.com\\\/es\\\/#website\",\"url\":\"https:\\\/\\\/xqthenews.com\\\/es\\\/\",\"name\":\"xqthenews\",\"description\":\"El porqu\u00e9 de las noticias\",\"potentialAction\":[{\"@type\":\"SearchAction\",\"target\":{\"@type\":\"EntryPoint\",\"urlTemplate\":\"https:\\\/\\\/xqthenews.com\\\/es\\\/?s={search_term_string}\"},\"query-input\":{\"@type\":\"PropertyValueSpecification\",\"valueRequired\":true,\"valueName\":\"search_term_string\"}}],\"inLanguage\":\"es\"},{\"@type\":\"Person\",\"@id\":\"https:\\\/\\\/xqthenews.com\\\/es\\\/#\\\/schema\\\/person\\\/7c019326fd251f5591a24de1868c7feb\",\"name\":\"Laura Casamitjana\",\"image\":{\"@type\":\"ImageObject\",\"inLanguage\":\"es\",\"@id\":\"https:\\\/\\\/xqthenews.com\\\/wp-content\\\/uploads\\\/2024\\\/09\\\/laura-casamitjana_avatar_1-96x96.jpg2771612100b03aa6d85fa2461866085b\",\"url\":\"https:\\\/\\\/xqthenews.com\\\/wp-content\\\/uploads\\\/2024\\\/09\\\/laura-casamitjana_avatar_1-96x96.jpg\",\"contentUrl\":\"https:\\\/\\\/xqthenews.com\\\/wp-content\\\/uploads\\\/2024\\\/09\\\/laura-casamitjana_avatar_1-96x96.jpg\",\"caption\":\"Laura Casamitjana\"},\"description\":\"Periodista. M\u00e1ster en Periodismo Literario, Comunicaci\u00f3n y Humanidades de la Universidad Aut\u00f3noma de Barcelona. Codirectora y coguionista del documental \u201cBerracas. Mujeres supervivientes que construyen la paz en Colombia\u201d. Actualmente redactora del medio Catalunya Plural, de la Fundaci\u00f3 Periodisme Plural, y XQ The News, de colaboraci\u00f3n europea.\",\"sameAs\":[\"https:\\\/\\\/x.com\\\/Casamitjana\"],\"url\":\"https:\\\/\\\/xqthenews.com\\\/es\\\/author\\\/lcasamitjana\\\/\"}]}<\/script>\n<!-- \/ Yoast SEO plugin. -->","yoast_head_json":{"title":"\u00a1Tira la copa! Las malas formas como acto pol\u00edtico - xqthenews","robots":{"index":"index","follow":"follow","max-snippet":"max-snippet:-1","max-image-preview":"max-image-preview:large","max-video-preview":"max-video-preview:-1"},"canonical":"https:\/\/xqthenews.com\/es\/tira-la-copa-las-malas-formas-como-acto-politico\/","og_locale":"es_ES","og_type":"article","og_title":"\u00a1Tira la copa! Las malas formas como acto pol\u00edtico - xqthenews","og_description":"La canci&oacute;n candidata espa&ntilde;ola para Eurovisi&oacute;n recupera un gesto desquiciado en un programa de televisi&oacute;n que se convirti&oacute; en ic&oacute;nico. M&aacute;s all&aacute; de romper cristales en directo, se rompieron convenciones sociales y la predominancia de la normatividad.","og_url":"https:\/\/xqthenews.com\/es\/tira-la-copa-las-malas-formas-como-acto-politico\/","og_site_name":"xqthenews","article_published_time":"2024-02-14T07:00:06+00:00","article_modified_time":"2024-09-10T21:59:02+00:00","og_image":[{"width":1280,"height":720,"url":"https:\/\/xqthenews.com\/wp-content\/uploads\/2024\/02\/Portada-2.jpg","type":"image\/jpeg"}],"author":"Laura Casamitjana","twitter_card":"summary_large_image","twitter_creator":"@Casamitjana","twitter_misc":{"Escrito por":"Laura Casamitjana","Tiempo de lectura":"4 minutos","Written by":"Laura Casamitjana"},"schema":{"@context":"https:\/\/schema.org","@graph":[{"@type":"Article","@id":"https:\/\/xqthenews.com\/es\/tira-la-copa-las-malas-formas-como-acto-politico\/#article","isPartOf":{"@id":"https:\/\/xqthenews.com\/es\/tira-la-copa-las-malas-formas-como-acto-politico\/"},"author":{"name":"Laura Casamitjana","@id":"https:\/\/xqthenews.com\/es\/#\/schema\/person\/7c019326fd251f5591a24de1868c7feb"},"headline":"\u00a1Tira la copa! Las malas formas como acto pol\u00edtico","datePublished":"2024-02-14T07:00:06+00:00","dateModified":"2024-09-10T21:59:02+00:00","mainEntityOfPage":{"@id":"https:\/\/xqthenews.com\/es\/tira-la-copa-las-malas-formas-como-acto-politico\/"},"wordCount":749,"commentCount":0,"image":{"@id":"https:\/\/xqthenews.com\/es\/tira-la-copa-las-malas-formas-como-acto-politico\/#primaryimage"},"thumbnailUrl":"https:\/\/xqthenews.com\/wp-content\/uploads\/2024\/02\/Portada-2.jpg","keywords":["Igualdad"],"articleSection":["M\u00fasica y actuaci\u00f3n","Sociedad y cultura"],"inLanguage":"es","potentialAction":[{"@type":"CommentAction","name":"Comment","target":["https:\/\/xqthenews.com\/es\/tira-la-copa-las-malas-formas-como-acto-politico\/#respond"]}]},{"@type":"WebPage","@id":"https:\/\/xqthenews.com\/es\/tira-la-copa-las-malas-formas-como-acto-politico\/","url":"https:\/\/xqthenews.com\/es\/tira-la-copa-las-malas-formas-como-acto-politico\/","name":"\u00a1Tira la copa! Las malas formas como acto pol\u00edtico - xqthenews","isPartOf":{"@id":"https:\/\/xqthenews.com\/es\/#website"},"primaryImageOfPage":{"@id":"https:\/\/xqthenews.com\/es\/tira-la-copa-las-malas-formas-como-acto-politico\/#primaryimage"},"image":{"@id":"https:\/\/xqthenews.com\/es\/tira-la-copa-las-malas-formas-como-acto-politico\/#primaryimage"},"thumbnailUrl":"https:\/\/xqthenews.com\/wp-content\/uploads\/2024\/02\/Portada-2.jpg","datePublished":"2024-02-14T07:00:06+00:00","dateModified":"2024-09-10T21:59:02+00:00","author":{"@id":"https:\/\/xqthenews.com\/es\/#\/schema\/person\/7c019326fd251f5591a24de1868c7feb"},"breadcrumb":{"@id":"https:\/\/xqthenews.com\/es\/tira-la-copa-las-malas-formas-como-acto-politico\/#breadcrumb"},"inLanguage":"es","potentialAction":[{"@type":"ReadAction","target":["https:\/\/xqthenews.com\/es\/tira-la-copa-las-malas-formas-como-acto-politico\/"]}]},{"@type":"ImageObject","inLanguage":"es","@id":"https:\/\/xqthenews.com\/es\/tira-la-copa-las-malas-formas-como-acto-politico\/#primaryimage","url":"https:\/\/xqthenews.com\/wp-content\/uploads\/2024\/02\/Portada-2.jpg","contentUrl":"https:\/\/xqthenews.com\/wp-content\/uploads\/2024\/02\/Portada-2.jpg","width":1280,"height":720},{"@type":"BreadcrumbList","@id":"https:\/\/xqthenews.com\/es\/tira-la-copa-las-malas-formas-como-acto-politico\/#breadcrumb","itemListElement":[{"@type":"ListItem","position":1,"name":"Portada","item":"https:\/\/xqthenews.com\/es\/"},{"@type":"ListItem","position":2,"name":"\u00a1Tira la copa! Las malas formas como acto pol\u00edtico"}]},{"@type":"WebSite","@id":"https:\/\/xqthenews.com\/es\/#website","url":"https:\/\/xqthenews.com\/es\/","name":"xqthenews","description":"El porqu\u00e9 de las noticias","potentialAction":[{"@type":"SearchAction","target":{"@type":"EntryPoint","urlTemplate":"https:\/\/xqthenews.com\/es\/?s={search_term_string}"},"query-input":{"@type":"PropertyValueSpecification","valueRequired":true,"valueName":"search_term_string"}}],"inLanguage":"es"},{"@type":"Person","@id":"https:\/\/xqthenews.com\/es\/#\/schema\/person\/7c019326fd251f5591a24de1868c7feb","name":"Laura Casamitjana","image":{"@type":"ImageObject","inLanguage":"es","@id":"https:\/\/xqthenews.com\/wp-content\/uploads\/2024\/09\/laura-casamitjana_avatar_1-96x96.jpg2771612100b03aa6d85fa2461866085b","url":"https:\/\/xqthenews.com\/wp-content\/uploads\/2024\/09\/laura-casamitjana_avatar_1-96x96.jpg","contentUrl":"https:\/\/xqthenews.com\/wp-content\/uploads\/2024\/09\/laura-casamitjana_avatar_1-96x96.jpg","caption":"Laura Casamitjana"},"description":"Periodista. M\u00e1ster en Periodismo Literario, Comunicaci\u00f3n y Humanidades de la Universidad Aut\u00f3noma de Barcelona. Codirectora y coguionista del documental \u201cBerracas. Mujeres supervivientes que construyen la paz en Colombia\u201d. Actualmente redactora del medio Catalunya Plural, de la Fundaci\u00f3 Periodisme Plural, y XQ The News, de colaboraci\u00f3n europea.","sameAs":["https:\/\/x.com\/Casamitjana"],"url":"https:\/\/xqthenews.com\/es\/author\/lcasamitjana\/"}]}},"_links":{"self":[{"href":"https:\/\/xqthenews.com\/es\/wp-json\/wp\/v2\/posts\/18050","targetHints":{"allow":["GET"]}}],"collection":[{"href":"https:\/\/xqthenews.com\/es\/wp-json\/wp\/v2\/posts"}],"about":[{"href":"https:\/\/xqthenews.com\/es\/wp-json\/wp\/v2\/types\/post"}],"author":[{"embeddable":true,"href":"https:\/\/xqthenews.com\/es\/wp-json\/wp\/v2\/users\/26"}],"replies":[{"embeddable":true,"href":"https:\/\/xqthenews.com\/es\/wp-json\/wp\/v2\/comments?post=18050"}],"version-history":[{"count":0,"href":"https:\/\/xqthenews.com\/es\/wp-json\/wp\/v2\/posts\/18050\/revisions"}],"wp:featuredmedia":[{"embeddable":true,"href":"https:\/\/xqthenews.com\/es\/wp-json\/wp\/v2\/media\/18051"}],"wp:attachment":[{"href":"https:\/\/xqthenews.com\/es\/wp-json\/wp\/v2\/media?parent=18050"}],"wp:term":[{"taxonomy":"category","embeddable":true,"href":"https:\/\/xqthenews.com\/es\/wp-json\/wp\/v2\/categories?post=18050"},{"taxonomy":"post_tag","embeddable":true,"href":"https:\/\/xqthenews.com\/es\/wp-json\/wp\/v2\/tags?post=18050"},{"taxonomy":"author","embeddable":true,"href":"https:\/\/xqthenews.com\/es\/wp-json\/wp\/v2\/coauthors?post=18050"}],"curies":[{"name":"wp","href":"https:\/\/api.w.org\/{rel}","templated":true}]}}