{"id":15453,"date":"2023-12-20T09:05:48","date_gmt":"2023-12-20T08:05:48","guid":{"rendered":"https:\/\/sad-borg.82-223-8-23.plesk.page\/?p=15453"},"modified":"2024-09-10T22:59:31","modified_gmt":"2024-09-10T21:59:31","slug":"donana-vuelve-a-sobrevivir","status":"publish","type":"post","link":"https:\/\/xqthenews.com\/es\/donana-vuelve-a-sobrevivir\/","title":{"rendered":"Do\u00f1ana, \u00bfvuelve a sobrevivir?"},"content":{"rendered":"<p>Cualquier d&iacute;a de oto&ntilde;o es bueno para mirar al cielo y descubrir bandadas de aves que extra&ntilde;amente vuelan en forma de V. Su vuelo nos informa de tres cosas importantes. La primera, que Europa ha de prepararse para recibir los helados d&iacute;as del invierno. Segunda, que las aves abandonan el norte en busca del clima c&aacute;lido y con mejores alimentos que les aguarda en el sur. Y tercera, que esa manera de viajar en formaci&oacute;n en V les permite ahorrar energ&iacute;a (el individuo que va en cabeza hace el mayor esfuerzo abriendo para las dem&aacute;s un t&uacute;nel en el viento) para recorrer las enormes distancias que las separa de su destino, pese a lo cual es probable que una de cada cuatro no llegue nunca.<\/p>\n\n\n\n<p>Pero este art&iacute;culo no trata del interesante fen&oacute;meno de la migraci&oacute;n de las aves (patos, grullas, correlimos, avutardas, cig&uuml;e&ntilde;as&hellip;) sino del espacio natural de Do&ntilde;ana, situado en el extremo suroeste de Europa, uno de los lugares de destino o descanso de cientos de miles de esas aves en su largo viaje hacia el sur de Europa o el norte de &Aacute;frica. Ahora la Uni&oacute;n Internacional para la <a class=\"glossaryLink\" aria-describedby=\"tt\" data-cmtooltip=\"&lt;div class=glossaryItemTitle&gt;Conservaci&oacute;n&lt;\/div&gt;&lt;div class=glossaryItemBody&gt;&amp;lt;!-- wp:paragraph --&amp;gt;La conservaci&oacute;n se refiere al acto o proceso de proteger, preservar o defender algo, normalmente de valor o importancia, de da&ntilde;os, peligros o amenazas. Este concepto puede aplicarse en diferentes contextos, como la salvaguarda de los derechos humanos, la salvaguarda del medio ambiente, la salvaguarda de la seguridad nacional, la salvaguarda del patrimonio cultural, etc.&amp;lt;br\/&amp;gt;&amp;lt;!-- \/wp:paragraph --&amp;gt;&lt;\/div&gt;&lt;div id=&amp;quot;cmtt_related_articles&amp;quot; class=&amp;quot;cmtt_related_articles_wrapper&amp;quot;&gt;&lt;div class=&amp;quot;cmtt_related_title cmtt_related_articles_title&amp;quot;&gt;Related Articles: &lt;\/div&gt;&lt;ul class=&amp;quot;cmtt_related&amp;quot;&gt;&lt;li class=&amp;quot;cmtt_related_item&amp;quot;&gt;&lt;a href=&amp;quot;https:\/\/xqthenews.com\/es\/mensaje-en-una-botella-o-los-plasticos-que-nunca-desaparecen\/&amp;quot;target=&amp;quot;_blank&amp;quot;&gt;Mensaje en una botella, o los pl&aacute;sticos que nunca desaparecen&lt;\/a&gt;&lt;\/li&gt;&lt;li class=&amp;quot;cmtt_related_item&amp;quot;&gt;&lt;a href=&amp;quot;https:\/\/xqthenews.com\/es\/glossary\/educacion-ambiental-ea\/&amp;quot;target=&amp;quot;_blank&amp;quot;&gt;Glossary:  Educaci&oacute;n Ambiental&lt;\/a&gt;&lt;\/li&gt;&lt;li class=&amp;quot;cmtt_related_item&amp;quot;&gt;&lt;a href=&amp;quot;https:\/\/xqthenews.com\/es\/glossary\/agenda-2030\/&amp;quot;target=&amp;quot;_blank&amp;quot;&gt;Glossary:  Agenda 2030&lt;\/a&gt;&lt;\/li&gt;&lt;li class=&amp;quot;cmtt_related_item&amp;quot;&gt;&lt;a href=&amp;quot;https:\/\/xqthenews.com\/es\/donana-vuelve-a-sobrevivir\/&amp;quot;target=&amp;quot;_blank&amp;quot;&gt;Do&ntilde;ana, &iquest;vuelve a sobrevivir?&lt;\/a&gt;&lt;\/li&gt;&lt;li class=&amp;quot;cmtt_related_item&amp;quot;&gt;&lt;a href=&amp;quot;https:\/\/xqthenews.com\/es\/glossary\/fondo-mundial-para-la-naturaleza-wwf\/&amp;quot;target=&amp;quot;_blank&amp;quot;&gt;Glossary:  Fondo Mundial para la Naturaleza (WWF)&lt;\/a&gt;&lt;\/li&gt;&lt;\/ul&gt;&lt;\/div&gt;\" href=\"https:\/\/xqthenews.com\/es\/glossary\/conservacion\/\" data-gt-translate-attributes='[{\"attribute\":\"data-cmtooltip\", \"format\":\"html\"}]' tabindex=\"0\" role=\"link\">Conservaci&oacute;n<\/a> de la <a class=\"glossaryLink\" aria-describedby=\"tt\" data-cmtooltip=\"&lt;div class=glossaryItemTitle&gt;Naturaleza&lt;\/div&gt;&lt;div class=glossaryItemBody&gt;&amp;lt;!-- wp:paragraph --&amp;gt;Naturaleza es un t&eacute;rmino amplio que se refiere a todo lo que existe en el mundo natural, incluidos todos los seres vivos, plantas, animales, ecosistemas, paisajes, fen&oacute;menos naturales y recursos naturales. Es el conjunto de elementos que conforman el entorno en el que vivimos, incluidos el aire, el agua, el suelo y la biodiversidad.&amp;lt;br\/&amp;gt;&amp;lt;!-- \/wp:paragraph --&amp;gt;&amp;lt;!-- wp:paragraph --&amp;gt;(Fuente: S&oacute; Escola)&amp;lt;br\/&amp;gt;&amp;lt;!-- \/wp:paragraph --&amp;gt;&lt;\/div&gt;&lt;div id=&amp;quot;cmtt_related_articles&amp;quot; class=&amp;quot;cmtt_related_articles_wrapper&amp;quot;&gt;&lt;div class=&amp;quot;cmtt_related_title cmtt_related_articles_title&amp;quot;&gt;Related Articles: &lt;\/div&gt;&lt;ul class=&amp;quot;cmtt_related&amp;quot;&gt;&lt;li class=&amp;quot;cmtt_related_item&amp;quot;&gt;&lt;a href=&amp;quot;https:\/\/xqthenews.com\/es\/la-educacion-ambiental-como-paradigma-de-la-prevencion-de-incendios-rurales\/&amp;quot;target=&amp;quot;_blank&amp;quot;&gt;La educaci&oacute;n ambiental como paradigma de la prevenci&oacute;n de incendios rurales&lt;\/a&gt;&lt;\/li&gt;&lt;li class=&amp;quot;cmtt_related_item&amp;quot;&gt;&lt;a href=&amp;quot;https:\/\/xqthenews.com\/es\/economia-circular-materia-organica-en-el-pasado-el-presente-y-el-futuro\/&amp;quot;target=&amp;quot;_blank&amp;quot;&gt;Econom&iacute;a circular: materia org&aacute;nica en el pasado, el presente y el futuro&lt;\/a&gt;&lt;\/li&gt;&lt;li class=&amp;quot;cmtt_related_item&amp;quot;&gt;&lt;a href=&amp;quot;https:\/\/xqthenews.com\/es\/ley-de-restauracion-de-la-naturaleza-como-se-propone-restaurar-los-ecosistemas-europeos\/&amp;quot;target=&amp;quot;_blank&amp;quot;&gt;Ley de Restauraci&oacute;n de la Naturaleza: &iquest;C&oacute;mo se propone restaurar los ecosistemas europeos?&lt;\/a&gt;&lt;\/li&gt;&lt;li class=&amp;quot;cmtt_related_item&amp;quot;&gt;&lt;a href=&amp;quot;https:\/\/xqthenews.com\/es\/la-dana-de-un-otono-en-el-mediterraneo-tras-la-tormenta-no-llega-la-calma\/&amp;quot;target=&amp;quot;_blank&amp;quot;&gt;La DANA de un oto&ntilde;o en el Mediterr&aacute;neo: tras la tormenta, no llega la calma&lt;\/a&gt;&lt;\/li&gt;&lt;li class=&amp;quot;cmtt_related_item&amp;quot;&gt;&lt;a href=&amp;quot;https:\/\/xqthenews.com\/es\/restaurar-la-naturaleza-ejemplos-de-exito-en-europa\/&amp;quot;target=&amp;quot;_blank&amp;quot;&gt;Restaurar la naturaleza &amp;#8211; Ejemplos de &eacute;xito en Europa&lt;\/a&gt;&lt;\/li&gt;&lt;\/ul&gt;&lt;\/div&gt;\" href=\"https:\/\/xqthenews.com\/es\/glossary\/naturaleza\/\" data-gt-translate-attributes='[{\"attribute\":\"data-cmtooltip\", \"format\":\"html\"}]' tabindex=\"0\" role=\"link\">Naturaleza<\/a> (UICN) ha expulsado al espacio protegido de su lista verde por el deterioro al que ha sido sometido por p&eacute;rdida de <a class=\"glossaryLink\" aria-describedby=\"tt\" data-cmtooltip=\"&lt;div class=glossaryItemTitle&gt;Biodiversidad&lt;\/div&gt;&lt;div class=glossaryItemBody&gt;&amp;lt;!-- wp:paragraph --&amp;gt;Seg&uacute;n el Convenio sobre la Diversidad Biol&oacute;gica, por biodiversidad se entiende la variabilidad dentro de cada especie, entre las especies y de los ecosistemas.&amp;lt;br\/&amp;gt;&amp;lt;!-- \/wp:paragraph --&amp;gt;&amp;lt;!-- wp:paragraph --&amp;gt;Puede evaluarse a nivel de h&aacute;bitat o de paisaje y se estima a nivel gen&eacute;tico, fenot&iacute;pico (diferencias de caracter&iacute;sticas entre organismos) y\/o funcional (qu&eacute; funciones cumple cada organismo).&amp;lt;br\/&amp;gt;&amp;lt;!-- \/wp:paragraph --&amp;gt;&amp;lt;!-- wp:paragraph --&amp;gt;El tiempo tambi&eacute;n influye en la biodiversidad a varios niveles: por ejemplo, un mismo ecosistema tendr&aacute; variaciones en las especies que lo componen a lo largo de las distintas estaciones, por lo que siempre es necesario evaluar las especies que se dan en un h&aacute;bitat determinado durante un periodo concreto. Del mismo modo, la sincronizaci&oacute;n de los ciclos vitales entre especies es lo que permite, por ejemplo, que el final de la metamorfosis de un insecto polinizador coincida con la &eacute;poca de floraci&oacute;n de las plantas que poliniza.&amp;lt;br\/&amp;gt;&amp;lt;!-- \/wp:paragraph --&amp;gt;&amp;lt;!-- wp:paragraph --&amp;gt;En definitiva, son estas interacciones entre especies las que alteran el flujo de energ&iacute;a y materia en el espacio y el tiempo y, en consecuencia, determinan el funcionamiento del ecosistema.&amp;lt;br\/&amp;gt;&amp;lt;!-- \/wp:paragraph --&amp;gt;&amp;lt;!-- wp:paragraph --&amp;gt;(Fuente: Associa&ccedil;&atilde;o Verde)&amp;lt;br\/&amp;gt;&amp;lt;!-- \/wp:paragraph --&amp;gt;&lt;\/div&gt;&lt;div id=&amp;quot;cmtt_related_articles&amp;quot; class=&amp;quot;cmtt_related_articles_wrapper&amp;quot;&gt;&lt;div class=&amp;quot;cmtt_related_title cmtt_related_articles_title&amp;quot;&gt;Related Articles: &lt;\/div&gt;&lt;ul class=&amp;quot;cmtt_related&amp;quot;&gt;&lt;li class=&amp;quot;cmtt_related_item&amp;quot;&gt;&lt;a href=&amp;quot;https:\/\/xqthenews.com\/es\/aceleradores-y-riesgos-de-la-transicion-energetica-en-europa\/&amp;quot;target=&amp;quot;_blank&amp;quot;&gt;Aceleradores y riesgos de la transici&oacute;n energ&eacute;tica en Europa&lt;\/a&gt;&lt;\/li&gt;&lt;li class=&amp;quot;cmtt_related_item&amp;quot;&gt;&lt;a href=&amp;quot;https:\/\/xqthenews.com\/es\/la-grave-amenaza-a-la-biodiversidad-de-los-peces-de-agua-dulce-en-la-peninsula-iberica\/&amp;quot;target=&amp;quot;_blank&amp;quot;&gt;La grave amenaza a la biodiversidad de los peces de agua dulce en la Pen&iacute;nsula Ib&eacute;rica&lt;\/a&gt;&lt;\/li&gt;&lt;li class=&amp;quot;cmtt_related_item&amp;quot;&gt;&lt;a href=&amp;quot;https:\/\/xqthenews.com\/es\/especies-de-peces-amenazadas-en-portugal-que-se-esta-haciendo-para-salvarlas\/&amp;quot;target=&amp;quot;_blank&amp;quot;&gt;Especies de peces amenazadas en Portugal: &iquest;qu&eacute; se est&aacute; haciendo para salvarlas?&lt;\/a&gt;&lt;\/li&gt;&lt;li class=&amp;quot;cmtt_related_item&amp;quot;&gt;&lt;a href=&amp;quot;https:\/\/xqthenews.com\/es\/greencomp-la-iniciativa-que-puede-transformar-la-educacion-ambiental-de-los-jovenes\/&amp;quot;target=&amp;quot;_blank&amp;quot;&gt;GreenComp: &iquest;La iniciativa que puede transformar la educaci&oacute;n ambiental de los j&oacute;venes?&lt;\/a&gt;&lt;\/li&gt;&lt;\/ul&gt;&lt;\/div&gt;\" href=\"https:\/\/xqthenews.com\/es\/glossary\/biodiversidad\/\" data-gt-translate-attributes='[{\"attribute\":\"data-cmtooltip\", \"format\":\"html\"}]' tabindex=\"0\" role=\"link\">biodiversidad<\/a> incentivada por factores clim&aacute;ticos y la gesti&oacute;n de la Junta de Andaluc&iacute;a liderada por el miembro del Partido Popular Juan Manuel Moreno.<\/p>\n\n\n\n<p>El parque alberga una enorme variedad de <a class=\"glossaryLink\" aria-describedby=\"tt\" data-cmtooltip=\"&lt;div class=glossaryItemTitle&gt;Especies&lt;\/div&gt;&lt;div class=glossaryItemBody&gt;&amp;lt;!-- wp:paragraph --&amp;gt;Se entiende por especie &amp;lt;strong&amp;gt;la unidad b&aacute;sica de clasificaci&oacute;n de los seres vivos,&amp;lt;\/strong&amp;gt; es decir, el pelda&ntilde;o inferior de todas las formas de taxonom&iacute;a biol&oacute;gica. Una especie es un conjunto de organismos capaces de reproducirse y obtener descendencia f&eacute;rtil (no h&iacute;bridos) y que comparten las caracter&iacute;sticas evolutivas b&aacute;sicas que los definen.&amp;lt;br\/&amp;gt;&amp;lt;!-- \/wp:paragraph --&amp;gt;&amp;lt;!-- wp:paragraph --&amp;gt;(Fuente: World Concepts)&amp;lt;br\/&amp;gt;&amp;lt;!-- \/wp:paragraph --&amp;gt;&lt;\/div&gt;&lt;div id=&amp;quot;cmtt_related_articles&amp;quot; class=&amp;quot;cmtt_related_articles_wrapper&amp;quot;&gt;&lt;div class=&amp;quot;cmtt_related_title cmtt_related_articles_title&amp;quot;&gt;Related Articles: &lt;\/div&gt;&lt;ul class=&amp;quot;cmtt_related&amp;quot;&gt;&lt;li class=&amp;quot;cmtt_related_item&amp;quot;&gt;&lt;a href=&amp;quot;https:\/\/xqthenews.com\/es\/glossary\/especies-invasoras\/&amp;quot;target=&amp;quot;_blank&amp;quot;&gt;Glossary:  Especies invasoras&lt;\/a&gt;&lt;\/li&gt;&lt;li class=&amp;quot;cmtt_related_item&amp;quot;&gt;&lt;a href=&amp;quot;https:\/\/xqthenews.com\/es\/restaurar-la-naturaleza-ejemplos-de-exito-en-europa\/&amp;quot;target=&amp;quot;_blank&amp;quot;&gt;Restaurar la naturaleza &amp;#8211; Ejemplos de &eacute;xito en Europa&lt;\/a&gt;&lt;\/li&gt;&lt;li class=&amp;quot;cmtt_related_item&amp;quot;&gt;&lt;a href=&amp;quot;https:\/\/xqthenews.com\/es\/la-neutralidad-de-carbono-los-bosques-como-guardianes-del-equilibrio-climatico\/&amp;quot;target=&amp;quot;_blank&amp;quot;&gt;La neutralidad de carbono: Los bosques como guardianes del equilibrio clim&aacute;tico&lt;\/a&gt;&lt;\/li&gt;&lt;li class=&amp;quot;cmtt_related_item&amp;quot;&gt;&lt;a href=&amp;quot;https:\/\/xqthenews.com\/es\/una-aplicacion-para-identificar-los-cultivos-mas-adecuados-explotacion-por-explotacion\/&amp;quot;target=&amp;quot;_blank&amp;quot;&gt;Una aplicaci&oacute;n para identificar los cultivos m&aacute;s adecuados explotaci&oacute;n por explotaci&oacute;n&lt;\/a&gt;&lt;\/li&gt;&lt;li class=&amp;quot;cmtt_related_item&amp;quot;&gt;&lt;a href=&amp;quot;https:\/\/xqthenews.com\/es\/glossary\/acuicultura\/&amp;quot;target=&amp;quot;_blank&amp;quot;&gt;Glossary:  Acuicultura&lt;\/a&gt;&lt;\/li&gt;&lt;\/ul&gt;&lt;\/div&gt;\" href=\"https:\/\/xqthenews.com\/es\/glossary\/especies\/\" data-gt-translate-attributes='[{\"attribute\":\"data-cmtooltip\", \"format\":\"html\"}]' tabindex=\"0\" role=\"link\">especies<\/a> animales y vegetales <a class=\"glossaryLink\" aria-describedby=\"tt\" data-cmtooltip=\"&lt;div class=glossaryItemTitle&gt;Aut&oacute;ctonas&lt;\/div&gt;&lt;div class=glossaryItemBody&gt;&amp;lt;!-- wp:paragraph --&amp;gt;Las especies aut&oacute;ctonas son aquellas que habitan en su territorio de origen. El t&eacute;rmino aut&oacute;ctono es sin&oacute;nimo de nativo o ind&iacute;gena. Las especies aut&oacute;ctonas tienen grandes ventajas sobre las introducidas. Las especies aut&oacute;ctonas est&aacute;n adaptadas al clima y al suelo, requieren menos riego y son mucho m&aacute;s resistentes a enfermedades y plagas.&amp;lt;br\/&amp;gt;&amp;lt;!-- \/wp:paragraph --&amp;gt;&lt;\/div&gt;&lt;div id=&amp;quot;cmtt_related_articles&amp;quot; class=&amp;quot;cmtt_related_articles_wrapper&amp;quot;&gt;&lt;div class=&amp;quot;cmtt_related_title cmtt_related_articles_title&amp;quot;&gt;Related Articles: &lt;\/div&gt;&lt;ul class=&amp;quot;cmtt_related&amp;quot;&gt;&lt;li class=&amp;quot;cmtt_related_item&amp;quot;&gt;&lt;a href=&amp;quot;https:\/\/xqthenews.com\/es\/donana-vuelve-a-sobrevivir\/&amp;quot;target=&amp;quot;_blank&amp;quot;&gt;Do&ntilde;ana, &iquest;vuelve a sobrevivir?&lt;\/a&gt;&lt;\/li&gt;&lt;li class=&amp;quot;cmtt_related_item&amp;quot;&gt;&lt;a href=&amp;quot;https:\/\/xqthenews.com\/es\/se-conocen-y-combaten-las-especies-exoticas-invasoras\/&amp;quot;target=&amp;quot;_blank&amp;quot;&gt;Se conocen y combaten las especies ex&oacute;ticas invasoras&lt;\/a&gt;&lt;\/li&gt;&lt;li class=&amp;quot;cmtt_related_item&amp;quot;&gt;&lt;a href=&amp;quot;https:\/\/xqthenews.com\/es\/emergencia-climatica-y-retos-sanitarios\/&amp;quot;target=&amp;quot;_blank&amp;quot;&gt;Emergencia clim&aacute;tica y retos sanitarios&lt;\/a&gt;&lt;\/li&gt;&lt;li class=&amp;quot;cmtt_related_item&amp;quot;&gt;&lt;a href=&amp;quot;https:\/\/xqthenews.com\/es\/verdad-y-justicia-para-las-periodistas-kurdas-asesinadas\/&amp;quot;target=&amp;quot;_blank&amp;quot;&gt;Verdad y justicia para las periodistas kurdas asesinadas&lt;\/a&gt;&lt;\/li&gt;&lt;li class=&amp;quot;cmtt_related_item&amp;quot;&gt;&lt;a href=&amp;quot;https:\/\/xqthenews.com\/es\/glossary\/especies-invasoras\/&amp;quot;target=&amp;quot;_blank&amp;quot;&gt;Glossary:  Especies invasoras&lt;\/a&gt;&lt;\/li&gt;&lt;\/ul&gt;&lt;\/div&gt;\" href=\"https:\/\/xqthenews.com\/es\/glossary\/autoctonas\/\" data-gt-translate-attributes='[{\"attribute\":\"data-cmtooltip\", \"format\":\"html\"}]' tabindex=\"0\" role=\"link\">aut&oacute;ctonas<\/a>, muchas de ellas en peligro de extinci&oacute;n, el parque nacional de Do&ntilde;ana est&aacute; considerado como uno de los humedales m&aacute;s importantes para la <a class=\"glossaryLink\" aria-describedby=\"tt\" data-cmtooltip=\"&lt;div class=glossaryItemTitle&gt;Conservaci&oacute;n&lt;\/div&gt;&lt;div class=glossaryItemBody&gt;&amp;lt;!-- wp:paragraph --&amp;gt;La conservaci&oacute;n se refiere al acto o proceso de proteger, preservar o defender algo, normalmente de valor o importancia, de da&ntilde;os, peligros o amenazas. Este concepto puede aplicarse en diferentes contextos, como la salvaguarda de los derechos humanos, la salvaguarda del medio ambiente, la salvaguarda de la seguridad nacional, la salvaguarda del patrimonio cultural, etc.&amp;lt;br\/&amp;gt;&amp;lt;!-- \/wp:paragraph --&amp;gt;&lt;\/div&gt;&lt;div id=&amp;quot;cmtt_related_articles&amp;quot; class=&amp;quot;cmtt_related_articles_wrapper&amp;quot;&gt;&lt;div class=&amp;quot;cmtt_related_title cmtt_related_articles_title&amp;quot;&gt;Related Articles: &lt;\/div&gt;&lt;ul class=&amp;quot;cmtt_related&amp;quot;&gt;&lt;li class=&amp;quot;cmtt_related_item&amp;quot;&gt;&lt;a href=&amp;quot;https:\/\/xqthenews.com\/es\/mensaje-en-una-botella-o-los-plasticos-que-nunca-desaparecen\/&amp;quot;target=&amp;quot;_blank&amp;quot;&gt;Mensaje en una botella, o los pl&aacute;sticos que nunca desaparecen&lt;\/a&gt;&lt;\/li&gt;&lt;li class=&amp;quot;cmtt_related_item&amp;quot;&gt;&lt;a href=&amp;quot;https:\/\/xqthenews.com\/es\/glossary\/educacion-ambiental-ea\/&amp;quot;target=&amp;quot;_blank&amp;quot;&gt;Glossary:  Educaci&oacute;n Ambiental&lt;\/a&gt;&lt;\/li&gt;&lt;li class=&amp;quot;cmtt_related_item&amp;quot;&gt;&lt;a href=&amp;quot;https:\/\/xqthenews.com\/es\/glossary\/agenda-2030\/&amp;quot;target=&amp;quot;_blank&amp;quot;&gt;Glossary:  Agenda 2030&lt;\/a&gt;&lt;\/li&gt;&lt;li class=&amp;quot;cmtt_related_item&amp;quot;&gt;&lt;a href=&amp;quot;https:\/\/xqthenews.com\/es\/donana-vuelve-a-sobrevivir\/&amp;quot;target=&amp;quot;_blank&amp;quot;&gt;Do&ntilde;ana, &iquest;vuelve a sobrevivir?&lt;\/a&gt;&lt;\/li&gt;&lt;li class=&amp;quot;cmtt_related_item&amp;quot;&gt;&lt;a href=&amp;quot;https:\/\/xqthenews.com\/es\/glossary\/fondo-mundial-para-la-naturaleza-wwf\/&amp;quot;target=&amp;quot;_blank&amp;quot;&gt;Glossary:  Fondo Mundial para la Naturaleza (WWF)&lt;\/a&gt;&lt;\/li&gt;&lt;\/ul&gt;&lt;\/div&gt;\" href=\"https:\/\/xqthenews.com\/es\/glossary\/conservacion\/\" data-gt-translate-attributes='[{\"attribute\":\"data-cmtooltip\", \"format\":\"html\"}]' tabindex=\"0\" role=\"link\">conservaci&oacute;n<\/a> de la <a class=\"glossaryLink\" aria-describedby=\"tt\" data-cmtooltip=\"&lt;div class=glossaryItemTitle&gt;Biodiversidad&lt;\/div&gt;&lt;div class=glossaryItemBody&gt;&amp;lt;!-- wp:paragraph --&amp;gt;Seg&uacute;n el Convenio sobre la Diversidad Biol&oacute;gica, por biodiversidad se entiende la variabilidad dentro de cada especie, entre las especies y de los ecosistemas.&amp;lt;br\/&amp;gt;&amp;lt;!-- \/wp:paragraph --&amp;gt;&amp;lt;!-- wp:paragraph --&amp;gt;Puede evaluarse a nivel de h&aacute;bitat o de paisaje y se estima a nivel gen&eacute;tico, fenot&iacute;pico (diferencias de caracter&iacute;sticas entre organismos) y\/o funcional (qu&eacute; funciones cumple cada organismo).&amp;lt;br\/&amp;gt;&amp;lt;!-- \/wp:paragraph --&amp;gt;&amp;lt;!-- wp:paragraph --&amp;gt;El tiempo tambi&eacute;n influye en la biodiversidad a varios niveles: por ejemplo, un mismo ecosistema tendr&aacute; variaciones en las especies que lo componen a lo largo de las distintas estaciones, por lo que siempre es necesario evaluar las especies que se dan en un h&aacute;bitat determinado durante un periodo concreto. Del mismo modo, la sincronizaci&oacute;n de los ciclos vitales entre especies es lo que permite, por ejemplo, que el final de la metamorfosis de un insecto polinizador coincida con la &eacute;poca de floraci&oacute;n de las plantas que poliniza.&amp;lt;br\/&amp;gt;&amp;lt;!-- \/wp:paragraph --&amp;gt;&amp;lt;!-- wp:paragraph --&amp;gt;En definitiva, son estas interacciones entre especies las que alteran el flujo de energ&iacute;a y materia en el espacio y el tiempo y, en consecuencia, determinan el funcionamiento del ecosistema.&amp;lt;br\/&amp;gt;&amp;lt;!-- \/wp:paragraph --&amp;gt;&amp;lt;!-- wp:paragraph --&amp;gt;(Fuente: Associa&ccedil;&atilde;o Verde)&amp;lt;br\/&amp;gt;&amp;lt;!-- \/wp:paragraph --&amp;gt;&lt;\/div&gt;&lt;div id=&amp;quot;cmtt_related_articles&amp;quot; class=&amp;quot;cmtt_related_articles_wrapper&amp;quot;&gt;&lt;div class=&amp;quot;cmtt_related_title cmtt_related_articles_title&amp;quot;&gt;Related Articles: &lt;\/div&gt;&lt;ul class=&amp;quot;cmtt_related&amp;quot;&gt;&lt;li class=&amp;quot;cmtt_related_item&amp;quot;&gt;&lt;a href=&amp;quot;https:\/\/xqthenews.com\/es\/aceleradores-y-riesgos-de-la-transicion-energetica-en-europa\/&amp;quot;target=&amp;quot;_blank&amp;quot;&gt;Aceleradores y riesgos de la transici&oacute;n energ&eacute;tica en Europa&lt;\/a&gt;&lt;\/li&gt;&lt;li class=&amp;quot;cmtt_related_item&amp;quot;&gt;&lt;a href=&amp;quot;https:\/\/xqthenews.com\/es\/la-grave-amenaza-a-la-biodiversidad-de-los-peces-de-agua-dulce-en-la-peninsula-iberica\/&amp;quot;target=&amp;quot;_blank&amp;quot;&gt;La grave amenaza a la biodiversidad de los peces de agua dulce en la Pen&iacute;nsula Ib&eacute;rica&lt;\/a&gt;&lt;\/li&gt;&lt;li class=&amp;quot;cmtt_related_item&amp;quot;&gt;&lt;a href=&amp;quot;https:\/\/xqthenews.com\/es\/especies-de-peces-amenazadas-en-portugal-que-se-esta-haciendo-para-salvarlas\/&amp;quot;target=&amp;quot;_blank&amp;quot;&gt;Especies de peces amenazadas en Portugal: &iquest;qu&eacute; se est&aacute; haciendo para salvarlas?&lt;\/a&gt;&lt;\/li&gt;&lt;li class=&amp;quot;cmtt_related_item&amp;quot;&gt;&lt;a href=&amp;quot;https:\/\/xqthenews.com\/es\/greencomp-la-iniciativa-que-puede-transformar-la-educacion-ambiental-de-los-jovenes\/&amp;quot;target=&amp;quot;_blank&amp;quot;&gt;GreenComp: &iquest;La iniciativa que puede transformar la educaci&oacute;n ambiental de los j&oacute;venes?&lt;\/a&gt;&lt;\/li&gt;&lt;\/ul&gt;&lt;\/div&gt;\" href=\"https:\/\/xqthenews.com\/es\/glossary\/biodiversidad\/\" data-gt-translate-attributes='[{\"attribute\":\"data-cmtooltip\", \"format\":\"html\"}]' tabindex=\"0\" role=\"link\">biodiversidad<\/a> del planeta Tierra. El problema es que Do&ntilde;ana sufre desde hace a&ntilde;os, como otros humedales, una grave escasez de agua por culpa de la <a class=\"glossaryLink\" aria-describedby=\"tt\" data-cmtooltip=\"&lt;div class=glossaryItemTitle&gt;Sequ&iacute;a&lt;\/div&gt;&lt;div class=glossaryItemBody&gt;&amp;lt;!-- wp:paragraph --&amp;gt;Periodo de tiempo prolongado en el que llueve muy poco o nada, lo que provoca una falta de agua. La sequ&iacute;a puede acarrear problemas a la agricultura, los animales y las personas que dependen del agua.&amp;lt;br\/&amp;gt;&amp;lt;!-- \/wp:paragraph --&amp;gt;&amp;lt;!-- wp:paragraph --&amp;gt;&amp;lt;br\/&amp;gt;&amp;lt;!-- \/wp:paragraph --&amp;gt;&lt;\/div&gt;&lt;div id=&amp;quot;cmtt_related_articles&amp;quot; class=&amp;quot;cmtt_related_articles_wrapper&amp;quot;&gt;&lt;div class=&amp;quot;cmtt_related_title cmtt_related_articles_title&amp;quot;&gt;Related Articles: &lt;\/div&gt;&lt;ul class=&amp;quot;cmtt_related&amp;quot;&gt;&lt;li class=&amp;quot;cmtt_related_item&amp;quot;&gt;&lt;a href=&amp;quot;https:\/\/xqthenews.com\/es\/glossary\/acuiferos-subterraneos\/&amp;quot;target=&amp;quot;_blank&amp;quot;&gt;Glossary:  Acu&iacute;feros subterr&aacute;neos&lt;\/a&gt;&lt;\/li&gt;&lt;li class=&amp;quot;cmtt_related_item&amp;quot;&gt;&lt;a href=&amp;quot;https:\/\/xqthenews.com\/es\/el-impacto-del-cambio-climatico-en-el-sur-de-italia\/&amp;quot;target=&amp;quot;_blank&amp;quot;&gt;El impacto del cambio clim&aacute;tico en el sur de Italia&lt;\/a&gt;&lt;\/li&gt;&lt;li class=&amp;quot;cmtt_related_item&amp;quot;&gt;&lt;a href=&amp;quot;https:\/\/xqthenews.com\/es\/portugal-entre-los-paises-europeos-mas-afectados-por-los-fenomenos-meteorologicos-extremos\/&amp;quot;target=&amp;quot;_blank&amp;quot;&gt;Portugal entre los pa&iacute;ses europeos m&aacute;s afectados por los fen&oacute;menos meteorol&oacute;gicos extremos&lt;\/a&gt;&lt;\/li&gt;&lt;li class=&amp;quot;cmtt_related_item&amp;quot;&gt;&lt;a href=&amp;quot;https:\/\/xqthenews.com\/es\/recuperando-buenas-practicas-agricolas-para-derrotar-a-la-bacteria-xylella\/&amp;quot;target=&amp;quot;_blank&amp;quot;&gt;Recuperando buenas pr&aacute;cticas agr&iacute;colas para derrotar a la bacteria Xylella&lt;\/a&gt;&lt;\/li&gt;&lt;li class=&amp;quot;cmtt_related_item&amp;quot;&gt;&lt;a href=&amp;quot;https:\/\/xqthenews.com\/es\/contribuyen-las-nuevas-tecnologias-de-inteligencia-artificial-al-cambio-climatico-la-respuesta-esta-en-el-agua-y-en-la-energia\/&amp;quot;target=&amp;quot;_blank&amp;quot;&gt;&iquest;Contribuyen las nuevas tecnolog&iacute;as de inteligencia artificial al cambio clim&aacute;tico?&nbsp; La respuesta est&aacute; en el agua y en la energ&iacute;a&lt;\/a&gt;&lt;\/li&gt;&lt;\/ul&gt;&lt;\/div&gt;\" href=\"https:\/\/xqthenews.com\/es\/glossary\/sequia\/\" data-gt-translate-attributes='[{\"attribute\":\"data-cmtooltip\", \"format\":\"html\"}]' tabindex=\"0\" role=\"link\">sequ&iacute;a<\/a> y, sobre todo, por el abuso que hacen los agricultores para regar sus cultivos de frutos rojos: fresas, frambuesas y moras, principalmente.<\/p>\n\n\n\n<p>La extracci&oacute;n desmedida de agua del subsuelo del parque y la grave <a class=\"glossaryLink\" aria-describedby=\"tt\" data-cmtooltip=\"&lt;div class=glossaryItemTitle&gt;Sequ&iacute;a&lt;\/div&gt;&lt;div class=glossaryItemBody&gt;&amp;lt;!-- wp:paragraph --&amp;gt;Periodo de tiempo prolongado en el que llueve muy poco o nada, lo que provoca una falta de agua. La sequ&iacute;a puede acarrear problemas a la agricultura, los animales y las personas que dependen del agua.&amp;lt;br\/&amp;gt;&amp;lt;!-- \/wp:paragraph --&amp;gt;&amp;lt;!-- wp:paragraph --&amp;gt;&amp;lt;br\/&amp;gt;&amp;lt;!-- \/wp:paragraph --&amp;gt;&lt;\/div&gt;&lt;div id=&amp;quot;cmtt_related_articles&amp;quot; class=&amp;quot;cmtt_related_articles_wrapper&amp;quot;&gt;&lt;div class=&amp;quot;cmtt_related_title cmtt_related_articles_title&amp;quot;&gt;Related Articles: &lt;\/div&gt;&lt;ul class=&amp;quot;cmtt_related&amp;quot;&gt;&lt;li class=&amp;quot;cmtt_related_item&amp;quot;&gt;&lt;a href=&amp;quot;https:\/\/xqthenews.com\/es\/glossary\/acuiferos-subterraneos\/&amp;quot;target=&amp;quot;_blank&amp;quot;&gt;Glossary:  Acu&iacute;feros subterr&aacute;neos&lt;\/a&gt;&lt;\/li&gt;&lt;li class=&amp;quot;cmtt_related_item&amp;quot;&gt;&lt;a href=&amp;quot;https:\/\/xqthenews.com\/es\/el-impacto-del-cambio-climatico-en-el-sur-de-italia\/&amp;quot;target=&amp;quot;_blank&amp;quot;&gt;El impacto del cambio clim&aacute;tico en el sur de Italia&lt;\/a&gt;&lt;\/li&gt;&lt;li class=&amp;quot;cmtt_related_item&amp;quot;&gt;&lt;a href=&amp;quot;https:\/\/xqthenews.com\/es\/portugal-entre-los-paises-europeos-mas-afectados-por-los-fenomenos-meteorologicos-extremos\/&amp;quot;target=&amp;quot;_blank&amp;quot;&gt;Portugal entre los pa&iacute;ses europeos m&aacute;s afectados por los fen&oacute;menos meteorol&oacute;gicos extremos&lt;\/a&gt;&lt;\/li&gt;&lt;li class=&amp;quot;cmtt_related_item&amp;quot;&gt;&lt;a href=&amp;quot;https:\/\/xqthenews.com\/es\/recuperando-buenas-practicas-agricolas-para-derrotar-a-la-bacteria-xylella\/&amp;quot;target=&amp;quot;_blank&amp;quot;&gt;Recuperando buenas pr&aacute;cticas agr&iacute;colas para derrotar a la bacteria Xylella&lt;\/a&gt;&lt;\/li&gt;&lt;li class=&amp;quot;cmtt_related_item&amp;quot;&gt;&lt;a href=&amp;quot;https:\/\/xqthenews.com\/es\/contribuyen-las-nuevas-tecnologias-de-inteligencia-artificial-al-cambio-climatico-la-respuesta-esta-en-el-agua-y-en-la-energia\/&amp;quot;target=&amp;quot;_blank&amp;quot;&gt;&iquest;Contribuyen las nuevas tecnolog&iacute;as de inteligencia artificial al cambio clim&aacute;tico?&nbsp; La respuesta est&aacute; en el agua y en la energ&iacute;a&lt;\/a&gt;&lt;\/li&gt;&lt;\/ul&gt;&lt;\/div&gt;\" href=\"https:\/\/xqthenews.com\/es\/glossary\/sequia\/\" data-gt-translate-attributes='[{\"attribute\":\"data-cmtooltip\", \"format\":\"html\"}]' tabindex=\"0\" role=\"link\">sequ&iacute;a<\/a> de los &uacute;ltimos a&ntilde;os, atribuida por los cient&iacute;ficos al <a class=\"glossaryLink\" aria-describedby=\"tt\" data-cmtooltip=\"&lt;div class=glossaryItemTitle&gt;Cambio clim&aacute;tico&lt;\/div&gt;&lt;div class=glossaryItemBody&gt;&amp;lt;!-- wp:paragraph --&amp;gt;Causado por el calentamiento global, el cambio clim&aacute;tico se refiere a las variaciones en los patrones clim&aacute;ticos a largo plazo en la Tierra, como la temperatura, el nivel del mar y las precipitaciones.&amp;lt;br\/&amp;gt;&amp;lt;!-- \/wp:paragraph --&amp;gt;&amp;lt;!-- wp:paragraph --&amp;gt;&amp;lt;em&amp;gt;(Fuente: European Youth Portal)&amp;lt;\/em&amp;gt;&amp;lt;br\/&amp;gt;&amp;lt;!-- \/wp:paragraph --&amp;gt;&lt;\/div&gt;&lt;div id=&amp;quot;cmtt_related_articles&amp;quot; class=&amp;quot;cmtt_related_articles_wrapper&amp;quot;&gt;&lt;div class=&amp;quot;cmtt_related_title cmtt_related_articles_title&amp;quot;&gt;Related Articles: &lt;\/div&gt;&lt;ul class=&amp;quot;cmtt_related&amp;quot;&gt;&lt;li class=&amp;quot;cmtt_related_item&amp;quot;&gt;&lt;a href=&amp;quot;https:\/\/xqthenews.com\/es\/economia-circular-materia-organica-en-el-pasado-el-presente-y-el-futuro\/&amp;quot;target=&amp;quot;_blank&amp;quot;&gt;Econom&iacute;a circular: materia org&aacute;nica en el pasado, el presente y el futuro&lt;\/a&gt;&lt;\/li&gt;&lt;li class=&amp;quot;cmtt_related_item&amp;quot;&gt;&lt;a href=&amp;quot;https:\/\/xqthenews.com\/es\/emergencia-climatica-y-retos-sanitarios\/&amp;quot;target=&amp;quot;_blank&amp;quot;&gt;Emergencia clim&aacute;tica y retos sanitarios&lt;\/a&gt;&lt;\/li&gt;&lt;li class=&amp;quot;cmtt_related_item&amp;quot;&gt;&lt;a href=&amp;quot;https:\/\/xqthenews.com\/es\/portugal-entre-los-paises-europeos-mas-afectados-por-los-fenomenos-meteorologicos-extremos\/&amp;quot;target=&amp;quot;_blank&amp;quot;&gt;Portugal entre los pa&iacute;ses europeos m&aacute;s afectados por los fen&oacute;menos meteorol&oacute;gicos extremos&lt;\/a&gt;&lt;\/li&gt;&lt;li class=&amp;quot;cmtt_related_item&amp;quot;&gt;&lt;a href=&amp;quot;https:\/\/xqthenews.com\/es\/ley-de-restauracion-de-la-naturaleza-como-se-propone-restaurar-los-ecosistemas-europeos\/&amp;quot;target=&amp;quot;_blank&amp;quot;&gt;Ley de Restauraci&oacute;n de la Naturaleza: &iquest;C&oacute;mo se propone restaurar los ecosistemas europeos?&lt;\/a&gt;&lt;\/li&gt;&lt;li class=&amp;quot;cmtt_related_item&amp;quot;&gt;&lt;a href=&amp;quot;https:\/\/xqthenews.com\/es\/glossary\/descarbonizacion\/&amp;quot;target=&amp;quot;_blank&amp;quot;&gt;Glossary:  Descarbonizaci&oacute;n&lt;\/a&gt;&lt;\/li&gt;&lt;\/ul&gt;&lt;\/div&gt;\" href=\"https:\/\/xqthenews.com\/es\/glossary\/cambio-climatico\/\" data-gt-translate-attributes='[{\"attribute\":\"data-cmtooltip\", \"format\":\"html\"}]' tabindex=\"0\" role=\"link\">cambio clim&aacute;tico<\/a>, han provocado que el 60 por ciento de las 2.867 lagunas que hab&iacute;a en Do&ntilde;ana en 2014 han desaparecido por completo. Sus cuarteados lechos de limo han sido tomados por matorrales que dif&iacute;cilmente van a permitir que vuelvan a estar inundados incluso en el supuesto de que alg&uacute;n a&ntilde;o llueva de forma abundante. En 2023 quedaban apenas algo m&aacute;s de 400 lagunas y muchas de ellas hab&iacute;an perdido superficie inundada y tiempo de inundaci&oacute;n. Esto ocurre pese a que Do&ntilde;ana se asienta sobre un gigantesco <a class=\"glossaryLink\" aria-describedby=\"tt\" data-cmtooltip=\"&lt;div class=glossaryItemTitle&gt;Acu&iacute;fero&lt;\/div&gt;&lt;div class=glossaryItemBody&gt;&amp;lt;!-- wp:paragraph --&amp;gt;Reserva natural subterr&aacute;nea de agua, capaz de abastecer manantiales, pozos y suministrar agua para usos humanos y naturales.&amp;lt;br\/&amp;gt;&amp;lt;!-- \/wp:paragraph --&amp;gt;&lt;\/div&gt;&lt;div id=&amp;quot;cmtt_related_articles&amp;quot; class=&amp;quot;cmtt_related_articles_wrapper&amp;quot;&gt;&lt;div class=&amp;quot;cmtt_related_title cmtt_related_articles_title&amp;quot;&gt;Related Articles: &lt;\/div&gt;&lt;ul class=&amp;quot;cmtt_related&amp;quot;&gt;&lt;li class=&amp;quot;cmtt_related_item&amp;quot;&gt;&lt;a href=&amp;quot;https:\/\/xqthenews.com\/es\/donana-vuelve-a-sobrevivir\/&amp;quot;target=&amp;quot;_blank&amp;quot;&gt;Do&ntilde;ana, &iquest;vuelve a sobrevivir?&lt;\/a&gt;&lt;\/li&gt;&lt;\/ul&gt;&lt;\/div&gt;\" href=\"https:\/\/xqthenews.com\/es\/glossary\/acuifero\/\" data-gt-translate-attributes='[{\"attribute\":\"data-cmtooltip\", \"format\":\"html\"}]' tabindex=\"0\" role=\"link\">acu&iacute;fero<\/a> de 2.300 kil&oacute;metros cuadrados, el mayor de Andaluc&iacute;a. <a class=\"glossaryLink\" aria-describedby=\"tt\" data-cmtooltip=\"&lt;div class=glossaryItemTitle&gt;Acu&iacute;fero&lt;\/div&gt;&lt;div class=glossaryItemBody&gt;&amp;lt;!-- wp:paragraph --&amp;gt;Reserva natural subterr&aacute;nea de agua, capaz de abastecer manantiales, pozos y suministrar agua para usos humanos y naturales.&amp;lt;br\/&amp;gt;&amp;lt;!-- \/wp:paragraph --&amp;gt;&lt;\/div&gt;&lt;div id=&amp;quot;cmtt_related_articles&amp;quot; class=&amp;quot;cmtt_related_articles_wrapper&amp;quot;&gt;&lt;div class=&amp;quot;cmtt_related_title cmtt_related_articles_title&amp;quot;&gt;Related Articles: &lt;\/div&gt;&lt;ul class=&amp;quot;cmtt_related&amp;quot;&gt;&lt;li class=&amp;quot;cmtt_related_item&amp;quot;&gt;&lt;a href=&amp;quot;https:\/\/xqthenews.com\/es\/donana-vuelve-a-sobrevivir\/&amp;quot;target=&amp;quot;_blank&amp;quot;&gt;Do&ntilde;ana, &iquest;vuelve a sobrevivir?&lt;\/a&gt;&lt;\/li&gt;&lt;\/ul&gt;&lt;\/div&gt;\" href=\"https:\/\/xqthenews.com\/es\/glossary\/acuifero\/\" data-gt-translate-attributes='[{\"attribute\":\"data-cmtooltip\", \"format\":\"html\"}]' tabindex=\"0\" role=\"link\">Acu&iacute;fero<\/a> del que se surten los agricultores de la fresa (de los que en torno a 1.900 hect&aacute;reas lo hacen de forma ilegal) y aproximadamente 200.000 habitantes de 14 poblaciones de la zona, adem&aacute;s de una gran urbanizaci&oacute;n de playa llamada Matalasca&ntilde;as que en verano acoge alrededor de 300.000 personas.<\/p>\n\n\n\n<figure class=\"wp-block-image size-full is-resized\"><img decoding=\"async\" width=\"1024\" height=\"893\" src=\"https:\/\/sad-borg.82-223-8-23.plesk.page\/wp-content\/uploads\/2023\/12\/WhatsApp-Image-2023-12-14-at-16.23.52-2.jpeg\" alt=\"\" class=\"wp-image-15673\" style=\"width:820px;height:auto\" srcset=\"https:\/\/xqthenews.com\/wp-content\/uploads\/2023\/12\/WhatsApp-Image-2023-12-14-at-16.23.52-2.jpeg 1024w, https:\/\/xqthenews.com\/wp-content\/uploads\/2023\/12\/WhatsApp-Image-2023-12-14-at-16.23.52-2-300x262.jpeg 300w, https:\/\/xqthenews.com\/wp-content\/uploads\/2023\/12\/WhatsApp-Image-2023-12-14-at-16.23.52-2-768x670.jpeg 768w, https:\/\/xqthenews.com\/wp-content\/uploads\/2023\/12\/WhatsApp-Image-2023-12-14-at-16.23.52-2-980x855.jpeg 980w, https:\/\/xqthenews.com\/wp-content\/uploads\/2023\/12\/WhatsApp-Image-2023-12-14-at-16.23.52-2-480x419.jpeg 480w\" sizes=\"(max-width: 1024px) 100vw, 1024px\"\/><figcaption class=\"wp-element-caption\">Imagen a&eacute;rea de zonas h&uacute;medas de Do&ntilde;ana.<\/figcaption><\/figure>\n\n\n\n<p>Desarrollo econ&oacute;mico o protecci&oacute;n de la <a class=\"glossaryLink\" aria-describedby=\"tt\" data-cmtooltip=\"&lt;div class=glossaryItemTitle&gt;Naturaleza&lt;\/div&gt;&lt;div class=glossaryItemBody&gt;&amp;lt;!-- wp:paragraph --&amp;gt;Naturaleza es un t&eacute;rmino amplio que se refiere a todo lo que existe en el mundo natural, incluidos todos los seres vivos, plantas, animales, ecosistemas, paisajes, fen&oacute;menos naturales y recursos naturales. Es el conjunto de elementos que conforman el entorno en el que vivimos, incluidos el aire, el agua, el suelo y la biodiversidad.&amp;lt;br\/&amp;gt;&amp;lt;!-- \/wp:paragraph --&amp;gt;&amp;lt;!-- wp:paragraph --&amp;gt;(Fuente: S&oacute; Escola)&amp;lt;br\/&amp;gt;&amp;lt;!-- \/wp:paragraph --&amp;gt;&lt;\/div&gt;&lt;div id=&amp;quot;cmtt_related_articles&amp;quot; class=&amp;quot;cmtt_related_articles_wrapper&amp;quot;&gt;&lt;div class=&amp;quot;cmtt_related_title cmtt_related_articles_title&amp;quot;&gt;Related Articles: &lt;\/div&gt;&lt;ul class=&amp;quot;cmtt_related&amp;quot;&gt;&lt;li class=&amp;quot;cmtt_related_item&amp;quot;&gt;&lt;a href=&amp;quot;https:\/\/xqthenews.com\/es\/la-educacion-ambiental-como-paradigma-de-la-prevencion-de-incendios-rurales\/&amp;quot;target=&amp;quot;_blank&amp;quot;&gt;La educaci&oacute;n ambiental como paradigma de la prevenci&oacute;n de incendios rurales&lt;\/a&gt;&lt;\/li&gt;&lt;li class=&amp;quot;cmtt_related_item&amp;quot;&gt;&lt;a href=&amp;quot;https:\/\/xqthenews.com\/es\/economia-circular-materia-organica-en-el-pasado-el-presente-y-el-futuro\/&amp;quot;target=&amp;quot;_blank&amp;quot;&gt;Econom&iacute;a circular: materia org&aacute;nica en el pasado, el presente y el futuro&lt;\/a&gt;&lt;\/li&gt;&lt;li class=&amp;quot;cmtt_related_item&amp;quot;&gt;&lt;a href=&amp;quot;https:\/\/xqthenews.com\/es\/ley-de-restauracion-de-la-naturaleza-como-se-propone-restaurar-los-ecosistemas-europeos\/&amp;quot;target=&amp;quot;_blank&amp;quot;&gt;Ley de Restauraci&oacute;n de la Naturaleza: &iquest;C&oacute;mo se propone restaurar los ecosistemas europeos?&lt;\/a&gt;&lt;\/li&gt;&lt;li class=&amp;quot;cmtt_related_item&amp;quot;&gt;&lt;a href=&amp;quot;https:\/\/xqthenews.com\/es\/la-dana-de-un-otono-en-el-mediterraneo-tras-la-tormenta-no-llega-la-calma\/&amp;quot;target=&amp;quot;_blank&amp;quot;&gt;La DANA de un oto&ntilde;o en el Mediterr&aacute;neo: tras la tormenta, no llega la calma&lt;\/a&gt;&lt;\/li&gt;&lt;li class=&amp;quot;cmtt_related_item&amp;quot;&gt;&lt;a href=&amp;quot;https:\/\/xqthenews.com\/es\/restaurar-la-naturaleza-ejemplos-de-exito-en-europa\/&amp;quot;target=&amp;quot;_blank&amp;quot;&gt;Restaurar la naturaleza &amp;#8211; Ejemplos de &eacute;xito en Europa&lt;\/a&gt;&lt;\/li&gt;&lt;\/ul&gt;&lt;\/div&gt;\" href=\"https:\/\/xqthenews.com\/es\/glossary\/naturaleza\/\" data-gt-translate-attributes='[{\"attribute\":\"data-cmtooltip\", \"format\":\"html\"}]' tabindex=\"0\" role=\"link\">naturaleza<\/a> es la <a class=\"glossaryLink\" aria-describedby=\"tt\" data-cmtooltip=\"&lt;div class=glossaryItemTitle&gt;Disyuntiva&lt;\/div&gt;&lt;div class=glossaryItemBody&gt;&amp;lt;!-- wp:paragraph --&amp;gt;Una situaci&oacute;n que requiere elegir entre dos opciones igualmente importantes o problem&aacute;ticas, generando un dilema o conflicto de elecci&oacute;n.&amp;lt;br\/&amp;gt;&amp;lt;!-- \/wp:paragraph --&amp;gt;&lt;\/div&gt;&lt;div id=&amp;quot;cmtt_related_articles&amp;quot; class=&amp;quot;cmtt_related_articles_wrapper&amp;quot;&gt;&lt;div class=&amp;quot;cmtt_related_title cmtt_related_articles_title&amp;quot;&gt;Related Articles: &lt;\/div&gt;&lt;ul class=&amp;quot;cmtt_related&amp;quot;&gt;&lt;li class=&amp;quot;cmtt_related_item&amp;quot;&gt;&lt;a href=&amp;quot;https:\/\/xqthenews.com\/es\/donana-vuelve-a-sobrevivir\/&amp;quot;target=&amp;quot;_blank&amp;quot;&gt;Do&ntilde;ana, &iquest;vuelve a sobrevivir?&lt;\/a&gt;&lt;\/li&gt;&lt;\/ul&gt;&lt;\/div&gt;\" href=\"https:\/\/xqthenews.com\/es\/glossary\/disyuntiva\/\" data-gt-translate-attributes='[{\"attribute\":\"data-cmtooltip\", \"format\":\"html\"}]' tabindex=\"0\" role=\"link\">disyuntiva<\/a> a la que se enfrenta Do&ntilde;ana, como tantos otros espacios de inter&eacute;s ecol&oacute;gico. La econom&iacute;a aparece hist&oacute;ricamente asociada a la destrucci&oacute;n de h&aacute;bitats naturales. &iquest;Ser&aacute; Do&ntilde;ana capaz de romper esa tradici&oacute;n? De momento lo est&aacute; logrando, aunque a cambio de sufrir enormes heridas y de fuertes inversiones de dinero a cambio de que no sucumba. La &uacute;ltima batalla, el robo del agua de su subsuelo, parece haberla ganado con un pacto para que los agricultores del norte del parque cierren los pozos y transformen sus regad&iacute;os en bosques o en arboledas de almendros de secano. A cambio, recibir&aacute;n 100.000 euros durante diez a&ntilde;os por <a class=\"glossaryLink\" aria-describedby=\"tt\" data-cmtooltip=\"&lt;div class=glossaryItemTitle&gt;Hect&aacute;rea&lt;\/div&gt;&lt;div class=glossaryItemBody&gt;&amp;lt;!-- wp:paragraph --&amp;gt;La hect&aacute;rea es una unidad de medida agr&iacute;cola. Es la medida m&aacute;s utilizada para calcular el tama&ntilde;o de las superficies agr&iacute;colas, los bosques y los espacios naturales. 1ha (una hect&aacute;rea) equivale a 10.000m2 (diez mil metros cuadrados).&amp;lt;br\/&amp;gt;&amp;lt;!-- \/wp:paragraph --&amp;gt;&lt;\/div&gt;&lt;div id=&amp;quot;cmtt_related_articles&amp;quot; class=&amp;quot;cmtt_related_articles_wrapper&amp;quot;&gt;&lt;div class=&amp;quot;cmtt_related_title cmtt_related_articles_title&amp;quot;&gt;Related Articles: &lt;\/div&gt;&lt;ul class=&amp;quot;cmtt_related&amp;quot;&gt;&lt;li class=&amp;quot;cmtt_related_item&amp;quot;&gt;&lt;a href=&amp;quot;https:\/\/xqthenews.com\/es\/donana-vuelve-a-sobrevivir\/&amp;quot;target=&amp;quot;_blank&amp;quot;&gt;Do&ntilde;ana, &iquest;vuelve a sobrevivir?&lt;\/a&gt;&lt;\/li&gt;&lt;\/ul&gt;&lt;\/div&gt;\" href=\"https:\/\/xqthenews.com\/es\/glossary\/hectarea\/\" data-gt-translate-attributes='[{\"attribute\":\"data-cmtooltip\", \"format\":\"html\"}]' tabindex=\"0\" role=\"link\">hect&aacute;rea<\/a> transformada. Es la respuesta de los gobiernos espa&ntilde;ol y andaluz a las duras advertencias de la <a class=\"glossaryLink\" aria-describedby=\"tt\" data-cmtooltip=\"&lt;div class=glossaryItemTitle&gt;Comisi&oacute;n Europea&lt;\/div&gt;&lt;div class=glossaryItemBody&gt;&amp;lt;!-- wp:paragraph --&amp;gt;La Comisi&oacute;n Europea es el &oacute;rgano ejecutivo de la Uni&oacute;n Europea, responsable de proponer legislaci&oacute;n y gestionar pol&iacute;ticas en nombre de la UE.&amp;lt;br\/&amp;gt;&amp;lt;!-- \/wp:paragraph --&amp;gt;&lt;\/div&gt;&lt;div id=&amp;quot;cmtt_related_articles&amp;quot; class=&amp;quot;cmtt_related_articles_wrapper&amp;quot;&gt;&lt;div class=&amp;quot;cmtt_related_title cmtt_related_articles_title&amp;quot;&gt;Related Articles: &lt;\/div&gt;&lt;ul class=&amp;quot;cmtt_related&amp;quot;&gt;&lt;li class=&amp;quot;cmtt_related_item&amp;quot;&gt;&lt;a href=&amp;quot;https:\/\/xqthenews.com\/es\/luchar-contra-el-cambio-climatico-tambien-es-combatir-la-desinformacion\/&amp;quot;target=&amp;quot;_blank&amp;quot;&gt;Luchar contra el cambio clim&aacute;tico tambi&eacute;n es combatir la desinformaci&oacute;n&lt;\/a&gt;&lt;\/li&gt;&lt;li class=&amp;quot;cmtt_related_item&amp;quot;&gt;&lt;a href=&amp;quot;https:\/\/xqthenews.com\/es\/metaverso-que-retos-sociales-nos-esperan\/&amp;quot;target=&amp;quot;_blank&amp;quot;&gt;Metaverso, qu&eacute; retos sociales nos esperan&lt;\/a&gt;&lt;\/li&gt;&lt;li class=&amp;quot;cmtt_related_item&amp;quot;&gt;&lt;a href=&amp;quot;https:\/\/xqthenews.com\/es\/viola-la-inteligencia-artificial-los-derechos-humanos\/&amp;quot;target=&amp;quot;_blank&amp;quot;&gt;&iquest;Viola la inteligencia artificial los derechos humanos?&lt;\/a&gt;&lt;\/li&gt;&lt;li class=&amp;quot;cmtt_related_item&amp;quot;&gt;&lt;a href=&amp;quot;https:\/\/xqthenews.com\/es\/movimientos-juveniles-en-europa-en-busca-de-respuestas-a-la-crisis-climatica\/&amp;quot;target=&amp;quot;_blank&amp;quot;&gt;Movimientos juveniles en Europa en busca de respuestas a la crisis clim&aacute;tica&lt;\/a&gt;&lt;\/li&gt;&lt;li class=&amp;quot;cmtt_related_item&amp;quot;&gt;&lt;a href=&amp;quot;https:\/\/xqthenews.com\/es\/tu-fiambrera-de-plastico-contamina-el-planeta-y-tu-sistema-endocrino\/&amp;quot;target=&amp;quot;_blank&amp;quot;&gt;Tu fiambrera de pl&aacute;stico contamina el planeta y tu sistema endocrino&lt;\/a&gt;&lt;\/li&gt;&lt;\/ul&gt;&lt;\/div&gt;\" href=\"https:\/\/xqthenews.com\/es\/glossary\/comision-europea\/\" data-gt-translate-attributes='[{\"attribute\":\"data-cmtooltip\", \"format\":\"html\"}]' tabindex=\"0\" role=\"link\">Comisi&oacute;n Europea<\/a>, que amenaza con duras sanciones, la UNESCO y otros organismos internacionales por no ser capaces de garantizar la <a class=\"glossaryLink\" aria-describedby=\"tt\" data-cmtooltip=\"&lt;div class=glossaryItemTitle&gt;Conservaci&oacute;n&lt;\/div&gt;&lt;div class=glossaryItemBody&gt;&amp;lt;!-- wp:paragraph --&amp;gt;La conservaci&oacute;n se refiere al acto o proceso de proteger, preservar o defender algo, normalmente de valor o importancia, de da&ntilde;os, peligros o amenazas. Este concepto puede aplicarse en diferentes contextos, como la salvaguarda de los derechos humanos, la salvaguarda del medio ambiente, la salvaguarda de la seguridad nacional, la salvaguarda del patrimonio cultural, etc.&amp;lt;br\/&amp;gt;&amp;lt;!-- \/wp:paragraph --&amp;gt;&lt;\/div&gt;&lt;div id=&amp;quot;cmtt_related_articles&amp;quot; class=&amp;quot;cmtt_related_articles_wrapper&amp;quot;&gt;&lt;div class=&amp;quot;cmtt_related_title cmtt_related_articles_title&amp;quot;&gt;Related Articles: &lt;\/div&gt;&lt;ul class=&amp;quot;cmtt_related&amp;quot;&gt;&lt;li class=&amp;quot;cmtt_related_item&amp;quot;&gt;&lt;a href=&amp;quot;https:\/\/xqthenews.com\/es\/mensaje-en-una-botella-o-los-plasticos-que-nunca-desaparecen\/&amp;quot;target=&amp;quot;_blank&amp;quot;&gt;Mensaje en una botella, o los pl&aacute;sticos que nunca desaparecen&lt;\/a&gt;&lt;\/li&gt;&lt;li class=&amp;quot;cmtt_related_item&amp;quot;&gt;&lt;a href=&amp;quot;https:\/\/xqthenews.com\/es\/glossary\/educacion-ambiental-ea\/&amp;quot;target=&amp;quot;_blank&amp;quot;&gt;Glossary:  Educaci&oacute;n Ambiental&lt;\/a&gt;&lt;\/li&gt;&lt;li class=&amp;quot;cmtt_related_item&amp;quot;&gt;&lt;a href=&amp;quot;https:\/\/xqthenews.com\/es\/glossary\/agenda-2030\/&amp;quot;target=&amp;quot;_blank&amp;quot;&gt;Glossary:  Agenda 2030&lt;\/a&gt;&lt;\/li&gt;&lt;li class=&amp;quot;cmtt_related_item&amp;quot;&gt;&lt;a href=&amp;quot;https:\/\/xqthenews.com\/es\/donana-vuelve-a-sobrevivir\/&amp;quot;target=&amp;quot;_blank&amp;quot;&gt;Do&ntilde;ana, &iquest;vuelve a sobrevivir?&lt;\/a&gt;&lt;\/li&gt;&lt;li class=&amp;quot;cmtt_related_item&amp;quot;&gt;&lt;a href=&amp;quot;https:\/\/xqthenews.com\/es\/glossary\/fondo-mundial-para-la-naturaleza-wwf\/&amp;quot;target=&amp;quot;_blank&amp;quot;&gt;Glossary:  Fondo Mundial para la Naturaleza (WWF)&lt;\/a&gt;&lt;\/li&gt;&lt;\/ul&gt;&lt;\/div&gt;\" href=\"https:\/\/xqthenews.com\/es\/glossary\/conservacion\/\" data-gt-translate-attributes='[{\"attribute\":\"data-cmtooltip\", \"format\":\"html\"}]' tabindex=\"0\" role=\"link\">conservaci&oacute;n<\/a> de Do&ntilde;ana. Si no se corrige la deriva actual, el parque ser&iacute;a incluido en la lista de espacios en peligro.<\/p>\n\n\n\n<p>No es la primera vez que instituciones internacionales acuden al rescate de Do&ntilde;ana ante las amenazas procedentes de los intereses econ&oacute;micos locales. De hecho, la propia creaci&oacute;n del espacio protegido tuvo su origen en una campa&ntilde;a europea, impulsada en los a&ntilde;os sesenta por el cient&iacute;fico Jos&eacute; Antonio Valverde, para evitar que el <a class=\"glossaryLink\" aria-describedby=\"tt\" data-cmtooltip=\"&lt;div class=glossaryItemTitle&gt;Humedal&lt;\/div&gt;&lt;div class=glossaryItemBody&gt;&amp;lt;!-- wp:paragraph --&amp;gt;&Aacute;rea donde el agua es el protagonista. Lagos, pantanos, r&iacute;os. Crucial para la biodiversidad y regulaci&oacute;n del agua en ecosistemas.&amp;lt;br\/&amp;gt;&amp;lt;!-- \/wp:paragraph --&amp;gt;&lt;\/div&gt;&lt;div id=&amp;quot;cmtt_related_articles&amp;quot; class=&amp;quot;cmtt_related_articles_wrapper&amp;quot;&gt;&lt;div class=&amp;quot;cmtt_related_title cmtt_related_articles_title&amp;quot;&gt;Related Articles: &lt;\/div&gt;&lt;ul class=&amp;quot;cmtt_related&amp;quot;&gt;&lt;li class=&amp;quot;cmtt_related_item&amp;quot;&gt;&lt;a href=&amp;quot;https:\/\/xqthenews.com\/es\/donana-vuelve-a-sobrevivir\/&amp;quot;target=&amp;quot;_blank&amp;quot;&gt;Do&ntilde;ana, &iquest;vuelve a sobrevivir?&lt;\/a&gt;&lt;\/li&gt;&lt;\/ul&gt;&lt;\/div&gt;\" href=\"https:\/\/xqthenews.com\/es\/glossary\/humedal\/\" data-gt-translate-attributes='[{\"attribute\":\"data-cmtooltip\", \"format\":\"html\"}]' tabindex=\"0\" role=\"link\">humedal<\/a> fuese desecado para convertirlo en residencias veraniegas, campos de golf y cultivos intensivos. Miles de escolares europeos recaudaron en los a&ntilde;os sesenta una parte del dinero que sirvi&oacute; para comprar las primeras 7.000 hect&aacute;reas en el coraz&oacute;n del espacio y fue el germen del parque actual. De aquella movilizaci&oacute;n para salvar Do&ntilde;ana surgi&oacute; en Londres la organizaci&oacute;n WWF (World Wildlife Fund). Desde entonces, el parque no ha parado de crecer hasta alcanzar las actuales 128.386 hect&aacute;reas.<\/p>\n\n\n\n<p>Ahora, Do&ntilde;ana es un extenso territorio de especial inter&eacute;s porque alberga 400 <a class=\"glossaryLink\" aria-describedby=\"tt\" data-cmtooltip=\"&lt;div class=glossaryItemTitle&gt;Especies&lt;\/div&gt;&lt;div class=glossaryItemBody&gt;&amp;lt;!-- wp:paragraph --&amp;gt;Se entiende por especie &amp;lt;strong&amp;gt;la unidad b&aacute;sica de clasificaci&oacute;n de los seres vivos,&amp;lt;\/strong&amp;gt; es decir, el pelda&ntilde;o inferior de todas las formas de taxonom&iacute;a biol&oacute;gica. Una especie es un conjunto de organismos capaces de reproducirse y obtener descendencia f&eacute;rtil (no h&iacute;bridos) y que comparten las caracter&iacute;sticas evolutivas b&aacute;sicas que los definen.&amp;lt;br\/&amp;gt;&amp;lt;!-- \/wp:paragraph --&amp;gt;&amp;lt;!-- wp:paragraph --&amp;gt;(Fuente: World Concepts)&amp;lt;br\/&amp;gt;&amp;lt;!-- \/wp:paragraph --&amp;gt;&lt;\/div&gt;&lt;div id=&amp;quot;cmtt_related_articles&amp;quot; class=&amp;quot;cmtt_related_articles_wrapper&amp;quot;&gt;&lt;div class=&amp;quot;cmtt_related_title cmtt_related_articles_title&amp;quot;&gt;Related Articles: &lt;\/div&gt;&lt;ul class=&amp;quot;cmtt_related&amp;quot;&gt;&lt;li class=&amp;quot;cmtt_related_item&amp;quot;&gt;&lt;a href=&amp;quot;https:\/\/xqthenews.com\/es\/glossary\/especies-invasoras\/&amp;quot;target=&amp;quot;_blank&amp;quot;&gt;Glossary:  Especies invasoras&lt;\/a&gt;&lt;\/li&gt;&lt;li class=&amp;quot;cmtt_related_item&amp;quot;&gt;&lt;a href=&amp;quot;https:\/\/xqthenews.com\/es\/restaurar-la-naturaleza-ejemplos-de-exito-en-europa\/&amp;quot;target=&amp;quot;_blank&amp;quot;&gt;Restaurar la naturaleza &amp;#8211; Ejemplos de &eacute;xito en Europa&lt;\/a&gt;&lt;\/li&gt;&lt;li class=&amp;quot;cmtt_related_item&amp;quot;&gt;&lt;a href=&amp;quot;https:\/\/xqthenews.com\/es\/la-neutralidad-de-carbono-los-bosques-como-guardianes-del-equilibrio-climatico\/&amp;quot;target=&amp;quot;_blank&amp;quot;&gt;La neutralidad de carbono: Los bosques como guardianes del equilibrio clim&aacute;tico&lt;\/a&gt;&lt;\/li&gt;&lt;li class=&amp;quot;cmtt_related_item&amp;quot;&gt;&lt;a href=&amp;quot;https:\/\/xqthenews.com\/es\/una-aplicacion-para-identificar-los-cultivos-mas-adecuados-explotacion-por-explotacion\/&amp;quot;target=&amp;quot;_blank&amp;quot;&gt;Una aplicaci&oacute;n para identificar los cultivos m&aacute;s adecuados explotaci&oacute;n por explotaci&oacute;n&lt;\/a&gt;&lt;\/li&gt;&lt;li class=&amp;quot;cmtt_related_item&amp;quot;&gt;&lt;a href=&amp;quot;https:\/\/xqthenews.com\/es\/glossary\/acuicultura\/&amp;quot;target=&amp;quot;_blank&amp;quot;&gt;Glossary:  Acuicultura&lt;\/a&gt;&lt;\/li&gt;&lt;\/ul&gt;&lt;\/div&gt;\" href=\"https:\/\/xqthenews.com\/es\/glossary\/especies\/\" data-gt-translate-attributes='[{\"attribute\":\"data-cmtooltip\", \"format\":\"html\"}]' tabindex=\"0\" role=\"link\">especies<\/a> de aves, 50 de mam&iacute;feros terrestres y marinos, 25 de reptiles, 11 de anfibios, 70 de peces, 1.300 de plantas vasculares, el lince ib&eacute;rico, la tortuga mora, el salinete, el &aacute;guila imperial&hellip; pero amenazado por numerosas agresiones. La &uacute;ltima, el agua. Las m&aacute;quinas tienen que ahondar los zacallones (charcas) para que el ganado pueda beber o para que no se extinga la lenteja de agua (Wolffia Arrhiza), entre otras muchas variedades de plantas acu&aacute;ticas. El gal&aacute;pago europeo, que antes estaba extendido por todo el parque, ha quedado reducido a peque&ntilde;os espacios.&nbsp;<\/p>\n\n\n\n<p>La transformaci&oacute;n del h&aacute;bitat de Do&ntilde;ana sucede a velocidad vertiginosa. El &aacute;guila imperial y el lince ib&eacute;rico, las dos <a class=\"glossaryLink\" aria-describedby=\"tt\" data-cmtooltip=\"&lt;div class=glossaryItemTitle&gt;Especies&lt;\/div&gt;&lt;div class=glossaryItemBody&gt;&amp;lt;!-- wp:paragraph --&amp;gt;Se entiende por especie &amp;lt;strong&amp;gt;la unidad b&aacute;sica de clasificaci&oacute;n de los seres vivos,&amp;lt;\/strong&amp;gt; es decir, el pelda&ntilde;o inferior de todas las formas de taxonom&iacute;a biol&oacute;gica. Una especie es un conjunto de organismos capaces de reproducirse y obtener descendencia f&eacute;rtil (no h&iacute;bridos) y que comparten las caracter&iacute;sticas evolutivas b&aacute;sicas que los definen.&amp;lt;br\/&amp;gt;&amp;lt;!-- \/wp:paragraph --&amp;gt;&amp;lt;!-- wp:paragraph --&amp;gt;(Fuente: World Concepts)&amp;lt;br\/&amp;gt;&amp;lt;!-- \/wp:paragraph --&amp;gt;&lt;\/div&gt;&lt;div id=&amp;quot;cmtt_related_articles&amp;quot; class=&amp;quot;cmtt_related_articles_wrapper&amp;quot;&gt;&lt;div class=&amp;quot;cmtt_related_title cmtt_related_articles_title&amp;quot;&gt;Related Articles: &lt;\/div&gt;&lt;ul class=&amp;quot;cmtt_related&amp;quot;&gt;&lt;li class=&amp;quot;cmtt_related_item&amp;quot;&gt;&lt;a href=&amp;quot;https:\/\/xqthenews.com\/es\/glossary\/especies-invasoras\/&amp;quot;target=&amp;quot;_blank&amp;quot;&gt;Glossary:  Especies invasoras&lt;\/a&gt;&lt;\/li&gt;&lt;li class=&amp;quot;cmtt_related_item&amp;quot;&gt;&lt;a href=&amp;quot;https:\/\/xqthenews.com\/es\/restaurar-la-naturaleza-ejemplos-de-exito-en-europa\/&amp;quot;target=&amp;quot;_blank&amp;quot;&gt;Restaurar la naturaleza &amp;#8211; Ejemplos de &eacute;xito en Europa&lt;\/a&gt;&lt;\/li&gt;&lt;li class=&amp;quot;cmtt_related_item&amp;quot;&gt;&lt;a href=&amp;quot;https:\/\/xqthenews.com\/es\/la-neutralidad-de-carbono-los-bosques-como-guardianes-del-equilibrio-climatico\/&amp;quot;target=&amp;quot;_blank&amp;quot;&gt;La neutralidad de carbono: Los bosques como guardianes del equilibrio clim&aacute;tico&lt;\/a&gt;&lt;\/li&gt;&lt;li class=&amp;quot;cmtt_related_item&amp;quot;&gt;&lt;a href=&amp;quot;https:\/\/xqthenews.com\/es\/una-aplicacion-para-identificar-los-cultivos-mas-adecuados-explotacion-por-explotacion\/&amp;quot;target=&amp;quot;_blank&amp;quot;&gt;Una aplicaci&oacute;n para identificar los cultivos m&aacute;s adecuados explotaci&oacute;n por explotaci&oacute;n&lt;\/a&gt;&lt;\/li&gt;&lt;li class=&amp;quot;cmtt_related_item&amp;quot;&gt;&lt;a href=&amp;quot;https:\/\/xqthenews.com\/es\/glossary\/acuicultura\/&amp;quot;target=&amp;quot;_blank&amp;quot;&gt;Glossary:  Acuicultura&lt;\/a&gt;&lt;\/li&gt;&lt;\/ul&gt;&lt;\/div&gt;\" href=\"https:\/\/xqthenews.com\/es\/glossary\/especies\/\" data-gt-translate-attributes='[{\"attribute\":\"data-cmtooltip\", \"format\":\"html\"}]' tabindex=\"0\" role=\"link\">especies<\/a> m&aacute;s representativas de Do&ntilde;ana, se expanden ahora mejor fuera que dentro del parque. El &aacute;guila imperial ha pasado de 15 a 6 parejas. Lo mismo le pasa al &aacute;guila culebrera, el &aacute;guila calzada y al milano real. El medio mill&oacute;n de aves acu&aacute;ticas que pasaban el invierno en Do&ntilde;ana ha quedado reducido a menos de la mitad y la mayor&iacute;a busca su alimento en los arrozales del entorno. Cuando hay arrozales porque en los &uacute;ltimos a&ntilde;os, con la <a class=\"glossaryLink\" aria-describedby=\"tt\" data-cmtooltip=\"&lt;div class=glossaryItemTitle&gt;Sequ&iacute;a&lt;\/div&gt;&lt;div class=glossaryItemBody&gt;&amp;lt;!-- wp:paragraph --&amp;gt;Periodo de tiempo prolongado en el que llueve muy poco o nada, lo que provoca una falta de agua. La sequ&iacute;a puede acarrear problemas a la agricultura, los animales y las personas que dependen del agua.&amp;lt;br\/&amp;gt;&amp;lt;!-- \/wp:paragraph --&amp;gt;&amp;lt;!-- wp:paragraph --&amp;gt;&amp;lt;br\/&amp;gt;&amp;lt;!-- \/wp:paragraph --&amp;gt;&lt;\/div&gt;&lt;div id=&amp;quot;cmtt_related_articles&amp;quot; class=&amp;quot;cmtt_related_articles_wrapper&amp;quot;&gt;&lt;div class=&amp;quot;cmtt_related_title cmtt_related_articles_title&amp;quot;&gt;Related Articles: &lt;\/div&gt;&lt;ul class=&amp;quot;cmtt_related&amp;quot;&gt;&lt;li class=&amp;quot;cmtt_related_item&amp;quot;&gt;&lt;a href=&amp;quot;https:\/\/xqthenews.com\/es\/glossary\/acuiferos-subterraneos\/&amp;quot;target=&amp;quot;_blank&amp;quot;&gt;Glossary:  Acu&iacute;feros subterr&aacute;neos&lt;\/a&gt;&lt;\/li&gt;&lt;li class=&amp;quot;cmtt_related_item&amp;quot;&gt;&lt;a href=&amp;quot;https:\/\/xqthenews.com\/es\/el-impacto-del-cambio-climatico-en-el-sur-de-italia\/&amp;quot;target=&amp;quot;_blank&amp;quot;&gt;El impacto del cambio clim&aacute;tico en el sur de Italia&lt;\/a&gt;&lt;\/li&gt;&lt;li class=&amp;quot;cmtt_related_item&amp;quot;&gt;&lt;a href=&amp;quot;https:\/\/xqthenews.com\/es\/portugal-entre-los-paises-europeos-mas-afectados-por-los-fenomenos-meteorologicos-extremos\/&amp;quot;target=&amp;quot;_blank&amp;quot;&gt;Portugal entre los pa&iacute;ses europeos m&aacute;s afectados por los fen&oacute;menos meteorol&oacute;gicos extremos&lt;\/a&gt;&lt;\/li&gt;&lt;li class=&amp;quot;cmtt_related_item&amp;quot;&gt;&lt;a href=&amp;quot;https:\/\/xqthenews.com\/es\/recuperando-buenas-practicas-agricolas-para-derrotar-a-la-bacteria-xylella\/&amp;quot;target=&amp;quot;_blank&amp;quot;&gt;Recuperando buenas pr&aacute;cticas agr&iacute;colas para derrotar a la bacteria Xylella&lt;\/a&gt;&lt;\/li&gt;&lt;li class=&amp;quot;cmtt_related_item&amp;quot;&gt;&lt;a href=&amp;quot;https:\/\/xqthenews.com\/es\/contribuyen-las-nuevas-tecnologias-de-inteligencia-artificial-al-cambio-climatico-la-respuesta-esta-en-el-agua-y-en-la-energia\/&amp;quot;target=&amp;quot;_blank&amp;quot;&gt;&iquest;Contribuyen las nuevas tecnolog&iacute;as de inteligencia artificial al cambio clim&aacute;tico?&nbsp; La respuesta est&aacute; en el agua y en la energ&iacute;a&lt;\/a&gt;&lt;\/li&gt;&lt;\/ul&gt;&lt;\/div&gt;\" href=\"https:\/\/xqthenews.com\/es\/glossary\/sequia\/\" data-gt-translate-attributes='[{\"attribute\":\"data-cmtooltip\", \"format\":\"html\"}]' tabindex=\"0\" role=\"link\">sequ&iacute;a<\/a>, apenas se han sembrado unas pocas hect&aacute;reas.<\/p>\n\n\n\n<p>El director de la Estaci&oacute;n Biol&oacute;gica de Do&ntilde;ana (CSIC), Eloy Revilla, sostiene que &ldquo;la p&eacute;rdida de h&aacute;bitats acu&aacute;ticos ha tenido un notable efecto sobre las lib&eacute;lulas y caballitos del diablo (odonatos). Este grupo es un excelente indicador del estado de <a class=\"glossaryLink\" aria-describedby=\"tt\" data-cmtooltip=\"&lt;div class=glossaryItemTitle&gt;Conservaci&oacute;n&lt;\/div&gt;&lt;div class=glossaryItemBody&gt;&amp;lt;!-- wp:paragraph --&amp;gt;La conservaci&oacute;n se refiere al acto o proceso de proteger, preservar o defender algo, normalmente de valor o importancia, de da&ntilde;os, peligros o amenazas. Este concepto puede aplicarse en diferentes contextos, como la salvaguarda de los derechos humanos, la salvaguarda del medio ambiente, la salvaguarda de la seguridad nacional, la salvaguarda del patrimonio cultural, etc.&amp;lt;br\/&amp;gt;&amp;lt;!-- \/wp:paragraph --&amp;gt;&lt;\/div&gt;&lt;div id=&amp;quot;cmtt_related_articles&amp;quot; class=&amp;quot;cmtt_related_articles_wrapper&amp;quot;&gt;&lt;div class=&amp;quot;cmtt_related_title cmtt_related_articles_title&amp;quot;&gt;Related Articles: &lt;\/div&gt;&lt;ul class=&amp;quot;cmtt_related&amp;quot;&gt;&lt;li class=&amp;quot;cmtt_related_item&amp;quot;&gt;&lt;a href=&amp;quot;https:\/\/xqthenews.com\/es\/mensaje-en-una-botella-o-los-plasticos-que-nunca-desaparecen\/&amp;quot;target=&amp;quot;_blank&amp;quot;&gt;Mensaje en una botella, o los pl&aacute;sticos que nunca desaparecen&lt;\/a&gt;&lt;\/li&gt;&lt;li class=&amp;quot;cmtt_related_item&amp;quot;&gt;&lt;a href=&amp;quot;https:\/\/xqthenews.com\/es\/glossary\/educacion-ambiental-ea\/&amp;quot;target=&amp;quot;_blank&amp;quot;&gt;Glossary:  Educaci&oacute;n Ambiental&lt;\/a&gt;&lt;\/li&gt;&lt;li class=&amp;quot;cmtt_related_item&amp;quot;&gt;&lt;a href=&amp;quot;https:\/\/xqthenews.com\/es\/glossary\/agenda-2030\/&amp;quot;target=&amp;quot;_blank&amp;quot;&gt;Glossary:  Agenda 2030&lt;\/a&gt;&lt;\/li&gt;&lt;li class=&amp;quot;cmtt_related_item&amp;quot;&gt;&lt;a href=&amp;quot;https:\/\/xqthenews.com\/es\/donana-vuelve-a-sobrevivir\/&amp;quot;target=&amp;quot;_blank&amp;quot;&gt;Do&ntilde;ana, &iquest;vuelve a sobrevivir?&lt;\/a&gt;&lt;\/li&gt;&lt;li class=&amp;quot;cmtt_related_item&amp;quot;&gt;&lt;a href=&amp;quot;https:\/\/xqthenews.com\/es\/glossary\/fondo-mundial-para-la-naturaleza-wwf\/&amp;quot;target=&amp;quot;_blank&amp;quot;&gt;Glossary:  Fondo Mundial para la Naturaleza (WWF)&lt;\/a&gt;&lt;\/li&gt;&lt;\/ul&gt;&lt;\/div&gt;\" href=\"https:\/\/xqthenews.com\/es\/glossary\/conservacion\/\" data-gt-translate-attributes='[{\"attribute\":\"data-cmtooltip\", \"format\":\"html\"}]' tabindex=\"0\" role=\"link\">conservaci&oacute;n<\/a> de los medios acu&aacute;ticos. Do&ntilde;ana estaba considerada como un punto de alta diversidad de odonatos al haberse descrito desde 1959 un total de 43 <a class=\"glossaryLink\" aria-describedby=\"tt\" data-cmtooltip=\"&lt;div class=glossaryItemTitle&gt;Especies&lt;\/div&gt;&lt;div class=glossaryItemBody&gt;&amp;lt;!-- wp:paragraph --&amp;gt;Se entiende por especie &amp;lt;strong&amp;gt;la unidad b&aacute;sica de clasificaci&oacute;n de los seres vivos,&amp;lt;\/strong&amp;gt; es decir, el pelda&ntilde;o inferior de todas las formas de taxonom&iacute;a biol&oacute;gica. Una especie es un conjunto de organismos capaces de reproducirse y obtener descendencia f&eacute;rtil (no h&iacute;bridos) y que comparten las caracter&iacute;sticas evolutivas b&aacute;sicas que los definen.&amp;lt;br\/&amp;gt;&amp;lt;!-- \/wp:paragraph --&amp;gt;&amp;lt;!-- wp:paragraph --&amp;gt;(Fuente: World Concepts)&amp;lt;br\/&amp;gt;&amp;lt;!-- \/wp:paragraph --&amp;gt;&lt;\/div&gt;&lt;div id=&amp;quot;cmtt_related_articles&amp;quot; class=&amp;quot;cmtt_related_articles_wrapper&amp;quot;&gt;&lt;div class=&amp;quot;cmtt_related_title cmtt_related_articles_title&amp;quot;&gt;Related Articles: &lt;\/div&gt;&lt;ul class=&amp;quot;cmtt_related&amp;quot;&gt;&lt;li class=&amp;quot;cmtt_related_item&amp;quot;&gt;&lt;a href=&amp;quot;https:\/\/xqthenews.com\/es\/glossary\/especies-invasoras\/&amp;quot;target=&amp;quot;_blank&amp;quot;&gt;Glossary:  Especies invasoras&lt;\/a&gt;&lt;\/li&gt;&lt;li class=&amp;quot;cmtt_related_item&amp;quot;&gt;&lt;a href=&amp;quot;https:\/\/xqthenews.com\/es\/restaurar-la-naturaleza-ejemplos-de-exito-en-europa\/&amp;quot;target=&amp;quot;_blank&amp;quot;&gt;Restaurar la naturaleza &amp;#8211; Ejemplos de &eacute;xito en Europa&lt;\/a&gt;&lt;\/li&gt;&lt;li class=&amp;quot;cmtt_related_item&amp;quot;&gt;&lt;a href=&amp;quot;https:\/\/xqthenews.com\/es\/la-neutralidad-de-carbono-los-bosques-como-guardianes-del-equilibrio-climatico\/&amp;quot;target=&amp;quot;_blank&amp;quot;&gt;La neutralidad de carbono: Los bosques como guardianes del equilibrio clim&aacute;tico&lt;\/a&gt;&lt;\/li&gt;&lt;li class=&amp;quot;cmtt_related_item&amp;quot;&gt;&lt;a href=&amp;quot;https:\/\/xqthenews.com\/es\/una-aplicacion-para-identificar-los-cultivos-mas-adecuados-explotacion-por-explotacion\/&amp;quot;target=&amp;quot;_blank&amp;quot;&gt;Una aplicaci&oacute;n para identificar los cultivos m&aacute;s adecuados explotaci&oacute;n por explotaci&oacute;n&lt;\/a&gt;&lt;\/li&gt;&lt;li class=&amp;quot;cmtt_related_item&amp;quot;&gt;&lt;a href=&amp;quot;https:\/\/xqthenews.com\/es\/glossary\/acuicultura\/&amp;quot;target=&amp;quot;_blank&amp;quot;&gt;Glossary:  Acuicultura&lt;\/a&gt;&lt;\/li&gt;&lt;\/ul&gt;&lt;\/div&gt;\" href=\"https:\/\/xqthenews.com\/es\/glossary\/especies\/\" data-gt-translate-attributes='[{\"attribute\":\"data-cmtooltip\", \"format\":\"html\"}]' tabindex=\"0\" role=\"link\">especies<\/a>. En la &uacute;ltima d&eacute;cada han sido detectadas 26 <a class=\"glossaryLink\" aria-describedby=\"tt\" data-cmtooltip=\"&lt;div class=glossaryItemTitle&gt;Especies&lt;\/div&gt;&lt;div class=glossaryItemBody&gt;&amp;lt;!-- wp:paragraph --&amp;gt;Se entiende por especie &amp;lt;strong&amp;gt;la unidad b&aacute;sica de clasificaci&oacute;n de los seres vivos,&amp;lt;\/strong&amp;gt; es decir, el pelda&ntilde;o inferior de todas las formas de taxonom&iacute;a biol&oacute;gica. Una especie es un conjunto de organismos capaces de reproducirse y obtener descendencia f&eacute;rtil (no h&iacute;bridos) y que comparten las caracter&iacute;sticas evolutivas b&aacute;sicas que los definen.&amp;lt;br\/&amp;gt;&amp;lt;!-- \/wp:paragraph --&amp;gt;&amp;lt;!-- wp:paragraph --&amp;gt;(Fuente: World Concepts)&amp;lt;br\/&amp;gt;&amp;lt;!-- \/wp:paragraph --&amp;gt;&lt;\/div&gt;&lt;div id=&amp;quot;cmtt_related_articles&amp;quot; class=&amp;quot;cmtt_related_articles_wrapper&amp;quot;&gt;&lt;div class=&amp;quot;cmtt_related_title cmtt_related_articles_title&amp;quot;&gt;Related Articles: &lt;\/div&gt;&lt;ul class=&amp;quot;cmtt_related&amp;quot;&gt;&lt;li class=&amp;quot;cmtt_related_item&amp;quot;&gt;&lt;a href=&amp;quot;https:\/\/xqthenews.com\/es\/glossary\/especies-invasoras\/&amp;quot;target=&amp;quot;_blank&amp;quot;&gt;Glossary:  Especies invasoras&lt;\/a&gt;&lt;\/li&gt;&lt;li class=&amp;quot;cmtt_related_item&amp;quot;&gt;&lt;a href=&amp;quot;https:\/\/xqthenews.com\/es\/restaurar-la-naturaleza-ejemplos-de-exito-en-europa\/&amp;quot;target=&amp;quot;_blank&amp;quot;&gt;Restaurar la naturaleza &amp;#8211; Ejemplos de &eacute;xito en Europa&lt;\/a&gt;&lt;\/li&gt;&lt;li class=&amp;quot;cmtt_related_item&amp;quot;&gt;&lt;a href=&amp;quot;https:\/\/xqthenews.com\/es\/la-neutralidad-de-carbono-los-bosques-como-guardianes-del-equilibrio-climatico\/&amp;quot;target=&amp;quot;_blank&amp;quot;&gt;La neutralidad de carbono: Los bosques como guardianes del equilibrio clim&aacute;tico&lt;\/a&gt;&lt;\/li&gt;&lt;li class=&amp;quot;cmtt_related_item&amp;quot;&gt;&lt;a href=&amp;quot;https:\/\/xqthenews.com\/es\/una-aplicacion-para-identificar-los-cultivos-mas-adecuados-explotacion-por-explotacion\/&amp;quot;target=&amp;quot;_blank&amp;quot;&gt;Una aplicaci&oacute;n para identificar los cultivos m&aacute;s adecuados explotaci&oacute;n por explotaci&oacute;n&lt;\/a&gt;&lt;\/li&gt;&lt;li class=&amp;quot;cmtt_related_item&amp;quot;&gt;&lt;a href=&amp;quot;https:\/\/xqthenews.com\/es\/glossary\/acuicultura\/&amp;quot;target=&amp;quot;_blank&amp;quot;&gt;Glossary:  Acuicultura&lt;\/a&gt;&lt;\/li&gt;&lt;\/ul&gt;&lt;\/div&gt;\" href=\"https:\/\/xqthenews.com\/es\/glossary\/especies\/\" data-gt-translate-attributes='[{\"attribute\":\"data-cmtooltip\", \"format\":\"html\"}]' tabindex=\"0\" role=\"link\">especies<\/a>. En 2022 tan solo 12 <a class=\"glossaryLink\" aria-describedby=\"tt\" data-cmtooltip=\"&lt;div class=glossaryItemTitle&gt;Especies&lt;\/div&gt;&lt;div class=glossaryItemBody&gt;&amp;lt;!-- wp:paragraph --&amp;gt;Se entiende por especie &amp;lt;strong&amp;gt;la unidad b&aacute;sica de clasificaci&oacute;n de los seres vivos,&amp;lt;\/strong&amp;gt; es decir, el pelda&ntilde;o inferior de todas las formas de taxonom&iacute;a biol&oacute;gica. Una especie es un conjunto de organismos capaces de reproducirse y obtener descendencia f&eacute;rtil (no h&iacute;bridos) y que comparten las caracter&iacute;sticas evolutivas b&aacute;sicas que los definen.&amp;lt;br\/&amp;gt;&amp;lt;!-- \/wp:paragraph --&amp;gt;&amp;lt;!-- wp:paragraph --&amp;gt;(Fuente: World Concepts)&amp;lt;br\/&amp;gt;&amp;lt;!-- \/wp:paragraph --&amp;gt;&lt;\/div&gt;&lt;div id=&amp;quot;cmtt_related_articles&amp;quot; class=&amp;quot;cmtt_related_articles_wrapper&amp;quot;&gt;&lt;div class=&amp;quot;cmtt_related_title cmtt_related_articles_title&amp;quot;&gt;Related Articles: &lt;\/div&gt;&lt;ul class=&amp;quot;cmtt_related&amp;quot;&gt;&lt;li class=&amp;quot;cmtt_related_item&amp;quot;&gt;&lt;a href=&amp;quot;https:\/\/xqthenews.com\/es\/glossary\/especies-invasoras\/&amp;quot;target=&amp;quot;_blank&amp;quot;&gt;Glossary:  Especies invasoras&lt;\/a&gt;&lt;\/li&gt;&lt;li class=&amp;quot;cmtt_related_item&amp;quot;&gt;&lt;a href=&amp;quot;https:\/\/xqthenews.com\/es\/restaurar-la-naturaleza-ejemplos-de-exito-en-europa\/&amp;quot;target=&amp;quot;_blank&amp;quot;&gt;Restaurar la naturaleza &amp;#8211; Ejemplos de &eacute;xito en Europa&lt;\/a&gt;&lt;\/li&gt;&lt;li class=&amp;quot;cmtt_related_item&amp;quot;&gt;&lt;a href=&amp;quot;https:\/\/xqthenews.com\/es\/la-neutralidad-de-carbono-los-bosques-como-guardianes-del-equilibrio-climatico\/&amp;quot;target=&amp;quot;_blank&amp;quot;&gt;La neutralidad de carbono: Los bosques como guardianes del equilibrio clim&aacute;tico&lt;\/a&gt;&lt;\/li&gt;&lt;li class=&amp;quot;cmtt_related_item&amp;quot;&gt;&lt;a href=&amp;quot;https:\/\/xqthenews.com\/es\/una-aplicacion-para-identificar-los-cultivos-mas-adecuados-explotacion-por-explotacion\/&amp;quot;target=&amp;quot;_blank&amp;quot;&gt;Una aplicaci&oacute;n para identificar los cultivos m&aacute;s adecuados explotaci&oacute;n por explotaci&oacute;n&lt;\/a&gt;&lt;\/li&gt;&lt;li class=&amp;quot;cmtt_related_item&amp;quot;&gt;&lt;a href=&amp;quot;https:\/\/xqthenews.com\/es\/glossary\/acuicultura\/&amp;quot;target=&amp;quot;_blank&amp;quot;&gt;Glossary:  Acuicultura&lt;\/a&gt;&lt;\/li&gt;&lt;\/ul&gt;&lt;\/div&gt;\" href=\"https:\/\/xqthenews.com\/es\/glossary\/especies\/\" data-gt-translate-attributes='[{\"attribute\":\"data-cmtooltip\", \"format\":\"html\"}]' tabindex=\"0\" role=\"link\">especies<\/a>, el 28 por ciento del total&rdquo;. En las tierras altas, el 27 por ciento de los alcornoques est&aacute;n muertos.<\/p>\n\n\n\n<p>La excepci&oacute;n a este declive es el lince ib&eacute;rico, felino que a finales de los a&ntilde;os noventa estaba en la lista de animales en peligro cr&iacute;tico de extinci&oacute;n. Quedaban menos de 160 ejemplares repartidos entre Do&ntilde;ana y Sierra Morena. Durante d&eacute;cadas hab&iacute;an sido perseguidos por los habitantes del entorno y sometidos a la escasez de conejos, su principal alimento. Fueron tambi&eacute;n las alertas y el dinero europeo el que propici&oacute; un plan de defensa y recuperaci&oacute;n que ha logrado su salvaci&oacute;n. El n&uacute;mero de ejemplares se ha multiplicado por diez desde el a&ntilde;o 2000. En 2022 el censo registraba 1.668 individuos en 14 espacios reproductores. Andaluc&iacute;a tiene seis n&uacute;cleos, Castilla-La Mancha cuatro y Extremadura otros cuatro. Ese crecimiento exponencial de la especie, sin embargo, no se registra principalmente en Do&ntilde;ana que, con el aljarafe sevillano, acoge &uacute;nicamente 108 ejemplares, de los 627 censados en Andaluc&iacute;a.<\/p>\n\n\n\n<figure class=\"wp-block-image size-full\"><img decoding=\"async\" width=\"1024\" height=\"824\" src=\"https:\/\/sad-borg.82-223-8-23.plesk.page\/wp-content\/uploads\/2023\/12\/WhatsApp-Image-2023-12-14-at-16.23.52-4.jpeg\" alt=\"\" class=\"wp-image-15677\" srcset=\"https:\/\/xqthenews.com\/wp-content\/uploads\/2023\/12\/WhatsApp-Image-2023-12-14-at-16.23.52-4.jpeg 1024w, https:\/\/xqthenews.com\/wp-content\/uploads\/2023\/12\/WhatsApp-Image-2023-12-14-at-16.23.52-4-300x241.jpeg 300w, https:\/\/xqthenews.com\/wp-content\/uploads\/2023\/12\/WhatsApp-Image-2023-12-14-at-16.23.52-4-768x618.jpeg 768w, https:\/\/xqthenews.com\/wp-content\/uploads\/2023\/12\/WhatsApp-Image-2023-12-14-at-16.23.52-4-980x789.jpeg 980w, https:\/\/xqthenews.com\/wp-content\/uploads\/2023\/12\/WhatsApp-Image-2023-12-14-at-16.23.52-4-480x386.jpeg 480w\" sizes=\"(max-width: 1024px) 100vw, 1024px\"\/><figcaption class=\"wp-element-caption\">Playa de Matalasca&ntilde;as, en el entorno de Do&ntilde;ana. <\/figcaption><\/figure>\n\n\n\n<p>Las agresiones del entorno han hecho de Do&ntilde;ana un parque asediado que, pese a todo, resiste contra viento y marea. La lista de ataques es larga y va desde aquellos primeros proyectos de urbanizaciones de playa, campos de golf y cultivos, hasta la &uacute;ltima que dejaba al parque sin el agua necesaria para subsistir, pasando por una carretera costera, el vertido t&oacute;xico de la mina de Aznalc&oacute;llar, un oleoducto que iba a conducir petr&oacute;leo desde el puerto de Huelva hasta una refiner&iacute;a en Badajoz, el uso masivo de plaguicidas en los arrozales del entorno&hellip; Puede que la extracci&oacute;n del agua del subsuelo, junto al <a class=\"glossaryLink\" aria-describedby=\"tt\" data-cmtooltip=\"&lt;div class=glossaryItemTitle&gt;Cambio clim&aacute;tico&lt;\/div&gt;&lt;div class=glossaryItemBody&gt;&amp;lt;!-- wp:paragraph --&amp;gt;Causado por el calentamiento global, el cambio clim&aacute;tico se refiere a las variaciones en los patrones clim&aacute;ticos a largo plazo en la Tierra, como la temperatura, el nivel del mar y las precipitaciones.&amp;lt;br\/&amp;gt;&amp;lt;!-- \/wp:paragraph --&amp;gt;&amp;lt;!-- wp:paragraph --&amp;gt;&amp;lt;em&amp;gt;(Fuente: European Youth Portal)&amp;lt;\/em&amp;gt;&amp;lt;br\/&amp;gt;&amp;lt;!-- \/wp:paragraph --&amp;gt;&lt;\/div&gt;&lt;div id=&amp;quot;cmtt_related_articles&amp;quot; class=&amp;quot;cmtt_related_articles_wrapper&amp;quot;&gt;&lt;div class=&amp;quot;cmtt_related_title cmtt_related_articles_title&amp;quot;&gt;Related Articles: &lt;\/div&gt;&lt;ul class=&amp;quot;cmtt_related&amp;quot;&gt;&lt;li class=&amp;quot;cmtt_related_item&amp;quot;&gt;&lt;a href=&amp;quot;https:\/\/xqthenews.com\/es\/economia-circular-materia-organica-en-el-pasado-el-presente-y-el-futuro\/&amp;quot;target=&amp;quot;_blank&amp;quot;&gt;Econom&iacute;a circular: materia org&aacute;nica en el pasado, el presente y el futuro&lt;\/a&gt;&lt;\/li&gt;&lt;li class=&amp;quot;cmtt_related_item&amp;quot;&gt;&lt;a href=&amp;quot;https:\/\/xqthenews.com\/es\/emergencia-climatica-y-retos-sanitarios\/&amp;quot;target=&amp;quot;_blank&amp;quot;&gt;Emergencia clim&aacute;tica y retos sanitarios&lt;\/a&gt;&lt;\/li&gt;&lt;li class=&amp;quot;cmtt_related_item&amp;quot;&gt;&lt;a href=&amp;quot;https:\/\/xqthenews.com\/es\/portugal-entre-los-paises-europeos-mas-afectados-por-los-fenomenos-meteorologicos-extremos\/&amp;quot;target=&amp;quot;_blank&amp;quot;&gt;Portugal entre los pa&iacute;ses europeos m&aacute;s afectados por los fen&oacute;menos meteorol&oacute;gicos extremos&lt;\/a&gt;&lt;\/li&gt;&lt;li class=&amp;quot;cmtt_related_item&amp;quot;&gt;&lt;a href=&amp;quot;https:\/\/xqthenews.com\/es\/ley-de-restauracion-de-la-naturaleza-como-se-propone-restaurar-los-ecosistemas-europeos\/&amp;quot;target=&amp;quot;_blank&amp;quot;&gt;Ley de Restauraci&oacute;n de la Naturaleza: &iquest;C&oacute;mo se propone restaurar los ecosistemas europeos?&lt;\/a&gt;&lt;\/li&gt;&lt;li class=&amp;quot;cmtt_related_item&amp;quot;&gt;&lt;a href=&amp;quot;https:\/\/xqthenews.com\/es\/glossary\/descarbonizacion\/&amp;quot;target=&amp;quot;_blank&amp;quot;&gt;Glossary:  Descarbonizaci&oacute;n&lt;\/a&gt;&lt;\/li&gt;&lt;\/ul&gt;&lt;\/div&gt;\" href=\"https:\/\/xqthenews.com\/es\/glossary\/cambio-climatico\/\" data-gt-translate-attributes='[{\"attribute\":\"data-cmtooltip\", \"format\":\"html\"}]' tabindex=\"0\" role=\"link\">cambio clim&aacute;tico<\/a>, no suponga el final de Do&ntilde;ana, pero se parece tanto al cierre de una era, que asusta asomarse a los fondos cuarteados y silenciosos de las lagunas que hace apenas nada estaban habitadas por una algarab&iacute;a de gansos, flamencos, garzas, esp&aacute;tulas, &aacute;guilas imperiales, moritos, fochas, sisones, avutardas, gallipatos, tritones, ranas, lib&eacute;lulas y un sinf&iacute;n de plantas acu&aacute;ticas&hellip; Todo en constante movimiento. Puede que otra vez la sensibilidad ecologista de la poblaci&oacute;n europea haya salvado Do&ntilde;ana. Al menos hasta la siguiente batalla.<\/p>\n","protected":false},"excerpt":{"rendered":"<p>Do&ntilde;ana, en el sur de Espa&ntilde;a, es un extenso territorio de especial inter&eacute;s natural pero amenazado por numerosas agresiones. La <a class=\"glossaryLink\" aria-describedby=\"tt\" data-cmtooltip=\"&lt;div class=glossaryItemTitle&gt;Sequ&iacute;a&lt;\/div&gt;&lt;div class=glossaryItemBody&gt;&amp;lt;!-- wp:paragraph --&amp;gt;Periodo de tiempo prolongado en el que llueve muy poco o nada, lo que provoca una falta de agua. La sequ&iacute;a puede acarrear problemas a la agricultura, los animales y las personas que dependen del agua.&amp;lt;br\/&amp;gt;&amp;lt;!-- \/wp:paragraph --&amp;gt;&amp;lt;!-- wp:paragraph --&amp;gt;&amp;lt;br\/&amp;gt;&amp;lt;!-- \/wp:paragraph --&amp;gt;&lt;\/div&gt;&lt;div id=&amp;quot;cmtt_related_articles&amp;quot; class=&amp;quot;cmtt_related_articles_wrapper&amp;quot;&gt;&lt;div class=&amp;quot;cmtt_related_title cmtt_related_articles_title&amp;quot;&gt;Related Articles: &lt;\/div&gt;&lt;ul class=&amp;quot;cmtt_related&amp;quot;&gt;&lt;li class=&amp;quot;cmtt_related_item&amp;quot;&gt;&lt;a href=&amp;quot;https:\/\/xqthenews.com\/es\/glossary\/acuiferos-subterraneos\/&amp;quot;target=&amp;quot;_blank&amp;quot;&gt;Glossary:  Acu&iacute;feros subterr&aacute;neos&lt;\/a&gt;&lt;\/li&gt;&lt;li class=&amp;quot;cmtt_related_item&amp;quot;&gt;&lt;a href=&amp;quot;https:\/\/xqthenews.com\/es\/el-impacto-del-cambio-climatico-en-el-sur-de-italia\/&amp;quot;target=&amp;quot;_blank&amp;quot;&gt;El impacto del cambio clim&aacute;tico en el sur de Italia&lt;\/a&gt;&lt;\/li&gt;&lt;li class=&amp;quot;cmtt_related_item&amp;quot;&gt;&lt;a href=&amp;quot;https:\/\/xqthenews.com\/es\/portugal-entre-los-paises-europeos-mas-afectados-por-los-fenomenos-meteorologicos-extremos\/&amp;quot;target=&amp;quot;_blank&amp;quot;&gt;Portugal entre los pa&iacute;ses europeos m&aacute;s afectados por los fen&oacute;menos meteorol&oacute;gicos extremos&lt;\/a&gt;&lt;\/li&gt;&lt;li class=&amp;quot;cmtt_related_item&amp;quot;&gt;&lt;a href=&amp;quot;https:\/\/xqthenews.com\/es\/recuperando-buenas-practicas-agricolas-para-derrotar-a-la-bacteria-xylella\/&amp;quot;target=&amp;quot;_blank&amp;quot;&gt;Recuperando buenas pr&aacute;cticas agr&iacute;colas para derrotar a la bacteria Xylella&lt;\/a&gt;&lt;\/li&gt;&lt;li class=&amp;quot;cmtt_related_item&amp;quot;&gt;&lt;a href=&amp;quot;https:\/\/xqthenews.com\/es\/contribuyen-las-nuevas-tecnologias-de-inteligencia-artificial-al-cambio-climatico-la-respuesta-esta-en-el-agua-y-en-la-energia\/&amp;quot;target=&amp;quot;_blank&amp;quot;&gt;&iquest;Contribuyen las nuevas tecnolog&iacute;as de inteligencia artificial al cambio clim&aacute;tico?&nbsp; La respuesta est&aacute; en el agua y en la energ&iacute;a&lt;\/a&gt;&lt;\/li&gt;&lt;\/ul&gt;&lt;\/div&gt;\" href=\"https:\/\/xqthenews.com\/es\/glossary\/sequia\/\" data-gt-translate-attributes='[{\"attribute\":\"data-cmtooltip\", \"format\":\"html\"}]' tabindex=\"0\" role=\"link\">sequ&iacute;a<\/a> provocada por la emergencia clim&aacute;tica, o la propia gesti&oacute;n del parque por parte de la Junta de Andaluc&iacute;a han hecho que el paraje sea expulsado de una prestigiosa lista verde internacional.<\/p>\n","protected":false},"author":44,"featured_media":15665,"comment_status":"open","ping_status":"open","sticky":false,"template":"","format":"standard","meta":{"_acf_changed":false,"footnotes":""},"categories":[375,372],"tags":[86],"coauthors":[193],"class_list":{"0":"post-15453","1":"post","2":"type-post","3":"status-publish","4":"format-standard","5":"has-post-thumbnail","7":"category-derechos-medioambientales","8":"category-medio-ambiente","9":"tag-emergencia-climatica"},"acf":[],"yoast_head":"<!-- This site is optimized with the Yoast SEO plugin v27.4 - https:\/\/yoast.com\/product\/yoast-seo-wordpress\/ -->\n<title>Do\u00f1ana, \u00bfvuelve a sobrevivir? - xqthenews<\/title>\n<meta name=\"robots\" content=\"index, follow, max-snippet:-1, max-image-preview:large, max-video-preview:-1\" \/>\n<link rel=\"canonical\" href=\"https:\/\/xqthenews.com\/es\/donana-vuelve-a-sobrevivir\/\" \/>\n<meta property=\"og:locale\" content=\"es_ES\" \/>\n<meta property=\"og:type\" content=\"article\" \/>\n<meta property=\"og:title\" content=\"Do\u00f1ana, \u00bfvuelve a sobrevivir? - xqthenews\" \/>\n<meta property=\"og:description\" content=\"Do&ntilde;ana, en el sur de Espa&ntilde;a, es un extenso territorio de especial inter&eacute;s natural pero amenazado por numerosas agresiones. La sequ&iacute;a provocada por la emergencia clim&aacute;tica, o la propia gesti&oacute;n del parque por parte de la Junta de Andaluc&iacute;a han hecho que el paraje sea expulsado de una prestigiosa lista verde internacional.\" \/>\n<meta property=\"og:url\" content=\"https:\/\/xqthenews.com\/es\/donana-vuelve-a-sobrevivir\/\" \/>\n<meta property=\"og:site_name\" content=\"xqthenews\" \/>\n<meta property=\"article:published_time\" content=\"2023-12-20T08:05:48+00:00\" \/>\n<meta property=\"article:modified_time\" content=\"2024-09-10T21:59:31+00:00\" \/>\n<meta property=\"og:image\" content=\"https:\/\/xqthenews.com\/wp-content\/uploads\/2023\/12\/WhatsApp-Image-2023-12-14-at-16.23.52.jpeg\" \/>\n\t<meta property=\"og:image:width\" content=\"764\" \/>\n\t<meta property=\"og:image:height\" content=\"555\" \/>\n\t<meta property=\"og:image:type\" content=\"image\/jpeg\" \/>\n<meta name=\"author\" content=\"Jos\u00e9 Bejarano\" \/>\n<meta name=\"twitter:card\" content=\"summary_large_image\" \/>\n<meta name=\"twitter:label1\" content=\"Escrito por\" \/>\n\t<meta name=\"twitter:data1\" content=\"Jos\u00e9 Bejarano\" \/>\n\t<meta name=\"twitter:label2\" content=\"Tiempo de lectura\" \/>\n\t<meta name=\"twitter:data2\" content=\"8 minutos\" \/>\n\t<meta name=\"twitter:label3\" content=\"Written by\" \/>\n\t<meta name=\"twitter:data3\" content=\"Jos\u00e9 Bejarano\" \/>\n<script type=\"application\/ld+json\" class=\"yoast-schema-graph\">{\"@context\":\"https:\\\/\\\/schema.org\",\"@graph\":[{\"@type\":\"Article\",\"@id\":\"https:\\\/\\\/xqthenews.com\\\/es\\\/donana-vuelve-a-sobrevivir\\\/#article\",\"isPartOf\":{\"@id\":\"https:\\\/\\\/xqthenews.com\\\/es\\\/donana-vuelve-a-sobrevivir\\\/\"},\"author\":{\"name\":\"Jos\u00e9 Bejarano\",\"@id\":\"https:\\\/\\\/xqthenews.com\\\/es\\\/#\\\/schema\\\/person\\\/68e56a0c4818317c25454da1a96fe6ec\"},\"headline\":\"Do\u00f1ana, \u00bfvuelve a sobrevivir?\",\"datePublished\":\"2023-12-20T08:05:48+00:00\",\"dateModified\":\"2024-09-10T21:59:31+00:00\",\"mainEntityOfPage\":{\"@id\":\"https:\\\/\\\/xqthenews.com\\\/es\\\/donana-vuelve-a-sobrevivir\\\/\"},\"wordCount\":1577,\"commentCount\":0,\"image\":{\"@id\":\"https:\\\/\\\/xqthenews.com\\\/es\\\/donana-vuelve-a-sobrevivir\\\/#primaryimage\"},\"thumbnailUrl\":\"https:\\\/\\\/xqthenews.com\\\/wp-content\\\/uploads\\\/2023\\\/12\\\/WhatsApp-Image-2023-12-14-at-16.23.52.jpeg\",\"keywords\":[\"Emergencia clim\u00e1tica\"],\"articleSection\":[\"Derechos medioambientales\",\"Medio ambiente\"],\"inLanguage\":\"es\",\"potentialAction\":[{\"@type\":\"CommentAction\",\"name\":\"Comment\",\"target\":[\"https:\\\/\\\/xqthenews.com\\\/es\\\/donana-vuelve-a-sobrevivir\\\/#respond\"]}]},{\"@type\":\"WebPage\",\"@id\":\"https:\\\/\\\/xqthenews.com\\\/es\\\/donana-vuelve-a-sobrevivir\\\/\",\"url\":\"https:\\\/\\\/xqthenews.com\\\/es\\\/donana-vuelve-a-sobrevivir\\\/\",\"name\":\"Do\u00f1ana, \u00bfvuelve a sobrevivir? - xqthenews\",\"isPartOf\":{\"@id\":\"https:\\\/\\\/xqthenews.com\\\/es\\\/#website\"},\"primaryImageOfPage\":{\"@id\":\"https:\\\/\\\/xqthenews.com\\\/es\\\/donana-vuelve-a-sobrevivir\\\/#primaryimage\"},\"image\":{\"@id\":\"https:\\\/\\\/xqthenews.com\\\/es\\\/donana-vuelve-a-sobrevivir\\\/#primaryimage\"},\"thumbnailUrl\":\"https:\\\/\\\/xqthenews.com\\\/wp-content\\\/uploads\\\/2023\\\/12\\\/WhatsApp-Image-2023-12-14-at-16.23.52.jpeg\",\"datePublished\":\"2023-12-20T08:05:48+00:00\",\"dateModified\":\"2024-09-10T21:59:31+00:00\",\"author\":{\"@id\":\"https:\\\/\\\/xqthenews.com\\\/es\\\/#\\\/schema\\\/person\\\/68e56a0c4818317c25454da1a96fe6ec\"},\"breadcrumb\":{\"@id\":\"https:\\\/\\\/xqthenews.com\\\/es\\\/donana-vuelve-a-sobrevivir\\\/#breadcrumb\"},\"inLanguage\":\"es\",\"potentialAction\":[{\"@type\":\"ReadAction\",\"target\":[\"https:\\\/\\\/xqthenews.com\\\/es\\\/donana-vuelve-a-sobrevivir\\\/\"]}]},{\"@type\":\"ImageObject\",\"inLanguage\":\"es\",\"@id\":\"https:\\\/\\\/xqthenews.com\\\/es\\\/donana-vuelve-a-sobrevivir\\\/#primaryimage\",\"url\":\"https:\\\/\\\/xqthenews.com\\\/wp-content\\\/uploads\\\/2023\\\/12\\\/WhatsApp-Image-2023-12-14-at-16.23.52.jpeg\",\"contentUrl\":\"https:\\\/\\\/xqthenews.com\\\/wp-content\\\/uploads\\\/2023\\\/12\\\/WhatsApp-Image-2023-12-14-at-16.23.52.jpeg\",\"width\":764,\"height\":555},{\"@type\":\"BreadcrumbList\",\"@id\":\"https:\\\/\\\/xqthenews.com\\\/es\\\/donana-vuelve-a-sobrevivir\\\/#breadcrumb\",\"itemListElement\":[{\"@type\":\"ListItem\",\"position\":1,\"name\":\"Portada\",\"item\":\"https:\\\/\\\/xqthenews.com\\\/es\\\/\"},{\"@type\":\"ListItem\",\"position\":2,\"name\":\"Do\u00f1ana, \u00bfvuelve a sobrevivir?\"}]},{\"@type\":\"WebSite\",\"@id\":\"https:\\\/\\\/xqthenews.com\\\/es\\\/#website\",\"url\":\"https:\\\/\\\/xqthenews.com\\\/es\\\/\",\"name\":\"xqthenews\",\"description\":\"El porqu\u00e9 de las noticias\",\"potentialAction\":[{\"@type\":\"SearchAction\",\"target\":{\"@type\":\"EntryPoint\",\"urlTemplate\":\"https:\\\/\\\/xqthenews.com\\\/es\\\/?s={search_term_string}\"},\"query-input\":{\"@type\":\"PropertyValueSpecification\",\"valueRequired\":true,\"valueName\":\"search_term_string\"}}],\"inLanguage\":\"es\"},{\"@type\":\"Person\",\"@id\":\"https:\\\/\\\/xqthenews.com\\\/es\\\/#\\\/schema\\\/person\\\/68e56a0c4818317c25454da1a96fe6ec\",\"name\":\"Jos\u00e9 Bejarano\",\"image\":{\"@type\":\"ImageObject\",\"inLanguage\":\"es\",\"@id\":\"https:\\\/\\\/secure.gravatar.com\\\/avatar\\\/24fe30c09852c175c364bbceda9c4db4ab97639ac40af3542fd669be4e0ebf53?s=96&d=mm&r=gef3023dcc0a07aa37da97f5de93393de\",\"url\":\"https:\\\/\\\/secure.gravatar.com\\\/avatar\\\/24fe30c09852c175c364bbceda9c4db4ab97639ac40af3542fd669be4e0ebf53?s=96&d=mm&r=g\",\"contentUrl\":\"https:\\\/\\\/secure.gravatar.com\\\/avatar\\\/24fe30c09852c175c364bbceda9c4db4ab97639ac40af3542fd669be4e0ebf53?s=96&d=mm&r=g\",\"caption\":\"Jos\u00e9 Bejarano\"},\"url\":\"https:\\\/\\\/xqthenews.com\\\/es\\\/author\\\/josebejarano\\\/\"}]}<\/script>\n<!-- \/ Yoast SEO plugin. -->","yoast_head_json":{"title":"Do\u00f1ana, \u00bfvuelve a sobrevivir? - xqthenews","robots":{"index":"index","follow":"follow","max-snippet":"max-snippet:-1","max-image-preview":"max-image-preview:large","max-video-preview":"max-video-preview:-1"},"canonical":"https:\/\/xqthenews.com\/es\/donana-vuelve-a-sobrevivir\/","og_locale":"es_ES","og_type":"article","og_title":"Do\u00f1ana, \u00bfvuelve a sobrevivir? - xqthenews","og_description":"Do&ntilde;ana, en el sur de Espa&ntilde;a, es un extenso territorio de especial inter&eacute;s natural pero amenazado por numerosas agresiones. La sequ&iacute;a provocada por la emergencia clim&aacute;tica, o la propia gesti&oacute;n del parque por parte de la Junta de Andaluc&iacute;a han hecho que el paraje sea expulsado de una prestigiosa lista verde internacional.","og_url":"https:\/\/xqthenews.com\/es\/donana-vuelve-a-sobrevivir\/","og_site_name":"xqthenews","article_published_time":"2023-12-20T08:05:48+00:00","article_modified_time":"2024-09-10T21:59:31+00:00","og_image":[{"width":764,"height":555,"url":"https:\/\/xqthenews.com\/wp-content\/uploads\/2023\/12\/WhatsApp-Image-2023-12-14-at-16.23.52.jpeg","type":"image\/jpeg"}],"author":"Jos\u00e9 Bejarano","twitter_card":"summary_large_image","twitter_misc":{"Escrito por":"Jos\u00e9 Bejarano","Tiempo de lectura":"8 minutos","Written by":"Jos\u00e9 Bejarano"},"schema":{"@context":"https:\/\/schema.org","@graph":[{"@type":"Article","@id":"https:\/\/xqthenews.com\/es\/donana-vuelve-a-sobrevivir\/#article","isPartOf":{"@id":"https:\/\/xqthenews.com\/es\/donana-vuelve-a-sobrevivir\/"},"author":{"name":"Jos\u00e9 Bejarano","@id":"https:\/\/xqthenews.com\/es\/#\/schema\/person\/68e56a0c4818317c25454da1a96fe6ec"},"headline":"Do\u00f1ana, \u00bfvuelve a sobrevivir?","datePublished":"2023-12-20T08:05:48+00:00","dateModified":"2024-09-10T21:59:31+00:00","mainEntityOfPage":{"@id":"https:\/\/xqthenews.com\/es\/donana-vuelve-a-sobrevivir\/"},"wordCount":1577,"commentCount":0,"image":{"@id":"https:\/\/xqthenews.com\/es\/donana-vuelve-a-sobrevivir\/#primaryimage"},"thumbnailUrl":"https:\/\/xqthenews.com\/wp-content\/uploads\/2023\/12\/WhatsApp-Image-2023-12-14-at-16.23.52.jpeg","keywords":["Emergencia clim\u00e1tica"],"articleSection":["Derechos medioambientales","Medio ambiente"],"inLanguage":"es","potentialAction":[{"@type":"CommentAction","name":"Comment","target":["https:\/\/xqthenews.com\/es\/donana-vuelve-a-sobrevivir\/#respond"]}]},{"@type":"WebPage","@id":"https:\/\/xqthenews.com\/es\/donana-vuelve-a-sobrevivir\/","url":"https:\/\/xqthenews.com\/es\/donana-vuelve-a-sobrevivir\/","name":"Do\u00f1ana, \u00bfvuelve a sobrevivir? - xqthenews","isPartOf":{"@id":"https:\/\/xqthenews.com\/es\/#website"},"primaryImageOfPage":{"@id":"https:\/\/xqthenews.com\/es\/donana-vuelve-a-sobrevivir\/#primaryimage"},"image":{"@id":"https:\/\/xqthenews.com\/es\/donana-vuelve-a-sobrevivir\/#primaryimage"},"thumbnailUrl":"https:\/\/xqthenews.com\/wp-content\/uploads\/2023\/12\/WhatsApp-Image-2023-12-14-at-16.23.52.jpeg","datePublished":"2023-12-20T08:05:48+00:00","dateModified":"2024-09-10T21:59:31+00:00","author":{"@id":"https:\/\/xqthenews.com\/es\/#\/schema\/person\/68e56a0c4818317c25454da1a96fe6ec"},"breadcrumb":{"@id":"https:\/\/xqthenews.com\/es\/donana-vuelve-a-sobrevivir\/#breadcrumb"},"inLanguage":"es","potentialAction":[{"@type":"ReadAction","target":["https:\/\/xqthenews.com\/es\/donana-vuelve-a-sobrevivir\/"]}]},{"@type":"ImageObject","inLanguage":"es","@id":"https:\/\/xqthenews.com\/es\/donana-vuelve-a-sobrevivir\/#primaryimage","url":"https:\/\/xqthenews.com\/wp-content\/uploads\/2023\/12\/WhatsApp-Image-2023-12-14-at-16.23.52.jpeg","contentUrl":"https:\/\/xqthenews.com\/wp-content\/uploads\/2023\/12\/WhatsApp-Image-2023-12-14-at-16.23.52.jpeg","width":764,"height":555},{"@type":"BreadcrumbList","@id":"https:\/\/xqthenews.com\/es\/donana-vuelve-a-sobrevivir\/#breadcrumb","itemListElement":[{"@type":"ListItem","position":1,"name":"Portada","item":"https:\/\/xqthenews.com\/es\/"},{"@type":"ListItem","position":2,"name":"Do\u00f1ana, \u00bfvuelve a sobrevivir?"}]},{"@type":"WebSite","@id":"https:\/\/xqthenews.com\/es\/#website","url":"https:\/\/xqthenews.com\/es\/","name":"xqthenews","description":"El porqu\u00e9 de las noticias","potentialAction":[{"@type":"SearchAction","target":{"@type":"EntryPoint","urlTemplate":"https:\/\/xqthenews.com\/es\/?s={search_term_string}"},"query-input":{"@type":"PropertyValueSpecification","valueRequired":true,"valueName":"search_term_string"}}],"inLanguage":"es"},{"@type":"Person","@id":"https:\/\/xqthenews.com\/es\/#\/schema\/person\/68e56a0c4818317c25454da1a96fe6ec","name":"Jos\u00e9 Bejarano","image":{"@type":"ImageObject","inLanguage":"es","@id":"https:\/\/secure.gravatar.com\/avatar\/24fe30c09852c175c364bbceda9c4db4ab97639ac40af3542fd669be4e0ebf53?s=96&d=mm&r=gef3023dcc0a07aa37da97f5de93393de","url":"https:\/\/secure.gravatar.com\/avatar\/24fe30c09852c175c364bbceda9c4db4ab97639ac40af3542fd669be4e0ebf53?s=96&d=mm&r=g","contentUrl":"https:\/\/secure.gravatar.com\/avatar\/24fe30c09852c175c364bbceda9c4db4ab97639ac40af3542fd669be4e0ebf53?s=96&d=mm&r=g","caption":"Jos\u00e9 Bejarano"},"url":"https:\/\/xqthenews.com\/es\/author\/josebejarano\/"}]}},"_links":{"self":[{"href":"https:\/\/xqthenews.com\/es\/wp-json\/wp\/v2\/posts\/15453","targetHints":{"allow":["GET"]}}],"collection":[{"href":"https:\/\/xqthenews.com\/es\/wp-json\/wp\/v2\/posts"}],"about":[{"href":"https:\/\/xqthenews.com\/es\/wp-json\/wp\/v2\/types\/post"}],"author":[{"embeddable":true,"href":"https:\/\/xqthenews.com\/es\/wp-json\/wp\/v2\/users\/44"}],"replies":[{"embeddable":true,"href":"https:\/\/xqthenews.com\/es\/wp-json\/wp\/v2\/comments?post=15453"}],"version-history":[{"count":0,"href":"https:\/\/xqthenews.com\/es\/wp-json\/wp\/v2\/posts\/15453\/revisions"}],"wp:featuredmedia":[{"embeddable":true,"href":"https:\/\/xqthenews.com\/es\/wp-json\/wp\/v2\/media\/15665"}],"wp:attachment":[{"href":"https:\/\/xqthenews.com\/es\/wp-json\/wp\/v2\/media?parent=15453"}],"wp:term":[{"taxonomy":"category","embeddable":true,"href":"https:\/\/xqthenews.com\/es\/wp-json\/wp\/v2\/categories?post=15453"},{"taxonomy":"post_tag","embeddable":true,"href":"https:\/\/xqthenews.com\/es\/wp-json\/wp\/v2\/tags?post=15453"},{"taxonomy":"author","embeddable":true,"href":"https:\/\/xqthenews.com\/es\/wp-json\/wp\/v2\/coauthors?post=15453"}],"curies":[{"name":"wp","href":"https:\/\/api.w.org\/{rel}","templated":true}]}}