{"id":14710,"date":"2023-11-29T08:21:04","date_gmt":"2023-11-29T07:21:04","guid":{"rendered":"https:\/\/sad-borg.82-223-8-23.plesk.page\/?p=14710"},"modified":"2024-09-10T22:59:38","modified_gmt":"2024-09-10T21:59:38","slug":"el-auge-global-de-la-extrema-derecha-y-su-presencia-en-europa","status":"publish","type":"post","link":"https:\/\/xqthenews.com\/es\/el-auge-global-de-la-extrema-derecha-y-su-presencia-en-europa\/","title":{"rendered":"El auge global de la extrema derecha y su presencia en Europa"},"content":{"rendered":"<p>El economista Javier Milei ha ganado las elecciones en Argentina con un amplio margen de ventaja, se ha llevado el 56% de los votos frente al candidato de izquierdas, Sergio Massa, que obtuvo el 44%.<\/p>\n\n\n\n<p>Argentina lleva a&ntilde;os sumida en una espiral de <a class=\"glossaryLink\" aria-describedby=\"tt\" data-cmtooltip=\"&lt;div class=glossaryItemTitle&gt;Inflaci&oacute;n&lt;\/div&gt;&lt;div class=glossaryItemBody&gt;&amp;lt;!-- wp:paragraph --&amp;gt; La inflaci&oacute;n es el aumento generalizado y sostenido de los precios de bienes y servicios en una econom&iacute;a.&amp;lt;br\/&amp;gt;&amp;lt;!-- \/wp:paragraph --&amp;gt;&lt;\/div&gt;&lt;div id=&amp;quot;cmtt_related_articles&amp;quot; class=&amp;quot;cmtt_related_articles_wrapper&amp;quot;&gt;&lt;div class=&amp;quot;cmtt_related_title cmtt_related_articles_title&amp;quot;&gt;Related Articles: &lt;\/div&gt;&lt;ul class=&amp;quot;cmtt_related&amp;quot;&gt;&lt;li class=&amp;quot;cmtt_related_item&amp;quot;&gt;&lt;a href=&amp;quot;https:\/\/xqthenews.com\/es\/el-auge-global-de-la-extrema-derecha-y-su-presencia-en-europa\/&amp;quot;target=&amp;quot;_blank&amp;quot;&gt;El auge global de la extrema derecha y su presencia en Europa&lt;\/a&gt;&lt;\/li&gt;&lt;li class=&amp;quot;cmtt_related_item&amp;quot;&gt;&lt;a href=&amp;quot;https:\/\/xqthenews.com\/es\/la-era-del-pop-menos-popular\/&amp;quot;target=&amp;quot;_blank&amp;quot;&gt;La era del pop menos popular&lt;\/a&gt;&lt;\/li&gt;&lt;li class=&amp;quot;cmtt_related_item&amp;quot;&gt;&lt;a href=&amp;quot;https:\/\/xqthenews.com\/es\/movilidad-blanda-e-integradora-para-ciudades-verdaderamente-respetuosas-con-el-medio-ambiente\/&amp;quot;target=&amp;quot;_blank&amp;quot;&gt;Movilidad blanda e integradora para ciudades verdaderamente respetuosas con el medio ambiente&lt;\/a&gt;&lt;\/li&gt;&lt;li class=&amp;quot;cmtt_related_item&amp;quot;&gt;&lt;a href=&amp;quot;https:\/\/xqthenews.com\/es\/asi-funciona-la-estratificacion-horizontal-en-la-universidad-segun-el-origen-social\/&amp;quot;target=&amp;quot;_blank&amp;quot;&gt;As&iacute; funciona la &laquo;estratificaci&oacute;n horizontal&raquo; en la universidad seg&uacute;n el origen social&lt;\/a&gt;&lt;\/li&gt;&lt;\/ul&gt;&lt;\/div&gt;\" href=\"https:\/\/xqthenews.com\/es\/glossary\/inflacion\/\" data-gt-translate-attributes='[{\"attribute\":\"data-cmtooltip\", \"format\":\"html\"}]' tabindex=\"0\" role=\"link\">inflaci&oacute;n<\/a> sin pausa &#8213;alcanzando el 140% interanual&#8213;, y una tasa del 40% de poblaci&oacute;n en el <a class=\"glossaryLink\" aria-describedby=\"tt\" data-cmtooltip=\"&lt;div class=glossaryItemTitle&gt;Umbral de la pobreza&lt;\/div&gt;&lt;div class=glossaryItemBody&gt;&amp;lt;!-- wp:paragraph --&amp;gt;Es el nivel m&iacute;nimo de ingresos o recursos necesarios para satisfacer las necesidades b&aacute;sicas, marcando la l&iacute;nea entre pobreza y no pobreza.&amp;lt;br\/&amp;gt;&amp;lt;!-- \/wp:paragraph --&amp;gt;&lt;\/div&gt;&lt;div id=&amp;quot;cmtt_related_articles&amp;quot; class=&amp;quot;cmtt_related_articles_wrapper&amp;quot;&gt;&lt;div class=&amp;quot;cmtt_related_title cmtt_related_articles_title&amp;quot;&gt;Related Articles: &lt;\/div&gt;&lt;ul class=&amp;quot;cmtt_related&amp;quot;&gt;&lt;li class=&amp;quot;cmtt_related_item&amp;quot;&gt;&lt;a href=&amp;quot;https:\/\/xqthenews.com\/es\/la-oms-denuncia-mas-de-230-ataques-israelies-a-la-atencion-sanitaria-palestina\/&amp;quot;target=&amp;quot;_blank&amp;quot;&gt;La OMS denuncia m&aacute;s de 230 ataques israel&iacute;es a la atenci&oacute;n sanitaria palestina&lt;\/a&gt;&lt;\/li&gt;&lt;li class=&amp;quot;cmtt_related_item&amp;quot;&gt;&lt;a href=&amp;quot;https:\/\/xqthenews.com\/es\/el-auge-global-de-la-extrema-derecha-y-su-presencia-en-europa\/&amp;quot;target=&amp;quot;_blank&amp;quot;&gt;El auge global de la extrema derecha y su presencia en Europa&lt;\/a&gt;&lt;\/li&gt;&lt;\/ul&gt;&lt;\/div&gt;\" href=\"https:\/\/xqthenews.com\/es\/glossary\/umbral-de-la-pobreza\/\" data-gt-translate-attributes='[{\"attribute\":\"data-cmtooltip\", \"format\":\"html\"}]' tabindex=\"0\" role=\"link\">umbral de la pobreza<\/a> el primer trimestre del 2023 <a href=\"https:\/\/www.indec.gob.ar\/indec\/web\/Nivel3-Tema-4-46\">seg&uacute;n datos del Instituto Nacional de Estad&iacute;stica y Censos de la Rep&uacute;blica Argentina<\/a>. Con la quemaz&oacute;n general que produce vivir en estas condiciones de manera sist&eacute;mica, el candidato &ldquo;<a class=\"glossaryLink\" aria-describedby=\"tt\" data-cmtooltip=\"&lt;div class=glossaryItemTitle&gt;Ultraneoliberal&lt;\/div&gt;&lt;div class=glossaryItemBody&gt;&amp;lt;!-- wp:paragraph --&amp;gt;&amp;quot;Ultraneoliberal&amp;quot; describe una perspectiva econ&oacute;mica extrema que favorece m&iacute;nima intervenci&oacute;n estatal y libre mercado en todas las &aacute;reas sociales y econ&oacute;micas.&amp;lt;br\/&amp;gt;&amp;lt;!-- \/wp:paragraph --&amp;gt;&lt;\/div&gt;&lt;div id=&amp;quot;cmtt_related_articles&amp;quot; class=&amp;quot;cmtt_related_articles_wrapper&amp;quot;&gt;&lt;div class=&amp;quot;cmtt_related_title cmtt_related_articles_title&amp;quot;&gt;Related Articles: &lt;\/div&gt;&lt;ul class=&amp;quot;cmtt_related&amp;quot;&gt;&lt;li class=&amp;quot;cmtt_related_item&amp;quot;&gt;&lt;a href=&amp;quot;https:\/\/xqthenews.com\/es\/el-auge-global-de-la-extrema-derecha-y-su-presencia-en-europa\/&amp;quot;target=&amp;quot;_blank&amp;quot;&gt;El auge global de la extrema derecha y su presencia en Europa&lt;\/a&gt;&lt;\/li&gt;&lt;\/ul&gt;&lt;\/div&gt;\" href=\"https:\/\/xqthenews.com\/es\/glossary\/ultraneoliberal\/\" data-gt-translate-attributes='[{\"attribute\":\"data-cmtooltip\", \"format\":\"html\"}]' tabindex=\"0\" role=\"link\">ultraneoliberal<\/a>&rdquo; <strong>Javier Milei ha ofrecido un discurso <a class=\"glossaryLink\" aria-describedby=\"tt\" data-cmtooltip=\"&lt;div class=glossaryItemTitle&gt;Populista&lt;\/div&gt;&lt;div class=glossaryItemBody&gt;&amp;lt;!-- wp:paragraph --&amp;gt;Pol&iacute;tico que apela a las preocupaciones y deseos del pueblo, a menudo con un enfoque simplista y emocional, para obtener apoyo pol&iacute;tico.&amp;lt;br\/&amp;gt;&amp;lt;!-- \/wp:paragraph --&amp;gt;&lt;\/div&gt;&lt;div id=&amp;quot;cmtt_related_articles&amp;quot; class=&amp;quot;cmtt_related_articles_wrapper&amp;quot;&gt;&lt;div class=&amp;quot;cmtt_related_title cmtt_related_articles_title&amp;quot;&gt;Related Articles: &lt;\/div&gt;&lt;ul class=&amp;quot;cmtt_related&amp;quot;&gt;&lt;li class=&amp;quot;cmtt_related_item&amp;quot;&gt;&lt;a href=&amp;quot;https:\/\/xqthenews.com\/es\/el-auge-global-de-la-extrema-derecha-y-su-presencia-en-europa\/&amp;quot;target=&amp;quot;_blank&amp;quot;&gt;El auge global de la extrema derecha y su presencia en Europa&lt;\/a&gt;&lt;\/li&gt;&lt;li class=&amp;quot;cmtt_related_item&amp;quot;&gt;&lt;a href=&amp;quot;https:\/\/xqthenews.com\/es\/victoria-de-la-derecha-en-portugal-una-tendencia-europea\/&amp;quot;target=&amp;quot;_blank&amp;quot;&gt;Victoria de la derecha en Portugal: &iquest;una tendencia europea?&lt;\/a&gt;&lt;\/li&gt;&lt;li class=&amp;quot;cmtt_related_item&amp;quot;&gt;&lt;a href=&amp;quot;https:\/\/xqthenews.com\/es\/la-extrema-derecha-toma-fuerza-a-tres-meses-de-las-elecciones-europeas\/&amp;quot;target=&amp;quot;_blank&amp;quot;&gt;La extrema derecha toma fuerza a tres meses de las elecciones europeas&lt;\/a&gt;&lt;\/li&gt;&lt;\/ul&gt;&lt;\/div&gt;\" href=\"https:\/\/xqthenews.com\/es\/glossary\/populista\/\" data-gt-translate-attributes='[{\"attribute\":\"data-cmtooltip\", \"format\":\"html\"}]' tabindex=\"0\" role=\"link\">populista<\/a> que ha surgido efecto en una sociedad hastiada<\/strong>. El pr&oacute;ximo presidente naci&oacute; como carne de plat&oacute; televisivo, un hombre esperp&eacute;ntico cercano a la extrema derecha y cuyas soluciones pasan por la privatizaci&oacute;n extrema: ya ha anunciado la eliminaci&oacute;n de doce ministerios &#8213;entre ellos sanidad, educaci&oacute;n y cultura&#8213;, dejando tan solo ocho &#8213;Econom&iacute;a, Justicia, Interior, Capital Humano (Empleo + Educaci&oacute;n), Seguridad, Defensa, Relaciones Exteriores e Infraestructura&#8213;.<\/p>\n\n\n\n<p><strong>Milei representa la derecha radical <a class=\"glossaryLink\" aria-describedby=\"tt\" data-cmtooltip=\"&lt;div class=glossaryItemTitle&gt;Populista&lt;\/div&gt;&lt;div class=glossaryItemBody&gt;&amp;lt;!-- wp:paragraph --&amp;gt;Pol&iacute;tico que apela a las preocupaciones y deseos del pueblo, a menudo con un enfoque simplista y emocional, para obtener apoyo pol&iacute;tico.&amp;lt;br\/&amp;gt;&amp;lt;!-- \/wp:paragraph --&amp;gt;&lt;\/div&gt;&lt;div id=&amp;quot;cmtt_related_articles&amp;quot; class=&amp;quot;cmtt_related_articles_wrapper&amp;quot;&gt;&lt;div class=&amp;quot;cmtt_related_title cmtt_related_articles_title&amp;quot;&gt;Related Articles: &lt;\/div&gt;&lt;ul class=&amp;quot;cmtt_related&amp;quot;&gt;&lt;li class=&amp;quot;cmtt_related_item&amp;quot;&gt;&lt;a href=&amp;quot;https:\/\/xqthenews.com\/es\/el-auge-global-de-la-extrema-derecha-y-su-presencia-en-europa\/&amp;quot;target=&amp;quot;_blank&amp;quot;&gt;El auge global de la extrema derecha y su presencia en Europa&lt;\/a&gt;&lt;\/li&gt;&lt;li class=&amp;quot;cmtt_related_item&amp;quot;&gt;&lt;a href=&amp;quot;https:\/\/xqthenews.com\/es\/victoria-de-la-derecha-en-portugal-una-tendencia-europea\/&amp;quot;target=&amp;quot;_blank&amp;quot;&gt;Victoria de la derecha en Portugal: &iquest;una tendencia europea?&lt;\/a&gt;&lt;\/li&gt;&lt;li class=&amp;quot;cmtt_related_item&amp;quot;&gt;&lt;a href=&amp;quot;https:\/\/xqthenews.com\/es\/la-extrema-derecha-toma-fuerza-a-tres-meses-de-las-elecciones-europeas\/&amp;quot;target=&amp;quot;_blank&amp;quot;&gt;La extrema derecha toma fuerza a tres meses de las elecciones europeas&lt;\/a&gt;&lt;\/li&gt;&lt;\/ul&gt;&lt;\/div&gt;\" href=\"https:\/\/xqthenews.com\/es\/glossary\/populista\/\" data-gt-translate-attributes='[{\"attribute\":\"data-cmtooltip\", \"format\":\"html\"}]' tabindex=\"0\" role=\"link\">populista<\/a> y grandilocuente<\/strong> que tiene precedentes como Donald Trump en Estados Unidos. El polit&oacute;logo Silvio Falc&oacute;n en<a href=\"https:\/\/catalunyaplural.cat\/es\/del-plato-a-casa-rosada-el-viaje-de-javier-milei\/\"> un art&iacute;culo para Catalunya Plural<\/a>, explica que el nuevo Presidente electo de la Argentina &ldquo;se confiesa aliado de <a class=\"glossaryLink\"  aria-describedby=\"tt\"  data-cmtooltip=\"&lt;div class=glossaryItemTitle&gt;VOX&lt;\/div&gt;&lt;div class=glossaryItemBody&gt;&amp;lt;!-- wp:paragraph --&amp;gt;VOX es un partido pol&iacute;tico espa&ntilde;ol de derecha radical, que se enfoca en inmigraci&oacute;n, unidad nacional y tradici&oacute;n conservadora en valores sociales.&amp;lt;br\/&amp;gt;&amp;lt;!-- \/wp:paragraph --&amp;gt;&lt;\/div&gt;&lt;div id=&amp;quot;cmtt_related_articles&amp;quot; class=&amp;quot;cmtt_related_articles_wrapper&amp;quot;&gt;&lt;div class=&amp;quot;cmtt_related_title cmtt_related_articles_title&amp;quot;&gt;Related Articles: &lt;\/div&gt;&lt;ul class=&amp;quot;cmtt_related&amp;quot;&gt;&lt;li class=&amp;quot;cmtt_related_item&amp;quot;&gt;&lt;a href=&amp;quot;https:\/\/xqthenews.com\/es\/el-auge-global-de-la-extrema-derecha-y-su-presencia-en-europa\/&amp;quot;target=&amp;quot;_blank&amp;quot;&gt;El auge global de la extrema derecha y su presencia en Europa&lt;\/a&gt;&lt;\/li&gt;&lt;li class=&amp;quot;cmtt_related_item&amp;quot;&gt;&lt;a href=&amp;quot;https:\/\/xqthenews.com\/es\/la-extrema-derecha-toma-fuerza-a-tres-meses-de-las-elecciones-europeas\/&amp;quot;target=&amp;quot;_blank&amp;quot;&gt;La extrema derecha toma fuerza a tres meses de las elecciones europeas&lt;\/a&gt;&lt;\/li&gt;&lt;li class=&amp;quot;cmtt_related_item&amp;quot;&gt;&lt;a href=&amp;quot;https:\/\/xqthenews.com\/es\/el-parlamento-electo-acabara-de-determinar-la-trayectoria-de-la-europa-del-2030\/&amp;quot;target=&amp;quot;_blank&amp;quot;&gt;El Parlamento electo acabar&aacute; de determinar la trayectoria de la Europa del 2030&lt;\/a&gt;&lt;\/li&gt;&lt;li class=&amp;quot;cmtt_related_item&amp;quot;&gt;&lt;a href=&amp;quot;https:\/\/xqthenews.com\/es\/los-derechos-de-las-personas-lgbt-en-europa-se-estan-reduciendo\/&amp;quot;target=&amp;quot;_blank&amp;quot;&gt;Los derechos de las personas LGBT+ en Europa se est&aacute;n reduciendo&lt;\/a&gt;&lt;\/li&gt;&lt;\/ul&gt;&lt;\/div&gt;\"  href=\"https:\/\/xqthenews.com\/es\/glossary\/vox\/\"  data-gt-translate-attributes='[{\"attribute\":\"data-cmtooltip\", \"format\":\"html\"}]' tabindex='0' role='link'>VOX<\/a> y Abascal en Espa&ntilde;a, admirador de <a class=\"glossaryLink\" aria-describedby=\"tt\" data-cmtooltip=\"&lt;div class=glossaryItemTitle&gt;Bolsonaro&lt;\/div&gt;&lt;div class=glossaryItemBody&gt;&amp;lt;!-- wp:paragraph --&amp;gt;Bolsonaro fue el presidente de Brasil, reconocido por posturas conservadoras y pol&iacute;ticas controvertidas en temas sociales y ambientales.&amp;lt;br\/&amp;gt;&amp;lt;!-- \/wp:paragraph --&amp;gt;&lt;\/div&gt;&lt;div id=&amp;quot;cmtt_related_articles&amp;quot; class=&amp;quot;cmtt_related_articles_wrapper&amp;quot;&gt;&lt;div class=&amp;quot;cmtt_related_title cmtt_related_articles_title&amp;quot;&gt;Related Articles: &lt;\/div&gt;&lt;ul class=&amp;quot;cmtt_related&amp;quot;&gt;&lt;li class=&amp;quot;cmtt_related_item&amp;quot;&gt;&lt;a href=&amp;quot;https:\/\/xqthenews.com\/es\/el-auge-global-de-la-extrema-derecha-y-su-presencia-en-europa\/&amp;quot;target=&amp;quot;_blank&amp;quot;&gt;El auge global de la extrema derecha y su presencia en Europa&lt;\/a&gt;&lt;\/li&gt;&lt;li class=&amp;quot;cmtt_related_item&amp;quot;&gt;&lt;a href=&amp;quot;https:\/\/xqthenews.com\/es\/concurso-para-jovenes-de-18-anos-una-semana-en-una-redaccion-en-el-extranjero-como-premio\/&amp;quot;target=&amp;quot;_blank&amp;quot;&gt;Concurso para j&oacute;venes de 18 a&ntilde;os: una semana en una redacci&oacute;n en el extranjero como premio&lt;\/a&gt;&lt;\/li&gt;&lt;\/ul&gt;&lt;\/div&gt;\" href=\"https:\/\/xqthenews.com\/es\/glossary\/bolsonaro\/\" data-gt-translate-attributes='[{\"attribute\":\"data-cmtooltip\", \"format\":\"html\"}]' tabindex=\"0\" role=\"link\">Bolsonaro<\/a> en Brasil y de <a class=\"glossaryLink\"  aria-describedby=\"tt\"  data-cmtooltip=\"&lt;div class=glossaryItemTitle&gt;Kast&lt;\/div&gt;&lt;div class=glossaryItemBody&gt;&amp;lt;!-- wp:paragraph --&amp;gt;Jos&eacute; Antonio Kast es un pol&iacute;tico chileno de derecha, conocido por posiciones conservadoras y en&eacute;rgicas, especialmente en temas sociales y econ&oacute;micos.&amp;lt;br\/&amp;gt;&amp;lt;!-- \/wp:paragraph --&amp;gt;&lt;\/div&gt;&lt;div id=&amp;quot;cmtt_related_articles&amp;quot; class=&amp;quot;cmtt_related_articles_wrapper&amp;quot;&gt;&lt;div class=&amp;quot;cmtt_related_title cmtt_related_articles_title&amp;quot;&gt;Related Articles: &lt;\/div&gt;&lt;ul class=&amp;quot;cmtt_related&amp;quot;&gt;&lt;li class=&amp;quot;cmtt_related_item&amp;quot;&gt;&lt;a href=&amp;quot;https:\/\/xqthenews.com\/es\/el-auge-global-de-la-extrema-derecha-y-su-presencia-en-europa\/&amp;quot;target=&amp;quot;_blank&amp;quot;&gt;El auge global de la extrema derecha y su presencia en Europa&lt;\/a&gt;&lt;\/li&gt;&lt;\/ul&gt;&lt;\/div&gt;\"  href=\"https:\/\/xqthenews.com\/es\/glossary\/kast\/\"  data-gt-translate-attributes='[{\"attribute\":\"data-cmtooltip\", \"format\":\"html\"}]' tabindex='0' role='link'>Kast<\/a> en Chile [&hellip;] M&aacute;s all&aacute; de su imagen rompedora y de su verbo inflamado, la derecha radical global no tiene dudas al respecto: Milei es su hombre en la Argentina&rdquo;.<\/p>\n\n\n\n<p>Con solo unos d&iacute;as de diferencia, las elecciones de Pa&iacute;ses Bajos romp&iacute;an pron&oacute;sticos: Geert Wilders, l&iacute;der del Partido de la Libertad (PVV), se llevaba 35 de los 150 esca&ntilde;os. De nuevo, la sombra del magnate <a class=\"glossaryLink\" aria-describedby=\"tt\" data-cmtooltip=\"&lt;div class=glossaryItemTitle&gt;Populista&lt;\/div&gt;&lt;div class=glossaryItemBody&gt;&amp;lt;!-- wp:paragraph --&amp;gt;Pol&iacute;tico que apela a las preocupaciones y deseos del pueblo, a menudo con un enfoque simplista y emocional, para obtener apoyo pol&iacute;tico.&amp;lt;br\/&amp;gt;&amp;lt;!-- \/wp:paragraph --&amp;gt;&lt;\/div&gt;&lt;div id=&amp;quot;cmtt_related_articles&amp;quot; class=&amp;quot;cmtt_related_articles_wrapper&amp;quot;&gt;&lt;div class=&amp;quot;cmtt_related_title cmtt_related_articles_title&amp;quot;&gt;Related Articles: &lt;\/div&gt;&lt;ul class=&amp;quot;cmtt_related&amp;quot;&gt;&lt;li class=&amp;quot;cmtt_related_item&amp;quot;&gt;&lt;a href=&amp;quot;https:\/\/xqthenews.com\/es\/el-auge-global-de-la-extrema-derecha-y-su-presencia-en-europa\/&amp;quot;target=&amp;quot;_blank&amp;quot;&gt;El auge global de la extrema derecha y su presencia en Europa&lt;\/a&gt;&lt;\/li&gt;&lt;li class=&amp;quot;cmtt_related_item&amp;quot;&gt;&lt;a href=&amp;quot;https:\/\/xqthenews.com\/es\/victoria-de-la-derecha-en-portugal-una-tendencia-europea\/&amp;quot;target=&amp;quot;_blank&amp;quot;&gt;Victoria de la derecha en Portugal: &iquest;una tendencia europea?&lt;\/a&gt;&lt;\/li&gt;&lt;li class=&amp;quot;cmtt_related_item&amp;quot;&gt;&lt;a href=&amp;quot;https:\/\/xqthenews.com\/es\/la-extrema-derecha-toma-fuerza-a-tres-meses-de-las-elecciones-europeas\/&amp;quot;target=&amp;quot;_blank&amp;quot;&gt;La extrema derecha toma fuerza a tres meses de las elecciones europeas&lt;\/a&gt;&lt;\/li&gt;&lt;\/ul&gt;&lt;\/div&gt;\" href=\"https:\/\/xqthenews.com\/es\/glossary\/populista\/\" data-gt-translate-attributes='[{\"attribute\":\"data-cmtooltip\", \"format\":\"html\"}]' tabindex=\"0\" role=\"link\">populista<\/a> Donald Trump asoma como referente, y es que <strong>a Wilders se le conoce como &laquo;el trumpista neerland&eacute;s&raquo;.<\/strong> El l&iacute;der de la ultraderecha de Pa&iacute;ses Bajos, comparte &#8213;adem&aacute;s de un peinado pintoresco&#8213; ideas como la <a class=\"glossaryLink\" aria-describedby=\"tt\" data-cmtooltip=\"&lt;div class=glossaryItemTitle&gt;Islamofobia&lt;\/div&gt;&lt;div class=glossaryItemBody&gt;&amp;lt;!-- wp:paragraph --&amp;gt;La islamofobia es el miedo, aversi&oacute;n o prejuicio hacia el Islam, manifestado en discriminaci&oacute;n o estigmatizaci&oacute;n de los musulmanes.&amp;lt;br\/&amp;gt;&amp;lt;!-- \/wp:paragraph --&amp;gt;&lt;\/div&gt;&lt;div id=&amp;quot;cmtt_related_articles&amp;quot; class=&amp;quot;cmtt_related_articles_wrapper&amp;quot;&gt;&lt;div class=&amp;quot;cmtt_related_title cmtt_related_articles_title&amp;quot;&gt;Related Articles: &lt;\/div&gt;&lt;ul class=&amp;quot;cmtt_related&amp;quot;&gt;&lt;li class=&amp;quot;cmtt_related_item&amp;quot;&gt;&lt;a href=&amp;quot;https:\/\/xqthenews.com\/es\/el-auge-global-de-la-extrema-derecha-y-su-presencia-en-europa\/&amp;quot;target=&amp;quot;_blank&amp;quot;&gt;El auge global de la extrema derecha y su presencia en Europa&lt;\/a&gt;&lt;\/li&gt;&lt;\/ul&gt;&lt;\/div&gt;\" href=\"https:\/\/xqthenews.com\/es\/glossary\/islamofobia\/\" data-gt-translate-attributes='[{\"attribute\":\"data-cmtooltip\", \"format\":\"html\"}]' tabindex=\"0\" role=\"link\">islamofobia<\/a> y un claro mensaje racista, uno de los grandes rasgos de la extrema derecha. De car&aacute;cter explosivo, precisamente el a&ntilde;o que en Estados Unidos ganaba Trump, 2016<strong>, Wilders se enfrent&oacute; a un juicio por incitaci&oacute;n al odio<\/strong>. En pleno mitin, lanz&oacute; una pregunta a sus seguidores, si quer&iacute;an &laquo;m&aacute;s o menos marroqu&iacute;es&raquo; en los Pa&iacute;ses Bajos, a lo que la multitud respondi&oacute; &laquo;menos, menos, menos&rdquo;. Wilders a&ntilde;adi&oacute;: &laquo;Vamos a arreglar eso&raquo;.<\/p>\n\n\n\n<p>Si Trump pronunciaba su famoso &ldquo;make America great again&rdquo;, la ultraderecha se caracteriza por mantener ese discurso en sus respectivos pa&iacute;ses. Para el partido de Wilders, &ldquo;nuestro propio pa&iacute;s es lo primero&rdquo;. Mencionaba en campa&ntilde;a que &ldquo;el pueblo debe recuperar su naci&oacute;n&rdquo;: <strong>cerrar mezquitas e incluso prohibir el Cor&aacute;n son algunas de sus propuestas<\/strong>. &ldquo;La supervivencia de una Holanda libre depende de la medida en que logremos hacer retroceder al islam&rdquo;, se pod&iacute;a ver en su programa electoral.<\/p>\n\n\n\n<p>Al igual que los aliados de Milei, <strong>otras caras visibles de la extrema derecha global no tardaron en felicitar al candidato neerland&eacute;s<\/strong>: la francesa Marine Le Pen, Santiago Abascal de <a class=\"glossaryLink\"  aria-describedby=\"tt\"  data-cmtooltip=\"&lt;div class=glossaryItemTitle&gt;VOX&lt;\/div&gt;&lt;div class=glossaryItemBody&gt;&amp;lt;!-- wp:paragraph --&amp;gt;VOX es un partido pol&iacute;tico espa&ntilde;ol de derecha radical, que se enfoca en inmigraci&oacute;n, unidad nacional y tradici&oacute;n conservadora en valores sociales.&amp;lt;br\/&amp;gt;&amp;lt;!-- \/wp:paragraph --&amp;gt;&lt;\/div&gt;&lt;div id=&amp;quot;cmtt_related_articles&amp;quot; class=&amp;quot;cmtt_related_articles_wrapper&amp;quot;&gt;&lt;div class=&amp;quot;cmtt_related_title cmtt_related_articles_title&amp;quot;&gt;Related Articles: &lt;\/div&gt;&lt;ul class=&amp;quot;cmtt_related&amp;quot;&gt;&lt;li class=&amp;quot;cmtt_related_item&amp;quot;&gt;&lt;a href=&amp;quot;https:\/\/xqthenews.com\/es\/el-auge-global-de-la-extrema-derecha-y-su-presencia-en-europa\/&amp;quot;target=&amp;quot;_blank&amp;quot;&gt;El auge global de la extrema derecha y su presencia en Europa&lt;\/a&gt;&lt;\/li&gt;&lt;li class=&amp;quot;cmtt_related_item&amp;quot;&gt;&lt;a href=&amp;quot;https:\/\/xqthenews.com\/es\/la-extrema-derecha-toma-fuerza-a-tres-meses-de-las-elecciones-europeas\/&amp;quot;target=&amp;quot;_blank&amp;quot;&gt;La extrema derecha toma fuerza a tres meses de las elecciones europeas&lt;\/a&gt;&lt;\/li&gt;&lt;li class=&amp;quot;cmtt_related_item&amp;quot;&gt;&lt;a href=&amp;quot;https:\/\/xqthenews.com\/es\/el-parlamento-electo-acabara-de-determinar-la-trayectoria-de-la-europa-del-2030\/&amp;quot;target=&amp;quot;_blank&amp;quot;&gt;El Parlamento electo acabar&aacute; de determinar la trayectoria de la Europa del 2030&lt;\/a&gt;&lt;\/li&gt;&lt;li class=&amp;quot;cmtt_related_item&amp;quot;&gt;&lt;a href=&amp;quot;https:\/\/xqthenews.com\/es\/los-derechos-de-las-personas-lgbt-en-europa-se-estan-reduciendo\/&amp;quot;target=&amp;quot;_blank&amp;quot;&gt;Los derechos de las personas LGBT+ en Europa se est&aacute;n reduciendo&lt;\/a&gt;&lt;\/li&gt;&lt;\/ul&gt;&lt;\/div&gt;\"  href=\"https:\/\/xqthenews.com\/es\/glossary\/vox\/\"  data-gt-translate-attributes='[{\"attribute\":\"data-cmtooltip\", \"format\":\"html\"}]' tabindex='0' role='link'>VOX<\/a> o el h&uacute;ngaro Viktor Orban fueron de los primeros en transmitir su enhorabuena. Hay una tendencia clara en la &uacute;ltima d&eacute;cada, pese a que la presencia institucional de discursos reaccionarios responde a una eclosi&oacute;n que se ha venido cociendo a&ntilde;os atr&aacute;s.<\/p>\n\n\n\n<h2 class=\"wp-block-heading\">El nuevo siglo lleg&oacute; a Austria de la mano de la entrada de la ultraderecha<strong><\/strong><\/h2>\n\n\n\n<p>A las puertas del s.XXI en Austria se abri&oacute; la veda a la extrema derecha a trav&eacute;s de una <a class=\"glossaryLink\" aria-describedby=\"tt\" data-cmtooltip=\"&lt;div class=glossaryItemTitle&gt;Coalici&oacute;n&lt;\/div&gt;&lt;div class=glossaryItemBody&gt;&amp;lt;!-- wp:paragraph --&amp;gt;Una coalici&oacute;n es la uni&oacute;n de distintos partidos pol&iacute;ticos para formar un gobierno o alcanzar objetivos comunes mediante acuerdos y colaboraci&oacute;n.&amp;lt;br\/&amp;gt;&amp;lt;!-- \/wp:paragraph --&amp;gt;&lt;\/div&gt;&lt;div id=&amp;quot;cmtt_related_articles&amp;quot; class=&amp;quot;cmtt_related_articles_wrapper&amp;quot;&gt;&lt;div class=&amp;quot;cmtt_related_title cmtt_related_articles_title&amp;quot;&gt;Related Articles: &lt;\/div&gt;&lt;ul class=&amp;quot;cmtt_related&amp;quot;&gt;&lt;li class=&amp;quot;cmtt_related_item&amp;quot;&gt;&lt;a href=&amp;quot;https:\/\/xqthenews.com\/es\/ucrania-la-herida-en-el-corazon-de-europa\/&amp;quot;target=&amp;quot;_blank&amp;quot;&gt;Ucrania, la herida en el coraz&oacute;n de Europa&lt;\/a&gt;&lt;\/li&gt;&lt;li class=&amp;quot;cmtt_related_item&amp;quot;&gt;&lt;a href=&amp;quot;https:\/\/xqthenews.com\/es\/la-destruccion-de-gaza-el-ultimo-capitulo-de-cien-anos-de-odio\/&amp;quot;target=&amp;quot;_blank&amp;quot;&gt;La destrucci&oacute;n de Gaza, el &uacute;ltimo cap&iacute;tulo de cien a&ntilde;os de odio&lt;\/a&gt;&lt;\/li&gt;&lt;li class=&amp;quot;cmtt_related_item&amp;quot;&gt;&lt;a href=&amp;quot;https:\/\/xqthenews.com\/es\/el-auge-global-de-la-extrema-derecha-y-su-presencia-en-europa\/&amp;quot;target=&amp;quot;_blank&amp;quot;&gt;El auge global de la extrema derecha y su presencia en Europa&lt;\/a&gt;&lt;\/li&gt;&lt;li class=&amp;quot;cmtt_related_item&amp;quot;&gt;&lt;a href=&amp;quot;https:\/\/xqthenews.com\/es\/victoria-de-la-derecha-en-portugal-una-tendencia-europea\/&amp;quot;target=&amp;quot;_blank&amp;quot;&gt;Victoria de la derecha en Portugal: &iquest;una tendencia europea?&lt;\/a&gt;&lt;\/li&gt;&lt;li class=&amp;quot;cmtt_related_item&amp;quot;&gt;&lt;a href=&amp;quot;https:\/\/xqthenews.com\/es\/la-extrema-derecha-toma-fuerza-a-tres-meses-de-las-elecciones-europeas\/&amp;quot;target=&amp;quot;_blank&amp;quot;&gt;La extrema derecha toma fuerza a tres meses de las elecciones europeas&lt;\/a&gt;&lt;\/li&gt;&lt;\/ul&gt;&lt;\/div&gt;\" href=\"https:\/\/xqthenews.com\/es\/glossary\/coalicion\/\" data-gt-translate-attributes='[{\"attribute\":\"data-cmtooltip\", \"format\":\"html\"}]' tabindex=\"0\" role=\"link\">coalici&oacute;n<\/a> fruto de las elecciones del 1999. El FPO &#8213;partido de extrema derecha cuyo uno de sus fundadores, Anton Reinthaller, fue exmiembro de las SS&#8213; se posicionaba como segunda fuerza. <strong>Ali&aacute;ndose con el Partido Popular (OVP) se hicieron con el poder<\/strong>. Fue una de las primeras muestras de auge <a class=\"glossaryLink\" aria-describedby=\"tt\" data-cmtooltip=\"&lt;div class=glossaryItemTitle&gt;Reaccionario&lt;\/div&gt;&lt;div class=glossaryItemBody&gt;&amp;lt;!-- wp:paragraph --&amp;gt;El t&eacute;rmino &amp;quot;reaccionario&amp;quot; se refiere a personas o ideolog&iacute;as que se oponen a cambios o reformas sociales, pol&iacute;ticas o econ&oacute;micas, defendiendo un retorno a un estado anterior, a menudo idealizado.&amp;lt;br\/&amp;gt;&amp;lt;!-- \/wp:paragraph --&amp;gt;&lt;\/div&gt;&lt;div id=&amp;quot;cmtt_related_articles&amp;quot; class=&amp;quot;cmtt_related_articles_wrapper&amp;quot;&gt;&lt;div class=&amp;quot;cmtt_related_title cmtt_related_articles_title&amp;quot;&gt;Related Articles: &lt;\/div&gt;&lt;ul class=&amp;quot;cmtt_related&amp;quot;&gt;&lt;li class=&amp;quot;cmtt_related_item&amp;quot;&gt;&lt;a href=&amp;quot;https:\/\/xqthenews.com\/es\/somos-lo-que-votamos\/&amp;quot;target=&amp;quot;_blank&amp;quot;&gt;Somos lo que votamos&lt;\/a&gt;&lt;\/li&gt;&lt;li class=&amp;quot;cmtt_related_item&amp;quot;&gt;&lt;a href=&amp;quot;https:\/\/xqthenews.com\/es\/alemania-en-la-encrucijada-la-extrema-derecha-avanza-y-la-izquierda-busca-su-sitio\/&amp;quot;target=&amp;quot;_blank&amp;quot;&gt;Alemania en la encrucijada: la extrema derecha avanza y la izquierda busca su sitio&lt;\/a&gt;&lt;\/li&gt;&lt;\/ul&gt;&lt;\/div&gt;\" href=\"https:\/\/xqthenews.com\/es\/glossary\/reaccionario\/\" data-gt-translate-attributes='[{\"attribute\":\"data-cmtooltip\", \"format\":\"html\"}]' tabindex=\"0\" role=\"link\">reaccionario<\/a> tras la II <a class=\"glossaryLink\" aria-describedby=\"tt\" data-cmtooltip=\"&lt;div class=glossaryItemTitle&gt;Guerra&lt;\/div&gt;&lt;div class=glossaryItemBody&gt;Hostilidad, conflicto armado entre dos o m&aacute;s naciones libres o entre facciones de un mismo Estado. Trae consigo muertes y destrucci&oacute;n de recursos y propiedades y su fin es imponer la voluntad de los vencedores sobre los vencidos.&amp;lt;br \/&amp;gt;Con las guerras, muchos pa&iacute;ses quedaron arruinados y endeudados. &lt;\/div&gt;&lt;div id=&amp;quot;cmtt_related_articles&amp;quot; class=&amp;quot;cmtt_related_articles_wrapper&amp;quot;&gt;&lt;div class=&amp;quot;cmtt_related_title cmtt_related_articles_title&amp;quot;&gt;Related Articles: &lt;\/div&gt;&lt;ul class=&amp;quot;cmtt_related&amp;quot;&gt;&lt;li class=&amp;quot;cmtt_related_item&amp;quot;&gt;&lt;a href=&amp;quot;https:\/\/xqthenews.com\/es\/ucrania-la-herida-en-el-corazon-de-europa\/&amp;quot;target=&amp;quot;_blank&amp;quot;&gt;Ucrania, la herida en el coraz&oacute;n de Europa&lt;\/a&gt;&lt;\/li&gt;&lt;li class=&amp;quot;cmtt_related_item&amp;quot;&gt;&lt;a href=&amp;quot;https:\/\/xqthenews.com\/es\/mayo-del-68-cuando-los-jovenes-lograron-sacudir-la-historia\/&amp;quot;target=&amp;quot;_blank&amp;quot;&gt;Mayo del 68, cuando los j&oacute;venes lograron sacudir la historia&lt;\/a&gt;&lt;\/li&gt;&lt;li class=&amp;quot;cmtt_related_item&amp;quot;&gt;&lt;a href=&amp;quot;https:\/\/xqthenews.com\/es\/que-es-el-fascismo\/&amp;quot;target=&amp;quot;_blank&amp;quot;&gt;&iquest;Qu&eacute; es el fascismo?&lt;\/a&gt;&lt;\/li&gt;&lt;li class=&amp;quot;cmtt_related_item&amp;quot;&gt;&lt;a href=&amp;quot;https:\/\/xqthenews.com\/es\/por-que-el-futbol-es-un-fenomeno-global\/&amp;quot;target=&amp;quot;_blank&amp;quot;&gt;&iquest;Por qu&eacute; el f&uacute;tbol es un fen&oacute;meno global?&lt;\/a&gt;&lt;\/li&gt;&lt;li class=&amp;quot;cmtt_related_item&amp;quot;&gt;&lt;a href=&amp;quot;https:\/\/xqthenews.com\/es\/generacion-y-los-primeros-jovenes-que-viviran-peor-que-sus-padres-2\/&amp;quot;target=&amp;quot;_blank&amp;quot;&gt;Generaci&oacute;n Y, los primeros j&oacute;venes que vivir&aacute;n peor que sus padres&lt;\/a&gt;&lt;\/li&gt;&lt;\/ul&gt;&lt;\/div&gt;\" href=\"https:\/\/xqthenews.com\/es\/glossary\/guerra\/\" data-gt-translate-attributes='[{\"attribute\":\"data-cmtooltip\", \"format\":\"html\"}]' tabindex=\"0\" role=\"link\">Guerra<\/a> Mundial. A&ntilde;os despu&eacute;s, en 2017, Austria reeditar&iacute;a la <a class=\"glossaryLink\" aria-describedby=\"tt\" data-cmtooltip=\"&lt;div class=glossaryItemTitle&gt;Coalici&oacute;n&lt;\/div&gt;&lt;div class=glossaryItemBody&gt;&amp;lt;!-- wp:paragraph --&amp;gt;Una coalici&oacute;n es la uni&oacute;n de distintos partidos pol&iacute;ticos para formar un gobierno o alcanzar objetivos comunes mediante acuerdos y colaboraci&oacute;n.&amp;lt;br\/&amp;gt;&amp;lt;!-- \/wp:paragraph --&amp;gt;&lt;\/div&gt;&lt;div id=&amp;quot;cmtt_related_articles&amp;quot; class=&amp;quot;cmtt_related_articles_wrapper&amp;quot;&gt;&lt;div class=&amp;quot;cmtt_related_title cmtt_related_articles_title&amp;quot;&gt;Related Articles: &lt;\/div&gt;&lt;ul class=&amp;quot;cmtt_related&amp;quot;&gt;&lt;li class=&amp;quot;cmtt_related_item&amp;quot;&gt;&lt;a href=&amp;quot;https:\/\/xqthenews.com\/es\/ucrania-la-herida-en-el-corazon-de-europa\/&amp;quot;target=&amp;quot;_blank&amp;quot;&gt;Ucrania, la herida en el coraz&oacute;n de Europa&lt;\/a&gt;&lt;\/li&gt;&lt;li class=&amp;quot;cmtt_related_item&amp;quot;&gt;&lt;a href=&amp;quot;https:\/\/xqthenews.com\/es\/la-destruccion-de-gaza-el-ultimo-capitulo-de-cien-anos-de-odio\/&amp;quot;target=&amp;quot;_blank&amp;quot;&gt;La destrucci&oacute;n de Gaza, el &uacute;ltimo cap&iacute;tulo de cien a&ntilde;os de odio&lt;\/a&gt;&lt;\/li&gt;&lt;li class=&amp;quot;cmtt_related_item&amp;quot;&gt;&lt;a href=&amp;quot;https:\/\/xqthenews.com\/es\/el-auge-global-de-la-extrema-derecha-y-su-presencia-en-europa\/&amp;quot;target=&amp;quot;_blank&amp;quot;&gt;El auge global de la extrema derecha y su presencia en Europa&lt;\/a&gt;&lt;\/li&gt;&lt;li class=&amp;quot;cmtt_related_item&amp;quot;&gt;&lt;a href=&amp;quot;https:\/\/xqthenews.com\/es\/victoria-de-la-derecha-en-portugal-una-tendencia-europea\/&amp;quot;target=&amp;quot;_blank&amp;quot;&gt;Victoria de la derecha en Portugal: &iquest;una tendencia europea?&lt;\/a&gt;&lt;\/li&gt;&lt;li class=&amp;quot;cmtt_related_item&amp;quot;&gt;&lt;a href=&amp;quot;https:\/\/xqthenews.com\/es\/la-extrema-derecha-toma-fuerza-a-tres-meses-de-las-elecciones-europeas\/&amp;quot;target=&amp;quot;_blank&amp;quot;&gt;La extrema derecha toma fuerza a tres meses de las elecciones europeas&lt;\/a&gt;&lt;\/li&gt;&lt;\/ul&gt;&lt;\/div&gt;\" href=\"https:\/\/xqthenews.com\/es\/glossary\/coalicion\/\" data-gt-translate-attributes='[{\"attribute\":\"data-cmtooltip\", \"format\":\"html\"}]' tabindex=\"0\" role=\"link\">coalici&oacute;n<\/a>: esta vez el FPO iba encabezado por Heinz-Christian Strache, quien tuvo que abandonar el partido y el gobierno en 2019 por un esc&aacute;ndalo en el que se revel&oacute; que ofrec&iacute;a contrataciones p&uacute;blicas a cambio de apoyos pol&iacute;ticos. Durante el tiempo que dur&oacute; la &uacute;ltima alianza entre el OVP y el FPO, se aplicaron legislaciones duras hacia la inmigraci&oacute;n. <strong>Bajo el contexto de los movimientos migratorios del 2015 y la numerosa llegada de <a class=\"glossaryLink\" aria-describedby=\"tt\" data-cmtooltip=\"&lt;div class=glossaryItemTitle&gt;Refugiados&lt;\/div&gt;&lt;div class=glossaryItemBody&gt;&amp;lt;!-- wp:paragraph --&amp;gt;Refugiados son personas que huyen de conflictos o persecuci&oacute;n y buscan protecci&oacute;n en otro pa&iacute;s por temor a persecuci&oacute;n, guerra o violencia.&amp;lt;br\/&amp;gt;&amp;lt;!-- \/wp:paragraph --&amp;gt;&lt;\/div&gt;&lt;div id=&amp;quot;cmtt_related_articles&amp;quot; class=&amp;quot;cmtt_related_articles_wrapper&amp;quot;&gt;&lt;div class=&amp;quot;cmtt_related_title cmtt_related_articles_title&amp;quot;&gt;Related Articles: &lt;\/div&gt;&lt;ul class=&amp;quot;cmtt_related&amp;quot;&gt;&lt;li class=&amp;quot;cmtt_related_item&amp;quot;&gt;&lt;a href=&amp;quot;https:\/\/xqthenews.com\/es\/ucrania-la-herida-en-el-corazon-de-europa\/&amp;quot;target=&amp;quot;_blank&amp;quot;&gt;Ucrania, la herida en el coraz&oacute;n de Europa&lt;\/a&gt;&lt;\/li&gt;&lt;li class=&amp;quot;cmtt_related_item&amp;quot;&gt;&lt;a href=&amp;quot;https:\/\/xqthenews.com\/es\/apartheid-en-palestina-las-raices-profundas-de-la-guerra\/&amp;quot;target=&amp;quot;_blank&amp;quot;&gt;Apartheid en Palestina, las ra&iacute;ces profundas de la guerra&lt;\/a&gt;&lt;\/li&gt;&lt;li class=&amp;quot;cmtt_related_item&amp;quot;&gt;&lt;a href=&amp;quot;https:\/\/xqthenews.com\/es\/a-la-caza-de-los-periodistas-en-gaza\/&amp;quot;target=&amp;quot;_blank&amp;quot;&gt;A la caza de los periodistas en Gaza&lt;\/a&gt;&lt;\/li&gt;&lt;li class=&amp;quot;cmtt_related_item&amp;quot;&gt;&lt;a href=&amp;quot;https:\/\/xqthenews.com\/es\/viola-la-inteligencia-artificial-los-derechos-humanos\/&amp;quot;target=&amp;quot;_blank&amp;quot;&gt;&iquest;Viola la inteligencia artificial los derechos humanos?&lt;\/a&gt;&lt;\/li&gt;&lt;li class=&amp;quot;cmtt_related_item&amp;quot;&gt;&lt;a href=&amp;quot;https:\/\/xqthenews.com\/es\/el-auge-global-de-la-extrema-derecha-y-su-presencia-en-europa\/&amp;quot;target=&amp;quot;_blank&amp;quot;&gt;El auge global de la extrema derecha y su presencia en Europa&lt;\/a&gt;&lt;\/li&gt;&lt;\/ul&gt;&lt;\/div&gt;\" href=\"https:\/\/xqthenews.com\/es\/glossary\/refugiados\/\" data-gt-translate-attributes='[{\"attribute\":\"data-cmtooltip\", \"format\":\"html\"}]' tabindex=\"0\" role=\"link\">refugiados<\/a> a Europa<\/strong>, los ultraconservadores promovieron restricciones al <a class=\"glossaryLink\" aria-describedby=\"tt\" data-cmtooltip=\"&lt;div class=glossaryItemTitle&gt;Derecho de asilo&lt;\/div&gt;&lt;div class=glossaryItemBody&gt;&amp;lt;!-- wp:paragraph --&amp;gt;El derecho de asilo es un principio que otorga protecci&oacute;n a personas perseguidas por motivos pol&iacute;ticos, religiosos o sociales, ofreciendo refugio en otro pa&iacute;s.&amp;lt;br\/&amp;gt;&amp;lt;!-- \/wp:paragraph --&amp;gt;&lt;\/div&gt;&lt;div id=&amp;quot;cmtt_related_articles&amp;quot; class=&amp;quot;cmtt_related_articles_wrapper&amp;quot;&gt;&lt;div class=&amp;quot;cmtt_related_title cmtt_related_articles_title&amp;quot;&gt;Related Articles: &lt;\/div&gt;&lt;ul class=&amp;quot;cmtt_related&amp;quot;&gt;&lt;li class=&amp;quot;cmtt_related_item&amp;quot;&gt;&lt;a href=&amp;quot;https:\/\/xqthenews.com\/es\/viola-la-inteligencia-artificial-los-derechos-humanos\/&amp;quot;target=&amp;quot;_blank&amp;quot;&gt;&iquest;Viola la inteligencia artificial los derechos humanos?&lt;\/a&gt;&lt;\/li&gt;&lt;li class=&amp;quot;cmtt_related_item&amp;quot;&gt;&lt;a href=&amp;quot;https:\/\/xqthenews.com\/es\/el-auge-global-de-la-extrema-derecha-y-su-presencia-en-europa\/&amp;quot;target=&amp;quot;_blank&amp;quot;&gt;El auge global de la extrema derecha y su presencia en Europa&lt;\/a&gt;&lt;\/li&gt;&lt;\/ul&gt;&lt;\/div&gt;\" href=\"https:\/\/xqthenews.com\/es\/glossary\/derecho-de-asilo\/\" data-gt-translate-attributes='[{\"attribute\":\"data-cmtooltip\", \"format\":\"html\"}]' tabindex=\"0\" role=\"link\">derecho de asilo<\/a>, la facilitaci&oacute;n de deportaciones reforzando controles fronterizos, o la aplicaci&oacute;n de pol&iacute;ticas discriminatorias para asignar beneficios sociales a los austr&iacute;acos en detrimento de los inmigrantes.<\/p>\n\n\n\n<h2 class=\"wp-block-heading\">Le Pen, la familia representante de la extrema derecha francesa<strong><\/strong><\/h2>\n\n\n\n<p>Era el a&ntilde;o 2002 cuando el Frente Nacional, encabezado por Jean-Marie Le Pen, consegu&iacute;a pasar a la segunda vuelta en las presidenciales. En esos momentos se convirti&oacute; para la extrema derecha de diversos pa&iacute;ses en una inspiraci&oacute;n, pese a que los partidos mayoritarios tanto de derecha como de izquierda <strong>neutralizaron a Le Pen imponi&eacute;ndole un &ldquo;<a class=\"glossaryLink\" aria-describedby=\"tt\" data-cmtooltip=\"&lt;div class=glossaryItemTitle&gt;Cord&oacute;n sanitario&lt;\/div&gt;&lt;div class=glossaryItemBody&gt;&amp;lt;!-- wp:paragraph --&amp;gt;El &amp;quot;cord&oacute;n sanitario&amp;quot; es un acuerdo entre partidos para aislar pol&iacute;ticamente a uno, evitando su participaci&oacute;n en gobiernos o decisiones.&amp;lt;br\/&amp;gt;&amp;lt;!-- \/wp:paragraph --&amp;gt;&lt;\/div&gt;&lt;div id=&amp;quot;cmtt_related_articles&amp;quot; class=&amp;quot;cmtt_related_articles_wrapper&amp;quot;&gt;&lt;div class=&amp;quot;cmtt_related_title cmtt_related_articles_title&amp;quot;&gt;Related Articles: &lt;\/div&gt;&lt;ul class=&amp;quot;cmtt_related&amp;quot;&gt;&lt;li class=&amp;quot;cmtt_related_item&amp;quot;&gt;&lt;a href=&amp;quot;https:\/\/xqthenews.com\/es\/el-auge-global-de-la-extrema-derecha-y-su-presencia-en-europa\/&amp;quot;target=&amp;quot;_blank&amp;quot;&gt;El auge global de la extrema derecha y su presencia en Europa&lt;\/a&gt;&lt;\/li&gt;&lt;\/ul&gt;&lt;\/div&gt;\" href=\"https:\/\/xqthenews.com\/es\/glossary\/cordon-sanitario\/\" data-gt-translate-attributes='[{\"attribute\":\"data-cmtooltip\", \"format\":\"html\"}]' tabindex=\"0\" role=\"link\">cord&oacute;n sanitario<\/a>&rdquo;<\/strong>.<\/p>\n\n\n\n<p>Una d&eacute;cada despu&eacute;s, en 2011, su hija Marine Le Pen tomar&iacute;a las riendas del partido. Algunos de sus bastiones ideol&oacute;gicos han sido sustentados tambi&eacute;n en el <a class=\"glossaryLink\" aria-describedby=\"tt\" data-cmtooltip=\"&lt;div class=glossaryItemTitle&gt;Racismo&lt;\/div&gt;&lt;div class=glossaryItemBody&gt;&amp;lt;!-- wp:paragraph --&amp;gt;Actitud o ideolog&iacute;a donde una raza o grupo &eacute;tnico se considera superior a otra&amp;lt;br\/&amp;gt;&amp;lt;!-- \/wp:paragraph --&amp;gt;&lt;\/div&gt;&lt;div id=&amp;quot;cmtt_related_articles&amp;quot; class=&amp;quot;cmtt_related_articles_wrapper&amp;quot;&gt;&lt;div class=&amp;quot;cmtt_related_title cmtt_related_articles_title&amp;quot;&gt;Related Articles: &lt;\/div&gt;&lt;ul class=&amp;quot;cmtt_related&amp;quot;&gt;&lt;li class=&amp;quot;cmtt_related_item&amp;quot;&gt;&lt;a href=&amp;quot;https:\/\/xqthenews.com\/es\/como-se-produce-un-genocidio\/&amp;quot;target=&amp;quot;_blank&amp;quot;&gt;&iquest;C&oacute;mo se produce un genocidio?&lt;\/a&gt;&lt;\/li&gt;&lt;li class=&amp;quot;cmtt_related_item&amp;quot;&gt;&lt;a href=&amp;quot;https:\/\/xqthenews.com\/es\/metaverso-que-retos-sociales-nos-esperan\/&amp;quot;target=&amp;quot;_blank&amp;quot;&gt;Metaverso, qu&eacute; retos sociales nos esperan&lt;\/a&gt;&lt;\/li&gt;&lt;li class=&amp;quot;cmtt_related_item&amp;quot;&gt;&lt;a href=&amp;quot;https:\/\/xqthenews.com\/es\/glossary\/agencia-de-los-derechos-fundamentales-de-la-union-europea-fra\/&amp;quot;target=&amp;quot;_blank&amp;quot;&gt;Glossary:  Agencia de los Derechos Fundamentales de la Uni&oacute;n Europea (FRA),&lt;\/a&gt;&lt;\/li&gt;&lt;li class=&amp;quot;cmtt_related_item&amp;quot;&gt;&lt;a href=&amp;quot;https:\/\/xqthenews.com\/es\/el-auge-global-de-la-extrema-derecha-y-su-presencia-en-europa\/&amp;quot;target=&amp;quot;_blank&amp;quot;&gt;El auge global de la extrema derecha y su presencia en Europa&lt;\/a&gt;&lt;\/li&gt;&lt;li class=&amp;quot;cmtt_related_item&amp;quot;&gt;&lt;a href=&amp;quot;https:\/\/xqthenews.com\/es\/glossary\/racismo-medioambiental\/&amp;quot;target=&amp;quot;_blank&amp;quot;&gt;Glossary:  Racismo medioambiental&lt;\/a&gt;&lt;\/li&gt;&lt;\/ul&gt;&lt;\/div&gt;\" href=\"https:\/\/xqthenews.com\/es\/glossary\/racismo\/\" data-gt-translate-attributes='[{\"attribute\":\"data-cmtooltip\", \"format\":\"html\"}]' tabindex=\"0\" role=\"link\">racismo<\/a>: controlar la inmigraci&oacute;n, luchar contra el &ldquo;islamismo&rdquo; y reforzar la seguridad han sido algunos de los puntos fuertes de<a href=\"https:\/\/mlafrance.fr\/programme\"> su &uacute;ltimo programa electoral<\/a>. Estas propuestas fueron presentadas para las elecciones del 2022, d&oacute;nde obtuvo un 41,5% de votos frente al 58,5% que obtuvo el candidato liberal Emmanuel Macron. Pese a no hacerse con la presidencia, la extrema derecha se hac&iacute;a con un resultado significativo en Francia.<\/p>\n\n\n\n<h2 class=\"wp-block-heading\">Inmigraci&oacute;n y colectivo LGBTI, flancos de la discriminaci&oacute;n materializada en Italia y Polonia<strong><\/strong><\/h2>\n\n\n\n<p>Mientras Le Pen y Macron se debat&iacute;an en la contienda electoral del 2022 que terminar&iacute;a con la derrota del Frente Nacional, en Italia los partidos de extrema derecha Fratelli d&rsquo;Italia y Lega per Salvini se aliaban para formar gobierno &#8213;junto al apoyo de Forza Italia, liderado por el controvertido Silvio Berlusconi&#8213;.<\/p>\n\n\n\n<p>Giorgia Meloni, primera ministra italiana, se muestra muy contraria a los barcos de rescate de oeneg&eacute;s en el Mediterr&aacute;neo. Una de sus maniobras m&aacute;s pol&eacute;micas fue impedir a un barco de rescate, el Humanity 1, atracar en aguas italianas y efectuar el correspondiente desembarco de los migrantes que se encontraban en situaci&oacute;n l&iacute;mite. Pese a que los tribunales le dieron la contra, <strong>Meloni hizo gala as&iacute; de su marcado car&aacute;cter contra la inmigraci&oacute;n<\/strong>. Otra de sus batallas &#8213;que es tambi&eacute;n nexo en las ideolog&iacute;as de extrema derecha&#8213; es contra el colectivo LGBTI. A trav&eacute;s de la emisi&oacute;n de una instrucci&oacute;n, <strong>la l&iacute;der de extrema derecha imped&iacute;a la <a class=\"glossaryLink\" aria-describedby=\"tt\" data-cmtooltip=\"&lt;div class=glossaryItemTitle&gt;Filiaci&oacute;n de hijos&lt;\/div&gt;&lt;div class=glossaryItemBody&gt;&amp;lt;!-- wp:paragraph --&amp;gt;La filiaci&oacute;n de hijos se refiere al reconocimiento legal y parentesco entre padres e hijos, estableciendo derechos y responsabilidades.&amp;lt;br\/&amp;gt;&amp;lt;!-- \/wp:paragraph --&amp;gt;&lt;\/div&gt;&lt;div id=&amp;quot;cmtt_related_articles&amp;quot; class=&amp;quot;cmtt_related_articles_wrapper&amp;quot;&gt;&lt;div class=&amp;quot;cmtt_related_title cmtt_related_articles_title&amp;quot;&gt;Related Articles: &lt;\/div&gt;&lt;ul class=&amp;quot;cmtt_related&amp;quot;&gt;&lt;li class=&amp;quot;cmtt_related_item&amp;quot;&gt;&lt;a href=&amp;quot;https:\/\/xqthenews.com\/es\/el-auge-global-de-la-extrema-derecha-y-su-presencia-en-europa\/&amp;quot;target=&amp;quot;_blank&amp;quot;&gt;El auge global de la extrema derecha y su presencia en Europa&lt;\/a&gt;&lt;\/li&gt;&lt;\/ul&gt;&lt;\/div&gt;\" href=\"https:\/\/xqthenews.com\/es\/glossary\/filiacion-de-hijos\/\" data-gt-translate-attributes='[{\"attribute\":\"data-cmtooltip\", \"format\":\"html\"}]' tabindex=\"0\" role=\"link\">filiaci&oacute;n de hijos<\/a> de parejas homosexuales<\/strong>.<\/p>\n\n\n\n<p>Polonia ha sido otro de los pa&iacute;ses liderados por una extrema derecha LGBTIfoba. El partido Ley y Justicia (PiS) gan&oacute; las elecciones en 2015 y revalid&oacute; en el 2019. Durante su gobierno, fomentaron que pr&aacute;cticamente un centenar de ayuntamientos se declararan <strong>&ldquo;zonas libres de ideolog&iacute;a LGBTI&rdquo;<\/strong>, adem&aacute;s de eso, aplic&oacute; una de las pol&iacute;ticas m&aacute;s restrictivas a nivel europeo sobre el aborto. En las &uacute;ltimas elecciones, celebradas en octubre del 2023, la participaci&oacute;n hist&oacute;rica y<a href=\"https:\/\/ctxt.es\/es\/20231001\/Politica\/44436\/Ricard-Gonzalez-Polonia-elecciones-derrota-extrema-derecha-PiS-religion-aborto.htm\"> el voto joven y femenino<\/a> hicieron que el partido de ultraderecha no volviera a ganar suficientes sufragios como para formar gobierno.<\/p>\n\n\n\n<h2 class=\"wp-block-heading\">Viktor Orb&aacute;n, el referente europeo para la extrema derecha<strong><\/strong><\/h2>\n\n\n\n<p>Hungr&iacute;a es un ejemplo europeo de pa&iacute;s liderado por la extrema derecha en un per&iacute;odo sostenido de tiempo. Viktor Orb&aacute;n, del partido Fidesz, <strong>es un referente para los &ldquo;partidos hermanos&rdquo; ultraderechistas del continente<\/strong>. Precisamente en el 2015, d&oacute;nde el discurso de odio a la inmigraci&oacute;n se incentiv&oacute; bajo la premisa de la llegada de <a class=\"glossaryLink\" aria-describedby=\"tt\" data-cmtooltip=\"&lt;div class=glossaryItemTitle&gt;Refugiados&lt;\/div&gt;&lt;div class=glossaryItemBody&gt;&amp;lt;!-- wp:paragraph --&amp;gt;Refugiados son personas que huyen de conflictos o persecuci&oacute;n y buscan protecci&oacute;n en otro pa&iacute;s por temor a persecuci&oacute;n, guerra o violencia.&amp;lt;br\/&amp;gt;&amp;lt;!-- \/wp:paragraph --&amp;gt;&lt;\/div&gt;&lt;div id=&amp;quot;cmtt_related_articles&amp;quot; class=&amp;quot;cmtt_related_articles_wrapper&amp;quot;&gt;&lt;div class=&amp;quot;cmtt_related_title cmtt_related_articles_title&amp;quot;&gt;Related Articles: &lt;\/div&gt;&lt;ul class=&amp;quot;cmtt_related&amp;quot;&gt;&lt;li class=&amp;quot;cmtt_related_item&amp;quot;&gt;&lt;a href=&amp;quot;https:\/\/xqthenews.com\/es\/ucrania-la-herida-en-el-corazon-de-europa\/&amp;quot;target=&amp;quot;_blank&amp;quot;&gt;Ucrania, la herida en el coraz&oacute;n de Europa&lt;\/a&gt;&lt;\/li&gt;&lt;li class=&amp;quot;cmtt_related_item&amp;quot;&gt;&lt;a href=&amp;quot;https:\/\/xqthenews.com\/es\/apartheid-en-palestina-las-raices-profundas-de-la-guerra\/&amp;quot;target=&amp;quot;_blank&amp;quot;&gt;Apartheid en Palestina, las ra&iacute;ces profundas de la guerra&lt;\/a&gt;&lt;\/li&gt;&lt;li class=&amp;quot;cmtt_related_item&amp;quot;&gt;&lt;a href=&amp;quot;https:\/\/xqthenews.com\/es\/a-la-caza-de-los-periodistas-en-gaza\/&amp;quot;target=&amp;quot;_blank&amp;quot;&gt;A la caza de los periodistas en Gaza&lt;\/a&gt;&lt;\/li&gt;&lt;li class=&amp;quot;cmtt_related_item&amp;quot;&gt;&lt;a href=&amp;quot;https:\/\/xqthenews.com\/es\/viola-la-inteligencia-artificial-los-derechos-humanos\/&amp;quot;target=&amp;quot;_blank&amp;quot;&gt;&iquest;Viola la inteligencia artificial los derechos humanos?&lt;\/a&gt;&lt;\/li&gt;&lt;li class=&amp;quot;cmtt_related_item&amp;quot;&gt;&lt;a href=&amp;quot;https:\/\/xqthenews.com\/es\/el-auge-global-de-la-extrema-derecha-y-su-presencia-en-europa\/&amp;quot;target=&amp;quot;_blank&amp;quot;&gt;El auge global de la extrema derecha y su presencia en Europa&lt;\/a&gt;&lt;\/li&gt;&lt;\/ul&gt;&lt;\/div&gt;\" href=\"https:\/\/xqthenews.com\/es\/glossary\/refugiados\/\" data-gt-translate-attributes='[{\"attribute\":\"data-cmtooltip\", \"format\":\"html\"}]' tabindex=\"0\" role=\"link\">refugiados<\/a> a Europa, &eacute;l se destac&oacute; como uno de los m&aacute;s radicales: construy&oacute; una valla de alambre de espino en la frontera sur de Hungr&iacute;a.<\/p>\n\n\n\n<p>Bajo el discurso visto en diversos partidos de la misma &iacute;ndole, aprovech&oacute; para difundir la <a class=\"glossaryLink\" aria-describedby=\"tt\" data-cmtooltip=\"&lt;div class=glossaryItemTitle&gt;Xenofobia&lt;\/div&gt;&lt;div class=glossaryItemBody&gt;&amp;lt;!-- wp:paragraph --&amp;gt;Actitudes, prejuicios o conductas que rechazan, excluyen y, muchas veces, desprecian a otras personas, basados en la condici&oacute;n de extranjero o extra&ntilde;o a la identidad de la comunidad, de la sociedad o del pa&iacute;s.&amp;lt;br\/&amp;gt;&amp;lt;!-- \/wp:paragraph --&amp;gt;&lt;\/div&gt;&lt;div id=&amp;quot;cmtt_related_articles&amp;quot; class=&amp;quot;cmtt_related_articles_wrapper&amp;quot;&gt;&lt;div class=&amp;quot;cmtt_related_title cmtt_related_articles_title&amp;quot;&gt;Related Articles: &lt;\/div&gt;&lt;ul class=&amp;quot;cmtt_related&amp;quot;&gt;&lt;li class=&amp;quot;cmtt_related_item&amp;quot;&gt;&lt;a href=&amp;quot;https:\/\/xqthenews.com\/es\/como-se-produce-un-genocidio\/&amp;quot;target=&amp;quot;_blank&amp;quot;&gt;&iquest;C&oacute;mo se produce un genocidio?&lt;\/a&gt;&lt;\/li&gt;&lt;li class=&amp;quot;cmtt_related_item&amp;quot;&gt;&lt;a href=&amp;quot;https:\/\/xqthenews.com\/es\/glossary\/agencia-de-los-derechos-fundamentales-de-la-union-europea-fra\/&amp;quot;target=&amp;quot;_blank&amp;quot;&gt;Glossary:  Agencia de los Derechos Fundamentales de la Uni&oacute;n Europea (FRA),&lt;\/a&gt;&lt;\/li&gt;&lt;li class=&amp;quot;cmtt_related_item&amp;quot;&gt;&lt;a href=&amp;quot;https:\/\/xqthenews.com\/es\/el-auge-global-de-la-extrema-derecha-y-su-presencia-en-europa\/&amp;quot;target=&amp;quot;_blank&amp;quot;&gt;El auge global de la extrema derecha y su presencia en Europa&lt;\/a&gt;&lt;\/li&gt;&lt;\/ul&gt;&lt;\/div&gt;\" href=\"https:\/\/xqthenews.com\/es\/glossary\/xenofobia\/\" data-gt-translate-attributes='[{\"attribute\":\"data-cmtooltip\", \"format\":\"html\"}]' tabindex=\"0\" role=\"link\">xenofobia<\/a> a trav&eacute;s de, por ejemplo, reiterar que los inmigrantes &ldquo;quitan el trabajo&rdquo; a los h&uacute;ngaros. La <strong>discriminaci&oacute;n hacia la poblaci&oacute;n LGBTI<\/strong> tambi&eacute;n ha sido otro de sus ejes clave, llegando al punto de establecer una ley en 2021 que bajo el antifaz de &ldquo;combatir la pedofilia&rdquo;, se dirige a atacar al colectivo LGBTI: se prohib&iacute;a publicar en espacios d&oacute;nde los menores tuvieran acceso cualquier contenido relacionado con representaci&oacute;n trans u homosexual, hablar a los profesores de ello en los colegios e incluso promulgaron que la educaci&oacute;n sexual solo pudiera ser impartida por organizaciones registradas por el Estado.<\/p>\n\n\n\n<p>La preocupaci&oacute;n del Parlamento Europeo por las pol&iacute;ticas de extrema derecha del gobierno h&uacute;ngaro ha sido tal que <strong>desde Bruselas se ha llegado a catalogar Hungr&iacute;a como &ldquo;<a class=\"glossaryLink\" aria-describedby=\"tt\" data-cmtooltip=\"&lt;div class=glossaryItemTitle&gt;Autocracia&lt;\/div&gt;&lt;div class=glossaryItemBody&gt;&amp;lt;!-- wp:paragraph --&amp;gt;Forma de gobierno en la que el poder se concentra en una sola persona o en un peque&ntilde;o grupo, con poco o ning&uacute;n control democr&aacute;tico.&amp;lt;br\/&amp;gt;&amp;lt;!-- \/wp:paragraph --&amp;gt;&lt;\/div&gt;\" href=\"https:\/\/xqthenews.com\/es\/glossary\/autocracia\/\" data-gt-translate-attributes='[{\"attribute\":\"data-cmtooltip\", \"format\":\"html\"}]' tabindex=\"0\" role=\"link\">autocracia<\/a> electoral&rdquo;<\/strong>. Este t&eacute;rmino define un sistema aparentemente democr&aacute;tico pero que ha deteriorado la salud en detrimento de un modelo autoritario.<\/p>\n\n\n\n<h2 class=\"wp-block-heading\">Inmiscuirse en el poder apoyando a la derecha tradicional<strong><\/strong><\/h2>\n\n\n\n<p>En Finlandia el partido conservador se ha hecho con el poder con el apoyo del Partido de los Finlandeses, de extrema derecha. Ocupa 7 de 19 ministerios, obteniendo m&aacute;s espacio institucional del que nunca hab&iacute;a tenido. &ldquo;Finlandia era el &uacute;nico pa&iacute;s n&oacute;rdico que manten&iacute;a una pol&iacute;tica indulgente con la inmigraci&oacute;n. Y esto por fin va a cambiar&rdquo;, declar&oacute; Riika Purra, l&iacute;der del partido de ultraderecha. El <strong>caso de Finlandia es paradigm&aacute;tico de diversos pa&iacute;ses de la Uni&oacute;n Europea<\/strong>, y es la configuraci&oacute;n de la extrema derecha como apoyo de la derecha tradicional. En Espa&ntilde;a, en 2019, la ultraderecha de <a class=\"glossaryLink\"  aria-describedby=\"tt\"  data-cmtooltip=\"&lt;div class=glossaryItemTitle&gt;VOX&lt;\/div&gt;&lt;div class=glossaryItemBody&gt;&amp;lt;!-- wp:paragraph --&amp;gt;VOX es un partido pol&iacute;tico espa&ntilde;ol de derecha radical, que se enfoca en inmigraci&oacute;n, unidad nacional y tradici&oacute;n conservadora en valores sociales.&amp;lt;br\/&amp;gt;&amp;lt;!-- \/wp:paragraph --&amp;gt;&lt;\/div&gt;&lt;div id=&amp;quot;cmtt_related_articles&amp;quot; class=&amp;quot;cmtt_related_articles_wrapper&amp;quot;&gt;&lt;div class=&amp;quot;cmtt_related_title cmtt_related_articles_title&amp;quot;&gt;Related Articles: &lt;\/div&gt;&lt;ul class=&amp;quot;cmtt_related&amp;quot;&gt;&lt;li class=&amp;quot;cmtt_related_item&amp;quot;&gt;&lt;a href=&amp;quot;https:\/\/xqthenews.com\/es\/el-auge-global-de-la-extrema-derecha-y-su-presencia-en-europa\/&amp;quot;target=&amp;quot;_blank&amp;quot;&gt;El auge global de la extrema derecha y su presencia en Europa&lt;\/a&gt;&lt;\/li&gt;&lt;li class=&amp;quot;cmtt_related_item&amp;quot;&gt;&lt;a href=&amp;quot;https:\/\/xqthenews.com\/es\/la-extrema-derecha-toma-fuerza-a-tres-meses-de-las-elecciones-europeas\/&amp;quot;target=&amp;quot;_blank&amp;quot;&gt;La extrema derecha toma fuerza a tres meses de las elecciones europeas&lt;\/a&gt;&lt;\/li&gt;&lt;li class=&amp;quot;cmtt_related_item&amp;quot;&gt;&lt;a href=&amp;quot;https:\/\/xqthenews.com\/es\/el-parlamento-electo-acabara-de-determinar-la-trayectoria-de-la-europa-del-2030\/&amp;quot;target=&amp;quot;_blank&amp;quot;&gt;El Parlamento electo acabar&aacute; de determinar la trayectoria de la Europa del 2030&lt;\/a&gt;&lt;\/li&gt;&lt;li class=&amp;quot;cmtt_related_item&amp;quot;&gt;&lt;a href=&amp;quot;https:\/\/xqthenews.com\/es\/los-derechos-de-las-personas-lgbt-en-europa-se-estan-reduciendo\/&amp;quot;target=&amp;quot;_blank&amp;quot;&gt;Los derechos de las personas LGBT+ en Europa se est&aacute;n reduciendo&lt;\/a&gt;&lt;\/li&gt;&lt;\/ul&gt;&lt;\/div&gt;\"  href=\"https:\/\/xqthenews.com\/es\/glossary\/vox\/\"  data-gt-translate-attributes='[{\"attribute\":\"data-cmtooltip\", \"format\":\"html\"}]' tabindex='0' role='link'>VOX<\/a> obtuvo un resultado sin precedentes: 52 esca&ntilde;os. Si bien no fue suficiente para hacerse con el Congreso, <a class=\"glossaryLink\"  aria-describedby=\"tt\"  data-cmtooltip=\"&lt;div class=glossaryItemTitle&gt;VOX&lt;\/div&gt;&lt;div class=glossaryItemBody&gt;&amp;lt;!-- wp:paragraph --&amp;gt;VOX es un partido pol&iacute;tico espa&ntilde;ol de derecha radical, que se enfoca en inmigraci&oacute;n, unidad nacional y tradici&oacute;n conservadora en valores sociales.&amp;lt;br\/&amp;gt;&amp;lt;!-- \/wp:paragraph --&amp;gt;&lt;\/div&gt;&lt;div id=&amp;quot;cmtt_related_articles&amp;quot; class=&amp;quot;cmtt_related_articles_wrapper&amp;quot;&gt;&lt;div class=&amp;quot;cmtt_related_title cmtt_related_articles_title&amp;quot;&gt;Related Articles: &lt;\/div&gt;&lt;ul class=&amp;quot;cmtt_related&amp;quot;&gt;&lt;li class=&amp;quot;cmtt_related_item&amp;quot;&gt;&lt;a href=&amp;quot;https:\/\/xqthenews.com\/es\/el-auge-global-de-la-extrema-derecha-y-su-presencia-en-europa\/&amp;quot;target=&amp;quot;_blank&amp;quot;&gt;El auge global de la extrema derecha y su presencia en Europa&lt;\/a&gt;&lt;\/li&gt;&lt;li class=&amp;quot;cmtt_related_item&amp;quot;&gt;&lt;a href=&amp;quot;https:\/\/xqthenews.com\/es\/la-extrema-derecha-toma-fuerza-a-tres-meses-de-las-elecciones-europeas\/&amp;quot;target=&amp;quot;_blank&amp;quot;&gt;La extrema derecha toma fuerza a tres meses de las elecciones europeas&lt;\/a&gt;&lt;\/li&gt;&lt;li class=&amp;quot;cmtt_related_item&amp;quot;&gt;&lt;a href=&amp;quot;https:\/\/xqthenews.com\/es\/el-parlamento-electo-acabara-de-determinar-la-trayectoria-de-la-europa-del-2030\/&amp;quot;target=&amp;quot;_blank&amp;quot;&gt;El Parlamento electo acabar&aacute; de determinar la trayectoria de la Europa del 2030&lt;\/a&gt;&lt;\/li&gt;&lt;li class=&amp;quot;cmtt_related_item&amp;quot;&gt;&lt;a href=&amp;quot;https:\/\/xqthenews.com\/es\/los-derechos-de-las-personas-lgbt-en-europa-se-estan-reduciendo\/&amp;quot;target=&amp;quot;_blank&amp;quot;&gt;Los derechos de las personas LGBT+ en Europa se est&aacute;n reduciendo&lt;\/a&gt;&lt;\/li&gt;&lt;\/ul&gt;&lt;\/div&gt;\"  href=\"https:\/\/xqthenews.com\/es\/glossary\/vox\/\"  data-gt-translate-attributes='[{\"attribute\":\"data-cmtooltip\", \"format\":\"html\"}]' tabindex='0' role='link'>VOX<\/a> ha sido <strong>el apoyo necesario para diversas alcald&iacute;as e incluso para la presidencia de Comunidades Aut&oacute;nomas<\/strong>. Un ejemplo es la Comunidad Valenciana, d&oacute;nde el miembro del Partido Popular Carlos Maz&oacute;n se ha hecho con la presidencia pactando con la extrema derecha.<\/p>\n","protected":false},"excerpt":{"rendered":"<p>Durante las &uacute;ltimas d&eacute;cadas los partidos de ideolog&iacute;a ultraderechista han tomado impulso hasta llegar a hacerse con el poder en diversos pa&iacute;ses. Las recientes elecciones de Argentina o Pa&iacute;ses Bajos son un s&iacute;ntoma m&aacute;s de la tendencia y realidad pol&iacute;tica<\/p>\n","protected":false},"author":26,"featured_media":14800,"comment_status":"open","ping_status":"open","sticky":false,"template":"","format":"standard","meta":{"_acf_changed":false,"footnotes":""},"categories":[353,317],"tags":[90],"coauthors":[143],"class_list":{"0":"post-14710","1":"post","2":"type-post","3":"status-publish","4":"format-standard","5":"has-post-thumbnail","7":"category-democracia","8":"category-politica","9":"tag-crisis"},"acf":[],"yoast_head":"<!-- This site is optimized with the Yoast SEO plugin v27.4 - https:\/\/yoast.com\/product\/yoast-seo-wordpress\/ -->\n<title>El auge global de la extrema derecha y su presencia en Europa - xqthenews<\/title>\n<meta name=\"robots\" content=\"index, follow, max-snippet:-1, max-image-preview:large, max-video-preview:-1\" \/>\n<link rel=\"canonical\" href=\"https:\/\/xqthenews.com\/es\/el-auge-global-de-la-extrema-derecha-y-su-presencia-en-europa\/\" \/>\n<meta property=\"og:locale\" content=\"es_ES\" \/>\n<meta property=\"og:type\" content=\"article\" \/>\n<meta property=\"og:title\" content=\"El auge global de la extrema derecha y su presencia en Europa - xqthenews\" \/>\n<meta property=\"og:description\" content=\"Durante las &uacute;ltimas d&eacute;cadas los partidos de ideolog&iacute;a ultraderechista han tomado impulso hasta llegar a hacerse con el poder en diversos pa&iacute;ses. Las recientes elecciones de Argentina o Pa&iacute;ses Bajos son un s&iacute;ntoma m&aacute;s de la tendencia y realidad pol&iacute;tica\" \/>\n<meta property=\"og:url\" content=\"https:\/\/xqthenews.com\/es\/el-auge-global-de-la-extrema-derecha-y-su-presencia-en-europa\/\" \/>\n<meta property=\"og:site_name\" content=\"xqthenews\" \/>\n<meta property=\"article:published_time\" content=\"2023-11-29T07:21:04+00:00\" \/>\n<meta property=\"article:modified_time\" content=\"2024-09-10T21:59:38+00:00\" \/>\n<meta property=\"og:image\" content=\"https:\/\/xqthenews.com\/wp-content\/uploads\/2023\/11\/photo_5994510796358533450_y.jpg\" \/>\n\t<meta property=\"og:image:width\" content=\"1200\" \/>\n\t<meta property=\"og:image:height\" content=\"800\" \/>\n\t<meta property=\"og:image:type\" content=\"image\/jpeg\" \/>\n<meta name=\"author\" content=\"Laura Casamitjana\" \/>\n<meta name=\"twitter:card\" content=\"summary_large_image\" \/>\n<meta name=\"twitter:creator\" content=\"@Casamitjana\" \/>\n<meta name=\"twitter:label1\" content=\"Escrito por\" \/>\n\t<meta name=\"twitter:data1\" content=\"Laura Casamitjana\" \/>\n\t<meta name=\"twitter:label2\" content=\"Tiempo de lectura\" \/>\n\t<meta name=\"twitter:data2\" content=\"9 minutos\" \/>\n\t<meta name=\"twitter:label3\" content=\"Written by\" \/>\n\t<meta name=\"twitter:data3\" content=\"Laura Casamitjana\" \/>\n<script type=\"application\/ld+json\" class=\"yoast-schema-graph\">{\"@context\":\"https:\\\/\\\/schema.org\",\"@graph\":[{\"@type\":\"Article\",\"@id\":\"https:\\\/\\\/xqthenews.com\\\/es\\\/el-auge-global-de-la-extrema-derecha-y-su-presencia-en-europa\\\/#article\",\"isPartOf\":{\"@id\":\"https:\\\/\\\/xqthenews.com\\\/es\\\/el-auge-global-de-la-extrema-derecha-y-su-presencia-en-europa\\\/\"},\"author\":{\"name\":\"Laura Casamitjana\",\"@id\":\"https:\\\/\\\/xqthenews.com\\\/es\\\/#\\\/schema\\\/person\\\/7c019326fd251f5591a24de1868c7feb\"},\"headline\":\"El auge global de la extrema derecha y su presencia en Europa\",\"datePublished\":\"2023-11-29T07:21:04+00:00\",\"dateModified\":\"2024-09-10T21:59:38+00:00\",\"mainEntityOfPage\":{\"@id\":\"https:\\\/\\\/xqthenews.com\\\/es\\\/el-auge-global-de-la-extrema-derecha-y-su-presencia-en-europa\\\/\"},\"wordCount\":1733,\"commentCount\":0,\"image\":{\"@id\":\"https:\\\/\\\/xqthenews.com\\\/es\\\/el-auge-global-de-la-extrema-derecha-y-su-presencia-en-europa\\\/#primaryimage\"},\"thumbnailUrl\":\"https:\\\/\\\/xqthenews.com\\\/wp-content\\\/uploads\\\/2023\\\/11\\\/photo_5994510796358533450_y.jpg\",\"keywords\":[\"Crisis\"],\"articleSection\":[\"Democracia\",\"Pol\u00edtica\"],\"inLanguage\":\"es\",\"potentialAction\":[{\"@type\":\"CommentAction\",\"name\":\"Comment\",\"target\":[\"https:\\\/\\\/xqthenews.com\\\/es\\\/el-auge-global-de-la-extrema-derecha-y-su-presencia-en-europa\\\/#respond\"]}]},{\"@type\":\"WebPage\",\"@id\":\"https:\\\/\\\/xqthenews.com\\\/es\\\/el-auge-global-de-la-extrema-derecha-y-su-presencia-en-europa\\\/\",\"url\":\"https:\\\/\\\/xqthenews.com\\\/es\\\/el-auge-global-de-la-extrema-derecha-y-su-presencia-en-europa\\\/\",\"name\":\"El auge global de la extrema derecha y su presencia en Europa - xqthenews\",\"isPartOf\":{\"@id\":\"https:\\\/\\\/xqthenews.com\\\/es\\\/#website\"},\"primaryImageOfPage\":{\"@id\":\"https:\\\/\\\/xqthenews.com\\\/es\\\/el-auge-global-de-la-extrema-derecha-y-su-presencia-en-europa\\\/#primaryimage\"},\"image\":{\"@id\":\"https:\\\/\\\/xqthenews.com\\\/es\\\/el-auge-global-de-la-extrema-derecha-y-su-presencia-en-europa\\\/#primaryimage\"},\"thumbnailUrl\":\"https:\\\/\\\/xqthenews.com\\\/wp-content\\\/uploads\\\/2023\\\/11\\\/photo_5994510796358533450_y.jpg\",\"datePublished\":\"2023-11-29T07:21:04+00:00\",\"dateModified\":\"2024-09-10T21:59:38+00:00\",\"author\":{\"@id\":\"https:\\\/\\\/xqthenews.com\\\/es\\\/#\\\/schema\\\/person\\\/7c019326fd251f5591a24de1868c7feb\"},\"breadcrumb\":{\"@id\":\"https:\\\/\\\/xqthenews.com\\\/es\\\/el-auge-global-de-la-extrema-derecha-y-su-presencia-en-europa\\\/#breadcrumb\"},\"inLanguage\":\"es\",\"potentialAction\":[{\"@type\":\"ReadAction\",\"target\":[\"https:\\\/\\\/xqthenews.com\\\/es\\\/el-auge-global-de-la-extrema-derecha-y-su-presencia-en-europa\\\/\"]}]},{\"@type\":\"ImageObject\",\"inLanguage\":\"es\",\"@id\":\"https:\\\/\\\/xqthenews.com\\\/es\\\/el-auge-global-de-la-extrema-derecha-y-su-presencia-en-europa\\\/#primaryimage\",\"url\":\"https:\\\/\\\/xqthenews.com\\\/wp-content\\\/uploads\\\/2023\\\/11\\\/photo_5994510796358533450_y.jpg\",\"contentUrl\":\"https:\\\/\\\/xqthenews.com\\\/wp-content\\\/uploads\\\/2023\\\/11\\\/photo_5994510796358533450_y.jpg\",\"width\":1200,\"height\":800},{\"@type\":\"BreadcrumbList\",\"@id\":\"https:\\\/\\\/xqthenews.com\\\/es\\\/el-auge-global-de-la-extrema-derecha-y-su-presencia-en-europa\\\/#breadcrumb\",\"itemListElement\":[{\"@type\":\"ListItem\",\"position\":1,\"name\":\"Portada\",\"item\":\"https:\\\/\\\/xqthenews.com\\\/es\\\/\"},{\"@type\":\"ListItem\",\"position\":2,\"name\":\"El auge global de la extrema derecha y su presencia en Europa\"}]},{\"@type\":\"WebSite\",\"@id\":\"https:\\\/\\\/xqthenews.com\\\/es\\\/#website\",\"url\":\"https:\\\/\\\/xqthenews.com\\\/es\\\/\",\"name\":\"xqthenews\",\"description\":\"El porqu\u00e9 de las noticias\",\"potentialAction\":[{\"@type\":\"SearchAction\",\"target\":{\"@type\":\"EntryPoint\",\"urlTemplate\":\"https:\\\/\\\/xqthenews.com\\\/es\\\/?s={search_term_string}\"},\"query-input\":{\"@type\":\"PropertyValueSpecification\",\"valueRequired\":true,\"valueName\":\"search_term_string\"}}],\"inLanguage\":\"es\"},{\"@type\":\"Person\",\"@id\":\"https:\\\/\\\/xqthenews.com\\\/es\\\/#\\\/schema\\\/person\\\/7c019326fd251f5591a24de1868c7feb\",\"name\":\"Laura Casamitjana\",\"image\":{\"@type\":\"ImageObject\",\"inLanguage\":\"es\",\"@id\":\"https:\\\/\\\/xqthenews.com\\\/wp-content\\\/uploads\\\/2024\\\/09\\\/laura-casamitjana_avatar_1-96x96.jpg2771612100b03aa6d85fa2461866085b\",\"url\":\"https:\\\/\\\/xqthenews.com\\\/wp-content\\\/uploads\\\/2024\\\/09\\\/laura-casamitjana_avatar_1-96x96.jpg\",\"contentUrl\":\"https:\\\/\\\/xqthenews.com\\\/wp-content\\\/uploads\\\/2024\\\/09\\\/laura-casamitjana_avatar_1-96x96.jpg\",\"caption\":\"Laura Casamitjana\"},\"description\":\"Periodista. M\u00e1ster en Periodismo Literario, Comunicaci\u00f3n y Humanidades de la Universidad Aut\u00f3noma de Barcelona. Codirectora y coguionista del documental \u201cBerracas. Mujeres supervivientes que construyen la paz en Colombia\u201d. Actualmente redactora del medio Catalunya Plural, de la Fundaci\u00f3 Periodisme Plural, y XQ The News, de colaboraci\u00f3n europea.\",\"sameAs\":[\"https:\\\/\\\/x.com\\\/Casamitjana\"],\"url\":\"https:\\\/\\\/xqthenews.com\\\/es\\\/author\\\/lcasamitjana\\\/\"}]}<\/script>\n<!-- \/ Yoast SEO plugin. -->","yoast_head_json":{"title":"El auge global de la extrema derecha y su presencia en Europa - xqthenews","robots":{"index":"index","follow":"follow","max-snippet":"max-snippet:-1","max-image-preview":"max-image-preview:large","max-video-preview":"max-video-preview:-1"},"canonical":"https:\/\/xqthenews.com\/es\/el-auge-global-de-la-extrema-derecha-y-su-presencia-en-europa\/","og_locale":"es_ES","og_type":"article","og_title":"El auge global de la extrema derecha y su presencia en Europa - xqthenews","og_description":"Durante las &uacute;ltimas d&eacute;cadas los partidos de ideolog&iacute;a ultraderechista han tomado impulso hasta llegar a hacerse con el poder en diversos pa&iacute;ses. Las recientes elecciones de Argentina o Pa&iacute;ses Bajos son un s&iacute;ntoma m&aacute;s de la tendencia y realidad pol&iacute;tica","og_url":"https:\/\/xqthenews.com\/es\/el-auge-global-de-la-extrema-derecha-y-su-presencia-en-europa\/","og_site_name":"xqthenews","article_published_time":"2023-11-29T07:21:04+00:00","article_modified_time":"2024-09-10T21:59:38+00:00","og_image":[{"width":1200,"height":800,"url":"https:\/\/xqthenews.com\/wp-content\/uploads\/2023\/11\/photo_5994510796358533450_y.jpg","type":"image\/jpeg"}],"author":"Laura Casamitjana","twitter_card":"summary_large_image","twitter_creator":"@Casamitjana","twitter_misc":{"Escrito por":"Laura Casamitjana","Tiempo de lectura":"9 minutos","Written by":"Laura Casamitjana"},"schema":{"@context":"https:\/\/schema.org","@graph":[{"@type":"Article","@id":"https:\/\/xqthenews.com\/es\/el-auge-global-de-la-extrema-derecha-y-su-presencia-en-europa\/#article","isPartOf":{"@id":"https:\/\/xqthenews.com\/es\/el-auge-global-de-la-extrema-derecha-y-su-presencia-en-europa\/"},"author":{"name":"Laura Casamitjana","@id":"https:\/\/xqthenews.com\/es\/#\/schema\/person\/7c019326fd251f5591a24de1868c7feb"},"headline":"El auge global de la extrema derecha y su presencia en Europa","datePublished":"2023-11-29T07:21:04+00:00","dateModified":"2024-09-10T21:59:38+00:00","mainEntityOfPage":{"@id":"https:\/\/xqthenews.com\/es\/el-auge-global-de-la-extrema-derecha-y-su-presencia-en-europa\/"},"wordCount":1733,"commentCount":0,"image":{"@id":"https:\/\/xqthenews.com\/es\/el-auge-global-de-la-extrema-derecha-y-su-presencia-en-europa\/#primaryimage"},"thumbnailUrl":"https:\/\/xqthenews.com\/wp-content\/uploads\/2023\/11\/photo_5994510796358533450_y.jpg","keywords":["Crisis"],"articleSection":["Democracia","Pol\u00edtica"],"inLanguage":"es","potentialAction":[{"@type":"CommentAction","name":"Comment","target":["https:\/\/xqthenews.com\/es\/el-auge-global-de-la-extrema-derecha-y-su-presencia-en-europa\/#respond"]}]},{"@type":"WebPage","@id":"https:\/\/xqthenews.com\/es\/el-auge-global-de-la-extrema-derecha-y-su-presencia-en-europa\/","url":"https:\/\/xqthenews.com\/es\/el-auge-global-de-la-extrema-derecha-y-su-presencia-en-europa\/","name":"El auge global de la extrema derecha y su presencia en Europa - xqthenews","isPartOf":{"@id":"https:\/\/xqthenews.com\/es\/#website"},"primaryImageOfPage":{"@id":"https:\/\/xqthenews.com\/es\/el-auge-global-de-la-extrema-derecha-y-su-presencia-en-europa\/#primaryimage"},"image":{"@id":"https:\/\/xqthenews.com\/es\/el-auge-global-de-la-extrema-derecha-y-su-presencia-en-europa\/#primaryimage"},"thumbnailUrl":"https:\/\/xqthenews.com\/wp-content\/uploads\/2023\/11\/photo_5994510796358533450_y.jpg","datePublished":"2023-11-29T07:21:04+00:00","dateModified":"2024-09-10T21:59:38+00:00","author":{"@id":"https:\/\/xqthenews.com\/es\/#\/schema\/person\/7c019326fd251f5591a24de1868c7feb"},"breadcrumb":{"@id":"https:\/\/xqthenews.com\/es\/el-auge-global-de-la-extrema-derecha-y-su-presencia-en-europa\/#breadcrumb"},"inLanguage":"es","potentialAction":[{"@type":"ReadAction","target":["https:\/\/xqthenews.com\/es\/el-auge-global-de-la-extrema-derecha-y-su-presencia-en-europa\/"]}]},{"@type":"ImageObject","inLanguage":"es","@id":"https:\/\/xqthenews.com\/es\/el-auge-global-de-la-extrema-derecha-y-su-presencia-en-europa\/#primaryimage","url":"https:\/\/xqthenews.com\/wp-content\/uploads\/2023\/11\/photo_5994510796358533450_y.jpg","contentUrl":"https:\/\/xqthenews.com\/wp-content\/uploads\/2023\/11\/photo_5994510796358533450_y.jpg","width":1200,"height":800},{"@type":"BreadcrumbList","@id":"https:\/\/xqthenews.com\/es\/el-auge-global-de-la-extrema-derecha-y-su-presencia-en-europa\/#breadcrumb","itemListElement":[{"@type":"ListItem","position":1,"name":"Portada","item":"https:\/\/xqthenews.com\/es\/"},{"@type":"ListItem","position":2,"name":"El auge global de la extrema derecha y su presencia en Europa"}]},{"@type":"WebSite","@id":"https:\/\/xqthenews.com\/es\/#website","url":"https:\/\/xqthenews.com\/es\/","name":"xqthenews","description":"El porqu\u00e9 de las noticias","potentialAction":[{"@type":"SearchAction","target":{"@type":"EntryPoint","urlTemplate":"https:\/\/xqthenews.com\/es\/?s={search_term_string}"},"query-input":{"@type":"PropertyValueSpecification","valueRequired":true,"valueName":"search_term_string"}}],"inLanguage":"es"},{"@type":"Person","@id":"https:\/\/xqthenews.com\/es\/#\/schema\/person\/7c019326fd251f5591a24de1868c7feb","name":"Laura Casamitjana","image":{"@type":"ImageObject","inLanguage":"es","@id":"https:\/\/xqthenews.com\/wp-content\/uploads\/2024\/09\/laura-casamitjana_avatar_1-96x96.jpg2771612100b03aa6d85fa2461866085b","url":"https:\/\/xqthenews.com\/wp-content\/uploads\/2024\/09\/laura-casamitjana_avatar_1-96x96.jpg","contentUrl":"https:\/\/xqthenews.com\/wp-content\/uploads\/2024\/09\/laura-casamitjana_avatar_1-96x96.jpg","caption":"Laura Casamitjana"},"description":"Periodista. M\u00e1ster en Periodismo Literario, Comunicaci\u00f3n y Humanidades de la Universidad Aut\u00f3noma de Barcelona. Codirectora y coguionista del documental \u201cBerracas. Mujeres supervivientes que construyen la paz en Colombia\u201d. Actualmente redactora del medio Catalunya Plural, de la Fundaci\u00f3 Periodisme Plural, y XQ The News, de colaboraci\u00f3n europea.","sameAs":["https:\/\/x.com\/Casamitjana"],"url":"https:\/\/xqthenews.com\/es\/author\/lcasamitjana\/"}]}},"_links":{"self":[{"href":"https:\/\/xqthenews.com\/es\/wp-json\/wp\/v2\/posts\/14710","targetHints":{"allow":["GET"]}}],"collection":[{"href":"https:\/\/xqthenews.com\/es\/wp-json\/wp\/v2\/posts"}],"about":[{"href":"https:\/\/xqthenews.com\/es\/wp-json\/wp\/v2\/types\/post"}],"author":[{"embeddable":true,"href":"https:\/\/xqthenews.com\/es\/wp-json\/wp\/v2\/users\/26"}],"replies":[{"embeddable":true,"href":"https:\/\/xqthenews.com\/es\/wp-json\/wp\/v2\/comments?post=14710"}],"version-history":[{"count":0,"href":"https:\/\/xqthenews.com\/es\/wp-json\/wp\/v2\/posts\/14710\/revisions"}],"wp:featuredmedia":[{"embeddable":true,"href":"https:\/\/xqthenews.com\/es\/wp-json\/wp\/v2\/media\/14800"}],"wp:attachment":[{"href":"https:\/\/xqthenews.com\/es\/wp-json\/wp\/v2\/media?parent=14710"}],"wp:term":[{"taxonomy":"category","embeddable":true,"href":"https:\/\/xqthenews.com\/es\/wp-json\/wp\/v2\/categories?post=14710"},{"taxonomy":"post_tag","embeddable":true,"href":"https:\/\/xqthenews.com\/es\/wp-json\/wp\/v2\/tags?post=14710"},{"taxonomy":"author","embeddable":true,"href":"https:\/\/xqthenews.com\/es\/wp-json\/wp\/v2\/coauthors?post=14710"}],"curies":[{"name":"wp","href":"https:\/\/api.w.org\/{rel}","templated":true}]}}