{"id":25848,"date":"2024-11-13T08:52:56","date_gmt":"2024-11-13T07:52:56","guid":{"rendered":"https:\/\/xqthenews.com\/?p=25848"},"modified":"2024-11-13T08:52:12","modified_gmt":"2024-11-13T07:52:12","slug":"comics-and-graphic-novels-between-the-power-of-education-and-the-memory-of-history","status":"publish","type":"post","link":"https:\/\/xqthenews.com\/en\/comics-and-graphic-novels-between-the-power-of-education-and-the-memory-of-history\/","title":{"rendered":"Comics and graphic novels: between the power of education and the memory of history"},"content":{"rendered":"<p>&nbsp;<strong>In the world of pop culture, comics and graphic novels emerge as powerful educational tools, capable of telling complex stories and conveying profound values. From the origins of Italian comics to contemporary works, these narrative forms not only entertain, but also educate and preserve historical memory, stimulating dialogue on fundamental social and cultural issues.<\/strong><\/p>\n\n\n\n<p>Every year at the end of October, an Italian city is transformed into a giant stage surrounded by ancient 16th century walls. The autumn colours and ancient walls provide the perfect backdrop for a shot that immortalises <a href=\"https:\/\/www.eurogamer.net\/meeting-andrzej-sapkowski-the-writer-who-created-the-witcher\">Geralt of Rivia. <\/a>It is not uncommon to see the Joker strolling arm in arm with Mickey Mouse.  <\/p>\n\n\n\n<p>We are talking about <strong>Lucca Comics &amp; Games<\/strong>, the largest Italian festival dedicated to comics, animation, video games and pop culture. Founded in Lucca in 1966 as the <em>Salone Internazionale del Fumetto<\/em>, the festival has grown to become one of the most important events in the world.<\/p>\n\n\n\n<figure class=\"wp-block-image size-full is-resized\"><img decoding=\"async\" width=\"640\" height=\"422\" src=\"https:\/\/xqthenews.com\/wp-content\/uploads\/2024\/11\/Imagen-no-1.-.jpg\" alt=\"\" class=\"wp-image-25833\" style=\"width:781px;height:auto\" srcset=\"https:\/\/xqthenews.com\/wp-content\/uploads\/2024\/11\/Imagen-no-1.-.jpg 640w, https:\/\/xqthenews.com\/wp-content\/uploads\/2024\/11\/Imagen-no-1.--300x198.jpg 300w, https:\/\/xqthenews.com\/wp-content\/uploads\/2024\/11\/Imagen-no-1.--150x99.jpg 150w, https:\/\/xqthenews.com\/wp-content\/uploads\/2024\/11\/Imagen-no-1.--450x297.jpg 450w\" sizes=\"(max-width: 640px) 100vw, 640px\"\/><figcaption class=\"wp-element-caption\">Star Wars characters come to life. The walls of Lucca become an open-air catwalk for five days | Valentina Isernia. <\/figcaption><\/figure>\n\n\n\n<p>Over the years, the event has broadened its horizons from comics to games conventions, integrating video games, animation, cosplay, fantasy and sci-fi. This has made Lucca a meeting place for fans of all ages, with events ranging from conferences and exclusive previews to exhibitions and workshops with world-famous artists and authors. Today, Lucca Comics &amp; Games is a festival that attracts hundreds of thousands of visitors, giving <a class=\"glossaryLink\" aria-describedby=\"tt\" data-cmtooltip=\"&lt;div class=glossaryItemTitle&gt;Prestige&lt;\/div&gt;&lt;div class=glossaryItemBody&gt;&amp;lt;!-- wp:paragraph {&amp;quot;translatedWithWPMLTM&amp;quot;:&amp;quot;1&amp;quot;} --&amp;gt;The Prestige was an oil tanker that suffered a serious spill in 2002 off the coast of Galicia, Spain, causing a devastating environmental disaster.&amp;lt;br\/&amp;gt;&amp;lt;!-- \/wp:paragraph --&amp;gt;&lt;\/div&gt;&lt;div class=&amp;quot;cmtt_related_articles_wrapper&amp;quot;&gt;&lt;div class=&amp;quot;cmtt_related_title cmtt_related_articles_title&amp;quot;&gt;Related Articles: &lt;\/div&gt;&lt;ul class=&amp;quot;cmtt_related&amp;quot;&gt;&lt;li class=&amp;quot;cmtt_related_item&amp;quot;&gt;&lt;a href=&amp;quot;https:\/\/xqthenews.com\/en\/plastic-floods-the-seas-chronicle-of-a-new-ecocide-off-the-galician-coast\/&amp;quot;target=&amp;quot;_blank&amp;quot;&gt;Plastic floods the seas: chronicle of a new ecocide off the Galician coast&lt;\/a&gt;&lt;\/li&gt;&lt;\/ul&gt;&lt;\/div&gt;\" href=\"https:\/\/xqthenews.com\/en\/glossary\/prestige\/\" data-gt-translate-attributes='[{\"attribute\":\"data-cmtooltip\", \"format\":\"html\"}]' tabindex=\"0\" role=\"link\">prestige<\/a> and visibility to a sector that is often undervalued but has an incalculable educational potential.<\/p>\n\n\n\n<figure class=\"wp-block-image size-full is-resized\"><img loading=\"lazy\" decoding=\"async\" width=\"643\" height=\"424\" src=\"https:\/\/xqthenews.com\/wp-content\/uploads\/2024\/11\/Imagen-no-2-.jpg\" alt=\"\" class=\"wp-image-25837\" style=\"width:777px;height:auto\" srcset=\"https:\/\/xqthenews.com\/wp-content\/uploads\/2024\/11\/Imagen-no-2-.jpg 643w, https:\/\/xqthenews.com\/wp-content\/uploads\/2024\/11\/Imagen-no-2--300x198.jpg 300w, https:\/\/xqthenews.com\/wp-content\/uploads\/2024\/11\/Imagen-no-2--150x99.jpg 150w, https:\/\/xqthenews.com\/wp-content\/uploads\/2024\/11\/Imagen-no-2--450x297.jpg 450w\" sizes=\"(max-width: 643px) 100vw, 643px\"\/><figcaption class=\"wp-element-caption\">The ancient walls of Lucca are invaded by more than 300,000 visitors every year during Lucca Comics &amp; Games | Valentina Isernia.<\/figcaption><\/figure>\n\n\n\n<h2 class=\"wp-block-heading\"><strong>The origins of Italian comics<\/strong><\/h2>\n\n\n\n<p>The first Italian comics date back to the early 20th century, inspired by American strips, and appeared mainly in magazines aimed at young people, such as the <strong>Corriere dei Piccoli<\/strong> (1908), a true precursor, which introduced episodic comics in Italy and showed an innovative narrative technique for the time, such as the separation of the images from the captions (the typical &lsquo;nuvoletta&rsquo; was considered unsuitable for the Italian public). In the 1930s and 1940s a production of original stories developed, many of them inspired by American westerns and the adventure genre.<\/p>\n\n\n\n<h2 class=\"wp-block-heading\"><strong>The Golden Age: Tex, Diabolik and the Italian classics<\/strong><\/h2>\n\n\n\n<p>The 1950s and 1960s marked a golden age for Italian comics with the arrival of big names such as <strong>Tex Willer<\/strong>, who became the symbol of western comics in Italy; <strong>Diabolik<\/strong> (1962), created by sisters Angela and Luciana Giussani, represented a revolution in Italian comics: a dark, charismatic and ruthless anti-hero who defied the authorities and captured the popular imagination. This comic inaugurated the Italian <em>noir<\/em> genre, which was very successful in the 1960s.<\/p>\n\n\n\n<p>Meanwhile, other authors such as <strong>Hugo Pratt<\/strong> with <em>Corto Maltese<\/em> (1967) took comics to a more artistic and intellectual level, exploring exotic locations and philosophical themes, and paving the way for a new kind of graphic storytelling.<\/p>\n\n\n\n<h2 class=\"wp-block-heading\"><strong>The 1970s and 1980s: the rise of auteur and satire comics<\/strong><\/h2>\n\n\n\n<p>In the 1970s and 1980s, Italian comics were enriched by innovative authors and more daring themes:<\/p>\n\n\n\n<p><strong>Andrea Pazienza<\/strong> became one of the best-known faces of Italian <a class=\"glossaryLink\" aria-describedby=\"tt\" data-cmtooltip=\"&lt;div class=glossaryItemTitle&gt;Underground&lt;\/div&gt;&lt;div class=glossaryItemBody&gt;&amp;lt;!-- wp:paragraph {&amp;quot;translatedWithWPMLTM&amp;quot;:&amp;quot;1&amp;quot;} --&amp;gt;Refers to unconventional, alternative, and countercultural cultural movements, outside the mainstream or established sphere.&amp;lt;br\/&amp;gt;&amp;lt;!-- \/wp:paragraph --&amp;gt;&lt;\/div&gt;\" href=\"https:\/\/xqthenews.com\/en\/glossary\/underground\/\" data-gt-translate-attributes='[{\"attribute\":\"data-cmtooltip\", \"format\":\"html\"}]' tabindex=\"0\" role=\"link\">underground<\/a> comics, with stories such as <em>Zanardi<\/em> and <em>Pentothal<\/em>, which reflected the malaise and contradictions of the youth of the time. Magazines such as <strong>Linus<\/strong> and <strong>Frigidaire<\/strong> helped to give visibility to a generation of innovative authors, hosting comics that dealt with political, social and cultural issues, often in a satirical or experimental style.<\/p>\n\n\n\n<h2 class=\"wp-block-heading\"><strong>Comics and graphic novels: a new way of telling the world and history<\/strong><\/h2>\n\n\n\n<p>Comics and graphic novels are visual formats that have the power to make complex issues accessible and appealing, especially to young people. This ability is <strong>based on the combination of images and text, which not only facilitates comprehension<\/strong>, but also makes reading more immersive, educating and raising awareness more effectively with a unique impact.<\/p>\n\n\n\n<p>For example, in a graphic novel dealing with issues such as <a class=\"glossaryLink\" aria-describedby=\"tt\" data-cmtooltip=\"&lt;div class=glossaryItemTitle&gt;War&lt;\/div&gt;&lt;div class=glossaryItemBody&gt;Hostility, armed conflict between two or more free nations or between factions of the same state. It brings death and destruction of resources and property, and its purpose is to impose the will of the victors on the vanquished.&amp;lt;br \/&amp;gt;Wars have left many countries ruined and indebted.&amp;lt;br\/&amp;gt;&lt;\/div&gt;&lt;div class=&amp;quot;cmtt_related_articles_wrapper&amp;quot;&gt;&lt;div class=&amp;quot;cmtt_related_title cmtt_related_articles_title&amp;quot;&gt;Related Articles: &lt;\/div&gt;&lt;ul class=&amp;quot;cmtt_related&amp;quot;&gt;&lt;li class=&amp;quot;cmtt_related_item&amp;quot;&gt;&lt;a href=&amp;quot;https:\/\/xqthenews.com\/en\/plastic-floods-the-seas-chronicle-of-a-new-ecocide-off-the-galician-coast\/&amp;quot;target=&amp;quot;_blank&amp;quot;&gt;Plastic floods the seas: chronicle of a new ecocide off the Galician coast&lt;\/a&gt;&lt;\/li&gt;&lt;li class=&amp;quot;cmtt_related_item&amp;quot;&gt;&lt;a href=&amp;quot;https:\/\/xqthenews.com\/en\/trump-and-the-end-of-the-american-dream\/&amp;quot;target=&amp;quot;_blank&amp;quot;&gt;Trump and the end of the American dream&lt;\/a&gt;&lt;\/li&gt;&lt;li class=&amp;quot;cmtt_related_item&amp;quot;&gt;&lt;a href=&amp;quot;https:\/\/xqthenews.com\/en\/gender-equality-and-boosting-climate-action\/&amp;quot;target=&amp;quot;_blank&amp;quot;&gt;Gender equality and boosting climate action&lt;\/a&gt;&lt;\/li&gt;&lt;li class=&amp;quot;cmtt_related_item&amp;quot;&gt;&lt;a href=&amp;quot;https:\/\/xqthenews.com\/en\/zelenski-ukraines-dignity-against-putin-and-trump\/&amp;quot;target=&amp;quot;_blank&amp;quot;&gt;Zelenski: Ukraine&rsquo;s dignity against Putin and Trump&lt;\/a&gt;&lt;\/li&gt;&lt;\/ul&gt;&lt;\/div&gt;\" href=\"https:\/\/xqthenews.com\/en\/glossary\/war\/\" data-gt-translate-attributes='[{\"attribute\":\"data-cmtooltip\", \"format\":\"html\"}]' tabindex=\"0\" role=\"link\">war<\/a>, poverty or discrimination, the characters&rsquo; expressions, colours and stylistic choices can immediately evoke <a class=\"glossaryLink\" aria-describedby=\"tt\" data-cmtooltip=\"&lt;div class=glossaryItemTitle&gt;Atmosphere&lt;\/div&gt;&lt;div class=glossaryItemBody&gt;&amp;lt;!-- wp:paragraph {&amp;quot;translatedWithWPMLTM&amp;quot;:&amp;quot;1&amp;quot;} --&amp;gt;The atmosphere is the layer of gases that surrounds a celestial body, such as the Earth, providing air, regulating the climate and protecting life from solar radiation and meteors.&amp;lt;br\/&amp;gt;&amp;lt;!-- \/wp:paragraph --&amp;gt;&lt;\/div&gt;&lt;div class=&amp;quot;cmtt_related_articles_wrapper&amp;quot;&gt;&lt;div class=&amp;quot;cmtt_related_title cmtt_related_articles_title&amp;quot;&gt;Related Articles: &lt;\/div&gt;&lt;ul class=&amp;quot;cmtt_related&amp;quot;&gt;&lt;li class=&amp;quot;cmtt_related_item&amp;quot;&gt;&lt;a href=&amp;quot;https:\/\/xqthenews.com\/en\/environmentaleducation-as-a-paradigm-for-preventing-rural-fires\/&amp;quot;target=&amp;quot;_blank&amp;quot;&gt;Environmentaleducation as a paradigm for preventing rural fires&lt;\/a&gt;&lt;\/li&gt;&lt;li class=&amp;quot;cmtt_related_item&amp;quot;&gt;&lt;a href=&amp;quot;https:\/\/xqthenews.com\/en\/italian-christmas-traditions-between-the-sacred-and-the-profane\/&amp;quot;target=&amp;quot;_blank&amp;quot;&gt;Italian Christmas traditions, between the sacred and the profane&lt;\/a&gt;&lt;\/li&gt;&lt;li class=&amp;quot;cmtt_related_item&amp;quot;&gt;&lt;a href=&amp;quot;https:\/\/xqthenews.com\/en\/glossary\/polar-jet\/&amp;quot;target=&amp;quot;_blank&amp;quot;&gt;Glossary:  Polar jet&lt;\/a&gt;&lt;\/li&gt;&lt;li class=&amp;quot;cmtt_related_item&amp;quot;&gt;&lt;a href=&amp;quot;https:\/\/xqthenews.com\/en\/autumns-dana-in-the-mediterranean-after-the-storm-there-is-no-calm\/&amp;quot;target=&amp;quot;_blank&amp;quot;&gt;Autumn&amp;#8217;s DANA in the Mediterranean: There is No Calm After the Storm&lt;\/a&gt;&lt;\/li&gt;&lt;li class=&amp;quot;cmtt_related_item&amp;quot;&gt;&lt;a href=&amp;quot;https:\/\/xqthenews.com\/en\/recovering-good-agricultural-practices-to-defeat-the-xylella-bacterium\/&amp;quot;target=&amp;quot;_blank&amp;quot;&gt;Recovering Good Agricultural Practices to Defeat the Xylella Bacterium&lt;\/a&gt;&lt;\/li&gt;&lt;\/ul&gt;&lt;\/div&gt;\" href=\"https:\/\/xqthenews.com\/en\/glossary\/atmosphere\/\" data-gt-translate-attributes='[{\"attribute\":\"data-cmtooltip\", \"format\":\"html\"}]' tabindex=\"0\" role=\"link\">atmosphere<\/a> or emotion. <strong>For young people, often accustomed to visual consumption of content (social media, video), this mode is attractive and natural<\/strong>.<\/p>\n\n\n\n<p>An emblematic example is the comics of <strong>Zerocalcare<\/strong>, the pseudonym of Michele Rech, one of the best-known contemporary Italian cartoonists. With a unique style that mixes humour, social criticism and introspection, Zerocalcare has gained a wide audience, especially among young people, by addressing personal and social issues in a direct and visually appealing language. Among his most important works is <em>Kobane Calling<\/em>, a <a class=\"glossaryLink\" aria-describedby=\"tt\" data-cmtooltip=\"&lt;div class=glossaryItemTitle&gt;Reportage&lt;\/div&gt;&lt;div class=glossaryItemBody&gt;&amp;lt;!-- wp:paragraph {&amp;quot;translatedWithWPMLTM&amp;quot;:&amp;quot;1&amp;quot;} --&amp;gt;A detailed account of real events, often based on direct experience or in-depth research, to describe situations, events or social realities.&amp;lt;br\/&amp;gt;&amp;lt;!-- \/wp:paragraph --&amp;gt;&lt;\/div&gt;\" href=\"https:\/\/xqthenews.com\/en\/glossary\/reportage\/\" data-gt-translate-attributes='[{\"attribute\":\"data-cmtooltip\", \"format\":\"html\"}]' tabindex=\"0\" role=\"link\">reportage<\/a> that chronicles Zerocalcare&rsquo;s travels to the Turkish Syrian border and then to Rojava, describing his encounters with Kurdish activists, volunteers and fighters. Through the story, Zerocalcare manages to convey the values of resistance and solidarity that characterise the Kurdish movement and the idea of the Rojava revolution, based on the principles of self-determination, gender equality and secularism.<\/p>\n\n\n\n<p>One of the strengths of <em>Kobane Calling<\/em> is its ability to address the drama of <a class=\"glossaryLink\" aria-describedby=\"tt\" data-cmtooltip=\"&lt;div class=glossaryItemTitle&gt;War&lt;\/div&gt;&lt;div class=glossaryItemBody&gt;Hostility, armed conflict between two or more free nations or between factions of the same state. It brings death and destruction of resources and property, and its purpose is to impose the will of the victors on the vanquished.&amp;lt;br \/&amp;gt;Wars have left many countries ruined and indebted.&amp;lt;br\/&amp;gt;&lt;\/div&gt;&lt;div class=&amp;quot;cmtt_related_articles_wrapper&amp;quot;&gt;&lt;div class=&amp;quot;cmtt_related_title cmtt_related_articles_title&amp;quot;&gt;Related Articles: &lt;\/div&gt;&lt;ul class=&amp;quot;cmtt_related&amp;quot;&gt;&lt;li class=&amp;quot;cmtt_related_item&amp;quot;&gt;&lt;a href=&amp;quot;https:\/\/xqthenews.com\/en\/plastic-floods-the-seas-chronicle-of-a-new-ecocide-off-the-galician-coast\/&amp;quot;target=&amp;quot;_blank&amp;quot;&gt;Plastic floods the seas: chronicle of a new ecocide off the Galician coast&lt;\/a&gt;&lt;\/li&gt;&lt;li class=&amp;quot;cmtt_related_item&amp;quot;&gt;&lt;a href=&amp;quot;https:\/\/xqthenews.com\/en\/trump-and-the-end-of-the-american-dream\/&amp;quot;target=&amp;quot;_blank&amp;quot;&gt;Trump and the end of the American dream&lt;\/a&gt;&lt;\/li&gt;&lt;li class=&amp;quot;cmtt_related_item&amp;quot;&gt;&lt;a href=&amp;quot;https:\/\/xqthenews.com\/en\/gender-equality-and-boosting-climate-action\/&amp;quot;target=&amp;quot;_blank&amp;quot;&gt;Gender equality and boosting climate action&lt;\/a&gt;&lt;\/li&gt;&lt;li class=&amp;quot;cmtt_related_item&amp;quot;&gt;&lt;a href=&amp;quot;https:\/\/xqthenews.com\/en\/zelenski-ukraines-dignity-against-putin-and-trump\/&amp;quot;target=&amp;quot;_blank&amp;quot;&gt;Zelenski: Ukraine&rsquo;s dignity against Putin and Trump&lt;\/a&gt;&lt;\/li&gt;&lt;\/ul&gt;&lt;\/div&gt;\" href=\"https:\/\/xqthenews.com\/en\/glossary\/war\/\" data-gt-translate-attributes='[{\"attribute\":\"data-cmtooltip\", \"format\":\"html\"}]' tabindex=\"0\" role=\"link\">war<\/a> through empathetic storytelling, alternating moments of deep reflection with ironic and light-hearted scenes. This contrast between lightness and seriousness manages to capture the reader&rsquo;s attention, making him or her better understand the complexity of a conflict situation without ever becoming moralistic or overly didactic.<\/p>\n\n\n\n<p>Numerous comics and graphic novels deal with <strong>issues such as <a class=\"glossaryLink\" aria-describedby=\"tt\" data-cmtooltip=\"&lt;div class=glossaryItemTitle&gt;Racism&lt;\/div&gt;&lt;div class=glossaryItemBody&gt;&amp;lt;!-- wp:paragraph {&amp;quot;translatedWithWPMLTM&amp;quot;:&amp;quot;1&amp;quot;} --&amp;gt;An attitude or ideology which holds that race or ethnic group is considered superior to another.&amp;lt;br\/&amp;gt;&amp;lt;!-- \/wp:paragraph --&amp;gt;&lt;\/div&gt;&lt;div class=&amp;quot;cmtt_related_articles_wrapper&amp;quot;&gt;&lt;div class=&amp;quot;cmtt_related_title cmtt_related_articles_title&amp;quot;&gt;Related Articles: &lt;\/div&gt;&lt;ul class=&amp;quot;cmtt_related&amp;quot;&gt;&lt;li class=&amp;quot;cmtt_related_item&amp;quot;&gt;&lt;a href=&amp;quot;https:\/\/xqthenews.com\/en\/david-bueno-arts-should-be-the-central-stem-of-learning\/&amp;quot;target=&amp;quot;_blank&amp;quot;&gt;David Bueno: &amp;quot;Arts should be the central stem of learning&rdquo;&lt;\/a&gt;&lt;\/li&gt;&lt;li class=&amp;quot;cmtt_related_item&amp;quot;&gt;&lt;a href=&amp;quot;https:\/\/xqthenews.com\/en\/is-equality-still-a-priority-for-the-european-commission\/&amp;quot;target=&amp;quot;_blank&amp;quot;&gt;Is equality still a priority for the European Commission?&lt;\/a&gt;&lt;\/li&gt;&lt;li class=&amp;quot;cmtt_related_item&amp;quot;&gt;&lt;a href=&amp;quot;https:\/\/xqthenews.com\/en\/8-m-denounces-the-invisible-discrimination-of-carers\/&amp;quot;target=&amp;quot;_blank&amp;quot;&gt;8-M denounces the invisible discrimination of carers&lt;\/a&gt;&lt;\/li&gt;&lt;\/ul&gt;&lt;\/div&gt;\" href=\"https:\/\/xqthenews.com\/en\/glossary\/racism\/\" data-gt-translate-attributes='[{\"attribute\":\"data-cmtooltip\", \"format\":\"html\"}]' tabindex=\"0\" role=\"link\">racism<\/a>, immigration, mental illness, <a class=\"glossaryLink\" aria-describedby=\"tt\" data-cmtooltip=\"&lt;div class=glossaryItemTitle&gt;Bullying&lt;\/div&gt;&lt;div class=glossaryItemBody&gt;&amp;lt;!-- wp:paragraph {&amp;quot;translatedWithWPMLTM&amp;quot;:&amp;quot;1&amp;quot;} --&amp;gt;Bullying is a form of verbal, physical and psychological violence repeated over time and intentionally perpetuated by one or more persons against a weaker victim who is unable to defend himself\/herself.&amp;lt;br\/&amp;gt;&amp;lt;!-- \/wp:paragraph --&amp;gt;&lt;\/div&gt;&lt;div class=&amp;quot;cmtt_related_articles_wrapper&amp;quot;&gt;&lt;div class=&amp;quot;cmtt_related_title cmtt_related_articles_title&amp;quot;&gt;Related Articles: &lt;\/div&gt;&lt;ul class=&amp;quot;cmtt_related&amp;quot;&gt;&lt;li class=&amp;quot;cmtt_related_item&amp;quot;&gt;&lt;a href=&amp;quot;https:\/\/xqthenews.com\/en\/risky-sex-is-on-rising-among-adolescents\/&amp;quot;target=&amp;quot;_blank&amp;quot;&gt;Risky sex is on rising among adolescents&lt;\/a&gt;&lt;\/li&gt;&lt;li class=&amp;quot;cmtt_related_item&amp;quot;&gt;&lt;a href=&amp;quot;https:\/\/xqthenews.com\/en\/maria-calado-eating-disorders-are-starting-earlier-and-theyre-affecting-more-girls\/&amp;quot;target=&amp;quot;_blank&amp;quot;&gt;Mar&iacute;a Calado: &amp;#8220;Eating disorders are starting earlier and they&amp;#8217;re affecting more girls&rdquo;&lt;\/a&gt;&lt;\/li&gt;&lt;\/ul&gt;&lt;\/div&gt;\" href=\"https:\/\/xqthenews.com\/en\/glossary\/bullying\/\" data-gt-translate-attributes='[{\"attribute\":\"data-cmtooltip\", \"format\":\"html\"}]' tabindex=\"0\" role=\"link\">bullying<\/a> and even violence<\/strong>. Art Spiegelman&rsquo;s<em>Maus<\/em>, for example, uses the comic book format to narrate <strong>the Holocaust<\/strong>, a historical tragedy that can seem remote and difficult for a young person to fully comprehend and is often the subject of denialism. The depiction of Nazis as cats and Jews as mice manages to make the story more accessible while maintaining a strong emotional impact and helping readers reflect on discrimination and persecution.<\/p>\n\n\n\n<p>Another very interesting product is &lsquo;A Red Flower for Freedom&rsquo;, a graphic novel that narrates the life and heroic deeds of one of the women who contributed to the liberation of Italy.<\/p>\n\n\n\n<p>It is about the Florentine Liliana Benvenuti, whose battle name was &lsquo;Angela&rsquo;. She was about 20 years old when she enlisted in the &lsquo;Arno&rsquo; Division and began her rearguard activity on a bicycle, risking her life every day to transport weapons and messages to her comrades in hiding.<\/p>\n\n\n\n<p>&lsquo;I decided to tell her story because it is important to preserve the historical memory of that period, now that all those who lived through it are disappearing,&rsquo; explains author <strong>Thomas Pistoia<\/strong>. &lsquo;The language of the comic (the drawings are by Emilio Guazzone) is an attempt to involve the new generations, children and teenagers, so that they realise how important freedom is, how easy it is to lose it and how difficult it is to regain it.&rsquo;<\/p>\n\n\n\n<h2 class=\"wp-block-heading\"><strong>Encouraging critical reflection<\/strong><\/h2>\n\n\n\n<p>Graphic novels, such as Alan Moore&rsquo;s <em>V for Vendetta<\/em>, do not simply tell a story, but encourage questions about the role of power, freedom and justice. Young readers are encouraged to reflect on these issues and consider their relevance in the real world. Storytelling can help develop a critical awareness that enables young people to question the values of the society in which they live.<\/p>\n\n\n\n<h2 class=\"wp-block-heading\"><strong>Multimodal learning and inclusion<\/strong><\/h2>\n\n\n\n<p>For many young people, especially those with learning difficulties or who are not used to traditional reading, comics represent a more inclusive access to literature. <a class=\"glossaryLink\" aria-describedby=\"tt\" data-cmtooltip=\"&lt;div class=glossaryItemTitle&gt;Multimodal&lt;\/div&gt;&lt;div class=glossaryItemBody&gt;&amp;lt;!-- wp:paragraph {&amp;quot;translatedWithWPMLTM&amp;quot;:&amp;quot;1&amp;quot;} --&amp;gt;Referring to a type of learning that integrates different media and modalities, such as images, text and audio, to facilitate understanding.&amp;lt;br\/&amp;gt;&amp;lt;!-- \/wp:paragraph --&amp;gt;&amp;lt;!-- wp:paragraph --&amp;gt;&amp;lt;br\/&amp;gt;&amp;lt;!-- \/wp:paragraph --&amp;gt;&lt;\/div&gt;\" href=\"https:\/\/xqthenews.com\/en\/glossary\/multimodal\/\" data-gt-translate-attributes='[{\"attribute\":\"data-cmtooltip\", \"format\":\"html\"}]' tabindex=\"0\" role=\"link\">Multimodal<\/a> learning can help overcome certain barriers and allow readers to follow complex stories and concepts with less difficulty, learning deep concepts without being overloaded by them.<\/p>\n\n\n\n<p>Comics and graphic novels can then serve as catalysts for discussions about difficult topics. After reading stories such as Alison Bechdel&rsquo;s <em>Fun Home<\/em>, which explores sexual identity and family conflict, young readers often feel a desire to share and discuss their thoughts, contributing to a broader social dialogue. As a format accepted and loved by young people, comics facilitate these conversations in an often less formal or &lsquo;academic&rsquo; setting.<\/p>\n\n\n\n<p>Ultimately, comics and graphic novels have proven to be powerful and versatile educational tools for introducing and exploring difficult topics with young people. They harness visual art to create empathy and understanding, fostering critical thinking and social awareness in a way that few other media can. As a narrative form close to them, comics and graphic novels manage to entertain and educate simultaneously, making them increasingly indispensable in today&rsquo;s cultural and educational landscape.<\/p>\n\n\n\n<hr class=\"wp-block-separator has-text-color has-vivid-green-cyan-color has-alpha-channel-opacity has-vivid-green-cyan-background-color has-background is-style-wide\">\n\n\n\n<p><a id=\"_msocom_1\"><\/a><\/p>\n\n\n\n<div style=\"height:100px\" aria-hidden=\"true\" class=\"wp-block-spacer\"><\/div>\n\n\n<script type=\"text\/javascript\">\n\/* <![CDATA[ *\/\nvar gform;gform||(document.addEventListener(\"gform_main_scripts_loaded\",function(){gform.scriptsLoaded=!0}),document.addEventListener(\"gform\/theme\/scripts_loaded\",function(){gform.themeScriptsLoaded=!0}),window.addEventListener(\"DOMContentLoaded\",function(){gform.domLoaded=!0}),gform={domLoaded:!1,scriptsLoaded:!1,themeScriptsLoaded:!1,isFormEditor:()=>\"function\"==typeof InitializeEditor,callIfLoaded:function(o){return!(!gform.domLoaded||!gform.scriptsLoaded||!gform.themeScriptsLoaded&&!gform.isFormEditor()||(gform.isFormEditor()&&console.warn(\"The use of gform.initializeOnLoaded() is deprecated in the form editor context and will be removed in Gravity Forms 3.1.\"),o(),0))},initializeOnLoaded:function(o){gform.callIfLoaded(o)||(document.addEventListener(\"gform_main_scripts_loaded\",()=>{gform.scriptsLoaded=!0,gform.callIfLoaded(o)}),document.addEventListener(\"gform\/theme\/scripts_loaded\",()=>{gform.themeScriptsLoaded=!0,gform.callIfLoaded(o)}),window.addEventListener(\"DOMContentLoaded\",()=>{gform.domLoaded=!0,gform.callIfLoaded(o)}))},hooks:{action:{},filter:{}},addAction:function(o,r,e,t){gform.addHook(\"action\",o,r,e,t)},addFilter:function(o,r,e,t){gform.addHook(\"filter\",o,r,e,t)},doAction:function(o){gform.doHook(\"action\",o,arguments)},applyFilters:function(o){return gform.doHook(\"filter\",o,arguments)},removeAction:function(o,r){gform.removeHook(\"action\",o,r)},removeFilter:function(o,r,e){gform.removeHook(\"filter\",o,r,e)},addHook:function(o,r,e,t,n){null==gform.hooks[o][r]&&(gform.hooks[o][r]=[]);var d=gform.hooks[o][r];null==n&&(n=r+\"_\"+d.length),gform.hooks[o][r].push({tag:n,callable:e,priority:t=null==t?10:t})},doHook:function(r,o,e){var t;if(e=Array.prototype.slice.call(e,1),null!=gform.hooks[r][o]&&((o=gform.hooks[r][o]).sort(function(o,r){return o.priority-r.priority}),o.forEach(function(o){\"function\"!=typeof(t=o.callable)&&(t=window[t]),\"action\"==r?t.apply(null,e):e[0]=t.apply(null,e)})),\"filter\"==r)return e[0]},removeHook:function(o,r,t,n){var e;null!=gform.hooks[o][r]&&(e=(e=gform.hooks[o][r]).filter(function(o,r,e){return!!(null!=n&&n!=o.tag||null!=t&&t!=o.priority)}),gform.hooks[o][r]=e)}});\n\/* ]]> *\/\n<\/script>\n\n                <div class=\"gf_browser_gecko gform_wrapper gravity-theme gform-theme--no-framework quiz_wrapper\" data-form-theme=\"gravity-theme\" data-form-index=\"0\" id=\"gform_wrapper_789\"><div id=\"gf_789\" class=\"gform_anchor\" tabindex=\"-1\"><\/div>\n                        <div class=\"gform_heading\">\n                            <h2 class=\"gform_title\">Reading Comprehension questions. Comics and graphic novels: between the power of education and the memory of history.<\/h2>\n                            <p class=\"gform_description\"><\/p>\n                        <\/div><form method=\"post\" enctype=\"multipart\/form-data\" id=\"gform_789\" class=\"quiz\" action=\"\/en\/wp-json\/wp\/v2\/posts\/25848#gf_789\" data-formid=\"789\" novalidate> \r\n <input type=\"hidden\" class=\"gforms-pum\" value='{\"closepopup\":false,\"closedelay\":0,\"openpopup\":false,\"openpopup_id\":0}'>\n        <div id=\"gf_progressbar_wrapper_789\" class=\"gf_progressbar_wrapper\" data-start-at-zero=\"\">\n        \t<p class=\"gf_progressbar_title\">Step <span class=\"gf_step_current_page\">1<\/span> of <span class=\"gf_step_page_count\">3<\/span><span class=\"gf_step_page_name\"><\/span>\n        \t<\/p>\n            <div class=\"gf_progressbar gf_progressbar_blue\" aria-hidden=\"true\">\n                <div class=\"gf_progressbar_percentage percentbar_blue percentbar_33\" style=\"width:33%;\"><span>33%<\/span><\/div>\n            <\/div><\/div>\n                        <div class=\"gform-body gform_body\"><div id=\"gform_page_789_1\" class=\"gform_page \" data-js=\"page-field-id-0\">\n\t\t\t\t\t<div class=\"gform_page_fields\"><div id=\"gform_fields_789\" class=\"gform_fields top_label form_sublabel_below description_below validation_below\"><fieldset id=\"field_789_1\" class=\"gfield gfield--type-quiz gfield--type-choice gfield--input-type-radio field_sublabel_below gfield--no-description field_description_below field_validation_below gfield_visibility_visible gquiz-field \" data-field-class=\"gquiz-field\"><legend class=\"gfield_label gform-field-label\">What is the origin of Lucca Comics &amp; Games?<\/legend><div class=\"ginput_container ginput_container_radio\"><div class=\"gfield_radio\" id=\"input_789_1\">\n\t\t\t<div class=\"gchoice gchoice_789_1_0\">\n\t\t\t\t\t<input class=\"gfield-choice-input\" name=\"input_1\" type=\"radio\" value=\"gquiz1b2b27084\" id=\"choice_789_1_0\" onchange=\"gformToggleRadioOther( this )\">\n\t\t\t\t\t<label for=\"choice_789_1_0\" id=\"label_789_1_0\" class=\"gform-field-label gform-field-label--type-inline\">It was born as a videogame&rsquo;s festival.<\/label>\n\t\t\t<\/div>\n\t\t\t<div class=\"gchoice gchoice_789_1_1\">\n\t\t\t\t\t<input class=\"gfield-choice-input\" name=\"input_1\" type=\"radio\" value=\"gquiz12c53da11\" id=\"choice_789_1_1\" onchange=\"gformToggleRadioOther( this )\">\n\t\t\t\t\t<label for=\"choice_789_1_1\" id=\"label_789_1_1\" class=\"gform-field-label gform-field-label--type-inline\">It was born as the Lucca International Comic Fair.<\/label>\n\t\t\t<\/div>\n\t\t\t<div class=\"gchoice gchoice_789_1_2\">\n\t\t\t\t\t<input class=\"gfield-choice-input\" name=\"input_1\" type=\"radio\" value=\"gquiz1b672525f5d\" id=\"choice_789_1_2\" onchange=\"gformToggleRadioOther( this )\">\n\t\t\t\t\t<label for=\"choice_789_1_2\" id=\"label_789_1_2\" class=\"gform-field-label gform-field-label--type-inline\">It was born as an event to promote contemporary art.<\/label>\n\t\t\t<\/div>\n\t\t\t<div class=\"gchoice gchoice_789_1_3\">\n\t\t\t\t\t<input class=\"gfield-choice-input\" name=\"input_1\" type=\"radio\" value=\"gquiz100b10b54\" id=\"choice_789_1_3\" onchange=\"gformToggleRadioOther( this )\">\n\t\t\t\t\t<label for=\"choice_789_1_3\" id=\"label_789_1_3\" class=\"gform-field-label gform-field-label--type-inline\">It was born to promote cosplay.<\/label>\n\t\t\t<\/div><\/div><\/div><\/fieldset><\/div>\n                    <\/div>\n                    <div class=\"gform-page-footer gform_page_footer top_label\">\n                         <input type=\"button\" id=\"gform_next_button_789_5\" class=\"gform_next_button gform-theme-button button\" onclick=\"gform.submission.handleButtonClick(this);\" data-submission-type=\"next\" value=\"Next \"> \n                    <\/div>\n                <\/div>\n                <div id=\"gform_page_789_2\" class=\"gform_page\" data-js=\"page-field-id-5\" style=\"display:none;\">\n                    <div class=\"gform_page_fields\">\n                        <div id=\"gform_fields_789_2\" class=\"gform_fields top_label form_sublabel_below description_below validation_below\"><fieldset id=\"field_789_3\" class=\"gfield gfield--type-quiz gfield--type-choice gfield--input-type-radio gfield--width-full field_sublabel_below gfield--no-description field_description_below field_validation_below gfield_visibility_visible gquiz-field \" data-field-class=\"gquiz-field\"><legend class=\"gfield_label gform-field-label\">Which graphic novel depicts the Holocaust using animals as a metaphor?<\/legend><div class=\"ginput_container ginput_container_radio\"><div class=\"gfield_radio\" id=\"input_789_3\">\n\t\t\t<div class=\"gchoice gchoice_789_3_0\">\n\t\t\t\t\t<input class=\"gfield-choice-input\" name=\"input_3\" type=\"radio\" value=\"gquiz3394e91f2\" id=\"choice_789_3_0\" onchange=\"gformToggleRadioOther( this )\">\n\t\t\t\t\t<label for=\"choice_789_3_0\" id=\"label_789_3_0\" class=\"gform-field-label gform-field-label--type-inline\">Kobane Calling by Zerocalcare.<\/label>\n\t\t\t<\/div>\n\t\t\t<div class=\"gchoice gchoice_789_3_1\">\n\t\t\t\t\t<input class=\"gfield-choice-input\" name=\"input_3\" type=\"radio\" value=\"gquiz3b5aa3d2d\" id=\"choice_789_3_1\" onchange=\"gformToggleRadioOther( this )\">\n\t\t\t\t\t<label for=\"choice_789_3_1\" id=\"label_789_3_1\" class=\"gform-field-label gform-field-label--type-inline\">A Red Flower for Freedom by Thomas Pistoia.<\/label>\n\t\t\t<\/div>\n\t\t\t<div class=\"gchoice gchoice_789_3_2\">\n\t\t\t\t\t<input class=\"gfield-choice-input\" name=\"input_3\" type=\"radio\" value=\"gquiz3d1b23a18\" id=\"choice_789_3_2\" onchange=\"gformToggleRadioOther( this )\">\n\t\t\t\t\t<label for=\"choice_789_3_2\" id=\"label_789_3_2\" class=\"gform-field-label gform-field-label--type-inline\">Maus by Art Spiegelman.<\/label>\n\t\t\t<\/div>\n\t\t\t<div class=\"gchoice gchoice_789_3_3\">\n\t\t\t\t\t<input class=\"gfield-choice-input\" name=\"input_3\" type=\"radio\" value=\"gquiz3b34488eb\" id=\"choice_789_3_3\" onchange=\"gformToggleRadioOther( this )\">\n\t\t\t\t\t<label for=\"choice_789_3_3\" id=\"label_789_3_3\" class=\"gform-field-label gform-field-label--type-inline\">Fun Home by Alison Bechdel.<\/label>\n\t\t\t<\/div><\/div><\/div><\/fieldset><\/div>\n                    <\/div>\n                    <div class=\"gform-page-footer gform_page_footer top_label\">\n                        <input type=\"button\" id=\"gform_previous_button_789_6\" class=\"gform_previous_button gform-theme-button gform-theme-button--secondary button\" onclick=\"gform.submission.handleButtonClick(this);\" data-submission-type=\"previous\" value=\"Previous\"> <input type=\"button\" id=\"gform_next_button_789_6\" class=\"gform_next_button gform-theme-button button\" onclick=\"gform.submission.handleButtonClick(this);\" data-submission-type=\"next\" value=\"Next \"> \n                    <\/div>\n                <\/div>\n                <div id=\"gform_page_789_3\" class=\"gform_page\" data-js=\"page-field-id-6\" style=\"display:none;\">\n                    <div class=\"gform_page_fields\">\n                        <div id=\"gform_fields_789_3\" class=\"gform_fields top_label form_sublabel_below description_below validation_below\"><fieldset id=\"field_789_4\" class=\"gfield gfield--type-quiz gfield--type-choice gfield--input-type-radio gfield--width-full field_sublabel_below gfield--no-description field_description_below field_validation_below gfield_visibility_visible gquiz-field \" data-field-class=\"gquiz-field\"><legend class=\"gfield_label gform-field-label\">In Kobane Calling, Zerocalcare recounts his travels in which geographical area?<\/legend><div class=\"ginput_container ginput_container_radio\"><div class=\"gfield_radio\" id=\"input_789_4\">\n\t\t\t<div class=\"gchoice gchoice_789_4_0\">\n\t\t\t\t\t<input class=\"gfield-choice-input\" name=\"input_4\" type=\"radio\" value=\"gquiz46a62d494\" id=\"choice_789_4_0\" onchange=\"gformToggleRadioOther( this )\">\n\t\t\t\t\t<label for=\"choice_789_4_0\" id=\"label_789_4_0\" class=\"gform-field-label gform-field-label--type-inline\">The border between Italy and France.<\/label>\n\t\t\t<\/div>\n\t\t\t<div class=\"gchoice gchoice_789_4_1\">\n\t\t\t\t\t<input class=\"gfield-choice-input\" name=\"input_4\" type=\"radio\" value=\"gquiz488c89c8f\" id=\"choice_789_4_1\" onchange=\"gformToggleRadioOther( this )\">\n\t\t\t\t\t<label for=\"choice_789_4_1\" id=\"label_789_4_1\" class=\"gform-field-label gform-field-label--type-inline\">The border between Turkey and Syria.<\/label>\n\t\t\t<\/div>\n\t\t\t<div class=\"gchoice gchoice_789_4_2\">\n\t\t\t\t\t<input class=\"gfield-choice-input\" name=\"input_4\" type=\"radio\" value=\"gquiz4054f68d8\" id=\"choice_789_4_2\" onchange=\"gformToggleRadioOther( this )\">\n\t\t\t\t\t<label for=\"choice_789_4_2\" id=\"label_789_4_2\" class=\"gform-field-label gform-field-label--type-inline\">The border between Germany and Poland.<\/label>\n\t\t\t<\/div>\n\t\t\t<div class=\"gchoice gchoice_789_4_3\">\n\t\t\t\t\t<input class=\"gfield-choice-input\" name=\"input_4\" type=\"radio\" value=\"gquiz42b5ab95b\" id=\"choice_789_4_3\" onchange=\"gformToggleRadioOther( this )\">\n\t\t\t\t\t<label for=\"choice_789_4_3\" id=\"label_789_4_3\" class=\"gform-field-label gform-field-label--type-inline\">The border between Egypt and Israel.<\/label>\n\t\t\t<\/div><\/div><\/div><\/fieldset><\/div><\/div>\n        <div class=\"gform-page-footer gform_page_footer top_label\"><input type=\"submit\" id=\"gform_previous_button_789\" class=\"gform_previous_button gform-theme-button gform-theme-button--secondary button\" onclick=\"gform.submission.handleButtonClick(this);\" data-submission-type=\"previous\" value=\"Previous\"> <input type=\"submit\" id=\"gform_submit_button_789\" class=\"gform_button button\" onclick=\"gform.submission.handleButtonClick(this);\" data-submission-type=\"submit\" value=\"Send\"> \n            <input type=\"hidden\" class=\"gform_hidden\" name=\"gform_submission_method\" data-js=\"gform_submission_method_789\" value=\"postback\">\n            <input type=\"hidden\" class=\"gform_hidden\" name=\"gform_theme\" data-js=\"gform_theme_789\" id=\"gform_theme_789\" value=\"gravity-theme\">\n            <input type=\"hidden\" class=\"gform_hidden\" name=\"gform_style_settings\" data-js=\"gform_style_settings_789\" id=\"gform_style_settings_789\" value='{\"inputPrimaryColor\":\"#204ce5\"}'>\n            <input type=\"hidden\" class=\"gform_hidden\" name=\"is_submit_789\" value=\"1\">\n            <input type=\"hidden\" class=\"gform_hidden\" name=\"gform_submit\" value=\"789\">\n            \n            <input type=\"hidden\" class=\"gform_hidden\" name=\"gform_currency\" data-currency=\"EUR\" value=\"cX6HymHaoKbM6PxSGzzHpW5h4MTaE5Q3N79cp\/7Ewk25mba1nYxdlcFPMR410HGGy3MYQXZVj5Tjz8TmjNrXwXIjG0Voa1LiYmrTeFleAiUx+yk=\">\n            <input type=\"hidden\" class=\"gform_hidden\" name=\"gform_unique_id\" value=\"\">\n            <input type=\"hidden\" class=\"gform_hidden\" name=\"state_789\" value=\"WyJbXSIsIjVlMjNlOGUzOTg5N2RmMzcwZmE1ODRlNDZjZGJmYjNkIl0=\">\n            <input type=\"hidden\" autocomplete=\"off\" class=\"gform_hidden\" name=\"gform_target_page_number_789\" id=\"gform_target_page_number_789\" value=\"2\">\n            <input type=\"hidden\" autocomplete=\"off\" class=\"gform_hidden\" name=\"gform_source_page_number_789\" id=\"gform_source_page_number_789\" value=\"1\">\n            <input type=\"hidden\" name=\"gform_field_values\" value=\"\">\n            \n        <\/div>\n             <\/div><\/div>\n                        <\/form>\n                        <\/div><script type=\"text\/javascript\">\n\/* <![CDATA[ *\/\n gform.initializeOnLoaded( function() {gformInitSpinner( 789, 'https:\/\/xqthenews.com\/wp-content\/plugins\/gravityforms\/images\/spinner.svg', true );jQuery('#gform_ajax_frame_789').on('load',function(){var contents = jQuery(this).contents().find('*').html();var is_postback = contents.indexOf('GF_AJAX_POSTBACK') >= 0;if(!is_postback){return;}var form_content = jQuery(this).contents().find('#gform_wrapper_789');var is_confirmation = jQuery(this).contents().find('#gform_confirmation_wrapper_789').length > 0;var is_redirect = contents.indexOf('gformRedirect(){') >= 0;var is_form = form_content.length > 0 && ! is_redirect && ! is_confirmation;var mt = parseInt(jQuery('html').css('margin-top'), 10) + parseInt(jQuery('body').css('margin-top'), 10) + 100;if(is_form){jQuery('#gform_wrapper_789').html(form_content.html());if(form_content.hasClass('gform_validation_error')){jQuery('#gform_wrapper_789').addClass('gform_validation_error');} else {jQuery('#gform_wrapper_789').removeClass('gform_validation_error');}setTimeout( function() { \/* delay the scroll by 50 milliseconds to fix a bug in chrome *\/ jQuery(document).scrollTop(jQuery('#gform_wrapper_789').offset().top - mt); }, 50 );if(window['gformInitDatepicker']) {gformInitDatepicker();}if(window['gformInitPriceFields']) {gformInitPriceFields();}var current_page = jQuery('#gform_source_page_number_789').val();gformInitSpinner( 789, 'https:\/\/xqthenews.com\/wp-content\/plugins\/gravityforms\/images\/spinner.svg', true );jQuery(document).trigger('gform_page_loaded', [789, current_page]);window['gf_submitting_789'] = false;}else if(!is_redirect){var confirmation_content = jQuery(this).contents().find('.GF_AJAX_POSTBACK').html();if(!confirmation_content){confirmation_content = contents;}jQuery('#gform_wrapper_789').replaceWith(confirmation_content);jQuery(document).scrollTop(jQuery('#gf_789').offset().top - mt);jQuery(document).trigger('gform_confirmation_loaded', [789]);window['gf_submitting_789'] = false;wp.a11y.speak(jQuery('#gform_confirmation_message_789').text());}else{jQuery('#gform_789').append(contents);if(window['gformRedirect']) {gformRedirect();}}jQuery(document).trigger(\"gform_pre_post_render\", [{ formId: \"789\", currentPage: \"current_page\", abort: function() { this.preventDefault(); } }]);        if (event && event.defaultPrevented) {                return;        }        const gformWrapperDiv = document.getElementById( \"gform_wrapper_789\" );        if ( gformWrapperDiv ) {            const visibilitySpan = document.createElement( \"span\" );            visibilitySpan.id = \"gform_visibility_test_789\";            gformWrapperDiv.insertAdjacentElement( \"afterend\", visibilitySpan );        }        const visibilityTestDiv = document.getElementById( \"gform_visibility_test_789\" );        let postRenderFired = false;        function triggerPostRender() {            if ( postRenderFired ) {                return;            }            postRenderFired = true;            gform.core.triggerPostRenderEvents( 789, current_page );            if ( visibilityTestDiv ) {                visibilityTestDiv.parentNode.removeChild( visibilityTestDiv );            }        }        function debounce( func, wait, immediate ) {            var timeout;            return function() {                var context = this, args = arguments;                var later = function() {                    timeout = null;                    if ( !immediate ) func.apply( context, args );                };                var callNow = immediate && !timeout;                clearTimeout( timeout );                timeout = setTimeout( later, wait );                if ( callNow ) func.apply( context, args );            };        }        const debouncedTriggerPostRender = debounce( function() {            triggerPostRender();        }, 200 );        if ( visibilityTestDiv && visibilityTestDiv.offsetParent === null ) {            const observer = new MutationObserver( ( mutations ) => {                mutations.forEach( ( mutation ) => {                    if ( mutation.type === 'attributes' && visibilityTestDiv.offsetParent !== null ) {                        debouncedTriggerPostRender();                        observer.disconnect();                    }                });            });            observer.observe( document.body, {                attributes: true,                childList: false,                subtree: true,                attributeFilter: [ 'style', 'class' ],            });        } else {            triggerPostRender();        }    } );} ); \n\/* ]]> *\/\n<\/script>\n","protected":false},"excerpt":{"rendered":"<p>&nbsp;In the world of pop culture, comics and graphic novels emerge as powerful educational tools, capable of telling complex stories and conveying profound values. From the origins of Italian comics to contemporary works, these narrative forms not only entertain, but also educate and preserve historical memory, stimulating dialogue on fundamental social and cultural issues. Every<\/p>\n","protected":false},"author":55,"featured_media":25842,"comment_status":"open","ping_status":"open","sticky":false,"template":"","format":"standard","meta":{"_acf_changed":false,"footnotes":""},"categories":[385,481],"tags":[681],"coauthors":[217],"class_list":{"0":"post-25848","1":"post","2":"type-post","3":"status-publish","4":"format-standard","5":"has-post-thumbnail","7":"category-arts-and-literature","8":"category-society-and-culture","9":"tag-comics-education-en"},"acf":[],"yoast_head":"<!-- This site is optimized with the Yoast SEO plugin v27.1.1 - https:\/\/yoast.com\/product\/yoast-seo-wordpress\/ -->\n<title>Comics and graphic novels: between the power of education and the memory of history - xqthenews<\/title>\n<meta name=\"robots\" content=\"index, follow, max-snippet:-1, max-image-preview:large, max-video-preview:-1\" \/>\n<link rel=\"canonical\" href=\"https:\/\/xqthenews.com\/es\/comics-y-novelas-graficas-entre-el-poder-educativo-y-la-memoria-historica\/\" \/>\n<meta property=\"og:locale\" content=\"en_US\" \/>\n<meta property=\"og:type\" content=\"article\" \/>\n<meta property=\"og:title\" content=\"Comics and graphic novels: between the power of education and the memory of history - xqthenews\" \/>\n<meta property=\"og:description\" content=\"&nbsp;In the world of pop culture, comics and graphic novels emerge as powerful educational tools, capable of telling complex stories and conveying profound values. From the origins of Italian comics to contemporary works, these narrative forms not only entertain, but also educate and preserve historical memory, stimulating dialogue on fundamental social and cultural issues. Every\" \/>\n<meta property=\"og:url\" content=\"https:\/\/xqthenews.com\/es\/comics-y-novelas-graficas-entre-el-poder-educativo-y-la-memoria-historica\/\" \/>\n<meta property=\"og:site_name\" content=\"xqthenews\" \/>\n<meta property=\"article:published_time\" content=\"2024-11-13T07:52:56+00:00\" \/>\n<meta property=\"og:image\" content=\"https:\/\/xqthenews.com\/wp-content\/uploads\/2024\/11\/Portada-.jpg\" \/>\n\t<meta property=\"og:image:width\" content=\"642\" \/>\n\t<meta property=\"og:image:height\" content=\"424\" \/>\n\t<meta property=\"og:image:type\" content=\"image\/jpeg\" \/>\n<meta name=\"author\" content=\"Valentina Isernia\" \/>\n<meta name=\"twitter:card\" content=\"summary_large_image\" \/>\n<meta name=\"twitter:label1\" content=\"Written by\" \/>\n\t<meta name=\"twitter:data1\" content=\"Valentina Isernia\" \/>\n\t<meta name=\"twitter:label2\" content=\"Est. reading time\" \/>\n\t<meta name=\"twitter:data2\" content=\"7 minutes\" \/>\n<script type=\"application\/ld+json\" class=\"yoast-schema-graph\">{\"@context\":\"https:\/\/schema.org\",\"@graph\":[{\"@type\":\"Article\",\"@id\":\"https:\/\/xqthenews.com\/es\/comics-y-novelas-graficas-entre-el-poder-educativo-y-la-memoria-historica\/#article\",\"isPartOf\":{\"@id\":\"https:\/\/xqthenews.com\/es\/comics-y-novelas-graficas-entre-el-poder-educativo-y-la-memoria-historica\/\"},\"author\":{\"name\":\"Valentina Isernia\",\"@id\":\"https:\/\/xqthenews.com\/es\/#\/schema\/person\/a4acc80e0ac8a376ae6d9e223a081d5d\"},\"headline\":\"Comics and graphic novels: between the power of education and the memory of history\",\"datePublished\":\"2024-11-13T07:52:56+00:00\",\"mainEntityOfPage\":{\"@id\":\"https:\/\/xqthenews.com\/es\/comics-y-novelas-graficas-entre-el-poder-educativo-y-la-memoria-historica\/\"},\"wordCount\":1403,\"commentCount\":0,\"image\":{\"@id\":\"https:\/\/xqthenews.com\/es\/comics-y-novelas-graficas-entre-el-poder-educativo-y-la-memoria-historica\/#primaryimage\"},\"thumbnailUrl\":\"https:\/\/xqthenews.com\/wp-content\/uploads\/2024\/11\/Portada-.jpg\",\"keywords\":[\"#comics #education\"],\"articleSection\":[\"Arts and Literature\",\"Society and culture\"],\"inLanguage\":\"en-US\",\"potentialAction\":[{\"@type\":\"CommentAction\",\"name\":\"Comment\",\"target\":[\"https:\/\/xqthenews.com\/es\/comics-y-novelas-graficas-entre-el-poder-educativo-y-la-memoria-historica\/#respond\"]}]},{\"@type\":\"WebPage\",\"@id\":\"https:\/\/xqthenews.com\/es\/comics-y-novelas-graficas-entre-el-poder-educativo-y-la-memoria-historica\/\",\"url\":\"https:\/\/xqthenews.com\/es\/comics-y-novelas-graficas-entre-el-poder-educativo-y-la-memoria-historica\/\",\"name\":\"Comics and graphic novels: between the power of education and the memory of history - xqthenews\",\"isPartOf\":{\"@id\":\"https:\/\/xqthenews.com\/es\/#website\"},\"primaryImageOfPage\":{\"@id\":\"https:\/\/xqthenews.com\/es\/comics-y-novelas-graficas-entre-el-poder-educativo-y-la-memoria-historica\/#primaryimage\"},\"image\":{\"@id\":\"https:\/\/xqthenews.com\/es\/comics-y-novelas-graficas-entre-el-poder-educativo-y-la-memoria-historica\/#primaryimage\"},\"thumbnailUrl\":\"https:\/\/xqthenews.com\/wp-content\/uploads\/2024\/11\/Portada-.jpg\",\"datePublished\":\"2024-11-13T07:52:56+00:00\",\"author\":{\"@id\":\"https:\/\/xqthenews.com\/es\/#\/schema\/person\/a4acc80e0ac8a376ae6d9e223a081d5d\"},\"breadcrumb\":{\"@id\":\"https:\/\/xqthenews.com\/es\/comics-y-novelas-graficas-entre-el-poder-educativo-y-la-memoria-historica\/#breadcrumb\"},\"inLanguage\":\"en-US\",\"potentialAction\":[{\"@type\":\"ReadAction\",\"target\":[\"https:\/\/xqthenews.com\/es\/comics-y-novelas-graficas-entre-el-poder-educativo-y-la-memoria-historica\/\"]}]},{\"@type\":\"ImageObject\",\"inLanguage\":\"en-US\",\"@id\":\"https:\/\/xqthenews.com\/es\/comics-y-novelas-graficas-entre-el-poder-educativo-y-la-memoria-historica\/#primaryimage\",\"url\":\"https:\/\/xqthenews.com\/wp-content\/uploads\/2024\/11\/Portada-.jpg\",\"contentUrl\":\"https:\/\/xqthenews.com\/wp-content\/uploads\/2024\/11\/Portada-.jpg\",\"width\":642,\"height\":424,\"caption\":\"Comic and film characters become collectors' items, Lucca Comics &amp; Games 2024 is one of the main showcases where you can buy them or simply admire them | Valentina Isernia\"},{\"@type\":\"BreadcrumbList\",\"@id\":\"https:\/\/xqthenews.com\/es\/comics-y-novelas-graficas-entre-el-poder-educativo-y-la-memoria-historica\/#breadcrumb\",\"itemListElement\":[{\"@type\":\"ListItem\",\"position\":1,\"name\":\"Portada\",\"item\":\"https:\/\/xqthenews.com\/en\/\"},{\"@type\":\"ListItem\",\"position\":2,\"name\":\"Comics and graphic novels: between the power of education and the memory of history\"}]},{\"@type\":\"WebSite\",\"@id\":\"https:\/\/xqthenews.com\/es\/#website\",\"url\":\"https:\/\/xqthenews.com\/es\/\",\"name\":\"xqthenews\",\"description\":\"El porqu\u00e9 de las noticias\",\"potentialAction\":[{\"@type\":\"SearchAction\",\"target\":{\"@type\":\"EntryPoint\",\"urlTemplate\":\"https:\/\/xqthenews.com\/es\/?s={search_term_string}\"},\"query-input\":{\"@type\":\"PropertyValueSpecification\",\"valueRequired\":true,\"valueName\":\"search_term_string\"}}],\"inLanguage\":\"en-US\"},{\"@type\":\"Person\",\"@id\":\"https:\/\/xqthenews.com\/es\/#\/schema\/person\/a4acc80e0ac8a376ae6d9e223a081d5d\",\"name\":\"Valentina Isernia\",\"image\":{\"@type\":\"ImageObject\",\"inLanguage\":\"en-US\",\"@id\":\"https:\/\/xqthenews.com\/es\/#\/schema\/person\/image\/0b33b4124730ea5ac8a5dcb54c77abac\",\"url\":\"https:\/\/xqthenews.com\/wp-content\/uploads\/2024\/09\/valentina-isernia_avatar_1-96x96.jpg\",\"contentUrl\":\"https:\/\/xqthenews.com\/wp-content\/uploads\/2024\/09\/valentina-isernia_avatar_1-96x96.jpg\",\"caption\":\"Valentina Isernia\"},\"description\":\"Valentina Isernia es periodista, gestora de redes sociales y analista de contenidos de radio y televisi\u00f3n. Tras una larga experiencia en la redacci\u00f3n de \\\"Il Tacco d'Italia\\\", se gradu\u00f3 con las m\u00e1ximas calificaciones en la Universidad \\\"La Sapienza\\\" de Roma en el M\u00e1ster de Industria Cultural y Comunicaci\u00f3n Digital con una tesis sobre fantas\u00eda. En 2020 fund\u00f3 la revista semestral Fantasy Era, publicada por IdeaDinamica Scarl.\",\"url\":\"https:\/\/xqthenews.com\/en\/author\/valetinaisernia\/\"}]}<\/script>\n<!-- \/ Yoast SEO plugin. -->","yoast_head_json":{"title":"Comics and graphic novels: between the power of education and the memory of history - xqthenews","robots":{"index":"index","follow":"follow","max-snippet":"max-snippet:-1","max-image-preview":"max-image-preview:large","max-video-preview":"max-video-preview:-1"},"canonical":"https:\/\/xqthenews.com\/es\/comics-y-novelas-graficas-entre-el-poder-educativo-y-la-memoria-historica\/","og_locale":"en_US","og_type":"article","og_title":"Comics and graphic novels: between the power of education and the memory of history - xqthenews","og_description":"&nbsp;In the world of pop culture, comics and graphic novels emerge as powerful educational tools, capable of telling complex stories and conveying profound values. From the origins of Italian comics to contemporary works, these narrative forms not only entertain, but also educate and preserve historical memory, stimulating dialogue on fundamental social and cultural issues. Every","og_url":"https:\/\/xqthenews.com\/es\/comics-y-novelas-graficas-entre-el-poder-educativo-y-la-memoria-historica\/","og_site_name":"xqthenews","article_published_time":"2024-11-13T07:52:56+00:00","og_image":[{"width":642,"height":424,"url":"https:\/\/xqthenews.com\/wp-content\/uploads\/2024\/11\/Portada-.jpg","type":"image\/jpeg"}],"author":"Valentina Isernia","twitter_card":"summary_large_image","twitter_misc":{"Written by":"Valentina Isernia","Est. reading time":"7 minutes"},"schema":{"@context":"https:\/\/schema.org","@graph":[{"@type":"Article","@id":"https:\/\/xqthenews.com\/es\/comics-y-novelas-graficas-entre-el-poder-educativo-y-la-memoria-historica\/#article","isPartOf":{"@id":"https:\/\/xqthenews.com\/es\/comics-y-novelas-graficas-entre-el-poder-educativo-y-la-memoria-historica\/"},"author":{"name":"Valentina Isernia","@id":"https:\/\/xqthenews.com\/es\/#\/schema\/person\/a4acc80e0ac8a376ae6d9e223a081d5d"},"headline":"Comics and graphic novels: between the power of education and the memory of history","datePublished":"2024-11-13T07:52:56+00:00","mainEntityOfPage":{"@id":"https:\/\/xqthenews.com\/es\/comics-y-novelas-graficas-entre-el-poder-educativo-y-la-memoria-historica\/"},"wordCount":1403,"commentCount":0,"image":{"@id":"https:\/\/xqthenews.com\/es\/comics-y-novelas-graficas-entre-el-poder-educativo-y-la-memoria-historica\/#primaryimage"},"thumbnailUrl":"https:\/\/xqthenews.com\/wp-content\/uploads\/2024\/11\/Portada-.jpg","keywords":["#comics #education"],"articleSection":["Arts and Literature","Society and culture"],"inLanguage":"en-US","potentialAction":[{"@type":"CommentAction","name":"Comment","target":["https:\/\/xqthenews.com\/es\/comics-y-novelas-graficas-entre-el-poder-educativo-y-la-memoria-historica\/#respond"]}]},{"@type":"WebPage","@id":"https:\/\/xqthenews.com\/es\/comics-y-novelas-graficas-entre-el-poder-educativo-y-la-memoria-historica\/","url":"https:\/\/xqthenews.com\/es\/comics-y-novelas-graficas-entre-el-poder-educativo-y-la-memoria-historica\/","name":"Comics and graphic novels: between the power of education and the memory of history - xqthenews","isPartOf":{"@id":"https:\/\/xqthenews.com\/es\/#website"},"primaryImageOfPage":{"@id":"https:\/\/xqthenews.com\/es\/comics-y-novelas-graficas-entre-el-poder-educativo-y-la-memoria-historica\/#primaryimage"},"image":{"@id":"https:\/\/xqthenews.com\/es\/comics-y-novelas-graficas-entre-el-poder-educativo-y-la-memoria-historica\/#primaryimage"},"thumbnailUrl":"https:\/\/xqthenews.com\/wp-content\/uploads\/2024\/11\/Portada-.jpg","datePublished":"2024-11-13T07:52:56+00:00","author":{"@id":"https:\/\/xqthenews.com\/es\/#\/schema\/person\/a4acc80e0ac8a376ae6d9e223a081d5d"},"breadcrumb":{"@id":"https:\/\/xqthenews.com\/es\/comics-y-novelas-graficas-entre-el-poder-educativo-y-la-memoria-historica\/#breadcrumb"},"inLanguage":"en-US","potentialAction":[{"@type":"ReadAction","target":["https:\/\/xqthenews.com\/es\/comics-y-novelas-graficas-entre-el-poder-educativo-y-la-memoria-historica\/"]}]},{"@type":"ImageObject","inLanguage":"en-US","@id":"https:\/\/xqthenews.com\/es\/comics-y-novelas-graficas-entre-el-poder-educativo-y-la-memoria-historica\/#primaryimage","url":"https:\/\/xqthenews.com\/wp-content\/uploads\/2024\/11\/Portada-.jpg","contentUrl":"https:\/\/xqthenews.com\/wp-content\/uploads\/2024\/11\/Portada-.jpg","width":642,"height":424,"caption":"Comic and film characters become collectors' items, Lucca Comics &amp; Games 2024 is one of the main showcases where you can buy them or simply admire them | Valentina Isernia"},{"@type":"BreadcrumbList","@id":"https:\/\/xqthenews.com\/es\/comics-y-novelas-graficas-entre-el-poder-educativo-y-la-memoria-historica\/#breadcrumb","itemListElement":[{"@type":"ListItem","position":1,"name":"Portada","item":"https:\/\/xqthenews.com\/en\/"},{"@type":"ListItem","position":2,"name":"Comics and graphic novels: between the power of education and the memory of history"}]},{"@type":"WebSite","@id":"https:\/\/xqthenews.com\/es\/#website","url":"https:\/\/xqthenews.com\/es\/","name":"xqthenews","description":"El porqu\u00e9 de las noticias","potentialAction":[{"@type":"SearchAction","target":{"@type":"EntryPoint","urlTemplate":"https:\/\/xqthenews.com\/es\/?s={search_term_string}"},"query-input":{"@type":"PropertyValueSpecification","valueRequired":true,"valueName":"search_term_string"}}],"inLanguage":"en-US"},{"@type":"Person","@id":"https:\/\/xqthenews.com\/es\/#\/schema\/person\/a4acc80e0ac8a376ae6d9e223a081d5d","name":"Valentina Isernia","image":{"@type":"ImageObject","inLanguage":"en-US","@id":"https:\/\/xqthenews.com\/es\/#\/schema\/person\/image\/0b33b4124730ea5ac8a5dcb54c77abac","url":"https:\/\/xqthenews.com\/wp-content\/uploads\/2024\/09\/valentina-isernia_avatar_1-96x96.jpg","contentUrl":"https:\/\/xqthenews.com\/wp-content\/uploads\/2024\/09\/valentina-isernia_avatar_1-96x96.jpg","caption":"Valentina Isernia"},"description":"Valentina Isernia es periodista, gestora de redes sociales y analista de contenidos de radio y televisi\u00f3n. Tras una larga experiencia en la redacci\u00f3n de \"Il Tacco d'Italia\", se gradu\u00f3 con las m\u00e1ximas calificaciones en la Universidad \"La Sapienza\" de Roma en el M\u00e1ster de Industria Cultural y Comunicaci\u00f3n Digital con una tesis sobre fantas\u00eda. En 2020 fund\u00f3 la revista semestral Fantasy Era, publicada por IdeaDinamica Scarl.","url":"https:\/\/xqthenews.com\/en\/author\/valetinaisernia\/"}]}},"_links":{"self":[{"href":"https:\/\/xqthenews.com\/en\/wp-json\/wp\/v2\/posts\/25848","targetHints":{"allow":["GET"]}}],"collection":[{"href":"https:\/\/xqthenews.com\/en\/wp-json\/wp\/v2\/posts"}],"about":[{"href":"https:\/\/xqthenews.com\/en\/wp-json\/wp\/v2\/types\/post"}],"author":[{"embeddable":true,"href":"https:\/\/xqthenews.com\/en\/wp-json\/wp\/v2\/users\/55"}],"replies":[{"embeddable":true,"href":"https:\/\/xqthenews.com\/en\/wp-json\/wp\/v2\/comments?post=25848"}],"version-history":[{"count":2,"href":"https:\/\/xqthenews.com\/en\/wp-json\/wp\/v2\/posts\/25848\/revisions"}],"predecessor-version":[{"id":25853,"href":"https:\/\/xqthenews.com\/en\/wp-json\/wp\/v2\/posts\/25848\/revisions\/25853"}],"wp:featuredmedia":[{"embeddable":true,"href":"https:\/\/xqthenews.com\/en\/wp-json\/wp\/v2\/media\/25842"}],"wp:attachment":[{"href":"https:\/\/xqthenews.com\/en\/wp-json\/wp\/v2\/media?parent=25848"}],"wp:term":[{"taxonomy":"category","embeddable":true,"href":"https:\/\/xqthenews.com\/en\/wp-json\/wp\/v2\/categories?post=25848"},{"taxonomy":"post_tag","embeddable":true,"href":"https:\/\/xqthenews.com\/en\/wp-json\/wp\/v2\/tags?post=25848"},{"taxonomy":"author","embeddable":true,"href":"https:\/\/xqthenews.com\/en\/wp-json\/wp\/v2\/coauthors?post=25848"}],"curies":[{"name":"wp","href":"https:\/\/api.w.org\/{rel}","templated":true}]}}