{"id":25237,"date":"2024-10-23T05:30:13","date_gmt":"2024-10-23T04:30:13","guid":{"rendered":"https:\/\/xqthenews.com\/?p=25237"},"modified":"2024-10-22T17:27:05","modified_gmt":"2024-10-22T16:27:05","slug":"the-eu-youth-strategy-involving-young-people-in-democratic-life","status":"publish","type":"post","link":"https:\/\/xqthenews.com\/en\/the-eu-youth-strategy-involving-young-people-in-democratic-life\/","title":{"rendered":"The EU Youth Strategy: Involving young people in democratic life"},"content":{"rendered":"<p><strong>The European Union is stepping up its efforts to engage young people in democratic life with its <a class=\"glossaryLink\" aria-describedby=\"tt\" data-cmtooltip=\"&lt;div class=glossaryItemTitle&gt;EU Youth Strategy (2019-2027)&lt;\/div&gt;&lt;div class=glossaryItemBody&gt;&amp;lt;!-- wp:paragraph {&amp;quot;translatedWithWPMLTM&amp;quot;:&amp;quot;1&amp;quot;} --&amp;gt;EU programme defining the main objectives and actions to improve the situation of young people in Europe. It focuses on engaging, connecting, empowering and addressing cross-sectoral challenges, based on the principles of human rights, equality and non-discrimination. &amp;lt;br\/&amp;gt;&amp;lt;!-- \/wp:paragraph --&amp;gt;&amp;lt;!-- wp:paragraph --&amp;gt;&amp;lt;br\/&amp;gt;&amp;lt;!-- \/wp:paragraph --&amp;gt;&lt;\/div&gt;\" href=\"https:\/\/xqthenews.com\/en\/glossary\/eu-youth-strategy-2019-2027\/\" data-gt-translate-attributes='[{\"attribute\":\"data-cmtooltip\", \"format\":\"html\"}]' tabindex=\"0\" role=\"link\">EU Youth Strategy (2019-2027)<\/a>, focusing on engagement, connection and empowerment. The initiative covers objectives such as gender equality, mental health and climate action, with the aim of achieving an inclusive and environmentally responsible future. <\/strong><\/p>\n\n\n\n<p>Since 2002, the European Union has been developing a dedicated youth policy, with the aim of stimulating the participation of young people in the democratic life of Europe and offering equal opportunities to this age group.<\/p>\n\n\n\n<p>This policy is firmly anchored in the<a href=\"https:\/\/eur-lex.europa.eu\/PT\/legal-content\/summary\/treaty-on-the-functioning-of-the-european-union.html\"> Treaty on the Functioning of the European Union (TFEU<\/a>), which provides for the promotion of youth exchanges and the promotion of young people&rsquo;s participation in the democratic life of Europe.<\/p>\n\n\n\n<p>The current framework for EU youth policy is the<a href=\"https:\/\/youth.europa.eu\/strategy_pt\"> EU Youth Strategy (2019-2027)<\/a>. This strategy seeks not only to promote young people&rsquo;s participation, but also to support their social and civic engagement, ensuring that all young people have the resources they need to participate fully in society.<\/p>\n\n\n\n<p>Furthermore, the strategy focuses on three key areas of action: engaging, connecting and empowering. It strives to address cross-cutting issues that affect young people&rsquo;s lives and the challenges they face.<\/p>\n\n\n\n<figure class=\"wp-block-image size-large\"><img decoding=\"async\" width=\"1024\" height=\"683\" src=\"https:\/\/xqthenews.com\/wp-content\/uploads\/2024\/10\/Imagen-1-1-1024x683.jpg\" alt=\"\" class=\"wp-image-25206\" srcset=\"https:\/\/xqthenews.com\/wp-content\/uploads\/2024\/10\/Imagen-1-1-1024x683.jpg 1024w, https:\/\/xqthenews.com\/wp-content\/uploads\/2024\/10\/Imagen-1-1-300x200.jpg 300w, https:\/\/xqthenews.com\/wp-content\/uploads\/2024\/10\/Imagen-1-1-768x512.jpg 768w, https:\/\/xqthenews.com\/wp-content\/uploads\/2024\/10\/Imagen-1-1-1536x1024.jpg 1536w, https:\/\/xqthenews.com\/wp-content\/uploads\/2024\/10\/Imagen-1-1-150x100.jpg 150w, https:\/\/xqthenews.com\/wp-content\/uploads\/2024\/10\/Imagen-1-1-450x300.jpg 450w, https:\/\/xqthenews.com\/wp-content\/uploads\/2024\/10\/Imagen-1-1-1200x800.jpg 1200w, https:\/\/xqthenews.com\/wp-content\/uploads\/2024\/10\/Imagen-1-1.jpg 2048w\" sizes=\"(max-width: 1024px) 100vw, 1024px\"\/><figcaption class=\"wp-element-caption\">Image: <a href=\"https:\/\/www.flickr.com\/photos\/european_parliament\/\">European Parliament <\/a>&ndash; EYE2023 &ndash; CC-BY-4.0: &copy; European Union 2023- Source: EP<\/figcaption><\/figure>\n\n\n\n<p>Another key point is to understand that this strategy is firmly based on international human rights principles. It emphasises a number of guiding principles that should be applied in all youth-related policies and activities. These principles include:<\/p>\n\n\n\n<p><strong>A.<\/strong> <strong>Equality and non-discrimination:<\/strong> The strategy emphasizes combating all forms of discrimination and promoting gender equality, recognizing that young people may face multiple forms of discrimination.<\/p>\n\n\n\n<p><strong>B.<\/strong> <strong>Inclusion:<\/strong> Recognising the diversity among young people, the strategy promotes inclusive policies and activities, especially for those with fewer opportunities or whose voices may be neglected.<\/p>\n\n\n\n<p><strong>C.<\/strong> <strong>Participation:<\/strong> The strategy upholds the right of young people to participate in the development, implementation and evaluation of policies that affect them through meaningful participation.<\/p>\n\n\n\n<p><strong>D.<\/strong> <strong>Global, European, national, regional and local dimension:<\/strong> It recognises the importance of addressing youth issues at different levels and involving young people in solving global problems.<\/p>\n\n\n\n<p><strong>E.<\/strong> <strong>A dual approach:<\/strong> The strategy adopts a dual approach, combining initiatives in the youth sector and the mainstreaming of youth-relevant issues in different policy areas.<\/p>\n\n\n\n<p>These principles ensure that approaches are fair, inclusive, participatory and inclusive, fostering an environment in which all young people can thrive and contribute to society in a meaningful way.<\/p>\n\n\n\n<h2 class=\"wp-block-heading\"><strong>European Youth Goals<\/strong><\/h2>\n\n\n\n<figure class=\"wp-block-image size-large\"><img loading=\"lazy\" decoding=\"async\" width=\"1024\" height=\"683\" src=\"https:\/\/xqthenews.com\/wp-content\/uploads\/2024\/10\/Imegen-2-1024x683.jpg\" alt=\"\" class=\"wp-image-25210\" srcset=\"https:\/\/xqthenews.com\/wp-content\/uploads\/2024\/10\/Imegen-2-1024x683.jpg 1024w, https:\/\/xqthenews.com\/wp-content\/uploads\/2024\/10\/Imegen-2-300x200.jpg 300w, https:\/\/xqthenews.com\/wp-content\/uploads\/2024\/10\/Imegen-2-768x512.jpg 768w, https:\/\/xqthenews.com\/wp-content\/uploads\/2024\/10\/Imegen-2-1536x1024.jpg 1536w, https:\/\/xqthenews.com\/wp-content\/uploads\/2024\/10\/Imegen-2-2048x1365.jpg 2048w, https:\/\/xqthenews.com\/wp-content\/uploads\/2024\/10\/Imegen-2-150x100.jpg 150w, https:\/\/xqthenews.com\/wp-content\/uploads\/2024\/10\/Imegen-2-450x300.jpg 450w, https:\/\/xqthenews.com\/wp-content\/uploads\/2024\/10\/Imegen-2-1200x800.jpg 1200w\" sizes=\"(max-width: 1024px) 100vw, 1024px\"\/><figcaption class=\"wp-element-caption\">Image: <a href=\"https:\/\/www.flickr.com\/photos\/european_parliament\/\">European Parliament<\/a> &ndash; EYE2023 &ndash; CC-BY-4.0: &copy; European Union 2023- Source: EP<\/figcaption><\/figure>\n\n\n\n<p>In addition to the principles guiding the actions, there are also the<a href=\"https:\/\/youth.europa.eu\/strategy\/european-youth-goals_en\"> European Youth Goals<\/a>, which emerged as a result of the sixth cycle of the Structured Dialogue, held under the title &lsquo;Youth in Europe: what next? The aim of this cycle was to give young people a voice and to jointly contribute to the creation of the EU Youth Strategy 2019-2027.<\/p>\n\n\n\n<p>These objectives represent a vision of a Europe that empowers young people to realise their full potential, identifying cross-cutting areas that affect young people&rsquo;s lives and pointing out the challenges that need to be addressed. That is why it is important to know each of them:<\/p>\n\n\n\n<h4 class=\"wp-block-heading\"><strong>1.<\/strong> <strong>Connecting the EU with young people<\/strong><\/h4>\n\n\n\n<p>An increasing percentage of young people have lost confidence in the EU, as they find it difficult to understand its principles, values and functioning. Democratic deficits in EU processes also contribute to increasing scepticism among young people. The aim is therefore to foster young people&rsquo;s sense of belonging to the European project by building a bridge between the EU and young people in order to rebuild trust and increase participation.<\/p>\n\n\n\n<h4 class=\"wp-block-heading\"><strong>2.<\/strong> <strong>Equality for all genders<\/strong><\/h4>\n\n\n\n<p>Gender discrimination continues to affect many young people, especially young women. It is essential to ensure equal opportunities and access to rights for young people of all genders, including <a class=\"glossaryLink\" aria-describedby=\"tt\" data-cmtooltip=\"&lt;div class=glossaryItemTitle&gt;Non-binary&lt;\/div&gt;&lt;div class=glossaryItemBody&gt;&amp;lt;!-- wp:paragraph {&amp;quot;translatedWithWPMLTM&amp;quot;:&amp;quot;1&amp;quot;} --&amp;gt;A term used to refer to people whose gender identity does not fit exclusively into the categories of &amp;#039;male&amp;#039; or &amp;#039;female&amp;#039;.&amp;lt;br\/&amp;gt;&amp;lt;!-- \/wp:paragraph --&amp;gt;&lt;\/div&gt;\" href=\"https:\/\/xqthenews.com\/en\/glossary\/non-binary\/\" data-gt-translate-attributes='[{\"attribute\":\"data-cmtooltip\", \"format\":\"html\"}]' tabindex=\"0\" role=\"link\">non-binary<\/a> and LGBTQIA+ people.<\/p>\n\n\n\n<p>Therefore, the aim here is to ensure equality of all genders and gender-sensitive approaches in all areas of young people&rsquo;s lives.<\/p>\n\n\n\n<h4 class=\"wp-block-heading\"><strong>3.<\/strong> <strong>Inclusive societies<\/strong><\/h4>\n\n\n\n<p>European Union data show that one third of young Europeans are at risk of poverty and <a class=\"glossaryLink\" aria-describedby=\"tt\" data-cmtooltip=\"&lt;div class=glossaryItemTitle&gt;Social exclusion&lt;\/div&gt;&lt;div class=glossaryItemBody&gt;&amp;lt;!-- wp:paragraph {&amp;quot;translatedWithWPMLTM&amp;quot;:&amp;quot;1&amp;quot;} --&amp;gt;Social exclusion is a process that marginalises individuals or groups, denying them full participation in society and access to basic resources.&amp;lt;br\/&amp;gt;&amp;lt;!-- \/wp:paragraph --&amp;gt;&lt;\/div&gt;&lt;div id=&amp;quot;cmtt_related_articles&amp;quot; class=&amp;quot;cmtt_related_articles_wrapper&amp;quot;&gt;&lt;div class=&amp;quot;cmtt_related_title cmtt_related_articles_title&amp;quot;&gt;Related Articles: &lt;\/div&gt;&lt;ul class=&amp;quot;cmtt_related&amp;quot;&gt;&lt;li class=&amp;quot;cmtt_related_item&amp;quot;&gt;&lt;a href=&amp;quot;https:\/\/xqthenews.com\/en\/emigrating-out-of-hiding\/&amp;quot;target=&amp;quot;_blank&amp;quot;&gt;Emigrating out of hiding&lt;\/a&gt;&lt;\/li&gt;&lt;\/ul&gt;&lt;\/div&gt;\" href=\"https:\/\/xqthenews.com\/en\/glossary\/social-exclusion\/\" data-gt-translate-attributes='[{\"attribute\":\"data-cmtooltip\", \"format\":\"html\"}]' tabindex=\"0\" role=\"link\">social exclusion<\/a>. Many face multiple forms of discrimination and prejudice, including hate crimes.<\/p>\n\n\n\n<p>The aim is therefore to enable and ensure the inclusion of all young people in society.<\/p>\n\n\n\n<h4 class=\"wp-block-heading\"><strong>4.<\/strong> <strong>Information and constructive dialogue<\/strong><\/h4>\n\n\n\n<p>Young people find it difficult to verify the accuracy and reliability of information. They need to be better equipped to navigate the media landscape and to engage in constructive dialogue.<\/p>\n\n\n\n<p>The aim here is to ensure that young people have better access to reliable information, to support their ability to critically evaluate information and to engage in participatory and constructive dialogues.<\/p>\n\n\n\n<h4 class=\"wp-block-heading\"><strong>5.<\/strong> <strong>Mental health and well-being<\/strong><\/h4>\n\n\n\n<p>A significant number of young people in Europe express concern about the <a class=\"glossaryLink\" aria-describedby=\"tt\" data-cmtooltip=\"&lt;div class=glossaryItemTitle&gt;Prevalence&lt;\/div&gt;&lt;div class=glossaryItemBody&gt;&amp;lt;!-- wp:paragraph {&amp;quot;translatedWithWPMLTM&amp;quot;:&amp;quot;1&amp;quot;} --&amp;gt;Prevalence refers to the proportion of individuals presenting a specific characteristic in a population at a given time.&amp;lt;br\/&amp;gt;&amp;lt;!-- \/wp:paragraph --&amp;gt;&lt;\/div&gt;&lt;div id=&amp;quot;cmtt_related_articles&amp;quot; class=&amp;quot;cmtt_related_articles_wrapper&amp;quot;&gt;&lt;div class=&amp;quot;cmtt_related_title cmtt_related_articles_title&amp;quot;&gt;Related Articles: &lt;\/div&gt;&lt;ul class=&amp;quot;cmtt_related&amp;quot;&gt;&lt;li class=&amp;quot;cmtt_related_item&amp;quot;&gt;&lt;a href=&amp;quot;https:\/\/xqthenews.com\/en\/maria-calado-eating-disorders-are-starting-earlier-and-theyre-affecting-more-girls\/&amp;quot;target=&amp;quot;_blank&amp;quot;&gt;Mar&iacute;a Calado: &amp;#8220;Eating disorders are starting earlier and they&amp;#8217;re affecting more girls&rdquo;&lt;\/a&gt;&lt;\/li&gt;&lt;\/ul&gt;&lt;\/div&gt;\" href=\"https:\/\/xqthenews.com\/en\/glossary\/prevalence\/\" data-gt-translate-attributes='[{\"attribute\":\"data-cmtooltip\", \"format\":\"html\"}]' tabindex=\"0\" role=\"link\">prevalence<\/a> of mental health problems among their peers. Social and societal pressures contribute to these concerns.<\/p>\n\n\n\n<p>Therefore, the aim is to achieve better <a class=\"glossaryLink\" aria-describedby=\"tt\" data-cmtooltip=\"&lt;div class=glossaryItemTitle&gt;Mental wellbeing&lt;\/div&gt;&lt;div class=glossaryItemBody&gt;&amp;lt;!-- wp:paragraph {&amp;quot;translatedWithWPMLTM&amp;quot;:&amp;quot;1&amp;quot;} --&amp;gt;A state of psychological and emotional equilibrium that allows us to face everyday challenges without undue stress. Excessive use of social networks can have a negative impact on this. &amp;lt;br\/&amp;gt;&amp;lt;!-- \/wp:paragraph --&amp;gt;&lt;\/div&gt;\" href=\"https:\/\/xqthenews.com\/en\/glossary\/mental-wellbeing\/\" data-gt-translate-attributes='[{\"attribute\":\"data-cmtooltip\", \"format\":\"html\"}]' tabindex=\"0\" role=\"link\">mental wellbeing<\/a> and eliminate <a class=\"glossaryLink\" aria-describedby=\"tt\" data-cmtooltip=\"&lt;div class=glossaryItemTitle&gt;Stigma&lt;\/div&gt;&lt;div class=glossaryItemBody&gt;&amp;lt;!-- wp:paragraph {&amp;quot;translatedWithWPMLTM&amp;quot;:&amp;quot;1&amp;quot;} --&amp;gt;Negative social branding or labelling that leads to discrimination against an individual or group because of perceived different characteristics.&amp;lt;br\/&amp;gt;&amp;lt;!-- \/wp:paragraph --&amp;gt;&lt;\/div&gt;&lt;div id=&amp;quot;cmtt_related_articles&amp;quot; class=&amp;quot;cmtt_related_articles_wrapper&amp;quot;&gt;&lt;div class=&amp;quot;cmtt_related_title cmtt_related_articles_title&amp;quot;&gt;Related Articles: &lt;\/div&gt;&lt;ul class=&amp;quot;cmtt_related&amp;quot;&gt;&lt;li class=&amp;quot;cmtt_related_item&amp;quot;&gt;&lt;a href=&amp;quot;https:\/\/xqthenews.com\/en\/emigrating-out-of-hiding\/&amp;quot;target=&amp;quot;_blank&amp;quot;&gt;Emigrating out of hiding&lt;\/a&gt;&lt;\/li&gt;&lt;li class=&amp;quot;cmtt_related_item&amp;quot;&gt;&lt;a href=&amp;quot;https:\/\/xqthenews.com\/it\/in-crescita-i-rapporti-sessuali-a-rischio-tra-adolescenti\/&amp;quot;target=&amp;quot;_blank&amp;quot;&gt;In crescita i rapporti sessuali a rischio tra adolescenti.&lt;\/a&gt;&lt;\/li&gt;&lt;li class=&amp;quot;cmtt_related_item&amp;quot;&gt;&lt;a href=&amp;quot;https:\/\/xqthenews.com\/en\/risky-sex-is-on-rising-among-adolescents\/&amp;quot;target=&amp;quot;_blank&amp;quot;&gt;Risky sex is on rising among adolescents&lt;\/a&gt;&lt;\/li&gt;&lt;\/ul&gt;&lt;\/div&gt;\" href=\"https:\/\/xqthenews.com\/en\/glossary\/stigma\/\" data-gt-translate-attributes='[{\"attribute\":\"data-cmtooltip\", \"format\":\"html\"}]' tabindex=\"0\" role=\"link\">stigma<\/a> in relation to mental health problems, promoting the <a class=\"glossaryLink\" aria-describedby=\"tt\" data-cmtooltip=\"&lt;div class=glossaryItemTitle&gt;Social inclusion&lt;\/div&gt;&lt;div class=glossaryItemBody&gt;&amp;lt;!-- wp:paragraph {&amp;quot;translatedWithWPMLTM&amp;quot;:&amp;quot;1&amp;quot;} --&amp;gt;A process which aims to ensure that all people - regardless of age, gender, disability, race, ethnicity, origin, religion, economic or other status - have equal opportunities to participate in all aspects of social, economic and political life. This term underlines the importance of creating a society in which all young people, regardless of their background, socio-economic status or identity, have equal opportunities and are welcomed and valued.  &amp;lt;br\/&amp;gt;&amp;lt;!-- \/wp:paragraph --&amp;gt;&lt;\/div&gt;\" href=\"https:\/\/xqthenews.com\/en\/glossary\/social-inclusion\/\" data-gt-translate-attributes='[{\"attribute\":\"data-cmtooltip\", \"format\":\"html\"}]' tabindex=\"0\" role=\"link\">social inclusion<\/a> of all young people.<\/p>\n\n\n\n<h4 class=\"wp-block-heading\"><strong>6.<\/strong> <strong>Moving forward with rural youth<\/strong><\/h4>\n\n\n\n<p>Despite the EU&rsquo;s commitment to <a class=\"glossaryLink\" aria-describedby=\"tt\" data-cmtooltip=\"&lt;div class=glossaryItemTitle&gt;Rural&lt;\/div&gt;&lt;div class=glossaryItemBody&gt;&amp;lt;!-- wp:paragraph {&amp;quot;translatedWithWPMLTM&amp;quot;:&amp;quot;1&amp;quot;} --&amp;gt;Rural refers to the countryside. It is a region centred on primary sector activities such as agriculture and livestock farming. Rural areas contain large areas of green space, which may be natural or cultivated. In general, rural areas are sparsely populated with people and buildings.&amp;lt;br\/&amp;gt;&amp;lt;!-- \/wp:paragraph --&amp;gt;&lt;\/div&gt;\" href=\"https:\/\/xqthenews.com\/en\/glossary\/rural-2\/\" data-gt-translate-attributes='[{\"attribute\":\"data-cmtooltip\", \"format\":\"html\"}]' tabindex=\"0\" role=\"link\">rural<\/a> development, differences persist between living in <a class=\"glossaryLink\" aria-describedby=\"tt\" data-cmtooltip=\"&lt;div class=glossaryItemTitle&gt;Urban&lt;\/div&gt;&lt;div class=glossaryItemBody&gt;&amp;lt;!-- wp:paragraph {&amp;quot;translatedWithWPMLTM&amp;quot;:&amp;quot;1&amp;quot;} --&amp;gt;Urban comes from the Latin word &amp;quot;urbanus&amp;quot;, meaning &amp;quot;of the city&amp;quot;. Urban is everything related to city life and the people who live in it. The urban environment has specific characteristics such as: high population density, modern infrastructure (roads, transport, schools, hospitals, etc.), residential, commercial, and industrial areas, leisure and entertainment facilities, cultural offerings, special living habits and the typical hustle and bustle of cities.&amp;lt;br\/&amp;gt;&amp;lt;!-- \/wp:paragraph --&amp;gt;&lt;\/div&gt;&lt;div id=&amp;quot;cmtt_related_articles&amp;quot; class=&amp;quot;cmtt_related_articles_wrapper&amp;quot;&gt;&lt;div class=&amp;quot;cmtt_related_title cmtt_related_articles_title&amp;quot;&gt;Related Articles: &lt;\/div&gt;&lt;ul class=&amp;quot;cmtt_related&amp;quot;&gt;&lt;li class=&amp;quot;cmtt_related_item&amp;quot;&gt;&lt;a href=&amp;quot;https:\/\/xqthenews.com\/en\/environmentaleducation-as-a-paradigm-for-preventing-rural-fires\/&amp;quot;target=&amp;quot;_blank&amp;quot;&gt;Environmentaleducation as a paradigm for preventing rural fires&lt;\/a&gt;&lt;\/li&gt;&lt;li class=&amp;quot;cmtt_related_item&amp;quot;&gt;&lt;a href=&amp;quot;https:\/\/xqthenews.com\/en\/circular-economy-organic-matter-in-the-past-present-and-future\/&amp;quot;target=&amp;quot;_blank&amp;quot;&gt;Circular economy: organic matter in the past, present and future&lt;\/a&gt;&lt;\/li&gt;&lt;li class=&amp;quot;cmtt_related_item&amp;quot;&gt;&lt;a href=&amp;quot;https:\/\/xqthenews.com\/en\/green-axis-of-carrer-consell-de-cent-the-green-project-to-transform-a-barcelona-street-is-now-bearing-fruit-avocados-included\/&amp;quot;target=&amp;quot;_blank&amp;quot;&gt;Green axis of Carrer Consell de Cent: the green project to transform a Barcelona street is now bearing fruit&hellip; avocados included.&lt;\/a&gt;&lt;\/li&gt;&lt;li class=&amp;quot;cmtt_related_item&amp;quot;&gt;&lt;a href=&amp;quot;https:\/\/xqthenews.com\/en\/rethinking-mobility-to-build-fit-for-future-cities\/&amp;quot;target=&amp;quot;_blank&amp;quot;&gt;Rethinking mobility to build fit-for-future cities&lt;\/a&gt;&lt;\/li&gt;&lt;li class=&amp;quot;cmtt_related_item&amp;quot;&gt;&lt;a href=&amp;quot;https:\/\/xqthenews.com\/en\/soft-and-inclusive-mobility-for-truly-environmentally-friendly-cities\/&amp;quot;target=&amp;quot;_blank&amp;quot;&gt;Soft and inclusive mobility for truly environmentally friendly cities&lt;\/a&gt;&lt;\/li&gt;&lt;\/ul&gt;&lt;\/div&gt;\" href=\"https:\/\/xqthenews.com\/en\/glossary\/urban\/\" data-gt-translate-attributes='[{\"attribute\":\"data-cmtooltip\", \"format\":\"html\"}]' tabindex=\"0\" role=\"link\">urban<\/a> and <a class=\"glossaryLink\" aria-describedby=\"tt\" data-cmtooltip=\"&lt;div class=glossaryItemTitle&gt;Rural areas&lt;\/div&gt;&lt;div class=glossaryItemBody&gt;&amp;lt;!-- wp:paragraph {&amp;quot;translatedWithWPMLTM&amp;quot;:&amp;quot;1&amp;quot;} --&amp;gt;Geographical areas located outside large urban centres, characterised by low population density and an economy based mainly on agriculture, livestock and nature-related activities. Compared to cities, rural areas have less infrastructure and services but offer a more natural environment and open spaces. &amp;lt;br\/&amp;gt;&amp;lt;!-- \/wp:paragraph --&amp;gt;&lt;\/div&gt;&lt;div id=&amp;quot;cmtt_related_articles&amp;quot; class=&amp;quot;cmtt_related_articles_wrapper&amp;quot;&gt;&lt;div class=&amp;quot;cmtt_related_title cmtt_related_articles_title&amp;quot;&gt;Related Articles: &lt;\/div&gt;&lt;ul class=&amp;quot;cmtt_related&amp;quot;&gt;&lt;li class=&amp;quot;cmtt_related_item&amp;quot;&gt;&lt;a href=&amp;quot;https:\/\/xqthenews.com\/en\/environmentaleducation-as-a-paradigm-for-preventing-rural-fires\/&amp;quot;target=&amp;quot;_blank&amp;quot;&gt;Environmentaleducation as a paradigm for preventing rural fires&lt;\/a&gt;&lt;\/li&gt;&lt;\/ul&gt;&lt;\/div&gt;\" href=\"https:\/\/xqthenews.com\/en\/glossary\/rural-areas\/\" data-gt-translate-attributes='[{\"attribute\":\"data-cmtooltip\", \"format\":\"html\"}]' tabindex=\"0\" role=\"link\">rural areas<\/a>. This objective therefore aims to create the conditions to enable young people to develop their full potential in <a class=\"glossaryLink\" aria-describedby=\"tt\" data-cmtooltip=\"&lt;div class=glossaryItemTitle&gt;Rural areas&lt;\/div&gt;&lt;div class=glossaryItemBody&gt;&amp;lt;!-- wp:paragraph {&amp;quot;translatedWithWPMLTM&amp;quot;:&amp;quot;1&amp;quot;} --&amp;gt;Geographical areas located outside large urban centres, characterised by low population density and an economy based mainly on agriculture, livestock and nature-related activities. Compared to cities, rural areas have less infrastructure and services but offer a more natural environment and open spaces. &amp;lt;br\/&amp;gt;&amp;lt;!-- \/wp:paragraph --&amp;gt;&lt;\/div&gt;&lt;div id=&amp;quot;cmtt_related_articles&amp;quot; class=&amp;quot;cmtt_related_articles_wrapper&amp;quot;&gt;&lt;div class=&amp;quot;cmtt_related_title cmtt_related_articles_title&amp;quot;&gt;Related Articles: &lt;\/div&gt;&lt;ul class=&amp;quot;cmtt_related&amp;quot;&gt;&lt;li class=&amp;quot;cmtt_related_item&amp;quot;&gt;&lt;a href=&amp;quot;https:\/\/xqthenews.com\/en\/environmentaleducation-as-a-paradigm-for-preventing-rural-fires\/&amp;quot;target=&amp;quot;_blank&amp;quot;&gt;Environmentaleducation as a paradigm for preventing rural fires&lt;\/a&gt;&lt;\/li&gt;&lt;\/ul&gt;&lt;\/div&gt;\" href=\"https:\/\/xqthenews.com\/en\/glossary\/rural-areas\/\" data-gt-translate-attributes='[{\"attribute\":\"data-cmtooltip\", \"format\":\"html\"}]' tabindex=\"0\" role=\"link\">rural areas<\/a>.<\/p>\n\n\n\n<h4 class=\"wp-block-heading\"><strong>7.<\/strong> <strong>Quality employment for all<\/strong><\/h4>\n\n\n\n<p>Young people suffer from high levels of unemployment, precarious working conditions and discrimination in the labour market. Therefore, the objective is to ensure an accessible labour market, with opportunities leading to quality jobs for all young people.<\/p>\n\n\n\n<h4 class=\"wp-block-heading\"><strong>8.<\/strong> <strong>Quality learning<\/strong><\/h4>\n\n\n\n<p>Education remains fundamental for active citizenship, an inclusive society and employability. Therefore, integrating and improving different forms of learning to prepare young people for the challenges of a constantly changing life in the 21st century is an objective for the EU.<\/p>\n\n\n\n<h4 class=\"wp-block-heading\"><strong>9.<\/strong> <strong>Space and participation for all<\/strong><\/h4>\n\n\n\n<p>Young people are under-represented in decision-making processes that affect them. Strengthening the <a class=\"glossaryLink\" aria-describedby=\"tt\" data-cmtooltip=\"&lt;div class=glossaryItemTitle&gt;Democratic participation&lt;\/div&gt;&lt;div class=glossaryItemBody&gt;&amp;lt;!-- wp:paragraph {&amp;quot;translatedWithWPMLTM&amp;quot;:&amp;quot;1&amp;quot;} --&amp;gt;Refers to the active involvement of citizens in political processes and decision-making within a democratic system. It is a key concept in the EU Youth Strategy, which refers to the involvement of young people in political and decision-making processes. &amp;lt;br\/&amp;gt;&amp;lt;!-- \/wp:paragraph --&amp;gt;&lt;\/div&gt;\" href=\"https:\/\/xqthenews.com\/en\/glossary\/democratic-participation\/\" data-gt-translate-attributes='[{\"attribute\":\"data-cmtooltip\", \"format\":\"html\"}]' tabindex=\"0\" role=\"link\">democratic participation<\/a> of young people and providing dedicated spaces for them in all areas of society is the aim of this objective.<\/p>\n\n\n\n<h4 class=\"wp-block-heading\"><strong>10.<\/strong> <strong>A sustainable and green Europe<\/strong><\/h4>\n\n\n\n<p>Society needs to act against <a class=\"glossaryLink\" aria-describedby=\"tt\" data-cmtooltip=\"&lt;div class=glossaryItemTitle&gt;Climate change&lt;\/div&gt;&lt;div class=glossaryItemBody&gt;global climatic alteration produced by natural causes and by the action of man. It affects temperature, rainfall, sea water level and, consequently, also affects animal species and humans.&amp;lt;br\/&amp;gt;&lt;\/div&gt;&lt;div id=&amp;quot;cmtt_related_articles&amp;quot; class=&amp;quot;cmtt_related_articles_wrapper&amp;quot;&gt;&lt;div class=&amp;quot;cmtt_related_title cmtt_related_articles_title&amp;quot;&gt;Related Articles: &lt;\/div&gt;&lt;ul class=&amp;quot;cmtt_related&amp;quot;&gt;&lt;li class=&amp;quot;cmtt_related_item&amp;quot;&gt;&lt;a href=&amp;quot;https:\/\/xqthenews.com\/en\/your-plastic-lunchbox-is-polluting-the-planet-and-your-endocrine-system\/&amp;quot;target=&amp;quot;_blank&amp;quot;&gt;Your plastic lunchbox is polluting the planet and your endocrine system.&lt;\/a&gt;&lt;\/li&gt;&lt;li class=&amp;quot;cmtt_related_item&amp;quot;&gt;&lt;a href=&amp;quot;https:\/\/xqthenews.com\/en\/circular-economy-organic-matter-in-the-past-present-and-future\/&amp;quot;target=&amp;quot;_blank&amp;quot;&gt;Circular economy: organic matter in the past, present and future&lt;\/a&gt;&lt;\/li&gt;&lt;li class=&amp;quot;cmtt_related_item&amp;quot;&gt;&lt;a href=&amp;quot;https:\/\/xqthenews.com\/en\/world-climate-summit-in-dubai-cop-28\/&amp;quot;target=&amp;quot;_blank&amp;quot;&gt;World Climate Summit in Dubai COP 28&lt;\/a&gt;&lt;\/li&gt;&lt;li class=&amp;quot;cmtt_related_item&amp;quot;&gt;&lt;a href=&amp;quot;https:\/\/xqthenews.com\/en\/climate-emergency-and-health-challenges\/&amp;quot;target=&amp;quot;_blank&amp;quot;&gt;Climate emergency and health challenges&lt;\/a&gt;&lt;\/li&gt;&lt;li class=&amp;quot;cmtt_related_item&amp;quot;&gt;&lt;a href=&amp;quot;https:\/\/xqthenews.com\/en\/is-there-still-time-to-save-the-planet\/&amp;quot;target=&amp;quot;_blank&amp;quot;&gt;Is there still time to save the planet?&lt;\/a&gt;&lt;\/li&gt;&lt;\/ul&gt;&lt;\/div&gt;\" href=\"https:\/\/xqthenews.com\/en\/glossary\/climate-change\/\" data-gt-translate-attributes='[{\"attribute\":\"data-cmtooltip\", \"format\":\"html\"}]' tabindex=\"0\" role=\"link\">climate change<\/a> and growing environmental threats. The aim here is to achieve a society in which all young people are environmentally active, educated and able to make a difference in their daily lives.<\/p>\n\n\n\n<h4 class=\"wp-block-heading\"><strong>11.<\/strong> <strong>Youth organisations and European programmes<\/strong><\/h4>\n\n\n\n<p>European youth organisations and programmes involve millions of young people, but often lack funding and recognition.<\/p>\n\n\n\n<p>The ultimate goal is therefore to ensure equal access for all young people to European youth organisations and programmes, building a society based on European values and identity.<\/p>\n\n\n\n<p>It is important to note that the objectives for European Youth are the result of a dialogue with young people and reflect a holistic and comprehensive vision, which aims to connect young people to the European project, promote gender equality, create inclusive societies, provide reliable information, improve mental health and well-being, support <a class=\"glossaryLink\" aria-describedby=\"tt\" data-cmtooltip=\"&lt;div class=glossaryItemTitle&gt;Rural&lt;\/div&gt;&lt;div class=glossaryItemBody&gt;&amp;lt;!-- wp:paragraph {&amp;quot;translatedWithWPMLTM&amp;quot;:&amp;quot;1&amp;quot;} --&amp;gt;Rural refers to the countryside. It is a region centred on primary sector activities such as agriculture and livestock farming. Rural areas contain large areas of green space, which may be natural or cultivated. In general, rural areas are sparsely populated with people and buildings.&amp;lt;br\/&amp;gt;&amp;lt;!-- \/wp:paragraph --&amp;gt;&lt;\/div&gt;\" href=\"https:\/\/xqthenews.com\/en\/glossary\/rural-2\/\" data-gt-translate-attributes='[{\"attribute\":\"data-cmtooltip\", \"format\":\"html\"}]' tabindex=\"0\" role=\"link\">rural<\/a> youth, ensure quality jobs, improve education, foster <a class=\"glossaryLink\" aria-describedby=\"tt\" data-cmtooltip=\"&lt;div class=glossaryItemTitle&gt;Democratic participation&lt;\/div&gt;&lt;div class=glossaryItemBody&gt;&amp;lt;!-- wp:paragraph {&amp;quot;translatedWithWPMLTM&amp;quot;:&amp;quot;1&amp;quot;} --&amp;gt;Refers to the active involvement of citizens in political processes and decision-making within a democratic system. It is a key concept in the EU Youth Strategy, which refers to the involvement of young people in political and decision-making processes. &amp;lt;br\/&amp;gt;&amp;lt;!-- \/wp:paragraph --&amp;gt;&lt;\/div&gt;\" href=\"https:\/\/xqthenews.com\/en\/glossary\/democratic-participation\/\" data-gt-translate-attributes='[{\"attribute\":\"data-cmtooltip\", \"format\":\"html\"}]' tabindex=\"0\" role=\"link\">democratic participation<\/a>, promote environmental responsibility and strengthen European youth organisations and programmes.<\/p>\n\n\n\n<p>&nbsp;In essence, the EU Youth Strategy is not just an action plan, but a statement of values and a promise of a more inclusive, egalitarian and environmentally responsible future for all young people in Europe. By addressing cross-cutting issues and promoting the meaningful participation of young people in all spheres of life, the strategy aims not only to address the immediate needs of young people, but also to empower the next generation of leaders, innovators and active <a class=\"glossaryLink\" aria-describedby=\"tt\" data-cmtooltip=\"&lt;div class=glossaryItemTitle&gt;Citizens&lt;\/div&gt;&lt;div class=glossaryItemBody&gt;&amp;lt;!-- wp:paragraph {&amp;quot;translatedWithWPMLTM&amp;quot;:&amp;quot;1&amp;quot;} --&amp;gt;A concept that encompasses issues of rights and responsibilities, as well as ideas of equality, diversity, and social justice. The concept of citizenship is not limited to the act of voting but encompasses a whole range of actions that each person undertakes that have an impact on the life of the community (local, national, regional, and international) and are inextricably linked to the public sphere in which people can act together.&amp;lt;br\/&amp;gt;&amp;lt;!-- \/wp:paragraph --&amp;gt;&amp;lt;!-- wp:paragraph {&amp;quot;translatedWithWPMLTM&amp;quot;:&amp;quot;1&amp;quot;} --&amp;gt;(Source: CIG &ndash; Comiss&atilde;o para a Cidadania e Igualde de G&eacute;nero)&amp;lt;br\/&amp;gt;&amp;lt;!-- \/wp:paragraph --&amp;gt;&lt;\/div&gt;&lt;div id=&amp;quot;cmtt_related_articles&amp;quot; class=&amp;quot;cmtt_related_articles_wrapper&amp;quot;&gt;&lt;div class=&amp;quot;cmtt_related_title cmtt_related_articles_title&amp;quot;&gt;Related Articles: &lt;\/div&gt;&lt;ul class=&amp;quot;cmtt_related&amp;quot;&gt;&lt;li class=&amp;quot;cmtt_related_item&amp;quot;&gt;&lt;a href=&amp;quot;https:\/\/xqthenews.com\/en\/your-plastic-lunchbox-is-polluting-the-planet-and-your-endocrine-system\/&amp;quot;target=&amp;quot;_blank&amp;quot;&gt;Your plastic lunchbox is polluting the planet and your endocrine system.&lt;\/a&gt;&lt;\/li&gt;&lt;li class=&amp;quot;cmtt_related_item&amp;quot;&gt;&lt;a href=&amp;quot;https:\/\/xqthenews.com\/en\/circular-economy-organic-matter-in-the-past-present-and-future\/&amp;quot;target=&amp;quot;_blank&amp;quot;&gt;Circular economy: organic matter in the past, present and future&lt;\/a&gt;&lt;\/li&gt;&lt;li class=&amp;quot;cmtt_related_item&amp;quot;&gt;&lt;a href=&amp;quot;https:\/\/xqthenews.com\/en\/italian-christmas-traditions-between-the-sacred-and-the-profane\/&amp;quot;target=&amp;quot;_blank&amp;quot;&gt;Italian Christmas traditions, between the sacred and the profane&lt;\/a&gt;&lt;\/li&gt;&lt;li class=&amp;quot;cmtt_related_item&amp;quot;&gt;&lt;a href=&amp;quot;https:\/\/xqthenews.com\/en\/brains-on-the-run-comings-goings-sometimes-returns\/&amp;quot;target=&amp;quot;_blank&amp;quot;&gt;Brains on the run: comings, goings, sometimes returns&lt;\/a&gt;&lt;\/li&gt;&lt;li class=&amp;quot;cmtt_related_item&amp;quot;&gt;&lt;a href=&amp;quot;https:\/\/xqthenews.com\/en\/where-do-business-and-society-stand-on-the-circular-economy\/&amp;quot;target=&amp;quot;_blank&amp;quot;&gt;Where do business and society stand on the circular economy?&lt;\/a&gt;&lt;\/li&gt;&lt;\/ul&gt;&lt;\/div&gt;\" href=\"https:\/\/xqthenews.com\/en\/glossary\/citizenship\/\" data-gt-translate-attributes='[{\"attribute\":\"data-cmtooltip\", \"format\":\"html\"}]' tabindex=\"0\" role=\"link\">citizens<\/a>. This reflects an enduring EU commitment to the well-being and success of young people, which is crucial for Europe&rsquo;s prosperous and environmentally responsible future.<\/p>\n\n\n\n<hr class=\"wp-block-separator has-text-color has-vivid-green-cyan-color has-alpha-channel-opacity has-vivid-green-cyan-background-color has-background is-style-wide\">\n\n\n\n<div style=\"height:100px\" aria-hidden=\"true\" class=\"wp-block-spacer\"><\/div>\n\n\n<script type=\"text\/javascript\">\n\/* <![CDATA[ *\/\nvar gform;gform||(document.addEventListener(\"gform_main_scripts_loaded\",function(){gform.scriptsLoaded=!0}),document.addEventListener(\"gform\/theme\/scripts_loaded\",function(){gform.themeScriptsLoaded=!0}),window.addEventListener(\"DOMContentLoaded\",function(){gform.domLoaded=!0}),gform={domLoaded:!1,scriptsLoaded:!1,themeScriptsLoaded:!1,isFormEditor:()=>\"function\"==typeof InitializeEditor,callIfLoaded:function(o){return!(!gform.domLoaded||!gform.scriptsLoaded||!gform.themeScriptsLoaded&&!gform.isFormEditor()||(gform.isFormEditor()&&console.warn(\"The use of gform.initializeOnLoaded() is deprecated in the form editor context and will be removed in Gravity Forms 3.1.\"),o(),0))},initializeOnLoaded:function(o){gform.callIfLoaded(o)||(document.addEventListener(\"gform_main_scripts_loaded\",()=>{gform.scriptsLoaded=!0,gform.callIfLoaded(o)}),document.addEventListener(\"gform\/theme\/scripts_loaded\",()=>{gform.themeScriptsLoaded=!0,gform.callIfLoaded(o)}),window.addEventListener(\"DOMContentLoaded\",()=>{gform.domLoaded=!0,gform.callIfLoaded(o)}))},hooks:{action:{},filter:{}},addAction:function(o,r,e,t){gform.addHook(\"action\",o,r,e,t)},addFilter:function(o,r,e,t){gform.addHook(\"filter\",o,r,e,t)},doAction:function(o){gform.doHook(\"action\",o,arguments)},applyFilters:function(o){return gform.doHook(\"filter\",o,arguments)},removeAction:function(o,r){gform.removeHook(\"action\",o,r)},removeFilter:function(o,r,e){gform.removeHook(\"filter\",o,r,e)},addHook:function(o,r,e,t,n){null==gform.hooks[o][r]&&(gform.hooks[o][r]=[]);var d=gform.hooks[o][r];null==n&&(n=r+\"_\"+d.length),gform.hooks[o][r].push({tag:n,callable:e,priority:t=null==t?10:t})},doHook:function(r,o,e){var t;if(e=Array.prototype.slice.call(e,1),null!=gform.hooks[r][o]&&((o=gform.hooks[r][o]).sort(function(o,r){return o.priority-r.priority}),o.forEach(function(o){\"function\"!=typeof(t=o.callable)&&(t=window[t]),\"action\"==r?t.apply(null,e):e[0]=t.apply(null,e)})),\"filter\"==r)return e[0]},removeHook:function(o,r,t,n){var e;null!=gform.hooks[o][r]&&(e=(e=gform.hooks[o][r]).filter(function(o,r,e){return!!(null!=n&&n!=o.tag||null!=t&&t!=o.priority)}),gform.hooks[o][r]=e)}});\n\/* ]]> *\/\n<\/script>\n\n                <div class=\"gf_browser_gecko gform_wrapper gravity-theme gform-theme--no-framework quiz_wrapper\" data-form-theme=\"gravity-theme\" data-form-index=\"0\" id=\"gform_wrapper_781\"><div id=\"gf_781\" class=\"gform_anchor\" tabindex=\"-1\"><\/div>\n                        <div class=\"gform_heading\">\n                            <h2 class=\"gform_title\">Reading Comprehension questions. The EU Youth Strategy<\/h2>\n                            <p class=\"gform_description\"><\/p>\n                        <\/div><form method=\"post\" enctype=\"multipart\/form-data\" id=\"gform_781\" class=\"quiz\" action=\"\/en\/wp-json\/wp\/v2\/posts\/25237#gf_781\" data-formid=\"781\" novalidate> \r\n <input type=\"hidden\" class=\"gforms-pum\" value='{\"closepopup\":false,\"closedelay\":0,\"openpopup\":false,\"openpopup_id\":0}'>\n        <div id=\"gf_progressbar_wrapper_781\" class=\"gf_progressbar_wrapper\" data-start-at-zero=\"\">\n        \t<p class=\"gf_progressbar_title\">Step <span class=\"gf_step_current_page\">1<\/span> of <span class=\"gf_step_page_count\">4<\/span><span class=\"gf_step_page_name\"><\/span>\n        \t<\/p>\n            <div class=\"gf_progressbar gf_progressbar_blue\" aria-hidden=\"true\">\n                <div class=\"gf_progressbar_percentage percentbar_blue percentbar_25\" style=\"width:25%;\"><span>25%<\/span><\/div>\n            <\/div><\/div>\n                        <div class=\"gform-body gform_body\"><div id=\"gform_page_781_1\" class=\"gform_page \" data-js=\"page-field-id-0\">\n\t\t\t\t\t<div class=\"gform_page_fields\"><div id=\"gform_fields_781\" class=\"gform_fields top_label form_sublabel_below description_below validation_below\"><fieldset id=\"field_781_1\" class=\"gfield gfield--type-quiz gfield--type-choice gfield--input-type-radio field_sublabel_below gfield--no-description field_description_below field_validation_below gfield_visibility_visible gquiz-field \" data-field-class=\"gquiz-field\"><legend class=\"gfield_label gform-field-label\">Which of the following is NOT one of the principles emphasised in the EU Youth Strategy?<\/legend><div class=\"ginput_container ginput_container_radio\"><div class=\"gfield_radio\" id=\"input_781_1\">\n\t\t\t<div class=\"gchoice gchoice_781_1_0\">\n\t\t\t\t\t<input class=\"gfield-choice-input\" name=\"input_1\" type=\"radio\" value=\"gquiz1b2b27084\" id=\"choice_781_1_0\" onchange=\"gformToggleRadioOther( this )\">\n\t\t\t\t\t<label for=\"choice_781_1_0\" id=\"label_781_1_0\" class=\"gform-field-label gform-field-label--type-inline\">Equality and non-discrimination.<\/label>\n\t\t\t<\/div>\n\t\t\t<div class=\"gchoice gchoice_781_1_1\">\n\t\t\t\t\t<input class=\"gfield-choice-input\" name=\"input_1\" type=\"radio\" value=\"gquiz12c53da11\" id=\"choice_781_1_1\" onchange=\"gformToggleRadioOther( this )\">\n\t\t\t\t\t<label for=\"choice_781_1_1\" id=\"label_781_1_1\" class=\"gform-field-label gform-field-label--type-inline\">Inclusion.<\/label>\n\t\t\t<\/div>\n\t\t\t<div class=\"gchoice gchoice_781_1_2\">\n\t\t\t\t\t<input class=\"gfield-choice-input\" name=\"input_1\" type=\"radio\" value=\"gquiz1b672525f5d\" id=\"choice_781_1_2\" onchange=\"gformToggleRadioOther( this )\">\n\t\t\t\t\t<label for=\"choice_781_1_2\" id=\"label_781_1_2\" class=\"gform-field-label gform-field-label--type-inline\"><a class=\"glossaryLink\" aria-describedby=\"tt\" data-cmtooltip=\"&lt;div class=glossaryItemTitle&gt;Democratic participation&lt;\/div&gt;&lt;div class=glossaryItemBody&gt;&amp;lt;!-- wp:paragraph {&amp;quot;translatedWithWPMLTM&amp;quot;:&amp;quot;1&amp;quot;} --&amp;gt;Refers to the active involvement of citizens in political processes and decision-making within a democratic system. It is a key concept in the EU Youth Strategy, which refers to the involvement of young people in political and decision-making processes. &amp;lt;br\/&amp;gt;&amp;lt;!-- \/wp:paragraph --&amp;gt;&lt;\/div&gt;\" href=\"https:\/\/xqthenews.com\/en\/glossary\/democratic-participation\/\" data-gt-translate-attributes='[{\"attribute\":\"data-cmtooltip\", \"format\":\"html\"}]' tabindex=\"0\" role=\"link\">Democratic Participation<\/a>.<\/label>\n\t\t\t<\/div>\n\t\t\t<div class=\"gchoice gchoice_781_1_3\">\n\t\t\t\t\t<input class=\"gfield-choice-input\" name=\"input_1\" type=\"radio\" value=\"gquiz1d82d8673\" id=\"choice_781_1_3\" onchange=\"gformToggleRadioOther( this )\">\n\t\t\t\t\t<label for=\"choice_781_1_3\" id=\"label_781_1_3\" class=\"gform-field-label gform-field-label--type-inline\">Centralisation of power.<\/label>\n\t\t\t<\/div><\/div><\/div><\/fieldset><\/div>\n                    <\/div>\n                    <div class=\"gform-page-footer gform_page_footer top_label\">\n                         <input type=\"button\" id=\"gform_next_button_781_5\" class=\"gform_next_button gform-theme-button button\" onclick=\"gform.submission.handleButtonClick(this);\" data-submission-type=\"next\" value=\"Next \"> \n                    <\/div>\n                <\/div>\n                <div id=\"gform_page_781_2\" class=\"gform_page\" data-js=\"page-field-id-5\" style=\"display:none;\">\n                    <div class=\"gform_page_fields\">\n                        <div id=\"gform_fields_781_2\" class=\"gform_fields top_label form_sublabel_below description_below validation_below\"><fieldset id=\"field_781_3\" class=\"gfield gfield--type-quiz gfield--type-choice gfield--input-type-radio gfield--width-full field_sublabel_below gfield--no-description field_description_below field_validation_below gfield_visibility_visible gquiz-field \" data-field-class=\"gquiz-field\"><legend class=\"gfield_label gform-field-label\">What is the aim of &lsquo;Youth organisations and European programmes&rsquo; in the EU Youth Strategy?<\/legend><div class=\"ginput_container ginput_container_radio\"><div class=\"gfield_radio\" id=\"input_781_3\">\n\t\t\t<div class=\"gchoice gchoice_781_3_0\">\n\t\t\t\t\t<input class=\"gfield-choice-input\" name=\"input_3\" type=\"radio\" value=\"gquiz3394e91f2\" id=\"choice_781_3_0\" onchange=\"gformToggleRadioOther( this )\">\n\t\t\t\t\t<label for=\"choice_781_3_0\" id=\"label_781_3_0\" class=\"gform-field-label gform-field-label--type-inline\">To ensure that all young people are members of a youth organisation.<\/label>\n\t\t\t<\/div>\n\t\t\t<div class=\"gchoice gchoice_781_3_1\">\n\t\t\t\t\t<input class=\"gfield-choice-input\" name=\"input_3\" type=\"radio\" value=\"gquiz3b5aa3d2d\" id=\"choice_781_3_1\" onchange=\"gformToggleRadioOther( this )\">\n\t\t\t\t\t<label for=\"choice_781_3_1\" id=\"label_781_3_1\" class=\"gform-field-label gform-field-label--type-inline\">To offer free travel to young people across Europe.<\/label>\n\t\t\t<\/div>\n\t\t\t<div class=\"gchoice gchoice_781_3_2\">\n\t\t\t\t\t<input class=\"gfield-choice-input\" name=\"input_3\" type=\"radio\" value=\"gquiz3d1b23a18\" id=\"choice_781_3_2\" onchange=\"gformToggleRadioOther( this )\">\n\t\t\t\t\t<label for=\"choice_781_3_2\" id=\"label_781_3_2\" class=\"gform-field-label gform-field-label--type-inline\">Promote equal access to youth organisations and European programmes.<\/label>\n\t\t\t<\/div>\n\t\t\t<div class=\"gchoice gchoice_781_3_3\">\n\t\t\t\t\t<input class=\"gfield-choice-input\" name=\"input_3\" type=\"radio\" value=\"gquiz3b3f42ef9\" id=\"choice_781_3_3\" onchange=\"gformToggleRadioOther( this )\">\n\t\t\t\t\t<label for=\"choice_781_3_3\" id=\"label_781_3_3\" class=\"gform-field-label gform-field-label--type-inline\">Create new youth organisations in each EU country.<\/label>\n\t\t\t<\/div><\/div><\/div><\/fieldset><\/div>\n                    <\/div>\n                    <div class=\"gform-page-footer gform_page_footer top_label\">\n                        <input type=\"button\" id=\"gform_previous_button_781_6\" class=\"gform_previous_button gform-theme-button gform-theme-button--secondary button\" onclick=\"gform.submission.handleButtonClick(this);\" data-submission-type=\"previous\" value=\"Previous\"> <input type=\"button\" id=\"gform_next_button_781_6\" class=\"gform_next_button gform-theme-button button\" onclick=\"gform.submission.handleButtonClick(this);\" data-submission-type=\"next\" value=\"Next \"> \n                    <\/div>\n                <\/div>\n                <div id=\"gform_page_781_3\" class=\"gform_page\" data-js=\"page-field-id-6\" style=\"display:none;\">\n                    <div class=\"gform_page_fields\">\n                        <div id=\"gform_fields_781_3\" class=\"gform_fields top_label form_sublabel_below description_below validation_below\"><fieldset id=\"field_781_4\" class=\"gfield gfield--type-quiz gfield--type-choice gfield--input-type-radio gfield--width-full field_sublabel_below gfield--no-description field_description_below field_validation_below gfield_visibility_visible gquiz-field \" data-field-class=\"gquiz-field\"><legend class=\"gfield_label gform-field-label\">What is the aim of the &lsquo;Space and participation for all&rsquo; objective of the EU Youth Strategy?<\/legend><div class=\"ginput_container ginput_container_radio\"><div class=\"gfield_radio\" id=\"input_781_4\">\n\t\t\t<div class=\"gchoice gchoice_781_4_0\">\n\t\t\t\t\t<input class=\"gfield-choice-input\" name=\"input_4\" type=\"radio\" value=\"gquiz46a62d494\" id=\"choice_781_4_0\" onchange=\"gformToggleRadioOther( this )\">\n\t\t\t\t\t<label for=\"choice_781_4_0\" id=\"label_781_4_0\" class=\"gform-field-label gform-field-label--type-inline\">To create leisure spaces for young people.<\/label>\n\t\t\t<\/div>\n\t\t\t<div class=\"gchoice gchoice_781_4_1\">\n\t\t\t\t\t<input class=\"gfield-choice-input\" name=\"input_4\" type=\"radio\" value=\"gquiz488c89c8f\" id=\"choice_781_4_1\" onchange=\"gformToggleRadioOther( this )\">\n\t\t\t\t\t<label for=\"choice_781_4_1\" id=\"label_781_4_1\" class=\"gform-field-label gform-field-label--type-inline\">To promote <a class=\"glossaryLink\" aria-describedby=\"tt\" data-cmtooltip=\"&lt;div class=glossaryItemTitle&gt;Democratic participation&lt;\/div&gt;&lt;div class=glossaryItemBody&gt;&amp;lt;!-- wp:paragraph {&amp;quot;translatedWithWPMLTM&amp;quot;:&amp;quot;1&amp;quot;} --&amp;gt;Refers to the active involvement of citizens in political processes and decision-making within a democratic system. It is a key concept in the EU Youth Strategy, which refers to the involvement of young people in political and decision-making processes. &amp;lt;br\/&amp;gt;&amp;lt;!-- \/wp:paragraph --&amp;gt;&lt;\/div&gt;\" href=\"https:\/\/xqthenews.com\/en\/glossary\/democratic-participation\/\" data-gt-translate-attributes='[{\"attribute\":\"data-cmtooltip\", \"format\":\"html\"}]' tabindex=\"0\" role=\"link\">democratic participation<\/a> of young people.<\/label>\n\t\t\t<\/div>\n\t\t\t<div class=\"gchoice gchoice_781_4_2\">\n\t\t\t\t\t<input class=\"gfield-choice-input\" name=\"input_4\" type=\"radio\" value=\"gquiz4054f68d8\" id=\"choice_781_4_2\" onchange=\"gformToggleRadioOther( this )\">\n\t\t\t\t\t<label for=\"choice_781_4_2\" id=\"label_781_4_2\" class=\"gform-field-label gform-field-label--type-inline\">Increasing the number of young people in political office.<\/label>\n\t\t\t<\/div>\n\t\t\t<div class=\"gchoice gchoice_781_4_3\">\n\t\t\t\t\t<input class=\"gfield-choice-input\" name=\"input_4\" type=\"radio\" value=\"gquiz49790354f\" id=\"choice_781_4_3\" onchange=\"gformToggleRadioOther( this )\">\n\t\t\t\t\t<label for=\"choice_781_4_3\" id=\"label_781_4_3\" class=\"gform-field-label gform-field-label--type-inline\">Offering political training courses for young people.<\/label>\n\t\t\t<\/div><\/div><\/div><\/fieldset><\/div>\n                    <\/div>\n                    <div class=\"gform-page-footer gform_page_footer top_label\">\n                        <input type=\"button\" id=\"gform_previous_button_781_8\" class=\"gform_previous_button gform-theme-button gform-theme-button--secondary button\" onclick=\"gform.submission.handleButtonClick(this);\" data-submission-type=\"previous\" value=\"Previous\"> <input type=\"button\" id=\"gform_next_button_781_8\" class=\"gform_next_button gform-theme-button button\" onclick=\"gform.submission.handleButtonClick(this);\" data-submission-type=\"next\" value=\"Next \"> \n                    <\/div>\n                <\/div>\n                <div id=\"gform_page_781_4\" class=\"gform_page\" data-js=\"page-field-id-8\" style=\"display:none;\">\n                    <div class=\"gform_page_fields\">\n                        <div id=\"gform_fields_781_4\" class=\"gform_fields top_label form_sublabel_below description_below validation_below\"><fieldset id=\"field_781_7\" class=\"gfield gfield--type-quiz gfield--type-choice gfield--input-type-radio gfield--width-full field_sublabel_below gfield--no-description field_description_below field_validation_below gfield_visibility_visible gquiz-field \" data-field-class=\"gquiz-field\"><legend class=\"gfield_label gform-field-label\">What are the three key areas of focus of the EU Youth Strategy?<\/legend><div class=\"ginput_container ginput_container_radio\"><div class=\"gfield_radio\" id=\"input_781_7\">\n\t\t\t<div class=\"gchoice gchoice_781_7_0\">\n\t\t\t\t\t<input class=\"gfield-choice-input\" name=\"input_7\" type=\"radio\" value=\"gquiz46a62d494\" id=\"choice_781_7_0\" onchange=\"gformToggleRadioOther( this )\">\n\t\t\t\t\t<label for=\"choice_781_7_0\" id=\"label_781_7_0\" class=\"gform-field-label gform-field-label--type-inline\">Education, Employment and Health.<\/label>\n\t\t\t<\/div>\n\t\t\t<div class=\"gchoice gchoice_781_7_1\">\n\t\t\t\t\t<input class=\"gfield-choice-input\" name=\"input_7\" type=\"radio\" value=\"gquiz488c89c8f\" id=\"choice_781_7_1\" onchange=\"gformToggleRadioOther( this )\">\n\t\t\t\t\t<label for=\"choice_781_7_1\" id=\"label_781_7_1\" class=\"gform-field-label gform-field-label--type-inline\">Technology, Innovation and Culture.<\/label>\n\t\t\t<\/div>\n\t\t\t<div class=\"gchoice gchoice_781_7_2\">\n\t\t\t\t\t<input class=\"gfield-choice-input\" name=\"input_7\" type=\"radio\" value=\"gquiz4054f68d8\" id=\"choice_781_7_2\" onchange=\"gformToggleRadioOther( this )\">\n\t\t\t\t\t<label for=\"choice_781_7_2\" id=\"label_781_7_2\" class=\"gform-field-label gform-field-label--type-inline\">Participation, Connection and Empowerment.<\/label>\n\t\t\t<\/div>\n\t\t\t<div class=\"gchoice gchoice_781_7_3\">\n\t\t\t\t\t<input class=\"gfield-choice-input\" name=\"input_7\" type=\"radio\" value=\"gquiz7635f38b2\" id=\"choice_781_7_3\" onchange=\"gformToggleRadioOther( this )\">\n\t\t\t\t\t<label for=\"choice_781_7_3\" id=\"label_781_7_3\" class=\"gform-field-label gform-field-label--type-inline\">Environment, Diversity and Human Rights.<\/label>\n\t\t\t<\/div><\/div><\/div><\/fieldset><\/div><\/div>\n        <div class=\"gform-page-footer gform_page_footer top_label\"><input type=\"submit\" id=\"gform_previous_button_781\" class=\"gform_previous_button gform-theme-button gform-theme-button--secondary button\" onclick=\"gform.submission.handleButtonClick(this);\" data-submission-type=\"previous\" value=\"Previous\"> <input type=\"submit\" id=\"gform_submit_button_781\" class=\"gform_button button\" onclick=\"gform.submission.handleButtonClick(this);\" data-submission-type=\"submit\" value=\"Send\"> \n            <input type=\"hidden\" class=\"gform_hidden\" name=\"gform_submission_method\" data-js=\"gform_submission_method_781\" value=\"postback\">\n            <input type=\"hidden\" class=\"gform_hidden\" name=\"gform_theme\" data-js=\"gform_theme_781\" id=\"gform_theme_781\" value=\"gravity-theme\">\n            <input type=\"hidden\" class=\"gform_hidden\" name=\"gform_style_settings\" data-js=\"gform_style_settings_781\" id=\"gform_style_settings_781\" value='{\"inputPrimaryColor\":\"#204ce5\"}'>\n            <input type=\"hidden\" class=\"gform_hidden\" name=\"is_submit_781\" value=\"1\">\n            <input type=\"hidden\" class=\"gform_hidden\" name=\"gform_submit\" value=\"781\">\n            \n            <input type=\"hidden\" class=\"gform_hidden\" name=\"gform_currency\" data-currency=\"EUR\" value=\"5mY8rrU69JTShoUHRpD5h+VYtERqzTnODJVcxfa2t6Loe\/W\/oTN4MX3YGdOYCqbsvU814FYffd8IWl5wcA3AHJ\/Eb3XYEwYeNPF5+qSQELhWw+o=\">\n            <input type=\"hidden\" class=\"gform_hidden\" name=\"gform_unique_id\" value=\"\">\n            <input type=\"hidden\" class=\"gform_hidden\" name=\"state_781\" value=\"WyJbXSIsIjVlMjNlOGUzOTg5N2RmMzcwZmE1ODRlNDZjZGJmYjNkIl0=\">\n            <input type=\"hidden\" autocomplete=\"off\" class=\"gform_hidden\" name=\"gform_target_page_number_781\" id=\"gform_target_page_number_781\" value=\"2\">\n            <input type=\"hidden\" autocomplete=\"off\" class=\"gform_hidden\" name=\"gform_source_page_number_781\" id=\"gform_source_page_number_781\" value=\"1\">\n            <input type=\"hidden\" name=\"gform_field_values\" value=\"\">\n            \n        <\/div>\n             <\/div><\/div>\n                        <\/form>\n                        <\/div><script type=\"text\/javascript\">\n\/* <![CDATA[ *\/\n gform.initializeOnLoaded( function() {gformInitSpinner( 781, 'https:\/\/xqthenews.com\/wp-content\/plugins\/gravityforms\/images\/spinner.svg', true );jQuery('#gform_ajax_frame_781').on('load',function(){var contents = jQuery(this).contents().find('*').html();var is_postback = contents.indexOf('GF_AJAX_POSTBACK') >= 0;if(!is_postback){return;}var form_content = jQuery(this).contents().find('#gform_wrapper_781');var is_confirmation = jQuery(this).contents().find('#gform_confirmation_wrapper_781').length > 0;var is_redirect = contents.indexOf('gformRedirect(){') >= 0;var is_form = form_content.length > 0 && ! is_redirect && ! is_confirmation;var mt = parseInt(jQuery('html').css('margin-top'), 10) + parseInt(jQuery('body').css('margin-top'), 10) + 100;if(is_form){jQuery('#gform_wrapper_781').html(form_content.html());if(form_content.hasClass('gform_validation_error')){jQuery('#gform_wrapper_781').addClass('gform_validation_error');} else {jQuery('#gform_wrapper_781').removeClass('gform_validation_error');}setTimeout( function() { \/* delay the scroll by 50 milliseconds to fix a bug in chrome *\/ jQuery(document).scrollTop(jQuery('#gform_wrapper_781').offset().top - mt); }, 50 );if(window['gformInitDatepicker']) {gformInitDatepicker();}if(window['gformInitPriceFields']) {gformInitPriceFields();}var current_page = jQuery('#gform_source_page_number_781').val();gformInitSpinner( 781, 'https:\/\/xqthenews.com\/wp-content\/plugins\/gravityforms\/images\/spinner.svg', true );jQuery(document).trigger('gform_page_loaded', [781, current_page]);window['gf_submitting_781'] = false;}else if(!is_redirect){var confirmation_content = jQuery(this).contents().find('.GF_AJAX_POSTBACK').html();if(!confirmation_content){confirmation_content = contents;}jQuery('#gform_wrapper_781').replaceWith(confirmation_content);jQuery(document).scrollTop(jQuery('#gf_781').offset().top - mt);jQuery(document).trigger('gform_confirmation_loaded', [781]);window['gf_submitting_781'] = false;wp.a11y.speak(jQuery('#gform_confirmation_message_781').text());}else{jQuery('#gform_781').append(contents);if(window['gformRedirect']) {gformRedirect();}}jQuery(document).trigger(\"gform_pre_post_render\", [{ formId: \"781\", currentPage: \"current_page\", abort: function() { this.preventDefault(); } }]);        if (event && event.defaultPrevented) {                return;        }        const gformWrapperDiv = document.getElementById( \"gform_wrapper_781\" );        if ( gformWrapperDiv ) {            const visibilitySpan = document.createElement( \"span\" );            visibilitySpan.id = \"gform_visibility_test_781\";            gformWrapperDiv.insertAdjacentElement( \"afterend\", visibilitySpan );        }        const visibilityTestDiv = document.getElementById( \"gform_visibility_test_781\" );        let postRenderFired = false;        function triggerPostRender() {            if ( postRenderFired ) {                return;            }            postRenderFired = true;            gform.core.triggerPostRenderEvents( 781, current_page );            if ( visibilityTestDiv ) {                visibilityTestDiv.parentNode.removeChild( visibilityTestDiv );            }        }        function debounce( func, wait, immediate ) {            var timeout;            return function() {                var context = this, args = arguments;                var later = function() {                    timeout = null;                    if ( !immediate ) func.apply( context, args );                };                var callNow = immediate && !timeout;                clearTimeout( timeout );                timeout = setTimeout( later, wait );                if ( callNow ) func.apply( context, args );            };        }        const debouncedTriggerPostRender = debounce( function() {            triggerPostRender();        }, 200 );        if ( visibilityTestDiv && visibilityTestDiv.offsetParent === null ) {            const observer = new MutationObserver( ( mutations ) => {                mutations.forEach( ( mutation ) => {                    if ( mutation.type === 'attributes' && visibilityTestDiv.offsetParent !== null ) {                        debouncedTriggerPostRender();                        observer.disconnect();                    }                });            });            observer.observe( document.body, {                attributes: true,                childList: false,                subtree: true,                attributeFilter: [ 'style', 'class' ],            });        } else {            triggerPostRender();        }    } );} ); \n\/* ]]> *\/\n<\/script>\n","protected":false},"excerpt":{"rendered":"<p>The European Union is stepping up its efforts to engage young people in democratic life with its <a class=\"glossaryLink\" aria-describedby=\"tt\" data-cmtooltip=\"&lt;div class=glossaryItemTitle&gt;EU Youth Strategy (2019-2027)&lt;\/div&gt;&lt;div class=glossaryItemBody&gt;&amp;lt;!-- wp:paragraph {&amp;quot;translatedWithWPMLTM&amp;quot;:&amp;quot;1&amp;quot;} --&amp;gt;EU programme defining the main objectives and actions to improve the situation of young people in Europe. It focuses on engaging, connecting, empowering and addressing cross-sectoral challenges, based on the principles of human rights, equality and non-discrimination. &amp;lt;br\/&amp;gt;&amp;lt;!-- \/wp:paragraph --&amp;gt;&amp;lt;!-- wp:paragraph --&amp;gt;&amp;lt;br\/&amp;gt;&amp;lt;!-- \/wp:paragraph --&amp;gt;&lt;\/div&gt;\" href=\"https:\/\/xqthenews.com\/en\/glossary\/eu-youth-strategy-2019-2027\/\" data-gt-translate-attributes='[{\"attribute\":\"data-cmtooltip\", \"format\":\"html\"}]' tabindex=\"0\" role=\"link\">EU Youth Strategy (2019-2027)<\/a>, focusing on engagement, connection and empowerment. The initiative covers objectives such as gender equality, mental health and climate action, with the aim of achieving an inclusive and environmentally responsible future. Since 2002, the European<\/p>\n","protected":false},"author":54,"featured_media":25215,"comment_status":"open","ping_status":"open","sticky":false,"template":"","format":"standard","meta":{"_acf_changed":false,"footnotes":""},"categories":[403,330],"tags":[630],"coauthors":[216],"class_list":{"0":"post-25237","1":"post","2":"type-post","3":"status-publish","4":"format-standard","5":"has-post-thumbnail","7":"category-democracy","8":"category-politics-en","9":"tag-youth-en"},"acf":[],"yoast_head":"<!-- This site is optimized with the Yoast SEO plugin v27.4 - https:\/\/yoast.com\/product\/yoast-seo-wordpress\/ -->\n<title>The EU Youth Strategy: Involving young people in democratic life - xqthenews<\/title>\n<meta name=\"robots\" content=\"index, follow, max-snippet:-1, max-image-preview:large, max-video-preview:-1\" \/>\n<link rel=\"canonical\" href=\"https:\/\/xqthenews.com\/es\/?p=25205\" \/>\n<meta property=\"og:locale\" content=\"en_US\" \/>\n<meta property=\"og:type\" content=\"article\" \/>\n<meta property=\"og:title\" content=\"The EU Youth Strategy: Involving young people in democratic life - xqthenews\" \/>\n<meta property=\"og:description\" content=\"The European Union is stepping up its efforts to engage young people in democratic life with its EU Youth Strategy (2019-2027), focusing on engagement, connection and empowerment. The initiative covers objectives such as gender equality, mental health and climate action, with the aim of achieving an inclusive and environmentally responsible future. Since 2002, the European\" \/>\n<meta property=\"og:url\" content=\"https:\/\/xqthenews.com\/es\/?p=25205\" \/>\n<meta property=\"og:site_name\" content=\"xqthenews\" \/>\n<meta property=\"article:published_time\" content=\"2024-10-23T04:30:13+00:00\" \/>\n<meta property=\"og:image\" content=\"https:\/\/xqthenews.com\/wp-content\/uploads\/2024\/10\/Portada-8-scaled.jpg\" \/>\n\t<meta property=\"og:image:width\" content=\"2560\" \/>\n\t<meta property=\"og:image:height\" content=\"1707\" \/>\n\t<meta property=\"og:image:type\" content=\"image\/jpeg\" \/>\n<meta name=\"author\" content=\"Daniele Savietto\" \/>\n<meta name=\"twitter:card\" content=\"summary_large_image\" \/>\n<meta name=\"twitter:label1\" content=\"Written by\" \/>\n\t<meta name=\"twitter:data1\" content=\"Daniele Savietto\" \/>\n\t<meta name=\"twitter:label2\" content=\"Est. reading time\" \/>\n\t<meta name=\"twitter:data2\" content=\"7 minutes\" \/>\n<script type=\"application\/ld+json\" class=\"yoast-schema-graph\">{\"@context\":\"https:\\\/\\\/schema.org\",\"@graph\":[{\"@type\":\"Article\",\"@id\":\"https:\\\/\\\/xqthenews.com\\\/es\\\/?p=25205#article\",\"isPartOf\":{\"@id\":\"https:\\\/\\\/xqthenews.com\\\/es\\\/?p=25205\"},\"author\":{\"name\":\"Daniele Savietto\",\"@id\":\"https:\\\/\\\/xqthenews.com\\\/es\\\/#\\\/schema\\\/person\\\/74e894b0955677cd08272e92940fad40\"},\"headline\":\"The EU Youth Strategy: Involving young people in democratic life\",\"datePublished\":\"2024-10-23T04:30:13+00:00\",\"mainEntityOfPage\":{\"@id\":\"https:\\\/\\\/xqthenews.com\\\/es\\\/?p=25205\"},\"wordCount\":1286,\"commentCount\":0,\"image\":{\"@id\":\"https:\\\/\\\/xqthenews.com\\\/es\\\/?p=25205#primaryimage\"},\"thumbnailUrl\":\"https:\\\/\\\/xqthenews.com\\\/wp-content\\\/uploads\\\/2024\\\/10\\\/Portada-8-scaled.jpg\",\"keywords\":[\"Youth\"],\"articleSection\":[\"Democracy\",\"Pol\u00edtics\"],\"inLanguage\":\"en-US\",\"potentialAction\":[{\"@type\":\"CommentAction\",\"name\":\"Comment\",\"target\":[\"https:\\\/\\\/xqthenews.com\\\/es\\\/?p=25205#respond\"]}]},{\"@type\":\"WebPage\",\"@id\":\"https:\\\/\\\/xqthenews.com\\\/es\\\/?p=25205\",\"url\":\"https:\\\/\\\/xqthenews.com\\\/es\\\/?p=25205\",\"name\":\"The EU Youth Strategy: Involving young people in democratic life - xqthenews\",\"isPartOf\":{\"@id\":\"https:\\\/\\\/xqthenews.com\\\/es\\\/#website\"},\"primaryImageOfPage\":{\"@id\":\"https:\\\/\\\/xqthenews.com\\\/es\\\/?p=25205#primaryimage\"},\"image\":{\"@id\":\"https:\\\/\\\/xqthenews.com\\\/es\\\/?p=25205#primaryimage\"},\"thumbnailUrl\":\"https:\\\/\\\/xqthenews.com\\\/wp-content\\\/uploads\\\/2024\\\/10\\\/Portada-8-scaled.jpg\",\"datePublished\":\"2024-10-23T04:30:13+00:00\",\"author\":{\"@id\":\"https:\\\/\\\/xqthenews.com\\\/es\\\/#\\\/schema\\\/person\\\/74e894b0955677cd08272e92940fad40\"},\"breadcrumb\":{\"@id\":\"https:\\\/\\\/xqthenews.com\\\/es\\\/?p=25205#breadcrumb\"},\"inLanguage\":\"en-US\",\"potentialAction\":[{\"@type\":\"ReadAction\",\"target\":[\"https:\\\/\\\/xqthenews.com\\\/es\\\/?p=25205\"]}]},{\"@type\":\"ImageObject\",\"inLanguage\":\"en-US\",\"@id\":\"https:\\\/\\\/xqthenews.com\\\/es\\\/?p=25205#primaryimage\",\"url\":\"https:\\\/\\\/xqthenews.com\\\/wp-content\\\/uploads\\\/2024\\\/10\\\/Portada-8-scaled.jpg\",\"contentUrl\":\"https:\\\/\\\/xqthenews.com\\\/wp-content\\\/uploads\\\/2024\\\/10\\\/Portada-8-scaled.jpg\",\"width\":2560,\"height\":1707,\"caption\":\"Image: European Parliament - EYE2023 - CC-BY-4.0: \u00a9 European Union 2023- Source: EP\"},{\"@type\":\"BreadcrumbList\",\"@id\":\"https:\\\/\\\/xqthenews.com\\\/es\\\/?p=25205#breadcrumb\",\"itemListElement\":[{\"@type\":\"ListItem\",\"position\":1,\"name\":\"Portada\",\"item\":\"https:\\\/\\\/xqthenews.com\\\/en\\\/\"},{\"@type\":\"ListItem\",\"position\":2,\"name\":\"The EU Youth Strategy: Involving young people in democratic life\"}]},{\"@type\":\"WebSite\",\"@id\":\"https:\\\/\\\/xqthenews.com\\\/es\\\/#website\",\"url\":\"https:\\\/\\\/xqthenews.com\\\/es\\\/\",\"name\":\"xqthenews\",\"description\":\"El porqu\u00e9 de las noticias\",\"potentialAction\":[{\"@type\":\"SearchAction\",\"target\":{\"@type\":\"EntryPoint\",\"urlTemplate\":\"https:\\\/\\\/xqthenews.com\\\/es\\\/?s={search_term_string}\"},\"query-input\":{\"@type\":\"PropertyValueSpecification\",\"valueRequired\":true,\"valueName\":\"search_term_string\"}}],\"inLanguage\":\"en-US\"},{\"@type\":\"Person\",\"@id\":\"https:\\\/\\\/xqthenews.com\\\/es\\\/#\\\/schema\\\/person\\\/74e894b0955677cd08272e92940fad40\",\"name\":\"Daniele Savietto\",\"image\":{\"@type\":\"ImageObject\",\"inLanguage\":\"en-US\",\"@id\":\"https:\\\/\\\/xqthenews.com\\\/wp-content\\\/uploads\\\/2024\\\/09\\\/daniele-savietto_avatar_1-96x96.jpeg047589b35b85c64ecb9f1f0b01c9d27e\",\"url\":\"https:\\\/\\\/xqthenews.com\\\/wp-content\\\/uploads\\\/2024\\\/09\\\/daniele-savietto_avatar_1-96x96.jpeg\",\"contentUrl\":\"https:\\\/\\\/xqthenews.com\\\/wp-content\\\/uploads\\\/2024\\\/09\\\/daniele-savietto_avatar_1-96x96.jpeg\",\"caption\":\"Daniele Savietto\"},\"description\":\"Es licenciada en Periodismo por la Universidad de Coimbra y doctoranda en Educaci\u00f3n, donde investiga los sistemas de desinformaci\u00f3n y la alfabetizaci\u00f3n medi\u00e1tica. En los \u00faltimos 10 a\u00f1os se ha dedicado a cubrir las conferencias de la ONU sobre el clima (COP) y a producir contenidos sobre derechos humanos, compromiso juvenil y cambio clim\u00e1tico.\",\"url\":\"https:\\\/\\\/xqthenews.com\\\/en\\\/author\\\/danielesavietto\\\/\"}]}<\/script>\n<!-- \/ Yoast SEO plugin. -->","yoast_head_json":{"title":"The EU Youth Strategy: Involving young people in democratic life - xqthenews","robots":{"index":"index","follow":"follow","max-snippet":"max-snippet:-1","max-image-preview":"max-image-preview:large","max-video-preview":"max-video-preview:-1"},"canonical":"https:\/\/xqthenews.com\/es\/?p=25205","og_locale":"en_US","og_type":"article","og_title":"The EU Youth Strategy: Involving young people in democratic life - xqthenews","og_description":"The European Union is stepping up its efforts to engage young people in democratic life with its EU Youth Strategy (2019-2027), focusing on engagement, connection and empowerment. The initiative covers objectives such as gender equality, mental health and climate action, with the aim of achieving an inclusive and environmentally responsible future. Since 2002, the European","og_url":"https:\/\/xqthenews.com\/es\/?p=25205","og_site_name":"xqthenews","article_published_time":"2024-10-23T04:30:13+00:00","og_image":[{"width":2560,"height":1707,"url":"https:\/\/xqthenews.com\/wp-content\/uploads\/2024\/10\/Portada-8-scaled.jpg","type":"image\/jpeg"}],"author":"Daniele Savietto","twitter_card":"summary_large_image","twitter_misc":{"Written by":"Daniele Savietto","Est. reading time":"7 minutes"},"schema":{"@context":"https:\/\/schema.org","@graph":[{"@type":"Article","@id":"https:\/\/xqthenews.com\/es\/?p=25205#article","isPartOf":{"@id":"https:\/\/xqthenews.com\/es\/?p=25205"},"author":{"name":"Daniele Savietto","@id":"https:\/\/xqthenews.com\/es\/#\/schema\/person\/74e894b0955677cd08272e92940fad40"},"headline":"The EU Youth Strategy: Involving young people in democratic life","datePublished":"2024-10-23T04:30:13+00:00","mainEntityOfPage":{"@id":"https:\/\/xqthenews.com\/es\/?p=25205"},"wordCount":1286,"commentCount":0,"image":{"@id":"https:\/\/xqthenews.com\/es\/?p=25205#primaryimage"},"thumbnailUrl":"https:\/\/xqthenews.com\/wp-content\/uploads\/2024\/10\/Portada-8-scaled.jpg","keywords":["Youth"],"articleSection":["Democracy","Pol\u00edtics"],"inLanguage":"en-US","potentialAction":[{"@type":"CommentAction","name":"Comment","target":["https:\/\/xqthenews.com\/es\/?p=25205#respond"]}]},{"@type":"WebPage","@id":"https:\/\/xqthenews.com\/es\/?p=25205","url":"https:\/\/xqthenews.com\/es\/?p=25205","name":"The EU Youth Strategy: Involving young people in democratic life - xqthenews","isPartOf":{"@id":"https:\/\/xqthenews.com\/es\/#website"},"primaryImageOfPage":{"@id":"https:\/\/xqthenews.com\/es\/?p=25205#primaryimage"},"image":{"@id":"https:\/\/xqthenews.com\/es\/?p=25205#primaryimage"},"thumbnailUrl":"https:\/\/xqthenews.com\/wp-content\/uploads\/2024\/10\/Portada-8-scaled.jpg","datePublished":"2024-10-23T04:30:13+00:00","author":{"@id":"https:\/\/xqthenews.com\/es\/#\/schema\/person\/74e894b0955677cd08272e92940fad40"},"breadcrumb":{"@id":"https:\/\/xqthenews.com\/es\/?p=25205#breadcrumb"},"inLanguage":"en-US","potentialAction":[{"@type":"ReadAction","target":["https:\/\/xqthenews.com\/es\/?p=25205"]}]},{"@type":"ImageObject","inLanguage":"en-US","@id":"https:\/\/xqthenews.com\/es\/?p=25205#primaryimage","url":"https:\/\/xqthenews.com\/wp-content\/uploads\/2024\/10\/Portada-8-scaled.jpg","contentUrl":"https:\/\/xqthenews.com\/wp-content\/uploads\/2024\/10\/Portada-8-scaled.jpg","width":2560,"height":1707,"caption":"Image: European Parliament - EYE2023 - CC-BY-4.0: \u00a9 European Union 2023- Source: EP"},{"@type":"BreadcrumbList","@id":"https:\/\/xqthenews.com\/es\/?p=25205#breadcrumb","itemListElement":[{"@type":"ListItem","position":1,"name":"Portada","item":"https:\/\/xqthenews.com\/en\/"},{"@type":"ListItem","position":2,"name":"The EU Youth Strategy: Involving young people in democratic life"}]},{"@type":"WebSite","@id":"https:\/\/xqthenews.com\/es\/#website","url":"https:\/\/xqthenews.com\/es\/","name":"xqthenews","description":"El porqu\u00e9 de las noticias","potentialAction":[{"@type":"SearchAction","target":{"@type":"EntryPoint","urlTemplate":"https:\/\/xqthenews.com\/es\/?s={search_term_string}"},"query-input":{"@type":"PropertyValueSpecification","valueRequired":true,"valueName":"search_term_string"}}],"inLanguage":"en-US"},{"@type":"Person","@id":"https:\/\/xqthenews.com\/es\/#\/schema\/person\/74e894b0955677cd08272e92940fad40","name":"Daniele Savietto","image":{"@type":"ImageObject","inLanguage":"en-US","@id":"https:\/\/xqthenews.com\/wp-content\/uploads\/2024\/09\/daniele-savietto_avatar_1-96x96.jpeg047589b35b85c64ecb9f1f0b01c9d27e","url":"https:\/\/xqthenews.com\/wp-content\/uploads\/2024\/09\/daniele-savietto_avatar_1-96x96.jpeg","contentUrl":"https:\/\/xqthenews.com\/wp-content\/uploads\/2024\/09\/daniele-savietto_avatar_1-96x96.jpeg","caption":"Daniele Savietto"},"description":"Es licenciada en Periodismo por la Universidad de Coimbra y doctoranda en Educaci\u00f3n, donde investiga los sistemas de desinformaci\u00f3n y la alfabetizaci\u00f3n medi\u00e1tica. En los \u00faltimos 10 a\u00f1os se ha dedicado a cubrir las conferencias de la ONU sobre el clima (COP) y a producir contenidos sobre derechos humanos, compromiso juvenil y cambio clim\u00e1tico.","url":"https:\/\/xqthenews.com\/en\/author\/danielesavietto\/"}]}},"_links":{"self":[{"href":"https:\/\/xqthenews.com\/en\/wp-json\/wp\/v2\/posts\/25237","targetHints":{"allow":["GET"]}}],"collection":[{"href":"https:\/\/xqthenews.com\/en\/wp-json\/wp\/v2\/posts"}],"about":[{"href":"https:\/\/xqthenews.com\/en\/wp-json\/wp\/v2\/types\/post"}],"author":[{"embeddable":true,"href":"https:\/\/xqthenews.com\/en\/wp-json\/wp\/v2\/users\/54"}],"replies":[{"embeddable":true,"href":"https:\/\/xqthenews.com\/en\/wp-json\/wp\/v2\/comments?post=25237"}],"version-history":[{"count":3,"href":"https:\/\/xqthenews.com\/en\/wp-json\/wp\/v2\/posts\/25237\/revisions"}],"predecessor-version":[{"id":25248,"href":"https:\/\/xqthenews.com\/en\/wp-json\/wp\/v2\/posts\/25237\/revisions\/25248"}],"wp:featuredmedia":[{"embeddable":true,"href":"https:\/\/xqthenews.com\/en\/wp-json\/wp\/v2\/media\/25215"}],"wp:attachment":[{"href":"https:\/\/xqthenews.com\/en\/wp-json\/wp\/v2\/media?parent=25237"}],"wp:term":[{"taxonomy":"category","embeddable":true,"href":"https:\/\/xqthenews.com\/en\/wp-json\/wp\/v2\/categories?post=25237"},{"taxonomy":"post_tag","embeddable":true,"href":"https:\/\/xqthenews.com\/en\/wp-json\/wp\/v2\/tags?post=25237"},{"taxonomy":"author","embeddable":true,"href":"https:\/\/xqthenews.com\/en\/wp-json\/wp\/v2\/coauthors?post=25237"}],"curies":[{"name":"wp","href":"https:\/\/api.w.org\/{rel}","templated":true}]}}