{"id":24405,"date":"2024-10-02T08:18:28","date_gmt":"2024-10-02T07:18:28","guid":{"rendered":"https:\/\/xqthenews.com\/?p=24405"},"modified":"2024-10-02T12:10:53","modified_gmt":"2024-10-02T11:10:53","slug":"soft-and-inclusive-mobility-for-truly-environmentally-friendly-cities","status":"publish","type":"post","link":"https:\/\/xqthenews.com\/en\/soft-and-inclusive-mobility-for-truly-environmentally-friendly-cities\/","title":{"rendered":"Soft and inclusive mobility for truly environmentally friendly cities"},"content":{"rendered":"<p><strong><em>The growing global need for transport makes it urgent to find solutions capable of ensuring environmentally friendly, cleaner, safer and more efficient <a class=\"glossaryLink\" aria-describedby=\"tt\" data-cmtooltip=\"&lt;div class=glossaryItemTitle&gt;Mobility&lt;\/div&gt;&lt;div class=glossaryItemBody&gt;&amp;lt;!-- wp:paragraph {&amp;quot;translatedWithWPMLTM&amp;quot;:&amp;quot;1&amp;quot;} --&amp;gt;Individual capacity to travel according to people&amp;#039;s needs and interest in travelling. The means of transport available and the accessibility offered by the transport system influence mobility, as do people&amp;#039;s individual characteristics and family environment. &amp;lt;br\/&amp;gt;&amp;lt;!-- \/wp:paragraph --&amp;gt;&amp;lt;!-- wp:paragraph {&amp;quot;translatedWithWPMLTM&amp;quot;:&amp;quot;1&amp;quot;} --&amp;gt;&amp;lt;em&amp;gt;(Source: &amp;lt;\/em&amp;gt;&amp;lt;em&amp;gt;Gloss&aacute;rio do Pacote da Mobilidade - IMT - Instituto da Mobilidade e dos Transportes)&amp;lt;\/em&amp;gt;&amp;lt;br\/&amp;gt;&amp;lt;!-- \/wp:paragraph --&amp;gt;&lt;\/div&gt;&lt;div class=&amp;quot;cmtt_related_articles_wrapper&amp;quot;&gt;&lt;div class=&amp;quot;cmtt_related_title cmtt_related_articles_title&amp;quot;&gt;Related Articles: &lt;\/div&gt;&lt;ul class=&amp;quot;cmtt_related&amp;quot;&gt;&lt;li class=&amp;quot;cmtt_related_item&amp;quot;&gt;&lt;a href=&amp;quot;https:\/\/xqthenews.com\/en\/is-there-still-time-to-save-the-planet\/&amp;quot;target=&amp;quot;_blank&amp;quot;&gt;Is there still time to save the planet?&lt;\/a&gt;&lt;\/li&gt;&lt;li class=&amp;quot;cmtt_related_item&amp;quot;&gt;&lt;a href=&amp;quot;https:\/\/xqthenews.com\/en\/rethinking-mobility-to-build-fit-for-future-cities\/&amp;quot;target=&amp;quot;_blank&amp;quot;&gt;Rethinking mobility to build fit-for-future cities&lt;\/a&gt;&lt;\/li&gt;&lt;li class=&amp;quot;cmtt_related_item&amp;quot;&gt;&lt;a href=&amp;quot;https:\/\/xqthenews.com\/en\/soft-and-inclusive-mobility-for-truly-environmentally-friendly-cities\/&amp;quot;target=&amp;quot;_blank&amp;quot;&gt;Soft and inclusive mobility for truly environmentally friendly cities&lt;\/a&gt;&lt;\/li&gt;&lt;li class=&amp;quot;cmtt_related_item&amp;quot;&gt;&lt;a href=&amp;quot;https:\/\/xqthenews.com\/en\/is-the-carbon-footprint-still-important-in-the-fight-against-the-climate-crisis\/&amp;quot;target=&amp;quot;_blank&amp;quot;&gt;Is the carbon footprint still important in the fight against the climate crisis?&lt;\/a&gt;&lt;\/li&gt;&lt;li class=&amp;quot;cmtt_related_item&amp;quot;&gt;&lt;a href=&amp;quot;https:\/\/xqthenews.com\/en\/gender-equality-and-boosting-climate-action\/&amp;quot;target=&amp;quot;_blank&amp;quot;&gt;Gender equality and boosting climate action&lt;\/a&gt;&lt;\/li&gt;&lt;\/ul&gt;&lt;\/div&gt;\" href=\"https:\/\/xqthenews.com\/en\/glossary\/mobility\/\" data-gt-translate-attributes='[{\"attribute\":\"data-cmtooltip\", \"format\":\"html\"}]' tabindex=\"0\" role=\"link\">mobility<\/a> for all.<\/em><\/strong><\/p>\n\n\n\n<p>The concept of soft <a class=\"glossaryLink\" aria-describedby=\"tt\" data-cmtooltip=\"&lt;div class=glossaryItemTitle&gt;Mobility&lt;\/div&gt;&lt;div class=glossaryItemBody&gt;&amp;lt;!-- wp:paragraph {&amp;quot;translatedWithWPMLTM&amp;quot;:&amp;quot;1&amp;quot;} --&amp;gt;Individual capacity to travel according to people&amp;#039;s needs and interest in travelling. The means of transport available and the accessibility offered by the transport system influence mobility, as do people&amp;#039;s individual characteristics and family environment. &amp;lt;br\/&amp;gt;&amp;lt;!-- \/wp:paragraph --&amp;gt;&amp;lt;!-- wp:paragraph {&amp;quot;translatedWithWPMLTM&amp;quot;:&amp;quot;1&amp;quot;} --&amp;gt;&amp;lt;em&amp;gt;(Source: &amp;lt;\/em&amp;gt;&amp;lt;em&amp;gt;Gloss&aacute;rio do Pacote da Mobilidade - IMT - Instituto da Mobilidade e dos Transportes)&amp;lt;\/em&amp;gt;&amp;lt;br\/&amp;gt;&amp;lt;!-- \/wp:paragraph --&amp;gt;&lt;\/div&gt;&lt;div class=&amp;quot;cmtt_related_articles_wrapper&amp;quot;&gt;&lt;div class=&amp;quot;cmtt_related_title cmtt_related_articles_title&amp;quot;&gt;Related Articles: &lt;\/div&gt;&lt;ul class=&amp;quot;cmtt_related&amp;quot;&gt;&lt;li class=&amp;quot;cmtt_related_item&amp;quot;&gt;&lt;a href=&amp;quot;https:\/\/xqthenews.com\/en\/is-there-still-time-to-save-the-planet\/&amp;quot;target=&amp;quot;_blank&amp;quot;&gt;Is there still time to save the planet?&lt;\/a&gt;&lt;\/li&gt;&lt;li class=&amp;quot;cmtt_related_item&amp;quot;&gt;&lt;a href=&amp;quot;https:\/\/xqthenews.com\/en\/rethinking-mobility-to-build-fit-for-future-cities\/&amp;quot;target=&amp;quot;_blank&amp;quot;&gt;Rethinking mobility to build fit-for-future cities&lt;\/a&gt;&lt;\/li&gt;&lt;li class=&amp;quot;cmtt_related_item&amp;quot;&gt;&lt;a href=&amp;quot;https:\/\/xqthenews.com\/en\/soft-and-inclusive-mobility-for-truly-environmentally-friendly-cities\/&amp;quot;target=&amp;quot;_blank&amp;quot;&gt;Soft and inclusive mobility for truly environmentally friendly cities&lt;\/a&gt;&lt;\/li&gt;&lt;li class=&amp;quot;cmtt_related_item&amp;quot;&gt;&lt;a href=&amp;quot;https:\/\/xqthenews.com\/en\/is-the-carbon-footprint-still-important-in-the-fight-against-the-climate-crisis\/&amp;quot;target=&amp;quot;_blank&amp;quot;&gt;Is the carbon footprint still important in the fight against the climate crisis?&lt;\/a&gt;&lt;\/li&gt;&lt;li class=&amp;quot;cmtt_related_item&amp;quot;&gt;&lt;a href=&amp;quot;https:\/\/xqthenews.com\/en\/gender-equality-and-boosting-climate-action\/&amp;quot;target=&amp;quot;_blank&amp;quot;&gt;Gender equality and boosting climate action&lt;\/a&gt;&lt;\/li&gt;&lt;\/ul&gt;&lt;\/div&gt;\" href=\"https:\/\/xqthenews.com\/en\/glossary\/mobility\/\" data-gt-translate-attributes='[{\"attribute\":\"data-cmtooltip\", \"format\":\"html\"}]' tabindex=\"0\" role=\"link\">mobility<\/a>, also known as environmentally responsible <a class=\"glossaryLink\" aria-describedby=\"tt\" data-cmtooltip=\"&lt;div class=glossaryItemTitle&gt;Mobility&lt;\/div&gt;&lt;div class=glossaryItemBody&gt;&amp;lt;!-- wp:paragraph {&amp;quot;translatedWithWPMLTM&amp;quot;:&amp;quot;1&amp;quot;} --&amp;gt;Individual capacity to travel according to people&amp;#039;s needs and interest in travelling. The means of transport available and the accessibility offered by the transport system influence mobility, as do people&amp;#039;s individual characteristics and family environment. &amp;lt;br\/&amp;gt;&amp;lt;!-- \/wp:paragraph --&amp;gt;&amp;lt;!-- wp:paragraph {&amp;quot;translatedWithWPMLTM&amp;quot;:&amp;quot;1&amp;quot;} --&amp;gt;&amp;lt;em&amp;gt;(Source: &amp;lt;\/em&amp;gt;&amp;lt;em&amp;gt;Gloss&aacute;rio do Pacote da Mobilidade - IMT - Instituto da Mobilidade e dos Transportes)&amp;lt;\/em&amp;gt;&amp;lt;br\/&amp;gt;&amp;lt;!-- \/wp:paragraph --&amp;gt;&lt;\/div&gt;&lt;div class=&amp;quot;cmtt_related_articles_wrapper&amp;quot;&gt;&lt;div class=&amp;quot;cmtt_related_title cmtt_related_articles_title&amp;quot;&gt;Related Articles: &lt;\/div&gt;&lt;ul class=&amp;quot;cmtt_related&amp;quot;&gt;&lt;li class=&amp;quot;cmtt_related_item&amp;quot;&gt;&lt;a href=&amp;quot;https:\/\/xqthenews.com\/en\/is-there-still-time-to-save-the-planet\/&amp;quot;target=&amp;quot;_blank&amp;quot;&gt;Is there still time to save the planet?&lt;\/a&gt;&lt;\/li&gt;&lt;li class=&amp;quot;cmtt_related_item&amp;quot;&gt;&lt;a href=&amp;quot;https:\/\/xqthenews.com\/en\/rethinking-mobility-to-build-fit-for-future-cities\/&amp;quot;target=&amp;quot;_blank&amp;quot;&gt;Rethinking mobility to build fit-for-future cities&lt;\/a&gt;&lt;\/li&gt;&lt;li class=&amp;quot;cmtt_related_item&amp;quot;&gt;&lt;a href=&amp;quot;https:\/\/xqthenews.com\/en\/soft-and-inclusive-mobility-for-truly-environmentally-friendly-cities\/&amp;quot;target=&amp;quot;_blank&amp;quot;&gt;Soft and inclusive mobility for truly environmentally friendly cities&lt;\/a&gt;&lt;\/li&gt;&lt;li class=&amp;quot;cmtt_related_item&amp;quot;&gt;&lt;a href=&amp;quot;https:\/\/xqthenews.com\/en\/is-the-carbon-footprint-still-important-in-the-fight-against-the-climate-crisis\/&amp;quot;target=&amp;quot;_blank&amp;quot;&gt;Is the carbon footprint still important in the fight against the climate crisis?&lt;\/a&gt;&lt;\/li&gt;&lt;li class=&amp;quot;cmtt_related_item&amp;quot;&gt;&lt;a href=&amp;quot;https:\/\/xqthenews.com\/en\/gender-equality-and-boosting-climate-action\/&amp;quot;target=&amp;quot;_blank&amp;quot;&gt;Gender equality and boosting climate action&lt;\/a&gt;&lt;\/li&gt;&lt;\/ul&gt;&lt;\/div&gt;\" href=\"https:\/\/xqthenews.com\/en\/glossary\/mobility\/\" data-gt-translate-attributes='[{\"attribute\":\"data-cmtooltip\", \"format\":\"html\"}]' tabindex=\"0\" role=\"link\">mobility<\/a> or non-motorised <a class=\"glossaryLink\" aria-describedby=\"tt\" data-cmtooltip=\"&lt;div class=glossaryItemTitle&gt;Mobility&lt;\/div&gt;&lt;div class=glossaryItemBody&gt;&amp;lt;!-- wp:paragraph {&amp;quot;translatedWithWPMLTM&amp;quot;:&amp;quot;1&amp;quot;} --&amp;gt;Individual capacity to travel according to people&amp;#039;s needs and interest in travelling. The means of transport available and the accessibility offered by the transport system influence mobility, as do people&amp;#039;s individual characteristics and family environment. &amp;lt;br\/&amp;gt;&amp;lt;!-- \/wp:paragraph --&amp;gt;&amp;lt;!-- wp:paragraph {&amp;quot;translatedWithWPMLTM&amp;quot;:&amp;quot;1&amp;quot;} --&amp;gt;&amp;lt;em&amp;gt;(Source: &amp;lt;\/em&amp;gt;&amp;lt;em&amp;gt;Gloss&aacute;rio do Pacote da Mobilidade - IMT - Instituto da Mobilidade e dos Transportes)&amp;lt;\/em&amp;gt;&amp;lt;br\/&amp;gt;&amp;lt;!-- \/wp:paragraph --&amp;gt;&lt;\/div&gt;&lt;div class=&amp;quot;cmtt_related_articles_wrapper&amp;quot;&gt;&lt;div class=&amp;quot;cmtt_related_title cmtt_related_articles_title&amp;quot;&gt;Related Articles: &lt;\/div&gt;&lt;ul class=&amp;quot;cmtt_related&amp;quot;&gt;&lt;li class=&amp;quot;cmtt_related_item&amp;quot;&gt;&lt;a href=&amp;quot;https:\/\/xqthenews.com\/en\/is-there-still-time-to-save-the-planet\/&amp;quot;target=&amp;quot;_blank&amp;quot;&gt;Is there still time to save the planet?&lt;\/a&gt;&lt;\/li&gt;&lt;li class=&amp;quot;cmtt_related_item&amp;quot;&gt;&lt;a href=&amp;quot;https:\/\/xqthenews.com\/en\/rethinking-mobility-to-build-fit-for-future-cities\/&amp;quot;target=&amp;quot;_blank&amp;quot;&gt;Rethinking mobility to build fit-for-future cities&lt;\/a&gt;&lt;\/li&gt;&lt;li class=&amp;quot;cmtt_related_item&amp;quot;&gt;&lt;a href=&amp;quot;https:\/\/xqthenews.com\/en\/soft-and-inclusive-mobility-for-truly-environmentally-friendly-cities\/&amp;quot;target=&amp;quot;_blank&amp;quot;&gt;Soft and inclusive mobility for truly environmentally friendly cities&lt;\/a&gt;&lt;\/li&gt;&lt;li class=&amp;quot;cmtt_related_item&amp;quot;&gt;&lt;a href=&amp;quot;https:\/\/xqthenews.com\/en\/is-the-carbon-footprint-still-important-in-the-fight-against-the-climate-crisis\/&amp;quot;target=&amp;quot;_blank&amp;quot;&gt;Is the carbon footprint still important in the fight against the climate crisis?&lt;\/a&gt;&lt;\/li&gt;&lt;li class=&amp;quot;cmtt_related_item&amp;quot;&gt;&lt;a href=&amp;quot;https:\/\/xqthenews.com\/en\/gender-equality-and-boosting-climate-action\/&amp;quot;target=&amp;quot;_blank&amp;quot;&gt;Gender equality and boosting climate action&lt;\/a&gt;&lt;\/li&gt;&lt;\/ul&gt;&lt;\/div&gt;\" href=\"https:\/\/xqthenews.com\/en\/glossary\/mobility\/\" data-gt-translate-attributes='[{\"attribute\":\"data-cmtooltip\", \"format\":\"html\"}]' tabindex=\"0\" role=\"link\">mobility<\/a>, is one of the fundamental pillars of <em>green cities<\/em>, which are designed to be environmentally friendly, economically viable and socially just.<\/p>\n\n\n\n<p>The need to reduce greenhouse gas <a class=\"glossaryLink\" aria-describedby=\"tt\" data-cmtooltip=\"&lt;div class=glossaryItemTitle&gt;Emissions&lt;\/div&gt;&lt;div class=glossaryItemBody&gt;&amp;lt;!-- wp:paragraph {&amp;quot;translatedWithWPMLTM&amp;quot;:&amp;quot;1&amp;quot;} --&amp;gt;Release of greenhouse gases into the atmosphere from various sources, such as fossil fuel combustion, industrial production and agriculture.&amp;lt;br\/&amp;gt;&amp;lt;!-- \/wp:paragraph --&amp;gt;&lt;\/div&gt;&lt;div class=&amp;quot;cmtt_related_articles_wrapper&amp;quot;&gt;&lt;div class=&amp;quot;cmtt_related_title cmtt_related_articles_title&amp;quot;&gt;Related Articles: &lt;\/div&gt;&lt;ul class=&amp;quot;cmtt_related&amp;quot;&gt;&lt;li class=&amp;quot;cmtt_related_item&amp;quot;&gt;&lt;a href=&amp;quot;https:\/\/xqthenews.com\/en\/environmentaleducation-as-a-paradigm-for-preventing-rural-fires\/&amp;quot;target=&amp;quot;_blank&amp;quot;&gt;Environmentaleducation as a paradigm for preventing rural fires&lt;\/a&gt;&lt;\/li&gt;&lt;li class=&amp;quot;cmtt_related_item&amp;quot;&gt;&lt;a href=&amp;quot;https:\/\/xqthenews.com\/en\/your-plastic-lunchbox-is-polluting-the-planet-and-your-endocrine-system\/&amp;quot;target=&amp;quot;_blank&amp;quot;&gt;Your plastic lunchbox is polluting the planet and your endocrine system.&lt;\/a&gt;&lt;\/li&gt;&lt;li class=&amp;quot;cmtt_related_item&amp;quot;&gt;&lt;a href=&amp;quot;https:\/\/xqthenews.com\/en\/world-climate-summit-in-dubai-cop-28\/&amp;quot;target=&amp;quot;_blank&amp;quot;&gt;World Climate Summit in Dubai COP 28&lt;\/a&gt;&lt;\/li&gt;&lt;li class=&amp;quot;cmtt_related_item&amp;quot;&gt;&lt;a href=&amp;quot;https:\/\/xqthenews.com\/en\/is-there-still-time-to-save-the-planet\/&amp;quot;target=&amp;quot;_blank&amp;quot;&gt;Is there still time to save the planet?&lt;\/a&gt;&lt;\/li&gt;&lt;li class=&amp;quot;cmtt_related_item&amp;quot;&gt;&lt;a href=&amp;quot;https:\/\/xqthenews.com\/en\/is-the-carbon-footprint-still-important-in-the-fight-against-the-climate-crisis\/&amp;quot;target=&amp;quot;_blank&amp;quot;&gt;Is the carbon footprint still important in the fight against the climate crisis?&lt;\/a&gt;&lt;\/li&gt;&lt;\/ul&gt;&lt;\/div&gt;\" href=\"https:\/\/xqthenews.com\/en\/glossary\/emissions\/\" data-gt-translate-attributes='[{\"attribute\":\"data-cmtooltip\", \"format\":\"html\"}]' tabindex=\"0\" role=\"link\">emissions<\/a> to reach <a class=\"glossaryLink\" aria-describedby=\"tt\" data-cmtooltip=\"&lt;div class=glossaryItemTitle&gt;Carbon neutrality&lt;\/div&gt;&lt;div class=glossaryItemBody&gt;&amp;lt;!-- wp:paragraph {&amp;quot;translatedWithWPMLTM&amp;quot;:&amp;quot;1&amp;quot;} --&amp;gt;Achieving carbon neutrality means reaching a balance between greenhouse gas (GHG) emissions, which include carbon dioxide and methane, and their absorption into the atmosphere by so-called carbon sinks, which reduce emissions to as close to zero as possible.&amp;lt;br\/&amp;gt;&amp;lt;!-- \/wp:paragraph --&amp;gt;&amp;lt;!-- wp:paragraph {&amp;quot;translatedWithWPMLTM&amp;quot;:&amp;quot;1&amp;quot;} --&amp;gt;(Source: Ess&ecirc;ncia do Ambiente)&amp;lt;br\/&amp;gt;&amp;lt;!-- \/wp:paragraph --&amp;gt;&lt;\/div&gt;&lt;div class=&amp;quot;cmtt_related_articles_wrapper&amp;quot;&gt;&lt;div class=&amp;quot;cmtt_related_title cmtt_related_articles_title&amp;quot;&gt;Related Articles: &lt;\/div&gt;&lt;ul class=&amp;quot;cmtt_related&amp;quot;&gt;&lt;li class=&amp;quot;cmtt_related_item&amp;quot;&gt;&lt;a href=&amp;quot;https:\/\/xqthenews.com\/en\/world-climate-summit-in-dubai-cop-28\/&amp;quot;target=&amp;quot;_blank&amp;quot;&gt;World Climate Summit in Dubai COP 28&lt;\/a&gt;&lt;\/li&gt;&lt;li class=&amp;quot;cmtt_related_item&amp;quot;&gt;&lt;a href=&amp;quot;https:\/\/xqthenews.com\/en\/forests-the-key-piece-in-the-environmental-chess-game\/&amp;quot;target=&amp;quot;_blank&amp;quot;&gt;Forests &ndash; The Key Piece in the Environmental Chess Game&lt;\/a&gt;&lt;\/li&gt;&lt;\/ul&gt;&lt;\/div&gt;\" href=\"https:\/\/xqthenews.com\/en\/glossary\/carbon-neutrality\/\" data-gt-translate-attributes='[{\"attribute\":\"data-cmtooltip\", \"format\":\"html\"}]' tabindex=\"0\" role=\"link\">carbon neutrality<\/a> by 2050, as well as the reduction of car traffic in daily commuting and the problems associated with <a class=\"glossaryLink\" aria-describedby=\"tt\" data-cmtooltip=\"&lt;div class=glossaryItemTitle&gt;Urban&lt;\/div&gt;&lt;div class=glossaryItemBody&gt;&amp;lt;!-- wp:paragraph {&amp;quot;translatedWithWPMLTM&amp;quot;:&amp;quot;1&amp;quot;} --&amp;gt;Urban comes from the Latin word &amp;quot;urbanus&amp;quot;, meaning &amp;quot;of the city&amp;quot;. Urban is everything related to city life and the people who live in it. The urban environment has specific characteristics such as: high population density, modern infrastructure (roads, transport, schools, hospitals, etc.), residential, commercial, and industrial areas, leisure and entertainment facilities, cultural offerings, special living habits and the typical hustle and bustle of cities.&amp;lt;br\/&amp;gt;&amp;lt;!-- \/wp:paragraph --&amp;gt;&lt;\/div&gt;&lt;div class=&amp;quot;cmtt_related_articles_wrapper&amp;quot;&gt;&lt;div class=&amp;quot;cmtt_related_title cmtt_related_articles_title&amp;quot;&gt;Related Articles: &lt;\/div&gt;&lt;ul class=&amp;quot;cmtt_related&amp;quot;&gt;&lt;li class=&amp;quot;cmtt_related_item&amp;quot;&gt;&lt;a href=&amp;quot;https:\/\/xqthenews.com\/en\/environmentaleducation-as-a-paradigm-for-preventing-rural-fires\/&amp;quot;target=&amp;quot;_blank&amp;quot;&gt;Environmentaleducation as a paradigm for preventing rural fires&lt;\/a&gt;&lt;\/li&gt;&lt;li class=&amp;quot;cmtt_related_item&amp;quot;&gt;&lt;a href=&amp;quot;https:\/\/xqthenews.com\/en\/circular-economy-organic-matter-in-the-past-present-and-future\/&amp;quot;target=&amp;quot;_blank&amp;quot;&gt;Circular economy: organic matter in the past, present and future&lt;\/a&gt;&lt;\/li&gt;&lt;li class=&amp;quot;cmtt_related_item&amp;quot;&gt;&lt;a href=&amp;quot;https:\/\/xqthenews.com\/en\/green-axis-of-carrer-consell-de-cent-the-green-project-to-transform-a-barcelona-street-is-now-bearing-fruit-avocados-included\/&amp;quot;target=&amp;quot;_blank&amp;quot;&gt;Green axis of Carrer Consell de Cent: the green project to transform a Barcelona street is now bearing fruit&hellip; avocados included.&lt;\/a&gt;&lt;\/li&gt;&lt;li class=&amp;quot;cmtt_related_item&amp;quot;&gt;&lt;a href=&amp;quot;https:\/\/xqthenews.com\/en\/rethinking-mobility-to-build-fit-for-future-cities\/&amp;quot;target=&amp;quot;_blank&amp;quot;&gt;Rethinking mobility to build fit-for-future cities&lt;\/a&gt;&lt;\/li&gt;&lt;li class=&amp;quot;cmtt_related_item&amp;quot;&gt;&lt;a href=&amp;quot;https:\/\/xqthenews.com\/en\/soft-and-inclusive-mobility-for-truly-environmentally-friendly-cities\/&amp;quot;target=&amp;quot;_blank&amp;quot;&gt;Soft and inclusive mobility for truly environmentally friendly cities&lt;\/a&gt;&lt;\/li&gt;&lt;\/ul&gt;&lt;\/div&gt;\" href=\"https:\/\/xqthenews.com\/en\/glossary\/urban\/\" data-gt-translate-attributes='[{\"attribute\":\"data-cmtooltip\", \"format\":\"html\"}]' tabindex=\"0\" role=\"link\">urban<\/a> <a class=\"glossaryLink\" aria-describedby=\"tt\" data-cmtooltip=\"&lt;div class=glossaryItemTitle&gt;Mobility&lt;\/div&gt;&lt;div class=glossaryItemBody&gt;&amp;lt;!-- wp:paragraph {&amp;quot;translatedWithWPMLTM&amp;quot;:&amp;quot;1&amp;quot;} --&amp;gt;Individual capacity to travel according to people&amp;#039;s needs and interest in travelling. The means of transport available and the accessibility offered by the transport system influence mobility, as do people&amp;#039;s individual characteristics and family environment. &amp;lt;br\/&amp;gt;&amp;lt;!-- \/wp:paragraph --&amp;gt;&amp;lt;!-- wp:paragraph {&amp;quot;translatedWithWPMLTM&amp;quot;:&amp;quot;1&amp;quot;} --&amp;gt;&amp;lt;em&amp;gt;(Source: &amp;lt;\/em&amp;gt;&amp;lt;em&amp;gt;Gloss&aacute;rio do Pacote da Mobilidade - IMT - Instituto da Mobilidade e dos Transportes)&amp;lt;\/em&amp;gt;&amp;lt;br\/&amp;gt;&amp;lt;!-- \/wp:paragraph --&amp;gt;&lt;\/div&gt;&lt;div class=&amp;quot;cmtt_related_articles_wrapper&amp;quot;&gt;&lt;div class=&amp;quot;cmtt_related_title cmtt_related_articles_title&amp;quot;&gt;Related Articles: &lt;\/div&gt;&lt;ul class=&amp;quot;cmtt_related&amp;quot;&gt;&lt;li class=&amp;quot;cmtt_related_item&amp;quot;&gt;&lt;a href=&amp;quot;https:\/\/xqthenews.com\/en\/is-there-still-time-to-save-the-planet\/&amp;quot;target=&amp;quot;_blank&amp;quot;&gt;Is there still time to save the planet?&lt;\/a&gt;&lt;\/li&gt;&lt;li class=&amp;quot;cmtt_related_item&amp;quot;&gt;&lt;a href=&amp;quot;https:\/\/xqthenews.com\/en\/rethinking-mobility-to-build-fit-for-future-cities\/&amp;quot;target=&amp;quot;_blank&amp;quot;&gt;Rethinking mobility to build fit-for-future cities&lt;\/a&gt;&lt;\/li&gt;&lt;li class=&amp;quot;cmtt_related_item&amp;quot;&gt;&lt;a href=&amp;quot;https:\/\/xqthenews.com\/en\/soft-and-inclusive-mobility-for-truly-environmentally-friendly-cities\/&amp;quot;target=&amp;quot;_blank&amp;quot;&gt;Soft and inclusive mobility for truly environmentally friendly cities&lt;\/a&gt;&lt;\/li&gt;&lt;li class=&amp;quot;cmtt_related_item&amp;quot;&gt;&lt;a href=&amp;quot;https:\/\/xqthenews.com\/en\/is-the-carbon-footprint-still-important-in-the-fight-against-the-climate-crisis\/&amp;quot;target=&amp;quot;_blank&amp;quot;&gt;Is the carbon footprint still important in the fight against the climate crisis?&lt;\/a&gt;&lt;\/li&gt;&lt;li class=&amp;quot;cmtt_related_item&amp;quot;&gt;&lt;a href=&amp;quot;https:\/\/xqthenews.com\/en\/gender-equality-and-boosting-climate-action\/&amp;quot;target=&amp;quot;_blank&amp;quot;&gt;Gender equality and boosting climate action&lt;\/a&gt;&lt;\/li&gt;&lt;\/ul&gt;&lt;\/div&gt;\" href=\"https:\/\/xqthenews.com\/en\/glossary\/mobility\/\" data-gt-translate-attributes='[{\"attribute\":\"data-cmtooltip\", \"format\":\"html\"}]' tabindex=\"0\" role=\"link\">mobility<\/a>, have encouraged public administrations to adopt new measures, such as restricting car circulation in certain areas, but also to promote soft <a class=\"glossaryLink\" aria-describedby=\"tt\" data-cmtooltip=\"&lt;div class=glossaryItemTitle&gt;Mobility&lt;\/div&gt;&lt;div class=glossaryItemBody&gt;&amp;lt;!-- wp:paragraph {&amp;quot;translatedWithWPMLTM&amp;quot;:&amp;quot;1&amp;quot;} --&amp;gt;Individual capacity to travel according to people&amp;#039;s needs and interest in travelling. The means of transport available and the accessibility offered by the transport system influence mobility, as do people&amp;#039;s individual characteristics and family environment. &amp;lt;br\/&amp;gt;&amp;lt;!-- \/wp:paragraph --&amp;gt;&amp;lt;!-- wp:paragraph {&amp;quot;translatedWithWPMLTM&amp;quot;:&amp;quot;1&amp;quot;} --&amp;gt;&amp;lt;em&amp;gt;(Source: &amp;lt;\/em&amp;gt;&amp;lt;em&amp;gt;Gloss&aacute;rio do Pacote da Mobilidade - IMT - Instituto da Mobilidade e dos Transportes)&amp;lt;\/em&amp;gt;&amp;lt;br\/&amp;gt;&amp;lt;!-- \/wp:paragraph --&amp;gt;&lt;\/div&gt;&lt;div class=&amp;quot;cmtt_related_articles_wrapper&amp;quot;&gt;&lt;div class=&amp;quot;cmtt_related_title cmtt_related_articles_title&amp;quot;&gt;Related Articles: &lt;\/div&gt;&lt;ul class=&amp;quot;cmtt_related&amp;quot;&gt;&lt;li class=&amp;quot;cmtt_related_item&amp;quot;&gt;&lt;a href=&amp;quot;https:\/\/xqthenews.com\/en\/is-there-still-time-to-save-the-planet\/&amp;quot;target=&amp;quot;_blank&amp;quot;&gt;Is there still time to save the planet?&lt;\/a&gt;&lt;\/li&gt;&lt;li class=&amp;quot;cmtt_related_item&amp;quot;&gt;&lt;a href=&amp;quot;https:\/\/xqthenews.com\/en\/rethinking-mobility-to-build-fit-for-future-cities\/&amp;quot;target=&amp;quot;_blank&amp;quot;&gt;Rethinking mobility to build fit-for-future cities&lt;\/a&gt;&lt;\/li&gt;&lt;li class=&amp;quot;cmtt_related_item&amp;quot;&gt;&lt;a href=&amp;quot;https:\/\/xqthenews.com\/en\/soft-and-inclusive-mobility-for-truly-environmentally-friendly-cities\/&amp;quot;target=&amp;quot;_blank&amp;quot;&gt;Soft and inclusive mobility for truly environmentally friendly cities&lt;\/a&gt;&lt;\/li&gt;&lt;li class=&amp;quot;cmtt_related_item&amp;quot;&gt;&lt;a href=&amp;quot;https:\/\/xqthenews.com\/en\/is-the-carbon-footprint-still-important-in-the-fight-against-the-climate-crisis\/&amp;quot;target=&amp;quot;_blank&amp;quot;&gt;Is the carbon footprint still important in the fight against the climate crisis?&lt;\/a&gt;&lt;\/li&gt;&lt;li class=&amp;quot;cmtt_related_item&amp;quot;&gt;&lt;a href=&amp;quot;https:\/\/xqthenews.com\/en\/gender-equality-and-boosting-climate-action\/&amp;quot;target=&amp;quot;_blank&amp;quot;&gt;Gender equality and boosting climate action&lt;\/a&gt;&lt;\/li&gt;&lt;\/ul&gt;&lt;\/div&gt;\" href=\"https:\/\/xqthenews.com\/en\/glossary\/mobility\/\" data-gt-translate-attributes='[{\"attribute\":\"data-cmtooltip\", \"format\":\"html\"}]' tabindex=\"0\" role=\"link\">mobility<\/a> methods, such as incentives for the use of public transport, car sharing and cycling. In addition, municipalities have invested in the construction of new <a class=\"glossaryLink\" aria-describedby=\"tt\" data-cmtooltip=\"&lt;div class=glossaryItemTitle&gt;Urban&lt;\/div&gt;&lt;div class=glossaryItemBody&gt;&amp;lt;!-- wp:paragraph {&amp;quot;translatedWithWPMLTM&amp;quot;:&amp;quot;1&amp;quot;} --&amp;gt;Urban comes from the Latin word &amp;quot;urbanus&amp;quot;, meaning &amp;quot;of the city&amp;quot;. Urban is everything related to city life and the people who live in it. The urban environment has specific characteristics such as: high population density, modern infrastructure (roads, transport, schools, hospitals, etc.), residential, commercial, and industrial areas, leisure and entertainment facilities, cultural offerings, special living habits and the typical hustle and bustle of cities.&amp;lt;br\/&amp;gt;&amp;lt;!-- \/wp:paragraph --&amp;gt;&lt;\/div&gt;&lt;div class=&amp;quot;cmtt_related_articles_wrapper&amp;quot;&gt;&lt;div class=&amp;quot;cmtt_related_title cmtt_related_articles_title&amp;quot;&gt;Related Articles: &lt;\/div&gt;&lt;ul class=&amp;quot;cmtt_related&amp;quot;&gt;&lt;li class=&amp;quot;cmtt_related_item&amp;quot;&gt;&lt;a href=&amp;quot;https:\/\/xqthenews.com\/en\/environmentaleducation-as-a-paradigm-for-preventing-rural-fires\/&amp;quot;target=&amp;quot;_blank&amp;quot;&gt;Environmentaleducation as a paradigm for preventing rural fires&lt;\/a&gt;&lt;\/li&gt;&lt;li class=&amp;quot;cmtt_related_item&amp;quot;&gt;&lt;a href=&amp;quot;https:\/\/xqthenews.com\/en\/circular-economy-organic-matter-in-the-past-present-and-future\/&amp;quot;target=&amp;quot;_blank&amp;quot;&gt;Circular economy: organic matter in the past, present and future&lt;\/a&gt;&lt;\/li&gt;&lt;li class=&amp;quot;cmtt_related_item&amp;quot;&gt;&lt;a href=&amp;quot;https:\/\/xqthenews.com\/en\/green-axis-of-carrer-consell-de-cent-the-green-project-to-transform-a-barcelona-street-is-now-bearing-fruit-avocados-included\/&amp;quot;target=&amp;quot;_blank&amp;quot;&gt;Green axis of Carrer Consell de Cent: the green project to transform a Barcelona street is now bearing fruit&hellip; avocados included.&lt;\/a&gt;&lt;\/li&gt;&lt;li class=&amp;quot;cmtt_related_item&amp;quot;&gt;&lt;a href=&amp;quot;https:\/\/xqthenews.com\/en\/rethinking-mobility-to-build-fit-for-future-cities\/&amp;quot;target=&amp;quot;_blank&amp;quot;&gt;Rethinking mobility to build fit-for-future cities&lt;\/a&gt;&lt;\/li&gt;&lt;li class=&amp;quot;cmtt_related_item&amp;quot;&gt;&lt;a href=&amp;quot;https:\/\/xqthenews.com\/en\/soft-and-inclusive-mobility-for-truly-environmentally-friendly-cities\/&amp;quot;target=&amp;quot;_blank&amp;quot;&gt;Soft and inclusive mobility for truly environmentally friendly cities&lt;\/a&gt;&lt;\/li&gt;&lt;\/ul&gt;&lt;\/div&gt;\" href=\"https:\/\/xqthenews.com\/en\/glossary\/urban\/\" data-gt-translate-attributes='[{\"attribute\":\"data-cmtooltip\", \"format\":\"html\"}]' tabindex=\"0\" role=\"link\">urban<\/a> <a class=\"glossaryLink\" aria-describedby=\"tt\" data-cmtooltip=\"&lt;div class=glossaryItemTitle&gt;Mobility&lt;\/div&gt;&lt;div class=glossaryItemBody&gt;&amp;lt;!-- wp:paragraph {&amp;quot;translatedWithWPMLTM&amp;quot;:&amp;quot;1&amp;quot;} --&amp;gt;Individual capacity to travel according to people&amp;#039;s needs and interest in travelling. The means of transport available and the accessibility offered by the transport system influence mobility, as do people&amp;#039;s individual characteristics and family environment. &amp;lt;br\/&amp;gt;&amp;lt;!-- \/wp:paragraph --&amp;gt;&amp;lt;!-- wp:paragraph {&amp;quot;translatedWithWPMLTM&amp;quot;:&amp;quot;1&amp;quot;} --&amp;gt;&amp;lt;em&amp;gt;(Source: &amp;lt;\/em&amp;gt;&amp;lt;em&amp;gt;Gloss&aacute;rio do Pacote da Mobilidade - IMT - Instituto da Mobilidade e dos Transportes)&amp;lt;\/em&amp;gt;&amp;lt;br\/&amp;gt;&amp;lt;!-- \/wp:paragraph --&amp;gt;&lt;\/div&gt;&lt;div class=&amp;quot;cmtt_related_articles_wrapper&amp;quot;&gt;&lt;div class=&amp;quot;cmtt_related_title cmtt_related_articles_title&amp;quot;&gt;Related Articles: &lt;\/div&gt;&lt;ul class=&amp;quot;cmtt_related&amp;quot;&gt;&lt;li class=&amp;quot;cmtt_related_item&amp;quot;&gt;&lt;a href=&amp;quot;https:\/\/xqthenews.com\/en\/is-there-still-time-to-save-the-planet\/&amp;quot;target=&amp;quot;_blank&amp;quot;&gt;Is there still time to save the planet?&lt;\/a&gt;&lt;\/li&gt;&lt;li class=&amp;quot;cmtt_related_item&amp;quot;&gt;&lt;a href=&amp;quot;https:\/\/xqthenews.com\/en\/rethinking-mobility-to-build-fit-for-future-cities\/&amp;quot;target=&amp;quot;_blank&amp;quot;&gt;Rethinking mobility to build fit-for-future cities&lt;\/a&gt;&lt;\/li&gt;&lt;li class=&amp;quot;cmtt_related_item&amp;quot;&gt;&lt;a href=&amp;quot;https:\/\/xqthenews.com\/en\/soft-and-inclusive-mobility-for-truly-environmentally-friendly-cities\/&amp;quot;target=&amp;quot;_blank&amp;quot;&gt;Soft and inclusive mobility for truly environmentally friendly cities&lt;\/a&gt;&lt;\/li&gt;&lt;li class=&amp;quot;cmtt_related_item&amp;quot;&gt;&lt;a href=&amp;quot;https:\/\/xqthenews.com\/en\/is-the-carbon-footprint-still-important-in-the-fight-against-the-climate-crisis\/&amp;quot;target=&amp;quot;_blank&amp;quot;&gt;Is the carbon footprint still important in the fight against the climate crisis?&lt;\/a&gt;&lt;\/li&gt;&lt;li class=&amp;quot;cmtt_related_item&amp;quot;&gt;&lt;a href=&amp;quot;https:\/\/xqthenews.com\/en\/gender-equality-and-boosting-climate-action\/&amp;quot;target=&amp;quot;_blank&amp;quot;&gt;Gender equality and boosting climate action&lt;\/a&gt;&lt;\/li&gt;&lt;\/ul&gt;&lt;\/div&gt;\" href=\"https:\/\/xqthenews.com\/en\/glossary\/mobility\/\" data-gt-translate-attributes='[{\"attribute\":\"data-cmtooltip\", \"format\":\"html\"}]' tabindex=\"0\" role=\"link\">mobility<\/a> infrastructure, such as interfaces, bicycle lanes, pedestrian infrastructure and parking facilities, among others. <\/p>\n\n\n\n<p>The implementation of these infrastructures, which are outlined in national and international <a class=\"glossaryLink\" aria-describedby=\"tt\" data-cmtooltip=\"&lt;div class=glossaryItemTitle&gt;Mobility&lt;\/div&gt;&lt;div class=glossaryItemBody&gt;&amp;lt;!-- wp:paragraph {&amp;quot;translatedWithWPMLTM&amp;quot;:&amp;quot;1&amp;quot;} --&amp;gt;Individual capacity to travel according to people&amp;#039;s needs and interest in travelling. The means of transport available and the accessibility offered by the transport system influence mobility, as do people&amp;#039;s individual characteristics and family environment. &amp;lt;br\/&amp;gt;&amp;lt;!-- \/wp:paragraph --&amp;gt;&amp;lt;!-- wp:paragraph {&amp;quot;translatedWithWPMLTM&amp;quot;:&amp;quot;1&amp;quot;} --&amp;gt;&amp;lt;em&amp;gt;(Source: &amp;lt;\/em&amp;gt;&amp;lt;em&amp;gt;Gloss&aacute;rio do Pacote da Mobilidade - IMT - Instituto da Mobilidade e dos Transportes)&amp;lt;\/em&amp;gt;&amp;lt;br\/&amp;gt;&amp;lt;!-- \/wp:paragraph --&amp;gt;&lt;\/div&gt;&lt;div class=&amp;quot;cmtt_related_articles_wrapper&amp;quot;&gt;&lt;div class=&amp;quot;cmtt_related_title cmtt_related_articles_title&amp;quot;&gt;Related Articles: &lt;\/div&gt;&lt;ul class=&amp;quot;cmtt_related&amp;quot;&gt;&lt;li class=&amp;quot;cmtt_related_item&amp;quot;&gt;&lt;a href=&amp;quot;https:\/\/xqthenews.com\/en\/is-there-still-time-to-save-the-planet\/&amp;quot;target=&amp;quot;_blank&amp;quot;&gt;Is there still time to save the planet?&lt;\/a&gt;&lt;\/li&gt;&lt;li class=&amp;quot;cmtt_related_item&amp;quot;&gt;&lt;a href=&amp;quot;https:\/\/xqthenews.com\/en\/rethinking-mobility-to-build-fit-for-future-cities\/&amp;quot;target=&amp;quot;_blank&amp;quot;&gt;Rethinking mobility to build fit-for-future cities&lt;\/a&gt;&lt;\/li&gt;&lt;li class=&amp;quot;cmtt_related_item&amp;quot;&gt;&lt;a href=&amp;quot;https:\/\/xqthenews.com\/en\/soft-and-inclusive-mobility-for-truly-environmentally-friendly-cities\/&amp;quot;target=&amp;quot;_blank&amp;quot;&gt;Soft and inclusive mobility for truly environmentally friendly cities&lt;\/a&gt;&lt;\/li&gt;&lt;li class=&amp;quot;cmtt_related_item&amp;quot;&gt;&lt;a href=&amp;quot;https:\/\/xqthenews.com\/en\/is-the-carbon-footprint-still-important-in-the-fight-against-the-climate-crisis\/&amp;quot;target=&amp;quot;_blank&amp;quot;&gt;Is the carbon footprint still important in the fight against the climate crisis?&lt;\/a&gt;&lt;\/li&gt;&lt;li class=&amp;quot;cmtt_related_item&amp;quot;&gt;&lt;a href=&amp;quot;https:\/\/xqthenews.com\/en\/gender-equality-and-boosting-climate-action\/&amp;quot;target=&amp;quot;_blank&amp;quot;&gt;Gender equality and boosting climate action&lt;\/a&gt;&lt;\/li&gt;&lt;\/ul&gt;&lt;\/div&gt;\" href=\"https:\/\/xqthenews.com\/en\/glossary\/mobility\/\" data-gt-translate-attributes='[{\"attribute\":\"data-cmtooltip\", \"format\":\"html\"}]' tabindex=\"0\" role=\"link\">mobility<\/a> plans, and which appear as part of the solutions to achieve <a class=\"glossaryLink\" aria-describedby=\"tt\" data-cmtooltip=\"&lt;div class=glossaryItemTitle&gt;Carbon neutrality&lt;\/div&gt;&lt;div class=glossaryItemBody&gt;&amp;lt;!-- wp:paragraph {&amp;quot;translatedWithWPMLTM&amp;quot;:&amp;quot;1&amp;quot;} --&amp;gt;Achieving carbon neutrality means reaching a balance between greenhouse gas (GHG) emissions, which include carbon dioxide and methane, and their absorption into the atmosphere by so-called carbon sinks, which reduce emissions to as close to zero as possible.&amp;lt;br\/&amp;gt;&amp;lt;!-- \/wp:paragraph --&amp;gt;&amp;lt;!-- wp:paragraph {&amp;quot;translatedWithWPMLTM&amp;quot;:&amp;quot;1&amp;quot;} --&amp;gt;(Source: Ess&ecirc;ncia do Ambiente)&amp;lt;br\/&amp;gt;&amp;lt;!-- \/wp:paragraph --&amp;gt;&lt;\/div&gt;&lt;div class=&amp;quot;cmtt_related_articles_wrapper&amp;quot;&gt;&lt;div class=&amp;quot;cmtt_related_title cmtt_related_articles_title&amp;quot;&gt;Related Articles: &lt;\/div&gt;&lt;ul class=&amp;quot;cmtt_related&amp;quot;&gt;&lt;li class=&amp;quot;cmtt_related_item&amp;quot;&gt;&lt;a href=&amp;quot;https:\/\/xqthenews.com\/en\/world-climate-summit-in-dubai-cop-28\/&amp;quot;target=&amp;quot;_blank&amp;quot;&gt;World Climate Summit in Dubai COP 28&lt;\/a&gt;&lt;\/li&gt;&lt;li class=&amp;quot;cmtt_related_item&amp;quot;&gt;&lt;a href=&amp;quot;https:\/\/xqthenews.com\/en\/forests-the-key-piece-in-the-environmental-chess-game\/&amp;quot;target=&amp;quot;_blank&amp;quot;&gt;Forests &ndash; The Key Piece in the Environmental Chess Game&lt;\/a&gt;&lt;\/li&gt;&lt;\/ul&gt;&lt;\/div&gt;\" href=\"https:\/\/xqthenews.com\/en\/glossary\/carbon-neutrality\/\" data-gt-translate-attributes='[{\"attribute\":\"data-cmtooltip\", \"format\":\"html\"}]' tabindex=\"0\" role=\"link\">carbon neutrality<\/a> objectives, aim to respond to the needs of <a class=\"glossaryLink\" aria-describedby=\"tt\" data-cmtooltip=\"&lt;div class=glossaryItemTitle&gt;Citizens&lt;\/div&gt;&lt;div class=glossaryItemBody&gt;&amp;lt;!-- wp:paragraph {&amp;quot;translatedWithWPMLTM&amp;quot;:&amp;quot;1&amp;quot;} --&amp;gt;A concept that encompasses issues of rights and responsibilities, as well as ideas of equality, diversity, and social justice. The concept of citizenship is not limited to the act of voting but encompasses a whole range of actions that each person undertakes that have an impact on the life of the community (local, national, regional, and international) and are inextricably linked to the public sphere in which people can act together.&amp;lt;br\/&amp;gt;&amp;lt;!-- \/wp:paragraph --&amp;gt;&amp;lt;!-- wp:paragraph {&amp;quot;translatedWithWPMLTM&amp;quot;:&amp;quot;1&amp;quot;} --&amp;gt;(Source: CIG &ndash; Comiss&atilde;o para a Cidadania e Igualde de G&eacute;nero)&amp;lt;br\/&amp;gt;&amp;lt;!-- \/wp:paragraph --&amp;gt;&lt;\/div&gt;&lt;div class=&amp;quot;cmtt_related_articles_wrapper&amp;quot;&gt;&lt;div class=&amp;quot;cmtt_related_title cmtt_related_articles_title&amp;quot;&gt;Related Articles: &lt;\/div&gt;&lt;ul class=&amp;quot;cmtt_related&amp;quot;&gt;&lt;li class=&amp;quot;cmtt_related_item&amp;quot;&gt;&lt;a href=&amp;quot;https:\/\/xqthenews.com\/en\/your-plastic-lunchbox-is-polluting-the-planet-and-your-endocrine-system\/&amp;quot;target=&amp;quot;_blank&amp;quot;&gt;Your plastic lunchbox is polluting the planet and your endocrine system.&lt;\/a&gt;&lt;\/li&gt;&lt;li class=&amp;quot;cmtt_related_item&amp;quot;&gt;&lt;a href=&amp;quot;https:\/\/xqthenews.com\/en\/circular-economy-organic-matter-in-the-past-present-and-future\/&amp;quot;target=&amp;quot;_blank&amp;quot;&gt;Circular economy: organic matter in the past, present and future&lt;\/a&gt;&lt;\/li&gt;&lt;li class=&amp;quot;cmtt_related_item&amp;quot;&gt;&lt;a href=&amp;quot;https:\/\/xqthenews.com\/en\/italian-christmas-traditions-between-the-sacred-and-the-profane\/&amp;quot;target=&amp;quot;_blank&amp;quot;&gt;Italian Christmas traditions, between the sacred and the profane&lt;\/a&gt;&lt;\/li&gt;&lt;li class=&amp;quot;cmtt_related_item&amp;quot;&gt;&lt;a href=&amp;quot;https:\/\/xqthenews.com\/en\/brains-on-the-run-comings-goings-sometimes-returns\/&amp;quot;target=&amp;quot;_blank&amp;quot;&gt;Brains on the run: comings, goings, sometimes returns&lt;\/a&gt;&lt;\/li&gt;&lt;li class=&amp;quot;cmtt_related_item&amp;quot;&gt;&lt;a href=&amp;quot;https:\/\/xqthenews.com\/en\/where-do-business-and-society-stand-on-the-circular-economy\/&amp;quot;target=&amp;quot;_blank&amp;quot;&gt;Where do business and society stand on the circular economy?&lt;\/a&gt;&lt;\/li&gt;&lt;\/ul&gt;&lt;\/div&gt;\" href=\"https:\/\/xqthenews.com\/en\/glossary\/citizenship\/\" data-gt-translate-attributes='[{\"attribute\":\"data-cmtooltip\", \"format\":\"html\"}]' tabindex=\"0\" role=\"link\">citizens<\/a>, while responding to the paradigms of the ecological transition, encouraging and contributing to more sustainable behaviour and the adoption of new daily <a class=\"glossaryLink\" aria-describedby=\"tt\" data-cmtooltip=\"&lt;div class=glossaryItemTitle&gt;Mobility&lt;\/div&gt;&lt;div class=glossaryItemBody&gt;&amp;lt;!-- wp:paragraph {&amp;quot;translatedWithWPMLTM&amp;quot;:&amp;quot;1&amp;quot;} --&amp;gt;Individual capacity to travel according to people&amp;#039;s needs and interest in travelling. The means of transport available and the accessibility offered by the transport system influence mobility, as do people&amp;#039;s individual characteristics and family environment. &amp;lt;br\/&amp;gt;&amp;lt;!-- \/wp:paragraph --&amp;gt;&amp;lt;!-- wp:paragraph {&amp;quot;translatedWithWPMLTM&amp;quot;:&amp;quot;1&amp;quot;} --&amp;gt;&amp;lt;em&amp;gt;(Source: &amp;lt;\/em&amp;gt;&amp;lt;em&amp;gt;Gloss&aacute;rio do Pacote da Mobilidade - IMT - Instituto da Mobilidade e dos Transportes)&amp;lt;\/em&amp;gt;&amp;lt;br\/&amp;gt;&amp;lt;!-- \/wp:paragraph --&amp;gt;&lt;\/div&gt;&lt;div class=&amp;quot;cmtt_related_articles_wrapper&amp;quot;&gt;&lt;div class=&amp;quot;cmtt_related_title cmtt_related_articles_title&amp;quot;&gt;Related Articles: &lt;\/div&gt;&lt;ul class=&amp;quot;cmtt_related&amp;quot;&gt;&lt;li class=&amp;quot;cmtt_related_item&amp;quot;&gt;&lt;a href=&amp;quot;https:\/\/xqthenews.com\/en\/is-there-still-time-to-save-the-planet\/&amp;quot;target=&amp;quot;_blank&amp;quot;&gt;Is there still time to save the planet?&lt;\/a&gt;&lt;\/li&gt;&lt;li class=&amp;quot;cmtt_related_item&amp;quot;&gt;&lt;a href=&amp;quot;https:\/\/xqthenews.com\/en\/rethinking-mobility-to-build-fit-for-future-cities\/&amp;quot;target=&amp;quot;_blank&amp;quot;&gt;Rethinking mobility to build fit-for-future cities&lt;\/a&gt;&lt;\/li&gt;&lt;li class=&amp;quot;cmtt_related_item&amp;quot;&gt;&lt;a href=&amp;quot;https:\/\/xqthenews.com\/en\/soft-and-inclusive-mobility-for-truly-environmentally-friendly-cities\/&amp;quot;target=&amp;quot;_blank&amp;quot;&gt;Soft and inclusive mobility for truly environmentally friendly cities&lt;\/a&gt;&lt;\/li&gt;&lt;li class=&amp;quot;cmtt_related_item&amp;quot;&gt;&lt;a href=&amp;quot;https:\/\/xqthenews.com\/en\/is-the-carbon-footprint-still-important-in-the-fight-against-the-climate-crisis\/&amp;quot;target=&amp;quot;_blank&amp;quot;&gt;Is the carbon footprint still important in the fight against the climate crisis?&lt;\/a&gt;&lt;\/li&gt;&lt;li class=&amp;quot;cmtt_related_item&amp;quot;&gt;&lt;a href=&amp;quot;https:\/\/xqthenews.com\/en\/gender-equality-and-boosting-climate-action\/&amp;quot;target=&amp;quot;_blank&amp;quot;&gt;Gender equality and boosting climate action&lt;\/a&gt;&lt;\/li&gt;&lt;\/ul&gt;&lt;\/div&gt;\" href=\"https:\/\/xqthenews.com\/en\/glossary\/mobility\/\" data-gt-translate-attributes='[{\"attribute\":\"data-cmtooltip\", \"format\":\"html\"}]' tabindex=\"0\" role=\"link\">mobility<\/a> habits.<\/p>\n\n\n\n<p>In this way, we are seeing <a class=\"glossaryLink\" aria-describedby=\"tt\" data-cmtooltip=\"&lt;div class=glossaryItemTitle&gt;Citizens&lt;\/div&gt;&lt;div class=glossaryItemBody&gt;&amp;lt;!-- wp:paragraph {&amp;quot;translatedWithWPMLTM&amp;quot;:&amp;quot;1&amp;quot;} --&amp;gt;A concept that encompasses issues of rights and responsibilities, as well as ideas of equality, diversity, and social justice. The concept of citizenship is not limited to the act of voting but encompasses a whole range of actions that each person undertakes that have an impact on the life of the community (local, national, regional, and international) and are inextricably linked to the public sphere in which people can act together.&amp;lt;br\/&amp;gt;&amp;lt;!-- \/wp:paragraph --&amp;gt;&amp;lt;!-- wp:paragraph {&amp;quot;translatedWithWPMLTM&amp;quot;:&amp;quot;1&amp;quot;} --&amp;gt;(Source: CIG &ndash; Comiss&atilde;o para a Cidadania e Igualde de G&eacute;nero)&amp;lt;br\/&amp;gt;&amp;lt;!-- \/wp:paragraph --&amp;gt;&lt;\/div&gt;&lt;div class=&amp;quot;cmtt_related_articles_wrapper&amp;quot;&gt;&lt;div class=&amp;quot;cmtt_related_title cmtt_related_articles_title&amp;quot;&gt;Related Articles: &lt;\/div&gt;&lt;ul class=&amp;quot;cmtt_related&amp;quot;&gt;&lt;li class=&amp;quot;cmtt_related_item&amp;quot;&gt;&lt;a href=&amp;quot;https:\/\/xqthenews.com\/en\/your-plastic-lunchbox-is-polluting-the-planet-and-your-endocrine-system\/&amp;quot;target=&amp;quot;_blank&amp;quot;&gt;Your plastic lunchbox is polluting the planet and your endocrine system.&lt;\/a&gt;&lt;\/li&gt;&lt;li class=&amp;quot;cmtt_related_item&amp;quot;&gt;&lt;a href=&amp;quot;https:\/\/xqthenews.com\/en\/circular-economy-organic-matter-in-the-past-present-and-future\/&amp;quot;target=&amp;quot;_blank&amp;quot;&gt;Circular economy: organic matter in the past, present and future&lt;\/a&gt;&lt;\/li&gt;&lt;li class=&amp;quot;cmtt_related_item&amp;quot;&gt;&lt;a href=&amp;quot;https:\/\/xqthenews.com\/en\/italian-christmas-traditions-between-the-sacred-and-the-profane\/&amp;quot;target=&amp;quot;_blank&amp;quot;&gt;Italian Christmas traditions, between the sacred and the profane&lt;\/a&gt;&lt;\/li&gt;&lt;li class=&amp;quot;cmtt_related_item&amp;quot;&gt;&lt;a href=&amp;quot;https:\/\/xqthenews.com\/en\/brains-on-the-run-comings-goings-sometimes-returns\/&amp;quot;target=&amp;quot;_blank&amp;quot;&gt;Brains on the run: comings, goings, sometimes returns&lt;\/a&gt;&lt;\/li&gt;&lt;li class=&amp;quot;cmtt_related_item&amp;quot;&gt;&lt;a href=&amp;quot;https:\/\/xqthenews.com\/en\/where-do-business-and-society-stand-on-the-circular-economy\/&amp;quot;target=&amp;quot;_blank&amp;quot;&gt;Where do business and society stand on the circular economy?&lt;\/a&gt;&lt;\/li&gt;&lt;\/ul&gt;&lt;\/div&gt;\" href=\"https:\/\/xqthenews.com\/en\/glossary\/citizenship\/\" data-gt-translate-attributes='[{\"attribute\":\"data-cmtooltip\", \"format\":\"html\"}]' tabindex=\"0\" role=\"link\">citizens<\/a> increasingly using <a class=\"glossaryLink\" aria-describedby=\"tt\" data-cmtooltip=\"&lt;div class=glossaryItemTitle&gt;Multimodal&lt;\/div&gt;&lt;div class=glossaryItemBody&gt;&amp;lt;!-- wp:paragraph {&amp;quot;translatedWithWPMLTM&amp;quot;:&amp;quot;1&amp;quot;} --&amp;gt;Referring to a type of learning that integrates different media and modalities, such as images, text and audio, to facilitate understanding.&amp;lt;br\/&amp;gt;&amp;lt;!-- \/wp:paragraph --&amp;gt;&amp;lt;!-- wp:paragraph --&amp;gt;&amp;lt;br\/&amp;gt;&amp;lt;!-- \/wp:paragraph --&amp;gt;&lt;\/div&gt;\" href=\"https:\/\/xqthenews.com\/en\/glossary\/multimodal\/\" data-gt-translate-attributes='[{\"attribute\":\"data-cmtooltip\", \"format\":\"html\"}]' tabindex=\"0\" role=\"link\">multimodal<\/a> transport for their journeys, but also a reduction in reliance on individual vehicles and the use of <a class=\"glossaryLink\" aria-describedby=\"tt\" data-cmtooltip=\"&lt;div class=glossaryItemTitle&gt;Soft Modes&lt;\/div&gt;&lt;div class=glossaryItemBody&gt;&amp;lt;!-- wp:paragraph {&amp;quot;translatedWithWPMLTM&amp;quot;:&amp;quot;1&amp;quot;} --&amp;gt;Non-motorised means of transport, including walking and cycling, as well as mobility aids (skateboards, inline skates and similar).&amp;lt;br\/&amp;gt;&amp;lt;!-- \/wp:paragraph --&amp;gt;&amp;lt;!-- wp:paragraph {&amp;quot;translatedWithWPMLTM&amp;quot;:&amp;quot;1&amp;quot;} --&amp;gt;&amp;lt;em&amp;gt;(Source&amp;lt;\/em&amp;gt;: Adapted from &amp;lt;em&amp;gt;Gloss&aacute;rio do Pacote da Mobilidade - IMT - Instituto da Mobilidade e dos Transportes)&amp;lt;\/em&amp;gt;&amp;lt;br\/&amp;gt;&amp;lt;!-- \/wp:paragraph --&amp;gt;&amp;lt;!-- wp:paragraph --&amp;gt;&amp;lt;br\/&amp;gt;&amp;lt;!-- \/wp:paragraph --&amp;gt;&lt;\/div&gt;&lt;div class=&amp;quot;cmtt_related_articles_wrapper&amp;quot;&gt;&lt;div class=&amp;quot;cmtt_related_title cmtt_related_articles_title&amp;quot;&gt;Related Articles: &lt;\/div&gt;&lt;ul class=&amp;quot;cmtt_related&amp;quot;&gt;&lt;li class=&amp;quot;cmtt_related_item&amp;quot;&gt;&lt;a href=&amp;quot;https:\/\/xqthenews.com\/en\/rethinking-mobility-to-build-fit-for-future-cities\/&amp;quot;target=&amp;quot;_blank&amp;quot;&gt;Rethinking mobility to build fit-for-future cities&lt;\/a&gt;&lt;\/li&gt;&lt;li class=&amp;quot;cmtt_related_item&amp;quot;&gt;&lt;a href=&amp;quot;https:\/\/xqthenews.com\/en\/soft-and-inclusive-mobility-for-truly-environmentally-friendly-cities\/&amp;quot;target=&amp;quot;_blank&amp;quot;&gt;Soft and inclusive mobility for truly environmentally friendly cities&lt;\/a&gt;&lt;\/li&gt;&lt;\/ul&gt;&lt;\/div&gt;\" href=\"https:\/\/xqthenews.com\/en\/glossary\/soft-modes\/\" data-gt-translate-attributes='[{\"attribute\":\"data-cmtooltip\", \"format\":\"html\"}]' tabindex=\"0\" role=\"link\">soft modes<\/a> such as ridesharing and public transport, as well as greener and more active travel options such as walking, cycling and scooters.<\/p>\n\n\n\n<p>Public transport, such as buses and metro, play a key role in combining different modes of transport, helping to reduce congestion, reduce pollutant <a class=\"glossaryLink\" aria-describedby=\"tt\" data-cmtooltip=\"&lt;div class=glossaryItemTitle&gt;Emissions&lt;\/div&gt;&lt;div class=glossaryItemBody&gt;&amp;lt;!-- wp:paragraph {&amp;quot;translatedWithWPMLTM&amp;quot;:&amp;quot;1&amp;quot;} --&amp;gt;Release of greenhouse gases into the atmosphere from various sources, such as fossil fuel combustion, industrial production and agriculture.&amp;lt;br\/&amp;gt;&amp;lt;!-- \/wp:paragraph --&amp;gt;&lt;\/div&gt;&lt;div class=&amp;quot;cmtt_related_articles_wrapper&amp;quot;&gt;&lt;div class=&amp;quot;cmtt_related_title cmtt_related_articles_title&amp;quot;&gt;Related Articles: &lt;\/div&gt;&lt;ul class=&amp;quot;cmtt_related&amp;quot;&gt;&lt;li class=&amp;quot;cmtt_related_item&amp;quot;&gt;&lt;a href=&amp;quot;https:\/\/xqthenews.com\/en\/environmentaleducation-as-a-paradigm-for-preventing-rural-fires\/&amp;quot;target=&amp;quot;_blank&amp;quot;&gt;Environmentaleducation as a paradigm for preventing rural fires&lt;\/a&gt;&lt;\/li&gt;&lt;li class=&amp;quot;cmtt_related_item&amp;quot;&gt;&lt;a href=&amp;quot;https:\/\/xqthenews.com\/en\/your-plastic-lunchbox-is-polluting-the-planet-and-your-endocrine-system\/&amp;quot;target=&amp;quot;_blank&amp;quot;&gt;Your plastic lunchbox is polluting the planet and your endocrine system.&lt;\/a&gt;&lt;\/li&gt;&lt;li class=&amp;quot;cmtt_related_item&amp;quot;&gt;&lt;a href=&amp;quot;https:\/\/xqthenews.com\/en\/world-climate-summit-in-dubai-cop-28\/&amp;quot;target=&amp;quot;_blank&amp;quot;&gt;World Climate Summit in Dubai COP 28&lt;\/a&gt;&lt;\/li&gt;&lt;li class=&amp;quot;cmtt_related_item&amp;quot;&gt;&lt;a href=&amp;quot;https:\/\/xqthenews.com\/en\/is-there-still-time-to-save-the-planet\/&amp;quot;target=&amp;quot;_blank&amp;quot;&gt;Is there still time to save the planet?&lt;\/a&gt;&lt;\/li&gt;&lt;li class=&amp;quot;cmtt_related_item&amp;quot;&gt;&lt;a href=&amp;quot;https:\/\/xqthenews.com\/en\/is-the-carbon-footprint-still-important-in-the-fight-against-the-climate-crisis\/&amp;quot;target=&amp;quot;_blank&amp;quot;&gt;Is the carbon footprint still important in the fight against the climate crisis?&lt;\/a&gt;&lt;\/li&gt;&lt;\/ul&gt;&lt;\/div&gt;\" href=\"https:\/\/xqthenews.com\/en\/glossary\/emissions\/\" data-gt-translate-attributes='[{\"attribute\":\"data-cmtooltip\", \"format\":\"html\"}]' tabindex=\"0\" role=\"link\">emissions<\/a> and improve the quality of life in cities. However, their effectiveness needs to be ensured to represent a realistic solution, responding to the challenge of providing the public with information on available timetables, with real-time estimates of vehicle arrival times at upcoming stops, allowing passengers to effectively manage their time and choose the right transport. By ensuring that this happens, it increases the credibility of this mode of transport among <a class=\"glossaryLink\" aria-describedby=\"tt\" data-cmtooltip=\"&lt;div class=glossaryItemTitle&gt;Citizens&lt;\/div&gt;&lt;div class=glossaryItemBody&gt;&amp;lt;!-- wp:paragraph {&amp;quot;translatedWithWPMLTM&amp;quot;:&amp;quot;1&amp;quot;} --&amp;gt;A concept that encompasses issues of rights and responsibilities, as well as ideas of equality, diversity, and social justice. The concept of citizenship is not limited to the act of voting but encompasses a whole range of actions that each person undertakes that have an impact on the life of the community (local, national, regional, and international) and are inextricably linked to the public sphere in which people can act together.&amp;lt;br\/&amp;gt;&amp;lt;!-- \/wp:paragraph --&amp;gt;&amp;lt;!-- wp:paragraph {&amp;quot;translatedWithWPMLTM&amp;quot;:&amp;quot;1&amp;quot;} --&amp;gt;(Source: CIG &ndash; Comiss&atilde;o para a Cidadania e Igualde de G&eacute;nero)&amp;lt;br\/&amp;gt;&amp;lt;!-- \/wp:paragraph --&amp;gt;&lt;\/div&gt;&lt;div class=&amp;quot;cmtt_related_articles_wrapper&amp;quot;&gt;&lt;div class=&amp;quot;cmtt_related_title cmtt_related_articles_title&amp;quot;&gt;Related Articles: &lt;\/div&gt;&lt;ul class=&amp;quot;cmtt_related&amp;quot;&gt;&lt;li class=&amp;quot;cmtt_related_item&amp;quot;&gt;&lt;a href=&amp;quot;https:\/\/xqthenews.com\/en\/your-plastic-lunchbox-is-polluting-the-planet-and-your-endocrine-system\/&amp;quot;target=&amp;quot;_blank&amp;quot;&gt;Your plastic lunchbox is polluting the planet and your endocrine system.&lt;\/a&gt;&lt;\/li&gt;&lt;li class=&amp;quot;cmtt_related_item&amp;quot;&gt;&lt;a href=&amp;quot;https:\/\/xqthenews.com\/en\/circular-economy-organic-matter-in-the-past-present-and-future\/&amp;quot;target=&amp;quot;_blank&amp;quot;&gt;Circular economy: organic matter in the past, present and future&lt;\/a&gt;&lt;\/li&gt;&lt;li class=&amp;quot;cmtt_related_item&amp;quot;&gt;&lt;a href=&amp;quot;https:\/\/xqthenews.com\/en\/italian-christmas-traditions-between-the-sacred-and-the-profane\/&amp;quot;target=&amp;quot;_blank&amp;quot;&gt;Italian Christmas traditions, between the sacred and the profane&lt;\/a&gt;&lt;\/li&gt;&lt;li class=&amp;quot;cmtt_related_item&amp;quot;&gt;&lt;a href=&amp;quot;https:\/\/xqthenews.com\/en\/brains-on-the-run-comings-goings-sometimes-returns\/&amp;quot;target=&amp;quot;_blank&amp;quot;&gt;Brains on the run: comings, goings, sometimes returns&lt;\/a&gt;&lt;\/li&gt;&lt;li class=&amp;quot;cmtt_related_item&amp;quot;&gt;&lt;a href=&amp;quot;https:\/\/xqthenews.com\/en\/where-do-business-and-society-stand-on-the-circular-economy\/&amp;quot;target=&amp;quot;_blank&amp;quot;&gt;Where do business and society stand on the circular economy?&lt;\/a&gt;&lt;\/li&gt;&lt;\/ul&gt;&lt;\/div&gt;\" href=\"https:\/\/xqthenews.com\/en\/glossary\/citizenship\/\" data-gt-translate-attributes='[{\"attribute\":\"data-cmtooltip\", \"format\":\"html\"}]' tabindex=\"0\" role=\"link\">citizens<\/a>, which translates into an increase in the use of <a class=\"glossaryLink\" aria-describedby=\"tt\" data-cmtooltip=\"&lt;div class=glossaryItemTitle&gt;Soft Modes&lt;\/div&gt;&lt;div class=glossaryItemBody&gt;&amp;lt;!-- wp:paragraph {&amp;quot;translatedWithWPMLTM&amp;quot;:&amp;quot;1&amp;quot;} --&amp;gt;Non-motorised means of transport, including walking and cycling, as well as mobility aids (skateboards, inline skates and similar).&amp;lt;br\/&amp;gt;&amp;lt;!-- \/wp:paragraph --&amp;gt;&amp;lt;!-- wp:paragraph {&amp;quot;translatedWithWPMLTM&amp;quot;:&amp;quot;1&amp;quot;} --&amp;gt;&amp;lt;em&amp;gt;(Source&amp;lt;\/em&amp;gt;: Adapted from &amp;lt;em&amp;gt;Gloss&aacute;rio do Pacote da Mobilidade - IMT - Instituto da Mobilidade e dos Transportes)&amp;lt;\/em&amp;gt;&amp;lt;br\/&amp;gt;&amp;lt;!-- \/wp:paragraph --&amp;gt;&amp;lt;!-- wp:paragraph --&amp;gt;&amp;lt;br\/&amp;gt;&amp;lt;!-- \/wp:paragraph --&amp;gt;&lt;\/div&gt;&lt;div class=&amp;quot;cmtt_related_articles_wrapper&amp;quot;&gt;&lt;div class=&amp;quot;cmtt_related_title cmtt_related_articles_title&amp;quot;&gt;Related Articles: &lt;\/div&gt;&lt;ul class=&amp;quot;cmtt_related&amp;quot;&gt;&lt;li class=&amp;quot;cmtt_related_item&amp;quot;&gt;&lt;a href=&amp;quot;https:\/\/xqthenews.com\/en\/rethinking-mobility-to-build-fit-for-future-cities\/&amp;quot;target=&amp;quot;_blank&amp;quot;&gt;Rethinking mobility to build fit-for-future cities&lt;\/a&gt;&lt;\/li&gt;&lt;li class=&amp;quot;cmtt_related_item&amp;quot;&gt;&lt;a href=&amp;quot;https:\/\/xqthenews.com\/en\/soft-and-inclusive-mobility-for-truly-environmentally-friendly-cities\/&amp;quot;target=&amp;quot;_blank&amp;quot;&gt;Soft and inclusive mobility for truly environmentally friendly cities&lt;\/a&gt;&lt;\/li&gt;&lt;\/ul&gt;&lt;\/div&gt;\" href=\"https:\/\/xqthenews.com\/en\/glossary\/soft-modes\/\" data-gt-translate-attributes='[{\"attribute\":\"data-cmtooltip\", \"format\":\"html\"}]' tabindex=\"0\" role=\"link\">soft modes<\/a> when choosing to travel, in particular the use of public passenger transport.  <\/p>\n\n\n\n<p>Shared <a class=\"glossaryLink\" aria-describedby=\"tt\" data-cmtooltip=\"&lt;div class=glossaryItemTitle&gt;Mobility&lt;\/div&gt;&lt;div class=glossaryItemBody&gt;&amp;lt;!-- wp:paragraph {&amp;quot;translatedWithWPMLTM&amp;quot;:&amp;quot;1&amp;quot;} --&amp;gt;Individual capacity to travel according to people&amp;#039;s needs and interest in travelling. The means of transport available and the accessibility offered by the transport system influence mobility, as do people&amp;#039;s individual characteristics and family environment. &amp;lt;br\/&amp;gt;&amp;lt;!-- \/wp:paragraph --&amp;gt;&amp;lt;!-- wp:paragraph {&amp;quot;translatedWithWPMLTM&amp;quot;:&amp;quot;1&amp;quot;} --&amp;gt;&amp;lt;em&amp;gt;(Source: &amp;lt;\/em&amp;gt;&amp;lt;em&amp;gt;Gloss&aacute;rio do Pacote da Mobilidade - IMT - Instituto da Mobilidade e dos Transportes)&amp;lt;\/em&amp;gt;&amp;lt;br\/&amp;gt;&amp;lt;!-- \/wp:paragraph --&amp;gt;&lt;\/div&gt;&lt;div class=&amp;quot;cmtt_related_articles_wrapper&amp;quot;&gt;&lt;div class=&amp;quot;cmtt_related_title cmtt_related_articles_title&amp;quot;&gt;Related Articles: &lt;\/div&gt;&lt;ul class=&amp;quot;cmtt_related&amp;quot;&gt;&lt;li class=&amp;quot;cmtt_related_item&amp;quot;&gt;&lt;a href=&amp;quot;https:\/\/xqthenews.com\/en\/is-there-still-time-to-save-the-planet\/&amp;quot;target=&amp;quot;_blank&amp;quot;&gt;Is there still time to save the planet?&lt;\/a&gt;&lt;\/li&gt;&lt;li class=&amp;quot;cmtt_related_item&amp;quot;&gt;&lt;a href=&amp;quot;https:\/\/xqthenews.com\/en\/rethinking-mobility-to-build-fit-for-future-cities\/&amp;quot;target=&amp;quot;_blank&amp;quot;&gt;Rethinking mobility to build fit-for-future cities&lt;\/a&gt;&lt;\/li&gt;&lt;li class=&amp;quot;cmtt_related_item&amp;quot;&gt;&lt;a href=&amp;quot;https:\/\/xqthenews.com\/en\/soft-and-inclusive-mobility-for-truly-environmentally-friendly-cities\/&amp;quot;target=&amp;quot;_blank&amp;quot;&gt;Soft and inclusive mobility for truly environmentally friendly cities&lt;\/a&gt;&lt;\/li&gt;&lt;li class=&amp;quot;cmtt_related_item&amp;quot;&gt;&lt;a href=&amp;quot;https:\/\/xqthenews.com\/en\/is-the-carbon-footprint-still-important-in-the-fight-against-the-climate-crisis\/&amp;quot;target=&amp;quot;_blank&amp;quot;&gt;Is the carbon footprint still important in the fight against the climate crisis?&lt;\/a&gt;&lt;\/li&gt;&lt;li class=&amp;quot;cmtt_related_item&amp;quot;&gt;&lt;a href=&amp;quot;https:\/\/xqthenews.com\/en\/gender-equality-and-boosting-climate-action\/&amp;quot;target=&amp;quot;_blank&amp;quot;&gt;Gender equality and boosting climate action&lt;\/a&gt;&lt;\/li&gt;&lt;\/ul&gt;&lt;\/div&gt;\" href=\"https:\/\/xqthenews.com\/en\/glossary\/mobility\/\" data-gt-translate-attributes='[{\"attribute\":\"data-cmtooltip\", \"format\":\"html\"}]' tabindex=\"0\" role=\"link\">mobility<\/a> is also a growing reality in large <a class=\"glossaryLink\" aria-describedby=\"tt\" data-cmtooltip=\"&lt;div class=glossaryItemTitle&gt;Urban&lt;\/div&gt;&lt;div class=glossaryItemBody&gt;&amp;lt;!-- wp:paragraph {&amp;quot;translatedWithWPMLTM&amp;quot;:&amp;quot;1&amp;quot;} --&amp;gt;Urban comes from the Latin word &amp;quot;urbanus&amp;quot;, meaning &amp;quot;of the city&amp;quot;. Urban is everything related to city life and the people who live in it. The urban environment has specific characteristics such as: high population density, modern infrastructure (roads, transport, schools, hospitals, etc.), residential, commercial, and industrial areas, leisure and entertainment facilities, cultural offerings, special living habits and the typical hustle and bustle of cities.&amp;lt;br\/&amp;gt;&amp;lt;!-- \/wp:paragraph --&amp;gt;&lt;\/div&gt;&lt;div class=&amp;quot;cmtt_related_articles_wrapper&amp;quot;&gt;&lt;div class=&amp;quot;cmtt_related_title cmtt_related_articles_title&amp;quot;&gt;Related Articles: &lt;\/div&gt;&lt;ul class=&amp;quot;cmtt_related&amp;quot;&gt;&lt;li class=&amp;quot;cmtt_related_item&amp;quot;&gt;&lt;a href=&amp;quot;https:\/\/xqthenews.com\/en\/environmentaleducation-as-a-paradigm-for-preventing-rural-fires\/&amp;quot;target=&amp;quot;_blank&amp;quot;&gt;Environmentaleducation as a paradigm for preventing rural fires&lt;\/a&gt;&lt;\/li&gt;&lt;li class=&amp;quot;cmtt_related_item&amp;quot;&gt;&lt;a href=&amp;quot;https:\/\/xqthenews.com\/en\/circular-economy-organic-matter-in-the-past-present-and-future\/&amp;quot;target=&amp;quot;_blank&amp;quot;&gt;Circular economy: organic matter in the past, present and future&lt;\/a&gt;&lt;\/li&gt;&lt;li class=&amp;quot;cmtt_related_item&amp;quot;&gt;&lt;a href=&amp;quot;https:\/\/xqthenews.com\/en\/green-axis-of-carrer-consell-de-cent-the-green-project-to-transform-a-barcelona-street-is-now-bearing-fruit-avocados-included\/&amp;quot;target=&amp;quot;_blank&amp;quot;&gt;Green axis of Carrer Consell de Cent: the green project to transform a Barcelona street is now bearing fruit&hellip; avocados included.&lt;\/a&gt;&lt;\/li&gt;&lt;li class=&amp;quot;cmtt_related_item&amp;quot;&gt;&lt;a href=&amp;quot;https:\/\/xqthenews.com\/en\/rethinking-mobility-to-build-fit-for-future-cities\/&amp;quot;target=&amp;quot;_blank&amp;quot;&gt;Rethinking mobility to build fit-for-future cities&lt;\/a&gt;&lt;\/li&gt;&lt;li class=&amp;quot;cmtt_related_item&amp;quot;&gt;&lt;a href=&amp;quot;https:\/\/xqthenews.com\/en\/soft-and-inclusive-mobility-for-truly-environmentally-friendly-cities\/&amp;quot;target=&amp;quot;_blank&amp;quot;&gt;Soft and inclusive mobility for truly environmentally friendly cities&lt;\/a&gt;&lt;\/li&gt;&lt;\/ul&gt;&lt;\/div&gt;\" href=\"https:\/\/xqthenews.com\/en\/glossary\/urban\/\" data-gt-translate-attributes='[{\"attribute\":\"data-cmtooltip\", \"format\":\"html\"}]' tabindex=\"0\" role=\"link\">urban<\/a> centres, emerging as a smart alternative to private car use. As well as having economic advantages, it reduces traffic and pollutant <a class=\"glossaryLink\" aria-describedby=\"tt\" data-cmtooltip=\"&lt;div class=glossaryItemTitle&gt;Emissions&lt;\/div&gt;&lt;div class=glossaryItemBody&gt;&amp;lt;!-- wp:paragraph {&amp;quot;translatedWithWPMLTM&amp;quot;:&amp;quot;1&amp;quot;} --&amp;gt;Release of greenhouse gases into the atmosphere from various sources, such as fossil fuel combustion, industrial production and agriculture.&amp;lt;br\/&amp;gt;&amp;lt;!-- \/wp:paragraph --&amp;gt;&lt;\/div&gt;&lt;div class=&amp;quot;cmtt_related_articles_wrapper&amp;quot;&gt;&lt;div class=&amp;quot;cmtt_related_title cmtt_related_articles_title&amp;quot;&gt;Related Articles: &lt;\/div&gt;&lt;ul class=&amp;quot;cmtt_related&amp;quot;&gt;&lt;li class=&amp;quot;cmtt_related_item&amp;quot;&gt;&lt;a href=&amp;quot;https:\/\/xqthenews.com\/en\/environmentaleducation-as-a-paradigm-for-preventing-rural-fires\/&amp;quot;target=&amp;quot;_blank&amp;quot;&gt;Environmentaleducation as a paradigm for preventing rural fires&lt;\/a&gt;&lt;\/li&gt;&lt;li class=&amp;quot;cmtt_related_item&amp;quot;&gt;&lt;a href=&amp;quot;https:\/\/xqthenews.com\/en\/your-plastic-lunchbox-is-polluting-the-planet-and-your-endocrine-system\/&amp;quot;target=&amp;quot;_blank&amp;quot;&gt;Your plastic lunchbox is polluting the planet and your endocrine system.&lt;\/a&gt;&lt;\/li&gt;&lt;li class=&amp;quot;cmtt_related_item&amp;quot;&gt;&lt;a href=&amp;quot;https:\/\/xqthenews.com\/en\/world-climate-summit-in-dubai-cop-28\/&amp;quot;target=&amp;quot;_blank&amp;quot;&gt;World Climate Summit in Dubai COP 28&lt;\/a&gt;&lt;\/li&gt;&lt;li class=&amp;quot;cmtt_related_item&amp;quot;&gt;&lt;a href=&amp;quot;https:\/\/xqthenews.com\/en\/is-there-still-time-to-save-the-planet\/&amp;quot;target=&amp;quot;_blank&amp;quot;&gt;Is there still time to save the planet?&lt;\/a&gt;&lt;\/li&gt;&lt;li class=&amp;quot;cmtt_related_item&amp;quot;&gt;&lt;a href=&amp;quot;https:\/\/xqthenews.com\/en\/is-the-carbon-footprint-still-important-in-the-fight-against-the-climate-crisis\/&amp;quot;target=&amp;quot;_blank&amp;quot;&gt;Is the carbon footprint still important in the fight against the climate crisis?&lt;\/a&gt;&lt;\/li&gt;&lt;\/ul&gt;&lt;\/div&gt;\" href=\"https:\/\/xqthenews.com\/en\/glossary\/emissions\/\" data-gt-translate-attributes='[{\"attribute\":\"data-cmtooltip\", \"format\":\"html\"}]' tabindex=\"0\" role=\"link\">emissions<\/a>. It includes car sharing to move several people, for example through the TVDE (Individual and Paid Transport of passengers in uncharacterised vehicles from an Electronic Platform), but also <em><a class=\"glossaryLink\" aria-describedby=\"tt\" data-cmtooltip=\"&lt;div class=glossaryItemTitle&gt;Carpooling&lt;\/div&gt;&lt;div class=glossaryItemBody&gt;&amp;lt;!-- wp:paragraph {&amp;quot;translatedWithWPMLTM&amp;quot;:&amp;quot;1&amp;quot;} --&amp;gt;An initiative in which two or more people share a private vehicle to travel the same journey or part of a similar journey.&amp;lt;br\/&amp;gt;(Source: Gloss&aacute;rio do Pacote da Mobilidade - IMT - Instituto da Mobilidade e dos Transportes)&amp;lt;br\/&amp;gt;&amp;lt;!-- \/wp:paragraph --&amp;gt;&amp;lt;!-- wp:paragraph {&amp;quot;translatedWithWPMLTM&amp;quot;:&amp;quot;1&amp;quot;} --&amp;gt;&amp;lt;em&amp;gt;(Source:&amp;lt;\/em&amp;gt; &amp;lt;em&amp;gt;Gloss&aacute;rio do Pacote da Mobilidade - IMT - Instituto da Mobilidade e dos Transportes)&amp;lt;\/em&amp;gt;&amp;lt;br\/&amp;gt;&amp;lt;!-- \/wp:paragraph --&amp;gt;&amp;lt;!-- wp:paragraph --&amp;gt;&amp;lt;br\/&amp;gt;&amp;lt;!-- \/wp:paragraph --&amp;gt;&lt;\/div&gt;&lt;div class=&amp;quot;cmtt_related_articles_wrapper&amp;quot;&gt;&lt;div class=&amp;quot;cmtt_related_title cmtt_related_articles_title&amp;quot;&gt;Related Articles: &lt;\/div&gt;&lt;ul class=&amp;quot;cmtt_related&amp;quot;&gt;&lt;li class=&amp;quot;cmtt_related_item&amp;quot;&gt;&lt;a href=&amp;quot;https:\/\/xqthenews.com\/en\/soft-and-inclusive-mobility-for-truly-environmentally-friendly-cities\/&amp;quot;target=&amp;quot;_blank&amp;quot;&gt;Soft and inclusive mobility for truly environmentally friendly cities&lt;\/a&gt;&lt;\/li&gt;&lt;\/ul&gt;&lt;\/div&gt;\" href=\"https:\/\/xqthenews.com\/en\/glossary\/carpooling\/\" data-gt-translate-attributes='[{\"attribute\":\"data-cmtooltip\", \"format\":\"html\"}]' tabindex=\"0\" role=\"link\">carpooling<\/a><\/em> and <em>car sharing<\/em>. And also the rental of scooters, bicycles and electric <em>scooters<\/em>.   <\/p>\n\n\n\n<p>The transition to non-motorised modes of transport, such as bicycles, scooters and walking, brings numerous advantages that improve the quality of <a class=\"glossaryLink\" aria-describedby=\"tt\" data-cmtooltip=\"&lt;div class=glossaryItemTitle&gt;Urban&lt;\/div&gt;&lt;div class=glossaryItemBody&gt;&amp;lt;!-- wp:paragraph {&amp;quot;translatedWithWPMLTM&amp;quot;:&amp;quot;1&amp;quot;} --&amp;gt;Urban comes from the Latin word &amp;quot;urbanus&amp;quot;, meaning &amp;quot;of the city&amp;quot;. Urban is everything related to city life and the people who live in it. The urban environment has specific characteristics such as: high population density, modern infrastructure (roads, transport, schools, hospitals, etc.), residential, commercial, and industrial areas, leisure and entertainment facilities, cultural offerings, special living habits and the typical hustle and bustle of cities.&amp;lt;br\/&amp;gt;&amp;lt;!-- \/wp:paragraph --&amp;gt;&lt;\/div&gt;&lt;div class=&amp;quot;cmtt_related_articles_wrapper&amp;quot;&gt;&lt;div class=&amp;quot;cmtt_related_title cmtt_related_articles_title&amp;quot;&gt;Related Articles: &lt;\/div&gt;&lt;ul class=&amp;quot;cmtt_related&amp;quot;&gt;&lt;li class=&amp;quot;cmtt_related_item&amp;quot;&gt;&lt;a href=&amp;quot;https:\/\/xqthenews.com\/en\/environmentaleducation-as-a-paradigm-for-preventing-rural-fires\/&amp;quot;target=&amp;quot;_blank&amp;quot;&gt;Environmentaleducation as a paradigm for preventing rural fires&lt;\/a&gt;&lt;\/li&gt;&lt;li class=&amp;quot;cmtt_related_item&amp;quot;&gt;&lt;a href=&amp;quot;https:\/\/xqthenews.com\/en\/circular-economy-organic-matter-in-the-past-present-and-future\/&amp;quot;target=&amp;quot;_blank&amp;quot;&gt;Circular economy: organic matter in the past, present and future&lt;\/a&gt;&lt;\/li&gt;&lt;li class=&amp;quot;cmtt_related_item&amp;quot;&gt;&lt;a href=&amp;quot;https:\/\/xqthenews.com\/en\/green-axis-of-carrer-consell-de-cent-the-green-project-to-transform-a-barcelona-street-is-now-bearing-fruit-avocados-included\/&amp;quot;target=&amp;quot;_blank&amp;quot;&gt;Green axis of Carrer Consell de Cent: the green project to transform a Barcelona street is now bearing fruit&hellip; avocados included.&lt;\/a&gt;&lt;\/li&gt;&lt;li class=&amp;quot;cmtt_related_item&amp;quot;&gt;&lt;a href=&amp;quot;https:\/\/xqthenews.com\/en\/rethinking-mobility-to-build-fit-for-future-cities\/&amp;quot;target=&amp;quot;_blank&amp;quot;&gt;Rethinking mobility to build fit-for-future cities&lt;\/a&gt;&lt;\/li&gt;&lt;li class=&amp;quot;cmtt_related_item&amp;quot;&gt;&lt;a href=&amp;quot;https:\/\/xqthenews.com\/en\/soft-and-inclusive-mobility-for-truly-environmentally-friendly-cities\/&amp;quot;target=&amp;quot;_blank&amp;quot;&gt;Soft and inclusive mobility for truly environmentally friendly cities&lt;\/a&gt;&lt;\/li&gt;&lt;\/ul&gt;&lt;\/div&gt;\" href=\"https:\/\/xqthenews.com\/en\/glossary\/urban\/\" data-gt-translate-attributes='[{\"attribute\":\"data-cmtooltip\", \"format\":\"html\"}]' tabindex=\"0\" role=\"link\">urban<\/a> life. However, there are obstacles to overcome, such as the lack of adequate infrastructure, the need for harmonious sharing of roads and public awareness of the adoption of these modes of travel. <\/p>\n\n\n\n<p>The benefits of non-motorised vehicles and soft <a class=\"glossaryLink\" aria-describedby=\"tt\" data-cmtooltip=\"&lt;div class=glossaryItemTitle&gt;Mobility&lt;\/div&gt;&lt;div class=glossaryItemBody&gt;&amp;lt;!-- wp:paragraph {&amp;quot;translatedWithWPMLTM&amp;quot;:&amp;quot;1&amp;quot;} --&amp;gt;Individual capacity to travel according to people&amp;#039;s needs and interest in travelling. The means of transport available and the accessibility offered by the transport system influence mobility, as do people&amp;#039;s individual characteristics and family environment. &amp;lt;br\/&amp;gt;&amp;lt;!-- \/wp:paragraph --&amp;gt;&amp;lt;!-- wp:paragraph {&amp;quot;translatedWithWPMLTM&amp;quot;:&amp;quot;1&amp;quot;} --&amp;gt;&amp;lt;em&amp;gt;(Source: &amp;lt;\/em&amp;gt;&amp;lt;em&amp;gt;Gloss&aacute;rio do Pacote da Mobilidade - IMT - Instituto da Mobilidade e dos Transportes)&amp;lt;\/em&amp;gt;&amp;lt;br\/&amp;gt;&amp;lt;!-- \/wp:paragraph --&amp;gt;&lt;\/div&gt;&lt;div class=&amp;quot;cmtt_related_articles_wrapper&amp;quot;&gt;&lt;div class=&amp;quot;cmtt_related_title cmtt_related_articles_title&amp;quot;&gt;Related Articles: &lt;\/div&gt;&lt;ul class=&amp;quot;cmtt_related&amp;quot;&gt;&lt;li class=&amp;quot;cmtt_related_item&amp;quot;&gt;&lt;a href=&amp;quot;https:\/\/xqthenews.com\/en\/is-there-still-time-to-save-the-planet\/&amp;quot;target=&amp;quot;_blank&amp;quot;&gt;Is there still time to save the planet?&lt;\/a&gt;&lt;\/li&gt;&lt;li class=&amp;quot;cmtt_related_item&amp;quot;&gt;&lt;a href=&amp;quot;https:\/\/xqthenews.com\/en\/rethinking-mobility-to-build-fit-for-future-cities\/&amp;quot;target=&amp;quot;_blank&amp;quot;&gt;Rethinking mobility to build fit-for-future cities&lt;\/a&gt;&lt;\/li&gt;&lt;li class=&amp;quot;cmtt_related_item&amp;quot;&gt;&lt;a href=&amp;quot;https:\/\/xqthenews.com\/en\/soft-and-inclusive-mobility-for-truly-environmentally-friendly-cities\/&amp;quot;target=&amp;quot;_blank&amp;quot;&gt;Soft and inclusive mobility for truly environmentally friendly cities&lt;\/a&gt;&lt;\/li&gt;&lt;li class=&amp;quot;cmtt_related_item&amp;quot;&gt;&lt;a href=&amp;quot;https:\/\/xqthenews.com\/en\/is-the-carbon-footprint-still-important-in-the-fight-against-the-climate-crisis\/&amp;quot;target=&amp;quot;_blank&amp;quot;&gt;Is the carbon footprint still important in the fight against the climate crisis?&lt;\/a&gt;&lt;\/li&gt;&lt;li class=&amp;quot;cmtt_related_item&amp;quot;&gt;&lt;a href=&amp;quot;https:\/\/xqthenews.com\/en\/gender-equality-and-boosting-climate-action\/&amp;quot;target=&amp;quot;_blank&amp;quot;&gt;Gender equality and boosting climate action&lt;\/a&gt;&lt;\/li&gt;&lt;\/ul&gt;&lt;\/div&gt;\" href=\"https:\/\/xqthenews.com\/en\/glossary\/mobility\/\" data-gt-translate-attributes='[{\"attribute\":\"data-cmtooltip\", \"format\":\"html\"}]' tabindex=\"0\" role=\"link\">mobility<\/a> include the reduction of air and <a class=\"glossaryLink\" aria-describedby=\"tt\" data-cmtooltip=\"&lt;div class=glossaryItemTitle&gt;Noise pollution&lt;\/div&gt;&lt;div class=glossaryItemBody&gt;&amp;lt;!-- wp:paragraph {&amp;quot;translatedWithWPMLTM&amp;quot;:&amp;quot;1&amp;quot;} --&amp;gt;Excessive noise produced by human activities that can have negative effects on human and animal health.&amp;lt;br\/&amp;gt;&amp;lt;!-- \/wp:paragraph --&amp;gt;&lt;\/div&gt;\" href=\"https:\/\/xqthenews.com\/en\/glossary\/noise-pollution\/\" data-gt-translate-attributes='[{\"attribute\":\"data-cmtooltip\", \"format\":\"html\"}]' tabindex=\"0\" role=\"link\">noise pollution<\/a>. It also frees up public spaces for parking and interchanges, which are given a new lease of life and transformed into green areas, social or commercial spaces, improving the <a class=\"glossaryLink\" aria-describedby=\"tt\" data-cmtooltip=\"&lt;div class=glossaryItemTitle&gt;Urban&lt;\/div&gt;&lt;div class=glossaryItemBody&gt;&amp;lt;!-- wp:paragraph {&amp;quot;translatedWithWPMLTM&amp;quot;:&amp;quot;1&amp;quot;} --&amp;gt;Urban comes from the Latin word &amp;quot;urbanus&amp;quot;, meaning &amp;quot;of the city&amp;quot;. Urban is everything related to city life and the people who live in it. The urban environment has specific characteristics such as: high population density, modern infrastructure (roads, transport, schools, hospitals, etc.), residential, commercial, and industrial areas, leisure and entertainment facilities, cultural offerings, special living habits and the typical hustle and bustle of cities.&amp;lt;br\/&amp;gt;&amp;lt;!-- \/wp:paragraph --&amp;gt;&lt;\/div&gt;&lt;div class=&amp;quot;cmtt_related_articles_wrapper&amp;quot;&gt;&lt;div class=&amp;quot;cmtt_related_title cmtt_related_articles_title&amp;quot;&gt;Related Articles: &lt;\/div&gt;&lt;ul class=&amp;quot;cmtt_related&amp;quot;&gt;&lt;li class=&amp;quot;cmtt_related_item&amp;quot;&gt;&lt;a href=&amp;quot;https:\/\/xqthenews.com\/en\/environmentaleducation-as-a-paradigm-for-preventing-rural-fires\/&amp;quot;target=&amp;quot;_blank&amp;quot;&gt;Environmentaleducation as a paradigm for preventing rural fires&lt;\/a&gt;&lt;\/li&gt;&lt;li class=&amp;quot;cmtt_related_item&amp;quot;&gt;&lt;a href=&amp;quot;https:\/\/xqthenews.com\/en\/circular-economy-organic-matter-in-the-past-present-and-future\/&amp;quot;target=&amp;quot;_blank&amp;quot;&gt;Circular economy: organic matter in the past, present and future&lt;\/a&gt;&lt;\/li&gt;&lt;li class=&amp;quot;cmtt_related_item&amp;quot;&gt;&lt;a href=&amp;quot;https:\/\/xqthenews.com\/en\/green-axis-of-carrer-consell-de-cent-the-green-project-to-transform-a-barcelona-street-is-now-bearing-fruit-avocados-included\/&amp;quot;target=&amp;quot;_blank&amp;quot;&gt;Green axis of Carrer Consell de Cent: the green project to transform a Barcelona street is now bearing fruit&hellip; avocados included.&lt;\/a&gt;&lt;\/li&gt;&lt;li class=&amp;quot;cmtt_related_item&amp;quot;&gt;&lt;a href=&amp;quot;https:\/\/xqthenews.com\/en\/rethinking-mobility-to-build-fit-for-future-cities\/&amp;quot;target=&amp;quot;_blank&amp;quot;&gt;Rethinking mobility to build fit-for-future cities&lt;\/a&gt;&lt;\/li&gt;&lt;li class=&amp;quot;cmtt_related_item&amp;quot;&gt;&lt;a href=&amp;quot;https:\/\/xqthenews.com\/en\/soft-and-inclusive-mobility-for-truly-environmentally-friendly-cities\/&amp;quot;target=&amp;quot;_blank&amp;quot;&gt;Soft and inclusive mobility for truly environmentally friendly cities&lt;\/a&gt;&lt;\/li&gt;&lt;\/ul&gt;&lt;\/div&gt;\" href=\"https:\/\/xqthenews.com\/en\/glossary\/urban\/\" data-gt-translate-attributes='[{\"attribute\":\"data-cmtooltip\", \"format\":\"html\"}]' tabindex=\"0\" role=\"link\">urban<\/a> environment and pedestrian safety. Moreover, soft <a class=\"glossaryLink\" aria-describedby=\"tt\" data-cmtooltip=\"&lt;div class=glossaryItemTitle&gt;Mobility&lt;\/div&gt;&lt;div class=glossaryItemBody&gt;&amp;lt;!-- wp:paragraph {&amp;quot;translatedWithWPMLTM&amp;quot;:&amp;quot;1&amp;quot;} --&amp;gt;Individual capacity to travel according to people&amp;#039;s needs and interest in travelling. The means of transport available and the accessibility offered by the transport system influence mobility, as do people&amp;#039;s individual characteristics and family environment. &amp;lt;br\/&amp;gt;&amp;lt;!-- \/wp:paragraph --&amp;gt;&amp;lt;!-- wp:paragraph {&amp;quot;translatedWithWPMLTM&amp;quot;:&amp;quot;1&amp;quot;} --&amp;gt;&amp;lt;em&amp;gt;(Source: &amp;lt;\/em&amp;gt;&amp;lt;em&amp;gt;Gloss&aacute;rio do Pacote da Mobilidade - IMT - Instituto da Mobilidade e dos Transportes)&amp;lt;\/em&amp;gt;&amp;lt;br\/&amp;gt;&amp;lt;!-- \/wp:paragraph --&amp;gt;&lt;\/div&gt;&lt;div class=&amp;quot;cmtt_related_articles_wrapper&amp;quot;&gt;&lt;div class=&amp;quot;cmtt_related_title cmtt_related_articles_title&amp;quot;&gt;Related Articles: &lt;\/div&gt;&lt;ul class=&amp;quot;cmtt_related&amp;quot;&gt;&lt;li class=&amp;quot;cmtt_related_item&amp;quot;&gt;&lt;a href=&amp;quot;https:\/\/xqthenews.com\/en\/is-there-still-time-to-save-the-planet\/&amp;quot;target=&amp;quot;_blank&amp;quot;&gt;Is there still time to save the planet?&lt;\/a&gt;&lt;\/li&gt;&lt;li class=&amp;quot;cmtt_related_item&amp;quot;&gt;&lt;a href=&amp;quot;https:\/\/xqthenews.com\/en\/rethinking-mobility-to-build-fit-for-future-cities\/&amp;quot;target=&amp;quot;_blank&amp;quot;&gt;Rethinking mobility to build fit-for-future cities&lt;\/a&gt;&lt;\/li&gt;&lt;li class=&amp;quot;cmtt_related_item&amp;quot;&gt;&lt;a href=&amp;quot;https:\/\/xqthenews.com\/en\/soft-and-inclusive-mobility-for-truly-environmentally-friendly-cities\/&amp;quot;target=&amp;quot;_blank&amp;quot;&gt;Soft and inclusive mobility for truly environmentally friendly cities&lt;\/a&gt;&lt;\/li&gt;&lt;li class=&amp;quot;cmtt_related_item&amp;quot;&gt;&lt;a href=&amp;quot;https:\/\/xqthenews.com\/en\/is-the-carbon-footprint-still-important-in-the-fight-against-the-climate-crisis\/&amp;quot;target=&amp;quot;_blank&amp;quot;&gt;Is the carbon footprint still important in the fight against the climate crisis?&lt;\/a&gt;&lt;\/li&gt;&lt;li class=&amp;quot;cmtt_related_item&amp;quot;&gt;&lt;a href=&amp;quot;https:\/\/xqthenews.com\/en\/gender-equality-and-boosting-climate-action\/&amp;quot;target=&amp;quot;_blank&amp;quot;&gt;Gender equality and boosting climate action&lt;\/a&gt;&lt;\/li&gt;&lt;\/ul&gt;&lt;\/div&gt;\" href=\"https:\/\/xqthenews.com\/en\/glossary\/mobility\/\" data-gt-translate-attributes='[{\"attribute\":\"data-cmtooltip\", \"format\":\"html\"}]' tabindex=\"0\" role=\"link\">mobility<\/a> is also associated with health, as the use of active means of transport that require physical effort, such as walking or cycling, promotes a healthier and more active population, contributing to the physical and mental well-being of the people who adopt these modes of travel.  <\/p>\n\n\n\n<p>In this way, by adopting the principles of the <a class=\"glossaryLink\"  aria-describedby=\"tt\"  data-cmtooltip=\"&lt;div class=glossaryItemTitle&gt;UN&lt;\/div&gt;&lt;div class=glossaryItemBody&gt;&amp;lt;!-- wp:paragraph {&amp;quot;translatedWithWPMLTM&amp;quot;:&amp;quot;1&amp;quot;} --&amp;gt;The UN (United Nations) is an international entity founded in 1945 to promote global cooperation and peace, composed of 193 member states.&amp;lt;br\/&amp;gt;&amp;lt;!-- \/wp:paragraph --&amp;gt;&lt;\/div&gt;&lt;div class=&amp;quot;cmtt_related_articles_wrapper&amp;quot;&gt;&lt;div class=&amp;quot;cmtt_related_title cmtt_related_articles_title&amp;quot;&gt;Related Articles: &lt;\/div&gt;&lt;ul class=&amp;quot;cmtt_related&amp;quot;&gt;&lt;li class=&amp;quot;cmtt_related_item&amp;quot;&gt;&lt;a href=&amp;quot;https:\/\/xqthenews.com\/en\/your-plastic-lunchbox-is-polluting-the-planet-and-your-endocrine-system\/&amp;quot;target=&amp;quot;_blank&amp;quot;&gt;Your plastic lunchbox is polluting the planet and your endocrine system.&lt;\/a&gt;&lt;\/li&gt;&lt;li class=&amp;quot;cmtt_related_item&amp;quot;&gt;&lt;a href=&amp;quot;https:\/\/xqthenews.com\/en\/world-climate-summit-in-dubai-cop-28\/&amp;quot;target=&amp;quot;_blank&amp;quot;&gt;World Climate Summit in Dubai COP 28&lt;\/a&gt;&lt;\/li&gt;&lt;li class=&amp;quot;cmtt_related_item&amp;quot;&gt;&lt;a href=&amp;quot;https:\/\/xqthenews.com\/es\/homepage\/&amp;quot;target=&amp;quot;_blank&amp;quot;&gt;Homepage&lt;\/a&gt;&lt;\/li&gt;&lt;li class=&amp;quot;cmtt_related_item&amp;quot;&gt;&lt;a href=&amp;quot;https:\/\/xqthenews.com\/en\/&amp;quot;target=&amp;quot;_blank&amp;quot;&gt;Homepage&lt;\/a&gt;&lt;\/li&gt;&lt;li class=&amp;quot;cmtt_related_item&amp;quot;&gt;&lt;a href=&amp;quot;https:\/\/xqthenews.com\/it\/homepage\/&amp;quot;target=&amp;quot;_blank&amp;quot;&gt;Homepage&lt;\/a&gt;&lt;\/li&gt;&lt;\/ul&gt;&lt;\/div&gt;\"  href=\"https:\/\/xqthenews.com\/en\/glossary\/un\/\"  data-gt-translate-attributes='[{\"attribute\":\"data-cmtooltip\", \"format\":\"html\"}]' tabindex='0' role='link'>UN<\/a> <a class=\"glossaryLink\" aria-describedby=\"tt\" data-cmtooltip=\"&lt;div class=glossaryItemTitle&gt;Sustainable Development Goals&lt;\/div&gt;&lt;div class=glossaryItemBody&gt;&amp;lt;!-- wp:paragraph {&amp;quot;translatedWithWPMLTM&amp;quot;:&amp;quot;1&amp;quot;} --&amp;gt;The SDGs define the global priorities and aspirations for 2030 in areas that affect the quality of life of all the world&amp;#039;s citizens and those yet to come.&amp;lt;br\/&amp;gt;&amp;lt;!-- \/wp:paragraph --&amp;gt;&amp;lt;!-- wp:paragraph {&amp;quot;translatedWithWPMLTM&amp;quot;:&amp;quot;1&amp;quot;} --&amp;gt;There are 17 Sustainable Development Goals (SDGs) that represent an urgent call to action from all countries - developed and developing - for a global partnership. The SDGs recognise that the eradication of poverty and other deprivations must be accompanied by strategies that improve health and education, reduce inequality, and stimulate economic growth - while combating climate change and preserving ecosystems.&amp;lt;br\/&amp;gt;&amp;lt;!-- \/wp:paragraph --&amp;gt;&amp;lt;!-- wp:paragraph {&amp;quot;translatedWithWPMLTM&amp;quot;:&amp;quot;1&amp;quot;} --&amp;gt;These global goals undertaken by the 193 countries of the United Nations have the ambition to &amp;quot;leave no-one behind&rdquo; by establishing a common language for all stakeholders, set sustainability targets focussing on critical areas for humanity, and are structured around 5 Principles: Planet, People, Prosperity, Peace and Partnerships.&amp;lt;br\/&amp;gt;&amp;lt;!-- \/wp:paragraph --&amp;gt;&amp;lt;!-- wp:paragraph {&amp;quot;translatedWithWPMLTM&amp;quot;:&amp;quot;1&amp;quot;} --&amp;gt;(Source: ODS.PT)&amp;lt;br\/&amp;gt;&amp;lt;!-- \/wp:paragraph --&amp;gt;&lt;\/div&gt;&lt;div class=&amp;quot;cmtt_related_articles_wrapper&amp;quot;&gt;&lt;div class=&amp;quot;cmtt_related_title cmtt_related_articles_title&amp;quot;&gt;Related Articles: &lt;\/div&gt;&lt;ul class=&amp;quot;cmtt_related&amp;quot;&gt;&lt;li class=&amp;quot;cmtt_related_item&amp;quot;&gt;&lt;a href=&amp;quot;https:\/\/xqthenews.com\/en\/circular-economy-organic-matter-in-the-past-present-and-future\/&amp;quot;target=&amp;quot;_blank&amp;quot;&gt;Circular economy: organic matter in the past, present and future&lt;\/a&gt;&lt;\/li&gt;&lt;li class=&amp;quot;cmtt_related_item&amp;quot;&gt;&lt;a href=&amp;quot;https:\/\/xqthenews.com\/en\/is-there-still-time-to-save-the-planet\/&amp;quot;target=&amp;quot;_blank&amp;quot;&gt;Is there still time to save the planet?&lt;\/a&gt;&lt;\/li&gt;&lt;li class=&amp;quot;cmtt_related_item&amp;quot;&gt;&lt;a href=&amp;quot;https:\/\/xqthenews.com\/en\/soft-and-inclusive-mobility-for-truly-environmentally-friendly-cities\/&amp;quot;target=&amp;quot;_blank&amp;quot;&gt;Soft and inclusive mobility for truly environmentally friendly cities&lt;\/a&gt;&lt;\/li&gt;&lt;li class=&amp;quot;cmtt_related_item&amp;quot;&gt;&lt;a href=&amp;quot;https:\/\/xqthenews.com\/en\/is-the-carbon-footprint-still-important-in-the-fight-against-the-climate-crisis\/&amp;quot;target=&amp;quot;_blank&amp;quot;&gt;Is the carbon footprint still important in the fight against the climate crisis?&lt;\/a&gt;&lt;\/li&gt;&lt;li class=&amp;quot;cmtt_related_item&amp;quot;&gt;&lt;a href=&amp;quot;https:\/\/xqthenews.com\/en\/discover-the-earth-charter-and-the-sustainable-development-goals-principles-for-a-new-way-of-thinking-and-objectives-for-a-new-direction\/&amp;quot;target=&amp;quot;_blank&amp;quot;&gt;Discover the Earth Charter and the Sustainable Development Goals: principles for a new way of thinking and objectives for a new direction&lt;\/a&gt;&lt;\/li&gt;&lt;\/ul&gt;&lt;\/div&gt;\" href=\"https:\/\/xqthenews.com\/en\/glossary\/sustainable-development-goals-sdgs\/\" data-gt-translate-attributes='[{\"attribute\":\"data-cmtooltip\", \"format\":\"html\"}]' tabindex=\"0\" role=\"link\">Sustainable Development Goals<\/a>, investing in soft <a class=\"glossaryLink\" aria-describedby=\"tt\" data-cmtooltip=\"&lt;div class=glossaryItemTitle&gt;Mobility&lt;\/div&gt;&lt;div class=glossaryItemBody&gt;&amp;lt;!-- wp:paragraph {&amp;quot;translatedWithWPMLTM&amp;quot;:&amp;quot;1&amp;quot;} --&amp;gt;Individual capacity to travel according to people&amp;#039;s needs and interest in travelling. The means of transport available and the accessibility offered by the transport system influence mobility, as do people&amp;#039;s individual characteristics and family environment. &amp;lt;br\/&amp;gt;&amp;lt;!-- \/wp:paragraph --&amp;gt;&amp;lt;!-- wp:paragraph {&amp;quot;translatedWithWPMLTM&amp;quot;:&amp;quot;1&amp;quot;} --&amp;gt;&amp;lt;em&amp;gt;(Source: &amp;lt;\/em&amp;gt;&amp;lt;em&amp;gt;Gloss&aacute;rio do Pacote da Mobilidade - IMT - Instituto da Mobilidade e dos Transportes)&amp;lt;\/em&amp;gt;&amp;lt;br\/&amp;gt;&amp;lt;!-- \/wp:paragraph --&amp;gt;&lt;\/div&gt;&lt;div class=&amp;quot;cmtt_related_articles_wrapper&amp;quot;&gt;&lt;div class=&amp;quot;cmtt_related_title cmtt_related_articles_title&amp;quot;&gt;Related Articles: &lt;\/div&gt;&lt;ul class=&amp;quot;cmtt_related&amp;quot;&gt;&lt;li class=&amp;quot;cmtt_related_item&amp;quot;&gt;&lt;a href=&amp;quot;https:\/\/xqthenews.com\/en\/is-there-still-time-to-save-the-planet\/&amp;quot;target=&amp;quot;_blank&amp;quot;&gt;Is there still time to save the planet?&lt;\/a&gt;&lt;\/li&gt;&lt;li class=&amp;quot;cmtt_related_item&amp;quot;&gt;&lt;a href=&amp;quot;https:\/\/xqthenews.com\/en\/rethinking-mobility-to-build-fit-for-future-cities\/&amp;quot;target=&amp;quot;_blank&amp;quot;&gt;Rethinking mobility to build fit-for-future cities&lt;\/a&gt;&lt;\/li&gt;&lt;li class=&amp;quot;cmtt_related_item&amp;quot;&gt;&lt;a href=&amp;quot;https:\/\/xqthenews.com\/en\/soft-and-inclusive-mobility-for-truly-environmentally-friendly-cities\/&amp;quot;target=&amp;quot;_blank&amp;quot;&gt;Soft and inclusive mobility for truly environmentally friendly cities&lt;\/a&gt;&lt;\/li&gt;&lt;li class=&amp;quot;cmtt_related_item&amp;quot;&gt;&lt;a href=&amp;quot;https:\/\/xqthenews.com\/en\/is-the-carbon-footprint-still-important-in-the-fight-against-the-climate-crisis\/&amp;quot;target=&amp;quot;_blank&amp;quot;&gt;Is the carbon footprint still important in the fight against the climate crisis?&lt;\/a&gt;&lt;\/li&gt;&lt;li class=&amp;quot;cmtt_related_item&amp;quot;&gt;&lt;a href=&amp;quot;https:\/\/xqthenews.com\/en\/gender-equality-and-boosting-climate-action\/&amp;quot;target=&amp;quot;_blank&amp;quot;&gt;Gender equality and boosting climate action&lt;\/a&gt;&lt;\/li&gt;&lt;\/ul&gt;&lt;\/div&gt;\" href=\"https:\/\/xqthenews.com\/en\/glossary\/mobility\/\" data-gt-translate-attributes='[{\"attribute\":\"data-cmtooltip\", \"format\":\"html\"}]' tabindex=\"0\" role=\"link\">mobility<\/a> infrastructure such as safe pavements, well-marked bike lanes, along with educational campaigns and encouraging active <a class=\"glossaryLink\" aria-describedby=\"tt\" data-cmtooltip=\"&lt;div class=glossaryItemTitle&gt;Urban&lt;\/div&gt;&lt;div class=glossaryItemBody&gt;&amp;lt;!-- wp:paragraph {&amp;quot;translatedWithWPMLTM&amp;quot;:&amp;quot;1&amp;quot;} --&amp;gt;Urban comes from the Latin word &amp;quot;urbanus&amp;quot;, meaning &amp;quot;of the city&amp;quot;. Urban is everything related to city life and the people who live in it. The urban environment has specific characteristics such as: high population density, modern infrastructure (roads, transport, schools, hospitals, etc.), residential, commercial, and industrial areas, leisure and entertainment facilities, cultural offerings, special living habits and the typical hustle and bustle of cities.&amp;lt;br\/&amp;gt;&amp;lt;!-- \/wp:paragraph --&amp;gt;&lt;\/div&gt;&lt;div class=&amp;quot;cmtt_related_articles_wrapper&amp;quot;&gt;&lt;div class=&amp;quot;cmtt_related_title cmtt_related_articles_title&amp;quot;&gt;Related Articles: &lt;\/div&gt;&lt;ul class=&amp;quot;cmtt_related&amp;quot;&gt;&lt;li class=&amp;quot;cmtt_related_item&amp;quot;&gt;&lt;a href=&amp;quot;https:\/\/xqthenews.com\/en\/environmentaleducation-as-a-paradigm-for-preventing-rural-fires\/&amp;quot;target=&amp;quot;_blank&amp;quot;&gt;Environmentaleducation as a paradigm for preventing rural fires&lt;\/a&gt;&lt;\/li&gt;&lt;li class=&amp;quot;cmtt_related_item&amp;quot;&gt;&lt;a href=&amp;quot;https:\/\/xqthenews.com\/en\/circular-economy-organic-matter-in-the-past-present-and-future\/&amp;quot;target=&amp;quot;_blank&amp;quot;&gt;Circular economy: organic matter in the past, present and future&lt;\/a&gt;&lt;\/li&gt;&lt;li class=&amp;quot;cmtt_related_item&amp;quot;&gt;&lt;a href=&amp;quot;https:\/\/xqthenews.com\/en\/green-axis-of-carrer-consell-de-cent-the-green-project-to-transform-a-barcelona-street-is-now-bearing-fruit-avocados-included\/&amp;quot;target=&amp;quot;_blank&amp;quot;&gt;Green axis of Carrer Consell de Cent: the green project to transform a Barcelona street is now bearing fruit&hellip; avocados included.&lt;\/a&gt;&lt;\/li&gt;&lt;li class=&amp;quot;cmtt_related_item&amp;quot;&gt;&lt;a href=&amp;quot;https:\/\/xqthenews.com\/en\/rethinking-mobility-to-build-fit-for-future-cities\/&amp;quot;target=&amp;quot;_blank&amp;quot;&gt;Rethinking mobility to build fit-for-future cities&lt;\/a&gt;&lt;\/li&gt;&lt;li class=&amp;quot;cmtt_related_item&amp;quot;&gt;&lt;a href=&amp;quot;https:\/\/xqthenews.com\/en\/soft-and-inclusive-mobility-for-truly-environmentally-friendly-cities\/&amp;quot;target=&amp;quot;_blank&amp;quot;&gt;Soft and inclusive mobility for truly environmentally friendly cities&lt;\/a&gt;&lt;\/li&gt;&lt;\/ul&gt;&lt;\/div&gt;\" href=\"https:\/\/xqthenews.com\/en\/glossary\/urban\/\" data-gt-translate-attributes='[{\"attribute\":\"data-cmtooltip\", \"format\":\"html\"}]' tabindex=\"0\" role=\"link\">urban<\/a> <a class=\"glossaryLink\" aria-describedby=\"tt\" data-cmtooltip=\"&lt;div class=glossaryItemTitle&gt;Mobility&lt;\/div&gt;&lt;div class=glossaryItemBody&gt;&amp;lt;!-- wp:paragraph {&amp;quot;translatedWithWPMLTM&amp;quot;:&amp;quot;1&amp;quot;} --&amp;gt;Individual capacity to travel according to people&amp;#039;s needs and interest in travelling. The means of transport available and the accessibility offered by the transport system influence mobility, as do people&amp;#039;s individual characteristics and family environment. &amp;lt;br\/&amp;gt;&amp;lt;!-- \/wp:paragraph --&amp;gt;&amp;lt;!-- wp:paragraph {&amp;quot;translatedWithWPMLTM&amp;quot;:&amp;quot;1&amp;quot;} --&amp;gt;&amp;lt;em&amp;gt;(Source: &amp;lt;\/em&amp;gt;&amp;lt;em&amp;gt;Gloss&aacute;rio do Pacote da Mobilidade - IMT - Instituto da Mobilidade e dos Transportes)&amp;lt;\/em&amp;gt;&amp;lt;br\/&amp;gt;&amp;lt;!-- \/wp:paragraph --&amp;gt;&lt;\/div&gt;&lt;div class=&amp;quot;cmtt_related_articles_wrapper&amp;quot;&gt;&lt;div class=&amp;quot;cmtt_related_title cmtt_related_articles_title&amp;quot;&gt;Related Articles: &lt;\/div&gt;&lt;ul class=&amp;quot;cmtt_related&amp;quot;&gt;&lt;li class=&amp;quot;cmtt_related_item&amp;quot;&gt;&lt;a href=&amp;quot;https:\/\/xqthenews.com\/en\/is-there-still-time-to-save-the-planet\/&amp;quot;target=&amp;quot;_blank&amp;quot;&gt;Is there still time to save the planet?&lt;\/a&gt;&lt;\/li&gt;&lt;li class=&amp;quot;cmtt_related_item&amp;quot;&gt;&lt;a href=&amp;quot;https:\/\/xqthenews.com\/en\/rethinking-mobility-to-build-fit-for-future-cities\/&amp;quot;target=&amp;quot;_blank&amp;quot;&gt;Rethinking mobility to build fit-for-future cities&lt;\/a&gt;&lt;\/li&gt;&lt;li class=&amp;quot;cmtt_related_item&amp;quot;&gt;&lt;a href=&amp;quot;https:\/\/xqthenews.com\/en\/soft-and-inclusive-mobility-for-truly-environmentally-friendly-cities\/&amp;quot;target=&amp;quot;_blank&amp;quot;&gt;Soft and inclusive mobility for truly environmentally friendly cities&lt;\/a&gt;&lt;\/li&gt;&lt;li class=&amp;quot;cmtt_related_item&amp;quot;&gt;&lt;a href=&amp;quot;https:\/\/xqthenews.com\/en\/is-the-carbon-footprint-still-important-in-the-fight-against-the-climate-crisis\/&amp;quot;target=&amp;quot;_blank&amp;quot;&gt;Is the carbon footprint still important in the fight against the climate crisis?&lt;\/a&gt;&lt;\/li&gt;&lt;li class=&amp;quot;cmtt_related_item&amp;quot;&gt;&lt;a href=&amp;quot;https:\/\/xqthenews.com\/en\/gender-equality-and-boosting-climate-action\/&amp;quot;target=&amp;quot;_blank&amp;quot;&gt;Gender equality and boosting climate action&lt;\/a&gt;&lt;\/li&gt;&lt;\/ul&gt;&lt;\/div&gt;\" href=\"https:\/\/xqthenews.com\/en\/glossary\/mobility\/\" data-gt-translate-attributes='[{\"attribute\":\"data-cmtooltip\", \"format\":\"html\"}]' tabindex=\"0\" role=\"link\">mobility<\/a>, we enable cities to achieve higher levels of <a class=\"glossaryLink\" aria-describedby=\"tt\" data-cmtooltip=\"&lt;div class=glossaryItemTitle&gt;Sustainability&lt;\/div&gt;&lt;div class=glossaryItemBody&gt;&amp;lt;!-- wp:paragraph {&amp;quot;translatedWithWPMLTM&amp;quot;:&amp;quot;1&amp;quot;} --&amp;gt;The ability of a system to maintain itself in balance. The term has been used to describe the balances that human beings must maintain in order to secure their living conditions and ensure their continuity on the planet. In this sense, sustainability refers to the way humanity must interact with the planet&amp;#039;s resources so that meeting the needs of the present does not compromise the future.&amp;lt;br\/&amp;gt;&amp;lt;!-- \/wp:paragraph --&amp;gt;&amp;lt;!-- wp:paragraph {&amp;quot;translatedWithWPMLTM&amp;quot;:&amp;quot;1&amp;quot;} --&amp;gt;Source: https:\/\/florestas.pt\/saiba-mais\/qual-o-significado-de-sustentabilidade\/&amp;lt;br\/&amp;gt;&amp;lt;!-- \/wp:paragraph --&amp;gt;&lt;\/div&gt;&lt;div class=&amp;quot;cmtt_related_articles_wrapper&amp;quot;&gt;&lt;div class=&amp;quot;cmtt_related_title cmtt_related_articles_title&amp;quot;&gt;Related Articles: &lt;\/div&gt;&lt;ul class=&amp;quot;cmtt_related&amp;quot;&gt;&lt;li class=&amp;quot;cmtt_related_item&amp;quot;&gt;&lt;a href=&amp;quot;https:\/\/xqthenews.com\/en\/environmentaleducation-as-a-paradigm-for-preventing-rural-fires\/&amp;quot;target=&amp;quot;_blank&amp;quot;&gt;Environmentaleducation as a paradigm for preventing rural fires&lt;\/a&gt;&lt;\/li&gt;&lt;li class=&amp;quot;cmtt_related_item&amp;quot;&gt;&lt;a href=&amp;quot;https:\/\/xqthenews.com\/en\/world-climate-summit-in-dubai-cop-28\/&amp;quot;target=&amp;quot;_blank&amp;quot;&gt;World Climate Summit in Dubai COP 28&lt;\/a&gt;&lt;\/li&gt;&lt;li class=&amp;quot;cmtt_related_item&amp;quot;&gt;&lt;a href=&amp;quot;https:\/\/xqthenews.com\/en\/where-do-business-and-society-stand-on-the-circular-economy\/&amp;quot;target=&amp;quot;_blank&amp;quot;&gt;Where do business and society stand on the circular economy?&lt;\/a&gt;&lt;\/li&gt;&lt;li class=&amp;quot;cmtt_related_item&amp;quot;&gt;&lt;a href=&amp;quot;https:\/\/xqthenews.com\/en\/the-elected-parliament-will-set-the-course-for-europe-in-2030\/&amp;quot;target=&amp;quot;_blank&amp;quot;&gt;The elected Parliament will set the course for Europe in 2030.&lt;\/a&gt;&lt;\/li&gt;&lt;li class=&amp;quot;cmtt_related_item&amp;quot;&gt;&lt;a href=&amp;quot;https:\/\/xqthenews.com\/en\/from-trend-to-trash-the-wicked-face-of-fast-fashion\/&amp;quot;target=&amp;quot;_blank&amp;quot;&gt;From trend to trash: the wicked face of fast fashion&lt;\/a&gt;&lt;\/li&gt;&lt;\/ul&gt;&lt;\/div&gt;\" href=\"https:\/\/xqthenews.com\/en\/glossary\/sustainability\/\" data-gt-translate-attributes='[{\"attribute\":\"data-cmtooltip\", \"format\":\"html\"}]' tabindex=\"0\" role=\"link\">sustainability<\/a>, health and inclusion.<\/p>\n\n\n\n<p>With this in mind, we are aware that the collective awareness of society is a very important part of this process and must be reinforced, as <a class=\"glossaryLink\" aria-describedby=\"tt\" data-cmtooltip=\"&lt;div class=glossaryItemTitle&gt;Mobility&lt;\/div&gt;&lt;div class=glossaryItemBody&gt;&amp;lt;!-- wp:paragraph {&amp;quot;translatedWithWPMLTM&amp;quot;:&amp;quot;1&amp;quot;} --&amp;gt;Individual capacity to travel according to people&amp;#039;s needs and interest in travelling. The means of transport available and the accessibility offered by the transport system influence mobility, as do people&amp;#039;s individual characteristics and family environment. &amp;lt;br\/&amp;gt;&amp;lt;!-- \/wp:paragraph --&amp;gt;&amp;lt;!-- wp:paragraph {&amp;quot;translatedWithWPMLTM&amp;quot;:&amp;quot;1&amp;quot;} --&amp;gt;&amp;lt;em&amp;gt;(Source: &amp;lt;\/em&amp;gt;&amp;lt;em&amp;gt;Gloss&aacute;rio do Pacote da Mobilidade - IMT - Instituto da Mobilidade e dos Transportes)&amp;lt;\/em&amp;gt;&amp;lt;br\/&amp;gt;&amp;lt;!-- \/wp:paragraph --&amp;gt;&lt;\/div&gt;&lt;div class=&amp;quot;cmtt_related_articles_wrapper&amp;quot;&gt;&lt;div class=&amp;quot;cmtt_related_title cmtt_related_articles_title&amp;quot;&gt;Related Articles: &lt;\/div&gt;&lt;ul class=&amp;quot;cmtt_related&amp;quot;&gt;&lt;li class=&amp;quot;cmtt_related_item&amp;quot;&gt;&lt;a href=&amp;quot;https:\/\/xqthenews.com\/en\/is-there-still-time-to-save-the-planet\/&amp;quot;target=&amp;quot;_blank&amp;quot;&gt;Is there still time to save the planet?&lt;\/a&gt;&lt;\/li&gt;&lt;li class=&amp;quot;cmtt_related_item&amp;quot;&gt;&lt;a href=&amp;quot;https:\/\/xqthenews.com\/en\/rethinking-mobility-to-build-fit-for-future-cities\/&amp;quot;target=&amp;quot;_blank&amp;quot;&gt;Rethinking mobility to build fit-for-future cities&lt;\/a&gt;&lt;\/li&gt;&lt;li class=&amp;quot;cmtt_related_item&amp;quot;&gt;&lt;a href=&amp;quot;https:\/\/xqthenews.com\/en\/soft-and-inclusive-mobility-for-truly-environmentally-friendly-cities\/&amp;quot;target=&amp;quot;_blank&amp;quot;&gt;Soft and inclusive mobility for truly environmentally friendly cities&lt;\/a&gt;&lt;\/li&gt;&lt;li class=&amp;quot;cmtt_related_item&amp;quot;&gt;&lt;a href=&amp;quot;https:\/\/xqthenews.com\/en\/is-the-carbon-footprint-still-important-in-the-fight-against-the-climate-crisis\/&amp;quot;target=&amp;quot;_blank&amp;quot;&gt;Is the carbon footprint still important in the fight against the climate crisis?&lt;\/a&gt;&lt;\/li&gt;&lt;li class=&amp;quot;cmtt_related_item&amp;quot;&gt;&lt;a href=&amp;quot;https:\/\/xqthenews.com\/en\/gender-equality-and-boosting-climate-action\/&amp;quot;target=&amp;quot;_blank&amp;quot;&gt;Gender equality and boosting climate action&lt;\/a&gt;&lt;\/li&gt;&lt;\/ul&gt;&lt;\/div&gt;\" href=\"https:\/\/xqthenews.com\/en\/glossary\/mobility\/\" data-gt-translate-attributes='[{\"attribute\":\"data-cmtooltip\", \"format\":\"html\"}]' tabindex=\"0\" role=\"link\">mobility<\/a> is largely the result of individual choices, as corroborated by the findings of the first Europ Assistance <a class=\"glossaryLink\" aria-describedby=\"tt\" data-cmtooltip=\"&lt;div class=glossaryItemTitle&gt;Mobility&lt;\/div&gt;&lt;div class=glossaryItemBody&gt;&amp;lt;!-- wp:paragraph {&amp;quot;translatedWithWPMLTM&amp;quot;:&amp;quot;1&amp;quot;} --&amp;gt;Individual capacity to travel according to people&amp;#039;s needs and interest in travelling. The means of transport available and the accessibility offered by the transport system influence mobility, as do people&amp;#039;s individual characteristics and family environment. &amp;lt;br\/&amp;gt;&amp;lt;!-- \/wp:paragraph --&amp;gt;&amp;lt;!-- wp:paragraph {&amp;quot;translatedWithWPMLTM&amp;quot;:&amp;quot;1&amp;quot;} --&amp;gt;&amp;lt;em&amp;gt;(Source: &amp;lt;\/em&amp;gt;&amp;lt;em&amp;gt;Gloss&aacute;rio do Pacote da Mobilidade - IMT - Instituto da Mobilidade e dos Transportes)&amp;lt;\/em&amp;gt;&amp;lt;br\/&amp;gt;&amp;lt;!-- \/wp:paragraph --&amp;gt;&lt;\/div&gt;&lt;div class=&amp;quot;cmtt_related_articles_wrapper&amp;quot;&gt;&lt;div class=&amp;quot;cmtt_related_title cmtt_related_articles_title&amp;quot;&gt;Related Articles: &lt;\/div&gt;&lt;ul class=&amp;quot;cmtt_related&amp;quot;&gt;&lt;li class=&amp;quot;cmtt_related_item&amp;quot;&gt;&lt;a href=&amp;quot;https:\/\/xqthenews.com\/en\/is-there-still-time-to-save-the-planet\/&amp;quot;target=&amp;quot;_blank&amp;quot;&gt;Is there still time to save the planet?&lt;\/a&gt;&lt;\/li&gt;&lt;li class=&amp;quot;cmtt_related_item&amp;quot;&gt;&lt;a href=&amp;quot;https:\/\/xqthenews.com\/en\/rethinking-mobility-to-build-fit-for-future-cities\/&amp;quot;target=&amp;quot;_blank&amp;quot;&gt;Rethinking mobility to build fit-for-future cities&lt;\/a&gt;&lt;\/li&gt;&lt;li class=&amp;quot;cmtt_related_item&amp;quot;&gt;&lt;a href=&amp;quot;https:\/\/xqthenews.com\/en\/soft-and-inclusive-mobility-for-truly-environmentally-friendly-cities\/&amp;quot;target=&amp;quot;_blank&amp;quot;&gt;Soft and inclusive mobility for truly environmentally friendly cities&lt;\/a&gt;&lt;\/li&gt;&lt;li class=&amp;quot;cmtt_related_item&amp;quot;&gt;&lt;a href=&amp;quot;https:\/\/xqthenews.com\/en\/is-the-carbon-footprint-still-important-in-the-fight-against-the-climate-crisis\/&amp;quot;target=&amp;quot;_blank&amp;quot;&gt;Is the carbon footprint still important in the fight against the climate crisis?&lt;\/a&gt;&lt;\/li&gt;&lt;li class=&amp;quot;cmtt_related_item&amp;quot;&gt;&lt;a href=&amp;quot;https:\/\/xqthenews.com\/en\/gender-equality-and-boosting-climate-action\/&amp;quot;target=&amp;quot;_blank&amp;quot;&gt;Gender equality and boosting climate action&lt;\/a&gt;&lt;\/li&gt;&lt;\/ul&gt;&lt;\/div&gt;\" href=\"https:\/\/xqthenews.com\/en\/glossary\/mobility\/\" data-gt-translate-attributes='[{\"attribute\":\"data-cmtooltip\", \"format\":\"html\"}]' tabindex=\"0\" role=\"link\">Mobility<\/a> <a class=\"glossaryLink\" aria-describedby=\"tt\" data-cmtooltip=\"&lt;div class=glossaryItemTitle&gt;Barometer&lt;\/div&gt;&lt;div class=glossaryItemBody&gt;&amp;lt;!-- wp:paragraph {&amp;quot;translatedWithWPMLTM&amp;quot;:&amp;quot;1&amp;quot;} --&amp;gt;A barometer is a periodic survey that measures the evolution of public opinion on specific issues, such as politics, economics or social problems, reflecting trends and changes.&amp;lt;br\/&amp;gt;&amp;lt;!-- \/wp:paragraph --&amp;gt;&lt;\/div&gt;&lt;div class=&amp;quot;cmtt_related_articles_wrapper&amp;quot;&gt;&lt;div class=&amp;quot;cmtt_related_title cmtt_related_articles_title&amp;quot;&gt;Related Articles: &lt;\/div&gt;&lt;ul class=&amp;quot;cmtt_related&amp;quot;&gt;&lt;li class=&amp;quot;cmtt_related_item&amp;quot;&gt;&lt;a href=&amp;quot;https:\/\/xqthenews.com\/en\/mass-protest-for-decent-housing-in-barcelona\/&amp;quot;target=&amp;quot;_blank&amp;quot;&gt;Mass protest for decent housing in Barcelona&lt;\/a&gt;&lt;\/li&gt;&lt;\/ul&gt;&lt;\/div&gt;\" href=\"https:\/\/xqthenews.com\/en\/glossary\/barometer\/\" data-gt-translate-attributes='[{\"attribute\":\"data-cmtooltip\", \"format\":\"html\"}]' tabindex=\"0\" role=\"link\">Barometer<\/a>, which highlights that &lsquo;although Europeans are aware that environmental issues must be a priority and that efforts must be made to change <a class=\"glossaryLink\" aria-describedby=\"tt\" data-cmtooltip=\"&lt;div class=glossaryItemTitle&gt;Mobility&lt;\/div&gt;&lt;div class=glossaryItemBody&gt;&amp;lt;!-- wp:paragraph {&amp;quot;translatedWithWPMLTM&amp;quot;:&amp;quot;1&amp;quot;} --&amp;gt;Individual capacity to travel according to people&amp;#039;s needs and interest in travelling. The means of transport available and the accessibility offered by the transport system influence mobility, as do people&amp;#039;s individual characteristics and family environment. &amp;lt;br\/&amp;gt;&amp;lt;!-- \/wp:paragraph --&amp;gt;&amp;lt;!-- wp:paragraph {&amp;quot;translatedWithWPMLTM&amp;quot;:&amp;quot;1&amp;quot;} --&amp;gt;&amp;lt;em&amp;gt;(Source: &amp;lt;\/em&amp;gt;&amp;lt;em&amp;gt;Gloss&aacute;rio do Pacote da Mobilidade - IMT - Instituto da Mobilidade e dos Transportes)&amp;lt;\/em&amp;gt;&amp;lt;br\/&amp;gt;&amp;lt;!-- \/wp:paragraph --&amp;gt;&lt;\/div&gt;&lt;div class=&amp;quot;cmtt_related_articles_wrapper&amp;quot;&gt;&lt;div class=&amp;quot;cmtt_related_title cmtt_related_articles_title&amp;quot;&gt;Related Articles: &lt;\/div&gt;&lt;ul class=&amp;quot;cmtt_related&amp;quot;&gt;&lt;li class=&amp;quot;cmtt_related_item&amp;quot;&gt;&lt;a href=&amp;quot;https:\/\/xqthenews.com\/en\/is-there-still-time-to-save-the-planet\/&amp;quot;target=&amp;quot;_blank&amp;quot;&gt;Is there still time to save the planet?&lt;\/a&gt;&lt;\/li&gt;&lt;li class=&amp;quot;cmtt_related_item&amp;quot;&gt;&lt;a href=&amp;quot;https:\/\/xqthenews.com\/en\/rethinking-mobility-to-build-fit-for-future-cities\/&amp;quot;target=&amp;quot;_blank&amp;quot;&gt;Rethinking mobility to build fit-for-future cities&lt;\/a&gt;&lt;\/li&gt;&lt;li class=&amp;quot;cmtt_related_item&amp;quot;&gt;&lt;a href=&amp;quot;https:\/\/xqthenews.com\/en\/soft-and-inclusive-mobility-for-truly-environmentally-friendly-cities\/&amp;quot;target=&amp;quot;_blank&amp;quot;&gt;Soft and inclusive mobility for truly environmentally friendly cities&lt;\/a&gt;&lt;\/li&gt;&lt;li class=&amp;quot;cmtt_related_item&amp;quot;&gt;&lt;a href=&amp;quot;https:\/\/xqthenews.com\/en\/is-the-carbon-footprint-still-important-in-the-fight-against-the-climate-crisis\/&amp;quot;target=&amp;quot;_blank&amp;quot;&gt;Is the carbon footprint still important in the fight against the climate crisis?&lt;\/a&gt;&lt;\/li&gt;&lt;li class=&amp;quot;cmtt_related_item&amp;quot;&gt;&lt;a href=&amp;quot;https:\/\/xqthenews.com\/en\/gender-equality-and-boosting-climate-action\/&amp;quot;target=&amp;quot;_blank&amp;quot;&gt;Gender equality and boosting climate action&lt;\/a&gt;&lt;\/li&gt;&lt;\/ul&gt;&lt;\/div&gt;\" href=\"https:\/\/xqthenews.com\/en\/glossary\/mobility\/\" data-gt-translate-attributes='[{\"attribute\":\"data-cmtooltip\", \"format\":\"html\"}]' tabindex=\"0\" role=\"link\">mobility<\/a> habits, only a small percentage really feel uncomfortable using the car, and even if other factors such as the pandemic and <a class=\"glossaryLink\" aria-describedby=\"tt\" data-cmtooltip=\"&lt;div class=glossaryItemTitle&gt;Inflation&lt;\/div&gt;&lt;div class=glossaryItemBody&gt;&amp;lt;!-- wp:paragraph {&amp;quot;translatedWithWPMLTM&amp;quot;:&amp;quot;1&amp;quot;} --&amp;gt; Inflation is the generalised and sustained increase in the prices of goods and services in an economy.&amp;lt;br\/&amp;gt;&amp;lt;!-- \/wp:paragraph --&amp;gt;&lt;\/div&gt;&lt;div class=&amp;quot;cmtt_related_articles_wrapper&amp;quot;&gt;&lt;div class=&amp;quot;cmtt_related_title cmtt_related_articles_title&amp;quot;&gt;Related Articles: &lt;\/div&gt;&lt;ul class=&amp;quot;cmtt_related&amp;quot;&gt;&lt;li class=&amp;quot;cmtt_related_item&amp;quot;&gt;&lt;a href=&amp;quot;https:\/\/xqthenews.com\/en\/soft-and-inclusive-mobility-for-truly-environmentally-friendly-cities\/&amp;quot;target=&amp;quot;_blank&amp;quot;&gt;Soft and inclusive mobility for truly environmentally friendly cities&lt;\/a&gt;&lt;\/li&gt;&lt;\/ul&gt;&lt;\/div&gt;\" href=\"https:\/\/xqthenews.com\/en\/glossary\/inflation\/\" data-gt-translate-attributes='[{\"attribute\":\"data-cmtooltip\", \"format\":\"html\"}]' tabindex=\"0\" role=\"link\">inflation<\/a> contribute to changing behaviours, change may still take some time&rsquo;.<\/p>\n\n\n\n<p>The debate on <a class=\"glossaryLink\" aria-describedby=\"tt\" data-cmtooltip=\"&lt;div class=glossaryItemTitle&gt;Urban&lt;\/div&gt;&lt;div class=glossaryItemBody&gt;&amp;lt;!-- wp:paragraph {&amp;quot;translatedWithWPMLTM&amp;quot;:&amp;quot;1&amp;quot;} --&amp;gt;Urban comes from the Latin word &amp;quot;urbanus&amp;quot;, meaning &amp;quot;of the city&amp;quot;. Urban is everything related to city life and the people who live in it. The urban environment has specific characteristics such as: high population density, modern infrastructure (roads, transport, schools, hospitals, etc.), residential, commercial, and industrial areas, leisure and entertainment facilities, cultural offerings, special living habits and the typical hustle and bustle of cities.&amp;lt;br\/&amp;gt;&amp;lt;!-- \/wp:paragraph --&amp;gt;&lt;\/div&gt;&lt;div class=&amp;quot;cmtt_related_articles_wrapper&amp;quot;&gt;&lt;div class=&amp;quot;cmtt_related_title cmtt_related_articles_title&amp;quot;&gt;Related Articles: &lt;\/div&gt;&lt;ul class=&amp;quot;cmtt_related&amp;quot;&gt;&lt;li class=&amp;quot;cmtt_related_item&amp;quot;&gt;&lt;a href=&amp;quot;https:\/\/xqthenews.com\/en\/environmentaleducation-as-a-paradigm-for-preventing-rural-fires\/&amp;quot;target=&amp;quot;_blank&amp;quot;&gt;Environmentaleducation as a paradigm for preventing rural fires&lt;\/a&gt;&lt;\/li&gt;&lt;li class=&amp;quot;cmtt_related_item&amp;quot;&gt;&lt;a href=&amp;quot;https:\/\/xqthenews.com\/en\/circular-economy-organic-matter-in-the-past-present-and-future\/&amp;quot;target=&amp;quot;_blank&amp;quot;&gt;Circular economy: organic matter in the past, present and future&lt;\/a&gt;&lt;\/li&gt;&lt;li class=&amp;quot;cmtt_related_item&amp;quot;&gt;&lt;a href=&amp;quot;https:\/\/xqthenews.com\/en\/green-axis-of-carrer-consell-de-cent-the-green-project-to-transform-a-barcelona-street-is-now-bearing-fruit-avocados-included\/&amp;quot;target=&amp;quot;_blank&amp;quot;&gt;Green axis of Carrer Consell de Cent: the green project to transform a Barcelona street is now bearing fruit&hellip; avocados included.&lt;\/a&gt;&lt;\/li&gt;&lt;li class=&amp;quot;cmtt_related_item&amp;quot;&gt;&lt;a href=&amp;quot;https:\/\/xqthenews.com\/en\/rethinking-mobility-to-build-fit-for-future-cities\/&amp;quot;target=&amp;quot;_blank&amp;quot;&gt;Rethinking mobility to build fit-for-future cities&lt;\/a&gt;&lt;\/li&gt;&lt;li class=&amp;quot;cmtt_related_item&amp;quot;&gt;&lt;a href=&amp;quot;https:\/\/xqthenews.com\/en\/soft-and-inclusive-mobility-for-truly-environmentally-friendly-cities\/&amp;quot;target=&amp;quot;_blank&amp;quot;&gt;Soft and inclusive mobility for truly environmentally friendly cities&lt;\/a&gt;&lt;\/li&gt;&lt;\/ul&gt;&lt;\/div&gt;\" href=\"https:\/\/xqthenews.com\/en\/glossary\/urban\/\" data-gt-translate-attributes='[{\"attribute\":\"data-cmtooltip\", \"format\":\"html\"}]' tabindex=\"0\" role=\"link\">urban<\/a> <a class=\"glossaryLink\" aria-describedby=\"tt\" data-cmtooltip=\"&lt;div class=glossaryItemTitle&gt;Mobility&lt;\/div&gt;&lt;div class=glossaryItemBody&gt;&amp;lt;!-- wp:paragraph {&amp;quot;translatedWithWPMLTM&amp;quot;:&amp;quot;1&amp;quot;} --&amp;gt;Individual capacity to travel according to people&amp;#039;s needs and interest in travelling. The means of transport available and the accessibility offered by the transport system influence mobility, as do people&amp;#039;s individual characteristics and family environment. &amp;lt;br\/&amp;gt;&amp;lt;!-- \/wp:paragraph --&amp;gt;&amp;lt;!-- wp:paragraph {&amp;quot;translatedWithWPMLTM&amp;quot;:&amp;quot;1&amp;quot;} --&amp;gt;&amp;lt;em&amp;gt;(Source: &amp;lt;\/em&amp;gt;&amp;lt;em&amp;gt;Gloss&aacute;rio do Pacote da Mobilidade - IMT - Instituto da Mobilidade e dos Transportes)&amp;lt;\/em&amp;gt;&amp;lt;br\/&amp;gt;&amp;lt;!-- \/wp:paragraph --&amp;gt;&lt;\/div&gt;&lt;div class=&amp;quot;cmtt_related_articles_wrapper&amp;quot;&gt;&lt;div class=&amp;quot;cmtt_related_title cmtt_related_articles_title&amp;quot;&gt;Related Articles: &lt;\/div&gt;&lt;ul class=&amp;quot;cmtt_related&amp;quot;&gt;&lt;li class=&amp;quot;cmtt_related_item&amp;quot;&gt;&lt;a href=&amp;quot;https:\/\/xqthenews.com\/en\/is-there-still-time-to-save-the-planet\/&amp;quot;target=&amp;quot;_blank&amp;quot;&gt;Is there still time to save the planet?&lt;\/a&gt;&lt;\/li&gt;&lt;li class=&amp;quot;cmtt_related_item&amp;quot;&gt;&lt;a href=&amp;quot;https:\/\/xqthenews.com\/en\/rethinking-mobility-to-build-fit-for-future-cities\/&amp;quot;target=&amp;quot;_blank&amp;quot;&gt;Rethinking mobility to build fit-for-future cities&lt;\/a&gt;&lt;\/li&gt;&lt;li class=&amp;quot;cmtt_related_item&amp;quot;&gt;&lt;a href=&amp;quot;https:\/\/xqthenews.com\/en\/soft-and-inclusive-mobility-for-truly-environmentally-friendly-cities\/&amp;quot;target=&amp;quot;_blank&amp;quot;&gt;Soft and inclusive mobility for truly environmentally friendly cities&lt;\/a&gt;&lt;\/li&gt;&lt;li class=&amp;quot;cmtt_related_item&amp;quot;&gt;&lt;a href=&amp;quot;https:\/\/xqthenews.com\/en\/is-the-carbon-footprint-still-important-in-the-fight-against-the-climate-crisis\/&amp;quot;target=&amp;quot;_blank&amp;quot;&gt;Is the carbon footprint still important in the fight against the climate crisis?&lt;\/a&gt;&lt;\/li&gt;&lt;li class=&amp;quot;cmtt_related_item&amp;quot;&gt;&lt;a href=&amp;quot;https:\/\/xqthenews.com\/en\/gender-equality-and-boosting-climate-action\/&amp;quot;target=&amp;quot;_blank&amp;quot;&gt;Gender equality and boosting climate action&lt;\/a&gt;&lt;\/li&gt;&lt;\/ul&gt;&lt;\/div&gt;\" href=\"https:\/\/xqthenews.com\/en\/glossary\/mobility\/\" data-gt-translate-attributes='[{\"attribute\":\"data-cmtooltip\", \"format\":\"html\"}]' tabindex=\"0\" role=\"link\">mobility<\/a> is therefore essential to raise awareness of the importance of this sector in the development of environmentally responsible and inclusive cities, allowing us to identify greener solutions that promote efficient, safe and accessible transport for all.<\/p>\n\n\n\n<p>As we move down this path, everyone must realise the importance of adopting more sustainable <a class=\"glossaryLink\" aria-describedby=\"tt\" data-cmtooltip=\"&lt;div class=glossaryItemTitle&gt;Mobility&lt;\/div&gt;&lt;div class=glossaryItemBody&gt;&amp;lt;!-- wp:paragraph {&amp;quot;translatedWithWPMLTM&amp;quot;:&amp;quot;1&amp;quot;} --&amp;gt;Individual capacity to travel according to people&amp;#039;s needs and interest in travelling. The means of transport available and the accessibility offered by the transport system influence mobility, as do people&amp;#039;s individual characteristics and family environment. &amp;lt;br\/&amp;gt;&amp;lt;!-- \/wp:paragraph --&amp;gt;&amp;lt;!-- wp:paragraph {&amp;quot;translatedWithWPMLTM&amp;quot;:&amp;quot;1&amp;quot;} --&amp;gt;&amp;lt;em&amp;gt;(Source: &amp;lt;\/em&amp;gt;&amp;lt;em&amp;gt;Gloss&aacute;rio do Pacote da Mobilidade - IMT - Instituto da Mobilidade e dos Transportes)&amp;lt;\/em&amp;gt;&amp;lt;br\/&amp;gt;&amp;lt;!-- \/wp:paragraph --&amp;gt;&lt;\/div&gt;&lt;div class=&amp;quot;cmtt_related_articles_wrapper&amp;quot;&gt;&lt;div class=&amp;quot;cmtt_related_title cmtt_related_articles_title&amp;quot;&gt;Related Articles: &lt;\/div&gt;&lt;ul class=&amp;quot;cmtt_related&amp;quot;&gt;&lt;li class=&amp;quot;cmtt_related_item&amp;quot;&gt;&lt;a href=&amp;quot;https:\/\/xqthenews.com\/en\/is-there-still-time-to-save-the-planet\/&amp;quot;target=&amp;quot;_blank&amp;quot;&gt;Is there still time to save the planet?&lt;\/a&gt;&lt;\/li&gt;&lt;li class=&amp;quot;cmtt_related_item&amp;quot;&gt;&lt;a href=&amp;quot;https:\/\/xqthenews.com\/en\/rethinking-mobility-to-build-fit-for-future-cities\/&amp;quot;target=&amp;quot;_blank&amp;quot;&gt;Rethinking mobility to build fit-for-future cities&lt;\/a&gt;&lt;\/li&gt;&lt;li class=&amp;quot;cmtt_related_item&amp;quot;&gt;&lt;a href=&amp;quot;https:\/\/xqthenews.com\/en\/soft-and-inclusive-mobility-for-truly-environmentally-friendly-cities\/&amp;quot;target=&amp;quot;_blank&amp;quot;&gt;Soft and inclusive mobility for truly environmentally friendly cities&lt;\/a&gt;&lt;\/li&gt;&lt;li class=&amp;quot;cmtt_related_item&amp;quot;&gt;&lt;a href=&amp;quot;https:\/\/xqthenews.com\/en\/is-the-carbon-footprint-still-important-in-the-fight-against-the-climate-crisis\/&amp;quot;target=&amp;quot;_blank&amp;quot;&gt;Is the carbon footprint still important in the fight against the climate crisis?&lt;\/a&gt;&lt;\/li&gt;&lt;li class=&amp;quot;cmtt_related_item&amp;quot;&gt;&lt;a href=&amp;quot;https:\/\/xqthenews.com\/en\/gender-equality-and-boosting-climate-action\/&amp;quot;target=&amp;quot;_blank&amp;quot;&gt;Gender equality and boosting climate action&lt;\/a&gt;&lt;\/li&gt;&lt;\/ul&gt;&lt;\/div&gt;\" href=\"https:\/\/xqthenews.com\/en\/glossary\/mobility\/\" data-gt-translate-attributes='[{\"attribute\":\"data-cmtooltip\", \"format\":\"html\"}]' tabindex=\"0\" role=\"link\">mobility<\/a> methods, such as soft <a class=\"glossaryLink\" aria-describedby=\"tt\" data-cmtooltip=\"&lt;div class=glossaryItemTitle&gt;Mobility&lt;\/div&gt;&lt;div class=glossaryItemBody&gt;&amp;lt;!-- wp:paragraph {&amp;quot;translatedWithWPMLTM&amp;quot;:&amp;quot;1&amp;quot;} --&amp;gt;Individual capacity to travel according to people&amp;#039;s needs and interest in travelling. The means of transport available and the accessibility offered by the transport system influence mobility, as do people&amp;#039;s individual characteristics and family environment. &amp;lt;br\/&amp;gt;&amp;lt;!-- \/wp:paragraph --&amp;gt;&amp;lt;!-- wp:paragraph {&amp;quot;translatedWithWPMLTM&amp;quot;:&amp;quot;1&amp;quot;} --&amp;gt;&amp;lt;em&amp;gt;(Source: &amp;lt;\/em&amp;gt;&amp;lt;em&amp;gt;Gloss&aacute;rio do Pacote da Mobilidade - IMT - Instituto da Mobilidade e dos Transportes)&amp;lt;\/em&amp;gt;&amp;lt;br\/&amp;gt;&amp;lt;!-- \/wp:paragraph --&amp;gt;&lt;\/div&gt;&lt;div class=&amp;quot;cmtt_related_articles_wrapper&amp;quot;&gt;&lt;div class=&amp;quot;cmtt_related_title cmtt_related_articles_title&amp;quot;&gt;Related Articles: &lt;\/div&gt;&lt;ul class=&amp;quot;cmtt_related&amp;quot;&gt;&lt;li class=&amp;quot;cmtt_related_item&amp;quot;&gt;&lt;a href=&amp;quot;https:\/\/xqthenews.com\/en\/is-there-still-time-to-save-the-planet\/&amp;quot;target=&amp;quot;_blank&amp;quot;&gt;Is there still time to save the planet?&lt;\/a&gt;&lt;\/li&gt;&lt;li class=&amp;quot;cmtt_related_item&amp;quot;&gt;&lt;a href=&amp;quot;https:\/\/xqthenews.com\/en\/rethinking-mobility-to-build-fit-for-future-cities\/&amp;quot;target=&amp;quot;_blank&amp;quot;&gt;Rethinking mobility to build fit-for-future cities&lt;\/a&gt;&lt;\/li&gt;&lt;li class=&amp;quot;cmtt_related_item&amp;quot;&gt;&lt;a href=&amp;quot;https:\/\/xqthenews.com\/en\/soft-and-inclusive-mobility-for-truly-environmentally-friendly-cities\/&amp;quot;target=&amp;quot;_blank&amp;quot;&gt;Soft and inclusive mobility for truly environmentally friendly cities&lt;\/a&gt;&lt;\/li&gt;&lt;li class=&amp;quot;cmtt_related_item&amp;quot;&gt;&lt;a href=&amp;quot;https:\/\/xqthenews.com\/en\/is-the-carbon-footprint-still-important-in-the-fight-against-the-climate-crisis\/&amp;quot;target=&amp;quot;_blank&amp;quot;&gt;Is the carbon footprint still important in the fight against the climate crisis?&lt;\/a&gt;&lt;\/li&gt;&lt;li class=&amp;quot;cmtt_related_item&amp;quot;&gt;&lt;a href=&amp;quot;https:\/\/xqthenews.com\/en\/gender-equality-and-boosting-climate-action\/&amp;quot;target=&amp;quot;_blank&amp;quot;&gt;Gender equality and boosting climate action&lt;\/a&gt;&lt;\/li&gt;&lt;\/ul&gt;&lt;\/div&gt;\" href=\"https:\/\/xqthenews.com\/en\/glossary\/mobility\/\" data-gt-translate-attributes='[{\"attribute\":\"data-cmtooltip\", \"format\":\"html\"}]' tabindex=\"0\" role=\"link\">mobility<\/a>, to achieve a green future based on what we want to be truly environmentally friendly cities. However, moving to more sustainable transport means rethinking cities and putting users first, offering them cheaper, more accessible, healthier and cleaner alternatives. <\/p>\n\n\n\n<p><strong>Links:<\/strong><\/p>\n\n\n\n<ul class=\"wp-block-list\">\n<li><a href=\"https:\/\/www.consilium.europa.eu\/pt\/policies\/clean-and-sustainable-mobility\/\">https:\/\/www.consilium.europa.eu\/pt\/policies\/clean-and-sustainable-mobility\/<\/a><\/li>\n\n\n\n<li><a href=\"https:\/\/linktoleaders.com\/a-descarbonizacao-da-mobilidade-urbana-em-2050-e-uma-questao-politica-a-tecnologia-ja-existe-luis-amaral\/\">https:\/\/linktoleaders.com\/a-descarbonizacao-da-mobilidade-urbana-em-2050-e-uma-questao-politica-a-tecnologia-ja-existe-luis-amaral\/<\/a> <\/li>\n\n\n\n<li><a href=\"https:\/\/smart-cities.pt\/opiniao-entrevista\/mobilidade-suave-como-otimizar-e-monitorizar-os-seus-investimentos2903\/\">https:\/\/smart-cities.pt\/opiniao-entrevista\/mobilidade-suave-como-otimizar-e-monitorizar-os-seus-investimentos2903\/<\/a> <\/li>\n\n\n\n<li><a href=\"https:\/\/essenciadoambiente.pt\/portugal-pais-gasta-mensalidade-mobilidade\/\">https:\/\/essenciadoambiente.pt\/portugal-pais-gasta-mensalidade-mobilidade\/<\/a><\/li>\n\n\n\n<li><a href=\"https:\/\/www.itf-oecd.org\/\">https:\/\/www.itf-oecd.org\/<\/a> <\/li>\n\n\n\n<li><a href=\"https:\/\/www.tecmic.com\/transporte-intermodal\/\">https:\/\/www.tecmic.com\/transporte-intermodal\/<\/a> <\/li>\n\n\n\n<li><a href=\"https:\/\/transport.ec.europa.eu\/news-events\/news\/european-mobility-week-3000-cities-showcase-their-approaches-sustainable-urban-mobility-2023-09-15_en\">https:\/\/transport.ec.europa.eu\/news-events\/news\/european-mobility-week-3000-cities-showcase-their-approaches-sustainable-urban-mobility-2023-09-15_en<\/a> <\/li>\n\n\n\n<li><a href=\"https:\/\/transport.ec.europa.eu\/news-events\/news\/european-mobility-week-3000-cities-showcase-their-approaches-sustainable-urban-mobility-2023-09-15_en\">https:\/\/transport.ec.europa.eu\/news-events\/news\/european-mobility-week-3000-cities-showcase-their-approaches-sustainable-urban-mobility-2023-09-15_en<\/a> <\/li>\n\n\n\n<li><a href=\"https:\/\/transport.ec.europa.eu\/transport-themes\/sustainable-transport_en\">https:\/\/transport.ec.europa.eu\/transport-themes\/sustainable-transport_en<\/a> <\/li>\n\n\n\n<li><a href=\"https:\/\/transport.ec.europa.eu\/index_en\">https:\/\/transport.ec.europa.eu\/index_en<\/a> <\/li>\n\n\n\n<li><a href=\"https:\/\/www.e-konomista.pt\/mobilidade-partilhada\/\">https:\/\/www.e-konomista.pt\/mobilidade-partilhada\/<\/a> <\/li>\n\n\n\n<li><a href=\"https:\/\/marketeer.sapo.pt\/mobilidade-partilhada-vai-representar-7-de-todas-as-deslocacoes-ate-2030\/\">https:\/\/marketeer.sapo.pt\/mobilidade-partilhada-vai-representar-7-de-todas-as-deslocacoes-ate-2030\/<\/a> <\/li>\n\n\n\n<li><a href=\"https:\/\/www.imt-ip.pt\/sites\/IMTT\/Portugues\/Planeamento\/DocumentosdeReferencia\/PacotedaMobilidade\/Documents\/Pacote%20da%20Mobilidade\/Gloss%C3%A1rio_do%20Pacote%20da%20Mobilidade%20.pdf\">https:\/\/www.imt-ip.pt\/sites\/IMTT\/Portugues\/Planeamento\/DocumentosdeReferencia\/PacotedaMobilidade\/Documents\/Pacote%20da%20Mobilidade\/Gloss%C3%A1rio_do%20Pacote%20da%20Mobilidade%20.pdf<\/a> <\/li>\n<\/ul>\n\n\n<script type=\"text\/javascript\">\n\/* <![CDATA[ *\/\nvar gform;gform||(document.addEventListener(\"gform_main_scripts_loaded\",function(){gform.scriptsLoaded=!0}),document.addEventListener(\"gform\/theme\/scripts_loaded\",function(){gform.themeScriptsLoaded=!0}),window.addEventListener(\"DOMContentLoaded\",function(){gform.domLoaded=!0}),gform={domLoaded:!1,scriptsLoaded:!1,themeScriptsLoaded:!1,isFormEditor:()=>\"function\"==typeof InitializeEditor,callIfLoaded:function(o){return!(!gform.domLoaded||!gform.scriptsLoaded||!gform.themeScriptsLoaded&&!gform.isFormEditor()||(gform.isFormEditor()&&console.warn(\"The use of gform.initializeOnLoaded() is deprecated in the form editor context and will be removed in Gravity Forms 3.1.\"),o(),0))},initializeOnLoaded:function(o){gform.callIfLoaded(o)||(document.addEventListener(\"gform_main_scripts_loaded\",()=>{gform.scriptsLoaded=!0,gform.callIfLoaded(o)}),document.addEventListener(\"gform\/theme\/scripts_loaded\",()=>{gform.themeScriptsLoaded=!0,gform.callIfLoaded(o)}),window.addEventListener(\"DOMContentLoaded\",()=>{gform.domLoaded=!0,gform.callIfLoaded(o)}))},hooks:{action:{},filter:{}},addAction:function(o,r,e,t){gform.addHook(\"action\",o,r,e,t)},addFilter:function(o,r,e,t){gform.addHook(\"filter\",o,r,e,t)},doAction:function(o){gform.doHook(\"action\",o,arguments)},applyFilters:function(o){return gform.doHook(\"filter\",o,arguments)},removeAction:function(o,r){gform.removeHook(\"action\",o,r)},removeFilter:function(o,r,e){gform.removeHook(\"filter\",o,r,e)},addHook:function(o,r,e,t,n){null==gform.hooks[o][r]&&(gform.hooks[o][r]=[]);var d=gform.hooks[o][r];null==n&&(n=r+\"_\"+d.length),gform.hooks[o][r].push({tag:n,callable:e,priority:t=null==t?10:t})},doHook:function(r,o,e){var t;if(e=Array.prototype.slice.call(e,1),null!=gform.hooks[r][o]&&((o=gform.hooks[r][o]).sort(function(o,r){return o.priority-r.priority}),o.forEach(function(o){\"function\"!=typeof(t=o.callable)&&(t=window[t]),\"action\"==r?t.apply(null,e):e[0]=t.apply(null,e)})),\"filter\"==r)return e[0]},removeHook:function(o,r,t,n){var e;null!=gform.hooks[o][r]&&(e=(e=gform.hooks[o][r]).filter(function(o,r,e){return!!(null!=n&&n!=o.tag||null!=t&&t!=o.priority)}),gform.hooks[o][r]=e)}});\n\/* ]]> *\/\n<\/script>\n\n                <div class=\"gf_browser_gecko gform_wrapper gravity-theme gform-theme--no-framework quiz_wrapper\" data-form-theme=\"gravity-theme\" data-form-index=\"0\" id=\"gform_wrapper_771\"><div id=\"gf_771\" class=\"gform_anchor\" tabindex=\"-1\"><\/div>\n                        <div class=\"gform_heading\">\n                            <h2 class=\"gform_title\">Reading Comprehension questions. Soft and inclusive mobility<\/h2>\n                            <p class=\"gform_description\"><\/p>\n                        <\/div><form method=\"post\" enctype=\"multipart\/form-data\" id=\"gform_771\" class=\"quiz\" action=\"\/en\/wp-json\/wp\/v2\/posts\/24405#gf_771\" data-formid=\"771\" novalidate> \r\n <input type=\"hidden\" class=\"gforms-pum\" value='{\"closepopup\":false,\"closedelay\":0,\"openpopup\":false,\"openpopup_id\":0}'>\n        <div id=\"gf_progressbar_wrapper_771\" class=\"gf_progressbar_wrapper\" data-start-at-zero=\"\">\n        \t<p class=\"gf_progressbar_title\">Step <span class=\"gf_step_current_page\">1<\/span> of <span class=\"gf_step_page_count\">4<\/span><span class=\"gf_step_page_name\"><\/span>\n        \t<\/p>\n            <div class=\"gf_progressbar gf_progressbar_blue\" aria-hidden=\"true\">\n                <div class=\"gf_progressbar_percentage percentbar_blue percentbar_25\" style=\"width:25%;\"><span>25%<\/span><\/div>\n            <\/div><\/div>\n                        <div class=\"gform-body gform_body\"><div id=\"gform_page_771_1\" class=\"gform_page \" data-js=\"page-field-id-0\">\n\t\t\t\t\t<div class=\"gform_page_fields\"><div id=\"gform_fields_771\" class=\"gform_fields top_label form_sublabel_below description_below validation_below\"><fieldset id=\"field_771_1\" class=\"gfield gfield--type-quiz gfield--type-choice gfield--input-type-radio field_sublabel_below gfield--no-description field_description_below field_validation_below gfield_visibility_visible gquiz-field \" data-field-class=\"gquiz-field\"><legend class=\"gfield_label gform-field-label\">What are some of the benefits associated with soft <a class=\"glossaryLink\" aria-describedby=\"tt\" data-cmtooltip=\"&lt;div class=glossaryItemTitle&gt;Mobility&lt;\/div&gt;&lt;div class=glossaryItemBody&gt;&amp;lt;!-- wp:paragraph {&amp;quot;translatedWithWPMLTM&amp;quot;:&amp;quot;1&amp;quot;} --&amp;gt;Individual capacity to travel according to people&amp;#039;s needs and interest in travelling. The means of transport available and the accessibility offered by the transport system influence mobility, as do people&amp;#039;s individual characteristics and family environment. &amp;lt;br\/&amp;gt;&amp;lt;!-- \/wp:paragraph --&amp;gt;&amp;lt;!-- wp:paragraph {&amp;quot;translatedWithWPMLTM&amp;quot;:&amp;quot;1&amp;quot;} --&amp;gt;&amp;lt;em&amp;gt;(Source: &amp;lt;\/em&amp;gt;&amp;lt;em&amp;gt;Gloss&aacute;rio do Pacote da Mobilidade - IMT - Instituto da Mobilidade e dos Transportes)&amp;lt;\/em&amp;gt;&amp;lt;br\/&amp;gt;&amp;lt;!-- \/wp:paragraph --&amp;gt;&lt;\/div&gt;&lt;div class=&amp;quot;cmtt_related_articles_wrapper&amp;quot;&gt;&lt;div class=&amp;quot;cmtt_related_title cmtt_related_articles_title&amp;quot;&gt;Related Articles: &lt;\/div&gt;&lt;ul class=&amp;quot;cmtt_related&amp;quot;&gt;&lt;li class=&amp;quot;cmtt_related_item&amp;quot;&gt;&lt;a href=&amp;quot;https:\/\/xqthenews.com\/en\/is-there-still-time-to-save-the-planet\/&amp;quot;target=&amp;quot;_blank&amp;quot;&gt;Is there still time to save the planet?&lt;\/a&gt;&lt;\/li&gt;&lt;li class=&amp;quot;cmtt_related_item&amp;quot;&gt;&lt;a href=&amp;quot;https:\/\/xqthenews.com\/en\/rethinking-mobility-to-build-fit-for-future-cities\/&amp;quot;target=&amp;quot;_blank&amp;quot;&gt;Rethinking mobility to build fit-for-future cities&lt;\/a&gt;&lt;\/li&gt;&lt;li class=&amp;quot;cmtt_related_item&amp;quot;&gt;&lt;a href=&amp;quot;https:\/\/xqthenews.com\/en\/soft-and-inclusive-mobility-for-truly-environmentally-friendly-cities\/&amp;quot;target=&amp;quot;_blank&amp;quot;&gt;Soft and inclusive mobility for truly environmentally friendly cities&lt;\/a&gt;&lt;\/li&gt;&lt;li class=&amp;quot;cmtt_related_item&amp;quot;&gt;&lt;a href=&amp;quot;https:\/\/xqthenews.com\/en\/is-the-carbon-footprint-still-important-in-the-fight-against-the-climate-crisis\/&amp;quot;target=&amp;quot;_blank&amp;quot;&gt;Is the carbon footprint still important in the fight against the climate crisis?&lt;\/a&gt;&lt;\/li&gt;&lt;li class=&amp;quot;cmtt_related_item&amp;quot;&gt;&lt;a href=&amp;quot;https:\/\/xqthenews.com\/en\/gender-equality-and-boosting-climate-action\/&amp;quot;target=&amp;quot;_blank&amp;quot;&gt;Gender equality and boosting climate action&lt;\/a&gt;&lt;\/li&gt;&lt;\/ul&gt;&lt;\/div&gt;\" href=\"https:\/\/xqthenews.com\/en\/glossary\/mobility\/\" data-gt-translate-attributes='[{\"attribute\":\"data-cmtooltip\", \"format\":\"html\"}]' tabindex=\"0\" role=\"link\">mobility<\/a>?<\/legend><div class=\"ginput_container ginput_container_radio\"><div class=\"gfield_radio\" id=\"input_771_1\">\n\t\t\t<div class=\"gchoice gchoice_771_1_0\">\n\t\t\t\t\t<input class=\"gfield-choice-input\" name=\"input_1\" type=\"radio\" value=\"gquiz1b2b27084\" id=\"choice_771_1_0\" onchange=\"gformToggleRadioOther( this )\">\n\t\t\t\t\t<label for=\"choice_771_1_0\" id=\"label_771_1_0\" class=\"gform-field-label gform-field-label--type-inline\">Increased air and <a class=\"glossaryLink\" aria-describedby=\"tt\" data-cmtooltip=\"&lt;div class=glossaryItemTitle&gt;Noise pollution&lt;\/div&gt;&lt;div class=glossaryItemBody&gt;&amp;lt;!-- wp:paragraph {&amp;quot;translatedWithWPMLTM&amp;quot;:&amp;quot;1&amp;quot;} --&amp;gt;Excessive noise produced by human activities that can have negative effects on human and animal health.&amp;lt;br\/&amp;gt;&amp;lt;!-- \/wp:paragraph --&amp;gt;&lt;\/div&gt;\" href=\"https:\/\/xqthenews.com\/en\/glossary\/noise-pollution\/\" data-gt-translate-attributes='[{\"attribute\":\"data-cmtooltip\", \"format\":\"html\"}]' tabindex=\"0\" role=\"link\">noise pollution<\/a>.<\/label>\n\t\t\t<\/div>\n\t\t\t<div class=\"gchoice gchoice_771_1_1\">\n\t\t\t\t\t<input class=\"gfield-choice-input\" name=\"input_1\" type=\"radio\" value=\"gquiz12c53da11\" id=\"choice_771_1_1\" onchange=\"gformToggleRadioOther( this )\">\n\t\t\t\t\t<label for=\"choice_771_1_1\" id=\"label_771_1_1\" class=\"gform-field-label gform-field-label--type-inline\">Shortage of adequate infrastructure.<\/label>\n\t\t\t<\/div>\n\t\t\t<div class=\"gchoice gchoice_771_1_2\">\n\t\t\t\t\t<input class=\"gfield-choice-input\" name=\"input_1\" type=\"radio\" value=\"gquiz1b672525f5d\" id=\"choice_771_1_2\" onchange=\"gformToggleRadioOther( this )\">\n\t\t\t\t\t<label for=\"choice_771_1_2\" id=\"label_771_1_2\" class=\"gform-field-label gform-field-label--type-inline\">Improved <a class=\"glossaryLink\" aria-describedby=\"tt\" data-cmtooltip=\"&lt;div class=glossaryItemTitle&gt;Urban&lt;\/div&gt;&lt;div class=glossaryItemBody&gt;&amp;lt;!-- wp:paragraph {&amp;quot;translatedWithWPMLTM&amp;quot;:&amp;quot;1&amp;quot;} --&amp;gt;Urban comes from the Latin word &amp;quot;urbanus&amp;quot;, meaning &amp;quot;of the city&amp;quot;. Urban is everything related to city life and the people who live in it. The urban environment has specific characteristics such as: high population density, modern infrastructure (roads, transport, schools, hospitals, etc.), residential, commercial, and industrial areas, leisure and entertainment facilities, cultural offerings, special living habits and the typical hustle and bustle of cities.&amp;lt;br\/&amp;gt;&amp;lt;!-- \/wp:paragraph --&amp;gt;&lt;\/div&gt;&lt;div class=&amp;quot;cmtt_related_articles_wrapper&amp;quot;&gt;&lt;div class=&amp;quot;cmtt_related_title cmtt_related_articles_title&amp;quot;&gt;Related Articles: &lt;\/div&gt;&lt;ul class=&amp;quot;cmtt_related&amp;quot;&gt;&lt;li class=&amp;quot;cmtt_related_item&amp;quot;&gt;&lt;a href=&amp;quot;https:\/\/xqthenews.com\/en\/environmentaleducation-as-a-paradigm-for-preventing-rural-fires\/&amp;quot;target=&amp;quot;_blank&amp;quot;&gt;Environmentaleducation as a paradigm for preventing rural fires&lt;\/a&gt;&lt;\/li&gt;&lt;li class=&amp;quot;cmtt_related_item&amp;quot;&gt;&lt;a href=&amp;quot;https:\/\/xqthenews.com\/en\/circular-economy-organic-matter-in-the-past-present-and-future\/&amp;quot;target=&amp;quot;_blank&amp;quot;&gt;Circular economy: organic matter in the past, present and future&lt;\/a&gt;&lt;\/li&gt;&lt;li class=&amp;quot;cmtt_related_item&amp;quot;&gt;&lt;a href=&amp;quot;https:\/\/xqthenews.com\/en\/green-axis-of-carrer-consell-de-cent-the-green-project-to-transform-a-barcelona-street-is-now-bearing-fruit-avocados-included\/&amp;quot;target=&amp;quot;_blank&amp;quot;&gt;Green axis of Carrer Consell de Cent: the green project to transform a Barcelona street is now bearing fruit&hellip; avocados included.&lt;\/a&gt;&lt;\/li&gt;&lt;li class=&amp;quot;cmtt_related_item&amp;quot;&gt;&lt;a href=&amp;quot;https:\/\/xqthenews.com\/en\/rethinking-mobility-to-build-fit-for-future-cities\/&amp;quot;target=&amp;quot;_blank&amp;quot;&gt;Rethinking mobility to build fit-for-future cities&lt;\/a&gt;&lt;\/li&gt;&lt;li class=&amp;quot;cmtt_related_item&amp;quot;&gt;&lt;a href=&amp;quot;https:\/\/xqthenews.com\/en\/soft-and-inclusive-mobility-for-truly-environmentally-friendly-cities\/&amp;quot;target=&amp;quot;_blank&amp;quot;&gt;Soft and inclusive mobility for truly environmentally friendly cities&lt;\/a&gt;&lt;\/li&gt;&lt;\/ul&gt;&lt;\/div&gt;\" href=\"https:\/\/xqthenews.com\/en\/glossary\/urban\/\" data-gt-translate-attributes='[{\"attribute\":\"data-cmtooltip\", \"format\":\"html\"}]' tabindex=\"0\" role=\"link\">urban<\/a> quality of life and health promotion.<\/label>\n\t\t\t<\/div>\n\t\t\t<div class=\"gchoice gchoice_771_1_3\">\n\t\t\t\t\t<input class=\"gfield-choice-input\" name=\"input_1\" type=\"radio\" value=\"gquiz1b9538787\" id=\"choice_771_1_3\" onchange=\"gformToggleRadioOther( this )\">\n\t\t\t\t\t<label for=\"choice_771_1_3\" id=\"label_771_1_3\" class=\"gform-field-label gform-field-label--type-inline\">Increased dependence on individual vehicles.<\/label>\n\t\t\t<\/div><\/div><\/div><\/fieldset><\/div>\n                    <\/div>\n                    <div class=\"gform-page-footer gform_page_footer top_label\">\n                         <input type=\"button\" id=\"gform_next_button_771_5\" class=\"gform_next_button gform-theme-button button\" onclick=\"gform.submission.handleButtonClick(this);\" data-submission-type=\"next\" value=\"Next \"> \n                    <\/div>\n                <\/div>\n                <div id=\"gform_page_771_2\" class=\"gform_page\" data-js=\"page-field-id-5\" style=\"display:none;\">\n                    <div class=\"gform_page_fields\">\n                        <div id=\"gform_fields_771_2\" class=\"gform_fields top_label form_sublabel_below description_below validation_below\"><fieldset id=\"field_771_3\" class=\"gfield gfield--type-quiz gfield--type-choice gfield--input-type-radio gfield--width-full field_sublabel_below gfield--no-description field_description_below field_validation_below gfield_visibility_visible gquiz-field \" data-field-class=\"gquiz-field\"><legend class=\"gfield_label gform-field-label\">According to the conclusions of the first Europ Assistance <a class=\"glossaryLink\" aria-describedby=\"tt\" data-cmtooltip=\"&lt;div class=glossaryItemTitle&gt;Mobility&lt;\/div&gt;&lt;div class=glossaryItemBody&gt;&amp;lt;!-- wp:paragraph {&amp;quot;translatedWithWPMLTM&amp;quot;:&amp;quot;1&amp;quot;} --&amp;gt;Individual capacity to travel according to people&amp;#039;s needs and interest in travelling. The means of transport available and the accessibility offered by the transport system influence mobility, as do people&amp;#039;s individual characteristics and family environment. &amp;lt;br\/&amp;gt;&amp;lt;!-- \/wp:paragraph --&amp;gt;&amp;lt;!-- wp:paragraph {&amp;quot;translatedWithWPMLTM&amp;quot;:&amp;quot;1&amp;quot;} --&amp;gt;&amp;lt;em&amp;gt;(Source: &amp;lt;\/em&amp;gt;&amp;lt;em&amp;gt;Gloss&aacute;rio do Pacote da Mobilidade - IMT - Instituto da Mobilidade e dos Transportes)&amp;lt;\/em&amp;gt;&amp;lt;br\/&amp;gt;&amp;lt;!-- \/wp:paragraph --&amp;gt;&lt;\/div&gt;&lt;div class=&amp;quot;cmtt_related_articles_wrapper&amp;quot;&gt;&lt;div class=&amp;quot;cmtt_related_title cmtt_related_articles_title&amp;quot;&gt;Related Articles: &lt;\/div&gt;&lt;ul class=&amp;quot;cmtt_related&amp;quot;&gt;&lt;li class=&amp;quot;cmtt_related_item&amp;quot;&gt;&lt;a href=&amp;quot;https:\/\/xqthenews.com\/en\/is-there-still-time-to-save-the-planet\/&amp;quot;target=&amp;quot;_blank&amp;quot;&gt;Is there still time to save the planet?&lt;\/a&gt;&lt;\/li&gt;&lt;li class=&amp;quot;cmtt_related_item&amp;quot;&gt;&lt;a href=&amp;quot;https:\/\/xqthenews.com\/en\/rethinking-mobility-to-build-fit-for-future-cities\/&amp;quot;target=&amp;quot;_blank&amp;quot;&gt;Rethinking mobility to build fit-for-future cities&lt;\/a&gt;&lt;\/li&gt;&lt;li class=&amp;quot;cmtt_related_item&amp;quot;&gt;&lt;a href=&amp;quot;https:\/\/xqthenews.com\/en\/soft-and-inclusive-mobility-for-truly-environmentally-friendly-cities\/&amp;quot;target=&amp;quot;_blank&amp;quot;&gt;Soft and inclusive mobility for truly environmentally friendly cities&lt;\/a&gt;&lt;\/li&gt;&lt;li class=&amp;quot;cmtt_related_item&amp;quot;&gt;&lt;a href=&amp;quot;https:\/\/xqthenews.com\/en\/is-the-carbon-footprint-still-important-in-the-fight-against-the-climate-crisis\/&amp;quot;target=&amp;quot;_blank&amp;quot;&gt;Is the carbon footprint still important in the fight against the climate crisis?&lt;\/a&gt;&lt;\/li&gt;&lt;li class=&amp;quot;cmtt_related_item&amp;quot;&gt;&lt;a href=&amp;quot;https:\/\/xqthenews.com\/en\/gender-equality-and-boosting-climate-action\/&amp;quot;target=&amp;quot;_blank&amp;quot;&gt;Gender equality and boosting climate action&lt;\/a&gt;&lt;\/li&gt;&lt;\/ul&gt;&lt;\/div&gt;\" href=\"https:\/\/xqthenews.com\/en\/glossary\/mobility\/\" data-gt-translate-attributes='[{\"attribute\":\"data-cmtooltip\", \"format\":\"html\"}]' tabindex=\"0\" role=\"link\">Mobility<\/a> <a class=\"glossaryLink\" aria-describedby=\"tt\" data-cmtooltip=\"&lt;div class=glossaryItemTitle&gt;Barometer&lt;\/div&gt;&lt;div class=glossaryItemBody&gt;&amp;lt;!-- wp:paragraph {&amp;quot;translatedWithWPMLTM&amp;quot;:&amp;quot;1&amp;quot;} --&amp;gt;A barometer is a periodic survey that measures the evolution of public opinion on specific issues, such as politics, economics or social problems, reflecting trends and changes.&amp;lt;br\/&amp;gt;&amp;lt;!-- \/wp:paragraph --&amp;gt;&lt;\/div&gt;&lt;div class=&amp;quot;cmtt_related_articles_wrapper&amp;quot;&gt;&lt;div class=&amp;quot;cmtt_related_title cmtt_related_articles_title&amp;quot;&gt;Related Articles: &lt;\/div&gt;&lt;ul class=&amp;quot;cmtt_related&amp;quot;&gt;&lt;li class=&amp;quot;cmtt_related_item&amp;quot;&gt;&lt;a href=&amp;quot;https:\/\/xqthenews.com\/en\/mass-protest-for-decent-housing-in-barcelona\/&amp;quot;target=&amp;quot;_blank&amp;quot;&gt;Mass protest for decent housing in Barcelona&lt;\/a&gt;&lt;\/li&gt;&lt;\/ul&gt;&lt;\/div&gt;\" href=\"https:\/\/xqthenews.com\/en\/glossary\/barometer\/\" data-gt-translate-attributes='[{\"attribute\":\"data-cmtooltip\", \"format\":\"html\"}]' tabindex=\"0\" role=\"link\">Barometer<\/a>, what is the main conclusion regarding public awareness of environmentally responsible <a class=\"glossaryLink\" aria-describedby=\"tt\" data-cmtooltip=\"&lt;div class=glossaryItemTitle&gt;Mobility&lt;\/div&gt;&lt;div class=glossaryItemBody&gt;&amp;lt;!-- wp:paragraph {&amp;quot;translatedWithWPMLTM&amp;quot;:&amp;quot;1&amp;quot;} --&amp;gt;Individual capacity to travel according to people&amp;#039;s needs and interest in travelling. The means of transport available and the accessibility offered by the transport system influence mobility, as do people&amp;#039;s individual characteristics and family environment. &amp;lt;br\/&amp;gt;&amp;lt;!-- \/wp:paragraph --&amp;gt;&amp;lt;!-- wp:paragraph {&amp;quot;translatedWithWPMLTM&amp;quot;:&amp;quot;1&amp;quot;} --&amp;gt;&amp;lt;em&amp;gt;(Source: &amp;lt;\/em&amp;gt;&amp;lt;em&amp;gt;Gloss&aacute;rio do Pacote da Mobilidade - IMT - Instituto da Mobilidade e dos Transportes)&amp;lt;\/em&amp;gt;&amp;lt;br\/&amp;gt;&amp;lt;!-- \/wp:paragraph --&amp;gt;&lt;\/div&gt;&lt;div class=&amp;quot;cmtt_related_articles_wrapper&amp;quot;&gt;&lt;div class=&amp;quot;cmtt_related_title cmtt_related_articles_title&amp;quot;&gt;Related Articles: &lt;\/div&gt;&lt;ul class=&amp;quot;cmtt_related&amp;quot;&gt;&lt;li class=&amp;quot;cmtt_related_item&amp;quot;&gt;&lt;a href=&amp;quot;https:\/\/xqthenews.com\/en\/is-there-still-time-to-save-the-planet\/&amp;quot;target=&amp;quot;_blank&amp;quot;&gt;Is there still time to save the planet?&lt;\/a&gt;&lt;\/li&gt;&lt;li class=&amp;quot;cmtt_related_item&amp;quot;&gt;&lt;a href=&amp;quot;https:\/\/xqthenews.com\/en\/rethinking-mobility-to-build-fit-for-future-cities\/&amp;quot;target=&amp;quot;_blank&amp;quot;&gt;Rethinking mobility to build fit-for-future cities&lt;\/a&gt;&lt;\/li&gt;&lt;li class=&amp;quot;cmtt_related_item&amp;quot;&gt;&lt;a href=&amp;quot;https:\/\/xqthenews.com\/en\/soft-and-inclusive-mobility-for-truly-environmentally-friendly-cities\/&amp;quot;target=&amp;quot;_blank&amp;quot;&gt;Soft and inclusive mobility for truly environmentally friendly cities&lt;\/a&gt;&lt;\/li&gt;&lt;li class=&amp;quot;cmtt_related_item&amp;quot;&gt;&lt;a href=&amp;quot;https:\/\/xqthenews.com\/en\/is-the-carbon-footprint-still-important-in-the-fight-against-the-climate-crisis\/&amp;quot;target=&amp;quot;_blank&amp;quot;&gt;Is the carbon footprint still important in the fight against the climate crisis?&lt;\/a&gt;&lt;\/li&gt;&lt;li class=&amp;quot;cmtt_related_item&amp;quot;&gt;&lt;a href=&amp;quot;https:\/\/xqthenews.com\/en\/gender-equality-and-boosting-climate-action\/&amp;quot;target=&amp;quot;_blank&amp;quot;&gt;Gender equality and boosting climate action&lt;\/a&gt;&lt;\/li&gt;&lt;\/ul&gt;&lt;\/div&gt;\" href=\"https:\/\/xqthenews.com\/en\/glossary\/mobility\/\" data-gt-translate-attributes='[{\"attribute\":\"data-cmtooltip\", \"format\":\"html\"}]' tabindex=\"0\" role=\"link\">mobility<\/a>?<\/legend><div class=\"ginput_container ginput_container_radio\"><div class=\"gfield_radio\" id=\"input_771_3\">\n\t\t\t<div class=\"gchoice gchoice_771_3_0\">\n\t\t\t\t\t<input class=\"gfield-choice-input\" name=\"input_3\" type=\"radio\" value=\"gquiz3394e91f2\" id=\"choice_771_3_0\" onchange=\"gformToggleRadioOther( this )\">\n\t\t\t\t\t<label for=\"choice_771_3_0\" id=\"label_771_3_0\" class=\"gform-field-label gform-field-label--type-inline\">The majority of Europeans resent the use of cars.<\/label>\n\t\t\t<\/div>\n\t\t\t<div class=\"gchoice gchoice_771_3_1\">\n\t\t\t\t\t<input class=\"gfield-choice-input\" name=\"input_3\" type=\"radio\" value=\"gquiz3c5c436f4\" id=\"choice_771_3_1\" onchange=\"gformToggleRadioOther( this )\">\n\t\t\t\t\t<label for=\"choice_771_3_1\" id=\"label_771_3_1\" class=\"gform-field-label gform-field-label--type-inline\">Even if Europeans recognise the importance of the environment, changing habits can take time.<\/label>\n\t\t\t<\/div>\n\t\t\t<div class=\"gchoice gchoice_771_3_2\">\n\t\t\t\t\t<input class=\"gfield-choice-input\" name=\"input_3\" type=\"radio\" value=\"gquiz3b5aa3d2d\" id=\"choice_771_3_2\" onchange=\"gformToggleRadioOther( this )\">\n\t\t\t\t\t<label for=\"choice_771_3_2\" id=\"label_771_3_2\" class=\"gform-field-label gform-field-label--type-inline\">The pandemic and <a class=\"glossaryLink\" aria-describedby=\"tt\" data-cmtooltip=\"&lt;div class=glossaryItemTitle&gt;Inflation&lt;\/div&gt;&lt;div class=glossaryItemBody&gt;&amp;lt;!-- wp:paragraph {&amp;quot;translatedWithWPMLTM&amp;quot;:&amp;quot;1&amp;quot;} --&amp;gt; Inflation is the generalised and sustained increase in the prices of goods and services in an economy.&amp;lt;br\/&amp;gt;&amp;lt;!-- \/wp:paragraph --&amp;gt;&lt;\/div&gt;&lt;div class=&amp;quot;cmtt_related_articles_wrapper&amp;quot;&gt;&lt;div class=&amp;quot;cmtt_related_title cmtt_related_articles_title&amp;quot;&gt;Related Articles: &lt;\/div&gt;&lt;ul class=&amp;quot;cmtt_related&amp;quot;&gt;&lt;li class=&amp;quot;cmtt_related_item&amp;quot;&gt;&lt;a href=&amp;quot;https:\/\/xqthenews.com\/en\/soft-and-inclusive-mobility-for-truly-environmentally-friendly-cities\/&amp;quot;target=&amp;quot;_blank&amp;quot;&gt;Soft and inclusive mobility for truly environmentally friendly cities&lt;\/a&gt;&lt;\/li&gt;&lt;\/ul&gt;&lt;\/div&gt;\" href=\"https:\/\/xqthenews.com\/en\/glossary\/inflation\/\" data-gt-translate-attributes='[{\"attribute\":\"data-cmtooltip\", \"format\":\"html\"}]' tabindex=\"0\" role=\"link\">inflation<\/a> have greatly accelerated behavioural change with regard to <a class=\"glossaryLink\" aria-describedby=\"tt\" data-cmtooltip=\"&lt;div class=glossaryItemTitle&gt;Mobility&lt;\/div&gt;&lt;div class=glossaryItemBody&gt;&amp;lt;!-- wp:paragraph {&amp;quot;translatedWithWPMLTM&amp;quot;:&amp;quot;1&amp;quot;} --&amp;gt;Individual capacity to travel according to people&amp;#039;s needs and interest in travelling. The means of transport available and the accessibility offered by the transport system influence mobility, as do people&amp;#039;s individual characteristics and family environment. &amp;lt;br\/&amp;gt;&amp;lt;!-- \/wp:paragraph --&amp;gt;&amp;lt;!-- wp:paragraph {&amp;quot;translatedWithWPMLTM&amp;quot;:&amp;quot;1&amp;quot;} --&amp;gt;&amp;lt;em&amp;gt;(Source: &amp;lt;\/em&amp;gt;&amp;lt;em&amp;gt;Gloss&aacute;rio do Pacote da Mobilidade - IMT - Instituto da Mobilidade e dos Transportes)&amp;lt;\/em&amp;gt;&amp;lt;br\/&amp;gt;&amp;lt;!-- \/wp:paragraph --&amp;gt;&lt;\/div&gt;&lt;div class=&amp;quot;cmtt_related_articles_wrapper&amp;quot;&gt;&lt;div class=&amp;quot;cmtt_related_title cmtt_related_articles_title&amp;quot;&gt;Related Articles: &lt;\/div&gt;&lt;ul class=&amp;quot;cmtt_related&amp;quot;&gt;&lt;li class=&amp;quot;cmtt_related_item&amp;quot;&gt;&lt;a href=&amp;quot;https:\/\/xqthenews.com\/en\/is-there-still-time-to-save-the-planet\/&amp;quot;target=&amp;quot;_blank&amp;quot;&gt;Is there still time to save the planet?&lt;\/a&gt;&lt;\/li&gt;&lt;li class=&amp;quot;cmtt_related_item&amp;quot;&gt;&lt;a href=&amp;quot;https:\/\/xqthenews.com\/en\/rethinking-mobility-to-build-fit-for-future-cities\/&amp;quot;target=&amp;quot;_blank&amp;quot;&gt;Rethinking mobility to build fit-for-future cities&lt;\/a&gt;&lt;\/li&gt;&lt;li class=&amp;quot;cmtt_related_item&amp;quot;&gt;&lt;a href=&amp;quot;https:\/\/xqthenews.com\/en\/soft-and-inclusive-mobility-for-truly-environmentally-friendly-cities\/&amp;quot;target=&amp;quot;_blank&amp;quot;&gt;Soft and inclusive mobility for truly environmentally friendly cities&lt;\/a&gt;&lt;\/li&gt;&lt;li class=&amp;quot;cmtt_related_item&amp;quot;&gt;&lt;a href=&amp;quot;https:\/\/xqthenews.com\/en\/is-the-carbon-footprint-still-important-in-the-fight-against-the-climate-crisis\/&amp;quot;target=&amp;quot;_blank&amp;quot;&gt;Is the carbon footprint still important in the fight against the climate crisis?&lt;\/a&gt;&lt;\/li&gt;&lt;li class=&amp;quot;cmtt_related_item&amp;quot;&gt;&lt;a href=&amp;quot;https:\/\/xqthenews.com\/en\/gender-equality-and-boosting-climate-action\/&amp;quot;target=&amp;quot;_blank&amp;quot;&gt;Gender equality and boosting climate action&lt;\/a&gt;&lt;\/li&gt;&lt;\/ul&gt;&lt;\/div&gt;\" href=\"https:\/\/xqthenews.com\/en\/glossary\/mobility\/\" data-gt-translate-attributes='[{\"attribute\":\"data-cmtooltip\", \"format\":\"html\"}]' tabindex=\"0\" role=\"link\">mobility<\/a>.<\/label>\n\t\t\t<\/div>\n\t\t\t<div class=\"gchoice gchoice_771_3_3\">\n\t\t\t\t\t<input class=\"gfield-choice-input\" name=\"input_3\" type=\"radio\" value=\"gquiz3d1b23a18\" id=\"choice_771_3_3\" onchange=\"gformToggleRadioOther( this )\">\n\t\t\t\t\t<label for=\"choice_771_3_3\" id=\"label_771_3_3\" class=\"gform-field-label gform-field-label--type-inline\">Awareness of environmental issues does not have a significant impact on <a class=\"glossaryLink\" aria-describedby=\"tt\" data-cmtooltip=\"&lt;div class=glossaryItemTitle&gt;Mobility&lt;\/div&gt;&lt;div class=glossaryItemBody&gt;&amp;lt;!-- wp:paragraph {&amp;quot;translatedWithWPMLTM&amp;quot;:&amp;quot;1&amp;quot;} --&amp;gt;Individual capacity to travel according to people&amp;#039;s needs and interest in travelling. The means of transport available and the accessibility offered by the transport system influence mobility, as do people&amp;#039;s individual characteristics and family environment. &amp;lt;br\/&amp;gt;&amp;lt;!-- \/wp:paragraph --&amp;gt;&amp;lt;!-- wp:paragraph {&amp;quot;translatedWithWPMLTM&amp;quot;:&amp;quot;1&amp;quot;} --&amp;gt;&amp;lt;em&amp;gt;(Source: &amp;lt;\/em&amp;gt;&amp;lt;em&amp;gt;Gloss&aacute;rio do Pacote da Mobilidade - IMT - Instituto da Mobilidade e dos Transportes)&amp;lt;\/em&amp;gt;&amp;lt;br\/&amp;gt;&amp;lt;!-- \/wp:paragraph --&amp;gt;&lt;\/div&gt;&lt;div class=&amp;quot;cmtt_related_articles_wrapper&amp;quot;&gt;&lt;div class=&amp;quot;cmtt_related_title cmtt_related_articles_title&amp;quot;&gt;Related Articles: &lt;\/div&gt;&lt;ul class=&amp;quot;cmtt_related&amp;quot;&gt;&lt;li class=&amp;quot;cmtt_related_item&amp;quot;&gt;&lt;a href=&amp;quot;https:\/\/xqthenews.com\/en\/is-there-still-time-to-save-the-planet\/&amp;quot;target=&amp;quot;_blank&amp;quot;&gt;Is there still time to save the planet?&lt;\/a&gt;&lt;\/li&gt;&lt;li class=&amp;quot;cmtt_related_item&amp;quot;&gt;&lt;a href=&amp;quot;https:\/\/xqthenews.com\/en\/rethinking-mobility-to-build-fit-for-future-cities\/&amp;quot;target=&amp;quot;_blank&amp;quot;&gt;Rethinking mobility to build fit-for-future cities&lt;\/a&gt;&lt;\/li&gt;&lt;li class=&amp;quot;cmtt_related_item&amp;quot;&gt;&lt;a href=&amp;quot;https:\/\/xqthenews.com\/en\/soft-and-inclusive-mobility-for-truly-environmentally-friendly-cities\/&amp;quot;target=&amp;quot;_blank&amp;quot;&gt;Soft and inclusive mobility for truly environmentally friendly cities&lt;\/a&gt;&lt;\/li&gt;&lt;li class=&amp;quot;cmtt_related_item&amp;quot;&gt;&lt;a href=&amp;quot;https:\/\/xqthenews.com\/en\/is-the-carbon-footprint-still-important-in-the-fight-against-the-climate-crisis\/&amp;quot;target=&amp;quot;_blank&amp;quot;&gt;Is the carbon footprint still important in the fight against the climate crisis?&lt;\/a&gt;&lt;\/li&gt;&lt;li class=&amp;quot;cmtt_related_item&amp;quot;&gt;&lt;a href=&amp;quot;https:\/\/xqthenews.com\/en\/gender-equality-and-boosting-climate-action\/&amp;quot;target=&amp;quot;_blank&amp;quot;&gt;Gender equality and boosting climate action&lt;\/a&gt;&lt;\/li&gt;&lt;\/ul&gt;&lt;\/div&gt;\" href=\"https:\/\/xqthenews.com\/en\/glossary\/mobility\/\" data-gt-translate-attributes='[{\"attribute\":\"data-cmtooltip\", \"format\":\"html\"}]' tabindex=\"0\" role=\"link\">mobility<\/a> choices.<\/label>\n\t\t\t<\/div><\/div><\/div><\/fieldset><\/div>\n                    <\/div>\n                    <div class=\"gform-page-footer gform_page_footer top_label\">\n                        <input type=\"button\" id=\"gform_previous_button_771_6\" class=\"gform_previous_button gform-theme-button gform-theme-button--secondary button\" onclick=\"gform.submission.handleButtonClick(this);\" data-submission-type=\"previous\" value=\"Previous\"> <input type=\"button\" id=\"gform_next_button_771_6\" class=\"gform_next_button gform-theme-button button\" onclick=\"gform.submission.handleButtonClick(this);\" data-submission-type=\"next\" value=\"Next \"> \n                    <\/div>\n                <\/div>\n                <div id=\"gform_page_771_3\" class=\"gform_page\" data-js=\"page-field-id-6\" style=\"display:none;\">\n                    <div class=\"gform_page_fields\">\n                        <div id=\"gform_fields_771_3\" class=\"gform_fields top_label form_sublabel_below description_below validation_below\"><fieldset id=\"field_771_4\" class=\"gfield gfield--type-quiz gfield--type-choice gfield--input-type-radio gfield--width-full field_sublabel_below gfield--no-description field_description_below field_validation_below gfield_visibility_visible gquiz-field \" data-field-class=\"gquiz-field\"><legend class=\"gfield_label gform-field-label\">What is the main objective of raising awareness of the importance of environmentally responsible <a class=\"glossaryLink\" aria-describedby=\"tt\" data-cmtooltip=\"&lt;div class=glossaryItemTitle&gt;Mobility&lt;\/div&gt;&lt;div class=glossaryItemBody&gt;&amp;lt;!-- wp:paragraph {&amp;quot;translatedWithWPMLTM&amp;quot;:&amp;quot;1&amp;quot;} --&amp;gt;Individual capacity to travel according to people&amp;#039;s needs and interest in travelling. The means of transport available and the accessibility offered by the transport system influence mobility, as do people&amp;#039;s individual characteristics and family environment. &amp;lt;br\/&amp;gt;&amp;lt;!-- \/wp:paragraph --&amp;gt;&amp;lt;!-- wp:paragraph {&amp;quot;translatedWithWPMLTM&amp;quot;:&amp;quot;1&amp;quot;} --&amp;gt;&amp;lt;em&amp;gt;(Source: &amp;lt;\/em&amp;gt;&amp;lt;em&amp;gt;Gloss&aacute;rio do Pacote da Mobilidade - IMT - Instituto da Mobilidade e dos Transportes)&amp;lt;\/em&amp;gt;&amp;lt;br\/&amp;gt;&amp;lt;!-- \/wp:paragraph --&amp;gt;&lt;\/div&gt;&lt;div class=&amp;quot;cmtt_related_articles_wrapper&amp;quot;&gt;&lt;div class=&amp;quot;cmtt_related_title cmtt_related_articles_title&amp;quot;&gt;Related Articles: &lt;\/div&gt;&lt;ul class=&amp;quot;cmtt_related&amp;quot;&gt;&lt;li class=&amp;quot;cmtt_related_item&amp;quot;&gt;&lt;a href=&amp;quot;https:\/\/xqthenews.com\/en\/is-there-still-time-to-save-the-planet\/&amp;quot;target=&amp;quot;_blank&amp;quot;&gt;Is there still time to save the planet?&lt;\/a&gt;&lt;\/li&gt;&lt;li class=&amp;quot;cmtt_related_item&amp;quot;&gt;&lt;a href=&amp;quot;https:\/\/xqthenews.com\/en\/rethinking-mobility-to-build-fit-for-future-cities\/&amp;quot;target=&amp;quot;_blank&amp;quot;&gt;Rethinking mobility to build fit-for-future cities&lt;\/a&gt;&lt;\/li&gt;&lt;li class=&amp;quot;cmtt_related_item&amp;quot;&gt;&lt;a href=&amp;quot;https:\/\/xqthenews.com\/en\/soft-and-inclusive-mobility-for-truly-environmentally-friendly-cities\/&amp;quot;target=&amp;quot;_blank&amp;quot;&gt;Soft and inclusive mobility for truly environmentally friendly cities&lt;\/a&gt;&lt;\/li&gt;&lt;li class=&amp;quot;cmtt_related_item&amp;quot;&gt;&lt;a href=&amp;quot;https:\/\/xqthenews.com\/en\/is-the-carbon-footprint-still-important-in-the-fight-against-the-climate-crisis\/&amp;quot;target=&amp;quot;_blank&amp;quot;&gt;Is the carbon footprint still important in the fight against the climate crisis?&lt;\/a&gt;&lt;\/li&gt;&lt;li class=&amp;quot;cmtt_related_item&amp;quot;&gt;&lt;a href=&amp;quot;https:\/\/xqthenews.com\/en\/gender-equality-and-boosting-climate-action\/&amp;quot;target=&amp;quot;_blank&amp;quot;&gt;Gender equality and boosting climate action&lt;\/a&gt;&lt;\/li&gt;&lt;\/ul&gt;&lt;\/div&gt;\" href=\"https:\/\/xqthenews.com\/en\/glossary\/mobility\/\" data-gt-translate-attributes='[{\"attribute\":\"data-cmtooltip\", \"format\":\"html\"}]' tabindex=\"0\" role=\"link\">mobility<\/a>?<\/legend><div class=\"ginput_container ginput_container_radio\"><div class=\"gfield_radio\" id=\"input_771_4\">\n\t\t\t<div class=\"gchoice gchoice_771_4_0\">\n\t\t\t\t\t<input class=\"gfield-choice-input\" name=\"input_4\" type=\"radio\" value=\"gquiz46a62d494\" id=\"choice_771_4_0\" onchange=\"gformToggleRadioOther( this )\">\n\t\t\t\t\t<label for=\"choice_771_4_0\" id=\"label_771_4_0\" class=\"gform-field-label gform-field-label--type-inline\">To increase the number of individual vehicles in cities.<\/label>\n\t\t\t<\/div>\n\t\t\t<div class=\"gchoice gchoice_771_4_1\">\n\t\t\t\t\t<input class=\"gfield-choice-input\" name=\"input_4\" type=\"radio\" value=\"gquiz488c89c8f\" id=\"choice_771_4_1\" onchange=\"gformToggleRadioOther( this )\">\n\t\t\t\t\t<label for=\"choice_771_4_1\" id=\"label_771_4_1\" class=\"gform-field-label gform-field-label--type-inline\">To encourage the exclusive use of motorised modes of transport.<\/label>\n\t\t\t<\/div>\n\t\t\t<div class=\"gchoice gchoice_771_4_2\">\n\t\t\t\t\t<input class=\"gfield-choice-input\" name=\"input_4\" type=\"radio\" value=\"gquiz4054f68d8\" id=\"choice_771_4_2\" onchange=\"gformToggleRadioOther( this )\">\n\t\t\t\t\t<label for=\"choice_771_4_2\" id=\"label_771_4_2\" class=\"gform-field-label gform-field-label--type-inline\">Reducing accessibility to public transport.<\/label>\n\t\t\t<\/div>\n\t\t\t<div class=\"gchoice gchoice_771_4_3\">\n\t\t\t\t\t<input class=\"gfield-choice-input\" name=\"input_4\" type=\"radio\" value=\"gquiz472a6fadb\" id=\"choice_771_4_3\" onchange=\"gformToggleRadioOther( this )\">\n\t\t\t\t\t<label for=\"choice_771_4_3\" id=\"label_771_4_3\" class=\"gform-field-label gform-field-label--type-inline\">Identify greener solutions for <a class=\"glossaryLink\" aria-describedby=\"tt\" data-cmtooltip=\"&lt;div class=glossaryItemTitle&gt;Urban&lt;\/div&gt;&lt;div class=glossaryItemBody&gt;&amp;lt;!-- wp:paragraph {&amp;quot;translatedWithWPMLTM&amp;quot;:&amp;quot;1&amp;quot;} --&amp;gt;Urban comes from the Latin word &amp;quot;urbanus&amp;quot;, meaning &amp;quot;of the city&amp;quot;. Urban is everything related to city life and the people who live in it. The urban environment has specific characteristics such as: high population density, modern infrastructure (roads, transport, schools, hospitals, etc.), residential, commercial, and industrial areas, leisure and entertainment facilities, cultural offerings, special living habits and the typical hustle and bustle of cities.&amp;lt;br\/&amp;gt;&amp;lt;!-- \/wp:paragraph --&amp;gt;&lt;\/div&gt;&lt;div class=&amp;quot;cmtt_related_articles_wrapper&amp;quot;&gt;&lt;div class=&amp;quot;cmtt_related_title cmtt_related_articles_title&amp;quot;&gt;Related Articles: &lt;\/div&gt;&lt;ul class=&amp;quot;cmtt_related&amp;quot;&gt;&lt;li class=&amp;quot;cmtt_related_item&amp;quot;&gt;&lt;a href=&amp;quot;https:\/\/xqthenews.com\/en\/environmentaleducation-as-a-paradigm-for-preventing-rural-fires\/&amp;quot;target=&amp;quot;_blank&amp;quot;&gt;Environmentaleducation as a paradigm for preventing rural fires&lt;\/a&gt;&lt;\/li&gt;&lt;li class=&amp;quot;cmtt_related_item&amp;quot;&gt;&lt;a href=&amp;quot;https:\/\/xqthenews.com\/en\/circular-economy-organic-matter-in-the-past-present-and-future\/&amp;quot;target=&amp;quot;_blank&amp;quot;&gt;Circular economy: organic matter in the past, present and future&lt;\/a&gt;&lt;\/li&gt;&lt;li class=&amp;quot;cmtt_related_item&amp;quot;&gt;&lt;a href=&amp;quot;https:\/\/xqthenews.com\/en\/green-axis-of-carrer-consell-de-cent-the-green-project-to-transform-a-barcelona-street-is-now-bearing-fruit-avocados-included\/&amp;quot;target=&amp;quot;_blank&amp;quot;&gt;Green axis of Carrer Consell de Cent: the green project to transform a Barcelona street is now bearing fruit&hellip; avocados included.&lt;\/a&gt;&lt;\/li&gt;&lt;li class=&amp;quot;cmtt_related_item&amp;quot;&gt;&lt;a href=&amp;quot;https:\/\/xqthenews.com\/en\/rethinking-mobility-to-build-fit-for-future-cities\/&amp;quot;target=&amp;quot;_blank&amp;quot;&gt;Rethinking mobility to build fit-for-future cities&lt;\/a&gt;&lt;\/li&gt;&lt;li class=&amp;quot;cmtt_related_item&amp;quot;&gt;&lt;a href=&amp;quot;https:\/\/xqthenews.com\/en\/soft-and-inclusive-mobility-for-truly-environmentally-friendly-cities\/&amp;quot;target=&amp;quot;_blank&amp;quot;&gt;Soft and inclusive mobility for truly environmentally friendly cities&lt;\/a&gt;&lt;\/li&gt;&lt;\/ul&gt;&lt;\/div&gt;\" href=\"https:\/\/xqthenews.com\/en\/glossary\/urban\/\" data-gt-translate-attributes='[{\"attribute\":\"data-cmtooltip\", \"format\":\"html\"}]' tabindex=\"0\" role=\"link\">urban<\/a> <a class=\"glossaryLink\" aria-describedby=\"tt\" data-cmtooltip=\"&lt;div class=glossaryItemTitle&gt;Mobility&lt;\/div&gt;&lt;div class=glossaryItemBody&gt;&amp;lt;!-- wp:paragraph {&amp;quot;translatedWithWPMLTM&amp;quot;:&amp;quot;1&amp;quot;} --&amp;gt;Individual capacity to travel according to people&amp;#039;s needs and interest in travelling. The means of transport available and the accessibility offered by the transport system influence mobility, as do people&amp;#039;s individual characteristics and family environment. &amp;lt;br\/&amp;gt;&amp;lt;!-- \/wp:paragraph --&amp;gt;&amp;lt;!-- wp:paragraph {&amp;quot;translatedWithWPMLTM&amp;quot;:&amp;quot;1&amp;quot;} --&amp;gt;&amp;lt;em&amp;gt;(Source: &amp;lt;\/em&amp;gt;&amp;lt;em&amp;gt;Gloss&aacute;rio do Pacote da Mobilidade - IMT - Instituto da Mobilidade e dos Transportes)&amp;lt;\/em&amp;gt;&amp;lt;br\/&amp;gt;&amp;lt;!-- \/wp:paragraph --&amp;gt;&lt;\/div&gt;&lt;div class=&amp;quot;cmtt_related_articles_wrapper&amp;quot;&gt;&lt;div class=&amp;quot;cmtt_related_title cmtt_related_articles_title&amp;quot;&gt;Related Articles: &lt;\/div&gt;&lt;ul class=&amp;quot;cmtt_related&amp;quot;&gt;&lt;li class=&amp;quot;cmtt_related_item&amp;quot;&gt;&lt;a href=&amp;quot;https:\/\/xqthenews.com\/en\/is-there-still-time-to-save-the-planet\/&amp;quot;target=&amp;quot;_blank&amp;quot;&gt;Is there still time to save the planet?&lt;\/a&gt;&lt;\/li&gt;&lt;li class=&amp;quot;cmtt_related_item&amp;quot;&gt;&lt;a href=&amp;quot;https:\/\/xqthenews.com\/en\/rethinking-mobility-to-build-fit-for-future-cities\/&amp;quot;target=&amp;quot;_blank&amp;quot;&gt;Rethinking mobility to build fit-for-future cities&lt;\/a&gt;&lt;\/li&gt;&lt;li class=&amp;quot;cmtt_related_item&amp;quot;&gt;&lt;a href=&amp;quot;https:\/\/xqthenews.com\/en\/soft-and-inclusive-mobility-for-truly-environmentally-friendly-cities\/&amp;quot;target=&amp;quot;_blank&amp;quot;&gt;Soft and inclusive mobility for truly environmentally friendly cities&lt;\/a&gt;&lt;\/li&gt;&lt;li class=&amp;quot;cmtt_related_item&amp;quot;&gt;&lt;a href=&amp;quot;https:\/\/xqthenews.com\/en\/is-the-carbon-footprint-still-important-in-the-fight-against-the-climate-crisis\/&amp;quot;target=&amp;quot;_blank&amp;quot;&gt;Is the carbon footprint still important in the fight against the climate crisis?&lt;\/a&gt;&lt;\/li&gt;&lt;li class=&amp;quot;cmtt_related_item&amp;quot;&gt;&lt;a href=&amp;quot;https:\/\/xqthenews.com\/en\/gender-equality-and-boosting-climate-action\/&amp;quot;target=&amp;quot;_blank&amp;quot;&gt;Gender equality and boosting climate action&lt;\/a&gt;&lt;\/li&gt;&lt;\/ul&gt;&lt;\/div&gt;\" href=\"https:\/\/xqthenews.com\/en\/glossary\/mobility\/\" data-gt-translate-attributes='[{\"attribute\":\"data-cmtooltip\", \"format\":\"html\"}]' tabindex=\"0\" role=\"link\">mobility<\/a> and promote their use.<\/label>\n\t\t\t<\/div><\/div><\/div><\/fieldset><\/div>\n                    <\/div>\n                    <div class=\"gform-page-footer gform_page_footer top_label\">\n                        <input type=\"button\" id=\"gform_previous_button_771_8\" class=\"gform_previous_button gform-theme-button gform-theme-button--secondary button\" onclick=\"gform.submission.handleButtonClick(this);\" data-submission-type=\"previous\" value=\"Previous\"> <input type=\"button\" id=\"gform_next_button_771_8\" class=\"gform_next_button gform-theme-button button\" onclick=\"gform.submission.handleButtonClick(this);\" data-submission-type=\"next\" value=\"Next \"> \n                    <\/div>\n                <\/div>\n                <div id=\"gform_page_771_4\" class=\"gform_page\" data-js=\"page-field-id-8\" style=\"display:none;\">\n                    <div class=\"gform_page_fields\">\n                        <div id=\"gform_fields_771_4\" class=\"gform_fields top_label form_sublabel_below description_below validation_below\"><fieldset id=\"field_771_7\" class=\"gfield gfield--type-quiz gfield--type-choice gfield--input-type-radio gfield--width-full field_sublabel_below gfield--no-description field_description_below field_validation_below gfield_visibility_visible gquiz-field \" data-field-class=\"gquiz-field\"><legend class=\"gfield_label gform-field-label\">How does technology contribute to improving <a class=\"glossaryLink\" aria-describedby=\"tt\" data-cmtooltip=\"&lt;div class=glossaryItemTitle&gt;Urban&lt;\/div&gt;&lt;div class=glossaryItemBody&gt;&amp;lt;!-- wp:paragraph {&amp;quot;translatedWithWPMLTM&amp;quot;:&amp;quot;1&amp;quot;} --&amp;gt;Urban comes from the Latin word &amp;quot;urbanus&amp;quot;, meaning &amp;quot;of the city&amp;quot;. Urban is everything related to city life and the people who live in it. The urban environment has specific characteristics such as: high population density, modern infrastructure (roads, transport, schools, hospitals, etc.), residential, commercial, and industrial areas, leisure and entertainment facilities, cultural offerings, special living habits and the typical hustle and bustle of cities.&amp;lt;br\/&amp;gt;&amp;lt;!-- \/wp:paragraph --&amp;gt;&lt;\/div&gt;&lt;div class=&amp;quot;cmtt_related_articles_wrapper&amp;quot;&gt;&lt;div class=&amp;quot;cmtt_related_title cmtt_related_articles_title&amp;quot;&gt;Related Articles: &lt;\/div&gt;&lt;ul class=&amp;quot;cmtt_related&amp;quot;&gt;&lt;li class=&amp;quot;cmtt_related_item&amp;quot;&gt;&lt;a href=&amp;quot;https:\/\/xqthenews.com\/en\/environmentaleducation-as-a-paradigm-for-preventing-rural-fires\/&amp;quot;target=&amp;quot;_blank&amp;quot;&gt;Environmentaleducation as a paradigm for preventing rural fires&lt;\/a&gt;&lt;\/li&gt;&lt;li class=&amp;quot;cmtt_related_item&amp;quot;&gt;&lt;a href=&amp;quot;https:\/\/xqthenews.com\/en\/circular-economy-organic-matter-in-the-past-present-and-future\/&amp;quot;target=&amp;quot;_blank&amp;quot;&gt;Circular economy: organic matter in the past, present and future&lt;\/a&gt;&lt;\/li&gt;&lt;li class=&amp;quot;cmtt_related_item&amp;quot;&gt;&lt;a href=&amp;quot;https:\/\/xqthenews.com\/en\/green-axis-of-carrer-consell-de-cent-the-green-project-to-transform-a-barcelona-street-is-now-bearing-fruit-avocados-included\/&amp;quot;target=&amp;quot;_blank&amp;quot;&gt;Green axis of Carrer Consell de Cent: the green project to transform a Barcelona street is now bearing fruit&hellip; avocados included.&lt;\/a&gt;&lt;\/li&gt;&lt;li class=&amp;quot;cmtt_related_item&amp;quot;&gt;&lt;a href=&amp;quot;https:\/\/xqthenews.com\/en\/rethinking-mobility-to-build-fit-for-future-cities\/&amp;quot;target=&amp;quot;_blank&amp;quot;&gt;Rethinking mobility to build fit-for-future cities&lt;\/a&gt;&lt;\/li&gt;&lt;li class=&amp;quot;cmtt_related_item&amp;quot;&gt;&lt;a href=&amp;quot;https:\/\/xqthenews.com\/en\/soft-and-inclusive-mobility-for-truly-environmentally-friendly-cities\/&amp;quot;target=&amp;quot;_blank&amp;quot;&gt;Soft and inclusive mobility for truly environmentally friendly cities&lt;\/a&gt;&lt;\/li&gt;&lt;\/ul&gt;&lt;\/div&gt;\" href=\"https:\/\/xqthenews.com\/en\/glossary\/urban\/\" data-gt-translate-attributes='[{\"attribute\":\"data-cmtooltip\", \"format\":\"html\"}]' tabindex=\"0\" role=\"link\">urban<\/a> <a class=\"glossaryLink\" aria-describedby=\"tt\" data-cmtooltip=\"&lt;div class=glossaryItemTitle&gt;Mobility&lt;\/div&gt;&lt;div class=glossaryItemBody&gt;&amp;lt;!-- wp:paragraph {&amp;quot;translatedWithWPMLTM&amp;quot;:&amp;quot;1&amp;quot;} --&amp;gt;Individual capacity to travel according to people&amp;#039;s needs and interest in travelling. The means of transport available and the accessibility offered by the transport system influence mobility, as do people&amp;#039;s individual characteristics and family environment. &amp;lt;br\/&amp;gt;&amp;lt;!-- \/wp:paragraph --&amp;gt;&amp;lt;!-- wp:paragraph {&amp;quot;translatedWithWPMLTM&amp;quot;:&amp;quot;1&amp;quot;} --&amp;gt;&amp;lt;em&amp;gt;(Source: &amp;lt;\/em&amp;gt;&amp;lt;em&amp;gt;Gloss&aacute;rio do Pacote da Mobilidade - IMT - Instituto da Mobilidade e dos Transportes)&amp;lt;\/em&amp;gt;&amp;lt;br\/&amp;gt;&amp;lt;!-- \/wp:paragraph --&amp;gt;&lt;\/div&gt;&lt;div class=&amp;quot;cmtt_related_articles_wrapper&amp;quot;&gt;&lt;div class=&amp;quot;cmtt_related_title cmtt_related_articles_title&amp;quot;&gt;Related Articles: &lt;\/div&gt;&lt;ul class=&amp;quot;cmtt_related&amp;quot;&gt;&lt;li class=&amp;quot;cmtt_related_item&amp;quot;&gt;&lt;a href=&amp;quot;https:\/\/xqthenews.com\/en\/is-there-still-time-to-save-the-planet\/&amp;quot;target=&amp;quot;_blank&amp;quot;&gt;Is there still time to save the planet?&lt;\/a&gt;&lt;\/li&gt;&lt;li class=&amp;quot;cmtt_related_item&amp;quot;&gt;&lt;a href=&amp;quot;https:\/\/xqthenews.com\/en\/rethinking-mobility-to-build-fit-for-future-cities\/&amp;quot;target=&amp;quot;_blank&amp;quot;&gt;Rethinking mobility to build fit-for-future cities&lt;\/a&gt;&lt;\/li&gt;&lt;li class=&amp;quot;cmtt_related_item&amp;quot;&gt;&lt;a href=&amp;quot;https:\/\/xqthenews.com\/en\/soft-and-inclusive-mobility-for-truly-environmentally-friendly-cities\/&amp;quot;target=&amp;quot;_blank&amp;quot;&gt;Soft and inclusive mobility for truly environmentally friendly cities&lt;\/a&gt;&lt;\/li&gt;&lt;li class=&amp;quot;cmtt_related_item&amp;quot;&gt;&lt;a href=&amp;quot;https:\/\/xqthenews.com\/en\/is-the-carbon-footprint-still-important-in-the-fight-against-the-climate-crisis\/&amp;quot;target=&amp;quot;_blank&amp;quot;&gt;Is the carbon footprint still important in the fight against the climate crisis?&lt;\/a&gt;&lt;\/li&gt;&lt;li class=&amp;quot;cmtt_related_item&amp;quot;&gt;&lt;a href=&amp;quot;https:\/\/xqthenews.com\/en\/gender-equality-and-boosting-climate-action\/&amp;quot;target=&amp;quot;_blank&amp;quot;&gt;Gender equality and boosting climate action&lt;\/a&gt;&lt;\/li&gt;&lt;\/ul&gt;&lt;\/div&gt;\" href=\"https:\/\/xqthenews.com\/en\/glossary\/mobility\/\" data-gt-translate-attributes='[{\"attribute\":\"data-cmtooltip\", \"format\":\"html\"}]' tabindex=\"0\" role=\"link\">mobility<\/a>?<\/legend><div class=\"ginput_container ginput_container_radio\"><div class=\"gfield_radio\" id=\"input_771_7\">\n\t\t\t<div class=\"gchoice gchoice_771_7_0\">\n\t\t\t\t\t<input class=\"gfield-choice-input\" name=\"input_7\" type=\"radio\" value=\"gquiz46a62d494\" id=\"choice_771_7_0\" onchange=\"gformToggleRadioOther( this )\">\n\t\t\t\t\t<label for=\"choice_771_7_0\" id=\"label_771_7_0\" class=\"gform-field-label gform-field-label--type-inline\">By increasing traffic congestion.<\/label>\n\t\t\t<\/div>\n\t\t\t<div class=\"gchoice gchoice_771_7_1\">\n\t\t\t\t\t<input class=\"gfield-choice-input\" name=\"input_7\" type=\"radio\" value=\"gquiz488c89c8f\" id=\"choice_771_7_1\" onchange=\"gformToggleRadioOther( this )\">\n\t\t\t\t\t<label for=\"choice_771_7_1\" id=\"label_771_7_1\" class=\"gform-field-label gform-field-label--type-inline\">Improving the efficiency of transit and public transport systems.<\/label>\n\t\t\t<\/div>\n\t\t\t<div class=\"gchoice gchoice_771_7_2\">\n\t\t\t\t\t<input class=\"gfield-choice-input\" name=\"input_7\" type=\"radio\" value=\"gquiz4054f68d8\" id=\"choice_771_7_2\" onchange=\"gformToggleRadioOther( this )\">\n\t\t\t\t\t<label for=\"choice_771_7_2\" id=\"label_771_7_2\" class=\"gform-field-label gform-field-label--type-inline\">Reducing the need for environmental policies.<\/label>\n\t\t\t<\/div>\n\t\t\t<div class=\"gchoice gchoice_771_7_3\">\n\t\t\t\t\t<input class=\"gfield-choice-input\" name=\"input_7\" type=\"radio\" value=\"gquiz74f61f4a6\" id=\"choice_771_7_3\" onchange=\"gformToggleRadioOther( this )\">\n\t\t\t\t\t<label for=\"choice_771_7_3\" id=\"label_771_7_3\" class=\"gform-field-label gform-field-label--type-inline\">Increasing reliance on individual vehicles.<\/label>\n\t\t\t<\/div><\/div><\/div><\/fieldset><\/div><\/div>\n        <div class=\"gform-page-footer gform_page_footer top_label\"><input type=\"submit\" id=\"gform_previous_button_771\" class=\"gform_previous_button gform-theme-button gform-theme-button--secondary button\" onclick=\"gform.submission.handleButtonClick(this);\" data-submission-type=\"previous\" value=\"Previous\"> <input type=\"submit\" id=\"gform_submit_button_771\" class=\"gform_button button\" onclick=\"gform.submission.handleButtonClick(this);\" data-submission-type=\"submit\" value=\"Send\"> \n            <input type=\"hidden\" class=\"gform_hidden\" name=\"gform_submission_method\" data-js=\"gform_submission_method_771\" value=\"postback\">\n            <input type=\"hidden\" class=\"gform_hidden\" name=\"gform_theme\" data-js=\"gform_theme_771\" id=\"gform_theme_771\" value=\"gravity-theme\">\n            <input type=\"hidden\" class=\"gform_hidden\" name=\"gform_style_settings\" data-js=\"gform_style_settings_771\" id=\"gform_style_settings_771\" value='{\"inputPrimaryColor\":\"#204ce5\"}'>\n            <input type=\"hidden\" class=\"gform_hidden\" name=\"is_submit_771\" value=\"1\">\n            <input type=\"hidden\" class=\"gform_hidden\" name=\"gform_submit\" value=\"771\">\n            \n            <input type=\"hidden\" class=\"gform_hidden\" name=\"gform_currency\" data-currency=\"EUR\" value=\"twNzNnlAxF03U+bGMDntXr1\/Dy8qeqy87M\/hnUaISyVR0H008ijTXL22XeF5hFwoo6VYPL8NHc9jVeGXD9EZWLe6cK1OS42QBpwJn0LWrL\/Avw4=\">\n            <input type=\"hidden\" class=\"gform_hidden\" name=\"gform_unique_id\" value=\"\">\n            <input type=\"hidden\" class=\"gform_hidden\" name=\"state_771\" value=\"WyJbXSIsIjVlMjNlOGUzOTg5N2RmMzcwZmE1ODRlNDZjZGJmYjNkIl0=\">\n            <input type=\"hidden\" autocomplete=\"off\" class=\"gform_hidden\" name=\"gform_target_page_number_771\" id=\"gform_target_page_number_771\" value=\"2\">\n            <input type=\"hidden\" autocomplete=\"off\" class=\"gform_hidden\" name=\"gform_source_page_number_771\" id=\"gform_source_page_number_771\" value=\"1\">\n            <input type=\"hidden\" name=\"gform_field_values\" value=\"\">\n            \n        <\/div>\n             <\/div><\/div>\n                        <\/form>\n                        <\/div><script type=\"text\/javascript\">\n\/* <![CDATA[ *\/\n gform.initializeOnLoaded( function() {gformInitSpinner( 771, 'https:\/\/xqthenews.com\/wp-content\/plugins\/gravityforms\/images\/spinner.svg', true );jQuery('#gform_ajax_frame_771').on('load',function(){var contents = jQuery(this).contents().find('*').html();var is_postback = contents.indexOf('GF_AJAX_POSTBACK') >= 0;if(!is_postback){return;}var form_content = jQuery(this).contents().find('#gform_wrapper_771');var is_confirmation = jQuery(this).contents().find('#gform_confirmation_wrapper_771').length > 0;var is_redirect = contents.indexOf('gformRedirect(){') >= 0;var is_form = form_content.length > 0 && ! is_redirect && ! is_confirmation;var mt = parseInt(jQuery('html').css('margin-top'), 10) + parseInt(jQuery('body').css('margin-top'), 10) + 100;if(is_form){jQuery('#gform_wrapper_771').html(form_content.html());if(form_content.hasClass('gform_validation_error')){jQuery('#gform_wrapper_771').addClass('gform_validation_error');} else {jQuery('#gform_wrapper_771').removeClass('gform_validation_error');}setTimeout( function() { \/* delay the scroll by 50 milliseconds to fix a bug in chrome *\/ jQuery(document).scrollTop(jQuery('#gform_wrapper_771').offset().top - mt); }, 50 );if(window['gformInitDatepicker']) {gformInitDatepicker();}if(window['gformInitPriceFields']) {gformInitPriceFields();}var current_page = jQuery('#gform_source_page_number_771').val();gformInitSpinner( 771, 'https:\/\/xqthenews.com\/wp-content\/plugins\/gravityforms\/images\/spinner.svg', true );jQuery(document).trigger('gform_page_loaded', [771, current_page]);window['gf_submitting_771'] = false;}else if(!is_redirect){var confirmation_content = jQuery(this).contents().find('.GF_AJAX_POSTBACK').html();if(!confirmation_content){confirmation_content = contents;}jQuery('#gform_wrapper_771').replaceWith(confirmation_content);jQuery(document).scrollTop(jQuery('#gf_771').offset().top - mt);jQuery(document).trigger('gform_confirmation_loaded', [771]);window['gf_submitting_771'] = false;wp.a11y.speak(jQuery('#gform_confirmation_message_771').text());}else{jQuery('#gform_771').append(contents);if(window['gformRedirect']) {gformRedirect();}}jQuery(document).trigger(\"gform_pre_post_render\", [{ formId: \"771\", currentPage: \"current_page\", abort: function() { this.preventDefault(); } }]);        if (event && event.defaultPrevented) {                return;        }        const gformWrapperDiv = document.getElementById( \"gform_wrapper_771\" );        if ( gformWrapperDiv ) {            const visibilitySpan = document.createElement( \"span\" );            visibilitySpan.id = \"gform_visibility_test_771\";            gformWrapperDiv.insertAdjacentElement( \"afterend\", visibilitySpan );        }        const visibilityTestDiv = document.getElementById( \"gform_visibility_test_771\" );        let postRenderFired = false;        function triggerPostRender() {            if ( postRenderFired ) {                return;            }            postRenderFired = true;            gform.core.triggerPostRenderEvents( 771, current_page );            if ( visibilityTestDiv ) {                visibilityTestDiv.parentNode.removeChild( visibilityTestDiv );            }        }        function debounce( func, wait, immediate ) {            var timeout;            return function() {                var context = this, args = arguments;                var later = function() {                    timeout = null;                    if ( !immediate ) func.apply( context, args );                };                var callNow = immediate && !timeout;                clearTimeout( timeout );                timeout = setTimeout( later, wait );                if ( callNow ) func.apply( context, args );            };        }        const debouncedTriggerPostRender = debounce( function() {            triggerPostRender();        }, 200 );        if ( visibilityTestDiv && visibilityTestDiv.offsetParent === null ) {            const observer = new MutationObserver( ( mutations ) => {                mutations.forEach( ( mutation ) => {                    if ( mutation.type === 'attributes' && visibilityTestDiv.offsetParent !== null ) {                        debouncedTriggerPostRender();                        observer.disconnect();                    }                });            });            observer.observe( document.body, {                attributes: true,                childList: false,                subtree: true,                attributeFilter: [ 'style', 'class' ],            });        } else {            triggerPostRender();        }    } );} ); \n\/* ]]> *\/\n<\/script>\n","protected":false},"excerpt":{"rendered":"<p>The growing global need for transport makes it urgent to find solutions capable of ensuring environmentally friendly, cleaner, safer and more efficient <a class=\"glossaryLink\" aria-describedby=\"tt\" data-cmtooltip=\"&lt;div class=glossaryItemTitle&gt;Mobility&lt;\/div&gt;&lt;div class=glossaryItemBody&gt;&amp;lt;!-- wp:paragraph {&amp;quot;translatedWithWPMLTM&amp;quot;:&amp;quot;1&amp;quot;} --&amp;gt;Individual capacity to travel according to people&amp;#039;s needs and interest in travelling. The means of transport available and the accessibility offered by the transport system influence mobility, as do people&amp;#039;s individual characteristics and family environment. &amp;lt;br\/&amp;gt;&amp;lt;!-- \/wp:paragraph --&amp;gt;&amp;lt;!-- wp:paragraph {&amp;quot;translatedWithWPMLTM&amp;quot;:&amp;quot;1&amp;quot;} --&amp;gt;&amp;lt;em&amp;gt;(Source: &amp;lt;\/em&amp;gt;&amp;lt;em&amp;gt;Gloss&aacute;rio do Pacote da Mobilidade - IMT - Instituto da Mobilidade e dos Transportes)&amp;lt;\/em&amp;gt;&amp;lt;br\/&amp;gt;&amp;lt;!-- \/wp:paragraph --&amp;gt;&lt;\/div&gt;&lt;div class=&amp;quot;cmtt_related_articles_wrapper&amp;quot;&gt;&lt;div class=&amp;quot;cmtt_related_title cmtt_related_articles_title&amp;quot;&gt;Related Articles: &lt;\/div&gt;&lt;ul class=&amp;quot;cmtt_related&amp;quot;&gt;&lt;li class=&amp;quot;cmtt_related_item&amp;quot;&gt;&lt;a href=&amp;quot;https:\/\/xqthenews.com\/en\/is-there-still-time-to-save-the-planet\/&amp;quot;target=&amp;quot;_blank&amp;quot;&gt;Is there still time to save the planet?&lt;\/a&gt;&lt;\/li&gt;&lt;li class=&amp;quot;cmtt_related_item&amp;quot;&gt;&lt;a href=&amp;quot;https:\/\/xqthenews.com\/en\/rethinking-mobility-to-build-fit-for-future-cities\/&amp;quot;target=&amp;quot;_blank&amp;quot;&gt;Rethinking mobility to build fit-for-future cities&lt;\/a&gt;&lt;\/li&gt;&lt;li class=&amp;quot;cmtt_related_item&amp;quot;&gt;&lt;a href=&amp;quot;https:\/\/xqthenews.com\/en\/soft-and-inclusive-mobility-for-truly-environmentally-friendly-cities\/&amp;quot;target=&amp;quot;_blank&amp;quot;&gt;Soft and inclusive mobility for truly environmentally friendly cities&lt;\/a&gt;&lt;\/li&gt;&lt;li class=&amp;quot;cmtt_related_item&amp;quot;&gt;&lt;a href=&amp;quot;https:\/\/xqthenews.com\/en\/is-the-carbon-footprint-still-important-in-the-fight-against-the-climate-crisis\/&amp;quot;target=&amp;quot;_blank&amp;quot;&gt;Is the carbon footprint still important in the fight against the climate crisis?&lt;\/a&gt;&lt;\/li&gt;&lt;li class=&amp;quot;cmtt_related_item&amp;quot;&gt;&lt;a href=&amp;quot;https:\/\/xqthenews.com\/en\/gender-equality-and-boosting-climate-action\/&amp;quot;target=&amp;quot;_blank&amp;quot;&gt;Gender equality and boosting climate action&lt;\/a&gt;&lt;\/li&gt;&lt;\/ul&gt;&lt;\/div&gt;\" href=\"https:\/\/xqthenews.com\/en\/glossary\/mobility\/\" data-gt-translate-attributes='[{\"attribute\":\"data-cmtooltip\", \"format\":\"html\"}]' tabindex=\"0\" role=\"link\">mobility<\/a> for all. The concept of soft <a class=\"glossaryLink\" aria-describedby=\"tt\" data-cmtooltip=\"&lt;div class=glossaryItemTitle&gt;Mobility&lt;\/div&gt;&lt;div class=glossaryItemBody&gt;&amp;lt;!-- wp:paragraph {&amp;quot;translatedWithWPMLTM&amp;quot;:&amp;quot;1&amp;quot;} --&amp;gt;Individual capacity to travel according to people&amp;#039;s needs and interest in travelling. The means of transport available and the accessibility offered by the transport system influence mobility, as do people&amp;#039;s individual characteristics and family environment. &amp;lt;br\/&amp;gt;&amp;lt;!-- \/wp:paragraph --&amp;gt;&amp;lt;!-- wp:paragraph {&amp;quot;translatedWithWPMLTM&amp;quot;:&amp;quot;1&amp;quot;} --&amp;gt;&amp;lt;em&amp;gt;(Source: &amp;lt;\/em&amp;gt;&amp;lt;em&amp;gt;Gloss&aacute;rio do Pacote da Mobilidade - IMT - Instituto da Mobilidade e dos Transportes)&amp;lt;\/em&amp;gt;&amp;lt;br\/&amp;gt;&amp;lt;!-- \/wp:paragraph --&amp;gt;&lt;\/div&gt;&lt;div class=&amp;quot;cmtt_related_articles_wrapper&amp;quot;&gt;&lt;div class=&amp;quot;cmtt_related_title cmtt_related_articles_title&amp;quot;&gt;Related Articles: &lt;\/div&gt;&lt;ul class=&amp;quot;cmtt_related&amp;quot;&gt;&lt;li class=&amp;quot;cmtt_related_item&amp;quot;&gt;&lt;a href=&amp;quot;https:\/\/xqthenews.com\/en\/is-there-still-time-to-save-the-planet\/&amp;quot;target=&amp;quot;_blank&amp;quot;&gt;Is there still time to save the planet?&lt;\/a&gt;&lt;\/li&gt;&lt;li class=&amp;quot;cmtt_related_item&amp;quot;&gt;&lt;a href=&amp;quot;https:\/\/xqthenews.com\/en\/rethinking-mobility-to-build-fit-for-future-cities\/&amp;quot;target=&amp;quot;_blank&amp;quot;&gt;Rethinking mobility to build fit-for-future cities&lt;\/a&gt;&lt;\/li&gt;&lt;li class=&amp;quot;cmtt_related_item&amp;quot;&gt;&lt;a href=&amp;quot;https:\/\/xqthenews.com\/en\/soft-and-inclusive-mobility-for-truly-environmentally-friendly-cities\/&amp;quot;target=&amp;quot;_blank&amp;quot;&gt;Soft and inclusive mobility for truly environmentally friendly cities&lt;\/a&gt;&lt;\/li&gt;&lt;li class=&amp;quot;cmtt_related_item&amp;quot;&gt;&lt;a href=&amp;quot;https:\/\/xqthenews.com\/en\/is-the-carbon-footprint-still-important-in-the-fight-against-the-climate-crisis\/&amp;quot;target=&amp;quot;_blank&amp;quot;&gt;Is the carbon footprint still important in the fight against the climate crisis?&lt;\/a&gt;&lt;\/li&gt;&lt;li class=&amp;quot;cmtt_related_item&amp;quot;&gt;&lt;a href=&amp;quot;https:\/\/xqthenews.com\/en\/gender-equality-and-boosting-climate-action\/&amp;quot;target=&amp;quot;_blank&amp;quot;&gt;Gender equality and boosting climate action&lt;\/a&gt;&lt;\/li&gt;&lt;\/ul&gt;&lt;\/div&gt;\" href=\"https:\/\/xqthenews.com\/en\/glossary\/mobility\/\" data-gt-translate-attributes='[{\"attribute\":\"data-cmtooltip\", \"format\":\"html\"}]' tabindex=\"0\" role=\"link\">mobility<\/a>, also known as environmentally responsible <a class=\"glossaryLink\" aria-describedby=\"tt\" data-cmtooltip=\"&lt;div class=glossaryItemTitle&gt;Mobility&lt;\/div&gt;&lt;div class=glossaryItemBody&gt;&amp;lt;!-- wp:paragraph {&amp;quot;translatedWithWPMLTM&amp;quot;:&amp;quot;1&amp;quot;} --&amp;gt;Individual capacity to travel according to people&amp;#039;s needs and interest in travelling. The means of transport available and the accessibility offered by the transport system influence mobility, as do people&amp;#039;s individual characteristics and family environment. &amp;lt;br\/&amp;gt;&amp;lt;!-- \/wp:paragraph --&amp;gt;&amp;lt;!-- wp:paragraph {&amp;quot;translatedWithWPMLTM&amp;quot;:&amp;quot;1&amp;quot;} --&amp;gt;&amp;lt;em&amp;gt;(Source: &amp;lt;\/em&amp;gt;&amp;lt;em&amp;gt;Gloss&aacute;rio do Pacote da Mobilidade - IMT - Instituto da Mobilidade e dos Transportes)&amp;lt;\/em&amp;gt;&amp;lt;br\/&amp;gt;&amp;lt;!-- \/wp:paragraph --&amp;gt;&lt;\/div&gt;&lt;div class=&amp;quot;cmtt_related_articles_wrapper&amp;quot;&gt;&lt;div class=&amp;quot;cmtt_related_title cmtt_related_articles_title&amp;quot;&gt;Related Articles: &lt;\/div&gt;&lt;ul class=&amp;quot;cmtt_related&amp;quot;&gt;&lt;li class=&amp;quot;cmtt_related_item&amp;quot;&gt;&lt;a href=&amp;quot;https:\/\/xqthenews.com\/en\/is-there-still-time-to-save-the-planet\/&amp;quot;target=&amp;quot;_blank&amp;quot;&gt;Is there still time to save the planet?&lt;\/a&gt;&lt;\/li&gt;&lt;li class=&amp;quot;cmtt_related_item&amp;quot;&gt;&lt;a href=&amp;quot;https:\/\/xqthenews.com\/en\/rethinking-mobility-to-build-fit-for-future-cities\/&amp;quot;target=&amp;quot;_blank&amp;quot;&gt;Rethinking mobility to build fit-for-future cities&lt;\/a&gt;&lt;\/li&gt;&lt;li class=&amp;quot;cmtt_related_item&amp;quot;&gt;&lt;a href=&amp;quot;https:\/\/xqthenews.com\/en\/soft-and-inclusive-mobility-for-truly-environmentally-friendly-cities\/&amp;quot;target=&amp;quot;_blank&amp;quot;&gt;Soft and inclusive mobility for truly environmentally friendly cities&lt;\/a&gt;&lt;\/li&gt;&lt;li class=&amp;quot;cmtt_related_item&amp;quot;&gt;&lt;a href=&amp;quot;https:\/\/xqthenews.com\/en\/is-the-carbon-footprint-still-important-in-the-fight-against-the-climate-crisis\/&amp;quot;target=&amp;quot;_blank&amp;quot;&gt;Is the carbon footprint still important in the fight against the climate crisis?&lt;\/a&gt;&lt;\/li&gt;&lt;li class=&amp;quot;cmtt_related_item&amp;quot;&gt;&lt;a href=&amp;quot;https:\/\/xqthenews.com\/en\/gender-equality-and-boosting-climate-action\/&amp;quot;target=&amp;quot;_blank&amp;quot;&gt;Gender equality and boosting climate action&lt;\/a&gt;&lt;\/li&gt;&lt;\/ul&gt;&lt;\/div&gt;\" href=\"https:\/\/xqthenews.com\/en\/glossary\/mobility\/\" data-gt-translate-attributes='[{\"attribute\":\"data-cmtooltip\", \"format\":\"html\"}]' tabindex=\"0\" role=\"link\">mobility<\/a> or non-motorised <a class=\"glossaryLink\" aria-describedby=\"tt\" data-cmtooltip=\"&lt;div class=glossaryItemTitle&gt;Mobility&lt;\/div&gt;&lt;div class=glossaryItemBody&gt;&amp;lt;!-- wp:paragraph {&amp;quot;translatedWithWPMLTM&amp;quot;:&amp;quot;1&amp;quot;} --&amp;gt;Individual capacity to travel according to people&amp;#039;s needs and interest in travelling. The means of transport available and the accessibility offered by the transport system influence mobility, as do people&amp;#039;s individual characteristics and family environment. &amp;lt;br\/&amp;gt;&amp;lt;!-- \/wp:paragraph --&amp;gt;&amp;lt;!-- wp:paragraph {&amp;quot;translatedWithWPMLTM&amp;quot;:&amp;quot;1&amp;quot;} --&amp;gt;&amp;lt;em&amp;gt;(Source: &amp;lt;\/em&amp;gt;&amp;lt;em&amp;gt;Gloss&aacute;rio do Pacote da Mobilidade - IMT - Instituto da Mobilidade e dos Transportes)&amp;lt;\/em&amp;gt;&amp;lt;br\/&amp;gt;&amp;lt;!-- \/wp:paragraph --&amp;gt;&lt;\/div&gt;&lt;div class=&amp;quot;cmtt_related_articles_wrapper&amp;quot;&gt;&lt;div class=&amp;quot;cmtt_related_title cmtt_related_articles_title&amp;quot;&gt;Related Articles: &lt;\/div&gt;&lt;ul class=&amp;quot;cmtt_related&amp;quot;&gt;&lt;li class=&amp;quot;cmtt_related_item&amp;quot;&gt;&lt;a href=&amp;quot;https:\/\/xqthenews.com\/en\/is-there-still-time-to-save-the-planet\/&amp;quot;target=&amp;quot;_blank&amp;quot;&gt;Is there still time to save the planet?&lt;\/a&gt;&lt;\/li&gt;&lt;li class=&amp;quot;cmtt_related_item&amp;quot;&gt;&lt;a href=&amp;quot;https:\/\/xqthenews.com\/en\/rethinking-mobility-to-build-fit-for-future-cities\/&amp;quot;target=&amp;quot;_blank&amp;quot;&gt;Rethinking mobility to build fit-for-future cities&lt;\/a&gt;&lt;\/li&gt;&lt;li class=&amp;quot;cmtt_related_item&amp;quot;&gt;&lt;a href=&amp;quot;https:\/\/xqthenews.com\/en\/soft-and-inclusive-mobility-for-truly-environmentally-friendly-cities\/&amp;quot;target=&amp;quot;_blank&amp;quot;&gt;Soft and inclusive mobility for truly environmentally friendly cities&lt;\/a&gt;&lt;\/li&gt;&lt;li class=&amp;quot;cmtt_related_item&amp;quot;&gt;&lt;a href=&amp;quot;https:\/\/xqthenews.com\/en\/is-the-carbon-footprint-still-important-in-the-fight-against-the-climate-crisis\/&amp;quot;target=&amp;quot;_blank&amp;quot;&gt;Is the carbon footprint still important in the fight against the climate crisis?&lt;\/a&gt;&lt;\/li&gt;&lt;li class=&amp;quot;cmtt_related_item&amp;quot;&gt;&lt;a href=&amp;quot;https:\/\/xqthenews.com\/en\/gender-equality-and-boosting-climate-action\/&amp;quot;target=&amp;quot;_blank&amp;quot;&gt;Gender equality and boosting climate action&lt;\/a&gt;&lt;\/li&gt;&lt;\/ul&gt;&lt;\/div&gt;\" href=\"https:\/\/xqthenews.com\/en\/glossary\/mobility\/\" data-gt-translate-attributes='[{\"attribute\":\"data-cmtooltip\", \"format\":\"html\"}]' tabindex=\"0\" role=\"link\">mobility<\/a>, is one of the fundamental pillars of green cities, which are designed to be environmentally friendly,<\/p>\n","protected":false},"author":61,"featured_media":24400,"comment_status":"open","ping_status":"open","sticky":false,"template":"","format":"standard","meta":{"_acf_changed":false,"footnotes":""},"categories":[451,484],"tags":[567],"coauthors":[241],"class_list":{"0":"post-24405","1":"post","2":"type-post","3":"status-publish","4":"format-standard","5":"has-post-thumbnail","7":"category-environment","8":"category-sustainability","9":"tag-mobility-en"},"acf":[],"yoast_head":"<!-- This site is optimized with the Yoast SEO plugin v27.1.1 - https:\/\/yoast.com\/product\/yoast-seo-wordpress\/ -->\n<title>Soft and inclusive mobility for truly environmentally friendly cities - xqthenews<\/title>\n<meta name=\"robots\" content=\"index, follow, max-snippet:-1, max-image-preview:large, max-video-preview:-1\" \/>\n<link rel=\"canonical\" href=\"https:\/\/xqthenews.com\/en\/soft-and-inclusive-mobility-for-truly-environmentally-friendly-cities\/\" \/>\n<meta property=\"og:locale\" content=\"en_US\" \/>\n<meta property=\"og:type\" content=\"article\" \/>\n<meta property=\"og:title\" content=\"Soft and inclusive mobility for truly environmentally friendly cities - xqthenews\" \/>\n<meta property=\"og:description\" content=\"The growing global need for transport makes it urgent to find solutions capable of ensuring environmentally friendly, cleaner, safer and more efficient mobility for all. The concept of soft mobility, also known as environmentally responsible mobility or non-motorised mobility, is one of the fundamental pillars of green cities, which are designed to be environmentally friendly,\" \/>\n<meta property=\"og:url\" content=\"https:\/\/xqthenews.com\/en\/soft-and-inclusive-mobility-for-truly-environmentally-friendly-cities\/\" \/>\n<meta property=\"og:site_name\" content=\"xqthenews\" \/>\n<meta property=\"article:published_time\" content=\"2024-10-02T07:18:28+00:00\" \/>\n<meta property=\"article:modified_time\" content=\"2024-10-02T11:10:53+00:00\" \/>\n<meta property=\"og:image\" content=\"https:\/\/xqthenews.com\/wp-content\/uploads\/2024\/10\/Portada-scaled.jpg\" \/>\n\t<meta property=\"og:image:width\" content=\"2560\" \/>\n\t<meta property=\"og:image:height\" content=\"1250\" \/>\n\t<meta property=\"og:image:type\" content=\"image\/jpeg\" \/>\n<meta name=\"author\" content=\"In\u00eas Costa\" \/>\n<meta name=\"twitter:card\" content=\"summary_large_image\" \/>\n<meta name=\"twitter:label1\" content=\"Written by\" \/>\n\t<meta name=\"twitter:data1\" content=\"In\u00eas Costa\" \/>\n\t<meta name=\"twitter:label2\" content=\"Est. reading time\" \/>\n\t<meta name=\"twitter:data2\" content=\"5 minutes\" \/>\n<script type=\"application\/ld+json\" class=\"yoast-schema-graph\">{\"@context\":\"https:\/\/schema.org\",\"@graph\":[{\"@type\":\"Article\",\"@id\":\"https:\/\/xqthenews.com\/en\/soft-and-inclusive-mobility-for-truly-environmentally-friendly-cities\/#article\",\"isPartOf\":{\"@id\":\"https:\/\/xqthenews.com\/en\/soft-and-inclusive-mobility-for-truly-environmentally-friendly-cities\/\"},\"author\":{\"name\":\"In\u00eas Costa\",\"@id\":\"https:\/\/xqthenews.com\/es\/#\/schema\/person\/c37319b10fdbf56021bb59a9233a1c03\"},\"headline\":\"Soft and inclusive mobility for truly environmentally friendly cities\",\"datePublished\":\"2024-10-02T07:18:28+00:00\",\"dateModified\":\"2024-10-02T11:10:53+00:00\",\"mainEntityOfPage\":{\"@id\":\"https:\/\/xqthenews.com\/en\/soft-and-inclusive-mobility-for-truly-environmentally-friendly-cities\/\"},\"wordCount\":965,\"commentCount\":0,\"image\":{\"@id\":\"https:\/\/xqthenews.com\/en\/soft-and-inclusive-mobility-for-truly-environmentally-friendly-cities\/#primaryimage\"},\"thumbnailUrl\":\"https:\/\/xqthenews.com\/wp-content\/uploads\/2024\/10\/Portada-scaled.jpg\",\"keywords\":[\"Mobility\"],\"articleSection\":[\"Environment\",\"Sustainability\"],\"inLanguage\":\"en-US\",\"potentialAction\":[{\"@type\":\"CommentAction\",\"name\":\"Comment\",\"target\":[\"https:\/\/xqthenews.com\/en\/soft-and-inclusive-mobility-for-truly-environmentally-friendly-cities\/#respond\"]}]},{\"@type\":\"WebPage\",\"@id\":\"https:\/\/xqthenews.com\/en\/soft-and-inclusive-mobility-for-truly-environmentally-friendly-cities\/\",\"url\":\"https:\/\/xqthenews.com\/en\/soft-and-inclusive-mobility-for-truly-environmentally-friendly-cities\/\",\"name\":\"Soft and inclusive mobility for truly environmentally friendly cities - xqthenews\",\"isPartOf\":{\"@id\":\"https:\/\/xqthenews.com\/es\/#website\"},\"primaryImageOfPage\":{\"@id\":\"https:\/\/xqthenews.com\/en\/soft-and-inclusive-mobility-for-truly-environmentally-friendly-cities\/#primaryimage\"},\"image\":{\"@id\":\"https:\/\/xqthenews.com\/en\/soft-and-inclusive-mobility-for-truly-environmentally-friendly-cities\/#primaryimage\"},\"thumbnailUrl\":\"https:\/\/xqthenews.com\/wp-content\/uploads\/2024\/10\/Portada-scaled.jpg\",\"datePublished\":\"2024-10-02T07:18:28+00:00\",\"dateModified\":\"2024-10-02T11:10:53+00:00\",\"author\":{\"@id\":\"https:\/\/xqthenews.com\/es\/#\/schema\/person\/c37319b10fdbf56021bb59a9233a1c03\"},\"breadcrumb\":{\"@id\":\"https:\/\/xqthenews.com\/en\/soft-and-inclusive-mobility-for-truly-environmentally-friendly-cities\/#breadcrumb\"},\"inLanguage\":\"en-US\",\"potentialAction\":[{\"@type\":\"ReadAction\",\"target\":[\"https:\/\/xqthenews.com\/en\/soft-and-inclusive-mobility-for-truly-environmentally-friendly-cities\/\"]}]},{\"@type\":\"ImageObject\",\"inLanguage\":\"en-US\",\"@id\":\"https:\/\/xqthenews.com\/en\/soft-and-inclusive-mobility-for-truly-environmentally-friendly-cities\/#primaryimage\",\"url\":\"https:\/\/xqthenews.com\/wp-content\/uploads\/2024\/10\/Portada-scaled.jpg\",\"contentUrl\":\"https:\/\/xqthenews.com\/wp-content\/uploads\/2024\/10\/Portada-scaled.jpg\",\"width\":2560,\"height\":1250,\"caption\":\"Rethinking urban mobility is a growing need | FreePik\"},{\"@type\":\"BreadcrumbList\",\"@id\":\"https:\/\/xqthenews.com\/en\/soft-and-inclusive-mobility-for-truly-environmentally-friendly-cities\/#breadcrumb\",\"itemListElement\":[{\"@type\":\"ListItem\",\"position\":1,\"name\":\"Portada\",\"item\":\"https:\/\/xqthenews.com\/en\/\"},{\"@type\":\"ListItem\",\"position\":2,\"name\":\"Soft and inclusive mobility for truly environmentally friendly cities\"}]},{\"@type\":\"WebSite\",\"@id\":\"https:\/\/xqthenews.com\/es\/#website\",\"url\":\"https:\/\/xqthenews.com\/es\/\",\"name\":\"xqthenews\",\"description\":\"El porqu\u00e9 de las noticias\",\"potentialAction\":[{\"@type\":\"SearchAction\",\"target\":{\"@type\":\"EntryPoint\",\"urlTemplate\":\"https:\/\/xqthenews.com\/es\/?s={search_term_string}\"},\"query-input\":{\"@type\":\"PropertyValueSpecification\",\"valueRequired\":true,\"valueName\":\"search_term_string\"}}],\"inLanguage\":\"en-US\"},{\"@type\":\"Person\",\"@id\":\"https:\/\/xqthenews.com\/es\/#\/schema\/person\/c37319b10fdbf56021bb59a9233a1c03\",\"name\":\"In\u00eas Costa\",\"image\":{\"@type\":\"ImageObject\",\"inLanguage\":\"en-US\",\"@id\":\"https:\/\/xqthenews.com\/es\/#\/schema\/person\/image\/665f5476607967de4fb701963de2ad15\",\"url\":\"https:\/\/xqthenews.com\/wp-content\/uploads\/2024\/09\/ines-costa_avatar_1-96x96.png\",\"contentUrl\":\"https:\/\/xqthenews.com\/wp-content\/uploads\/2024\/09\/ines-costa_avatar_1-96x96.png\",\"caption\":\"In\u00eas Costa\"},\"description\":\"Nacida en Viseu,(Portugal), es licenciada en Publicidad y Relaciones P\u00fablicas por ESEV. Asesora de comunicaci\u00f3n en Ess\u00eancia - Comunica\u00e7\u00e3o Completa, forma parte del equipo del Departamento de Comunicaci\u00f3n y Educaci\u00f3n Ambiental - Ess\u00eancia do Ambiente - que utiliza las herramientas de comunicaci\u00f3n como aliado en el proceso de sensibilizaci\u00f3n y educaci\u00f3n ambiental.\",\"url\":\"https:\/\/xqthenews.com\/en\/author\/ines-costa\/\"}]}<\/script>\n<!-- \/ Yoast SEO plugin. -->","yoast_head_json":{"title":"Soft and inclusive mobility for truly environmentally friendly cities - xqthenews","robots":{"index":"index","follow":"follow","max-snippet":"max-snippet:-1","max-image-preview":"max-image-preview:large","max-video-preview":"max-video-preview:-1"},"canonical":"https:\/\/xqthenews.com\/en\/soft-and-inclusive-mobility-for-truly-environmentally-friendly-cities\/","og_locale":"en_US","og_type":"article","og_title":"Soft and inclusive mobility for truly environmentally friendly cities - xqthenews","og_description":"The growing global need for transport makes it urgent to find solutions capable of ensuring environmentally friendly, cleaner, safer and more efficient mobility for all. The concept of soft mobility, also known as environmentally responsible mobility or non-motorised mobility, is one of the fundamental pillars of green cities, which are designed to be environmentally friendly,","og_url":"https:\/\/xqthenews.com\/en\/soft-and-inclusive-mobility-for-truly-environmentally-friendly-cities\/","og_site_name":"xqthenews","article_published_time":"2024-10-02T07:18:28+00:00","article_modified_time":"2024-10-02T11:10:53+00:00","og_image":[{"width":2560,"height":1250,"url":"https:\/\/xqthenews.com\/wp-content\/uploads\/2024\/10\/Portada-scaled.jpg","type":"image\/jpeg"}],"author":"In\u00eas Costa","twitter_card":"summary_large_image","twitter_misc":{"Written by":"In\u00eas Costa","Est. reading time":"5 minutes"},"schema":{"@context":"https:\/\/schema.org","@graph":[{"@type":"Article","@id":"https:\/\/xqthenews.com\/en\/soft-and-inclusive-mobility-for-truly-environmentally-friendly-cities\/#article","isPartOf":{"@id":"https:\/\/xqthenews.com\/en\/soft-and-inclusive-mobility-for-truly-environmentally-friendly-cities\/"},"author":{"name":"In\u00eas Costa","@id":"https:\/\/xqthenews.com\/es\/#\/schema\/person\/c37319b10fdbf56021bb59a9233a1c03"},"headline":"Soft and inclusive mobility for truly environmentally friendly cities","datePublished":"2024-10-02T07:18:28+00:00","dateModified":"2024-10-02T11:10:53+00:00","mainEntityOfPage":{"@id":"https:\/\/xqthenews.com\/en\/soft-and-inclusive-mobility-for-truly-environmentally-friendly-cities\/"},"wordCount":965,"commentCount":0,"image":{"@id":"https:\/\/xqthenews.com\/en\/soft-and-inclusive-mobility-for-truly-environmentally-friendly-cities\/#primaryimage"},"thumbnailUrl":"https:\/\/xqthenews.com\/wp-content\/uploads\/2024\/10\/Portada-scaled.jpg","keywords":["Mobility"],"articleSection":["Environment","Sustainability"],"inLanguage":"en-US","potentialAction":[{"@type":"CommentAction","name":"Comment","target":["https:\/\/xqthenews.com\/en\/soft-and-inclusive-mobility-for-truly-environmentally-friendly-cities\/#respond"]}]},{"@type":"WebPage","@id":"https:\/\/xqthenews.com\/en\/soft-and-inclusive-mobility-for-truly-environmentally-friendly-cities\/","url":"https:\/\/xqthenews.com\/en\/soft-and-inclusive-mobility-for-truly-environmentally-friendly-cities\/","name":"Soft and inclusive mobility for truly environmentally friendly cities - xqthenews","isPartOf":{"@id":"https:\/\/xqthenews.com\/es\/#website"},"primaryImageOfPage":{"@id":"https:\/\/xqthenews.com\/en\/soft-and-inclusive-mobility-for-truly-environmentally-friendly-cities\/#primaryimage"},"image":{"@id":"https:\/\/xqthenews.com\/en\/soft-and-inclusive-mobility-for-truly-environmentally-friendly-cities\/#primaryimage"},"thumbnailUrl":"https:\/\/xqthenews.com\/wp-content\/uploads\/2024\/10\/Portada-scaled.jpg","datePublished":"2024-10-02T07:18:28+00:00","dateModified":"2024-10-02T11:10:53+00:00","author":{"@id":"https:\/\/xqthenews.com\/es\/#\/schema\/person\/c37319b10fdbf56021bb59a9233a1c03"},"breadcrumb":{"@id":"https:\/\/xqthenews.com\/en\/soft-and-inclusive-mobility-for-truly-environmentally-friendly-cities\/#breadcrumb"},"inLanguage":"en-US","potentialAction":[{"@type":"ReadAction","target":["https:\/\/xqthenews.com\/en\/soft-and-inclusive-mobility-for-truly-environmentally-friendly-cities\/"]}]},{"@type":"ImageObject","inLanguage":"en-US","@id":"https:\/\/xqthenews.com\/en\/soft-and-inclusive-mobility-for-truly-environmentally-friendly-cities\/#primaryimage","url":"https:\/\/xqthenews.com\/wp-content\/uploads\/2024\/10\/Portada-scaled.jpg","contentUrl":"https:\/\/xqthenews.com\/wp-content\/uploads\/2024\/10\/Portada-scaled.jpg","width":2560,"height":1250,"caption":"Rethinking urban mobility is a growing need | FreePik"},{"@type":"BreadcrumbList","@id":"https:\/\/xqthenews.com\/en\/soft-and-inclusive-mobility-for-truly-environmentally-friendly-cities\/#breadcrumb","itemListElement":[{"@type":"ListItem","position":1,"name":"Portada","item":"https:\/\/xqthenews.com\/en\/"},{"@type":"ListItem","position":2,"name":"Soft and inclusive mobility for truly environmentally friendly cities"}]},{"@type":"WebSite","@id":"https:\/\/xqthenews.com\/es\/#website","url":"https:\/\/xqthenews.com\/es\/","name":"xqthenews","description":"El porqu\u00e9 de las noticias","potentialAction":[{"@type":"SearchAction","target":{"@type":"EntryPoint","urlTemplate":"https:\/\/xqthenews.com\/es\/?s={search_term_string}"},"query-input":{"@type":"PropertyValueSpecification","valueRequired":true,"valueName":"search_term_string"}}],"inLanguage":"en-US"},{"@type":"Person","@id":"https:\/\/xqthenews.com\/es\/#\/schema\/person\/c37319b10fdbf56021bb59a9233a1c03","name":"In\u00eas Costa","image":{"@type":"ImageObject","inLanguage":"en-US","@id":"https:\/\/xqthenews.com\/es\/#\/schema\/person\/image\/665f5476607967de4fb701963de2ad15","url":"https:\/\/xqthenews.com\/wp-content\/uploads\/2024\/09\/ines-costa_avatar_1-96x96.png","contentUrl":"https:\/\/xqthenews.com\/wp-content\/uploads\/2024\/09\/ines-costa_avatar_1-96x96.png","caption":"In\u00eas Costa"},"description":"Nacida en Viseu,(Portugal), es licenciada en Publicidad y Relaciones P\u00fablicas por ESEV. Asesora de comunicaci\u00f3n en Ess\u00eancia - Comunica\u00e7\u00e3o Completa, forma parte del equipo del Departamento de Comunicaci\u00f3n y Educaci\u00f3n Ambiental - Ess\u00eancia do Ambiente - que utiliza las herramientas de comunicaci\u00f3n como aliado en el proceso de sensibilizaci\u00f3n y educaci\u00f3n ambiental.","url":"https:\/\/xqthenews.com\/en\/author\/ines-costa\/"}]}},"_links":{"self":[{"href":"https:\/\/xqthenews.com\/en\/wp-json\/wp\/v2\/posts\/24405","targetHints":{"allow":["GET"]}}],"collection":[{"href":"https:\/\/xqthenews.com\/en\/wp-json\/wp\/v2\/posts"}],"about":[{"href":"https:\/\/xqthenews.com\/en\/wp-json\/wp\/v2\/types\/post"}],"author":[{"embeddable":true,"href":"https:\/\/xqthenews.com\/en\/wp-json\/wp\/v2\/users\/61"}],"replies":[{"embeddable":true,"href":"https:\/\/xqthenews.com\/en\/wp-json\/wp\/v2\/comments?post=24405"}],"version-history":[{"count":0,"href":"https:\/\/xqthenews.com\/en\/wp-json\/wp\/v2\/posts\/24405\/revisions"}],"wp:featuredmedia":[{"embeddable":true,"href":"https:\/\/xqthenews.com\/en\/wp-json\/wp\/v2\/media\/24400"}],"wp:attachment":[{"href":"https:\/\/xqthenews.com\/en\/wp-json\/wp\/v2\/media?parent=24405"}],"wp:term":[{"taxonomy":"category","embeddable":true,"href":"https:\/\/xqthenews.com\/en\/wp-json\/wp\/v2\/categories?post=24405"},{"taxonomy":"post_tag","embeddable":true,"href":"https:\/\/xqthenews.com\/en\/wp-json\/wp\/v2\/tags?post=24405"},{"taxonomy":"author","embeddable":true,"href":"https:\/\/xqthenews.com\/en\/wp-json\/wp\/v2\/coauthors?post=24405"}],"curies":[{"name":"wp","href":"https:\/\/api.w.org\/{rel}","templated":true}]}}