{"id":18861,"date":"2024-02-28T08:15:21","date_gmt":"2024-02-28T07:15:21","guid":{"rendered":"https:\/\/sad-borg.82-223-8-23.plesk.page\/?p=18861"},"modified":"2024-09-10T23:15:37","modified_gmt":"2024-09-10T22:15:37","slug":"unwanted-loneliness-impacts-on-young-people","status":"publish","type":"post","link":"https:\/\/xqthenews.com\/en\/unwanted-loneliness-impacts-on-young-people\/","title":{"rendered":"Unwanted loneliness impacts on young people"},"content":{"rendered":"<p>Elderly person, with no &ndash; or very poor &ndash; family networks, who lives alone and may have certain problems of autonomy. This is the classic profile that comes to mind when talking about unwanted loneliness. However, a report notes another vulnerable group: young people.<\/p>\n\n\n\n<p>The<a href=\"https:\/\/ayudaenaccion.b-cdn.net\/uploads\/2024\/02\/Estudio-soledad-juvenil_V12.pdf\"> &ldquo;Study on youth and unwanted loneliness in Spain&rdquo;<\/a>, carried out by SoledadES in collaboration with <em>Ayuda en Acci&oacute;n<\/em>, points out that one in four young people is affected by unwanted loneliness. That is, 25.5% of people aged between 16 and 29. Of the total number of people in a situation of unwanted loneliness, there are differential factors that are more prevalent among people who are part of historically discriminated groups. These would be women (31.1%), people with disabilities (54.4%), the LGTBI group (39.7%), and those of foreign origin (32.8%).<\/p>\n\n\n\n<h2 class=\"wp-block-heading\"><strong>The quality and quantity of social relations is decisive.<\/strong><\/h2>\n\n\n\n<p>The basis of unwanted loneliness lies in the quality and quantity of relationships. During this stage of life, friends play a crucial role, &ldquo;friendship relationships are the ones that have the greatest impact on youth loneliness, above family, work or study&rdquo;, explains the report. It notes that having fewer relationships with friends than desired is &ldquo;a significant factor, which increases the probability of suffering unwanted loneliness more than any other, by 4.7 times&rdquo;.<\/p>\n\n\n\n<p>This whole issue is intertwined with social skills and attitudes, people who feel lonely have much less trust in others, and scepticism may in turn be rooted in traumatic events: &ldquo;the percentage of people who have been bullied at school or at work at some time in their lives is almost twice as high among young people who experience unwanted loneliness (58.1% have been bullied) as among young people who have not (32.1% have been bullied)&rdquo;.<\/p>\n\n\n\n<h2 class=\"wp-block-heading\"><strong>Causalities, a multi-sided coin<\/strong><\/h2>\n\n\n\n<p>The phenomenon is multi-causal. Unemployment and inequality are two major axes of direct relationship: &ldquo;unemployed people suffer a <a class=\"glossaryLink\" aria-describedby=\"tt\" data-cmtooltip=\"&lt;div class=glossaryItemTitle&gt;Prevalence&lt;\/div&gt;&lt;div class=glossaryItemBody&gt;&amp;lt;!-- wp:paragraph {&amp;quot;translatedWithWPMLTM&amp;quot;:&amp;quot;1&amp;quot;} --&amp;gt;Prevalence refers to the proportion of individuals presenting a specific characteristic in a population at a given time.&amp;lt;br\/&amp;gt;&amp;lt;!-- \/wp:paragraph --&amp;gt;&lt;\/div&gt;&lt;div id=&amp;quot;cmtt_related_articles&amp;quot; class=&amp;quot;cmtt_related_articles_wrapper&amp;quot;&gt;&lt;div class=&amp;quot;cmtt_related_title cmtt_related_articles_title&amp;quot;&gt;Related Articles: &lt;\/div&gt;&lt;ul class=&amp;quot;cmtt_related&amp;quot;&gt;&lt;li class=&amp;quot;cmtt_related_item&amp;quot;&gt;&lt;a href=&amp;quot;https:\/\/xqthenews.com\/en\/maria-calado-eating-disorders-are-starting-earlier-and-theyre-affecting-more-girls\/&amp;quot;target=&amp;quot;_blank&amp;quot;&gt;Mar&iacute;a Calado: &amp;#8220;Eating disorders are starting earlier and they&amp;#8217;re affecting more girls&rdquo;&lt;\/a&gt;&lt;\/li&gt;&lt;\/ul&gt;&lt;\/div&gt;\" href=\"https:\/\/xqthenews.com\/en\/glossary\/prevalence\/\" data-gt-translate-attributes='[{\"attribute\":\"data-cmtooltip\", \"format\":\"html\"}]' tabindex=\"0\" role=\"link\">prevalence<\/a> of loneliness 5 points higher than those who study or work [&hellip;] the <a class=\"glossaryLink\" aria-describedby=\"tt\" data-cmtooltip=\"&lt;div class=glossaryItemTitle&gt;Prevalence&lt;\/div&gt;&lt;div class=glossaryItemBody&gt;&amp;lt;!-- wp:paragraph {&amp;quot;translatedWithWPMLTM&amp;quot;:&amp;quot;1&amp;quot;} --&amp;gt;Prevalence refers to the proportion of individuals presenting a specific characteristic in a population at a given time.&amp;lt;br\/&amp;gt;&amp;lt;!-- \/wp:paragraph --&amp;gt;&lt;\/div&gt;&lt;div id=&amp;quot;cmtt_related_articles&amp;quot; class=&amp;quot;cmtt_related_articles_wrapper&amp;quot;&gt;&lt;div class=&amp;quot;cmtt_related_title cmtt_related_articles_title&amp;quot;&gt;Related Articles: &lt;\/div&gt;&lt;ul class=&amp;quot;cmtt_related&amp;quot;&gt;&lt;li class=&amp;quot;cmtt_related_item&amp;quot;&gt;&lt;a href=&amp;quot;https:\/\/xqthenews.com\/en\/maria-calado-eating-disorders-are-starting-earlier-and-theyre-affecting-more-girls\/&amp;quot;target=&amp;quot;_blank&amp;quot;&gt;Mar&iacute;a Calado: &amp;#8220;Eating disorders are starting earlier and they&amp;#8217;re affecting more girls&rdquo;&lt;\/a&gt;&lt;\/li&gt;&lt;\/ul&gt;&lt;\/div&gt;\" href=\"https:\/\/xqthenews.com\/en\/glossary\/prevalence\/\" data-gt-translate-attributes='[{\"attribute\":\"data-cmtooltip\", \"format\":\"html\"}]' tabindex=\"0\" role=\"link\">prevalence<\/a> among young people from households with economic difficulties is almost twice as high as among young people from households that make ends meet easily (36% compared to 19.4%)&rdquo;, the report mentions. It categorically adds that &ldquo;multivariate analysis finds the relationship between poverty and loneliness to be significant&rdquo;.<\/p>\n\n\n\n<p>A key study factor has been how digitisation affects them, as <a class=\"glossaryLink\" aria-describedby=\"tt\" data-cmtooltip=\"&lt;div class=glossaryItemTitle&gt;Generation Z&lt;\/div&gt;&lt;div class=glossaryItemBody&gt;&amp;lt;!-- wp:paragraph {&amp;quot;translatedWithWPMLTM&amp;quot;:&amp;quot;1&amp;quot;} --&amp;gt;This group of people is characterised by the Internet generation.&amp;lt;br\/&amp;gt;&amp;lt;!-- \/wp:paragraph --&amp;gt;&amp;lt;!-- wp:paragraph {&amp;quot;translatedWithWPMLTM&amp;quot;:&amp;quot;1&amp;quot;} --&amp;gt;Their mastery of technology makes them less concerned about their interpersonal relationships, although they are the most vocal about social issues on the Internet. They like to have everything they want immediately, a consequence of the digital world in which they are immersed. Their lifestyle is also influenced by &amp;lt;em&amp;gt;YouTubers&amp;lt;\/em&amp;gt;.&amp;lt;br\/&amp;gt;&amp;lt;!-- \/wp:paragraph --&amp;gt;&amp;lt;!-- wp:paragraph {&amp;quot;translatedWithWPMLTM&amp;quot;:&amp;quot;1&amp;quot;} --&amp;gt;They are multi-taskers, but their attention span is very short. They are also independent and demanding consumers and will fill jobs that do not currently exist.&amp;lt;br\/&amp;gt;&amp;lt;!-- \/wp:paragraph --&amp;gt;&amp;lt;!-- wp:paragraph --&amp;gt;(Fuente: Iberdrola)&amp;lt;br\/&amp;gt;&amp;lt;!-- \/wp:paragraph --&amp;gt;&lt;\/div&gt;\" href=\"https:\/\/xqthenews.com\/en\/glossary\/generation-z\/\" data-gt-translate-attributes='[{\"attribute\":\"data-cmtooltip\", \"format\":\"html\"}]' tabindex=\"0\" role=\"link\">Generation Z<\/a> is the &ldquo;digital natives&rdquo;.<\/p>\n\n\n\n<blockquote class=\"wp-block-quote is-layout-flow wp-block-quote-is-layout-flow\">\n<p class=\"has-large-font-size\"><mark style=\"background-color:rgba(0, 0, 0, 0)\" class=\"has-inline-color has-light-green-cyan-color\"> It has been found that face-to-face is still winning over screens: &ldquo;people who have relationships with friends mainly online are 2 times more likely to suffer from unwanted loneliness.<\/mark><\/p>\n<\/blockquote>\n\n\n\n<p> However, having relationships mainly online or at a distance with family members or with the work or study environment does not have a significant effect on loneliness&rdquo;. The issue, then, lies in the quality of the <em>face-to-face<\/em>, as the digital world in certain situations can be an ally.<\/p>\n\n\n\n<p>Another issue that concerns <em>gene z <\/em>is mental health. In this case, it also has a two-way influence, and poor mental health and a higher risk of vulnerability are directly related: &ldquo;People who suffer from loneliness suffer in the vast majority of cases from some form of anxiety or depression, 77.8% of cases, compared to 34.8% among those who do not suffer from loneliness. Moreover, young people who feel lonely have a lower level of self-esteem than those who do not feel lonely&rdquo;. Considering health in a more generic way, another relevant fact shown in the study is that people who &ldquo;perceive their state of health in a negative or regular way are 42.2% more likely to suffer from unwanted loneliness&rdquo;.<\/p>\n\n\n\n<h2 class=\"wp-block-heading\"><strong>Preventing, detecting, intervening: the three tools to fight the phenomenon<\/strong><\/h2>\n\n\n\n<p>To alleviate unwanted loneliness, SoledadES stresses the need for prevention, detection, and intervention. The educational <a class=\"glossaryLink\" aria-describedby=\"tt\" data-cmtooltip=\"&lt;div class=glossaryItemTitle&gt;Ecosystem&lt;\/div&gt;&lt;div class=glossaryItemBody&gt;&amp;lt;!-- wp:paragraph {&amp;quot;translatedWithWPMLTM&amp;quot;:&amp;quot;1&amp;quot;} --&amp;gt;An ecosystem consists of a community of organisms together with their physical environment.&amp;lt;br\/&amp;gt;&amp;lt;!-- \/wp:paragraph --&amp;gt;&lt;\/div&gt;&lt;div id=&amp;quot;cmtt_related_articles&amp;quot; class=&amp;quot;cmtt_related_articles_wrapper&amp;quot;&gt;&lt;div class=&amp;quot;cmtt_related_title cmtt_related_articles_title&amp;quot;&gt;Related Articles: &lt;\/div&gt;&lt;ul class=&amp;quot;cmtt_related&amp;quot;&gt;&lt;li class=&amp;quot;cmtt_related_item&amp;quot;&gt;&lt;a href=&amp;quot;https:\/\/xqthenews.com\/en\/the-impact-of-climate-change-in-southern-italy\/&amp;quot;target=&amp;quot;_blank&amp;quot;&gt;The impact of climate change in southern Italy&lt;\/a&gt;&lt;\/li&gt;&lt;li class=&amp;quot;cmtt_related_item&amp;quot;&gt;&lt;a href=&amp;quot;https:\/\/xqthenews.com\/en\/restoring-nature-success-stories-from-europe\/&amp;quot;target=&amp;quot;_blank&amp;quot;&gt;Restoring nature &amp;#8211; Success stories from Europe&lt;\/a&gt;&lt;\/li&gt;&lt;li class=&amp;quot;cmtt_related_item&amp;quot;&gt;&lt;a href=&amp;quot;https:\/\/xqthenews.com\/en\/forests-the-key-piece-in-the-environmental-chess-game\/&amp;quot;target=&amp;quot;_blank&amp;quot;&gt;Forests &ndash; The Key Piece in the Environmental Chess Game&lt;\/a&gt;&lt;\/li&gt;&lt;li class=&amp;quot;cmtt_related_item&amp;quot;&gt;&lt;a href=&amp;quot;https:\/\/xqthenews.com\/en\/recovering-good-agricultural-practices-to-defeat-the-xylella-bacterium\/&amp;quot;target=&amp;quot;_blank&amp;quot;&gt;Recovering Good Agricultural Practices to Defeat the Xylella Bacterium&lt;\/a&gt;&lt;\/li&gt;&lt;li class=&amp;quot;cmtt_related_item&amp;quot;&gt;&lt;a href=&amp;quot;https:\/\/xqthenews.com\/en\/an-app-to-identify-the-most-suitable-crops-on-a-farm-by-farm-basis\/&amp;quot;target=&amp;quot;_blank&amp;quot;&gt;An app to identify the most suitable crops on a farm-by-farm basis&lt;\/a&gt;&lt;\/li&gt;&lt;\/ul&gt;&lt;\/div&gt;\" href=\"https:\/\/xqthenews.com\/en\/glossary\/ecosystem\/\" data-gt-translate-attributes='[{\"attribute\":\"data-cmtooltip\", \"format\":\"html\"}]' tabindex=\"0\" role=\"link\">ecosystem<\/a> is key to carrying out this task, for example, they are committed to promoting emotional education and inclusivity in all educational levels. In this line of work, another approach of the report is to &ldquo;strengthen educational staff to improve ratios, the quality of education and thus educational <a class=\"glossaryLink\" aria-describedby=\"tt\" data-cmtooltip=\"&lt;div class=glossaryItemTitle&gt;Equity&lt;\/div&gt;&lt;div class=glossaryItemBody&gt;&amp;lt;!-- wp:paragraph {&amp;quot;translatedWithWPMLTM&amp;quot;:&amp;quot;1&amp;quot;} --&amp;gt;Equity: The quality of being fair and impartial, promoting the equitable distribution of resources and opportunities, and respecting the differences and needs of each individual or group.&amp;lt;br\/&amp;gt;&amp;lt;!-- \/wp:paragraph --&amp;gt;&lt;\/div&gt;\" href=\"https:\/\/xqthenews.com\/en\/glossary\/equity\/\" data-gt-translate-attributes='[{\"attribute\":\"data-cmtooltip\", \"format\":\"html\"}]' tabindex=\"0\" role=\"link\">equity<\/a> and levels of success, or to strengthen and adapt active employment policies for young people&rdquo;. Developing specific youth care services aimed at reducing loneliness, strengthening protection and early warning systems linked to mental health, promoting the participation of young people in the design and implementation of public policies on the subject and favouring spaces for social interaction are some of the other initiatives aimed at reducing the impact of the problem.<\/p>\n","protected":false},"excerpt":{"rendered":"<p>A quarter of Spaniards aged between 16 and 29 are affected by the problem, according to a study.<\/p>\n","protected":false},"author":26,"featured_media":18856,"comment_status":"open","ping_status":"open","sticky":false,"template":"","format":"standard","meta":{"_acf_changed":false,"footnotes":""},"categories":[472,478],"tags":[93],"coauthors":[143],"class_list":{"0":"post-18861","1":"post","2":"type-post","3":"status-publish","4":"format-standard","5":"has-post-thumbnail","7":"category-health","8":"category-mental-health","9":"tag-health"},"acf":[],"yoast_head":"<!-- This site is optimized with the Yoast SEO plugin v27.4 - https:\/\/yoast.com\/product\/yoast-seo-wordpress\/ -->\n<title>Unwanted loneliness impacts on young people - xqthenews<\/title>\n<meta name=\"robots\" content=\"index, follow, max-snippet:-1, max-image-preview:large, max-video-preview:-1\" \/>\n<link rel=\"canonical\" href=\"https:\/\/xqthenews.com\/en\/unwanted-loneliness-impacts-on-young-people\/\" \/>\n<meta property=\"og:locale\" content=\"en_US\" \/>\n<meta property=\"og:type\" content=\"article\" \/>\n<meta property=\"og:title\" content=\"Unwanted loneliness impacts on young people - xqthenews\" \/>\n<meta property=\"og:description\" content=\"A quarter of Spaniards aged between 16 and 29 are affected by the problem, according to a study.\" \/>\n<meta property=\"og:url\" content=\"https:\/\/xqthenews.com\/en\/unwanted-loneliness-impacts-on-young-people\/\" \/>\n<meta property=\"og:site_name\" content=\"xqthenews\" \/>\n<meta property=\"article:published_time\" content=\"2024-02-28T07:15:21+00:00\" \/>\n<meta property=\"article:modified_time\" content=\"2024-09-10T22:15:37+00:00\" \/>\n<meta property=\"og:image\" content=\"https:\/\/xqthenews.com\/wp-content\/uploads\/2024\/02\/PORTADA-SOLEDAD-scaled.jpg\" \/>\n\t<meta property=\"og:image:width\" content=\"2560\" \/>\n\t<meta property=\"og:image:height\" content=\"1710\" \/>\n\t<meta property=\"og:image:type\" content=\"image\/jpeg\" \/>\n<meta name=\"author\" content=\"Laura Casamitjana\" \/>\n<meta name=\"twitter:card\" content=\"summary_large_image\" \/>\n<meta name=\"twitter:creator\" content=\"@Casamitjana\" \/>\n<meta name=\"twitter:label1\" content=\"Written by\" \/>\n\t<meta name=\"twitter:data1\" content=\"Laura Casamitjana\" \/>\n\t<meta name=\"twitter:label2\" content=\"Est. reading time\" \/>\n\t<meta name=\"twitter:data2\" content=\"4 minutes\" \/>\n<script type=\"application\/ld+json\" class=\"yoast-schema-graph\">{\"@context\":\"https:\\\/\\\/schema.org\",\"@graph\":[{\"@type\":\"Article\",\"@id\":\"https:\\\/\\\/xqthenews.com\\\/en\\\/unwanted-loneliness-impacts-on-young-people\\\/#article\",\"isPartOf\":{\"@id\":\"https:\\\/\\\/xqthenews.com\\\/en\\\/unwanted-loneliness-impacts-on-young-people\\\/\"},\"author\":{\"name\":\"Laura Casamitjana\",\"@id\":\"https:\\\/\\\/xqthenews.com\\\/es\\\/#\\\/schema\\\/person\\\/7c019326fd251f5591a24de1868c7feb\"},\"headline\":\"Unwanted loneliness impacts on young people\",\"datePublished\":\"2024-02-28T07:15:21+00:00\",\"dateModified\":\"2024-09-10T22:15:37+00:00\",\"mainEntityOfPage\":{\"@id\":\"https:\\\/\\\/xqthenews.com\\\/en\\\/unwanted-loneliness-impacts-on-young-people\\\/\"},\"wordCount\":725,\"commentCount\":0,\"image\":{\"@id\":\"https:\\\/\\\/xqthenews.com\\\/en\\\/unwanted-loneliness-impacts-on-young-people\\\/#primaryimage\"},\"thumbnailUrl\":\"https:\\\/\\\/xqthenews.com\\\/wp-content\\\/uploads\\\/2024\\\/02\\\/PORTADA-SOLEDAD-scaled.jpg\",\"keywords\":[\"Health\"],\"articleSection\":[\"Health\",\"Mental health\"],\"inLanguage\":\"en-US\",\"potentialAction\":[{\"@type\":\"CommentAction\",\"name\":\"Comment\",\"target\":[\"https:\\\/\\\/xqthenews.com\\\/en\\\/unwanted-loneliness-impacts-on-young-people\\\/#respond\"]}]},{\"@type\":\"WebPage\",\"@id\":\"https:\\\/\\\/xqthenews.com\\\/en\\\/unwanted-loneliness-impacts-on-young-people\\\/\",\"url\":\"https:\\\/\\\/xqthenews.com\\\/en\\\/unwanted-loneliness-impacts-on-young-people\\\/\",\"name\":\"Unwanted loneliness impacts on young people - xqthenews\",\"isPartOf\":{\"@id\":\"https:\\\/\\\/xqthenews.com\\\/es\\\/#website\"},\"primaryImageOfPage\":{\"@id\":\"https:\\\/\\\/xqthenews.com\\\/en\\\/unwanted-loneliness-impacts-on-young-people\\\/#primaryimage\"},\"image\":{\"@id\":\"https:\\\/\\\/xqthenews.com\\\/en\\\/unwanted-loneliness-impacts-on-young-people\\\/#primaryimage\"},\"thumbnailUrl\":\"https:\\\/\\\/xqthenews.com\\\/wp-content\\\/uploads\\\/2024\\\/02\\\/PORTADA-SOLEDAD-scaled.jpg\",\"datePublished\":\"2024-02-28T07:15:21+00:00\",\"dateModified\":\"2024-09-10T22:15:37+00:00\",\"author\":{\"@id\":\"https:\\\/\\\/xqthenews.com\\\/es\\\/#\\\/schema\\\/person\\\/7c019326fd251f5591a24de1868c7feb\"},\"breadcrumb\":{\"@id\":\"https:\\\/\\\/xqthenews.com\\\/en\\\/unwanted-loneliness-impacts-on-young-people\\\/#breadcrumb\"},\"inLanguage\":\"en-US\",\"potentialAction\":[{\"@type\":\"ReadAction\",\"target\":[\"https:\\\/\\\/xqthenews.com\\\/en\\\/unwanted-loneliness-impacts-on-young-people\\\/\"]}]},{\"@type\":\"ImageObject\",\"inLanguage\":\"en-US\",\"@id\":\"https:\\\/\\\/xqthenews.com\\\/en\\\/unwanted-loneliness-impacts-on-young-people\\\/#primaryimage\",\"url\":\"https:\\\/\\\/xqthenews.com\\\/wp-content\\\/uploads\\\/2024\\\/02\\\/PORTADA-SOLEDAD-scaled.jpg\",\"contentUrl\":\"https:\\\/\\\/xqthenews.com\\\/wp-content\\\/uploads\\\/2024\\\/02\\\/PORTADA-SOLEDAD-scaled.jpg\",\"width\":2560,\"height\":1710},{\"@type\":\"BreadcrumbList\",\"@id\":\"https:\\\/\\\/xqthenews.com\\\/en\\\/unwanted-loneliness-impacts-on-young-people\\\/#breadcrumb\",\"itemListElement\":[{\"@type\":\"ListItem\",\"position\":1,\"name\":\"Portada\",\"item\":\"https:\\\/\\\/xqthenews.com\\\/en\\\/\"},{\"@type\":\"ListItem\",\"position\":2,\"name\":\"Unwanted loneliness impacts on young people\"}]},{\"@type\":\"WebSite\",\"@id\":\"https:\\\/\\\/xqthenews.com\\\/es\\\/#website\",\"url\":\"https:\\\/\\\/xqthenews.com\\\/es\\\/\",\"name\":\"xqthenews\",\"description\":\"El porqu\u00e9 de las noticias\",\"potentialAction\":[{\"@type\":\"SearchAction\",\"target\":{\"@type\":\"EntryPoint\",\"urlTemplate\":\"https:\\\/\\\/xqthenews.com\\\/es\\\/?s={search_term_string}\"},\"query-input\":{\"@type\":\"PropertyValueSpecification\",\"valueRequired\":true,\"valueName\":\"search_term_string\"}}],\"inLanguage\":\"en-US\"},{\"@type\":\"Person\",\"@id\":\"https:\\\/\\\/xqthenews.com\\\/es\\\/#\\\/schema\\\/person\\\/7c019326fd251f5591a24de1868c7feb\",\"name\":\"Laura Casamitjana\",\"image\":{\"@type\":\"ImageObject\",\"inLanguage\":\"en-US\",\"@id\":\"https:\\\/\\\/xqthenews.com\\\/wp-content\\\/uploads\\\/2024\\\/09\\\/laura-casamitjana_avatar_1-96x96.jpg2771612100b03aa6d85fa2461866085b\",\"url\":\"https:\\\/\\\/xqthenews.com\\\/wp-content\\\/uploads\\\/2024\\\/09\\\/laura-casamitjana_avatar_1-96x96.jpg\",\"contentUrl\":\"https:\\\/\\\/xqthenews.com\\\/wp-content\\\/uploads\\\/2024\\\/09\\\/laura-casamitjana_avatar_1-96x96.jpg\",\"caption\":\"Laura Casamitjana\"},\"description\":\"Periodista. M\u00e1ster en Periodismo Literario, Comunicaci\u00f3n y Humanidades de la Universidad Aut\u00f3noma de Barcelona. Codirectora y coguionista del documental \u201cBerracas. Mujeres supervivientes que construyen la paz en Colombia\u201d. Actualmente redactora del medio Catalunya Plural, de la Fundaci\u00f3 Periodisme Plural, y XQ The News, de colaboraci\u00f3n europea.\",\"sameAs\":[\"https:\\\/\\\/x.com\\\/Casamitjana\"],\"url\":\"https:\\\/\\\/xqthenews.com\\\/en\\\/author\\\/lcasamitjana\\\/\"}]}<\/script>\n<!-- \/ Yoast SEO plugin. -->","yoast_head_json":{"title":"Unwanted loneliness impacts on young people - xqthenews","robots":{"index":"index","follow":"follow","max-snippet":"max-snippet:-1","max-image-preview":"max-image-preview:large","max-video-preview":"max-video-preview:-1"},"canonical":"https:\/\/xqthenews.com\/en\/unwanted-loneliness-impacts-on-young-people\/","og_locale":"en_US","og_type":"article","og_title":"Unwanted loneliness impacts on young people - xqthenews","og_description":"A quarter of Spaniards aged between 16 and 29 are affected by the problem, according to a study.","og_url":"https:\/\/xqthenews.com\/en\/unwanted-loneliness-impacts-on-young-people\/","og_site_name":"xqthenews","article_published_time":"2024-02-28T07:15:21+00:00","article_modified_time":"2024-09-10T22:15:37+00:00","og_image":[{"width":2560,"height":1710,"url":"https:\/\/xqthenews.com\/wp-content\/uploads\/2024\/02\/PORTADA-SOLEDAD-scaled.jpg","type":"image\/jpeg"}],"author":"Laura Casamitjana","twitter_card":"summary_large_image","twitter_creator":"@Casamitjana","twitter_misc":{"Written by":"Laura Casamitjana","Est. reading time":"4 minutes"},"schema":{"@context":"https:\/\/schema.org","@graph":[{"@type":"Article","@id":"https:\/\/xqthenews.com\/en\/unwanted-loneliness-impacts-on-young-people\/#article","isPartOf":{"@id":"https:\/\/xqthenews.com\/en\/unwanted-loneliness-impacts-on-young-people\/"},"author":{"name":"Laura Casamitjana","@id":"https:\/\/xqthenews.com\/es\/#\/schema\/person\/7c019326fd251f5591a24de1868c7feb"},"headline":"Unwanted loneliness impacts on young people","datePublished":"2024-02-28T07:15:21+00:00","dateModified":"2024-09-10T22:15:37+00:00","mainEntityOfPage":{"@id":"https:\/\/xqthenews.com\/en\/unwanted-loneliness-impacts-on-young-people\/"},"wordCount":725,"commentCount":0,"image":{"@id":"https:\/\/xqthenews.com\/en\/unwanted-loneliness-impacts-on-young-people\/#primaryimage"},"thumbnailUrl":"https:\/\/xqthenews.com\/wp-content\/uploads\/2024\/02\/PORTADA-SOLEDAD-scaled.jpg","keywords":["Health"],"articleSection":["Health","Mental health"],"inLanguage":"en-US","potentialAction":[{"@type":"CommentAction","name":"Comment","target":["https:\/\/xqthenews.com\/en\/unwanted-loneliness-impacts-on-young-people\/#respond"]}]},{"@type":"WebPage","@id":"https:\/\/xqthenews.com\/en\/unwanted-loneliness-impacts-on-young-people\/","url":"https:\/\/xqthenews.com\/en\/unwanted-loneliness-impacts-on-young-people\/","name":"Unwanted loneliness impacts on young people - xqthenews","isPartOf":{"@id":"https:\/\/xqthenews.com\/es\/#website"},"primaryImageOfPage":{"@id":"https:\/\/xqthenews.com\/en\/unwanted-loneliness-impacts-on-young-people\/#primaryimage"},"image":{"@id":"https:\/\/xqthenews.com\/en\/unwanted-loneliness-impacts-on-young-people\/#primaryimage"},"thumbnailUrl":"https:\/\/xqthenews.com\/wp-content\/uploads\/2024\/02\/PORTADA-SOLEDAD-scaled.jpg","datePublished":"2024-02-28T07:15:21+00:00","dateModified":"2024-09-10T22:15:37+00:00","author":{"@id":"https:\/\/xqthenews.com\/es\/#\/schema\/person\/7c019326fd251f5591a24de1868c7feb"},"breadcrumb":{"@id":"https:\/\/xqthenews.com\/en\/unwanted-loneliness-impacts-on-young-people\/#breadcrumb"},"inLanguage":"en-US","potentialAction":[{"@type":"ReadAction","target":["https:\/\/xqthenews.com\/en\/unwanted-loneliness-impacts-on-young-people\/"]}]},{"@type":"ImageObject","inLanguage":"en-US","@id":"https:\/\/xqthenews.com\/en\/unwanted-loneliness-impacts-on-young-people\/#primaryimage","url":"https:\/\/xqthenews.com\/wp-content\/uploads\/2024\/02\/PORTADA-SOLEDAD-scaled.jpg","contentUrl":"https:\/\/xqthenews.com\/wp-content\/uploads\/2024\/02\/PORTADA-SOLEDAD-scaled.jpg","width":2560,"height":1710},{"@type":"BreadcrumbList","@id":"https:\/\/xqthenews.com\/en\/unwanted-loneliness-impacts-on-young-people\/#breadcrumb","itemListElement":[{"@type":"ListItem","position":1,"name":"Portada","item":"https:\/\/xqthenews.com\/en\/"},{"@type":"ListItem","position":2,"name":"Unwanted loneliness impacts on young people"}]},{"@type":"WebSite","@id":"https:\/\/xqthenews.com\/es\/#website","url":"https:\/\/xqthenews.com\/es\/","name":"xqthenews","description":"El porqu\u00e9 de las noticias","potentialAction":[{"@type":"SearchAction","target":{"@type":"EntryPoint","urlTemplate":"https:\/\/xqthenews.com\/es\/?s={search_term_string}"},"query-input":{"@type":"PropertyValueSpecification","valueRequired":true,"valueName":"search_term_string"}}],"inLanguage":"en-US"},{"@type":"Person","@id":"https:\/\/xqthenews.com\/es\/#\/schema\/person\/7c019326fd251f5591a24de1868c7feb","name":"Laura Casamitjana","image":{"@type":"ImageObject","inLanguage":"en-US","@id":"https:\/\/xqthenews.com\/wp-content\/uploads\/2024\/09\/laura-casamitjana_avatar_1-96x96.jpg2771612100b03aa6d85fa2461866085b","url":"https:\/\/xqthenews.com\/wp-content\/uploads\/2024\/09\/laura-casamitjana_avatar_1-96x96.jpg","contentUrl":"https:\/\/xqthenews.com\/wp-content\/uploads\/2024\/09\/laura-casamitjana_avatar_1-96x96.jpg","caption":"Laura Casamitjana"},"description":"Periodista. M\u00e1ster en Periodismo Literario, Comunicaci\u00f3n y Humanidades de la Universidad Aut\u00f3noma de Barcelona. Codirectora y coguionista del documental \u201cBerracas. Mujeres supervivientes que construyen la paz en Colombia\u201d. Actualmente redactora del medio Catalunya Plural, de la Fundaci\u00f3 Periodisme Plural, y XQ The News, de colaboraci\u00f3n europea.","sameAs":["https:\/\/x.com\/Casamitjana"],"url":"https:\/\/xqthenews.com\/en\/author\/lcasamitjana\/"}]}},"_links":{"self":[{"href":"https:\/\/xqthenews.com\/en\/wp-json\/wp\/v2\/posts\/18861","targetHints":{"allow":["GET"]}}],"collection":[{"href":"https:\/\/xqthenews.com\/en\/wp-json\/wp\/v2\/posts"}],"about":[{"href":"https:\/\/xqthenews.com\/en\/wp-json\/wp\/v2\/types\/post"}],"author":[{"embeddable":true,"href":"https:\/\/xqthenews.com\/en\/wp-json\/wp\/v2\/users\/26"}],"replies":[{"embeddable":true,"href":"https:\/\/xqthenews.com\/en\/wp-json\/wp\/v2\/comments?post=18861"}],"version-history":[{"count":0,"href":"https:\/\/xqthenews.com\/en\/wp-json\/wp\/v2\/posts\/18861\/revisions"}],"wp:featuredmedia":[{"embeddable":true,"href":"https:\/\/xqthenews.com\/en\/wp-json\/wp\/v2\/media\/18856"}],"wp:attachment":[{"href":"https:\/\/xqthenews.com\/en\/wp-json\/wp\/v2\/media?parent=18861"}],"wp:term":[{"taxonomy":"category","embeddable":true,"href":"https:\/\/xqthenews.com\/en\/wp-json\/wp\/v2\/categories?post=18861"},{"taxonomy":"post_tag","embeddable":true,"href":"https:\/\/xqthenews.com\/en\/wp-json\/wp\/v2\/tags?post=18861"},{"taxonomy":"author","embeddable":true,"href":"https:\/\/xqthenews.com\/en\/wp-json\/wp\/v2\/coauthors?post=18861"}],"curies":[{"name":"wp","href":"https:\/\/api.w.org\/{rel}","templated":true}]}}